{"id":9620,"date":"2026-04-28T22:05:54","date_gmt":"2026-04-28T20:05:54","guid":{"rendered":"https:\/\/alaincardenas.com\/blog\/?p=9620"},"modified":"2026-04-28T22:13:50","modified_gmt":"2026-04-28T20:13:50","slug":"sur-le-neomanierisme-tendance-majeure-et-assumee-du-69e-salon-de-montrouge","status":"publish","type":"post","link":"https:\/\/alaincardenas.com\/blog\/sur-le-neomanierisme-tendance-majeure-et-assumee-du-69e-salon-de-montrouge\/","title":{"rendered":"Sur le n\u00e9omani\u00e9risme, tendance majeure et assum\u00e9e du 69e Salon de Montrouge."},"content":{"rendered":"\n<p><strong>compte-rendu<\/strong><\/p>\n\n\n\n<p>par Alain Cardenas-Castro et Christophe Comentale<\/p>\n\n\n\n<p>Nous avons relay\u00e9 une pr\u00e9c\u00e9dente \u00e9dition du Salon de Montrouge, la 64<sup>e<\/sup>, \u00e7a nous avait plus. Celle de cette ann\u00e9e aussi. Parmi les organisateurs, la pr\u00e9sence de Colette Aubry, 9\u00e8me&nbsp;Maire-adjointe \u00e0 la Culture et au Patrimoine et d\u2019Isabelle Lem\u00e9e, Conseill\u00e8re municipale d\u00e9l\u00e9gu\u00e9e aux Artistes montrougiens.<\/p>\n\n\n<div class=\"wp-block-image\">\n<figure class=\"aligncenter size-full is-resized\"><a href=\"https:\/\/i0.wp.com\/alaincardenas.com\/blog\/wp-content\/uploads\/2026\/04\/SM-vue-generale.jpg?ssl=1\"><img data-attachment-id=\"9626\" data-permalink=\"https:\/\/alaincardenas.com\/blog\/sur-le-neomanierisme-tendance-majeure-et-assumee-du-69e-salon-de-montrouge\/sm-vue-generale\/\" data-orig-file=\"https:\/\/i0.wp.com\/alaincardenas.com\/blog\/wp-content\/uploads\/2026\/04\/SM-vue-generale.jpg?fit=800%2C600&amp;ssl=1\" data-orig-size=\"800,600\" data-comments-opened=\"0\" data-image-meta=\"{&quot;aperture&quot;:&quot;0&quot;,&quot;credit&quot;:&quot;&quot;,&quot;camera&quot;:&quot;&quot;,&quot;caption&quot;:&quot;&quot;,&quot;created_timestamp&quot;:&quot;0&quot;,&quot;copyright&quot;:&quot;&quot;,&quot;focal_length&quot;:&quot;0&quot;,&quot;iso&quot;:&quot;0&quot;,&quot;shutter_speed&quot;:&quot;0&quot;,&quot;title&quot;:&quot;&quot;,&quot;orientation&quot;:&quot;1&quot;}\" data-image-title=\"SM, vue ge\u0301ne\u0301rale\" data-image-description=\"\" data-image-caption=\"\" data-medium-file=\"https:\/\/i0.wp.com\/alaincardenas.com\/blog\/wp-content\/uploads\/2026\/04\/SM-vue-generale.jpg?fit=300%2C225&amp;ssl=1\" data-large-file=\"https:\/\/i0.wp.com\/alaincardenas.com\/blog\/wp-content\/uploads\/2026\/04\/SM-vue-generale.jpg?fit=584%2C438&amp;ssl=1\" decoding=\"async\" loading=\"lazy\" src=\"https:\/\/i0.wp.com\/alaincardenas.com\/blog\/wp-content\/uploads\/2026\/04\/SM-vue-generale.jpg?resize=400%2C300&#038;ssl=1\" alt=\"\" class=\"wp-image-9626\" width=\"400\" height=\"300\" srcset=\"https:\/\/i0.wp.com\/alaincardenas.com\/blog\/wp-content\/uploads\/2026\/04\/SM-vue-generale.jpg?w=800&amp;ssl=1 800w, https:\/\/i0.wp.com\/alaincardenas.com\/blog\/wp-content\/uploads\/2026\/04\/SM-vue-generale.jpg?resize=300%2C225&amp;ssl=1 300w, https:\/\/i0.wp.com\/alaincardenas.com\/blog\/wp-content\/uploads\/2026\/04\/SM-vue-generale.jpg?resize=768%2C576&amp;ssl=1 768w, https:\/\/i0.wp.com\/alaincardenas.com\/blog\/wp-content\/uploads\/2026\/04\/SM-vue-generale.jpg?resize=400%2C300&amp;ssl=1 400w\" sizes=\"(max-width: 400px) 100vw, 400px\" data-recalc-dims=\"1\" \/><\/a><\/figure><\/div>\n\n\n<p>Comme pr\u00e9vient le contenu informatif des documents papier ou de la version en ligne, \u00ab&nbsp;l\u2019int\u00e9r\u00eat de ce 69<sup>e<\/sup> Salon, c\u2019est une originalit\u00e9 encore plus pouss\u00e9e que dans les pr\u00e9c\u00e9dents&nbsp;\u00bb.&nbsp; C\u2019\u00e9tait d\u00e9j\u00e0 pas mal original, les pr\u00e9c\u00e9dents, et m\u00eame, \u00e7a remontait dans les \u00e9tages&nbsp;!<\/p>\n\n\n\n<!--more-->\n\n\n\n<p>Les courants, multiples, vont du figuratif au tr\u00e8s abstrait, carr\u00e9ment de l\u2019observation via des microscopes permettant d\u2019aller au-del\u00e0 du r\u00e9el. Cela dit, quel r\u00e9el\u00a0? un r\u00e9el pas mal revu \u00e0 l\u2019aune de mat\u00e9riaux, souvent de rebut, ou bien des objets r\u00e9ifi\u00e9s autrement. Une esth\u00e9tique de la r\u00e9appropriation.<\/p>\n\n\n\n<figure class=\"wp-block-gallery has-nested-images columns-default is-cropped wp-block-gallery-1 is-layout-flex\">\n<figure class=\"wp-block-image size-large\"><a href=\"https:\/\/i0.wp.com\/alaincardenas.com\/blog\/wp-content\/uploads\/2026\/04\/SM-Supercortemaggiore.jpg?ssl=1\"><img data-attachment-id=\"9625\" data-permalink=\"https:\/\/alaincardenas.com\/blog\/sur-le-neomanierisme-tendance-majeure-et-assumee-du-69e-salon-de-montrouge\/sm-supercortemaggiore\/\" data-orig-file=\"https:\/\/i0.wp.com\/alaincardenas.com\/blog\/wp-content\/uploads\/2026\/04\/SM-Supercortemaggiore.jpg?fit=768%2C1024&amp;ssl=1\" data-orig-size=\"768,1024\" data-comments-opened=\"0\" data-image-meta=\"{&quot;aperture&quot;:&quot;0&quot;,&quot;credit&quot;:&quot;&quot;,&quot;camera&quot;:&quot;&quot;,&quot;caption&quot;:&quot;&quot;,&quot;created_timestamp&quot;:&quot;0&quot;,&quot;copyright&quot;:&quot;&quot;,&quot;focal_length&quot;:&quot;0&quot;,&quot;iso&quot;:&quot;0&quot;,&quot;shutter_speed&quot;:&quot;0&quot;,&quot;title&quot;:&quot;&quot;,&quot;orientation&quot;:&quot;1&quot;}\" data-image-title=\"SM, Supercortemaggiore\" data-image-description=\"\" data-image-caption=\"\" data-medium-file=\"https:\/\/i0.wp.com\/alaincardenas.com\/blog\/wp-content\/uploads\/2026\/04\/SM-Supercortemaggiore.jpg?fit=225%2C300&amp;ssl=1\" data-large-file=\"https:\/\/i0.wp.com\/alaincardenas.com\/blog\/wp-content\/uploads\/2026\/04\/SM-Supercortemaggiore.jpg?fit=584%2C779&amp;ssl=1\" decoding=\"async\" loading=\"lazy\" width=\"584\" height=\"779\" data-id=\"9625\"  src=\"https:\/\/i0.wp.com\/alaincardenas.com\/blog\/wp-content\/uploads\/2026\/04\/SM-Supercortemaggiore.jpg?resize=584%2C779&#038;ssl=1\" alt=\"\" class=\"wp-image-9625\" srcset=\"https:\/\/i0.wp.com\/alaincardenas.com\/blog\/wp-content\/uploads\/2026\/04\/SM-Supercortemaggiore.jpg?w=768&amp;ssl=1 768w, https:\/\/i0.wp.com\/alaincardenas.com\/blog\/wp-content\/uploads\/2026\/04\/SM-Supercortemaggiore.jpg?resize=225%2C300&amp;ssl=1 225w\" sizes=\"(max-width: 584px) 100vw, 584px\" data-recalc-dims=\"1\" \/><\/a><\/figure>\n\n\n\n<figure class=\"wp-block-image size-large\"><a href=\"https:\/\/i0.wp.com\/alaincardenas.com\/blog\/wp-content\/uploads\/2026\/04\/SM-Apres-lattaque.jpg?ssl=1\"><img data-attachment-id=\"9628\" data-permalink=\"https:\/\/alaincardenas.com\/blog\/sur-le-neomanierisme-tendance-majeure-et-assumee-du-69e-salon-de-montrouge\/sm-apres-lattaque\/\" data-orig-file=\"https:\/\/i0.wp.com\/alaincardenas.com\/blog\/wp-content\/uploads\/2026\/04\/SM-Apres-lattaque.jpg?fit=1024%2C768&amp;ssl=1\" data-orig-size=\"1024,768\" data-comments-opened=\"0\" data-image-meta=\"{&quot;aperture&quot;:&quot;0&quot;,&quot;credit&quot;:&quot;&quot;,&quot;camera&quot;:&quot;&quot;,&quot;caption&quot;:&quot;&quot;,&quot;created_timestamp&quot;:&quot;0&quot;,&quot;copyright&quot;:&quot;&quot;,&quot;focal_length&quot;:&quot;0&quot;,&quot;iso&quot;:&quot;0&quot;,&quot;shutter_speed&quot;:&quot;0&quot;,&quot;title&quot;:&quot;&quot;,&quot;orientation&quot;:&quot;1&quot;}\" data-image-title=\"SM, Apre\u0300s l&amp;rsquo;attaque\" data-image-description=\"\" data-image-caption=\"\" data-medium-file=\"https:\/\/i0.wp.com\/alaincardenas.com\/blog\/wp-content\/uploads\/2026\/04\/SM-Apres-lattaque.jpg?fit=300%2C225&amp;ssl=1\" data-large-file=\"https:\/\/i0.wp.com\/alaincardenas.com\/blog\/wp-content\/uploads\/2026\/04\/SM-Apres-lattaque.jpg?fit=584%2C438&amp;ssl=1\" decoding=\"async\" loading=\"lazy\" width=\"584\" height=\"438\" data-id=\"9628\"  src=\"https:\/\/i0.wp.com\/alaincardenas.com\/blog\/wp-content\/uploads\/2026\/04\/SM-Apres-lattaque.jpg?resize=584%2C438&#038;ssl=1\" alt=\"\" class=\"wp-image-9628\" srcset=\"https:\/\/i0.wp.com\/alaincardenas.com\/blog\/wp-content\/uploads\/2026\/04\/SM-Apres-lattaque.jpg?w=1024&amp;ssl=1 1024w, https:\/\/i0.wp.com\/alaincardenas.com\/blog\/wp-content\/uploads\/2026\/04\/SM-Apres-lattaque.jpg?resize=300%2C225&amp;ssl=1 300w, https:\/\/i0.wp.com\/alaincardenas.com\/blog\/wp-content\/uploads\/2026\/04\/SM-Apres-lattaque.jpg?resize=768%2C576&amp;ssl=1 768w, https:\/\/i0.wp.com\/alaincardenas.com\/blog\/wp-content\/uploads\/2026\/04\/SM-Apres-lattaque.jpg?resize=400%2C300&amp;ssl=1 400w\" sizes=\"(max-width: 584px) 100vw, 584px\" data-recalc-dims=\"1\" \/><\/a><\/figure>\n\n\n\n<figure class=\"wp-block-image size-large\"><a href=\"https:\/\/i0.wp.com\/alaincardenas.com\/blog\/wp-content\/uploads\/2026\/04\/SM-Polychromies.jpg?ssl=1\"><img data-attachment-id=\"9624\" data-permalink=\"https:\/\/alaincardenas.com\/blog\/sur-le-neomanierisme-tendance-majeure-et-assumee-du-69e-salon-de-montrouge\/sm-polychromies\/\" data-orig-file=\"https:\/\/i0.wp.com\/alaincardenas.com\/blog\/wp-content\/uploads\/2026\/04\/SM-Polychromies.jpg?fit=768%2C1024&amp;ssl=1\" data-orig-size=\"768,1024\" data-comments-opened=\"0\" data-image-meta=\"{&quot;aperture&quot;:&quot;0&quot;,&quot;credit&quot;:&quot;&quot;,&quot;camera&quot;:&quot;&quot;,&quot;caption&quot;:&quot;&quot;,&quot;created_timestamp&quot;:&quot;0&quot;,&quot;copyright&quot;:&quot;&quot;,&quot;focal_length&quot;:&quot;0&quot;,&quot;iso&quot;:&quot;0&quot;,&quot;shutter_speed&quot;:&quot;0&quot;,&quot;title&quot;:&quot;&quot;,&quot;orientation&quot;:&quot;1&quot;}\" data-image-title=\"SM, Polychromies\" data-image-description=\"\" data-image-caption=\"\" data-medium-file=\"https:\/\/i0.wp.com\/alaincardenas.com\/blog\/wp-content\/uploads\/2026\/04\/SM-Polychromies.jpg?fit=225%2C300&amp;ssl=1\" data-large-file=\"https:\/\/i0.wp.com\/alaincardenas.com\/blog\/wp-content\/uploads\/2026\/04\/SM-Polychromies.jpg?fit=584%2C779&amp;ssl=1\" decoding=\"async\" loading=\"lazy\" width=\"584\" height=\"779\" data-id=\"9624\"  src=\"https:\/\/i0.wp.com\/alaincardenas.com\/blog\/wp-content\/uploads\/2026\/04\/SM-Polychromies.jpg?resize=584%2C779&#038;ssl=1\" alt=\"\" class=\"wp-image-9624\" srcset=\"https:\/\/i0.wp.com\/alaincardenas.com\/blog\/wp-content\/uploads\/2026\/04\/SM-Polychromies.jpg?w=768&amp;ssl=1 768w, https:\/\/i0.wp.com\/alaincardenas.com\/blog\/wp-content\/uploads\/2026\/04\/SM-Polychromies.jpg?resize=225%2C300&amp;ssl=1 225w\" sizes=\"(max-width: 584px) 100vw, 584px\" data-recalc-dims=\"1\" \/><\/a><\/figure>\n<\/figure>\n\n\n\n<p>Un peu comme le livre qui porte le m\u00eame titre \u00ab&nbsp;69&nbsp;\u00bb, ce Salon accueille un nombre similaire de visiteurs&nbsp;: 16B EDITIONS,&nbsp; Abirami,&nbsp; 16B EDITIONS, Abirami, AIN Clarisse, BEN ABDALLAH , assine, BERNARD Margot, Bernardi Zo\u00e9, Boulesteix C\u00e9lia,Bourgais Daniel, Collectif Grapain,&nbsp; DE CASTRO BARBOSA Anna, DE CHABOT Ang\u00e9lique, DEBERT Arthur, DIABY Ladji&nbsp;, DOLATYARI-DOLATDOUST Darius, FANTINO C\u00e9line, FILIPOVICH Lina, Fischer Deborah, FLORIMOND Elisa, GAUTIER VAN, TOUR Charlotte, GBONON Cl\u00e9mence, LANG Sophia, LANSARI Sido, LEFEBVRE Oscar, MAR\u00c9CHAL Marguerite, ,MARIE HERVE ET ELSA MARTINEZ, MARTINEZ AYSA Florencia, MAUXION Caroline, MICELI Miguel, MO\u00cbSL Thomas, , MONTIER Cynthia, NITZSCHE CYSNE Alexandre, OBADIA Dayane, PICCO Anna, RENARD Paola Siri, ROBERT Brice, TEBOUL Sacha, TOPOLANSKI Jos\u00e9phine, VO TAN Louise, YOUSSEF Amir.<\/p>\n\n\n\n<p>TENDANCES 2026<\/p>\n\n\n\n<p>Pas de th\u00e8me impos\u00e9, les artistes proposent leurs oeuvres en toute libert\u00e9 [une fois le commissaire choisi]. Probablement f\u00e9ru de g\u00e9ographie, Andrea Ponsini, directeur artistique du Salon, pr\u00f4ne le conseil suivant&nbsp;: \u00ab Je compare le Salon \u00e0 un sismographe des \u00e9v\u00e9nements qui alertent le monde. Et ses jeunes artistes, \u00e0 des antennes qui per\u00e7oivent le futur&nbsp;\u00bb. Ils s\u2019inspirent des secousses de la vie pour anticiper l\u2019apr\u00e8s et cr\u00e9er. Mais leur relation au r\u00e9el et leur sensibilit\u00e9 transcendent l\u2019existant en quelque chose d\u2019esth\u00e9tique, de po\u00e9tique. \u00bb<\/p>\n\n\n\n<figure class=\"wp-block-gallery has-nested-images columns-default is-cropped wp-block-gallery-3 is-layout-flex\">\n<figure class=\"wp-block-image size-large\"><a href=\"https:\/\/i0.wp.com\/alaincardenas.com\/blog\/wp-content\/uploads\/2026\/04\/SM-Nouvelles-convivialites.jpg?ssl=1\"><img data-attachment-id=\"9623\" data-permalink=\"https:\/\/alaincardenas.com\/blog\/sur-le-neomanierisme-tendance-majeure-et-assumee-du-69e-salon-de-montrouge\/sm-nouvelles-convivialites\/\" data-orig-file=\"https:\/\/i0.wp.com\/alaincardenas.com\/blog\/wp-content\/uploads\/2026\/04\/SM-Nouvelles-convivialites.jpg?fit=800%2C600&amp;ssl=1\" data-orig-size=\"800,600\" data-comments-opened=\"0\" data-image-meta=\"{&quot;aperture&quot;:&quot;0&quot;,&quot;credit&quot;:&quot;&quot;,&quot;camera&quot;:&quot;&quot;,&quot;caption&quot;:&quot;&quot;,&quot;created_timestamp&quot;:&quot;0&quot;,&quot;copyright&quot;:&quot;&quot;,&quot;focal_length&quot;:&quot;0&quot;,&quot;iso&quot;:&quot;0&quot;,&quot;shutter_speed&quot;:&quot;0&quot;,&quot;title&quot;:&quot;&quot;,&quot;orientation&quot;:&quot;1&quot;}\" data-image-title=\"SM, Nouvelles convivialite\u0301s\" data-image-description=\"\" data-image-caption=\"\" data-medium-file=\"https:\/\/i0.wp.com\/alaincardenas.com\/blog\/wp-content\/uploads\/2026\/04\/SM-Nouvelles-convivialites.jpg?fit=300%2C225&amp;ssl=1\" data-large-file=\"https:\/\/i0.wp.com\/alaincardenas.com\/blog\/wp-content\/uploads\/2026\/04\/SM-Nouvelles-convivialites.jpg?fit=584%2C438&amp;ssl=1\" decoding=\"async\" loading=\"lazy\" width=\"584\" height=\"438\" data-id=\"9623\"  src=\"https:\/\/i0.wp.com\/alaincardenas.com\/blog\/wp-content\/uploads\/2026\/04\/SM-Nouvelles-convivialites.jpg?resize=584%2C438&#038;ssl=1\" alt=\"\" class=\"wp-image-9623\" srcset=\"https:\/\/i0.wp.com\/alaincardenas.com\/blog\/wp-content\/uploads\/2026\/04\/SM-Nouvelles-convivialites.jpg?w=800&amp;ssl=1 800w, https:\/\/i0.wp.com\/alaincardenas.com\/blog\/wp-content\/uploads\/2026\/04\/SM-Nouvelles-convivialites.jpg?resize=300%2C225&amp;ssl=1 300w, https:\/\/i0.wp.com\/alaincardenas.com\/blog\/wp-content\/uploads\/2026\/04\/SM-Nouvelles-convivialites.jpg?resize=768%2C576&amp;ssl=1 768w, https:\/\/i0.wp.com\/alaincardenas.com\/blog\/wp-content\/uploads\/2026\/04\/SM-Nouvelles-convivialites.jpg?resize=400%2C300&amp;ssl=1 400w\" sizes=\"(max-width: 584px) 100vw, 584px\" data-recalc-dims=\"1\" \/><\/a><\/figure>\n\n\n\n<figure class=\"wp-block-image size-large\"><a href=\"https:\/\/i0.wp.com\/alaincardenas.com\/blog\/wp-content\/uploads\/2026\/04\/SM-Cuisine-1.jpg?ssl=1\"><img data-attachment-id=\"9631\" data-permalink=\"https:\/\/alaincardenas.com\/blog\/sur-le-neomanierisme-tendance-majeure-et-assumee-du-69e-salon-de-montrouge\/sm-cuisine-1\/\" data-orig-file=\"https:\/\/i0.wp.com\/alaincardenas.com\/blog\/wp-content\/uploads\/2026\/04\/SM-Cuisine-1.jpg?fit=768%2C1024&amp;ssl=1\" data-orig-size=\"768,1024\" data-comments-opened=\"0\" data-image-meta=\"{&quot;aperture&quot;:&quot;0&quot;,&quot;credit&quot;:&quot;&quot;,&quot;camera&quot;:&quot;&quot;,&quot;caption&quot;:&quot;&quot;,&quot;created_timestamp&quot;:&quot;0&quot;,&quot;copyright&quot;:&quot;&quot;,&quot;focal_length&quot;:&quot;0&quot;,&quot;iso&quot;:&quot;0&quot;,&quot;shutter_speed&quot;:&quot;0&quot;,&quot;title&quot;:&quot;&quot;,&quot;orientation&quot;:&quot;1&quot;}\" data-image-title=\"SM, Cuisine 1\" data-image-description=\"\" data-image-caption=\"\" data-medium-file=\"https:\/\/i0.wp.com\/alaincardenas.com\/blog\/wp-content\/uploads\/2026\/04\/SM-Cuisine-1.jpg?fit=225%2C300&amp;ssl=1\" data-large-file=\"https:\/\/i0.wp.com\/alaincardenas.com\/blog\/wp-content\/uploads\/2026\/04\/SM-Cuisine-1.jpg?fit=584%2C779&amp;ssl=1\" decoding=\"async\" loading=\"lazy\" width=\"584\" height=\"779\" data-id=\"9631\"  src=\"https:\/\/i0.wp.com\/alaincardenas.com\/blog\/wp-content\/uploads\/2026\/04\/SM-Cuisine-1.jpg?resize=584%2C779&#038;ssl=1\" alt=\"\" class=\"wp-image-9631\" srcset=\"https:\/\/i0.wp.com\/alaincardenas.com\/blog\/wp-content\/uploads\/2026\/04\/SM-Cuisine-1.jpg?w=768&amp;ssl=1 768w, https:\/\/i0.wp.com\/alaincardenas.com\/blog\/wp-content\/uploads\/2026\/04\/SM-Cuisine-1.jpg?resize=225%2C300&amp;ssl=1 225w\" sizes=\"(max-width: 584px) 100vw, 584px\" data-recalc-dims=\"1\" \/><\/a><\/figure>\n\n\n\n<figure class=\"wp-block-image size-large\"><a href=\"https:\/\/i0.wp.com\/alaincardenas.com\/blog\/wp-content\/uploads\/2026\/04\/SM-Nouvelle-democratie.jpg?ssl=1\"><img data-attachment-id=\"9622\" data-permalink=\"https:\/\/alaincardenas.com\/blog\/sur-le-neomanierisme-tendance-majeure-et-assumee-du-69e-salon-de-montrouge\/sm-nouvelle-democratie\/\" data-orig-file=\"https:\/\/i0.wp.com\/alaincardenas.com\/blog\/wp-content\/uploads\/2026\/04\/SM-Nouvelle-democratie.jpg?fit=576%2C768&amp;ssl=1\" data-orig-size=\"576,768\" data-comments-opened=\"0\" data-image-meta=\"{&quot;aperture&quot;:&quot;0&quot;,&quot;credit&quot;:&quot;&quot;,&quot;camera&quot;:&quot;&quot;,&quot;caption&quot;:&quot;&quot;,&quot;created_timestamp&quot;:&quot;0&quot;,&quot;copyright&quot;:&quot;&quot;,&quot;focal_length&quot;:&quot;0&quot;,&quot;iso&quot;:&quot;0&quot;,&quot;shutter_speed&quot;:&quot;0&quot;,&quot;title&quot;:&quot;&quot;,&quot;orientation&quot;:&quot;1&quot;}\" data-image-title=\"SM, Nouvelle de\u0301mocratie\" data-image-description=\"\" data-image-caption=\"\" data-medium-file=\"https:\/\/i0.wp.com\/alaincardenas.com\/blog\/wp-content\/uploads\/2026\/04\/SM-Nouvelle-democratie.jpg?fit=225%2C300&amp;ssl=1\" data-large-file=\"https:\/\/i0.wp.com\/alaincardenas.com\/blog\/wp-content\/uploads\/2026\/04\/SM-Nouvelle-democratie.jpg?fit=576%2C768&amp;ssl=1\" decoding=\"async\" loading=\"lazy\" width=\"576\" height=\"768\" data-id=\"9622\"  src=\"https:\/\/i0.wp.com\/alaincardenas.com\/blog\/wp-content\/uploads\/2026\/04\/SM-Nouvelle-democratie.jpg?resize=576%2C768&#038;ssl=1\" alt=\"\" class=\"wp-image-9622\" srcset=\"https:\/\/i0.wp.com\/alaincardenas.com\/blog\/wp-content\/uploads\/2026\/04\/SM-Nouvelle-democratie.jpg?w=576&amp;ssl=1 576w, https:\/\/i0.wp.com\/alaincardenas.com\/blog\/wp-content\/uploads\/2026\/04\/SM-Nouvelle-democratie.jpg?resize=225%2C300&amp;ssl=1 225w\" sizes=\"(max-width: 576px) 100vw, 576px\" data-recalc-dims=\"1\" \/><\/a><\/figure>\n<\/figure>\n\n\n\n<p>CRITERES DE CHOIX<\/p>\n\n\n\n<p>Sur les 2 040 candidatures re\u00e7ues pour la 69e \u00e9dition, le jury n\u2019en retient, comme toujours, que quarante. Andrea Ponsini et sa coordinatrice artistique Marion Malissen proposent leurs 300 favorites au comit\u00e9 de s\u00e9lection, compos\u00e9 de huit professionnels de l\u2019art. \u00ab On regarde la qualit\u00e9, l\u2019originalit\u00e9, la pr\u00e9sentation. Parfois on est fascin\u00e9 par la forme. Ou le talent d\u2019un artiste encore inconnu nous saute aux yeux \u00bb. S\u2019ils ne voient bien qu\u2019avec leur coeur, les jur\u00e9s observent les cr\u00e9ations avec leurs yeux et leur t\u00eate. Sans a priori. Les pr\u00e9tendants au Salon sortent en majorit\u00e9 d\u2019\u00e9coles d\u2019art mais de nombreux sont autodidactes. Nul besoin d\u2019\u00eatre issu du s\u00e9rail, chacun a ses chances. \u00ab Notre r\u00eave : d\u00e9couvrir en 2026 des artistes qui, par leurs cr\u00e9ations, seront toujours l\u00e0 en 2050. \u00bb<\/p>\n\n\n\n<figure class=\"wp-block-gallery has-nested-images columns-default is-cropped wp-block-gallery-5 is-layout-flex\">\n<figure class=\"wp-block-image size-large\"><a href=\"https:\/\/i0.wp.com\/alaincardenas.com\/blog\/wp-content\/uploads\/2026\/04\/SM-Bonheur.jpg?ssl=1\"><img data-attachment-id=\"9629\" data-permalink=\"https:\/\/alaincardenas.com\/blog\/sur-le-neomanierisme-tendance-majeure-et-assumee-du-69e-salon-de-montrouge\/sm-bonheur\/\" data-orig-file=\"https:\/\/i0.wp.com\/alaincardenas.com\/blog\/wp-content\/uploads\/2026\/04\/SM-Bonheur.jpg?fit=1024%2C768&amp;ssl=1\" data-orig-size=\"1024,768\" data-comments-opened=\"0\" data-image-meta=\"{&quot;aperture&quot;:&quot;0&quot;,&quot;credit&quot;:&quot;&quot;,&quot;camera&quot;:&quot;&quot;,&quot;caption&quot;:&quot;&quot;,&quot;created_timestamp&quot;:&quot;0&quot;,&quot;copyright&quot;:&quot;&quot;,&quot;focal_length&quot;:&quot;0&quot;,&quot;iso&quot;:&quot;0&quot;,&quot;shutter_speed&quot;:&quot;0&quot;,&quot;title&quot;:&quot;&quot;,&quot;orientation&quot;:&quot;1&quot;}\" data-image-title=\"SM, Bonheur\" data-image-description=\"\" data-image-caption=\"\" data-medium-file=\"https:\/\/i0.wp.com\/alaincardenas.com\/blog\/wp-content\/uploads\/2026\/04\/SM-Bonheur.jpg?fit=300%2C225&amp;ssl=1\" data-large-file=\"https:\/\/i0.wp.com\/alaincardenas.com\/blog\/wp-content\/uploads\/2026\/04\/SM-Bonheur.jpg?fit=584%2C438&amp;ssl=1\" decoding=\"async\" loading=\"lazy\" width=\"584\" height=\"438\" data-id=\"9629\"  src=\"https:\/\/i0.wp.com\/alaincardenas.com\/blog\/wp-content\/uploads\/2026\/04\/SM-Bonheur.jpg?resize=584%2C438&#038;ssl=1\" alt=\"\" class=\"wp-image-9629\" srcset=\"https:\/\/i0.wp.com\/alaincardenas.com\/blog\/wp-content\/uploads\/2026\/04\/SM-Bonheur.jpg?w=1024&amp;ssl=1 1024w, https:\/\/i0.wp.com\/alaincardenas.com\/blog\/wp-content\/uploads\/2026\/04\/SM-Bonheur.jpg?resize=300%2C225&amp;ssl=1 300w, https:\/\/i0.wp.com\/alaincardenas.com\/blog\/wp-content\/uploads\/2026\/04\/SM-Bonheur.jpg?resize=768%2C576&amp;ssl=1 768w, https:\/\/i0.wp.com\/alaincardenas.com\/blog\/wp-content\/uploads\/2026\/04\/SM-Bonheur.jpg?resize=400%2C300&amp;ssl=1 400w\" sizes=\"(max-width: 584px) 100vw, 584px\" data-recalc-dims=\"1\" \/><\/a><\/figure>\n\n\n\n<figure class=\"wp-block-image size-large\"><a href=\"https:\/\/i0.wp.com\/alaincardenas.com\/blog\/wp-content\/uploads\/2026\/04\/SM-Luxure-au-sol.jpg?ssl=1\"><img data-attachment-id=\"9621\" data-permalink=\"https:\/\/alaincardenas.com\/blog\/sur-le-neomanierisme-tendance-majeure-et-assumee-du-69e-salon-de-montrouge\/sm-luxure-au-sol\/\" data-orig-file=\"https:\/\/i0.wp.com\/alaincardenas.com\/blog\/wp-content\/uploads\/2026\/04\/SM-Luxure-au-sol.jpg?fit=1024%2C768&amp;ssl=1\" data-orig-size=\"1024,768\" data-comments-opened=\"0\" data-image-meta=\"{&quot;aperture&quot;:&quot;0&quot;,&quot;credit&quot;:&quot;&quot;,&quot;camera&quot;:&quot;&quot;,&quot;caption&quot;:&quot;&quot;,&quot;created_timestamp&quot;:&quot;0&quot;,&quot;copyright&quot;:&quot;&quot;,&quot;focal_length&quot;:&quot;0&quot;,&quot;iso&quot;:&quot;0&quot;,&quot;shutter_speed&quot;:&quot;0&quot;,&quot;title&quot;:&quot;&quot;,&quot;orientation&quot;:&quot;1&quot;}\" data-image-title=\"SM, Luxure au sol\" data-image-description=\"\" data-image-caption=\"\" data-medium-file=\"https:\/\/i0.wp.com\/alaincardenas.com\/blog\/wp-content\/uploads\/2026\/04\/SM-Luxure-au-sol.jpg?fit=300%2C225&amp;ssl=1\" data-large-file=\"https:\/\/i0.wp.com\/alaincardenas.com\/blog\/wp-content\/uploads\/2026\/04\/SM-Luxure-au-sol.jpg?fit=584%2C438&amp;ssl=1\" decoding=\"async\" loading=\"lazy\" width=\"584\" height=\"438\" data-id=\"9621\"  src=\"https:\/\/i0.wp.com\/alaincardenas.com\/blog\/wp-content\/uploads\/2026\/04\/SM-Luxure-au-sol.jpg?resize=584%2C438&#038;ssl=1\" alt=\"\" class=\"wp-image-9621\" srcset=\"https:\/\/i0.wp.com\/alaincardenas.com\/blog\/wp-content\/uploads\/2026\/04\/SM-Luxure-au-sol.jpg?w=1024&amp;ssl=1 1024w, https:\/\/i0.wp.com\/alaincardenas.com\/blog\/wp-content\/uploads\/2026\/04\/SM-Luxure-au-sol.jpg?resize=300%2C225&amp;ssl=1 300w, https:\/\/i0.wp.com\/alaincardenas.com\/blog\/wp-content\/uploads\/2026\/04\/SM-Luxure-au-sol.jpg?resize=768%2C576&amp;ssl=1 768w, https:\/\/i0.wp.com\/alaincardenas.com\/blog\/wp-content\/uploads\/2026\/04\/SM-Luxure-au-sol.jpg?resize=400%2C300&amp;ssl=1 400w\" sizes=\"(max-width: 584px) 100vw, 584px\" data-recalc-dims=\"1\" \/><\/a><\/figure>\n<\/figure>\n\n\n\n<p>NOURRIR LA RENCONTRE<\/p>\n\n\n\n<p>S\u2019ils obtiennent chacun mille euros, les talents gagnent bien plus encore : le soutien des huit commissaires. Chaque professionnel suit cinq artistes de pr\u00e8s. Discussions, visites d\u2019ateliers, publication de textes sur le travail de leurs prot\u00e9g\u00e9s participent de cet accompagnement et nourrissent la rencontre. \u00ab Notre collaboration avec eux passe aussi par des aides \u00e0 la production et la mise \u00e0 disposition du savoir-faire du Salon et de la Ville de Montrouge. \u00bb Un engagement fort aupr\u00e8s de ces artistes \u00e9mergents. \u00ab Avec gentillesse, pr\u00e9cise Andrea Ponsini, c\u2019est un mot que j\u2019aime beaucoup, car le Salon, c\u2019est d\u2019abord de la relation \u00e0 l\u2019autre. \u00bb<\/p>\n\n\n\n<p>VISITEURS IMPLIQUES<\/p>\n\n\n\n<p>\u00ab L\u2019\u00e9v\u00e9nement n\u2019est pas con\u00e7u pour \u00eatre statique. Le public ne subit pas, il se sent impliqu\u00e9, il y a des \u0153uvres participatives \u00bb, s\u2019enthousiasme Andrea Ponsini. Une \u00e9nergie entre artistes, cr\u00e9ations et visiteurs. Par essence, la primeur des productions \u00e0 d\u00e9couvrir offrira une exp\u00e9rience nouvelle aux amateurs d\u2019art. \u00ab Mais une cr\u00e9ation ou une performance peut se d\u00e9clencher le dernier jour, en restitution d\u2019\u00e9changes avec d\u2019autres artistes ou des habitants. C\u2019est super int\u00e9ressant \u00bb.<\/p>\n\n\n\n<figure class=\"wp-block-gallery has-nested-images columns-default is-cropped wp-block-gallery-7 is-layout-flex\">\n<figure class=\"wp-block-image size-large\"><a href=\"https:\/\/i0.wp.com\/alaincardenas.com\/blog\/wp-content\/uploads\/2026\/04\/SM-Chaleurs-2.jpg?ssl=1\"><img data-attachment-id=\"9630\" data-permalink=\"https:\/\/alaincardenas.com\/blog\/sur-le-neomanierisme-tendance-majeure-et-assumee-du-69e-salon-de-montrouge\/sm-chaleurs-2\/\" data-orig-file=\"https:\/\/i0.wp.com\/alaincardenas.com\/blog\/wp-content\/uploads\/2026\/04\/SM-Chaleurs-2.jpg?fit=1280%2C960&amp;ssl=1\" data-orig-size=\"1280,960\" data-comments-opened=\"0\" data-image-meta=\"{&quot;aperture&quot;:&quot;0&quot;,&quot;credit&quot;:&quot;&quot;,&quot;camera&quot;:&quot;&quot;,&quot;caption&quot;:&quot;&quot;,&quot;created_timestamp&quot;:&quot;0&quot;,&quot;copyright&quot;:&quot;&quot;,&quot;focal_length&quot;:&quot;0&quot;,&quot;iso&quot;:&quot;0&quot;,&quot;shutter_speed&quot;:&quot;0&quot;,&quot;title&quot;:&quot;&quot;,&quot;orientation&quot;:&quot;1&quot;}\" data-image-title=\"SM, Chaleurs 2\" data-image-description=\"\" data-image-caption=\"\" data-medium-file=\"https:\/\/i0.wp.com\/alaincardenas.com\/blog\/wp-content\/uploads\/2026\/04\/SM-Chaleurs-2.jpg?fit=300%2C225&amp;ssl=1\" data-large-file=\"https:\/\/i0.wp.com\/alaincardenas.com\/blog\/wp-content\/uploads\/2026\/04\/SM-Chaleurs-2.jpg?fit=584%2C438&amp;ssl=1\" decoding=\"async\" loading=\"lazy\" width=\"584\" height=\"438\" data-id=\"9630\"  src=\"https:\/\/i0.wp.com\/alaincardenas.com\/blog\/wp-content\/uploads\/2026\/04\/SM-Chaleurs-2.jpg?resize=584%2C438&#038;ssl=1\" alt=\"\" class=\"wp-image-9630\" srcset=\"https:\/\/i0.wp.com\/alaincardenas.com\/blog\/wp-content\/uploads\/2026\/04\/SM-Chaleurs-2.jpg?resize=1024%2C768&amp;ssl=1 1024w, https:\/\/i0.wp.com\/alaincardenas.com\/blog\/wp-content\/uploads\/2026\/04\/SM-Chaleurs-2.jpg?resize=300%2C225&amp;ssl=1 300w, https:\/\/i0.wp.com\/alaincardenas.com\/blog\/wp-content\/uploads\/2026\/04\/SM-Chaleurs-2.jpg?resize=768%2C576&amp;ssl=1 768w, https:\/\/i0.wp.com\/alaincardenas.com\/blog\/wp-content\/uploads\/2026\/04\/SM-Chaleurs-2.jpg?resize=400%2C300&amp;ssl=1 400w, https:\/\/i0.wp.com\/alaincardenas.com\/blog\/wp-content\/uploads\/2026\/04\/SM-Chaleurs-2.jpg?w=1280&amp;ssl=1 1280w, https:\/\/i0.wp.com\/alaincardenas.com\/blog\/wp-content\/uploads\/2026\/04\/SM-Chaleurs-2.jpg?w=1168&amp;ssl=1 1168w\" sizes=\"(max-width: 584px) 100vw, 584px\" data-recalc-dims=\"1\" \/><\/a><\/figure>\n\n\n\n<figure class=\"wp-block-image size-large\"><a href=\"https:\/\/i0.wp.com\/alaincardenas.com\/blog\/wp-content\/uploads\/2026\/04\/SM-Chaleurs-1.jpg?ssl=1\"><img data-attachment-id=\"9627\" data-permalink=\"https:\/\/alaincardenas.com\/blog\/sur-le-neomanierisme-tendance-majeure-et-assumee-du-69e-salon-de-montrouge\/sm-chaleurs-1\/\" data-orig-file=\"https:\/\/i0.wp.com\/alaincardenas.com\/blog\/wp-content\/uploads\/2026\/04\/SM-Chaleurs-1.jpg?fit=1280%2C960&amp;ssl=1\" data-orig-size=\"1280,960\" data-comments-opened=\"0\" data-image-meta=\"{&quot;aperture&quot;:&quot;0&quot;,&quot;credit&quot;:&quot;&quot;,&quot;camera&quot;:&quot;&quot;,&quot;caption&quot;:&quot;&quot;,&quot;created_timestamp&quot;:&quot;0&quot;,&quot;copyright&quot;:&quot;&quot;,&quot;focal_length&quot;:&quot;0&quot;,&quot;iso&quot;:&quot;0&quot;,&quot;shutter_speed&quot;:&quot;0&quot;,&quot;title&quot;:&quot;&quot;,&quot;orientation&quot;:&quot;1&quot;}\" data-image-title=\"SM, Chaleurs 1\" data-image-description=\"\" data-image-caption=\"\" data-medium-file=\"https:\/\/i0.wp.com\/alaincardenas.com\/blog\/wp-content\/uploads\/2026\/04\/SM-Chaleurs-1.jpg?fit=300%2C225&amp;ssl=1\" data-large-file=\"https:\/\/i0.wp.com\/alaincardenas.com\/blog\/wp-content\/uploads\/2026\/04\/SM-Chaleurs-1.jpg?fit=584%2C438&amp;ssl=1\" decoding=\"async\" loading=\"lazy\" width=\"584\" height=\"438\" data-id=\"9627\"  src=\"https:\/\/i0.wp.com\/alaincardenas.com\/blog\/wp-content\/uploads\/2026\/04\/SM-Chaleurs-1.jpg?resize=584%2C438&#038;ssl=1\" alt=\"\" class=\"wp-image-9627\" srcset=\"https:\/\/i0.wp.com\/alaincardenas.com\/blog\/wp-content\/uploads\/2026\/04\/SM-Chaleurs-1.jpg?resize=1024%2C768&amp;ssl=1 1024w, https:\/\/i0.wp.com\/alaincardenas.com\/blog\/wp-content\/uploads\/2026\/04\/SM-Chaleurs-1.jpg?resize=300%2C225&amp;ssl=1 300w, https:\/\/i0.wp.com\/alaincardenas.com\/blog\/wp-content\/uploads\/2026\/04\/SM-Chaleurs-1.jpg?resize=768%2C576&amp;ssl=1 768w, https:\/\/i0.wp.com\/alaincardenas.com\/blog\/wp-content\/uploads\/2026\/04\/SM-Chaleurs-1.jpg?resize=400%2C300&amp;ssl=1 400w, https:\/\/i0.wp.com\/alaincardenas.com\/blog\/wp-content\/uploads\/2026\/04\/SM-Chaleurs-1.jpg?w=1280&amp;ssl=1 1280w, https:\/\/i0.wp.com\/alaincardenas.com\/blog\/wp-content\/uploads\/2026\/04\/SM-Chaleurs-1.jpg?w=1168&amp;ssl=1 1168w\" sizes=\"(max-width: 584px) 100vw, 584px\" data-recalc-dims=\"1\" \/><\/a><\/figure>\n<\/figure>\n\n\n\n<p>MONTROUGE RESONNE<\/p>\n\n\n\n<p>La force de ce Salon, c\u2019est de s\u2019adapter aux changements de la soci\u00e9t\u00e9, de la culture et de l\u2019exp\u00e9rience artistique. La notion d\u2019oeuvre d\u2019art se red\u00e9finit en permanence. Depuis 1955, Montrouge accueille ce Salon et accompagne sa transformation pour le faire r\u00e9sonner dans le monde de l\u2019art contemporain. \u00ab On a vu de tout petits projets grandir et partir dans des grandes villes \u00bb, se souvient Andrea Ponsini. \u00ab Le Salon cherche des r\u00e9ponses pour aider les artistes \u00e0 avancer dans leur travail en les associant au plus grand nombre possible de professionnels. \u00bb Andrea Ponsini voit d\u00e9j\u00e0 grand pour le 70e !<\/p>\n\n\n\n<p>DES EXPOSITIONS ET DES RENCONTRES HORS-LES-MURS<\/p>\n\n\n\n<p>Le coeur du Salon de Montrouge prend place au Beffroi mais l\u2019art contemporain traverse les murs, chaque ann\u00e9e, gr\u00e2ce \u00e0 des installations d\u2019oeuvres dans la ville. Les habitants et le public les d\u00e9couvrent dans des lieux d\u00e9di\u00e9s \u00e0 la culture : la M\u00e9diath\u00e8que, l\u2019Espace Colucci ou la galerie d\u2019art-restaurant Les Jardiniers. La Ville de Montrouge nourrit l\u2019ambition d\u2019investir de nouveaux espaces pour cr\u00e9er davantage de synergies entre l\u2019art \u00e9mergent du pr\u00e9sent et du futur, et la population.<\/p>\n\n\n\n<p>ET APRES, QUELLE CARRIERE POUR LES ARTISTES ?<\/p>\n\n\n\n<p>D\u00e9crocher une place au Salon de Montrouge n\u2019est pas une fin en soi. On y r\u00e9compense une oeuvre, on y d\u00e9couvre un artiste, un univers. Des partenaires sp\u00e9cialis\u00e9s dans les rencontres entre artistes et professionnels impliquent leurs r\u00e9seaux. La relation et les opportunit\u00e9s se cr\u00e9ent. Les contacts se nouent, le mouvement s\u2019enclenche, les collaborations s\u2019amorcent. Ces exp\u00e9riences vont ouvrir des portes, booster des carri\u00e8res. \u00c0 l\u2019instar de Julien Salaud, Th\u00e9o Mercier, Tatiana Wolska, Giulia Andreani ou encore Dorian Cohen, tous r\u00e9v\u00e9l\u00e9s par le Salon qu\u2019ils identifient tel un d\u00e9clic dans leur vie d\u2019artiste. Depuis, ils ont vu leur carri\u00e8re d\u00e9coller et s\u2019envoler vers d\u2019autres ailleurs.<\/p>\n","protected":false},"excerpt":{"rendered":"<p>compte-rendu par Alain Cardenas-Castro et Christophe Comentale Nous avons relay\u00e9 une pr\u00e9c\u00e9dente \u00e9dition du Salon de Montrouge, la 64e, \u00e7a nous avait plus. Celle de cette ann\u00e9e aussi. Parmi les organisateurs, la pr\u00e9sence de Colette Aubry, 9\u00e8me&nbsp;Maire-adjointe \u00e0 la Culture &hellip; <a href=\"https:\/\/alaincardenas.com\/blog\/sur-le-neomanierisme-tendance-majeure-et-assumee-du-69e-salon-de-montrouge\/\">Continuer la lecture <span class=\"meta-nav\">&rarr;<\/span><\/a><\/p>\n","protected":false},"author":1,"featured_media":0,"comment_status":"closed","ping_status":"closed","sticky":false,"template":"","format":"standard","meta":{"sfsi_plus_gutenberg_text_before_share":"","sfsi_plus_gutenberg_show_text_before_share":"","sfsi_plus_gutenberg_icon_type":"","sfsi_plus_gutenberg_icon_alignemt":"","sfsi_plus_gutenburg_max_per_row":"","jetpack_post_was_ever_published":false,"_jetpack_newsletter_access":"","_jetpack_newsletter_tier_id":0,"jetpack_publicize_message":"","jetpack_is_tweetstorm":false,"jetpack_publicize_feature_enabled":true,"jetpack_social_post_already_shared":true,"jetpack_social_options":{"image_generator_settings":{"template":"highway","enabled":false}}},"categories":[27,42,21],"tags":[45,8,9,39,36],"jetpack_publicize_connections":[],"jetpack_featured_media_url":"","jetpack_sharing_enabled":true,"jetpack_shortlink":"https:\/\/wp.me\/p8Mijt-2va","jetpack_likes_enabled":true,"jetpack-related-posts":[{"id":3445,"url":"https:\/\/alaincardenas.com\/blog\/a-propos-du-64e-salon-de-montrouge\/","url_meta":{"origin":9620,"position":0},"title":"A propos du  64e Salon de Montrouge","author":"admin","date":"2019-05-01","format":false,"excerpt":"par Alain Cardenas-Castro et Christophe Comentale Du 27 avril au 22 mai 2019\u00a0; de 12h \u00e0 19h, 7j\/7\u2028. Ouvert les jours f\u00e9ri\u00e9s. \u00a0 \u00a0 \u00a0 \u00a0 \u00a0 \u00a0 \u00a0 \u00a0 \u00a0 \u00a0 \u00a0 \u00a0 \u00a0 \u00a0 \u00a0Le Beffroi, place \u00c9mile Cresp, \u2028Montrouge.\u2028 M 4-Mairie de Montrouge Le parvis de la\u2026","rel":"","context":"Dans &quot;Compte-rendu&quot;","block_context":{"text":"Compte-rendu","link":"https:\/\/alaincardenas.com\/blog\/category\/compte-rendu\/"},"img":{"alt_text":"","src":"https:\/\/i0.wp.com\/alaincardenas.com\/blog\/wp-content\/uploads\/2019\/04\/DSC_3044-225x300.jpg?resize=350%2C200&ssl=1","width":350,"height":200},"classes":[]},{"id":1873,"url":"https:\/\/alaincardenas.com\/blog\/le-63e-salon-de-montrouge-inquietudes-et-signes-urbains\/","url_meta":{"origin":9620,"position":1},"title":"Le 63e Salon de Montrouge\u00a0: inqui\u00e9tudes et signes urbains","author":"admin","date":"2018-05-01","format":false,"excerpt":"par Christophe Comentale et Alain Cardenas-Castro \u00a0L\u2019ann\u00e9e 2018 est un cr\u00fb d\u00e9cal\u00e9 ! Le temps pass\u00e9 \u00e0 regarder, \u00e0 comprendre, \u00e0 appr\u00e9cier, a \u00e9t\u00e9, ce dernier week-end d\u2019avril, bien plus rapide que l\u2019an dernier\u00a0! Le temps\u00a0? Une morosit\u00e9 ambiante, des invit\u00e9s tr\u00e8s in\u00e9gaux \u2014 heureusement\u00a0! \u2014 parfois carr\u00e9ment d\u00e9cevants. En\u2026","rel":"","context":"Dans &quot;Compte-rendu&quot;","block_context":{"text":"Compte-rendu","link":"https:\/\/alaincardenas.com\/blog\/category\/compte-rendu\/"},"img":{"alt_text":"","src":"https:\/\/i0.wp.com\/alaincardenas.com\/blog\/wp-content\/uploads\/2018\/05\/DSC_0420_01.jpg?resize=350%2C200","width":350,"height":200},"classes":[]},{"id":84,"url":"https:\/\/alaincardenas.com\/blog\/salon-de-montrouge-2017\/","url_meta":{"origin":9620,"position":2},"title":"Salon de Montrouge 2017","author":"admin","date":"2017-05-20","format":false,"excerpt":"Montrouge, le 26 avril 2017. Avant de voir ce qui nous a int\u00e9ress\u00e9s, fait faire un grand tour, discuter avec les pr\u00e9sent-e-s, sur les stands, dans les trav\u00e9es, quelques rappels pour qui lira la chronique sans \u00eatre all\u00e9 sur place. Citations en italique* *62e salon de Montrouge, du 27 avril\u2026","rel":"","context":"Dans &quot;\u00c9v\u00e9nement&quot;","block_context":{"text":"\u00c9v\u00e9nement","link":"https:\/\/alaincardenas.com\/blog\/category\/evenement\/"},"img":{"alt_text":"","src":"https:\/\/i0.wp.com\/alaincardenas.com\/blog\/wp-content\/uploads\/2017\/05\/Ateliers-4zarts-2013-14-Cardenas-205x300.jpg?resize=350%2C200&ssl=1","width":350,"height":200},"classes":[]},{"id":4261,"url":"https:\/\/alaincardenas.com\/blog\/chroniques-de-vie-javier-silva-meinel\/","url_meta":{"origin":9620,"position":3},"title":"CHRONIQUES DE VIE, Javier Silva Meinel","author":"admin","date":"2019-11-06","format":false,"excerpt":"Exposition du 5 au 29 Novembre 2019,\u00a0Galerie Younique, 65 rue Pascal 75013 Paris - 06 26 76 36 33\u00a0Mardi-Samedi 16h-20h compte-rendu par Alain Cardenas-Castro Galerie install\u00e9e depuis bient\u00f4t quinze ans dans un arrondissement de la capitale qui pr\u00f4ne une diversit\u00e9 culturelle, la galerie Younique pr\u00e9sente une vingtaine d\u2019\u0153uvres des ann\u00e9es\u2026","rel":"","context":"Dans &quot;Am\u00e9rique latine&quot;","block_context":{"text":"Am\u00e9rique latine","link":"https:\/\/alaincardenas.com\/blog\/category\/amerique-latine\/"},"img":{"alt_text":"","src":"https:\/\/i0.wp.com\/alaincardenas.com\/blog\/wp-content\/uploads\/2019\/11\/DSC_0018.jpg?resize=350%2C200&ssl=1","width":350,"height":200},"classes":[]},{"id":8017,"url":"https:\/\/alaincardenas.com\/blog\/concours-du-livre-dartiste-dissy-les-moulineaux-marc-vernier-laureat-2024\/","url_meta":{"origin":9620,"position":4},"title":"Concours du livre d\u2019artiste d\u2019Issy-les-Moulineaux, Marc Vernier, laur\u00e9at 2024.","author":"admin","date":"2024-05-30","format":false,"excerpt":"Compte-rendu. par Christophe Comentale et Fr\u00e9d\u00e9ric Harranger Depuis sept ans, cette manifestation met l\u2019accent sur la pluralit\u00e9 du type de cr\u00e9ation \u00e0 la fois r\u00e9cent et historique que constitue le livre d\u2019artiste. Comme cela \u00e9tait signal\u00e9 dans le compte-rendu de l\u2019ann\u00e9e 2023, \u00ab\u00a0Apparu en Occident vers le 19e\u00a0si\u00e8cle selon certains,\u2026","rel":"","context":"Dans &quot;Compte-rendu&quot;","block_context":{"text":"Compte-rendu","link":"https:\/\/alaincardenas.com\/blog\/category\/compte-rendu\/"},"img":{"alt_text":"","src":"https:\/\/i0.wp.com\/alaincardenas.com\/blog\/wp-content\/uploads\/2024\/05\/image_67364353-scaled.jpg?resize=350%2C200&ssl=1","width":350,"height":200},"classes":[]},{"id":4204,"url":"https:\/\/alaincardenas.com\/blog\/gabrielle-haardt-sculptrice-de-bijoux\/","url_meta":{"origin":9620,"position":5},"title":"Gabrielle Haardt, sculptrice de bijoux","author":"admin","date":"2019-11-01","format":false,"excerpt":"Exposition des \u0153uvres de Gabrielle Haardt, sculptures & bijoux.\u00a0Du 23 octobre au 5 novembre 2019,\u00a0Galerie Martel Greiner,\u00a071, boulevard Raspail, Paris 6e -\u00a001 45 48 13 05 \u00a0 Compte-rendu par Alain Cardenas-Castro et Christophe Comentale L\u2019ann\u00e9e 2019 rend hommage \u00e0 une cr\u00e9atrice dont l\u2019originalit\u00e9 et l\u2019esth\u00e9tique ont \u00e9t\u00e9 quelque peu \u00e9cart\u00e9es\u2026","rel":"","context":"Dans &quot;Compte-rendu&quot;","block_context":{"text":"Compte-rendu","link":"https:\/\/alaincardenas.com\/blog\/category\/compte-rendu\/"},"img":{"alt_text":"","src":"https:\/\/i0.wp.com\/alaincardenas.com\/blog\/wp-content\/uploads\/2019\/11\/1572630242109blob.png?resize=350%2C200&ssl=1","width":350,"height":200,"srcset":"https:\/\/i0.wp.com\/alaincardenas.com\/blog\/wp-content\/uploads\/2019\/11\/1572630242109blob.png?resize=350%2C200&ssl=1 1x, https:\/\/i0.wp.com\/alaincardenas.com\/blog\/wp-content\/uploads\/2019\/11\/1572630242109blob.png?resize=525%2C300&ssl=1 1.5x"},"classes":[]}],"_links":{"self":[{"href":"https:\/\/alaincardenas.com\/blog\/wp-json\/wp\/v2\/posts\/9620"}],"collection":[{"href":"https:\/\/alaincardenas.com\/blog\/wp-json\/wp\/v2\/posts"}],"about":[{"href":"https:\/\/alaincardenas.com\/blog\/wp-json\/wp\/v2\/types\/post"}],"author":[{"embeddable":true,"href":"https:\/\/alaincardenas.com\/blog\/wp-json\/wp\/v2\/users\/1"}],"replies":[{"embeddable":true,"href":"https:\/\/alaincardenas.com\/blog\/wp-json\/wp\/v2\/comments?post=9620"}],"version-history":[{"count":3,"href":"https:\/\/alaincardenas.com\/blog\/wp-json\/wp\/v2\/posts\/9620\/revisions"}],"predecessor-version":[{"id":9637,"href":"https:\/\/alaincardenas.com\/blog\/wp-json\/wp\/v2\/posts\/9620\/revisions\/9637"}],"wp:attachment":[{"href":"https:\/\/alaincardenas.com\/blog\/wp-json\/wp\/v2\/media?parent=9620"}],"wp:term":[{"taxonomy":"category","embeddable":true,"href":"https:\/\/alaincardenas.com\/blog\/wp-json\/wp\/v2\/categories?post=9620"},{"taxonomy":"post_tag","embeddable":true,"href":"https:\/\/alaincardenas.com\/blog\/wp-json\/wp\/v2\/tags?post=9620"}],"curies":[{"name":"wp","href":"https:\/\/api.w.org\/{rel}","templated":true}]}}