{"id":9581,"date":"2026-04-26T20:27:55","date_gmt":"2026-04-26T18:27:55","guid":{"rendered":"https:\/\/alaincardenas.com\/blog\/?p=9581"},"modified":"2026-04-26T20:27:59","modified_gmt":"2026-04-26T18:27:59","slug":"veronique-durieux-les-draps-de-stella","status":"publish","type":"post","link":"https:\/\/alaincardenas.com\/blog\/veronique-durieux-les-draps-de-stella\/","title":{"rendered":"V\u00e9ronique Durieux. LES DRAPS DE STELLA"},"content":{"rendered":"\n<p>par Christophe Comentale<\/p>\n\n\n\n<p><strong>Exposition au 36.6,<\/strong> 36 boulevard d\u2019Ornano, Paris 18<sup>e<\/sup> <strong>du 19 au 23 mars 2026 de 17h \u00e0 21h,<\/strong> <strong>puis, au-del\u00e0 de cette date, sur rendez-vous&nbsp;: <\/strong>revdurieux@gmail.com<\/p>\n\n\n\n<p>Compte-rendu d\u2019exposition<\/p>\n\n\n\n<p><strong>LE 36.6<\/strong><\/p>\n\n\n\n<p>Une nouvelle exposition de V\u00e9ronique Durieux se tient au 36.6, dans sa galerie-atelier, un espace rythmique unique du boulevard d\u2019Ornano. Un lieu charg\u00e9 d\u2019histoire[s]&nbsp;: celle du boulevard [souvenir forc\u00e9 avec ce nom impos\u00e9 par Napol\u00e9on III sur la pr\u00e9sence de ce g\u00e9n\u00e9ral d\u2019Empire, Philippe Antoine], celle, aussi, de Laure Antonie Gargallo, devenue pour l\u2019\u00e9tat civil \u00e9pouse Germaine Pichot en 1905 [proche des peintres espagnols, tout proche mod\u00e8le \u00e9ph\u00e9m\u00e8re de Picasso, qu\u2019elle d\u00e9laisse pour le peintre Ramon Pichot] et tenanci\u00e8re de la toute proche Maison Rose&nbsp;: caf\u00e9 au rez-de-chauss\u00e9e de la maison, et atelier de Ramon Pichot au premier.<\/p>\n\n\n<div class=\"wp-block-image\">\n<figure class=\"aligncenter size-full is-resized\"><a href=\"https:\/\/i0.wp.com\/alaincardenas.com\/blog\/wp-content\/uploads\/2026\/04\/IMG_3030.jpg?ssl=1\"><img data-attachment-id=\"9604\" data-permalink=\"https:\/\/alaincardenas.com\/blog\/veronique-durieux-les-draps-de-stella\/img_3030\/\" data-orig-file=\"https:\/\/i0.wp.com\/alaincardenas.com\/blog\/wp-content\/uploads\/2026\/04\/IMG_3030.jpg?fit=770%2C600&amp;ssl=1\" data-orig-size=\"770,600\" data-comments-opened=\"0\" data-image-meta=\"{&quot;aperture&quot;:&quot;0&quot;,&quot;credit&quot;:&quot;&quot;,&quot;camera&quot;:&quot;&quot;,&quot;caption&quot;:&quot;&quot;,&quot;created_timestamp&quot;:&quot;0&quot;,&quot;copyright&quot;:&quot;&quot;,&quot;focal_length&quot;:&quot;0&quot;,&quot;iso&quot;:&quot;0&quot;,&quot;shutter_speed&quot;:&quot;0&quot;,&quot;title&quot;:&quot;&quot;,&quot;orientation&quot;:&quot;1&quot;}\" data-image-title=\"IMG_3030\" data-image-description=\"\" data-image-caption=\"\" data-medium-file=\"https:\/\/i0.wp.com\/alaincardenas.com\/blog\/wp-content\/uploads\/2026\/04\/IMG_3030.jpg?fit=300%2C234&amp;ssl=1\" data-large-file=\"https:\/\/i0.wp.com\/alaincardenas.com\/blog\/wp-content\/uploads\/2026\/04\/IMG_3030.jpg?fit=584%2C455&amp;ssl=1\" decoding=\"async\" loading=\"lazy\" src=\"https:\/\/i0.wp.com\/alaincardenas.com\/blog\/wp-content\/uploads\/2026\/04\/IMG_3030.jpg?resize=385%2C300&#038;ssl=1\" alt=\"\" class=\"wp-image-9604\" width=\"385\" height=\"300\" srcset=\"https:\/\/i0.wp.com\/alaincardenas.com\/blog\/wp-content\/uploads\/2026\/04\/IMG_3030.jpg?w=770&amp;ssl=1 770w, https:\/\/i0.wp.com\/alaincardenas.com\/blog\/wp-content\/uploads\/2026\/04\/IMG_3030.jpg?resize=300%2C234&amp;ssl=1 300w, https:\/\/i0.wp.com\/alaincardenas.com\/blog\/wp-content\/uploads\/2026\/04\/IMG_3030.jpg?resize=768%2C598&amp;ssl=1 768w, https:\/\/i0.wp.com\/alaincardenas.com\/blog\/wp-content\/uploads\/2026\/04\/IMG_3030.jpg?resize=385%2C300&amp;ssl=1 385w\" sizes=\"(max-width: 385px) 100vw, 385px\" data-recalc-dims=\"1\" \/><\/a><\/figure><\/div>\n\n\n<!--more-->\n\n\n\n<p><strong>DE BEAUX DRAPS ET DES TOILES A LA HAUTEUR<\/strong><\/p>\n\n\n\n<p>V\u00e9ronique Durieux, cr\u00e9atrice et plasticienne, peintre, lithographe et ing\u00e9nieur-papier ou drap, livre son exposition peinture \/ sculpture \/ livres d\u2019artiste, prise entre ces quarante jours de Car\u00eame [du 18 f\u00e9vrier au 2 avril].<\/p>\n\n\n\n<p>L\u2019espace d\u00e9ploie d\u2019abord aux murs cinq pi\u00e8ces textiles r\u00e9alis\u00e9es \u00e0 partir de draps anciens, brod\u00e9s, qui, comme le souligne l\u2019artiste, \u00ab&nbsp;appartenaient au trousseau d&rsquo;une a\u00efeule de ma cousine Stella. Ils sont de l&rsquo;\u00e9poque de mon arri\u00e8re grand-m\u00e8re Victoria. J&rsquo;ai investi ces morceaux de drap, parvenus de la g\u00e9n\u00e9ration de Victoria jusqu&rsquo;\u00e0 moi, pour \u00e9voquer sa disparition. Cet \u00e9v\u00e8nement traumatique m&rsquo;a atteinte profond\u00e9ment malgr\u00e9 le silence qui l&rsquo;entourait. Il apparait de mani\u00e8re r\u00e9currente dans mon travail&nbsp;\u00bb. V\u00e9ronique Durieux est souvent coutumi\u00e8re de cette approche au tissu, mat\u00e9riau exceptionnel devenu support-rebut sublim\u00e9. Des livres d\u2019artiste ont \u00e9t\u00e9 ainsi cr\u00e9\u00e9s, travaill\u00e9s comme objets uniques et pr\u00e9cieux, livres-textile ou livres-papier&nbsp;: &nbsp;<em>Cort\u00e8ge<\/em>, <em>Job r\u00e9siste<\/em>, <em>La reine jamais ne dira<\/em>, <em>Traces premi\u00e8res<\/em>, <em>Bris de traces<\/em>, <em>Apr\u00e8s le tango<\/em>, \u2026<\/p>\n\n\n<div class=\"wp-block-image\">\n<figure class=\"aligncenter size-full is-resized\"><a href=\"https:\/\/i0.wp.com\/alaincardenas.com\/blog\/wp-content\/uploads\/2026\/04\/IMG_3032.jpg?ssl=1\"><img data-attachment-id=\"9605\" data-permalink=\"https:\/\/alaincardenas.com\/blog\/veronique-durieux-les-draps-de-stella\/img_3032\/\" data-orig-file=\"https:\/\/i0.wp.com\/alaincardenas.com\/blog\/wp-content\/uploads\/2026\/04\/IMG_3032.jpg?fit=887%2C1024&amp;ssl=1\" data-orig-size=\"887,1024\" data-comments-opened=\"0\" data-image-meta=\"{&quot;aperture&quot;:&quot;0&quot;,&quot;credit&quot;:&quot;&quot;,&quot;camera&quot;:&quot;&quot;,&quot;caption&quot;:&quot;&quot;,&quot;created_timestamp&quot;:&quot;0&quot;,&quot;copyright&quot;:&quot;&quot;,&quot;focal_length&quot;:&quot;0&quot;,&quot;iso&quot;:&quot;0&quot;,&quot;shutter_speed&quot;:&quot;0&quot;,&quot;title&quot;:&quot;&quot;,&quot;orientation&quot;:&quot;1&quot;}\" data-image-title=\"IMG_3032\" data-image-description=\"\" data-image-caption=\"\" data-medium-file=\"https:\/\/i0.wp.com\/alaincardenas.com\/blog\/wp-content\/uploads\/2026\/04\/IMG_3032.jpg?fit=260%2C300&amp;ssl=1\" data-large-file=\"https:\/\/i0.wp.com\/alaincardenas.com\/blog\/wp-content\/uploads\/2026\/04\/IMG_3032.jpg?fit=584%2C674&amp;ssl=1\" decoding=\"async\" loading=\"lazy\" src=\"https:\/\/i0.wp.com\/alaincardenas.com\/blog\/wp-content\/uploads\/2026\/04\/IMG_3032.jpg?resize=444%2C512&#038;ssl=1\" alt=\"\" class=\"wp-image-9605\" width=\"444\" height=\"512\" srcset=\"https:\/\/i0.wp.com\/alaincardenas.com\/blog\/wp-content\/uploads\/2026\/04\/IMG_3032.jpg?w=887&amp;ssl=1 887w, https:\/\/i0.wp.com\/alaincardenas.com\/blog\/wp-content\/uploads\/2026\/04\/IMG_3032.jpg?resize=260%2C300&amp;ssl=1 260w, https:\/\/i0.wp.com\/alaincardenas.com\/blog\/wp-content\/uploads\/2026\/04\/IMG_3032.jpg?resize=768%2C887&amp;ssl=1 768w\" sizes=\"(max-width: 444px) 100vw, 444px\" data-recalc-dims=\"1\" \/><\/a><\/figure><\/div>\n\n\n<p>En regard de ces draps, regard direct, regard biais\u00e9, \u00ab&nbsp;figurent le portrait au lavis de Victoria accompagn\u00e9 souvent du mien&nbsp;\u00bb pr\u00e9cise V\u00e9ronique Durieux. Autres \u00e9l\u00e9ments de ce bel accrochage, une s\u00e9rie de tableaux aux formats imposants [60 F ou 130 x 97 cm], de grands tableaux peints \u00e0 l&rsquo;acrylique dans les ann\u00e9es 2000, \u00e9voquant de mani\u00e8re non dite les camps. <\/p>\n\n\n\n<figure class=\"wp-block-gallery has-nested-images columns-default is-cropped wp-block-gallery-1 is-layout-flex\">\n<figure class=\"wp-block-image size-large\"><a href=\"https:\/\/i0.wp.com\/alaincardenas.com\/blog\/wp-content\/uploads\/2026\/04\/IMG_3038.jpg?ssl=1\"><img data-attachment-id=\"9607\" data-permalink=\"https:\/\/alaincardenas.com\/blog\/veronique-durieux-les-draps-de-stella\/img_3038\/\" data-orig-file=\"https:\/\/i0.wp.com\/alaincardenas.com\/blog\/wp-content\/uploads\/2026\/04\/IMG_3038.jpg?fit=708%2C1024&amp;ssl=1\" data-orig-size=\"708,1024\" data-comments-opened=\"0\" data-image-meta=\"{&quot;aperture&quot;:&quot;0&quot;,&quot;credit&quot;:&quot;&quot;,&quot;camera&quot;:&quot;&quot;,&quot;caption&quot;:&quot;&quot;,&quot;created_timestamp&quot;:&quot;0&quot;,&quot;copyright&quot;:&quot;&quot;,&quot;focal_length&quot;:&quot;0&quot;,&quot;iso&quot;:&quot;0&quot;,&quot;shutter_speed&quot;:&quot;0&quot;,&quot;title&quot;:&quot;&quot;,&quot;orientation&quot;:&quot;1&quot;}\" data-image-title=\"IMG_3038\" data-image-description=\"\" data-image-caption=\"\" data-medium-file=\"https:\/\/i0.wp.com\/alaincardenas.com\/blog\/wp-content\/uploads\/2026\/04\/IMG_3038.jpg?fit=207%2C300&amp;ssl=1\" data-large-file=\"https:\/\/i0.wp.com\/alaincardenas.com\/blog\/wp-content\/uploads\/2026\/04\/IMG_3038.jpg?fit=584%2C845&amp;ssl=1\" decoding=\"async\" loading=\"lazy\" width=\"584\" height=\"845\" data-id=\"9607\"  src=\"https:\/\/i0.wp.com\/alaincardenas.com\/blog\/wp-content\/uploads\/2026\/04\/IMG_3038.jpg?resize=584%2C845&#038;ssl=1\" alt=\"\" class=\"wp-image-9607\" srcset=\"https:\/\/i0.wp.com\/alaincardenas.com\/blog\/wp-content\/uploads\/2026\/04\/IMG_3038.jpg?w=708&amp;ssl=1 708w, https:\/\/i0.wp.com\/alaincardenas.com\/blog\/wp-content\/uploads\/2026\/04\/IMG_3038.jpg?resize=207%2C300&amp;ssl=1 207w\" sizes=\"(max-width: 584px) 100vw, 584px\" data-recalc-dims=\"1\" \/><\/a><\/figure>\n\n\n\n<figure class=\"wp-block-image size-large\"><a href=\"https:\/\/i0.wp.com\/alaincardenas.com\/blog\/wp-content\/uploads\/2026\/04\/IMG_3037.jpg?ssl=1\"><img data-attachment-id=\"9606\" data-permalink=\"https:\/\/alaincardenas.com\/blog\/veronique-durieux-les-draps-de-stella\/img_3037\/\" data-orig-file=\"https:\/\/i0.wp.com\/alaincardenas.com\/blog\/wp-content\/uploads\/2026\/04\/IMG_3037.jpg?fit=576%2C768&amp;ssl=1\" data-orig-size=\"576,768\" data-comments-opened=\"0\" data-image-meta=\"{&quot;aperture&quot;:&quot;0&quot;,&quot;credit&quot;:&quot;&quot;,&quot;camera&quot;:&quot;&quot;,&quot;caption&quot;:&quot;&quot;,&quot;created_timestamp&quot;:&quot;0&quot;,&quot;copyright&quot;:&quot;&quot;,&quot;focal_length&quot;:&quot;0&quot;,&quot;iso&quot;:&quot;0&quot;,&quot;shutter_speed&quot;:&quot;0&quot;,&quot;title&quot;:&quot;&quot;,&quot;orientation&quot;:&quot;1&quot;}\" data-image-title=\"IMG_3037\" data-image-description=\"\" data-image-caption=\"\" data-medium-file=\"https:\/\/i0.wp.com\/alaincardenas.com\/blog\/wp-content\/uploads\/2026\/04\/IMG_3037.jpg?fit=225%2C300&amp;ssl=1\" data-large-file=\"https:\/\/i0.wp.com\/alaincardenas.com\/blog\/wp-content\/uploads\/2026\/04\/IMG_3037.jpg?fit=576%2C768&amp;ssl=1\" decoding=\"async\" loading=\"lazy\" width=\"576\" height=\"768\" data-id=\"9606\"  src=\"https:\/\/i0.wp.com\/alaincardenas.com\/blog\/wp-content\/uploads\/2026\/04\/IMG_3037.jpg?resize=576%2C768&#038;ssl=1\" alt=\"\" class=\"wp-image-9606\" srcset=\"https:\/\/i0.wp.com\/alaincardenas.com\/blog\/wp-content\/uploads\/2026\/04\/IMG_3037.jpg?w=576&amp;ssl=1 576w, https:\/\/i0.wp.com\/alaincardenas.com\/blog\/wp-content\/uploads\/2026\/04\/IMG_3037.jpg?resize=225%2C300&amp;ssl=1 225w\" sizes=\"(max-width: 576px) 100vw, 576px\" data-recalc-dims=\"1\" \/><\/a><\/figure>\n<\/figure>\n\n\n\n<blockquote class=\"wp-block-quote\">\n<p>\u00ab&nbsp;J&rsquo;avais d\u00e9couvert, continue l\u2019artiste, avec beaucoup d&rsquo;\u00e9motion la peinture de Zoran Mu\u0161i\u010d (1909, Bukovica [Slov\u00e9nie]-2005, Venise). Parmi ces tableaux, la s\u00e9rie de peinture <em>Femmes montagnes,<\/em> qui modulent une envie d\u2019abstraction presque lyrique, un dialogue muet entre peinture et calligraphie&nbsp;\u00bb&nbsp; (\u2026) \u00ab&nbsp;Je montre aussi au visiteur des pi\u00e8ces de mes deux derni\u00e8res expositions, <em>La travers\u00e9e du d\u00e9sir<\/em> en 2022, et <em>R\u00eave debout<\/em> en 2024. Une qu\u00eate de lumi\u00e8re, d&rsquo;amour, dans le r\u00eave vient ainsi affirmer que la vie et qu&rsquo;un certain bonheur demeurent n\u00e9anmoins possibles&nbsp;\u00bb.<\/p>\n<\/blockquote>\n\n\n\n<p>Prise entre optimisme et constatation d\u2019un monde d\u00e9chu, cette artiste-ph\u00e9nix renouvelle ses th\u00e8mes qu\u2019elle travaille \u00e0 bras le corps et l\u2019esprit, insufflant \u00e0 son \u0153uvre en constant devenir une force et une attractivit\u00e9 \u00e9tonnantes, un rythme o\u00f9 la gestuelle est calligraphique, livr\u00e9e aux regards lors d\u2019\u00e9v\u00e9nements comme <em>Tango sc\u00e9nique<\/em>, que cette plasticienne danse avec Serge Dahan.<\/p>\n\n\n\n<figure class=\"wp-block-gallery has-nested-images columns-default is-cropped wp-block-gallery-3 is-layout-flex\">\n<figure class=\"wp-block-image size-large\"><a href=\"https:\/\/i0.wp.com\/alaincardenas.com\/blog\/wp-content\/uploads\/2026\/04\/IMG_3043.jpg?ssl=1\"><img data-attachment-id=\"9612\" data-permalink=\"https:\/\/alaincardenas.com\/blog\/veronique-durieux-les-draps-de-stella\/img_3043\/\" data-orig-file=\"https:\/\/i0.wp.com\/alaincardenas.com\/blog\/wp-content\/uploads\/2026\/04\/IMG_3043.jpg?fit=1024%2C705&amp;ssl=1\" data-orig-size=\"1024,705\" data-comments-opened=\"0\" data-image-meta=\"{&quot;aperture&quot;:&quot;0&quot;,&quot;credit&quot;:&quot;&quot;,&quot;camera&quot;:&quot;&quot;,&quot;caption&quot;:&quot;&quot;,&quot;created_timestamp&quot;:&quot;0&quot;,&quot;copyright&quot;:&quot;&quot;,&quot;focal_length&quot;:&quot;0&quot;,&quot;iso&quot;:&quot;0&quot;,&quot;shutter_speed&quot;:&quot;0&quot;,&quot;title&quot;:&quot;&quot;,&quot;orientation&quot;:&quot;1&quot;}\" data-image-title=\"IMG_3043\" data-image-description=\"\" data-image-caption=\"\" data-medium-file=\"https:\/\/i0.wp.com\/alaincardenas.com\/blog\/wp-content\/uploads\/2026\/04\/IMG_3043.jpg?fit=300%2C207&amp;ssl=1\" data-large-file=\"https:\/\/i0.wp.com\/alaincardenas.com\/blog\/wp-content\/uploads\/2026\/04\/IMG_3043.jpg?fit=584%2C402&amp;ssl=1\" decoding=\"async\" loading=\"lazy\" width=\"584\" height=\"402\" data-id=\"9612\"  src=\"https:\/\/i0.wp.com\/alaincardenas.com\/blog\/wp-content\/uploads\/2026\/04\/IMG_3043.jpg?resize=584%2C402&#038;ssl=1\" alt=\"\" class=\"wp-image-9612\" srcset=\"https:\/\/i0.wp.com\/alaincardenas.com\/blog\/wp-content\/uploads\/2026\/04\/IMG_3043.jpg?w=1024&amp;ssl=1 1024w, https:\/\/i0.wp.com\/alaincardenas.com\/blog\/wp-content\/uploads\/2026\/04\/IMG_3043.jpg?resize=300%2C207&amp;ssl=1 300w, https:\/\/i0.wp.com\/alaincardenas.com\/blog\/wp-content\/uploads\/2026\/04\/IMG_3043.jpg?resize=768%2C529&amp;ssl=1 768w, https:\/\/i0.wp.com\/alaincardenas.com\/blog\/wp-content\/uploads\/2026\/04\/IMG_3043.jpg?resize=436%2C300&amp;ssl=1 436w\" sizes=\"(max-width: 584px) 100vw, 584px\" data-recalc-dims=\"1\" \/><\/a><\/figure>\n\n\n\n<figure class=\"wp-block-image size-large\"><a href=\"https:\/\/i0.wp.com\/alaincardenas.com\/blog\/wp-content\/uploads\/2026\/04\/IMG_3041.jpg?ssl=1\"><img data-attachment-id=\"9610\" data-permalink=\"https:\/\/alaincardenas.com\/blog\/veronique-durieux-les-draps-de-stella\/img_3041\/\" data-orig-file=\"https:\/\/i0.wp.com\/alaincardenas.com\/blog\/wp-content\/uploads\/2026\/04\/IMG_3041.jpg?fit=998%2C768&amp;ssl=1\" data-orig-size=\"998,768\" data-comments-opened=\"0\" data-image-meta=\"{&quot;aperture&quot;:&quot;0&quot;,&quot;credit&quot;:&quot;&quot;,&quot;camera&quot;:&quot;&quot;,&quot;caption&quot;:&quot;&quot;,&quot;created_timestamp&quot;:&quot;0&quot;,&quot;copyright&quot;:&quot;&quot;,&quot;focal_length&quot;:&quot;0&quot;,&quot;iso&quot;:&quot;0&quot;,&quot;shutter_speed&quot;:&quot;0&quot;,&quot;title&quot;:&quot;&quot;,&quot;orientation&quot;:&quot;1&quot;}\" data-image-title=\"IMG_3041\" data-image-description=\"\" data-image-caption=\"\" data-medium-file=\"https:\/\/i0.wp.com\/alaincardenas.com\/blog\/wp-content\/uploads\/2026\/04\/IMG_3041.jpg?fit=300%2C231&amp;ssl=1\" data-large-file=\"https:\/\/i0.wp.com\/alaincardenas.com\/blog\/wp-content\/uploads\/2026\/04\/IMG_3041.jpg?fit=584%2C449&amp;ssl=1\" decoding=\"async\" loading=\"lazy\" width=\"584\" height=\"449\" data-id=\"9610\"  src=\"https:\/\/i0.wp.com\/alaincardenas.com\/blog\/wp-content\/uploads\/2026\/04\/IMG_3041.jpg?resize=584%2C449&#038;ssl=1\" alt=\"\" class=\"wp-image-9610\" srcset=\"https:\/\/i0.wp.com\/alaincardenas.com\/blog\/wp-content\/uploads\/2026\/04\/IMG_3041.jpg?w=998&amp;ssl=1 998w, https:\/\/i0.wp.com\/alaincardenas.com\/blog\/wp-content\/uploads\/2026\/04\/IMG_3041.jpg?resize=300%2C231&amp;ssl=1 300w, https:\/\/i0.wp.com\/alaincardenas.com\/blog\/wp-content\/uploads\/2026\/04\/IMG_3041.jpg?resize=768%2C591&amp;ssl=1 768w, https:\/\/i0.wp.com\/alaincardenas.com\/blog\/wp-content\/uploads\/2026\/04\/IMG_3041.jpg?resize=390%2C300&amp;ssl=1 390w\" sizes=\"(max-width: 584px) 100vw, 584px\" data-recalc-dims=\"1\" \/><\/a><\/figure>\n\n\n\n<figure class=\"wp-block-image size-large\"><a href=\"https:\/\/i0.wp.com\/alaincardenas.com\/blog\/wp-content\/uploads\/2026\/04\/IMG_3040.jpg?ssl=1\"><img data-attachment-id=\"9609\" data-permalink=\"https:\/\/alaincardenas.com\/blog\/veronique-durieux-les-draps-de-stella\/img_3040\/\" data-orig-file=\"https:\/\/i0.wp.com\/alaincardenas.com\/blog\/wp-content\/uploads\/2026\/04\/IMG_3040.jpg?fit=677%2C600&amp;ssl=1\" data-orig-size=\"677,600\" data-comments-opened=\"0\" data-image-meta=\"{&quot;aperture&quot;:&quot;0&quot;,&quot;credit&quot;:&quot;&quot;,&quot;camera&quot;:&quot;&quot;,&quot;caption&quot;:&quot;&quot;,&quot;created_timestamp&quot;:&quot;0&quot;,&quot;copyright&quot;:&quot;&quot;,&quot;focal_length&quot;:&quot;0&quot;,&quot;iso&quot;:&quot;0&quot;,&quot;shutter_speed&quot;:&quot;0&quot;,&quot;title&quot;:&quot;&quot;,&quot;orientation&quot;:&quot;1&quot;}\" data-image-title=\"IMG_3040\" data-image-description=\"\" data-image-caption=\"\" data-medium-file=\"https:\/\/i0.wp.com\/alaincardenas.com\/blog\/wp-content\/uploads\/2026\/04\/IMG_3040.jpg?fit=300%2C266&amp;ssl=1\" data-large-file=\"https:\/\/i0.wp.com\/alaincardenas.com\/blog\/wp-content\/uploads\/2026\/04\/IMG_3040.jpg?fit=584%2C518&amp;ssl=1\" decoding=\"async\" loading=\"lazy\" width=\"584\" height=\"518\" data-id=\"9609\"  src=\"https:\/\/i0.wp.com\/alaincardenas.com\/blog\/wp-content\/uploads\/2026\/04\/IMG_3040.jpg?resize=584%2C518&#038;ssl=1\" alt=\"\" class=\"wp-image-9609\" srcset=\"https:\/\/i0.wp.com\/alaincardenas.com\/blog\/wp-content\/uploads\/2026\/04\/IMG_3040.jpg?w=677&amp;ssl=1 677w, https:\/\/i0.wp.com\/alaincardenas.com\/blog\/wp-content\/uploads\/2026\/04\/IMG_3040.jpg?resize=300%2C266&amp;ssl=1 300w, https:\/\/i0.wp.com\/alaincardenas.com\/blog\/wp-content\/uploads\/2026\/04\/IMG_3040.jpg?resize=339%2C300&amp;ssl=1 339w\" sizes=\"(max-width: 584px) 100vw, 584px\" data-recalc-dims=\"1\" \/><\/a><\/figure>\n<\/figure>\n\n\n\n<p>Outre les groupes de sculptures travaill\u00e9s en creux et dont le r\u00f4le th\u00e9rapeutique autant qu\u2019esth\u00e9tique est pr\u00e9cis\u00e9 par des mots peints en partie non visible a priori, une s\u00e9lection de livres que l\u2019artiste ne cesse d\u2019\u00e9diter et de publier sur son parcours compl\u00e8te ce floril\u00e8ge.<\/p>\n\n\n\n<p>Ce lieu remarquable va-t-il phagocyter progressivement tout le 36 boulevard d\u2019Ornano&nbsp;? Dans l\u2019imm\u00e9diat, un accueil in situ jusqu\u2019au 23 mars, puis sur rendez-vous \u2026 Un tel lieu se m\u00e9rite, attention \u00e0 ne pas laisser passer les bonnes dates.<\/p>\n\n\n<div class=\"wp-block-image\">\n<figure class=\"aligncenter size-full is-resized\"><a href=\"https:\/\/i0.wp.com\/alaincardenas.com\/blog\/wp-content\/uploads\/2026\/04\/IMG_3042.jpg?ssl=1\"><img data-attachment-id=\"9611\" data-permalink=\"https:\/\/alaincardenas.com\/blog\/veronique-durieux-les-draps-de-stella\/img_3042\/\" data-orig-file=\"https:\/\/i0.wp.com\/alaincardenas.com\/blog\/wp-content\/uploads\/2026\/04\/IMG_3042.jpg?fit=576%2C768&amp;ssl=1\" data-orig-size=\"576,768\" data-comments-opened=\"0\" data-image-meta=\"{&quot;aperture&quot;:&quot;0&quot;,&quot;credit&quot;:&quot;&quot;,&quot;camera&quot;:&quot;&quot;,&quot;caption&quot;:&quot;&quot;,&quot;created_timestamp&quot;:&quot;0&quot;,&quot;copyright&quot;:&quot;&quot;,&quot;focal_length&quot;:&quot;0&quot;,&quot;iso&quot;:&quot;0&quot;,&quot;shutter_speed&quot;:&quot;0&quot;,&quot;title&quot;:&quot;&quot;,&quot;orientation&quot;:&quot;1&quot;}\" data-image-title=\"IMG_3042\" data-image-description=\"\" data-image-caption=\"\" data-medium-file=\"https:\/\/i0.wp.com\/alaincardenas.com\/blog\/wp-content\/uploads\/2026\/04\/IMG_3042.jpg?fit=225%2C300&amp;ssl=1\" data-large-file=\"https:\/\/i0.wp.com\/alaincardenas.com\/blog\/wp-content\/uploads\/2026\/04\/IMG_3042.jpg?fit=576%2C768&amp;ssl=1\" decoding=\"async\" loading=\"lazy\" src=\"https:\/\/i0.wp.com\/alaincardenas.com\/blog\/wp-content\/uploads\/2026\/04\/IMG_3042.jpg?resize=288%2C384&#038;ssl=1\" alt=\"\" class=\"wp-image-9611\" width=\"288\" height=\"384\" srcset=\"https:\/\/i0.wp.com\/alaincardenas.com\/blog\/wp-content\/uploads\/2026\/04\/IMG_3042.jpg?w=576&amp;ssl=1 576w, https:\/\/i0.wp.com\/alaincardenas.com\/blog\/wp-content\/uploads\/2026\/04\/IMG_3042.jpg?resize=225%2C300&amp;ssl=1 225w\" sizes=\"(max-width: 288px) 100vw, 288px\" data-recalc-dims=\"1\" \/><\/a><figcaption class=\"wp-element-caption\">V\u00e9ronique Durieux dans sa galerie-atelier, le 36.6<\/figcaption><\/figure><\/div>","protected":false},"excerpt":{"rendered":"<p>par Christophe Comentale Exposition au 36.6, 36 boulevard d\u2019Ornano, Paris 18e du 19 au 23 mars 2026 de 17h \u00e0 21h, puis, au-del\u00e0 de cette date, sur rendez-vous&nbsp;: revdurieux@gmail.com Compte-rendu d\u2019exposition LE 36.6 Une nouvelle exposition de V\u00e9ronique Durieux se &hellip; <a href=\"https:\/\/alaincardenas.com\/blog\/veronique-durieux-les-draps-de-stella\/\">Continuer la lecture <span class=\"meta-nav\">&rarr;<\/span><\/a><\/p>\n","protected":false},"author":1,"featured_media":0,"comment_status":"closed","ping_status":"closed","sticky":false,"template":"","format":"standard","meta":{"sfsi_plus_gutenberg_text_before_share":"","sfsi_plus_gutenberg_show_text_before_share":"","sfsi_plus_gutenberg_icon_type":"","sfsi_plus_gutenberg_icon_alignemt":"","sfsi_plus_gutenburg_max_per_row":"","jetpack_post_was_ever_published":false,"_jetpack_newsletter_access":"","_jetpack_newsletter_tier_id":0,"jetpack_publicize_message":"","jetpack_is_tweetstorm":false,"jetpack_publicize_feature_enabled":true,"jetpack_social_post_already_shared":true,"jetpack_social_options":{"image_generator_settings":{"template":"highway","enabled":false}}},"categories":[42,21,1,22],"tags":[45,8,9,39],"jetpack_publicize_connections":[],"jetpack_featured_media_url":"","jetpack_sharing_enabled":true,"jetpack_shortlink":"https:\/\/wp.me\/p8Mijt-2ux","jetpack_likes_enabled":true,"jetpack-related-posts":[{"id":9190,"url":"https:\/\/alaincardenas.com\/blog\/zhang-hua-le-visiteur-inattendu-et-discret-de-cocteau-et-de-van-dongen-a-paris-14e\/","url_meta":{"origin":9581,"position":0},"title":"Zhang Hua, le visiteur inattendu et discret de Cocteau et de Van Dongen \u00e0 Paris 14e","author":"admin","date":"2025-09-22","format":false,"excerpt":"par Alain Cardenas-Castro Exposition Zhang Hua, Espace F360 Librairie Galerie Salon de Th\u00e9, 5, rue Mignon, Paris 6e. Exposition du 23 septembre au 18 octobre 2025, vernissage le 25 septembre de 18 \u00e0 21 h. Le samedi 4 octobre, de 15 h \u00e0 17 h, conf\u00e9rence de M. Christophe Comentale\u2026","rel":"","context":"Dans &quot;Asie&quot;","block_context":{"text":"Asie","link":"https:\/\/alaincardenas.com\/blog\/category\/asie\/"},"img":{"alt_text":"","src":"https:\/\/i0.wp.com\/alaincardenas.com\/blog\/wp-content\/uploads\/2025\/09\/carte-inviitation-expo-Zhang-Hua.jpg?resize=350%2C200&ssl=1","width":350,"height":200},"classes":[]},{"id":6890,"url":"https:\/\/alaincardenas.com\/blog\/quelques-considerations-eparses-sur-le-corps\/","url_meta":{"origin":9581,"position":1},"title":"Quelques consid\u00e9rations \u00e9parses sur le corps","author":"admin","date":"2023-03-17","format":false,"excerpt":"DE LA T\u00caTE AUX PIEDS par Christophe Comentale Les addictions sont toujours les m\u00eames, entre ceux qui matent et ceux qui exhibent, \u00e7a se rejoint assez bien, et surtout, le jeu dure, ne cesse de se d\u00e9velopper, de s\u2019intensifier pour mourir puis rena\u00eetre ici et l\u00e0. Les graines parfois d\u00e9pos\u00e9es,\u2026","rel":"","context":"Dans &quot;Compte-rendu&quot;","block_context":{"text":"Compte-rendu","link":"https:\/\/alaincardenas.com\/blog\/category\/compte-rendu\/"},"img":{"alt_text":"","src":"https:\/\/i0.wp.com\/alaincardenas.com\/blog\/wp-content\/uploads\/2023\/03\/2-boucle-bellini-b.jpg?resize=350%2C200&ssl=1","width":350,"height":200},"classes":[]},{"id":6335,"url":"https:\/\/alaincardenas.com\/blog\/regis-seneque-exposition-passe-vivant\/","url_meta":{"origin":9581,"position":2},"title":"R\u00e9gis S\u00e9n\u00e8que\u00a0: Exposition Pass\u00e9 vivant","author":"admin","date":"2022-06-10","format":false,"excerpt":"par Clara Ruestchmann et Christophe Comentale \u00a0 Rencontre entre un cr\u00e9ateur et des architectes humanistes le temps d\u2019une exposition. R\u00e9gis S\u00e9n\u00e8que (1970, Paris), plasticien, fresquiste et photographe investit au 8 bis rue d\u2019Annam, l\u2019atelier Martel, un collectif d\u2019architectes engag\u00e9 dans le soutien \u00e0 la cr\u00e9ation artistique et \u0153uvrant pour une\u2026","rel":"","context":"Dans &quot;Asie&quot;","block_context":{"text":"Asie","link":"https:\/\/alaincardenas.com\/blog\/category\/asie\/"},"img":{"alt_text":"","src":"https:\/\/i0.wp.com\/alaincardenas.com\/blog\/wp-content\/uploads\/2022\/06\/Re\u00cc\u0081gis_Se\u00cc\u0081ne\u00cc\u0080que_Passe\u00cc\u0081_vivant_01.jpg?resize=350%2C200&ssl=1","width":350,"height":200,"srcset":"https:\/\/i0.wp.com\/alaincardenas.com\/blog\/wp-content\/uploads\/2022\/06\/Re\u00cc\u0081gis_Se\u00cc\u0081ne\u00cc\u0080que_Passe\u00cc\u0081_vivant_01.jpg?resize=350%2C200&ssl=1 1x, https:\/\/i0.wp.com\/alaincardenas.com\/blog\/wp-content\/uploads\/2022\/06\/Re\u00cc\u0081gis_Se\u00cc\u0081ne\u00cc\u0080que_Passe\u00cc\u0081_vivant_01.jpg?resize=525%2C300&ssl=1 1.5x"},"classes":[]},{"id":3145,"url":"https:\/\/alaincardenas.com\/blog\/graver-lunivers-dans-un-pouce-carre-deux-mots-sur-les-cachets-chinois\/","url_meta":{"origin":9581,"position":3},"title":"Graver l&rsquo;univers dans un pouce carr\u00e9. Deux mots sur les cachets chinois","author":"admin","date":"2019-02-13","format":false,"excerpt":"par Laurent Long Le sceau reste indispensable pour tout acte officiel en Extr\u00eame-Orient : ch\u00e8que, contrat... o\u00f9 il remplace notre signature. Mais, contrairement \u00e0 nos tampons en caoutchouc purement utilitaires, le cachet est, en Chine, un \u00e9l\u00e9ment \u00e0 part enti\u00e8re de la culture savante. Depuis les environs du Ve si\u00e8cle\u2026","rel":"","context":"Dans &quot;Asie&quot;","block_context":{"text":"Asie","link":"https:\/\/alaincardenas.com\/blog\/category\/asie\/"},"img":{"alt_text":"","src":"https:\/\/i0.wp.com\/alaincardenas.com\/blog\/wp-content\/uploads\/2019\/02\/Capture-d\u00e2\u0080\u0099\u00c3\u00a9cran-2019-02-13-\u00c3\u00a0-22.02.55.jpg?resize=350%2C200&ssl=1","width":350,"height":200},"classes":[]},{"id":5228,"url":"https:\/\/alaincardenas.com\/blog\/oeuvres-magiques-et-polychromes-dalain-cardenas-castro-papiers-livres-dartiste-sculptures-et-autres-supports\/","url_meta":{"origin":9581,"position":4},"title":"\u0152uvres magiques et polychromes d\u2019Alain Cardenas-Castro. Papiers, livres d\u2019artiste, sculptures et autres supports","author":"admin","date":"2020-07-14","format":false,"excerpt":"G\u00e9ographie \u00e9ph\u00e9m\u00e8re,\u00a0Galerie Younique,\u00a065 rue Pascal 75013 Paris,\u00a0du 13 septembre au 17 octobre 2020 compte-rendu par Marie-Paule Peronnet Ann\u00e9es 2018 \u00e0 2020. Une succession d\u2019\u0153uvres pour une chronologie triennale propitiatoire, sur suite d\u2019\u00e9v\u00e9nements num\u00e9riques et patrimoniaux en France, en Asie et au P\u00e9rou. Des manifestations qui montrent la pr\u00e9sence interactive d\u2019Alain\u2026","rel":"","context":"Dans &quot;Am\u00e9rique latine&quot;","block_context":{"text":"Am\u00e9rique latine","link":"https:\/\/alaincardenas.com\/blog\/category\/amerique-latine\/"},"img":{"alt_text":"","src":"https:\/\/i0.wp.com\/alaincardenas.com\/blog\/wp-content\/uploads\/2020\/07\/IMG_2736.jpg?resize=350%2C200&ssl=1","width":350,"height":200,"srcset":"https:\/\/i0.wp.com\/alaincardenas.com\/blog\/wp-content\/uploads\/2020\/07\/IMG_2736.jpg?resize=350%2C200&ssl=1 1x, https:\/\/i0.wp.com\/alaincardenas.com\/blog\/wp-content\/uploads\/2020\/07\/IMG_2736.jpg?resize=525%2C300&ssl=1 1.5x, https:\/\/i0.wp.com\/alaincardenas.com\/blog\/wp-content\/uploads\/2020\/07\/IMG_2736.jpg?resize=700%2C400&ssl=1 2x"},"classes":[]},{"id":9036,"url":"https:\/\/alaincardenas.com\/blog\/familial-peintures-et-sculptures-de-vp-vasuhan-une-exposition-a-tonnerre\/","url_meta":{"origin":9581,"position":5},"title":"FAMILIAL. PEINTURES ET SCULPTURES DE VP. VASUHAN. UNE EXPOSITION \u00c0 TONNERRE","author":"admin","date":"2025-08-15","format":false,"excerpt":"par Christophe Comentale Masques. Nuit blanche. Habitat-souvenir. Performance dans les rues de Tonnerre, \u2026 Ce plasticien - n\u00e9 au Sri-Lanka voil\u00e0 48 ans - encha\u00eene ses cr\u00e9ations in situ, en parall\u00e8le aux expositions montrant tout autant sa pratique de peintre, de dessinateur, de graveur. Compte-rendu d\u2019une exposition estivale. Tonnerre. Espace\u2026","rel":"","context":"Dans &quot;Asie&quot;","block_context":{"text":"Asie","link":"https:\/\/alaincardenas.com\/blog\/category\/asie\/"},"img":{"alt_text":"","src":"https:\/\/i0.wp.com\/alaincardenas.com\/blog\/wp-content\/uploads\/2025\/08\/IMG_0721.jpg?resize=350%2C200&ssl=1","width":350,"height":200},"classes":[]}],"_links":{"self":[{"href":"https:\/\/alaincardenas.com\/blog\/wp-json\/wp\/v2\/posts\/9581"}],"collection":[{"href":"https:\/\/alaincardenas.com\/blog\/wp-json\/wp\/v2\/posts"}],"about":[{"href":"https:\/\/alaincardenas.com\/blog\/wp-json\/wp\/v2\/types\/post"}],"author":[{"embeddable":true,"href":"https:\/\/alaincardenas.com\/blog\/wp-json\/wp\/v2\/users\/1"}],"replies":[{"embeddable":true,"href":"https:\/\/alaincardenas.com\/blog\/wp-json\/wp\/v2\/comments?post=9581"}],"version-history":[{"count":3,"href":"https:\/\/alaincardenas.com\/blog\/wp-json\/wp\/v2\/posts\/9581\/revisions"}],"predecessor-version":[{"id":9617,"href":"https:\/\/alaincardenas.com\/blog\/wp-json\/wp\/v2\/posts\/9581\/revisions\/9617"}],"wp:attachment":[{"href":"https:\/\/alaincardenas.com\/blog\/wp-json\/wp\/v2\/media?parent=9581"}],"wp:term":[{"taxonomy":"category","embeddable":true,"href":"https:\/\/alaincardenas.com\/blog\/wp-json\/wp\/v2\/categories?post=9581"},{"taxonomy":"post_tag","embeddable":true,"href":"https:\/\/alaincardenas.com\/blog\/wp-json\/wp\/v2\/tags?post=9581"}],"curies":[{"name":"wp","href":"https:\/\/api.w.org\/{rel}","templated":true}]}}