{"id":9508,"date":"2026-03-30T22:29:33","date_gmt":"2026-03-30T20:29:33","guid":{"rendered":"https:\/\/alaincardenas.com\/blog\/?p=9508"},"modified":"2026-04-02T22:05:06","modified_gmt":"2026-04-02T20:05:06","slug":"drawing-now-paris-26-29-mars-202619e-edition-de-francis-picabia-a-tudi-deligne","status":"publish","type":"post","link":"https:\/\/alaincardenas.com\/blog\/drawing-now-paris-26-29-mars-202619e-edition-de-francis-picabia-a-tudi-deligne\/","title":{"rendered":"DRAWING NOW PARIS. 26-29 MARS 2026,19e \u00e9dition. De Francis Picabia \u00e0 Tudi Deligne"},"content":{"rendered":"\n<p>par Christophe Comentale et Alain Cardenas-Castro<\/p>\n\n\n\n<p>Sur 71 galeries venues de 13 pays et pr\u00e9sentant cette ann\u00e9e 300 artistes, trois ou quatre cr\u00e9ateurs ont capt\u00e9 notre attention. Entre dessin, livre d\u2019artiste et \u0153uvre composite. Entre nouveaux artistes et croisements entre tradition et nouvelles technologies, entre dessin et image anim\u00e9e&#8230; Il n\u2019emp\u00eache que des aquarelles de Marie Laurencin ou Francis Picabia aper\u00e7ues au 1<sup>er<\/sup> niveau confortent le visiteur sur la r\u00e9elle et constante importance de ce patrimoine qui ne cesse de conserver un pouvoir de fascination unique.<\/p>\n\n\n<div class=\"wp-block-image\">\n<figure class=\"aligncenter size-full is-resized\"><a href=\"https:\/\/i0.wp.com\/alaincardenas.com\/blog\/wp-content\/uploads\/2026\/03\/3.-gal.-Richard-Saltoun-Laurencin-Picabia.jpg?ssl=1\"><img data-attachment-id=\"9512\" data-permalink=\"https:\/\/alaincardenas.com\/blog\/drawing-now-paris-26-29-mars-202619e-edition-de-francis-picabia-a-tudi-deligne\/3-gal-richard-saltoun-laurencin-picabia\/\" data-orig-file=\"https:\/\/i0.wp.com\/alaincardenas.com\/blog\/wp-content\/uploads\/2026\/03\/3.-gal.-Richard-Saltoun-Laurencin-Picabia.jpg?fit=288%2C480&amp;ssl=1\" data-orig-size=\"288,480\" data-comments-opened=\"0\" data-image-meta=\"{&quot;aperture&quot;:&quot;1.6&quot;,&quot;credit&quot;:&quot;&quot;,&quot;camera&quot;:&quot;iPhone 15 Plus&quot;,&quot;caption&quot;:&quot;&quot;,&quot;created_timestamp&quot;:&quot;1774449529&quot;,&quot;copyright&quot;:&quot;&quot;,&quot;focal_length&quot;:&quot;5.96&quot;,&quot;iso&quot;:&quot;32&quot;,&quot;shutter_speed&quot;:&quot;0.0072463768115942&quot;,&quot;title&quot;:&quot;&quot;,&quot;orientation&quot;:&quot;1&quot;}\" data-image-title=\"3. gal. Richard Saltoun, Laurencin &#038; Picabia\" data-image-description=\"\" data-image-caption=\"\" data-medium-file=\"https:\/\/i0.wp.com\/alaincardenas.com\/blog\/wp-content\/uploads\/2026\/03\/3.-gal.-Richard-Saltoun-Laurencin-Picabia.jpg?fit=180%2C300&amp;ssl=1\" data-large-file=\"https:\/\/i0.wp.com\/alaincardenas.com\/blog\/wp-content\/uploads\/2026\/03\/3.-gal.-Richard-Saltoun-Laurencin-Picabia.jpg?fit=288%2C480&amp;ssl=1\" decoding=\"async\" loading=\"lazy\" src=\"https:\/\/i0.wp.com\/alaincardenas.com\/blog\/wp-content\/uploads\/2026\/03\/3.-gal.-Richard-Saltoun-Laurencin-Picabia.jpg?resize=216%2C360&#038;ssl=1\" alt=\"\" class=\"wp-image-9512\" width=\"216\" height=\"360\" srcset=\"https:\/\/i0.wp.com\/alaincardenas.com\/blog\/wp-content\/uploads\/2026\/03\/3.-gal.-Richard-Saltoun-Laurencin-Picabia.jpg?w=288&amp;ssl=1 288w, https:\/\/i0.wp.com\/alaincardenas.com\/blog\/wp-content\/uploads\/2026\/03\/3.-gal.-Richard-Saltoun-Laurencin-Picabia.jpg?resize=180%2C300&amp;ssl=1 180w\" sizes=\"(max-width: 216px) 100vw, 216px\" data-recalc-dims=\"1\" \/><\/a><figcaption class=\"wp-element-caption\">Marie Laurencin. <em>Deux jeunes danseurs<\/em> (ca 1930), aquarelle sur papier, 33,5 x 24,5 cm ; Francis Picabia. <em>Sans titre<\/em> (sd), aquarelle &amp; crayon sur papier, 24 x 19 cm, Galerie Richard Saltoun<\/figcaption><\/figure><\/div>\n\n\n<!--more-->\n\n\n\n<p><strong>Avec du vieux on fait du neuf.<\/strong> <strong>Des tissus et fripes aux papiers sublimes<\/strong><\/p>\n\n\n\n<p>Impossible de ne pas \u00e9voquer le pass\u00e9, celui qui nourrit la densit\u00e9 du pr\u00e9sent&nbsp;!<\/p>\n\n\n\n<p>Le carreau du temple est pass\u00e9 du march\u00e9 du tissu \u00e0 celui du papier, en l\u2019occurrence de la cr\u00e9ation sur papier et supports d\u00e9riv\u00e9s.&nbsp; Du march\u00e9 attest\u00e9 au Moyen Age et encore prosp\u00e8re au 18e s., prosp\u00e9rit\u00e9 due au fait que cet enclos jouissait du droit d&rsquo;asile, en particulier pour les d\u00e9biteurs insolvables. Ainsi, du privil\u00e8ge tr\u00e8s exceptionnel de la franchise de m\u00e9tiers, il devient d\u00e8s 1802, par d\u00e9cret du&nbsp;Premier Consul,&nbsp;un lieu d\u00e9di\u00e9 au commerce du \u00ab&nbsp;vieux linge, des hardes et des&nbsp;chiffons&nbsp;\u00bb.<\/p>\n\n\n\n<p>Par une loi de 1807, une mise en conformit\u00e9 aboutit entre 1809 et 1811 \u00e0 la construction de quatre hangars en bois \u00e9lev\u00e9s par l&rsquo;architecte&nbsp;Jacques Molinos, allant de la Rotonde \u00e0 la&nbsp;rue du Temple. Ces hangars, appel\u00e9s la halle au vieux linge, comprenaient quatre pavillons ayant chacun sa sp\u00e9cialit\u00e9&nbsp;: pour le Carr\u00e9 du Palais-Royal&nbsp;: tapis, soieries, rubans, gants, plumes et articles \u00e0 la mode, pour le Carr\u00e9 de Flore&nbsp;: linge de maison, quant aux deux carr\u00e9s restants, dans celui du Pou-volant, ferraille et friperie, et, pour le Carr\u00e9 de la For\u00eat-Noire, le cuir\u2026<\/p>\n\n\n\n<p>En raison de dissensions diverses, administratives et humaines, le march\u00e9 est d\u00e9moli en 1901 et remplac\u00e9 par l&rsquo;\u00e9difice actuel. Le march\u00e9 du Carreau du Temple conna\u00eet un \u00e9norme succ\u00e8s et devient le march\u00e9 du v\u00eatement populaire jusque dans les ann\u00e9es&nbsp;1950&nbsp;\u00e0&nbsp;1970. Une d\u00e9saffection s\u2019ensuit, notamment en raison d\u2019une gestion contest\u00e9e des lieux.<\/p>\n\n\n\n<p><strong>D\u00e9positaires d\u2019une transition fragile,<\/strong> <strong>des \u00e9diles magnanimes et clairvoyants<\/strong><\/p>\n\n\n\n<p>Les \u00e9diles et les politiques, Conseil de Paris et maire en t\u00eate, vont r\u00e9gler son compte \u00e0 ce lieu trop populaire. Que l\u2019on se rassure, sauv\u00e9 de la d\u00e9molition \u00e0 la suite d&rsquo;une mobilisation citoyenne, le lieu est d\u00e9sormais un lieu culturel et sportif reposant sur une \u00e9conomie mixte publique-priv\u00e9e. Inaugur\u00e9 le&nbsp;25 avril 2014, selon des documents administratifs laudatifs et unanimes, \u00ab&nbsp;le Carreau du Temple accueille plus de 50 associations et de nombreux grands \u00e9v\u00e9nements culturels et sportifs. Il propose une programmation artistique \u00e9clectique, faite de temps forts et d&rsquo;\u00e9v\u00e9nements r\u00e9guliers&nbsp;\u00bb. Une directrice dipl\u00f4m\u00e9e de l\u2019universit\u00e9 Paris-Dauphine et titulaire d\u2019un DEA de Mutations et Cultures en Europe permet d\u2019ores et d\u00e9j\u00e0 de pr\u00e9figurer une diversit\u00e9 culturelle \u00e0 l\u2019\u00e9chelle d\u2019une Europe qui lui a embo\u00eet\u00e9 le pas\u2026<\/p>\n\n\n\n<figure class=\"wp-block-gallery has-nested-images columns-default is-cropped wp-block-gallery-1 is-layout-flex\">\n<figure class=\"wp-block-image size-large\"><a href=\"https:\/\/i0.wp.com\/alaincardenas.com\/blog\/wp-content\/uploads\/2026\/03\/1.-drawing-now-26-ambiance-au-rdc.jpg?ssl=1\"><img data-attachment-id=\"9509\" data-permalink=\"https:\/\/alaincardenas.com\/blog\/drawing-now-paris-26-29-mars-202619e-edition-de-francis-picabia-a-tudi-deligne\/1-drawing-now-26-ambiance-au-rdc\/\" data-orig-file=\"https:\/\/i0.wp.com\/alaincardenas.com\/blog\/wp-content\/uploads\/2026\/03\/1.-drawing-now-26-ambiance-au-rdc.jpg?fit=350%2C480&amp;ssl=1\" data-orig-size=\"350,480\" data-comments-opened=\"0\" data-image-meta=\"{&quot;aperture&quot;:&quot;1.6&quot;,&quot;credit&quot;:&quot;&quot;,&quot;camera&quot;:&quot;iPhone 15 Plus&quot;,&quot;caption&quot;:&quot;&quot;,&quot;created_timestamp&quot;:&quot;1774454477&quot;,&quot;copyright&quot;:&quot;&quot;,&quot;focal_length&quot;:&quot;5.96&quot;,&quot;iso&quot;:&quot;25&quot;,&quot;shutter_speed&quot;:&quot;0.01&quot;,&quot;title&quot;:&quot;&quot;,&quot;orientation&quot;:&quot;1&quot;}\" data-image-title=\"1. drawing now 26, ambiance au rdc\" data-image-description=\"\" data-image-caption=\"\" data-medium-file=\"https:\/\/i0.wp.com\/alaincardenas.com\/blog\/wp-content\/uploads\/2026\/03\/1.-drawing-now-26-ambiance-au-rdc.jpg?fit=219%2C300&amp;ssl=1\" data-large-file=\"https:\/\/i0.wp.com\/alaincardenas.com\/blog\/wp-content\/uploads\/2026\/03\/1.-drawing-now-26-ambiance-au-rdc.jpg?fit=350%2C480&amp;ssl=1\" decoding=\"async\" loading=\"lazy\" width=\"350\" height=\"480\" data-id=\"9509\"  src=\"https:\/\/i0.wp.com\/alaincardenas.com\/blog\/wp-content\/uploads\/2026\/03\/1.-drawing-now-26-ambiance-au-rdc.jpg?resize=350%2C480&#038;ssl=1\" alt=\"\" class=\"wp-image-9509\" srcset=\"https:\/\/i0.wp.com\/alaincardenas.com\/blog\/wp-content\/uploads\/2026\/03\/1.-drawing-now-26-ambiance-au-rdc.jpg?w=350&amp;ssl=1 350w, https:\/\/i0.wp.com\/alaincardenas.com\/blog\/wp-content\/uploads\/2026\/03\/1.-drawing-now-26-ambiance-au-rdc.jpg?resize=219%2C300&amp;ssl=1 219w\" sizes=\"(max-width: 350px) 100vw, 350px\" data-recalc-dims=\"1\" \/><\/a><\/figure>\n\n\n\n<figure class=\"wp-block-image size-large\"><a href=\"https:\/\/i0.wp.com\/alaincardenas.com\/blog\/wp-content\/uploads\/2026\/03\/1b.-ambiance-2.jpg?ssl=1\"><img data-attachment-id=\"9510\" data-permalink=\"https:\/\/alaincardenas.com\/blog\/drawing-now-paris-26-29-mars-202619e-edition-de-francis-picabia-a-tudi-deligne\/1b-ambiance-2\/\" data-orig-file=\"https:\/\/i0.wp.com\/alaincardenas.com\/blog\/wp-content\/uploads\/2026\/03\/1b.-ambiance-2.jpg?fit=360%2C480&amp;ssl=1\" data-orig-size=\"360,480\" data-comments-opened=\"0\" data-image-meta=\"{&quot;aperture&quot;:&quot;1.6&quot;,&quot;credit&quot;:&quot;&quot;,&quot;camera&quot;:&quot;iPhone 15 Plus&quot;,&quot;caption&quot;:&quot;&quot;,&quot;created_timestamp&quot;:&quot;1774454510&quot;,&quot;copyright&quot;:&quot;&quot;,&quot;focal_length&quot;:&quot;5.96&quot;,&quot;iso&quot;:&quot;32&quot;,&quot;shutter_speed&quot;:&quot;0.0048309178743961&quot;,&quot;title&quot;:&quot;&quot;,&quot;orientation&quot;:&quot;1&quot;}\" data-image-title=\"1b. ambiance 2\" data-image-description=\"\" data-image-caption=\"\" data-medium-file=\"https:\/\/i0.wp.com\/alaincardenas.com\/blog\/wp-content\/uploads\/2026\/03\/1b.-ambiance-2.jpg?fit=225%2C300&amp;ssl=1\" data-large-file=\"https:\/\/i0.wp.com\/alaincardenas.com\/blog\/wp-content\/uploads\/2026\/03\/1b.-ambiance-2.jpg?fit=360%2C480&amp;ssl=1\" decoding=\"async\" loading=\"lazy\" width=\"360\" height=\"480\" data-id=\"9510\"  src=\"https:\/\/i0.wp.com\/alaincardenas.com\/blog\/wp-content\/uploads\/2026\/03\/1b.-ambiance-2.jpg?resize=360%2C480&#038;ssl=1\" alt=\"\" class=\"wp-image-9510\" srcset=\"https:\/\/i0.wp.com\/alaincardenas.com\/blog\/wp-content\/uploads\/2026\/03\/1b.-ambiance-2.jpg?w=360&amp;ssl=1 360w, https:\/\/i0.wp.com\/alaincardenas.com\/blog\/wp-content\/uploads\/2026\/03\/1b.-ambiance-2.jpg?resize=225%2C300&amp;ssl=1 225w\" sizes=\"(max-width: 360px) 100vw, 360px\" data-recalc-dims=\"1\" \/><\/a><\/figure>\n<\/figure>\n\n\n\n<hr class=\"wp-block-separator has-alpha-channel-opacity\"\/>\n\n\n\n<p class=\"has-text-align-left\">Drawing now le jour du vernissage<\/p>\n\n\n\n<hr class=\"wp-block-separator has-alpha-channel-opacity\"\/>\n\n\n\n<p><strong>Un Salon des raffinements intenses<\/strong> <strong>et parfois d\u00e9capants<\/strong><\/p>\n\n\n\n<p>C\u2019est l\u00e0 qu\u2019a lieu depuis quelques ann\u00e9es le Salon Drawing now\u2026 Le dessin y a trouv\u00e9 une place id\u00e9ale. Et surtout, les professionnels \u2013 71 galeries cette ann\u00e9e pour 300 artistes<a> <\/a>\u2013 ont su accompagner le dessin d\u2019\u0153uvres connexes assez intellectuellement n\u00e9cessaires pour dire la richesse renouvel\u00e9e de cet art s\u00e9culaire.<\/p>\n\n\n<div class=\"wp-block-image\">\n<figure class=\"aligncenter size-full is-resized\"><a href=\"https:\/\/i0.wp.com\/alaincardenas.com\/blog\/wp-content\/uploads\/2026\/03\/Trevor-Gould-Sprawl-2025-cm-61x140_CAR-Gallery-Bologna.jpeg?ssl=1\"><img data-attachment-id=\"9528\" data-permalink=\"https:\/\/alaincardenas.com\/blog\/drawing-now-paris-26-29-mars-202619e-edition-de-francis-picabia-a-tudi-deligne\/trevor-gould-sprawl-2025-cm-61x140_car-gallery-bologna\/\" data-orig-file=\"https:\/\/i0.wp.com\/alaincardenas.com\/blog\/wp-content\/uploads\/2026\/03\/Trevor-Gould-Sprawl-2025-cm-61x140_CAR-Gallery-Bologna.jpeg?fit=1024%2C458&amp;ssl=1\" data-orig-size=\"1024,458\" data-comments-opened=\"0\" data-image-meta=\"{&quot;aperture&quot;:&quot;11&quot;,&quot;credit&quot;:&quot;&quot;,&quot;camera&quot;:&quot;ILCE-7M4&quot;,&quot;caption&quot;:&quot;&quot;,&quot;created_timestamp&quot;:&quot;1763044535&quot;,&quot;copyright&quot;:&quot;Manuel Montesano&quot;,&quot;focal_length&quot;:&quot;50&quot;,&quot;iso&quot;:&quot;100&quot;,&quot;shutter_speed&quot;:&quot;0.16666666666667&quot;,&quot;title&quot;:&quot;&quot;,&quot;orientation&quot;:&quot;1&quot;}\" data-image-title=\"Trevor Gould Sprawl 2025 cm 61x140_CAR Gallery Bologna\" data-image-description=\"\" data-image-caption=\"\" data-medium-file=\"https:\/\/i0.wp.com\/alaincardenas.com\/blog\/wp-content\/uploads\/2026\/03\/Trevor-Gould-Sprawl-2025-cm-61x140_CAR-Gallery-Bologna.jpeg?fit=300%2C134&amp;ssl=1\" data-large-file=\"https:\/\/i0.wp.com\/alaincardenas.com\/blog\/wp-content\/uploads\/2026\/03\/Trevor-Gould-Sprawl-2025-cm-61x140_CAR-Gallery-Bologna.jpeg?fit=584%2C261&amp;ssl=1\" decoding=\"async\" loading=\"lazy\" src=\"https:\/\/i0.wp.com\/alaincardenas.com\/blog\/wp-content\/uploads\/2026\/03\/Trevor-Gould-Sprawl-2025-cm-61x140_CAR-Gallery-Bologna.jpeg?resize=512%2C229&#038;ssl=1\" alt=\"\" class=\"wp-image-9528\" width=\"512\" height=\"229\" srcset=\"https:\/\/i0.wp.com\/alaincardenas.com\/blog\/wp-content\/uploads\/2026\/03\/Trevor-Gould-Sprawl-2025-cm-61x140_CAR-Gallery-Bologna.jpeg?w=1024&amp;ssl=1 1024w, https:\/\/i0.wp.com\/alaincardenas.com\/blog\/wp-content\/uploads\/2026\/03\/Trevor-Gould-Sprawl-2025-cm-61x140_CAR-Gallery-Bologna.jpeg?resize=300%2C134&amp;ssl=1 300w, https:\/\/i0.wp.com\/alaincardenas.com\/blog\/wp-content\/uploads\/2026\/03\/Trevor-Gould-Sprawl-2025-cm-61x140_CAR-Gallery-Bologna.jpeg?resize=768%2C344&amp;ssl=1 768w, https:\/\/i0.wp.com\/alaincardenas.com\/blog\/wp-content\/uploads\/2026\/03\/Trevor-Gould-Sprawl-2025-cm-61x140_CAR-Gallery-Bologna.jpeg?resize=500%2C224&amp;ssl=1 500w\" sizes=\"(max-width: 512px) 100vw, 512px\" data-recalc-dims=\"1\" \/><\/a><figcaption class=\"wp-element-caption\"><br>Trevor Gould. <em>Sprawl <\/em>(2025), triptyque, aquarelle sur papier Arches, 60 x 135 cm<\/figcaption><\/figure><\/div>\n\n\n<p>1. Trevor Gould (1951, Johannesburg)<\/p>\n\n\n\n<p><strong>CAR \u2013 BOLOGNE.<\/strong> [Prix moyen des \u0153uvres du stand : 6 000 \u20ac].<\/p>\n\n\n\n<p>\u00c0 l&rsquo;occasion du salon Drawing Now Paris, la galerie CAR pr\u00e9sente un projet solo de l&rsquo;artiste Trevor Gould. N\u00e9 en 1951 \u00e0 Johannesburg, en Afrique du Sud, il vit et travaille \u00e0 Montr\u00e9al. Son travail met en lumi\u00e8re les complexit\u00e9s et les m\u00e9canismes qui sous-tendent le dualisme nature\/culture, et, selon la formule elliptique du catalogue qui introduit le travail de l\u2019artiste au visiteur candide ou impavide \u00ab&nbsp;un dualisme familier qui fa\u00e7onne notre compr\u00e9hension de l&rsquo;alt\u00e9rit\u00e9&nbsp;\u00bb. Tout comme cette autre r\u00e9flexion sur \u00ab&nbsp;l&rsquo;artiste [qui]cherche \u00e9galement \u00e0 critiquer la performativit\u00e9 de l&rsquo;id\u00e9ologie de domination &#8211; encore visible aujourd&rsquo;hui &#8211; au sein des institutions artistiques, scientifiques et historiques telles que les mus\u00e9es, les zoos, les jardins botaniques et les encyclop\u00e9dies. Ses r\u00e9flexions sur l&rsquo;histoire et la culture s&rsquo;expriment \u00e0 travers des installations sculpturales, des vid\u00e9os, des performances et un ensemble important d&rsquo;aquarelles sur papier&nbsp;\u00bb.<\/p>\n\n\n\n<p>Un floril\u00e8ge d&rsquo;aquarelles sur papier, accompagn\u00e9 d&rsquo;une installation sculpturale sont compl\u00e9t\u00e9s par une recherche artistique o\u00f9 Gould fait largement appel \u00e0 divers m\u00e9dias&nbsp;; les \u0153uvres pr\u00e9sent\u00e9es \u00e0 ce Salon ont \u00e9t\u00e9 cr\u00e9\u00e9es sp\u00e9cialement pour ce projet, \u00e9tablissant un dialogue original entre la peinture et la sculpture et soulignant la polyvalence de sa pratique.<\/p>\n\n\n<div class=\"wp-block-image\">\n<figure class=\"aligncenter size-full is-resized\"><a href=\"https:\/\/i0.wp.com\/alaincardenas.com\/blog\/wp-content\/uploads\/2026\/03\/7.-Guenaelle-de-Carbonnieres-Phenicie-2025.jpg?ssl=1\"><img data-attachment-id=\"9516\" data-permalink=\"https:\/\/alaincardenas.com\/blog\/drawing-now-paris-26-29-mars-202619e-edition-de-francis-picabia-a-tudi-deligne\/7-guenaelle-de-carbonnieres-phenicie-2025\/\" data-orig-file=\"https:\/\/i0.wp.com\/alaincardenas.com\/blog\/wp-content\/uploads\/2026\/03\/7.-Guenaelle-de-Carbonnieres-Phenicie-2025.jpg?fit=640%2C473&amp;ssl=1\" data-orig-size=\"640,473\" data-comments-opened=\"0\" data-image-meta=\"{&quot;aperture&quot;:&quot;1.6&quot;,&quot;credit&quot;:&quot;&quot;,&quot;camera&quot;:&quot;iPhone 15 Plus&quot;,&quot;caption&quot;:&quot;&quot;,&quot;created_timestamp&quot;:&quot;1774614947&quot;,&quot;copyright&quot;:&quot;&quot;,&quot;focal_length&quot;:&quot;5.96&quot;,&quot;iso&quot;:&quot;125&quot;,&quot;shutter_speed&quot;:&quot;0.016393442622951&quot;,&quot;title&quot;:&quot;&quot;,&quot;orientation&quot;:&quot;1&quot;}\" data-image-title=\"7. Gue\u0301nae\u0308lle de Carbonnie\u0300res, Phe\u0301nicie, 2025\" data-image-description=\"\" data-image-caption=\"\" data-medium-file=\"https:\/\/i0.wp.com\/alaincardenas.com\/blog\/wp-content\/uploads\/2026\/03\/7.-Guenaelle-de-Carbonnieres-Phenicie-2025.jpg?fit=300%2C222&amp;ssl=1\" data-large-file=\"https:\/\/i0.wp.com\/alaincardenas.com\/blog\/wp-content\/uploads\/2026\/03\/7.-Guenaelle-de-Carbonnieres-Phenicie-2025.jpg?fit=584%2C432&amp;ssl=1\" decoding=\"async\" loading=\"lazy\" src=\"https:\/\/i0.wp.com\/alaincardenas.com\/blog\/wp-content\/uploads\/2026\/03\/7.-Guenaelle-de-Carbonnieres-Phenicie-2025.jpg?resize=320%2C237&#038;ssl=1\" alt=\"\" class=\"wp-image-9516\" width=\"320\" height=\"237\" srcset=\"https:\/\/i0.wp.com\/alaincardenas.com\/blog\/wp-content\/uploads\/2026\/03\/7.-Guenaelle-de-Carbonnieres-Phenicie-2025.jpg?w=640&amp;ssl=1 640w, https:\/\/i0.wp.com\/alaincardenas.com\/blog\/wp-content\/uploads\/2026\/03\/7.-Guenaelle-de-Carbonnieres-Phenicie-2025.jpg?resize=300%2C222&amp;ssl=1 300w, https:\/\/i0.wp.com\/alaincardenas.com\/blog\/wp-content\/uploads\/2026\/03\/7.-Guenaelle-de-Carbonnieres-Phenicie-2025.jpg?resize=406%2C300&amp;ssl=1 406w\" sizes=\"(max-width: 320px) 100vw, 320px\" data-recalc-dims=\"1\" \/><\/a><figcaption class=\"wp-element-caption\">Gu\u00e9naelle de Carbonni\u00e8res, <em>Arbre<\/em>, Sa\u00efda, Ph\u00e9nicie, s\u00e9rie Creuser l\u2019image (2025), encre et gravure \u00e0 la pointe s\u00e8che sur tirage argentique, contrecollage sur aluminium, encadrement bo\u00eete avec verre antireflet, 38 x 48 cm<\/figcaption><\/figure><\/div>\n\n\n<p>2. Gu\u00e9na\u00eblle de Carbonni\u00e8res<\/p>\n\n\n\n<p><strong>GALERIE BINOME<\/strong>. Paris Val\u00e9rie Cazin. [Prix moyen des \u0153uvres du stand : 1 000 &#8211; 3 500 \u20ac]<\/p>\n\n\n\n<p>Duo show sur le stand de cette galerie, deux artistes, l\u2019une confirm\u00e9e, l\u2019autre \u00e9mergente &#8211; dialogue entre dessin et photographie &#8211; exploration crois\u00e9e de la ruine et du min\u00e9ral, du patrimoine construit et naturel, des traces de notre humanit\u00e9.<\/p>\n\n\n\n<p>Hybride, le travail de Gu\u00e9na\u00eblle de Carbonni\u00e8res (1986) d\u00e9ploie diff\u00e9rents processus, m\u00ealant archives, proc\u00e9d\u00e9s historiques de la photographie, gravure et dessin. Explorant les th\u00e8mes de l&rsquo;arch\u00e9ologie et du patrimoine commun, ses \u0153uvres interrogent notre rapport \u00e0 l&rsquo;histoire et \u00e0 la m\u00e9moire. Par superposition de gestes, l&rsquo;artiste r\u00e9concilie diverses temporalit\u00e9s \u00e0 travers diff\u00e9rentes strates de visibilit\u00e9. Ces \u0153uvres mettent en tension surface et profondeur, latence et pr\u00e9sence, figuration et abstraction. Am\u00e9lie Royer relate dans ses dessins une d\u00e9ambulation silencieuse, \u00e0 travers des paysages souterrains, grottes et cavit\u00e9s photographi\u00e9es lors de ses explorations sp\u00e9l\u00e9ologiques. Echo du malaise d&rsquo;une jeunesse en qu\u00eate de refuges \u00e0 la marge, son travail en restitue des espaces de libert\u00e9, une r\u00e9alit\u00e9 parall\u00e8le o\u00f9 l&rsquo;on peut respirer, se reposer, ma\u00eetre de son temps. Dans cette obscurit\u00e9 totale, la lumi\u00e8re creuse la mati\u00e8re du noir et incarne une pr\u00e9sence presque mystique.<\/p>\n\n\n<div class=\"wp-block-image\">\n<figure class=\"aligncenter size-full is-resized\"><a href=\"https:\/\/i0.wp.com\/alaincardenas.com\/blog\/wp-content\/uploads\/2026\/03\/4.-Laila-Muraywid-Le-chaperon-rouge-2024-lavis-collage-24-x-250-cm-gal-J.-Leeegenhoek.jpg?ssl=1\"><img data-attachment-id=\"9513\" data-permalink=\"https:\/\/alaincardenas.com\/blog\/drawing-now-paris-26-29-mars-202619e-edition-de-francis-picabia-a-tudi-deligne\/4-laila-muraywid-le-chaperon-rouge-2024-lavis-collage-24-x-250-cm-gal-j-leeegenhoek\/\" data-orig-file=\"https:\/\/i0.wp.com\/alaincardenas.com\/blog\/wp-content\/uploads\/2026\/03\/4.-Laila-Muraywid-Le-chaperon-rouge-2024-lavis-collage-24-x-250-cm-gal-J.-Leeegenhoek.jpg?fit=640%2C393&amp;ssl=1\" data-orig-size=\"640,393\" data-comments-opened=\"0\" data-image-meta=\"{&quot;aperture&quot;:&quot;1.6&quot;,&quot;credit&quot;:&quot;&quot;,&quot;camera&quot;:&quot;iPhone 15 Plus&quot;,&quot;caption&quot;:&quot;&quot;,&quot;created_timestamp&quot;:&quot;1774452839&quot;,&quot;copyright&quot;:&quot;&quot;,&quot;focal_length&quot;:&quot;5.96&quot;,&quot;iso&quot;:&quot;64&quot;,&quot;shutter_speed&quot;:&quot;0.01&quot;,&quot;title&quot;:&quot;&quot;,&quot;orientation&quot;:&quot;1&quot;}\" data-image-title=\"4. Laila Muraywid, Le chaperon rouge, 2024, lavis &#038; collage, 24 x 250 cm, gal J. Leeegenhoek\" data-image-description=\"\" data-image-caption=\"\" data-medium-file=\"https:\/\/i0.wp.com\/alaincardenas.com\/blog\/wp-content\/uploads\/2026\/03\/4.-Laila-Muraywid-Le-chaperon-rouge-2024-lavis-collage-24-x-250-cm-gal-J.-Leeegenhoek.jpg?fit=300%2C184&amp;ssl=1\" data-large-file=\"https:\/\/i0.wp.com\/alaincardenas.com\/blog\/wp-content\/uploads\/2026\/03\/4.-Laila-Muraywid-Le-chaperon-rouge-2024-lavis-collage-24-x-250-cm-gal-J.-Leeegenhoek.jpg?fit=584%2C359&amp;ssl=1\" decoding=\"async\" loading=\"lazy\" src=\"https:\/\/i0.wp.com\/alaincardenas.com\/blog\/wp-content\/uploads\/2026\/03\/4.-Laila-Muraywid-Le-chaperon-rouge-2024-lavis-collage-24-x-250-cm-gal-J.-Leeegenhoek.jpg?resize=320%2C197&#038;ssl=1\" alt=\"\" class=\"wp-image-9513\" width=\"320\" height=\"197\" srcset=\"https:\/\/i0.wp.com\/alaincardenas.com\/blog\/wp-content\/uploads\/2026\/03\/4.-Laila-Muraywid-Le-chaperon-rouge-2024-lavis-collage-24-x-250-cm-gal-J.-Leeegenhoek.jpg?w=640&amp;ssl=1 640w, https:\/\/i0.wp.com\/alaincardenas.com\/blog\/wp-content\/uploads\/2026\/03\/4.-Laila-Muraywid-Le-chaperon-rouge-2024-lavis-collage-24-x-250-cm-gal-J.-Leeegenhoek.jpg?resize=300%2C184&amp;ssl=1 300w, https:\/\/i0.wp.com\/alaincardenas.com\/blog\/wp-content\/uploads\/2026\/03\/4.-Laila-Muraywid-Le-chaperon-rouge-2024-lavis-collage-24-x-250-cm-gal-J.-Leeegenhoek.jpg?resize=489%2C300&amp;ssl=1 489w\" sizes=\"(max-width: 320px) 100vw, 320px\" data-recalc-dims=\"1\" \/><\/a><figcaption class=\"wp-element-caption\">Laila Muraywid. Le chaperon rouge (2024), lavis &amp; collage, 24 x 250 cm<\/figcaption><\/figure><\/div>\n\n\n<p><strong>3. Laila Muraywid<\/strong><\/p>\n\n\n\n<p>Galerie Nadine Fattouh. Paris. [Prix moyen des \u0153uvres du stand : 8 000&nbsp; \u20ac]<\/p>\n\n\n\n<p>Raffinement et d\u00e9calage sc\u00e9nographique universel chez cette h\u00e9riti\u00e8re de Mons\u00f9 Desiderio et de L\u00e9onor Fini, Laila Muraywid (1956, Damas), est dipl\u00f4m\u00e9e de l&rsquo;\u00c9cole des beaux-arts de Damas et de l&rsquo;\u00c9cole Nationale Sup\u00e9rieure des Arts D\u00e9coratifs de Paris, ville o\u00f9 elle vit et travaille depuis 1981. Une fois n\u2019est pas coutume, l\u2019esquisse biographique qui cl\u00f4t le somptueux et myst\u00e9rieux catalogue <em>Les souliers rouges<\/em> (Paris&nbsp;: Jacques Legeenhoek, 2024) retrace de fa\u00e7on pertinente le parcours charg\u00e9 et plein des \u0153uvres et activit\u00e9s de cette sculptrice, dessinatrice et photographe, \u00e9galement cr\u00e9atrice de nombreuses collections de bijoux pour des performances vari\u00e9es (Fondation Shoman, Mus\u00e9e Galliera, Institut du Monde Arabe) mais aussi pour la Haute Couture (Jean-Louis Sherrer, Christian Lacroix et Torrente).<\/p>\n\n\n\n<p>La clairvoyance des institutions fait que ses \u0153uvres sont pr\u00e9sentes dans des collections publiques : British Museum, mus\u00e9e Galliera, Institut du Monde Arabe,\u2026 Elle est aussi reconnue dans le pays de ses racines o\u00f9 ses \u0153uvres sont \u00e9galement pr\u00e9sentes&nbsp;: mus\u00e9e national des beaux-arts de Jordanie, Fonds Claude &amp; France Lemand-IMA, minist\u00e8re de la culture de Damas, fondation Al Mansouria, fondation Shoman, fondation Atassi, mus\u00e9e des dentelles et broderies de Caudry, et dans de nombreuses collections priv\u00e9es.<\/p>\n\n\n\n<p>Force est, toutefois, de rappeler qu\u2019en \u00e9cho au parcours Parallaxe et \u00e0 la proposition des \u00ab Femmes du dessin \u00bb, la galerie Nadine Fattouh souhaite mettre en avant deux artistes femmes d&rsquo;origine syrienne et vivant \u00e0 Paris, Laila Muraywid et Nagham Hodaifa. Deux g\u00e9n\u00e9rations et deux parcours diff\u00e9rents, mais un questionnement commun autour du corps de la femme (fragmentaire ou transform\u00e9), de son rapport \u00e0 la soci\u00e9t\u00e9, au temps, \u00e0 la mort et \u00e0 l&rsquo;environnement. Parall\u00e8lement, l&rsquo;oeuvre de Khaled Takreti, lui aussi parisien d&rsquo;origine syrienne, se concentre sur la figure humaine comme support de la m\u00e9moire, du passage du temps, de la sexualit\u00e9 ou de la solitude. La pr\u00e9sentation de ces trois artistes permettra de mettre en lumi\u00e8re une sc\u00e8ne artistique franco-syrienne tr\u00e8s dynamique et encore peu connue du grand public.<\/p>\n\n\n\n<p>Un des joyaux du stand, un superbe carnet-accord\u00e9on [ou leporello], <em>Le chaperon rouge<\/em> (2024) [technique mixte, dont collages, sur papier artisanal, 24 x 250 cm], plein de sensualit\u00e9, permet, sans qu\u2019elle ait l\u2019air d\u2019y toucher, \u00e0 l\u2019artiste, de rendre un hommage vibrant \u00e0 cette histoire que tout enfant a entendue au point de le poursuivre une fois adulte et de g\u00e9n\u00e9rer des fantasmes parfois excessivement d\u00e9crits \u2026 Toujours est-il que cette fr\u00e9n\u00e9sie de rouge intense, sur lequel des rythmes polychromes allant du vert au noir se succ\u00e8dent, suscitant des mouvements de vagues, ces rythmes sont continus et donnent toute sa force \u00e0 cette \u0153uvre perturbatrice et unique.<\/p>\n\n\n\n<figure class=\"wp-block-gallery has-nested-images columns-default is-cropped wp-block-gallery-3 is-layout-flex\">\n<figure class=\"wp-block-image size-large\"><a href=\"https:\/\/i0.wp.com\/alaincardenas.com\/blog\/wp-content\/uploads\/2026\/03\/5.-Tudi-Deligne-sur-le-stand-de-la-galerie.jpg?ssl=1\"><img data-attachment-id=\"9514\" data-permalink=\"https:\/\/alaincardenas.com\/blog\/drawing-now-paris-26-29-mars-202619e-edition-de-francis-picabia-a-tudi-deligne\/5-tudi-deligne-sur-le-stand-de-la-galerie\/\" data-orig-file=\"https:\/\/i0.wp.com\/alaincardenas.com\/blog\/wp-content\/uploads\/2026\/03\/5.-Tudi-Deligne-sur-le-stand-de-la-galerie.jpg?fit=360%2C480&amp;ssl=1\" data-orig-size=\"360,480\" data-comments-opened=\"0\" data-image-meta=\"{&quot;aperture&quot;:&quot;1.6&quot;,&quot;credit&quot;:&quot;&quot;,&quot;camera&quot;:&quot;iPhone 15 Plus&quot;,&quot;caption&quot;:&quot;&quot;,&quot;created_timestamp&quot;:&quot;1774453630&quot;,&quot;copyright&quot;:&quot;&quot;,&quot;focal_length&quot;:&quot;5.96&quot;,&quot;iso&quot;:&quot;64&quot;,&quot;shutter_speed&quot;:&quot;0.01&quot;,&quot;title&quot;:&quot;&quot;,&quot;orientation&quot;:&quot;1&quot;}\" data-image-title=\"5. Tudi Deligne sur le stand de la galerie\" data-image-description=\"\" data-image-caption=\"\" data-medium-file=\"https:\/\/i0.wp.com\/alaincardenas.com\/blog\/wp-content\/uploads\/2026\/03\/5.-Tudi-Deligne-sur-le-stand-de-la-galerie.jpg?fit=225%2C300&amp;ssl=1\" data-large-file=\"https:\/\/i0.wp.com\/alaincardenas.com\/blog\/wp-content\/uploads\/2026\/03\/5.-Tudi-Deligne-sur-le-stand-de-la-galerie.jpg?fit=360%2C480&amp;ssl=1\" decoding=\"async\" loading=\"lazy\" width=\"360\" height=\"480\" data-id=\"9514\"  src=\"https:\/\/i0.wp.com\/alaincardenas.com\/blog\/wp-content\/uploads\/2026\/03\/5.-Tudi-Deligne-sur-le-stand-de-la-galerie.jpg?resize=360%2C480&#038;ssl=1\" alt=\"\" class=\"wp-image-9514\" srcset=\"https:\/\/i0.wp.com\/alaincardenas.com\/blog\/wp-content\/uploads\/2026\/03\/5.-Tudi-Deligne-sur-le-stand-de-la-galerie.jpg?w=360&amp;ssl=1 360w, https:\/\/i0.wp.com\/alaincardenas.com\/blog\/wp-content\/uploads\/2026\/03\/5.-Tudi-Deligne-sur-le-stand-de-la-galerie.jpg?resize=225%2C300&amp;ssl=1 225w\" sizes=\"(max-width: 360px) 100vw, 360px\" data-recalc-dims=\"1\" \/><\/a><\/figure>\n\n\n\n<figure class=\"wp-block-image size-large\"><a href=\"https:\/\/i0.wp.com\/alaincardenas.com\/blog\/wp-content\/uploads\/2026\/03\/6.-Tudi-deligne-oeuvre-.jpg?ssl=1\"><img data-attachment-id=\"9515\" data-permalink=\"https:\/\/alaincardenas.com\/blog\/drawing-now-paris-26-29-mars-202619e-edition-de-francis-picabia-a-tudi-deligne\/6-tudi-deligne-oeuvre\/\" data-orig-file=\"https:\/\/i0.wp.com\/alaincardenas.com\/blog\/wp-content\/uploads\/2026\/03\/6.-Tudi-deligne-oeuvre-.jpg?fit=373%2C480&amp;ssl=1\" data-orig-size=\"373,480\" data-comments-opened=\"0\" data-image-meta=\"{&quot;aperture&quot;:&quot;1.6&quot;,&quot;credit&quot;:&quot;&quot;,&quot;camera&quot;:&quot;iPhone 15 Plus&quot;,&quot;caption&quot;:&quot;&quot;,&quot;created_timestamp&quot;:&quot;1774450143&quot;,&quot;copyright&quot;:&quot;&quot;,&quot;focal_length&quot;:&quot;5.96&quot;,&quot;iso&quot;:&quot;32&quot;,&quot;shutter_speed&quot;:&quot;0.0091743119266055&quot;,&quot;title&quot;:&quot;&quot;,&quot;orientation&quot;:&quot;1&quot;}\" data-image-title=\"6. Tudi deligne, oeuvre\" data-image-description=\"\" data-image-caption=\"\" data-medium-file=\"https:\/\/i0.wp.com\/alaincardenas.com\/blog\/wp-content\/uploads\/2026\/03\/6.-Tudi-deligne-oeuvre-.jpg?fit=233%2C300&amp;ssl=1\" data-large-file=\"https:\/\/i0.wp.com\/alaincardenas.com\/blog\/wp-content\/uploads\/2026\/03\/6.-Tudi-deligne-oeuvre-.jpg?fit=373%2C480&amp;ssl=1\" decoding=\"async\" loading=\"lazy\" width=\"373\" height=\"480\" data-id=\"9515\"  src=\"https:\/\/i0.wp.com\/alaincardenas.com\/blog\/wp-content\/uploads\/2026\/03\/6.-Tudi-deligne-oeuvre-.jpg?resize=373%2C480&#038;ssl=1\" alt=\"\" class=\"wp-image-9515\" srcset=\"https:\/\/i0.wp.com\/alaincardenas.com\/blog\/wp-content\/uploads\/2026\/03\/6.-Tudi-deligne-oeuvre-.jpg?w=373&amp;ssl=1 373w, https:\/\/i0.wp.com\/alaincardenas.com\/blog\/wp-content\/uploads\/2026\/03\/6.-Tudi-deligne-oeuvre-.jpg?resize=233%2C300&amp;ssl=1 233w\" sizes=\"(max-width: 373px) 100vw, 373px\" data-recalc-dims=\"1\" \/><\/a><\/figure>\n<\/figure>\n\n\n\n<hr class=\"wp-block-separator has-alpha-channel-opacity\"\/>\n\n\n\n<p class=\"has-text-align-left\">Ci-dessus, de gauche \u00e0 droite. Tudi Deligne devant ses \u0153uvres sur le stand de la galerie ; une de ses \u0153uvres monochromes<\/p>\n\n\n\n<hr class=\"wp-block-separator has-alpha-channel-opacity\"\/>\n\n\n\n<p><strong>4. Tudi Deligne<\/strong><\/p>\n\n\n\n<p>Galerie Lara Sedbon, Paris<\/p>\n\n\n\n<p>Tudi Deligne (1986, Clamart), artiste franco-suisse, a \u00e9t\u00e9 form\u00e9 \u00e0 l\u2019ESAD de Strasbourg, il d\u00e9veloppe depuis plus de quinze ans une \u0153uvre o\u00f9 le corps, le geste et la mati\u00e8re dialoguent de mani\u00e8re \u00e9troite. C\u2019est pendant cette formation que se sont dessin\u00e9es les deux voies de sa cr\u00e9ation actuelle\u202f: l\u2019exploration des potentialit\u00e9s \u00e0 la fois des arts graphiques et du champ chor\u00e9graphique.<\/p>\n\n\n\n<p>Co-fondateur de la compagnie Infradanse, il inscrit ses recherches chor\u00e9graphiques dans la lign\u00e9e du but\u00f4, en explorant un corps affranchi des habitudes gestuelles occidentales. Parall\u00e8lement, il travaille aussi le graphite, le crayon de couleur, et surtout le pastel sur papier, dans des \u0153uvres o\u00f9 les fronti\u00e8res se brouillent et o\u00f9 les r\u00e9f\u00e9rences se m\u00ealent.<\/p>\n\n\n\n<p>Le floril\u00e8ge d\u2019\u0153uvres expos\u00e9es montre une pr\u00e9sence \u00e0 l\u2019\u0153uvre qui donne autant d\u2019importance aux compositions et univers en noir, blanc, riches de leurs innombrables nuances tout comme l\u2019exploration de la force visuelle du dessin, \u00e9taye la puissance de choix chromatiques qui doivent beaucoup aux ma\u00eetres du baroque induits dans ses pastels dont la couleur n\u2019est pas le seul \u00e9l\u00e9ment frappant. Leur composition \u00e0 la fois \u00e9clat\u00e9e et dense, brouill\u00e9e et fourmillant de d\u00e9tails pr\u00e9cis, suscite une forme de sid\u00e9ration.<\/p>\n\n\n\n<p>Cette synth\u00e8se au fil des \u0153uvres semble cr\u00e9\u00e9e, comme incidente, par l\u2019artiste. Ce dernier a longtemps travaill\u00e9 \u00e0 partir de photographies, il s\u2019accompagne maintenant dans son processus cr\u00e9atif de l\u2019Intelligence Artificielle\u202f: en croisant des r\u00e9f\u00e9rences visuelles diverses, il parvient \u00e0 cr\u00e9er un trouble chez le spectateur. Se d\u00e9gage de l\u2019\u0153uvre \u00e0 la fois une familiarit\u00e9 \u2013 on y reconna\u00eet la composition de tel chef d\u2019\u0153uvre de l\u2019art baroque, on y entrevoit les contours de tel portrait classique \u2013 et une sensation de perte de rep\u00e8res \u00e9tonnante. L\u2019artiste interroge par l\u00e0 avec subtilit\u00e9 notre rapport \u00e0 l\u2019image, aux images qui nous saturent, et au chaos informationnel qui nous entoure.<\/p>\n\n\n\n<p>Laur\u00e9at de nombreux prix prestigieux \u2013 Fondation Kiefer Hablitzel, Prix DDessin, Prix Pierre-David Weil, Prix Yishu8 2025 \u2013 repr\u00e9sent\u00e9 par la galerie Lara Sedbon, il est aujourd\u2019hui reconnu sur la sc\u00e8ne internationale. Outre sa belle pr\u00e9sence \u00e0 Drawing now, une de ses \u0153uvres, <em>L\u2019effondrement<\/em> [2025, pastel sur papier, 140 x 186 cm],<strong> <\/strong>est entr\u00e9e dans les fonds de l\u2019institution&nbsp;<\/p>\n\n\n\n<p>Cette \u0153uvre, comme celles expos\u00e9es ces jours-ci, ont en commun, une parent\u00e9 tant par la composition et les couleurs, inspir\u00e9es par les tableaux de ma\u00eetres classiques, notamment baroques, le cycle relatif \u00e0 la vie de Marie de M\u00e9dicis\u202fde Pierre Paul Rubens contient tous les ingr\u00e9dients n\u00e9cessaires \u00e0 l\u2019artiste pour sublimer volumes et rythmes, tout autant que l\u2019essence de l\u2019\u0153uvre laisse aussi la part belle \u00e0 notre soci\u00e9t\u00e9 moderne\u202f: d\u00e9cor urbain, drapeaux divers, bris de voiture, cycliste filmant la sc\u00e8ne\u2026<\/p>\n\n\n\n<p>Les pastels frappent, d\u2019embl\u00e9e, par leur faste solaire, par la richesse des coloris et le souvenir fantomatique d\u2019une composition ancienne, tout autant qu\u2019ils troublent en g\u00e9n\u00e9rant un carambolage d\u2019images politiques sombres\u202f: d\u2019\u00e9meutes, de sang, de drapeaux mis \u00e0 mal. Cet amoureux des baroques nordiques m\u00eale ainsi avec g\u00e9n\u00e9rosit\u00e9 ces images g\u00e9n\u00e9ratrices de monochromes qui jouent des tons comme de ces polychromies invasives qui s\u2019imposent, presque fatigantes au regard. Mais on aime \u00e7a&nbsp;!<\/p>\n\n\n\n<p><strong>Un choix \u00e0 4<\/strong><\/p>\n\n\n\n<p>Ce choix \u00e0 4, a en commun une sublimation unique de regards mani\u00e9ristes sur une \u00e9poque qui a su esclavagiser de fa\u00e7on perverse et raffin\u00e9e les \u00eatres humains que nous sommes, humili\u00e9s au quotidien par les inventions d\u00e9l\u00e9t\u00e8res qui sont cens\u00e9es am\u00e9liorer la vie de tout un chacun en lui enlevant tout le plaisir du choix&nbsp;! Choix laiss\u00e9 unilat\u00e9ralement \u00e0 ces nouveaux inventeurs que sont les cr\u00e9ateurs d\u2019applications\u2026 Oublieux de ces supplices du quotidien, un public d\u00e9j\u00e0 nombreux savoure les images aux cimaises en cette apr\u00e8s-midi d\u2019inauguration. Outre les professionnels et amateurs s\u00e9rieux, maniaques, d\u00e9sireux de faire leur provision de projets et d\u2019\u0153uvres, le spectacle \u00e0 huis quasiment clos permet aux esclaves de la mode d\u2019attirer les regards sur leurs v\u00eatements, et malgr\u00e9 la temp\u00e9rature ext\u00e9rieure peu cl\u00e9mente, sur des parties sensuellement d\u00e9nud\u00e9es. L\u00e0 encore, inutile de focaliser sur le genre ou le sexe&nbsp;: la sensualit\u00e9 est aussi inh\u00e9rente aux envies humaines qu\u2019intemporelle \u2026<\/p>\n\n\n\n<p><strong>El\u00e9ments bibliographiques<\/strong><\/p>\n\n\n\n<ul>\n<li>Philippe&nbsp;Sorel,&nbsp;Vie et histoire du IIIe arrondissement&nbsp;: archives, arts et m\u00e9tiers, enfants rouges, Sainte-Avoye&nbsp;: histoire, anecdotes, curiosit\u00e9s, monuments, mus\u00e9es, jardins, promenades, dictionnaire des rues, vie pratique. Paris&nbsp;: Hervas,&nbsp;1986.&nbsp;<\/li>\n\n\n\n<li>Laila Muraywid, <em>Les souliers rouges<\/em>. Paris&nbsp;: galerie Jacques Leegenhoek, 2024. 74 p.&nbsp;: ill. en coul. Bibliog.<\/li>\n\n\n\n<li>Anciens \u00e9tudiants. Tudi Deligne, HEAR (version en ligne). <a href=\"https:\/\/www.hear.fr\/tudi-deligne\">https:\/\/www.hear.fr\/tudi-deligne<\/a><\/li>\n\n\n\n<li>Alison Moss, <em>Tudi Deligne et Bastien Faudon<\/em>, in&nbsp;: <em>Le quotidien de l\u2019art<\/em>, 4 juin 2021 (version en ligne).<\/li>\n<\/ul>\n","protected":false},"excerpt":{"rendered":"<p>par Christophe Comentale et Alain Cardenas-Castro Sur 71 galeries venues de 13 pays et pr\u00e9sentant cette ann\u00e9e 300 artistes, trois ou quatre cr\u00e9ateurs ont capt\u00e9 notre attention. Entre dessin, livre d\u2019artiste et \u0153uvre composite. Entre nouveaux artistes et croisements entre &hellip; <a href=\"https:\/\/alaincardenas.com\/blog\/drawing-now-paris-26-29-mars-202619e-edition-de-francis-picabia-a-tudi-deligne\/\">Continuer la lecture <span class=\"meta-nav\">&rarr;<\/span><\/a><\/p>\n","protected":false},"author":1,"featured_media":0,"comment_status":"closed","ping_status":"closed","sticky":false,"template":"","format":"standard","meta":{"sfsi_plus_gutenberg_text_before_share":"","sfsi_plus_gutenberg_show_text_before_share":"","sfsi_plus_gutenberg_icon_type":"","sfsi_plus_gutenberg_icon_alignemt":"","sfsi_plus_gutenburg_max_per_row":"","jetpack_post_was_ever_published":false,"_jetpack_newsletter_access":"","_jetpack_newsletter_tier_id":0,"jetpack_publicize_message":"","jetpack_is_tweetstorm":false,"jetpack_publicize_feature_enabled":true,"jetpack_social_post_already_shared":true,"jetpack_social_options":{"image_generator_settings":{"template":"highway","enabled":false}}},"categories":[42,21,1],"tags":[45,8,33,36,38],"jetpack_publicize_connections":[],"jetpack_featured_media_url":"","jetpack_sharing_enabled":true,"jetpack_shortlink":"https:\/\/wp.me\/p8Mijt-2tm","jetpack_likes_enabled":true,"jetpack-related-posts":[{"id":3132,"url":"https:\/\/alaincardenas.com\/blog\/notule-sur-javelots-une-oeuvre-sur-panneau-de-francis-coffinet\/","url_meta":{"origin":9508,"position":0},"title":"Notule sur \u00ab\u00a0Javelots\u00a0\u00bb, une \u0153uvre sur panneau de Francis Coffinet","author":"admin","date":"2019-02-06","format":false,"excerpt":"\u00ab\u00a0Mon cheminement de plasticien vient faire \u00e9cho au po\u00e8me. Une poursuite du po\u00e8me par le signe et par la forme\u00a0\u00bb. Francis Coffinet, Propos \u00e9pars, 2019.\u00a0 par Christophe Comentale et Fr\u00e9d\u00e9ric Harranger Francis Coffinet (1956, Bar-sur-Seine), est po\u00e8te, plasticien et acteur fran\u00e7ais. \u00ab\u00a0Le travail plastique est toujours pour [lui], en quelque\u2026","rel":"","context":"Dans &quot;Europe&quot;","block_context":{"text":"Europe","link":"https:\/\/alaincardenas.com\/blog\/category\/europe\/"},"img":{"alt_text":"","src":"","width":0,"height":0},"classes":[]},{"id":9048,"url":"https:\/\/alaincardenas.com\/blog\/juan-diego-vergara-tubes-des-annees-80\/","url_meta":{"origin":9508,"position":1},"title":"JUAN DIEGO VERGARA. TUBES DES ANNEES 80","author":"admin","date":"2025-08-19","format":false,"excerpt":"A propos\u2026\u00a0 Dossier pour tout savoir. par Christophe Comentale, coordination \u00e9ditoriale Alain Cardenas-Castro Espace d\u2019exposition Couronnes. Galerie des AAB, 1 rue Francis Picabia, Paris 20e, du mardi 3 sept.au lundi 15 sept. 2025. Vernissage le 4 sept. d\u00e8s 18h30. [L\u2019anniversaire de l\u2019artiste tombe le 7 septembre]\u00a0; l\u2019espace est ouvert du\u2026","rel":"","context":"Dans &quot;Am\u00e9rique latine&quot;","block_context":{"text":"Am\u00e9rique latine","link":"https:\/\/alaincardenas.com\/blog\/category\/amerique-latine\/"},"img":{"alt_text":"","src":"https:\/\/i0.wp.com\/alaincardenas.com\/blog\/wp-content\/uploads\/2025\/08\/20250120_100405.jpg?resize=350%2C200&ssl=1","width":350,"height":200},"classes":[]},{"id":437,"url":"https:\/\/alaincardenas.com\/blog\/peintures-murales-de-la-diversite-des-approches-est-ouest\/","url_meta":{"origin":9508,"position":2},"title":"Peintures murales : de la diversit\u00e9 des approches Est-Ouest","author":"admin","date":"2017-08-26","format":false,"excerpt":"\u00a0 \u00a0 \u00a0 \u00a0 \u00a0 \u00a0 \u00a0 \u00a0 \u00a0 \u00a0 par Alain Cardenas-Castro Contrairement \u00e0 une pratique courante, les comparaisons Est-Ouest sont parfois source d\u2019insatisfaction, voire de d\u00e9sillusion. En effet, d\u2019une part la ma\u00eetrise des cultures pour ces territoires de recherches est in\u00e9gale, une des deux civilisations \u00e9tant privil\u00e9gi\u00e9e d\u2019embl\u00e9e\u2026","rel":"","context":"Dans &quot;Asie&quot;","block_context":{"text":"Asie","link":"https:\/\/alaincardenas.com\/blog\/category\/asie\/"},"img":{"alt_text":"","src":"https:\/\/i0.wp.com\/alaincardenas.com\/blog\/wp-content\/uploads\/2017\/08\/Maitreya-G-272-BD-250x300.jpg?resize=350%2C200&ssl=1","width":350,"height":200},"classes":[]},{"id":4581,"url":"https:\/\/alaincardenas.com\/blog\/pavan-une-humanite-devoilee\/","url_meta":{"origin":9508,"position":3},"title":"Pavan, Une humanit\u00e9 d\u00e9voil\u00e9e","author":"admin","date":"2020-01-14","format":false,"excerpt":"Lors d\u2019une visite au Salon Art Montpellier, foire m\u00e9diterran\u00e9enne des arts contemporains, qui s\u2019est tenu du 8 au 11 novembre 2019, nous avons eu l\u2019occasion de voir le travail d\u2019un fresquiste et peintre, Patrick Pavan. Alyz\u00e9e Duvic, historienne de l\u2019art et agent de l\u2019artiste, a eu l\u2019amabilit\u00e9 de fournir la\u2026","rel":"","context":"Dans &quot;Europe&quot;","block_context":{"text":"Europe","link":"https:\/\/alaincardenas.com\/blog\/category\/europe\/"},"img":{"alt_text":"","src":"https:\/\/i0.wp.com\/alaincardenas.com\/blog\/wp-content\/uploads\/2020\/01\/Fig.6.Tete-serie-Ecce-homo-Monotype-sur-filtre-a-vin-gouache-14-x-18-cm-2019.jpg?resize=350%2C200","width":350,"height":200},"classes":[]},{"id":6913,"url":"https:\/\/alaincardenas.com\/blog\/des-pieces-est-ouest-dans-un-musee-ephemere-de-lestampe\/","url_meta":{"origin":9508,"position":4},"title":"Des pi\u00e8ces Est-Ouest dans un mus\u00e9e \u00e9ph\u00e9m\u00e8re de l\u2019estampe","author":"admin","date":"2023-03-24","format":false,"excerpt":"A propos du Salon de l\u2019estampe 2023. par Alain Cardenas-Castro et Christophe Comentale Cette 2e \u00e9dition de Paris Print Fair a lieu du 23 au 26 mars 2023. Organis\u00e9e par la Chambre Syndicale de l\u2019Estampe, du Dessin et du Tableau (CSEDT), la manifestation r\u00e9unit 20 exposants europ\u00e9ens au sein du\u2026","rel":"","context":"Dans &quot;Europe&quot;","block_context":{"text":"Europe","link":"https:\/\/alaincardenas.com\/blog\/category\/europe\/"},"img":{"alt_text":"","src":"https:\/\/i0.wp.com\/alaincardenas.com\/blog\/wp-content\/uploads\/2023\/03\/anonyme-toulousain-ca-1495-larrivee-en-France-de-St-Fr-de-PAule-bois-impr-en-3-feuilles-colore-a-la-main-367-x-265-mm.jpg?resize=350%2C200&ssl=1","width":350,"height":200},"classes":[]},{"id":8968,"url":"https:\/\/alaincardenas.com\/blog\/robert-braud-le-theme-du-nu-feminin-des-annees-30-aux-annees-50\/","url_meta":{"origin":9508,"position":5},"title":"ROBERT BRAUD, LE THEME DU NU FEMININ, DES ANNEES 30 AUX ANNEES 50","author":"admin","date":"2025-06-13","format":false,"excerpt":"par Christophe Comentale Des V\u00e9nus pal\u00e9olithiques au 20e si\u00e8cle, voire aux premi\u00e8res d\u00e9cennies du 21e si\u00e8cle, le th\u00e8me de la femme, sublim\u00e9e ou mystifi\u00e9e, sacralis\u00e9e ou d\u00e9voy\u00e9e, a beaucoup sollicit\u00e9 l\u2019inspiration et l\u2019imaginaire des artistes. Les diff\u00e9rentes p\u00e9riodes historiques ont, selon des approches et des codes diff\u00e9rents, tout autant trait\u00e9\u2026","rel":"","context":"Dans &quot;\u0152uvre&quot;","block_context":{"text":"\u0152uvre","link":"https:\/\/alaincardenas.com\/blog\/category\/oeuvre\/"},"img":{"alt_text":"","src":"https:\/\/i0.wp.com\/alaincardenas.com\/blog\/wp-content\/uploads\/2025\/05\/Braud-Nu-au-palmier-couleurs-en-lavis-24-x-32-cm.jpg?resize=350%2C200&ssl=1","width":350,"height":200},"classes":[]}],"_links":{"self":[{"href":"https:\/\/alaincardenas.com\/blog\/wp-json\/wp\/v2\/posts\/9508"}],"collection":[{"href":"https:\/\/alaincardenas.com\/blog\/wp-json\/wp\/v2\/posts"}],"about":[{"href":"https:\/\/alaincardenas.com\/blog\/wp-json\/wp\/v2\/types\/post"}],"author":[{"embeddable":true,"href":"https:\/\/alaincardenas.com\/blog\/wp-json\/wp\/v2\/users\/1"}],"replies":[{"embeddable":true,"href":"https:\/\/alaincardenas.com\/blog\/wp-json\/wp\/v2\/comments?post=9508"}],"version-history":[{"count":9,"href":"https:\/\/alaincardenas.com\/blog\/wp-json\/wp\/v2\/posts\/9508\/revisions"}],"predecessor-version":[{"id":9535,"href":"https:\/\/alaincardenas.com\/blog\/wp-json\/wp\/v2\/posts\/9508\/revisions\/9535"}],"wp:attachment":[{"href":"https:\/\/alaincardenas.com\/blog\/wp-json\/wp\/v2\/media?parent=9508"}],"wp:term":[{"taxonomy":"category","embeddable":true,"href":"https:\/\/alaincardenas.com\/blog\/wp-json\/wp\/v2\/categories?post=9508"},{"taxonomy":"post_tag","embeddable":true,"href":"https:\/\/alaincardenas.com\/blog\/wp-json\/wp\/v2\/tags?post=9508"}],"curies":[{"name":"wp","href":"https:\/\/api.w.org\/{rel}","templated":true}]}}