{"id":9412,"date":"2026-02-25T20:30:59","date_gmt":"2026-02-25T19:30:59","guid":{"rendered":"https:\/\/alaincardenas.com\/blog\/?p=9412"},"modified":"2026-02-25T21:57:11","modified_gmt":"2026-02-25T20:57:11","slug":"a-propos-dolivier-allemane-1959-2026-peintre-du-bonheur","status":"publish","type":"post","link":"https:\/\/alaincardenas.com\/blog\/a-propos-dolivier-allemane-1959-2026-peintre-du-bonheur\/","title":{"rendered":"A PROPOS D\u2019OLIVIER ALLEMANE (1959-2026).\u00a0 PEINTRE DU BONHEUR"},"content":{"rendered":"\n<p>par Christophe Comentale<\/p>\n\n\n\n<p><em>Le peintre du bonheur<\/em>. C\u2019est ainsi qu\u2019Olivier Allemane s\u2019est d\u00e9fini au cours de quarante ann\u00e9es de cr\u00e9ation. N\u00e9 le 1<sup>er<\/sup> janvier 1959&nbsp;\u00e0 la Ch\u00e2tre, [dans l\u2019Indre], jour de nouvel an solaire, Olivier Allemane est d\u00e9c\u00e9d\u00e9 le 17 f\u00e9vrier 2026, jour de nouvel an lunaire, \u00e0 Paris, son lieu de vie et de travail.<\/p>\n\n\n<div class=\"wp-block-image\">\n<figure class=\"aligncenter size-full is-resized\"><a href=\"https:\/\/i0.wp.com\/alaincardenas.com\/blog\/wp-content\/uploads\/2026\/02\/OlivierAllemane_nova.jpg?ssl=1\"><img data-attachment-id=\"9444\" data-permalink=\"https:\/\/alaincardenas.com\/blog\/a-propos-dolivier-allemane-1959-2026-peintre-du-bonheur\/olivierallemane_nova\/\" data-orig-file=\"https:\/\/i0.wp.com\/alaincardenas.com\/blog\/wp-content\/uploads\/2026\/02\/OlivierAllemane_nova.jpg?fit=450%2C600&amp;ssl=1\" data-orig-size=\"450,600\" data-comments-opened=\"0\" data-image-meta=\"{&quot;aperture&quot;:&quot;1.9&quot;,&quot;credit&quot;:&quot;&quot;,&quot;camera&quot;:&quot;SM-N920C&quot;,&quot;caption&quot;:&quot;&quot;,&quot;created_timestamp&quot;:&quot;1771415357&quot;,&quot;copyright&quot;:&quot;&quot;,&quot;focal_length&quot;:&quot;4.3&quot;,&quot;iso&quot;:&quot;125&quot;,&quot;shutter_speed&quot;:&quot;0.02&quot;,&quot;title&quot;:&quot;&quot;,&quot;orientation&quot;:&quot;1&quot;}\" data-image-title=\"OlivierAllemane_nova\" data-image-description=\"\" data-image-caption=\"\" data-medium-file=\"https:\/\/i0.wp.com\/alaincardenas.com\/blog\/wp-content\/uploads\/2026\/02\/OlivierAllemane_nova.jpg?fit=225%2C300&amp;ssl=1\" data-large-file=\"https:\/\/i0.wp.com\/alaincardenas.com\/blog\/wp-content\/uploads\/2026\/02\/OlivierAllemane_nova.jpg?fit=450%2C600&amp;ssl=1\" decoding=\"async\" loading=\"lazy\" src=\"https:\/\/i0.wp.com\/alaincardenas.com\/blog\/wp-content\/uploads\/2026\/02\/OlivierAllemane_nova.jpg?resize=225%2C300&#038;ssl=1\" alt=\"\" class=\"wp-image-9444\" width=\"225\" height=\"300\" srcset=\"https:\/\/i0.wp.com\/alaincardenas.com\/blog\/wp-content\/uploads\/2026\/02\/OlivierAllemane_nova.jpg?w=450&amp;ssl=1 450w, https:\/\/i0.wp.com\/alaincardenas.com\/blog\/wp-content\/uploads\/2026\/02\/OlivierAllemane_nova.jpg?resize=225%2C300&amp;ssl=1 225w\" sizes=\"(max-width: 225px) 100vw, 225px\" data-recalc-dims=\"1\" \/><\/a><figcaption class=\"wp-element-caption\">Ccouverture de Nova magazine n\u00b0 60 (d\u00e9c. 1999) illustr\u00e9e par Olivier Allemane<\/figcaption><\/figure><\/div>\n\n\n<figure class=\"wp-block-image size-full\"><a href=\"https:\/\/i0.wp.com\/alaincardenas.com\/blog\/wp-content\/uploads\/2026\/02\/23.-OA-objet-de-travail.jpg?ssl=1\"><img data-attachment-id=\"9413\" data-permalink=\"https:\/\/alaincardenas.com\/blog\/a-propos-dolivier-allemane-1959-2026-peintre-du-bonheur\/23-oa-objet-de-travail\/\" data-orig-file=\"https:\/\/i0.wp.com\/alaincardenas.com\/blog\/wp-content\/uploads\/2026\/02\/23.-OA-objet-de-travail.jpg?fit=1024%2C123&amp;ssl=1\" data-orig-size=\"1024,123\" data-comments-opened=\"0\" data-image-meta=\"{&quot;aperture&quot;:&quot;1.6&quot;,&quot;credit&quot;:&quot;&quot;,&quot;camera&quot;:&quot;iPhone 15 Plus&quot;,&quot;caption&quot;:&quot;&quot;,&quot;created_timestamp&quot;:&quot;1771477804&quot;,&quot;copyright&quot;:&quot;&quot;,&quot;focal_length&quot;:&quot;5.96&quot;,&quot;iso&quot;:&quot;500&quot;,&quot;shutter_speed&quot;:&quot;0.04&quot;,&quot;title&quot;:&quot;&quot;,&quot;orientation&quot;:&quot;1&quot;}\" data-image-title=\"23.-OA-objet-de-travail\" data-image-description=\"\" data-image-caption=\"\" data-medium-file=\"https:\/\/i0.wp.com\/alaincardenas.com\/blog\/wp-content\/uploads\/2026\/02\/23.-OA-objet-de-travail.jpg?fit=300%2C36&amp;ssl=1\" data-large-file=\"https:\/\/i0.wp.com\/alaincardenas.com\/blog\/wp-content\/uploads\/2026\/02\/23.-OA-objet-de-travail.jpg?fit=584%2C70&amp;ssl=1\" decoding=\"async\" loading=\"lazy\" width=\"584\" height=\"70\" src=\"https:\/\/i0.wp.com\/alaincardenas.com\/blog\/wp-content\/uploads\/2026\/02\/23.-OA-objet-de-travail.jpg?resize=584%2C70&#038;ssl=1\" alt=\"\" class=\"wp-image-9413\" srcset=\"https:\/\/i0.wp.com\/alaincardenas.com\/blog\/wp-content\/uploads\/2026\/02\/23.-OA-objet-de-travail.jpg?w=1024&amp;ssl=1 1024w, https:\/\/i0.wp.com\/alaincardenas.com\/blog\/wp-content\/uploads\/2026\/02\/23.-OA-objet-de-travail.jpg?resize=300%2C36&amp;ssl=1 300w, https:\/\/i0.wp.com\/alaincardenas.com\/blog\/wp-content\/uploads\/2026\/02\/23.-OA-objet-de-travail.jpg?resize=768%2C92&amp;ssl=1 768w, https:\/\/i0.wp.com\/alaincardenas.com\/blog\/wp-content\/uploads\/2026\/02\/23.-OA-objet-de-travail.jpg?resize=500%2C60&amp;ssl=1 500w\" sizes=\"(max-width: 584px) 100vw, 584px\" data-recalc-dims=\"1\" \/><\/a><figcaption class=\"wp-element-caption\">&nbsp;&nbsp;&nbsp;&nbsp; Olivier Allemane. <em>40 cm aux 10 portraits<\/em>, quadruple d\u00e9cim\u00e8tre, plastique. Coll. priv\u00e9e<\/figcaption><\/figure>\n\n\n\n<p>[textes en chinois et en fran\u00e7ais]<\/p>\n\n\n\n<!--more-->\n\n\n\n<p class=\"has-text-color\" style=\"color:#af2727\">\u5173\u4e8e\u5965\u5229\u7ef4\u8036\u2022\u963f\u52d2\u66fc\uff081959-2026\uff09\u3002\u5e78\u798f\u7684\u753b\u5bb6<\/p>\n\n\n\n<p>\u5e78\u798f\u7684\u753b\u5bb6\uff1a\u8fd9\u662fOA.\uff08\u5967\u5229\u7ef4\u8036\u963f\u52d2\u664f\uff09\u56db\u5341\u5e74\u7684\u521b\u4f5c\u751f\u6daf\u6982\u8ff0\u30021959\u5e741\u67081\u65e5\u51fa\u751f\u4e8e\u62c9\u6c99\u7279\u2014\u65b0\u5e74\u7684\u7b2c\u4e00\u5929.OA\u4e8e2026\u5e742\u670817\u65e5\u53bb\u4e16\u2014\u2014\u519c\u5386\u65b0\u5e74\uff0c\u5730\u70b9\u662f\u5df4\u9ece\uff0c\u4ed6\u7684\u751f\u6d3b\u4e0e\u5de5\u4f5c\u4e4b\u5730\u3002\u5728\u5df4\u9ece\u7f8e\u672f\u5b66\u9662\u6bd5\u4e1a\u540e\uff0c\u4ed6\u6210\u4e3a\u4e00\u4e2a\u4e07\u7269\u89c2\u5bdf\u8005\uff0c\u5de5\u4f5c\u3001\u65c5\u884c\uff0c\u5e76\u6355\u6349\u90a3\u4e9b\u6709\u65f6\u6700\u4e0d\u5bfb\u5e38\u7684\u7ec6\u8282\uff0c\u8fd9\u5e26\u6765\u4e86\u5e78\u798f\u7684\u7247\u6bb5\u4f5c\u4e3a\u753b\u5bb6\u3001\u7d20\u63cf\u5e08\u3001\u51fa\u7248\u8005\u548c\u4e1d\u7f51\u5370\u5237\u5bb6\u3002<\/p>\n\n\n\n<p>\u4ed6\u5728\u65e5\u5e38\u751f\u6d3b\u4e2d\u521b\u9020\u5e76\u8ffd\u6c42\u4e00\u79cd\u5f3a\u70c8\u7684\u591a\u5f69\u753b\u9762\uff0c\u5e38\u5e38\u4ee5\u610f\u60f3\u4e0d\u5230\u7684\u7279\u5199\u5c55\u73b0\u7269\u54c1\u6216\u5bb6\u4e2d\u7684\u4e00\u89d2\u3002\u4ed6\u63cf\u7ed8\u7fa4\u4f53\u4eba\u7269\uff0c\u523b\u753b\u60ca\u8bb6\u7684\u8868\u60c5\u3002\u4ed6\u7684\u4f5c\u54c1\u573a\u666f\u8ba9\u4eba\u8054\u60f3\u5230\u5927\u536b-\u970d\u514b\u5c3c\u7684\u5ba4\u5185\u6216\u57ce\u5e02\u5a31\u4e50\u666f\u8c61\u3002\u4f46\u4f5c\u4e3a\u4e00\u4e2a\u572850\u5e74\u4ee3\u8fde\u73af\u753b\u7ed3\u6784\u4e0a\u63cf\u7ed8\u5e78\u798f\u7684\u753b\u5bb6\uff0c\u6700\u521d\u662f\u9ed1\u767d\u7684\uff0c\u7136\u540e\u662f\u56db\u8272\u5370\u5237\u3002O.A.\u5c06\u8fd9\u4e9b\u5e26\u6709\u5929\u771f\u548c\u76f4\u63a5\u98ce\u683c\u7684\u56fe\u50cf\u5360\u4e3a\u5df1\u6709\uff0c\u4ed6\u4e3a\u5b83\u4eec\u8d4b\u4e88\u4e86\u4e00\u4e2a\u72ec\u7279\u7684\u82f1\u96c4\u548c\u4e3b\u89d2\uff0c\u5468\u56f4\u662f\u5076\u5c14\u9047\u5230\u7684\u964c\u751f\u4eba\uff1aOlivier Allemane\uff01\u5c31\u662f\u5728\u4ed6\u90a3\u4e9b\u4e1d\u7f51\u5370\u5237\u827a\u672f\u753b\u518c\u4e2d\u51fa\u73b0\u7684\u540c\u4e00\u4e2a\u4eba\uff0c\u5177\u6709\u7cbe\u81f4\u3001\u7eaf\u7cb9\u800c\u5b8c\u6574\u7684\u5929\u771f\u98ce<\/p>\n\n\n\n<p>2010\u5e74\u3002\u4e2d\u56fd\u3002\u8fd9\u662f\u5149\u8f89\u7684\u4e00\u5e74\uff1a\u5728\u5317\u4eac\u3001\u90d1\u5dde\u548c\u53f0\u5317\u4e3e\u529e\u4e86\u591a\u573a\u5c55\u89c8\u548c\u8bb2\u5ea7\u3002\u5728\u5317\u4eac\u7f8e\u672f\u5b66\u9662\u53d1\u884c\u4e86\u4e00\u672c\u827a\u672f\u4e66\u7c4d\u300aTu dis oui \u00e0 Allemane\uff1a\u4f60\u56de\u7b54\u6211\u201c\u662f\u3002\u300b\u201c\u867d\u7136\u6211\u7684\u7248\u672c\u90fd\u662f\u72ec\u4e00\u65e0\u4e8c\u7684\uff0c\u56e0\u6b64\u5e26\u6765\u4e86\u5feb\u4e50\uff0c\u4f46\u6b63\u662f\u4e2d\u56fd\u4eba\u572810\u4e16\u7eaa\u53d1\u660e\u4e86\u4e1d\u7f51\u5370\u5237\uff0c\u5e76\u4ee5\u4ed6\u4eec\u7684\u65b9\u5f0f\uff0c\u603b\u662f\u8ffd\u6c42\u4e94\u798f\u3002\u3002\u540c\u5e74\uff0c\u6211\u4eec\u8fd8\u51fa\u7248\u4e86\u4e00\u672c\u5173\u4e8e\u4e1c\u897f\u65b9\u4e1d\u7f51\u5370\u5237\u7684\u4e66\u8d44\u6e90\u4e30\u5bcc\uff0cO.A.\u6df1\u5165\u63a2\u8ba8\u4e3b\u9898\u548c\u60f3\u8c61\u9886\u57df\u30021984\u5e74\u81f31986 \u5e74\uff0c\u4ed6\u5728\u5df4\u9ece\u7684\u5899\u58c1\u4e0a\u5236\u4f5c\u4e86\u6a21\u677f\u753b\u30021987\u5e74\u52301993\u5e74\u95f4\uff0c\u4ed6\u5370\u5236\u5730\u4e0b\u97f3\u4e50\u4f1a\u7684\u6d77\u62a5\u3002\u4ed6\u7684\u6d77\u62a5\u5f88\u5feb\u5c31\u8fdb\u5165\u4e86\u5927\u578b\u79c1\u4eba\u6536\u85cf\u30021990\u5e74\u521d\u81f31991\u5e74\u3001\u4ed6\u53c2\u52a0\u4e86\u7ed8\u753b\u6d3b\u52a8\u3002\u81ea1986\u5e74\u8d77\uff0c\u4ed6\u5728\u4e2a\u4eba\u6216\u96c6\u4f53\u5c55\u89c8\u4e2d\u5c55\u793a\u81ea\u5df1\u7684\u4f5c\u54c1\u30022008\u5e74\uff0c\u4ed6\u4e0e Anne Van der Linden \u5171\u540c\u521b\u529e\u4e86\u6742\u5fd7\u300aFreak Wave\u300b\uff0c\u5c55\u73b0\u53e6\u4e00\u79cd\u4e16\u754c\u89c2\u3002\u5404\u79cd\u5c3a\u5bf8\u7684\u7eb8\u724c\u6e38\u620f\u548c\u62fc\u56fe\u4e5f\u65e2\u662f\u5e7d\u9ed8\u7684\u4f53\u73b0\uff0c\u4e5f\u662f\u8da3\u5473\u7684\u8868\u73b0\u3002\u5bf9\u4e8e\u8fd9\u4f4d\u4e0d\u65ad\u601d\u8003\u672a\u6765\u4f5c\u54c1\u7684\u521b\u4f5c\u8005\u6765\u8bf4\uff0c\u4f5c\u54c1\u7684\u5c3a\u5bf8\u4ece\u6765\u4e0d\u662f\u95ee\u9898\uff1a\u65e0\u8bba\u662f\u4e1d\u7f51\u5370\u5237\u8fd8\u662f\u4e19\u70ef\u753b\u3001\u4f5c\u54c1\u5f80\u5f80\u80fd\u8f7b\u677e\u8fbe\u5230\u6570\u7c73\u7684\u9ad8\u5ea6\u6216\u5bbd\u5ea6\uff0c\u751a\u81f3\u66f4\u5927\uff0c\u5176\u9ad8\u5ea6\u5219\u6839\u636e\u6c1b\u56f4\u548c\u4e3b\u9898\u800c\u53d8\u5316<\/p>\n\n\n\n<p>\u5728\u4ed6\u7a81\u7136\u53bb\u4e16\u65f6\uff0c\u8fd9\u4f4d\u827a\u672f\u5bb6\u7559\u4e0b\u4e86\u6570\u767e\u4ef6\u4f5c\u54c1\u3002\u6839\u636e\u6cd5\u5f8b\u89c4\u5b9a\u2014\u2014\u5bf9\u4e8e\u591a\u4ef6\u4f5c\u54c1\uff0c\u9010\u5e74\u5b58\u653e\u5728\u6cd5\u56fd\u56fd\u5bb6\u56fe\u4e66\u9986\u7684\u9986\u85cf\u2014\u2014\u4ee5\u53ca\u957f\u671f\u7531\u7231\u597d\u8005\u79ef\u7d2f\u7684\u6536\u85cf\uff0c\u5c06\u4f7f\u5f97\u5bf9\u8fd9\u4f4d\u521b\u4f5c\u8005\u7684\u4f5c\u54c1\u8fdb\u884c\u76f8\u5f53\u8be6\u7ec6\u7684\u4e13\u8457\u6210\u4e3a\u53ef\u80fd\u3002\u4ec0\u4e48\u65f6\u5019\u4f1a\u6709\u4e00\u4e2a\u80fd\u591f\u901a\u8fc7\u5c55\u89c8\u8bbe\u8ba1\u4e3a\u53c2\u89c2\u8005\u5e26\u6765\u5feb\u4e50\u7684\u5730\u65b9\u5462\uff1fO.A.\u5c06\u81ea\u5df1\u7684\u4f5c\u54c1\u2014\u6570\u767e\u5e45\u6cb9\u753b\u3001\u7d20\u63cf\u3001\u7248\u753b\u3001\u4e66\u8f96\u2014\u7684\u4fdd\u5b58\u5de5\u4f5c\u59d4\u6258\u7ed9\u4e86\u5e73\u9762\u8bbe\u8ba1\u5e08\u5df4\u8d1d\u5c14.\u7c73\u5c14\u5df4\u8d6b\u3002\u8ba9\u6211\u4eec\u62ed\u76ee\u4ee5\u5f85\uff0c\u770b\u6cd5\u56fd\u751a\u81f3\u4e2d\u56fd\u662f\u5426\u4f1a\u6709\u5730\u65b9\u63a5\u7eb3\u8fd9\u4f4d\u53e4\u602a\u7684\u6cd5\u56fd\u4eba\u2026\u3002&nbsp; &nbsp; &nbsp; &nbsp; &nbsp;<\/p>\n\n\n\n<figure class=\"wp-block-gallery has-nested-images columns-default is-cropped wp-block-gallery-1 is-layout-flex\">\n<figure class=\"wp-block-image size-large\"><a href=\"https:\/\/i0.wp.com\/alaincardenas.com\/blog\/wp-content\/uploads\/2026\/02\/5.-OA-Regard-devant.jpg?ssl=1\"><img data-attachment-id=\"9420\" data-permalink=\"https:\/\/alaincardenas.com\/blog\/a-propos-dolivier-allemane-1959-2026-peintre-du-bonheur\/5-oa-regard-devant\/\" data-orig-file=\"https:\/\/i0.wp.com\/alaincardenas.com\/blog\/wp-content\/uploads\/2026\/02\/5.-OA-Regard-devant.jpg?fit=413%2C640&amp;ssl=1\" data-orig-size=\"413,640\" data-comments-opened=\"0\" data-image-meta=\"{&quot;aperture&quot;:&quot;1.6&quot;,&quot;credit&quot;:&quot;&quot;,&quot;camera&quot;:&quot;iPhone 15 Plus&quot;,&quot;caption&quot;:&quot;&quot;,&quot;created_timestamp&quot;:&quot;1771478452&quot;,&quot;copyright&quot;:&quot;&quot;,&quot;focal_length&quot;:&quot;5.96&quot;,&quot;iso&quot;:&quot;125&quot;,&quot;shutter_speed&quot;:&quot;0.03030303030303&quot;,&quot;title&quot;:&quot;&quot;,&quot;orientation&quot;:&quot;1&quot;}\" data-image-title=\"5. OA, Regard devant\" data-image-description=\"\" data-image-caption=\"\" data-medium-file=\"https:\/\/i0.wp.com\/alaincardenas.com\/blog\/wp-content\/uploads\/2026\/02\/5.-OA-Regard-devant.jpg?fit=194%2C300&amp;ssl=1\" data-large-file=\"https:\/\/i0.wp.com\/alaincardenas.com\/blog\/wp-content\/uploads\/2026\/02\/5.-OA-Regard-devant.jpg?fit=413%2C640&amp;ssl=1\" decoding=\"async\" loading=\"lazy\" width=\"413\" height=\"640\" data-id=\"9420\"  src=\"https:\/\/i0.wp.com\/alaincardenas.com\/blog\/wp-content\/uploads\/2026\/02\/5.-OA-Regard-devant.jpg?resize=413%2C640&#038;ssl=1\" alt=\"\" class=\"wp-image-9420\" srcset=\"https:\/\/i0.wp.com\/alaincardenas.com\/blog\/wp-content\/uploads\/2026\/02\/5.-OA-Regard-devant.jpg?w=413&amp;ssl=1 413w, https:\/\/i0.wp.com\/alaincardenas.com\/blog\/wp-content\/uploads\/2026\/02\/5.-OA-Regard-devant.jpg?resize=194%2C300&amp;ssl=1 194w\" sizes=\"(max-width: 413px) 100vw, 413px\" data-recalc-dims=\"1\" \/><\/a><\/figure>\n\n\n\n<figure class=\"wp-block-image size-large\"><a href=\"https:\/\/i0.wp.com\/alaincardenas.com\/blog\/wp-content\/uploads\/2026\/02\/1.OA-BlocIMG_2761.jpg?ssl=1\"><img data-attachment-id=\"9419\" data-permalink=\"https:\/\/alaincardenas.com\/blog\/a-propos-dolivier-allemane-1959-2026-peintre-du-bonheur\/1-oa-blocimg_2761\/\" data-orig-file=\"https:\/\/i0.wp.com\/alaincardenas.com\/blog\/wp-content\/uploads\/2026\/02\/1.OA-BlocIMG_2761.jpg?fit=518%2C640&amp;ssl=1\" data-orig-size=\"518,640\" data-comments-opened=\"0\" data-image-meta=\"{&quot;aperture&quot;:&quot;1.6&quot;,&quot;credit&quot;:&quot;&quot;,&quot;camera&quot;:&quot;iPhone 15 Plus&quot;,&quot;caption&quot;:&quot;&quot;,&quot;created_timestamp&quot;:&quot;1771478233&quot;,&quot;copyright&quot;:&quot;&quot;,&quot;focal_length&quot;:&quot;5.96&quot;,&quot;iso&quot;:&quot;1000&quot;,&quot;shutter_speed&quot;:&quot;0.05&quot;,&quot;title&quot;:&quot;&quot;,&quot;orientation&quot;:&quot;1&quot;}\" data-image-title=\"1.OA, BlocIMG_2761\" data-image-description=\"\" data-image-caption=\"\" data-medium-file=\"https:\/\/i0.wp.com\/alaincardenas.com\/blog\/wp-content\/uploads\/2026\/02\/1.OA-BlocIMG_2761.jpg?fit=243%2C300&amp;ssl=1\" data-large-file=\"https:\/\/i0.wp.com\/alaincardenas.com\/blog\/wp-content\/uploads\/2026\/02\/1.OA-BlocIMG_2761.jpg?fit=518%2C640&amp;ssl=1\" decoding=\"async\" loading=\"lazy\" width=\"518\" height=\"640\" data-id=\"9419\"  src=\"https:\/\/i0.wp.com\/alaincardenas.com\/blog\/wp-content\/uploads\/2026\/02\/1.OA-BlocIMG_2761.jpg?resize=518%2C640&#038;ssl=1\" alt=\"\" class=\"wp-image-9419\" srcset=\"https:\/\/i0.wp.com\/alaincardenas.com\/blog\/wp-content\/uploads\/2026\/02\/1.OA-BlocIMG_2761.jpg?w=518&amp;ssl=1 518w, https:\/\/i0.wp.com\/alaincardenas.com\/blog\/wp-content\/uploads\/2026\/02\/1.OA-BlocIMG_2761.jpg?resize=243%2C300&amp;ssl=1 243w\" sizes=\"(max-width: 518px) 100vw, 518px\" data-recalc-dims=\"1\" \/><\/a><\/figure>\n<\/figure>\n\n\n\n<hr class=\"wp-block-separator has-alpha-channel-opacity\"\/>\n\n\n\n<p>Ci-dessus. Photos du temps qui passe. Coll. priv\u00e9e. Fds OA<\/p>\n\n\n\n<hr class=\"wp-block-separator has-alpha-channel-opacity\"\/>\n\n\n\n<p class=\"has-text-color\" style=\"color:#af2727\"><strong>Les ann\u00e9es de formation<\/strong><\/p>\n\n\n\n<p>Ann\u00e9es de formation, notamment aux Beaux-arts, et voyages ici et l\u00e0 vont de pair. Le gar\u00e7on est aussi et surtout un observateur qui aime prendre du temps, plut\u00f4t du bon, \u00e0 observer \u00e0 l\u2019aune de sa curiosit\u00e9, tout ce qui l\u2019entoure et \u00e0 figer des d\u00e9tails parfois les plus incongrus, cela apporte des tranches de bonheur\u2026<\/p>\n\n\n\n<figure class=\"wp-block-gallery has-nested-images columns-default is-cropped wp-block-gallery-3 is-layout-flex\">\n<figure class=\"wp-block-image size-large\"><a href=\"https:\/\/i0.wp.com\/alaincardenas.com\/blog\/wp-content\/uploads\/2026\/02\/13.-OA-Quotidien-tranche-3-1.jpg?ssl=1\"><img data-attachment-id=\"9432\" data-permalink=\"https:\/\/alaincardenas.com\/blog\/a-propos-dolivier-allemane-1959-2026-peintre-du-bonheur\/13-oa-quotidien-tranche-3-1\/\" data-orig-file=\"https:\/\/i0.wp.com\/alaincardenas.com\/blog\/wp-content\/uploads\/2026\/02\/13.-OA-Quotidien-tranche-3-1.jpg?fit=320%2C231&amp;ssl=1\" data-orig-size=\"320,231\" data-comments-opened=\"0\" data-image-meta=\"{&quot;aperture&quot;:&quot;0&quot;,&quot;credit&quot;:&quot;&quot;,&quot;camera&quot;:&quot;&quot;,&quot;caption&quot;:&quot;&quot;,&quot;created_timestamp&quot;:&quot;0&quot;,&quot;copyright&quot;:&quot;&quot;,&quot;focal_length&quot;:&quot;0&quot;,&quot;iso&quot;:&quot;0&quot;,&quot;shutter_speed&quot;:&quot;0&quot;,&quot;title&quot;:&quot;&quot;,&quot;orientation&quot;:&quot;1&quot;}\" data-image-title=\"13.-OA-Quotidien-tranche-3-1\" data-image-description=\"\" data-image-caption=\"\" data-medium-file=\"https:\/\/i0.wp.com\/alaincardenas.com\/blog\/wp-content\/uploads\/2026\/02\/13.-OA-Quotidien-tranche-3-1.jpg?fit=300%2C217&amp;ssl=1\" data-large-file=\"https:\/\/i0.wp.com\/alaincardenas.com\/blog\/wp-content\/uploads\/2026\/02\/13.-OA-Quotidien-tranche-3-1.jpg?fit=320%2C231&amp;ssl=1\" decoding=\"async\" loading=\"lazy\" width=\"320\" height=\"231\" data-id=\"9432\"  src=\"https:\/\/i0.wp.com\/alaincardenas.com\/blog\/wp-content\/uploads\/2026\/02\/13.-OA-Quotidien-tranche-3-1.jpg?resize=320%2C231&#038;ssl=1\" alt=\"\" class=\"wp-image-9432\" srcset=\"https:\/\/i0.wp.com\/alaincardenas.com\/blog\/wp-content\/uploads\/2026\/02\/13.-OA-Quotidien-tranche-3-1.jpg?w=320&amp;ssl=1 320w, https:\/\/i0.wp.com\/alaincardenas.com\/blog\/wp-content\/uploads\/2026\/02\/13.-OA-Quotidien-tranche-3-1.jpg?resize=300%2C217&amp;ssl=1 300w\" sizes=\"(max-width: 320px) 100vw, 320px\" data-recalc-dims=\"1\" \/><\/a><\/figure>\n\n\n\n<figure class=\"wp-block-image size-large\"><a href=\"https:\/\/i0.wp.com\/alaincardenas.com\/blog\/wp-content\/uploads\/2026\/02\/10.-OA-Solaire-1-1.jpg?ssl=1\"><img data-attachment-id=\"9435\" data-permalink=\"https:\/\/alaincardenas.com\/blog\/a-propos-dolivier-allemane-1959-2026-peintre-du-bonheur\/10-oa-solaire-1-1\/\" data-orig-file=\"https:\/\/i0.wp.com\/alaincardenas.com\/blog\/wp-content\/uploads\/2026\/02\/10.-OA-Solaire-1-1.jpg?fit=481%2C640&amp;ssl=1\" data-orig-size=\"481,640\" data-comments-opened=\"0\" data-image-meta=\"{&quot;aperture&quot;:&quot;1.6&quot;,&quot;credit&quot;:&quot;&quot;,&quot;camera&quot;:&quot;iPhone 15 Plus&quot;,&quot;caption&quot;:&quot;&quot;,&quot;created_timestamp&quot;:&quot;1771477451&quot;,&quot;copyright&quot;:&quot;&quot;,&quot;focal_length&quot;:&quot;5.96&quot;,&quot;iso&quot;:&quot;800&quot;,&quot;shutter_speed&quot;:&quot;0.04&quot;,&quot;title&quot;:&quot;&quot;,&quot;orientation&quot;:&quot;1&quot;}\" data-image-title=\"10.-OA-Solaire-1-1\" data-image-description=\"\" data-image-caption=\"\" data-medium-file=\"https:\/\/i0.wp.com\/alaincardenas.com\/blog\/wp-content\/uploads\/2026\/02\/10.-OA-Solaire-1-1.jpg?fit=225%2C300&amp;ssl=1\" data-large-file=\"https:\/\/i0.wp.com\/alaincardenas.com\/blog\/wp-content\/uploads\/2026\/02\/10.-OA-Solaire-1-1.jpg?fit=481%2C640&amp;ssl=1\" decoding=\"async\" loading=\"lazy\" width=\"481\" height=\"640\" data-id=\"9435\"  src=\"https:\/\/i0.wp.com\/alaincardenas.com\/blog\/wp-content\/uploads\/2026\/02\/10.-OA-Solaire-1-1.jpg?resize=481%2C640&#038;ssl=1\" alt=\"\" class=\"wp-image-9435\" srcset=\"https:\/\/i0.wp.com\/alaincardenas.com\/blog\/wp-content\/uploads\/2026\/02\/10.-OA-Solaire-1-1.jpg?w=481&amp;ssl=1 481w, https:\/\/i0.wp.com\/alaincardenas.com\/blog\/wp-content\/uploads\/2026\/02\/10.-OA-Solaire-1-1.jpg?resize=225%2C300&amp;ssl=1 225w\" sizes=\"(max-width: 481px) 100vw, 481px\" data-recalc-dims=\"1\" \/><\/a><\/figure>\n\n\n\n<figure class=\"wp-block-image size-large\"><a href=\"https:\/\/i0.wp.com\/alaincardenas.com\/blog\/wp-content\/uploads\/2026\/02\/12.-OA-Quotidien-tranche-2-1.jpg?ssl=1\"><img data-attachment-id=\"9433\" data-permalink=\"https:\/\/alaincardenas.com\/blog\/a-propos-dolivier-allemane-1959-2026-peintre-du-bonheur\/12-oa-quotidien-tranche-2-1\/\" data-orig-file=\"https:\/\/i0.wp.com\/alaincardenas.com\/blog\/wp-content\/uploads\/2026\/02\/12.-OA-Quotidien-tranche-2-1.jpg?fit=454%2C640&amp;ssl=1\" data-orig-size=\"454,640\" data-comments-opened=\"0\" data-image-meta=\"{&quot;aperture&quot;:&quot;0&quot;,&quot;credit&quot;:&quot;&quot;,&quot;camera&quot;:&quot;&quot;,&quot;caption&quot;:&quot;&quot;,&quot;created_timestamp&quot;:&quot;0&quot;,&quot;copyright&quot;:&quot;&quot;,&quot;focal_length&quot;:&quot;0&quot;,&quot;iso&quot;:&quot;0&quot;,&quot;shutter_speed&quot;:&quot;0&quot;,&quot;title&quot;:&quot;&quot;,&quot;orientation&quot;:&quot;1&quot;}\" data-image-title=\"12.-OA-Quotidien-tranche-2-1\" data-image-description=\"\" data-image-caption=\"\" data-medium-file=\"https:\/\/i0.wp.com\/alaincardenas.com\/blog\/wp-content\/uploads\/2026\/02\/12.-OA-Quotidien-tranche-2-1.jpg?fit=213%2C300&amp;ssl=1\" data-large-file=\"https:\/\/i0.wp.com\/alaincardenas.com\/blog\/wp-content\/uploads\/2026\/02\/12.-OA-Quotidien-tranche-2-1.jpg?fit=454%2C640&amp;ssl=1\" decoding=\"async\" loading=\"lazy\" width=\"454\" height=\"640\" data-id=\"9433\"  src=\"https:\/\/i0.wp.com\/alaincardenas.com\/blog\/wp-content\/uploads\/2026\/02\/12.-OA-Quotidien-tranche-2-1.jpg?resize=454%2C640&#038;ssl=1\" alt=\"\" class=\"wp-image-9433\" srcset=\"https:\/\/i0.wp.com\/alaincardenas.com\/blog\/wp-content\/uploads\/2026\/02\/12.-OA-Quotidien-tranche-2-1.jpg?w=454&amp;ssl=1 454w, https:\/\/i0.wp.com\/alaincardenas.com\/blog\/wp-content\/uploads\/2026\/02\/12.-OA-Quotidien-tranche-2-1.jpg?resize=213%2C300&amp;ssl=1 213w\" sizes=\"(max-width: 454px) 100vw, 454px\" data-recalc-dims=\"1\" \/><\/a><\/figure>\n\n\n\n<figure class=\"wp-block-image size-large\"><a href=\"https:\/\/i0.wp.com\/alaincardenas.com\/blog\/wp-content\/uploads\/2026\/02\/9.-OA-Bras-tendus-1.jpg?ssl=1\"><img data-attachment-id=\"9434\" data-permalink=\"https:\/\/alaincardenas.com\/blog\/a-propos-dolivier-allemane-1959-2026-peintre-du-bonheur\/9-oa-bras-tendus-1\/\" data-orig-file=\"https:\/\/i0.wp.com\/alaincardenas.com\/blog\/wp-content\/uploads\/2026\/02\/9.-OA-Bras-tendus-1.jpg?fit=640%2C533&amp;ssl=1\" data-orig-size=\"640,533\" data-comments-opened=\"0\" data-image-meta=\"{&quot;aperture&quot;:&quot;1.6&quot;,&quot;credit&quot;:&quot;&quot;,&quot;camera&quot;:&quot;iPhone 15 Plus&quot;,&quot;caption&quot;:&quot;&quot;,&quot;created_timestamp&quot;:&quot;1771477439&quot;,&quot;copyright&quot;:&quot;&quot;,&quot;focal_length&quot;:&quot;5.96&quot;,&quot;iso&quot;:&quot;1000&quot;,&quot;shutter_speed&quot;:&quot;0.04&quot;,&quot;title&quot;:&quot;&quot;,&quot;orientation&quot;:&quot;1&quot;}\" data-image-title=\"9.-OA-Bras-tendus-1\" data-image-description=\"\" data-image-caption=\"\" data-medium-file=\"https:\/\/i0.wp.com\/alaincardenas.com\/blog\/wp-content\/uploads\/2026\/02\/9.-OA-Bras-tendus-1.jpg?fit=300%2C250&amp;ssl=1\" data-large-file=\"https:\/\/i0.wp.com\/alaincardenas.com\/blog\/wp-content\/uploads\/2026\/02\/9.-OA-Bras-tendus-1.jpg?fit=584%2C486&amp;ssl=1\" decoding=\"async\" loading=\"lazy\" width=\"584\" height=\"486\" data-id=\"9434\"  src=\"https:\/\/i0.wp.com\/alaincardenas.com\/blog\/wp-content\/uploads\/2026\/02\/9.-OA-Bras-tendus-1.jpg?resize=584%2C486&#038;ssl=1\" alt=\"\" class=\"wp-image-9434\" srcset=\"https:\/\/i0.wp.com\/alaincardenas.com\/blog\/wp-content\/uploads\/2026\/02\/9.-OA-Bras-tendus-1.jpg?w=640&amp;ssl=1 640w, https:\/\/i0.wp.com\/alaincardenas.com\/blog\/wp-content\/uploads\/2026\/02\/9.-OA-Bras-tendus-1.jpg?resize=300%2C250&amp;ssl=1 300w, https:\/\/i0.wp.com\/alaincardenas.com\/blog\/wp-content\/uploads\/2026\/02\/9.-OA-Bras-tendus-1.jpg?resize=360%2C300&amp;ssl=1 360w\" sizes=\"(max-width: 584px) 100vw, 584px\" data-recalc-dims=\"1\" \/><\/a><\/figure>\n\n\n\n<figure class=\"wp-block-image size-large\"><a href=\"https:\/\/i0.wp.com\/alaincardenas.com\/blog\/wp-content\/uploads\/2026\/02\/14.-OA-Gerberas-possibles-1.jpg?ssl=1\"><img data-attachment-id=\"9431\" data-permalink=\"https:\/\/alaincardenas.com\/blog\/a-propos-dolivier-allemane-1959-2026-peintre-du-bonheur\/14-oa-gerberas-possibles-1\/\" data-orig-file=\"https:\/\/i0.wp.com\/alaincardenas.com\/blog\/wp-content\/uploads\/2026\/02\/14.-OA-Gerberas-possibles-1.jpg?fit=320%2C234&amp;ssl=1\" data-orig-size=\"320,234\" data-comments-opened=\"0\" data-image-meta=\"{&quot;aperture&quot;:&quot;0&quot;,&quot;credit&quot;:&quot;&quot;,&quot;camera&quot;:&quot;&quot;,&quot;caption&quot;:&quot;&quot;,&quot;created_timestamp&quot;:&quot;0&quot;,&quot;copyright&quot;:&quot;&quot;,&quot;focal_length&quot;:&quot;0&quot;,&quot;iso&quot;:&quot;0&quot;,&quot;shutter_speed&quot;:&quot;0&quot;,&quot;title&quot;:&quot;&quot;,&quot;orientation&quot;:&quot;1&quot;}\" data-image-title=\"14.-OA-Gerberas-possibles-1\" data-image-description=\"\" data-image-caption=\"\" data-medium-file=\"https:\/\/i0.wp.com\/alaincardenas.com\/blog\/wp-content\/uploads\/2026\/02\/14.-OA-Gerberas-possibles-1.jpg?fit=300%2C219&amp;ssl=1\" data-large-file=\"https:\/\/i0.wp.com\/alaincardenas.com\/blog\/wp-content\/uploads\/2026\/02\/14.-OA-Gerberas-possibles-1.jpg?fit=320%2C234&amp;ssl=1\" decoding=\"async\" loading=\"lazy\" width=\"320\" height=\"234\" data-id=\"9431\"  src=\"https:\/\/i0.wp.com\/alaincardenas.com\/blog\/wp-content\/uploads\/2026\/02\/14.-OA-Gerberas-possibles-1.jpg?resize=320%2C234&#038;ssl=1\" alt=\"\" class=\"wp-image-9431\" srcset=\"https:\/\/i0.wp.com\/alaincardenas.com\/blog\/wp-content\/uploads\/2026\/02\/14.-OA-Gerberas-possibles-1.jpg?w=320&amp;ssl=1 320w, https:\/\/i0.wp.com\/alaincardenas.com\/blog\/wp-content\/uploads\/2026\/02\/14.-OA-Gerberas-possibles-1.jpg?resize=300%2C219&amp;ssl=1 300w\" sizes=\"(max-width: 320px) 100vw, 320px\" data-recalc-dims=\"1\" \/><\/a><\/figure>\n<\/figure>\n\n\n\n<hr class=\"wp-block-separator has-alpha-channel-opacity\"\/>\n\n\n\n<p>Ci-dessus, de gauche \u00e0 droite et de haut en bas. Quotidien ; Corse, 21 x 16 cm ; Quotidien ; Convolage, acrylique, 18 x 22 cm ; Quootidien.<\/p>\n\n\n\n<hr class=\"wp-block-separator has-alpha-channel-opacity\"\/>\n\n\n\n<p class=\"has-text-color\" style=\"color:#af2727\"><strong>Un renouveau du roman-photo centr\u00e9 autour d\u2019un seul h\u00e9ros<\/strong><\/p>\n\n\n\n<p>Architecte d\u2019un imaginaire de type DIY affirm\u00e9, peintre, dessinateur, \u00e9diteur&nbsp;et&nbsp;s\u00e9rigraphe, ses recherches ont privil\u00e9gi\u00e9 une polychromie intense et des tranches de vie, elles aussi solaires et vectrices de plaisirs. Le plaisir de l\u2019illustration, le plaisir de la lecture des fanzines, et celui, imm\u00e9diat, de sc\u00e8nes parfois dans le m\u00eame \u00e9tat d\u2019esprit que les sc\u00e8nes d\u2019int\u00e9rieur ou de plaisances urbaines que r\u00e9pand David Hockney&nbsp;; un autre [plaisir], plus complexe, qui dit le go\u00fbt d\u2019une observation tr\u00e8s personnelle durant r\u00e9sidences et voyages avec le m\u00eame esprit de reporter que l\u2019on retrouve chez Di Rosa lorsque ce dernier poursuit Camille Cam\u00e9ra. Il n\u2019emp\u00eache, par ailleurs, qu\u2019une des sources d\u2019inspiration du peintre du bonheur est la structure du roman-photo, un genre qui appara\u00eet durant les ann\u00e9es 50 \u00e0 la fin de la Deuxi\u00e8me Guerre mondiale et se veut un baume sur les plaies laiss\u00e9es durant des ann\u00e9es d\u2019une inutile et destructrice violence. A ce type de publication, d\u2019abord en noir et blanc, font suite des num\u00e9ros hebdomadaires en quadrichromie. Olivier Allemane s\u2019approprie avec l\u00e9g\u00e8ret\u00e9 ces images \u00e0 la saveur na\u00efve et frontale, il leur donne alors un h\u00e9ros et protagoniste unique entour\u00e9 d\u2019inconnus crois\u00e9s ici et l\u00e0&nbsp;: Olivier Allemane&nbsp;!<\/p>\n\n\n\n<p>De nombreuses \u00e9ditions, des livres d\u2019artiste, en s\u00e9rigraphie, sont un autre souvenir, \u00e9tonnant, de ces parcours insolites qui refl\u00e8tent une <em>na\u00efvet\u00e9 raffin\u00e9e<\/em>, pleine et totale. Ainsi en va-t-il de <em>Tu dis oui \u00e0 Allemane&nbsp;: <\/em>\u4f60\u56de\u7b54\u6211\u201c\u662f\u201d, [impression s\u00e9rigraphique \u00e0 42 ex., 32 pages au format 13 x 17.8 cm]. Le livre est r\u00e9alis\u00e9 \u00e0 la Central Academy of Fine Arts de&nbsp;P\u00e9kin o\u00f9 l&rsquo;auteur \u00e9tait en r\u00e9sidence sur invitation des autorit\u00e9s culturelles chinoises afin de pr\u00e9senter sa technique de s\u00e9rigraphie. Comme il le rappelait durant un entretien qui eut lieu dans cette capitale, \u00ab&nbsp;m\u00eame si mes \u00e9ditions sont uniques et donnent, de ce fait, du bonheur, ce sont cependant les Chinois qui ont invent\u00e9 la s\u00e9rigraphie au 10<sup>e<\/sup> si\u00e8cle, et, \u00e0 leur fa\u00e7on, toujours tendu vers cinq bonheurs. Le DIY fait la diff\u00e9rence avec mes histoires uniques&nbsp;\u00bb<\/p>\n\n\n\n<figure class=\"wp-block-gallery has-nested-images columns-default is-cropped wp-block-gallery-5 is-layout-flex\">\n<figure class=\"wp-block-image size-large\"><a href=\"https:\/\/i0.wp.com\/alaincardenas.com\/blog\/wp-content\/uploads\/2026\/02\/19.-OA-Livre-serigraphique-1.jpg?ssl=1\"><img data-attachment-id=\"9436\" data-permalink=\"https:\/\/alaincardenas.com\/blog\/a-propos-dolivier-allemane-1959-2026-peintre-du-bonheur\/19-oa-livre-serigraphique-1\/\" data-orig-file=\"https:\/\/i0.wp.com\/alaincardenas.com\/blog\/wp-content\/uploads\/2026\/02\/19.-OA-Livre-serigraphique-1.jpg?fit=312%2C320&amp;ssl=1\" data-orig-size=\"312,320\" data-comments-opened=\"0\" data-image-meta=\"{&quot;aperture&quot;:&quot;1.6&quot;,&quot;credit&quot;:&quot;&quot;,&quot;camera&quot;:&quot;iPhone 15 Plus&quot;,&quot;caption&quot;:&quot;&quot;,&quot;created_timestamp&quot;:&quot;1771477418&quot;,&quot;copyright&quot;:&quot;&quot;,&quot;focal_length&quot;:&quot;5.96&quot;,&quot;iso&quot;:&quot;800&quot;,&quot;shutter_speed&quot;:&quot;0.04&quot;,&quot;title&quot;:&quot;&quot;,&quot;orientation&quot;:&quot;1&quot;}\" data-image-title=\"19.-OA-Livre-serigraphique-1\" data-image-description=\"\" data-image-caption=\"\" data-medium-file=\"https:\/\/i0.wp.com\/alaincardenas.com\/blog\/wp-content\/uploads\/2026\/02\/19.-OA-Livre-serigraphique-1.jpg?fit=293%2C300&amp;ssl=1\" data-large-file=\"https:\/\/i0.wp.com\/alaincardenas.com\/blog\/wp-content\/uploads\/2026\/02\/19.-OA-Livre-serigraphique-1.jpg?fit=312%2C320&amp;ssl=1\" decoding=\"async\" loading=\"lazy\" width=\"312\" height=\"320\" data-id=\"9436\"  src=\"https:\/\/i0.wp.com\/alaincardenas.com\/blog\/wp-content\/uploads\/2026\/02\/19.-OA-Livre-serigraphique-1.jpg?resize=312%2C320&#038;ssl=1\" alt=\"\" class=\"wp-image-9436\" srcset=\"https:\/\/i0.wp.com\/alaincardenas.com\/blog\/wp-content\/uploads\/2026\/02\/19.-OA-Livre-serigraphique-1.jpg?w=312&amp;ssl=1 312w, https:\/\/i0.wp.com\/alaincardenas.com\/blog\/wp-content\/uploads\/2026\/02\/19.-OA-Livre-serigraphique-1.jpg?resize=293%2C300&amp;ssl=1 293w\" sizes=\"(max-width: 312px) 100vw, 312px\" data-recalc-dims=\"1\" \/><\/a><\/figure>\n\n\n\n<figure class=\"wp-block-image size-large\"><a href=\"https:\/\/i0.wp.com\/alaincardenas.com\/blog\/wp-content\/uploads\/2026\/02\/18.-OA-Livre-serigraphique-1.jpg?ssl=1\"><img data-attachment-id=\"9438\" data-permalink=\"https:\/\/alaincardenas.com\/blog\/a-propos-dolivier-allemane-1959-2026-peintre-du-bonheur\/18-oa-livre-serigraphique-1\/\" data-orig-file=\"https:\/\/i0.wp.com\/alaincardenas.com\/blog\/wp-content\/uploads\/2026\/02\/18.-OA-Livre-serigraphique-1.jpg?fit=450%2C640&amp;ssl=1\" data-orig-size=\"450,640\" data-comments-opened=\"0\" data-image-meta=\"{&quot;aperture&quot;:&quot;1.6&quot;,&quot;credit&quot;:&quot;&quot;,&quot;camera&quot;:&quot;iPhone 15 Plus&quot;,&quot;caption&quot;:&quot;&quot;,&quot;created_timestamp&quot;:&quot;1771477384&quot;,&quot;copyright&quot;:&quot;&quot;,&quot;focal_length&quot;:&quot;5.96&quot;,&quot;iso&quot;:&quot;640&quot;,&quot;shutter_speed&quot;:&quot;0.04&quot;,&quot;title&quot;:&quot;&quot;,&quot;orientation&quot;:&quot;1&quot;}\" data-image-title=\"18.-OA-Livre-serigraphique-1\" data-image-description=\"\" data-image-caption=\"\" data-medium-file=\"https:\/\/i0.wp.com\/alaincardenas.com\/blog\/wp-content\/uploads\/2026\/02\/18.-OA-Livre-serigraphique-1.jpg?fit=211%2C300&amp;ssl=1\" data-large-file=\"https:\/\/i0.wp.com\/alaincardenas.com\/blog\/wp-content\/uploads\/2026\/02\/18.-OA-Livre-serigraphique-1.jpg?fit=450%2C640&amp;ssl=1\" decoding=\"async\" loading=\"lazy\" width=\"450\" height=\"640\" data-id=\"9438\"  src=\"https:\/\/i0.wp.com\/alaincardenas.com\/blog\/wp-content\/uploads\/2026\/02\/18.-OA-Livre-serigraphique-1.jpg?resize=450%2C640&#038;ssl=1\" alt=\"\" class=\"wp-image-9438\" srcset=\"https:\/\/i0.wp.com\/alaincardenas.com\/blog\/wp-content\/uploads\/2026\/02\/18.-OA-Livre-serigraphique-1.jpg?w=450&amp;ssl=1 450w, https:\/\/i0.wp.com\/alaincardenas.com\/blog\/wp-content\/uploads\/2026\/02\/18.-OA-Livre-serigraphique-1.jpg?resize=211%2C300&amp;ssl=1 211w\" sizes=\"(max-width: 450px) 100vw, 450px\" data-recalc-dims=\"1\" \/><\/a><\/figure>\n\n\n\n<figure class=\"wp-block-image size-large\"><a href=\"https:\/\/i0.wp.com\/alaincardenas.com\/blog\/wp-content\/uploads\/2026\/02\/21.-OA-Trace-de-Dunhuang-1.jpg?ssl=1\"><img data-attachment-id=\"9439\" data-permalink=\"https:\/\/alaincardenas.com\/blog\/a-propos-dolivier-allemane-1959-2026-peintre-du-bonheur\/21-oa-trace-de-dunhuang-1\/\" data-orig-file=\"https:\/\/i0.wp.com\/alaincardenas.com\/blog\/wp-content\/uploads\/2026\/02\/21.-OA-Trace-de-Dunhuang-1.jpg?fit=478%2C640&amp;ssl=1\" data-orig-size=\"478,640\" data-comments-opened=\"0\" data-image-meta=\"{&quot;aperture&quot;:&quot;1.6&quot;,&quot;credit&quot;:&quot;&quot;,&quot;camera&quot;:&quot;iPhone 15 Plus&quot;,&quot;caption&quot;:&quot;&quot;,&quot;created_timestamp&quot;:&quot;1771477463&quot;,&quot;copyright&quot;:&quot;&quot;,&quot;focal_length&quot;:&quot;5.96&quot;,&quot;iso&quot;:&quot;1000&quot;,&quot;shutter_speed&quot;:&quot;0.04&quot;,&quot;title&quot;:&quot;&quot;,&quot;orientation&quot;:&quot;1&quot;}\" data-image-title=\"21.-OA-Trace-de-Dunhuang-1\" data-image-description=\"\" data-image-caption=\"\" data-medium-file=\"https:\/\/i0.wp.com\/alaincardenas.com\/blog\/wp-content\/uploads\/2026\/02\/21.-OA-Trace-de-Dunhuang-1.jpg?fit=224%2C300&amp;ssl=1\" data-large-file=\"https:\/\/i0.wp.com\/alaincardenas.com\/blog\/wp-content\/uploads\/2026\/02\/21.-OA-Trace-de-Dunhuang-1.jpg?fit=478%2C640&amp;ssl=1\" decoding=\"async\" loading=\"lazy\" width=\"478\" height=\"640\" data-id=\"9439\"  src=\"https:\/\/i0.wp.com\/alaincardenas.com\/blog\/wp-content\/uploads\/2026\/02\/21.-OA-Trace-de-Dunhuang-1.jpg?resize=478%2C640&#038;ssl=1\" alt=\"\" class=\"wp-image-9439\" srcset=\"https:\/\/i0.wp.com\/alaincardenas.com\/blog\/wp-content\/uploads\/2026\/02\/21.-OA-Trace-de-Dunhuang-1.jpg?w=478&amp;ssl=1 478w, https:\/\/i0.wp.com\/alaincardenas.com\/blog\/wp-content\/uploads\/2026\/02\/21.-OA-Trace-de-Dunhuang-1.jpg?resize=224%2C300&amp;ssl=1 224w\" sizes=\"(max-width: 478px) 100vw, 478px\" data-recalc-dims=\"1\" \/><\/a><\/figure>\n\n\n\n<figure class=\"wp-block-image size-large\"><a href=\"https:\/\/i0.wp.com\/alaincardenas.com\/blog\/wp-content\/uploads\/2026\/02\/20.-OA-Livre-serigraphique-1.jpg?ssl=1\"><img data-attachment-id=\"9437\" data-permalink=\"https:\/\/alaincardenas.com\/blog\/a-propos-dolivier-allemane-1959-2026-peintre-du-bonheur\/20-oa-livre-serigraphique-1\/\" data-orig-file=\"https:\/\/i0.wp.com\/alaincardenas.com\/blog\/wp-content\/uploads\/2026\/02\/20.-OA-Livre-serigraphique-1.jpg?fit=243%2C320&amp;ssl=1\" data-orig-size=\"243,320\" data-comments-opened=\"0\" data-image-meta=\"{&quot;aperture&quot;:&quot;1.6&quot;,&quot;credit&quot;:&quot;&quot;,&quot;camera&quot;:&quot;iPhone 15 Plus&quot;,&quot;caption&quot;:&quot;&quot;,&quot;created_timestamp&quot;:&quot;1771477504&quot;,&quot;copyright&quot;:&quot;&quot;,&quot;focal_length&quot;:&quot;5.96&quot;,&quot;iso&quot;:&quot;640&quot;,&quot;shutter_speed&quot;:&quot;0.04&quot;,&quot;title&quot;:&quot;&quot;,&quot;orientation&quot;:&quot;1&quot;}\" data-image-title=\"20.-OA-Livre-serigraphique-1\" data-image-description=\"\" data-image-caption=\"\" data-medium-file=\"https:\/\/i0.wp.com\/alaincardenas.com\/blog\/wp-content\/uploads\/2026\/02\/20.-OA-Livre-serigraphique-1.jpg?fit=228%2C300&amp;ssl=1\" data-large-file=\"https:\/\/i0.wp.com\/alaincardenas.com\/blog\/wp-content\/uploads\/2026\/02\/20.-OA-Livre-serigraphique-1.jpg?fit=243%2C320&amp;ssl=1\" decoding=\"async\" loading=\"lazy\" width=\"243\" height=\"320\" data-id=\"9437\"  src=\"https:\/\/i0.wp.com\/alaincardenas.com\/blog\/wp-content\/uploads\/2026\/02\/20.-OA-Livre-serigraphique-1.jpg?resize=243%2C320&#038;ssl=1\" alt=\"\" class=\"wp-image-9437\" srcset=\"https:\/\/i0.wp.com\/alaincardenas.com\/blog\/wp-content\/uploads\/2026\/02\/20.-OA-Livre-serigraphique-1.jpg?w=243&amp;ssl=1 243w, https:\/\/i0.wp.com\/alaincardenas.com\/blog\/wp-content\/uploads\/2026\/02\/20.-OA-Livre-serigraphique-1.jpg?resize=228%2C300&amp;ssl=1 228w\" sizes=\"(max-width: 243px) 100vw, 243px\" data-recalc-dims=\"1\" \/><\/a><\/figure>\n<\/figure>\n\n\n\n<hr class=\"wp-block-separator has-alpha-channel-opacity\"\/>\n\n\n\n<p>Ci-dessus. Olivier Allemane. Livres s\u00e9rigraphie.<\/p>\n\n\n\n<hr class=\"wp-block-separator has-alpha-channel-opacity\"\/>\n\n\n\n<p><strong>De la bonne orientation des faits et gestes<\/strong><\/p>\n\n\n\n<p>Les ressources cr\u00e9atives d\u2019Olivier Allemane n\u2019ont cess\u00e9 d\u2019ouvrir des th\u00e8mes et champs imaginaires qui ont fluctu\u00e9 avec les techniques employ\u00e9es pour la production d\u2019\u0153uvres multiples. De&nbsp;1984&nbsp;\u00e0&nbsp;1986, il r\u00e9alise des pochoirs sur les murs de Paris. Entre&nbsp;1987&nbsp;et&nbsp;1993, il imprime les affiches de concerts de l&rsquo;organisation Barrocks.<\/p>\n\n\n\n<p>De&nbsp;1989&nbsp;\u00e0&nbsp;1991, il participe \u00e0 des \u00e9v\u00e8nements de peinture en direct avec le groupe Sortie du zine, dans divers festivals en France. Depuis&nbsp;1986, il pr\u00e9sente ses images dans le cadre d\u2019expositions personnelles ou collectives.<\/p>\n\n\n\n<p>En&nbsp;2008, il cofonde, avec&nbsp;Anne Van der Linden, la revue&nbsp;<em>Freak Wave<\/em> dont six num\u00e9ros sont parus \u00e0 ce jour, constituant d\u00e9j\u00e0 une anthologie de r\u00e9f\u00e9rence sur ces cr\u00e9ateurs d\u00e9sireux de privil\u00e9gier une vision extr\u00eame de l\u2019univers.<\/p>\n\n\n\n<p>Jeux de cartes [jeu 7 familles, jeu de belote, \u2026] s\u00e9rigraphiques et puzzles [<em>Erotisme rose<\/em>, <em>Confusion des peines<\/em>, \u2026] de dimensions diverses sont aussi des approches ludiques qui prolongent son plaisir d\u2019\u00e9vocations autant humoristiques que ludiques.<\/p>\n\n\n\n<p>Les dimensions des \u0153uvres ne posent pas de probl\u00e8me particulier \u00e0 ce cr\u00e9ateur constamment dans la r\u00e9flexion de l\u2019\u0153uvre \u00e0 venir&nbsp;: en s\u00e9rigraphie ou \u00e0 l\u2019acrylique, l\u2019\u0153uvre atteint facilement les m\u00e8tre de hauteur ou de largeur, voire davantage, quant aux hauteurs, elles varient selon les atmosph\u00e8res et sujets\u2026<\/p>\n\n\n\n<p>La disparition brusque de l\u2019artiste n\u2019emp\u00eachera nullement les amateurs, collectionneurs, curieux, en fait, de proc\u00e9der \u00e0 un \u00e9tat des lieux pr\u00e9cis et exhaustif sur les centaines de pi\u00e8ces laiss\u00e9es, cr\u00e9\u00e9es durant ces d\u00e9cennies d\u2019une activit\u00e9 intense. S\u00e9rigraphe sensible \u00e0 l&rsquo;ordonnance de Montpellier&nbsp;instaur\u00e9e le&nbsp;28 d\u00e9cembre 1537, il en suit fid\u00e8lement la philosophie exaltante selon laquelle \u00ab&nbsp;Nous avons d\u00e9lib\u00e9r\u00e9 de faire retirer, mettre et assembler en notre librairie [en fait la biblioth\u00e8que royale o\u00f9 le d\u00e9p\u00f4t devait \u00eatre fait en un exemplaire] toutes les \u0153uvres dignes d&rsquo;\u00eatre vues qui ont \u00e9t\u00e9 et seront faites, compil\u00e9es, amplifi\u00e9es, corrig\u00e9es et amend\u00e9es de notre temps, pour avoir recours auxdits livres si de fortune ils \u00e9taient ci-apr\u00e8s perdus de la m\u00e9moire des hommes ou aucunement immu\u00e9s ou vari\u00e9s de leur vraie et premi\u00e8re publication.&nbsp;\u00bb. Les d\u00e9p\u00f4ts continuent depuis lors \u00e0 la Biblioth\u00e8que nationale de France. La r\u00e8glementation quelque peu modifi\u00e9e, suit les changements et al\u00e9as techniques. Ainsi, les \u0153uvres d\u2019Olivier, sagement d\u00e9pos\u00e9es par ce dernier, notamment pour les \u0153uvres multiples, livres et estampes, comme les collections constitu\u00e9es au fil des ann\u00e9es par des passionn\u00e9s, forment d\u00e9j\u00e0 un bel ensemble qui devrait permettre, le temps aidant, de consacrer une monographie assez pr\u00e9cise sur l\u2019\u0153uvre de ce cr\u00e9ateur. L\u2019id\u00e9al \u00e9tant qu\u2019un lieu suffisamment vaste puisse, en phase avec une sc\u00e9nographie qui apporte le bonheur aux visiteurs, accueillir la force et le plaisir de ces sc\u00e8nes aussi \u00e9tincelantes que parfois grin\u00e7antes.<\/p>\n\n\n\n<figure class=\"wp-block-gallery has-nested-images columns-default is-cropped wp-block-gallery-7 is-layout-flex\">\n<figure class=\"wp-block-image size-large\"><a href=\"https:\/\/i0.wp.com\/alaincardenas.com\/blog\/wp-content\/uploads\/2026\/02\/IMG_2741.jpg?ssl=1\"><img data-attachment-id=\"9449\" data-permalink=\"https:\/\/alaincardenas.com\/blog\/a-propos-dolivier-allemane-1959-2026-peintre-du-bonheur\/img_2741\/\" data-orig-file=\"https:\/\/i0.wp.com\/alaincardenas.com\/blog\/wp-content\/uploads\/2026\/02\/IMG_2741.jpg?fit=253%2C480&amp;ssl=1\" data-orig-size=\"253,480\" data-comments-opened=\"0\" data-image-meta=\"{&quot;aperture&quot;:&quot;1.6&quot;,&quot;credit&quot;:&quot;&quot;,&quot;camera&quot;:&quot;iPhone 15 Plus&quot;,&quot;caption&quot;:&quot;&quot;,&quot;created_timestamp&quot;:&quot;1771433578&quot;,&quot;copyright&quot;:&quot;&quot;,&quot;focal_length&quot;:&quot;5.96&quot;,&quot;iso&quot;:&quot;640&quot;,&quot;shutter_speed&quot;:&quot;0.029411764705882&quot;,&quot;title&quot;:&quot;&quot;,&quot;orientation&quot;:&quot;1&quot;}\" data-image-title=\"IMG_2741\" data-image-description=\"\" data-image-caption=\"\" data-medium-file=\"https:\/\/i0.wp.com\/alaincardenas.com\/blog\/wp-content\/uploads\/2026\/02\/IMG_2741.jpg?fit=158%2C300&amp;ssl=1\" data-large-file=\"https:\/\/i0.wp.com\/alaincardenas.com\/blog\/wp-content\/uploads\/2026\/02\/IMG_2741.jpg?fit=253%2C480&amp;ssl=1\" decoding=\"async\" loading=\"lazy\" width=\"253\" height=\"480\" data-id=\"9449\"  src=\"https:\/\/i0.wp.com\/alaincardenas.com\/blog\/wp-content\/uploads\/2026\/02\/IMG_2741.jpg?resize=253%2C480&#038;ssl=1\" alt=\"\" class=\"wp-image-9449\" srcset=\"https:\/\/i0.wp.com\/alaincardenas.com\/blog\/wp-content\/uploads\/2026\/02\/IMG_2741.jpg?w=253&amp;ssl=1 253w, https:\/\/i0.wp.com\/alaincardenas.com\/blog\/wp-content\/uploads\/2026\/02\/IMG_2741.jpg?resize=158%2C300&amp;ssl=1 158w\" sizes=\"(max-width: 253px) 100vw, 253px\" data-recalc-dims=\"1\" \/><\/a><\/figure>\n\n\n\n<figure class=\"wp-block-image size-large\"><a href=\"https:\/\/i0.wp.com\/alaincardenas.com\/blog\/wp-content\/uploads\/2026\/02\/8.-OA-Regard-un-peu-absent-acrylique.jpg?ssl=1\"><img data-attachment-id=\"9422\" data-permalink=\"https:\/\/alaincardenas.com\/blog\/a-propos-dolivier-allemane-1959-2026-peintre-du-bonheur\/8-oa-regard-un-peu-absent-acrylique\/\" data-orig-file=\"https:\/\/i0.wp.com\/alaincardenas.com\/blog\/wp-content\/uploads\/2026\/02\/8.-OA-Regard-un-peu-absent-acrylique.jpg?fit=531%2C640&amp;ssl=1\" data-orig-size=\"531,640\" data-comments-opened=\"0\" data-image-meta=\"{&quot;aperture&quot;:&quot;1.6&quot;,&quot;credit&quot;:&quot;&quot;,&quot;camera&quot;:&quot;iPhone 15 Plus&quot;,&quot;caption&quot;:&quot;&quot;,&quot;created_timestamp&quot;:&quot;1771478289&quot;,&quot;copyright&quot;:&quot;&quot;,&quot;focal_length&quot;:&quot;5.96&quot;,&quot;iso&quot;:&quot;640&quot;,&quot;shutter_speed&quot;:&quot;0.04&quot;,&quot;title&quot;:&quot;&quot;,&quot;orientation&quot;:&quot;1&quot;}\" data-image-title=\"8. OA, Regard un peu absent, acrylique\" data-image-description=\"\" data-image-caption=\"\" data-medium-file=\"https:\/\/i0.wp.com\/alaincardenas.com\/blog\/wp-content\/uploads\/2026\/02\/8.-OA-Regard-un-peu-absent-acrylique.jpg?fit=249%2C300&amp;ssl=1\" data-large-file=\"https:\/\/i0.wp.com\/alaincardenas.com\/blog\/wp-content\/uploads\/2026\/02\/8.-OA-Regard-un-peu-absent-acrylique.jpg?fit=531%2C640&amp;ssl=1\" decoding=\"async\" loading=\"lazy\" width=\"531\" height=\"640\" data-id=\"9422\"  src=\"https:\/\/i0.wp.com\/alaincardenas.com\/blog\/wp-content\/uploads\/2026\/02\/8.-OA-Regard-un-peu-absent-acrylique.jpg?resize=531%2C640&#038;ssl=1\" alt=\"\" class=\"wp-image-9422\" srcset=\"https:\/\/i0.wp.com\/alaincardenas.com\/blog\/wp-content\/uploads\/2026\/02\/8.-OA-Regard-un-peu-absent-acrylique.jpg?w=531&amp;ssl=1 531w, https:\/\/i0.wp.com\/alaincardenas.com\/blog\/wp-content\/uploads\/2026\/02\/8.-OA-Regard-un-peu-absent-acrylique.jpg?resize=249%2C300&amp;ssl=1 249w\" sizes=\"(max-width: 531px) 100vw, 531px\" data-recalc-dims=\"1\" \/><\/a><\/figure>\n<\/figure>\n\n\n\n<hr class=\"wp-block-separator has-alpha-channel-opacity\"\/>\n\n\n\n<p>Ci-dessus, de gauche \u00e0 droite. Olivier Allemane. <em>T\u00eate b\u00eache<\/em> (s\u00e9rie), s\u00e9rigraphie ; <em>Voile bleu<\/em>, 46 x 38 cm<\/p>\n\n\n\n<hr class=\"wp-block-separator has-alpha-channel-opacity\"\/>\n\n\n\n<p><strong>Quelques r\u00e9f\u00e9rences bibliographiques<\/strong><\/p>\n\n\n\n<p><strong>\u2666 Editions r\u00e9alis\u00e9es par Olivier Allemane <\/strong>(s\u00e9lection)<\/p>\n\n\n\n<ul>\n<li><em>Epid\u00e9mie de p&rsquo;tits pois<\/em>, 1990<\/li>\n\n\n\n<li><em>Histoire sous cutan\u00e9e<\/em>, 1992<\/li>\n\n\n\n<li><em>Ar\u00f4me d&rsquo;oseille<\/em>, 1994<\/li>\n\n\n\n<li><em>Souvenir du garage<\/em>, 1994<\/li>\n\n\n\n<li><em>Toujours le c\u0153ur sur la main<\/em>, 1997<\/li>\n\n\n\n<li><em>Toujours ravi de donner de mes nouvelles \u00e0 mon public<\/em>, 1997<\/li>\n\n\n\n<li><em>Toujours du poil entre les dents<\/em>, 1998<\/li>\n\n\n\n<li><em>Ah le manitou. R\u00e9v\u00e9lations scientifiques<\/em>, 2000<\/li>\n\n\n\n<li><em>J&rsquo;\u00e9blouis de plus en plus<\/em>, 2000<\/li>\n\n\n\n<li><em>Mille baisers pour mon amour<\/em>, 2000<\/li>\n\n\n\n<li><em>Par amour pour moi<\/em>, 2001<\/li>\n\n\n\n<li><em>Poussais-je m\u00e9m\u00e9 dans les orties&nbsp;?<\/em> 2001<\/li>\n\n\n\n<li><em>Tout l&rsquo;amour du monde<\/em>, 2001<\/li>\n\n\n\n<li><em>A demain les amies<\/em>, 2002<\/li>\n\n\n\n<li><em>Blobs<\/em>, 2002<\/li>\n\n\n\n<li><em>Vive la mari\u00e9e<\/em>, 2004<\/li>\n\n\n\n<li><em>Ce soir j&rsquo;ai les enfants \u00e0 d\u00eener<\/em>, 2005<\/li>\n\n\n\n<li><em>Longtemps je me suis cru magicien alors que je ne suis que g\u00e9n\u00e9reux<\/em>, 2005<\/li>\n\n\n\n<li><em>Un \u00eatre de lumi\u00e8re<\/em>, 2005<\/li>\n\n\n\n<li><em>Images insolentes du bonheur<\/em>, 2007<\/li>\n\n\n\n<li><em>La V\u00e9rit\u00e9 a besoin de moi<\/em>, 2007<\/li>\n\n\n\n<li><em>Cort\u00e8ge d&rsquo;Orph\u00e9e<\/em>, 2009<\/li>\n<\/ul>\n\n\n\n<p><strong>\u2666\u2666 \u00e9crits \/ Olivier Allemane &nbsp;<\/strong><\/p>\n\n\n\n<ul>\n<li>Site de l\u2019artiste&nbsp;: Allemane, peintre du bonheur<\/li>\n\n\n\n<li><em>La s\u00e9rigraphie, comparaisons est-<\/em>ouest : textes d\u2019Olivier Allemane et de Christophe Comentale. P\u00e9kin : Centre d&rsquo;art Guanxiang, 2010. 120 p. : ill. en coul. ; 28 cm. Bibliogr.Cette monographie contient des textes en chinois, en japonais, en fran\u00e7ais et en anglais. L\u2019ouvrage est publi\u00e9 \u00e0 l&rsquo;occasion des expositions de peintures et de s\u00e9rigraphies d&rsquo;Olivier Allemane \u00e0 P\u00e9kin, \u00e0 Zhengzhou et \u00e0 Taipei en parall\u00e8le \u00e0 une r\u00e9sidence aux Beaux-arts de P\u00e9kin. &nbsp;<\/li>\n\n\n\n<li>Christophe Comentale, <em>Olivier Allemane s\u00e9rigraphe de dialogues et d&rsquo;impertinences<\/em>,&nbsp;In <em>Arts &amp; M\u00e9tiers du livre<\/em>, mai\/juin 2010 (278).<\/li>\n\n\n\n<li>Sophie Diaz, <em>Olivier Allemane<\/em>. En ligne&nbsp;: eretic-art.com, consult\u00e9 le 26 f\u00e9vrier 2012<\/li>\n<\/ul>\n","protected":false},"excerpt":{"rendered":"<p>par Christophe Comentale Le peintre du bonheur. C\u2019est ainsi qu\u2019Olivier Allemane s\u2019est d\u00e9fini au cours de quarante ann\u00e9es de cr\u00e9ation. N\u00e9 le 1er janvier 1959&nbsp;\u00e0 la Ch\u00e2tre, [dans l\u2019Indre], jour de nouvel an solaire, Olivier Allemane est d\u00e9c\u00e9d\u00e9 le 17 &hellip; <a href=\"https:\/\/alaincardenas.com\/blog\/a-propos-dolivier-allemane-1959-2026-peintre-du-bonheur\/\">Continuer la lecture <span class=\"meta-nav\">&rarr;<\/span><\/a><\/p>\n","protected":false},"author":1,"featured_media":0,"comment_status":"closed","ping_status":"closed","sticky":false,"template":"","format":"standard","meta":{"sfsi_plus_gutenberg_text_before_share":"","sfsi_plus_gutenberg_show_text_before_share":"","sfsi_plus_gutenberg_icon_type":"","sfsi_plus_gutenberg_icon_alignemt":"","sfsi_plus_gutenburg_max_per_row":"","jetpack_post_was_ever_published":false,"_jetpack_newsletter_access":"","_jetpack_newsletter_tier_id":0,"jetpack_publicize_message":"","jetpack_is_tweetstorm":false,"jetpack_publicize_feature_enabled":true,"jetpack_social_post_already_shared":true,"jetpack_social_options":{"image_generator_settings":{"template":"highway","enabled":false}}},"categories":[42,1,22],"tags":[45,8,46,9,38],"jetpack_publicize_connections":[],"jetpack_featured_media_url":"","jetpack_sharing_enabled":true,"jetpack_shortlink":"https:\/\/wp.me\/p8Mijt-2rO","jetpack_likes_enabled":true,"jetpack-related-posts":[{"id":4603,"url":"https:\/\/alaincardenas.com\/blog\/a-propos-dun-lavis-de-zhou-qixiang-jouer-avec-les-grues\/","url_meta":{"origin":9412,"position":0},"title":"A propos d&rsquo;un lavis de Zhou Qixiang, Jouer avec les grues.","author":"admin","date":"2020-01-24","format":false,"excerpt":"par Christophe Comentale Durant l\u2019inauguration de son exposition \u00ab\u00a0La vie po\u00e9tique de Zhou Qixiang, peintures et sculptures\u00a0\u00bb, qui a lieu \u00e0 Paris en la mairie du 13e arrondissement, du 20 janvier au 1er f\u00e9vrier 2020, outre les discours du maire du 13e arr. et de Tan Buon Huong, d\u00e9put\u00e9 et\u2026","rel":"","context":"Dans &quot;Asie&quot;","block_context":{"text":"Asie","link":"https:\/\/alaincardenas.com\/blog\/category\/asie\/"},"img":{"alt_text":"","src":"https:\/\/i0.wp.com\/alaincardenas.com\/blog\/wp-content\/uploads\/2020\/01\/FullSizeR_3.jpg?resize=350%2C200&ssl=1","width":350,"height":200,"srcset":"https:\/\/i0.wp.com\/alaincardenas.com\/blog\/wp-content\/uploads\/2020\/01\/FullSizeR_3.jpg?resize=350%2C200&ssl=1 1x, https:\/\/i0.wp.com\/alaincardenas.com\/blog\/wp-content\/uploads\/2020\/01\/FullSizeR_3.jpg?resize=525%2C300&ssl=1 1.5x, https:\/\/i0.wp.com\/alaincardenas.com\/blog\/wp-content\/uploads\/2020\/01\/FullSizeR_3.jpg?resize=700%2C400&ssl=1 2x"},"classes":[]},{"id":8632,"url":"https:\/\/alaincardenas.com\/blog\/michel-quarez-du-noir-a-la-polychromie\/","url_meta":{"origin":9412,"position":1},"title":"MICHEL QUAREZ, DU NOIR A LA POLYCHROMIE","author":"admin","date":"2025-01-13","format":false,"excerpt":"par Christophe Comentale, coordination \u00e9ditoriale Alain Cardenas-Castro Peintre, dessinateur\u00a0et\u00a0affichiste, Michel Quarez (Damas, 1938 \u2013 Saint-Denis, 2021) re\u00e7oit une formation \u00e0 l'\u00c9cole des Beaux-Arts de Bordeaux puis obtient son dipl\u00f4me de l'Ecole Nationale Sup\u00e9rieure des Arts D\u00e9coratifs. En 1961, il compl\u00e8te sa formation aupr\u00e8s de l\u2019affichiste Henryk Tomaszewski (Varsovie, 1914-2005) qui\u2026","rel":"","context":"Dans &quot;Europe&quot;","block_context":{"text":"Europe","link":"https:\/\/alaincardenas.com\/blog\/category\/europe\/"},"img":{"alt_text":"","src":"https:\/\/i0.wp.com\/alaincardenas.com\/blog\/wp-content\/uploads\/2025\/01\/1-M.Q.-mi-corps-cl.-Rachid-Senouci.jpg?resize=350%2C200&ssl=1","width":350,"height":200},"classes":[]},{"id":8622,"url":"https:\/\/alaincardenas.com\/blog\/parution-2\/","url_meta":{"origin":9412,"position":2},"title":"Parution","author":"admin","date":"2024-12-28","format":false,"excerpt":"par Sun Chengan Feng Zikai, Du noir \u00e0 la couleur, textes de Christophe Comentale et Yin Wenying\u00a0; pr\u00e9f. de Nicolas Idier, postface de Feng Nanying et Feng Yiqing. Bordeaux\u00a0: Le chantier, 2024. 185 p.\u00a0: 150 ill. 38 \u20ac Trop peu de monographies en langues occidentales pr\u00e9sentent les cr\u00e9ateurs chinois. Feng\u2026","rel":"","context":"Dans &quot;Asie&quot;","block_context":{"text":"Asie","link":"https:\/\/alaincardenas.com\/blog\/category\/asie\/"},"img":{"alt_text":"","src":"https:\/\/i0.wp.com\/alaincardenas.com\/blog\/wp-content\/uploads\/2024\/12\/Feng-Zikai-couverture-nov24.jpeg?resize=350%2C200&ssl=1","width":350,"height":200,"srcset":"https:\/\/i0.wp.com\/alaincardenas.com\/blog\/wp-content\/uploads\/2024\/12\/Feng-Zikai-couverture-nov24.jpeg?resize=350%2C200&ssl=1 1x, https:\/\/i0.wp.com\/alaincardenas.com\/blog\/wp-content\/uploads\/2024\/12\/Feng-Zikai-couverture-nov24.jpeg?resize=525%2C300&ssl=1 1.5x, https:\/\/i0.wp.com\/alaincardenas.com\/blog\/wp-content\/uploads\/2024\/12\/Feng-Zikai-couverture-nov24.jpeg?resize=700%2C400&ssl=1 2x"},"classes":[]},{"id":4689,"url":"https:\/\/alaincardenas.com\/blog\/dune-serie-de-trois-gravures-de-nouvel-an-de-marion-tournebise\/","url_meta":{"origin":9412,"position":3},"title":"D\u2019une s\u00e9rie de trois gravures de Nouvel an de Marion Tournebise","author":"admin","date":"2020-02-09","format":false,"excerpt":"par Christophe Comentale Dans ses \u00e9crits, notamment avec la vaste somme que constitue l\u2019Introduction du christianisme en Chine, le p\u00e8re j\u00e9suite Matteo Ricci (1552 \u2013 1610), premier sinologue et g\u00e9opoliticien occidental, note durant ses ann\u00e9es au service du monarque chinois Wanli (1563 \u2013 1620), que le pays reste \u00e0 la\u2026","rel":"","context":"Dans &quot;Asie&quot;","block_context":{"text":"Asie","link":"https:\/\/alaincardenas.com\/blog\/category\/asie\/"},"img":{"alt_text":"","src":"https:\/\/i0.wp.com\/alaincardenas.com\/blog\/wp-content\/uploads\/2020\/02\/Marion-Tournebise-Enfants-2019-e-f.jpg?resize=350%2C200&ssl=1","width":350,"height":200},"classes":[]},{"id":1189,"url":"https:\/\/alaincardenas.com\/blog\/des-serigraphies-de-nouvel-an-taiwanaises-et-propitiatoires\/","url_meta":{"origin":9412,"position":4},"title":"Des s\u00e9rigraphies de Nouvel an taiwanaises et propitiatoires","author":"admin","date":"2018-01-11","format":false,"excerpt":"Accrochage de Nouvel an Les \u0153uvres sont expos\u00e9es aux cimaises de la biblioth\u00e8que Yvonne Oddon du mus\u00e9e de l'Homme du 19 f\u00e9vrier au 30 mars 2018. Elles sont visibles du lundi au vendredi de 10h \u00e0 18h. Le Mus\u00e9e de l\u2019Homme dresse sa masse imposante au sommet de la colline\u2026","rel":"","context":"Dans &quot;Asie&quot;","block_context":{"text":"Asie","link":"https:\/\/alaincardenas.com\/blog\/category\/asie\/"},"img":{"alt_text":"","src":"","width":0,"height":0},"classes":[]},{"id":9297,"url":"https:\/\/alaincardenas.com\/blog\/pour-une-nouvelle-figuration-libre-six-oeuvres-inedites-de-g-ouchot\/","url_meta":{"origin":9412,"position":5},"title":"POUR UNE NOUVELLE FIGURATION LIBRE\u00a0: SIX \u0152UVRES INEDITES DE G. OUCHOT","author":"admin","date":"2025-12-11","format":false,"excerpt":"par Christophe Comentale \u00ab \u2026 PRESENTER LE QUOTIDIEN EN L'ETAT, EN ADOPTANT UNE POSITION MOYENNE ENTRE SCENARIO, REALITE ET DOCUMENTAIRE \u2026\u00a0\u00bb Contrairement \u00e0 cette d\u00e9finition du n\u00e9or\u00e9alisme mise en exergue ci-dessus, donner une d\u00e9finition pr\u00e9cise et quelque peu exhaustive de la figuration libre est chose peu ais\u00e9e, voire impossible. L\u2019impossible\u2026","rel":"","context":"Dans &quot;Europe&quot;","block_context":{"text":"Europe","link":"https:\/\/alaincardenas.com\/blog\/category\/europe\/"},"img":{"alt_text":"","src":"https:\/\/i0.wp.com\/alaincardenas.com\/blog\/wp-content\/uploads\/2025\/12\/01.-2025.-Couple-gouache-89-x-65-cm.jpg?resize=350%2C200&ssl=1","width":350,"height":200},"classes":[]}],"_links":{"self":[{"href":"https:\/\/alaincardenas.com\/blog\/wp-json\/wp\/v2\/posts\/9412"}],"collection":[{"href":"https:\/\/alaincardenas.com\/blog\/wp-json\/wp\/v2\/posts"}],"about":[{"href":"https:\/\/alaincardenas.com\/blog\/wp-json\/wp\/v2\/types\/post"}],"author":[{"embeddable":true,"href":"https:\/\/alaincardenas.com\/blog\/wp-json\/wp\/v2\/users\/1"}],"replies":[{"embeddable":true,"href":"https:\/\/alaincardenas.com\/blog\/wp-json\/wp\/v2\/comments?post=9412"}],"version-history":[{"count":6,"href":"https:\/\/alaincardenas.com\/blog\/wp-json\/wp\/v2\/posts\/9412\/revisions"}],"predecessor-version":[{"id":9453,"href":"https:\/\/alaincardenas.com\/blog\/wp-json\/wp\/v2\/posts\/9412\/revisions\/9453"}],"wp:attachment":[{"href":"https:\/\/alaincardenas.com\/blog\/wp-json\/wp\/v2\/media?parent=9412"}],"wp:term":[{"taxonomy":"category","embeddable":true,"href":"https:\/\/alaincardenas.com\/blog\/wp-json\/wp\/v2\/categories?post=9412"},{"taxonomy":"post_tag","embeddable":true,"href":"https:\/\/alaincardenas.com\/blog\/wp-json\/wp\/v2\/tags?post=9412"}],"curies":[{"name":"wp","href":"https:\/\/api.w.org\/{rel}","templated":true}]}}