{"id":9396,"date":"2026-03-06T20:25:06","date_gmt":"2026-03-06T19:25:06","guid":{"rendered":"https:\/\/alaincardenas.com\/blog\/?p=9396"},"modified":"2026-03-06T20:48:11","modified_gmt":"2026-03-06T19:48:11","slug":"les-polychromies-de-bernard-cathelin-face-a-lasie-peintures-et-lithographies","status":"publish","type":"post","link":"https:\/\/alaincardenas.com\/blog\/les-polychromies-de-bernard-cathelin-face-a-lasie-peintures-et-lithographies\/","title":{"rendered":"LES POLYCHROMIES DE BERNARD CATHELIN FACE A L\u2019ASIE. PEINTURES ET LITHOGRAPHIES"},"content":{"rendered":"\n<p>THE POLYCHROMES OF BERNARD CATHELIN IN THE FACE OF ASIA.<br>PAINTINGS AND LITHOGRAPHS<\/p>\n\n\n\n<p class=\"has-text-color\" style=\"color:#af3333\">\u4f2f\u7eb3\u5fb7\u00b7\u5361\u7279\u5170\u7684\u591a\u5f69\u4f5c\u54c1\u9762\u5bf9\u4e9a\u6d32\uff1a\u753b\u4f5c\u4e0e\u77f3\u7248\u753b<\/p>\n\n\n\n<p>par Christophe Comentale<\/p>\n\n\n\n<p>[Texte en versions fran\u00e7aise, anglaise et chinoise &#8211; text in French, English and Chinese versions &#8211; <strong>\u6cd5\u8bed\u3001\u82f1\u8bed\u548c\u4e2d\u6587\u7ffb\u8bd1\u7684\u6587\u672c<\/strong>]<\/p>\n\n\n\n<p>Bernard Cathelin (1919-2004, Paris) left his mark on four decades of strong and lively creation with his still lifes, portraits, and distinctive landscapes. Adored in Japan, Taiwan, and China, and although he has been gone for two decades, this French painter, lithographer, and illustrator remains sought after between East and West.<\/p>\n\n\n\n<blockquote class=\"wp-block-quote\">\n<blockquote class=\"wp-block-quote\"><\/blockquote>\n<\/blockquote>\n\n\n\n<p>\u8d1d\u5c14\u7eb3\u00b7\u5361\u7279\u5170\uff08Bernard Cathelin, 1919-2004\uff0c\u5df4\u9ece\uff09\u4ee5\u5176\u9759\u7269\u3001\u8096\u50cf\u548c\u72ec\u7279\u7684\u98ce\u666f\u4f5c\u54c1\uff0c\u7559\u4e0b\u4e86\u56db\u5341\u5e74\u7684\u5145\u6ee1\u529b\u91cf\u4e0e\u8da3\u5473\u7684\u521b\u4f5c\u3002\u4ed6\u5728\u65e5\u672c\u3001\u53f0\u6e7e\u548c\u4e2d\u56fd\u5907\u53d7\u63a8\u5d07\uff0c\u5c3d\u7ba1\u5df2\u53bb\u4e16\u4e8c\u5341\u5e74\uff0c\u8fd9\u4f4d\u6cd5\u56fd\u753b\u5bb6\u3001\u77f3\u7248\u753b\u5bb6\u548c\u63d2\u753b\u5bb6\u4ecd\u7136\u5728\u4e1c\u897f\u65b9\u4e4b\u95f4\u5907\u53d7\u8ffd\u6367\u3002<\/p>\n\n\n<div class=\"wp-block-image\">\n<figure class=\"aligncenter size-full is-resized\"><a href=\"https:\/\/i0.wp.com\/alaincardenas.com\/blog\/wp-content\/uploads\/2026\/03\/BC-affiche-expo-Tokyo-galerie-Yoshii-nov.-67-copie.jpg?ssl=1\"><img data-attachment-id=\"9480\" data-permalink=\"https:\/\/alaincardenas.com\/blog\/les-polychromies-de-bernard-cathelin-face-a-lasie-peintures-et-lithographies\/bc-affiche-expo-tokyo-galerie-yoshii-nov-67-copie\/\" data-orig-file=\"https:\/\/i0.wp.com\/alaincardenas.com\/blog\/wp-content\/uploads\/2026\/03\/BC-affiche-expo-Tokyo-galerie-Yoshii-nov.-67-copie.jpg?fit=708%2C956&amp;ssl=1\" data-orig-size=\"708,956\" data-comments-opened=\"0\" data-image-meta=\"{&quot;aperture&quot;:&quot;2.4&quot;,&quot;credit&quot;:&quot;&quot;,&quot;camera&quot;:&quot;iPhone 15 Plus&quot;,&quot;caption&quot;:&quot;&quot;,&quot;created_timestamp&quot;:&quot;1770810161&quot;,&quot;copyright&quot;:&quot;&quot;,&quot;focal_length&quot;:&quot;1.54&quot;,&quot;iso&quot;:&quot;160&quot;,&quot;shutter_speed&quot;:&quot;0.02&quot;,&quot;title&quot;:&quot;&quot;,&quot;orientation&quot;:&quot;1&quot;}\" data-image-title=\"BC, affiche expo Tokyo, galerie Yoshii, nov. 67 copie\" data-image-description=\"\" data-image-caption=\"\" data-medium-file=\"https:\/\/i0.wp.com\/alaincardenas.com\/blog\/wp-content\/uploads\/2026\/03\/BC-affiche-expo-Tokyo-galerie-Yoshii-nov.-67-copie.jpg?fit=222%2C300&amp;ssl=1\" data-large-file=\"https:\/\/i0.wp.com\/alaincardenas.com\/blog\/wp-content\/uploads\/2026\/03\/BC-affiche-expo-Tokyo-galerie-Yoshii-nov.-67-copie.jpg?fit=584%2C789&amp;ssl=1\" decoding=\"async\" loading=\"lazy\" src=\"https:\/\/i0.wp.com\/alaincardenas.com\/blog\/wp-content\/uploads\/2026\/03\/BC-affiche-expo-Tokyo-galerie-Yoshii-nov.-67-copie.jpg?resize=354%2C478&#038;ssl=1\" alt=\"\" class=\"wp-image-9480\" width=\"354\" height=\"478\" srcset=\"https:\/\/i0.wp.com\/alaincardenas.com\/blog\/wp-content\/uploads\/2026\/03\/BC-affiche-expo-Tokyo-galerie-Yoshii-nov.-67-copie.jpg?w=708&amp;ssl=1 708w, https:\/\/i0.wp.com\/alaincardenas.com\/blog\/wp-content\/uploads\/2026\/03\/BC-affiche-expo-Tokyo-galerie-Yoshii-nov.-67-copie.jpg?resize=222%2C300&amp;ssl=1 222w\" sizes=\"(max-width: 354px) 100vw, 354px\" data-recalc-dims=\"1\" \/><\/a><figcaption class=\"wp-element-caption\">Affiche de l&rsquo;exposition de Cathelin, galerie Yoshii, Tokyo, Japon, novembre 1967. Illustration : <em>Les trois indiennes<\/em> (1967)<\/figcaption><\/figure><\/div>\n\n\n<!--more-->\n\n\n\n<p class=\"has-text-color\" style=\"color:#af2727\"><strong>Un parcours entre diff\u00e9rents mondes<\/strong><\/p>\n\n\n\n<p>Originaire de Mont\u00e9l\u00e9ger, commune au sud de la ville de Valence dans la Dr\u00f4me, une enclave jouxtant le d\u00e9partement voisin du Vaucluse, Bernard Cathelin reste, tout au long de sa vie, tr\u00e8s attach\u00e9 \u00e0 ce paradis aux couleurs fortes et chaudes. Apr\u00e8s des \u00e9tudes classiques \u00e0 Paris, c\u2019est \u00e9galement dans la capitale qu&rsquo;il est \u00e9tudiant \u00e0<a> <\/a>l\u2019\u00c9cole nationale sup\u00e9rieure des arts d\u00e9coratifs, de&nbsp;1945&nbsp;\u00e0&nbsp;1948. La rencontre avec Matisse en 1951 est une source riche de conseils et enseignements en tous ordres. La le\u00e7on du ma\u00eetre oriente l\u2019artiste vers des volumes dont la juxtaposition n\u2019est pas sans rappeler les simplifications extr\u00eames qui conduisent Matisse jusqu\u2019\u00e0 des papiers d\u00e9coup\u00e9s aux formes originelles \u2026<\/p>\n\n\n\n<p>&nbsp;Vers la fin des ann\u00e9es 80, lorsque la galerie Pi\u00e8ce unique souhaite faire la promotion de son \u0153uvre \u00e0 Taipei, les deux directrices de cette galerie-\u00e9crin sise au 4, rue Jacques Callot, privil\u00e9giaient alors une polychromie correspondant tout \u00e0 fait \u00e0 l\u2019approche esth\u00e9tique des collectionneurs taiwanais. La galerie Elegance, une adresse d\u2019importance pour l\u2019art contemporain de Taipei, avait comme directeur Lee Sung-fung, lui-m\u00eame grand amateur de ce type d\u2019\u0153uvres qui ont le charme et la fascination d\u2019une vision chaude et forte de l\u2019abstraction vue comme creuset d\u2019\u00e9motions fortes empreintes d\u2019une int\u00e9riorit\u00e9 pleine. Les multiples expositions de Bernard Cathelin sont aussi l\u2019occasion de visites dans des lieux multiples, en Andalousie, au Mexique, en Inde, au Japon&#8230;, pays d\u00e9couvert au cours d&rsquo;un tour du monde en 1973. Dans le m\u00eame temps, ses \u0153uvres sont autant appr\u00e9ci\u00e9es dans le monde de l\u2019art \u00e0 Taiwan. La structure de ses \u0153uvres, qui renvoie \u00e0 des compositions du bouddhisme zen, vaut \u00e0 l\u2019artiste un accueil et des expositions multiples. Il r\u00e9alise notamment des lithographies monumentales qui traduisent cette volont\u00e9 d\u2019ouverture sur un Occident qui sait jouer des emp\u00e2tements alli\u00e9s \u00e0 des contrastes ou compl\u00e9ments polychromes inattendus, souvenir de cette r\u00e9gion natale du sud de la France.<\/p>\n\n\n\n<figure class=\"wp-block-gallery has-nested-images columns-default is-cropped wp-block-gallery-1 is-layout-flex\">\n<figure class=\"wp-block-image size-large\"><a href=\"https:\/\/i0.wp.com\/alaincardenas.com\/blog\/wp-content\/uploads\/2026\/02\/Capture-decran-2026-02-24-a-13.16.21.jpg?ssl=1\"><img data-attachment-id=\"9406\" data-permalink=\"https:\/\/alaincardenas.com\/blog\/les-polychromies-de-bernard-cathelin-face-a-lasie-peintures-et-lithographies\/capture-decran-2026-02-24-a-13-16-21\/\" data-orig-file=\"https:\/\/i0.wp.com\/alaincardenas.com\/blog\/wp-content\/uploads\/2026\/02\/Capture-decran-2026-02-24-a-13.16.21.jpg?fit=882%2C1080&amp;ssl=1\" data-orig-size=\"882,1080\" data-comments-opened=\"0\" data-image-meta=\"{&quot;aperture&quot;:&quot;0&quot;,&quot;credit&quot;:&quot;&quot;,&quot;camera&quot;:&quot;&quot;,&quot;caption&quot;:&quot;&quot;,&quot;created_timestamp&quot;:&quot;0&quot;,&quot;copyright&quot;:&quot;&quot;,&quot;focal_length&quot;:&quot;0&quot;,&quot;iso&quot;:&quot;0&quot;,&quot;shutter_speed&quot;:&quot;0&quot;,&quot;title&quot;:&quot;&quot;,&quot;orientation&quot;:&quot;1&quot;}\" data-image-title=\"Capture d\u2019e\u0301cran 2026-02-24 a\u0300 13.16.21\" data-image-description=\"\" data-image-caption=\"\" data-medium-file=\"https:\/\/i0.wp.com\/alaincardenas.com\/blog\/wp-content\/uploads\/2026\/02\/Capture-decran-2026-02-24-a-13.16.21.jpg?fit=245%2C300&amp;ssl=1\" data-large-file=\"https:\/\/i0.wp.com\/alaincardenas.com\/blog\/wp-content\/uploads\/2026\/02\/Capture-decran-2026-02-24-a-13.16.21.jpg?fit=584%2C715&amp;ssl=1\" decoding=\"async\" loading=\"lazy\" width=\"584\" height=\"715\" data-id=\"9406\"  src=\"https:\/\/i0.wp.com\/alaincardenas.com\/blog\/wp-content\/uploads\/2026\/02\/Capture-decran-2026-02-24-a-13.16.21.jpg?resize=584%2C715&#038;ssl=1\" alt=\"\" class=\"wp-image-9406\" srcset=\"https:\/\/i0.wp.com\/alaincardenas.com\/blog\/wp-content\/uploads\/2026\/02\/Capture-decran-2026-02-24-a-13.16.21.jpg?resize=836%2C1024&amp;ssl=1 836w, https:\/\/i0.wp.com\/alaincardenas.com\/blog\/wp-content\/uploads\/2026\/02\/Capture-decran-2026-02-24-a-13.16.21.jpg?resize=245%2C300&amp;ssl=1 245w, https:\/\/i0.wp.com\/alaincardenas.com\/blog\/wp-content\/uploads\/2026\/02\/Capture-decran-2026-02-24-a-13.16.21.jpg?resize=768%2C940&amp;ssl=1 768w, https:\/\/i0.wp.com\/alaincardenas.com\/blog\/wp-content\/uploads\/2026\/02\/Capture-decran-2026-02-24-a-13.16.21.jpg?w=882&amp;ssl=1 882w\" sizes=\"(max-width: 584px) 100vw, 584px\" data-recalc-dims=\"1\" \/><\/a><\/figure>\n\n\n\n<figure class=\"wp-block-image size-large\"><a href=\"https:\/\/i0.wp.com\/alaincardenas.com\/blog\/wp-content\/uploads\/2026\/02\/Bouquet-rouge-au-fond-gris-1995-huile-65-x-42-cm.jpg?ssl=1\"><img data-attachment-id=\"9405\" data-permalink=\"https:\/\/alaincardenas.com\/blog\/les-polychromies-de-bernard-cathelin-face-a-lasie-peintures-et-lithographies\/bouquet-rouge-au-fond-gris-1995-huile-65-x-42-cm\/\" data-orig-file=\"https:\/\/i0.wp.com\/alaincardenas.com\/blog\/wp-content\/uploads\/2026\/02\/Bouquet-rouge-au-fond-gris-1995-huile-65-x-42-cm.jpg?fit=500%2C768&amp;ssl=1\" data-orig-size=\"500,768\" data-comments-opened=\"0\" data-image-meta=\"{&quot;aperture&quot;:&quot;1.6&quot;,&quot;credit&quot;:&quot;&quot;,&quot;camera&quot;:&quot;iPhone 15 Plus&quot;,&quot;caption&quot;:&quot;&quot;,&quot;created_timestamp&quot;:&quot;1770810059&quot;,&quot;copyright&quot;:&quot;&quot;,&quot;focal_length&quot;:&quot;5.96&quot;,&quot;iso&quot;:&quot;80&quot;,&quot;shutter_speed&quot;:&quot;0.02&quot;,&quot;title&quot;:&quot;&quot;,&quot;orientation&quot;:&quot;1&quot;}\" data-image-title=\"Bouquet rouge au fond gris, 1995, huile, 65 x 42 cm\" data-image-description=\"\" data-image-caption=\"\" data-medium-file=\"https:\/\/i0.wp.com\/alaincardenas.com\/blog\/wp-content\/uploads\/2026\/02\/Bouquet-rouge-au-fond-gris-1995-huile-65-x-42-cm.jpg?fit=195%2C300&amp;ssl=1\" data-large-file=\"https:\/\/i0.wp.com\/alaincardenas.com\/blog\/wp-content\/uploads\/2026\/02\/Bouquet-rouge-au-fond-gris-1995-huile-65-x-42-cm.jpg?fit=500%2C768&amp;ssl=1\" decoding=\"async\" loading=\"lazy\" width=\"500\" height=\"768\" data-id=\"9405\"  src=\"https:\/\/i0.wp.com\/alaincardenas.com\/blog\/wp-content\/uploads\/2026\/02\/Bouquet-rouge-au-fond-gris-1995-huile-65-x-42-cm.jpg?resize=500%2C768&#038;ssl=1\" alt=\"\" class=\"wp-image-9405\" srcset=\"https:\/\/i0.wp.com\/alaincardenas.com\/blog\/wp-content\/uploads\/2026\/02\/Bouquet-rouge-au-fond-gris-1995-huile-65-x-42-cm.jpg?w=500&amp;ssl=1 500w, https:\/\/i0.wp.com\/alaincardenas.com\/blog\/wp-content\/uploads\/2026\/02\/Bouquet-rouge-au-fond-gris-1995-huile-65-x-42-cm.jpg?resize=195%2C300&amp;ssl=1 195w\" sizes=\"(max-width: 500px) 100vw, 500px\" data-recalc-dims=\"1\" \/><\/a><\/figure>\n\n\n\n<figure class=\"wp-block-image size-large\"><a href=\"https:\/\/i0.wp.com\/alaincardenas.com\/blog\/wp-content\/uploads\/2026\/02\/Hsiao-Chin-Renaissance-18-1990-acr-sur-toile-148-x-160-cm.jpg?ssl=1\"><img data-attachment-id=\"9407\" data-permalink=\"https:\/\/alaincardenas.com\/blog\/les-polychromies-de-bernard-cathelin-face-a-lasie-peintures-et-lithographies\/hsiao-chin-renaissance-18-1990-acr-sur-toile-148-x-160-cm\/\" data-orig-file=\"https:\/\/i0.wp.com\/alaincardenas.com\/blog\/wp-content\/uploads\/2026\/02\/Hsiao-Chin-Renaissance-18-1990-acr-sur-toile-148-x-160-cm.jpg?fit=663%2C600&amp;ssl=1\" data-orig-size=\"663,600\" data-comments-opened=\"0\" data-image-meta=\"{&quot;aperture&quot;:&quot;0&quot;,&quot;credit&quot;:&quot;&quot;,&quot;camera&quot;:&quot;&quot;,&quot;caption&quot;:&quot;&quot;,&quot;created_timestamp&quot;:&quot;0&quot;,&quot;copyright&quot;:&quot;&quot;,&quot;focal_length&quot;:&quot;0&quot;,&quot;iso&quot;:&quot;0&quot;,&quot;shutter_speed&quot;:&quot;0&quot;,&quot;title&quot;:&quot;&quot;,&quot;orientation&quot;:&quot;1&quot;}\" data-image-title=\"Hsiao Chin, Renaissance-18, 1990, acr sur toile, 148 x 160 cm\" data-image-description=\"\" data-image-caption=\"\" data-medium-file=\"https:\/\/i0.wp.com\/alaincardenas.com\/blog\/wp-content\/uploads\/2026\/02\/Hsiao-Chin-Renaissance-18-1990-acr-sur-toile-148-x-160-cm.jpg?fit=300%2C271&amp;ssl=1\" data-large-file=\"https:\/\/i0.wp.com\/alaincardenas.com\/blog\/wp-content\/uploads\/2026\/02\/Hsiao-Chin-Renaissance-18-1990-acr-sur-toile-148-x-160-cm.jpg?fit=584%2C529&amp;ssl=1\" decoding=\"async\" loading=\"lazy\" width=\"584\" height=\"529\" data-id=\"9407\"  src=\"https:\/\/i0.wp.com\/alaincardenas.com\/blog\/wp-content\/uploads\/2026\/02\/Hsiao-Chin-Renaissance-18-1990-acr-sur-toile-148-x-160-cm.jpg?resize=584%2C529&#038;ssl=1\" alt=\"\" class=\"wp-image-9407\" srcset=\"https:\/\/i0.wp.com\/alaincardenas.com\/blog\/wp-content\/uploads\/2026\/02\/Hsiao-Chin-Renaissance-18-1990-acr-sur-toile-148-x-160-cm.jpg?w=663&amp;ssl=1 663w, https:\/\/i0.wp.com\/alaincardenas.com\/blog\/wp-content\/uploads\/2026\/02\/Hsiao-Chin-Renaissance-18-1990-acr-sur-toile-148-x-160-cm.jpg?resize=300%2C271&amp;ssl=1 300w, https:\/\/i0.wp.com\/alaincardenas.com\/blog\/wp-content\/uploads\/2026\/02\/Hsiao-Chin-Renaissance-18-1990-acr-sur-toile-148-x-160-cm.jpg?resize=332%2C300&amp;ssl=1 332w\" sizes=\"(max-width: 584px) 100vw, 584px\" data-recalc-dims=\"1\" \/><\/a><\/figure>\n<\/figure>\n\n\n\n<hr class=\"wp-block-separator has-alpha-channel-opacity\"\/>\n\n\n\n<p>Ci-dessus, de gauche \u00e0 droite. <strong>1<\/strong>. Mu Qi (attr.) <em>Six kakis<\/em> (XIIIe s.), rouleau, encre sur papier \/ Scroll, ink on paper. Coll. temple Daitokuji Ryokoin, Kyoto National Museum ; <strong>2<\/strong><a>. <\/a><em>Bouquet rouge au fond gris<\/em> (1995), huile sur papier, 65 x 42 cm. Coll. priv\u00e9e \/ private collection ; <strong>3<\/strong>. Hsiao Chin, <em>Renaissance-18<\/em> (1990), acrylique sur toile, 148 x 160 cm. Coll. priv\u00e9e \/ private collection<\/p>\n\n\n\n<hr class=\"wp-block-separator has-alpha-channel-opacity\"\/>\n\n\n\n<p class=\"has-text-color\" style=\"color:#af2727\"><strong>Dans l\u2019atelier de Fernand Mourlot<\/strong><\/p>\n\n\n\n<p>Ma\u00eetre-imprimeur, en particulier de lithographies, embl\u00e9matique d\u2019une \u00e9poque faste pour la promotion, la connaissance et la multiplicit\u00e9 des \u00e9ditions d\u2019estampes, Fernand Mourlot (Paris, 1895- 1988) a d\u00e9ploy\u00e9 une activit\u00e9 dense, dans le sillage familial. Son premier atelier parisien se situe 18&nbsp;rue de Chabrol&nbsp;dans le&nbsp;9<sup>e<\/sup>&nbsp;arrondissement, le local, initialement occup\u00e9 par son p\u00e8re, Jules Mourlot, imprimeur, est acquis en 1914 de l&rsquo;imprimeur Georges Bataille. En 1960, Fernand Mourlot d\u00e9m\u00e9nage dans le&nbsp;13<sup>e<\/sup>&nbsp;arrondissement,&nbsp;rue Barrault. Il s&rsquo;installe enfin, en 1976, au 49&nbsp;rue du Montparnasse. Pendant pr\u00e8s d\u2019un demi-si\u00e8cle, une production \u00e9ditoriale constante est \u00e0 l\u2019origine d\u2019une bibliophilie qui rassemble les \u0153uvres d\u2019artistes parmi lesquels reviennent les noms <a>d\u2019<\/a>Henri Matisse,&nbsp;Jean Fautrier,&nbsp;Pierre Soulages,&nbsp;Jean Dubuffet,&nbsp;Pablo Picasso,&nbsp;Marc Chagall,&nbsp;Alexander Calder,&nbsp;Kees van Dongen,&nbsp;Pierre Alechinsky. Mourlot fr\u00e9quente par la m\u00eame occasion de nombreux po\u00e8tes et \u00e9crivains comme&nbsp;Louis Aragon,&nbsp;Jean Paulhan,&nbsp;Francis Ponge, \u2026 &nbsp;Bernard Cathelin appartient \u00e0 cette frange d\u2019artistes dont la force de la cr\u00e9ation et un optimisme \u00e0 toute \u00e9preuve gomment les \u00e9preuves qui pars\u00e8ment une existence, f\u00fbt-elle plut\u00f4t source de r\u00e9ussite.<\/p>\n\n\n\n<p class=\"has-text-color\" style=\"color:#af2727\"><strong>Un reflet \u00e0 l\u2019Est&nbsp;: Hsiao Chin<\/strong><\/p>\n\n\n\n<p>En Asie, Bernard Cathelin jouit d\u2019une r\u00e9putation qui doit beaucoup \u00e0 la force de sa touche, une touche qui produit des zones, des surfaces dont la juxtaposition fourmillante a valeur de structure f\u00e9d\u00e9ratrice fondamentale. Il est parfois compar\u00e9 \u00e0 un artiste chinois qui a \u00e9migr\u00e9 \u00e0 Taiwan, Hsiao&nbsp;Chin (1935, Shanghai \u2013 2023, Taipei)<a>,&nbsp;<\/a>initi\u00e9 tr\u00e8s jeune aux diff\u00e9rentes approches artistiques par son p\u00e8re, Hsiao Yu-mei, c\u00e9l\u00e8bre musicien et pionnier de la musique chinoise contemporaine. Curieux des liens entre peinture et approche intellectuelle de l\u2019\u0153uvre, comme cela appara\u00eet par ses \u0153uvres mais aussi avec ses livres d\u2019artiste reprenant des citations tao\u00efstes, il a un r\u00f4le notable dans l\u2019\u00e9volution de la peinture chinoise vers l\u2019abstraction. Ses \u0153uvres combinent les ressources de la peinture traditionnelle chinoise au pinceau et le cadre conceptuel du modernisme europ\u00e9en et am\u00e9ricain. Il quitte la Chine en 1949 pour s\u2019\u00e9tablir \u00e0 Taiwan, entre en 1952 dans l\u2019atelier de Li Zhongsheng (1912-1984), ouvert sur les probl\u00e9matiques des avant-gardes europ\u00e9ennes. Il est \u00e0 Milan en 1959, puis aux Etats-Unis de 1967 \u00e0 1972 puis de nouveau \u00e0 Milan en 1973.<\/p>\n\n\n\n<p>Il sait jouer des traces, continues, fragment\u00e9es, leur donne une pr\u00e9sence. Il a eu l\u2019occasion de voir les \u0153uvres de Bernard Cathelin, lors d\u2019un passage \u00e0 Paris, je l\u2019accueillais au mus\u00e9e de l\u2019Homme avec la d\u00e9l\u00e9gation de jeunes peintres taiwanais d\u00e9sireux d\u2019en savoir davantage sur les sources de l\u2019art occidental. Les deux hommes se rencontrent et font, face aux jeunes peintres un \u00e9tat des lieux sur les rapports Est-Ouest \u00e0 la cr\u00e9ation \u2026<a> <\/a>Les interactions m\u00eal\u00e9es au geste qui doit rester fort et spontan\u00e9, produisent ces paysages et des natures mortes conservant l\u2019essence d\u2019une narration implicite et fondamentale.<\/p>\n\n\n\n<p class=\"has-text-color\" style=\"color:#af2727\"><strong>Unique et multiple<\/strong><\/p>\n\n\n\n<p>Les huiles de Bernard Cathelin sont devenues des \u0153uvres autant que des t\u00e9moignages essentiels sur les al\u00e9as d\u2019une polychromie qui se veut le reflet d\u2019une soci\u00e9t\u00e9 ouverte et vectrice d\u2019optimisme. En parall\u00e8le \u00e0 ces tranches de vie uniques, Bernard Cathelin confie ses talents de dessinateur \u00e0 l\u2019art de la lithographie qui permet autant des compositions monumentales que des portraits lithographiques intimistes<a>. <\/a>Des \u0153uvres qui traduisent la force des paysages du sud de la France ou la finesse des portraits, souvenir de rencontres devenues des narrations quasi myst\u00e9rieuses mais serties d\u2019une densit\u00e9 psychologique forte. Une fa\u00e7on de renouveler l\u2019art du portrait, si bien cultiv\u00e9 depuis l\u2019\u00e9cole des Clouet\u2026 l\u2019inventivit\u00e9 de l\u2019artiste investit ainsi le monde chaleureux qui est le sien, un monde entre Nature et humain.<\/p>\n\n\n<div class=\"wp-block-image\">\n<figure class=\"aligncenter size-full is-resized\"><a href=\"https:\/\/i0.wp.com\/alaincardenas.com\/blog\/wp-content\/uploads\/2026\/02\/BC-Portrait.jpg?ssl=1\"><img data-attachment-id=\"9403\" data-permalink=\"https:\/\/alaincardenas.com\/blog\/les-polychromies-de-bernard-cathelin-face-a-lasie-peintures-et-lithographies\/bc-portrait\/\" data-orig-file=\"https:\/\/i0.wp.com\/alaincardenas.com\/blog\/wp-content\/uploads\/2026\/02\/BC-Portrait.jpg?fit=711%2C600&amp;ssl=1\" data-orig-size=\"711,600\" data-comments-opened=\"0\" data-image-meta=\"{&quot;aperture&quot;:&quot;1.6&quot;,&quot;credit&quot;:&quot;&quot;,&quot;camera&quot;:&quot;iPhone 15 Plus&quot;,&quot;caption&quot;:&quot;&quot;,&quot;created_timestamp&quot;:&quot;1770809961&quot;,&quot;copyright&quot;:&quot;&quot;,&quot;focal_length&quot;:&quot;5.96&quot;,&quot;iso&quot;:&quot;100&quot;,&quot;shutter_speed&quot;:&quot;0.02&quot;,&quot;title&quot;:&quot;&quot;,&quot;orientation&quot;:&quot;1&quot;}\" data-image-title=\"BC, Portrait\" data-image-description=\"\" data-image-caption=\"\" data-medium-file=\"https:\/\/i0.wp.com\/alaincardenas.com\/blog\/wp-content\/uploads\/2026\/02\/BC-Portrait.jpg?fit=300%2C253&amp;ssl=1\" data-large-file=\"https:\/\/i0.wp.com\/alaincardenas.com\/blog\/wp-content\/uploads\/2026\/02\/BC-Portrait.jpg?fit=584%2C493&amp;ssl=1\" decoding=\"async\" loading=\"lazy\" src=\"https:\/\/i0.wp.com\/alaincardenas.com\/blog\/wp-content\/uploads\/2026\/02\/BC-Portrait.jpg?resize=356%2C300&#038;ssl=1\" alt=\"\" class=\"wp-image-9403\" width=\"356\" height=\"300\" srcset=\"https:\/\/i0.wp.com\/alaincardenas.com\/blog\/wp-content\/uploads\/2026\/02\/BC-Portrait.jpg?w=711&amp;ssl=1 711w, https:\/\/i0.wp.com\/alaincardenas.com\/blog\/wp-content\/uploads\/2026\/02\/BC-Portrait.jpg?resize=300%2C253&amp;ssl=1 300w, https:\/\/i0.wp.com\/alaincardenas.com\/blog\/wp-content\/uploads\/2026\/02\/BC-Portrait.jpg?resize=356%2C300&amp;ssl=1 356w\" sizes=\"(max-width: 356px) 100vw, 356px\" data-recalc-dims=\"1\" \/><\/a><figcaption class=\"wp-element-caption\">Bernard Cathelin dans son atelier \/ Bernard Cathelin in his studio, 1986.<\/figcaption><\/figure><\/div>\n\n\n<p><strong>THE POLYCHROMES OF BERNARD CATHELIN IN THE FACE OF ASIA.<br>PAINTINGS AND LITHOGRAPHS<\/strong><\/p>\n\n\n\n<p><strong>A journey through different worlds<br><\/strong>Originally from Mont\u00e9l\u00e9ger, a town south of the city of Valence in the Dr\u00f4me, an enclave bordering the neighboring department of Vaucluse, Bernard Cathelin remained throughout his life very attached to this paradise of strong and warm colors. After classical studies in Paris, he also studied at the \u00c9cole nationale sup\u00e9rieure des arts d\u00e9coratifs in the capital from 1945 to 1948. Meeting Matisse in 1951 provided a rich source of advice and teachings of all kinds. The master&rsquo;s lesson guided the artist toward volumes whose juxtaposition is reminiscent of the extreme simplifications that led Matisse to his cut-out papers with original shapes\u2026<\/p>\n\n\n\n<p>Towards the end of the 1980s, when the Pi\u00e8ce Unique gallery wanted to promote its work in Taipei, the two directors of this boutique gallery located at 4 rue Jacques Callot favored a polychromy that perfectly matched the aesthetic approach of Taiwanese collectors. The Elegance gallery, an important venue for contemporary art in Taipei, was directed by Lee Sung-fung, himself a great admirer of this type of work, which has the charm and fascination of a warm and powerful vision of abstraction seen as a crucible of strong emotions full of inner depth. The numerous exhibitions of Bernard Cathelin also provide opportunities for visits to various places in Andalusia, Mexico, India, Japan&#8230;, countries discovered during a world tour in 1973. At the same time, his works are just as appreciated in the art world in Taiwan. The structure of his works, which evokes Zen Buddhist compositions, has earned the artist widespread recognition and multiple exhibitions. In particular, he creates monumental lithographs that reflect this desire to engage with the West, which knows how to play with impastos combined with unexpected polychromatic contrasts or complements\u2014a reminder of his native region in the south of France.<\/p>\n\n\n\n<p><strong>In Fernand Mourlot&rsquo;s workshop,<\/strong><\/p>\n\n\n\n<p>Master Printer, particularly of lithographs, emblematic of a prosperous era for the promotion, understanding, and variety of print editions, Fernand Mourlot (Paris, 1895\u20131988) carried out a busy career following in his family&rsquo;s footsteps. His first Parisian workshop was located at 18 rue de Chabrol in the 9th arrondissement; the premises, initially occupied by his father, Jules Mourlot, printer, were acquired in 1914 from the printer Georges Bataille. In 1960, Fernand Mourlot moved to the 13th arrondissement, rue Barrault. He finally settled, in 1976, at 49 rue du Montparnasse. For nearly half a century, a consistent editorial production led to a bibliophilic collection bringing together the works of artists among whose names repeatedly appear Henri Matisse, Jean Fautrier, Pierre Soulages, Jean Dubuffet, Pablo Picasso, Marc Chagall, Alexander Calder, Kees van Dongen, and Pierre Alechinsky.<\/p>\n\n\n\n<p><strong>A Reflection in the East: Hsiao Chin<br><\/strong>In Asia, Bernard Cathelin enjoys a reputation owed largely to the strength of his touch, a touch that produces areas and surfaces whose bustling juxtaposition serves as a fundamental unifying structure. He is sometimes compared to a Chinese artist who emigrated to Taiwan, Hsiao Chin (1935, Shanghai \u2013 2023, Taipei), who was introduced at a very young age to various artistic approaches by his father, Hsiao Yu-mei, a renowned musician and pioneer of contemporary Chinese music. Curious about the links between painting and the intellectual approach to the work, as evident in his artworks but also in his artist books featuring Taoist quotes, he played a notable role in the evolution of Chinese painting towards abstraction. His works combine the resources of traditional Chinese brush painting with the conceptual framework of European and American modernism. He left China in 1949 to settle in Taiwan, and in 1952 joined the workshop of Li Zhongsheng (1912-1984), which was open to the issues of European avant-gardes. He was in Milan in 1959, then in the United States from 1967 to 1972, and back in Milan in 1973. He knows how to work with traces, continuous or fragmented, giving them a presence. He had the opportunity to see the works of Bernard Cathelin during a visit to Paris; I welcomed him at the Mus\u00e9e de l\u2019Homme with a delegation of young Taiwanese painters eager to learn more about the sources of Western art. The two men met and, in front of the young painters, took stock of the East-West relations in creation\u2026 The interactions combined with a gesture that must remain strong and spontaneous produce these landscapes and still lifes, preserving the essence of an implicit and fundamental narrative.<\/p>\n\n\n\n<p><strong>Unique and multiple<br><\/strong>Bernard Cathelin&rsquo;s oils have become both works of art and essential testimonies to the challenges of a polychromy that aims to reflect an open society and convey optimism. Alongside these unique slices of life, Bernard Cathelin applies his drawing talents to the art of lithography, which allows for both monumental compositions and intimate lithographic portraits. These works convey the strength of the landscapes of southern France or the delicacy of portraits, mementos of encounters that have become almost mysterious narratives, yet imbued with strong psychological depth. It is a way of renewing the art of portraiture, so well cultivated since the Clouet school&#8230; the artist&rsquo;s inventiveness thus invests the warm world that is his own, a world between Nature and humanity.<\/p>\n\n\n\n<p><strong>\u4f2f\u7eb3\u5fb7\u00b7\u5361\u7279\u5170\u7684\u591a\u5f69\u4f5c\u54c1\u9762\u5bf9\u4e9a\u6d32\uff1a\u753b\u4f5c\u4e0e\u77f3\u7248\u753b<\/strong><\/p>\n\n\n\n<p>\u4ed6\u51fa\u751f\u4e8e\u6cd5\u56fd\u5357\u90e8\u7684\u74e6\u6717\u65af\u5e02\uff0c\u4e00\u751f\u4e2d\u59cb\u7ec8\u5bf9\u8fd9\u4e2a\u8272\u5f69\u6d53\u70c8\u3001\u6e29\u6696\u7684\u5730\u533a\u4fdd\u6301\u7740\u6df1\u539a\u7684\u611f\u60c5\u3002\u5728\u5df4\u9ece\u5b8c\u6210\u4e86\u4f20\u7edf\u7684\u5b66\u4e1a\u540e\uff0c\u4ed6\u8fd8\u5728\u9996\u90fd\u7684\u56fd\u7acb\u9ad8\u7b49\u88c5\u9970\u827a\u672f\u5b66\u9662\u5b66\u4e60\uff0c\u65f6\u95f4\u662f1945\u5e74\u81f31948\u5e74\u30021951\u5e74\u4e0e\u9a6c\u8482\u65af\u7684\u76f8\u9047\uff0c\u4e3a\u4ed6\u63d0\u4f9b\u4e86\u4e30\u5bcc\u7684\u5efa\u8bae\u548c\u5404\u65b9\u9762\u7684\u6307\u5bfc\u3002\u8fd9\u4f4d\u827a\u672f\u5bb6\u5c06\u4ed6\u5f15\u5411\u90a3\u4e9b\u6392\u5217\u7ec4\u5408\u7684\u4f53\u91cf\uff0c\u5176\u5e76\u7f6e\u65b9\u5f0f\u4e0d\u7981\u8ba9\u4eba\u8054\u60f3\u5230\u9a6c\u8482\u65af\u90a3\u79cd\u6781\u5ea6\u7b80\u5316\u7684\u521b\u4f5c\u98ce\u683c\uff0c\u6700\u7ec8\u53d1\u5c55\u4e3a\u539f\u59cb\u5f62\u6001\u7684\u526a\u7eb8\u827a\u672f\u2026\u2026<\/p>\n\n\n\n<p>\u9664\u4e86\u6cb9\u753b\uff0c\u4ed6\u8fd8\u559c\u6b22\u7248\u753b\u6240\u5448\u73b0\u7684\u5e73\u9762\u8272\u8c03\uff0c\u5e76\u4e14\u662f\u5728\u8d39\u5c14\u5357\u00b7\u7a46\u5c14\u6d1b\uff08\u5df4\u9ece\uff0c1895-1988\uff09\u90a3\u91cc\u5370\u5236\u4ed6\u7684\u77f3\u7248\u753b\u3002\u8fd9\u4f4d\u4e3b\u8981\u4ece\u4e8b\u77f3\u7248\u753b\u7684\u5370\u5237\u5927\u5e08\uff0c\u662f\u4e00\u4e2a\u8f89\u714c\u65f6\u4ee3\u7684\u8c61\u5f81\uff0c\u8be5\u65f6\u4ee3\u5927\u529b\u63a8\u5e7f\u3001\u4e86\u89e3\u5e76\u591a\u6837\u5316\u827a\u672f\u5bb6\u7248\u753b\u7684\u51fa\u7248\uff0c\u827a\u672f\u5bb6\u5305\u62ec\u4ea8\u5229\u00b7\u9a6c\u8482\u65af\u3001\u8ba9\u00b7\u798f\u7279\u91cc\u8036\u3001\u76ae\u57c3\u5c14\u00b7\u82cf\u62c9\u70ed\u3001\u8ba9\u00b7\u675c\u5e03\u83f2\u3001\u5df4\u52c3\u7f57\u00b7\u6bd5\u52a0\u7d22\u3001\u9a6c\u514b\u00b7\u590f\u52a0\u5c14\u3001\u4e9a\u5386\u5c71\u5927\u00b7\u8003\u5c14\u5fb7\u3001\u57fa\u65af\u00b7\u8303\u00b7\u4e1c\u6839\u3001\u76ae\u57c3\u5c14\u00b7\u963f\u83b1\u6b23\u65af\u57fa\u3002<\/p>\n\n\n\n<p>\u5728\u4e9a\u6d32\uff0c\u4f2f\u7eb3\u5fb7\u00b7\u5361\u7279\u6797\u4eab\u6709\u5f88\u9ad8\u7684\u58f0\u8a89\uff0c\u8fd9\u5728\u5f88\u5927\u7a0b\u5ea6\u4e0a\u5f97\u76ca\u4e8e\u4ed6\u7b14\u89e6\u7684\u529b\u91cf\uff0c\u8fd9\u79cd\u7b14\u89e6\u80fd\u591f\u4ea7\u751f\u533a\u57df\u548c\u8868\u9762\uff0c\u5176\u7199\u7199\u6518\u6518\u7684\u5e76\u7f6e\u5177\u6709\u57fa\u672c\u7684\u7ec4\u7ec7\u7ed3\u6784\u4ef7\u503c\u3002\u4ed6\u6709\u65f6\u88ab\u6bd4\u4f5c\u4e00\u4f4d\u66fe\u5728\u7c73\u5170\u548c\u53f0\u6e7e\u957f\u671f\u751f\u6d3b\u7684\u4e2d\u56fd\u827a\u672f\u5bb6\u8427\u52e4\uff081935\u5e74\uff0c\u4e0a\u6d77\uff0d2023\u5e74\uff0c\u53f0\u5317\uff09\u3002\u8427\u52e4\u66fe\u6709\u673a\u4f1a\u5728\u5df4\u9ece\u53c2\u89c2\u4f2f\u7eb3\u5fb7\u00b7\u5361\u7279\u6797\u7684\u4f5c\u54c1\uff0c\u5f53\u65f6\u6211\u5728\u201c\u4eba\u7c7b\u535a\u7269\u9986\u201d\u63a5\u5f85\u4ed6\uff0c\u4ee5\u53ca\u4e00\u6279\u6e34\u671b\u4e86\u89e3\u897f\u65b9\u827a\u672f\u6e90\u6cc9\u7684\u53f0\u6e7e\u5e74\u8f7b\u753b\u5bb6\u4ee3\u8868\u56e2\u3002\u4e24\u4eba\u76f8\u9047\uff0c\u5e76\u5728\u5e74\u8f7b\u753b\u5bb6\u9762\u524d\uff0c\u5c31\u4e1c\u897f\u65b9\u521b\u4f5c\u7684\u5173\u7cfb\u8fdb\u884c\u4e86\u73b0\u72b6\u6c47\u62a5\u2026\u2026<\/p>\n\n\n\n<p>\u8d1d\u5c14\u7eb3\u00b7\u5361\u7279\u5170\u7684\u4f5c\u54c1\u5c55\u73b0\u4e86\u6cd5\u56fd\u5357\u90e8\u98ce\u666f\u7684\u529b\u91cf\u548c\u8096\u50cf\u7684\u7ec6\u817b\uff0c\u90a3\u4e9b\u66fe\u7ecf\u7684\u9082\u9005\u56de\u5fc6\u88ab\u8f6c\u5316\u4e3a\u51e0\u4e4e\u795e\u79d8\u7684\u53d9\u4e8b\uff0c\u540c\u65f6\u5177\u6709\u5f3a\u70c8\u7684\u5fc3\u7406\u6df1\u5ea6\u3002\u827a\u672f\u5bb6\u7684\u521b\u9020\u529b\u56e0\u6b64\u6ce8\u5165\u4e86\u4ed6\u6e29\u6696\u7684\u4e16\u754c\uff0c\u8fd9\u662f\u4e00\u4e2a\u4ecb\u4e8e\u81ea\u7136\u4e0e\u4eba\u7c7b\u4e4b\u95f4\u7684\u4e16\u754c\u3002<\/p>\n\n\n\n<p class=\"has-text-color\" style=\"color:#af2727\"><strong>\u0152uvres de Cathelin<\/strong><\/p>\n\n\n<div class=\"wp-block-image\">\n<figure class=\"aligncenter size-full is-resized\"><a href=\"https:\/\/i0.wp.com\/alaincardenas.com\/blog\/wp-content\/uploads\/2026\/02\/BC-Nenuphars-80-90-huile-405-x32-cm.jpg?ssl=1\"><img data-attachment-id=\"9402\" data-permalink=\"https:\/\/alaincardenas.com\/blog\/les-polychromies-de-bernard-cathelin-face-a-lasie-peintures-et-lithographies\/bc-nenuphars-80-90-huile-405-x32-cm\/\" data-orig-file=\"https:\/\/i0.wp.com\/alaincardenas.com\/blog\/wp-content\/uploads\/2026\/02\/BC-Nenuphars-80-90-huile-405-x32-cm.jpg?fit=473%2C600&amp;ssl=1\" data-orig-size=\"473,600\" data-comments-opened=\"0\" data-image-meta=\"{&quot;aperture&quot;:&quot;1.6&quot;,&quot;credit&quot;:&quot;&quot;,&quot;camera&quot;:&quot;iPhone 15 Plus&quot;,&quot;caption&quot;:&quot;&quot;,&quot;created_timestamp&quot;:&quot;1770810010&quot;,&quot;copyright&quot;:&quot;&quot;,&quot;focal_length&quot;:&quot;5.96&quot;,&quot;iso&quot;:&quot;125&quot;,&quot;shutter_speed&quot;:&quot;0.02&quot;,&quot;title&quot;:&quot;&quot;,&quot;orientation&quot;:&quot;1&quot;}\" data-image-title=\"BC, Ne\u0301nuphars, 80-90, huile, 40,5 x32 cm\" data-image-description=\"\" data-image-caption=\"\" data-medium-file=\"https:\/\/i0.wp.com\/alaincardenas.com\/blog\/wp-content\/uploads\/2026\/02\/BC-Nenuphars-80-90-huile-405-x32-cm.jpg?fit=237%2C300&amp;ssl=1\" data-large-file=\"https:\/\/i0.wp.com\/alaincardenas.com\/blog\/wp-content\/uploads\/2026\/02\/BC-Nenuphars-80-90-huile-405-x32-cm.jpg?fit=473%2C600&amp;ssl=1\" decoding=\"async\" loading=\"lazy\" src=\"https:\/\/i0.wp.com\/alaincardenas.com\/blog\/wp-content\/uploads\/2026\/02\/BC-Nenuphars-80-90-huile-405-x32-cm.jpg?resize=237%2C300&#038;ssl=1\" alt=\"\" class=\"wp-image-9402\" width=\"237\" height=\"300\" srcset=\"https:\/\/i0.wp.com\/alaincardenas.com\/blog\/wp-content\/uploads\/2026\/02\/BC-Nenuphars-80-90-huile-405-x32-cm.jpg?w=473&amp;ssl=1 473w, https:\/\/i0.wp.com\/alaincardenas.com\/blog\/wp-content\/uploads\/2026\/02\/BC-Nenuphars-80-90-huile-405-x32-cm.jpg?resize=237%2C300&amp;ssl=1 237w\" sizes=\"(max-width: 237px) 100vw, 237px\" data-recalc-dims=\"1\" \/><\/a><\/figure><\/div>\n\n\n<hr class=\"wp-block-separator has-alpha-channel-opacity\"\/>\n\n\n\n<p><strong>1<\/strong>. <em>N\u00e9nuphars<\/em> (ann\u00e9es 80-90),  huile sur papier, 40,5 x 32 cm<\/p>\n\n\n\n<p>\u7761\u83b2\uff0c80-90\u5e74\u4ee3 &#8211; \u7eb8\u4e0a\u6cb9\u753b<\/p>\n\n\n\n<hr class=\"wp-block-separator has-alpha-channel-opacity\"\/>\n\n\n<div class=\"wp-block-image\">\n<figure class=\"aligncenter size-full is-resized\"><a href=\"https:\/\/i0.wp.com\/alaincardenas.com\/blog\/wp-content\/uploads\/2026\/02\/BC-Foire-aux-vins-1993-huile-62-x-51-cm.jpg?ssl=1\"><img data-attachment-id=\"9400\" data-permalink=\"https:\/\/alaincardenas.com\/blog\/les-polychromies-de-bernard-cathelin-face-a-lasie-peintures-et-lithographies\/bc-foire-aux-vins-1993-huile-62-x-51-cm\/\" data-orig-file=\"https:\/\/i0.wp.com\/alaincardenas.com\/blog\/wp-content\/uploads\/2026\/02\/BC-Foire-aux-vins-1993-huile-62-x-51-cm.jpg?fit=624%2C768&amp;ssl=1\" data-orig-size=\"624,768\" data-comments-opened=\"0\" data-image-meta=\"{&quot;aperture&quot;:&quot;1.6&quot;,&quot;credit&quot;:&quot;&quot;,&quot;camera&quot;:&quot;iPhone 15 Plus&quot;,&quot;caption&quot;:&quot;&quot;,&quot;created_timestamp&quot;:&quot;1770810000&quot;,&quot;copyright&quot;:&quot;&quot;,&quot;focal_length&quot;:&quot;5.96&quot;,&quot;iso&quot;:&quot;100&quot;,&quot;shutter_speed&quot;:&quot;0.02&quot;,&quot;title&quot;:&quot;&quot;,&quot;orientation&quot;:&quot;1&quot;}\" data-image-title=\"BC, Foire aux vins, 1993, huile, 62 x 51 cm\" data-image-description=\"\" data-image-caption=\"\" data-medium-file=\"https:\/\/i0.wp.com\/alaincardenas.com\/blog\/wp-content\/uploads\/2026\/02\/BC-Foire-aux-vins-1993-huile-62-x-51-cm.jpg?fit=244%2C300&amp;ssl=1\" data-large-file=\"https:\/\/i0.wp.com\/alaincardenas.com\/blog\/wp-content\/uploads\/2026\/02\/BC-Foire-aux-vins-1993-huile-62-x-51-cm.jpg?fit=584%2C719&amp;ssl=1\" decoding=\"async\" loading=\"lazy\" src=\"https:\/\/i0.wp.com\/alaincardenas.com\/blog\/wp-content\/uploads\/2026\/02\/BC-Foire-aux-vins-1993-huile-62-x-51-cm.jpg?resize=312%2C384&#038;ssl=1\" alt=\"\" class=\"wp-image-9400\" width=\"312\" height=\"384\" srcset=\"https:\/\/i0.wp.com\/alaincardenas.com\/blog\/wp-content\/uploads\/2026\/02\/BC-Foire-aux-vins-1993-huile-62-x-51-cm.jpg?w=624&amp;ssl=1 624w, https:\/\/i0.wp.com\/alaincardenas.com\/blog\/wp-content\/uploads\/2026\/02\/BC-Foire-aux-vins-1993-huile-62-x-51-cm.jpg?resize=244%2C300&amp;ssl=1 244w\" sizes=\"(max-width: 312px) 100vw, 312px\" data-recalc-dims=\"1\" \/><\/a><\/figure><\/div>\n\n\n<hr class=\"wp-block-separator has-alpha-channel-opacity\"\/>\n\n\n\n<p><strong>2<\/strong>. <em>Foire aux vins<\/em> (1993), huile sur papier, 42 x 37 cm (avec la lettre 62 x 51 cm)<\/p>\n\n\n\n<p>\u8461\u8404\u9152\u535a\u89c8\u4f1a\uff0c1993\u5e74 &#8211; \u7eb8\u4e0a\u6cb9\u753b\uff0c42 x 37 \u5398\u7c73<\/p>\n\n\n\n<hr class=\"wp-block-separator has-alpha-channel-opacity\"\/>\n\n\n<div class=\"wp-block-image\">\n<figure class=\"aligncenter size-full is-resized\"><a href=\"https:\/\/i0.wp.com\/alaincardenas.com\/blog\/wp-content\/uploads\/2026\/02\/BC-Champ-de-lavande-dans-la-Drome-1996-litho.-coul.365-x-125-cm.jpg?ssl=1\"><img data-attachment-id=\"9399\" data-permalink=\"https:\/\/alaincardenas.com\/blog\/les-polychromies-de-bernard-cathelin-face-a-lasie-peintures-et-lithographies\/bc-champ-de-lavande-dans-la-drome-1996-litho-coul-365-x-125-cm\/\" data-orig-file=\"https:\/\/i0.wp.com\/alaincardenas.com\/blog\/wp-content\/uploads\/2026\/02\/BC-Champ-de-lavande-dans-la-Drome-1996-litho.-coul.365-x-125-cm.jpg?fit=711%2C1024&amp;ssl=1\" data-orig-size=\"711,1024\" data-comments-opened=\"0\" data-image-meta=\"{&quot;aperture&quot;:&quot;2.4&quot;,&quot;credit&quot;:&quot;&quot;,&quot;camera&quot;:&quot;iPhone 15 Plus&quot;,&quot;caption&quot;:&quot;&quot;,&quot;created_timestamp&quot;:&quot;1770810100&quot;,&quot;copyright&quot;:&quot;&quot;,&quot;focal_length&quot;:&quot;1.54&quot;,&quot;iso&quot;:&quot;200&quot;,&quot;shutter_speed&quot;:&quot;0.02&quot;,&quot;title&quot;:&quot;&quot;,&quot;orientation&quot;:&quot;1&quot;}\" data-image-title=\"BC, Champ de lavande dans la Dro\u0302me, 1996, litho. coul.36,5 x 12,5 cm\" data-image-description=\"\" data-image-caption=\"\" data-medium-file=\"https:\/\/i0.wp.com\/alaincardenas.com\/blog\/wp-content\/uploads\/2026\/02\/BC-Champ-de-lavande-dans-la-Drome-1996-litho.-coul.365-x-125-cm.jpg?fit=208%2C300&amp;ssl=1\" data-large-file=\"https:\/\/i0.wp.com\/alaincardenas.com\/blog\/wp-content\/uploads\/2026\/02\/BC-Champ-de-lavande-dans-la-Drome-1996-litho.-coul.365-x-125-cm.jpg?fit=584%2C841&amp;ssl=1\" decoding=\"async\" loading=\"lazy\" src=\"https:\/\/i0.wp.com\/alaincardenas.com\/blog\/wp-content\/uploads\/2026\/02\/BC-Champ-de-lavande-dans-la-Drome-1996-litho.-coul.365-x-125-cm.jpg?resize=356%2C512&#038;ssl=1\" alt=\"\" class=\"wp-image-9399\" width=\"356\" height=\"512\" srcset=\"https:\/\/i0.wp.com\/alaincardenas.com\/blog\/wp-content\/uploads\/2026\/02\/BC-Champ-de-lavande-dans-la-Drome-1996-litho.-coul.365-x-125-cm.jpg?w=711&amp;ssl=1 711w, https:\/\/i0.wp.com\/alaincardenas.com\/blog\/wp-content\/uploads\/2026\/02\/BC-Champ-de-lavande-dans-la-Drome-1996-litho.-coul.365-x-125-cm.jpg?resize=208%2C300&amp;ssl=1 208w\" sizes=\"(max-width: 356px) 100vw, 356px\" data-recalc-dims=\"1\" \/><\/a><\/figure><\/div>\n\n\n<hr class=\"wp-block-separator has-alpha-channel-opacity\"\/>\n\n\n\n<p><strong>3<\/strong>. <em>Champ de lavande dans la Dr\u00f4me<\/em> (1996), lithographie en coul., 36,5 x 12,5 cm<\/p>\n\n\n\n<p>\u5fb7\u9f99\u7701\u7684\u85b0\u8863\u8349\u7530\uff0c1996\u5e74 &#8211; \u5f69\u8272\u77f3\u7248\u753b<\/p>\n\n\n\n<hr class=\"wp-block-separator has-alpha-channel-opacity\"\/>\n\n\n<div class=\"wp-block-image\">\n<figure class=\"aligncenter size-large is-resized\"><a href=\"https:\/\/i0.wp.com\/alaincardenas.com\/blog\/wp-content\/uploads\/2026\/02\/1772008822548.jpg?ssl=1\"><img data-attachment-id=\"9410\" data-permalink=\"https:\/\/alaincardenas.com\/blog\/les-polychromies-de-bernard-cathelin-face-a-lasie-peintures-et-lithographies\/attachment\/1772008822548\/\" data-orig-file=\"https:\/\/i0.wp.com\/alaincardenas.com\/blog\/wp-content\/uploads\/2026\/02\/1772008822548.jpg?fit=930%2C1280&amp;ssl=1\" data-orig-size=\"930,1280\" data-comments-opened=\"0\" data-image-meta=\"{&quot;aperture&quot;:&quot;0&quot;,&quot;credit&quot;:&quot;&quot;,&quot;camera&quot;:&quot;--&quot;,&quot;caption&quot;:&quot;&quot;,&quot;created_timestamp&quot;:&quot;1770810111&quot;,&quot;copyright&quot;:&quot;&quot;,&quot;focal_length&quot;:&quot;0&quot;,&quot;iso&quot;:&quot;0&quot;,&quot;shutter_speed&quot;:&quot;1&quot;,&quot;title&quot;:&quot;&quot;,&quot;orientation&quot;:&quot;1&quot;}\" data-image-title=\"1772008822548\" data-image-description=\"\" data-image-caption=\"\" data-medium-file=\"https:\/\/i0.wp.com\/alaincardenas.com\/blog\/wp-content\/uploads\/2026\/02\/1772008822548.jpg?fit=218%2C300&amp;ssl=1\" data-large-file=\"https:\/\/i0.wp.com\/alaincardenas.com\/blog\/wp-content\/uploads\/2026\/02\/1772008822548.jpg?fit=584%2C804&amp;ssl=1\" decoding=\"async\" loading=\"lazy\" src=\"https:\/\/i0.wp.com\/alaincardenas.com\/blog\/wp-content\/uploads\/2026\/02\/1772008822548.jpg?resize=372%2C512&#038;ssl=1\" alt=\"\" class=\"wp-image-9410\" width=\"372\" height=\"512\" srcset=\"https:\/\/i0.wp.com\/alaincardenas.com\/blog\/wp-content\/uploads\/2026\/02\/1772008822548.jpg?resize=744%2C1024&amp;ssl=1 744w, https:\/\/i0.wp.com\/alaincardenas.com\/blog\/wp-content\/uploads\/2026\/02\/1772008822548.jpg?resize=218%2C300&amp;ssl=1 218w, https:\/\/i0.wp.com\/alaincardenas.com\/blog\/wp-content\/uploads\/2026\/02\/1772008822548.jpg?resize=768%2C1057&amp;ssl=1 768w, https:\/\/i0.wp.com\/alaincardenas.com\/blog\/wp-content\/uploads\/2026\/02\/1772008822548.jpg?w=930&amp;ssl=1 930w\" sizes=\"(max-width: 372px) 100vw, 372px\" data-recalc-dims=\"1\" \/><\/a><\/figure><\/div>\n\n\n<hr class=\"wp-block-separator has-alpha-channel-opacity\"\/>\n\n\n\n<p>4. <em>La montagne Sainte Victoire <\/em>(1992), huile sur papier, 32,5 x 32 cm, \u00e9tude pour la peinture \u00e0 l\u2019huile, 37 x 22 cm<\/p>\n\n\n\n<p>\u5723\u70ed\u7eb3\u7ef4\u8299\u5c71\uff0c1992\u5e74 &#8211; \u7eb8\u4e0a\u6cb9\u753b\uff0c32.5 x 32 \u5398\u7c73 \u6cb9\u753b\u7814\u7a76\uff0c37 x 22 \u5398\u7c73<\/p>\n\n\n\n<hr class=\"wp-block-separator has-alpha-channel-opacity\"\/>\n\n\n<div class=\"wp-block-image\">\n<figure class=\"aligncenter size-full is-resized\"><a href=\"https:\/\/i0.wp.com\/alaincardenas.com\/blog\/wp-content\/uploads\/2026\/02\/BC-Anemones-bleues-et-blanches-1995-huile-26-x-36-cm.jpg?ssl=1\"><img data-attachment-id=\"9398\" data-permalink=\"https:\/\/alaincardenas.com\/blog\/les-polychromies-de-bernard-cathelin-face-a-lasie-peintures-et-lithographies\/bc-anemones-bleues-et-blanches-1995-huile-26-x-36-cm\/\" data-orig-file=\"https:\/\/i0.wp.com\/alaincardenas.com\/blog\/wp-content\/uploads\/2026\/02\/BC-Anemones-bleues-et-blanches-1995-huile-26-x-36-cm.jpg?fit=738%2C600&amp;ssl=1\" data-orig-size=\"738,600\" data-comments-opened=\"0\" data-image-meta=\"{&quot;aperture&quot;:&quot;1.6&quot;,&quot;credit&quot;:&quot;&quot;,&quot;camera&quot;:&quot;iPhone 15 Plus&quot;,&quot;caption&quot;:&quot;&quot;,&quot;created_timestamp&quot;:&quot;1770810027&quot;,&quot;copyright&quot;:&quot;&quot;,&quot;focal_length&quot;:&quot;5.96&quot;,&quot;iso&quot;:&quot;125&quot;,&quot;shutter_speed&quot;:&quot;0.02&quot;,&quot;title&quot;:&quot;&quot;,&quot;orientation&quot;:&quot;1&quot;}\" data-image-title=\"BC, Ane\u0301mones bleues et blanches, 1995, huile, 26 x 36 cm\" data-image-description=\"\" data-image-caption=\"\" data-medium-file=\"https:\/\/i0.wp.com\/alaincardenas.com\/blog\/wp-content\/uploads\/2026\/02\/BC-Anemones-bleues-et-blanches-1995-huile-26-x-36-cm.jpg?fit=300%2C244&amp;ssl=1\" data-large-file=\"https:\/\/i0.wp.com\/alaincardenas.com\/blog\/wp-content\/uploads\/2026\/02\/BC-Anemones-bleues-et-blanches-1995-huile-26-x-36-cm.jpg?fit=584%2C475&amp;ssl=1\" decoding=\"async\" loading=\"lazy\" src=\"https:\/\/i0.wp.com\/alaincardenas.com\/blog\/wp-content\/uploads\/2026\/02\/BC-Anemones-bleues-et-blanches-1995-huile-26-x-36-cm.jpg?resize=369%2C300&#038;ssl=1\" alt=\"\" class=\"wp-image-9398\" width=\"369\" height=\"300\" srcset=\"https:\/\/i0.wp.com\/alaincardenas.com\/blog\/wp-content\/uploads\/2026\/02\/BC-Anemones-bleues-et-blanches-1995-huile-26-x-36-cm.jpg?w=738&amp;ssl=1 738w, https:\/\/i0.wp.com\/alaincardenas.com\/blog\/wp-content\/uploads\/2026\/02\/BC-Anemones-bleues-et-blanches-1995-huile-26-x-36-cm.jpg?resize=300%2C244&amp;ssl=1 300w, https:\/\/i0.wp.com\/alaincardenas.com\/blog\/wp-content\/uploads\/2026\/02\/BC-Anemones-bleues-et-blanches-1995-huile-26-x-36-cm.jpg?resize=369%2C300&amp;ssl=1 369w\" sizes=\"(max-width: 369px) 100vw, 369px\" data-recalc-dims=\"1\" \/><\/a><\/figure><\/div>\n\n\n<hr class=\"wp-block-separator has-alpha-channel-opacity\"\/>\n\n\n\n<p><strong>5<\/strong>. <em>An\u00e9mones bleues et blanches<\/em> (1995), huile sur papier, 26 x 36 cm<\/p>\n\n\n\n<p>\u84dd\u8272\u548c\u767d\u8272\u7684\u94f6\u83b2\u82b1\uff0c1995\u5e74 &#8211; \u7eb8\u4e0a\u6cb9\u753b\uff0c26 x 36 \u5398\u7c73<\/p>\n\n\n\n<hr class=\"wp-block-separator has-alpha-channel-opacity\"\/>\n\n\n<div class=\"wp-block-image\">\n<figure class=\"aligncenter size-full is-resized\"><a href=\"https:\/\/i0.wp.com\/alaincardenas.com\/blog\/wp-content\/uploads\/2026\/02\/BC-Hortensias-et-bouteilles-noires-au-fond-vert-1990-huile-35-x-53-cm.jpg?ssl=1\"><img data-attachment-id=\"9401\" data-permalink=\"https:\/\/alaincardenas.com\/blog\/les-polychromies-de-bernard-cathelin-face-a-lasie-peintures-et-lithographies\/bc-hortensias-et-bouteilles-noires-au-fond-vert-1990-huile-35-x-53-cm\/\" data-orig-file=\"https:\/\/i0.wp.com\/alaincardenas.com\/blog\/wp-content\/uploads\/2026\/02\/BC-Hortensias-et-bouteilles-noires-au-fond-vert-1990-huile-35-x-53-cm.jpg?fit=800%2C542&amp;ssl=1\" data-orig-size=\"800,542\" data-comments-opened=\"0\" data-image-meta=\"{&quot;aperture&quot;:&quot;1.6&quot;,&quot;credit&quot;:&quot;&quot;,&quot;camera&quot;:&quot;iPhone 15 Plus&quot;,&quot;caption&quot;:&quot;&quot;,&quot;created_timestamp&quot;:&quot;1770810047&quot;,&quot;copyright&quot;:&quot;&quot;,&quot;focal_length&quot;:&quot;5.96&quot;,&quot;iso&quot;:&quot;125&quot;,&quot;shutter_speed&quot;:&quot;0.02&quot;,&quot;title&quot;:&quot;&quot;,&quot;orientation&quot;:&quot;1&quot;}\" data-image-title=\"BC, Hortensias et bouteilles noires au fond vert, 1990, huile, 35 x 53 cm\" data-image-description=\"\" data-image-caption=\"\" data-medium-file=\"https:\/\/i0.wp.com\/alaincardenas.com\/blog\/wp-content\/uploads\/2026\/02\/BC-Hortensias-et-bouteilles-noires-au-fond-vert-1990-huile-35-x-53-cm.jpg?fit=300%2C203&amp;ssl=1\" data-large-file=\"https:\/\/i0.wp.com\/alaincardenas.com\/blog\/wp-content\/uploads\/2026\/02\/BC-Hortensias-et-bouteilles-noires-au-fond-vert-1990-huile-35-x-53-cm.jpg?fit=584%2C396&amp;ssl=1\" decoding=\"async\" loading=\"lazy\" src=\"https:\/\/i0.wp.com\/alaincardenas.com\/blog\/wp-content\/uploads\/2026\/02\/BC-Hortensias-et-bouteilles-noires-au-fond-vert-1990-huile-35-x-53-cm.jpg?resize=400%2C271&#038;ssl=1\" alt=\"\" class=\"wp-image-9401\" width=\"400\" height=\"271\" srcset=\"https:\/\/i0.wp.com\/alaincardenas.com\/blog\/wp-content\/uploads\/2026\/02\/BC-Hortensias-et-bouteilles-noires-au-fond-vert-1990-huile-35-x-53-cm.jpg?w=800&amp;ssl=1 800w, https:\/\/i0.wp.com\/alaincardenas.com\/blog\/wp-content\/uploads\/2026\/02\/BC-Hortensias-et-bouteilles-noires-au-fond-vert-1990-huile-35-x-53-cm.jpg?resize=300%2C203&amp;ssl=1 300w, https:\/\/i0.wp.com\/alaincardenas.com\/blog\/wp-content\/uploads\/2026\/02\/BC-Hortensias-et-bouteilles-noires-au-fond-vert-1990-huile-35-x-53-cm.jpg?resize=768%2C520&amp;ssl=1 768w, https:\/\/i0.wp.com\/alaincardenas.com\/blog\/wp-content\/uploads\/2026\/02\/BC-Hortensias-et-bouteilles-noires-au-fond-vert-1990-huile-35-x-53-cm.jpg?resize=443%2C300&amp;ssl=1 443w\" sizes=\"(max-width: 400px) 100vw, 400px\" data-recalc-dims=\"1\" \/><\/a><\/figure><\/div>\n\n\n<hr class=\"wp-block-separator has-alpha-channel-opacity\"\/>\n\n\n\n<p>6. <em>Hortensias et bouteilles noires au fond vert<\/em> (1990), huile sur papier, 35 x 53 cm<\/p>\n\n\n\n<p>\u7eff\u5e95\u7684\u7ee3\u7403\u82b1\u548c\u9ed1\u8272\u74f6\u5b50\uff0c1990\u5e74 &#8211; \u7eb8\u4e0a\u6cb9\u753b\uff0c35 x 53 \u5398\u7c73<\/p>\n\n\n\n<hr class=\"wp-block-separator has-alpha-channel-opacity\"\/>\n\n\n<div class=\"wp-block-image\">\n<figure class=\"aligncenter size-full is-resized\"><a href=\"https:\/\/i0.wp.com\/alaincardenas.com\/blog\/wp-content\/uploads\/2026\/02\/Bouquet-rouge-au-fond-gris-1995-huile-65-x-42-cm.jpg?ssl=1\"><img data-attachment-id=\"9405\" data-permalink=\"https:\/\/alaincardenas.com\/blog\/les-polychromies-de-bernard-cathelin-face-a-lasie-peintures-et-lithographies\/bouquet-rouge-au-fond-gris-1995-huile-65-x-42-cm\/\" data-orig-file=\"https:\/\/i0.wp.com\/alaincardenas.com\/blog\/wp-content\/uploads\/2026\/02\/Bouquet-rouge-au-fond-gris-1995-huile-65-x-42-cm.jpg?fit=500%2C768&amp;ssl=1\" data-orig-size=\"500,768\" data-comments-opened=\"0\" data-image-meta=\"{&quot;aperture&quot;:&quot;1.6&quot;,&quot;credit&quot;:&quot;&quot;,&quot;camera&quot;:&quot;iPhone 15 Plus&quot;,&quot;caption&quot;:&quot;&quot;,&quot;created_timestamp&quot;:&quot;1770810059&quot;,&quot;copyright&quot;:&quot;&quot;,&quot;focal_length&quot;:&quot;5.96&quot;,&quot;iso&quot;:&quot;80&quot;,&quot;shutter_speed&quot;:&quot;0.02&quot;,&quot;title&quot;:&quot;&quot;,&quot;orientation&quot;:&quot;1&quot;}\" data-image-title=\"Bouquet rouge au fond gris, 1995, huile, 65 x 42 cm\" data-image-description=\"\" data-image-caption=\"\" data-medium-file=\"https:\/\/i0.wp.com\/alaincardenas.com\/blog\/wp-content\/uploads\/2026\/02\/Bouquet-rouge-au-fond-gris-1995-huile-65-x-42-cm.jpg?fit=195%2C300&amp;ssl=1\" data-large-file=\"https:\/\/i0.wp.com\/alaincardenas.com\/blog\/wp-content\/uploads\/2026\/02\/Bouquet-rouge-au-fond-gris-1995-huile-65-x-42-cm.jpg?fit=500%2C768&amp;ssl=1\" decoding=\"async\" loading=\"lazy\" src=\"https:\/\/i0.wp.com\/alaincardenas.com\/blog\/wp-content\/uploads\/2026\/02\/Bouquet-rouge-au-fond-gris-1995-huile-65-x-42-cm.jpg?resize=250%2C384&#038;ssl=1\" alt=\"\" class=\"wp-image-9405\" width=\"250\" height=\"384\" srcset=\"https:\/\/i0.wp.com\/alaincardenas.com\/blog\/wp-content\/uploads\/2026\/02\/Bouquet-rouge-au-fond-gris-1995-huile-65-x-42-cm.jpg?w=500&amp;ssl=1 500w, https:\/\/i0.wp.com\/alaincardenas.com\/blog\/wp-content\/uploads\/2026\/02\/Bouquet-rouge-au-fond-gris-1995-huile-65-x-42-cm.jpg?resize=195%2C300&amp;ssl=1 195w\" sizes=\"(max-width: 250px) 100vw, 250px\" data-recalc-dims=\"1\" \/><\/a><\/figure><\/div>\n\n\n<hr class=\"wp-block-separator has-alpha-channel-opacity\"\/>\n\n\n\n<p>7. <em>Bouquet rouge au fond gris<\/em> (1995), huile sur papier, 65 x 42 cm<\/p>\n\n\n\n<p>\u7070\u8272\u80cc\u666f\u4e0a\u7684\u7ea2\u8272\u82b1\u675f\uff0c1995\u5e74 &#8211; \u7eb8\u672c\u6cb9\u753b\uff0c65 x 42 \u5398\u7c73<\/p>\n\n\n\n<hr class=\"wp-block-separator has-alpha-channel-opacity\"\/>\n\n\n\n<p class=\"has-text-color\" style=\"color:#af2727\"><strong>El\u00e9ments bibliographiques<\/strong><\/p>\n\n\n\n<ul>\n<li>[Lithographie] <em>\u00c0 m\u00eame la pierre, Fernand Mourlot lithographe<\/em>.&nbsp;Paris&nbsp;: Pierre Bordas&nbsp;&amp; Fils \u00e9diteurs, 1982<\/li>\n\n\n\n<li><em>Cinquante ann\u00e9es de lithographie<\/em>. Paris&nbsp;: Pierre Bordas &amp; Fils \u00e9diteurs, 1983<\/li>\n\n\n\n<li>Michel Mourlet, <em>D&rsquo;Exil et de Mort<\/em>. Paris&nbsp;: La Table Ronde, 1962.<\/li>\n\n\n\n<li>Michel Mourlet,&nbsp;<em>Une Vie en libert\u00e9<\/em>, Paris&nbsp;: \u00c9d. S\u00e9guier, 2016. Romans de cet \u00e9l\u00e8ve de Cathelin.<\/li>\n\n\n\n<li>Roger Passeron,&nbsp;<em>Cathelin lithographe<\/em>, 1957-1982&nbsp;; texte de Roger Passeron et Nicole de Pontcharra&nbsp;; texte de&nbsp;Fernand Mourlot,&nbsp;<a href=\"https:\/\/fr.wikipedia.org\/wiki\/Nice\"><\/a> Ed. de Francony, 1987. Index des \u0153uvres. Textes en fran\u00e7ais, anglais et japonais<\/li>\n<\/ul>\n\n\n\n<p>Il existe plusieurs volumes relatifs \u00e0 l\u2019\u0153uvre lithographique de Cathelin.<\/p>\n","protected":false},"excerpt":{"rendered":"<p>THE POLYCHROMES OF BERNARD CATHELIN IN THE FACE OF ASIA.PAINTINGS AND LITHOGRAPHS \u4f2f\u7eb3\u5fb7\u00b7\u5361\u7279\u5170\u7684\u591a\u5f69\u4f5c\u54c1\u9762\u5bf9\u4e9a\u6d32\uff1a\u753b\u4f5c\u4e0e\u77f3\u7248\u753b par Christophe Comentale [Texte en versions fran\u00e7aise, anglaise et chinoise &#8211; text in French, English and Chinese versions &#8211; \u6cd5\u8bed\u3001\u82f1\u8bed\u548c\u4e2d\u6587\u7ffb\u8bd1\u7684\u6587\u672c] Bernard Cathelin (1919-2004, Paris) left his mark &hellip; <a href=\"https:\/\/alaincardenas.com\/blog\/les-polychromies-de-bernard-cathelin-face-a-lasie-peintures-et-lithographies\/\">Continuer la lecture <span class=\"meta-nav\">&rarr;<\/span><\/a><\/p>\n","protected":false},"author":1,"featured_media":0,"comment_status":"closed","ping_status":"closed","sticky":false,"template":"","format":"standard","meta":{"sfsi_plus_gutenberg_text_before_share":"","sfsi_plus_gutenberg_show_text_before_share":"","sfsi_plus_gutenberg_icon_type":"","sfsi_plus_gutenberg_icon_alignemt":"","sfsi_plus_gutenburg_max_per_row":"","jetpack_post_was_ever_published":false,"_jetpack_newsletter_access":"","_jetpack_newsletter_tier_id":0,"jetpack_publicize_message":"","jetpack_is_tweetstorm":false,"jetpack_publicize_feature_enabled":true,"jetpack_social_post_already_shared":true,"jetpack_social_options":{"image_generator_settings":{"template":"highway","enabled":false}}},"categories":[41,42,1,22],"tags":[32,46,9,35],"jetpack_publicize_connections":[],"jetpack_featured_media_url":"","jetpack_sharing_enabled":true,"jetpack_shortlink":"https:\/\/wp.me\/p8Mijt-2ry","jetpack_likes_enabled":true,"jetpack-related-posts":[{"id":9523,"url":"https:\/\/alaincardenas.com\/blog\/objets-et-collections-11-un-encrier-de-latelier-odetta\/","url_meta":{"origin":9396,"position":0},"title":"OBJETS ET COLLECTIONS (11). UN ENCRIER DE L\u2019ATELIER ODETTA","author":"admin","date":"2026-03-31","format":false,"excerpt":"par Christophe Comentale Une acquisition r\u00e9cente, celle d\u2019un encrier en gr\u00e8s de forme octogonale, une pi\u00e8ce produite dans un atelier breton vers les ann\u00e9es 1920, remet au go\u00fbt du jour l\u2019influence esth\u00e9tique et culturelle de cette r\u00e9gion. \u7802\u5ca9\u58a8\u6c34\u74f6\uff0c\u5927\u7ea6\u4e00\u767e\u5e74\u524d\uff0c\u53731920\u5e74\u5de6\u53f3\uff0c\u5728\u4e00\u4e2a\u8457\u540d\u4f5c\u574a\u5236\u4f5c\u7684\u3002 \u5728\u5e03\u5217\u5854\u5c3c\u7684\u574e\u4f69\u5c14\u5e02\uff0c\u9676\u827a\u5bb6\u5112\u52d2\u00b7\u97e6\u5c14\u6797\u683c\u63a5\u624b\u4e86\u4e00\u5bb6\u5236\u9020\u9676\u74f7\u5236\u54c1\u7684\u5de5\u5382\u3002\u6b63\u662f\u5728\u8fd9\u4e2a\u5730\u65b9\uff0c\u4ed6\u5e0c\u671b\u5f7b\u5e95\u9769\u65b0\u574e\u4f69\u5c14\u7684\u751f\u4ea7\u3002\u4ed6\u968f\u540e\u5f00\u59cb\u5236\u4f5c\u88c5\u9970\u6027\u7684\u77f3\u5668\uff0c\u8fd9\u4e9b\u77f3\u5668\u53d7\u5230\u5962\u4f88\u5ba2\u6237\u7fa4\u7684\u6b22\u8fce\u3002\u4ed6\u5c06\u6210\u4e3a\u574e\u4f69\u5c14\u9676\u74f7\u6700\u5f15\u4eba\u6ce8\u76ee\u7684\u521b\u4f5c\u4e4b\u4e00\u7684\u521b\u59cb\u4eba\uff1a\u9ad8\u6e29\u827a\u672f\u77f3\u5668\u201c\u5965\u9edb\u5854\u201d\u3002 [abstract en chinois et article en fran\u00e7ais] Ci-dessus, de gauche \u00e0\u2026","rel":"","context":"Dans &quot;Asie&quot;","block_context":{"text":"Asie","link":"https:\/\/alaincardenas.com\/blog\/category\/asie\/"},"img":{"alt_text":"","src":"https:\/\/i0.wp.com\/alaincardenas.com\/blog\/wp-content\/uploads\/2026\/03\/Encrier-Odetta-acq.-mars-26.jpg?resize=350%2C200&ssl=1","width":350,"height":200},"classes":[]},{"id":6975,"url":"https:\/\/alaincardenas.com\/blog\/daniel-nadaud-me-fait-parfois-penser-a-odilon-redon\/","url_meta":{"origin":9396,"position":1},"title":"Daniel Nadaud me fait \u2014 parfois \u2014 penser \u00e0 Odilon Redon","author":"admin","date":"2023-04-23","format":false,"excerpt":"par Christophe Comentale Au fil des tr\u00e8s nombreuses manifestations et publications qui ont c\u00e9l\u00e9br\u00e9 l\u2019activit\u00e9 cr\u00e9atrice de Daniel Nadaud, force \u00e9tait de lancer un \u00e9cho, f\u00fbt-il modeste, \u00e0 ces actions multiples. On note chez Redon (1840, Bordeaux\u00a0-1916, Paris), un d\u00e9pouillement, une constance, jugul\u00e9e et ma\u00eetris\u00e9e, tandis que chez Daniel Nadaud\u2026","rel":"","context":"Dans &quot;Europe&quot;","block_context":{"text":"Europe","link":"https:\/\/alaincardenas.com\/blog\/category\/europe\/"},"img":{"alt_text":"","src":"https:\/\/i0.wp.com\/alaincardenas.com\/blog\/wp-content\/uploads\/2023\/04\/0-LOYTORETKELLA.jpg?resize=350%2C200&ssl=1","width":350,"height":200},"classes":[]},{"id":9297,"url":"https:\/\/alaincardenas.com\/blog\/pour-une-nouvelle-figuration-libre-six-oeuvres-inedites-de-g-ouchot\/","url_meta":{"origin":9396,"position":2},"title":"POUR UNE NOUVELLE FIGURATION LIBRE\u00a0: SIX \u0152UVRES INEDITES DE G. OUCHOT","author":"admin","date":"2025-12-11","format":false,"excerpt":"par Christophe Comentale \u00ab \u2026 PRESENTER LE QUOTIDIEN EN L'ETAT, EN ADOPTANT UNE POSITION MOYENNE ENTRE SCENARIO, REALITE ET DOCUMENTAIRE \u2026\u00a0\u00bb Contrairement \u00e0 cette d\u00e9finition du n\u00e9or\u00e9alisme mise en exergue ci-dessus, donner une d\u00e9finition pr\u00e9cise et quelque peu exhaustive de la figuration libre est chose peu ais\u00e9e, voire impossible. L\u2019impossible\u2026","rel":"","context":"Dans &quot;Europe&quot;","block_context":{"text":"Europe","link":"https:\/\/alaincardenas.com\/blog\/category\/europe\/"},"img":{"alt_text":"","src":"https:\/\/i0.wp.com\/alaincardenas.com\/blog\/wp-content\/uploads\/2025\/12\/01.-2025.-Couple-gouache-89-x-65-cm.jpg?resize=350%2C200&ssl=1","width":350,"height":200},"classes":[]},{"id":3241,"url":"https:\/\/alaincardenas.com\/blog\/figurations-%c2%b1-68-le-monde-visuel-de-la-french-theory-de-sarah-wilson\/","url_meta":{"origin":9396,"position":3},"title":"\u00ab Figurations \u00b1 68 \u2013 Le monde visuel de la French Theory \u00bb de Sarah Wilson","author":"admin","date":"2019-03-06","format":false,"excerpt":"Nous apprenons que notre consoeur Sarah Wilson sera \u00e0 l'honneur \u00e0 l\u2019occasion de la traduction fran\u00e7aise r\u00e9cente de son ouvrage, Figurations \u00b1 68 \u2013 Le monde visuel de la French Theory. Le Centre national des arts plastiques et la Biblioth\u00e8que Kandinsky du Mus\u00e9e national d'art moderne\/CCI, Centre Pompidou invitent \u00e0\u2026","rel":"","context":"Dans &quot;Europe&quot;","block_context":{"text":"Europe","link":"https:\/\/alaincardenas.com\/blog\/category\/europe\/"},"img":{"alt_text":"","src":"","width":0,"height":0},"classes":[]},{"id":8591,"url":"https:\/\/alaincardenas.com\/blog\/de-la-diversite-des-creations-danatole-riecke-maitre-verrier\/","url_meta":{"origin":9396,"position":4},"title":"DE LA DIVERSITE DES CREATIONS D\u2019ANATOLE RIECKE, MAITRE VERRIER","author":"admin","date":"2024-12-09","format":false,"excerpt":"\u5173\u4e8e\u963f\u7eb3\u6258\u5c14\u00b7\u91cc\u514b\u73bb\u7483\u5927\u5e08\u521b\u4f5c\u7684\u591a\u6837\u6027 par Christophe Comentale et Alain Cardenas-Castro \u00a0\u963f\u7eb3\u6258\u5c14\u00b7\u91cc\u514b \uff08Anatole Riecke\uff09 \u662f\u4e00\u4f4d\u73bb\u7483\u5927\u5e08\uff0c\u4ed6\u5728 30 \u5e74\u4ee3\u4e3a\u4f4d\u4e8e\u8499\u5e15\u7eb3\u65af\u533a\u7684\u8457\u540d\u5df4\u9ece\u5c0f\u9152\u9986 La Coupole \u5236\u4f5c\u4e86\u5927\u91cf\u4f5c\u54c1\uff0c\u4ece\u800c\uff08\u91cd\u65b0\uff09\u53d1\u73b0\u4e86\u4ed6\u7684\u4f5c\u54c1\uff0c\u8fd9\u8868\u660e\u54c1\u5473\u7684\u6ce2\u52a8\u662f\u591a\u4e48\u96be\u4ee5\u63a7\u5236 - \u5e78\u8fd0\u7684\u662f - \u96be\u4ee5\u63a7\u5236\u3002 La (re)d\u00e9couverte de la cr\u00e9ation d\u2019Anatole Riecke ma\u00eetre verrier qui s\u2019est notamment illustr\u00e9 en ex\u00e9cutant dans les ann\u00e9es 30 un important nombre de pi\u00e8ces pour la brasserie parisienne de La\u2026","rel":"","context":"Dans &quot;Europe&quot;","block_context":{"text":"Europe","link":"https:\/\/alaincardenas.com\/blog\/category\/europe\/"},"img":{"alt_text":"","src":"https:\/\/i0.wp.com\/alaincardenas.com\/blog\/wp-content\/uploads\/2024\/12\/IMG_9539.jpg?resize=350%2C200&ssl=1","width":350,"height":200,"srcset":"https:\/\/i0.wp.com\/alaincardenas.com\/blog\/wp-content\/uploads\/2024\/12\/IMG_9539.jpg?resize=350%2C200&ssl=1 1x, https:\/\/i0.wp.com\/alaincardenas.com\/blog\/wp-content\/uploads\/2024\/12\/IMG_9539.jpg?resize=525%2C300&ssl=1 1.5x"},"classes":[]},{"id":3078,"url":"https:\/\/alaincardenas.com\/blog\/voyages-a-linterieur-de-ma-vie-ou-carnets-manuscrits-accordeons-des-sept\/","url_meta":{"origin":9396,"position":5},"title":"\u00ab\u00a0Voyages \u00e0 l&rsquo;int\u00e9rieur de ma vie\u00a0\u00bb  ou\u00a0  Carnets, manuscrits, accord\u00e9ons des sept","author":"admin","date":"2019-01-23","format":false,"excerpt":"Exposition du 6 d\u00e9cembre 2018 au 16 f\u00e9vrier 2019,\u00a0Galerie Malebranche\u00a011, rue Malebranche\u00a075005 Paris.\u00a0La galerie est ouverte du mardi au samedi\u00a0de 14h30 \u00e0 19h30 et sur rendez-vous.\u00a006 60 83 12 67 (EH) \/ 06 63 65 92 14\u00a0(MC) par Alain Cardenas-Castro et Christophe Comentale Rien n'est plus \u00e9vident que toutes les\u2026","rel":"","context":"Dans &quot;Compte-rendu&quot;","block_context":{"text":"Compte-rendu","link":"https:\/\/alaincardenas.com\/blog\/category\/compte-rendu\/"},"img":{"alt_text":"","src":"https:\/\/i0.wp.com\/alaincardenas.com\/blog\/wp-content\/uploads\/2019\/01\/Renvois-bibliographiques-2.jpg?resize=350%2C200&ssl=1","width":350,"height":200,"srcset":"https:\/\/i0.wp.com\/alaincardenas.com\/blog\/wp-content\/uploads\/2019\/01\/Renvois-bibliographiques-2.jpg?resize=350%2C200&ssl=1 1x, https:\/\/i0.wp.com\/alaincardenas.com\/blog\/wp-content\/uploads\/2019\/01\/Renvois-bibliographiques-2.jpg?resize=525%2C300&ssl=1 1.5x, https:\/\/i0.wp.com\/alaincardenas.com\/blog\/wp-content\/uploads\/2019\/01\/Renvois-bibliographiques-2.jpg?resize=700%2C400&ssl=1 2x, https:\/\/i0.wp.com\/alaincardenas.com\/blog\/wp-content\/uploads\/2019\/01\/Renvois-bibliographiques-2.jpg?resize=1050%2C600&ssl=1 3x"},"classes":[]}],"_links":{"self":[{"href":"https:\/\/alaincardenas.com\/blog\/wp-json\/wp\/v2\/posts\/9396"}],"collection":[{"href":"https:\/\/alaincardenas.com\/blog\/wp-json\/wp\/v2\/posts"}],"about":[{"href":"https:\/\/alaincardenas.com\/blog\/wp-json\/wp\/v2\/types\/post"}],"author":[{"embeddable":true,"href":"https:\/\/alaincardenas.com\/blog\/wp-json\/wp\/v2\/users\/1"}],"replies":[{"embeddable":true,"href":"https:\/\/alaincardenas.com\/blog\/wp-json\/wp\/v2\/comments?post=9396"}],"version-history":[{"count":10,"href":"https:\/\/alaincardenas.com\/blog\/wp-json\/wp\/v2\/posts\/9396\/revisions"}],"predecessor-version":[{"id":9489,"href":"https:\/\/alaincardenas.com\/blog\/wp-json\/wp\/v2\/posts\/9396\/revisions\/9489"}],"wp:attachment":[{"href":"https:\/\/alaincardenas.com\/blog\/wp-json\/wp\/v2\/media?parent=9396"}],"wp:term":[{"taxonomy":"category","embeddable":true,"href":"https:\/\/alaincardenas.com\/blog\/wp-json\/wp\/v2\/categories?post=9396"},{"taxonomy":"post_tag","embeddable":true,"href":"https:\/\/alaincardenas.com\/blog\/wp-json\/wp\/v2\/tags?post=9396"}],"curies":[{"name":"wp","href":"https:\/\/api.w.org\/{rel}","templated":true}]}}