{"id":9367,"date":"2026-01-13T20:47:17","date_gmt":"2026-01-13T19:47:17","guid":{"rendered":"https:\/\/alaincardenas.com\/blog\/?p=9367"},"modified":"2026-01-13T20:47:23","modified_gmt":"2026-01-13T19:47:23","slug":"de-este-a-oeste","status":"publish","type":"post","link":"https:\/\/alaincardenas.com\/blog\/de-este-a-oeste\/","title":{"rendered":"DE ESTE A OESTE"},"content":{"rendered":"\n<p>ENSAMBLADO DE ALAIN CARDENAS-CASTRO. <strong>TAMBI\u00c9N <\/strong>UN LIBRO DE BIBLIOFILIA Y DE ARTISTA.<\/p>\n\n\n\n<p>Christophe Comentale<\/p>\n\n\n\n<p>Las versiones en franc\u00e9s y chino siguen a la versi\u00f3n en espa\u00f1ol \/ Les versions en fran\u00e7ais et en chinois sont \u00e0 la suite de la version en espagnol \/ \u6cd5\u8bed\u7248\u548c\u4e2d\u6587\u7248\u7d27\u968f\u897f\u73ed\u7259\u8bed\u7248\u4e4b\u540e\u3002<\/p>\n\n\n<div class=\"wp-block-image\">\n<figure class=\"aligncenter size-full\"><a href=\"https:\/\/i0.wp.com\/alaincardenas.com\/blog\/wp-content\/uploads\/2026\/01\/DEST-EN-OUEST-legende-FR.jpg?ssl=1\"><img data-attachment-id=\"9368\" data-permalink=\"https:\/\/alaincardenas.com\/blog\/de-este-a-oeste\/dest-en-ouest-legende-fr\/\" data-orig-file=\"https:\/\/i0.wp.com\/alaincardenas.com\/blog\/wp-content\/uploads\/2026\/01\/DEST-EN-OUEST-legende-FR.jpg?fit=800%2C450&amp;ssl=1\" data-orig-size=\"800,450\" data-comments-opened=\"0\" data-image-meta=\"{&quot;aperture&quot;:&quot;0&quot;,&quot;credit&quot;:&quot;&quot;,&quot;camera&quot;:&quot;&quot;,&quot;caption&quot;:&quot;&quot;,&quot;created_timestamp&quot;:&quot;0&quot;,&quot;copyright&quot;:&quot;&quot;,&quot;focal_length&quot;:&quot;0&quot;,&quot;iso&quot;:&quot;0&quot;,&quot;shutter_speed&quot;:&quot;0&quot;,&quot;title&quot;:&quot;&quot;,&quot;orientation&quot;:&quot;1&quot;}\" data-image-title=\"DEST-EN-OUEST-legende-FR\" data-image-description=\"\" data-image-caption=\"\" data-medium-file=\"https:\/\/i0.wp.com\/alaincardenas.com\/blog\/wp-content\/uploads\/2026\/01\/DEST-EN-OUEST-legende-FR.jpg?fit=300%2C169&amp;ssl=1\" data-large-file=\"https:\/\/i0.wp.com\/alaincardenas.com\/blog\/wp-content\/uploads\/2026\/01\/DEST-EN-OUEST-legende-FR.jpg?fit=584%2C329&amp;ssl=1\" decoding=\"async\" loading=\"lazy\" width=\"584\" height=\"329\" src=\"https:\/\/i0.wp.com\/alaincardenas.com\/blog\/wp-content\/uploads\/2026\/01\/DEST-EN-OUEST-legende-FR.jpg?resize=584%2C329&#038;ssl=1\" alt=\"\" class=\"wp-image-9368\" srcset=\"https:\/\/i0.wp.com\/alaincardenas.com\/blog\/wp-content\/uploads\/2026\/01\/DEST-EN-OUEST-legende-FR.jpg?w=800&amp;ssl=1 800w, https:\/\/i0.wp.com\/alaincardenas.com\/blog\/wp-content\/uploads\/2026\/01\/DEST-EN-OUEST-legende-FR.jpg?resize=300%2C169&amp;ssl=1 300w, https:\/\/i0.wp.com\/alaincardenas.com\/blog\/wp-content\/uploads\/2026\/01\/DEST-EN-OUEST-legende-FR.jpg?resize=768%2C432&amp;ssl=1 768w, https:\/\/i0.wp.com\/alaincardenas.com\/blog\/wp-content\/uploads\/2026\/01\/DEST-EN-OUEST-legende-FR.jpg?resize=500%2C281&amp;ssl=1 500w\" sizes=\"(max-width: 584px) 100vw, 584px\" data-recalc-dims=\"1\" \/><\/a><\/figure><\/div>\n\n<div class=\"wp-block-image\">\n<figure class=\"aligncenter size-large\"><a href=\"https:\/\/i0.wp.com\/alaincardenas.com\/blog\/wp-content\/uploads\/2026\/01\/couverture-.jpg?ssl=1\"><img data-attachment-id=\"9369\" data-permalink=\"https:\/\/alaincardenas.com\/blog\/de-este-a-oeste\/couverture\/\" data-orig-file=\"https:\/\/i0.wp.com\/alaincardenas.com\/blog\/wp-content\/uploads\/2026\/01\/couverture-.jpg?fit=1280%2C351&amp;ssl=1\" data-orig-size=\"1280,351\" data-comments-opened=\"0\" data-image-meta=\"{&quot;aperture&quot;:&quot;0&quot;,&quot;credit&quot;:&quot;&quot;,&quot;camera&quot;:&quot;&quot;,&quot;caption&quot;:&quot;&quot;,&quot;created_timestamp&quot;:&quot;0&quot;,&quot;copyright&quot;:&quot;&quot;,&quot;focal_length&quot;:&quot;0&quot;,&quot;iso&quot;:&quot;0&quot;,&quot;shutter_speed&quot;:&quot;0&quot;,&quot;title&quot;:&quot;&quot;,&quot;orientation&quot;:&quot;1&quot;}\" data-image-title=\"couverture\" data-image-description=\"\" data-image-caption=\"\" data-medium-file=\"https:\/\/i0.wp.com\/alaincardenas.com\/blog\/wp-content\/uploads\/2026\/01\/couverture-.jpg?fit=300%2C82&amp;ssl=1\" data-large-file=\"https:\/\/i0.wp.com\/alaincardenas.com\/blog\/wp-content\/uploads\/2026\/01\/couverture-.jpg?fit=584%2C160&amp;ssl=1\" decoding=\"async\" loading=\"lazy\" width=\"584\" height=\"160\" src=\"https:\/\/i0.wp.com\/alaincardenas.com\/blog\/wp-content\/uploads\/2026\/01\/couverture-.jpg?resize=584%2C160&#038;ssl=1\" alt=\"\" class=\"wp-image-9369\" srcset=\"https:\/\/i0.wp.com\/alaincardenas.com\/blog\/wp-content\/uploads\/2026\/01\/couverture-.jpg?resize=1024%2C281&amp;ssl=1 1024w, https:\/\/i0.wp.com\/alaincardenas.com\/blog\/wp-content\/uploads\/2026\/01\/couverture-.jpg?resize=300%2C82&amp;ssl=1 300w, https:\/\/i0.wp.com\/alaincardenas.com\/blog\/wp-content\/uploads\/2026\/01\/couverture-.jpg?resize=768%2C211&amp;ssl=1 768w, https:\/\/i0.wp.com\/alaincardenas.com\/blog\/wp-content\/uploads\/2026\/01\/couverture-.jpg?resize=500%2C137&amp;ssl=1 500w, https:\/\/i0.wp.com\/alaincardenas.com\/blog\/wp-content\/uploads\/2026\/01\/couverture-.jpg?w=1280&amp;ssl=1 1280w, https:\/\/i0.wp.com\/alaincardenas.com\/blog\/wp-content\/uploads\/2026\/01\/couverture-.jpg?w=1168&amp;ssl=1 1168w\" sizes=\"(max-width: 584px) 100vw, 584px\" data-recalc-dims=\"1\" \/><\/a><\/figure><\/div>\n\n\n<p><em>De este a oeste<\/em>. Segunda parte de comentarios fuera de Francia. De la serie al ensamblaje, el texto de Christophe Ripa, redactado en diciembre de 2025, ha sido compuesto en Par\u00eds, este mismo mes, por Sun Chengan, director art\u00edstico y tambi\u00e9n autor del ep\u00edlogo de este libro de artista y de di\u00e1logo, con el fin de presentar este ensamblaje, obra de Alain C\u00e1rdenas-Castro, pintor y artista pl\u00e1stico-investigador.<\/p>\n\n\n\n<p>Par\u00eds: Ed. du Fenouil, 2026. 27 ejemplares, de los cuales 5 ejemplares de cabeza contienen una obra original.<\/p>\n\n\n\n<!--more-->\n\n\n\n<p>Investigador y artista pl\u00e1stico, dos t\u00e9rminos un poco alejados, pero no tanto cuando el denominador com\u00fan es la voluntad de crear, de recrear un universo. Un universo que remite tanto a las ra\u00edces familiares como a una est\u00e9tica en la que la originalidad del discurso da vida a las formas y los colores que han permitido declinar una obra para ver de pie, un ensamblaje y un libro de di\u00e1logo, entre creadores y artistas, bastante precioso, para leer sentado&#8230;<\/p>\n\n\n\n<p><strong>GRANDES ESPACIOS<\/strong><\/p>\n\n\n\n<p>Acostumbrado a las pinturas m\u00f3viles, Alain C\u00e1rdenas-Castro es igualmente demandante de espacio, de espacio integral, para una comparaci\u00f3n total con un p\u00fablico amplio amante de una cultura l\u00fadica, de grandes monocromos, pero tambi\u00e9n de espacios-compartimentos, de ensamblajes.<\/p>\n\n\n\n<p>As\u00ed se sit\u00faa Este-Oeste, este ensamblaje que, seg\u00fan el autor, es \u00abuna composici\u00f3n realizada a partir de dos colores, el rojo del fondo y el blanco del dibujo\u00bb. Dos colores simb\u00f3licos que se refieren a mis or\u00edgenes, franc\u00e9s y peruano, y tambi\u00e9n un homenaje a Juan Manuel C\u00e1rdenas Castro, mi padre, que me desaconsejaba utilizar el rojo brillante \u2014el bermell\u00f3n\u2014 en mis pinturas. Juegos l\u00fadicos de formas y contenidos que recorren la superficie mural. Estos cuatro ejes se convierten y componen entonces una tipolog\u00eda y se entremezclan para formar un paisaje imaginario y, a primera vista, abstracto\u00bb.<\/p>\n\n\n\n<p><strong>En el ep\u00edlogo del director art\u00edstico del libro, Sun Chengan recuerda la trayectoria del creador, que solicita placer y conocimientos, incluyendo tanto la pintura mural como la museograf\u00eda.<\/strong><\/p>\n\n\n\n<p>Como explicaba el artista en una entrevista reciente: \u00ab[este] <em>trabajo hace referencia a los signos y los sistemas de escritura, ya sean pictogr\u00e1ficos o tipogr\u00e1ficos. Estos s\u00edmbolos y signos permiten ir y venir sem\u00e1nticamente entre significantes y significados. Paralelamente, el trabajo de muse\u00f3grafo realizado en el Museo del Hombre le llev\u00f3, al igual que a su padre Juan Manuel, a realizar diferentes misiones y trabajos correspondientes a varias profesiones. Primero como documentalista, muse\u00f3grafo en el proyecto de renovaci\u00f3n del nuevo Museo del Hombre y, finalmente, como iniciador de proyectos art\u00edsticos, en particular en 2013-2014,<\/em> <em>Art in situ, un proyecto art\u00edstico ef\u00edmero que consist\u00eda en intervenciones de artistas pl\u00e1sticos en las paredes del museo en obras. [\u00c9l] era, en cierto modo, el director de obra y el comisario interviniente\u00bb.<\/em><\/p>\n\n\n\n<p><strong>PUNTOS ENTRE OESTE Y ESTE<\/strong><\/p>\n\n\n\n<p>Ensamblaje clasificatorio, as\u00ed se puede definir la vasta obra de Alain Cardenas-Castro. Seg\u00fan las est\u00e9ticas que se concentran, chocan, imponen y fijan durante una mirada r\u00e1pida \u2014un vistazo\u2014 o un deslizamiento prolongado de los ojos, nacen y se manifiestan reacciones muy contrarias, incluso contradictorias, ante estos cuarenta fragmentos de vida, cuarenta obras de 30 cent\u00edmetros de alto por 40 cent\u00edmetros de ancho que conforman un conjunto monumental de dos metros treinta por un metro cincuenta, un todo coherente y barroco, misterioso, que remite a las panor\u00e1micas tan apreciadas por su atm\u00f3sfera edificante y envolvente. As\u00ed, en este mundo improbable, una secci\u00f3n trata de las formas animales microsc\u00f3picas, del crecimiento vegetal y mineral que a veces dan lugar a proliferaciones bot\u00e1nicas. En una segunda secci\u00f3n, lo que se clasificar\u00eda en un almac\u00e9n o dep\u00f3sito son las piezas arqueol\u00f3gicas. Elementos dispersos procedentes de las culturas del antiguo Per\u00fa. Al flujo y la abundancia percibidos en un primer momento le sigue un orden, una disposici\u00f3n estrat\u00e9gica que sintetiza un hogar de reflexi\u00f3n y pr\u00e1ctica art\u00edstica. As\u00ed se evocan grandes temas fundamentales: el lleno y el vac\u00edo (E8, E5, B4 A4), las asociaciones minerales (B5-B6;<\/p>\n\n\n\n<p>B5-C5-B 6-C6; E3-E4, etc.) o naturalistas, sublimadas por flores de complejidad floreciente (A1-A2; A4-A5), sin olvidar la presencia de la monta\u00f1a, que se declina en picos y cumbres (E3-E4). Los elementos arqueol\u00f3gicos \u2014China y Per\u00fa est\u00e1n muy presentes\u2014 recuerdan que un creador debe saber orientarse en una abundancia documental, sea cual sea su enfoque.<\/p>\n\n\n\n<p><strong>OBRA PROTOTIPO<\/strong><\/p>\n\n\n\n<p>S\u00edntesis de un trabajo y de varias d\u00e9cadas de investigaci\u00f3n, la pintura mural de Alain C\u00e1rdenas-Castro se desarrolla, tentacular, en Per\u00fa, China o Francia. Como cualquier ensamblaje, puede multiplicarse en un n\u00famero infinito de paneles, de diversos tama\u00f1os, adaptables a la arquitectura como a cualquier composici\u00f3n en fresco. Un nuevo universalismo, victorioso y abierto, se presenta ante nosotros, elemento de un para\u00edso por descubrir en las pr\u00f3ximas exposiciones que tendr\u00e1n lugar en Francia, China y Per\u00fa.<\/p>\n\n\n\n<p>Continuar\u00e1&#8230;<\/p>\n\n\n\n<p><strong>PUBLICACIONES RELACIONADAS<\/strong><\/p>\n\n\n\n<ul>\n<li>Alain Cardenas-Castro. <em>De la s\u00e9rie.<\/em> <em>Narration centre et p\u00e9riph\u00e9rie. Propos doubl\u00e9s.<\/em> Paris&nbsp;: Ed. du Fenouil, 2024<\/li>\n\n\n\n<li>SUN Chengan. <a href=\"https:\/\/alaincardenas.com\/blog\/monumentalites-et-assemblages-dans-loeuvre\/\"><em>Monumentalit\u00e9s et assemblages<\/em> <em>dans l\u2019\u0153uvre d\u2019Alain Cardenas-Castro<\/em><\/a><em>.<\/em> In\u00a0: <em>S&amp;AC<\/em>, 19 d\u00e9cembre 2024<\/li>\n\n\n\n<li>Alain Cardenas-Castro. <a href=\"https:\/\/alaincardenas.com\/blog\/le-puma-a-plume-et-autres-motifs-precolombiens-des-dessins-scientifiques-retrouves-dans-latelier-de-juan-manuel-cardenas-castro-lart-de-lancien-perou-enseigne-par-limage\/\"><em>Le puma \u00e0 plume et autres motifs pr\u00e9colombiens<\/em>. Des dessins scientifiques retrouv\u00e9s dans l\u2019atelier de Juan Manuel Cardenas-Castro : l\u2019art de l\u2019Ancien P\u00e9rou enseign\u00e9 par l\u2019image.\u00a0I<\/a>n\u00a0: <em>S&amp;AC<\/em>, 28 f\u00e9vrier 2023.<\/li>\n\n\n\n<li>Marie-Paule Peronnet. <a href=\"https:\/\/alaincardenas.com\/blog\/oeuvres-magiques-et-polychromes-dalain-cardenas-castro-papiers-livres-dartiste-sculptures-et-autres-supports\/\"><em>\u0152uvres magiques et polychromes<\/em> <em>d\u2019Alain Cardenas-Castro. Papiers, livres d\u2019artiste, sculptures et autres supports<\/em><\/a>. In\u00a0: <em>S&amp;AC<\/em>, octobre 2020.<\/li>\n\n\n\n<li>Aain Cardenas-Castro,\u00a0<em><a href=\"https:\/\/alaincardenas.com\/blog\/peintures-murales-de-la-diversite-des-approches-est-ouest\/\">Peintures murales : de la diversit\u00e9 des approches Est \u2013 Ouest\u00a0 <\/a><\/em>In\u00a0:\u00a0<em>S&amp;AC<\/em>, ao\u00fbt 2017.<\/li>\n<\/ul>\n\n\n<div class=\"wp-block-image\">\n<figure class=\"aligncenter size-full\"><a href=\"https:\/\/i0.wp.com\/alaincardenas.com\/blog\/wp-content\/uploads\/2026\/01\/DEST-EN-OUEST-legende-FR.jpg?ssl=1\"><img data-attachment-id=\"9368\" data-permalink=\"https:\/\/alaincardenas.com\/blog\/de-este-a-oeste\/dest-en-ouest-legende-fr\/\" data-orig-file=\"https:\/\/i0.wp.com\/alaincardenas.com\/blog\/wp-content\/uploads\/2026\/01\/DEST-EN-OUEST-legende-FR.jpg?fit=800%2C450&amp;ssl=1\" data-orig-size=\"800,450\" data-comments-opened=\"0\" data-image-meta=\"{&quot;aperture&quot;:&quot;0&quot;,&quot;credit&quot;:&quot;&quot;,&quot;camera&quot;:&quot;&quot;,&quot;caption&quot;:&quot;&quot;,&quot;created_timestamp&quot;:&quot;0&quot;,&quot;copyright&quot;:&quot;&quot;,&quot;focal_length&quot;:&quot;0&quot;,&quot;iso&quot;:&quot;0&quot;,&quot;shutter_speed&quot;:&quot;0&quot;,&quot;title&quot;:&quot;&quot;,&quot;orientation&quot;:&quot;1&quot;}\" data-image-title=\"DEST-EN-OUEST-legende-FR\" data-image-description=\"\" data-image-caption=\"\" data-medium-file=\"https:\/\/i0.wp.com\/alaincardenas.com\/blog\/wp-content\/uploads\/2026\/01\/DEST-EN-OUEST-legende-FR.jpg?fit=300%2C169&amp;ssl=1\" data-large-file=\"https:\/\/i0.wp.com\/alaincardenas.com\/blog\/wp-content\/uploads\/2026\/01\/DEST-EN-OUEST-legende-FR.jpg?fit=584%2C329&amp;ssl=1\" decoding=\"async\" loading=\"lazy\" width=\"584\" height=\"329\" src=\"https:\/\/i0.wp.com\/alaincardenas.com\/blog\/wp-content\/uploads\/2026\/01\/DEST-EN-OUEST-legende-FR.jpg?resize=584%2C329&#038;ssl=1\" alt=\"\" class=\"wp-image-9368\" srcset=\"https:\/\/i0.wp.com\/alaincardenas.com\/blog\/wp-content\/uploads\/2026\/01\/DEST-EN-OUEST-legende-FR.jpg?w=800&amp;ssl=1 800w, https:\/\/i0.wp.com\/alaincardenas.com\/blog\/wp-content\/uploads\/2026\/01\/DEST-EN-OUEST-legende-FR.jpg?resize=300%2C169&amp;ssl=1 300w, https:\/\/i0.wp.com\/alaincardenas.com\/blog\/wp-content\/uploads\/2026\/01\/DEST-EN-OUEST-legende-FR.jpg?resize=768%2C432&amp;ssl=1 768w, https:\/\/i0.wp.com\/alaincardenas.com\/blog\/wp-content\/uploads\/2026\/01\/DEST-EN-OUEST-legende-FR.jpg?resize=500%2C281&amp;ssl=1 500w\" sizes=\"(max-width: 584px) 100vw, 584px\" data-recalc-dims=\"1\" \/><\/a><\/figure><\/div>\n\n<div class=\"wp-block-image\">\n<figure class=\"aligncenter size-large\"><a href=\"https:\/\/i0.wp.com\/alaincardenas.com\/blog\/wp-content\/uploads\/2026\/01\/couverture-.jpg?ssl=1\"><img data-attachment-id=\"9369\" data-permalink=\"https:\/\/alaincardenas.com\/blog\/de-este-a-oeste\/couverture\/\" data-orig-file=\"https:\/\/i0.wp.com\/alaincardenas.com\/blog\/wp-content\/uploads\/2026\/01\/couverture-.jpg?fit=1280%2C351&amp;ssl=1\" data-orig-size=\"1280,351\" data-comments-opened=\"0\" data-image-meta=\"{&quot;aperture&quot;:&quot;0&quot;,&quot;credit&quot;:&quot;&quot;,&quot;camera&quot;:&quot;&quot;,&quot;caption&quot;:&quot;&quot;,&quot;created_timestamp&quot;:&quot;0&quot;,&quot;copyright&quot;:&quot;&quot;,&quot;focal_length&quot;:&quot;0&quot;,&quot;iso&quot;:&quot;0&quot;,&quot;shutter_speed&quot;:&quot;0&quot;,&quot;title&quot;:&quot;&quot;,&quot;orientation&quot;:&quot;1&quot;}\" data-image-title=\"couverture\" data-image-description=\"\" data-image-caption=\"\" data-medium-file=\"https:\/\/i0.wp.com\/alaincardenas.com\/blog\/wp-content\/uploads\/2026\/01\/couverture-.jpg?fit=300%2C82&amp;ssl=1\" data-large-file=\"https:\/\/i0.wp.com\/alaincardenas.com\/blog\/wp-content\/uploads\/2026\/01\/couverture-.jpg?fit=584%2C160&amp;ssl=1\" decoding=\"async\" loading=\"lazy\" width=\"584\" height=\"160\" src=\"https:\/\/i0.wp.com\/alaincardenas.com\/blog\/wp-content\/uploads\/2026\/01\/couverture-.jpg?resize=584%2C160&#038;ssl=1\" alt=\"\" class=\"wp-image-9369\" srcset=\"https:\/\/i0.wp.com\/alaincardenas.com\/blog\/wp-content\/uploads\/2026\/01\/couverture-.jpg?resize=1024%2C281&amp;ssl=1 1024w, https:\/\/i0.wp.com\/alaincardenas.com\/blog\/wp-content\/uploads\/2026\/01\/couverture-.jpg?resize=300%2C82&amp;ssl=1 300w, https:\/\/i0.wp.com\/alaincardenas.com\/blog\/wp-content\/uploads\/2026\/01\/couverture-.jpg?resize=768%2C211&amp;ssl=1 768w, https:\/\/i0.wp.com\/alaincardenas.com\/blog\/wp-content\/uploads\/2026\/01\/couverture-.jpg?resize=500%2C137&amp;ssl=1 500w, https:\/\/i0.wp.com\/alaincardenas.com\/blog\/wp-content\/uploads\/2026\/01\/couverture-.jpg?w=1280&amp;ssl=1 1280w, https:\/\/i0.wp.com\/alaincardenas.com\/blog\/wp-content\/uploads\/2026\/01\/couverture-.jpg?w=1168&amp;ssl=1 1168w\" sizes=\"(max-width: 584px) 100vw, 584px\" data-recalc-dims=\"1\" \/><\/a><\/figure><\/div>\n\n\n<p><strong>D\u2019EST EN OUEST<\/strong><\/p>\n\n\n\n<p>UN ASSEMBLAGE D\u2019ALAIN CARDENAS-CASTRO. <strong>AUSSI <\/strong>UN LIVRE DE BIBLIOPHILIE ET D\u2019ARTISTE.<\/p>\n\n\n\n<p>Christophe Comentale<\/p>\n\n\n\n<p><em>D\u2019Est en Ouest<\/em>. Deuxi\u00e8me volet de propos hors hexagone. De la s\u00e9rie \u00e0 l\u2019assemblage, le texte de Christophe Ripa, r\u00e9dig\u00e9 en d\u00e9cembre 2025 a \u00e9t\u00e9 compos\u00e9 \u00e0 Paris, ce mois en cours, par Sun Chengan, directeur artistique et \u00e9galement postfacier de ce livre d\u2019artiste et de dialogue, afin de pr\u00e9senter cet assemblage, travail d\u2019Alain Cardenas-Castro, peintre et plasticien-chercheur.<\/p>\n\n\n\n<p>Paris&nbsp;: Ed. du Fenouil, 2026. 27 ex. dont 5 ex. de t\u00eate contenant une \u0153uvre originale.<\/p>\n\n\n\n<p><strong>&nbsp;<\/strong>Chercheur et plasticien, deux termes un peu \u00e9loign\u00e9s mais pas tant que \u00e7a quand le d\u00e9nominateur commun est une volont\u00e9 de cr\u00e9er, de recr\u00e9er un univers Un univers qui renvoie autant \u00e0 des racines familiales qu\u2019\u00e0 une esth\u00e9tique o\u00f9 l\u2019originalit\u00e9 du propos donne vie aux formes et aux couleurs qui ont permis de d\u00e9cliner une \u0153uvre \u00e0 voir debout, un assemblage et un livre de dialogue, entre cr\u00e9ateurs et artiste, plut\u00f4t pr\u00e9cieux, \u00e0 lire assis \u2026<\/p>\n\n\n\n<p><strong>DES GRANDS ESPACES<\/strong><\/p>\n\n\n\n<p>Coutumier des <em>peintures mobiles<\/em>, Alain Cardenas-Castro est tout autant demandeur d\u2019espace, d\u2019espace int\u00e9gral, pour une mise en regard total aupr\u00e8s d\u2019un public large \u00e9pris d\u2019une culture ludique, de grands monochromes, mais aussi d\u2019espaces-compartiments, des assemblages. Ainsi se situe Est-Ouest, cet assemblage qui, de l\u2019aveu de l\u2019auteur est \u00ab&nbsp;une composition r\u00e9alis\u00e9e \u00e0 partir de deux couleurs, le rouge du fond et le blanc du dessin. Deux couleurs symboliques se rapportant \u00e0 mes origines, fran\u00e7aise et p\u00e9ruvienne, et \u00e9galement un hommage \u00e0 Juan Manuel Cardenas-Castro, mon p\u00e8re, qui me d\u00e9conseillait d\u2019utiliser le rouge \u00e9clatant \u2014 le vermillon \u2014 dans mes peintures. Jeux ludiques des formes et des contenus qui cheminent sur la surface murale. Ces quatre axes deviennent et composent alors une typologie et s\u2019entrem\u00ealent pour former un paysage imaginaire et, \u00e0 premi\u00e8re vue, abstrait&nbsp;\u00bb.<\/p>\n\n\n\n<p><strong>Dans la postface due au directeur artistique du livre, Sun Chengan rappelle le parcours du cr\u00e9ateur, qui sollicite plaisir et connaissances incluant la peinture murale autant que la mus\u00e9ographie.<\/strong><strong><\/strong><\/p>\n\n\n\n<p>Comme l\u2019artiste l\u2019expliquait dans une interview r\u00e9cente&nbsp;: <em>\u00ab&nbsp;<\/em>[ce] <em>travail se r\u00e9f\u00e8re aux signes et aux syst\u00e8mes d\u2019\u00e9critures, qu\u2019ils soient pictographiques ou typographiques. Ces symboles et ces signes permettent des allers et retours s\u00e9mantiques entre signifiants et signifi\u00e9s. Parall\u00e8lement, le travail de mus\u00e9ographe men\u00e9 au Mus\u00e9e de l\u2019Homme, [l\u2019] a amen\u00e9, tout comme [s]on p\u00e8re Juan Manuel, \u00e0 effectuer diff\u00e9rentes missions et travaux correspondant \u00e0 plusieurs m\u00e9tiers. D\u2019abord celui de documentaliste, de mus\u00e9ographe dans le projet de r\u00e9novation du nouveau Mus\u00e9e de l\u2019Homme, enfin comme initiateur de projets artistiques avec notamment en 2013-2014,&nbsp;<\/em><em>Art in situ<\/em><em>, projet artistique \u00e9ph\u00e9m\u00e8re consistant en des interventions d\u2019artistes plasticiens sur les murs du mus\u00e9e en chantier. [Il] \u00e9tai[t] en quelque sorte ma\u00eetre d\u2019\u0153uvre et commissaire intervenant&nbsp;\u00bb.<\/em><\/p>\n\n\n\n<p><strong>DES POINTS ENTRE OUEST ET EST<\/strong><\/p>\n\n\n\n<p>Assemblage classificatoire, tel peut \u00eatre d\u00e9fini la vaste \u0153uvre d\u2019Alain Cardenas-Castro. Selon les esth\u00e9tiques qui vont se concentrer, se percuter et s\u2019imposer, se figer, lors d&rsquo;un regard rapide \u2014 un coup d&rsquo;\u0153il \u2014, ou d&rsquo;un glissement, prolong\u00e9, des yeux, vont na\u00eetre, se manifester, des r\u00e9actions, tr\u00e8s contraires, voire contradictoires, face \u00e0 ces quarante bribes de vie, quarante \u0153uvres de 30 centim\u00e8tres de hauteur sur 40 centim\u00e8tres de largeur constituant un assemblage monumental de deux m\u00e8tres trente sur un m\u00e8tre cinquante, un tout coh\u00e9rent et baroque, myst\u00e9rieux, qui renvoie aux panoramiques si appr\u00e9ci\u00e9s pour leur atmosph\u00e8re \u00e9difiante et enveloppante. Ainsi, dans ce monde improbable, une section traite des formes animales microscopiques, de la croissance v\u00e9g\u00e9tale et min\u00e9rale qui suscitent parfois des foisonnements botaniques. Dans une deuxi\u00e8me section, ce qui serait class\u00e9 dans un magasin ou une r\u00e9serve, ce sont les pi\u00e8ces arch\u00e9ologiques. Des \u00e9l\u00e9ments \u00e9pars issus des cultures de l\u2019ancien P\u00e9rou. Au flux et \u00e0 l&rsquo;abondance d&rsquo;abord per\u00e7us, fait suite un ordre, une mise en place strat\u00e9gique qui synth\u00e9tise un domicile de r\u00e9flexion et de pratique artistique. Ainsi sont \u00e9voqu\u00e9s de grands th\u00e8mes fondamentaux : le plein et le vide (E8, E5, B4 A4), les associations min\u00e9rales (B5\u2013B6 ; B5\u2013C5\u2013B 6\u2013C6 ; E3\u2013E4, \u2026) ou naturalistes, sublim\u00e9es par des fleurs \u00e0 la complexit\u00e9 \u00e9panouie (A1-A2 ; A4-A5), sans omettre la pr\u00e9sence de la montagne qui se d\u00e9cline en pics et sommets (E3-E4). Les \u00e9l\u00e9ments arch\u00e9ologiques \u2014 Chine et P\u00e9rou sont fortement pr\u00e9sents \u2014 rappellent qu&rsquo;un cr\u00e9ateur doit savoir s&rsquo;y retrouver dans une abondance documentaire, quelles que soient son approche.<\/p>\n\n\n\n<p><strong>\u0152UVRE PROTOTYPE<\/strong><\/p>\n\n\n\n<p>Synth\u00e8se d\u2019un travail et de plusieurs d\u00e9cennies de recherches, la peinture murale d\u2019Alain Cardenas-Castro se d\u00e9veloppe, tentaculaire, au P\u00e9rou, en Chine ou en France. Comme pour tout assemblage, elle peut se d\u00e9multiplier en un nombre infini de panneaux, des panneaux de tailles diverses, adaptables \u00e0 l\u2019architecture comme \u00e0 toute composition \u00e0 fresque. Un nouvel universalisme, victorieux et ouvert est face \u00e0 nous, \u00e9l\u00e9ment d\u2019un paradis \u00e0 d\u00e9couvrir lors des prochaines expositions qui auront lieu en France, en Chine et au P\u00e9rou.<\/p>\n\n\n\n<p>A suivre..<\/p>\n\n\n\n<p><strong>PUBLICATIONS CONNEXES<\/strong><\/p>\n\n\n\n<ul>\n<li>Alain Cardenas-Castro. <em>De la s\u00e9rie.<\/em> <em>Narration centre et p\u00e9riph\u00e9rie. Propos doubl\u00e9s.<\/em> Paris&nbsp;: Ed. du Fenouil, 2024<\/li>\n\n\n\n<li>SUN Chengan. <a href=\"https:\/\/alaincardenas.com\/blog\/monumentalites-et-assemblages-dans-loeuvre\/\"><em>Monumentalit\u00e9s et assemblages<\/em> <em>dans l\u2019\u0153uvre d\u2019Alain Cardenas-Castro<\/em><\/a><em>.<\/em> In\u00a0: <em>S&amp;AC<\/em>, 19 d\u00e9cembre 2024<\/li>\n\n\n\n<li>Alain Cardenas-Castro. <a href=\"https:\/\/alaincardenas.com\/blog\/le-puma-a-plume-et-autres-motifs-precolombiens-des-dessins-scientifiques-retrouves-dans-latelier-de-juan-manuel-cardenas-castro-lart-de-lancien-perou-enseigne-par-limage\/\"><em>Le puma \u00e0 plume et autres motifs pr\u00e9colombiens<\/em>. Des dessins scientifiques retrouv\u00e9s dans l\u2019atelier de Juan Manuel Cardenas-Castro : l\u2019art de l\u2019Ancien P\u00e9rou enseign\u00e9 par l\u2019image<\/a>.\u00a0In\u00a0: <em>S&amp;AC<\/em>, 28 f\u00e9vrier 2023.<\/li>\n\n\n\n<li>Marie-Paule Peronnet. <a href=\"https:\/\/alaincardenas.com\/blog\/oeuvres-magiques-et-polychromes-dalain-cardenas-castro-papiers-livres-dartiste-sculptures-et-autres-supports\/\"><em>\u0152uvres magiques et polychromes<\/em> <em>d\u2019Alain Cardenas-Castro. Papiers, livres d\u2019artiste, sculptures et autres supports<\/em><\/a>. In\u00a0: <em>S&amp;AC<\/em>, octobre 2020.<\/li>\n\n\n\n<li>Aain Cardenas-Castro,\u00a0<em><a href=\"https:\/\/alaincardenas.com\/blog\/peintures-murales-de-la-diversite-des-approches-est-ouest\/\">Peintures murales : de la diversit\u00e9 des approches Est \u2013 Ouest\u00a0<\/a> <\/em>In\u00a0:\u00a0<em>S&amp;AC<\/em>, ao\u00fbt 2017.<\/li>\n<\/ul>\n\n\n<div class=\"wp-block-image\">\n<figure class=\"aligncenter size-full\"><a href=\"https:\/\/i0.wp.com\/alaincardenas.com\/blog\/wp-content\/uploads\/2026\/01\/DEST-EN-OUEST-legende-FR.jpg?ssl=1\"><img data-attachment-id=\"9368\" data-permalink=\"https:\/\/alaincardenas.com\/blog\/de-este-a-oeste\/dest-en-ouest-legende-fr\/\" data-orig-file=\"https:\/\/i0.wp.com\/alaincardenas.com\/blog\/wp-content\/uploads\/2026\/01\/DEST-EN-OUEST-legende-FR.jpg?fit=800%2C450&amp;ssl=1\" data-orig-size=\"800,450\" data-comments-opened=\"0\" data-image-meta=\"{&quot;aperture&quot;:&quot;0&quot;,&quot;credit&quot;:&quot;&quot;,&quot;camera&quot;:&quot;&quot;,&quot;caption&quot;:&quot;&quot;,&quot;created_timestamp&quot;:&quot;0&quot;,&quot;copyright&quot;:&quot;&quot;,&quot;focal_length&quot;:&quot;0&quot;,&quot;iso&quot;:&quot;0&quot;,&quot;shutter_speed&quot;:&quot;0&quot;,&quot;title&quot;:&quot;&quot;,&quot;orientation&quot;:&quot;1&quot;}\" data-image-title=\"DEST-EN-OUEST-legende-FR\" data-image-description=\"\" data-image-caption=\"\" data-medium-file=\"https:\/\/i0.wp.com\/alaincardenas.com\/blog\/wp-content\/uploads\/2026\/01\/DEST-EN-OUEST-legende-FR.jpg?fit=300%2C169&amp;ssl=1\" data-large-file=\"https:\/\/i0.wp.com\/alaincardenas.com\/blog\/wp-content\/uploads\/2026\/01\/DEST-EN-OUEST-legende-FR.jpg?fit=584%2C329&amp;ssl=1\" decoding=\"async\" loading=\"lazy\" width=\"584\" height=\"329\" src=\"https:\/\/i0.wp.com\/alaincardenas.com\/blog\/wp-content\/uploads\/2026\/01\/DEST-EN-OUEST-legende-FR.jpg?resize=584%2C329&#038;ssl=1\" alt=\"\" class=\"wp-image-9368\" srcset=\"https:\/\/i0.wp.com\/alaincardenas.com\/blog\/wp-content\/uploads\/2026\/01\/DEST-EN-OUEST-legende-FR.jpg?w=800&amp;ssl=1 800w, https:\/\/i0.wp.com\/alaincardenas.com\/blog\/wp-content\/uploads\/2026\/01\/DEST-EN-OUEST-legende-FR.jpg?resize=300%2C169&amp;ssl=1 300w, https:\/\/i0.wp.com\/alaincardenas.com\/blog\/wp-content\/uploads\/2026\/01\/DEST-EN-OUEST-legende-FR.jpg?resize=768%2C432&amp;ssl=1 768w, https:\/\/i0.wp.com\/alaincardenas.com\/blog\/wp-content\/uploads\/2026\/01\/DEST-EN-OUEST-legende-FR.jpg?resize=500%2C281&amp;ssl=1 500w\" sizes=\"(max-width: 584px) 100vw, 584px\" data-recalc-dims=\"1\" \/><\/a><\/figure><\/div>\n\n\n<figure class=\"wp-block-image size-large\"><a href=\"https:\/\/i0.wp.com\/alaincardenas.com\/blog\/wp-content\/uploads\/2026\/01\/couverture-.jpg?ssl=1\"><img data-attachment-id=\"9369\" data-permalink=\"https:\/\/alaincardenas.com\/blog\/de-este-a-oeste\/couverture\/\" data-orig-file=\"https:\/\/i0.wp.com\/alaincardenas.com\/blog\/wp-content\/uploads\/2026\/01\/couverture-.jpg?fit=1280%2C351&amp;ssl=1\" data-orig-size=\"1280,351\" data-comments-opened=\"0\" data-image-meta=\"{&quot;aperture&quot;:&quot;0&quot;,&quot;credit&quot;:&quot;&quot;,&quot;camera&quot;:&quot;&quot;,&quot;caption&quot;:&quot;&quot;,&quot;created_timestamp&quot;:&quot;0&quot;,&quot;copyright&quot;:&quot;&quot;,&quot;focal_length&quot;:&quot;0&quot;,&quot;iso&quot;:&quot;0&quot;,&quot;shutter_speed&quot;:&quot;0&quot;,&quot;title&quot;:&quot;&quot;,&quot;orientation&quot;:&quot;1&quot;}\" data-image-title=\"couverture\" data-image-description=\"\" data-image-caption=\"\" data-medium-file=\"https:\/\/i0.wp.com\/alaincardenas.com\/blog\/wp-content\/uploads\/2026\/01\/couverture-.jpg?fit=300%2C82&amp;ssl=1\" data-large-file=\"https:\/\/i0.wp.com\/alaincardenas.com\/blog\/wp-content\/uploads\/2026\/01\/couverture-.jpg?fit=584%2C160&amp;ssl=1\" decoding=\"async\" loading=\"lazy\" width=\"584\" height=\"160\" src=\"https:\/\/i0.wp.com\/alaincardenas.com\/blog\/wp-content\/uploads\/2026\/01\/couverture-.jpg?resize=584%2C160&#038;ssl=1\" alt=\"\" class=\"wp-image-9369\" srcset=\"https:\/\/i0.wp.com\/alaincardenas.com\/blog\/wp-content\/uploads\/2026\/01\/couverture-.jpg?resize=1024%2C281&amp;ssl=1 1024w, https:\/\/i0.wp.com\/alaincardenas.com\/blog\/wp-content\/uploads\/2026\/01\/couverture-.jpg?resize=300%2C82&amp;ssl=1 300w, https:\/\/i0.wp.com\/alaincardenas.com\/blog\/wp-content\/uploads\/2026\/01\/couverture-.jpg?resize=768%2C211&amp;ssl=1 768w, https:\/\/i0.wp.com\/alaincardenas.com\/blog\/wp-content\/uploads\/2026\/01\/couverture-.jpg?resize=500%2C137&amp;ssl=1 500w, https:\/\/i0.wp.com\/alaincardenas.com\/blog\/wp-content\/uploads\/2026\/01\/couverture-.jpg?w=1280&amp;ssl=1 1280w, https:\/\/i0.wp.com\/alaincardenas.com\/blog\/wp-content\/uploads\/2026\/01\/couverture-.jpg?w=1168&amp;ssl=1 1168w\" sizes=\"(max-width: 584px) 100vw, 584px\" data-recalc-dims=\"1\" \/><\/a><\/figure>\n\n\n\n<p><strong>\u4ece\u4e1c\u5230\u897f<\/strong><\/p>\n\n\n\n<p>\u963f\u5170\u00b7\u5361\u5fb7\u7eb3\u65af-\u5361\u65af\u7279\u7f57\u7684\u62fc\u8d34\u4f5c\u54c1\u3002<strong>\u540c\u65f6<\/strong>\u4ea6\u662f\u4e00\u90e8\u85cf\u4e66\u5bb6\u4e0e\u827a\u672f\u5bb6\u7684\u8457\u4f5c\u3002<\/p>\n\n\n\n<p>\u514b\u91cc\u65af\u6258\u592b\u00b7\u79d1\u95e8\u5854\u5c14<\/p>\n\n\n\n<p><em>\u4ece\u4e1c\u5230\u897f<\/em>\u3002\u6cd5\u56fd\u672c\u571f\u4e4b\u5916\u7684\u7b2c\u4e8c\u7bc7\u7ae0\u3002\u4ece\u7cfb\u5217\u5230\u7ec4\u5408\uff0c\u514b\u91cc\u65af\u6258\u592b\u00b7\u91cc\u5e15\u4e8e2025\u5e7412\u6708\u64b0\u5199\u7684\u6587\u672c\u7531\u827a\u672f\u603b\u76d1\u5b59\u6210\u5b89\u5728\u672c\u6708\u4e8e\u5df4\u9ece\u5b8c\u6210\u7f16\u5199\uff0c\u4ed6\u540c\u65f6\u4e5f\u662f\u8fd9\u672c\u827a\u672f\u5bb6\u5bf9\u8bdd\u96c6\u7684\u540e\u8bb0\u4f5c\u8005\uff0c\u65e8\u5728\u5448\u73b0\u753b\u5bb6\u517c\u89c6\u89c9\u827a\u672f\u5bb6-\u7814\u7a76\u8005\u963f\u5170\u00b7\u5361\u5fb7\u7eb3\u65af-\u5361\u65af\u7279\u7f57\u7684\u4f5c\u54c1\u7ec4\u5408\u3002<\/p>\n\n\n\n<p>\u5df4\u9ece\uff1a\u8334\u9999\u51fa\u7248\u793e\uff0c2026\u5e74\u3002\u517127\u518c\uff0c\u5176\u4e2d5\u518c\u4e3a\u9996\u7248\uff0c\u5185\u542b\u539f\u521b\u4f5c\u54c1\u3002<\/p>\n\n\n\n<p>\u7814\u7a76\u8005\u4e0e\u89c6\u89c9\u827a\u672f\u5bb6\uff0c \u8fd9\u4e24\u4e2a\u8bcd\u770b\u4f3c\u76f8\u8ddd\u751a\u8fdc\uff0c\u4f46\u5176\u5b9e\u4e0d\u7136\uff0c\u56e0\u4e3a\u5b83\u4eec\u90fd\u6709\u7740\u5171\u540c\u7684\u5206\u6bcd\u2014\u2014\u521b\u9020\u3001\u91cd\u5851\u4e00\u4e2a\u4e16\u754c\u7684\u613f\u671b\u3002\u8fd9\u4e2a\u4e16\u754c\u65e2\u4e0e\u5bb6\u5ead\u6839\u6e90\u606f\u606f\u76f8\u5173\uff0c\u53c8\u4e0e\u4e00\u79cd\u7f8e\u5b66\u7406\u5ff5\u76f8\u547c\u5e94\uff0c\u5176\u72ec\u521b\u6027\u8d4b\u4e88\u4e86\u5f62\u5f0f\u548c\u8272\u5f69\u4ee5\u751f\u547d\uff0c\u4ece\u800c\u50ac\u751f\u51fa\u4e00\u90e8\u53ef\u76f4\u7acb\u89c2\u770b\u7684\u4f5c\u54c1\u3001\u4e00\u90e8\u62fc\u8d34\u4f5c\u54c1\u4ee5\u53ca\u4e00\u672c\u5bf9\u8bdd\u96c6\uff0c\u8bb0\u5f55\u4e86\u521b\u4f5c\u8005\u4e0e\u827a\u672f\u5bb6\u4e4b\u95f4\u7684\u73cd\u8d35\u5bf9\u8bdd\uff0c\u53ef\u5750\u7740\u9605\u8bfb&#8230;&#8230;<\/p>\n\n\n\n<p><strong>\u5e7f\u9614\u7684\u7a7a\u95f4<\/strong><\/p>\n\n\n\n<p>\u963f\u5170\u00b7\u5361\u5fb7\u7eb3\u65af-\u5361\u65af\u7279\u7f57\u60ef\u4e8e\u521b\u4f5c<em>\u79fb\u52a8\u7ed8\u753b<\/em>\uff0c\u4ed6\u540c\u6837\u6e34\u6c42\u7a7a\u95f4\u2014\u2014\u5b8c\u6574\u7684\u7a7a\u95f4\uff0c\u4ee5\u4fbf\u4e0e\u70ed\u7231\u5a31\u4e50\u6587\u5316\u3001\u559c\u7231\u5927\u5c3a\u5bf8\u5355\u8272\u753b\u7684\u5927\u4f17\u8fdb\u884c\u5168\u9762\u4ea4\u6d41\uff0c\u540c\u65f6\u4e5f\u6e34\u6c42\u5206\u9694\u7a7a\u95f4\u548c\u7ec4\u5408\u4f5c\u54c1\u3002\u300a\u4e1c\u897f\u65b9\u300b\u4fbf\u662f\u8fd9\u6837\u4e00\u4ef6\u7ec4\u5408\u4f5c\u54c1\uff0c\u636e\u4f5c\u8005\u6240\u8a00\uff0c\u5b83\u201c\u7531\u4e24\u79cd\u989c\u8272\u6784\u6210\uff1a\u7ea2\u8272\u7684\u80cc\u666f\u548c\u767d\u8272\u7684\u56fe\u6848\u201d\u3002\u8fd9\u4e24\u79cd\u8c61\u5f81\u6027\u8272\u5f69\u65e2\u4e0e\u6211\u7684\u6cd5\u56fd\u548c\u79d8\u9c81\u8840\u7edf\u76f8\u5173\uff0c\u4e5f\u662f\u5bf9\u7236\u4eb2\u80e1\u5b89\u00b7\u66fc\u52aa\u57c3\u5c14\u00b7\u5361\u5fb7\u7eb3\u65af\u00b7\u5361\u65af\u7279\u7f57\u7684\u81f4\u656c\u2014\u2014\u4ed6\u66fe\u529d\u6211\u4e0d\u8981\u5728\u753b\u4f5c\u4e2d\u4f7f\u7528\u9c9c\u8273\u7684\u6731\u7ea2\u8272\u3002\u5f62\u72b6\u548c\u5185\u5bb9\u5728\u5899\u9762\u4e0a\u5b09\u620f\u822c\u5730\u6e38\u8d70\u3002\u8fd9\u56db\u4e2a\u8f74\u5fc3\u76f8\u4e92\u4ea4\u7ec7\uff0c\u5f62\u6210\u4e00\u79cd\u7c7b\u578b\u5b66\uff0c\u6784\u6210\u4e00\u4e2a\u60f3\u8c61\u4e2d\u7684\u3001\u4e4d\u770b\u4e4b\u4e0b\u62bd\u8c61\u7684\u98ce\u666f\u3002<\/p>\n\n\n\n<p><strong>\u5728\u672c\u4e66\u827a\u672f\u603b\u76d1\u64b0\u5199\u7684\u540e\u8bb0\u4e2d\uff0c\u5b59\u6210\u5b89\u56de\u987e\u4e86\u521b\u4f5c\u8005\u7684\u5386\u7a0b\uff0c\u4ed6\u8ffd\u6c42\u4e50\u8da3\u548c\u77e5\u8bc6\uff0c\u6d89\u730e\u9886\u57df\u5305\u62ec\u58c1\u753b\u548c\u535a\u7269\u9986\u5b66\u3002<\/strong><\/p>\n\n\n\n<p>\u6b63\u5982\u827a\u672f\u5bb6\u5728\u6700\u8fd1\u7684\u4e00\u6b21\u91c7\u8bbf\u4e2d\u6240\u89e3\u91ca\u7684\uff1a\u201c<em>\u8fd9\u9879\u5de5\u4f5c\u6d89\u53ca\u7b26\u53f7\u548c\u4e66\u5199\u7cfb\u7edf\uff0c\u65e0\u8bba\u662f\u8c61\u5f62\u6587\u5b57\u8fd8\u662f\u5370\u5237\u6587\u5b57\u3002\u8fd9\u4e9b\u7b26\u53f7\u548c\u6807\u5fd7\u4f7f\u80fd\u4e49\u548c\u6240\u6307\u4e4b\u95f4\u4ea7\u751f\u8bed\u4e49\u4e0a\u7684\u5f80\u8fd4\u8fd0\u52a8\u3002\u4e0e\u6b64\u540c\u65f6\uff0c\u5728\u4eba\u7c7b\u535a\u7269\u9986\u4ece\u4e8b\u7684\u535a\u7269\u9986\u8bbe\u8ba1\u5de5\u4f5c\uff0c\u4f7f\u4ed6\u50cf\u7236\u4eb2\u80e1\u5b89\u00b7\u66fc\u52aa\u57c3\u5c14\u4e00\u6837\uff0c\u627f\u62c5\u4e86\u591a\u4e2a\u804c\u4e1a\u7684\u5404\u79cd\u4efb\u52a1\u548c\u5de5\u4f5c\u3002\u9996\u5148\u662f\u6587\u732e\u7ba1\u7406\u5458\u3001\u65b0\u4eba\u7c7b\u535a\u7269\u9986\u7ffb\u65b0\u9879\u76ee\u7684\u535a\u7269\u9986\u8bbe\u8ba1\u5e08\uff0c\u6700\u540e\u662f\u827a\u672f\u9879\u76ee\u7684\u53d1\u8d77\u4eba\uff0c\u7279\u522b\u662f2013-2014\u5e74\u7684<\/em> <em>Art in situ\uff0c\u8fd9\u662f\u4e00\u4e2a\u77ed\u6682\u7684\u827a\u672f\u9879\u76ee\uff0c\u7531\u89c6\u89c9\u827a\u672f\u5bb6\u5728\u535a\u7269\u9986\u65bd\u5de5\u4e2d\u7684\u5899\u58c1\u4e0a\u8fdb\u884c\u521b\u4f5c\u3002\u67d0\u79cd\u7a0b\u5ea6\u4e0a\uff0c\u4ed6\u65e2\u662f\u9879\u76ee\u8d1f\u8d23\u4eba\uff0c\u4e5f\u662f\u7b56\u5c55\u4eba\u3002<\/em><\/p>\n\n\n\n<p><strong>\u4e1c\u897f\u65b9\u4e4b\u95f4\u7684\u4ea4\u6c47\u70b9<\/strong><\/p>\n\n\n\n<p>\u963f\u5170\u00b7\u5361\u5fb7\u7eb3\u65af-\u5361\u65af\u7279\u7f57\u7684\u5e9e\u5927\u4f5c\u54c1\u53ef\u4ee5\u5b9a\u4e49\u4e3a\u4e00\u79cd\u5206\u7c7b\u7ec4\u5408\u3002\u5f53\u4eba\u4eec\u5306\u5306\u4e00\u77a5\u6216\u76ee\u5149\u6d41\u8fde\u65f6\uff0c\u5404\u79cd\u7f8e\u5b66\u89c2\u5ff5\u4f1a\u96c6\u4e2d\u3001\u78b0\u649e\u3001\u51f8\u663e\u3001\u51dd\u56fa\uff0c\u9762\u5bf9\u8fd9\u56db\u5341\u6bb5\u751f\u6d3b\u7247\u6bb5\uff0c\u4eba\u4eec\u4f1a\u4ea7\u751f\u622a\u7136\u76f8\u53cd\u751a\u81f3\u76f8\u4e92\u77db\u76fe\u7684\u53cd\u5e94\u3002\u56db\u5341\u4ef6\u4f5c\u54c1\u9ad830\u5398\u7c73\u3001\u5bbd40\u5398\u7c73\uff0c\u7ec4\u5408\u6210\u4e24\u7c73\u4e09\u5341\u5bbd\u3001\u4e00\u7c73\u4e94\u5341\u9ad8\u7684\u5de8\u578b\u88c5\u7f6e\uff0c\u6784\u6210\u4e00\u4e2a\u8fde\u8d2f\u800c\u5df4\u6d1b\u514b\u5f0f\u7684\u6574\u4f53\uff0c\u795e\u79d8\u83ab\u6d4b\uff0c\u4ee4\u4eba\u8054\u60f3\u5230\u90a3\u4e9b\u56e0\u5176\u9f13\u821e\u4eba\u5fc3\u3001\u5305\u7f57\u4e07\u8c61\u7684\u6c1b\u56f4\u800c\u5907\u53d7\u63a8\u5d07\u7684\u5168\u666f\u753b\u3002\u5728\u8fd9\u4e2a\u4e0d\u53ef\u601d\u8bae\u7684\u4e16\u754c\u91cc\uff0c\u4e00\u4e2a\u90e8\u5206\u6d89\u53ca\u5fae\u89c2\u52a8\u7269\u5f62\u6001\u3001\u690d\u7269\u548c\u77ff\u7269\u7684\u751f\u957f\uff0c\u6709\u65f6\u4f1a\u5f15\u53d1\u690d\u7269\u5b66\u7684\u84ec\u52c3\u53d1\u5c55\u3002\u5728\u7b2c\u4e8c\u4e2a\u90e8\u5206\uff0c\u90a3\u4e9b\u88ab\u5f52\u7c7b\u4e3a\u5546\u5e97\u6216\u50a8\u5907\u5ba4\u7684\u4e1c\u897f\u662f\u8003\u53e4\u6587\u7269\u3002\u8fd9\u4e9b\u96f6\u6563\u7684\u5143\u7d20\u6765\u81ea\u53e4\u79d8\u9c81\u6587\u5316\u3002\u6700\u521d\u611f\u53d7\u5230\u7684\u6d41\u52a8\u4e0e\u4e30\u9976\u4e4b\u540e\uff0c\u968f\u4e4b\u800c\u6765\u7684\u662f\u79e9\u5e8f\u4e0e\u6218\u7565\u6027\u5e03\u5c40\uff0c\u6784\u6210\u4e86\u601d\u8003\u4e0e\u827a\u672f\u5b9e\u8df5\u7684\u5c45\u6240\u3002\u7531\u6b64\u5f15\u51fa\u4e86\u51e0\u4e2a\u91cd\u8981\u7684\u57fa\u672c\u4e3b\u9898\uff1a\u6ee1\u4e0e\u7a7a\uff08E8\u3001E5\u3001B4 A4\uff09\u3001\u77ff\u7269\u7ec4\u5408\uff08B5\u2013B6\uff1b<\/p>\n\n\n\n<p>B5\u2013C5\u2013B 6\u2013C6\uff1bE3\u2013E4\u7b49\uff09\u6216\u81ea\u7136\u5143\u7d20\uff0c\u8fd9\u4e9b\u5143\u7d20\u901a\u8fc7\u7e41\u590d\u7efd\u653e\u7684\u82b1\u6735\uff08A1-A2\uff1bA4-A5\uff09\u5f97\u4ee5\u5347\u534e\uff0c\u540c\u65f6\u5c71\u5ce6\u7684\u5cf0\u5ce6\u8d77\u4f0f\uff08E3-E4\uff09\u4e5f\u6e05\u6670\u53ef\u89c1\u3002\u8003\u53e4\u5143\u7d20\u2014\u2014\u4e2d\u56fd\u548c\u79d8\u9c81\u7684\u5143\u7d20\u5c24\u4e3a\u7a81\u51fa\u2014\u2014\u63d0\u9192\u7740\u521b\u4f5c\u8005\u65e0\u8bba\u91c7\u7528\u4f55\u79cd\u624b\u6cd5\uff0c\u90fd\u5fc5\u987b\u80fd\u591f\u4ece\u4e30\u5bcc\u7684\u6587\u732e\u8d44\u6599\u4e2d\u627e\u5230\u65b9\u5411\u3002<\/p>\n\n\n\n<p><strong>\u539f\u578b\u4f5c\u54c1<\/strong><\/p>\n\n\n\n<p>\u963f\u5170\u00b7\u5361\u5fb7\u7eb3\u65af-\u5361\u65af\u7279\u7f57\u7684\u58c1\u753b\u4f5c\u54c1\u662f\u6570\u5341\u5e74\u6765\u7814\u7a76\u5de5\u4f5c\u7684\u7ed3\u6676\uff0c\u5728\u79d8\u9c81\u3001\u4e2d\u56fd\u548c\u6cd5\u56fd\u5e7f\u6cdb\u4f20\u64ad\u3002\u4e0e\u6240\u6709\u7ec4\u5408\u4f5c\u54c1\u4e00\u6837\uff0c\u5b83\u53ef\u4ee5\u65e0\u9650\u6269\u5c55\u4e3a\u5404\u79cd\u5c3a\u5bf8\u7684\u753b\u677f\uff0c\u65e2\u53ef\u9002\u5e94\u5efa\u7b51\u7ed3\u6784\uff0c\u4e5f\u53ef\u878d\u5165\u4efb\u4f55\u58c1\u753b\u521b\u4f5c\u3002\u4e00\u79cd\u5d2d\u65b0\u3001\u80dc\u5229\u4e14\u5f00\u653e\u7684\u666e\u4e16\u4e3b\u4e49\u5c55\u73b0\u5728\u6211\u4eec\u9762\u524d\uff0c\u8fd9\u5c06\u6210\u4e3a\u672a\u6765\u5728\u6cd5\u56fd\u3001\u4e2d\u56fd\u548c\u79d8\u9c81\u4e3e\u529e\u7684\u5c55\u89c8\u4e2d\u5f85\u63a2\u7d22\u7684\u5929\u5802\u4e00\u9685\u3002<\/p>\n\n\n\n<p>\u5f85\u7eed&#8230;<\/p>\n\n\n\n<p><strong>\u76f8\u5173\u51fa\u7248\u7269<\/strong><\/p>\n\n\n\n<ul>\n<li>Alain Cardenas-Castro. <em>De la s\u00e9rie.<\/em> <em>Narration centre et p\u00e9riph\u00e9rie. Propos doubl\u00e9s.<\/em> Paris&nbsp;: Ed. du Fenouil, 2024<\/li>\n\n\n\n<li>SUN Chengan. <a href=\"https:\/\/alaincardenas.com\/blog\/monumentalites-et-assemblages-dans-loeuvre\/\"><em>Monumentalit\u00e9s et assemblages<\/em> <em>dans l\u2019\u0153uvre d\u2019Alain Cardenas-Castro<\/em><\/a><em>.<\/em> In\u00a0: <em>S&amp;AC<\/em>, 19 d\u00e9cembre 2024<\/li>\n\n\n\n<li>Alain Cardenas-Castro. <a href=\"https:\/\/alaincardenas.com\/blog\/le-puma-a-plume-et-autres-motifs-precolombiens-des-dessins-scientifiques-retrouves-dans-latelier-de-juan-manuel-cardenas-castro-lart-de-lancien-perou-enseigne-par-limage\/\"><em>Le puma \u00e0 plume et autres motifs pr\u00e9colombiens<\/em>. Des dessins scientifiques retrouv\u00e9s dans l\u2019atelier de Juan Manuel Cardenas-Castro : l\u2019art de l\u2019Ancien P\u00e9rou enseign\u00e9 par l\u2019image<\/a>.\u00a0In\u00a0: <em>S&amp;AC<\/em>, 28 f\u00e9vrier 2023.<\/li>\n\n\n\n<li>Marie-Paule Peronnet. <a href=\"https:\/\/alaincardenas.com\/blog\/oeuvres-magiques-et-polychromes-dalain-cardenas-castro-papiers-livres-dartiste-sculptures-et-autres-supports\/\"><em>\u0152uvres magiques et polychromes<\/em> <em>d\u2019Alain Cardenas-Castro. Papiers, livres d\u2019artiste, sculptures et autres supports<\/em><\/a>. In\u00a0: <em>S&amp;AC<\/em>, octobre 2020.<\/li>\n\n\n\n<li>Aain Cardenas-Castro,\u00a0<em><a href=\"https:\/\/alaincardenas.com\/blog\/peintures-murales-de-la-diversite-des-approches-est-ouest\/\">Peintures murales : de la diversit\u00e9 des approches Est \u2013 Ouest\u00a0 <\/a><\/em>In\u00a0:\u00a0<em>S&amp;AC<\/em>, ao\u00fbt 2017.<\/li>\n<\/ul>\n","protected":false},"excerpt":{"rendered":"<p>ENSAMBLADO DE ALAIN CARDENAS-CASTRO. TAMBI\u00c9N UN LIBRO DE BIBLIOFILIA Y DE ARTISTA. Christophe Comentale Las versiones en franc\u00e9s y chino siguen a la versi\u00f3n en espa\u00f1ol \/ Les versions en fran\u00e7ais et en chinois sont \u00e0 la suite de la &hellip; <a href=\"https:\/\/alaincardenas.com\/blog\/de-este-a-oeste\/\">Continuer la lecture <span class=\"meta-nav\">&rarr;<\/span><\/a><\/p>\n","protected":false},"author":1,"featured_media":0,"comment_status":"closed","ping_status":"closed","sticky":false,"template":"","format":"standard","meta":{"sfsi_plus_gutenberg_text_before_share":"","sfsi_plus_gutenberg_show_text_before_share":"","sfsi_plus_gutenberg_icon_type":"","sfsi_plus_gutenberg_icon_alignemt":"","sfsi_plus_gutenburg_max_per_row":"","jetpack_post_was_ever_published":false,"_jetpack_newsletter_access":"","_jetpack_newsletter_tier_id":0,"jetpack_publicize_message":"","jetpack_is_tweetstorm":false,"jetpack_publicize_feature_enabled":true,"jetpack_social_post_already_shared":true,"jetpack_social_options":{"image_generator_settings":{"template":"highway","enabled":false}}},"categories":[43,41,42,21],"tags":[45,32,8,9,38],"jetpack_publicize_connections":[],"jetpack_featured_media_url":"","jetpack_sharing_enabled":true,"jetpack_shortlink":"https:\/\/wp.me\/p8Mijt-2r5","jetpack_likes_enabled":true,"jetpack-related-posts":[{"id":8622,"url":"https:\/\/alaincardenas.com\/blog\/parution-2\/","url_meta":{"origin":9367,"position":0},"title":"Parution","author":"admin","date":"2024-12-28","format":false,"excerpt":"par Sun Chengan Feng Zikai, Du noir \u00e0 la couleur, textes de Christophe Comentale et Yin Wenying\u00a0; pr\u00e9f. de Nicolas Idier, postface de Feng Nanying et Feng Yiqing. Bordeaux\u00a0: Le chantier, 2024. 185 p.\u00a0: 150 ill. 38 \u20ac Trop peu de monographies en langues occidentales pr\u00e9sentent les cr\u00e9ateurs chinois. Feng\u2026","rel":"","context":"Dans &quot;Asie&quot;","block_context":{"text":"Asie","link":"https:\/\/alaincardenas.com\/blog\/category\/asie\/"},"img":{"alt_text":"","src":"https:\/\/i0.wp.com\/alaincardenas.com\/blog\/wp-content\/uploads\/2024\/12\/Feng-Zikai-couverture-nov24.jpeg?resize=350%2C200&ssl=1","width":350,"height":200,"srcset":"https:\/\/i0.wp.com\/alaincardenas.com\/blog\/wp-content\/uploads\/2024\/12\/Feng-Zikai-couverture-nov24.jpeg?resize=350%2C200&ssl=1 1x, https:\/\/i0.wp.com\/alaincardenas.com\/blog\/wp-content\/uploads\/2024\/12\/Feng-Zikai-couverture-nov24.jpeg?resize=525%2C300&ssl=1 1.5x, https:\/\/i0.wp.com\/alaincardenas.com\/blog\/wp-content\/uploads\/2024\/12\/Feng-Zikai-couverture-nov24.jpeg?resize=700%2C400&ssl=1 2x"},"classes":[]},{"id":403,"url":"https:\/\/alaincardenas.com\/blog\/convention-triennale\/","url_meta":{"origin":9367,"position":1},"title":"Recherches sur la peinture au pigment chinoise, ancienne et moderne","author":"admin","date":"2017-08-15","format":false,"excerpt":"Une convention triennale sign\u00e9e pour les ann\u00e9es 2015 \u00e0 2018 entre\u00a0\u00a0l\u2019Institut de recherches arch\u00e9ologiques et\u00a0\u00a0patrimoniales de Dunhuang et le Mus\u00e9um national d\u2019histoire naturelle (2015-2018)\u00a0\u00a0permet de relancer l\u2019importance de cette technique picturale. Au sein de cette coop\u00e9ration, diff\u00e9rents \u00e9v\u00e9nements annuels sont pr\u00e9vus\u00a0: s\u00e9minaires de recherches, actions de formation, expositions relatives aux\u2026","rel":"","context":"Dans &quot;Asie&quot;","block_context":{"text":"Asie","link":"https:\/\/alaincardenas.com\/blog\/category\/asie\/"},"img":{"alt_text":"","src":"https:\/\/i0.wp.com\/alaincardenas.com\/blog\/wp-content\/uploads\/2017\/08\/img20170813_20330631-203x300.jpg?resize=350%2C200&ssl=1","width":350,"height":200},"classes":[]},{"id":2947,"url":"https:\/\/alaincardenas.com\/blog\/collages-chinois-gebei-%e8%a2%bc%e8%a4%99-et-peintures-portables-dalain-cardenas-castro\/","url_meta":{"origin":9367,"position":2},"title":"Collages chinois [g\u0113b\u00e8i\u00a0 \u88bc\u8919] et peintures portables d\u2019Alain Cardenas-Castro","author":"admin","date":"2019-01-06","format":false,"excerpt":"Par Ma Li Dautresme et Christophe Comentale Exposition \u00e9ph\u00e9m\u00e8re Collages chinois et peintures portables d\u2019Alain Cardenas-Castro, 10 janvier 2019, espace loft Kils\u00a047 rue d\u2019Aboukir 75002. \u00ab\u00a0Faire dialoguer les cultures reste, pour un historien de l\u2019art comme pour un cr\u00e9ateur,\u00a0 un parcours entre deux recyclages, parmi\u00a0 deux esth\u00e9tiques. Les r\u00e9cup\u00e9rations \u00e0\u2026","rel":"","context":"Dans &quot;Asie&quot;","block_context":{"text":"Asie","link":"https:\/\/alaincardenas.com\/blog\/category\/asie\/"},"img":{"alt_text":"","src":"https:\/\/i0.wp.com\/alaincardenas.com\/blog\/wp-content\/uploads\/2019\/01\/DSC_2302-251x300.jpg?resize=350%2C200&ssl=1","width":350,"height":200},"classes":[]},{"id":4363,"url":"https:\/\/alaincardenas.com\/blog\/a-la-croisee-de-collections-dart-entre-asie-et-occident-du-xixe-siecle-a-nos-jours\/","url_meta":{"origin":9367,"position":3},"title":"A la crois\u00e9e de collections d\u2019art entre Asie et Occident (du XIXe si\u00e8cle \u00e0 nos jours)","author":"admin","date":"2019-11-24","format":false,"excerpt":"Ouvrage collectif dirig\u00e9 par Marie Laureillard et Cl\u00e9a Patin, \u00e9ditions H\u00e9misph\u00e8res, 2019\u00a0(417 pages de texte + 72 pages d\u2019illustrations couleur). par\u00a0Marie Laureillard Depuis trois si\u00e8cles au moins, l\u2019Occident est fascin\u00e9 par l\u2019art d\u2019Extr\u00eame-Orient. Les Asiatiques, quant \u00e0 eux, collectionnent leur propre production artistique \u00e0 diverses fins ou se passionnent pour\u2026","rel":"","context":"Dans &quot;Asie&quot;","block_context":{"text":"Asie","link":"https:\/\/alaincardenas.com\/blog\/category\/asie\/"},"img":{"alt_text":"","src":"https:\/\/i0.wp.com\/alaincardenas.com\/blog\/wp-content\/uploads\/2019\/11\/image031-300x225.jpg?resize=350%2C200&ssl=1","width":350,"height":200},"classes":[]},{"id":5943,"url":"https:\/\/alaincardenas.com\/blog\/de-lesthetisme-et-de-la-sensualite-de-sanyu-a-propos-dune-huile-sur-toile-aux-onze-pivoines-blanches\/","url_meta":{"origin":9367,"position":4},"title":"De l\u2019esth\u00e9tisme et de la sensualit\u00e9 de Sanyu\u00a0: \u00e0 propos d\u2019une huile sur toile aux onze pivoines blanches","author":"admin","date":"2021-09-08","format":false,"excerpt":"par Christophe Comentale Sanyu (Chang Y\u00fc \u5e38\u7389) (1901, Nanchong \u2013 1966, Pantin) na\u00eet dans la province du Sichuan au sein d\u2019une\u00a0famille poss\u00e9dant l\u2019une des plus grandes usines de tissage de soie du Sichuan, la Dehe Silk Factory, que dirigeait son fr\u00e8re a\u00een\u00e9, Chang Junmin. Le jeune gar\u00e7on commence \u00e0 \u00e9tudier\u2026","rel":"","context":"Dans &quot;Asie&quot;","block_context":{"text":"Asie","link":"https:\/\/alaincardenas.com\/blog\/category\/asie\/"},"img":{"alt_text":"","src":"https:\/\/i0.wp.com\/alaincardenas.com\/blog\/wp-content\/uploads\/2021\/09\/2-tao-tsien.jpg?resize=350%2C200","width":350,"height":200},"classes":[]},{"id":328,"url":"https:\/\/alaincardenas.com\/blog\/colloque-international-sur-les-cloisonnes-occidentaux-et-chinois\/","url_meta":{"origin":9367,"position":5},"title":"Colloque international sur les cloisonn\u00e9s occidentaux et chinois","author":"admin","date":"2017-07-29","format":false,"excerpt":"Mus\u00e9e des cloisonn\u00e9s.\u00a0Beijing, 30 juin 2017. Compte-rendu. par Christophe Comentale Ouvert depuis 2014, le mus\u00e9e des cloisonn\u00e9s chinois et \u00e9trangers est dirig\u00e9 par Monsieur ZHU Jingyou\u6731\u666f\u4f18. Cet \u00e9tablissement priv\u00e9 a pour but la promotion des cloisonn\u00e9s traditionnels ou de cr\u00e9ation contemporaine. Il est situ\u00e9 dans une zone en pleine expansion.\u2026","rel":"","context":"Dans &quot;Asie&quot;","block_context":{"text":"Asie","link":"https:\/\/alaincardenas.com\/blog\/category\/asie\/"},"img":{"alt_text":"","src":"https:\/\/i0.wp.com\/alaincardenas.com\/blog\/wp-content\/uploads\/2017\/07\/paterre-300x149.jpg?resize=350%2C200&ssl=1","width":350,"height":200},"classes":[]}],"_links":{"self":[{"href":"https:\/\/alaincardenas.com\/blog\/wp-json\/wp\/v2\/posts\/9367"}],"collection":[{"href":"https:\/\/alaincardenas.com\/blog\/wp-json\/wp\/v2\/posts"}],"about":[{"href":"https:\/\/alaincardenas.com\/blog\/wp-json\/wp\/v2\/types\/post"}],"author":[{"embeddable":true,"href":"https:\/\/alaincardenas.com\/blog\/wp-json\/wp\/v2\/users\/1"}],"replies":[{"embeddable":true,"href":"https:\/\/alaincardenas.com\/blog\/wp-json\/wp\/v2\/comments?post=9367"}],"version-history":[{"count":3,"href":"https:\/\/alaincardenas.com\/blog\/wp-json\/wp\/v2\/posts\/9367\/revisions"}],"predecessor-version":[{"id":9381,"href":"https:\/\/alaincardenas.com\/blog\/wp-json\/wp\/v2\/posts\/9367\/revisions\/9381"}],"wp:attachment":[{"href":"https:\/\/alaincardenas.com\/blog\/wp-json\/wp\/v2\/media?parent=9367"}],"wp:term":[{"taxonomy":"category","embeddable":true,"href":"https:\/\/alaincardenas.com\/blog\/wp-json\/wp\/v2\/categories?post=9367"},{"taxonomy":"post_tag","embeddable":true,"href":"https:\/\/alaincardenas.com\/blog\/wp-json\/wp\/v2\/tags?post=9367"}],"curies":[{"name":"wp","href":"https:\/\/api.w.org\/{rel}","templated":true}]}}