{"id":9309,"date":"2025-12-15T21:08:49","date_gmt":"2025-12-15T20:08:49","guid":{"rendered":"https:\/\/alaincardenas.com\/blog\/?p=9309"},"modified":"2025-12-23T17:40:22","modified_gmt":"2025-12-23T16:40:22","slug":"portraits-autoportraits-jean-cocteau-et-ses-amis-au-musee-du-bastion","status":"publish","type":"post","link":"https:\/\/alaincardenas.com\/blog\/portraits-autoportraits-jean-cocteau-et-ses-amis-au-musee-du-bastion\/","title":{"rendered":"PORTRAITS &#8211; AUTOPORTRAITS, JEAN COCTEAU ET SES AMIS AU MUSEE DU BASTION"},"content":{"rendered":"\n<p>\u8096\u50cf &#8211; \u81ea\u753b\u50cf\uff0c\u5c1a\u00b7\u79d1\u514b\u6258 (Jean Cocteau) \u4e0e\u4ed6\u7684\u670b\u53cb\u4eec\uff0c\u8499\u901a\u5df4\u65af\u8482\u6602\u535a\u7269\u9986\u7684\u521b\u4f5c\u8005<\/p>\n\n\n\n<p>par Christophe Comentale<\/p>\n\n\n\n<p>Mus\u00e9e du Bastion, Quai Napol\u00e9on III, Menton. Ouvert tous les jours (sauf mardi, 25 d\u00e9cembre, 1er janvier et 1er mai), de 10h \u00e0 12h30 et de 14h \u00e0 18h. L\u2019exposition a lieu du 13 d\u00e9cembre 2025 au 8 juin 2026.<\/p>\n\n\n\n<p>La commune de Menton (ill.1), ville au climat temp\u00e9r\u00e9,&nbsp;\u00e0 \u00e9t\u00e9 chaud et sec, est connue pour sa f\u00eate du citron, annuelle,&nbsp;une f\u00eate&nbsp;qui anime la fin de l\u2019hiver&nbsp;avec une pr\u00e9sentation quelque peu <em>surr\u00e9aliste<\/em> de tonnes d\u2019agrumes fix\u00e9s sur des guirlandes de buis structur\u00e9es sur des cages en fil de fer. De m\u00eame, la pr\u00e9sence de cet&nbsp;&nbsp;artiste hors normes, Jean Cocteau (ill.4) a laiss\u00e9 des \u0153uvres et une pr\u00e9sence uniques de la cr\u00e9ation.<\/p>\n\n\n\n<p>L\u2019aura d\u00e9gag\u00e9e par Jean Cocteau et la diversit\u00e9 des cr\u00e9ations de ses amis, sont pr\u00e9sentes dans le contexte superbe et \u00e9clectique de ce nouvel accrochage&nbsp;: plus de 150 \u0153uvres de la collection S\u00e9verin Wunderman &#8211; mus\u00e9e Jean Cocteau et de plusieurs pr\u00eats d\u2019\u0153uvres.<\/p>\n\n\n\n<p>\u8292\u901a\u5e02\u662f\u4e00\u4e2a\u6c14\u5019\u6e29\u548c\u3001\u590f\u5b63\u708e\u70ed\u5e72\u71e5\u7684\u5c0f\u9547\uff0c\u4ee5\u5176\u6bcf\u5e74\u4e00\u5ea6\u7684\u67e0\u6aac\u8282\u800c\u95fb\u540d\uff0c\u8fd9\u4e2a\u8282\u65e5\u4e3a\u51ac\u5b63\u7684\u7ed3\u675f\u5e26\u6765\u751f\u673a\uff1a\u4e00\u79cd\u7565\u663e\u8d85\u73b0\u5b9e\u7684\u5c55\u793a\u65b9\u5f0f\uff0c\u5c06\u5927\u91cf\u67d1\u6a58\u6c34\u679c\u624e\u5728\u7531\u91d1\u5c5e\u7b3c\u67b6\u652f\u6491\u7684\u9ec4\u6768\u679d\u82b1\u73af\u4e0a\u3002\u6b64\u5916\uff0c\u8fd9\u91cc\u8fd8\u6709\u4e00\u4f4d\u975e\u51e1\u7684\u827a\u672f\u5bb6\u8ba9\u00b7\u79d1\u514b\u591a\u7684\u5b58\u5728\uff0c\u4ed6\u7559\u4e0b\u4e86\u4f5c\u54c1\u548c\u72ec\u7279\u7684\u521b\u4f5c\u5370\u8bb0\u3002\u8ba9\u00b7\u79d1\u514b\u591a\u6563\u53d1\u7684\u6c14\u573a\u4ee5\u53ca\u4ed6\u670b\u53cb\u4eec\u591a\u6837\u5316\u7684\u521b\u4f5c\uff0c\u5728\u8fd9\u6b21\u65b0\u5c55\u89c8\u7684\u534e\u4e3d\u800c\u6298\u8877\u7684\u73af\u5883\u4e2d\u5f97\u4ee5\u4f53\u73b0\uff1a\u5c55\u51fa\u585e\u7ef4\u6797\u00b7\u6e29\u5fb7\u66fc\u6536\u85cf\u7684150\u591a\u4ef6\u4f5c\u54c1\u2014\u2014\u8ba9\u00b7\u79d1\u514b\u591a\u535a\u7269\u9986\u6536\u85cf\uff0c\u4ee5\u53ca\u82e5\u5e72\u501f\u5c55\u4f5c\u54c1\u3002<\/p>\n\n\n\n<p>The municipality of Menton, a town with a temperate climate and hot, dry summers, is known for its annual Lemon Festival, which enlivens the end of winter: a somewhat surreal presentation of tons of citrus fruits attached to boxwood garlands structured on wire cages, the presence of an extraordinary artist, Jean Cocteau, who left works and a unique imprint of creation. The aura radiated by Jean Cocteau and the diversity of creations by his friends are present within the superb and eclectic setting of this new display: more than 150 works from the S\u00e9verin Wunderman collection &#8211; Jean Cocteau Museum, along with several loaned pieces.<\/p>\n\n\n\n<figure class=\"wp-block-gallery has-nested-images columns-default is-cropped wp-block-gallery-1 is-layout-flex\">\n<figure class=\"wp-block-image size-large\"><a href=\"https:\/\/i0.wp.com\/alaincardenas.com\/blog\/wp-content\/uploads\/2025\/12\/1.-Falcon-site-avec-vue-sur-Menton-.jpg?ssl=1\"><img data-attachment-id=\"9310\" data-permalink=\"https:\/\/alaincardenas.com\/blog\/portraits-autoportraits-jean-cocteau-et-ses-amis-au-musee-du-bastion\/1-falcon-site-avec-vue-sur-menton\/\" data-orig-file=\"https:\/\/i0.wp.com\/alaincardenas.com\/blog\/wp-content\/uploads\/2025\/12\/1.-Falcon-site-avec-vue-sur-Menton-.jpg?fit=450%2C600&amp;ssl=1\" data-orig-size=\"450,600\" data-comments-opened=\"0\" data-image-meta=\"{&quot;aperture&quot;:&quot;0&quot;,&quot;credit&quot;:&quot;&quot;,&quot;camera&quot;:&quot;&quot;,&quot;caption&quot;:&quot;&quot;,&quot;created_timestamp&quot;:&quot;0&quot;,&quot;copyright&quot;:&quot;&quot;,&quot;focal_length&quot;:&quot;0&quot;,&quot;iso&quot;:&quot;0&quot;,&quot;shutter_speed&quot;:&quot;0&quot;,&quot;title&quot;:&quot;&quot;,&quot;orientation&quot;:&quot;1&quot;}\" data-image-title=\"1. Falcon, site avec vue sur Menton\" data-image-description=\"\" data-image-caption=\"\" data-medium-file=\"https:\/\/i0.wp.com\/alaincardenas.com\/blog\/wp-content\/uploads\/2025\/12\/1.-Falcon-site-avec-vue-sur-Menton-.jpg?fit=225%2C300&amp;ssl=1\" data-large-file=\"https:\/\/i0.wp.com\/alaincardenas.com\/blog\/wp-content\/uploads\/2025\/12\/1.-Falcon-site-avec-vue-sur-Menton-.jpg?fit=450%2C600&amp;ssl=1\" decoding=\"async\" loading=\"lazy\" width=\"450\" height=\"600\" data-id=\"9310\"  src=\"https:\/\/i0.wp.com\/alaincardenas.com\/blog\/wp-content\/uploads\/2025\/12\/1.-Falcon-site-avec-vue-sur-Menton-.jpg?resize=450%2C600&#038;ssl=1\" alt=\"\" class=\"wp-image-9310\" srcset=\"https:\/\/i0.wp.com\/alaincardenas.com\/blog\/wp-content\/uploads\/2025\/12\/1.-Falcon-site-avec-vue-sur-Menton-.jpg?w=450&amp;ssl=1 450w, https:\/\/i0.wp.com\/alaincardenas.com\/blog\/wp-content\/uploads\/2025\/12\/1.-Falcon-site-avec-vue-sur-Menton-.jpg?resize=225%2C300&amp;ssl=1 225w\" sizes=\"(max-width: 450px) 100vw, 450px\" data-recalc-dims=\"1\" \/><\/a><\/figure>\n\n\n\n<figure class=\"wp-block-image size-large\"><a href=\"https:\/\/i0.wp.com\/alaincardenas.com\/blog\/wp-content\/uploads\/2025\/12\/4.-Jean-Cocteau-Autoiportrait-masque-1919-lithographie-sur-papier.jpg?ssl=1\"><img data-attachment-id=\"9313\" data-permalink=\"https:\/\/alaincardenas.com\/blog\/portraits-autoportraits-jean-cocteau-et-ses-amis-au-musee-du-bastion\/4-jean-cocteau-autoiportrait-masque-1919-lithographie-sur-papier\/\" data-orig-file=\"https:\/\/i0.wp.com\/alaincardenas.com\/blog\/wp-content\/uploads\/2025\/12\/4.-Jean-Cocteau-Autoiportrait-masque-1919-lithographie-sur-papier.jpg?fit=425%2C600&amp;ssl=1\" data-orig-size=\"425,600\" data-comments-opened=\"0\" data-image-meta=\"{&quot;aperture&quot;:&quot;0&quot;,&quot;credit&quot;:&quot;&quot;,&quot;camera&quot;:&quot;&quot;,&quot;caption&quot;:&quot;&quot;,&quot;created_timestamp&quot;:&quot;0&quot;,&quot;copyright&quot;:&quot;&quot;,&quot;focal_length&quot;:&quot;0&quot;,&quot;iso&quot;:&quot;0&quot;,&quot;shutter_speed&quot;:&quot;0&quot;,&quot;title&quot;:&quot;&quot;,&quot;orientation&quot;:&quot;1&quot;}\" data-image-title=\"4. Jean Cocteau, Autoiportrait masque\u0301, 1919, lithographie sur papier\" data-image-description=\"\" data-image-caption=\"\" data-medium-file=\"https:\/\/i0.wp.com\/alaincardenas.com\/blog\/wp-content\/uploads\/2025\/12\/4.-Jean-Cocteau-Autoiportrait-masque-1919-lithographie-sur-papier.jpg?fit=213%2C300&amp;ssl=1\" data-large-file=\"https:\/\/i0.wp.com\/alaincardenas.com\/blog\/wp-content\/uploads\/2025\/12\/4.-Jean-Cocteau-Autoiportrait-masque-1919-lithographie-sur-papier.jpg?fit=425%2C600&amp;ssl=1\" decoding=\"async\" loading=\"lazy\" width=\"425\" height=\"600\" data-id=\"9313\"  src=\"https:\/\/i0.wp.com\/alaincardenas.com\/blog\/wp-content\/uploads\/2025\/12\/4.-Jean-Cocteau-Autoiportrait-masque-1919-lithographie-sur-papier.jpg?resize=425%2C600&#038;ssl=1\" alt=\"\" class=\"wp-image-9313\" srcset=\"https:\/\/i0.wp.com\/alaincardenas.com\/blog\/wp-content\/uploads\/2025\/12\/4.-Jean-Cocteau-Autoiportrait-masque-1919-lithographie-sur-papier.jpg?w=425&amp;ssl=1 425w, https:\/\/i0.wp.com\/alaincardenas.com\/blog\/wp-content\/uploads\/2025\/12\/4.-Jean-Cocteau-Autoiportrait-masque-1919-lithographie-sur-papier.jpg?resize=213%2C300&amp;ssl=1 213w\" sizes=\"(max-width: 425px) 100vw, 425px\" data-recalc-dims=\"1\" \/><\/a><\/figure>\n<\/figure>\n\n\n\n<hr class=\"wp-block-separator has-alpha-channel-opacity\"\/>\n\n\n\n<p>(ill. 1) Vue de Menton depuis le village de Falicon ; (ill. 4) Jean Cocteau. <em>Autoportrait masque\u0301<\/em> (1919), lithographie sur papier<\/p>\n\n\n\n<hr class=\"wp-block-separator has-alpha-channel-opacity\"\/>\n\n\n\n<!--more-->\n\n\n\n<p>Le vernissage s\u2019est d\u00e9roul\u00e9 le 12 d\u00e9cembre en pr\u00e9sence du maire de Menton et pr\u00e9sident de la Communaut\u00e9 de la Riviera fran\u00e7aise, de Carmela Cartarrasa, conseill\u00e8re municipale en charge du Patrimoine culturel, de Pascale Just, directrice des Affaires culturelles, de Guillaume Theuli\u00e8re, directeur des mus\u00e9es, et de Sandrine Faraut-Ruelle, coordinatrice de l\u2019exposition.<\/p>\n\n\n<div class=\"wp-block-image\">\n<figure class=\"aligncenter size-full is-resized\"><a href=\"https:\/\/i0.wp.com\/alaincardenas.com\/blog\/wp-content\/uploads\/2025\/12\/2.-Musee-Jean-Cocteau-site-le-bastion-manton.jpg?ssl=1\"><img data-attachment-id=\"9311\" data-permalink=\"https:\/\/alaincardenas.com\/blog\/portraits-autoportraits-jean-cocteau-et-ses-amis-au-musee-du-bastion\/2-musee-jean-cocteau-site-le-bastion-manton\/\" data-orig-file=\"https:\/\/i0.wp.com\/alaincardenas.com\/blog\/wp-content\/uploads\/2025\/12\/2.-Musee-Jean-Cocteau-site-le-bastion-manton.jpg?fit=800%2C600&amp;ssl=1\" data-orig-size=\"800,600\" data-comments-opened=\"0\" data-image-meta=\"{&quot;aperture&quot;:&quot;0&quot;,&quot;credit&quot;:&quot;&quot;,&quot;camera&quot;:&quot;&quot;,&quot;caption&quot;:&quot;&quot;,&quot;created_timestamp&quot;:&quot;0&quot;,&quot;copyright&quot;:&quot;&quot;,&quot;focal_length&quot;:&quot;0&quot;,&quot;iso&quot;:&quot;0&quot;,&quot;shutter_speed&quot;:&quot;0&quot;,&quot;title&quot;:&quot;&quot;,&quot;orientation&quot;:&quot;1&quot;}\" data-image-title=\"2. Muse\u0301e Jean Cocteau, site le bastion, manton\" data-image-description=\"\" data-image-caption=\"\" data-medium-file=\"https:\/\/i0.wp.com\/alaincardenas.com\/blog\/wp-content\/uploads\/2025\/12\/2.-Musee-Jean-Cocteau-site-le-bastion-manton.jpg?fit=300%2C225&amp;ssl=1\" data-large-file=\"https:\/\/i0.wp.com\/alaincardenas.com\/blog\/wp-content\/uploads\/2025\/12\/2.-Musee-Jean-Cocteau-site-le-bastion-manton.jpg?fit=584%2C438&amp;ssl=1\" decoding=\"async\" loading=\"lazy\" src=\"https:\/\/i0.wp.com\/alaincardenas.com\/blog\/wp-content\/uploads\/2025\/12\/2.-Musee-Jean-Cocteau-site-le-bastion-manton.jpg?resize=400%2C300&#038;ssl=1\" alt=\"\" class=\"wp-image-9311\" width=\"400\" height=\"300\" srcset=\"https:\/\/i0.wp.com\/alaincardenas.com\/blog\/wp-content\/uploads\/2025\/12\/2.-Musee-Jean-Cocteau-site-le-bastion-manton.jpg?w=800&amp;ssl=1 800w, https:\/\/i0.wp.com\/alaincardenas.com\/blog\/wp-content\/uploads\/2025\/12\/2.-Musee-Jean-Cocteau-site-le-bastion-manton.jpg?resize=300%2C225&amp;ssl=1 300w, https:\/\/i0.wp.com\/alaincardenas.com\/blog\/wp-content\/uploads\/2025\/12\/2.-Musee-Jean-Cocteau-site-le-bastion-manton.jpg?resize=768%2C576&amp;ssl=1 768w, https:\/\/i0.wp.com\/alaincardenas.com\/blog\/wp-content\/uploads\/2025\/12\/2.-Musee-Jean-Cocteau-site-le-bastion-manton.jpg?resize=400%2C300&amp;ssl=1 400w\" sizes=\"(max-width: 400px) 100vw, 400px\" data-recalc-dims=\"1\" \/><\/a><figcaption class=\"wp-element-caption\">(ill. 2) Mus\u00e9e Jean Cocteau, Le Bastion, Menton<\/figcaption><\/figure><\/div>\n\n\n<p>1618\u5e74\uff0c\u6469\u7eb3\u54e5\u7684\u5965\u8bfa\u96f7\u4e8c\u4e16\uff08\u5f53\u65f6\u5305\u62ec\u8292\u901a\uff09\u51b3\u5b9a\u5728\u4f4d\u4e8e\u8292\u901a\u8001\u57ce\u5c3d\u5934\u7684\u4e00\u4e2a\u5ca9\u77f3\u5c0f\u5c9b\u4e0a\u5efa\u9020\u4e00\u5ea7\u5c0f\u5821\u5792\u3002 \u8fd9\u5ea7\u5821\u5792\u7ecf\u5386\u4e86\u5386\u53f2\u7684\u8d77\u4f0f\u548c\u4e0d\u786e\u5b9a\u6027\uff0c1860\u5e74\u8292\u901a\u88ab\u5e76\u5165\u6cd5\u56fd\u540e\uff0c\u5821\u5792\u4ea4\u7531\u6865\u6881\u548c\u9053\u8def\u7ba1\u7406\u90e8\u95e8\u7ba1\u7406\u30021957\u5e74\uff0c\u5f17\u6717\u897f\u65af\u00b7\u5e15\u5c14\u6885\u7f57\u5411\u8ba9\u00b7\u79d1\u514b\u591a\u63d0\u8bae\u5728\u8fd9\u91cc\u5efa\u7acb\u4e00\u5ea7\u5c55\u793a\u4ed6\u4f5c\u54c1\u7684\u535a\u7269\u9986\u3002\u79d1\u514b\u591a\u8fdb\u884c\u4e86\u521d\u6b65\u9009\u62e9\uff0c\u8fd9\u4e9b\u4f5c\u54c1\u540e\u6765\u6210\u4e3a\u6536\u85cf\u7684\u6838\u5fc3\u3002\u57281963\u5e7410\u670810\u65e5\u79d1\u514b\u591a\u53bb\u4e16\u540e\uff0c\u4ed6\u7684\u517b\u5b50\u53ca\u6cd5\u5b9a\u7ee7\u627f\u4eba\u57c3\u675c\u963f\u5c14\u00b7\u5fb7\u5c14\u7c73\u7279\u4e30\u5bcc\u4e86\u539f\u6709\u7684\u6350\u8d60\u85cf\u54c1\u3002<\/p>\n\n\n\n<p>In 1618, Honor\u00e9 II of Monaco (which then included Menton) decided to construct a small fort on a rocky islet located at the tip of the old town of Menton.<br>This bastion experienced the rhythms and uncertainties of history, and in 1860, when Menton was annexed to France, the bastion was entrusted to the administration of bridges and roads. It was in 1957 that Francis Palmero proposed to Jean Cocteau to create a museum of his works there. Cocteau made an initial selection that would become the core of the collection. Upon his death on October 10, 1963, \u00c9douard Dermit, his adoptive son and universal legatee, enriched the original endowment.<\/p>\n\n\n\n<p>En 1618, Honor\u00e9 II de Monaco (dont fait alors partie Menton) d\u00e9cide de la construction d&rsquo;un fortin (ill.2 et 6) sur un \u00eelot rocheux situ\u00e9 \u00e0 la pointe de la vieille ville de Menton. Ce bastion vit selon le rythme et les al\u00e9as de l&rsquo;histoire et, en 1860, lors du rattachement de Menton \u00e0 la France, ledit bastion est confi\u00e9 \u00e0 l&rsquo;administration des ponts et chauss\u00e9es. C&rsquo;est en 1957 qu\u2019il est propos\u00e9 par Francis Palmero \u00e0 Jean Cocteau d\u2019y cr\u00e9er un mus\u00e9e de ses \u0153uvres (ill.6.1) . Cocteau r\u00e9alise une premi\u00e8re s\u00e9lection qui sera le noyau de la collection. \u00c0 sa mort, le 10 octobre 1963, \u00c9douard Dermit, son fils adoptif et l\u00e9gataire universel, enrichit la dotation initiale.<\/p>\n\n\n\n<figure class=\"wp-block-gallery has-nested-images columns-default is-cropped wp-block-gallery-3 is-layout-flex\">\n<figure class=\"wp-block-image size-large\"><a href=\"https:\/\/i0.wp.com\/alaincardenas.com\/blog\/wp-content\/uploads\/2025\/12\/6.-Musee-Jean-Cocteau-site-le-bastion-Menton-inauguration-12-dec-25.jpg?ssl=1\"><img data-attachment-id=\"9315\" data-permalink=\"https:\/\/alaincardenas.com\/blog\/portraits-autoportraits-jean-cocteau-et-ses-amis-au-musee-du-bastion\/6-musee-jean-cocteau-site-le-bastion-menton-inauguration-12-dec-25\/\" data-orig-file=\"https:\/\/i0.wp.com\/alaincardenas.com\/blog\/wp-content\/uploads\/2025\/12\/6.-Musee-Jean-Cocteau-site-le-bastion-Menton-inauguration-12-dec-25.jpg?fit=800%2C600&amp;ssl=1\" data-orig-size=\"800,600\" data-comments-opened=\"0\" data-image-meta=\"{&quot;aperture&quot;:&quot;0&quot;,&quot;credit&quot;:&quot;&quot;,&quot;camera&quot;:&quot;&quot;,&quot;caption&quot;:&quot;&quot;,&quot;created_timestamp&quot;:&quot;0&quot;,&quot;copyright&quot;:&quot;&quot;,&quot;focal_length&quot;:&quot;0&quot;,&quot;iso&quot;:&quot;0&quot;,&quot;shutter_speed&quot;:&quot;0&quot;,&quot;title&quot;:&quot;&quot;,&quot;orientation&quot;:&quot;1&quot;}\" data-image-title=\"6. Muse\u0301e Jean Cocteau, site le bastion, Menton, inauguration 12 de\u0301c 25\" data-image-description=\"\" data-image-caption=\"\" data-medium-file=\"https:\/\/i0.wp.com\/alaincardenas.com\/blog\/wp-content\/uploads\/2025\/12\/6.-Musee-Jean-Cocteau-site-le-bastion-Menton-inauguration-12-dec-25.jpg?fit=300%2C225&amp;ssl=1\" data-large-file=\"https:\/\/i0.wp.com\/alaincardenas.com\/blog\/wp-content\/uploads\/2025\/12\/6.-Musee-Jean-Cocteau-site-le-bastion-Menton-inauguration-12-dec-25.jpg?fit=584%2C438&amp;ssl=1\" decoding=\"async\" loading=\"lazy\" width=\"584\" height=\"438\" data-id=\"9315\"  src=\"https:\/\/i0.wp.com\/alaincardenas.com\/blog\/wp-content\/uploads\/2025\/12\/6.-Musee-Jean-Cocteau-site-le-bastion-Menton-inauguration-12-dec-25.jpg?resize=584%2C438&#038;ssl=1\" alt=\"\" class=\"wp-image-9315\" srcset=\"https:\/\/i0.wp.com\/alaincardenas.com\/blog\/wp-content\/uploads\/2025\/12\/6.-Musee-Jean-Cocteau-site-le-bastion-Menton-inauguration-12-dec-25.jpg?w=800&amp;ssl=1 800w, https:\/\/i0.wp.com\/alaincardenas.com\/blog\/wp-content\/uploads\/2025\/12\/6.-Musee-Jean-Cocteau-site-le-bastion-Menton-inauguration-12-dec-25.jpg?resize=300%2C225&amp;ssl=1 300w, https:\/\/i0.wp.com\/alaincardenas.com\/blog\/wp-content\/uploads\/2025\/12\/6.-Musee-Jean-Cocteau-site-le-bastion-Menton-inauguration-12-dec-25.jpg?resize=768%2C576&amp;ssl=1 768w, https:\/\/i0.wp.com\/alaincardenas.com\/blog\/wp-content\/uploads\/2025\/12\/6.-Musee-Jean-Cocteau-site-le-bastion-Menton-inauguration-12-dec-25.jpg?resize=400%2C300&amp;ssl=1 400w\" sizes=\"(max-width: 584px) 100vw, 584px\" data-recalc-dims=\"1\" \/><\/a><figcaption class=\"wp-element-caption\">(ill. 6)<\/figcaption><\/figure>\n\n\n\n<figure class=\"wp-block-image size-large\"><a href=\"https:\/\/i0.wp.com\/alaincardenas.com\/blog\/wp-content\/uploads\/2025\/12\/6.1.-Musee-Jean-Cocteau-site-le-bastion-Menton-inauguration-12-dec-25.jpg?ssl=1\"><img data-attachment-id=\"9316\" data-permalink=\"https:\/\/alaincardenas.com\/blog\/portraits-autoportraits-jean-cocteau-et-ses-amis-au-musee-du-bastion\/6-1-musee-jean-cocteau-site-le-bastion-menton-inauguration-12-dec-25\/\" data-orig-file=\"https:\/\/i0.wp.com\/alaincardenas.com\/blog\/wp-content\/uploads\/2025\/12\/6.1.-Musee-Jean-Cocteau-site-le-bastion-Menton-inauguration-12-dec-25.jpg?fit=746%2C600&amp;ssl=1\" data-orig-size=\"746,600\" data-comments-opened=\"0\" data-image-meta=\"{&quot;aperture&quot;:&quot;3.5&quot;,&quot;credit&quot;:&quot;&quot;,&quot;camera&quot;:&quot;DC-GX9&quot;,&quot;caption&quot;:&quot;&quot;,&quot;created_timestamp&quot;:&quot;1765565644&quot;,&quot;copyright&quot;:&quot;&quot;,&quot;focal_length&quot;:&quot;14&quot;,&quot;iso&quot;:&quot;3200&quot;,&quot;shutter_speed&quot;:&quot;0.125&quot;,&quot;title&quot;:&quot;&quot;,&quot;orientation&quot;:&quot;1&quot;}\" data-image-title=\"6.1. Muse\u0301e Jean Cocteau, site le bastion, Menton, inauguration 12 de\u0301c 25\" data-image-description=\"\" data-image-caption=\"\" data-medium-file=\"https:\/\/i0.wp.com\/alaincardenas.com\/blog\/wp-content\/uploads\/2025\/12\/6.1.-Musee-Jean-Cocteau-site-le-bastion-Menton-inauguration-12-dec-25.jpg?fit=300%2C241&amp;ssl=1\" data-large-file=\"https:\/\/i0.wp.com\/alaincardenas.com\/blog\/wp-content\/uploads\/2025\/12\/6.1.-Musee-Jean-Cocteau-site-le-bastion-Menton-inauguration-12-dec-25.jpg?fit=584%2C470&amp;ssl=1\" decoding=\"async\" loading=\"lazy\" width=\"584\" height=\"470\" data-id=\"9316\"  src=\"https:\/\/i0.wp.com\/alaincardenas.com\/blog\/wp-content\/uploads\/2025\/12\/6.1.-Musee-Jean-Cocteau-site-le-bastion-Menton-inauguration-12-dec-25.jpg?resize=584%2C470&#038;ssl=1\" alt=\"\" class=\"wp-image-9316\" srcset=\"https:\/\/i0.wp.com\/alaincardenas.com\/blog\/wp-content\/uploads\/2025\/12\/6.1.-Musee-Jean-Cocteau-site-le-bastion-Menton-inauguration-12-dec-25.jpg?w=746&amp;ssl=1 746w, https:\/\/i0.wp.com\/alaincardenas.com\/blog\/wp-content\/uploads\/2025\/12\/6.1.-Musee-Jean-Cocteau-site-le-bastion-Menton-inauguration-12-dec-25.jpg?resize=300%2C241&amp;ssl=1 300w, https:\/\/i0.wp.com\/alaincardenas.com\/blog\/wp-content\/uploads\/2025\/12\/6.1.-Musee-Jean-Cocteau-site-le-bastion-Menton-inauguration-12-dec-25.jpg?resize=373%2C300&amp;ssl=1 373w\" sizes=\"(max-width: 584px) 100vw, 584px\" data-recalc-dims=\"1\" \/><\/a><figcaption class=\"wp-element-caption\">(ill. 6.1)<\/figcaption><\/figure>\n\n\n\n<figure class=\"wp-block-image size-large\"><a href=\"https:\/\/i0.wp.com\/alaincardenas.com\/blog\/wp-content\/uploads\/2025\/12\/3.-Catalogue-de-lexposition.jpg?ssl=1\"><img data-attachment-id=\"9312\" data-permalink=\"https:\/\/alaincardenas.com\/blog\/portraits-autoportraits-jean-cocteau-et-ses-amis-au-musee-du-bastion\/3-catalogue-de-lexposition\/\" data-orig-file=\"https:\/\/i0.wp.com\/alaincardenas.com\/blog\/wp-content\/uploads\/2025\/12\/3.-Catalogue-de-lexposition.jpg?fit=468%2C600&amp;ssl=1\" data-orig-size=\"468,600\" data-comments-opened=\"0\" data-image-meta=\"{&quot;aperture&quot;:&quot;0&quot;,&quot;credit&quot;:&quot;&quot;,&quot;camera&quot;:&quot;&quot;,&quot;caption&quot;:&quot;&quot;,&quot;created_timestamp&quot;:&quot;0&quot;,&quot;copyright&quot;:&quot;&quot;,&quot;focal_length&quot;:&quot;0&quot;,&quot;iso&quot;:&quot;0&quot;,&quot;shutter_speed&quot;:&quot;0&quot;,&quot;title&quot;:&quot;&quot;,&quot;orientation&quot;:&quot;1&quot;}\" data-image-title=\"3. Catalogue de l&amp;rsquo;exposition\" data-image-description=\"\" data-image-caption=\"\" data-medium-file=\"https:\/\/i0.wp.com\/alaincardenas.com\/blog\/wp-content\/uploads\/2025\/12\/3.-Catalogue-de-lexposition.jpg?fit=234%2C300&amp;ssl=1\" data-large-file=\"https:\/\/i0.wp.com\/alaincardenas.com\/blog\/wp-content\/uploads\/2025\/12\/3.-Catalogue-de-lexposition.jpg?fit=468%2C600&amp;ssl=1\" decoding=\"async\" loading=\"lazy\" width=\"468\" height=\"600\" data-id=\"9312\"  src=\"https:\/\/i0.wp.com\/alaincardenas.com\/blog\/wp-content\/uploads\/2025\/12\/3.-Catalogue-de-lexposition.jpg?resize=468%2C600&#038;ssl=1\" alt=\"\" class=\"wp-image-9312\" srcset=\"https:\/\/i0.wp.com\/alaincardenas.com\/blog\/wp-content\/uploads\/2025\/12\/3.-Catalogue-de-lexposition.jpg?w=468&amp;ssl=1 468w, https:\/\/i0.wp.com\/alaincardenas.com\/blog\/wp-content\/uploads\/2025\/12\/3.-Catalogue-de-lexposition.jpg?resize=234%2C300&amp;ssl=1 234w\" sizes=\"(max-width: 468px) 100vw, 468px\" data-recalc-dims=\"1\" \/><\/a><figcaption class=\"wp-element-caption\">(ill. 3)<\/figcaption><\/figure>\n<\/figure>\n\n\n\n<p>Ce lieu quelque peu insolite a, tout r\u00e9cemment, r\u00e9uni entre hiver et printemps, l&rsquo;\u0153uvre de ce cr\u00e9ateur, un ensemble de dessins, des portraits et des autoportraits, dont ceux r\u00e9alis\u00e9s en 1923 \u00e0 la mort de Radiguet (ill.5). Des photographies compl\u00e8tent cet aspect intime de Cocteau, Elles sont prises par Boris Lipinski, Serge, Lido, Lucien Clergue, &#8230; De m\u00eame qu&rsquo;une r\u00e9cente acquisition en 2024 d&rsquo;une photographie argentique de Man Ray (1890-1976).<\/p>\n\n\n\n<figure class=\"wp-block-gallery has-nested-images columns-default is-cropped wp-block-gallery-5 is-layout-flex\">\n<figure class=\"wp-block-image size-large\"><a href=\"https:\/\/i0.wp.com\/alaincardenas.com\/blog\/wp-content\/uploads\/2025\/12\/5.-Jean-Cocteau-Portrait-de-Raymond-Radiguet-1960-crayonsSerge-Lido-Igor-Stravinsky-et-Jean-Cocteau-1952-rtirage-argentique.jpg?ssl=1\"><img data-attachment-id=\"9314\" data-permalink=\"https:\/\/alaincardenas.com\/blog\/portraits-autoportraits-jean-cocteau-et-ses-amis-au-musee-du-bastion\/5-jean-cocteau-portrait-de-raymond-radiguet-1960-crayonsserge-lido-igor-stravinsky-et-jean-cocteau-1952-rtirage-argentique\/\" data-orig-file=\"https:\/\/i0.wp.com\/alaincardenas.com\/blog\/wp-content\/uploads\/2025\/12\/5.-Jean-Cocteau-Portrait-de-Raymond-Radiguet-1960-crayonsSerge-Lido-Igor-Stravinsky-et-Jean-Cocteau-1952-rtirage-argentique.jpg?fit=449%2C600&amp;ssl=1\" data-orig-size=\"449,600\" data-comments-opened=\"0\" data-image-meta=\"{&quot;aperture&quot;:&quot;0&quot;,&quot;credit&quot;:&quot;&quot;,&quot;camera&quot;:&quot;&quot;,&quot;caption&quot;:&quot;&quot;,&quot;created_timestamp&quot;:&quot;0&quot;,&quot;copyright&quot;:&quot;&quot;,&quot;focal_length&quot;:&quot;0&quot;,&quot;iso&quot;:&quot;0&quot;,&quot;shutter_speed&quot;:&quot;0&quot;,&quot;title&quot;:&quot;&quot;,&quot;orientation&quot;:&quot;1&quot;}\" data-image-title=\"5. Jean Cocteau, Portrait de Raymond Radiguet, 1960, crayonsSerge Lido, Igor Stravinsky et Jean Cocteau, 1952, rtirage argentique\" data-image-description=\"\" data-image-caption=\"\" data-medium-file=\"https:\/\/i0.wp.com\/alaincardenas.com\/blog\/wp-content\/uploads\/2025\/12\/5.-Jean-Cocteau-Portrait-de-Raymond-Radiguet-1960-crayonsSerge-Lido-Igor-Stravinsky-et-Jean-Cocteau-1952-rtirage-argentique.jpg?fit=225%2C300&amp;ssl=1\" data-large-file=\"https:\/\/i0.wp.com\/alaincardenas.com\/blog\/wp-content\/uploads\/2025\/12\/5.-Jean-Cocteau-Portrait-de-Raymond-Radiguet-1960-crayonsSerge-Lido-Igor-Stravinsky-et-Jean-Cocteau-1952-rtirage-argentique.jpg?fit=449%2C600&amp;ssl=1\" decoding=\"async\" loading=\"lazy\" width=\"449\" height=\"600\" data-id=\"9314\"  src=\"https:\/\/i0.wp.com\/alaincardenas.com\/blog\/wp-content\/uploads\/2025\/12\/5.-Jean-Cocteau-Portrait-de-Raymond-Radiguet-1960-crayonsSerge-Lido-Igor-Stravinsky-et-Jean-Cocteau-1952-rtirage-argentique.jpg?resize=449%2C600&#038;ssl=1\" alt=\"\" class=\"wp-image-9314\" srcset=\"https:\/\/i0.wp.com\/alaincardenas.com\/blog\/wp-content\/uploads\/2025\/12\/5.-Jean-Cocteau-Portrait-de-Raymond-Radiguet-1960-crayonsSerge-Lido-Igor-Stravinsky-et-Jean-Cocteau-1952-rtirage-argentique.jpg?w=449&amp;ssl=1 449w, https:\/\/i0.wp.com\/alaincardenas.com\/blog\/wp-content\/uploads\/2025\/12\/5.-Jean-Cocteau-Portrait-de-Raymond-Radiguet-1960-crayonsSerge-Lido-Igor-Stravinsky-et-Jean-Cocteau-1952-rtirage-argentique.jpg?resize=225%2C300&amp;ssl=1 225w\" sizes=\"(max-width: 449px) 100vw, 449px\" data-recalc-dims=\"1\" \/><\/a><\/figure>\n\n\n\n<figure class=\"wp-block-image size-large\"><a href=\"https:\/\/i0.wp.com\/alaincardenas.com\/blog\/wp-content\/uploads\/2025\/12\/7.-Serge-Lido-Igor-Stravinsky-ett-Jean-Cocteau-1952-tirage-argentique.jpg?ssl=1\"><img data-attachment-id=\"9317\" data-permalink=\"https:\/\/alaincardenas.com\/blog\/portraits-autoportraits-jean-cocteau-et-ses-amis-au-musee-du-bastion\/7-serge-lido-igor-stravinsky-ett-jean-cocteau-1952-tirage-argentique\/\" data-orig-file=\"https:\/\/i0.wp.com\/alaincardenas.com\/blog\/wp-content\/uploads\/2025\/12\/7.-Serge-Lido-Igor-Stravinsky-ett-Jean-Cocteau-1952-tirage-argentique.jpg?fit=777%2C600&amp;ssl=1\" data-orig-size=\"777,600\" data-comments-opened=\"0\" data-image-meta=\"{&quot;aperture&quot;:&quot;0&quot;,&quot;credit&quot;:&quot;&quot;,&quot;camera&quot;:&quot;&quot;,&quot;caption&quot;:&quot;&quot;,&quot;created_timestamp&quot;:&quot;0&quot;,&quot;copyright&quot;:&quot;&quot;,&quot;focal_length&quot;:&quot;0&quot;,&quot;iso&quot;:&quot;0&quot;,&quot;shutter_speed&quot;:&quot;0&quot;,&quot;title&quot;:&quot;&quot;,&quot;orientation&quot;:&quot;1&quot;}\" data-image-title=\"7. Serge Lido, Igor Stravinsky ett Jean Cocteau, 1952, tirage argentique\" data-image-description=\"\" data-image-caption=\"\" data-medium-file=\"https:\/\/i0.wp.com\/alaincardenas.com\/blog\/wp-content\/uploads\/2025\/12\/7.-Serge-Lido-Igor-Stravinsky-ett-Jean-Cocteau-1952-tirage-argentique.jpg?fit=300%2C232&amp;ssl=1\" data-large-file=\"https:\/\/i0.wp.com\/alaincardenas.com\/blog\/wp-content\/uploads\/2025\/12\/7.-Serge-Lido-Igor-Stravinsky-ett-Jean-Cocteau-1952-tirage-argentique.jpg?fit=584%2C451&amp;ssl=1\" decoding=\"async\" loading=\"lazy\" width=\"584\" height=\"451\" data-id=\"9317\"  src=\"https:\/\/i0.wp.com\/alaincardenas.com\/blog\/wp-content\/uploads\/2025\/12\/7.-Serge-Lido-Igor-Stravinsky-ett-Jean-Cocteau-1952-tirage-argentique.jpg?resize=584%2C451&#038;ssl=1\" alt=\"\" class=\"wp-image-9317\" srcset=\"https:\/\/i0.wp.com\/alaincardenas.com\/blog\/wp-content\/uploads\/2025\/12\/7.-Serge-Lido-Igor-Stravinsky-ett-Jean-Cocteau-1952-tirage-argentique.jpg?w=777&amp;ssl=1 777w, https:\/\/i0.wp.com\/alaincardenas.com\/blog\/wp-content\/uploads\/2025\/12\/7.-Serge-Lido-Igor-Stravinsky-ett-Jean-Cocteau-1952-tirage-argentique.jpg?resize=300%2C232&amp;ssl=1 300w, https:\/\/i0.wp.com\/alaincardenas.com\/blog\/wp-content\/uploads\/2025\/12\/7.-Serge-Lido-Igor-Stravinsky-ett-Jean-Cocteau-1952-tirage-argentique.jpg?resize=768%2C593&amp;ssl=1 768w, https:\/\/i0.wp.com\/alaincardenas.com\/blog\/wp-content\/uploads\/2025\/12\/7.-Serge-Lido-Igor-Stravinsky-ett-Jean-Cocteau-1952-tirage-argentique.jpg?resize=389%2C300&amp;ssl=1 389w\" sizes=\"(max-width: 584px) 100vw, 584px\" data-recalc-dims=\"1\" \/><\/a><\/figure>\n\n\n\n<figure class=\"wp-block-image size-large\"><a href=\"https:\/\/i0.wp.com\/alaincardenas.com\/blog\/wp-content\/uploads\/2025\/12\/8.-Jean-Cocteau-Yul-Bryner.jpg?ssl=1\"><img data-attachment-id=\"9318\" data-permalink=\"https:\/\/alaincardenas.com\/blog\/portraits-autoportraits-jean-cocteau-et-ses-amis-au-musee-du-bastion\/8-jean-cocteau-yul-bryner\/\" data-orig-file=\"https:\/\/i0.wp.com\/alaincardenas.com\/blog\/wp-content\/uploads\/2025\/12\/8.-Jean-Cocteau-Yul-Bryner.jpg?fit=600%2C800&amp;ssl=1\" data-orig-size=\"600,800\" data-comments-opened=\"0\" data-image-meta=\"{&quot;aperture&quot;:&quot;0&quot;,&quot;credit&quot;:&quot;&quot;,&quot;camera&quot;:&quot;&quot;,&quot;caption&quot;:&quot;&quot;,&quot;created_timestamp&quot;:&quot;0&quot;,&quot;copyright&quot;:&quot;&quot;,&quot;focal_length&quot;:&quot;0&quot;,&quot;iso&quot;:&quot;0&quot;,&quot;shutter_speed&quot;:&quot;0&quot;,&quot;title&quot;:&quot;&quot;,&quot;orientation&quot;:&quot;1&quot;}\" data-image-title=\"8. Jean Cocteau, Yul Bryner\" data-image-description=\"\" data-image-caption=\"\" data-medium-file=\"https:\/\/i0.wp.com\/alaincardenas.com\/blog\/wp-content\/uploads\/2025\/12\/8.-Jean-Cocteau-Yul-Bryner.jpg?fit=225%2C300&amp;ssl=1\" data-large-file=\"https:\/\/i0.wp.com\/alaincardenas.com\/blog\/wp-content\/uploads\/2025\/12\/8.-Jean-Cocteau-Yul-Bryner.jpg?fit=584%2C779&amp;ssl=1\" decoding=\"async\" loading=\"lazy\" width=\"584\" height=\"779\" data-id=\"9318\"  src=\"https:\/\/i0.wp.com\/alaincardenas.com\/blog\/wp-content\/uploads\/2025\/12\/8.-Jean-Cocteau-Yul-Bryner.jpg?resize=584%2C779&#038;ssl=1\" alt=\"\" class=\"wp-image-9318\" srcset=\"https:\/\/i0.wp.com\/alaincardenas.com\/blog\/wp-content\/uploads\/2025\/12\/8.-Jean-Cocteau-Yul-Bryner.jpg?w=600&amp;ssl=1 600w, https:\/\/i0.wp.com\/alaincardenas.com\/blog\/wp-content\/uploads\/2025\/12\/8.-Jean-Cocteau-Yul-Bryner.jpg?resize=225%2C300&amp;ssl=1 225w\" sizes=\"(max-width: 584px) 100vw, 584px\" data-recalc-dims=\"1\" \/><\/a><\/figure>\n<\/figure>\n\n\n\n<hr class=\"wp-block-separator has-alpha-channel-opacity\"\/>\n\n\n\n<p>Ci-dessus, de gauche \u00e0 droite. (ill. 5) Jean Cocteau. <em>Portrait de Raymond Radiguet <\/em>(1960), crayons ; (ill. 7) Serge Lido, Igor Stravinsky et Jean Cocteau (1952), tirage argentique ; (ill. 8) Jean Cocteau. <em>Portrait de Yul Brynner<\/em> (1961)<\/p>\n\n\n\n<hr class=\"wp-block-separator has-alpha-channel-opacity\"\/>\n\n\n\n<p>Les amis de Cocteau sont nombreux, Max, Jacob, Jean Hugo, de c\u0153ur ou de plume. Le cin\u00e9ma (Yvonne de Bray, \u00c9dith Piaf, \u2026), la musique, autant de disciplines comme aussi les liens avec les \u00e9crivains, acteurs, peintres, d\u00e9corateurs, photographes et sculpteurs, sont des visages \u00e0 interroger et \u00e0 restituer, une symbiose entre cr\u00e9ation et dialogue visuel ou graphique (ill.7 et 8). Le sculpteur Fenosa r\u00e9alise plusieurs portraits de Cocteau, des \u0153uvres pr\u00eat\u00e9es pour l&rsquo;occasion tandis que des \u0153uvres de Cocteau sont expos\u00e9es au mus\u00e9e Fenosa pour l&rsquo;exposition \u00ab&nbsp;Le cercle lumineux entre Cocteau et Fenosa&nbsp;\u00bb.<\/p>\n\n\n\n<p>D&rsquo;autres amiti\u00e9s sont \u00e9voqu\u00e9es avec Stravinsky, Picasso, Colette, Satie, Diaghilev. Enfin des regards contemporains sont rassembl\u00e9s avec des pr\u00eats d&rsquo;\u0153uvres de Zhang Hua (ill.11) (1898-1970), Yvonne Bilis R\u00e9gnier (1921-2017) (ill. 9 et 10), Fran\u00e7ois Bret, etc. Cette manifestation montre une continuit\u00e9 dans le travail sur les fonds du Mus\u00e9e, ses nouvelles acquisitions et la connaissance des artistes qui ont fr\u00e9quent\u00e9 Cocteau, artistes, fran\u00e7ais ou \u00e9trangers ayant v\u00e9cu<\/p>\n\n\n\n<figure class=\"wp-block-gallery has-nested-images columns-default is-cropped wp-block-gallery-7 is-layout-flex\">\n<figure class=\"wp-block-image size-large\"><a href=\"https:\/\/i0.wp.com\/alaincardenas.com\/blog\/wp-content\/uploads\/2025\/12\/9.-Yvonne-Bilis-Regnier-Portrait-de-J.-Cocteau-crayon305-x-215-cm.jpg?ssl=1\"><img data-attachment-id=\"9319\" data-permalink=\"https:\/\/alaincardenas.com\/blog\/portraits-autoportraits-jean-cocteau-et-ses-amis-au-musee-du-bastion\/9-yvonne-bilis-regnier-portrait-de-j-cocteau-crayon305-x-215-cm\/\" data-orig-file=\"https:\/\/i0.wp.com\/alaincardenas.com\/blog\/wp-content\/uploads\/2025\/12\/9.-Yvonne-Bilis-Regnier-Portrait-de-J.-Cocteau-crayon305-x-215-cm.jpg?fit=434%2C600&amp;ssl=1\" data-orig-size=\"434,600\" data-comments-opened=\"0\" data-image-meta=\"{&quot;aperture&quot;:&quot;0&quot;,&quot;credit&quot;:&quot;&quot;,&quot;camera&quot;:&quot;&quot;,&quot;caption&quot;:&quot;&quot;,&quot;created_timestamp&quot;:&quot;1742661872&quot;,&quot;copyright&quot;:&quot;&quot;,&quot;focal_length&quot;:&quot;0&quot;,&quot;iso&quot;:&quot;0&quot;,&quot;shutter_speed&quot;:&quot;0&quot;,&quot;title&quot;:&quot;&quot;,&quot;orientation&quot;:&quot;1&quot;}\" data-image-title=\"9. Yvonne Bilis Re\u0301gnier, Portrait de J. Cocteau, crayon,30,5 x 21,5 cm\" data-image-description=\"\" data-image-caption=\"\" data-medium-file=\"https:\/\/i0.wp.com\/alaincardenas.com\/blog\/wp-content\/uploads\/2025\/12\/9.-Yvonne-Bilis-Regnier-Portrait-de-J.-Cocteau-crayon305-x-215-cm.jpg?fit=217%2C300&amp;ssl=1\" data-large-file=\"https:\/\/i0.wp.com\/alaincardenas.com\/blog\/wp-content\/uploads\/2025\/12\/9.-Yvonne-Bilis-Regnier-Portrait-de-J.-Cocteau-crayon305-x-215-cm.jpg?fit=434%2C600&amp;ssl=1\" decoding=\"async\" loading=\"lazy\" width=\"434\" height=\"600\" data-id=\"9319\"  src=\"https:\/\/i0.wp.com\/alaincardenas.com\/blog\/wp-content\/uploads\/2025\/12\/9.-Yvonne-Bilis-Regnier-Portrait-de-J.-Cocteau-crayon305-x-215-cm.jpg?resize=434%2C600&#038;ssl=1\" alt=\"\" class=\"wp-image-9319\" srcset=\"https:\/\/i0.wp.com\/alaincardenas.com\/blog\/wp-content\/uploads\/2025\/12\/9.-Yvonne-Bilis-Regnier-Portrait-de-J.-Cocteau-crayon305-x-215-cm.jpg?w=434&amp;ssl=1 434w, https:\/\/i0.wp.com\/alaincardenas.com\/blog\/wp-content\/uploads\/2025\/12\/9.-Yvonne-Bilis-Regnier-Portrait-de-J.-Cocteau-crayon305-x-215-cm.jpg?resize=217%2C300&amp;ssl=1 217w\" sizes=\"(max-width: 434px) 100vw, 434px\" data-recalc-dims=\"1\" \/><\/a><\/figure>\n\n\n\n<figure class=\"wp-block-image size-large\"><a href=\"https:\/\/i0.wp.com\/alaincardenas.com\/blog\/wp-content\/uploads\/2025\/12\/10.-Yvonne-Bilis-Regnier-Portrait-de-J.-Cocteau-sd-305-x-22-cm.jpg?ssl=1\"><img data-attachment-id=\"9320\" data-permalink=\"https:\/\/alaincardenas.com\/blog\/portraits-autoportraits-jean-cocteau-et-ses-amis-au-musee-du-bastion\/10-yvonne-bilis-regnier-portrait-de-j-cocteau-sd-305-x-22-cm\/\" data-orig-file=\"https:\/\/i0.wp.com\/alaincardenas.com\/blog\/wp-content\/uploads\/2025\/12\/10.-Yvonne-Bilis-Regnier-Portrait-de-J.-Cocteau-sd-305-x-22-cm.jpg?fit=428%2C600&amp;ssl=1\" data-orig-size=\"428,600\" data-comments-opened=\"0\" data-image-meta=\"{&quot;aperture&quot;:&quot;0&quot;,&quot;credit&quot;:&quot;&quot;,&quot;camera&quot;:&quot;&quot;,&quot;caption&quot;:&quot;&quot;,&quot;created_timestamp&quot;:&quot;1742667601&quot;,&quot;copyright&quot;:&quot;&quot;,&quot;focal_length&quot;:&quot;0&quot;,&quot;iso&quot;:&quot;0&quot;,&quot;shutter_speed&quot;:&quot;0&quot;,&quot;title&quot;:&quot;&quot;,&quot;orientation&quot;:&quot;1&quot;}\" data-image-title=\"10. Yvonne Bilis Re\u0301gnier, Portrait de J. Cocteau, sd, 30,5 x 22 cm\" data-image-description=\"\" data-image-caption=\"\" data-medium-file=\"https:\/\/i0.wp.com\/alaincardenas.com\/blog\/wp-content\/uploads\/2025\/12\/10.-Yvonne-Bilis-Regnier-Portrait-de-J.-Cocteau-sd-305-x-22-cm.jpg?fit=214%2C300&amp;ssl=1\" data-large-file=\"https:\/\/i0.wp.com\/alaincardenas.com\/blog\/wp-content\/uploads\/2025\/12\/10.-Yvonne-Bilis-Regnier-Portrait-de-J.-Cocteau-sd-305-x-22-cm.jpg?fit=428%2C600&amp;ssl=1\" decoding=\"async\" loading=\"lazy\" width=\"428\" height=\"600\" data-id=\"9320\"  src=\"https:\/\/i0.wp.com\/alaincardenas.com\/blog\/wp-content\/uploads\/2025\/12\/10.-Yvonne-Bilis-Regnier-Portrait-de-J.-Cocteau-sd-305-x-22-cm.jpg?resize=428%2C600&#038;ssl=1\" alt=\"\" class=\"wp-image-9320\" srcset=\"https:\/\/i0.wp.com\/alaincardenas.com\/blog\/wp-content\/uploads\/2025\/12\/10.-Yvonne-Bilis-Regnier-Portrait-de-J.-Cocteau-sd-305-x-22-cm.jpg?w=428&amp;ssl=1 428w, https:\/\/i0.wp.com\/alaincardenas.com\/blog\/wp-content\/uploads\/2025\/12\/10.-Yvonne-Bilis-Regnier-Portrait-de-J.-Cocteau-sd-305-x-22-cm.jpg?resize=214%2C300&amp;ssl=1 214w\" sizes=\"(max-width: 428px) 100vw, 428px\" data-recalc-dims=\"1\" \/><\/a><\/figure>\n\n\n\n<figure class=\"wp-block-image size-large\"><a href=\"https:\/\/i0.wp.com\/alaincardenas.com\/blog\/wp-content\/uploads\/2025\/09\/Zhang-Hua-Portrait-de-Jean-Cocteau-ca-annees-60-crayons-de-couleur-32-x-24-cm.jpg?ssl=1\"><img data-attachment-id=\"9124\" data-permalink=\"https:\/\/alaincardenas.com\/blog\/a-propos-dun-double-portrait-de-jean-marais\/zhang-hua-portrait-de-jean-cocteau-ca-annees-60-crayons-de-couleur-32-x-24-cm\/\" data-orig-file=\"https:\/\/i0.wp.com\/alaincardenas.com\/blog\/wp-content\/uploads\/2025\/09\/Zhang-Hua-Portrait-de-Jean-Cocteau-ca-annees-60-crayons-de-couleur-32-x-24-cm.jpg?fit=455%2C600&amp;ssl=1\" data-orig-size=\"455,600\" data-comments-opened=\"0\" data-image-meta=\"{&quot;aperture&quot;:&quot;1.78&quot;,&quot;credit&quot;:&quot;&quot;,&quot;camera&quot;:&quot;iPhone 14 Pro&quot;,&quot;caption&quot;:&quot;42\\\/ Zhang Hua, portrait de Cocteau, signe\\u0301 non date\\u0301, crayon de couleur sur papier, 33 x 25 cm&quot;,&quot;created_timestamp&quot;:&quot;1728313924&quot;,&quot;copyright&quot;:&quot;&quot;,&quot;focal_length&quot;:&quot;6.86&quot;,&quot;iso&quot;:&quot;320&quot;,&quot;shutter_speed&quot;:&quot;0.016666666666667&quot;,&quot;title&quot;:&quot;&quot;,&quot;orientation&quot;:&quot;1&quot;}\" data-image-title=\"\" data-image-description=\"\" data-image-caption=\"\" data-medium-file=\"https:\/\/i0.wp.com\/alaincardenas.com\/blog\/wp-content\/uploads\/2025\/09\/Zhang-Hua-Portrait-de-Jean-Cocteau-ca-annees-60-crayons-de-couleur-32-x-24-cm.jpg?fit=228%2C300&amp;ssl=1\" data-large-file=\"https:\/\/i0.wp.com\/alaincardenas.com\/blog\/wp-content\/uploads\/2025\/09\/Zhang-Hua-Portrait-de-Jean-Cocteau-ca-annees-60-crayons-de-couleur-32-x-24-cm.jpg?fit=455%2C600&amp;ssl=1\" decoding=\"async\" loading=\"lazy\" width=\"455\" height=\"600\" data-id=\"9124\"  src=\"https:\/\/i0.wp.com\/alaincardenas.com\/blog\/wp-content\/uploads\/2025\/09\/Zhang-Hua-Portrait-de-Jean-Cocteau-ca-annees-60-crayons-de-couleur-32-x-24-cm.jpg?resize=455%2C600&#038;ssl=1\" alt=\"\" class=\"wp-image-9124\" srcset=\"https:\/\/i0.wp.com\/alaincardenas.com\/blog\/wp-content\/uploads\/2025\/09\/Zhang-Hua-Portrait-de-Jean-Cocteau-ca-annees-60-crayons-de-couleur-32-x-24-cm.jpg?w=455&amp;ssl=1 455w, https:\/\/i0.wp.com\/alaincardenas.com\/blog\/wp-content\/uploads\/2025\/09\/Zhang-Hua-Portrait-de-Jean-Cocteau-ca-annees-60-crayons-de-couleur-32-x-24-cm.jpg?resize=228%2C300&amp;ssl=1 228w\" sizes=\"(max-width: 455px) 100vw, 455px\" data-recalc-dims=\"1\" \/><\/a><\/figure>\n<\/figure>\n\n\n\n<hr class=\"wp-block-separator has-alpha-channel-opacity\"\/>\n\n\n\n<p>(ill. 9) Yvonne Bilis Re\u0301gnier, <em>Portrait de Jean Cocteau<\/em>, crayon, 30,5 x 21,5 cm ; (ill. 10) Yvonne Bilis Re\u0301gnier, <em>Portrait de Jean Cocteau<\/em> (sd), 30,5 x 22 cm ; (ill. 11) Zhang Hua. <em>Portrait de Jean Cocteau<\/em> (ca anne\u0301es 1960), crayons de couleur, 32 x 24 cm<\/p>\n\n\n\n<hr class=\"wp-block-separator has-alpha-channel-opacity\"\/>\n\n\n\n<p>&nbsp;Un catalogue bien illustr\u00e9 (ill.3) accompagne cette manifestation qui est aussi d\u2019une part un \u00e9v\u00e9nement tout \u00e0 fait propice \u00e0 cet angle de vue particulier et large sur l\u2019int\u00e9r\u00eat du portrait, comme, d\u2019autre part, ce type de sujet \u00e9largit le cr\u00e9neau chronologique li\u00e9 \u00e0 l\u2019artiste du lieu \u2014 Cocteau \u2014 et, dans ce sillage, induit, comme pour tout \u00e9tablissement consacr\u00e9 \u00e0 un cr\u00e9ateur particulier, un int\u00e9r\u00eat nouveau sur un personnage a priori d\u00e9j\u00e0 bien cern\u00e9.<\/p>\n\n\n\n<p>A ce propos, comme l\u2019indiquait Christine Richard, conseill\u00e8re artistique sinisante, lors d\u2019\u00e9changes avec les membres de l\u2019\u00e9quipe municipale \u00ab&nbsp;la place de Cocteau est en ce 21<sup>e<\/sup> si\u00e8cle complexe, est tout autant \u00e0 l\u2019Ouest, ses racines, qu\u2019\u00e0 l\u2019Est, en particulier dans l\u2019Asie sinis\u00e9e. En effet, l\u2019imaginaire chinois se nourrit sans cesse de l\u2019apport de textes aux approches complexes, tao\u00efsantes, bouddhiques ou syncr\u00e9tiques. Ainsi, l\u2019imaginaire po\u00e9tique de Cocteau me semble parfois bien en phase avec ce <em>Classique des Monts et des<\/em> <em>mers<\/em>&nbsp;au contenu po\u00e9tique si dense. Ce vecteur d\u2019images et de sollicitations intellectuelles justifierait pleinement qu\u2019une exposition d\u2019ampleur des \u0153uvres de Cocteau ait lieu en Chine&nbsp;\u00bb.<\/p>\n\n\n\n<p>A suivre.<\/p>\n","protected":false},"excerpt":{"rendered":"<p>\u8096\u50cf &#8211; \u81ea\u753b\u50cf\uff0c\u5c1a\u00b7\u79d1\u514b\u6258 (Jean Cocteau) \u4e0e\u4ed6\u7684\u670b\u53cb\u4eec\uff0c\u8499\u901a\u5df4\u65af\u8482\u6602\u535a\u7269\u9986\u7684\u521b\u4f5c\u8005 par Christophe Comentale Mus\u00e9e du Bastion, Quai Napol\u00e9on III, Menton. Ouvert tous les jours (sauf mardi, 25 d\u00e9cembre, 1er janvier et 1er mai), de 10h \u00e0 12h30 et de 14h \u00e0 18h. L\u2019exposition a &hellip; <a href=\"https:\/\/alaincardenas.com\/blog\/portraits-autoportraits-jean-cocteau-et-ses-amis-au-musee-du-bastion\/\">Continuer la lecture <span class=\"meta-nav\">&rarr;<\/span><\/a><\/p>\n","protected":false},"author":1,"featured_media":0,"comment_status":"closed","ping_status":"closed","sticky":false,"template":"","format":"standard","meta":{"sfsi_plus_gutenberg_text_before_share":"","sfsi_plus_gutenberg_show_text_before_share":"","sfsi_plus_gutenberg_icon_type":"","sfsi_plus_gutenberg_icon_alignemt":"","sfsi_plus_gutenburg_max_per_row":"","jetpack_post_was_ever_published":false,"_jetpack_newsletter_access":"","_jetpack_newsletter_tier_id":0,"jetpack_publicize_message":"","jetpack_is_tweetstorm":false,"jetpack_publicize_feature_enabled":true,"jetpack_social_post_already_shared":true,"jetpack_social_options":{"image_generator_settings":{"template":"highway","enabled":false}}},"categories":[41,42,21],"tags":[32,8,9,39,35],"jetpack_publicize_connections":[],"jetpack_featured_media_url":"","jetpack_sharing_enabled":true,"jetpack_shortlink":"https:\/\/wp.me\/p8Mijt-2q9","jetpack_likes_enabled":true,"jetpack-related-posts":[{"id":9122,"url":"https:\/\/alaincardenas.com\/blog\/a-propos-dun-double-portrait-de-jean-marais\/","url_meta":{"origin":9309,"position":0},"title":"A PROPOS D&rsquo;UN DOUBLE PORTRAIT DE JEAN MARAIS PAR JEAN COCTEAU","author":"admin","date":"2025-09-15","format":false,"excerpt":"par Christophe Comentale Jean Cocteau, Etude (ca 1943), plume, lavis et graphite, 11 \u00d7 14, 5 cm. Au coin inf\u00e9rieur gauche de l\u2019\u0153uvre est pr\u00e9sente l\u2019\u00e9toile-signature que Cocteau porte sur tous ses dessins, le plus souvent avec soit l\u2019initiale du pr\u00e9nom, soit le pr\u00e9nom \u00e9crit en entier ou bien le\u2026","rel":"","context":"Dans &quot;Europe&quot;","block_context":{"text":"Europe","link":"https:\/\/alaincardenas.com\/blog\/category\/europe\/"},"img":{"alt_text":"","src":"https:\/\/i0.wp.com\/alaincardenas.com\/blog\/wp-content\/uploads\/2025\/09\/YBR-attr.-Portrait-de-Cocteau-crayon-22-x-305-cm-sd.jpg?resize=350%2C200&ssl=1","width":350,"height":200},"classes":[]},{"id":9190,"url":"https:\/\/alaincardenas.com\/blog\/zhang-hua-le-visiteur-inattendu-et-discret-de-cocteau-et-de-van-dongen-a-paris-14e\/","url_meta":{"origin":9309,"position":1},"title":"Zhang Hua, le visiteur inattendu et discret de Cocteau et de Van Dongen \u00e0 Paris 14e","author":"admin","date":"2025-09-22","format":false,"excerpt":"par Alain Cardenas-Castro Exposition Zhang Hua, Espace F360 Librairie Galerie Salon de Th\u00e9, 5, rue Mignon, Paris 6e. Exposition du 23 septembre au 18 octobre 2025, vernissage le 25 septembre de 18 \u00e0 21 h. Le samedi 4 octobre, de 15 h \u00e0 17 h, conf\u00e9rence de M. Christophe Comentale\u2026","rel":"","context":"Dans &quot;Asie&quot;","block_context":{"text":"Asie","link":"https:\/\/alaincardenas.com\/blog\/category\/asie\/"},"img":{"alt_text":"","src":"https:\/\/i0.wp.com\/alaincardenas.com\/blog\/wp-content\/uploads\/2025\/09\/carte-inviitation-expo-Zhang-Hua.jpg?resize=350%2C200&ssl=1","width":350,"height":200},"classes":[]},{"id":8874,"url":"https:\/\/alaincardenas.com\/blog\/jean-cocteau-et-ses-amis-artistes-etrangers-de-dominique-dalozo-a-zhang-hua-quelques-remarques\/","url_meta":{"origin":9309,"position":2},"title":"JEAN COCTEAU ET SES AMIS ARTISTES ETRANGERS, DE DOMINIQUE DALOZO A ZHANG HUA. Quelques remarques","author":"admin","date":"2025-05-01","format":false,"excerpt":"\u8ba9\u00b7\u79d1\u514b \u6258 (1882-1973)\u548c\u4ed6\u7684\u670b\u53cb\u4f5c\u4e3a\u5916\u56fd\u827a\u672f\u5bb6\uff0c\u4ece\u591a\u7c73\u5c3c\u514b\u00b7\u8fbe\u6d1b\u4f50\u5230\u5f20\u534e Jean Cocteau and his friends as foreign artists, from Dominique Dalozo to Zhang Hua. A few remarks par Christophe Comentale Parmi ses multiples relations dans le milieu culturel, outre les pr\u00e9sences de Tsugaru Fujita et Kees Van Dongen, au moins trois autres amis \u00e9trangers ont fr\u00e9quent\u00e9 Jean\u2026","rel":"","context":"Dans &quot;Asie&quot;","block_context":{"text":"Asie","link":"https:\/\/alaincardenas.com\/blog\/category\/asie\/"},"img":{"alt_text":"","src":"https:\/\/i0.wp.com\/alaincardenas.com\/blog\/wp-content\/uploads\/2023\/10\/1.4-Zhang-Hua-Autoportrait-raie-au-milieu-ca-1950.jpg?resize=350%2C200&ssl=1","width":350,"height":200},"classes":[]},{"id":8146,"url":"https:\/\/alaincardenas.com\/blog\/objets-et-collections-9-a-propos-dune-etude-de-charles-blanc-apparue-sur-le-marche-de-lart-recemment\/","url_meta":{"origin":9309,"position":3},"title":"OBJETS ET COLLECTIONS (9). A propos d\u2019une \u00e9tude de Charles Blanc apparue sur le march\u00e9 de l\u2019art r\u00e9cemment","author":"admin","date":"2024-08-23","format":false,"excerpt":"par Christophe Comentale Les d\u00e9couvertes d\u2019\u0153uvres r\u00e9alis\u00e9es par les peintres actifs durant la premi\u00e8re moiti\u00e9 du 20e si\u00e8cle ne cessent de se multiplier au fil des disparitions qui g\u00e9n\u00e8rent des successions parfois importantes et se terminent, pour beaucoup, par des mises \u00e0 disposition d\u2019\u0153uvres sur le march\u00e9 de l\u2019art, les\u2026","rel":"","context":"Dans &quot;Europe&quot;","block_context":{"text":"Europe","link":"https:\/\/alaincardenas.com\/blog\/category\/europe\/"},"img":{"alt_text":"","src":"https:\/\/i0.wp.com\/alaincardenas.com\/blog\/wp-content\/uploads\/2024\/08\/Charles-Blanc-Scene-de-chasse-a-lantique-1953-12-x-37-cm-acq-Vanves-180824.jpg?resize=350%2C200&ssl=1","width":350,"height":200,"srcset":"https:\/\/i0.wp.com\/alaincardenas.com\/blog\/wp-content\/uploads\/2024\/08\/Charles-Blanc-Scene-de-chasse-a-lantique-1953-12-x-37-cm-acq-Vanves-180824.jpg?resize=350%2C200&ssl=1 1x, https:\/\/i0.wp.com\/alaincardenas.com\/blog\/wp-content\/uploads\/2024\/08\/Charles-Blanc-Scene-de-chasse-a-lantique-1953-12-x-37-cm-acq-Vanves-180824.jpg?resize=525%2C300&ssl=1 1.5x, https:\/\/i0.wp.com\/alaincardenas.com\/blog\/wp-content\/uploads\/2024\/08\/Charles-Blanc-Scene-de-chasse-a-lantique-1953-12-x-37-cm-acq-Vanves-180824.jpg?resize=700%2C400&ssl=1 2x"},"classes":[]},{"id":6053,"url":"https:\/\/alaincardenas.com\/blog\/derniere-et-fin-edwige-pluchard-au-musee-chinois-du-quotidien\/","url_meta":{"origin":9309,"position":4},"title":"DERNIERE et FIN \/ Edwige Pluchard  > Au mus\u00e9e chinois du quotidien","author":"admin","date":"2021-12-12","format":false,"excerpt":"A la fin du mois de d\u00e9cembre 2021 aura disparu un mus\u00e9e d\u2019o\u00f9 les souverains chinois sont \u00e9vinc\u00e9s par la production des objets du quotidien, alors dignes d\u2019un regard. Avec son attention \u00e0 la Chine du quotidien, Fran\u00e7ois Dautresme a montr\u00e9 qu\u2019un objet populaire peut \u00eatre beau quel que soit\u2026","rel":"","context":"Dans &quot;Asie&quot;","block_context":{"text":"Asie","link":"https:\/\/alaincardenas.com\/blog\/category\/asie\/"},"img":{"alt_text":"","src":"https:\/\/i0.wp.com\/alaincardenas.com\/blog\/wp-content\/uploads\/2021\/12\/IMG_5843-copie.jpg?resize=350%2C200","width":350,"height":200},"classes":[]},{"id":756,"url":"https:\/\/alaincardenas.com\/blog\/art-in-situ-un-projet-art-mural-et-science-au-museum-national-dhistoire-naturelle\/","url_meta":{"origin":9309,"position":5},"title":"Art in situ, un projet art (mural) et science au Mus\u00e9um national d\u2019Histoire naturelle","author":"admin","date":"2017-10-29","format":false,"excerpt":"par Alain Cardenas-Castro L\u2019esprit des lieux\u00a0: de l\u2019ancien au nouveau Mus\u00e9e de l\u2019Homme Le nouveau Mus\u00e9e de l\u2019Homme est issu d\u2019une histoire complexe. Il est d\u2019abord l\u2019h\u00e9ritier du Mus\u00e9e d\u2019ethnographie du Trocad\u00e9ro fond\u00e9 en 1878 qui s\u2019est m\u00e9tamorphos\u00e9 ensuite en Mus\u00e9e de l\u2019Homme gr\u00e2ce \u00e0 son fondateur Paul Rivet. Nous\u2026","rel":"","context":"Dans &quot;\u00c9v\u00e9nement&quot;","block_context":{"text":"\u00c9v\u00e9nement","link":"https:\/\/alaincardenas.com\/blog\/category\/evenement\/"},"img":{"alt_text":"","src":"https:\/\/i0.wp.com\/alaincardenas.com\/blog\/wp-content\/uploads\/2023\/06\/JCD_4714-1.jpg?resize=350%2C200&ssl=1","width":350,"height":200},"classes":[]}],"_links":{"self":[{"href":"https:\/\/alaincardenas.com\/blog\/wp-json\/wp\/v2\/posts\/9309"}],"collection":[{"href":"https:\/\/alaincardenas.com\/blog\/wp-json\/wp\/v2\/posts"}],"about":[{"href":"https:\/\/alaincardenas.com\/blog\/wp-json\/wp\/v2\/types\/post"}],"author":[{"embeddable":true,"href":"https:\/\/alaincardenas.com\/blog\/wp-json\/wp\/v2\/users\/1"}],"replies":[{"embeddable":true,"href":"https:\/\/alaincardenas.com\/blog\/wp-json\/wp\/v2\/comments?post=9309"}],"version-history":[{"count":10,"href":"https:\/\/alaincardenas.com\/blog\/wp-json\/wp\/v2\/posts\/9309\/revisions"}],"predecessor-version":[{"id":9335,"href":"https:\/\/alaincardenas.com\/blog\/wp-json\/wp\/v2\/posts\/9309\/revisions\/9335"}],"wp:attachment":[{"href":"https:\/\/alaincardenas.com\/blog\/wp-json\/wp\/v2\/media?parent=9309"}],"wp:term":[{"taxonomy":"category","embeddable":true,"href":"https:\/\/alaincardenas.com\/blog\/wp-json\/wp\/v2\/categories?post=9309"},{"taxonomy":"post_tag","embeddable":true,"href":"https:\/\/alaincardenas.com\/blog\/wp-json\/wp\/v2\/tags?post=9309"}],"curies":[{"name":"wp","href":"https:\/\/api.w.org\/{rel}","templated":true}]}}