{"id":9266,"date":"2025-11-23T20:42:46","date_gmt":"2025-11-23T19:42:46","guid":{"rendered":"https:\/\/alaincardenas.com\/blog\/?p=9266"},"modified":"2025-12-05T19:25:49","modified_gmt":"2025-12-05T18:25:49","slug":"sebastien-pignon-le-feuilleteur-kino-distionguo","status":"publish","type":"post","link":"https:\/\/alaincardenas.com\/blog\/sebastien-pignon-le-feuilleteur-kino-distionguo\/","title":{"rendered":"S\u00e9bastien Pignon\u00a0: Kino distinguo"},"content":{"rendered":"\n<p>Librairie-galerie Ofr, 6, rue des filles du calvaire, Paris 75003. Du 27 novembre au 15 d\u00e9cembre 2025, Inauguration le 27 novembre de 15 \u00e0 20 h.<\/p>\n\n\n\n<p><strong>COMPTE-RENDU D\u2019INAUGURATION<\/strong><\/p>\n\n\n\n<p>par Christophe Comentale<\/p>\n\n\n<div class=\"wp-block-image\">\n<figure class=\"aligncenter size-full is-resized\"><a href=\"https:\/\/i0.wp.com\/alaincardenas.com\/blog\/wp-content\/uploads\/2025\/11\/IMG_1956.jpg?ssl=1\"><img data-attachment-id=\"9290\" data-permalink=\"https:\/\/alaincardenas.com\/blog\/sebastien-pignon-le-feuilleteur-kino-distionguo\/img_1956\/\" data-orig-file=\"https:\/\/i0.wp.com\/alaincardenas.com\/blog\/wp-content\/uploads\/2025\/11\/IMG_1956.jpg?fit=800%2C577&amp;ssl=1\" data-orig-size=\"800,577\" data-comments-opened=\"0\" data-image-meta=\"{&quot;aperture&quot;:&quot;1.6&quot;,&quot;credit&quot;:&quot;&quot;,&quot;camera&quot;:&quot;iPhone 15 Plus&quot;,&quot;caption&quot;:&quot;&quot;,&quot;created_timestamp&quot;:&quot;1763624974&quot;,&quot;copyright&quot;:&quot;&quot;,&quot;focal_length&quot;:&quot;5.96&quot;,&quot;iso&quot;:&quot;500&quot;,&quot;shutter_speed&quot;:&quot;0.04&quot;,&quot;title&quot;:&quot;&quot;,&quot;orientation&quot;:&quot;1&quot;}\" data-image-title=\"IMG_1956\" data-image-description=\"\" data-image-caption=\"\" data-medium-file=\"https:\/\/i0.wp.com\/alaincardenas.com\/blog\/wp-content\/uploads\/2025\/11\/IMG_1956.jpg?fit=300%2C216&amp;ssl=1\" data-large-file=\"https:\/\/i0.wp.com\/alaincardenas.com\/blog\/wp-content\/uploads\/2025\/11\/IMG_1956.jpg?fit=584%2C421&amp;ssl=1\" decoding=\"async\" loading=\"lazy\" src=\"https:\/\/i0.wp.com\/alaincardenas.com\/blog\/wp-content\/uploads\/2025\/11\/IMG_1956.jpg?resize=400%2C289&#038;ssl=1\" alt=\"\" class=\"wp-image-9290\" width=\"400\" height=\"289\" srcset=\"https:\/\/i0.wp.com\/alaincardenas.com\/blog\/wp-content\/uploads\/2025\/11\/IMG_1956.jpg?w=800&amp;ssl=1 800w, https:\/\/i0.wp.com\/alaincardenas.com\/blog\/wp-content\/uploads\/2025\/11\/IMG_1956.jpg?resize=300%2C216&amp;ssl=1 300w, https:\/\/i0.wp.com\/alaincardenas.com\/blog\/wp-content\/uploads\/2025\/11\/IMG_1956.jpg?resize=768%2C554&amp;ssl=1 768w, https:\/\/i0.wp.com\/alaincardenas.com\/blog\/wp-content\/uploads\/2025\/11\/IMG_1956.jpg?resize=416%2C300&amp;ssl=1 416w\" sizes=\"(max-width: 400px) 100vw, 400px\" data-recalc-dims=\"1\" \/><\/a><\/figure><\/div>\n\n\n<!--more-->\n\n\n\n<p><strong>Sublimer la jaquette et le bo\u00eetier<\/strong><\/p>\n\n\n\n<p>Apr\u00e8s une somptueuse exposition automnale, premier volet et pr\u00e9sentation d\u2019une collection de jaquettes livres et \u0153uvres peintes originales parmi ses vases c\u00e9ramiques, S\u00e9bastien Pignon (1972, Paris) r\u00e9cidive dans cette librairie \u00e9clectique et toujours aussi d\u00e9complex\u00e9e avec un deuxi\u00e8me volet de quelque 250 \u0153uvres r\u00e9centes rassembl\u00e9es dans une m\u00eame sensibilit\u00e9, avec un souci esth\u00e9tique commun, en privil\u00e9giant des th\u00e8mes et des supports qui lui sont chers face \u00e0 une vision acide et dense de l\u2019univers.<\/p>\n\n\n\n<p>Ses go\u00fbts le portent vers les images con\u00e7ues selon des s\u00e9quences, des s\u00e9ries convergentes. Ainsi, le<em> kinophile<\/em> se r\u00e9approprie une collection de jaquettes CD, une s\u00e9lection de titres des plus embl\u00e9matiques, tous refl\u00e8tent sa libert\u00e9 de vue sur la soci\u00e9t\u00e9. Chacune de cette quarantaine de pi\u00e8ces est rehauss\u00e9e, partiellement calligraphi\u00e9e pour <em>Kino dsitinguo<\/em>. Une s\u00e9rie entre art brut et palimpsestes contemporains : <em>Lacombe Lucien<\/em>, <em>L\u2019\u00e9clipse<\/em>, <em>L\u2019\u00e9vangile selon Saint Matthieu<\/em>, <em>Pierrot le Fou<\/em>,<em> Le m\u00e9pris<\/em>, <em>Gorki Park<\/em>, Le <em>Casanova<\/em> Federico Fellini, <em>Mort \u00e0 Venise<\/em>, \u2026<\/p>\n\n\n\n<figure class=\"wp-block-gallery has-nested-images columns-default is-cropped wp-block-gallery-1 is-layout-flex\">\n<figure class=\"wp-block-image size-large\"><a href=\"https:\/\/i0.wp.com\/alaincardenas.com\/blog\/wp-content\/uploads\/2025\/11\/IMG_1926.jpg?ssl=1\"><img data-attachment-id=\"9267\" data-permalink=\"https:\/\/alaincardenas.com\/blog\/sebastien-pignon-le-feuilleteur-kino-distionguo\/img_1926\/\" data-orig-file=\"https:\/\/i0.wp.com\/alaincardenas.com\/blog\/wp-content\/uploads\/2025\/11\/IMG_1926.jpg?fit=543%2C768&amp;ssl=1\" data-orig-size=\"543,768\" data-comments-opened=\"0\" data-image-meta=\"{&quot;aperture&quot;:&quot;0&quot;,&quot;credit&quot;:&quot;&quot;,&quot;camera&quot;:&quot;&quot;,&quot;caption&quot;:&quot;&quot;,&quot;created_timestamp&quot;:&quot;0&quot;,&quot;copyright&quot;:&quot;&quot;,&quot;focal_length&quot;:&quot;0&quot;,&quot;iso&quot;:&quot;0&quot;,&quot;shutter_speed&quot;:&quot;0&quot;,&quot;title&quot;:&quot;&quot;,&quot;orientation&quot;:&quot;1&quot;}\" data-image-title=\"IMG_1926\" data-image-description=\"\" data-image-caption=\"\" data-medium-file=\"https:\/\/i0.wp.com\/alaincardenas.com\/blog\/wp-content\/uploads\/2025\/11\/IMG_1926.jpg?fit=212%2C300&amp;ssl=1\" data-large-file=\"https:\/\/i0.wp.com\/alaincardenas.com\/blog\/wp-content\/uploads\/2025\/11\/IMG_1926.jpg?fit=543%2C768&amp;ssl=1\" decoding=\"async\" loading=\"lazy\" width=\"543\" height=\"768\" data-id=\"9267\"  src=\"https:\/\/i0.wp.com\/alaincardenas.com\/blog\/wp-content\/uploads\/2025\/11\/IMG_1926.jpg?resize=543%2C768&#038;ssl=1\" alt=\"\" class=\"wp-image-9267\" srcset=\"https:\/\/i0.wp.com\/alaincardenas.com\/blog\/wp-content\/uploads\/2025\/11\/IMG_1926.jpg?w=543&amp;ssl=1 543w, https:\/\/i0.wp.com\/alaincardenas.com\/blog\/wp-content\/uploads\/2025\/11\/IMG_1926.jpg?resize=212%2C300&amp;ssl=1 212w\" sizes=\"(max-width: 543px) 100vw, 543px\" data-recalc-dims=\"1\" \/><\/a><\/figure>\n\n\n\n<figure class=\"wp-block-image size-large\"><a href=\"https:\/\/i0.wp.com\/alaincardenas.com\/blog\/wp-content\/uploads\/2025\/11\/IMG_1927.jpg?ssl=1\"><img data-attachment-id=\"9268\" data-permalink=\"https:\/\/alaincardenas.com\/blog\/sebastien-pignon-le-feuilleteur-kino-distionguo\/img_1927\/\" data-orig-file=\"https:\/\/i0.wp.com\/alaincardenas.com\/blog\/wp-content\/uploads\/2025\/11\/IMG_1927.jpg?fit=541%2C768&amp;ssl=1\" data-orig-size=\"541,768\" data-comments-opened=\"0\" data-image-meta=\"{&quot;aperture&quot;:&quot;0&quot;,&quot;credit&quot;:&quot;&quot;,&quot;camera&quot;:&quot;&quot;,&quot;caption&quot;:&quot;&quot;,&quot;created_timestamp&quot;:&quot;0&quot;,&quot;copyright&quot;:&quot;&quot;,&quot;focal_length&quot;:&quot;0&quot;,&quot;iso&quot;:&quot;0&quot;,&quot;shutter_speed&quot;:&quot;0&quot;,&quot;title&quot;:&quot;&quot;,&quot;orientation&quot;:&quot;1&quot;}\" data-image-title=\"IMG_1927\" data-image-description=\"\" data-image-caption=\"\" data-medium-file=\"https:\/\/i0.wp.com\/alaincardenas.com\/blog\/wp-content\/uploads\/2025\/11\/IMG_1927.jpg?fit=211%2C300&amp;ssl=1\" data-large-file=\"https:\/\/i0.wp.com\/alaincardenas.com\/blog\/wp-content\/uploads\/2025\/11\/IMG_1927.jpg?fit=541%2C768&amp;ssl=1\" decoding=\"async\" loading=\"lazy\" width=\"541\" height=\"768\" data-id=\"9268\"  src=\"https:\/\/i0.wp.com\/alaincardenas.com\/blog\/wp-content\/uploads\/2025\/11\/IMG_1927.jpg?resize=541%2C768&#038;ssl=1\" alt=\"\" class=\"wp-image-9268\" srcset=\"https:\/\/i0.wp.com\/alaincardenas.com\/blog\/wp-content\/uploads\/2025\/11\/IMG_1927.jpg?w=541&amp;ssl=1 541w, https:\/\/i0.wp.com\/alaincardenas.com\/blog\/wp-content\/uploads\/2025\/11\/IMG_1927.jpg?resize=211%2C300&amp;ssl=1 211w\" sizes=\"(max-width: 541px) 100vw, 541px\" data-recalc-dims=\"1\" \/><\/a><\/figure>\n\n\n\n<figure class=\"wp-block-image size-large\"><a href=\"https:\/\/i0.wp.com\/alaincardenas.com\/blog\/wp-content\/uploads\/2025\/11\/IMG_1928.jpg?ssl=1\"><img data-attachment-id=\"9269\" data-permalink=\"https:\/\/alaincardenas.com\/blog\/sebastien-pignon-le-feuilleteur-kino-distionguo\/img_1928\/\" data-orig-file=\"https:\/\/i0.wp.com\/alaincardenas.com\/blog\/wp-content\/uploads\/2025\/11\/IMG_1928.jpg?fit=527%2C768&amp;ssl=1\" data-orig-size=\"527,768\" data-comments-opened=\"0\" data-image-meta=\"{&quot;aperture&quot;:&quot;0&quot;,&quot;credit&quot;:&quot;&quot;,&quot;camera&quot;:&quot;&quot;,&quot;caption&quot;:&quot;&quot;,&quot;created_timestamp&quot;:&quot;0&quot;,&quot;copyright&quot;:&quot;&quot;,&quot;focal_length&quot;:&quot;0&quot;,&quot;iso&quot;:&quot;0&quot;,&quot;shutter_speed&quot;:&quot;0&quot;,&quot;title&quot;:&quot;&quot;,&quot;orientation&quot;:&quot;1&quot;}\" data-image-title=\"IMG_1928\" data-image-description=\"\" data-image-caption=\"\" data-medium-file=\"https:\/\/i0.wp.com\/alaincardenas.com\/blog\/wp-content\/uploads\/2025\/11\/IMG_1928.jpg?fit=206%2C300&amp;ssl=1\" data-large-file=\"https:\/\/i0.wp.com\/alaincardenas.com\/blog\/wp-content\/uploads\/2025\/11\/IMG_1928.jpg?fit=527%2C768&amp;ssl=1\" decoding=\"async\" loading=\"lazy\" width=\"527\" height=\"768\" data-id=\"9269\"  src=\"https:\/\/i0.wp.com\/alaincardenas.com\/blog\/wp-content\/uploads\/2025\/11\/IMG_1928.jpg?resize=527%2C768&#038;ssl=1\" alt=\"\" class=\"wp-image-9269\" srcset=\"https:\/\/i0.wp.com\/alaincardenas.com\/blog\/wp-content\/uploads\/2025\/11\/IMG_1928.jpg?w=527&amp;ssl=1 527w, https:\/\/i0.wp.com\/alaincardenas.com\/blog\/wp-content\/uploads\/2025\/11\/IMG_1928.jpg?resize=206%2C300&amp;ssl=1 206w\" sizes=\"(max-width: 527px) 100vw, 527px\" data-recalc-dims=\"1\" \/><\/a><\/figure>\n\n\n\n<figure class=\"wp-block-image size-large\"><a href=\"https:\/\/i0.wp.com\/alaincardenas.com\/blog\/wp-content\/uploads\/2025\/11\/IMG_1929.jpg?ssl=1\"><img data-attachment-id=\"9271\" data-permalink=\"https:\/\/alaincardenas.com\/blog\/sebastien-pignon-le-feuilleteur-kino-distionguo\/img_1929\/\" data-orig-file=\"https:\/\/i0.wp.com\/alaincardenas.com\/blog\/wp-content\/uploads\/2025\/11\/IMG_1929.jpg?fit=543%2C768&amp;ssl=1\" data-orig-size=\"543,768\" data-comments-opened=\"0\" data-image-meta=\"{&quot;aperture&quot;:&quot;0&quot;,&quot;credit&quot;:&quot;&quot;,&quot;camera&quot;:&quot;&quot;,&quot;caption&quot;:&quot;&quot;,&quot;created_timestamp&quot;:&quot;0&quot;,&quot;copyright&quot;:&quot;&quot;,&quot;focal_length&quot;:&quot;0&quot;,&quot;iso&quot;:&quot;0&quot;,&quot;shutter_speed&quot;:&quot;0&quot;,&quot;title&quot;:&quot;&quot;,&quot;orientation&quot;:&quot;1&quot;}\" data-image-title=\"IMG_1929\" data-image-description=\"\" data-image-caption=\"\" data-medium-file=\"https:\/\/i0.wp.com\/alaincardenas.com\/blog\/wp-content\/uploads\/2025\/11\/IMG_1929.jpg?fit=212%2C300&amp;ssl=1\" data-large-file=\"https:\/\/i0.wp.com\/alaincardenas.com\/blog\/wp-content\/uploads\/2025\/11\/IMG_1929.jpg?fit=543%2C768&amp;ssl=1\" decoding=\"async\" loading=\"lazy\" width=\"543\" height=\"768\" data-id=\"9271\"  src=\"https:\/\/i0.wp.com\/alaincardenas.com\/blog\/wp-content\/uploads\/2025\/11\/IMG_1929.jpg?resize=543%2C768&#038;ssl=1\" alt=\"\" class=\"wp-image-9271\" srcset=\"https:\/\/i0.wp.com\/alaincardenas.com\/blog\/wp-content\/uploads\/2025\/11\/IMG_1929.jpg?w=543&amp;ssl=1 543w, https:\/\/i0.wp.com\/alaincardenas.com\/blog\/wp-content\/uploads\/2025\/11\/IMG_1929.jpg?resize=212%2C300&amp;ssl=1 212w\" sizes=\"(max-width: 543px) 100vw, 543px\" data-recalc-dims=\"1\" \/><\/a><\/figure>\n\n\n\n<figure class=\"wp-block-image size-large\"><a href=\"https:\/\/i0.wp.com\/alaincardenas.com\/blog\/wp-content\/uploads\/2025\/11\/IMG_1930.jpg?ssl=1\"><img data-attachment-id=\"9270\" data-permalink=\"https:\/\/alaincardenas.com\/blog\/sebastien-pignon-le-feuilleteur-kino-distionguo\/img_1930\/\" data-orig-file=\"https:\/\/i0.wp.com\/alaincardenas.com\/blog\/wp-content\/uploads\/2025\/11\/IMG_1930.jpg?fit=541%2C768&amp;ssl=1\" data-orig-size=\"541,768\" data-comments-opened=\"0\" data-image-meta=\"{&quot;aperture&quot;:&quot;0&quot;,&quot;credit&quot;:&quot;&quot;,&quot;camera&quot;:&quot;&quot;,&quot;caption&quot;:&quot;&quot;,&quot;created_timestamp&quot;:&quot;0&quot;,&quot;copyright&quot;:&quot;&quot;,&quot;focal_length&quot;:&quot;0&quot;,&quot;iso&quot;:&quot;0&quot;,&quot;shutter_speed&quot;:&quot;0&quot;,&quot;title&quot;:&quot;&quot;,&quot;orientation&quot;:&quot;1&quot;}\" data-image-title=\"IMG_1930\" data-image-description=\"\" data-image-caption=\"\" data-medium-file=\"https:\/\/i0.wp.com\/alaincardenas.com\/blog\/wp-content\/uploads\/2025\/11\/IMG_1930.jpg?fit=211%2C300&amp;ssl=1\" data-large-file=\"https:\/\/i0.wp.com\/alaincardenas.com\/blog\/wp-content\/uploads\/2025\/11\/IMG_1930.jpg?fit=541%2C768&amp;ssl=1\" decoding=\"async\" loading=\"lazy\" width=\"541\" height=\"768\" data-id=\"9270\"  src=\"https:\/\/i0.wp.com\/alaincardenas.com\/blog\/wp-content\/uploads\/2025\/11\/IMG_1930.jpg?resize=541%2C768&#038;ssl=1\" alt=\"\" class=\"wp-image-9270\" srcset=\"https:\/\/i0.wp.com\/alaincardenas.com\/blog\/wp-content\/uploads\/2025\/11\/IMG_1930.jpg?w=541&amp;ssl=1 541w, https:\/\/i0.wp.com\/alaincardenas.com\/blog\/wp-content\/uploads\/2025\/11\/IMG_1930.jpg?resize=211%2C300&amp;ssl=1 211w\" sizes=\"(max-width: 541px) 100vw, 541px\" data-recalc-dims=\"1\" \/><\/a><\/figure>\n<\/figure>\n\n\n\n<p><strong>Aligner ou combiner les carreaux<\/strong><\/p>\n\n\n\n<p>A sa production de c\u00e9ramiste, en parall\u00e8le aux plats et contenants monochromes qui jouent entre simplicit\u00e9 et forme essentielle, pour traduire le plaisir premier de cet art, S\u00e9bastien Pignon vient d\u2019achever ce pavement interloquant et unique de quelque 200 carreaux c\u00e9ramiques travaill\u00e9s dans une perspective dramatique. Le contraste entre les noirs du trac\u00e9 des personnages et l\u2019or du feu rend plus d\u00e9concertant encore cet ensemble aux accents dignes de ces notations fugitives de de Chirico ! Deux m\u00e8tres carr\u00e9s de surface pour ces carreaux de 10 centim\u00e8tres de c\u00f4t\u00e9. Un plaisir que ce th\u00e8me renouvel\u00e9 et rendu \u00e0 la vie des filles du Calvaire. Il renvoie aux s\u0153urs b\u00e9n\u00e9dictines de Notre-Dame du Calvaire\u00a0ou\u00a0Filles du Calvaire, en fait, un\u00a0ordre monastique\u00a0f\u00e9minin de\u00a0droit pontifical\u00a0faisant partie de la\u00a0congr\u00e9gation de Subiaco. Leur nom, est-il utile de le rappeler, vient du\u00a0Calvaire, lieu o\u00f9 J\u00e9sus a \u00e9t\u00e9\u00a0crucifi\u00e9. Plus imm\u00e9diatement perceptible, la fin de cette congr\u00e9gation est, somme toute, peu enviable\u00a0: l\u2019institution est supprim\u00e9e \u00e0 la\u00a0R\u00e9volution\u00a0et, last but not least, la s\u0153ur Rosalie C\u00e9leste de La Sorini\u00e8re\u00a0est guillotin\u00e9e \u00e0\u00a0Angers\u00a0le\u00a027 janvier 1794. Toujours sensible<sup> <\/sup>aux bruits du monde \u2013 m\u00eame s\u2019ils d\u00e9bouchent sur un au-del\u00e0 perdu dans le silence \u00e9ternel, S\u00e9bastien Pignon va pr\u00e9senter in situ ce pavement circonstanci\u00e9 \u00e0 l\u2019\u00e9gal d\u2019une table centrale orn\u00e9e de ces <em>enluminures de terre<\/em> que sont ces silhouettes devenues celles de femmes artistes, saltinbanques. Jolie renaissance\u00a0! Quant \u00e0 la table ainsi constitu\u00e9e, va-t-elle partir carreau par carreau ou en un m\u00e9trage plus important pour aller \u00e9toffer et rejoindre les fonds de collections invisibles\u00a0?<\/p>\n\n\n\n<figure class=\"wp-block-gallery has-nested-images columns-default is-cropped wp-block-gallery-3 is-layout-flex\">\n<figure class=\"wp-block-image size-large\"><a href=\"https:\/\/i0.wp.com\/alaincardenas.com\/blog\/wp-content\/uploads\/2025\/11\/image0000001.jpg?ssl=1\"><img data-attachment-id=\"9272\" data-permalink=\"https:\/\/alaincardenas.com\/blog\/sebastien-pignon-le-feuilleteur-kino-distionguo\/image0000001-2\/\" data-orig-file=\"https:\/\/i0.wp.com\/alaincardenas.com\/blog\/wp-content\/uploads\/2025\/11\/image0000001.jpg?fit=777%2C768&amp;ssl=1\" data-orig-size=\"777,768\" data-comments-opened=\"0\" data-image-meta=\"{&quot;aperture&quot;:&quot;0&quot;,&quot;credit&quot;:&quot;&quot;,&quot;camera&quot;:&quot;&quot;,&quot;caption&quot;:&quot;&quot;,&quot;created_timestamp&quot;:&quot;0&quot;,&quot;copyright&quot;:&quot;&quot;,&quot;focal_length&quot;:&quot;0&quot;,&quot;iso&quot;:&quot;0&quot;,&quot;shutter_speed&quot;:&quot;0&quot;,&quot;title&quot;:&quot;&quot;,&quot;orientation&quot;:&quot;1&quot;}\" data-image-title=\"image0000001\" data-image-description=\"\" data-image-caption=\"\" data-medium-file=\"https:\/\/i0.wp.com\/alaincardenas.com\/blog\/wp-content\/uploads\/2025\/11\/image0000001.jpg?fit=300%2C297&amp;ssl=1\" data-large-file=\"https:\/\/i0.wp.com\/alaincardenas.com\/blog\/wp-content\/uploads\/2025\/11\/image0000001.jpg?fit=584%2C577&amp;ssl=1\" decoding=\"async\" loading=\"lazy\" width=\"584\" height=\"577\" data-id=\"9272\"  src=\"https:\/\/i0.wp.com\/alaincardenas.com\/blog\/wp-content\/uploads\/2025\/11\/image0000001.jpg?resize=584%2C577&#038;ssl=1\" alt=\"\" class=\"wp-image-9272\" srcset=\"https:\/\/i0.wp.com\/alaincardenas.com\/blog\/wp-content\/uploads\/2025\/11\/image0000001.jpg?w=777&amp;ssl=1 777w, https:\/\/i0.wp.com\/alaincardenas.com\/blog\/wp-content\/uploads\/2025\/11\/image0000001.jpg?resize=300%2C297&amp;ssl=1 300w, https:\/\/i0.wp.com\/alaincardenas.com\/blog\/wp-content\/uploads\/2025\/11\/image0000001.jpg?resize=768%2C759&amp;ssl=1 768w, https:\/\/i0.wp.com\/alaincardenas.com\/blog\/wp-content\/uploads\/2025\/11\/image0000001.jpg?resize=304%2C300&amp;ssl=1 304w\" sizes=\"(max-width: 584px) 100vw, 584px\" data-recalc-dims=\"1\" \/><\/a><\/figure>\n\n\n\n<figure class=\"wp-block-image size-large\"><a href=\"https:\/\/i0.wp.com\/alaincardenas.com\/blog\/wp-content\/uploads\/2025\/11\/image0000011.jpg?ssl=1\"><img data-attachment-id=\"9273\" data-permalink=\"https:\/\/alaincardenas.com\/blog\/sebastien-pignon-le-feuilleteur-kino-distionguo\/image0000011\/\" data-orig-file=\"https:\/\/i0.wp.com\/alaincardenas.com\/blog\/wp-content\/uploads\/2025\/11\/image0000011.jpg?fit=793%2C768&amp;ssl=1\" data-orig-size=\"793,768\" data-comments-opened=\"0\" data-image-meta=\"{&quot;aperture&quot;:&quot;0&quot;,&quot;credit&quot;:&quot;&quot;,&quot;camera&quot;:&quot;&quot;,&quot;caption&quot;:&quot;&quot;,&quot;created_timestamp&quot;:&quot;0&quot;,&quot;copyright&quot;:&quot;&quot;,&quot;focal_length&quot;:&quot;0&quot;,&quot;iso&quot;:&quot;0&quot;,&quot;shutter_speed&quot;:&quot;0&quot;,&quot;title&quot;:&quot;&quot;,&quot;orientation&quot;:&quot;1&quot;}\" data-image-title=\"image0000011\" data-image-description=\"\" data-image-caption=\"\" data-medium-file=\"https:\/\/i0.wp.com\/alaincardenas.com\/blog\/wp-content\/uploads\/2025\/11\/image0000011.jpg?fit=300%2C291&amp;ssl=1\" data-large-file=\"https:\/\/i0.wp.com\/alaincardenas.com\/blog\/wp-content\/uploads\/2025\/11\/image0000011.jpg?fit=584%2C566&amp;ssl=1\" decoding=\"async\" loading=\"lazy\" width=\"584\" height=\"566\" data-id=\"9273\"  src=\"https:\/\/i0.wp.com\/alaincardenas.com\/blog\/wp-content\/uploads\/2025\/11\/image0000011.jpg?resize=584%2C566&#038;ssl=1\" alt=\"\" class=\"wp-image-9273\" srcset=\"https:\/\/i0.wp.com\/alaincardenas.com\/blog\/wp-content\/uploads\/2025\/11\/image0000011.jpg?w=793&amp;ssl=1 793w, https:\/\/i0.wp.com\/alaincardenas.com\/blog\/wp-content\/uploads\/2025\/11\/image0000011.jpg?resize=300%2C291&amp;ssl=1 300w, https:\/\/i0.wp.com\/alaincardenas.com\/blog\/wp-content\/uploads\/2025\/11\/image0000011.jpg?resize=768%2C744&amp;ssl=1 768w, https:\/\/i0.wp.com\/alaincardenas.com\/blog\/wp-content\/uploads\/2025\/11\/image0000011.jpg?resize=310%2C300&amp;ssl=1 310w\" sizes=\"(max-width: 584px) 100vw, 584px\" data-recalc-dims=\"1\" \/><\/a><\/figure>\n\n\n\n<figure class=\"wp-block-image size-large\"><a href=\"https:\/\/i0.wp.com\/alaincardenas.com\/blog\/wp-content\/uploads\/2025\/11\/image0000021.jpg?ssl=1\"><img data-attachment-id=\"9274\" data-permalink=\"https:\/\/alaincardenas.com\/blog\/sebastien-pignon-le-feuilleteur-kino-distionguo\/image0000021\/\" data-orig-file=\"https:\/\/i0.wp.com\/alaincardenas.com\/blog\/wp-content\/uploads\/2025\/11\/image0000021.jpg?fit=820%2C768&amp;ssl=1\" data-orig-size=\"820,768\" data-comments-opened=\"0\" data-image-meta=\"{&quot;aperture&quot;:&quot;0&quot;,&quot;credit&quot;:&quot;&quot;,&quot;camera&quot;:&quot;&quot;,&quot;caption&quot;:&quot;&quot;,&quot;created_timestamp&quot;:&quot;0&quot;,&quot;copyright&quot;:&quot;&quot;,&quot;focal_length&quot;:&quot;0&quot;,&quot;iso&quot;:&quot;0&quot;,&quot;shutter_speed&quot;:&quot;0&quot;,&quot;title&quot;:&quot;&quot;,&quot;orientation&quot;:&quot;1&quot;}\" data-image-title=\"image0000021\" data-image-description=\"\" data-image-caption=\"\" data-medium-file=\"https:\/\/i0.wp.com\/alaincardenas.com\/blog\/wp-content\/uploads\/2025\/11\/image0000021.jpg?fit=300%2C281&amp;ssl=1\" data-large-file=\"https:\/\/i0.wp.com\/alaincardenas.com\/blog\/wp-content\/uploads\/2025\/11\/image0000021.jpg?fit=584%2C547&amp;ssl=1\" decoding=\"async\" loading=\"lazy\" width=\"584\" height=\"547\" data-id=\"9274\"  src=\"https:\/\/i0.wp.com\/alaincardenas.com\/blog\/wp-content\/uploads\/2025\/11\/image0000021.jpg?resize=584%2C547&#038;ssl=1\" alt=\"\" class=\"wp-image-9274\" srcset=\"https:\/\/i0.wp.com\/alaincardenas.com\/blog\/wp-content\/uploads\/2025\/11\/image0000021.jpg?w=820&amp;ssl=1 820w, https:\/\/i0.wp.com\/alaincardenas.com\/blog\/wp-content\/uploads\/2025\/11\/image0000021.jpg?resize=300%2C281&amp;ssl=1 300w, https:\/\/i0.wp.com\/alaincardenas.com\/blog\/wp-content\/uploads\/2025\/11\/image0000021.jpg?resize=768%2C719&amp;ssl=1 768w, https:\/\/i0.wp.com\/alaincardenas.com\/blog\/wp-content\/uploads\/2025\/11\/image0000021.jpg?resize=320%2C300&amp;ssl=1 320w\" sizes=\"(max-width: 584px) 100vw, 584px\" data-recalc-dims=\"1\" \/><\/a><\/figure>\n\n\n\n<figure class=\"wp-block-image size-large\"><a href=\"https:\/\/i0.wp.com\/alaincardenas.com\/blog\/wp-content\/uploads\/2025\/11\/image0000031.jpg?ssl=1\"><img data-attachment-id=\"9275\" data-permalink=\"https:\/\/alaincardenas.com\/blog\/sebastien-pignon-le-feuilleteur-kino-distionguo\/image0000031\/\" data-orig-file=\"https:\/\/i0.wp.com\/alaincardenas.com\/blog\/wp-content\/uploads\/2025\/11\/image0000031.jpg?fit=836%2C768&amp;ssl=1\" data-orig-size=\"836,768\" data-comments-opened=\"0\" data-image-meta=\"{&quot;aperture&quot;:&quot;0&quot;,&quot;credit&quot;:&quot;&quot;,&quot;camera&quot;:&quot;&quot;,&quot;caption&quot;:&quot;&quot;,&quot;created_timestamp&quot;:&quot;0&quot;,&quot;copyright&quot;:&quot;&quot;,&quot;focal_length&quot;:&quot;0&quot;,&quot;iso&quot;:&quot;0&quot;,&quot;shutter_speed&quot;:&quot;0&quot;,&quot;title&quot;:&quot;&quot;,&quot;orientation&quot;:&quot;1&quot;}\" data-image-title=\"image0000031\" data-image-description=\"\" data-image-caption=\"\" data-medium-file=\"https:\/\/i0.wp.com\/alaincardenas.com\/blog\/wp-content\/uploads\/2025\/11\/image0000031.jpg?fit=300%2C276&amp;ssl=1\" data-large-file=\"https:\/\/i0.wp.com\/alaincardenas.com\/blog\/wp-content\/uploads\/2025\/11\/image0000031.jpg?fit=584%2C536&amp;ssl=1\" decoding=\"async\" loading=\"lazy\" width=\"584\" height=\"536\" data-id=\"9275\"  src=\"https:\/\/i0.wp.com\/alaincardenas.com\/blog\/wp-content\/uploads\/2025\/11\/image0000031.jpg?resize=584%2C536&#038;ssl=1\" alt=\"\" class=\"wp-image-9275\" srcset=\"https:\/\/i0.wp.com\/alaincardenas.com\/blog\/wp-content\/uploads\/2025\/11\/image0000031.jpg?w=836&amp;ssl=1 836w, https:\/\/i0.wp.com\/alaincardenas.com\/blog\/wp-content\/uploads\/2025\/11\/image0000031.jpg?resize=300%2C276&amp;ssl=1 300w, https:\/\/i0.wp.com\/alaincardenas.com\/blog\/wp-content\/uploads\/2025\/11\/image0000031.jpg?resize=768%2C706&amp;ssl=1 768w, https:\/\/i0.wp.com\/alaincardenas.com\/blog\/wp-content\/uploads\/2025\/11\/image0000031.jpg?resize=327%2C300&amp;ssl=1 327w\" sizes=\"(max-width: 584px) 100vw, 584px\" data-recalc-dims=\"1\" \/><\/a><\/figure>\n\n\n\n<figure class=\"wp-block-image size-large\"><a href=\"https:\/\/i0.wp.com\/alaincardenas.com\/blog\/wp-content\/uploads\/2025\/11\/image0000041.jpg?ssl=1\"><img data-attachment-id=\"9276\" data-permalink=\"https:\/\/alaincardenas.com\/blog\/sebastien-pignon-le-feuilleteur-kino-distionguo\/image0000041\/\" data-orig-file=\"https:\/\/i0.wp.com\/alaincardenas.com\/blog\/wp-content\/uploads\/2025\/11\/image0000041.jpg?fit=774%2C768&amp;ssl=1\" data-orig-size=\"774,768\" data-comments-opened=\"0\" data-image-meta=\"{&quot;aperture&quot;:&quot;0&quot;,&quot;credit&quot;:&quot;&quot;,&quot;camera&quot;:&quot;&quot;,&quot;caption&quot;:&quot;&quot;,&quot;created_timestamp&quot;:&quot;0&quot;,&quot;copyright&quot;:&quot;&quot;,&quot;focal_length&quot;:&quot;0&quot;,&quot;iso&quot;:&quot;0&quot;,&quot;shutter_speed&quot;:&quot;0&quot;,&quot;title&quot;:&quot;&quot;,&quot;orientation&quot;:&quot;1&quot;}\" data-image-title=\"image0000041\" data-image-description=\"\" data-image-caption=\"\" data-medium-file=\"https:\/\/i0.wp.com\/alaincardenas.com\/blog\/wp-content\/uploads\/2025\/11\/image0000041.jpg?fit=300%2C298&amp;ssl=1\" data-large-file=\"https:\/\/i0.wp.com\/alaincardenas.com\/blog\/wp-content\/uploads\/2025\/11\/image0000041.jpg?fit=584%2C579&amp;ssl=1\" decoding=\"async\" loading=\"lazy\" width=\"584\" height=\"579\" data-id=\"9276\"  src=\"https:\/\/i0.wp.com\/alaincardenas.com\/blog\/wp-content\/uploads\/2025\/11\/image0000041.jpg?resize=584%2C579&#038;ssl=1\" alt=\"\" class=\"wp-image-9276\" srcset=\"https:\/\/i0.wp.com\/alaincardenas.com\/blog\/wp-content\/uploads\/2025\/11\/image0000041.jpg?w=774&amp;ssl=1 774w, https:\/\/i0.wp.com\/alaincardenas.com\/blog\/wp-content\/uploads\/2025\/11\/image0000041.jpg?resize=300%2C298&amp;ssl=1 300w, https:\/\/i0.wp.com\/alaincardenas.com\/blog\/wp-content\/uploads\/2025\/11\/image0000041.jpg?resize=150%2C150&amp;ssl=1 150w, https:\/\/i0.wp.com\/alaincardenas.com\/blog\/wp-content\/uploads\/2025\/11\/image0000041.jpg?resize=768%2C762&amp;ssl=1 768w, https:\/\/i0.wp.com\/alaincardenas.com\/blog\/wp-content\/uploads\/2025\/11\/image0000041.jpg?resize=302%2C300&amp;ssl=1 302w\" sizes=\"(max-width: 584px) 100vw, 584px\" data-recalc-dims=\"1\" \/><\/a><\/figure>\n\n\n\n<figure class=\"wp-block-image size-large\"><a href=\"https:\/\/i0.wp.com\/alaincardenas.com\/blog\/wp-content\/uploads\/2025\/11\/image0000051.jpg?ssl=1\"><img data-attachment-id=\"9279\" data-permalink=\"https:\/\/alaincardenas.com\/blog\/sebastien-pignon-le-feuilleteur-kino-distionguo\/image0000051\/\" data-orig-file=\"https:\/\/i0.wp.com\/alaincardenas.com\/blog\/wp-content\/uploads\/2025\/11\/image0000051.jpg?fit=788%2C768&amp;ssl=1\" data-orig-size=\"788,768\" data-comments-opened=\"0\" data-image-meta=\"{&quot;aperture&quot;:&quot;0&quot;,&quot;credit&quot;:&quot;&quot;,&quot;camera&quot;:&quot;&quot;,&quot;caption&quot;:&quot;&quot;,&quot;created_timestamp&quot;:&quot;0&quot;,&quot;copyright&quot;:&quot;&quot;,&quot;focal_length&quot;:&quot;0&quot;,&quot;iso&quot;:&quot;0&quot;,&quot;shutter_speed&quot;:&quot;0&quot;,&quot;title&quot;:&quot;&quot;,&quot;orientation&quot;:&quot;1&quot;}\" data-image-title=\"image0000051\" data-image-description=\"\" data-image-caption=\"\" data-medium-file=\"https:\/\/i0.wp.com\/alaincardenas.com\/blog\/wp-content\/uploads\/2025\/11\/image0000051.jpg?fit=300%2C292&amp;ssl=1\" data-large-file=\"https:\/\/i0.wp.com\/alaincardenas.com\/blog\/wp-content\/uploads\/2025\/11\/image0000051.jpg?fit=584%2C569&amp;ssl=1\" decoding=\"async\" loading=\"lazy\" width=\"584\" height=\"569\" data-id=\"9279\"  src=\"https:\/\/i0.wp.com\/alaincardenas.com\/blog\/wp-content\/uploads\/2025\/11\/image0000051.jpg?resize=584%2C569&#038;ssl=1\" alt=\"\" class=\"wp-image-9279\" srcset=\"https:\/\/i0.wp.com\/alaincardenas.com\/blog\/wp-content\/uploads\/2025\/11\/image0000051.jpg?w=788&amp;ssl=1 788w, https:\/\/i0.wp.com\/alaincardenas.com\/blog\/wp-content\/uploads\/2025\/11\/image0000051.jpg?resize=300%2C292&amp;ssl=1 300w, https:\/\/i0.wp.com\/alaincardenas.com\/blog\/wp-content\/uploads\/2025\/11\/image0000051.jpg?resize=768%2C749&amp;ssl=1 768w, https:\/\/i0.wp.com\/alaincardenas.com\/blog\/wp-content\/uploads\/2025\/11\/image0000051.jpg?resize=308%2C300&amp;ssl=1 308w\" sizes=\"(max-width: 584px) 100vw, 584px\" data-recalc-dims=\"1\" \/><\/a><\/figure>\n\n\n\n<figure class=\"wp-block-image size-large\"><a href=\"https:\/\/i0.wp.com\/alaincardenas.com\/blog\/wp-content\/uploads\/2025\/11\/image0000061.jpg?ssl=1\"><img data-attachment-id=\"9277\" data-permalink=\"https:\/\/alaincardenas.com\/blog\/sebastien-pignon-le-feuilleteur-kino-distionguo\/image0000061\/\" data-orig-file=\"https:\/\/i0.wp.com\/alaincardenas.com\/blog\/wp-content\/uploads\/2025\/11\/image0000061.jpg?fit=796%2C768&amp;ssl=1\" data-orig-size=\"796,768\" data-comments-opened=\"0\" data-image-meta=\"{&quot;aperture&quot;:&quot;0&quot;,&quot;credit&quot;:&quot;&quot;,&quot;camera&quot;:&quot;&quot;,&quot;caption&quot;:&quot;&quot;,&quot;created_timestamp&quot;:&quot;0&quot;,&quot;copyright&quot;:&quot;&quot;,&quot;focal_length&quot;:&quot;0&quot;,&quot;iso&quot;:&quot;0&quot;,&quot;shutter_speed&quot;:&quot;0&quot;,&quot;title&quot;:&quot;&quot;,&quot;orientation&quot;:&quot;1&quot;}\" data-image-title=\"image0000061\" data-image-description=\"\" data-image-caption=\"\" data-medium-file=\"https:\/\/i0.wp.com\/alaincardenas.com\/blog\/wp-content\/uploads\/2025\/11\/image0000061.jpg?fit=300%2C289&amp;ssl=1\" data-large-file=\"https:\/\/i0.wp.com\/alaincardenas.com\/blog\/wp-content\/uploads\/2025\/11\/image0000061.jpg?fit=584%2C563&amp;ssl=1\" decoding=\"async\" loading=\"lazy\" width=\"584\" height=\"563\" data-id=\"9277\"  src=\"https:\/\/i0.wp.com\/alaincardenas.com\/blog\/wp-content\/uploads\/2025\/11\/image0000061.jpg?resize=584%2C563&#038;ssl=1\" alt=\"\" class=\"wp-image-9277\" srcset=\"https:\/\/i0.wp.com\/alaincardenas.com\/blog\/wp-content\/uploads\/2025\/11\/image0000061.jpg?w=796&amp;ssl=1 796w, https:\/\/i0.wp.com\/alaincardenas.com\/blog\/wp-content\/uploads\/2025\/11\/image0000061.jpg?resize=300%2C289&amp;ssl=1 300w, https:\/\/i0.wp.com\/alaincardenas.com\/blog\/wp-content\/uploads\/2025\/11\/image0000061.jpg?resize=768%2C741&amp;ssl=1 768w, https:\/\/i0.wp.com\/alaincardenas.com\/blog\/wp-content\/uploads\/2025\/11\/image0000061.jpg?resize=311%2C300&amp;ssl=1 311w\" sizes=\"(max-width: 584px) 100vw, 584px\" data-recalc-dims=\"1\" \/><\/a><\/figure>\n\n\n\n<figure class=\"wp-block-image size-large\"><a href=\"https:\/\/i0.wp.com\/alaincardenas.com\/blog\/wp-content\/uploads\/2025\/11\/image0000071.jpg?ssl=1\"><img data-attachment-id=\"9278\" data-permalink=\"https:\/\/alaincardenas.com\/blog\/sebastien-pignon-le-feuilleteur-kino-distionguo\/image0000071\/\" data-orig-file=\"https:\/\/i0.wp.com\/alaincardenas.com\/blog\/wp-content\/uploads\/2025\/11\/image0000071.jpg?fit=817%2C768&amp;ssl=1\" data-orig-size=\"817,768\" data-comments-opened=\"0\" data-image-meta=\"{&quot;aperture&quot;:&quot;0&quot;,&quot;credit&quot;:&quot;&quot;,&quot;camera&quot;:&quot;&quot;,&quot;caption&quot;:&quot;&quot;,&quot;created_timestamp&quot;:&quot;0&quot;,&quot;copyright&quot;:&quot;&quot;,&quot;focal_length&quot;:&quot;0&quot;,&quot;iso&quot;:&quot;0&quot;,&quot;shutter_speed&quot;:&quot;0&quot;,&quot;title&quot;:&quot;&quot;,&quot;orientation&quot;:&quot;1&quot;}\" data-image-title=\"image0000071\" data-image-description=\"\" data-image-caption=\"\" data-medium-file=\"https:\/\/i0.wp.com\/alaincardenas.com\/blog\/wp-content\/uploads\/2025\/11\/image0000071.jpg?fit=300%2C282&amp;ssl=1\" data-large-file=\"https:\/\/i0.wp.com\/alaincardenas.com\/blog\/wp-content\/uploads\/2025\/11\/image0000071.jpg?fit=584%2C549&amp;ssl=1\" decoding=\"async\" loading=\"lazy\" width=\"584\" height=\"549\" data-id=\"9278\"  src=\"https:\/\/i0.wp.com\/alaincardenas.com\/blog\/wp-content\/uploads\/2025\/11\/image0000071.jpg?resize=584%2C549&#038;ssl=1\" alt=\"\" class=\"wp-image-9278\" srcset=\"https:\/\/i0.wp.com\/alaincardenas.com\/blog\/wp-content\/uploads\/2025\/11\/image0000071.jpg?w=817&amp;ssl=1 817w, https:\/\/i0.wp.com\/alaincardenas.com\/blog\/wp-content\/uploads\/2025\/11\/image0000071.jpg?resize=300%2C282&amp;ssl=1 300w, https:\/\/i0.wp.com\/alaincardenas.com\/blog\/wp-content\/uploads\/2025\/11\/image0000071.jpg?resize=768%2C722&amp;ssl=1 768w, https:\/\/i0.wp.com\/alaincardenas.com\/blog\/wp-content\/uploads\/2025\/11\/image0000071.jpg?resize=319%2C300&amp;ssl=1 319w\" sizes=\"(max-width: 584px) 100vw, 584px\" data-recalc-dims=\"1\" \/><\/a><\/figure>\n<\/figure>\n\n\n\n<p><strong>Admirer des th\u00e9\u00e2tres s\u00e9quentiels<\/strong><\/p>\n\n\n\n<p>S\u00e9bastien Pignon est un metteur en espace, en \u00e9pisodes, un adepte d\u2019une mise en sc\u00e8ne qui donne toute leur ampleur aux \u0153uvres qui composent ces pi\u00e8ces composites&nbsp;: \u00e0 rideaux ouverts, des personnages silhouett\u00e9s peints sur un support carton de 59 sur 41 cm contemplent des sc\u00e8nes de petits formats peints \u00e0 l\u2019huile sur toile aux formats de 15 cm sur 15 ou 15 sur 20 voire encore 11 sur 22 cm. Aux ondulations peintes et ponctu\u00e9es de motifs r\u00e9currents du carton r\u00e9pondent la tenue et la texture id\u00e9ale de la toile &#8211; duret\u00e9 \/ morbidezza. Le rapport dichotomique des sc\u00e8nes renvoie \u00e0 l\u2019intensit\u00e9 d\u00e9ploy\u00e9e ou \u00e0 une \u00e9nigmatique pr\u00e9sence \u00e0 travers les \u00e9pisodes qui disent les talents de ce narrateur in\u00e9galement disert \u2013 il sait osciller entre le mutisme de certaines sc\u00e8nes ou leur d\u00e9cha\u00eenement baroque, excitant alors la curiosit\u00e9 des amateurs de sensations fortes et d\u2019une peinture qui provoque sens.<\/p>\n\n\n\n<figure class=\"wp-block-gallery has-nested-images columns-default is-cropped wp-block-gallery-5 is-layout-flex\">\n<figure class=\"wp-block-image size-large\"><a href=\"https:\/\/i0.wp.com\/alaincardenas.com\/blog\/wp-content\/uploads\/2025\/11\/IMG_1932.jpg?ssl=1\"><img data-attachment-id=\"9280\" data-permalink=\"https:\/\/alaincardenas.com\/blog\/sebastien-pignon-le-feuilleteur-kino-distionguo\/img_1932\/\" data-orig-file=\"https:\/\/i0.wp.com\/alaincardenas.com\/blog\/wp-content\/uploads\/2025\/11\/IMG_1932.jpg?fit=508%2C768&amp;ssl=1\" data-orig-size=\"508,768\" data-comments-opened=\"0\" data-image-meta=\"{&quot;aperture&quot;:&quot;0&quot;,&quot;credit&quot;:&quot;&quot;,&quot;camera&quot;:&quot;&quot;,&quot;caption&quot;:&quot;&quot;,&quot;created_timestamp&quot;:&quot;0&quot;,&quot;copyright&quot;:&quot;&quot;,&quot;focal_length&quot;:&quot;0&quot;,&quot;iso&quot;:&quot;0&quot;,&quot;shutter_speed&quot;:&quot;0&quot;,&quot;title&quot;:&quot;&quot;,&quot;orientation&quot;:&quot;1&quot;}\" data-image-title=\"IMG_1932\" data-image-description=\"\" data-image-caption=\"\" data-medium-file=\"https:\/\/i0.wp.com\/alaincardenas.com\/blog\/wp-content\/uploads\/2025\/11\/IMG_1932.jpg?fit=198%2C300&amp;ssl=1\" data-large-file=\"https:\/\/i0.wp.com\/alaincardenas.com\/blog\/wp-content\/uploads\/2025\/11\/IMG_1932.jpg?fit=508%2C768&amp;ssl=1\" decoding=\"async\" loading=\"lazy\" width=\"508\" height=\"768\" data-id=\"9280\"  src=\"https:\/\/i0.wp.com\/alaincardenas.com\/blog\/wp-content\/uploads\/2025\/11\/IMG_1932.jpg?resize=508%2C768&#038;ssl=1\" alt=\"\" class=\"wp-image-9280\" srcset=\"https:\/\/i0.wp.com\/alaincardenas.com\/blog\/wp-content\/uploads\/2025\/11\/IMG_1932.jpg?w=508&amp;ssl=1 508w, https:\/\/i0.wp.com\/alaincardenas.com\/blog\/wp-content\/uploads\/2025\/11\/IMG_1932.jpg?resize=198%2C300&amp;ssl=1 198w\" sizes=\"(max-width: 508px) 100vw, 508px\" data-recalc-dims=\"1\" \/><\/a><\/figure>\n\n\n\n<figure class=\"wp-block-image size-large\"><a href=\"https:\/\/i0.wp.com\/alaincardenas.com\/blog\/wp-content\/uploads\/2025\/11\/IMG_1933.jpg?ssl=1\"><img data-attachment-id=\"9281\" data-permalink=\"https:\/\/alaincardenas.com\/blog\/sebastien-pignon-le-feuilleteur-kino-distionguo\/img_1933\/\" data-orig-file=\"https:\/\/i0.wp.com\/alaincardenas.com\/blog\/wp-content\/uploads\/2025\/11\/IMG_1933.jpg?fit=514%2C768&amp;ssl=1\" data-orig-size=\"514,768\" data-comments-opened=\"0\" data-image-meta=\"{&quot;aperture&quot;:&quot;0&quot;,&quot;credit&quot;:&quot;&quot;,&quot;camera&quot;:&quot;&quot;,&quot;caption&quot;:&quot;&quot;,&quot;created_timestamp&quot;:&quot;0&quot;,&quot;copyright&quot;:&quot;&quot;,&quot;focal_length&quot;:&quot;0&quot;,&quot;iso&quot;:&quot;0&quot;,&quot;shutter_speed&quot;:&quot;0&quot;,&quot;title&quot;:&quot;&quot;,&quot;orientation&quot;:&quot;1&quot;}\" data-image-title=\"IMG_1933\" data-image-description=\"\" data-image-caption=\"\" data-medium-file=\"https:\/\/i0.wp.com\/alaincardenas.com\/blog\/wp-content\/uploads\/2025\/11\/IMG_1933.jpg?fit=201%2C300&amp;ssl=1\" data-large-file=\"https:\/\/i0.wp.com\/alaincardenas.com\/blog\/wp-content\/uploads\/2025\/11\/IMG_1933.jpg?fit=514%2C768&amp;ssl=1\" decoding=\"async\" loading=\"lazy\" width=\"514\" height=\"768\" data-id=\"9281\"  src=\"https:\/\/i0.wp.com\/alaincardenas.com\/blog\/wp-content\/uploads\/2025\/11\/IMG_1933.jpg?resize=514%2C768&#038;ssl=1\" alt=\"\" class=\"wp-image-9281\" srcset=\"https:\/\/i0.wp.com\/alaincardenas.com\/blog\/wp-content\/uploads\/2025\/11\/IMG_1933.jpg?w=514&amp;ssl=1 514w, https:\/\/i0.wp.com\/alaincardenas.com\/blog\/wp-content\/uploads\/2025\/11\/IMG_1933.jpg?resize=201%2C300&amp;ssl=1 201w\" sizes=\"(max-width: 514px) 100vw, 514px\" data-recalc-dims=\"1\" \/><\/a><\/figure>\n\n\n\n<figure class=\"wp-block-image size-large\"><a href=\"https:\/\/i0.wp.com\/alaincardenas.com\/blog\/wp-content\/uploads\/2025\/11\/IMG_1935.jpg?ssl=1\"><img data-attachment-id=\"9282\" data-permalink=\"https:\/\/alaincardenas.com\/blog\/sebastien-pignon-le-feuilleteur-kino-distionguo\/img_1935\/\" data-orig-file=\"https:\/\/i0.wp.com\/alaincardenas.com\/blog\/wp-content\/uploads\/2025\/11\/IMG_1935.jpg?fit=568%2C768&amp;ssl=1\" data-orig-size=\"568,768\" data-comments-opened=\"0\" data-image-meta=\"{&quot;aperture&quot;:&quot;0&quot;,&quot;credit&quot;:&quot;&quot;,&quot;camera&quot;:&quot;&quot;,&quot;caption&quot;:&quot;&quot;,&quot;created_timestamp&quot;:&quot;0&quot;,&quot;copyright&quot;:&quot;&quot;,&quot;focal_length&quot;:&quot;0&quot;,&quot;iso&quot;:&quot;0&quot;,&quot;shutter_speed&quot;:&quot;0&quot;,&quot;title&quot;:&quot;&quot;,&quot;orientation&quot;:&quot;1&quot;}\" data-image-title=\"IMG_1935\" data-image-description=\"\" data-image-caption=\"\" data-medium-file=\"https:\/\/i0.wp.com\/alaincardenas.com\/blog\/wp-content\/uploads\/2025\/11\/IMG_1935.jpg?fit=222%2C300&amp;ssl=1\" data-large-file=\"https:\/\/i0.wp.com\/alaincardenas.com\/blog\/wp-content\/uploads\/2025\/11\/IMG_1935.jpg?fit=568%2C768&amp;ssl=1\" decoding=\"async\" loading=\"lazy\" width=\"568\" height=\"768\" data-id=\"9282\"  src=\"https:\/\/i0.wp.com\/alaincardenas.com\/blog\/wp-content\/uploads\/2025\/11\/IMG_1935.jpg?resize=568%2C768&#038;ssl=1\" alt=\"\" class=\"wp-image-9282\" srcset=\"https:\/\/i0.wp.com\/alaincardenas.com\/blog\/wp-content\/uploads\/2025\/11\/IMG_1935.jpg?w=568&amp;ssl=1 568w, https:\/\/i0.wp.com\/alaincardenas.com\/blog\/wp-content\/uploads\/2025\/11\/IMG_1935.jpg?resize=222%2C300&amp;ssl=1 222w\" sizes=\"(max-width: 568px) 100vw, 568px\" data-recalc-dims=\"1\" \/><\/a><\/figure>\n\n\n\n<figure class=\"wp-block-image size-large\"><a href=\"https:\/\/i0.wp.com\/alaincardenas.com\/blog\/wp-content\/uploads\/2025\/11\/IMG_1936.jpg?ssl=1\"><img data-attachment-id=\"9283\" data-permalink=\"https:\/\/alaincardenas.com\/blog\/sebastien-pignon-le-feuilleteur-kino-distionguo\/img_1936\/\" data-orig-file=\"https:\/\/i0.wp.com\/alaincardenas.com\/blog\/wp-content\/uploads\/2025\/11\/IMG_1936.jpg?fit=519%2C768&amp;ssl=1\" data-orig-size=\"519,768\" data-comments-opened=\"0\" data-image-meta=\"{&quot;aperture&quot;:&quot;0&quot;,&quot;credit&quot;:&quot;&quot;,&quot;camera&quot;:&quot;&quot;,&quot;caption&quot;:&quot;&quot;,&quot;created_timestamp&quot;:&quot;0&quot;,&quot;copyright&quot;:&quot;&quot;,&quot;focal_length&quot;:&quot;0&quot;,&quot;iso&quot;:&quot;0&quot;,&quot;shutter_speed&quot;:&quot;0&quot;,&quot;title&quot;:&quot;&quot;,&quot;orientation&quot;:&quot;1&quot;}\" data-image-title=\"IMG_1936\" data-image-description=\"\" data-image-caption=\"\" data-medium-file=\"https:\/\/i0.wp.com\/alaincardenas.com\/blog\/wp-content\/uploads\/2025\/11\/IMG_1936.jpg?fit=203%2C300&amp;ssl=1\" data-large-file=\"https:\/\/i0.wp.com\/alaincardenas.com\/blog\/wp-content\/uploads\/2025\/11\/IMG_1936.jpg?fit=519%2C768&amp;ssl=1\" decoding=\"async\" loading=\"lazy\" width=\"519\" height=\"768\" data-id=\"9283\"  src=\"https:\/\/i0.wp.com\/alaincardenas.com\/blog\/wp-content\/uploads\/2025\/11\/IMG_1936.jpg?resize=519%2C768&#038;ssl=1\" alt=\"\" class=\"wp-image-9283\" srcset=\"https:\/\/i0.wp.com\/alaincardenas.com\/blog\/wp-content\/uploads\/2025\/11\/IMG_1936.jpg?w=519&amp;ssl=1 519w, https:\/\/i0.wp.com\/alaincardenas.com\/blog\/wp-content\/uploads\/2025\/11\/IMG_1936.jpg?resize=203%2C300&amp;ssl=1 203w\" sizes=\"(max-width: 519px) 100vw, 519px\" data-recalc-dims=\"1\" \/><\/a><\/figure>\n\n\n\n<figure class=\"wp-block-image size-large\"><a href=\"https:\/\/i0.wp.com\/alaincardenas.com\/blog\/wp-content\/uploads\/2025\/11\/IMG_1938.jpg?ssl=1\"><img data-attachment-id=\"9284\" data-permalink=\"https:\/\/alaincardenas.com\/blog\/sebastien-pignon-le-feuilleteur-kino-distionguo\/img_1938\/\" data-orig-file=\"https:\/\/i0.wp.com\/alaincardenas.com\/blog\/wp-content\/uploads\/2025\/11\/IMG_1938.jpg?fit=1024%2C675&amp;ssl=1\" data-orig-size=\"1024,675\" data-comments-opened=\"0\" data-image-meta=\"{&quot;aperture&quot;:&quot;0&quot;,&quot;credit&quot;:&quot;&quot;,&quot;camera&quot;:&quot;&quot;,&quot;caption&quot;:&quot;&quot;,&quot;created_timestamp&quot;:&quot;0&quot;,&quot;copyright&quot;:&quot;&quot;,&quot;focal_length&quot;:&quot;0&quot;,&quot;iso&quot;:&quot;0&quot;,&quot;shutter_speed&quot;:&quot;0&quot;,&quot;title&quot;:&quot;&quot;,&quot;orientation&quot;:&quot;1&quot;}\" data-image-title=\"IMG_1938\" data-image-description=\"\" data-image-caption=\"\" data-medium-file=\"https:\/\/i0.wp.com\/alaincardenas.com\/blog\/wp-content\/uploads\/2025\/11\/IMG_1938.jpg?fit=300%2C198&amp;ssl=1\" data-large-file=\"https:\/\/i0.wp.com\/alaincardenas.com\/blog\/wp-content\/uploads\/2025\/11\/IMG_1938.jpg?fit=584%2C385&amp;ssl=1\" decoding=\"async\" loading=\"lazy\" width=\"584\" height=\"385\" data-id=\"9284\"  src=\"https:\/\/i0.wp.com\/alaincardenas.com\/blog\/wp-content\/uploads\/2025\/11\/IMG_1938.jpg?resize=584%2C385&#038;ssl=1\" alt=\"\" class=\"wp-image-9284\" srcset=\"https:\/\/i0.wp.com\/alaincardenas.com\/blog\/wp-content\/uploads\/2025\/11\/IMG_1938.jpg?w=1024&amp;ssl=1 1024w, https:\/\/i0.wp.com\/alaincardenas.com\/blog\/wp-content\/uploads\/2025\/11\/IMG_1938.jpg?resize=300%2C198&amp;ssl=1 300w, https:\/\/i0.wp.com\/alaincardenas.com\/blog\/wp-content\/uploads\/2025\/11\/IMG_1938.jpg?resize=768%2C506&amp;ssl=1 768w, https:\/\/i0.wp.com\/alaincardenas.com\/blog\/wp-content\/uploads\/2025\/11\/IMG_1938.jpg?resize=455%2C300&amp;ssl=1 455w\" sizes=\"(max-width: 584px) 100vw, 584px\" data-recalc-dims=\"1\" \/><\/a><\/figure>\n\n\n\n<figure class=\"wp-block-image size-large\"><a href=\"https:\/\/i0.wp.com\/alaincardenas.com\/blog\/wp-content\/uploads\/2025\/11\/IMG_1939.jpg?ssl=1\"><img data-attachment-id=\"9285\" data-permalink=\"https:\/\/alaincardenas.com\/blog\/sebastien-pignon-le-feuilleteur-kino-distionguo\/img_1939\/\" data-orig-file=\"https:\/\/i0.wp.com\/alaincardenas.com\/blog\/wp-content\/uploads\/2025\/11\/IMG_1939.jpg?fit=511%2C768&amp;ssl=1\" data-orig-size=\"511,768\" data-comments-opened=\"0\" data-image-meta=\"{&quot;aperture&quot;:&quot;0&quot;,&quot;credit&quot;:&quot;&quot;,&quot;camera&quot;:&quot;&quot;,&quot;caption&quot;:&quot;&quot;,&quot;created_timestamp&quot;:&quot;0&quot;,&quot;copyright&quot;:&quot;&quot;,&quot;focal_length&quot;:&quot;0&quot;,&quot;iso&quot;:&quot;0&quot;,&quot;shutter_speed&quot;:&quot;0&quot;,&quot;title&quot;:&quot;&quot;,&quot;orientation&quot;:&quot;1&quot;}\" data-image-title=\"IMG_1939\" data-image-description=\"\" data-image-caption=\"\" data-medium-file=\"https:\/\/i0.wp.com\/alaincardenas.com\/blog\/wp-content\/uploads\/2025\/11\/IMG_1939.jpg?fit=200%2C300&amp;ssl=1\" data-large-file=\"https:\/\/i0.wp.com\/alaincardenas.com\/blog\/wp-content\/uploads\/2025\/11\/IMG_1939.jpg?fit=511%2C768&amp;ssl=1\" decoding=\"async\" loading=\"lazy\" width=\"511\" height=\"768\" data-id=\"9285\"  src=\"https:\/\/i0.wp.com\/alaincardenas.com\/blog\/wp-content\/uploads\/2025\/11\/IMG_1939.jpg?resize=511%2C768&#038;ssl=1\" alt=\"\" class=\"wp-image-9285\" srcset=\"https:\/\/i0.wp.com\/alaincardenas.com\/blog\/wp-content\/uploads\/2025\/11\/IMG_1939.jpg?w=511&amp;ssl=1 511w, https:\/\/i0.wp.com\/alaincardenas.com\/blog\/wp-content\/uploads\/2025\/11\/IMG_1939.jpg?resize=200%2C300&amp;ssl=1 200w\" sizes=\"(max-width: 511px) 100vw, 511px\" data-recalc-dims=\"1\" \/><\/a><\/figure>\n<\/figure>\n","protected":false},"excerpt":{"rendered":"<p>Librairie-galerie Ofr, 6, rue des filles du calvaire, Paris 75003. Du 27 novembre au 15 d\u00e9cembre 2025, Inauguration le 27 novembre de 15 \u00e0 20 h. COMPTE-RENDU D\u2019INAUGURATION par Christophe Comentale<\/p>\n","protected":false},"author":1,"featured_media":0,"comment_status":"closed","ping_status":"closed","sticky":false,"template":"","format":"standard","meta":{"sfsi_plus_gutenberg_text_before_share":"","sfsi_plus_gutenberg_show_text_before_share":"","sfsi_plus_gutenberg_icon_type":"","sfsi_plus_gutenberg_icon_alignemt":"","sfsi_plus_gutenburg_max_per_row":"","jetpack_post_was_ever_published":false,"_jetpack_newsletter_access":"","_jetpack_newsletter_tier_id":0,"jetpack_publicize_message":"","jetpack_is_tweetstorm":false,"jetpack_publicize_feature_enabled":true,"jetpack_social_post_already_shared":true,"jetpack_social_options":{"image_generator_settings":{"template":"highway","enabled":false}}},"categories":[27,42,21,1],"tags":[45,8,9,39,38],"jetpack_publicize_connections":[],"jetpack_featured_media_url":"","jetpack_sharing_enabled":true,"jetpack_shortlink":"https:\/\/wp.me\/p8Mijt-2ps","jetpack_likes_enabled":true,"jetpack-related-posts":[{"id":9237,"url":"https:\/\/alaincardenas.com\/blog\/epiphanies-javier-silva-meinel\/","url_meta":{"origin":9266,"position":0},"title":"\u00c9PIPHANIES, Javier Silva Meinel","author":"admin","date":"2025-11-12","format":false,"excerpt":"Exposition du 9 novembre 2025 au 24 janvier 2026. Fermeture pendant les f\u00eates du 19 d\u00e9cembre au 7 janvier) du jeudi au samedi de 16h \u00e0 20h et sur RDV. Galerie Younique, 65 rue Pascal 75013 Paris. T\u00e9l. +33 6 26 76 36 33 galerieyounique@gmail.com compte-rendu par Alain Cardenas-Castro A\u2026","rel":"","context":"Dans &quot;Am\u00e9rique latine&quot;","block_context":{"text":"Am\u00e9rique latine","link":"https:\/\/alaincardenas.com\/blog\/category\/amerique-latine\/"},"img":{"alt_text":"","src":"https:\/\/i0.wp.com\/alaincardenas.com\/blog\/wp-content\/uploads\/2025\/11\/1762721465297.jpg?resize=350%2C200&ssl=1","width":350,"height":200,"srcset":"https:\/\/i0.wp.com\/alaincardenas.com\/blog\/wp-content\/uploads\/2025\/11\/1762721465297.jpg?resize=350%2C200&ssl=1 1x, https:\/\/i0.wp.com\/alaincardenas.com\/blog\/wp-content\/uploads\/2025\/11\/1762721465297.jpg?resize=525%2C300&ssl=1 1.5x, https:\/\/i0.wp.com\/alaincardenas.com\/blog\/wp-content\/uploads\/2025\/11\/1762721465297.jpg?resize=700%2C400&ssl=1 2x"},"classes":[]},{"id":8248,"url":"https:\/\/alaincardenas.com\/blog\/entre-urdimbres-y-tramas-cristina-ghetti\/","url_meta":{"origin":9266,"position":1},"title":"Entre urdimbres y tramas, Cristina Ghetti","author":"admin","date":"2024-09-20","format":false,"excerpt":"Exposition du 15 septembre au 19 octobre 2024, Galerie Younique *,\u00a065 rue Pascal 75013 Paris, du jeudi au samedi de 16h \u00e0 20h et sur RDV. compte-rendu par Alain Cardenas-Castro Cristina Ghetti est une artiste argentine qui vit et travaille \u00e0 Valence, en Espagne. Depuis une dizaine d'ann\u00e9es, elle s'int\u00e9resse\u2026","rel":"","context":"Dans &quot;Am\u00e9rique latine&quot;","block_context":{"text":"Am\u00e9rique latine","link":"https:\/\/alaincardenas.com\/blog\/category\/amerique-latine\/"},"img":{"alt_text":"","src":"https:\/\/i0.wp.com\/alaincardenas.com\/blog\/wp-content\/uploads\/2024\/09\/1726853216332.jpg?resize=350%2C200&ssl=1","width":350,"height":200,"srcset":"https:\/\/i0.wp.com\/alaincardenas.com\/blog\/wp-content\/uploads\/2024\/09\/1726853216332.jpg?resize=350%2C200&ssl=1 1x, https:\/\/i0.wp.com\/alaincardenas.com\/blog\/wp-content\/uploads\/2024\/09\/1726853216332.jpg?resize=525%2C300&ssl=1 1.5x, https:\/\/i0.wp.com\/alaincardenas.com\/blog\/wp-content\/uploads\/2024\/09\/1726853216332.jpg?resize=700%2C400&ssl=1 2x, https:\/\/i0.wp.com\/alaincardenas.com\/blog\/wp-content\/uploads\/2024\/09\/1726853216332.jpg?resize=1050%2C600&ssl=1 3x"},"classes":[]},{"id":4204,"url":"https:\/\/alaincardenas.com\/blog\/gabrielle-haardt-sculptrice-de-bijoux\/","url_meta":{"origin":9266,"position":2},"title":"Gabrielle Haardt, sculptrice de bijoux","author":"admin","date":"2019-11-01","format":false,"excerpt":"Exposition des \u0153uvres de Gabrielle Haardt, sculptures & bijoux.\u00a0Du 23 octobre au 5 novembre 2019,\u00a0Galerie Martel Greiner,\u00a071, boulevard Raspail, Paris 6e -\u00a001 45 48 13 05 \u00a0 Compte-rendu par Alain Cardenas-Castro et Christophe Comentale L\u2019ann\u00e9e 2019 rend hommage \u00e0 une cr\u00e9atrice dont l\u2019originalit\u00e9 et l\u2019esth\u00e9tique ont \u00e9t\u00e9 quelque peu \u00e9cart\u00e9es\u2026","rel":"","context":"Dans &quot;Compte-rendu&quot;","block_context":{"text":"Compte-rendu","link":"https:\/\/alaincardenas.com\/blog\/category\/compte-rendu\/"},"img":{"alt_text":"","src":"https:\/\/i0.wp.com\/alaincardenas.com\/blog\/wp-content\/uploads\/2019\/11\/1572630242109blob.png?resize=350%2C200&ssl=1","width":350,"height":200,"srcset":"https:\/\/i0.wp.com\/alaincardenas.com\/blog\/wp-content\/uploads\/2019\/11\/1572630242109blob.png?resize=350%2C200&ssl=1 1x, https:\/\/i0.wp.com\/alaincardenas.com\/blog\/wp-content\/uploads\/2019\/11\/1572630242109blob.png?resize=525%2C300&ssl=1 1.5x"},"classes":[]},{"id":4261,"url":"https:\/\/alaincardenas.com\/blog\/chroniques-de-vie-javier-silva-meinel\/","url_meta":{"origin":9266,"position":3},"title":"CHRONIQUES DE VIE, Javier Silva Meinel","author":"admin","date":"2019-11-06","format":false,"excerpt":"Exposition du 5 au 29 Novembre 2019,\u00a0Galerie Younique, 65 rue Pascal 75013 Paris - 06 26 76 36 33\u00a0Mardi-Samedi 16h-20h compte-rendu par Alain Cardenas-Castro Galerie install\u00e9e depuis bient\u00f4t quinze ans dans un arrondissement de la capitale qui pr\u00f4ne une diversit\u00e9 culturelle, la galerie Younique pr\u00e9sente une vingtaine d\u2019\u0153uvres des ann\u00e9es\u2026","rel":"","context":"Dans &quot;Am\u00e9rique latine&quot;","block_context":{"text":"Am\u00e9rique latine","link":"https:\/\/alaincardenas.com\/blog\/category\/amerique-latine\/"},"img":{"alt_text":"","src":"https:\/\/i0.wp.com\/alaincardenas.com\/blog\/wp-content\/uploads\/2019\/11\/DSC_0018.jpg?resize=350%2C200&ssl=1","width":350,"height":200},"classes":[]},{"id":7805,"url":"https:\/\/alaincardenas.com\/blog\/de-lasie-nippone-au-kazakstan-trois-artistes-eclectiques\/","url_meta":{"origin":9266,"position":4},"title":"De l\u2019Asie nippone au Kazakstan, trois artistes \u00e9clectiques,","author":"admin","date":"2023-12-31","format":false,"excerpt":"Akira Iumara, Toshi (Toshimi Ishii) et Sanzhar Zhubanov Mairie du 8e arr., Paris. Compte-rendu d\u2019exposition et nouveau floril\u00e8ge d\u2019\u0153uvres du sculpteur et peintre Sanzhar Zhubanov De temps \u00e0 autre, nos \u00e9diles savent cultiver les relations publiques, politiques au profit de la culture et de sa diversit\u00e9 incommensurable. Leurs liens avec\u2026","rel":"","context":"Dans &quot;Asie&quot;","block_context":{"text":"Asie","link":"https:\/\/alaincardenas.com\/blog\/category\/asie\/"},"img":{"alt_text":"","src":"https:\/\/i0.wp.com\/alaincardenas.com\/blog\/wp-content\/uploads\/2023\/12\/1703790575004.jpg?resize=350%2C200&ssl=1","width":350,"height":200},"classes":[]},{"id":7644,"url":"https:\/\/alaincardenas.com\/blog\/dunhuang-regards-est-ouest-compte-rendu-de-mission\/","url_meta":{"origin":9266,"position":5},"title":"Dunhuang\u00a0: regards Est-Ouest, compte-rendu de mission","author":"admin","date":"2023-10-31","format":false,"excerpt":"par Alain Cardenas-Castro et Christophe Comentale Compte-rendu de mission en Chine \u2013 P\u00e9kin, Dunhuang, octobre 2023. un cycle de missions centr\u00e9es sur l\u2019\u00e9tude des peintures murales, les fresques de Dunhuang (ill. 1 \u00e0 3), vues dans une perspective comparatiste a permis une continuit\u00e9 de points de vue et d\u2019observations men\u00e9es\u2026","rel":"","context":"Dans &quot;Asie&quot;","block_context":{"text":"Asie","link":"https:\/\/alaincardenas.com\/blog\/category\/asie\/"},"img":{"alt_text":"","src":"https:\/\/i0.wp.com\/alaincardenas.com\/blog\/wp-content\/uploads\/2023\/10\/IMG_6659-rotated.jpg?resize=350%2C200&ssl=1","width":350,"height":200},"classes":[]}],"_links":{"self":[{"href":"https:\/\/alaincardenas.com\/blog\/wp-json\/wp\/v2\/posts\/9266"}],"collection":[{"href":"https:\/\/alaincardenas.com\/blog\/wp-json\/wp\/v2\/posts"}],"about":[{"href":"https:\/\/alaincardenas.com\/blog\/wp-json\/wp\/v2\/types\/post"}],"author":[{"embeddable":true,"href":"https:\/\/alaincardenas.com\/blog\/wp-json\/wp\/v2\/users\/1"}],"replies":[{"embeddable":true,"href":"https:\/\/alaincardenas.com\/blog\/wp-json\/wp\/v2\/comments?post=9266"}],"version-history":[{"count":5,"href":"https:\/\/alaincardenas.com\/blog\/wp-json\/wp\/v2\/posts\/9266\/revisions"}],"predecessor-version":[{"id":9295,"href":"https:\/\/alaincardenas.com\/blog\/wp-json\/wp\/v2\/posts\/9266\/revisions\/9295"}],"wp:attachment":[{"href":"https:\/\/alaincardenas.com\/blog\/wp-json\/wp\/v2\/media?parent=9266"}],"wp:term":[{"taxonomy":"category","embeddable":true,"href":"https:\/\/alaincardenas.com\/blog\/wp-json\/wp\/v2\/categories?post=9266"},{"taxonomy":"post_tag","embeddable":true,"href":"https:\/\/alaincardenas.com\/blog\/wp-json\/wp\/v2\/tags?post=9266"}],"curies":[{"name":"wp","href":"https:\/\/api.w.org\/{rel}","templated":true}]}}