{"id":9237,"date":"2025-11-12T21:21:03","date_gmt":"2025-11-12T20:21:03","guid":{"rendered":"https:\/\/alaincardenas.com\/blog\/?p=9237"},"modified":"2025-11-13T20:59:37","modified_gmt":"2025-11-13T19:59:37","slug":"epiphanies-javier-silva-meinel","status":"publish","type":"post","link":"https:\/\/alaincardenas.com\/blog\/epiphanies-javier-silva-meinel\/","title":{"rendered":"\u00c9PIPHANIES, Javier Silva Meinel"},"content":{"rendered":"\n<p>Exposition du 9 novembre 2025 au 24 janvier 2026. Fermeture pendant les f\u00eates du 19 d\u00e9cembre au 7 janvier) du jeudi au samedi de 16h \u00e0 20h et sur RDV. <a href=\"http:\/\/www.galerieyounique.com\">Galerie Younique<\/a>, 65 rue Pascal 75013 Paris. T\u00e9l. +33 6 26 76 36 33 galerieyounique@gmail.com<\/p>\n\n\n\n<p>compte-rendu par Alain Cardenas-Castro<\/p>\n\n\n\n<p>A Paris, en ce mois de novembre consacr\u00e9 \u00e0 la photographie, la galerie Younique pr\u00e9sente une quinzaine d&rsquo;\u0153uvres d\u2019un des photographes p\u00e9ruviens contemporains les plus reconnus. Apr\u00e8s <em><a href=\"https:\/\/alaincardenas.com\/blog\/chroniques-de-vie-javier-silva-meinel\/\">CHRONIQUES DE VIE, Javier Silva Meinel<\/a><\/em> en 2019, cette deuxi\u00e8me exposition personnelle de Javier Silva Meinel chez Younique pr\u00e9sente une s\u00e9lection importante de l&rsquo;\u0153uvre de l&rsquo;artiste qui a b\u00e9n\u00e9fici\u00e9 derni\u00e8rement d&rsquo;une importante retrospective au mus\u00e9e d&rsquo;art contemporain de Lima (MAC). <em><a href=\"https:\/\/maclima.pe\/project\/la-luna-del-condor-retrospectiva-1974-2024\/\">La luna del c\u00f3ndor. Retrospetiva 1974-2024<\/a><\/em>, a eu lieu du 21 ao\u00fbt au 8 novembre dernier.<\/p>\n\n\n<div class=\"wp-block-image\">\n<figure class=\"aligncenter size-full is-resized\"><a href=\"https:\/\/i0.wp.com\/alaincardenas.com\/blog\/wp-content\/uploads\/2025\/11\/1762721465297.jpg?ssl=1\"><img data-attachment-id=\"9239\" data-permalink=\"https:\/\/alaincardenas.com\/blog\/epiphanies-javier-silva-meinel\/attachment\/1762721465297\/\" data-orig-file=\"https:\/\/i0.wp.com\/alaincardenas.com\/blog\/wp-content\/uploads\/2025\/11\/1762721465297.jpg?fit=800%2C600&amp;ssl=1\" data-orig-size=\"800,600\" data-comments-opened=\"0\" data-image-meta=\"{&quot;aperture&quot;:&quot;0&quot;,&quot;credit&quot;:&quot;&quot;,&quot;camera&quot;:&quot;--&quot;,&quot;caption&quot;:&quot;&quot;,&quot;created_timestamp&quot;:&quot;1762612638&quot;,&quot;copyright&quot;:&quot;&quot;,&quot;focal_length&quot;:&quot;0&quot;,&quot;iso&quot;:&quot;0&quot;,&quot;shutter_speed&quot;:&quot;1&quot;,&quot;title&quot;:&quot;&quot;,&quot;orientation&quot;:&quot;1&quot;}\" data-image-title=\"1762721465297\" data-image-description=\"\" data-image-caption=\"\" data-medium-file=\"https:\/\/i0.wp.com\/alaincardenas.com\/blog\/wp-content\/uploads\/2025\/11\/1762721465297.jpg?fit=300%2C225&amp;ssl=1\" data-large-file=\"https:\/\/i0.wp.com\/alaincardenas.com\/blog\/wp-content\/uploads\/2025\/11\/1762721465297.jpg?fit=584%2C438&amp;ssl=1\" decoding=\"async\" loading=\"lazy\" src=\"https:\/\/i0.wp.com\/alaincardenas.com\/blog\/wp-content\/uploads\/2025\/11\/1762721465297.jpg?resize=400%2C300&#038;ssl=1\" alt=\"\" class=\"wp-image-9239\" width=\"400\" height=\"300\" srcset=\"https:\/\/i0.wp.com\/alaincardenas.com\/blog\/wp-content\/uploads\/2025\/11\/1762721465297.jpg?w=800&amp;ssl=1 800w, https:\/\/i0.wp.com\/alaincardenas.com\/blog\/wp-content\/uploads\/2025\/11\/1762721465297.jpg?resize=300%2C225&amp;ssl=1 300w, https:\/\/i0.wp.com\/alaincardenas.com\/blog\/wp-content\/uploads\/2025\/11\/1762721465297.jpg?resize=768%2C576&amp;ssl=1 768w, https:\/\/i0.wp.com\/alaincardenas.com\/blog\/wp-content\/uploads\/2025\/11\/1762721465297.jpg?resize=400%2C300&amp;ssl=1 400w\" sizes=\"(max-width: 400px) 100vw, 400px\" data-recalc-dims=\"1\" \/><\/a><figcaption class=\"wp-element-caption\">Vue panoramique de l&rsquo;exposition <em>\u00c9piphanies, Javier Silva Meinel<\/em>, Galerie Younique, Paris, <\/figcaption><\/figure><\/div>\n\n\n<!--more-->\n\n\n\n<p>\u00ab\u00a0La photographie de Javier Silva Meinel est une r\u00e9v\u00e9lation, autrement dit une \u00e9piphanie: entre r\u00e9alit\u00e9 sublim\u00e9e et myst\u00e8re. Ses images sont des po\u00e9sies visuelles, o\u00f9 le sacr\u00e9 dialogue avec le quotidien et nous transporte avec pr\u00e9cision dans le temps. Avec beaucoup de respect, Silva Meinel s\u2019introduit dans des f\u00eates et des moments intimes, pour immortaliser son pays bien aim\u00e9 qu\u2019il parcourt depuis 50 ans: le P\u00e9rou.<\/p>\n\n\n\n<p>L\u2019univers \u00e9trange et merveilleux de Silva Meinel, constitue un v\u00e9ritable hommage \u00e0 l\u2019humain; un travail minutieux influenc\u00e9 par le travail des plus grands comme Aaron Sisdkin, Minor White ou Mart\u00edn Chambi.\u00a0\u00bb<\/p>\n\n\n<div class=\"wp-block-image\">\n<figure class=\"aligncenter size-full is-resized\"><a href=\"https:\/\/i0.wp.com\/alaincardenas.com\/blog\/wp-content\/uploads\/2025\/11\/JAVIER-SILVA-MEINEL-DP-2025.jpg?ssl=1\"><img data-attachment-id=\"9238\" data-permalink=\"https:\/\/alaincardenas.com\/blog\/epiphanies-javier-silva-meinel\/javier-silva-meinel-dp-2025\/\" data-orig-file=\"https:\/\/i0.wp.com\/alaincardenas.com\/blog\/wp-content\/uploads\/2025\/11\/JAVIER-SILVA-MEINEL-DP-2025.jpg?fit=613%2C617&amp;ssl=1\" data-orig-size=\"613,617\" data-comments-opened=\"0\" data-image-meta=\"{&quot;aperture&quot;:&quot;0&quot;,&quot;credit&quot;:&quot;&quot;,&quot;camera&quot;:&quot;&quot;,&quot;caption&quot;:&quot;&quot;,&quot;created_timestamp&quot;:&quot;0&quot;,&quot;copyright&quot;:&quot;&quot;,&quot;focal_length&quot;:&quot;0&quot;,&quot;iso&quot;:&quot;0&quot;,&quot;shutter_speed&quot;:&quot;0&quot;,&quot;title&quot;:&quot;&quot;,&quot;orientation&quot;:&quot;1&quot;}\" data-image-title=\"JAVIER SILVA MEINEL DP 2025\" data-image-description=\"\" data-image-caption=\"\" data-medium-file=\"https:\/\/i0.wp.com\/alaincardenas.com\/blog\/wp-content\/uploads\/2025\/11\/JAVIER-SILVA-MEINEL-DP-2025.jpg?fit=298%2C300&amp;ssl=1\" data-large-file=\"https:\/\/i0.wp.com\/alaincardenas.com\/blog\/wp-content\/uploads\/2025\/11\/JAVIER-SILVA-MEINEL-DP-2025.jpg?fit=584%2C588&amp;ssl=1\" decoding=\"async\" loading=\"lazy\" src=\"https:\/\/i0.wp.com\/alaincardenas.com\/blog\/wp-content\/uploads\/2025\/11\/JAVIER-SILVA-MEINEL-DP-2025.jpg?resize=307%2C309&#038;ssl=1\" alt=\"\" class=\"wp-image-9238\" width=\"307\" height=\"309\" srcset=\"https:\/\/i0.wp.com\/alaincardenas.com\/blog\/wp-content\/uploads\/2025\/11\/JAVIER-SILVA-MEINEL-DP-2025.jpg?w=613&amp;ssl=1 613w, https:\/\/i0.wp.com\/alaincardenas.com\/blog\/wp-content\/uploads\/2025\/11\/JAVIER-SILVA-MEINEL-DP-2025.jpg?resize=298%2C300&amp;ssl=1 298w, https:\/\/i0.wp.com\/alaincardenas.com\/blog\/wp-content\/uploads\/2025\/11\/JAVIER-SILVA-MEINEL-DP-2025.jpg?resize=150%2C150&amp;ssl=1 150w\" sizes=\"(max-width: 307px) 100vw, 307px\" data-recalc-dims=\"1\" \/><\/a><figcaption class=\"wp-element-caption\"><em>Luces<\/em> (1987) , Tirage argentique vir\u00e9 au s\u00e9l\u00e9nium, 17,5 x17,5 cm<\/figcaption><\/figure><\/div>\n\n\n<p>Avec ces images in\u00e9dites en France, la galerie Younique poursuit son travail exigeant de promotion de la cr\u00e9ation p\u00e9ruvienne contemporaine. <\/p>\n\n\n\n<p>Rappelons que la Galerie Younique a \u00e9t\u00e9 fond\u00e9e en 2005 \u00e0 Paris par Mathias Bloch. Sp\u00e9cialis\u00e9e en art contemporain (peinture, photographie, sculpture, installation et vid\u00e9o), Younique cr\u00e9e un pont entre la France et l\u2019Am\u00e9rique Latine en valorisant l\u2019art fran\u00e7ais \u00e0 l\u2019\u00e9tranger et en repr\u00e9sentant l\u2019art latino-am\u00e9ricain en Europe. Ces derni\u00e8res ann\u00e9es, la galerie a multipli\u00e9 les projets au Mexique et en 2020 a ouvert un bureau-galerie \u00e0 Lima, au P\u00e9rou. <\/p>\n\n\n\n<p>La Galerie Younique est depuis 2013, membre du Comit\u00e9 Professionnel des Galeries d\u2019Art.<\/p>\n","protected":false},"excerpt":{"rendered":"<p>Exposition du 9 novembre 2025 au 24 janvier 2026. Fermeture pendant les f\u00eates du 19 d\u00e9cembre au 7 janvier) du jeudi au samedi de 16h \u00e0 20h et sur RDV. Galerie Younique, 65 rue Pascal 75013 Paris. T\u00e9l. +33 6 &hellip; <a href=\"https:\/\/alaincardenas.com\/blog\/epiphanies-javier-silva-meinel\/\">Continuer la lecture <span class=\"meta-nav\">&rarr;<\/span><\/a><\/p>\n","protected":false},"author":1,"featured_media":0,"comment_status":"closed","ping_status":"closed","sticky":false,"template":"","format":"standard","meta":{"sfsi_plus_gutenberg_text_before_share":"","sfsi_plus_gutenberg_show_text_before_share":"","sfsi_plus_gutenberg_icon_type":"","sfsi_plus_gutenberg_icon_alignemt":"","sfsi_plus_gutenburg_max_per_row":"","jetpack_post_was_ever_published":false,"_jetpack_newsletter_access":"","_jetpack_newsletter_tier_id":0,"jetpack_publicize_message":"","jetpack_is_tweetstorm":false,"jetpack_publicize_feature_enabled":true,"jetpack_social_post_already_shared":true,"jetpack_social_options":{"image_generator_settings":{"template":"highway","enabled":false}}},"categories":[43,42,21],"tags":[8,39,35,38],"jetpack_publicize_connections":[],"jetpack_featured_media_url":"","jetpack_sharing_enabled":true,"jetpack_shortlink":"https:\/\/wp.me\/p8Mijt-2oZ","jetpack_likes_enabled":true,"jetpack-related-posts":[{"id":4261,"url":"https:\/\/alaincardenas.com\/blog\/chroniques-de-vie-javier-silva-meinel\/","url_meta":{"origin":9237,"position":0},"title":"CHRONIQUES DE VIE, Javier Silva Meinel","author":"admin","date":"2019-11-06","format":false,"excerpt":"Exposition du 5 au 29 Novembre 2019,\u00a0Galerie Younique, 65 rue Pascal 75013 Paris - 06 26 76 36 33\u00a0Mardi-Samedi 16h-20h compte-rendu par Alain Cardenas-Castro Galerie install\u00e9e depuis bient\u00f4t quinze ans dans un arrondissement de la capitale qui pr\u00f4ne une diversit\u00e9 culturelle, la galerie Younique pr\u00e9sente une vingtaine d\u2019\u0153uvres des ann\u00e9es\u2026","rel":"","context":"Dans &quot;Am\u00e9rique latine&quot;","block_context":{"text":"Am\u00e9rique latine","link":"https:\/\/alaincardenas.com\/blog\/category\/amerique-latine\/"},"img":{"alt_text":"","src":"https:\/\/i0.wp.com\/alaincardenas.com\/blog\/wp-content\/uploads\/2019\/11\/DSC_0018.jpg?resize=350%2C200&ssl=1","width":350,"height":200},"classes":[]},{"id":8248,"url":"https:\/\/alaincardenas.com\/blog\/entre-urdimbres-y-tramas-cristina-ghetti\/","url_meta":{"origin":9237,"position":1},"title":"Entre urdimbres y tramas, Cristina Ghetti","author":"admin","date":"2024-09-20","format":false,"excerpt":"Exposition du 15 septembre au 19 octobre 2024, Galerie Younique *,\u00a065 rue Pascal 75013 Paris, du jeudi au samedi de 16h \u00e0 20h et sur RDV. compte-rendu par Alain Cardenas-Castro Cristina Ghetti est une artiste argentine qui vit et travaille \u00e0 Valence, en Espagne. Depuis une dizaine d'ann\u00e9es, elle s'int\u00e9resse\u2026","rel":"","context":"Dans &quot;Am\u00e9rique latine&quot;","block_context":{"text":"Am\u00e9rique latine","link":"https:\/\/alaincardenas.com\/blog\/category\/amerique-latine\/"},"img":{"alt_text":"","src":"https:\/\/i0.wp.com\/alaincardenas.com\/blog\/wp-content\/uploads\/2024\/09\/1726853216332.jpg?resize=350%2C200&ssl=1","width":350,"height":200,"srcset":"https:\/\/i0.wp.com\/alaincardenas.com\/blog\/wp-content\/uploads\/2024\/09\/1726853216332.jpg?resize=350%2C200&ssl=1 1x, https:\/\/i0.wp.com\/alaincardenas.com\/blog\/wp-content\/uploads\/2024\/09\/1726853216332.jpg?resize=525%2C300&ssl=1 1.5x, https:\/\/i0.wp.com\/alaincardenas.com\/blog\/wp-content\/uploads\/2024\/09\/1726853216332.jpg?resize=700%2C400&ssl=1 2x, https:\/\/i0.wp.com\/alaincardenas.com\/blog\/wp-content\/uploads\/2024\/09\/1726853216332.jpg?resize=1050%2C600&ssl=1 3x"},"classes":[]},{"id":8392,"url":"https:\/\/alaincardenas.com\/blog\/quiulacocha-un-projet-visuel-de-marco-garro\/","url_meta":{"origin":9237,"position":2},"title":"Portraits d&rsquo;hier et de demain (7) \u00ab\u00a0Quiulacocha\u00a0\u00bb, un projet visuel de Marco\u00a0Garro","author":"admin","date":"2024-11-22","format":false,"excerpt":"par Alain Cardenas-Castro Exposition du 7 novembre au 14 d\u00e9cembre 2024, Galerie Younique, Paris. Du jeudi au samedi de 16h \u00e0 20h et sur RDV. Une visite guid\u00e9e de l\u2019exposition Quiulacocha et une pr\u00e9sentation du livre de Marco Garro ont eu lieu en pr\u00e9sence de l\u2019artiste le vendredi 8 Novembre\u2026","rel":"","context":"Dans &quot;Am\u00e9rique latine&quot;","block_context":{"text":"Am\u00e9rique latine","link":"https:\/\/alaincardenas.com\/blog\/category\/amerique-latine\/"},"img":{"alt_text":"","src":"https:\/\/i0.wp.com\/alaincardenas.com\/blog\/wp-content\/uploads\/2024\/11\/1732185903563-1.jpg?resize=350%2C200&ssl=1","width":350,"height":200},"classes":[]},{"id":9246,"url":"https:\/\/alaincardenas.com\/blog\/mira-2025-maison-de-lamerique-latine-paris\/","url_meta":{"origin":9237,"position":3},"title":"MIRA 2025. Maison de l\u2019Am\u00e9rique latine. Paris","author":"admin","date":"2025-11-17","format":false,"excerpt":"Christophe Comentale et SUN Chengan Compte-rendu de visite matinale. Du 13 au 16 novembre 2025, la Maison de l\u2019Am\u00e9rique latine accueille MIRA [joli titre qui peut \u00e9galement signifier Regarde\u00a0!], une manifestation unique pour la promotion de l\u2019art dans l\u2019Am\u00e9rique latine, \u2014 en th\u00e9orie entre vingt et plus de trente pays\u2026","rel":"","context":"Dans &quot;Am\u00e9rique latine&quot;","block_context":{"text":"Am\u00e9rique latine","link":"https:\/\/alaincardenas.com\/blog\/category\/amerique-latine\/"},"img":{"alt_text":"","src":"https:\/\/i0.wp.com\/alaincardenas.com\/blog\/wp-content\/uploads\/2025\/11\/1763329741380.jpg?resize=350%2C200&ssl=1","width":350,"height":200},"classes":[]},{"id":5228,"url":"https:\/\/alaincardenas.com\/blog\/oeuvres-magiques-et-polychromes-dalain-cardenas-castro-papiers-livres-dartiste-sculptures-et-autres-supports\/","url_meta":{"origin":9237,"position":4},"title":"\u0152uvres magiques et polychromes d\u2019Alain Cardenas-Castro. Papiers, livres d\u2019artiste, sculptures et autres supports","author":"admin","date":"2020-07-14","format":false,"excerpt":"G\u00e9ographie \u00e9ph\u00e9m\u00e8re,\u00a0Galerie Younique,\u00a065 rue Pascal 75013 Paris,\u00a0du 13 septembre au 17 octobre 2020 compte-rendu par Marie-Paule Peronnet Ann\u00e9es 2018 \u00e0 2020. Une succession d\u2019\u0153uvres pour une chronologie triennale propitiatoire, sur suite d\u2019\u00e9v\u00e9nements num\u00e9riques et patrimoniaux en France, en Asie et au P\u00e9rou. Des manifestations qui montrent la pr\u00e9sence interactive d\u2019Alain\u2026","rel":"","context":"Dans &quot;Am\u00e9rique latine&quot;","block_context":{"text":"Am\u00e9rique latine","link":"https:\/\/alaincardenas.com\/blog\/category\/amerique-latine\/"},"img":{"alt_text":"","src":"https:\/\/i0.wp.com\/alaincardenas.com\/blog\/wp-content\/uploads\/2020\/07\/IMG_2736.jpg?resize=350%2C200&ssl=1","width":350,"height":200,"srcset":"https:\/\/i0.wp.com\/alaincardenas.com\/blog\/wp-content\/uploads\/2020\/07\/IMG_2736.jpg?resize=350%2C200&ssl=1 1x, https:\/\/i0.wp.com\/alaincardenas.com\/blog\/wp-content\/uploads\/2020\/07\/IMG_2736.jpg?resize=525%2C300&ssl=1 1.5x, https:\/\/i0.wp.com\/alaincardenas.com\/blog\/wp-content\/uploads\/2020\/07\/IMG_2736.jpg?resize=700%2C400&ssl=1 2x"},"classes":[]},{"id":6225,"url":"https:\/\/alaincardenas.com\/blog\/de-parc-2022-a-younique\/","url_meta":{"origin":9237,"position":5},"title":"De PArC 2022 \u00e0 Younique","author":"admin","date":"2022-04-30","format":false,"excerpt":"par Alain Cardenas-Castro Quarante-cinq galeries au neuvi\u00e8me PArC. Une seule galerie fran\u00e7aise orient\u00e9e P\u00e9rou et \u00e9changes Est-Ouest donne le ton d'une meilleure visibilit\u00e9 sur la cr\u00e9ation contemporaine qui rassemble tendances hispanisantes et pluriethniques. La neuvi\u00e8me \u00e9dition de PArC, Peru Arte Contempor\u00e1neo, a eu lieu du 20 au 24 avril 2022.\u2026","rel":"","context":"Dans &quot;Am\u00e9rique latine&quot;","block_context":{"text":"Am\u00e9rique latine","link":"https:\/\/alaincardenas.com\/blog\/category\/amerique-latine\/"},"img":{"alt_text":"","src":"https:\/\/i0.wp.com\/alaincardenas.com\/blog\/wp-content\/uploads\/2022\/04\/stand-Younique-PaRC.pptx.jpg?resize=350%2C200&ssl=1","width":350,"height":200,"srcset":"https:\/\/i0.wp.com\/alaincardenas.com\/blog\/wp-content\/uploads\/2022\/04\/stand-Younique-PaRC.pptx.jpg?resize=350%2C200&ssl=1 1x, https:\/\/i0.wp.com\/alaincardenas.com\/blog\/wp-content\/uploads\/2022\/04\/stand-Younique-PaRC.pptx.jpg?resize=525%2C300&ssl=1 1.5x, https:\/\/i0.wp.com\/alaincardenas.com\/blog\/wp-content\/uploads\/2022\/04\/stand-Younique-PaRC.pptx.jpg?resize=700%2C400&ssl=1 2x, https:\/\/i0.wp.com\/alaincardenas.com\/blog\/wp-content\/uploads\/2022\/04\/stand-Younique-PaRC.pptx.jpg?resize=1050%2C600&ssl=1 3x, https:\/\/i0.wp.com\/alaincardenas.com\/blog\/wp-content\/uploads\/2022\/04\/stand-Younique-PaRC.pptx.jpg?resize=1400%2C800&ssl=1 4x"},"classes":[]}],"_links":{"self":[{"href":"https:\/\/alaincardenas.com\/blog\/wp-json\/wp\/v2\/posts\/9237"}],"collection":[{"href":"https:\/\/alaincardenas.com\/blog\/wp-json\/wp\/v2\/posts"}],"about":[{"href":"https:\/\/alaincardenas.com\/blog\/wp-json\/wp\/v2\/types\/post"}],"author":[{"embeddable":true,"href":"https:\/\/alaincardenas.com\/blog\/wp-json\/wp\/v2\/users\/1"}],"replies":[{"embeddable":true,"href":"https:\/\/alaincardenas.com\/blog\/wp-json\/wp\/v2\/comments?post=9237"}],"version-history":[{"count":5,"href":"https:\/\/alaincardenas.com\/blog\/wp-json\/wp\/v2\/posts\/9237\/revisions"}],"predecessor-version":[{"id":9245,"href":"https:\/\/alaincardenas.com\/blog\/wp-json\/wp\/v2\/posts\/9237\/revisions\/9245"}],"wp:attachment":[{"href":"https:\/\/alaincardenas.com\/blog\/wp-json\/wp\/v2\/media?parent=9237"}],"wp:term":[{"taxonomy":"category","embeddable":true,"href":"https:\/\/alaincardenas.com\/blog\/wp-json\/wp\/v2\/categories?post=9237"},{"taxonomy":"post_tag","embeddable":true,"href":"https:\/\/alaincardenas.com\/blog\/wp-json\/wp\/v2\/tags?post=9237"}],"curies":[{"name":"wp","href":"https:\/\/api.w.org\/{rel}","templated":true}]}}