{"id":9036,"date":"2025-08-15T09:02:14","date_gmt":"2025-08-15T07:02:14","guid":{"rendered":"https:\/\/alaincardenas.com\/blog\/?p=9036"},"modified":"2025-08-15T09:05:12","modified_gmt":"2025-08-15T07:05:12","slug":"familial-peintures-et-sculptures-de-vp-vasuhan-une-exposition-a-tonnerre","status":"publish","type":"post","link":"https:\/\/alaincardenas.com\/blog\/familial-peintures-et-sculptures-de-vp-vasuhan-une-exposition-a-tonnerre\/","title":{"rendered":"FAMILIAL. PEINTURES ET SCULPTURES DE VP. VASUHAN. UNE EXPOSITION \u00c0 TONNERRE"},"content":{"rendered":"\n<p>par Christophe Comentale<\/p>\n\n\n\n<p>Masques. Nuit blanche. Habitat-souvenir. Performance dans les rues de Tonnerre, \u2026 Ce plasticien &#8211; n\u00e9 au Sri-Lanka voil\u00e0 48 ans &#8211; encha\u00eene ses cr\u00e9ations in situ, en parall\u00e8le aux expositions montrant tout autant sa pratique de peintre, de dessinateur, de graveur. Compte-rendu d\u2019une exposition estivale.<\/p>\n\n\n\n<p>Tonnerre. Espace Marland, du 30 juillet au 16 ao\u00fbt 2025. Peintures et sculptures de VP. Vasuhan<\/p>\n\n\n<div class=\"wp-block-image\">\n<figure class=\"aligncenter size-full is-resized\"><a href=\"https:\/\/i0.wp.com\/alaincardenas.com\/blog\/wp-content\/uploads\/2025\/08\/IMG_0708.jpg?ssl=1\"><img data-attachment-id=\"9037\" data-permalink=\"https:\/\/alaincardenas.com\/blog\/familial-peintures-et-sculptures-de-vp-vasuhan-une-exposition-a-tonnerre\/img_0708\/\" data-orig-file=\"https:\/\/i0.wp.com\/alaincardenas.com\/blog\/wp-content\/uploads\/2025\/08\/IMG_0708.jpg?fit=455%2C768&amp;ssl=1\" data-orig-size=\"455,768\" data-comments-opened=\"0\" data-image-meta=\"{&quot;aperture&quot;:&quot;0&quot;,&quot;credit&quot;:&quot;&quot;,&quot;camera&quot;:&quot;&quot;,&quot;caption&quot;:&quot;&quot;,&quot;created_timestamp&quot;:&quot;0&quot;,&quot;copyright&quot;:&quot;&quot;,&quot;focal_length&quot;:&quot;0&quot;,&quot;iso&quot;:&quot;0&quot;,&quot;shutter_speed&quot;:&quot;0&quot;,&quot;title&quot;:&quot;&quot;,&quot;orientation&quot;:&quot;1&quot;}\" data-image-title=\"IMG_0708\" data-image-description=\"\" data-image-caption=\"\" data-medium-file=\"https:\/\/i0.wp.com\/alaincardenas.com\/blog\/wp-content\/uploads\/2025\/08\/IMG_0708.jpg?fit=178%2C300&amp;ssl=1\" data-large-file=\"https:\/\/i0.wp.com\/alaincardenas.com\/blog\/wp-content\/uploads\/2025\/08\/IMG_0708.jpg?fit=455%2C768&amp;ssl=1\" decoding=\"async\" loading=\"lazy\" src=\"https:\/\/i0.wp.com\/alaincardenas.com\/blog\/wp-content\/uploads\/2025\/08\/IMG_0708.jpg?resize=228%2C384&#038;ssl=1\" alt=\"\" class=\"wp-image-9037\" width=\"228\" height=\"384\" srcset=\"https:\/\/i0.wp.com\/alaincardenas.com\/blog\/wp-content\/uploads\/2025\/08\/IMG_0708.jpg?w=455&amp;ssl=1 455w, https:\/\/i0.wp.com\/alaincardenas.com\/blog\/wp-content\/uploads\/2025\/08\/IMG_0708.jpg?resize=178%2C300&amp;ssl=1 178w\" sizes=\"(max-width: 228px) 100vw, 228px\" data-recalc-dims=\"1\" \/><\/a><figcaption class=\"wp-element-caption\">(ill. 1)<\/figcaption><\/figure><\/div>\n\n\n<!--more-->\n\n\n\n<figure class=\"wp-block-gallery has-nested-images columns-default is-cropped wp-block-gallery-1 is-layout-flex\">\n<figure class=\"wp-block-image size-large\"><a href=\"https:\/\/i0.wp.com\/alaincardenas.com\/blog\/wp-content\/uploads\/2025\/08\/IMG_0721.jpg?ssl=1\"><img data-attachment-id=\"9039\" data-permalink=\"https:\/\/alaincardenas.com\/blog\/familial-peintures-et-sculptures-de-vp-vasuhan-une-exposition-a-tonnerre\/img_0721\/\" data-orig-file=\"https:\/\/i0.wp.com\/alaincardenas.com\/blog\/wp-content\/uploads\/2025\/08\/IMG_0721.jpg?fit=640%2C425&amp;ssl=1\" data-orig-size=\"640,425\" data-comments-opened=\"0\" data-image-meta=\"{&quot;aperture&quot;:&quot;0&quot;,&quot;credit&quot;:&quot;&quot;,&quot;camera&quot;:&quot;&quot;,&quot;caption&quot;:&quot;&quot;,&quot;created_timestamp&quot;:&quot;0&quot;,&quot;copyright&quot;:&quot;&quot;,&quot;focal_length&quot;:&quot;0&quot;,&quot;iso&quot;:&quot;0&quot;,&quot;shutter_speed&quot;:&quot;0&quot;,&quot;title&quot;:&quot;&quot;,&quot;orientation&quot;:&quot;1&quot;}\" data-image-title=\"IMG_0721\" data-image-description=\"\" data-image-caption=\"\" data-medium-file=\"https:\/\/i0.wp.com\/alaincardenas.com\/blog\/wp-content\/uploads\/2025\/08\/IMG_0721.jpg?fit=300%2C199&amp;ssl=1\" data-large-file=\"https:\/\/i0.wp.com\/alaincardenas.com\/blog\/wp-content\/uploads\/2025\/08\/IMG_0721.jpg?fit=584%2C388&amp;ssl=1\" decoding=\"async\" loading=\"lazy\" width=\"584\" height=\"388\" data-id=\"9039\"  src=\"https:\/\/i0.wp.com\/alaincardenas.com\/blog\/wp-content\/uploads\/2025\/08\/IMG_0721.jpg?resize=584%2C388&#038;ssl=1\" alt=\"\" class=\"wp-image-9039\" srcset=\"https:\/\/i0.wp.com\/alaincardenas.com\/blog\/wp-content\/uploads\/2025\/08\/IMG_0721.jpg?w=640&amp;ssl=1 640w, https:\/\/i0.wp.com\/alaincardenas.com\/blog\/wp-content\/uploads\/2025\/08\/IMG_0721.jpg?resize=300%2C199&amp;ssl=1 300w, https:\/\/i0.wp.com\/alaincardenas.com\/blog\/wp-content\/uploads\/2025\/08\/IMG_0721.jpg?resize=452%2C300&amp;ssl=1 452w\" sizes=\"(max-width: 584px) 100vw, 584px\" data-recalc-dims=\"1\" \/><\/a><\/figure>\n\n\n\n<figure class=\"wp-block-image size-large\"><a href=\"https:\/\/i0.wp.com\/alaincardenas.com\/blog\/wp-content\/uploads\/2025\/08\/IMG_0702.jpg?ssl=1\"><img data-attachment-id=\"9040\" data-permalink=\"https:\/\/alaincardenas.com\/blog\/familial-peintures-et-sculptures-de-vp-vasuhan-une-exposition-a-tonnerre\/img_0702\/\" data-orig-file=\"https:\/\/i0.wp.com\/alaincardenas.com\/blog\/wp-content\/uploads\/2025\/08\/IMG_0702.jpg?fit=534%2C768&amp;ssl=1\" data-orig-size=\"534,768\" data-comments-opened=\"0\" data-image-meta=\"{&quot;aperture&quot;:&quot;0&quot;,&quot;credit&quot;:&quot;&quot;,&quot;camera&quot;:&quot;&quot;,&quot;caption&quot;:&quot;&quot;,&quot;created_timestamp&quot;:&quot;0&quot;,&quot;copyright&quot;:&quot;&quot;,&quot;focal_length&quot;:&quot;0&quot;,&quot;iso&quot;:&quot;0&quot;,&quot;shutter_speed&quot;:&quot;0&quot;,&quot;title&quot;:&quot;&quot;,&quot;orientation&quot;:&quot;1&quot;}\" data-image-title=\"IMG_0702\" data-image-description=\"\" data-image-caption=\"\" data-medium-file=\"https:\/\/i0.wp.com\/alaincardenas.com\/blog\/wp-content\/uploads\/2025\/08\/IMG_0702.jpg?fit=209%2C300&amp;ssl=1\" data-large-file=\"https:\/\/i0.wp.com\/alaincardenas.com\/blog\/wp-content\/uploads\/2025\/08\/IMG_0702.jpg?fit=534%2C768&amp;ssl=1\" decoding=\"async\" loading=\"lazy\" width=\"534\" height=\"768\" data-id=\"9040\"  src=\"https:\/\/i0.wp.com\/alaincardenas.com\/blog\/wp-content\/uploads\/2025\/08\/IMG_0702.jpg?resize=534%2C768&#038;ssl=1\" alt=\"\" class=\"wp-image-9040\" srcset=\"https:\/\/i0.wp.com\/alaincardenas.com\/blog\/wp-content\/uploads\/2025\/08\/IMG_0702.jpg?w=534&amp;ssl=1 534w, https:\/\/i0.wp.com\/alaincardenas.com\/blog\/wp-content\/uploads\/2025\/08\/IMG_0702.jpg?resize=209%2C300&amp;ssl=1 209w\" sizes=\"(max-width: 534px) 100vw, 534px\" data-recalc-dims=\"1\" \/><\/a><\/figure>\n\n\n\n<figure class=\"wp-block-image size-large\"><a href=\"https:\/\/i0.wp.com\/alaincardenas.com\/blog\/wp-content\/uploads\/2025\/08\/IMG_0712.jpg?ssl=1\"><img data-attachment-id=\"9041\" data-permalink=\"https:\/\/alaincardenas.com\/blog\/familial-peintures-et-sculptures-de-vp-vasuhan-une-exposition-a-tonnerre\/img_0712\/\" data-orig-file=\"https:\/\/i0.wp.com\/alaincardenas.com\/blog\/wp-content\/uploads\/2025\/08\/IMG_0712.jpg?fit=576%2C768&amp;ssl=1\" data-orig-size=\"576,768\" data-comments-opened=\"0\" data-image-meta=\"{&quot;aperture&quot;:&quot;0&quot;,&quot;credit&quot;:&quot;&quot;,&quot;camera&quot;:&quot;&quot;,&quot;caption&quot;:&quot;&quot;,&quot;created_timestamp&quot;:&quot;0&quot;,&quot;copyright&quot;:&quot;&quot;,&quot;focal_length&quot;:&quot;0&quot;,&quot;iso&quot;:&quot;0&quot;,&quot;shutter_speed&quot;:&quot;0&quot;,&quot;title&quot;:&quot;&quot;,&quot;orientation&quot;:&quot;1&quot;}\" data-image-title=\"IMG_0712\" data-image-description=\"\" data-image-caption=\"\" data-medium-file=\"https:\/\/i0.wp.com\/alaincardenas.com\/blog\/wp-content\/uploads\/2025\/08\/IMG_0712.jpg?fit=225%2C300&amp;ssl=1\" data-large-file=\"https:\/\/i0.wp.com\/alaincardenas.com\/blog\/wp-content\/uploads\/2025\/08\/IMG_0712.jpg?fit=576%2C768&amp;ssl=1\" decoding=\"async\" loading=\"lazy\" width=\"576\" height=\"768\" data-id=\"9041\"  src=\"https:\/\/i0.wp.com\/alaincardenas.com\/blog\/wp-content\/uploads\/2025\/08\/IMG_0712.jpg?resize=576%2C768&#038;ssl=1\" alt=\"\" class=\"wp-image-9041\" srcset=\"https:\/\/i0.wp.com\/alaincardenas.com\/blog\/wp-content\/uploads\/2025\/08\/IMG_0712.jpg?w=576&amp;ssl=1 576w, https:\/\/i0.wp.com\/alaincardenas.com\/blog\/wp-content\/uploads\/2025\/08\/IMG_0712.jpg?resize=225%2C300&amp;ssl=1 225w\" sizes=\"(max-width: 576px) 100vw, 576px\" data-recalc-dims=\"1\" \/><\/a><\/figure>\n<\/figure>\n\n\n\n<hr class=\"wp-block-separator has-alpha-channel-opacity\"\/>\n\n\n\n<p>Ci-dessus, de gauche \u00e0 droite. (ill. 2, 3, 4)<\/p>\n\n\n\n<hr class=\"wp-block-separator has-alpha-channel-opacity\"\/>\n\n\n\n<p>Form\u00e9 aux beaux-arts autant qu\u2019\u00e0 des techniques de survie permettant \u00e0 tout exil\u00e9 de pouvoir aller de l\u2019avant, Vasuhan &#8211; alias VP. Vasuhan &#8211; , est invit\u00e9 \u00e0 Tonnerre, ville fleurie mais aussi active dans le domaine culturel. Comme le rappelle Sylviane Toulon, adjointe au maire en charge notamment de la culture \u00ab\u00a0une quinzaine de galeries se sont install\u00e9es dans la ville, sans compter la pr\u00e9sence d\u2019ateliers de gravure, de peinture, qui permettent d\u2019excellentes initiations \u00e0 ces formes artistiques. Quant \u00e0 l\u2019espace Marland, cette galerie municipale encha\u00eene chaque ann\u00e9e une dizaine d\u2019expositions r\u00e9v\u00e9lant la vitalit\u00e9 et la diversit\u00e9 de la cr\u00e9ation contemporaine\u00a0\u00bb. L\u2019espace Marland est situ\u00e9 en plein centre-ville. Ses deux salles accueillent un floril\u00e8ge de 93 \u0153uvres, des sculptures, des peintures (ill. 2, 4), des dessins, r\u00e9alis\u00e9s par VP. Vasuhan de 1998 \u00e0 2025. Le titre de la manifestation, <em>Familial<\/em>, rappelle que l\u2019artiste, outre le tamoul, sa langue maternelle, est aussi anglophone, valeur <em>ajout\u00e9e<\/em> impos\u00e9e par la colonisation de l\u2019\u00eele\u00a0! Ce qui vaut ce titre, a priori vu comme un adjectif masculin singulier pour tout francophone, mot consid\u00e9r\u00e9 par l\u2019artiste comme un \u00e9quivalent de <em>Famille sous un m\u00eame toit<\/em>. Ce qui est assez bien le cas, d\u2019une part avec cette <em>Famille solaire<\/em> (ill. 5), un ensemble de 10 pi\u00e8ces en argile rehauss\u00e9es \u00e0 l\u2019acrylique, En fait, dominant sur une table-socle circulaire, neuf membres d\u2019une famille myst\u00e9rieuse sont en r\u00e9union attentiste autour d\u2019un astre solaire repr\u00e9sent\u00e9 ici de fa\u00e7on inhabituelle, plut\u00f4t angulaire et domin\u00e9 par un bouton de pr\u00e9hension amovible, peut-\u00eatre celui qui r\u00e8gle les changements climatiques de l\u2019univers\u2026 D\u2019autre part, lorsqu\u2019on passe, de salle en salle, devant des pi\u00e8ces tr\u00e8s diverses, les masques (ill. 3) sont l\u00e0, imposants t\u00e9moignages parfois cruels, souvent bienveillants, d\u2019un monde en mutations diverses. Un face \u00e0 face avec des figurations d\u2019une ethnologie personnelle, celle qui a conduit l\u2019artiste \u00e0 orner de pigments de diff\u00e9rentes teints, les figures auspicieuses de cet espace. Autre installation imposante, cet ensemble de jarres en terre cuite (ill. 6) \u00a0dont les reliquats d\u2019une poudre dit l\u2019importance de la polychromie, de cette diversit\u00e9 des tons qui donne \u00e0 l\u2019environnement toute sa richesse. A ce propos, les rues alentour ont conserv\u00e9, elles aussi, des traces de la performance pom\u00e9ridienne que l\u2019artiste, accompagn\u00e9 d\u2019une cohorte de Tonnerroises et de Tonnerrois, a r\u00e9alis\u00e9e et mise en espace\u2026<\/p>\n\n\n<div class=\"wp-block-image\">\n<figure class=\"aligncenter size-full is-resized\"><a href=\"https:\/\/i0.wp.com\/alaincardenas.com\/blog\/wp-content\/uploads\/2025\/08\/IMG_0706.jpg?ssl=1\"><img data-attachment-id=\"9038\" data-permalink=\"https:\/\/alaincardenas.com\/blog\/familial-peintures-et-sculptures-de-vp-vasuhan-une-exposition-a-tonnerre\/img_0706\/\" data-orig-file=\"https:\/\/i0.wp.com\/alaincardenas.com\/blog\/wp-content\/uploads\/2025\/08\/IMG_0706.jpg?fit=726%2C600&amp;ssl=1\" data-orig-size=\"726,600\" data-comments-opened=\"0\" data-image-meta=\"{&quot;aperture&quot;:&quot;0&quot;,&quot;credit&quot;:&quot;&quot;,&quot;camera&quot;:&quot;&quot;,&quot;caption&quot;:&quot;&quot;,&quot;created_timestamp&quot;:&quot;0&quot;,&quot;copyright&quot;:&quot;&quot;,&quot;focal_length&quot;:&quot;0&quot;,&quot;iso&quot;:&quot;0&quot;,&quot;shutter_speed&quot;:&quot;0&quot;,&quot;title&quot;:&quot;&quot;,&quot;orientation&quot;:&quot;1&quot;}\" data-image-title=\"IMG_0706\" data-image-description=\"\" data-image-caption=\"\" data-medium-file=\"https:\/\/i0.wp.com\/alaincardenas.com\/blog\/wp-content\/uploads\/2025\/08\/IMG_0706.jpg?fit=300%2C248&amp;ssl=1\" data-large-file=\"https:\/\/i0.wp.com\/alaincardenas.com\/blog\/wp-content\/uploads\/2025\/08\/IMG_0706.jpg?fit=584%2C483&amp;ssl=1\" decoding=\"async\" loading=\"lazy\" src=\"https:\/\/i0.wp.com\/alaincardenas.com\/blog\/wp-content\/uploads\/2025\/08\/IMG_0706.jpg?resize=363%2C300&#038;ssl=1\" alt=\"\" class=\"wp-image-9038\" width=\"363\" height=\"300\" srcset=\"https:\/\/i0.wp.com\/alaincardenas.com\/blog\/wp-content\/uploads\/2025\/08\/IMG_0706.jpg?w=726&amp;ssl=1 726w, https:\/\/i0.wp.com\/alaincardenas.com\/blog\/wp-content\/uploads\/2025\/08\/IMG_0706.jpg?resize=300%2C248&amp;ssl=1 300w, https:\/\/i0.wp.com\/alaincardenas.com\/blog\/wp-content\/uploads\/2025\/08\/IMG_0706.jpg?resize=363%2C300&amp;ssl=1 363w\" sizes=\"(max-width: 363px) 100vw, 363px\" data-recalc-dims=\"1\" \/><\/a><figcaption class=\"wp-element-caption\">(ill. 5)<\/figcaption><\/figure><\/div>\n\n<div class=\"wp-block-image\">\n<figure class=\"aligncenter size-full is-resized\"><a href=\"https:\/\/i0.wp.com\/alaincardenas.com\/blog\/wp-content\/uploads\/2025\/08\/IMG_0701-1.jpg?ssl=1\"><img data-attachment-id=\"9043\" data-permalink=\"https:\/\/alaincardenas.com\/blog\/familial-peintures-et-sculptures-de-vp-vasuhan-une-exposition-a-tonnerre\/img_0701-1\/\" data-orig-file=\"https:\/\/i0.wp.com\/alaincardenas.com\/blog\/wp-content\/uploads\/2025\/08\/IMG_0701-1.jpg?fit=525%2C600&amp;ssl=1\" data-orig-size=\"525,600\" data-comments-opened=\"0\" data-image-meta=\"{&quot;aperture&quot;:&quot;0&quot;,&quot;credit&quot;:&quot;&quot;,&quot;camera&quot;:&quot;&quot;,&quot;caption&quot;:&quot;&quot;,&quot;created_timestamp&quot;:&quot;0&quot;,&quot;copyright&quot;:&quot;&quot;,&quot;focal_length&quot;:&quot;0&quot;,&quot;iso&quot;:&quot;0&quot;,&quot;shutter_speed&quot;:&quot;0&quot;,&quot;title&quot;:&quot;&quot;,&quot;orientation&quot;:&quot;1&quot;}\" data-image-title=\"IMG_0701-1\" data-image-description=\"\" data-image-caption=\"\" data-medium-file=\"https:\/\/i0.wp.com\/alaincardenas.com\/blog\/wp-content\/uploads\/2025\/08\/IMG_0701-1.jpg?fit=263%2C300&amp;ssl=1\" data-large-file=\"https:\/\/i0.wp.com\/alaincardenas.com\/blog\/wp-content\/uploads\/2025\/08\/IMG_0701-1.jpg?fit=525%2C600&amp;ssl=1\" decoding=\"async\" loading=\"lazy\" src=\"https:\/\/i0.wp.com\/alaincardenas.com\/blog\/wp-content\/uploads\/2025\/08\/IMG_0701-1.jpg?resize=263%2C300&#038;ssl=1\" alt=\"\" class=\"wp-image-9043\" width=\"263\" height=\"300\" srcset=\"https:\/\/i0.wp.com\/alaincardenas.com\/blog\/wp-content\/uploads\/2025\/08\/IMG_0701-1.jpg?w=525&amp;ssl=1 525w, https:\/\/i0.wp.com\/alaincardenas.com\/blog\/wp-content\/uploads\/2025\/08\/IMG_0701-1.jpg?resize=263%2C300&amp;ssl=1 263w\" sizes=\"(max-width: 263px) 100vw, 263px\" data-recalc-dims=\"1\" \/><\/a><figcaption class=\"wp-element-caption\">(ill. 6)<\/figcaption><\/figure><\/div>\n\n\n<p>Artiste que Dubuffet n\u2019aurait pas reni\u00e9 \u2013 si tant est que VP. Vasuhan ait vraiment pens\u00e9 \u00e0 ce repr\u00e9sentant d\u2019un art dit brut \u2013 il pense plut\u00f4t <em>art de rebut<\/em> [\u00e0 une lettre pr\u00e8s les deux mots sont identiques autant qu\u2019ils sont proches au niveau du concept qui les lie&nbsp;!], un mot qui prend ici toute sa force, puisque de la d\u00e9r\u00e9liction rena\u00eet un art de vie&nbsp;!<\/p>\n\n\n\n<p>Apr\u00e8s diff\u00e9rentes expositions, notamment au Japon, \u00e0 la R\u00e9union, cette manifestation quelque peu r\u00e9trospective montre que l\u2019optimisme peut \u00eatre sous-jacent \u00e0 toute dynamique, comme celle qui sous-tend la force d\u2019une cr\u00e9ation, permet de pallier tous les sentiments de d\u00e9sillusion ou d\u2019\u00e9chec. Cet exil\u00e9 accueilli en terre de France a fait de son art une pratique ethnologique ouverte tout autant qu\u2019une force personnelle qu\u2019il esp\u00e8re pouvoir prochainement pr\u00e9senter au Sri Lanka\u2026<\/p>\n\n\n<div class=\"wp-block-image\">\n<figure class=\"aligncenter size-full is-resized\"><a href=\"https:\/\/i0.wp.com\/alaincardenas.com\/blog\/wp-content\/uploads\/2025\/08\/IMG_0715.jpg?ssl=1\"><img data-attachment-id=\"9045\" data-permalink=\"https:\/\/alaincardenas.com\/blog\/familial-peintures-et-sculptures-de-vp-vasuhan-une-exposition-a-tonnerre\/img_0715\/\" data-orig-file=\"https:\/\/i0.wp.com\/alaincardenas.com\/blog\/wp-content\/uploads\/2025\/08\/IMG_0715.jpg?fit=523%2C600&amp;ssl=1\" data-orig-size=\"523,600\" data-comments-opened=\"0\" data-image-meta=\"{&quot;aperture&quot;:&quot;0&quot;,&quot;credit&quot;:&quot;&quot;,&quot;camera&quot;:&quot;&quot;,&quot;caption&quot;:&quot;&quot;,&quot;created_timestamp&quot;:&quot;0&quot;,&quot;copyright&quot;:&quot;&quot;,&quot;focal_length&quot;:&quot;0&quot;,&quot;iso&quot;:&quot;0&quot;,&quot;shutter_speed&quot;:&quot;0&quot;,&quot;title&quot;:&quot;&quot;,&quot;orientation&quot;:&quot;1&quot;}\" data-image-title=\"IMG_0715\" data-image-description=\"\" data-image-caption=\"\" data-medium-file=\"https:\/\/i0.wp.com\/alaincardenas.com\/blog\/wp-content\/uploads\/2025\/08\/IMG_0715.jpg?fit=262%2C300&amp;ssl=1\" data-large-file=\"https:\/\/i0.wp.com\/alaincardenas.com\/blog\/wp-content\/uploads\/2025\/08\/IMG_0715.jpg?fit=523%2C600&amp;ssl=1\" decoding=\"async\" loading=\"lazy\" src=\"https:\/\/i0.wp.com\/alaincardenas.com\/blog\/wp-content\/uploads\/2025\/08\/IMG_0715.jpg?resize=262%2C300&#038;ssl=1\" alt=\"\" class=\"wp-image-9045\" width=\"262\" height=\"300\" srcset=\"https:\/\/i0.wp.com\/alaincardenas.com\/blog\/wp-content\/uploads\/2025\/08\/IMG_0715.jpg?w=523&amp;ssl=1 523w, https:\/\/i0.wp.com\/alaincardenas.com\/blog\/wp-content\/uploads\/2025\/08\/IMG_0715.jpg?resize=262%2C300&amp;ssl=1 262w\" sizes=\"(max-width: 262px) 100vw, 262px\" data-recalc-dims=\"1\" \/><\/a><figcaption class=\"wp-element-caption\">Sylviane Toulon et VP. Vasuhan<\/figcaption><\/figure><\/div>\n\n\n<p><strong>Bibliographie succincte :<\/strong><\/p>\n\n\n\n<ul>\n<li>Alain Cardenas-Castro &amp; Christophe Comentale, <em><a href=\"https:\/\/alaincardenas.com\/blog\/art-contemporain-ceylanais\/\" data-type=\"URL\" data-id=\"https:\/\/alaincardenas.com\/blog\/art-contemporain-ceylanais\/\">Art contemporain ceylanais<\/a><\/em> In S &amp; AC, 24 octobre 2019<\/li>\n\n\n\n<li>Anthony\u00a0Goreau-Ponceaud, <em>Exp\u00e9riences de racinements au sein de la migration tamoule sri-lankaise<\/em>,\u00a0<em>Hommes &amp; migrations<\/em>\u00a0[Online], 1297\u00a0|\u00a02012, Online since 31 December 2014, connection on 24 October 2019. URL\u00a0: <a href=\"http:\/\/journals.openedition.org\/hommesmigrations\/1546\">http:\/\/journals.openedition.org\/hommesmigrations\/1546<\/a>\u00a0; DOI\u00a0: 10.4000\/hommesmigrations.1546<\/li>\n\n\n\n<li>Artiste peintre dessinateur VP Vasuhan \u00ab\u00a0Exposant Art Freedom 2014\u00a0\u00bbhttps:\/\/youtu.be\/Y5w-p6HzGVI, YouTube.fr, 2 mars 2015 <a href=\"https:\/\/www.vasuhan.com\">https:\/\/www.vasuhan.com<\/a><\/li>\n<\/ul>\n","protected":false},"excerpt":{"rendered":"<p>par Christophe Comentale Masques. Nuit blanche. Habitat-souvenir. Performance dans les rues de Tonnerre, \u2026 Ce plasticien &#8211; n\u00e9 au Sri-Lanka voil\u00e0 48 ans &#8211; encha\u00eene ses cr\u00e9ations in situ, en parall\u00e8le aux expositions montrant tout autant sa pratique de peintre, &hellip; <a href=\"https:\/\/alaincardenas.com\/blog\/familial-peintures-et-sculptures-de-vp-vasuhan-une-exposition-a-tonnerre\/\">Continuer la lecture <span class=\"meta-nav\">&rarr;<\/span><\/a><\/p>\n","protected":false},"author":1,"featured_media":0,"comment_status":"closed","ping_status":"closed","sticky":false,"template":"","format":"standard","meta":{"sfsi_plus_gutenberg_text_before_share":"","sfsi_plus_gutenberg_show_text_before_share":"","sfsi_plus_gutenberg_icon_type":"","sfsi_plus_gutenberg_icon_alignemt":"","sfsi_plus_gutenburg_max_per_row":"","jetpack_post_was_ever_published":false,"_jetpack_newsletter_access":"","_jetpack_newsletter_tier_id":0,"jetpack_publicize_message":"","jetpack_is_tweetstorm":false,"jetpack_publicize_feature_enabled":true,"jetpack_social_post_already_shared":true,"jetpack_social_options":{"image_generator_settings":{"template":"highway","enabled":false}}},"categories":[41,42,21],"tags":[45,8,9,39,38],"jetpack_publicize_connections":[],"jetpack_featured_media_url":"","jetpack_sharing_enabled":true,"jetpack_shortlink":"https:\/\/wp.me\/p8Mijt-2lK","jetpack_likes_enabled":true,"jetpack-related-posts":[{"id":9371,"url":"https:\/\/alaincardenas.com\/blog\/cyr-boitard-peintures-gravures-monotypes-et-dessins-sebastian-birchler-sculptures\/","url_meta":{"origin":9036,"position":0},"title":"CYR BOITARD, PEINTURES, GRAVURES MONOTYPES ET DESSINS, SEBASTIAN BIRCHLER, SCULPTURES.","author":"admin","date":"2026-01-13","format":false,"excerpt":"Espace Chapon. Exposition du mardi 13 au dimanche 18 janvier 2026. Galerie nomade Nathalie B\u00e9reau, 17 rue Chapon Paris 3e, mercredi 14 \u2013 jeudi 15 \u2013 vendredi 16 : 11h-20h samedi 17 nocturne : 11h Tous deux dipl\u00f4m\u00e9s de l\u2019Ecole nationale sup\u00e9rieure des arts d\u00e9coratifs, Cyr Boitard, le peintre, graveur\u2026","rel":"","context":"Dans &quot;Europe&quot;","block_context":{"text":"Europe","link":"https:\/\/alaincardenas.com\/blog\/category\/europe\/"},"img":{"alt_text":"","src":"https:\/\/i0.wp.com\/alaincardenas.com\/blog\/wp-content\/uploads\/2026\/01\/Boitard_elephant_Rose-web.jpg?resize=350%2C200&ssl=1","width":350,"height":200},"classes":[]},{"id":8684,"url":"https:\/\/alaincardenas.com\/blog\/exposition-manuel-zapata-orihuela-lima-1920-gentilly-2023\/","url_meta":{"origin":9036,"position":1},"title":"Exposition Manuel Zapata Orihuela (Lima 1920 &#8211; Gentilly 2023)","author":"admin","date":"2025-02-04","format":false,"excerpt":"Escenas de vida y s\u00edmbolos ancestrales, pinturas de Manuel Zapata Orihuela Paris, Consulat g\u00e9n\u00e9ral du P\u00e9rou, 27 rue de l'Arcade, Paris. Au 27, rue de l'Arcade, la pierre de taille accueille nombre d'\u00e9tablissements culturels, actifs ou ouverts sur une approche humaniste de l'image. C'est ce qu'a voulu M. Carlos Brice\u00f1o\u2026","rel":"","context":"Dans &quot;Am\u00e9rique latine&quot;","block_context":{"text":"Am\u00e9rique latine","link":"https:\/\/alaincardenas.com\/blog\/category\/amerique-latine\/"},"img":{"alt_text":"","src":"https:\/\/i0.wp.com\/alaincardenas.com\/blog\/wp-content\/uploads\/2025\/02\/1736976480431-copie.jpg?resize=350%2C200&ssl=1","width":350,"height":200},"classes":[]},{"id":592,"url":"https:\/\/alaincardenas.com\/blog\/didier-scuderoni-au-fil-des-peintures-et-des-sculptures-30-annees-de-creation\/","url_meta":{"origin":9036,"position":2},"title":"Didier Scuderoni : au fil des peintures et des sculptures, 30 ann\u00e9es de cr\u00e9ation","author":"admin","date":"2017-09-18","format":false,"excerpt":"Didier Scuderoni Natures Est-Ouest : \u0153uvres au lavis de Didier Scuderoni et Yang Ermin. Espace culturel de Baoding (province du Hebei, Chine). Du 21 septembre au 5 octobre 2017. Catalogue bilingue fran\u00e7ais-chinois. N\u00e9 en 1964 \u00e0 Privas, dans le d\u00e9partement de l\u2019Ard\u00e8che, de p\u00e8re italien et de m\u00e8re normande, Didier\u2026","rel":"","context":"Dans &quot;\u00c9v\u00e9nement&quot;","block_context":{"text":"\u00c9v\u00e9nement","link":"https:\/\/alaincardenas.com\/blog\/category\/evenement\/"},"img":{"alt_text":"","src":"https:\/\/i0.wp.com\/alaincardenas.com\/blog\/wp-content\/uploads\/2017\/09\/Capture-d\u00e2\u0080\u0099\u00c3\u00a9cran-2017-09-18-\u00c3\u00a0-11.02.37-212x300.png?resize=350%2C200&ssl=1","width":350,"height":200},"classes":[]},{"id":4204,"url":"https:\/\/alaincardenas.com\/blog\/gabrielle-haardt-sculptrice-de-bijoux\/","url_meta":{"origin":9036,"position":3},"title":"Gabrielle Haardt, sculptrice de bijoux","author":"admin","date":"2019-11-01","format":false,"excerpt":"Exposition des \u0153uvres de Gabrielle Haardt, sculptures & bijoux.\u00a0Du 23 octobre au 5 novembre 2019,\u00a0Galerie Martel Greiner,\u00a071, boulevard Raspail, Paris 6e -\u00a001 45 48 13 05 \u00a0 Compte-rendu par Alain Cardenas-Castro et Christophe Comentale L\u2019ann\u00e9e 2019 rend hommage \u00e0 une cr\u00e9atrice dont l\u2019originalit\u00e9 et l\u2019esth\u00e9tique ont \u00e9t\u00e9 quelque peu \u00e9cart\u00e9es\u2026","rel":"","context":"Dans &quot;Compte-rendu&quot;","block_context":{"text":"Compte-rendu","link":"https:\/\/alaincardenas.com\/blog\/category\/compte-rendu\/"},"img":{"alt_text":"","src":"https:\/\/i0.wp.com\/alaincardenas.com\/blog\/wp-content\/uploads\/2019\/11\/1572630242109blob.png?resize=350%2C200&ssl=1","width":350,"height":200,"srcset":"https:\/\/i0.wp.com\/alaincardenas.com\/blog\/wp-content\/uploads\/2019\/11\/1572630242109blob.png?resize=350%2C200&ssl=1 1x, https:\/\/i0.wp.com\/alaincardenas.com\/blog\/wp-content\/uploads\/2019\/11\/1572630242109blob.png?resize=525%2C300&ssl=1 1.5x"},"classes":[]},{"id":5228,"url":"https:\/\/alaincardenas.com\/blog\/oeuvres-magiques-et-polychromes-dalain-cardenas-castro-papiers-livres-dartiste-sculptures-et-autres-supports\/","url_meta":{"origin":9036,"position":4},"title":"\u0152uvres magiques et polychromes d\u2019Alain Cardenas-Castro. Papiers, livres d\u2019artiste, sculptures et autres supports","author":"admin","date":"2020-07-14","format":false,"excerpt":"G\u00e9ographie \u00e9ph\u00e9m\u00e8re,\u00a0Galerie Younique,\u00a065 rue Pascal 75013 Paris,\u00a0du 13 septembre au 17 octobre 2020 compte-rendu par Marie-Paule Peronnet Ann\u00e9es 2018 \u00e0 2020. Une succession d\u2019\u0153uvres pour une chronologie triennale propitiatoire, sur suite d\u2019\u00e9v\u00e9nements num\u00e9riques et patrimoniaux en France, en Asie et au P\u00e9rou. Des manifestations qui montrent la pr\u00e9sence interactive d\u2019Alain\u2026","rel":"","context":"Dans &quot;Am\u00e9rique latine&quot;","block_context":{"text":"Am\u00e9rique latine","link":"https:\/\/alaincardenas.com\/blog\/category\/amerique-latine\/"},"img":{"alt_text":"","src":"https:\/\/i0.wp.com\/alaincardenas.com\/blog\/wp-content\/uploads\/2020\/07\/IMG_2736.jpg?resize=350%2C200&ssl=1","width":350,"height":200,"srcset":"https:\/\/i0.wp.com\/alaincardenas.com\/blog\/wp-content\/uploads\/2020\/07\/IMG_2736.jpg?resize=350%2C200&ssl=1 1x, https:\/\/i0.wp.com\/alaincardenas.com\/blog\/wp-content\/uploads\/2020\/07\/IMG_2736.jpg?resize=525%2C300&ssl=1 1.5x, https:\/\/i0.wp.com\/alaincardenas.com\/blog\/wp-content\/uploads\/2020\/07\/IMG_2736.jpg?resize=700%2C400&ssl=1 2x"},"classes":[]},{"id":3145,"url":"https:\/\/alaincardenas.com\/blog\/graver-lunivers-dans-un-pouce-carre-deux-mots-sur-les-cachets-chinois\/","url_meta":{"origin":9036,"position":5},"title":"Graver l&rsquo;univers dans un pouce carr\u00e9. Deux mots sur les cachets chinois","author":"admin","date":"2019-02-13","format":false,"excerpt":"par Laurent Long Le sceau reste indispensable pour tout acte officiel en Extr\u00eame-Orient : ch\u00e8que, contrat... o\u00f9 il remplace notre signature. Mais, contrairement \u00e0 nos tampons en caoutchouc purement utilitaires, le cachet est, en Chine, un \u00e9l\u00e9ment \u00e0 part enti\u00e8re de la culture savante. Depuis les environs du Ve si\u00e8cle\u2026","rel":"","context":"Dans &quot;Asie&quot;","block_context":{"text":"Asie","link":"https:\/\/alaincardenas.com\/blog\/category\/asie\/"},"img":{"alt_text":"","src":"https:\/\/i0.wp.com\/alaincardenas.com\/blog\/wp-content\/uploads\/2019\/02\/Capture-d\u00e2\u0080\u0099\u00c3\u00a9cran-2019-02-13-\u00c3\u00a0-22.02.55.jpg?resize=350%2C200&ssl=1","width":350,"height":200},"classes":[]}],"_links":{"self":[{"href":"https:\/\/alaincardenas.com\/blog\/wp-json\/wp\/v2\/posts\/9036"}],"collection":[{"href":"https:\/\/alaincardenas.com\/blog\/wp-json\/wp\/v2\/posts"}],"about":[{"href":"https:\/\/alaincardenas.com\/blog\/wp-json\/wp\/v2\/types\/post"}],"author":[{"embeddable":true,"href":"https:\/\/alaincardenas.com\/blog\/wp-json\/wp\/v2\/users\/1"}],"replies":[{"embeddable":true,"href":"https:\/\/alaincardenas.com\/blog\/wp-json\/wp\/v2\/comments?post=9036"}],"version-history":[{"count":2,"href":"https:\/\/alaincardenas.com\/blog\/wp-json\/wp\/v2\/posts\/9036\/revisions"}],"predecessor-version":[{"id":9047,"href":"https:\/\/alaincardenas.com\/blog\/wp-json\/wp\/v2\/posts\/9036\/revisions\/9047"}],"wp:attachment":[{"href":"https:\/\/alaincardenas.com\/blog\/wp-json\/wp\/v2\/media?parent=9036"}],"wp:term":[{"taxonomy":"category","embeddable":true,"href":"https:\/\/alaincardenas.com\/blog\/wp-json\/wp\/v2\/categories?post=9036"},{"taxonomy":"post_tag","embeddable":true,"href":"https:\/\/alaincardenas.com\/blog\/wp-json\/wp\/v2\/tags?post=9036"}],"curies":[{"name":"wp","href":"https:\/\/api.w.org\/{rel}","templated":true}]}}