{"id":9010,"date":"2025-07-31T21:48:59","date_gmt":"2025-07-31T19:48:59","guid":{"rendered":"https:\/\/alaincardenas.com\/blog\/?p=9010"},"modified":"2025-08-11T22:18:08","modified_gmt":"2025-08-11T20:18:08","slug":"li-xinjian-lart-du-lavis-sur-eventail","status":"publish","type":"post","link":"https:\/\/alaincardenas.com\/blog\/li-xinjian-lart-du-lavis-sur-eventail\/","title":{"rendered":"LI XINJIAN, L\u2019ART DU LAVIS SUR EVENTAIL"},"content":{"rendered":"\n<p><strong>\u674e\u65b0\u5efa\uff0c\u6247\u5b50\u4e0a\u7684\u827a\u672f\u9769<\/strong><strong>\u65b0<\/strong><strong><\/strong><\/p>\n\n\n\n<p>par Christophe Comentale<\/p>\n\n\n\n<p>L\u2019\u00e9ventail. Comme dans tous les pays chauds, notamment latins et asiatiques, des pays \u00e9galement d\u00e9sireux de donner un sentiment de bien-\u00eatre face au climat parfois excessif qui perturbe une vie calme et agr\u00e9able, l\u2019artiste d\u00e9cide bien souvent de r\u00e9aliser un ou plusieurs \u00e9ventails pour son usage personnel ou tout autant pour le bien-\u00eatre de ses proches, amis et parents.<\/p>\n\n\n\n<p>Une r\u00e9cente cr\u00e9ation du peintre Li Xinjian est l\u2019occasion d\u2019\u00e9voquer succinctement l\u2019importance de l\u2019\u00e9ventail dans la civilisation chinoise durant la p\u00e9riode imp\u00e9riale ou dans la soci\u00e9t\u00e9 contemporaine.<\/p>\n\n\n\n<p>\u6247\u5b50\u3002\u5c31\u50cf\u5728\u6240\u6709\u70ed\u5e26\u56fd\u5bb6\uff0c\u5c24\u5176\u662f\u62c9\u4e01\u548c\u4e9a\u6d32\u56fd\u5bb6\uff0c\u8fd9\u4e9b\u56fd\u5bb6\u540c\u6837\u6e34\u671b\u5728\u6709\u65f6\u8fc7\u4e8e\u4e25\u9177\u7684\u6c14\u5019\u4e2d\u63d0\u4f9b\u4e00\u79cd\u8212\u9002\u611f\uff0c\u4ee5\u5e94\u5bf9\u6253\u6270\u5b81\u9759\u6109\u60a6\u751f\u6d3b\u7684\u73af\u5883\uff0c\u827a\u672f\u5bb6\u5f80\u5f80\u51b3\u5b9a\u4e3a\u81ea\u5df1\u6216\u5176\u4eb2\u8fd1\u7684\u670b\u53cb\u548c\u5bb6\u4eba\u5236\u4f5c\u4e00\u628a\u6216\u591a\u628a\u6247\u5b50\u3002\u6700\u8fd1\uff0c\u753b\u5bb6\u674e\u65b0\u5efa\u7684\u4e00\u4ef6\u521b\u4f5c\u63d0\u4f9b\u4e86\u4e00\u4e2a\u673a\u4f1a\uff0c\u8ba9\u6211\u4eec\u7b80\u8981\u8c08\u8c08\u6247\u5b50\u5728\u4e2d\u56fd\u5e1d\u56fd\u65f6\u671f\u6216\u5f53\u4ee3\u793e\u4f1a\u4e2d\u7684\u91cd\u8981\u6027\u3002<\/p>\n\n\n\n<figure class=\"wp-block-gallery has-nested-images columns-default is-cropped wp-block-gallery-1 is-layout-flex\">\n<figure class=\"wp-block-image size-large\"><a href=\"https:\/\/i0.wp.com\/alaincardenas.com\/blog\/wp-content\/uploads\/2025\/08\/Eventail-LXJ-date-et-signature-Paris-2025-1.jpg?ssl=1\"><img data-attachment-id=\"9029\" data-permalink=\"https:\/\/alaincardenas.com\/blog\/li-xinjian-lart-du-lavis-sur-eventail\/eventail-lxj-date-et-signature-paris-2025-1\/\" data-orig-file=\"https:\/\/i0.wp.com\/alaincardenas.com\/blog\/wp-content\/uploads\/2025\/08\/Eventail-LXJ-date-et-signature-Paris-2025-1.jpg?fit=1024%2C614&amp;ssl=1\" data-orig-size=\"1024,614\" data-comments-opened=\"0\" data-image-meta=\"{&quot;aperture&quot;:&quot;1.6&quot;,&quot;credit&quot;:&quot;&quot;,&quot;camera&quot;:&quot;iPhone 15 Plus&quot;,&quot;caption&quot;:&quot;&quot;,&quot;created_timestamp&quot;:&quot;1752997167&quot;,&quot;copyright&quot;:&quot;&quot;,&quot;focal_length&quot;:&quot;5.96&quot;,&quot;iso&quot;:&quot;500&quot;,&quot;shutter_speed&quot;:&quot;0.016666666666667&quot;,&quot;title&quot;:&quot;&quot;,&quot;orientation&quot;:&quot;1&quot;}\" data-image-title=\"Eventail-LXJ-date-et-signature-Paris-2025-1\" data-image-description=\"\" data-image-caption=\"\" data-medium-file=\"https:\/\/i0.wp.com\/alaincardenas.com\/blog\/wp-content\/uploads\/2025\/08\/Eventail-LXJ-date-et-signature-Paris-2025-1.jpg?fit=300%2C180&amp;ssl=1\" data-large-file=\"https:\/\/i0.wp.com\/alaincardenas.com\/blog\/wp-content\/uploads\/2025\/08\/Eventail-LXJ-date-et-signature-Paris-2025-1.jpg?fit=584%2C350&amp;ssl=1\" decoding=\"async\" loading=\"lazy\" width=\"584\" height=\"350\" data-id=\"9029\"  src=\"https:\/\/i0.wp.com\/alaincardenas.com\/blog\/wp-content\/uploads\/2025\/08\/Eventail-LXJ-date-et-signature-Paris-2025-1.jpg?resize=584%2C350&#038;ssl=1\" alt=\"\" class=\"wp-image-9029\" srcset=\"https:\/\/i0.wp.com\/alaincardenas.com\/blog\/wp-content\/uploads\/2025\/08\/Eventail-LXJ-date-et-signature-Paris-2025-1.jpg?w=1024&amp;ssl=1 1024w, https:\/\/i0.wp.com\/alaincardenas.com\/blog\/wp-content\/uploads\/2025\/08\/Eventail-LXJ-date-et-signature-Paris-2025-1.jpg?resize=300%2C180&amp;ssl=1 300w, https:\/\/i0.wp.com\/alaincardenas.com\/blog\/wp-content\/uploads\/2025\/08\/Eventail-LXJ-date-et-signature-Paris-2025-1.jpg?resize=768%2C461&amp;ssl=1 768w, https:\/\/i0.wp.com\/alaincardenas.com\/blog\/wp-content\/uploads\/2025\/08\/Eventail-LXJ-date-et-signature-Paris-2025-1.jpg?resize=500%2C300&amp;ssl=1 500w\" sizes=\"(max-width: 584px) 100vw, 584px\" data-recalc-dims=\"1\" \/><\/a><\/figure>\n\n\n\n<figure class=\"wp-block-image size-large\"><a href=\"https:\/\/i0.wp.com\/alaincardenas.com\/blog\/wp-content\/uploads\/2025\/08\/Eventail-LXJ-face-Nuages-Paris-2025.jpg?ssl=1\"><img data-attachment-id=\"9030\" data-permalink=\"https:\/\/alaincardenas.com\/blog\/li-xinjian-lart-du-lavis-sur-eventail\/eventail-lxj-face-nuages-paris-2025-3\/\" data-orig-file=\"https:\/\/i0.wp.com\/alaincardenas.com\/blog\/wp-content\/uploads\/2025\/08\/Eventail-LXJ-face-Nuages-Paris-2025.jpg?fit=1024%2C703&amp;ssl=1\" data-orig-size=\"1024,703\" data-comments-opened=\"0\" data-image-meta=\"{&quot;aperture&quot;:&quot;1.6&quot;,&quot;credit&quot;:&quot;&quot;,&quot;camera&quot;:&quot;iPhone 15 Plus&quot;,&quot;caption&quot;:&quot;&quot;,&quot;created_timestamp&quot;:&quot;1752997176&quot;,&quot;copyright&quot;:&quot;&quot;,&quot;focal_length&quot;:&quot;5.96&quot;,&quot;iso&quot;:&quot;500&quot;,&quot;shutter_speed&quot;:&quot;0.016666666666667&quot;,&quot;title&quot;:&quot;&quot;,&quot;orientation&quot;:&quot;1&quot;}\" data-image-title=\"Eventail-LXJ-face-Nuages-Paris-2025\" data-image-description=\"\" data-image-caption=\"\" data-medium-file=\"https:\/\/i0.wp.com\/alaincardenas.com\/blog\/wp-content\/uploads\/2025\/08\/Eventail-LXJ-face-Nuages-Paris-2025.jpg?fit=300%2C206&amp;ssl=1\" data-large-file=\"https:\/\/i0.wp.com\/alaincardenas.com\/blog\/wp-content\/uploads\/2025\/08\/Eventail-LXJ-face-Nuages-Paris-2025.jpg?fit=584%2C401&amp;ssl=1\" decoding=\"async\" loading=\"lazy\" width=\"584\" height=\"401\" data-id=\"9030\"  src=\"https:\/\/i0.wp.com\/alaincardenas.com\/blog\/wp-content\/uploads\/2025\/08\/Eventail-LXJ-face-Nuages-Paris-2025.jpg?resize=584%2C401&#038;ssl=1\" alt=\"\" class=\"wp-image-9030\" srcset=\"https:\/\/i0.wp.com\/alaincardenas.com\/blog\/wp-content\/uploads\/2025\/08\/Eventail-LXJ-face-Nuages-Paris-2025.jpg?w=1024&amp;ssl=1 1024w, https:\/\/i0.wp.com\/alaincardenas.com\/blog\/wp-content\/uploads\/2025\/08\/Eventail-LXJ-face-Nuages-Paris-2025.jpg?resize=300%2C206&amp;ssl=1 300w, https:\/\/i0.wp.com\/alaincardenas.com\/blog\/wp-content\/uploads\/2025\/08\/Eventail-LXJ-face-Nuages-Paris-2025.jpg?resize=768%2C527&amp;ssl=1 768w, https:\/\/i0.wp.com\/alaincardenas.com\/blog\/wp-content\/uploads\/2025\/08\/Eventail-LXJ-face-Nuages-Paris-2025.jpg?resize=437%2C300&amp;ssl=1 437w\" sizes=\"(max-width: 584px) 100vw, 584px\" data-recalc-dims=\"1\" \/><\/a><\/figure>\n<\/figure>\n\n\n\n<hr class=\"wp-block-separator has-alpha-channel-opacity\"\/>\n\n\n\n<p>Li Xinjian, <em>Nuages<\/em> (2025), lavis sur papier chinois, 27 brins, hauteur, 32 cm, dat\u00e9 et sign\u00e9, Paris &#8211; 2025<\/p>\n\n\n\n<hr class=\"wp-block-separator has-alpha-channel-opacity\"\/>\n\n\n\n<!--more-->\n\n\n\n<p><strong>EVENTAIL ET HISTOIRE<\/strong><\/p>\n\n\n\n<p>Connu en Chine d\u00e8s la dynastie des Shang (1600-1046 av. J. C.),l\u2019\u00e9ventail le plus ancien n&rsquo;est pas encore tenu \u00e0 la main maisutilis\u00e9 de mani\u00e8re tr\u00e8s diff\u00e9rente&nbsp;: appel\u00e9&nbsp;<em>Shanhan<\/em>, il est alors utilis\u00e9 par paire et attach\u00e9\u00e0 une voiture tir\u00e9e par des chevaux ;&nbsp;il prot\u00e8ge ainsi les passagers du soleil, de la pluie et du sable. Sa forme \u00e9volue vers celle d\u2019un \u00e9ventail \u00e0 long manche appel\u00e9&nbsp;<em>Zhangshan<\/em>, fabriqu\u00e9 \u00e0 partir de plumes ou de tissus de soie fins. Son usage est restreint car&nbsp;consid\u00e9r\u00e9 comme un \u00e9l\u00e9ment de l&rsquo;uniforme de la garde d&rsquo;honneur de l&#8217;empereur.<\/p>\n\n\n\n<p>Il faut attendre la dynastie Han&nbsp;(206 avant JC &#8211; 220 apr\u00e8s J.-C.), en particulier lorsque&nbsp;des \u00e9ventails plus abordables ont \u00e9t\u00e9 invent\u00e9s, pour que des gens du peuple en poss\u00e8dent et en utilisent.<\/p>\n\n\n<div class=\"wp-block-image\">\n<figure class=\"aligncenter size-full is-resized\"><a href=\"https:\/\/i0.wp.com\/alaincardenas.com\/blog\/wp-content\/uploads\/2025\/07\/Capture-decran-2025-07-31-a-21.29.36.jpg?ssl=1\"><img data-attachment-id=\"9015\" data-permalink=\"https:\/\/alaincardenas.com\/blog\/li-xinjian-lart-du-lavis-sur-eventail\/capture-decran-2025-07-31-a-21-29-36\/\" data-orig-file=\"https:\/\/i0.wp.com\/alaincardenas.com\/blog\/wp-content\/uploads\/2025\/07\/Capture-decran-2025-07-31-a-21.29.36.jpg?fit=935%2C506&amp;ssl=1\" data-orig-size=\"935,506\" data-comments-opened=\"0\" data-image-meta=\"{&quot;aperture&quot;:&quot;0&quot;,&quot;credit&quot;:&quot;&quot;,&quot;camera&quot;:&quot;&quot;,&quot;caption&quot;:&quot;&quot;,&quot;created_timestamp&quot;:&quot;0&quot;,&quot;copyright&quot;:&quot;&quot;,&quot;focal_length&quot;:&quot;0&quot;,&quot;iso&quot;:&quot;0&quot;,&quot;shutter_speed&quot;:&quot;0&quot;,&quot;title&quot;:&quot;&quot;,&quot;orientation&quot;:&quot;1&quot;}\" data-image-title=\"Capture-decran-2025-07-31-a-21.29.36\" data-image-description=\"\" data-image-caption=\"\" data-medium-file=\"https:\/\/i0.wp.com\/alaincardenas.com\/blog\/wp-content\/uploads\/2025\/07\/Capture-decran-2025-07-31-a-21.29.36.jpg?fit=300%2C162&amp;ssl=1\" data-large-file=\"https:\/\/i0.wp.com\/alaincardenas.com\/blog\/wp-content\/uploads\/2025\/07\/Capture-decran-2025-07-31-a-21.29.36.jpg?fit=584%2C316&amp;ssl=1\" decoding=\"async\" loading=\"lazy\" src=\"https:\/\/i0.wp.com\/alaincardenas.com\/blog\/wp-content\/uploads\/2025\/07\/Capture-decran-2025-07-31-a-21.29.36.jpg?resize=468%2C253&#038;ssl=1\" alt=\"\" class=\"wp-image-9015\" width=\"468\" height=\"253\" srcset=\"https:\/\/i0.wp.com\/alaincardenas.com\/blog\/wp-content\/uploads\/2025\/07\/Capture-decran-2025-07-31-a-21.29.36.jpg?w=935&amp;ssl=1 935w, https:\/\/i0.wp.com\/alaincardenas.com\/blog\/wp-content\/uploads\/2025\/07\/Capture-decran-2025-07-31-a-21.29.36.jpg?resize=300%2C162&amp;ssl=1 300w, https:\/\/i0.wp.com\/alaincardenas.com\/blog\/wp-content\/uploads\/2025\/07\/Capture-decran-2025-07-31-a-21.29.36.jpg?resize=768%2C416&amp;ssl=1 768w, https:\/\/i0.wp.com\/alaincardenas.com\/blog\/wp-content\/uploads\/2025\/07\/Capture-decran-2025-07-31-a-21.29.36.jpg?resize=500%2C271&amp;ssl=1 500w\" sizes=\"(max-width: 468px) 100vw, 468px\" data-recalc-dims=\"1\" \/><\/a><figcaption class=\"wp-element-caption\">Lin Xueyan, <em>L&rsquo;\u00e9trillage du cheval<\/em> (1881), forme d&rsquo;\u00e9ventail contre-coll\u00e9e sur papier, 17,5 x 49 cm, coll. priv\u00e9e<\/figcaption><\/figure><\/div>\n\n<div class=\"wp-block-image\">\n<figure class=\"aligncenter size-full is-resized\"><a href=\"https:\/\/i0.wp.com\/alaincardenas.com\/blog\/wp-content\/uploads\/2025\/07\/Capture-decran-2025-07-31-a-21.17.36.jpg?ssl=1\"><img data-attachment-id=\"9016\" data-permalink=\"https:\/\/alaincardenas.com\/blog\/li-xinjian-lart-du-lavis-sur-eventail\/capture-decran-2025-07-31-a-21-17-36\/\" data-orig-file=\"https:\/\/i0.wp.com\/alaincardenas.com\/blog\/wp-content\/uploads\/2025\/07\/Capture-decran-2025-07-31-a-21.17.36.jpg?fit=930%2C475&amp;ssl=1\" data-orig-size=\"930,475\" data-comments-opened=\"0\" data-image-meta=\"{&quot;aperture&quot;:&quot;0&quot;,&quot;credit&quot;:&quot;&quot;,&quot;camera&quot;:&quot;&quot;,&quot;caption&quot;:&quot;&quot;,&quot;created_timestamp&quot;:&quot;0&quot;,&quot;copyright&quot;:&quot;&quot;,&quot;focal_length&quot;:&quot;0&quot;,&quot;iso&quot;:&quot;0&quot;,&quot;shutter_speed&quot;:&quot;0&quot;,&quot;title&quot;:&quot;&quot;,&quot;orientation&quot;:&quot;1&quot;}\" data-image-title=\"Capture-decran-2025-07-31-a-21.17.36\" data-image-description=\"\" data-image-caption=\"\" data-medium-file=\"https:\/\/i0.wp.com\/alaincardenas.com\/blog\/wp-content\/uploads\/2025\/07\/Capture-decran-2025-07-31-a-21.17.36.jpg?fit=300%2C153&amp;ssl=1\" data-large-file=\"https:\/\/i0.wp.com\/alaincardenas.com\/blog\/wp-content\/uploads\/2025\/07\/Capture-decran-2025-07-31-a-21.17.36.jpg?fit=584%2C298&amp;ssl=1\" decoding=\"async\" loading=\"lazy\" src=\"https:\/\/i0.wp.com\/alaincardenas.com\/blog\/wp-content\/uploads\/2025\/07\/Capture-decran-2025-07-31-a-21.17.36.jpg?resize=465%2C238&#038;ssl=1\" alt=\"\" class=\"wp-image-9016\" width=\"465\" height=\"238\" srcset=\"https:\/\/i0.wp.com\/alaincardenas.com\/blog\/wp-content\/uploads\/2025\/07\/Capture-decran-2025-07-31-a-21.17.36.jpg?w=930&amp;ssl=1 930w, https:\/\/i0.wp.com\/alaincardenas.com\/blog\/wp-content\/uploads\/2025\/07\/Capture-decran-2025-07-31-a-21.17.36.jpg?resize=300%2C153&amp;ssl=1 300w, https:\/\/i0.wp.com\/alaincardenas.com\/blog\/wp-content\/uploads\/2025\/07\/Capture-decran-2025-07-31-a-21.17.36.jpg?resize=768%2C392&amp;ssl=1 768w, https:\/\/i0.wp.com\/alaincardenas.com\/blog\/wp-content\/uploads\/2025\/07\/Capture-decran-2025-07-31-a-21.17.36.jpg?resize=500%2C255&amp;ssl=1 500w\" sizes=\"(max-width: 465px) 100vw, 465px\" data-recalc-dims=\"1\" \/><\/a><figcaption class=\"wp-element-caption\">Ding Yanyong, <em>Evocations sous-marines<\/em>, forme d\u2019\u00e9ventail, lavis sur papier, 20 x 58 cm<\/figcaption><\/figure><\/div>\n\n<div class=\"wp-block-image\">\n<figure class=\"aligncenter size-full is-resized\"><a href=\"https:\/\/i0.wp.com\/alaincardenas.com\/blog\/wp-content\/uploads\/2025\/07\/FZK-eventail-1.jpg?ssl=1\"><img data-attachment-id=\"9017\" data-permalink=\"https:\/\/alaincardenas.com\/blog\/li-xinjian-lart-du-lavis-sur-eventail\/fzk-eventail-1\/\" data-orig-file=\"https:\/\/i0.wp.com\/alaincardenas.com\/blog\/wp-content\/uploads\/2025\/07\/FZK-eventail-1.jpg?fit=1000%2C638&amp;ssl=1\" data-orig-size=\"1000,638\" data-comments-opened=\"0\" data-image-meta=\"{&quot;aperture&quot;:&quot;0&quot;,&quot;credit&quot;:&quot;&quot;,&quot;camera&quot;:&quot;&quot;,&quot;caption&quot;:&quot;&quot;,&quot;created_timestamp&quot;:&quot;0&quot;,&quot;copyright&quot;:&quot;&quot;,&quot;focal_length&quot;:&quot;0&quot;,&quot;iso&quot;:&quot;0&quot;,&quot;shutter_speed&quot;:&quot;0&quot;,&quot;title&quot;:&quot;&quot;,&quot;orientation&quot;:&quot;0&quot;}\" data-image-title=\"FZK-eventail-1\" data-image-description=\"\" data-image-caption=\"\" data-medium-file=\"https:\/\/i0.wp.com\/alaincardenas.com\/blog\/wp-content\/uploads\/2025\/07\/FZK-eventail-1.jpg?fit=300%2C191&amp;ssl=1\" data-large-file=\"https:\/\/i0.wp.com\/alaincardenas.com\/blog\/wp-content\/uploads\/2025\/07\/FZK-eventail-1.jpg?fit=584%2C373&amp;ssl=1\" decoding=\"async\" loading=\"lazy\" src=\"https:\/\/i0.wp.com\/alaincardenas.com\/blog\/wp-content\/uploads\/2025\/07\/FZK-eventail-1.jpg?resize=500%2C319&#038;ssl=1\" alt=\"\" class=\"wp-image-9017\" width=\"500\" height=\"319\" srcset=\"https:\/\/i0.wp.com\/alaincardenas.com\/blog\/wp-content\/uploads\/2025\/07\/FZK-eventail-1.jpg?w=1000&amp;ssl=1 1000w, https:\/\/i0.wp.com\/alaincardenas.com\/blog\/wp-content\/uploads\/2025\/07\/FZK-eventail-1.jpg?resize=300%2C191&amp;ssl=1 300w, https:\/\/i0.wp.com\/alaincardenas.com\/blog\/wp-content\/uploads\/2025\/07\/FZK-eventail-1.jpg?resize=768%2C490&amp;ssl=1 768w, https:\/\/i0.wp.com\/alaincardenas.com\/blog\/wp-content\/uploads\/2025\/07\/FZK-eventail-1.jpg?resize=470%2C300&amp;ssl=1 470w\" sizes=\"(max-width: 500px) 100vw, 500px\" data-recalc-dims=\"1\" \/><\/a><figcaption class=\"wp-element-caption\">Feng Zikai. <em>Le plaisir des toasts entre amis<\/em> (1947), forme d\u2019\u00e9ventail, lavis sur papier<br>Sign\u00e9 du pr\u00e9nom Zikai<\/figcaption><\/figure><\/div>\n\n\n<p>La popularit\u00e9 de ces \u00e9ventails s&rsquo;est poursuivie durant les dynasties suivantes, sous la&nbsp;dynastie Song&nbsp;(960 &#8211; 1279) un&nbsp;nouveau type d&rsquo;\u00e9ventail en soie a \u00e9t\u00e9 introduit&nbsp;: tr\u00e8s appr\u00e9ci\u00e9 par les jeunes femmes du palais imp\u00e9rial, cet \u00e9ventail en soie \u00e9tait rond, ressemblant \u00e0 la pleine lune, astre utilis\u00e9 pour le calendrier lunaire. Ces \u00e9ventails ronds sont autant utilis\u00e9s par les hommes que par les femmes. Leur typologie est adapt\u00e9e au rituel de la vie sociale changeant selon la classe et la position sociale&nbsp;: la noblesse, les lettr\u00e9s, les dames de Cour, \u2026<\/p>\n\n\n\n<p>En raison de leur statut privil\u00e9gi\u00e9, les lettr\u00e9s \u2013 souvent des artistes, calligraphes aussi &#8211; en poste \u00e0 la Cour, s\u2019attachent \u00e0 la cr\u00e9ation de pi\u00e8ces originales o\u00f9 peinture et calligraphie sont compl\u00e9mentaires sur l\u2019une ou les deux faces de ces pi\u00e8ces, collectionn\u00e9es et appr\u00e9ci\u00e9es. Les artistes peintres d&rsquo;\u00e9ventails ont d\u00e9velopp\u00e9 au maximum leurs capacit\u00e9s cr\u00e9atives, conjuguant po\u00e9sie, peinture et&nbsp;calligraphie sur ces \u0153uvres d\u2019art compl\u00e8tes.<\/p>\n\n\n\n<p>L\u2019inventivit\u00e9 des cr\u00e9ateurs et artisans est extr\u00eame, s\u2019exerce sur trois formes principales d\u2019\u00e9ventails&nbsp;:<\/p>\n\n\n\n<p>L\u2019\u00e9ventail pliable&nbsp;: popularis\u00e9 durant la dynastie Ming, il est appr\u00e9ci\u00e9 pour sa portabilit\u00e9 et ses m\u00e9canismes ing\u00e9nieux permettant de le replier facilement. Quant \u00e0 l\u2019\u00e9ventail rigide, il est souvent utilis\u00e9 lors des repr\u00e9sentations artistiques, conservant une forme fixe et sert parfois d\u2019accessoire d\u00e9coratif. Enfin, l\u2019\u00e9ventail rond, symbole de douceur et d\u2019harmonie, est fr\u00e9quemment associ\u00e9 aux c\u00e9r\u00e9monies et aux rites traditionnels.<\/p>\n\n\n\n<p><strong>SPECIFICITES TECHNIQUES ET CREATION DURANT LA PERIODE IMPERIALE<\/strong><\/p>\n\n\n\n<p>A titre d\u2019exemple, nous avons choisi un \u00e9ventail de la dynastie Qing. La pi\u00e8ce, provenant d\u2019une ancienne collection chinoise a \u00e9t\u00e9 r\u00e9alis\u00e9e par un petit ma\u00eetre de la fin de la dynastie des Qing, actif sous le r\u00e8gne de l\u2019empereur Guangxu (1875-1909), Lin Xueyan. Il est pr\u00e9sent dans les biographies r\u00e9trospectives et cit\u00e9 pour ses peintures de personnages et d\u2019animaux. Il traduit avec simplicit\u00e9 des aspects traditionnels de la vie quotidienne. La constitution d&rsquo;un \u00e9ventail supposait d&rsquo;abord une r\u00e9flexion dans le choix de la structure tout comme du mat\u00e9riau d&rsquo;apparat sur lequel serait repr\u00e9sent\u00e9 le sujet. La pi\u00e8ce a \u00e9t\u00e9 conserv\u00e9e et remont\u00e9e sur un fond, un support, \u00e0 l\u2019\u00e9gal d\u2019une peinture. Cet exemple permet d\u2019introduire davantage de donn\u00e9es sur les sp\u00e9cificit\u00e9s de l\u2019\u00e9ventail.<\/p>\n\n\n\n<p>Ainsi, les lamelles vont avoir des proportions d\u00e9finies, leur nombre varie de 9 \u00e0 36, certains \u00e9ventails en ont 11, 13, 16, 24, ce sont l\u00e0 les armatures les plus fr\u00e9quemment rencontr\u00e9es. Il existe, bien s\u00fbr, la variante \u00e9cran, le corps de la pi\u00e8ce est alors tenu par un manche, ce qui suppose une structure diff\u00e9rente. Les mat\u00e9riaux les plus utilis\u00e9s, le bambou, travaill\u00e9, ponc\u00e9, \u00ab au naturel \u00bb, laqu\u00e9, le bois, ainsi que des mat\u00e9riaux comme l&rsquo;\u00e9caille de tortue, l&rsquo;os, l&rsquo;ivoire, seront les agr\u00e9ments ornementaux sculpt\u00e9s dans la partie inf\u00e9rieure de la pi\u00e8ce, celle qui bien souvent n&rsquo;est pas recouverte d&rsquo;une \u0153uvre originale r\u00e9alis\u00e9e sur papier (le choix est grand) dont le coloris du blanc pur &nbsp;auquel sont donn\u00e9es diff\u00e9rentes colorations, nuances d&rsquo;un jaune p\u00e2le, ou incrustations de fibres v\u00e9g\u00e9tales, ou encore poudres de m\u00e9taux et min\u00e9raux pr\u00e9cieux afin de mettre davantage en valeur le sujet trait\u00e9.<\/p>\n\n\n\n<p>La soie est \u00e9galement un mat\u00e9riau de choix, plus r\u00e9sistant et souvent plus pr\u00e9cieux que le papier qui, apr\u00e8s un certain temps d&rsquo;utilisation, se d\u00e9chire et suppose que l&rsquo;on conserve sans plus jamais le d\u00e9plier, ou bien qu&rsquo;il soit d\u00e9mont\u00e9, et tel a \u00e9t\u00e9 le cas de cette pi\u00e8ce due \u00e0 Lin Xueyan, restaur\u00e9e, les manques ont \u00e9t\u00e9 combl\u00e9s \u00e0 l&rsquo;aide d&rsquo;un mat\u00e9riau tr\u00e8s fin, et contrecoll\u00e9s sur un support plus \u00e9pais, puis entour\u00e9s d&rsquo;une marge en soie qui redonnera \u00e0 l&rsquo;ensemble de la composition un format rectangulaire.<\/p>\n\n\n\n<p>Des recueils entiers pr\u00e9sentent ces collections patiemment constitu\u00e9es depuis plus de cinq si\u00e8cles. Les peintres des dynasties pass\u00e9es ont cr\u00e9\u00e9 des \u0153uvres raffin\u00e9es dans ce format particulier qui n\u00e9cessite la ma\u00eetrise d&rsquo;une forme pr\u00e9cise pour camper tous sujets : paysages, fleurs et fruits, personnages, animaux, calligraphies&#8230;<\/p>\n\n\n\n<p>Avec Wen Boren (1502-1575), Qiu Ying (ca 1494-ca 1551) et les grands peintres Ming, ou les excentriques de Yangzhou, tout comme sous les Qing, les \u00e9ventails de commande ou d\u2019\u00e9changes entre lettr\u00e9s sont fr\u00e9quents.<\/p>\n\n\n\n<p>Pour les modernes Ding Yanyong (1904-1979), Qi Baishi (1864-1957), Zhang Daqian (1899-1983) &#8230; tous se sont essay\u00e9s \u00e0 ce type de cr\u00e9ation unique, qui n&rsquo;est pas, comme en Occident, jug\u00e9 parfois, \u00e0 tort, purement d\u00e9coratif et sans aucune valeur esth\u00e9tique : un tel jugement n&rsquo;est plus possible quand l&rsquo;on songe que les maximes philosophiques, tao\u00efstes, confucianistes sont calligraphi\u00e9es sur une ou sur les deux faces, ou lorsqu\u2019une calligraphie r\u00e9pond \u00e0 une peinture. Les exemples ne manquent pas, ni ici ni l\u00e0. Les collections constitu\u00e9es par les mus\u00e9es ou par des collectionneurs avis\u00e9s en sont l\u2019illustration tangible. Devenus des t\u00e9moignages de l\u2019histoire du go\u00fbt et d\u2019une esth\u00e9tique du raffinement, ces lieux sont continuellement \u00e9toff\u00e9s des pi\u00e8ces r\u00e9alis\u00e9es par des artistes contemporains, Li Xinjian, comme Walasse Ting (1929-2010) ou Feng Zikai (1898-1975) est l\u2019un de ces artistes lettr\u00e9s qui donnent toute sa vitalit\u00e9 \u00e0 cet art original.<\/p>\n\n\n<div class=\"wp-block-image\">\n<figure class=\"aligncenter size-full is-resized\"><a href=\"https:\/\/i0.wp.com\/alaincardenas.com\/blog\/wp-content\/uploads\/2025\/07\/Capture-decran-2025-07-31-a-21.37.06.jpg?ssl=1\"><img data-attachment-id=\"9018\" data-permalink=\"https:\/\/alaincardenas.com\/blog\/li-xinjian-lart-du-lavis-sur-eventail\/capture-decran-2025-07-31-a-21-37-06\/\" data-orig-file=\"https:\/\/i0.wp.com\/alaincardenas.com\/blog\/wp-content\/uploads\/2025\/07\/Capture-decran-2025-07-31-a-21.37.06.jpg?fit=945%2C336&amp;ssl=1\" data-orig-size=\"945,336\" data-comments-opened=\"0\" data-image-meta=\"{&quot;aperture&quot;:&quot;0&quot;,&quot;credit&quot;:&quot;&quot;,&quot;camera&quot;:&quot;&quot;,&quot;caption&quot;:&quot;&quot;,&quot;created_timestamp&quot;:&quot;0&quot;,&quot;copyright&quot;:&quot;&quot;,&quot;focal_length&quot;:&quot;0&quot;,&quot;iso&quot;:&quot;0&quot;,&quot;shutter_speed&quot;:&quot;0&quot;,&quot;title&quot;:&quot;&quot;,&quot;orientation&quot;:&quot;1&quot;}\" data-image-title=\"Capture-decran-2025-07-31-a-21.37.06\" data-image-description=\"\" data-image-caption=\"\" data-medium-file=\"https:\/\/i0.wp.com\/alaincardenas.com\/blog\/wp-content\/uploads\/2025\/07\/Capture-decran-2025-07-31-a-21.37.06.jpg?fit=300%2C107&amp;ssl=1\" data-large-file=\"https:\/\/i0.wp.com\/alaincardenas.com\/blog\/wp-content\/uploads\/2025\/07\/Capture-decran-2025-07-31-a-21.37.06.jpg?fit=584%2C208&amp;ssl=1\" decoding=\"async\" loading=\"lazy\" src=\"https:\/\/i0.wp.com\/alaincardenas.com\/blog\/wp-content\/uploads\/2025\/07\/Capture-decran-2025-07-31-a-21.37.06.jpg?resize=473%2C168&#038;ssl=1\" alt=\"\" class=\"wp-image-9018\" width=\"473\" height=\"168\" srcset=\"https:\/\/i0.wp.com\/alaincardenas.com\/blog\/wp-content\/uploads\/2025\/07\/Capture-decran-2025-07-31-a-21.37.06.jpg?w=945&amp;ssl=1 945w, https:\/\/i0.wp.com\/alaincardenas.com\/blog\/wp-content\/uploads\/2025\/07\/Capture-decran-2025-07-31-a-21.37.06.jpg?resize=300%2C107&amp;ssl=1 300w, https:\/\/i0.wp.com\/alaincardenas.com\/blog\/wp-content\/uploads\/2025\/07\/Capture-decran-2025-07-31-a-21.37.06.jpg?resize=768%2C273&amp;ssl=1 768w, https:\/\/i0.wp.com\/alaincardenas.com\/blog\/wp-content\/uploads\/2025\/07\/Capture-decran-2025-07-31-a-21.37.06.jpg?resize=500%2C178&amp;ssl=1 500w\" sizes=\"(max-width: 473px) 100vw, 473px\" data-recalc-dims=\"1\" \/><\/a><figcaption class=\"wp-element-caption\">Li Xinjian,<em> Des croix nomm\u00e9es svatsikas<\/em> (2013), textes autographes de Christophe Ripa, carnet-accord\u00e9on, livre d\u2019artiste d\u00e9pli\u00e9, encre et crayons de couleur, 32 x 22 cm. 5 ex. manuscrits<\/figcaption><\/figure><\/div>\n\n\n<p><strong>LI XINJIAN, L\u2019ECLECTISME OUVERT D\u2019UN CREATEUR CONTEMPORAIN.<\/strong><\/p>\n\n\n\n<p><strong>A la recherche des p\u00e9r\u00e9grinations sur les toits du monde<\/strong><\/p>\n\n\n\n<p>Li Xinjian&nbsp;[\u674e\u65b0\u5efa] (1954, Chongqing) fait des \u00e9tudes dans sa province natale du Sichuan o\u00f9 il obtient son dipl\u00f4me \u00e0 l\u2019institut des Beaux-arts en 1982. Il effectue ensuite diff\u00e9rents voyages. Il va sur les hauteurs du Tibet puis \u00e0 Paris o\u00f9 il termine un cursus aux Beaux-arts en 1992. Il approfondit sa formation de peintre \u00e0 l\u2019huile et suit les cours de diff\u00e9rents ateliers dont celui de sculpture. Il partage le plus clair de son temps entre son atelier de P\u00e9kin et des lieux internationaux o\u00f9 il participe \u00e0 des expositions personnelles ou de groupes.<\/p>\n\n\n\n<p>Curieux de tout, le s\u00e9jour au Tibet va \u00eatre source de r\u00e9flexion, de remises en cause intellectuelles, avec notamment une reconsid\u00e9ration des notions de plein et de vide. Il creuse encore plus en profondeur les lectures et \u00e9changes entrepris sur l\u2019apparition, l\u2019\u00e9volution et la permanence du svastika [\u4e07\u5bff\u7b26\u53f7], symbole si controvers\u00e9 en raison des tristes amalgames faits lorsque Hitler reprend ce signe pour le lier \u00e0 son id\u00e9ologie. Il n\u2019emp\u00eache qu\u2019en Extr\u00eame-Orient, le symbole, en particulier pour le&nbsp;bouddhisme&nbsp;Mahayana, ou du Grand V\u00e9hicule, pratiqu\u00e9 notamment en Chine, figure les dix mille m\u00e9rites, le Nirv\u00e2na ; on le retrouve sur la poitrine de Bouddha et de Guanyin.<\/p>\n\n\n\n<p>Pr\u00e8s de dix ans de recherches aboutissent pour Li Xinjian \u00e0 une universalit\u00e9 du symbole selon les continents et selon aussi les \u00e9poques prises en consid\u00e9ration. L\u2019expression graphique ou textuelle de ce fort symbole inclut des variantes tr\u00e8s diff\u00e9rentes&nbsp;: sociales, sexuelles, \u2026 que Li Xinjian prend la peine de comprendre, d\u2019analyser, de g\u00e9rer et de pr\u00e9senter \u00e0 son lectorat. Sa recherche ainsi men\u00e9e sur une symbolique au fil des continents et&nbsp;\u00e0 diff\u00e9rentes \u00e9poques en est l\u2019illustration la plus r\u00e9v\u00e9latrice et embl\u00e9matique. Son approche est un peu sauvage. Pourquoi la qualifier ainsi&nbsp;? On sent les copeaux de l\u2019imaginaire d\u2019un artiste influenc\u00e9 par les variantes de cette forme pregnante de myst\u00e8res intrins\u00e8ques&nbsp;: selon les temps pris en consid\u00e9ration, le sens sera soit l\u00e9ger et intellectuel, soit tr\u00e8s lourd et sexu\u00e9, c\u2019est, du moins, ce qui ressort de la lecture de ce&nbsp;<em>Trait\u00e9 des ombres<\/em>&nbsp;encore in\u00e9dit, les ombres des envies humaines&nbsp;!<\/p>\n\n\n\n<p>Le tout, rassembl\u00e9 dans un manuscrit riche et touffu, permet bien des lectures possibles&nbsp;: ainsi nul besoin de commencer par le chapitre initial, on peut tr\u00e8s justement commencer par la fin, ou bien ne vouloir lire que les figures\u2026 L\u2019intelligence du livre se d\u00e9veloppe sur deux parties, la premi\u00e8re impose une n\u00e9cessaire approche historique, d\u00e9brid\u00e9e et libre. La deuxi\u00e8me partie fait p\u00e9n\u00e9trer dans l\u2019application pratique de la th\u00e9orie de son auteur. Apr\u00e8s avoir vu, r\u00e9fl\u00e9chi, th\u00e9oris\u00e9 ce motif, Li Xinjian l\u2019extrait de sa gangue historique&nbsp;pour qu\u2019il se transmue en une sorte de matrice virtuelle multipliable \u00e0 l\u2019infini&nbsp;! Il est ainsi dans la continuit\u00e9 des grandes qu\u00eates que l\u2019on retrouve par exemple avec ces matrices grav\u00e9es de bouddhas et des bodhisatvas appliqu\u00e9s sur les murs des grottes de Mogao, \u00e0 proximit\u00e9 de Dunhuang ou calligraphi\u00e9s, trac\u00e9s, dessin\u00e9s, sur les feuilles de papier d\u00e9couvertes dans ces m\u00eames grottes. Le motif architectural a, insensiblement, chang\u00e9 de contexte, s\u2019est ouvert \u00e0 un autre environnement, \u00e0 d\u2019autres microcosmes, au monde int\u00e9rieur de l\u2019artiste, celui dans lequel le cr\u00e9ateur se r\u00e9fugie, s\u2019isole, fait ses exp\u00e9rimentations, celui, ext\u00e9rieur, dans lequel l\u2019artiste vit, son atelier, en fait.<\/p>\n\n\n\n<p>La toute r\u00e9cente cr\u00e9ation d\u2019une pi\u00e8ce unique renvoie \u00e0 l\u2019importance de l\u2019art comme dynamique d\u2019\u00e9change entre individus, lien social et vecteur d\u2019interpr\u00e9tations autres des \u00e9l\u00e9ments naturels qui contribuent \u00e0 donner \u00e0 l\u2019individu sa place entre diff\u00e9rentes \u00e9chelles, celle de l\u2019univers, macrocosmique et celle de l\u2019homme, microcosme complet. Apr\u00e8s ses parcours th\u00e9matiques entre mers et montagnes, Li Xinjian prolonge ses odyss\u00e9es au pays du r\u00eave, des espaces en infinis multiples, avec les techniques de l\u2019huile, du lavis, de l\u2019encre, assimil\u00e9es avec brio et enthousiasme par ce chasseur d\u2019images, de conqu\u00eates dont la puissance stylistique lui a permis de se livrer \u00e0 toutes sortes de cr\u00e9ations c\u00e9l\u00e9br\u00e9es par les instances artistiques des lieux culturels de Chine et de France. Il confirme sa pr\u00e9sence dans les innovations contemporaines entre Est et Ouest.<\/p>\n\n\n\n<p><strong>El\u00e9ments bibliographiques<\/strong><\/p>\n\n\n\n<ul>\n<li>Anna Checcoli, <em>Ventagli cinesi giapponesi ed orientali<\/em>&nbsp;(\u00c9ventails chinois, japonais et orientaux). Florence&nbsp;: Ed. Tassinari, 2009.<\/li>\n\n\n\n<li>Christophe Comentale, <em>La Chine \u00e0 travers les peintres<\/em>. Lausanne Conti \/ Edita, 1991.143 p. : ill. en coul. Bibliog. Index<\/li>\n\n\n\n<li>Payen-Appenzeller,<em>&nbsp;\u00c9ventails<\/em>. Paris&nbsp;: Parangon, 2001. Georgina Letourmy-Bordier et Sylvain Le Guen (dir.),&nbsp;<em>L&rsquo;\u00c9ventail, mati\u00e8res d&rsquo;excellence, La nature sublim\u00e9e par les mains de l&rsquo;artisan<\/em>. M\u00e9ru&nbsp;: \u00e9d. Mus\u00e9e de la Nacre, 2015.<\/li>\n\n\n\n<li><em>L\u2019\u00e9ventail chinois<\/em> \u4e2d\u56fd\u6247\u5b50_\u767e\u5ea6\u767e\u79d1 Une excellente introduction \u00e0 l\u2019imposante place de l\u2019\u00e9ventail dans la soci\u00e9t\u00e9 chinoise, de l\u2019Antiquit\u00e9 \u00e0 nos jours, avec un effort quant \u00e0 la pr\u00e9sence de l\u2019\u00e9ventail dans la soci\u00e9t\u00e9 occidentale. Des r\u00e9f\u00e9rences bibliographiques et renvois th\u00e9matiques. Texte en chinois (version en ligne).<\/li>\n\n\n\n<li><em>Rimes antiques, sons contemporains<\/em> (\u53e4\u97f5\u4eca\u58f0). [Catalogue de formes d&rsquo;\u00e9ventails]. Hangzhou : Xiling yinshi, 2017. 120 p. : ill. Chaque pi\u00e8ce au catalogue est d\u00e9crite r\u00b0-v\u00b0 sur deux pages.<\/li>\n<\/ul>\n","protected":false},"excerpt":{"rendered":"<p>\u674e\u65b0\u5efa\uff0c\u6247\u5b50\u4e0a\u7684\u827a\u672f\u9769\u65b0 par Christophe Comentale L\u2019\u00e9ventail. Comme dans tous les pays chauds, notamment latins et asiatiques, des pays \u00e9galement d\u00e9sireux de donner un sentiment de bien-\u00eatre face au climat parfois excessif qui perturbe une vie calme et agr\u00e9able, l\u2019artiste d\u00e9cide bien &hellip; <a href=\"https:\/\/alaincardenas.com\/blog\/li-xinjian-lart-du-lavis-sur-eventail\/\">Continuer la lecture <span class=\"meta-nav\">&rarr;<\/span><\/a><\/p>\n","protected":false},"author":1,"featured_media":0,"comment_status":"closed","ping_status":"closed","sticky":false,"template":"","format":"standard","meta":{"sfsi_plus_gutenberg_text_before_share":"","sfsi_plus_gutenberg_show_text_before_share":"","sfsi_plus_gutenberg_icon_type":"","sfsi_plus_gutenberg_icon_alignemt":"","sfsi_plus_gutenburg_max_per_row":"","jetpack_post_was_ever_published":false,"_jetpack_newsletter_access":"","_jetpack_newsletter_tier_id":0,"jetpack_publicize_message":"","jetpack_is_tweetstorm":false,"jetpack_publicize_feature_enabled":true,"jetpack_social_post_already_shared":true,"jetpack_social_options":{"image_generator_settings":{"template":"highway","enabled":false}}},"categories":[41,1],"tags":[32,46,9,33],"jetpack_publicize_connections":[],"jetpack_featured_media_url":"","jetpack_sharing_enabled":true,"jetpack_shortlink":"https:\/\/wp.me\/p8Mijt-2lk","jetpack_likes_enabled":true,"jetpack-related-posts":[{"id":8102,"url":"https:\/\/alaincardenas.com\/blog\/objets-et-collections-6\/","url_meta":{"origin":9010,"position":0},"title":"OBJETS ET COLLECTIONS (6). A propos d\u2019une d\u00e9couverte r\u00e9cente\u00a0: une huile sur panneau de Michaut","author":"admin","date":"2024-07-31","format":false,"excerpt":"\u5173\u4e8e\u6700\u8fd1\u7684\u53d1\u73b0\uff1a\u7c73\u8096\u7684\u6cb9\u753b \u5173\u4e8e\u5386\u53f2\u5bf9\u7f8e\u672f\u7684\u5f71\u54cd par Christophe Comentale \u8be5\u7f51\u7ad9\u5df2\u8fdb\u5165\u7b2c 8 \u4e2a\u5e74\u5934\u3002\u53d1\u8868\u6587\u7ae0250\u4f59\u7bc7\u3002\u6570\u4ee5\u4e07\u8ba1\u7684\u7528\u6237\u3002\u8fd9\u4e2a\u6c89\u9ed8\u7684\u7f51\u7ad9\uff0c\u4f46\u5145\u6ee1\u4e86\u6211\u4eec\u4f20\u64ad\u77e5\u8bc6\u7684\u613f\u671b\u6240\u9009\u62e9\u7684\u56fe\u50cf\u548c\u5185\u5bb9\uff0c\u5e94\u8be5\u88ab\u89c6\u4e3a\u7b26\u5408\u56fd\u5bb6\u5229\u76ca......\u7531\u4e8e\u6211\u4eec\u5f88\u4e50\u89c2\uff0c\u8ba9\u6211\u4eec\u770b\u770b\u6587\u5316\u90e8\u8fd9\u8fb9\u7684\u60c5\u51b5\u5c06\u5982\u4f55\u53d1\u5c55. \u795d\u60a8\u9605\u8bfb\u6109\u5feb\uff0c\u8fd9\u6b21\u662f\u6cd5\u8bed\u6216\u4e2d\u6587\u3002\u521b\u59cb\u4eba\uff1a\u963f\u5170\u00b7\u5361\u5fb7\u7eb3\u65af-\u5361\u65af\u7279\u7f57\u548c\u514b\u91cc\u65af\u6258\u592b\u00b7\u67ef\u5b5f\u5fb7. Le site en est \u00e0 sa 8e ann\u00e9e d'existence. Plus de 250 articles publi\u00e9s. Des dizaines de milliers d'utilisateurs. Site muet mais nourri d'images et de contenus choisis par notre volont\u00e9 de diffuser des connaissances, devrait \u00eatre jug\u00e9 d'int\u00e9r\u00eat national... Comme\u2026","rel":"","context":"Dans &quot;Europe&quot;","block_context":{"text":"Europe","link":"https:\/\/alaincardenas.com\/blog\/category\/europe\/"},"img":{"alt_text":"","src":"https:\/\/i0.wp.com\/alaincardenas.com\/blog\/wp-content\/uploads\/2024\/07\/michaut-larcher-a-lentrainement-b.jpg?resize=350%2C200&ssl=1","width":350,"height":200,"srcset":"https:\/\/i0.wp.com\/alaincardenas.com\/blog\/wp-content\/uploads\/2024\/07\/michaut-larcher-a-lentrainement-b.jpg?resize=350%2C200&ssl=1 1x, https:\/\/i0.wp.com\/alaincardenas.com\/blog\/wp-content\/uploads\/2024\/07\/michaut-larcher-a-lentrainement-b.jpg?resize=525%2C300&ssl=1 1.5x, https:\/\/i0.wp.com\/alaincardenas.com\/blog\/wp-content\/uploads\/2024\/07\/michaut-larcher-a-lentrainement-b.jpg?resize=700%2C400&ssl=1 2x"},"classes":[]},{"id":502,"url":"https:\/\/alaincardenas.com\/blog\/le-renouveau-de-la-peinture-contemporaine-au-pigment-de-dunhuang\/","url_meta":{"origin":9010,"position":1},"title":"Le renouveau de la peinture contemporaine au pigment de Dunhuang \u00a0 \u00a0 \u00a0 \u00a0 \u00a0","author":"admin","date":"2017-09-05","format":false,"excerpt":"Compte-rendu d\u2019exposition Centre multiculturel OMDP de Lod\u00e8ve du 1er au 29 septembre 2017 par Christophe Comentale \u2580 Quarante-quatre \u0153uvres peintes au pigment par 18 artistes travaillant \u00e0 Dunhuang constituent les fleurons de l\u2019exposition Le renouveau de la peinture au pigment de Dunhuang. Les oeuvres occupent quelque 800 m2 r\u00e9partis sur\u2026","rel":"","context":"Dans &quot;Asie&quot;","block_context":{"text":"Asie","link":"https:\/\/alaincardenas.com\/blog\/category\/asie\/"},"img":{"alt_text":"","src":"https:\/\/i0.wp.com\/alaincardenas.com\/blog\/wp-content\/uploads\/2017\/09\/DSC_2506-237x300.jpg?resize=350%2C200&ssl=1","width":350,"height":200},"classes":[]},{"id":2339,"url":"https:\/\/alaincardenas.com\/blog\/du-livre-darcheologie-au-livre-dartiste-dest-en-ouest\/","url_meta":{"origin":9010,"position":2},"title":"Du livre d\u2019arch\u00e9ologie au livre d\u2019artiste d\u2019Est en Ouest","author":"admin","date":"2018-07-23","format":false,"excerpt":"par Alain Cardenas-Castro et Christophe Comentale Pour une nouvelle bibliophilie, un texte que j\u2019avais r\u00e9dig\u00e9 en 1991 pour la revue AML, me faisait (me) poser la question sur la n\u00e9cessit\u00e9 de certains formalismes, sur leur persistance \u00e9trange,\u2026 Cette id\u00e9e, depuis les ann\u00e9es 90 nous a sembl\u00e9 devoir continuer d\u2019\u00e9voluer, ou,\u2026","rel":"","context":"Dans &quot;Asie&quot;","block_context":{"text":"Asie","link":"https:\/\/alaincardenas.com\/blog\/category\/asie\/"},"img":{"alt_text":"","src":"https:\/\/i0.wp.com\/alaincardenas.com\/blog\/wp-content\/uploads\/2018\/07\/bouquet-de-bouleaux.jpg?resize=350%2C200","width":350,"height":200},"classes":[]},{"id":9348,"url":"https:\/\/alaincardenas.com\/blog\/un-portrait-de-chang-shuhong-par-zhang-hua\/","url_meta":{"origin":9010,"position":3},"title":"UN PORTRAIT DE CHANG SHUHONG PAR ZHANG HUA","author":"admin","date":"2026-01-09","format":false,"excerpt":"\u5f20\u534e\u7684\u5e38\u4e66\u9e3f\u8096\u50cf\u00a0\u00a0 \u00a0\u00a0\u67ef \u5b5f\u5fb7\u8457 par Christophe Comentale La version en fran\u00e7ais est \u00e0 la suite de la version en chinois. \u5f20\u534e\uff081898-1970\uff09\uff0c\u753b\u5bb6\u3001\u753b\u5e08\uff0c\u591a\u5e74\u6765\u4e00\u76f4\u662f\u5173\u4e8e\u5176\u7ed8\u753b\u4f5c\u54c1\u53cd\u590d\u7814\u7a76\u7684\u5bf9\u8c61\u3002\u8fc4\u4eca\u5df2\u77e5\u6709\u6570\u767e\u4ef6\u4f5c\u54c1\u3002\u968f\u7740\u8fd9\u5e45\u5f69\u8272\u94c5\u7b14\u8096\u50cf\u7684\u53d1\u73b0\uff0c\u4ec5\u51fa\u4e8e\u597d\u5947\uff0c\u4eba\u4eec\u4e0d\u5f97\u4e0d\u5173\u6ce8\u8fd9\u4f4d\u4f4e\u8c03\u753b\u5bb6\u4e0e\u6566\u714c\u7814\u7a76\u9662\u521b\u59cb\u4eba\u4e4b\u95f4\u53ef\u80fd\u5efa\u7acb\u7684\u8054\u7cfb\u3002 Ci-dessus, de gauche \u00e0 droite. (ill. 1) photo des artistes chinois \u00e0 Paris (1933) \/ (ill. 2) Portrait de Chang Shuhong par Zhang Hua \u4ece\u5de6\u5230\u53f3\uff1a\u5df4\u9ece\u7684\u4e2d\u56fd\u827a\u672f\u5bb6\u7167\u7247\uff081933\uff09\/ \u5f20\u534e\u4e3a\u5e38\u4e66\u9e3f\u6240\u4f5c\u8096\u50cf \u5f20\u534e\uff0c\u4e00\u751f\u6b63\u5982\u6211\u5728\u5176\u4ed6\u5730\u65b9\u6240\u63d0\u5230\u7684\uff0c\u4e5f\u5982\u4e00\u4e9b\u4e2d\u56fd\u827a\u672f\u5bb6\u6240\u8bc1\u5b9e\u7684\uff0c\u5c24\u5176\u662f\u8303\u4e00\u592b\u6240\u8a00\uff0c\u201c\u5f20\u534e\u5bf9\u4e8e\u73b0\u4ee3\u827a\u672f\u7231\u597d\u8005\u6765\u8bf4\u5e76\u4e0d\u964c\u751f\uff0c\u4ed6\u4e5f\u53d7\u5230\u4e2d\u56fd\u827a\u672f\u6536\u85cf\u5bb6\u7684\u559c\u7231\u201d\uff0c\u5c3d\u7ba1\u4ed6\u7684\u4f20\u8bb0\u975e\u5e38\u4e0d\u786e\u5b9a\uff0c\u4f46\u8fc7\u53bb\u5341\u5e74\u6765\uff0c\u827a\u672f\u5e02\u573a\u7684\u53c2\u4e0e\u8005\u5e2e\u52a9\u4eba\u4eec\u66f4\u597d\u5730\u4e86\u89e3\u4e86\u8fd9\u4f4d\u521b\u4f5c\u8005\uff1a\u201c\u4e00\u4f4d\u827a\u672f\u5546\u548c\u6536\u85cf\u5bb6\u8bf4\u2014\u2014\u6211\u66fe\u7ecf\u624b\u4e2d\u62ff\u5230\u4e00\u672c\u7531\u827a\u672f\u5bb6\u4eb2\u8fd1\u4eba\u58eb\u63d0\u4f9b\u7684\u5f20\u534e\u7b80\u8981\u4f20\u8bb0\u3002\u8be5\u6587\u4ef6\u548c\u90a3\u4f4d\u670b\u53cb\u4e4b\u540e\u90fd\u5931\u8e2a\u4e86\uff0c\u8fd9\u4e9b\u6709\u9650\u7684\u4fe1\u606f\u88ab\u91cd\u590d\u5f15\u7528\uff0c\u4f46\u4eba\u4eec\u5bf9\u8fd9\u4f4d\u753b\u5bb6\u77e5\u4e4b\u751a\u5c11\u3002\u201d\u5e03\u4e3d\u5409\u7279\u00b7\u5361\u7f2a(Brigitte Camus) \u5bf9\u8fd9\u4f4d\u753b\u5bb6\u7684\u7b80\u77ed\u4ecb\u7ecd\u4e5f\u8bc1\u5b9e\u4e86\u5df2\u77e5\u7684\u4fe1\u606f\u3002 \u00a0\u2026","rel":"","context":"Dans &quot;Asie&quot;","block_context":{"text":"Asie","link":"https:\/\/alaincardenas.com\/blog\/category\/asie\/"},"img":{"alt_text":"","src":"https:\/\/i0.wp.com\/alaincardenas.com\/blog\/wp-content\/uploads\/2026\/01\/Capture-decran-2026-01-09-a-20.19.51.png?resize=350%2C200&ssl=1","width":350,"height":200},"classes":[]},{"id":9336,"url":"https:\/\/alaincardenas.com\/blog\/pour-une-nouvelle-figuration-libre-georges-ouchot-suiveur-de-kees-van-dongen\/","url_meta":{"origin":9010,"position":4},"title":"POUR UNE NOUVELLE FIGURATION LIBRE : GEORGES OUCHOT, SUIVEUR DE KEES VAN DONGEN","author":"admin","date":"2026-01-09","format":false,"excerpt":"par Christophe Comentale \u4e3a\u4e86\u65b0\u7684\u81ea\u7531\u8868\u73b0\uff1a\u4e54\u6cbb\u00b7\u4e4c\u8096\uff0c\u51ef\u65af\u00b7\u8303\u00b7\u4e1c\u6839\u7684\u8ffd\u968f\u8005\u4f5c\u8005\uff1a\u67ef \u5b5f\u5fb7 \u00a0\u00a0\u00a0\u00a0\u00a0\u00a0\u00a0\u00a0\u00a0\u00a0\u00a0 \u300c\u2026\u2026\u4ee5\u73b0\u72b6\u5448\u73b0\u65e5\u5e38\u751f\u6d3b\uff0c\u5728\u60c5\u8282\u3001\u73b0\u5b9e\u4e0e\u7eaa\u5f55\u7247\u4e4b\u95f4\u91c7\u53d6\u4e2d\u95f4\u7acb\u573a\u2026\u2026\u300d\u3002\u00a0\u00a0\u00a0\u00a0\u00a0\u00a0\u00a0\u00a0\u00a0\u00a0\u00a0 \u00a0 \u963f\u5c14\u8d1d\u6258\u00b7\u83ab\u62c9\u7ef4\u4e9a\uff0c\u300a\u6545\u4e8b\u96c6\u300b\uff0c\u7c73\u5170\uff1a\u90a6\u76ae\u4e9a\u5c3c\u51fa\u7248\u793e\uff0c1952\u5e74\u3002\u4e0e\u4e0a\u8ff0\u65b0\u73b0\u5b9e\u4e3b\u4e49\u7684\u5b9a\u4e49\u76f8\u6bd4\uff0c\u8981\u5bf9\u81ea\u7531\u9020\u578b\u7ed9\u4e88\u4e00\u4e2a\u7cbe\u786e\u800c\u7565\u663e\u8be6\u5c3d\u7684\u5b9a\u4e49\u5e76\u975e\u6613\u4e8b\uff0c\u751a\u81f3\u51e0\u4e4e\u4e0d\u53ef\u80fd\u3002\u65e2\u7136\u201c\u4e0d\u53ef\u80fd\u201d\u4e0d\u662f\u6cd5\u8bed\u4e2d\u7684\u6982\u5ff5\uff0c\u672c\u7814\u7a76\u4fbf\u6e90\u4e8e\u4e0e\u4f5c\u54c1\u7684\u63a5\u89e6\uff0c\u8fd9\u4e9b\u4f5c\u54c1\u662f\u5728\u5df4\u9ece\u827a\u672f\u5e02\u573a\u4e0a\u53d1\u73b0\u7684G. Ouchot\u7684\u516d\u4ef6\u4f5c\u54c1\uff0c\u5176\u4e2d\u4e00\u4ef6\u5df2\u88ab\u535a\u7269\u9986\u6536\u85cf\u3002\u81f3\u4e8e\u5176\u4ed6\u4f5c\u54c1\uff0c\u4e00\u4f4d\u4e0e\u753b\u5bb6\u5173\u7cfb\u5bc6\u5207\u7684\u6536\u85cf\u5bb6\u5e2e\u52a9\u6211\u4eec\u66f4\u591a\u5730\u4e86\u89e3\u4e86\u8fd9\u4f4d\u4ecd\u4e0d\u4e3a\u4eba\u6240\u719f\u77e5\u7684\u827a\u672f\u5bb6\u3002\u827a\u672f\u53f2\u7684\u4e00\u4e2a\u4f5c\u7528\u5728\u6b64\u60c5\u5883\u4e0b\u4ecd\u7136\u662f\uff0c\u8fd9\u79cd\u8d85\u8d8a\u65f6\u95f4\u7684\u529b\u91cf\uff0c\u6216\u65e9\u6216\u665a\uff0c\u4f1a\u4f7f\u90a3\u4e9b\u5728\u65f6\u95f4\u7684\u6d41\u901d\u4e2d\u4f3c\u4e4e\u5f88\u5feb\u88ab\u9057\u5fd8\u7684\u827a\u672f\u5bb6\u4f5c\u54c1\u91cd\u65b0\u6d6e\u73b0\u3002\u56fd\u9645\u65b0\u73b0\u5b9e\u4e3b\u4e49\u8fd8\u662f\u81ea\u7531\u9020\u578b\uff1f Ci-dessus, de gauche \u00e0 droite. G. Ouchot. (ill. 10), Trois personnages ; Piero della Francesca, La Flagellation du Christ (ca1445 -\u00a01450), tempera sur bois de peuplier, 59 x 81,3 cm, Palais ducal d'Urbino, Italie \u4e0e\u5386\u53f2\u76f8\u5173\u7684\u751f\u5e73\u5143\u7d20 \u00a0\u74e6\u97e6\u5c14\u662f\u6cd5\u56fd\u7684\u4e00\u4e2a\u5e02\u9547\uff0c\u4f4d\u4e8e\u52a0\u5c14\u7701\u7684\u6700\u5357\u7aef\uff0c\u5904\u4e8e\u5c3c\u59c6\u3001\u8499\u5f7c\u5229\u57c3\u548c\u963f\u5c14\u52d2\u4e09\u5ea7\u57ce\u5e02\u5f62\u6210\u7684\u4e09\u89d2\u4e2d\u5fc3\u3002\u8fd9\u5ea7\u74e6\u97e6\u5c14\u5e02\u9547\u5730\u7406\u4f4d\u7f6e\u5341\u5206\u6218\u7565\u6027\uff0c\u4f4d\u4e8e\u4e00\u4e2a\u7531\u6c60\u5858\u3001\u76d0\u6cbc\u53ca\u79cd\u690d\u82a6\u82c7\u7684\u5e73\u5766\u533a\u57df\u7ec4\u6210\u7684\u6838\u5fc3\u5730\u5e26\uff0c\u8fd9\u4e00\u5730\u533a\u88ab\u79f0\u4e3a\u201c\u5c0f\u5361\u9a6c\u5c14\u683c\u201d\u3002\u8be5\u5730\u5c5e\u5730\u4e2d\u6d77\u6c14\u5019\uff0c\u8fd9\u7247\u8f83\u4e3a\u539f\u59cb\u7684\u666f\u89c2\u7531\u591a\u6761\u8fd0\u6cb3\u53ca\u5176\u4ed6\u5c0f\u6eaa\u6d41\u6392\u6c34\u3002\u74e6\u97e6\u5c14\u5e02\u9547\u5305\u542b\u5728\u5361\u9a6c\u5c14\u683c\u5730\u533a\u5185\uff0c\u5361\u9a6c\u5c14\u683c\u662f\u8986\u76d6\u6cd5\u56fd\u5357\u90e8\u591a\u4e2a\u7701\u4efd\u7684\u8349\u7538\u548c\u6c60\u5858\u533a\u57df\u3002\u5e02\u9547\u62e5\u6709\u4e30\u5bcc\u7684\u81ea\u7136\u9057\u4ea7\u3001\u53d7\u4fdd\u62a4\u533a\u57df\u53ca\u5177\u6709\u751f\u6001\u3001\u52a8\u7269\u548c\u690d\u7269\u79d1\u5b66\u4ef7\u503c\u7684\u81ea\u7136\u533a\u3002\u4e2d\u4e16\u7eaa\u65f6\uff0c\u6ce2\u65af\u57fa\u8036\u6751\u2014\u2014\u6c83\u97e6\u5c14\u7684\u65e7\u540d\u2014\u2014\u56f4\u7ed5\u7740\u4fef\u77b0\u519c\u7530\u666f\u89c2\u7684\u57ce\u5821\u800c\u805a\u96c6\uff0c\u800c\u4e00\u4e2a\u8457\u540d\u7684\u5723\u5730\u2014\u2014\u5723\u6bcd\u74e6\u5c14\u97e6\u5c14\u6559\u5802\u5219\u662f\u671d\u5723\u4e4b\u8def\u7684\u4e00\u4e2a\u9a7f\u7ad9\u3002\u4e54\u6cbb\u00b7\u4e4c\u8096\u7279\u51fa\u8eab\u4e8e\u4e00\u4e2a\u917f\u9152\u5bb6\u5ead\uff0c\u56e0\u6b64\u4ece\u5c0f\u5c31\u5728\u4e00\u4e2a\u4e61\u6751\u793e\u533a\u91cc\u751f\u6d3b\u3002\u5317\u8fb9\u662f\u8461\u8404\u56ed\uff0c\u5357\u8fb9\u662f\u4e00\u7247\u5e7f\u9614\u7684\u81ea\u7136\u91ce\u5730\uff0c\u8fb9\u7f18\u6709\u6c60\u5858\u548c\u82a6\u82c7\u8361\uff0c\u662f\u771f\u6b63\u7684\u9e1f\u7c7b\u548c\u91ce\u751f\u52a8\u7269\u4fdd\u62a4\u533a\uff0c\u5c24\u5176\u662f\u725b\u548c\u5361\u9a6c\u5c14\u683c\u9a6c\uff0c\u79bb\u5178\u578b\u7684\u519c\u4e1a\u5c0f\u9547\u6751\u5e84\u5f88\u8fd1\u3002\u5341\u4e5d\u4e16\u7eaa\u4e0b\u534a\u53f6\uff0c\u8461\u8404\u79cd\u690d\u5e26\u52a8\u4e86\u8be5\u5730\u533a\u7684\u5f3a\u52b2\u53d1\u5c55\u3002\u4e0e\u8fd9\u4e00\u65b0\u6d3b\u52a8\u76f8\u4f34\u7684\u7ecf\u6d4e\u53d1\u5c55\u4fc3\u4f7f\u57ce\u5e02\u5316\u8fdb\u7a0b\uff0c\u4ea7\u751f\u4e86\u9ad8\u8d28\u91cf\u7684\u5efa\u7b51\uff1a\u4f8b\u5982\u5f00\u59cb\u5efa\u8bbe\u5e02\u653f\u5385\uff0c\u5176\u534e\u4e3d\u7684\u7acb\u9762\u8c61\u5f81\u77401860\u5e74\u6751\u5e84\u7684\u7f8e\u5316\uff0c\u8fd8\u6709\u6f02\u4eae\u7684\u8d44\u4ea7\u9636\u7ea7\u4f4f\u5b85\u3001\u8499\u7279\u5361\u5c14\u59c6\u5e7f\u573a\u4e0a\u7684\u4e00\u5ea7\u65e7\u7535\u5f71\u9662\u548c\u4e00\u5ea7\u65e7\u5267\u9662\uff0c\u4ee5\u53ca\u5efa\u4e8e1898\u5e74\u7684\u6597\u725b\u573a\uff0c\u4ee5\u524d\u4e3e\u884c\u6597\u725b\u6bd4\u8d5b\u548c\u6b4c\u5267\u97f3\u4e50\u4f1a\u3002\u6b64\u5916\uff0c\u6597\u725b\u573a\u5165\u53e3\u5904\u7684\u4e24\u5ea7\u96d5\u50cf\u7eaa\u5ff5\u4e86\u4e24\u4f4d\u7f2a\u65af\u3002\u4ece\u6625\u5b63\u5230\u79cb\u5b63\uff0c\u6751\u5e84\u5145\u6ee1\u4e86\u6597\u725b\u653e\u884c\u7684\u58f0\u97f3\uff0c\u65e0\u8bba\u5728\u6597\u725b\u573a\u8fd8\u662f\u8857\u9053\u4e0a\u3002\u8be5\u5730\u533a\u9633\u5149\u5145\u8db3\uff0c\u6c14\u5019\u5f02\u5e38\uff0c\u590f\u5b63\u708e\u70ed\u5e72\u71e5\uff0c\u51ac\u5b63\u5219\u8f83\u4e3a\u6e29\u548c\u3002 \u81ea\u7531\u5199\u5b9e\u827a\u672f\u5bb6\u4e54\u6cbb\u00b7\u4e4c\u8096\u7279\u4ece\u5c0f\u5c31\u70ed\u7231\u827a\u672f\u3002\u7531\u4e8e\u73af\u5883\u7684\u6734\u7d20\uff1b\u4e2d\u5b66\u6bd5\u4e1a\u540e\uff0c\u8fd9\u4f4d\u5e74\u8f7b\u4eba\u53bb\u4e86\u8499\u5f7c\u5229\u57c3\u7f8e\u672f\u5b66\u9662\u5b66\u4e60\uff0c\u4ed6\u9009\u62e9\u4e86\u7ed8\u753b\u7cfb\uff0c\u4e00\u5f00\u59cb\u4ed6\u5728\u8fd9\u4e2a\u7cfb\u91cc\u52e4\u594b\u5b66\u4e60\uff0c\u6c89\u6d78\u4e8e\u7cbe\u7ec6\u7684\u4e34\u6479\u4e50\u8da3\u4e2d\uff0c\u4f46\u5f88\u5feb\uff0c\u4ed6\u5b81\u53ef\u5076\u5c14\u53bb\u4e61\u95f4\u6f2b\u6b65\uff0c\u4e5f\u4e0d\u613f\u8fc7\u4e8e\u9891\u7e41\u5730\u4e0a\u8bfe\uff0c\u56e0\u4e3a\u4ed6\u559c\u6b22\u6c89\u6d78\u5728\u5468\u56f4\u7684\u81ea\u7136\u73af\u5883\u4e2d\u3002\u4ed6\u4f3c\u4e4e\u66fe\u7ecf\u5728\u74e6\u97e6\u5c14\u7279\u7684\u5bb6\u5ead\u4f4f\u5b85\u4e2d\u6709\u8fc7\u4e00\u6bb5\u65f6\u95f4\u7684\u5de5\u4f5c\u5ba4\uff0c\u5373\u4f7f\u6ca1\u6709\u4efb\u4f55\u8fd9\u6bb5\u65f6\u671f\u7684\u9057\u8ff9\u7559\u5b58\u4e0b\u6765\u3002\u524d\u9762\u63d0\u5230\u7684\u516d\u4ef6G. \u4e4c\u8096\u7279\uff08\u7ea61960-2020\uff09\u7684\u4f5c\u54c1\uff0c\u90fd\u63cf\u7ed8\u4e86\u4eba\u7269\u5904\u4e8e\u590f\u65e5\u573a\u666f\u4e2d\uff0c\u4ece\u8fd9\u4e9b\u7537\u5973\u7a7f\u7740\u8f7b\u4fbf\u7684\u670d\u9970\u53ef\u4ee5\u770b\u51fa\u8fd9\u4e00\u70b9\u3002\u81ea\u4ece\u8fd9\u6b21\u9996\u6b21\u53d1\u73b0\u4ee5\u6765\uff0c\u5171\u53d1\u73b0\u7ea6\u4e09\u5341\u4ef6\u4f5c\u54c1\u2014\u2014\u603b\u517131\u4ef6\uff0c\u5176\u4e2d\u4e24\u4ef6\u662f\u534a\u8eab\u8096\u50cf\u590d\u5236\u54c1\uff08\u56fe1\u548c\u56fe2\uff09\uff0c\u90fd\u662f\u53e4\u5178\u98ce\u683c\uff0c\u63cf\u7ed8\u4e8617\u81f318\u4e16\u7eaa\u670d\u9970\u7684\u5973\u6027\u3002\u8fd9\u4e24\u4ef6\u4f5c\u54c1\u5145\u5206\u5c55\u793a\u4e86\u827a\u672f\u5bb6\u7684\u8bad\u7ec3\u548c\u5ba1\u7f8e\u3002\u5176\u4e2d\u4e00\u4ef6\uff08\u56fe2\uff09\uff0c\u9898\u4e3a\u300a\u8349\u5e3d\u300b\uff0879 x 54.6\u5398\u7c73\uff09\u2014\u2014\u5c3d\u7ba1\u5e3d\u5b50\u5176\u5b9e\u4e0d\u662f\u8349\u7f16\u7684\uff0c\u66f4\u50cf\u662f\u6be1\u5e3d\u2014\u2014\u901a\u5e38\u88ab\u8ba4\u4e3a\u662f\u82cf\u73ca\u5a1c\u00b7\u5f17\u5c14\u8292\u7279\u7684\u8096\u50cf\u3002\u8fd9\u662f\u5f17\u62c9\u8292\u753b\u5bb6\u5f7c\u5f97\u00b7\u4fdd\u7f57\u00b7\u9c81\u672c\u65af\u7684\u4f5c\u54c1\uff0c\u4ed6\u7684\u753b\u98ce\u7c97\u72b7\uff0c\u5f52\u4e8e\u5df4\u6d1b\u514b\u6d41\u6d3e\u3002\u6b64\u4f5c\u54c1\u521b\u4f5c\u4e8e1622\u81f31625\u5e74\u4e4b\u95f4\u3002\u5b83\u5f88\u53ef\u80fd\u63cf\u7ed8\u7684\u662f\u82cf\u73ca\u5a1c\u00b7\u4f26\u767b\u7279\u7684\u8096\u50cf\uff0c\u5979\u662f\u6d77\u4f26\u00b7\u5f17\u5c14\u8292\u7279\uff081599-1643\uff09\u7684\u59d0\u59b9\uff0c\u540e\u8005\u662f\u5b89\u7279\u536b\u666e\u4e00\u5bb6\u6302\u6bef\u548c\u4e1d\u7ef8\u5546\u4eba\u7684\u5973\u513f\u3002\u90a3\u4e48\u4e3a\u4ec0\u4e48\u8981\u9009\u62e9\u82cf\u73ca\u5a1c\u00b7\u5f17\u5c14\u8292\u7279\uff0c\u800c\u4e0d\u662f\u901a\u5e38\u662f\u8fd9\u4f4d\u827a\u672f\u5bb6\u7684\u8d35\u65cf\u548c\u541b\u4e3b\u5ba2\u6237\u5462\uff1f\u8fd9\u53ea\u662f\u4e00\u4e2a\u5173\u4e8e\u5bb6\u5ead\u548c\u53cb\u8c0a\u7684\u6545\u4e8b\u3002\u5728Ouchot\u7684\u4f5c\u54c1\u4e2d\uff0c\u8868\u73b0\u7684\u4e50\u8da3\u4e0d\u4ec5\u4ec5\u662f\u7b80\u5355\u7684\u590d\u5236\uff0c\u8fd8\u4f53\u73b0\u5728\u8fd9\u9876\u5e3d\u5b50\u7684\u518d\u73b0\u4e0a\uff0c\u5b83\u906e\u4f4f\u4e86\u5e74\u8f7b\u5973\u6027\u7684\u8138\uff0c\u662f\u8fd9\u5e45\u8096\u50cf\u4e2d\u6700\u5f15\u4eba\u6ce8\u76ee\u7684\u5143\u7d20\u3002\u5e3d\u5b50\u7684\u9009\u62e9\u4e5f\u662f\u4e00\u4f4d\u5df4\u6d1b\u514b\u7ed8\u753b\u5929\u624d\u7684\u9009\u62e9\uff0c\u4ed6\u5bf9\u5149\u5f71\u6548\u679c\u7684\u638c\u63e1\u65e0\u4eba\u80fd\u53ca\u3002\u7531\u4e8e\u6a21\u7279\u88ab\u8ba4\u4e3a\u5e94\u7f6e\u4e8e\u6237\u5916\uff0c\u9c81\u672c\u65af\u5c06\u76f4\u63a5\u7684\u9633\u5149\u7167\u5728\u82cf\u73ca\u7684\u80f8\u90e8\uff0c\u4e0e\u5e3d\u6a90\u5728\u5979\u8138\u4e0a\u6295\u4e0b\u7684\u7ec6\u817b\u9634\u5f71\u5e76\u7f6e\u3002\u51e0\u4e2a\u4e16\u7eaa\u4ee5\u6765\uff0c\u5176\u4ed6\u753b\u5bb6\u4e5f\u81f4\u529b\u4e8e\u91cd\u65b0\u521b\u4f5c\u8fd9\u4ef6\u4f5c\u54c1\u3002\u2026\u2026\u7b2c\u4e8c\u5e45\uff08\u56fe1\uff09\uff0c\u8bc6\u522b\u8d77\u6765\u4e0d\u90a3\u4e48\u76f4\u63a5\uff0c\u5b83\u7684\u98ce\u683c\u63a5\u8fd1\u8ba9-\u9a6c\u514b\u00b7\u7eb3\u8482\u8036\uff081685-1766\uff09\u3002\u8ba9-\u9a6c\u514b\u00b7\u7eb3\u8482\u8036\u662f\u8096\u50cf\u753b\u5bb6\u9a6c\u5c14\u514b\u00b7\u7eb3\u8482\u8036\u548c\u5fae\u578b\u753b\u5bb6\u739b\u4e3d\u00b7\u5e93\u5c14\u56fe\u74e6\u7684\u513f\u5b50\uff0c\u4e5f\u662f\u753b\u5bb6\u8ba9-\u5df4\u8482\u65af\u7279\u00b7\u7eb3\u8482\u8036\u7684\u5144\u5f1f\u3002\u8ba9-\u9a6c\u514b\u00b7\u7eb3\u8482\u8036\u5929\u8d4b\u65e9\u719f\uff0c15\u5c81\u65f6\u5c31\u83b7\u5f97\u4e86\u5b66\u9662\u7684\u7ed8\u753b\u4e00\u7b49\u5956\u3002\u8457\u540d\u753b\u5bb6\u548c\u88c5\u9970\u827a\u672f\u5bb6\u6731\u592b\u7eb3\u662f\u4ed6\u7684\u6559\u7236\uff0c\u4e3a\u4ed6\u5728\u7f57\u9a6c\u6cd5\u56fd\u5b66\u9662\u7533\u8bf7\u4e86\u4e00\u4e2a\u7a7a\u7f3a\u4f4d\u7f6e\uff0c\u4f46\u8fd9\u4f4d\u5e74\u8f7b\u7684\u83b7\u5956\u8005\u66f4\u613f\u610f\u7559\u5728\u5df4\u9ece\uff0c\u5e76\u5229\u7528\u4ed6\u83b7\u5f97\u7684\u8bb8\u53ef\uff0c\u4e3a\u8ba9\u00b7\u5df4\u8482\u65af\u7279\u00b7\u9c81\u672c\u65af\u753b\u5eca\u7ed8\u5236\u4f5c\u54c1\u4ee5\u4fbf\u523b\u7248\uff0c\u8fd9\u4e9b\u4f5c\u54c1\u662f\u4e3a\u739b\u4e3d\u00b7\u5fb7\u00b7\u7f8e\u7b2c\u5947\u6240\u5b9a\u5236\u7684\u3002\u8def\u6613\u5341\u56db\u5728\u770b\u5230\u4ed6\u7684\u4e00\u4e9b\u7d20\u63cf\u65f6\u9884\u6d4b\u4e86\u4ed6\u7684\u540d\u58f0\uff0c\u5e76\u5bf9\u4ed6\u8bf4\uff1a\u201c\u7ee7\u7eed\u52aa\u529b\uff0c\u7eb3\u8482\u8036\uff0c\u4f60\u5c06\u6210\u4e3a\u4e00\u4f4d\u4f1f\u5927\u7684\u4eba\u3002\u201d\u7ecf\u5386\u4e86\u4e00\u4e9b\u6cd5\u5f8b\u4e0a\u7684\u632b\u6298\u540e\uff0c\u7eb3\u8482\u8036\u5f00\u59cb\u4e13\u6ce8\u4e8e\u8096\u50cf\u753b\uff0c\u5e76\u8fc5\u901f\u5728\u8fd9\u4e00\u9886\u57df\u83b7\u5f97\u4e86\u6781\u9ad8\u58f0\u8a89\u30021746\u5e743\u670826\u65e5\uff0c\u4ed6\u88ab\u4efb\u547d\u4e3a\u6559\u6388\u3002\u901a\u8fc7\u5c06\u73b0\u5b9e\u4e3b\u4e49\u4e0e\u5e7b\u60f3\u76f8\u7ed3\u5408\uff0c\u5728\u4f5c\u54c1\u4e2d\u52a0\u5165\u795e\u8bdd\u4eba\u7269\uff0c\u4ed6\u4ece1737\u5e74\u52301763\u5e74\u95f4\u5728\u5404\u4e2a\u6c99\u9f99\u5c55\u51fa\u4f5c\u54c1\uff0c\u5982\u4eca\u88ab\u8ba4\u4e3a\u662f18\u4e16\u7eaa\u6700\u4f1f\u5927\u7684\u8096\u50cf\u753b\u5bb6\u4e4b\u4e00\u3002\u8ba9-\u9a6c\u514b\u00b7\u7eb3\u8482\u8036\uff08Jean-Marc\u2026","rel":"","context":"Dans &quot;Europe&quot;","block_context":{"text":"Europe","link":"https:\/\/alaincardenas.com\/blog\/category\/europe\/"},"img":{"alt_text":"","src":"https:\/\/i0.wp.com\/alaincardenas.com\/blog\/wp-content\/uploads\/2026\/01\/10.-Ouchot.jpg?resize=350%2C200&ssl=1","width":350,"height":200},"classes":[]},{"id":1480,"url":"https:\/\/alaincardenas.com\/blog\/en-franchissant-la-lisiere-les-paysages-hors-norme-de-zeng-sankai\/","url_meta":{"origin":9010,"position":5},"title":"En franchissant la lisi\u00e8re : les paysages hors-norme de Zeng Sankai","author":"admin","date":"2018-02-26","format":false,"excerpt":"Compte-rendu La galerie-librairie Impressions a, durant ce mois de Nouvel an lunaire chinois, - du 26 janvier au 17 f\u00e9vrier 2018 - laiss\u00e9 les cimaises \u00e0 deux artiste chinois, Wang Li \u738b\u7281 et Zeng Sankai\u66fe\u4e09\u51ef. Le commissariat de l\u2019exposition a \u00e9t\u00e9 assur\u00e9 par Isabelle Baticle, plasticienne et sinisante. Par Alain\u2026","rel":"","context":"Dans &quot;Asie&quot;","block_context":{"text":"Asie","link":"https:\/\/alaincardenas.com\/blog\/category\/asie\/"},"img":{"alt_text":"","src":"https:\/\/i0.wp.com\/alaincardenas.com\/blog\/wp-content\/uploads\/2018\/02\/DSC_0011-1024x681.jpg?resize=350%2C200&ssl=1","width":350,"height":200,"srcset":"https:\/\/i0.wp.com\/alaincardenas.com\/blog\/wp-content\/uploads\/2018\/02\/DSC_0011-1024x681.jpg?resize=350%2C200&ssl=1 1x, https:\/\/i0.wp.com\/alaincardenas.com\/blog\/wp-content\/uploads\/2018\/02\/DSC_0011-1024x681.jpg?resize=525%2C300&ssl=1 1.5x"},"classes":[]}],"_links":{"self":[{"href":"https:\/\/alaincardenas.com\/blog\/wp-json\/wp\/v2\/posts\/9010"}],"collection":[{"href":"https:\/\/alaincardenas.com\/blog\/wp-json\/wp\/v2\/posts"}],"about":[{"href":"https:\/\/alaincardenas.com\/blog\/wp-json\/wp\/v2\/types\/post"}],"author":[{"embeddable":true,"href":"https:\/\/alaincardenas.com\/blog\/wp-json\/wp\/v2\/users\/1"}],"replies":[{"embeddable":true,"href":"https:\/\/alaincardenas.com\/blog\/wp-json\/wp\/v2\/comments?post=9010"}],"version-history":[{"count":8,"href":"https:\/\/alaincardenas.com\/blog\/wp-json\/wp\/v2\/posts\/9010\/revisions"}],"predecessor-version":[{"id":9060,"href":"https:\/\/alaincardenas.com\/blog\/wp-json\/wp\/v2\/posts\/9010\/revisions\/9060"}],"wp:attachment":[{"href":"https:\/\/alaincardenas.com\/blog\/wp-json\/wp\/v2\/media?parent=9010"}],"wp:term":[{"taxonomy":"category","embeddable":true,"href":"https:\/\/alaincardenas.com\/blog\/wp-json\/wp\/v2\/categories?post=9010"},{"taxonomy":"post_tag","embeddable":true,"href":"https:\/\/alaincardenas.com\/blog\/wp-json\/wp\/v2\/tags?post=9010"}],"curies":[{"name":"wp","href":"https:\/\/api.w.org\/{rel}","templated":true}]}}