{"id":7824,"date":"2024-01-30T20:16:43","date_gmt":"2024-01-30T19:16:43","guid":{"rendered":"https:\/\/alaincardenas.com\/blog\/?p=7824"},"modified":"2024-01-30T20:16:47","modified_gmt":"2024-01-30T19:16:47","slug":"objets-et-collections-1","status":"publish","type":"post","link":"https:\/\/alaincardenas.com\/blog\/objets-et-collections-1\/","title":{"rendered":"OBJETS ET COLLECTIONS (1)"},"content":{"rendered":"\n<p><strong>\u6587\u7269\u4e0e\u6536<\/strong>\u85cf\u54c1<strong>\uff08<\/strong><strong>1<\/strong><strong>\uff09<\/strong><strong><\/strong><\/p>\n\n\n\n<p>2024, fin de l\u2019ann\u00e9e du lapin et d\u00e9but de l\u2019ann\u00e9e du dragon est une ann\u00e9e favorable \u00e0 la mise en ligne de la rubrique Objets et collections. Des objets acquis ou regard\u00e9s, devenus des marqueurs d\u2019un plaisir \u00e9ph\u00e9m\u00e8re ou stabilis\u00e9 dans la continuit\u00e9 du gardiennage affectif, scientifique, passionnel, \u2026 que constitue une collection.<\/p>\n\n\n\n<p>2024\u5e74\u662f\u5154\u5e74\u7684\u7ed3\u675f\uff0c\u4e5f\u662f\u9f99\u5e74\u7684\u5f00\u59cb\u3002\u4eca\u5e74\u662f\u51fa\u7248\u201c\u6587\u7269\u548c\u6536\u85cf<a>\u54c1<\/a>\u201d\u90e8\u5206\u7684\u597d\u5e74\u5934\u3002\u5728\u672c\u8282\u4e2d\uff0c\u4ecb\u7ecd\u4e86\u83b7\u5f97\u6216\u89c2\u770b\u7684\u4f5c\u54c1\uff0c\u8fd9\u4e9b\u4f5c\u54c1\u5df2\u6210\u4e3a\u60c5\u611f\u3001\u79d1\u5b66\u3001\u70ed\u60c5\u5173\u6ce8\u7b49\u8fde\u7eed\u6027\u4e2d\u77ed\u6682\u6216\u7a33\u5b9a\u5feb\u4e50\u7684\u6807\u5fd7\u3002\u5404\u79cd\u548c\u5404\u4e2a\u65f6\u4ee3\u7684\u539f\u59cb\u9057\u4ea7\u7684\u96c6\u5408\u3002<\/p>\n\n\n\n<p><strong>\u00c0<\/strong><strong> propos de quatre \u0153uvres urbaines<\/strong><\/p>\n\n\n\n<p><strong>\u5173\u4e8e\u56db\u4ef6\u63cf\u7ed8\u57ce\u5e02\u666f\u89c2\u7684\u4f5c\u54c1<\/strong><strong><\/strong><\/p>\n\n\n\n<p>par Christophe Comentale<\/p>\n\n\n\n<p>Les visites al\u00e9atoires aux march\u00e9s d\u2019ancien et d\u2019occasion continuent de r\u00e9server des surprises. Les jeux de la d\u00e9couverte au fil du hasard s\u2019av\u00e8rent parfois int\u00e9ressants. Ainsi en va-t-il de quatre \u0153uvres, tr\u00e8s diff\u00e9rentes au niveau des localisation, technique utilis\u00e9e et format. Elles ont en commun d\u2019avoir \u00e9t\u00e9 r\u00e9alis\u00e9es entre la fin du XIXe si\u00e8cle et les ann\u00e9e 20 du suivant.<\/p>\n\n\n\n<p>\u53c2\u89c2\u65e7\u4f5c\u548c\u4e8c\u624b\u4f5c\u54c1\u7684\u5e02\u573a\u7ee7\u7eed\u5e26\u6765\u60ca\u559c\u3002\u8fd9\u4e9b\u8bbf\u95ee\u5c31\u50cf\u4e00\u573a\u6e38\u620f\uff0c\u901a\u8fc7\u673a\u4f1a\u53d1\u73b0\u6e38\u620f\u3002\u8fd9\u4e9b\u53d1\u73b0\u6709\u65f6\u4f1a\u5f88\u6709\u8da3\u3002\u672c\u6587\u4ecb\u7ecd\u7684\u56db\u90e8\u4f5c\u54c1\u5c31\u662f\u8fd9\u79cd\u60c5\u51b5\uff0c\u5b83\u4eec\u5728\u5730\u70b9\u3001\u4f7f\u7528\u7684\u6280\u672f\u548c\u683c\u5f0f\u65b9\u9762\u90fd\u662f\u622a\u7136\u4e0d\u540c\u7684\u4f5c\u54c1\u3002\u5b83\u4eec\u7684\u5171\u540c\u70b9\u662f\u5b83\u4eec\u662f\u5728 19 \u4e16\u7eaa\u672b\u548c\u6b21\u5e74 1920 \u5e74\u4ee3\u4e4b\u95f4\u5236\u9020\u7684\u3002<\/p>\n\n\n\n<!--more-->\n\n\n\n<p>\u25cf&nbsp;<a>&nbsp; <\/a>&nbsp;Alfred Georges Ho\u00ebn<\/p>\n\n\n\n<p>&nbsp;Alfred Georges Ho\u00ebn (1869-1954) est n\u00e9 \u00e0 Bar-le-Duc, il s\u2019illustre comme peintre de portrait et de sujet. El\u00e8ve de Jean-L\u00e9on G\u00e9r\u00f4me (1824-1904), il expose au Salon des Artistes Fran\u00e7ais. Il a fait une importante partie de sa carri\u00e8re aux Etats-Unis d\u2019Am\u00e9rique o\u00f9 ses \u0153uvres sont encore assez recherch\u00e9es des collectionneurs qui appr\u00e9cient cette mani\u00e8re de peindre <em>fin de si\u00e8cle<\/em>.<\/p>\n\n\n\n<figure class=\"wp-block-gallery has-nested-images columns-default is-cropped wp-block-gallery-1 is-layout-flex\">\n<figure class=\"wp-block-image size-large\"><a href=\"https:\/\/i0.wp.com\/alaincardenas.com\/blog\/wp-content\/uploads\/2024\/01\/Georges-Hoen-ville-r\u00b0-acq.-Vanves-5-juin-2016.-30-E.jpg?ssl=1\"><img data-attachment-id=\"7825\" data-permalink=\"https:\/\/alaincardenas.com\/blog\/objets-et-collections-1\/georges-hoen-ville-r-acq-vanves-5-juin-2016-30-e\/\" data-orig-file=\"https:\/\/i0.wp.com\/alaincardenas.com\/blog\/wp-content\/uploads\/2024\/01\/Georges-Hoen-ville-r\u00b0-acq.-Vanves-5-juin-2016.-30-E.jpg?fit=1024%2C768&amp;ssl=1\" data-orig-size=\"1024,768\" data-comments-opened=\"0\" data-image-meta=\"{&quot;aperture&quot;:&quot;0&quot;,&quot;credit&quot;:&quot;&quot;,&quot;camera&quot;:&quot;&quot;,&quot;caption&quot;:&quot;&quot;,&quot;created_timestamp&quot;:&quot;0&quot;,&quot;copyright&quot;:&quot;&quot;,&quot;focal_length&quot;:&quot;0&quot;,&quot;iso&quot;:&quot;0&quot;,&quot;shutter_speed&quot;:&quot;0&quot;,&quot;title&quot;:&quot;&quot;,&quot;orientation&quot;:&quot;0&quot;}\" data-image-title=\"Georges-Hoen-ville-r\u00b0-acq.-Vanves-5-juin-2016.-30-E\" data-image-description=\"\" data-image-caption=\"\" data-medium-file=\"https:\/\/i0.wp.com\/alaincardenas.com\/blog\/wp-content\/uploads\/2024\/01\/Georges-Hoen-ville-r\u00b0-acq.-Vanves-5-juin-2016.-30-E.jpg?fit=300%2C225&amp;ssl=1\" data-large-file=\"https:\/\/i0.wp.com\/alaincardenas.com\/blog\/wp-content\/uploads\/2024\/01\/Georges-Hoen-ville-r\u00b0-acq.-Vanves-5-juin-2016.-30-E.jpg?fit=584%2C438&amp;ssl=1\" decoding=\"async\" loading=\"lazy\" width=\"584\" height=\"438\" data-id=\"7825\"  src=\"https:\/\/i0.wp.com\/alaincardenas.com\/blog\/wp-content\/uploads\/2024\/01\/Georges-Hoen-ville-r\u00b0-acq.-Vanves-5-juin-2016.-30-E.jpg?resize=584%2C438&#038;ssl=1\" alt=\"\" class=\"wp-image-7825\" srcset=\"https:\/\/i0.wp.com\/alaincardenas.com\/blog\/wp-content\/uploads\/2024\/01\/Georges-Hoen-ville-r\u00b0-acq.-Vanves-5-juin-2016.-30-E.jpg?w=1024&amp;ssl=1 1024w, https:\/\/i0.wp.com\/alaincardenas.com\/blog\/wp-content\/uploads\/2024\/01\/Georges-Hoen-ville-r\u00b0-acq.-Vanves-5-juin-2016.-30-E.jpg?resize=300%2C225&amp;ssl=1 300w, https:\/\/i0.wp.com\/alaincardenas.com\/blog\/wp-content\/uploads\/2024\/01\/Georges-Hoen-ville-r\u00b0-acq.-Vanves-5-juin-2016.-30-E.jpg?resize=768%2C576&amp;ssl=1 768w, https:\/\/i0.wp.com\/alaincardenas.com\/blog\/wp-content\/uploads\/2024\/01\/Georges-Hoen-ville-r\u00b0-acq.-Vanves-5-juin-2016.-30-E.jpg?resize=400%2C300&amp;ssl=1 400w\" sizes=\"(max-width: 584px) 100vw, 584px\" data-recalc-dims=\"1\" \/><\/a><\/figure>\n\n\n\n<figure class=\"wp-block-image size-large\"><a href=\"https:\/\/i0.wp.com\/alaincardenas.com\/blog\/wp-content\/uploads\/2024\/01\/Georges-Hoen-ville-v\u00b0.jpg?ssl=1\"><img data-attachment-id=\"7826\" data-permalink=\"https:\/\/alaincardenas.com\/blog\/objets-et-collections-1\/georges-hoen-ville-v\/\" data-orig-file=\"https:\/\/i0.wp.com\/alaincardenas.com\/blog\/wp-content\/uploads\/2024\/01\/Georges-Hoen-ville-v\u00b0.jpg?fit=1024%2C768&amp;ssl=1\" data-orig-size=\"1024,768\" data-comments-opened=\"0\" data-image-meta=\"{&quot;aperture&quot;:&quot;0&quot;,&quot;credit&quot;:&quot;&quot;,&quot;camera&quot;:&quot;&quot;,&quot;caption&quot;:&quot;&quot;,&quot;created_timestamp&quot;:&quot;0&quot;,&quot;copyright&quot;:&quot;&quot;,&quot;focal_length&quot;:&quot;0&quot;,&quot;iso&quot;:&quot;0&quot;,&quot;shutter_speed&quot;:&quot;0&quot;,&quot;title&quot;:&quot;&quot;,&quot;orientation&quot;:&quot;1&quot;}\" data-image-title=\"Georges-Hoen-ville-v\u00b0\" data-image-description=\"\" data-image-caption=\"\" data-medium-file=\"https:\/\/i0.wp.com\/alaincardenas.com\/blog\/wp-content\/uploads\/2024\/01\/Georges-Hoen-ville-v\u00b0.jpg?fit=300%2C225&amp;ssl=1\" data-large-file=\"https:\/\/i0.wp.com\/alaincardenas.com\/blog\/wp-content\/uploads\/2024\/01\/Georges-Hoen-ville-v\u00b0.jpg?fit=584%2C438&amp;ssl=1\" decoding=\"async\" loading=\"lazy\" width=\"584\" height=\"438\" data-id=\"7826\"  src=\"https:\/\/i0.wp.com\/alaincardenas.com\/blog\/wp-content\/uploads\/2024\/01\/Georges-Hoen-ville-v\u00b0.jpg?resize=584%2C438&#038;ssl=1\" alt=\"\" class=\"wp-image-7826\" srcset=\"https:\/\/i0.wp.com\/alaincardenas.com\/blog\/wp-content\/uploads\/2024\/01\/Georges-Hoen-ville-v\u00b0.jpg?w=1024&amp;ssl=1 1024w, https:\/\/i0.wp.com\/alaincardenas.com\/blog\/wp-content\/uploads\/2024\/01\/Georges-Hoen-ville-v\u00b0.jpg?resize=300%2C225&amp;ssl=1 300w, https:\/\/i0.wp.com\/alaincardenas.com\/blog\/wp-content\/uploads\/2024\/01\/Georges-Hoen-ville-v\u00b0.jpg?resize=768%2C576&amp;ssl=1 768w, https:\/\/i0.wp.com\/alaincardenas.com\/blog\/wp-content\/uploads\/2024\/01\/Georges-Hoen-ville-v\u00b0.jpg?resize=400%2C300&amp;ssl=1 400w\" sizes=\"(max-width: 584px) 100vw, 584px\" data-recalc-dims=\"1\" \/><\/a><\/figure>\n<\/figure>\n\n\n\n<hr class=\"wp-block-separator has-alpha-channel-opacity\"\/>\n\n\n\n<p>Georges Ho\u00ebn (1869-1954), <em>Nontron<\/em> (1943), huile sur carton, 18 \/ 17,5 x 14 cm. Le verso contient diff\u00e9rents \u00e9l\u00e9ments, dont la localisation, la date, le monogramme simplifi\u00e9, \u00ab&nbsp;h&nbsp;\u00bb, du nom. On trouve sur d\u2019autres \u0153uvres la signature compl\u00e8te.<\/p>\n\n\n\n<hr class=\"wp-block-separator has-alpha-channel-opacity\"\/>\n\n\n\n<p class=\"has-small-font-size\"><strong>Nontron<\/strong> est une commune fran\u00e7aise situ\u00e9e dans le d\u00e9partement de la Dordogne, en r\u00e9gion Aquitaine-Limousin-Poitou-Charentes. Chef-lieu du canton de Nontron de 1790 \u00e0 2015 et de l&rsquo;arrondissement de Nontron, c&rsquo;est l&rsquo;une des trois sous-pr\u00e9fectures du d\u00e9partement. Depuis 2015, la commune est devenue le bureau centralisateur du canton du P\u00e9rigord vert nontronnais. Elle est int\u00e9gr\u00e9e au parc naturel r\u00e9gional P\u00e9rigord-Limousin<\/p>\n\n\n\n<figure class=\"wp-block-image size-full\"><a href=\"https:\/\/i0.wp.com\/alaincardenas.com\/blog\/wp-content\/uploads\/2024\/01\/signature-Hoen.jpg?ssl=1\"><img data-attachment-id=\"7831\" data-permalink=\"https:\/\/alaincardenas.com\/blog\/objets-et-collections-1\/signature-hoen\/\" data-orig-file=\"https:\/\/i0.wp.com\/alaincardenas.com\/blog\/wp-content\/uploads\/2024\/01\/signature-Hoen.jpg?fit=247%2C144&amp;ssl=1\" data-orig-size=\"247,144\" data-comments-opened=\"0\" data-image-meta=\"{&quot;aperture&quot;:&quot;0&quot;,&quot;credit&quot;:&quot;&quot;,&quot;camera&quot;:&quot;&quot;,&quot;caption&quot;:&quot;&quot;,&quot;created_timestamp&quot;:&quot;0&quot;,&quot;copyright&quot;:&quot;&quot;,&quot;focal_length&quot;:&quot;0&quot;,&quot;iso&quot;:&quot;0&quot;,&quot;shutter_speed&quot;:&quot;0&quot;,&quot;title&quot;:&quot;&quot;,&quot;orientation&quot;:&quot;1&quot;}\" data-image-title=\"signature-Hoen\" data-image-description=\"\" data-image-caption=\"\" data-medium-file=\"https:\/\/i0.wp.com\/alaincardenas.com\/blog\/wp-content\/uploads\/2024\/01\/signature-Hoen.jpg?fit=247%2C144&amp;ssl=1\" data-large-file=\"https:\/\/i0.wp.com\/alaincardenas.com\/blog\/wp-content\/uploads\/2024\/01\/signature-Hoen.jpg?fit=247%2C144&amp;ssl=1\" decoding=\"async\" loading=\"lazy\" width=\"247\" height=\"144\" src=\"https:\/\/i0.wp.com\/alaincardenas.com\/blog\/wp-content\/uploads\/2024\/01\/signature-Hoen.jpg?resize=247%2C144&#038;ssl=1\" alt=\"\" class=\"wp-image-7831\" data-recalc-dims=\"1\"\/><\/a><\/figure>\n\n\n\n<p>(signature prise sur une \u0153uvre de personnage).<\/p>\n\n\n\n<p>\u55ac\u6cbb\u00b7\u970d\u6069\uff081869-1954\uff09\u5102\u5b50 \uff081943\uff09\u7d19\u677f\u6cb9\u756b\uff0c18 \/ 17.5 x 14 cm \u80cc\u9762\u5305\u542b\u5404\u7a2e\u5143\u7d20\uff0c\u5305\u62ec\u540d\u7a31\u7684\u4f4d\u7f6e\u3001\u65e5\u671f\u3001\u7c21\u5316\u5b57\u6bcd\u7d44\u5408\u201ch\u201d\u3002\u963f\u723e\u5f17\u96f7\u5fb7\u00b7\u55ac\u6cbb\u00b7\u970d\u6069\uff08Alfred Georges Ho\u00ebn\uff0c1869-1954\uff09\u51fa\u751f\u65bcBar-le-Duc\uff0c\u4ee5\u8096\u50cf\u756b\u5bb6\u548c\u4e3b\u984c\u756b\u5bb6\u800c\u805e\u540d\uff0c\u662fG\u00e9r\u00f4me\u7684\u5b78\u751f\uff0c\u4ed6\u5728\u6cd5\u570b\u85dd\u8853\u5bb6\u6c99\u9f8d\u5c55\u51fa\u3002\u4ed6\u5728\u7f8e\u570b\u5ea6\u904e\u4e86\u4ed6\u8077\u696d\u751f\u6daf\u7684\u4e00\u90e8\u5206\u3002<\/p>\n\n\n\n<p><strong>Nontron<\/strong> \u662f\u6cd5\u570b\u897f\u5357\u90e8\u591a\u723e\u591a\u6d85\u7701\u7684\u4e00\u500b\u516c\u793e\u3002\u5f9e1790\u5e74\u52302015\u5e74\uff0c\u5b83\u662fNontron\u5dde\u548cNontron\u5340\u7684\u9996\u5e9c\uff0c\u662f\u8a72\u7701\u7684\u4e09\u500b\u7e23\u4e4b\u4e00\u3002\u81ea 2015 \u5e74\u4ee5\u4f86\uff0c\u8a72\u516c\u793e\u5df2\u6210\u70ba P\u00e9rigord Vert Nontronnais \u5dde\u7684\u4e2d\u592e\u8fa6\u516c\u5ba4\u3002\u5b83\u662f\u4f69\u91cc\u6208\u723e-\u5229\u7a46\u8b9a\u5730\u5340\u81ea\u7136\u516c\u5712\u7684\u4e00\u90e8\u5206<\/p>\n\n\n\n<p>\u25cf&nbsp;&nbsp; Paul Froment<\/p>\n\n\n\n<figure class=\"wp-block-image size-full\"><a href=\"https:\/\/i0.wp.com\/alaincardenas.com\/blog\/wp-content\/uploads\/2024\/01\/Paul-Froment-La-brouette.-hst-1899.jpg?ssl=1\"><img data-attachment-id=\"7827\" data-permalink=\"https:\/\/alaincardenas.com\/blog\/objets-et-collections-1\/paul-froment-la-brouette-hst-1899\/\" data-orig-file=\"https:\/\/i0.wp.com\/alaincardenas.com\/blog\/wp-content\/uploads\/2024\/01\/Paul-Froment-La-brouette.-hst-1899.jpg?fit=640%2C367&amp;ssl=1\" data-orig-size=\"640,367\" data-comments-opened=\"0\" data-image-meta=\"{&quot;aperture&quot;:&quot;0&quot;,&quot;credit&quot;:&quot;&quot;,&quot;camera&quot;:&quot;&quot;,&quot;caption&quot;:&quot;&quot;,&quot;created_timestamp&quot;:&quot;0&quot;,&quot;copyright&quot;:&quot;&quot;,&quot;focal_length&quot;:&quot;0&quot;,&quot;iso&quot;:&quot;0&quot;,&quot;shutter_speed&quot;:&quot;0&quot;,&quot;title&quot;:&quot;&quot;,&quot;orientation&quot;:&quot;1&quot;}\" data-image-title=\"Paul-Froment-La-brouette.-hst-1899\" data-image-description=\"\" data-image-caption=\"\" data-medium-file=\"https:\/\/i0.wp.com\/alaincardenas.com\/blog\/wp-content\/uploads\/2024\/01\/Paul-Froment-La-brouette.-hst-1899.jpg?fit=300%2C172&amp;ssl=1\" data-large-file=\"https:\/\/i0.wp.com\/alaincardenas.com\/blog\/wp-content\/uploads\/2024\/01\/Paul-Froment-La-brouette.-hst-1899.jpg?fit=584%2C335&amp;ssl=1\" decoding=\"async\" loading=\"lazy\" width=\"584\" height=\"335\" src=\"https:\/\/i0.wp.com\/alaincardenas.com\/blog\/wp-content\/uploads\/2024\/01\/Paul-Froment-La-brouette.-hst-1899.jpg?resize=584%2C335&#038;ssl=1\" alt=\"\" class=\"wp-image-7827\" srcset=\"https:\/\/i0.wp.com\/alaincardenas.com\/blog\/wp-content\/uploads\/2024\/01\/Paul-Froment-La-brouette.-hst-1899.jpg?w=640&amp;ssl=1 640w, https:\/\/i0.wp.com\/alaincardenas.com\/blog\/wp-content\/uploads\/2024\/01\/Paul-Froment-La-brouette.-hst-1899.jpg?resize=300%2C172&amp;ssl=1 300w, https:\/\/i0.wp.com\/alaincardenas.com\/blog\/wp-content\/uploads\/2024\/01\/Paul-Froment-La-brouette.-hst-1899.jpg?resize=500%2C287&amp;ssl=1 500w\" sizes=\"(max-width: 584px) 100vw, 584px\" data-recalc-dims=\"1\" \/><\/a><\/figure>\n\n\n\n<hr class=\"wp-block-separator has-alpha-channel-opacity\"\/>\n\n\n\n<p>Paul Froment, <em>Forain \u00e0 la brouette<\/em> (1899), huile sur toile, 43 x 73 cm. Cachet de l\u2019atelier de l\u2019artiste sur le ch\u00e2ssis. \u675c\u862d\u5fb7-\u5854\u5e0c\u723e\u00b7\u5e0c\u6ce2\u5442\u7279\uff081863-1899\uff09\u4f5c\u5bb6 \u2013 \u756b\u5bb6 \u4ed6\u4ee5\u7b46\u540d\u4fdd\u7f85\u00b7\u5f17\u7f85\u9580\u7279\uff08Paul Froment\uff09\u4f5c\u756b\u3002<\/p>\n\n\n\n<hr class=\"wp-block-separator has-alpha-channel-opacity is-style-default\"\/>\n\n\n\n<hr class=\"wp-block-separator has-alpha-channel-opacity\"\/>\n\n\n\n<p>Durand-Tahier, Hippolyte (1863-1899), homme de lettres et peintre, a peint sous le pseudonyme&nbsp;de Paul Froment. N\u00e9 \u00e0 Saint-Nazaire (Loire-Atlantique) le 14 ao\u00fbt 1863, il est le fils de&nbsp;Hippolyte-Joseph Durand,&nbsp;m\u00e9decin, qui fut \u00e9l\u00e8ve du coll\u00e8ge royal \u00e0 l\u2019\u00e9poque de&nbsp;Jules Verne. Lui-m\u00eame est au lyc\u00e9e le condisciple d\u2019Aristide Briand&nbsp;en classe de 3\u00e8me en 1877-1878.<\/p>\n\n\n\n<p>Licenci\u00e9 en droit, il collabore au&nbsp;<em>Courrier de Saint-Nazaire<\/em>&nbsp;et \u00e0 la&nbsp;<em>D\u00e9mocratie de l\u2019Ouest<\/em>. Employ\u00e9 au minist\u00e8re des Beaux-Arts en 1888, il est, de 1890 \u00e0 1899, secr\u00e9taire g\u00e9n\u00e9ral de la Soci\u00e9t\u00e9 nationale des beaux-arts, pr\u00e9sid\u00e9e par Meissonier puis par Puvis de Chavannes.<\/p>\n\n\n\n<p>Il succ\u00e8de \u00e0&nbsp;Charles Le Goffic, son condisciple du lyc\u00e9e, comme secr\u00e9taire g\u00e9n\u00e9ral de l\u2019Association des Bretons de Paris. Il s\u2019adonne \u00e0 la po\u00e9sie et, \u00e0 partir de 1897, \u00e0 la peinture, sous le nom de Paul Froment. Une de ses toiles est au mus\u00e9e du Havre.<\/p>\n\n\n\n<p>\u4ed6\u65bc 1863 \u5e74 8 \u6708 14 \u65e5\u51fa\u751f\u65bc\u8056\u7d0d\u6fa4\u723e\uff08\u76e7\u74e6\u723e\u6cb3-\u5927\u897f\u6d0b\uff09\uff0c\u662f\u91ab\u751f\u5e0c\u6ce2\u5442\u7279-\u7d04\u745f\u592b\u00b7\u675c\u862d\u5fb7\u7684\u5152\u5b50\uff0c\u4ed6\u662f\u5112\u52d2\u00b7\u51e1\u723e\u7d0d\u6642\u671f\u7687\u5bb6\u5b78\u9662\u7684\u5b78\u751f\u3002<\/p>\n\n\n\n<p>\u4ed6\u672c\u4eba\u662f\u963f\u88e1\u65af\u8482\u5fb7\u00b7\u5e03\u91cc\u5b89\u5fb7\uff08Aristide Briand\uff09\u57281877-1878\u5e74\u4e09\u5e74\u7d1a\u7684\u540c\u5b78\u3002<\/p>\n\n\n\n<p>\u4ed6\u64c1\u6709\u6cd5\u5f8b\u5b78\u4f4d\uff0c\u662f <em>Courrier de Saint-Nazaire<\/em> \u548c <em>La D<\/em><em>\u00e9<\/em><em>mocratie de l&rsquo;Ouest<\/em> \u7684\u64b0\u7a3f\u4eba\u3002\u4ed6\u65bc1888\u5e74\u53d7\u96c7\u65bc\u7f8e\u8853\u90e8\uff0c1890\u5e74\u81f31899\u5e74\u64d4\u4efb\u6cd5\u570b\u570b\u7acb\u7f8e\u8853\u5354\u6703\u79d8\u66f8\u9577<\/p>\n\n\n\n<p>\u5c55\u51fa\u7684\u85dd\u8853\u54c1\u4f86\u81ea\u79c1\u4eba\u6536\u85cf\u3002\u9019\u662f 19 \u4e16\u7d00\u672b\u5728\u756b\u5e03\u4e0a\u7e6a\u88fd\u7684\u6cb9\u756b\u7684\u7368\u7279\u7248\u672c\u3002 \u6cd5\u570b\u5404\u5bb6\u535a\u7269\u9928\u90fd\u80fd\u5920\u7372\u5f97\u9019\u4f4d\u756b\u5bb6\u7684\u4f5c\u54c1\uff0c\u4ed6\u8207\u7576\u6642\u7684\u98a8\u666f\u756b\u5bb6\u64e6\u80a9\u800c\u904e<\/p>\n\n\n\n<p>\u25cf&nbsp;&nbsp; &nbsp;Antonio Carbonati (1893, Mantoue \u2013 1956, Rome), peintre et graveur en taille douce. N\u00e9 au sein d\u2019une famille de commer\u00e7ants, il obtient d\u2019abord un dipl\u00f4me de comptable en 1911, entre dans un d\u00e9partement de l\u2019administration provinciale de Mantoue qu\u2019il quitte au bout de quatre mois pour se consacrer \u00e0 sa cr\u00e9ation. D\u00e9cision qui est prise avec l\u2019obtention d\u2019une bourse d\u2019\u00e9tude lui permettant de s\u2019inscrire aux cours de peinture de l\u2019Acad\u00e9mie des Beaux-arts de V\u00e9rone. Apr\u00e8s \u00eatre pass\u00e9 aux Beaux-arts de Venise, il rejoint ensuite l\u2019atelier de Giulio Aristide Sartorio (1860-1932, Rome), artiste avec lequel il collabore \u00e0 une fresque r\u00e9alis\u00e9e au palais Montecitorio, o\u00f9 se trouvent la Chambre des d\u00e9put\u00e9s de la&nbsp;R\u00e9publique italienne&nbsp;et le&nbsp;Parlement en session conjointe. Il encha\u00eene ensuite une carri\u00e8re favorable \u00e0 la promotion de sa cr\u00e9ation en Italie&nbsp;: en 1914 \u00e0 l\u2019Acad\u00e9mie des Beaux-arts de Brera \u00e0 Milan, \u00e0 Rome o\u00f9 il s\u2019\u00e9tablit ensuite, r\u00e9alisant 30 vues de la ville \u00e0 l\u2019eau-forte&nbsp;entre 1916 et 1919 (dont les deux pi\u00e8ces reproduites).<\/p>\n\n\n\n<p>\u5b89\u4e1c\u5c3c\u5965\u00b7\u5361\u535a\u7eb3\u8482\uff08Antonio Carbonati\uff0c1893\u5e74\uff0c\u66fc\u56fe\u4e9a-1956\u5e74\uff0c\u7f57\u9a6c\uff09\uff0c\u51f9\u7248\u753b\u5bb6\u548c\u96d5\u523b\u5e08\uff08\u5c24\u5176\u662f\u8680\u523b\uff09\u3002\u4ed6\u51fa\u751f\u4e8e\u4e00\u4e2a\u5546\u4eba\u5bb6\u5ead\uff0c\u4e8e1911\u5e74\u9996\u6b21\u83b7\u5f97\u4f1a\u8ba1\u6587\u51ed\uff0c\u8fdb\u5165\u66fc\u56fe\u4e9a\u7701\u653f\u5e9c\u7684\u4e00\u4e2a\u90e8\u95e8\uff0c\u56db\u4e2a\u6708\u540e\u4ed6\u79bb\u5f00\u4e86\u8be5\u90e8\u95e8\uff0c\u81f4\u529b\u4e8e\u5176\u521b\u5efa\u3002\u8fd9\u4e00\u51b3\u5b9a\u662f\u901a\u8fc7\u6388\u4e88\u5956\u5b66\u91d1\u505a\u51fa\u7684\uff0c\u8be5\u5956\u5b66\u91d1\u4f7f\u4ed6\u80fd\u591f\u53c2\u52a0\u7ef4\u7f57\u7eb3\u7f8e\u672f\u5b66\u9662\u7684\u7ed8\u753b\u8bfe\u7a0b\u3002\u5728\u5a01\u5c3c\u65af\u7f8e\u672f\u5b66\u9662\u5b66\u4e60\u540e\uff0c\u4ed6\u52a0\u5165\u4e86\u6731\u5229\u5965\u00b7\u963f\u91cc\u65af\u8482\u5fb7\u00b7\u8428\u6258\u91cc\u5965\uff08Giulio Aristide Sartorio\uff0c1860-1932 \u5e74\uff0c\u7f57\u9a6c\uff09\u7684\u5de5\u4f5c\u5ba4\uff0c\u4ed6\u662f\u4e00\u4f4d\u827a\u672f\u5bb6\uff0c\u4e24\u4eba\u5408\u4f5c\u521b\u4f5c\u4e86\u8499\u7279\u897f\u6258\u91cc\u5965\u5bab\u7684\u58c1\u753b\uff0c\u610f\u5927\u5229\u5171\u548c\u56fd\u4f17\u8bae\u9662\u548c\u8bae\u4f1a\u8054\u5e2d\u4f1a\u8bae \u30021914 \u5e74\uff0c\u4ed6\u7ee7\u7eed\u5728\u610f\u5927\u5229\u5c55\u793a\u81ea\u5df1\u7684\u521b\u4f5c\uff0c\u5728\u7c73\u5170\u7684\u5e03\u96f7\u62c9\u7f8e\u672f\u5b66\u9662\uff0c\u7136\u540e\u4ed6\u5b9a\u5c45\u5728\u90a3\u91cc\uff0c\u521b\u4f5c\u4e86 30 \u5e45\u57ce\u5e02\u666f\u89c2<\/p>\n\n\n\n<figure class=\"wp-block-gallery has-nested-images columns-default is-cropped wp-block-gallery-3 is-layout-flex\">\n<figure class=\"wp-block-image size-large\"><a href=\"https:\/\/i0.wp.com\/alaincardenas.com\/blog\/wp-content\/uploads\/2024\/01\/Carbonati-A.-Rome-e-f-1912-Aligre-janv-24.jpg?ssl=1\"><img data-attachment-id=\"7828\" data-permalink=\"https:\/\/alaincardenas.com\/blog\/objets-et-collections-1\/carbonati-a-rome-e-f-1912-aligre-janv-24\/\" data-orig-file=\"https:\/\/i0.wp.com\/alaincardenas.com\/blog\/wp-content\/uploads\/2024\/01\/Carbonati-A.-Rome-e-f-1912-Aligre-janv-24.jpg?fit=800%2C578&amp;ssl=1\" data-orig-size=\"800,578\" data-comments-opened=\"0\" data-image-meta=\"{&quot;aperture&quot;:&quot;2.2&quot;,&quot;credit&quot;:&quot;&quot;,&quot;camera&quot;:&quot;iPhone 14 Pro Max&quot;,&quot;caption&quot;:&quot;&quot;,&quot;created_timestamp&quot;:&quot;1705246312&quot;,&quot;copyright&quot;:&quot;&quot;,&quot;focal_length&quot;:&quot;2.22&quot;,&quot;iso&quot;:&quot;1250&quot;,&quot;shutter_speed&quot;:&quot;0.022727272727273&quot;,&quot;title&quot;:&quot;&quot;,&quot;orientation&quot;:&quot;1&quot;}\" data-image-title=\"Carbonati-A.-Rome-e-f-1912-Aligre-janv-24\" data-image-description=\"\" data-image-caption=\"\" data-medium-file=\"https:\/\/i0.wp.com\/alaincardenas.com\/blog\/wp-content\/uploads\/2024\/01\/Carbonati-A.-Rome-e-f-1912-Aligre-janv-24.jpg?fit=300%2C217&amp;ssl=1\" data-large-file=\"https:\/\/i0.wp.com\/alaincardenas.com\/blog\/wp-content\/uploads\/2024\/01\/Carbonati-A.-Rome-e-f-1912-Aligre-janv-24.jpg?fit=584%2C422&amp;ssl=1\" decoding=\"async\" loading=\"lazy\" width=\"584\" height=\"422\" data-id=\"7828\"  src=\"https:\/\/i0.wp.com\/alaincardenas.com\/blog\/wp-content\/uploads\/2024\/01\/Carbonati-A.-Rome-e-f-1912-Aligre-janv-24.jpg?resize=584%2C422&#038;ssl=1\" alt=\"\" class=\"wp-image-7828\" srcset=\"https:\/\/i0.wp.com\/alaincardenas.com\/blog\/wp-content\/uploads\/2024\/01\/Carbonati-A.-Rome-e-f-1912-Aligre-janv-24.jpg?w=800&amp;ssl=1 800w, https:\/\/i0.wp.com\/alaincardenas.com\/blog\/wp-content\/uploads\/2024\/01\/Carbonati-A.-Rome-e-f-1912-Aligre-janv-24.jpg?resize=300%2C217&amp;ssl=1 300w, https:\/\/i0.wp.com\/alaincardenas.com\/blog\/wp-content\/uploads\/2024\/01\/Carbonati-A.-Rome-e-f-1912-Aligre-janv-24.jpg?resize=768%2C555&amp;ssl=1 768w, https:\/\/i0.wp.com\/alaincardenas.com\/blog\/wp-content\/uploads\/2024\/01\/Carbonati-A.-Rome-e-f-1912-Aligre-janv-24.jpg?resize=415%2C300&amp;ssl=1 415w\" sizes=\"(max-width: 584px) 100vw, 584px\" data-recalc-dims=\"1\" \/><\/a><\/figure>\n\n\n\n<figure class=\"wp-block-image size-large\"><a href=\"https:\/\/i0.wp.com\/alaincardenas.com\/blog\/wp-content\/uploads\/2024\/01\/Carbonati-A.-Rome-e-f-1917-Aligre-janv-24.jpg?ssl=1\"><img data-attachment-id=\"7829\" data-permalink=\"https:\/\/alaincardenas.com\/blog\/objets-et-collections-1\/carbonati-a-rome-e-f-1917-aligre-janv-24\/\" data-orig-file=\"https:\/\/i0.wp.com\/alaincardenas.com\/blog\/wp-content\/uploads\/2024\/01\/Carbonati-A.-Rome-e-f-1917-Aligre-janv-24.jpg?fit=730%2C600&amp;ssl=1\" data-orig-size=\"730,600\" data-comments-opened=\"0\" data-image-meta=\"{&quot;aperture&quot;:&quot;2.2&quot;,&quot;credit&quot;:&quot;&quot;,&quot;camera&quot;:&quot;iPhone 14 Pro Max&quot;,&quot;caption&quot;:&quot;&quot;,&quot;created_timestamp&quot;:&quot;1705246318&quot;,&quot;copyright&quot;:&quot;&quot;,&quot;focal_length&quot;:&quot;2.22&quot;,&quot;iso&quot;:&quot;1000&quot;,&quot;shutter_speed&quot;:&quot;0.03030303030303&quot;,&quot;title&quot;:&quot;&quot;,&quot;orientation&quot;:&quot;1&quot;}\" data-image-title=\"Carbonati-A.-Rome-e-f-1917-Aligre-janv-24\" data-image-description=\"\" data-image-caption=\"\" data-medium-file=\"https:\/\/i0.wp.com\/alaincardenas.com\/blog\/wp-content\/uploads\/2024\/01\/Carbonati-A.-Rome-e-f-1917-Aligre-janv-24.jpg?fit=300%2C247&amp;ssl=1\" data-large-file=\"https:\/\/i0.wp.com\/alaincardenas.com\/blog\/wp-content\/uploads\/2024\/01\/Carbonati-A.-Rome-e-f-1917-Aligre-janv-24.jpg?fit=584%2C480&amp;ssl=1\" decoding=\"async\" loading=\"lazy\" width=\"584\" height=\"480\" data-id=\"7829\"  src=\"https:\/\/i0.wp.com\/alaincardenas.com\/blog\/wp-content\/uploads\/2024\/01\/Carbonati-A.-Rome-e-f-1917-Aligre-janv-24.jpg?resize=584%2C480&#038;ssl=1\" alt=\"\" class=\"wp-image-7829\" srcset=\"https:\/\/i0.wp.com\/alaincardenas.com\/blog\/wp-content\/uploads\/2024\/01\/Carbonati-A.-Rome-e-f-1917-Aligre-janv-24.jpg?w=730&amp;ssl=1 730w, https:\/\/i0.wp.com\/alaincardenas.com\/blog\/wp-content\/uploads\/2024\/01\/Carbonati-A.-Rome-e-f-1917-Aligre-janv-24.jpg?resize=300%2C247&amp;ssl=1 300w, https:\/\/i0.wp.com\/alaincardenas.com\/blog\/wp-content\/uploads\/2024\/01\/Carbonati-A.-Rome-e-f-1917-Aligre-janv-24.jpg?resize=365%2C300&amp;ssl=1 365w\" sizes=\"(max-width: 584px) 100vw, 584px\" data-recalc-dims=\"1\" \/><\/a><\/figure>\n<\/figure>\n\n\n\n<hr class=\"wp-block-separator has-alpha-channel-opacity\"\/>\n\n\n\n<p class=\"has-text-align-left\">Ci-dessus, de gauche \u00e0 droite : Antonio Carbonati, vues de Rome, eau-forte. <em>Pont&nbsp; Saint Ange ou Aelius<\/em> (1912), <em>Corso Vittorio Emanuele<\/em> (1917). Le pont \u00c6lius, aujourd\u2019hui&nbsp;Pont Saint-Ange, a \u00e9t\u00e9 construit en 134 durant le r\u00e8gne de l\u2019empereur&nbsp;Hadrien&nbsp;pour relier \u00e0 la rive gauche du Tibre \u00e0 son propre mausol\u00e9e \/ \u5b89\u4e1c\u5c3c\u5965\u00b7\u5361\u535a\u7eb3\u8482\uff08Antonio Carbonati\uff09\uff0c\u7f57\u9a6c\u666f\u89c2\uff0c\u8680\u523b Ponte Sant&rsquo;Angelo or Aelius \uff081912\uff09\uff0c Corso Vittorio Emanuele \uff081917\uff09; Lancellotti Arturo,<em> La Roma moderna vista da un acquafortista italiano. (Antonio Carbonati),<\/em> In :<em> Emporium, <\/em>1918, vol. XLVII, 279, pp. 155-164, 1918<\/p>\n\n\n\n<hr class=\"wp-block-separator has-alpha-channel-opacity\"\/>\n\n\n\n<p>Durant son s\u00e9jour parisien de 1919, Antonio Carbonati voit ses gravures expos\u00e9es au mus\u00e9e Carnavalet. De nombreuses \u0153uvres sont ensuite expos\u00e9es un peu partout \u00e0 travers le monde, Los Angeles, Madrid, Paris, \u2026 et en Italie.<\/p>\n\n\n\n<p><\/p>\n","protected":false},"excerpt":{"rendered":"<p>\u6587\u7269\u4e0e\u6536\u85cf\u54c1\uff081\uff09 2024, fin de l\u2019ann\u00e9e du lapin et d\u00e9but de l\u2019ann\u00e9e du dragon est une ann\u00e9e favorable \u00e0 la mise en ligne de la rubrique Objets et collections. Des objets acquis ou regard\u00e9s, devenus des marqueurs d\u2019un plaisir \u00e9ph\u00e9m\u00e8re ou &hellip; <a href=\"https:\/\/alaincardenas.com\/blog\/objets-et-collections-1\/\">Continuer la lecture <span class=\"meta-nav\">&rarr;<\/span><\/a><\/p>\n","protected":false},"author":1,"featured_media":0,"comment_status":"closed","ping_status":"closed","sticky":false,"template":"","format":"standard","meta":{"sfsi_plus_gutenberg_text_before_share":"","sfsi_plus_gutenberg_show_text_before_share":"","sfsi_plus_gutenberg_icon_type":"","sfsi_plus_gutenberg_icon_alignemt":"","sfsi_plus_gutenburg_max_per_row":"","jetpack_post_was_ever_published":false,"_jetpack_newsletter_access":"","_jetpack_newsletter_tier_id":0,"jetpack_publicize_message":"","jetpack_is_tweetstorm":false,"jetpack_publicize_feature_enabled":true,"jetpack_social_post_already_shared":true,"jetpack_social_options":{"image_generator_settings":{"template":"highway","enabled":false}}},"categories":[42,1],"tags":[45,33],"jetpack_publicize_connections":[],"jetpack_featured_media_url":"","jetpack_sharing_enabled":true,"jetpack_shortlink":"https:\/\/wp.me\/p8Mijt-22c","jetpack_likes_enabled":true,"jetpack-related-posts":[{"id":8102,"url":"https:\/\/alaincardenas.com\/blog\/objets-et-collections-6\/","url_meta":{"origin":7824,"position":0},"title":"OBJETS ET COLLECTIONS (6). A propos d\u2019une d\u00e9couverte r\u00e9cente\u00a0: une huile sur panneau de Michaut","author":"admin","date":"2024-07-31","format":false,"excerpt":"\u5173\u4e8e\u6700\u8fd1\u7684\u53d1\u73b0\uff1a\u7c73\u8096\u7684\u6cb9\u753b \u5173\u4e8e\u5386\u53f2\u5bf9\u7f8e\u672f\u7684\u5f71\u54cd par Christophe Comentale \u8be5\u7f51\u7ad9\u5df2\u8fdb\u5165\u7b2c 8 \u4e2a\u5e74\u5934\u3002\u53d1\u8868\u6587\u7ae0250\u4f59\u7bc7\u3002\u6570\u4ee5\u4e07\u8ba1\u7684\u7528\u6237\u3002\u8fd9\u4e2a\u6c89\u9ed8\u7684\u7f51\u7ad9\uff0c\u4f46\u5145\u6ee1\u4e86\u6211\u4eec\u4f20\u64ad\u77e5\u8bc6\u7684\u613f\u671b\u6240\u9009\u62e9\u7684\u56fe\u50cf\u548c\u5185\u5bb9\uff0c\u5e94\u8be5\u88ab\u89c6\u4e3a\u7b26\u5408\u56fd\u5bb6\u5229\u76ca......\u7531\u4e8e\u6211\u4eec\u5f88\u4e50\u89c2\uff0c\u8ba9\u6211\u4eec\u770b\u770b\u6587\u5316\u90e8\u8fd9\u8fb9\u7684\u60c5\u51b5\u5c06\u5982\u4f55\u53d1\u5c55. \u795d\u60a8\u9605\u8bfb\u6109\u5feb\uff0c\u8fd9\u6b21\u662f\u6cd5\u8bed\u6216\u4e2d\u6587\u3002\u521b\u59cb\u4eba\uff1a\u963f\u5170\u00b7\u5361\u5fb7\u7eb3\u65af-\u5361\u65af\u7279\u7f57\u548c\u514b\u91cc\u65af\u6258\u592b\u00b7\u67ef\u5b5f\u5fb7. Le site en est \u00e0 sa 8e ann\u00e9e d'existence. Plus de 250 articles publi\u00e9s. Des dizaines de milliers d'utilisateurs. Site muet mais nourri d'images et de contenus choisis par notre volont\u00e9 de diffuser des connaissances, devrait \u00eatre jug\u00e9 d'int\u00e9r\u00eat national... Comme\u2026","rel":"","context":"Dans &quot;Europe&quot;","block_context":{"text":"Europe","link":"https:\/\/alaincardenas.com\/blog\/category\/europe\/"},"img":{"alt_text":"","src":"https:\/\/i0.wp.com\/alaincardenas.com\/blog\/wp-content\/uploads\/2024\/07\/michaut-larcher-a-lentrainement-b.jpg?resize=350%2C200&ssl=1","width":350,"height":200,"srcset":"https:\/\/i0.wp.com\/alaincardenas.com\/blog\/wp-content\/uploads\/2024\/07\/michaut-larcher-a-lentrainement-b.jpg?resize=350%2C200&ssl=1 1x, https:\/\/i0.wp.com\/alaincardenas.com\/blog\/wp-content\/uploads\/2024\/07\/michaut-larcher-a-lentrainement-b.jpg?resize=525%2C300&ssl=1 1.5x, https:\/\/i0.wp.com\/alaincardenas.com\/blog\/wp-content\/uploads\/2024\/07\/michaut-larcher-a-lentrainement-b.jpg?resize=700%2C400&ssl=1 2x"},"classes":[]},{"id":1965,"url":"https:\/\/alaincardenas.com\/blog\/le-musee-chinois-du-quotidien\/","url_meta":{"origin":7824,"position":1},"title":"Le Mus\u00e9e chinois du quotidien","author":"admin","date":"2018-05-06","format":false,"excerpt":"Le fonds Fran\u00e7ois Dautresme, collectionneur, photographe et marchand du quotidien chinois. par Christophe Comentale Inauguration le 11 juillet 2018 \u00e0 19h au centre culturel OMDP de Lod\u00e8ve. \u00ab\u00a0Il ne viendrait pas \u00e0 l'id\u00e9e d'un Chinois de fabriquer quelque chose de laid.\u00a0Pour lui un objet beau \u00e9tant un objet bien fabriqu\u00e9,\u2026","rel":"","context":"Dans &quot;Asie&quot;","block_context":{"text":"Asie","link":"https:\/\/alaincardenas.com\/blog\/category\/asie\/"},"img":{"alt_text":"","src":"https:\/\/i0.wp.com\/alaincardenas.com\/blog\/wp-content\/uploads\/2018\/05\/FD-en-Mongolie-intre-avec-WU-X-iaolan-fin-des-ann\u00c3\u00a9es-90_01.jpg?resize=350%2C200&ssl=1","width":350,"height":200,"srcset":"https:\/\/i0.wp.com\/alaincardenas.com\/blog\/wp-content\/uploads\/2018\/05\/FD-en-Mongolie-intre-avec-WU-X-iaolan-fin-des-ann\u00c3\u00a9es-90_01.jpg?resize=350%2C200&ssl=1 1x, https:\/\/i0.wp.com\/alaincardenas.com\/blog\/wp-content\/uploads\/2018\/05\/FD-en-Mongolie-intre-avec-WU-X-iaolan-fin-des-ann\u00c3\u00a9es-90_01.jpg?resize=525%2C300&ssl=1 1.5x, https:\/\/i0.wp.com\/alaincardenas.com\/blog\/wp-content\/uploads\/2018\/05\/FD-en-Mongolie-intre-avec-WU-X-iaolan-fin-des-ann\u00c3\u00a9es-90_01.jpg?resize=700%2C400&ssl=1 2x"},"classes":[]},{"id":1421,"url":"https:\/\/alaincardenas.com\/blog\/pierres-a-encre-et-tresors-de-lettres-la-collection-yang-ermin\/","url_meta":{"origin":7824,"position":2},"title":"Pierres \u00e0 encre et tr\u00e9sors de lettr\u00e9s, la collection YANG Ermin","author":"admin","date":"2018-02-21","format":false,"excerpt":"\u77f3\u95f4\u8bb0\u5fc6 \u2014 \u6768\u4f74\u65fb\u5386\u4ee3\u781a\u53f0\u6536\u85cf\u5c55 Mus\u00e9e municipal des arts asiatiques de Toulon Exposition du 12 avril au 30 septembre 2018, le mus\u00e9e des arts asiatiques de Toulon pr\u00e9sente un floril\u00e8ge de soixante pierres \u00e0 encre et d\u2019autant d\u2019objets de lettr\u00e9s chinois. Cet ensemble provient de la collection YANG Ermin et de diverses\u2026","rel":"","context":"Dans &quot;Asie&quot;","block_context":{"text":"Asie","link":"https:\/\/alaincardenas.com\/blog\/category\/asie\/"},"img":{"alt_text":"","src":"https:\/\/i0.wp.com\/alaincardenas.com\/blog\/wp-content\/uploads\/2018\/02\/affiche-titre-chinois.jpg?resize=350%2C200&ssl=1","width":350,"height":200,"srcset":"https:\/\/i0.wp.com\/alaincardenas.com\/blog\/wp-content\/uploads\/2018\/02\/affiche-titre-chinois.jpg?resize=350%2C200&ssl=1 1x, https:\/\/i0.wp.com\/alaincardenas.com\/blog\/wp-content\/uploads\/2018\/02\/affiche-titre-chinois.jpg?resize=525%2C300&ssl=1 1.5x, https:\/\/i0.wp.com\/alaincardenas.com\/blog\/wp-content\/uploads\/2018\/02\/affiche-titre-chinois.jpg?resize=700%2C400&ssl=1 2x"},"classes":[]},{"id":4393,"url":"https:\/\/alaincardenas.com\/blog\/parution-du-catalogue-de-lexposition-du-livre-darcheologie-au-livre-dartiste-est-ouest\/","url_meta":{"origin":7824,"position":3},"title":"PARUTION","author":"admin","date":"2019-11-17","format":false,"excerpt":"par Christophe Comentale et\u00a0Alain Cardenas-Castro Un texte qui date d\u00e9j\u00e0, Pour une nouvelle bibliophilie, texte que j\u2019avais r\u00e9dig\u00e9 en 1991 pour la revue AML, me faisait (me) poser la question de la n\u00e9cessit\u00e9 de certains formalismes, de leur persistance \u00e9trange,\u2026 Cette id\u00e9e, depuis les ann\u00e9es 90 nous a sembl\u00e9 devoir\u2026","rel":"","context":"Dans &quot;Asie&quot;","block_context":{"text":"Asie","link":"https:\/\/alaincardenas.com\/blog\/category\/asie\/"},"img":{"alt_text":"","src":"https:\/\/i0.wp.com\/alaincardenas.com\/blog\/wp-content\/uploads\/2019\/11\/page-de-titre.jpg?resize=350%2C200&ssl=1","width":350,"height":200,"srcset":"https:\/\/i0.wp.com\/alaincardenas.com\/blog\/wp-content\/uploads\/2019\/11\/page-de-titre.jpg?resize=350%2C200&ssl=1 1x, https:\/\/i0.wp.com\/alaincardenas.com\/blog\/wp-content\/uploads\/2019\/11\/page-de-titre.jpg?resize=525%2C300&ssl=1 1.5x, https:\/\/i0.wp.com\/alaincardenas.com\/blog\/wp-content\/uploads\/2019\/11\/page-de-titre.jpg?resize=700%2C400&ssl=1 2x, https:\/\/i0.wp.com\/alaincardenas.com\/blog\/wp-content\/uploads\/2019\/11\/page-de-titre.jpg?resize=1050%2C600&ssl=1 3x"},"classes":[]},{"id":9336,"url":"https:\/\/alaincardenas.com\/blog\/pour-une-nouvelle-figuration-libre-georges-ouchot-suiveur-de-kees-van-dongen\/","url_meta":{"origin":7824,"position":4},"title":"POUR UNE NOUVELLE FIGURATION LIBRE : GEORGES OUCHOT, SUIVEUR DE KEES VAN DONGEN","author":"admin","date":"2026-01-09","format":false,"excerpt":"par Christophe Comentale \u4e3a\u4e86\u65b0\u7684\u81ea\u7531\u8868\u73b0\uff1a\u4e54\u6cbb\u00b7\u4e4c\u8096\uff0c\u51ef\u65af\u00b7\u8303\u00b7\u4e1c\u6839\u7684\u8ffd\u968f\u8005\u4f5c\u8005\uff1a\u67ef \u5b5f\u5fb7 \u00a0\u00a0\u00a0\u00a0\u00a0\u00a0\u00a0\u00a0\u00a0\u00a0\u00a0 \u300c\u2026\u2026\u4ee5\u73b0\u72b6\u5448\u73b0\u65e5\u5e38\u751f\u6d3b\uff0c\u5728\u60c5\u8282\u3001\u73b0\u5b9e\u4e0e\u7eaa\u5f55\u7247\u4e4b\u95f4\u91c7\u53d6\u4e2d\u95f4\u7acb\u573a\u2026\u2026\u300d\u3002\u00a0\u00a0\u00a0\u00a0\u00a0\u00a0\u00a0\u00a0\u00a0\u00a0\u00a0 \u00a0 \u963f\u5c14\u8d1d\u6258\u00b7\u83ab\u62c9\u7ef4\u4e9a\uff0c\u300a\u6545\u4e8b\u96c6\u300b\uff0c\u7c73\u5170\uff1a\u90a6\u76ae\u4e9a\u5c3c\u51fa\u7248\u793e\uff0c1952\u5e74\u3002\u4e0e\u4e0a\u8ff0\u65b0\u73b0\u5b9e\u4e3b\u4e49\u7684\u5b9a\u4e49\u76f8\u6bd4\uff0c\u8981\u5bf9\u81ea\u7531\u9020\u578b\u7ed9\u4e88\u4e00\u4e2a\u7cbe\u786e\u800c\u7565\u663e\u8be6\u5c3d\u7684\u5b9a\u4e49\u5e76\u975e\u6613\u4e8b\uff0c\u751a\u81f3\u51e0\u4e4e\u4e0d\u53ef\u80fd\u3002\u65e2\u7136\u201c\u4e0d\u53ef\u80fd\u201d\u4e0d\u662f\u6cd5\u8bed\u4e2d\u7684\u6982\u5ff5\uff0c\u672c\u7814\u7a76\u4fbf\u6e90\u4e8e\u4e0e\u4f5c\u54c1\u7684\u63a5\u89e6\uff0c\u8fd9\u4e9b\u4f5c\u54c1\u662f\u5728\u5df4\u9ece\u827a\u672f\u5e02\u573a\u4e0a\u53d1\u73b0\u7684G. Ouchot\u7684\u516d\u4ef6\u4f5c\u54c1\uff0c\u5176\u4e2d\u4e00\u4ef6\u5df2\u88ab\u535a\u7269\u9986\u6536\u85cf\u3002\u81f3\u4e8e\u5176\u4ed6\u4f5c\u54c1\uff0c\u4e00\u4f4d\u4e0e\u753b\u5bb6\u5173\u7cfb\u5bc6\u5207\u7684\u6536\u85cf\u5bb6\u5e2e\u52a9\u6211\u4eec\u66f4\u591a\u5730\u4e86\u89e3\u4e86\u8fd9\u4f4d\u4ecd\u4e0d\u4e3a\u4eba\u6240\u719f\u77e5\u7684\u827a\u672f\u5bb6\u3002\u827a\u672f\u53f2\u7684\u4e00\u4e2a\u4f5c\u7528\u5728\u6b64\u60c5\u5883\u4e0b\u4ecd\u7136\u662f\uff0c\u8fd9\u79cd\u8d85\u8d8a\u65f6\u95f4\u7684\u529b\u91cf\uff0c\u6216\u65e9\u6216\u665a\uff0c\u4f1a\u4f7f\u90a3\u4e9b\u5728\u65f6\u95f4\u7684\u6d41\u901d\u4e2d\u4f3c\u4e4e\u5f88\u5feb\u88ab\u9057\u5fd8\u7684\u827a\u672f\u5bb6\u4f5c\u54c1\u91cd\u65b0\u6d6e\u73b0\u3002\u56fd\u9645\u65b0\u73b0\u5b9e\u4e3b\u4e49\u8fd8\u662f\u81ea\u7531\u9020\u578b\uff1f Ci-dessus, de gauche \u00e0 droite. G. Ouchot. (ill. 10), Trois personnages ; Piero della Francesca, La Flagellation du Christ (ca1445 -\u00a01450), tempera sur bois de peuplier, 59 x 81,3 cm, Palais ducal d'Urbino, Italie \u4e0e\u5386\u53f2\u76f8\u5173\u7684\u751f\u5e73\u5143\u7d20 \u00a0\u74e6\u97e6\u5c14\u662f\u6cd5\u56fd\u7684\u4e00\u4e2a\u5e02\u9547\uff0c\u4f4d\u4e8e\u52a0\u5c14\u7701\u7684\u6700\u5357\u7aef\uff0c\u5904\u4e8e\u5c3c\u59c6\u3001\u8499\u5f7c\u5229\u57c3\u548c\u963f\u5c14\u52d2\u4e09\u5ea7\u57ce\u5e02\u5f62\u6210\u7684\u4e09\u89d2\u4e2d\u5fc3\u3002\u8fd9\u5ea7\u74e6\u97e6\u5c14\u5e02\u9547\u5730\u7406\u4f4d\u7f6e\u5341\u5206\u6218\u7565\u6027\uff0c\u4f4d\u4e8e\u4e00\u4e2a\u7531\u6c60\u5858\u3001\u76d0\u6cbc\u53ca\u79cd\u690d\u82a6\u82c7\u7684\u5e73\u5766\u533a\u57df\u7ec4\u6210\u7684\u6838\u5fc3\u5730\u5e26\uff0c\u8fd9\u4e00\u5730\u533a\u88ab\u79f0\u4e3a\u201c\u5c0f\u5361\u9a6c\u5c14\u683c\u201d\u3002\u8be5\u5730\u5c5e\u5730\u4e2d\u6d77\u6c14\u5019\uff0c\u8fd9\u7247\u8f83\u4e3a\u539f\u59cb\u7684\u666f\u89c2\u7531\u591a\u6761\u8fd0\u6cb3\u53ca\u5176\u4ed6\u5c0f\u6eaa\u6d41\u6392\u6c34\u3002\u74e6\u97e6\u5c14\u5e02\u9547\u5305\u542b\u5728\u5361\u9a6c\u5c14\u683c\u5730\u533a\u5185\uff0c\u5361\u9a6c\u5c14\u683c\u662f\u8986\u76d6\u6cd5\u56fd\u5357\u90e8\u591a\u4e2a\u7701\u4efd\u7684\u8349\u7538\u548c\u6c60\u5858\u533a\u57df\u3002\u5e02\u9547\u62e5\u6709\u4e30\u5bcc\u7684\u81ea\u7136\u9057\u4ea7\u3001\u53d7\u4fdd\u62a4\u533a\u57df\u53ca\u5177\u6709\u751f\u6001\u3001\u52a8\u7269\u548c\u690d\u7269\u79d1\u5b66\u4ef7\u503c\u7684\u81ea\u7136\u533a\u3002\u4e2d\u4e16\u7eaa\u65f6\uff0c\u6ce2\u65af\u57fa\u8036\u6751\u2014\u2014\u6c83\u97e6\u5c14\u7684\u65e7\u540d\u2014\u2014\u56f4\u7ed5\u7740\u4fef\u77b0\u519c\u7530\u666f\u89c2\u7684\u57ce\u5821\u800c\u805a\u96c6\uff0c\u800c\u4e00\u4e2a\u8457\u540d\u7684\u5723\u5730\u2014\u2014\u5723\u6bcd\u74e6\u5c14\u97e6\u5c14\u6559\u5802\u5219\u662f\u671d\u5723\u4e4b\u8def\u7684\u4e00\u4e2a\u9a7f\u7ad9\u3002\u4e54\u6cbb\u00b7\u4e4c\u8096\u7279\u51fa\u8eab\u4e8e\u4e00\u4e2a\u917f\u9152\u5bb6\u5ead\uff0c\u56e0\u6b64\u4ece\u5c0f\u5c31\u5728\u4e00\u4e2a\u4e61\u6751\u793e\u533a\u91cc\u751f\u6d3b\u3002\u5317\u8fb9\u662f\u8461\u8404\u56ed\uff0c\u5357\u8fb9\u662f\u4e00\u7247\u5e7f\u9614\u7684\u81ea\u7136\u91ce\u5730\uff0c\u8fb9\u7f18\u6709\u6c60\u5858\u548c\u82a6\u82c7\u8361\uff0c\u662f\u771f\u6b63\u7684\u9e1f\u7c7b\u548c\u91ce\u751f\u52a8\u7269\u4fdd\u62a4\u533a\uff0c\u5c24\u5176\u662f\u725b\u548c\u5361\u9a6c\u5c14\u683c\u9a6c\uff0c\u79bb\u5178\u578b\u7684\u519c\u4e1a\u5c0f\u9547\u6751\u5e84\u5f88\u8fd1\u3002\u5341\u4e5d\u4e16\u7eaa\u4e0b\u534a\u53f6\uff0c\u8461\u8404\u79cd\u690d\u5e26\u52a8\u4e86\u8be5\u5730\u533a\u7684\u5f3a\u52b2\u53d1\u5c55\u3002\u4e0e\u8fd9\u4e00\u65b0\u6d3b\u52a8\u76f8\u4f34\u7684\u7ecf\u6d4e\u53d1\u5c55\u4fc3\u4f7f\u57ce\u5e02\u5316\u8fdb\u7a0b\uff0c\u4ea7\u751f\u4e86\u9ad8\u8d28\u91cf\u7684\u5efa\u7b51\uff1a\u4f8b\u5982\u5f00\u59cb\u5efa\u8bbe\u5e02\u653f\u5385\uff0c\u5176\u534e\u4e3d\u7684\u7acb\u9762\u8c61\u5f81\u77401860\u5e74\u6751\u5e84\u7684\u7f8e\u5316\uff0c\u8fd8\u6709\u6f02\u4eae\u7684\u8d44\u4ea7\u9636\u7ea7\u4f4f\u5b85\u3001\u8499\u7279\u5361\u5c14\u59c6\u5e7f\u573a\u4e0a\u7684\u4e00\u5ea7\u65e7\u7535\u5f71\u9662\u548c\u4e00\u5ea7\u65e7\u5267\u9662\uff0c\u4ee5\u53ca\u5efa\u4e8e1898\u5e74\u7684\u6597\u725b\u573a\uff0c\u4ee5\u524d\u4e3e\u884c\u6597\u725b\u6bd4\u8d5b\u548c\u6b4c\u5267\u97f3\u4e50\u4f1a\u3002\u6b64\u5916\uff0c\u6597\u725b\u573a\u5165\u53e3\u5904\u7684\u4e24\u5ea7\u96d5\u50cf\u7eaa\u5ff5\u4e86\u4e24\u4f4d\u7f2a\u65af\u3002\u4ece\u6625\u5b63\u5230\u79cb\u5b63\uff0c\u6751\u5e84\u5145\u6ee1\u4e86\u6597\u725b\u653e\u884c\u7684\u58f0\u97f3\uff0c\u65e0\u8bba\u5728\u6597\u725b\u573a\u8fd8\u662f\u8857\u9053\u4e0a\u3002\u8be5\u5730\u533a\u9633\u5149\u5145\u8db3\uff0c\u6c14\u5019\u5f02\u5e38\uff0c\u590f\u5b63\u708e\u70ed\u5e72\u71e5\uff0c\u51ac\u5b63\u5219\u8f83\u4e3a\u6e29\u548c\u3002 \u81ea\u7531\u5199\u5b9e\u827a\u672f\u5bb6\u4e54\u6cbb\u00b7\u4e4c\u8096\u7279\u4ece\u5c0f\u5c31\u70ed\u7231\u827a\u672f\u3002\u7531\u4e8e\u73af\u5883\u7684\u6734\u7d20\uff1b\u4e2d\u5b66\u6bd5\u4e1a\u540e\uff0c\u8fd9\u4f4d\u5e74\u8f7b\u4eba\u53bb\u4e86\u8499\u5f7c\u5229\u57c3\u7f8e\u672f\u5b66\u9662\u5b66\u4e60\uff0c\u4ed6\u9009\u62e9\u4e86\u7ed8\u753b\u7cfb\uff0c\u4e00\u5f00\u59cb\u4ed6\u5728\u8fd9\u4e2a\u7cfb\u91cc\u52e4\u594b\u5b66\u4e60\uff0c\u6c89\u6d78\u4e8e\u7cbe\u7ec6\u7684\u4e34\u6479\u4e50\u8da3\u4e2d\uff0c\u4f46\u5f88\u5feb\uff0c\u4ed6\u5b81\u53ef\u5076\u5c14\u53bb\u4e61\u95f4\u6f2b\u6b65\uff0c\u4e5f\u4e0d\u613f\u8fc7\u4e8e\u9891\u7e41\u5730\u4e0a\u8bfe\uff0c\u56e0\u4e3a\u4ed6\u559c\u6b22\u6c89\u6d78\u5728\u5468\u56f4\u7684\u81ea\u7136\u73af\u5883\u4e2d\u3002\u4ed6\u4f3c\u4e4e\u66fe\u7ecf\u5728\u74e6\u97e6\u5c14\u7279\u7684\u5bb6\u5ead\u4f4f\u5b85\u4e2d\u6709\u8fc7\u4e00\u6bb5\u65f6\u95f4\u7684\u5de5\u4f5c\u5ba4\uff0c\u5373\u4f7f\u6ca1\u6709\u4efb\u4f55\u8fd9\u6bb5\u65f6\u671f\u7684\u9057\u8ff9\u7559\u5b58\u4e0b\u6765\u3002\u524d\u9762\u63d0\u5230\u7684\u516d\u4ef6G. \u4e4c\u8096\u7279\uff08\u7ea61960-2020\uff09\u7684\u4f5c\u54c1\uff0c\u90fd\u63cf\u7ed8\u4e86\u4eba\u7269\u5904\u4e8e\u590f\u65e5\u573a\u666f\u4e2d\uff0c\u4ece\u8fd9\u4e9b\u7537\u5973\u7a7f\u7740\u8f7b\u4fbf\u7684\u670d\u9970\u53ef\u4ee5\u770b\u51fa\u8fd9\u4e00\u70b9\u3002\u81ea\u4ece\u8fd9\u6b21\u9996\u6b21\u53d1\u73b0\u4ee5\u6765\uff0c\u5171\u53d1\u73b0\u7ea6\u4e09\u5341\u4ef6\u4f5c\u54c1\u2014\u2014\u603b\u517131\u4ef6\uff0c\u5176\u4e2d\u4e24\u4ef6\u662f\u534a\u8eab\u8096\u50cf\u590d\u5236\u54c1\uff08\u56fe1\u548c\u56fe2\uff09\uff0c\u90fd\u662f\u53e4\u5178\u98ce\u683c\uff0c\u63cf\u7ed8\u4e8617\u81f318\u4e16\u7eaa\u670d\u9970\u7684\u5973\u6027\u3002\u8fd9\u4e24\u4ef6\u4f5c\u54c1\u5145\u5206\u5c55\u793a\u4e86\u827a\u672f\u5bb6\u7684\u8bad\u7ec3\u548c\u5ba1\u7f8e\u3002\u5176\u4e2d\u4e00\u4ef6\uff08\u56fe2\uff09\uff0c\u9898\u4e3a\u300a\u8349\u5e3d\u300b\uff0879 x 54.6\u5398\u7c73\uff09\u2014\u2014\u5c3d\u7ba1\u5e3d\u5b50\u5176\u5b9e\u4e0d\u662f\u8349\u7f16\u7684\uff0c\u66f4\u50cf\u662f\u6be1\u5e3d\u2014\u2014\u901a\u5e38\u88ab\u8ba4\u4e3a\u662f\u82cf\u73ca\u5a1c\u00b7\u5f17\u5c14\u8292\u7279\u7684\u8096\u50cf\u3002\u8fd9\u662f\u5f17\u62c9\u8292\u753b\u5bb6\u5f7c\u5f97\u00b7\u4fdd\u7f57\u00b7\u9c81\u672c\u65af\u7684\u4f5c\u54c1\uff0c\u4ed6\u7684\u753b\u98ce\u7c97\u72b7\uff0c\u5f52\u4e8e\u5df4\u6d1b\u514b\u6d41\u6d3e\u3002\u6b64\u4f5c\u54c1\u521b\u4f5c\u4e8e1622\u81f31625\u5e74\u4e4b\u95f4\u3002\u5b83\u5f88\u53ef\u80fd\u63cf\u7ed8\u7684\u662f\u82cf\u73ca\u5a1c\u00b7\u4f26\u767b\u7279\u7684\u8096\u50cf\uff0c\u5979\u662f\u6d77\u4f26\u00b7\u5f17\u5c14\u8292\u7279\uff081599-1643\uff09\u7684\u59d0\u59b9\uff0c\u540e\u8005\u662f\u5b89\u7279\u536b\u666e\u4e00\u5bb6\u6302\u6bef\u548c\u4e1d\u7ef8\u5546\u4eba\u7684\u5973\u513f\u3002\u90a3\u4e48\u4e3a\u4ec0\u4e48\u8981\u9009\u62e9\u82cf\u73ca\u5a1c\u00b7\u5f17\u5c14\u8292\u7279\uff0c\u800c\u4e0d\u662f\u901a\u5e38\u662f\u8fd9\u4f4d\u827a\u672f\u5bb6\u7684\u8d35\u65cf\u548c\u541b\u4e3b\u5ba2\u6237\u5462\uff1f\u8fd9\u53ea\u662f\u4e00\u4e2a\u5173\u4e8e\u5bb6\u5ead\u548c\u53cb\u8c0a\u7684\u6545\u4e8b\u3002\u5728Ouchot\u7684\u4f5c\u54c1\u4e2d\uff0c\u8868\u73b0\u7684\u4e50\u8da3\u4e0d\u4ec5\u4ec5\u662f\u7b80\u5355\u7684\u590d\u5236\uff0c\u8fd8\u4f53\u73b0\u5728\u8fd9\u9876\u5e3d\u5b50\u7684\u518d\u73b0\u4e0a\uff0c\u5b83\u906e\u4f4f\u4e86\u5e74\u8f7b\u5973\u6027\u7684\u8138\uff0c\u662f\u8fd9\u5e45\u8096\u50cf\u4e2d\u6700\u5f15\u4eba\u6ce8\u76ee\u7684\u5143\u7d20\u3002\u5e3d\u5b50\u7684\u9009\u62e9\u4e5f\u662f\u4e00\u4f4d\u5df4\u6d1b\u514b\u7ed8\u753b\u5929\u624d\u7684\u9009\u62e9\uff0c\u4ed6\u5bf9\u5149\u5f71\u6548\u679c\u7684\u638c\u63e1\u65e0\u4eba\u80fd\u53ca\u3002\u7531\u4e8e\u6a21\u7279\u88ab\u8ba4\u4e3a\u5e94\u7f6e\u4e8e\u6237\u5916\uff0c\u9c81\u672c\u65af\u5c06\u76f4\u63a5\u7684\u9633\u5149\u7167\u5728\u82cf\u73ca\u7684\u80f8\u90e8\uff0c\u4e0e\u5e3d\u6a90\u5728\u5979\u8138\u4e0a\u6295\u4e0b\u7684\u7ec6\u817b\u9634\u5f71\u5e76\u7f6e\u3002\u51e0\u4e2a\u4e16\u7eaa\u4ee5\u6765\uff0c\u5176\u4ed6\u753b\u5bb6\u4e5f\u81f4\u529b\u4e8e\u91cd\u65b0\u521b\u4f5c\u8fd9\u4ef6\u4f5c\u54c1\u3002\u2026\u2026\u7b2c\u4e8c\u5e45\uff08\u56fe1\uff09\uff0c\u8bc6\u522b\u8d77\u6765\u4e0d\u90a3\u4e48\u76f4\u63a5\uff0c\u5b83\u7684\u98ce\u683c\u63a5\u8fd1\u8ba9-\u9a6c\u514b\u00b7\u7eb3\u8482\u8036\uff081685-1766\uff09\u3002\u8ba9-\u9a6c\u514b\u00b7\u7eb3\u8482\u8036\u662f\u8096\u50cf\u753b\u5bb6\u9a6c\u5c14\u514b\u00b7\u7eb3\u8482\u8036\u548c\u5fae\u578b\u753b\u5bb6\u739b\u4e3d\u00b7\u5e93\u5c14\u56fe\u74e6\u7684\u513f\u5b50\uff0c\u4e5f\u662f\u753b\u5bb6\u8ba9-\u5df4\u8482\u65af\u7279\u00b7\u7eb3\u8482\u8036\u7684\u5144\u5f1f\u3002\u8ba9-\u9a6c\u514b\u00b7\u7eb3\u8482\u8036\u5929\u8d4b\u65e9\u719f\uff0c15\u5c81\u65f6\u5c31\u83b7\u5f97\u4e86\u5b66\u9662\u7684\u7ed8\u753b\u4e00\u7b49\u5956\u3002\u8457\u540d\u753b\u5bb6\u548c\u88c5\u9970\u827a\u672f\u5bb6\u6731\u592b\u7eb3\u662f\u4ed6\u7684\u6559\u7236\uff0c\u4e3a\u4ed6\u5728\u7f57\u9a6c\u6cd5\u56fd\u5b66\u9662\u7533\u8bf7\u4e86\u4e00\u4e2a\u7a7a\u7f3a\u4f4d\u7f6e\uff0c\u4f46\u8fd9\u4f4d\u5e74\u8f7b\u7684\u83b7\u5956\u8005\u66f4\u613f\u610f\u7559\u5728\u5df4\u9ece\uff0c\u5e76\u5229\u7528\u4ed6\u83b7\u5f97\u7684\u8bb8\u53ef\uff0c\u4e3a\u8ba9\u00b7\u5df4\u8482\u65af\u7279\u00b7\u9c81\u672c\u65af\u753b\u5eca\u7ed8\u5236\u4f5c\u54c1\u4ee5\u4fbf\u523b\u7248\uff0c\u8fd9\u4e9b\u4f5c\u54c1\u662f\u4e3a\u739b\u4e3d\u00b7\u5fb7\u00b7\u7f8e\u7b2c\u5947\u6240\u5b9a\u5236\u7684\u3002\u8def\u6613\u5341\u56db\u5728\u770b\u5230\u4ed6\u7684\u4e00\u4e9b\u7d20\u63cf\u65f6\u9884\u6d4b\u4e86\u4ed6\u7684\u540d\u58f0\uff0c\u5e76\u5bf9\u4ed6\u8bf4\uff1a\u201c\u7ee7\u7eed\u52aa\u529b\uff0c\u7eb3\u8482\u8036\uff0c\u4f60\u5c06\u6210\u4e3a\u4e00\u4f4d\u4f1f\u5927\u7684\u4eba\u3002\u201d\u7ecf\u5386\u4e86\u4e00\u4e9b\u6cd5\u5f8b\u4e0a\u7684\u632b\u6298\u540e\uff0c\u7eb3\u8482\u8036\u5f00\u59cb\u4e13\u6ce8\u4e8e\u8096\u50cf\u753b\uff0c\u5e76\u8fc5\u901f\u5728\u8fd9\u4e00\u9886\u57df\u83b7\u5f97\u4e86\u6781\u9ad8\u58f0\u8a89\u30021746\u5e743\u670826\u65e5\uff0c\u4ed6\u88ab\u4efb\u547d\u4e3a\u6559\u6388\u3002\u901a\u8fc7\u5c06\u73b0\u5b9e\u4e3b\u4e49\u4e0e\u5e7b\u60f3\u76f8\u7ed3\u5408\uff0c\u5728\u4f5c\u54c1\u4e2d\u52a0\u5165\u795e\u8bdd\u4eba\u7269\uff0c\u4ed6\u4ece1737\u5e74\u52301763\u5e74\u95f4\u5728\u5404\u4e2a\u6c99\u9f99\u5c55\u51fa\u4f5c\u54c1\uff0c\u5982\u4eca\u88ab\u8ba4\u4e3a\u662f18\u4e16\u7eaa\u6700\u4f1f\u5927\u7684\u8096\u50cf\u753b\u5bb6\u4e4b\u4e00\u3002\u8ba9-\u9a6c\u514b\u00b7\u7eb3\u8482\u8036\uff08Jean-Marc\u2026","rel":"","context":"Dans &quot;Europe&quot;","block_context":{"text":"Europe","link":"https:\/\/alaincardenas.com\/blog\/category\/europe\/"},"img":{"alt_text":"","src":"https:\/\/i0.wp.com\/alaincardenas.com\/blog\/wp-content\/uploads\/2026\/01\/10.-Ouchot.jpg?resize=350%2C200&ssl=1","width":350,"height":200},"classes":[]},{"id":8134,"url":"https:\/\/alaincardenas.com\/blog\/objets-et-collection-8-la-jeune-courtisane-dapres-xavier-sigalon\/","url_meta":{"origin":7824,"position":5},"title":"OBJETS ET COLLECTION (8) \u00ab\u00a0La jeune courtisane\u00a0\u00bb, d\u2019apr\u00e8s Xavier Sigalon","author":"admin","date":"2024-08-15","format":false,"excerpt":"\u5e74\u8f7b\u7684\u827a\u4f0e\u548c\u5979\u7684\u9ed1\u4eba\u4ec6\u4eba\u00a0(\u6cd5\u56fd\u6d6a\u6f2b\u5b66\u6821)\u00a0\u5728Xavier Sigalon\uff08\u6cd5\u56fd\u6d6a\u6f2b\u5b66\u6821\uff09\u897f\u52a0\u9686\u4e4b\u540e\u5e03\u9762\u6cb9\u753b\uff0c\u539f\u4f5c\u5c3a\u5bf8\u4e3a\u00a0121 x 154\u00a0\u5398\u7c73\u3002\u00a0\u539f\u7248\u6cb9\u753b\u65e7\u526f\u672c\u7684\u5c3a\u5bf8\uff1a\uff1a82 x 101 cmLa jeune courtisane,\u00a0d\u2019apr\u00e8s Xavier Sigalon (\u00e9cole fran\u00e7aise romantique)Huile sur toile, l\u2019\u0153uvre originale mesure 121 x 154 cm, la copie, 82 x 101 cm(cette photo a \u00e9t\u00e9 prise dans un espace de mus\u00e9e priv\u00e9 parmi des objets antiques)\u00a0\uff08\u8fd9\u5f20\u7167\u7247\u662f\u5728\u53e4\u8463\u6587\u7269\u4e4b\u95f4\u7684\u79c1\u4eba\u535a\u7269\u9986\u7a7a\u95f4\u62cd\u6444\u7684\uff09 \u8fd9\u5e45\u590d\u5236\u54c1\u5bf9\u5e94\u4e8e 17 \u4e16\u7eaa\u81f3 19 \u4e16\u7eaa\u672b\u6b27\u6d32\u7684\u4e00\u4e2a\u975e\u5e38\u5f3a\u5927\u7684\u4f20\u7edf\uff0c\u5373\u4e3a\u5bcc\u88d5\u7684\u5ba2\u6237\u5236\u4f5c\u4e00\u4e9b\u590d\u5236\u54c1\uff0c\u4ed6\u4eec\u60f3\u5728\u4ed6\u4eec\u7684\u79c1\u4eba\u753b\u5eca\u4e2d\u5c55\u793a\u8fd9\u4e9b\u4f5c\u54c1\uff0c\u6536\u96c6\u8fd9\u4e9b\u4f5c\u54c1\u662f\u4e3a\u4e86\u7ef4\u62a4\u793e\u4f1a\u5730\u4f4d\u3002 \u77e5\u9053\u5982\u4f55\u4e3a\u8d35\u65cf\u9605\u8bfb\u6216\u5236\u4f5c\u97f3\u4e50\u7684\u6216\u6709\u6559\u517b\u7684\u7684\u4e3b\u9898\u53d7\u5230\u5361\u62c9\u74e6\u4e54\u753b\u5bb6\u7684\u5f3a\u70c8\u5f71\u54cd\uff0c\u5361\u62c9\u74e6\u4e54\u753b\u5bb6\u559c\u6b22\u5c06\u7cbe\u81f4\u4e0e\u65e5\u5e38\u751f\u6d3b\u7684\u73b0\u5b9e\u6df7\u5408\u5728\u4e00\u8d77\u3002\u6240\u6709\u8fd9\u4e9b\u753b\u5bb6\u90fd\u9700\u8981\u5bf9\u6280\u672f\u7684\u5b8c\u7f8e\u638c\u63e1\u3002 Cette\u2026","rel":"","context":"Dans &quot;Europe&quot;","block_context":{"text":"Europe","link":"https:\/\/alaincardenas.com\/blog\/category\/europe\/"},"img":{"alt_text":"","src":"https:\/\/i0.wp.com\/alaincardenas.com\/blog\/wp-content\/uploads\/2024\/08\/IMG_9386.jpg?resize=350%2C200&ssl=1","width":350,"height":200,"srcset":"https:\/\/i0.wp.com\/alaincardenas.com\/blog\/wp-content\/uploads\/2024\/08\/IMG_9386.jpg?resize=350%2C200&ssl=1 1x, https:\/\/i0.wp.com\/alaincardenas.com\/blog\/wp-content\/uploads\/2024\/08\/IMG_9386.jpg?resize=525%2C300&ssl=1 1.5x, https:\/\/i0.wp.com\/alaincardenas.com\/blog\/wp-content\/uploads\/2024\/08\/IMG_9386.jpg?resize=700%2C400&ssl=1 2x"},"classes":[]}],"_links":{"self":[{"href":"https:\/\/alaincardenas.com\/blog\/wp-json\/wp\/v2\/posts\/7824"}],"collection":[{"href":"https:\/\/alaincardenas.com\/blog\/wp-json\/wp\/v2\/posts"}],"about":[{"href":"https:\/\/alaincardenas.com\/blog\/wp-json\/wp\/v2\/types\/post"}],"author":[{"embeddable":true,"href":"https:\/\/alaincardenas.com\/blog\/wp-json\/wp\/v2\/users\/1"}],"replies":[{"embeddable":true,"href":"https:\/\/alaincardenas.com\/blog\/wp-json\/wp\/v2\/comments?post=7824"}],"version-history":[{"count":5,"href":"https:\/\/alaincardenas.com\/blog\/wp-json\/wp\/v2\/posts\/7824\/revisions"}],"predecessor-version":[{"id":7835,"href":"https:\/\/alaincardenas.com\/blog\/wp-json\/wp\/v2\/posts\/7824\/revisions\/7835"}],"wp:attachment":[{"href":"https:\/\/alaincardenas.com\/blog\/wp-json\/wp\/v2\/media?parent=7824"}],"wp:term":[{"taxonomy":"category","embeddable":true,"href":"https:\/\/alaincardenas.com\/blog\/wp-json\/wp\/v2\/categories?post=7824"},{"taxonomy":"post_tag","embeddable":true,"href":"https:\/\/alaincardenas.com\/blog\/wp-json\/wp\/v2\/tags?post=7824"}],"curies":[{"name":"wp","href":"https:\/\/api.w.org\/{rel}","templated":true}]}}