{"id":7805,"date":"2023-12-31T11:14:30","date_gmt":"2023-12-31T10:14:30","guid":{"rendered":"https:\/\/alaincardenas.com\/blog\/?p=7805"},"modified":"2023-12-31T14:31:03","modified_gmt":"2023-12-31T13:31:03","slug":"de-lasie-nippone-au-kazakstan-trois-artistes-eclectiques","status":"publish","type":"post","link":"https:\/\/alaincardenas.com\/blog\/de-lasie-nippone-au-kazakstan-trois-artistes-eclectiques\/","title":{"rendered":"De l\u2019Asie nippone au Kazakstan, trois artistes \u00e9clectiques,"},"content":{"rendered":"\n<p><strong>Akira Iumara, Toshi (Toshimi Ishii) et Sanzhar Zhubanov<\/strong><\/p>\n\n\n\n<p><\/p>\n\n\n\n<p>Mairie du 8<sup>e<\/sup> arr., Paris. Compte-rendu d\u2019exposition et nouveau floril\u00e8ge d\u2019\u0153uvres du sculpteur et peintre Sanzhar Zhubanov<\/p>\n\n\n\n<p>De temps \u00e0 autre, nos \u00e9diles savent cultiver les relations publiques, politiques au profit de la culture et de sa diversit\u00e9 incommensurable. Leurs liens avec des chercheurs de tous horizons ont permis, le temps de cette exposition originale de confronter trois artistes aux styles bien diff\u00e9rents, deux cr\u00e9ateurs japonais entre polychromie et cartoon et un troisi\u00e8me, kazakh, Sanzhar Zhubanov.<\/p>\n\n\n\n<p>A l\u2019initiative de Jeanne d\u2019Hauterive, maire du 8<sup>e<\/sup> arrondissement&nbsp; et de son adjoint en charge de la culture, Jean-Pierre Hesse, une importante salle de la mairie, restructur\u00e9e et modulable a accueilli les artistes invit\u00e9s.<\/p>\n\n\n<div class=\"wp-block-image\">\n<figure class=\"aligncenter size-full\"><a href=\"https:\/\/i0.wp.com\/alaincardenas.com\/blog\/wp-content\/uploads\/2023\/12\/1703790574496.jpg?ssl=1\"><img data-attachment-id=\"7807\" data-permalink=\"https:\/\/alaincardenas.com\/blog\/de-lasie-nippone-au-kazakstan-trois-artistes-eclectiques\/attachment\/1703790574496\/\" data-orig-file=\"https:\/\/i0.wp.com\/alaincardenas.com\/blog\/wp-content\/uploads\/2023\/12\/1703790574496.jpg?fit=473%2C1024&amp;ssl=1\" data-orig-size=\"473,1024\" data-comments-opened=\"0\" data-image-meta=\"{&quot;aperture&quot;:&quot;0&quot;,&quot;credit&quot;:&quot;&quot;,&quot;camera&quot;:&quot;--&quot;,&quot;caption&quot;:&quot;&quot;,&quot;created_timestamp&quot;:&quot;0&quot;,&quot;copyright&quot;:&quot;&quot;,&quot;focal_length&quot;:&quot;0&quot;,&quot;iso&quot;:&quot;0&quot;,&quot;shutter_speed&quot;:&quot;1&quot;,&quot;title&quot;:&quot;&quot;,&quot;orientation&quot;:&quot;1&quot;}\" data-image-title=\"\" data-image-description=\"\" data-image-caption=\"\" data-medium-file=\"https:\/\/i0.wp.com\/alaincardenas.com\/blog\/wp-content\/uploads\/2023\/12\/1703790574496.jpg?fit=139%2C300&amp;ssl=1\" data-large-file=\"https:\/\/i0.wp.com\/alaincardenas.com\/blog\/wp-content\/uploads\/2023\/12\/1703790574496.jpg?fit=473%2C1024&amp;ssl=1\" decoding=\"async\" loading=\"lazy\" width=\"473\" height=\"1024\" src=\"https:\/\/i0.wp.com\/alaincardenas.com\/blog\/wp-content\/uploads\/2023\/12\/1703790574496.jpg?resize=473%2C1024&#038;ssl=1\" alt=\"\" class=\"wp-image-7807\" srcset=\"https:\/\/i0.wp.com\/alaincardenas.com\/blog\/wp-content\/uploads\/2023\/12\/1703790574496.jpg?w=473&amp;ssl=1 473w, https:\/\/i0.wp.com\/alaincardenas.com\/blog\/wp-content\/uploads\/2023\/12\/1703790574496.jpg?resize=139%2C300&amp;ssl=1 139w\" sizes=\"(max-width: 473px) 100vw, 473px\" data-recalc-dims=\"1\" \/><\/a><figcaption class=\"wp-element-caption\">Paul Richer (1849-1933). <em>Tres in una <\/em>[Id\u00e9al du nu f\u00e9minin dans l&rsquo;art selon les ma\u00eetres de la Renaissance, les Antiques, les Modernes] (1913), marbre blanc. Entr\u00e9e de la salle des expositions, mairie du VIIIe arrondissement, Hotel Cail, Paris<\/figcaption><\/figure><\/div>\n\n\n<!--more-->\n\n\n\n<p>Comme nous l\u2019avions \u00e9crit dans un article mis en ligne le 3 mai dernier sur ce site, \u00ab&nbsp;Sanzhar Zhubanov est n\u00e9 en 1967 \u00e0 Almaty (\u0410\u043b\u043c\u0430\u0442\u044b), ancienne capitale du Kazakhstan de 1929 \u00e0 1997, ville situ\u00e9e au centre de l\u2019Eurasie, dans la partie sud-est de la r\u00e9publique du Kazakhstan, au nord de la cha\u00eene de montagne des&nbsp;Tianshan ou Monts c\u00e9lestes si denses en l\u00e9gendes de toutes sortes, en tout cas, lieux o\u00f9 les divinit\u00e9s diverses aiment \u00e0 se r\u00e9unir. Almaty [la ville des pommes] est entour\u00e9e de for\u00eats ou cro\u00eet ce fruit, le <em>Malus sieversii<\/em>, en cohabitation avec d\u2019autres esp\u00e8ces de pommes sauvages.&nbsp;\u00bb<\/p>\n\n\n\n<figure class=\"wp-block-gallery has-nested-images columns-default is-cropped wp-block-gallery-1 is-layout-flex\">\n<figure class=\"wp-block-image size-full\"><a href=\"https:\/\/i0.wp.com\/alaincardenas.com\/blog\/wp-content\/uploads\/2023\/12\/1703790575004.jpg?ssl=1\"><img data-attachment-id=\"7814\" data-permalink=\"https:\/\/alaincardenas.com\/blog\/de-lasie-nippone-au-kazakstan-trois-artistes-eclectiques\/attachment\/1703790575004\/\" data-orig-file=\"https:\/\/i0.wp.com\/alaincardenas.com\/blog\/wp-content\/uploads\/2023\/12\/1703790575004.jpg?fit=692%2C341&amp;ssl=1\" data-orig-size=\"692,341\" data-comments-opened=\"0\" data-image-meta=\"{&quot;aperture&quot;:&quot;0&quot;,&quot;credit&quot;:&quot;&quot;,&quot;camera&quot;:&quot;--&quot;,&quot;caption&quot;:&quot;&quot;,&quot;created_timestamp&quot;:&quot;0&quot;,&quot;copyright&quot;:&quot;&quot;,&quot;focal_length&quot;:&quot;0&quot;,&quot;iso&quot;:&quot;0&quot;,&quot;shutter_speed&quot;:&quot;1&quot;,&quot;title&quot;:&quot;&quot;,&quot;orientation&quot;:&quot;1&quot;}\" data-image-title=\"Sanzhar Zhubanov. Pierres grav\u00e9es\" data-image-description=\"\" data-image-caption=\"\" data-medium-file=\"https:\/\/i0.wp.com\/alaincardenas.com\/blog\/wp-content\/uploads\/2023\/12\/1703790575004.jpg?fit=300%2C148&amp;ssl=1\" data-large-file=\"https:\/\/i0.wp.com\/alaincardenas.com\/blog\/wp-content\/uploads\/2023\/12\/1703790575004.jpg?fit=584%2C288&amp;ssl=1\" decoding=\"async\" loading=\"lazy\" width=\"584\" height=\"288\" data-id=\"7814\"  src=\"https:\/\/i0.wp.com\/alaincardenas.com\/blog\/wp-content\/uploads\/2023\/12\/1703790575004.jpg?resize=584%2C288&#038;ssl=1\" alt=\"\" class=\"wp-image-7814\" srcset=\"https:\/\/i0.wp.com\/alaincardenas.com\/blog\/wp-content\/uploads\/2023\/12\/1703790575004.jpg?w=692&amp;ssl=1 692w, https:\/\/i0.wp.com\/alaincardenas.com\/blog\/wp-content\/uploads\/2023\/12\/1703790575004.jpg?resize=300%2C148&amp;ssl=1 300w, https:\/\/i0.wp.com\/alaincardenas.com\/blog\/wp-content\/uploads\/2023\/12\/1703790575004.jpg?resize=500%2C246&amp;ssl=1 500w\" sizes=\"(max-width: 584px) 100vw, 584px\" data-recalc-dims=\"1\" \/><\/a><\/figure>\n\n\n\n<figure class=\"wp-block-image size-large\"><a href=\"https:\/\/i0.wp.com\/alaincardenas.com\/blog\/wp-content\/uploads\/2023\/12\/1703790575013.jpg?ssl=1\"><img data-attachment-id=\"7811\" data-permalink=\"https:\/\/alaincardenas.com\/blog\/de-lasie-nippone-au-kazakstan-trois-artistes-eclectiques\/attachment\/1703790575013\/\" data-orig-file=\"https:\/\/i0.wp.com\/alaincardenas.com\/blog\/wp-content\/uploads\/2023\/12\/1703790575013.jpg?fit=800%2C370&amp;ssl=1\" data-orig-size=\"800,370\" data-comments-opened=\"0\" data-image-meta=\"{&quot;aperture&quot;:&quot;0&quot;,&quot;credit&quot;:&quot;&quot;,&quot;camera&quot;:&quot;--&quot;,&quot;caption&quot;:&quot;&quot;,&quot;created_timestamp&quot;:&quot;0&quot;,&quot;copyright&quot;:&quot;&quot;,&quot;focal_length&quot;:&quot;0&quot;,&quot;iso&quot;:&quot;0&quot;,&quot;shutter_speed&quot;:&quot;1&quot;,&quot;title&quot;:&quot;&quot;,&quot;orientation&quot;:&quot;1&quot;}\" data-image-title=\"Sanzhar Zhubanov. Pierre grav\u00e9e\" data-image-description=\"\" data-image-caption=\"\" data-medium-file=\"https:\/\/i0.wp.com\/alaincardenas.com\/blog\/wp-content\/uploads\/2023\/12\/1703790575013.jpg?fit=300%2C139&amp;ssl=1\" data-large-file=\"https:\/\/i0.wp.com\/alaincardenas.com\/blog\/wp-content\/uploads\/2023\/12\/1703790575013.jpg?fit=584%2C270&amp;ssl=1\" decoding=\"async\" loading=\"lazy\" width=\"584\" height=\"270\" data-id=\"7811\"  src=\"https:\/\/i0.wp.com\/alaincardenas.com\/blog\/wp-content\/uploads\/2023\/12\/1703790575013.jpg?resize=584%2C270&#038;ssl=1\" alt=\"\" class=\"wp-image-7811\" srcset=\"https:\/\/i0.wp.com\/alaincardenas.com\/blog\/wp-content\/uploads\/2023\/12\/1703790575013.jpg?w=800&amp;ssl=1 800w, https:\/\/i0.wp.com\/alaincardenas.com\/blog\/wp-content\/uploads\/2023\/12\/1703790575013.jpg?resize=300%2C139&amp;ssl=1 300w, https:\/\/i0.wp.com\/alaincardenas.com\/blog\/wp-content\/uploads\/2023\/12\/1703790575013.jpg?resize=768%2C355&amp;ssl=1 768w, https:\/\/i0.wp.com\/alaincardenas.com\/blog\/wp-content\/uploads\/2023\/12\/1703790575013.jpg?resize=500%2C231&amp;ssl=1 500w\" sizes=\"(max-width: 584px) 100vw, 584px\" data-recalc-dims=\"1\" \/><\/a><\/figure>\n\n\n\n<figure class=\"wp-block-image size-large\"><a href=\"https:\/\/i0.wp.com\/alaincardenas.com\/blog\/wp-content\/uploads\/2023\/12\/1703790574978.jpg?ssl=1\"><img data-attachment-id=\"7815\" data-permalink=\"https:\/\/alaincardenas.com\/blog\/de-lasie-nippone-au-kazakstan-trois-artistes-eclectiques\/attachment\/1703790574978\/\" data-orig-file=\"https:\/\/i0.wp.com\/alaincardenas.com\/blog\/wp-content\/uploads\/2023\/12\/1703790574978.jpg?fit=1280%2C646&amp;ssl=1\" data-orig-size=\"1280,646\" data-comments-opened=\"0\" data-image-meta=\"{&quot;aperture&quot;:&quot;0&quot;,&quot;credit&quot;:&quot;&quot;,&quot;camera&quot;:&quot;--&quot;,&quot;caption&quot;:&quot;&quot;,&quot;created_timestamp&quot;:&quot;0&quot;,&quot;copyright&quot;:&quot;&quot;,&quot;focal_length&quot;:&quot;0&quot;,&quot;iso&quot;:&quot;0&quot;,&quot;shutter_speed&quot;:&quot;1&quot;,&quot;title&quot;:&quot;&quot;,&quot;orientation&quot;:&quot;1&quot;}\" data-image-title=\"Sanzhar Zhubanov. Pierres grav\u00e9es\" data-image-description=\"\" data-image-caption=\"\" data-medium-file=\"https:\/\/i0.wp.com\/alaincardenas.com\/blog\/wp-content\/uploads\/2023\/12\/1703790574978.jpg?fit=300%2C151&amp;ssl=1\" data-large-file=\"https:\/\/i0.wp.com\/alaincardenas.com\/blog\/wp-content\/uploads\/2023\/12\/1703790574978.jpg?fit=584%2C295&amp;ssl=1\" decoding=\"async\" loading=\"lazy\" width=\"584\" height=\"295\" data-id=\"7815\"  src=\"https:\/\/i0.wp.com\/alaincardenas.com\/blog\/wp-content\/uploads\/2023\/12\/1703790574978.jpg?resize=584%2C295&#038;ssl=1\" alt=\"\" class=\"wp-image-7815\" srcset=\"https:\/\/i0.wp.com\/alaincardenas.com\/blog\/wp-content\/uploads\/2023\/12\/1703790574978.jpg?resize=1024%2C517&amp;ssl=1 1024w, https:\/\/i0.wp.com\/alaincardenas.com\/blog\/wp-content\/uploads\/2023\/12\/1703790574978.jpg?resize=300%2C151&amp;ssl=1 300w, https:\/\/i0.wp.com\/alaincardenas.com\/blog\/wp-content\/uploads\/2023\/12\/1703790574978.jpg?resize=768%2C388&amp;ssl=1 768w, https:\/\/i0.wp.com\/alaincardenas.com\/blog\/wp-content\/uploads\/2023\/12\/1703790574978.jpg?resize=500%2C252&amp;ssl=1 500w, https:\/\/i0.wp.com\/alaincardenas.com\/blog\/wp-content\/uploads\/2023\/12\/1703790574978.jpg?w=1280&amp;ssl=1 1280w, https:\/\/i0.wp.com\/alaincardenas.com\/blog\/wp-content\/uploads\/2023\/12\/1703790574978.jpg?w=1168&amp;ssl=1 1168w\" sizes=\"(max-width: 584px) 100vw, 584px\" data-recalc-dims=\"1\" \/><\/a><\/figure>\n<\/figure>\n\n\n\n<p>Sanzhar Zhubanov pr\u00e9sente cette fois-ci un floril\u00e8ge de formes, des animaux au fort pouvoir \u00e9vocateur et symbolique sur des pierres taill\u00e9es, travaill\u00e9es au fil d\u2019une activit\u00e9 incessante et quasi rituelle, celle de la force qu\u2019il confie \u00e0 la mati\u00e8re brute charg\u00e9e de son travail, de ses orientations diverses. Pour la pierre, la force tranquille des \u00e9l\u00e9ments phares, des divinit\u00e9s pa\u00efennes, oubli\u00e9es \u2014 ici&nbsp;! \u2014 et jonglant entre g\u00e9om\u00e9trisation intense des formes ou piquetage entre les creux et les hauteurs signifiantes qui donnent ces contrastes compl\u00e9mentaires aux animaux ainsi apparus&nbsp;: chameau, cervid\u00e9s, corniformes,\u2026<\/p>\n\n\n\n<figure class=\"wp-block-image size-full\"><a href=\"https:\/\/i0.wp.com\/alaincardenas.com\/blog\/wp-content\/uploads\/2023\/12\/1703790575113.jpg?ssl=1\"><img data-attachment-id=\"7812\" data-permalink=\"https:\/\/alaincardenas.com\/blog\/de-lasie-nippone-au-kazakstan-trois-artistes-eclectiques\/attachment\/1703790575113\/\" data-orig-file=\"https:\/\/i0.wp.com\/alaincardenas.com\/blog\/wp-content\/uploads\/2023\/12\/1703790575113.jpg?fit=1024%2C473&amp;ssl=1\" data-orig-size=\"1024,473\" data-comments-opened=\"0\" data-image-meta=\"{&quot;aperture&quot;:&quot;0&quot;,&quot;credit&quot;:&quot;&quot;,&quot;camera&quot;:&quot;--&quot;,&quot;caption&quot;:&quot;&quot;,&quot;created_timestamp&quot;:&quot;0&quot;,&quot;copyright&quot;:&quot;&quot;,&quot;focal_length&quot;:&quot;0&quot;,&quot;iso&quot;:&quot;0&quot;,&quot;shutter_speed&quot;:&quot;1&quot;,&quot;title&quot;:&quot;&quot;,&quot;orientation&quot;:&quot;1&quot;}\" data-image-title=\"Sanzhar Zhubanov. Peintures et pierres grav\u00e9es.\" data-image-description=\"\" data-image-caption=\"\" data-medium-file=\"https:\/\/i0.wp.com\/alaincardenas.com\/blog\/wp-content\/uploads\/2023\/12\/1703790575113.jpg?fit=300%2C139&amp;ssl=1\" data-large-file=\"https:\/\/i0.wp.com\/alaincardenas.com\/blog\/wp-content\/uploads\/2023\/12\/1703790575113.jpg?fit=584%2C270&amp;ssl=1\" decoding=\"async\" loading=\"lazy\" width=\"584\" height=\"270\" src=\"https:\/\/i0.wp.com\/alaincardenas.com\/blog\/wp-content\/uploads\/2023\/12\/1703790575113.jpg?resize=584%2C270&#038;ssl=1\" alt=\"\" class=\"wp-image-7812\" srcset=\"https:\/\/i0.wp.com\/alaincardenas.com\/blog\/wp-content\/uploads\/2023\/12\/1703790575113.jpg?w=1024&amp;ssl=1 1024w, https:\/\/i0.wp.com\/alaincardenas.com\/blog\/wp-content\/uploads\/2023\/12\/1703790575113.jpg?resize=300%2C139&amp;ssl=1 300w, https:\/\/i0.wp.com\/alaincardenas.com\/blog\/wp-content\/uploads\/2023\/12\/1703790575113.jpg?resize=768%2C355&amp;ssl=1 768w, https:\/\/i0.wp.com\/alaincardenas.com\/blog\/wp-content\/uploads\/2023\/12\/1703790575113.jpg?resize=500%2C231&amp;ssl=1 500w\" sizes=\"(max-width: 584px) 100vw, 584px\" data-recalc-dims=\"1\" \/><\/a><figcaption class=\"wp-element-caption\">Sanzhar Zhubanov. Peintures et pierres grav\u00e9es<\/figcaption><\/figure>\n\n\n\n<p>Les acryliques sur papier de Sanzhar Zhubanov, se transmuent en des papiers qui acqui\u00e8rent alors des tonalit\u00e9s proches des \u0153uvres des grands de l\u2019art cin\u00e9tique, mais un art cin\u00e9tique o\u00f9 la pr\u00e9sence magique, irrationnelle na\u00eet d\u2019une p\u00e9n\u00e9tration de la Nature dans la civilisation, un \u00e9l\u00e9ment devenu fauteur des formes zoomorphes, dont les rappels circulaires, en arcs et sinuosit\u00e9s diverses disent ce nouvel \u00e9lan ainsi de mise.<\/p>\n\n\n\n<hr class=\"wp-block-separator has-alpha-channel-opacity\"\/>\n\n\n\n<p class=\"has-small-font-size\">Ci-dessous. Diff\u00e9rentes vues de l&rsquo;exposition <em>Kosmos<\/em>, 29 novembre &#8211; 16 d\u00e9cembre 2023, Mairie du VIIIe arr. Paris<\/p>\n\n\n\n<hr class=\"wp-block-separator has-alpha-channel-opacity\"\/>\n\n\n\n<figure class=\"wp-block-gallery aligncenter has-nested-images columns-1 is-cropped wp-block-gallery-3 is-layout-flex\">\n<figure class=\"wp-block-image size-full\"><a href=\"https:\/\/i0.wp.com\/alaincardenas.com\/blog\/wp-content\/uploads\/2023\/12\/1703790574657.jpg?ssl=1\"><img data-attachment-id=\"7816\" data-permalink=\"https:\/\/alaincardenas.com\/blog\/de-lasie-nippone-au-kazakstan-trois-artistes-eclectiques\/attachment\/1703790574657\/\" data-orig-file=\"https:\/\/i0.wp.com\/alaincardenas.com\/blog\/wp-content\/uploads\/2023\/12\/1703790574657.jpg?fit=1024%2C473&amp;ssl=1\" data-orig-size=\"1024,473\" data-comments-opened=\"0\" data-image-meta=\"{&quot;aperture&quot;:&quot;0&quot;,&quot;credit&quot;:&quot;&quot;,&quot;camera&quot;:&quot;--&quot;,&quot;caption&quot;:&quot;&quot;,&quot;created_timestamp&quot;:&quot;0&quot;,&quot;copyright&quot;:&quot;&quot;,&quot;focal_length&quot;:&quot;0&quot;,&quot;iso&quot;:&quot;0&quot;,&quot;shutter_speed&quot;:&quot;1&quot;,&quot;title&quot;:&quot;&quot;,&quot;orientation&quot;:&quot;1&quot;}\" data-image-title=\"\" data-image-description=\"\" data-image-caption=\"\" data-medium-file=\"https:\/\/i0.wp.com\/alaincardenas.com\/blog\/wp-content\/uploads\/2023\/12\/1703790574657.jpg?fit=300%2C139&amp;ssl=1\" data-large-file=\"https:\/\/i0.wp.com\/alaincardenas.com\/blog\/wp-content\/uploads\/2023\/12\/1703790574657.jpg?fit=584%2C270&amp;ssl=1\" decoding=\"async\" loading=\"lazy\" width=\"584\" height=\"270\" data-id=\"7816\"  src=\"https:\/\/i0.wp.com\/alaincardenas.com\/blog\/wp-content\/uploads\/2023\/12\/1703790574657.jpg?resize=584%2C270&#038;ssl=1\" alt=\"\" class=\"wp-image-7816\" srcset=\"https:\/\/i0.wp.com\/alaincardenas.com\/blog\/wp-content\/uploads\/2023\/12\/1703790574657.jpg?w=1024&amp;ssl=1 1024w, https:\/\/i0.wp.com\/alaincardenas.com\/blog\/wp-content\/uploads\/2023\/12\/1703790574657.jpg?resize=300%2C139&amp;ssl=1 300w, https:\/\/i0.wp.com\/alaincardenas.com\/blog\/wp-content\/uploads\/2023\/12\/1703790574657.jpg?resize=768%2C355&amp;ssl=1 768w, https:\/\/i0.wp.com\/alaincardenas.com\/blog\/wp-content\/uploads\/2023\/12\/1703790574657.jpg?resize=500%2C231&amp;ssl=1 500w\" sizes=\"(max-width: 584px) 100vw, 584px\" data-recalc-dims=\"1\" \/><\/a><\/figure>\n\n\n\n<figure class=\"wp-block-image size-full\"><a href=\"https:\/\/i0.wp.com\/alaincardenas.com\/blog\/wp-content\/uploads\/2023\/12\/1703790574705.jpg?ssl=1\"><img data-attachment-id=\"7817\" data-permalink=\"https:\/\/alaincardenas.com\/blog\/de-lasie-nippone-au-kazakstan-trois-artistes-eclectiques\/attachment\/1703790574705\/\" data-orig-file=\"https:\/\/i0.wp.com\/alaincardenas.com\/blog\/wp-content\/uploads\/2023\/12\/1703790574705.jpg?fit=1024%2C473&amp;ssl=1\" data-orig-size=\"1024,473\" data-comments-opened=\"0\" data-image-meta=\"{&quot;aperture&quot;:&quot;0&quot;,&quot;credit&quot;:&quot;&quot;,&quot;camera&quot;:&quot;--&quot;,&quot;caption&quot;:&quot;&quot;,&quot;created_timestamp&quot;:&quot;0&quot;,&quot;copyright&quot;:&quot;&quot;,&quot;focal_length&quot;:&quot;0&quot;,&quot;iso&quot;:&quot;0&quot;,&quot;shutter_speed&quot;:&quot;1&quot;,&quot;title&quot;:&quot;&quot;,&quot;orientation&quot;:&quot;1&quot;}\" data-image-title=\"\" data-image-description=\"\" data-image-caption=\"\" data-medium-file=\"https:\/\/i0.wp.com\/alaincardenas.com\/blog\/wp-content\/uploads\/2023\/12\/1703790574705.jpg?fit=300%2C139&amp;ssl=1\" data-large-file=\"https:\/\/i0.wp.com\/alaincardenas.com\/blog\/wp-content\/uploads\/2023\/12\/1703790574705.jpg?fit=584%2C270&amp;ssl=1\" decoding=\"async\" loading=\"lazy\" width=\"584\" height=\"270\" data-id=\"7817\"  src=\"https:\/\/i0.wp.com\/alaincardenas.com\/blog\/wp-content\/uploads\/2023\/12\/1703790574705.jpg?resize=584%2C270&#038;ssl=1\" alt=\"\" class=\"wp-image-7817\" srcset=\"https:\/\/i0.wp.com\/alaincardenas.com\/blog\/wp-content\/uploads\/2023\/12\/1703790574705.jpg?w=1024&amp;ssl=1 1024w, https:\/\/i0.wp.com\/alaincardenas.com\/blog\/wp-content\/uploads\/2023\/12\/1703790574705.jpg?resize=300%2C139&amp;ssl=1 300w, https:\/\/i0.wp.com\/alaincardenas.com\/blog\/wp-content\/uploads\/2023\/12\/1703790574705.jpg?resize=768%2C355&amp;ssl=1 768w, https:\/\/i0.wp.com\/alaincardenas.com\/blog\/wp-content\/uploads\/2023\/12\/1703790574705.jpg?resize=500%2C231&amp;ssl=1 500w\" sizes=\"(max-width: 584px) 100vw, 584px\" data-recalc-dims=\"1\" \/><\/a><\/figure>\n\n\n\n<figure class=\"wp-block-image size-full\"><a href=\"https:\/\/i0.wp.com\/alaincardenas.com\/blog\/wp-content\/uploads\/2023\/12\/1703790575085.jpg?ssl=1\"><img data-attachment-id=\"7818\" data-permalink=\"https:\/\/alaincardenas.com\/blog\/de-lasie-nippone-au-kazakstan-trois-artistes-eclectiques\/attachment\/1703790575085\/\" data-orig-file=\"https:\/\/i0.wp.com\/alaincardenas.com\/blog\/wp-content\/uploads\/2023\/12\/1703790575085.jpg?fit=1024%2C473&amp;ssl=1\" data-orig-size=\"1024,473\" data-comments-opened=\"0\" data-image-meta=\"{&quot;aperture&quot;:&quot;0&quot;,&quot;credit&quot;:&quot;&quot;,&quot;camera&quot;:&quot;--&quot;,&quot;caption&quot;:&quot;&quot;,&quot;created_timestamp&quot;:&quot;0&quot;,&quot;copyright&quot;:&quot;&quot;,&quot;focal_length&quot;:&quot;0&quot;,&quot;iso&quot;:&quot;0&quot;,&quot;shutter_speed&quot;:&quot;1&quot;,&quot;title&quot;:&quot;&quot;,&quot;orientation&quot;:&quot;1&quot;}\" data-image-title=\"L&amp;rsquo;exposition Kosmos. Akira Inumaru\" data-image-description=\"\" data-image-caption=\"\" data-medium-file=\"https:\/\/i0.wp.com\/alaincardenas.com\/blog\/wp-content\/uploads\/2023\/12\/1703790575085.jpg?fit=300%2C139&amp;ssl=1\" data-large-file=\"https:\/\/i0.wp.com\/alaincardenas.com\/blog\/wp-content\/uploads\/2023\/12\/1703790575085.jpg?fit=584%2C270&amp;ssl=1\" decoding=\"async\" loading=\"lazy\" width=\"584\" height=\"270\" data-id=\"7818\"  src=\"https:\/\/i0.wp.com\/alaincardenas.com\/blog\/wp-content\/uploads\/2023\/12\/1703790575085.jpg?resize=584%2C270&#038;ssl=1\" alt=\"\" class=\"wp-image-7818\" srcset=\"https:\/\/i0.wp.com\/alaincardenas.com\/blog\/wp-content\/uploads\/2023\/12\/1703790575085.jpg?w=1024&amp;ssl=1 1024w, https:\/\/i0.wp.com\/alaincardenas.com\/blog\/wp-content\/uploads\/2023\/12\/1703790575085.jpg?resize=300%2C139&amp;ssl=1 300w, https:\/\/i0.wp.com\/alaincardenas.com\/blog\/wp-content\/uploads\/2023\/12\/1703790575085.jpg?resize=768%2C355&amp;ssl=1 768w, https:\/\/i0.wp.com\/alaincardenas.com\/blog\/wp-content\/uploads\/2023\/12\/1703790575085.jpg?resize=500%2C231&amp;ssl=1 500w\" sizes=\"(max-width: 584px) 100vw, 584px\" data-recalc-dims=\"1\" \/><\/a><\/figure>\n\n\n\n<figure class=\"wp-block-image size-full\"><a href=\"https:\/\/i0.wp.com\/alaincardenas.com\/blog\/wp-content\/uploads\/2023\/12\/1703790575151.jpg?ssl=1\"><img data-attachment-id=\"7819\" data-permalink=\"https:\/\/alaincardenas.com\/blog\/de-lasie-nippone-au-kazakstan-trois-artistes-eclectiques\/attachment\/1703790575151\/\" data-orig-file=\"https:\/\/i0.wp.com\/alaincardenas.com\/blog\/wp-content\/uploads\/2023\/12\/1703790575151.jpg?fit=1024%2C476&amp;ssl=1\" data-orig-size=\"1024,476\" data-comments-opened=\"0\" data-image-meta=\"{&quot;aperture&quot;:&quot;0&quot;,&quot;credit&quot;:&quot;&quot;,&quot;camera&quot;:&quot;--&quot;,&quot;caption&quot;:&quot;&quot;,&quot;created_timestamp&quot;:&quot;0&quot;,&quot;copyright&quot;:&quot;&quot;,&quot;focal_length&quot;:&quot;0&quot;,&quot;iso&quot;:&quot;0&quot;,&quot;shutter_speed&quot;:&quot;1&quot;,&quot;title&quot;:&quot;&quot;,&quot;orientation&quot;:&quot;1&quot;}\" data-image-title=\"L&amp;rsquo;exposition Kosmos. Toshi Toshimi Ishii\" data-image-description=\"\" data-image-caption=\"\" data-medium-file=\"https:\/\/i0.wp.com\/alaincardenas.com\/blog\/wp-content\/uploads\/2023\/12\/1703790575151.jpg?fit=300%2C139&amp;ssl=1\" data-large-file=\"https:\/\/i0.wp.com\/alaincardenas.com\/blog\/wp-content\/uploads\/2023\/12\/1703790575151.jpg?fit=584%2C271&amp;ssl=1\" decoding=\"async\" loading=\"lazy\" width=\"584\" height=\"271\" data-id=\"7819\"  src=\"https:\/\/i0.wp.com\/alaincardenas.com\/blog\/wp-content\/uploads\/2023\/12\/1703790575151.jpg?resize=584%2C271&#038;ssl=1\" alt=\"\" class=\"wp-image-7819\" srcset=\"https:\/\/i0.wp.com\/alaincardenas.com\/blog\/wp-content\/uploads\/2023\/12\/1703790575151.jpg?w=1024&amp;ssl=1 1024w, https:\/\/i0.wp.com\/alaincardenas.com\/blog\/wp-content\/uploads\/2023\/12\/1703790575151.jpg?resize=300%2C139&amp;ssl=1 300w, https:\/\/i0.wp.com\/alaincardenas.com\/blog\/wp-content\/uploads\/2023\/12\/1703790575151.jpg?resize=768%2C357&amp;ssl=1 768w, https:\/\/i0.wp.com\/alaincardenas.com\/blog\/wp-content\/uploads\/2023\/12\/1703790575151.jpg?resize=500%2C232&amp;ssl=1 500w\" sizes=\"(max-width: 584px) 100vw, 584px\" data-recalc-dims=\"1\" \/><\/a><\/figure>\n<\/figure>\n\n\n\n<p>Nous avons privil\u00e9gi\u00e9 l\u2019iconographie qui renvoie aux \u0153uvres elles-m\u00eames. La pr\u00e9c\u00e9dente parution induisant un retour vers d\u2019autres publications.<\/p>\n\n\n<div class=\"wp-block-image\">\n<figure class=\"aligncenter size-full\"><a href=\"https:\/\/i0.wp.com\/alaincardenas.com\/blog\/wp-content\/uploads\/2023\/12\/1703790575213.jpg?ssl=1\"><img data-attachment-id=\"7820\" data-permalink=\"https:\/\/alaincardenas.com\/blog\/de-lasie-nippone-au-kazakstan-trois-artistes-eclectiques\/attachment\/1703790575213\/\" data-orig-file=\"https:\/\/i0.wp.com\/alaincardenas.com\/blog\/wp-content\/uploads\/2023\/12\/1703790575213.jpg?fit=369%2C432&amp;ssl=1\" data-orig-size=\"369,432\" data-comments-opened=\"0\" data-image-meta=\"{&quot;aperture&quot;:&quot;0&quot;,&quot;credit&quot;:&quot;&quot;,&quot;camera&quot;:&quot;--&quot;,&quot;caption&quot;:&quot;&quot;,&quot;created_timestamp&quot;:&quot;1703795256&quot;,&quot;copyright&quot;:&quot;&quot;,&quot;focal_length&quot;:&quot;0&quot;,&quot;iso&quot;:&quot;0&quot;,&quot;shutter_speed&quot;:&quot;1&quot;,&quot;title&quot;:&quot;&quot;,&quot;orientation&quot;:&quot;1&quot;}\" data-image-title=\"1703790575213\" data-image-description=\"\" data-image-caption=\"\" data-medium-file=\"https:\/\/i0.wp.com\/alaincardenas.com\/blog\/wp-content\/uploads\/2023\/12\/1703790575213.jpg?fit=256%2C300&amp;ssl=1\" data-large-file=\"https:\/\/i0.wp.com\/alaincardenas.com\/blog\/wp-content\/uploads\/2023\/12\/1703790575213.jpg?fit=369%2C432&amp;ssl=1\" decoding=\"async\" loading=\"lazy\" width=\"369\" height=\"432\" src=\"https:\/\/i0.wp.com\/alaincardenas.com\/blog\/wp-content\/uploads\/2023\/12\/1703790575213.jpg?resize=369%2C432&#038;ssl=1\" alt=\"\" class=\"wp-image-7820\" srcset=\"https:\/\/i0.wp.com\/alaincardenas.com\/blog\/wp-content\/uploads\/2023\/12\/1703790575213.jpg?w=369&amp;ssl=1 369w, https:\/\/i0.wp.com\/alaincardenas.com\/blog\/wp-content\/uploads\/2023\/12\/1703790575213.jpg?resize=256%2C300&amp;ssl=1 256w\" sizes=\"(max-width: 369px) 100vw, 369px\" data-recalc-dims=\"1\" \/><\/a><figcaption class=\"wp-element-caption\">Sanzhar Zhubanov. <em>La montagne Oulyataou <\/em>(2023), Stylogel acrylique sur papier, 80 x 70 cm<\/figcaption><\/figure><\/div>\n\n\n<figure class=\"wp-block-image size-full\"><a href=\"https:\/\/i0.wp.com\/alaincardenas.com\/blog\/wp-content\/uploads\/2023\/12\/1703790574512.jpg?ssl=1\"><img data-attachment-id=\"7813\" data-permalink=\"https:\/\/alaincardenas.com\/blog\/de-lasie-nippone-au-kazakstan-trois-artistes-eclectiques\/attachment\/1703790574512\/\" data-orig-file=\"https:\/\/i0.wp.com\/alaincardenas.com\/blog\/wp-content\/uploads\/2023\/12\/1703790574512.jpg?fit=1024%2C473&amp;ssl=1\" data-orig-size=\"1024,473\" data-comments-opened=\"0\" data-image-meta=\"{&quot;aperture&quot;:&quot;0&quot;,&quot;credit&quot;:&quot;&quot;,&quot;camera&quot;:&quot;--&quot;,&quot;caption&quot;:&quot;&quot;,&quot;created_timestamp&quot;:&quot;0&quot;,&quot;copyright&quot;:&quot;&quot;,&quot;focal_length&quot;:&quot;0&quot;,&quot;iso&quot;:&quot;0&quot;,&quot;shutter_speed&quot;:&quot;1&quot;,&quot;title&quot;:&quot;&quot;,&quot;orientation&quot;:&quot;1&quot;}\" data-image-title=\"Christophe Comentale et Sanzhar Zhubanov.\" data-image-description=\"\" data-image-caption=\"\" data-medium-file=\"https:\/\/i0.wp.com\/alaincardenas.com\/blog\/wp-content\/uploads\/2023\/12\/1703790574512.jpg?fit=300%2C139&amp;ssl=1\" data-large-file=\"https:\/\/i0.wp.com\/alaincardenas.com\/blog\/wp-content\/uploads\/2023\/12\/1703790574512.jpg?fit=584%2C270&amp;ssl=1\" decoding=\"async\" loading=\"lazy\" width=\"584\" height=\"270\" src=\"https:\/\/i0.wp.com\/alaincardenas.com\/blog\/wp-content\/uploads\/2023\/12\/1703790574512.jpg?resize=584%2C270&#038;ssl=1\" alt=\"\" class=\"wp-image-7813\" srcset=\"https:\/\/i0.wp.com\/alaincardenas.com\/blog\/wp-content\/uploads\/2023\/12\/1703790574512.jpg?w=1024&amp;ssl=1 1024w, https:\/\/i0.wp.com\/alaincardenas.com\/blog\/wp-content\/uploads\/2023\/12\/1703790574512.jpg?resize=300%2C139&amp;ssl=1 300w, https:\/\/i0.wp.com\/alaincardenas.com\/blog\/wp-content\/uploads\/2023\/12\/1703790574512.jpg?resize=768%2C355&amp;ssl=1 768w, https:\/\/i0.wp.com\/alaincardenas.com\/blog\/wp-content\/uploads\/2023\/12\/1703790574512.jpg?resize=500%2C231&amp;ssl=1 500w\" sizes=\"(max-width: 584px) 100vw, 584px\" data-recalc-dims=\"1\" \/><\/a><\/figure>\n\n\n\n<p><strong>Renvois bibliographiques<\/strong><\/p>\n\n\n\n<ul>\n<li>Alain Cardenas-Castro.&nbsp;<a href=\"https:\/\/alaincardenas.com\/blog\/art-paris-2019-une-edition-particuliere\/\"><em>Art Paris 2019, une \u00e9dition particuli\u00e8re ?<\/em><\/a><em>&nbsp;<\/em>in Sciences &amp; art contemporain, avril 2019<\/li>\n\n\n\n<li>Arman Z. Beisenov.<em>&nbsp;Architectural characteristics of the sak barrows from <\/em><em>\u0421<\/em><em>entral Kazakhstan,&nbsp;<\/em>Institute of Archaeology aft. A.Kh. Margulan, Almaty, 2013<\/li>\n\n\n\n<li>Margulan A. X. Akishev K. A. Kadyrbayev M., Orazbayev M. A. Ancient cultures of the Central Kazakhstan. Alma-Ata, 1966<\/li>\n\n\n\n<li>Alain Cardenas-Castro et Christophe Comentale, <em><a href=\"https:\/\/alaincardenas.com\/blog\/sanzhar-est-un-artiste-plasticien-kazakh\/\">Sanzhar est un artiste plasticien kazakh<\/a><\/em>&nbsp;In <em>Sciences et art contemporain<\/em>, publi\u00e9 le 3 mai 2023<\/li>\n<\/ul>\n","protected":false},"excerpt":{"rendered":"<p>Akira Iumara, Toshi (Toshimi Ishii) et Sanzhar Zhubanov Mairie du 8e arr., Paris. Compte-rendu d\u2019exposition et nouveau floril\u00e8ge d\u2019\u0153uvres du sculpteur et peintre Sanzhar Zhubanov De temps \u00e0 autre, nos \u00e9diles savent cultiver les relations publiques, politiques au profit de &hellip; <a href=\"https:\/\/alaincardenas.com\/blog\/de-lasie-nippone-au-kazakstan-trois-artistes-eclectiques\/\">Continuer la lecture <span class=\"meta-nav\">&rarr;<\/span><\/a><\/p>\n","protected":false},"author":1,"featured_media":0,"comment_status":"closed","ping_status":"closed","sticky":false,"template":"","format":"standard","meta":{"sfsi_plus_gutenberg_text_before_share":"","sfsi_plus_gutenberg_show_text_before_share":"","sfsi_plus_gutenberg_icon_type":"","sfsi_plus_gutenberg_icon_alignemt":"","sfsi_plus_gutenburg_max_per_row":"","jetpack_post_was_ever_published":false,"_jetpack_newsletter_access":"","_jetpack_newsletter_tier_id":0,"jetpack_publicize_message":"","jetpack_is_tweetstorm":false,"jetpack_publicize_feature_enabled":true,"jetpack_social_post_already_shared":true,"jetpack_social_options":{"image_generator_settings":{"template":"highway","enabled":false}}},"categories":[41,27,42],"tags":[8,39,38],"jetpack_publicize_connections":[],"jetpack_featured_media_url":"","jetpack_sharing_enabled":true,"jetpack_shortlink":"https:\/\/wp.me\/p8Mijt-21T","jetpack_likes_enabled":true,"jetpack-related-posts":[{"id":7023,"url":"https:\/\/alaincardenas.com\/blog\/sanzhar-est-un-artiste-plasticien-kazakh\/","url_meta":{"origin":7805,"position":0},"title":"Sanzhar est un artiste plasticien kazakh\u00a0","author":"admin","date":"2023-05-03","format":false,"excerpt":"par Alain Cardenas-Castro et Christophe Comentale \u00ab\u00a0Sanzhar est un artiste plasticien kazakh\u00a0\u00bb. Ainsi commence la fiche biographique traduite en fran\u00e7ais sur cet artiste plasticien. On apprend aussi assez vite que son travail apporte autant d\u2019attention \u00e0 la gravure sur pierre qu\u2019aux graphiques stellaires. Est-il pour autant arch\u00e9ologue\u00a0? R\u00eave-t-il de ma\u00e7onner\u2026","rel":"","context":"Dans &quot;Asie&quot;","block_context":{"text":"Asie","link":"https:\/\/alaincardenas.com\/blog\/category\/asie\/"},"img":{"alt_text":"","src":"https:\/\/i0.wp.com\/alaincardenas.com\/blog\/wp-content\/uploads\/2023\/05\/Contemplation-de-la-pierre-2022-70-x-60-1.jpeg?resize=350%2C200&ssl=1","width":350,"height":200},"classes":[]},{"id":8248,"url":"https:\/\/alaincardenas.com\/blog\/entre-urdimbres-y-tramas-cristina-ghetti\/","url_meta":{"origin":7805,"position":1},"title":"Entre urdimbres y tramas, Cristina Ghetti","author":"admin","date":"2024-09-20","format":false,"excerpt":"Exposition du 15 septembre au 19 octobre 2024, Galerie Younique *,\u00a065 rue Pascal 75013 Paris, du jeudi au samedi de 16h \u00e0 20h et sur RDV. compte-rendu par Alain Cardenas-Castro Cristina Ghetti est une artiste argentine qui vit et travaille \u00e0 Valence, en Espagne. Depuis une dizaine d'ann\u00e9es, elle s'int\u00e9resse\u2026","rel":"","context":"Dans &quot;Am\u00e9rique latine&quot;","block_context":{"text":"Am\u00e9rique latine","link":"https:\/\/alaincardenas.com\/blog\/category\/amerique-latine\/"},"img":{"alt_text":"","src":"https:\/\/i0.wp.com\/alaincardenas.com\/blog\/wp-content\/uploads\/2024\/09\/1726853216332.jpg?resize=350%2C200&ssl=1","width":350,"height":200,"srcset":"https:\/\/i0.wp.com\/alaincardenas.com\/blog\/wp-content\/uploads\/2024\/09\/1726853216332.jpg?resize=350%2C200&ssl=1 1x, https:\/\/i0.wp.com\/alaincardenas.com\/blog\/wp-content\/uploads\/2024\/09\/1726853216332.jpg?resize=525%2C300&ssl=1 1.5x, https:\/\/i0.wp.com\/alaincardenas.com\/blog\/wp-content\/uploads\/2024\/09\/1726853216332.jpg?resize=700%2C400&ssl=1 2x, https:\/\/i0.wp.com\/alaincardenas.com\/blog\/wp-content\/uploads\/2024\/09\/1726853216332.jpg?resize=1050%2C600&ssl=1 3x"},"classes":[]},{"id":4204,"url":"https:\/\/alaincardenas.com\/blog\/gabrielle-haardt-sculptrice-de-bijoux\/","url_meta":{"origin":7805,"position":2},"title":"Gabrielle Haardt, sculptrice de bijoux","author":"admin","date":"2019-11-01","format":false,"excerpt":"Exposition des \u0153uvres de Gabrielle Haardt, sculptures & bijoux.\u00a0Du 23 octobre au 5 novembre 2019,\u00a0Galerie Martel Greiner,\u00a071, boulevard Raspail, Paris 6e -\u00a001 45 48 13 05 \u00a0 Compte-rendu par Alain Cardenas-Castro et Christophe Comentale L\u2019ann\u00e9e 2019 rend hommage \u00e0 une cr\u00e9atrice dont l\u2019originalit\u00e9 et l\u2019esth\u00e9tique ont \u00e9t\u00e9 quelque peu \u00e9cart\u00e9es\u2026","rel":"","context":"Dans &quot;Compte-rendu&quot;","block_context":{"text":"Compte-rendu","link":"https:\/\/alaincardenas.com\/blog\/category\/compte-rendu\/"},"img":{"alt_text":"","src":"https:\/\/i0.wp.com\/alaincardenas.com\/blog\/wp-content\/uploads\/2019\/11\/1572630242109blob.png?resize=350%2C200&ssl=1","width":350,"height":200,"srcset":"https:\/\/i0.wp.com\/alaincardenas.com\/blog\/wp-content\/uploads\/2019\/11\/1572630242109blob.png?resize=350%2C200&ssl=1 1x, https:\/\/i0.wp.com\/alaincardenas.com\/blog\/wp-content\/uploads\/2019\/11\/1572630242109blob.png?resize=525%2C300&ssl=1 1.5x"},"classes":[]},{"id":9620,"url":"https:\/\/alaincardenas.com\/blog\/sur-le-neomanierisme-tendance-majeure-et-assumee-du-69e-salon-de-montrouge\/","url_meta":{"origin":7805,"position":3},"title":"Sur le n\u00e9omani\u00e9risme, tendance majeure et assum\u00e9e du 69e Salon de Montrouge.","author":"admin","date":"2026-04-28","format":false,"excerpt":"compte-rendu par Alain Cardenas-Castro et Christophe Comentale Nous avons relay\u00e9 une pr\u00e9c\u00e9dente \u00e9dition du Salon de Montrouge, la 64e, \u00e7a nous avait plus. Celle de cette ann\u00e9e aussi. Parmi les organisateurs, la pr\u00e9sence de Colette Aubry, 9\u00e8me\u00a0Maire-adjointe \u00e0 la Culture et au Patrimoine et d\u2019Isabelle Lem\u00e9e, Conseill\u00e8re municipale d\u00e9l\u00e9gu\u00e9e aux\u2026","rel":"","context":"Dans &quot;Compte-rendu&quot;","block_context":{"text":"Compte-rendu","link":"https:\/\/alaincardenas.com\/blog\/category\/compte-rendu\/"},"img":{"alt_text":"","src":"https:\/\/i0.wp.com\/alaincardenas.com\/blog\/wp-content\/uploads\/2026\/04\/SM-Supercortemaggiore.jpg?resize=350%2C200&ssl=1","width":350,"height":200},"classes":[]},{"id":7644,"url":"https:\/\/alaincardenas.com\/blog\/dunhuang-regards-est-ouest-compte-rendu-de-mission\/","url_meta":{"origin":7805,"position":4},"title":"Dunhuang\u00a0: regards Est-Ouest, compte-rendu de mission","author":"admin","date":"2023-10-31","format":false,"excerpt":"par Alain Cardenas-Castro et Christophe Comentale Compte-rendu de mission en Chine \u2013 P\u00e9kin, Dunhuang, octobre 2023. un cycle de missions centr\u00e9es sur l\u2019\u00e9tude des peintures murales, les fresques de Dunhuang (ill. 1 \u00e0 3), vues dans une perspective comparatiste a permis une continuit\u00e9 de points de vue et d\u2019observations men\u00e9es\u2026","rel":"","context":"Dans &quot;Asie&quot;","block_context":{"text":"Asie","link":"https:\/\/alaincardenas.com\/blog\/category\/asie\/"},"img":{"alt_text":"","src":"https:\/\/i0.wp.com\/alaincardenas.com\/blog\/wp-content\/uploads\/2023\/10\/IMG_6659-rotated.jpg?resize=350%2C200&ssl=1","width":350,"height":200},"classes":[]},{"id":6179,"url":"https:\/\/alaincardenas.com\/blog\/cinq-artistes-francais-des-reflets-de-lart-contemporain\/","url_meta":{"origin":7805,"position":5},"title":"Cinq artistes fran\u00e7ais\u00a0: des reflets de l\u2019art contemporain","author":"admin","date":"2022-03-08","format":false,"excerpt":"L\u2019importante exposition estivale du centre culturel de Chenghua est intrigante \u00e0 plus d\u2019un titre, d\u2019une part, elle va mettre en parall\u00e8le la cr\u00e9ation taiwanaise et internationale, de l\u2019autre, elle va mettre en pr\u00e9sence des artistes tr\u00e8s diff\u00e9rents. Pour ce qui a trait aux 5 artistes fran\u00e7ais r\u00e9sidant dans l\u2019hexagone, deux\u2026","rel":"","context":"Dans &quot;Asie&quot;","block_context":{"text":"Asie","link":"https:\/\/alaincardenas.com\/blog\/category\/asie\/"},"img":{"alt_text":"","src":"https:\/\/i0.wp.com\/alaincardenas.com\/blog\/wp-content\/uploads\/2022\/03\/Famille-royale300.jpeg?resize=350%2C200&ssl=1","width":350,"height":200,"srcset":"https:\/\/i0.wp.com\/alaincardenas.com\/blog\/wp-content\/uploads\/2022\/03\/Famille-royale300.jpeg?resize=350%2C200&ssl=1 1x, https:\/\/i0.wp.com\/alaincardenas.com\/blog\/wp-content\/uploads\/2022\/03\/Famille-royale300.jpeg?resize=525%2C300&ssl=1 1.5x"},"classes":[]}],"_links":{"self":[{"href":"https:\/\/alaincardenas.com\/blog\/wp-json\/wp\/v2\/posts\/7805"}],"collection":[{"href":"https:\/\/alaincardenas.com\/blog\/wp-json\/wp\/v2\/posts"}],"about":[{"href":"https:\/\/alaincardenas.com\/blog\/wp-json\/wp\/v2\/types\/post"}],"author":[{"embeddable":true,"href":"https:\/\/alaincardenas.com\/blog\/wp-json\/wp\/v2\/users\/1"}],"replies":[{"embeddable":true,"href":"https:\/\/alaincardenas.com\/blog\/wp-json\/wp\/v2\/comments?post=7805"}],"version-history":[{"count":5,"href":"https:\/\/alaincardenas.com\/blog\/wp-json\/wp\/v2\/posts\/7805\/revisions"}],"predecessor-version":[{"id":7823,"href":"https:\/\/alaincardenas.com\/blog\/wp-json\/wp\/v2\/posts\/7805\/revisions\/7823"}],"wp:attachment":[{"href":"https:\/\/alaincardenas.com\/blog\/wp-json\/wp\/v2\/media?parent=7805"}],"wp:term":[{"taxonomy":"category","embeddable":true,"href":"https:\/\/alaincardenas.com\/blog\/wp-json\/wp\/v2\/categories?post=7805"},{"taxonomy":"post_tag","embeddable":true,"href":"https:\/\/alaincardenas.com\/blog\/wp-json\/wp\/v2\/tags?post=7805"}],"curies":[{"name":"wp","href":"https:\/\/api.w.org\/{rel}","templated":true}]}}