{"id":7713,"date":"2023-12-19T15:46:44","date_gmt":"2023-12-19T14:46:44","guid":{"rendered":"https:\/\/alaincardenas.com\/blog\/?p=7713"},"modified":"2023-12-26T17:34:30","modified_gmt":"2023-12-26T16:34:30","slug":"l-e-t-h-e","status":"publish","type":"post","link":"https:\/\/alaincardenas.com\/blog\/l-e-t-h-e\/","title":{"rendered":"\u00a0L E\u00a0 \u00a0T H \u00c9"},"content":{"rendered":"\n<p><em><strong>The world of tea<\/strong><\/em>, Mus\u00e9e du Vieux palais, Cit\u00e9 interdite, P\u00e9kin. Exposition, du 2 septembre au 30 novembre 2023<\/p>\n\n\n\n<p>\u8336\u8d77\u6e90\u4e8e\u4e2d\u56fd\uff0c\u76db\u884c\u4e8e\u4e16\u754c<\/p>\n\n\n\n<p>\u4e3b\u529e\u5355\u4f4d\uff1a\u6545\u5bab\u535a\u7269\u9662<\/p>\n\n\n\n<p>Hall principal de la Porte du Midi et salles d\u2019exposition Est et Ouest de la Tour de l\u2019Aile de l\u2019Oie Sauvage<\/p>\n\n\n\n<p>\u6545\u5bab\u535a\u7269\u9662\u5348\u95e8\u6b63\u6bbf\u53ca\u4e1c\u897f\u96c1\u7fc5\u697c\u5c55\u5385<\/p>\n\n\n\n<p>Compte-rendu par Christophe Comentale (\u67ef\u5b5f\u5fb7) et Alain Cardenas-Castro (\u963f\u862d)<\/p>\n\n\n\n<figure class=\"wp-block-image size-full\"><a href=\"https:\/\/i0.wp.com\/alaincardenas.com\/blog\/wp-content\/uploads\/2023\/12\/IMG_6939-copie.jpg?ssl=1\"><img data-attachment-id=\"7758\" data-permalink=\"https:\/\/alaincardenas.com\/blog\/l-e-t-h-e\/img_6939-copie\/\" data-orig-file=\"https:\/\/i0.wp.com\/alaincardenas.com\/blog\/wp-content\/uploads\/2023\/12\/IMG_6939-copie.jpg?fit=613%2C269&amp;ssl=1\" data-orig-size=\"613,269\" data-comments-opened=\"0\" data-image-meta=\"{&quot;aperture&quot;:&quot;1.78&quot;,&quot;credit&quot;:&quot;&quot;,&quot;camera&quot;:&quot;iPhone 14 Pro Max&quot;,&quot;caption&quot;:&quot;&quot;,&quot;created_timestamp&quot;:&quot;1698155661&quot;,&quot;copyright&quot;:&quot;&quot;,&quot;focal_length&quot;:&quot;6.86&quot;,&quot;iso&quot;:&quot;200&quot;,&quot;shutter_speed&quot;:&quot;0.0082644628099174&quot;,&quot;title&quot;:&quot;&quot;,&quot;orientation&quot;:&quot;1&quot;}\" data-image-title=\"Ci-dessDe gauche \u00e0 droite. Christophe Comentale, Wang Xudong, Alain Cardenas-Castro Ci-dessus, de haut en bas et de gauche \u00e0 droite. Christophe Comentale, Wang Xudong, Alain Cardenas-Castro au d\u00e9partement des expositions du mus\u00e9e du Vieux Palais\" data-image-description=\"\" data-image-caption=\"\" data-medium-file=\"https:\/\/i0.wp.com\/alaincardenas.com\/blog\/wp-content\/uploads\/2023\/12\/IMG_6939-copie.jpg?fit=300%2C132&amp;ssl=1\" data-large-file=\"https:\/\/i0.wp.com\/alaincardenas.com\/blog\/wp-content\/uploads\/2023\/12\/IMG_6939-copie.jpg?fit=584%2C256&amp;ssl=1\" decoding=\"async\" loading=\"lazy\" width=\"584\" height=\"256\" src=\"https:\/\/i0.wp.com\/alaincardenas.com\/blog\/wp-content\/uploads\/2023\/12\/IMG_6939-copie.jpg?resize=584%2C256&#038;ssl=1\" alt=\"\" class=\"wp-image-7758\" srcset=\"https:\/\/i0.wp.com\/alaincardenas.com\/blog\/wp-content\/uploads\/2023\/12\/IMG_6939-copie.jpg?w=613&amp;ssl=1 613w, https:\/\/i0.wp.com\/alaincardenas.com\/blog\/wp-content\/uploads\/2023\/12\/IMG_6939-copie.jpg?resize=300%2C132&amp;ssl=1 300w, https:\/\/i0.wp.com\/alaincardenas.com\/blog\/wp-content\/uploads\/2023\/12\/IMG_6939-copie.jpg?resize=500%2C219&amp;ssl=1 500w\" sizes=\"(max-width: 584px) 100vw, 584px\" data-recalc-dims=\"1\" \/><\/a><\/figure>\n\n\n\n<figure class=\"wp-block-gallery has-nested-images columns-default is-cropped wp-block-gallery-1 is-layout-flex\">\n<figure class=\"wp-block-image size-large\"><a href=\"https:\/\/i0.wp.com\/alaincardenas.com\/blog\/wp-content\/uploads\/2023\/12\/1698466599119-copie.jpg?ssl=1\"><img data-attachment-id=\"7716\" data-permalink=\"https:\/\/alaincardenas.com\/blog\/l-e-t-h-e\/1698466599119-copie\/\" data-orig-file=\"https:\/\/i0.wp.com\/alaincardenas.com\/blog\/wp-content\/uploads\/2023\/12\/1698466599119-copie.jpg?fit=800%2C370&amp;ssl=1\" data-orig-size=\"800,370\" data-comments-opened=\"0\" data-image-meta=\"{&quot;aperture&quot;:&quot;0&quot;,&quot;credit&quot;:&quot;&quot;,&quot;camera&quot;:&quot;--&quot;,&quot;caption&quot;:&quot;&quot;,&quot;created_timestamp&quot;:&quot;0&quot;,&quot;copyright&quot;:&quot;&quot;,&quot;focal_length&quot;:&quot;0&quot;,&quot;iso&quot;:&quot;0&quot;,&quot;shutter_speed&quot;:&quot;1&quot;,&quot;title&quot;:&quot;&quot;,&quot;orientation&quot;:&quot;1&quot;}\" data-image-title=\"Un des pavillons de la Cit\u00e9 interdite\" data-image-description=\"\" data-image-caption=\"\" data-medium-file=\"https:\/\/i0.wp.com\/alaincardenas.com\/blog\/wp-content\/uploads\/2023\/12\/1698466599119-copie.jpg?fit=300%2C139&amp;ssl=1\" data-large-file=\"https:\/\/i0.wp.com\/alaincardenas.com\/blog\/wp-content\/uploads\/2023\/12\/1698466599119-copie.jpg?fit=584%2C270&amp;ssl=1\" decoding=\"async\" loading=\"lazy\" width=\"584\" height=\"270\" data-id=\"7716\"  src=\"https:\/\/i0.wp.com\/alaincardenas.com\/blog\/wp-content\/uploads\/2023\/12\/1698466599119-copie.jpg?resize=584%2C270&#038;ssl=1\" alt=\"\" class=\"wp-image-7716\" srcset=\"https:\/\/i0.wp.com\/alaincardenas.com\/blog\/wp-content\/uploads\/2023\/12\/1698466599119-copie.jpg?w=800&amp;ssl=1 800w, https:\/\/i0.wp.com\/alaincardenas.com\/blog\/wp-content\/uploads\/2023\/12\/1698466599119-copie.jpg?resize=300%2C139&amp;ssl=1 300w, https:\/\/i0.wp.com\/alaincardenas.com\/blog\/wp-content\/uploads\/2023\/12\/1698466599119-copie.jpg?resize=768%2C355&amp;ssl=1 768w, https:\/\/i0.wp.com\/alaincardenas.com\/blog\/wp-content\/uploads\/2023\/12\/1698466599119-copie.jpg?resize=500%2C231&amp;ssl=1 500w\" sizes=\"(max-width: 584px) 100vw, 584px\" data-recalc-dims=\"1\" \/><\/a><\/figure>\n\n\n\n<figure class=\"wp-block-image size-large\"><a href=\"https:\/\/i0.wp.com\/alaincardenas.com\/blog\/wp-content\/uploads\/2023\/12\/1698466599261.jpg?ssl=1\"><img data-attachment-id=\"7717\" data-permalink=\"https:\/\/alaincardenas.com\/blog\/l-e-t-h-e\/attachment\/1698466599261\/\" data-orig-file=\"https:\/\/i0.wp.com\/alaincardenas.com\/blog\/wp-content\/uploads\/2023\/12\/1698466599261.jpg?fit=800%2C370&amp;ssl=1\" data-orig-size=\"800,370\" data-comments-opened=\"0\" data-image-meta=\"{&quot;aperture&quot;:&quot;0&quot;,&quot;credit&quot;:&quot;&quot;,&quot;camera&quot;:&quot;--&quot;,&quot;caption&quot;:&quot;&quot;,&quot;created_timestamp&quot;:&quot;0&quot;,&quot;copyright&quot;:&quot;&quot;,&quot;focal_length&quot;:&quot;0&quot;,&quot;iso&quot;:&quot;0&quot;,&quot;shutter_speed&quot;:&quot;1&quot;,&quot;title&quot;:&quot;&quot;,&quot;orientation&quot;:&quot;1&quot;}\" data-image-title=\"\" data-image-description=\"\" data-image-caption=\"\" data-medium-file=\"https:\/\/i0.wp.com\/alaincardenas.com\/blog\/wp-content\/uploads\/2023\/12\/1698466599261.jpg?fit=300%2C139&amp;ssl=1\" data-large-file=\"https:\/\/i0.wp.com\/alaincardenas.com\/blog\/wp-content\/uploads\/2023\/12\/1698466599261.jpg?fit=584%2C270&amp;ssl=1\" decoding=\"async\" loading=\"lazy\" width=\"584\" height=\"270\" data-id=\"7717\"  src=\"https:\/\/i0.wp.com\/alaincardenas.com\/blog\/wp-content\/uploads\/2023\/12\/1698466599261.jpg?resize=584%2C270&#038;ssl=1\" alt=\"\" class=\"wp-image-7717\" srcset=\"https:\/\/i0.wp.com\/alaincardenas.com\/blog\/wp-content\/uploads\/2023\/12\/1698466599261.jpg?w=800&amp;ssl=1 800w, https:\/\/i0.wp.com\/alaincardenas.com\/blog\/wp-content\/uploads\/2023\/12\/1698466599261.jpg?resize=300%2C139&amp;ssl=1 300w, https:\/\/i0.wp.com\/alaincardenas.com\/blog\/wp-content\/uploads\/2023\/12\/1698466599261.jpg?resize=768%2C355&amp;ssl=1 768w, https:\/\/i0.wp.com\/alaincardenas.com\/blog\/wp-content\/uploads\/2023\/12\/1698466599261.jpg?resize=500%2C231&amp;ssl=1 500w\" sizes=\"(max-width: 584px) 100vw, 584px\" data-recalc-dims=\"1\" \/><\/a><\/figure>\n<\/figure>\n\n\n\n<hr class=\"wp-block-separator has-alpha-channel-opacity\"\/>\n\n\n\n<p class=\"has-small-font-size\">Ci-dessus, de haut en bas et de gauche \u00e0 droite. Christophe Comentale, Wang Xudong, Alain Cardenas-Castro au d\u00e9partement des expositions du mus\u00e9e du Vieux Palais et diff\u00e9rents pavillons de la Cit\u00e9 interdite<\/p>\n\n\n\n<hr class=\"wp-block-separator has-alpha-channel-opacity\"\/>\n\n\n\n<blockquote class=\"wp-block-quote\">\n<p>Cette manifestation exceptionnelle par sa sc\u00e9nographie tire parti de l\u2019unicit\u00e9 du lieu et aussi d\u2019un floril\u00e8ge de pi\u00e8ces arch\u00e9ologiques et patrimoniales choisies au sein des collections du Palais et de grands mus\u00e9es de la Chine ayant des pi\u00e8ces \u00e9vocatrices du propos des organisateurs. Comme l\u2019a rappel\u00e9 le pr\u00e9sident de l\u2019\u00e9tablissement, Monsieur Wang Xudong, rencontr\u00e9 en octobre dernier dans cet \u00e9tablissement dont il ne cesse de valoriser les actions envers les collections et le public, \u00ab Le th\u00e9 est originaire de Chine et a affirm\u00e9 une popularit\u00e9 unique dans le monde entier. Les diff\u00e9rentes campagnes de r\u00e9novation du mus\u00e9e ont permis de davantage mettre en valeur ses collections uniques. Elles permettent de r\u00e9v\u00e9ler au public chinois des tr\u00e9sors rarement montr\u00e9s, quant au public \u00e9tranger, il reste sous le charme de ce lieu de quelque 72 hectares \u00bb.<\/p>\n<\/blockquote>\n\n\n\n<!--more-->\n\n\n\n<p><strong>Le lieu, rappel d\u2019\u00e9l\u00e9ments \u00e9pars et essentiels<\/strong><\/p>\n\n\n\n<p>Le mus\u00e9e du Vieux palais est install\u00e9 dans les b\u00e2timents de la&nbsp;Cit\u00e9 interdite, situ\u00e9e au centre de&nbsp;P\u00e9kin.&nbsp; Cet ancien palais imp\u00e9rial a vu se succ\u00e9der les&nbsp;dynasties Ming (1368-1644) et Qing durant pr\u00e8s de cinq si\u00e8cles, ce fut la demeure de l&rsquo;Empereur&nbsp;et de sa&nbsp;domesticit\u00e9, et le centre politique du gouvernement chinois.<\/p>\n\n\n\n<p>Construit entre 1406 et 1420, le complexe se compose de 980&nbsp;b\u00e2timents comportant 8&nbsp;707&nbsp;pi\u00e8ces, sur un espace d&rsquo;une superficie de 72 hectares. Il illustre l&rsquo;architecture classique des palais chinois, et a influenc\u00e9 les d\u00e9veloppements culturels et architecturaux en&nbsp;Asie de l&rsquo;Est&nbsp;et ailleurs. La Cit\u00e9 interdite a \u00e9t\u00e9 inscrite au&nbsp;Patrimoine mondial&nbsp;en 1987, l&rsquo;UNESCO&nbsp;la r\u00e9pertorie comme le plus grand ensemble de structures anciennes en bois encore existant dans le monde.<\/p>\n\n\n\n<p>En 1924, Puyi le dernier empereur de l&rsquo;histoire chinoise, a quitt\u00e9 la \u00ab Cit\u00e9 interdite \u00bb, le&nbsp;mus\u00e9e<strong> <\/strong>a ouvert ses portes au public en 1925, apr\u00e8s que ce&nbsp;dernier empereur de Chine&nbsp;ait \u00e9t\u00e9 \u00e9vinc\u00e9 de son palais.<\/p>\n\n\n\n<p>La construction des b\u00e2timents s\u2019\u00e9chelonne entre 1406 et 1420, plus d\u2019un million huit cent mille \u0153uvres d&rsquo;art, y sont rassembl\u00e9es. Elles proviennent principalement des collections imp\u00e9riales des&nbsp;dynasties Ming&nbsp;et&nbsp;Qing, de enrichissements constants ont \u00e9t\u00e9 faits tout au long du&nbsp;xx<sup>e<\/sup>&nbsp;si\u00e8cle par de nouvelles acquisitions, des apports d&rsquo;autres mus\u00e9es, et de nouvelles d\u00e9couvertes arch\u00e9ologiques. Le mus\u00e9e a re\u00e7u plus de 17 millions de visiteurs en 2018, ce qui en fait le mus\u00e9e le plus visit\u00e9 au monde.<\/p>\n\n\n\n<p>Pr\u00e9sentant une forme rectangulaire, le Palais imp\u00e9rial est long de 960 m\u00e8tres du nord au sud, et de large de 750 m\u00e8tres d&rsquo;est en ouest, avec une superficie de 720 000 m\u00b2. On y compte 9999,5 pi\u00e8ces dont la superficie b\u00e2tie totalise 150 000 m\u00b2. Ses murs d&rsquo;enceinte pourpre ont une longueur totale de 3 400 m\u00e8tres, renforc\u00e9s \u00e0 ses angles de quatre bastions. Une douve contourne autour des murs d&rsquo;enceinte.<\/p>\n\n\n\n<p>\u00a0La composition du Palais imp\u00e9rial se divise en palais ext\u00e9rieur et palais int\u00e9rieur. Une ligne axiale travers la Cit\u00e9, et tous les b\u00e2timents en sont dispos\u00e9s de part et d&rsquo;autre. Les constructions dominantes du palais ext\u00e9rieur sont les salles Taihe, Zhonghe et Baohe, lesquelles se dressent toutes sur des terrasses hautes de 8 m\u00e8tres, avec une superficie b\u00e2tie totale de 85 000 m\u00b2. La salle Taihe est la plus importante : haute de 35 m\u00e8tres, large de 63 m\u00e8tres et longue de 33 m\u00e8tres, elle couvre une superficie de 2377 m\u00b2. C&rsquo;est la plus grande construction de bois de Chine.<\/p>\n\n\n<div class=\"wp-block-image\">\n<figure class=\"aligncenter size-full\"><a href=\"https:\/\/i0.wp.com\/alaincardenas.com\/blog\/wp-content\/uploads\/2023\/12\/Capture-decran-2023-12-19-a-15.09.39.png?ssl=1\"><img data-attachment-id=\"7771\" data-permalink=\"https:\/\/alaincardenas.com\/blog\/l-e-t-h-e\/capture-decran-2023-12-19-a-15-09-39\/\" data-orig-file=\"https:\/\/i0.wp.com\/alaincardenas.com\/blog\/wp-content\/uploads\/2023\/12\/Capture-decran-2023-12-19-a-15.09.39.png?fit=375%2C335&amp;ssl=1\" data-orig-size=\"375,335\" data-comments-opened=\"0\" data-image-meta=\"{&quot;aperture&quot;:&quot;0&quot;,&quot;credit&quot;:&quot;&quot;,&quot;camera&quot;:&quot;&quot;,&quot;caption&quot;:&quot;&quot;,&quot;created_timestamp&quot;:&quot;0&quot;,&quot;copyright&quot;:&quot;&quot;,&quot;focal_length&quot;:&quot;0&quot;,&quot;iso&quot;:&quot;0&quot;,&quot;shutter_speed&quot;:&quot;0&quot;,&quot;title&quot;:&quot;&quot;,&quot;orientation&quot;:&quot;0&quot;}\" data-image-title=\"Salles d\u2019exposition Est et Ouest de la Tour de l\u2019Aile de l\u2019Oie sauvage\" data-image-description=\"\" data-image-caption=\"\" data-medium-file=\"https:\/\/i0.wp.com\/alaincardenas.com\/blog\/wp-content\/uploads\/2023\/12\/Capture-decran-2023-12-19-a-15.09.39.png?fit=300%2C268&amp;ssl=1\" data-large-file=\"https:\/\/i0.wp.com\/alaincardenas.com\/blog\/wp-content\/uploads\/2023\/12\/Capture-decran-2023-12-19-a-15.09.39.png?fit=375%2C335&amp;ssl=1\" decoding=\"async\" loading=\"lazy\" width=\"375\" height=\"335\" src=\"https:\/\/i0.wp.com\/alaincardenas.com\/blog\/wp-content\/uploads\/2023\/12\/Capture-decran-2023-12-19-a-15.09.39.png?resize=375%2C335&#038;ssl=1\" alt=\"\" class=\"wp-image-7771\" srcset=\"https:\/\/i0.wp.com\/alaincardenas.com\/blog\/wp-content\/uploads\/2023\/12\/Capture-decran-2023-12-19-a-15.09.39.png?w=375&amp;ssl=1 375w, https:\/\/i0.wp.com\/alaincardenas.com\/blog\/wp-content\/uploads\/2023\/12\/Capture-decran-2023-12-19-a-15.09.39.png?resize=300%2C268&amp;ssl=1 300w, https:\/\/i0.wp.com\/alaincardenas.com\/blog\/wp-content\/uploads\/2023\/12\/Capture-decran-2023-12-19-a-15.09.39.png?resize=336%2C300&amp;ssl=1 336w\" sizes=\"(max-width: 375px) 100vw, 375px\" data-recalc-dims=\"1\" \/><\/a><\/figure><\/div>\n\n<div class=\"wp-block-image\">\n<figure class=\"aligncenter size-full\"><a href=\"https:\/\/i0.wp.com\/alaincardenas.com\/blog\/wp-content\/uploads\/2023\/12\/4-feuilles-de-the-pivoine-blanche-Fujian-zones-montagneuses-N-E.jpg?ssl=1\"><img data-attachment-id=\"7723\" data-permalink=\"https:\/\/alaincardenas.com\/blog\/l-e-t-h-e\/4-feuilles-de-the-pivoine-blanche-fujian-zones-montagneuses-n-e\/\" data-orig-file=\"https:\/\/i0.wp.com\/alaincardenas.com\/blog\/wp-content\/uploads\/2023\/12\/4-feuilles-de-the-pivoine-blanche-Fujian-zones-montagneuses-N-E.jpg?fit=800%2C533&amp;ssl=1\" data-orig-size=\"800,533\" data-comments-opened=\"0\" data-image-meta=\"{&quot;aperture&quot;:&quot;0&quot;,&quot;credit&quot;:&quot;&quot;,&quot;camera&quot;:&quot;&quot;,&quot;caption&quot;:&quot;&quot;,&quot;created_timestamp&quot;:&quot;0&quot;,&quot;copyright&quot;:&quot;&quot;,&quot;focal_length&quot;:&quot;0&quot;,&quot;iso&quot;:&quot;0&quot;,&quot;shutter_speed&quot;:&quot;0&quot;,&quot;title&quot;:&quot;&quot;,&quot;orientation&quot;:&quot;1&quot;}\" data-image-title=\"Th\u00e9 de type pivoine blanche, mus\u00e9e des feuilles de th\u00e9 chinois\" data-image-description=\"\" data-image-caption=\"\" data-medium-file=\"https:\/\/i0.wp.com\/alaincardenas.com\/blog\/wp-content\/uploads\/2023\/12\/4-feuilles-de-the-pivoine-blanche-Fujian-zones-montagneuses-N-E.jpg?fit=300%2C200&amp;ssl=1\" data-large-file=\"https:\/\/i0.wp.com\/alaincardenas.com\/blog\/wp-content\/uploads\/2023\/12\/4-feuilles-de-the-pivoine-blanche-Fujian-zones-montagneuses-N-E.jpg?fit=584%2C389&amp;ssl=1\" decoding=\"async\" loading=\"lazy\" width=\"584\" height=\"389\" src=\"https:\/\/i0.wp.com\/alaincardenas.com\/blog\/wp-content\/uploads\/2023\/12\/4-feuilles-de-the-pivoine-blanche-Fujian-zones-montagneuses-N-E.jpg?resize=584%2C389&#038;ssl=1\" alt=\"Th\u00e9 de type pivoine blanche\" class=\"wp-image-7723\" srcset=\"https:\/\/i0.wp.com\/alaincardenas.com\/blog\/wp-content\/uploads\/2023\/12\/4-feuilles-de-the-pivoine-blanche-Fujian-zones-montagneuses-N-E.jpg?w=800&amp;ssl=1 800w, https:\/\/i0.wp.com\/alaincardenas.com\/blog\/wp-content\/uploads\/2023\/12\/4-feuilles-de-the-pivoine-blanche-Fujian-zones-montagneuses-N-E.jpg?resize=300%2C200&amp;ssl=1 300w, https:\/\/i0.wp.com\/alaincardenas.com\/blog\/wp-content\/uploads\/2023\/12\/4-feuilles-de-the-pivoine-blanche-Fujian-zones-montagneuses-N-E.jpg?resize=768%2C512&amp;ssl=1 768w, https:\/\/i0.wp.com\/alaincardenas.com\/blog\/wp-content\/uploads\/2023\/12\/4-feuilles-de-the-pivoine-blanche-Fujian-zones-montagneuses-N-E.jpg?resize=450%2C300&amp;ssl=1 450w\" sizes=\"(max-width: 584px) 100vw, 584px\" data-recalc-dims=\"1\" \/><\/a><figcaption class=\"wp-element-caption\">Th\u00e9 de type pivoine blanche, mus\u00e9e des feuilles de th\u00e9 chinois. Cette sorte de th\u00e9 cro\u00eet dans les zones montagneuses du Nord-Est de la province du Fujian. C\u2019est une des qualit\u00e9s de th\u00e9 consid\u00e9r\u00e9es comme \u00e9tant parmi les meilleurs pour leur aspect et leur saveur dense. <br>\u767d\u7261\u4e39 \u4e2d\u56fd\u8336\u53f6\u535a\u7269\u9986<br>\u4ea7\u5730\uff1a\u798f\u5efa\u7701\u4e1c\u5317\u90e8\u5c71\u533a \u3002<br>\u54c1\u8d28\u7279\u5f81\uff1a\u82bd\u53f6\u8fde\u6897\uff0c\u5f62\u6001\u81ea\u7136\uff0c\u8272\u6cfd\u6d45\u7070\uff0c\u53f6\u8109\u5fae\u7ea2\uff1b\u6c64\u8272\u674f\u9ec4\u3001\u660e\u4eae\uff0c\u9999\u6c14\u6e05\u548c\uff0c\u6ecb\u5473\u9187\u539a<\/figcaption><\/figure><\/div>\n\n\n<p><strong>Un th\u00e8me qui allie l\u2019histoire du quotidien, de l\u2019histoire, des arts\u2026<\/strong><\/p>\n\n\n\n<p>La l\u00e9gende raconte que pendant l\u2019\u00e8re Shennong, les Chinois avaient d\u00e9j\u00e0 connu et utilis\u00e9 le th\u00e9, et l\u2019arch\u00e9ologie a prouv\u00e9 que l\u2019histoire de la culture artificielle des arbres \u00e0 th\u00e9 est de plus de 6 000 ans. Depuis la dynastie Han, la perception et les m\u00e9thodes de pr\u00e9paration du th\u00e9 sont devenues de plus en plus diversifi\u00e9es, et la consommation de th\u00e9 s\u2019est non seulement d\u00e9velopp\u00e9e en une n\u00e9cessit\u00e9 et un mode de vie quotidiens, mais est \u00e9galement devenue une expression de la philosophie chinoise de \u00ab&nbsp;l\u2019harmonie&nbsp;\u00bb. Depuis plus de 1 000 ans, le th\u00e9 est pass\u00e9 de la Chine au monde et s\u2019est int\u00e9gr\u00e9 dans la vie des gens du monde entier, et diff\u00e9rents facteurs culturels ont \u00e9galement enrichi le contenu de la culture du th\u00e9 chinois. Avec le th\u00e9 comme moyen et apprentissage mutuel, le th\u00e9 est la \u00ab&nbsp;carte de visite chinoise&nbsp;\u00bb qui porte l\u2019histoire et la culture. Cette exposition rassemble les collections de plus de 30 institutions arch\u00e9ologiques et culturelles au pays et \u00e0 l\u2019\u00e9tranger pour montrer le d\u00e9veloppement et la vulgarisation de la culture du th\u00e9 sur des milliers d\u2019ann\u00e9es, ainsi que la poursuite philosophique de l\u2019unit\u00e9 de la nature et de l\u2019homme et de l\u2019unit\u00e9 du monde.<\/p>\n\n\n\n<figure class=\"wp-block-gallery has-nested-images columns-default is-cropped wp-block-gallery-3 is-layout-flex\">\n<figure class=\"wp-block-image size-large\"><a href=\"https:\/\/i0.wp.com\/alaincardenas.com\/blog\/wp-content\/uploads\/2023\/12\/3-feuilles-de-the-noi-Fujian-Mts-Wuyi.jpg?ssl=1\"><img data-attachment-id=\"7722\" data-permalink=\"https:\/\/alaincardenas.com\/blog\/l-e-t-h-e\/3-feuilles-de-the-noi-fujian-mts-wuyi\/\" data-orig-file=\"https:\/\/i0.wp.com\/alaincardenas.com\/blog\/wp-content\/uploads\/2023\/12\/3-feuilles-de-the-noi-Fujian-Mts-Wuyi.jpg?fit=800%2C534&amp;ssl=1\" data-orig-size=\"800,534\" data-comments-opened=\"0\" data-image-meta=\"{&quot;aperture&quot;:&quot;0&quot;,&quot;credit&quot;:&quot;&quot;,&quot;camera&quot;:&quot;&quot;,&quot;caption&quot;:&quot;&quot;,&quot;created_timestamp&quot;:&quot;0&quot;,&quot;copyright&quot;:&quot;&quot;,&quot;focal_length&quot;:&quot;0&quot;,&quot;iso&quot;:&quot;0&quot;,&quot;shutter_speed&quot;:&quot;0&quot;,&quot;title&quot;:&quot;&quot;,&quot;orientation&quot;:&quot;1&quot;}\" data-image-title=\"Feuilles de th\u00e9 de  l\u2019esp\u00e8ce dite Dahongpao, une sorte de th\u00e9 noir \u00e0 grandes feuilles.\" data-image-description=\"\" data-image-caption=\"\" data-medium-file=\"https:\/\/i0.wp.com\/alaincardenas.com\/blog\/wp-content\/uploads\/2023\/12\/3-feuilles-de-the-noi-Fujian-Mts-Wuyi.jpg?fit=300%2C200&amp;ssl=1\" data-large-file=\"https:\/\/i0.wp.com\/alaincardenas.com\/blog\/wp-content\/uploads\/2023\/12\/3-feuilles-de-the-noi-Fujian-Mts-Wuyi.jpg?fit=584%2C390&amp;ssl=1\" decoding=\"async\" loading=\"lazy\" width=\"584\" height=\"390\" data-id=\"7722\"  src=\"https:\/\/i0.wp.com\/alaincardenas.com\/blog\/wp-content\/uploads\/2023\/12\/3-feuilles-de-the-noi-Fujian-Mts-Wuyi.jpg?resize=584%2C390&#038;ssl=1\" alt=\"\" class=\"wp-image-7722\" srcset=\"https:\/\/i0.wp.com\/alaincardenas.com\/blog\/wp-content\/uploads\/2023\/12\/3-feuilles-de-the-noi-Fujian-Mts-Wuyi.jpg?w=800&amp;ssl=1 800w, https:\/\/i0.wp.com\/alaincardenas.com\/blog\/wp-content\/uploads\/2023\/12\/3-feuilles-de-the-noi-Fujian-Mts-Wuyi.jpg?resize=300%2C200&amp;ssl=1 300w, https:\/\/i0.wp.com\/alaincardenas.com\/blog\/wp-content\/uploads\/2023\/12\/3-feuilles-de-the-noi-Fujian-Mts-Wuyi.jpg?resize=768%2C513&amp;ssl=1 768w, https:\/\/i0.wp.com\/alaincardenas.com\/blog\/wp-content\/uploads\/2023\/12\/3-feuilles-de-the-noi-Fujian-Mts-Wuyi.jpg?resize=449%2C300&amp;ssl=1 449w\" sizes=\"(max-width: 584px) 100vw, 584px\" data-recalc-dims=\"1\" \/><\/a><figcaption class=\"wp-element-caption\">1<\/figcaption><\/figure>\n\n\n\n<figure class=\"wp-block-image size-large\"><a href=\"https:\/\/i0.wp.com\/alaincardenas.com\/blog\/wp-content\/uploads\/2023\/12\/10-the-Puer-en-conditionnemen-t-de-6-briques-musee-du-the.jpg?ssl=1\"><img data-attachment-id=\"7729\" data-permalink=\"https:\/\/alaincardenas.com\/blog\/l-e-t-h-e\/10-the-puer-en-conditionnemen-t-de-6-briques-musee-du-the\/\" data-orig-file=\"https:\/\/i0.wp.com\/alaincardenas.com\/blog\/wp-content\/uploads\/2023\/12\/10-the-Puer-en-conditionnemen-t-de-6-briques-musee-du-the.jpg?fit=450%2C600&amp;ssl=1\" data-orig-size=\"450,600\" data-comments-opened=\"0\" data-image-meta=\"{&quot;aperture&quot;:&quot;0&quot;,&quot;credit&quot;:&quot;&quot;,&quot;camera&quot;:&quot;&quot;,&quot;caption&quot;:&quot;&quot;,&quot;created_timestamp&quot;:&quot;0&quot;,&quot;copyright&quot;:&quot;&quot;,&quot;focal_length&quot;:&quot;0&quot;,&quot;iso&quot;:&quot;0&quot;,&quot;shutter_speed&quot;:&quot;0&quot;,&quot;title&quot;:&quot;&quot;,&quot;orientation&quot;:&quot;1&quot;}\" data-image-title=\"Briques de th\u00e9 Pu\u2019er dans leur emballage\" data-image-description=\"\" data-image-caption=\"\" data-medium-file=\"https:\/\/i0.wp.com\/alaincardenas.com\/blog\/wp-content\/uploads\/2023\/12\/10-the-Puer-en-conditionnemen-t-de-6-briques-musee-du-the.jpg?fit=225%2C300&amp;ssl=1\" data-large-file=\"https:\/\/i0.wp.com\/alaincardenas.com\/blog\/wp-content\/uploads\/2023\/12\/10-the-Puer-en-conditionnemen-t-de-6-briques-musee-du-the.jpg?fit=450%2C600&amp;ssl=1\" decoding=\"async\" loading=\"lazy\" width=\"450\" height=\"600\" data-id=\"7729\"  src=\"https:\/\/i0.wp.com\/alaincardenas.com\/blog\/wp-content\/uploads\/2023\/12\/10-the-Puer-en-conditionnemen-t-de-6-briques-musee-du-the.jpg?resize=450%2C600&#038;ssl=1\" alt=\"\" class=\"wp-image-7729\" srcset=\"https:\/\/i0.wp.com\/alaincardenas.com\/blog\/wp-content\/uploads\/2023\/12\/10-the-Puer-en-conditionnemen-t-de-6-briques-musee-du-the.jpg?w=450&amp;ssl=1 450w, https:\/\/i0.wp.com\/alaincardenas.com\/blog\/wp-content\/uploads\/2023\/12\/10-the-Puer-en-conditionnemen-t-de-6-briques-musee-du-the.jpg?resize=225%2C300&amp;ssl=1 225w\" sizes=\"(max-width: 450px) 100vw, 450px\" data-recalc-dims=\"1\" \/><\/a><figcaption class=\"wp-element-caption\">2<\/figcaption><\/figure>\n\n\n\n<figure class=\"wp-block-image size-large\"><a href=\"https:\/\/i0.wp.com\/alaincardenas.com\/blog\/wp-content\/uploads\/2023\/12\/25-theiere-laque-a-inclusions-or-motifs-petales-Qing.jpg?ssl=1\"><img data-attachment-id=\"7736\" data-permalink=\"https:\/\/alaincardenas.com\/blog\/l-e-t-h-e\/25-theiere-laque-a-inclusions-or-motifs-petales-qing\/\" data-orig-file=\"https:\/\/i0.wp.com\/alaincardenas.com\/blog\/wp-content\/uploads\/2023\/12\/25-theiere-laque-a-inclusions-or-motifs-petales-Qing.jpg?fit=450%2C600&amp;ssl=1\" data-orig-size=\"450,600\" data-comments-opened=\"0\" data-image-meta=\"{&quot;aperture&quot;:&quot;0&quot;,&quot;credit&quot;:&quot;&quot;,&quot;camera&quot;:&quot;&quot;,&quot;caption&quot;:&quot;&quot;,&quot;created_timestamp&quot;:&quot;0&quot;,&quot;copyright&quot;:&quot;&quot;,&quot;focal_length&quot;:&quot;0&quot;,&quot;iso&quot;:&quot;0&quot;,&quot;shutter_speed&quot;:&quot;0&quot;,&quot;title&quot;:&quot;&quot;,&quot;orientation&quot;:&quot;1&quot;}\" data-image-title=\"Aigui\u00e8re (dyn. Qing)\" data-image-description=\"\" data-image-caption=\"\" data-medium-file=\"https:\/\/i0.wp.com\/alaincardenas.com\/blog\/wp-content\/uploads\/2023\/12\/25-theiere-laque-a-inclusions-or-motifs-petales-Qing.jpg?fit=225%2C300&amp;ssl=1\" data-large-file=\"https:\/\/i0.wp.com\/alaincardenas.com\/blog\/wp-content\/uploads\/2023\/12\/25-theiere-laque-a-inclusions-or-motifs-petales-Qing.jpg?fit=450%2C600&amp;ssl=1\" decoding=\"async\" loading=\"lazy\" width=\"450\" height=\"600\" data-id=\"7736\"  src=\"https:\/\/i0.wp.com\/alaincardenas.com\/blog\/wp-content\/uploads\/2023\/12\/25-theiere-laque-a-inclusions-or-motifs-petales-Qing.jpg?resize=450%2C600&#038;ssl=1\" alt=\"\" class=\"wp-image-7736\" srcset=\"https:\/\/i0.wp.com\/alaincardenas.com\/blog\/wp-content\/uploads\/2023\/12\/25-theiere-laque-a-inclusions-or-motifs-petales-Qing.jpg?w=450&amp;ssl=1 450w, https:\/\/i0.wp.com\/alaincardenas.com\/blog\/wp-content\/uploads\/2023\/12\/25-theiere-laque-a-inclusions-or-motifs-petales-Qing.jpg?resize=225%2C300&amp;ssl=1 225w\" sizes=\"(max-width: 450px) 100vw, 450px\" data-recalc-dims=\"1\" \/><\/a><figcaption class=\"wp-element-caption\">3<\/figcaption><\/figure>\n\n\n\n<figure class=\"wp-block-image size-large\"><a href=\"https:\/\/i0.wp.com\/alaincardenas.com\/blog\/wp-content\/uploads\/2023\/12\/23-ceramique-Jizhou-Song-diam-spr-123-diam-pied-4cm.jpg?ssl=1\"><img data-attachment-id=\"7734\" data-permalink=\"https:\/\/alaincardenas.com\/blog\/l-e-t-h-e\/23-ceramique-jizhou-song-diam-spr-123-diam-pied-4cm\/\" data-orig-file=\"https:\/\/i0.wp.com\/alaincardenas.com\/blog\/wp-content\/uploads\/2023\/12\/23-ceramique-Jizhou-Song-diam-spr-123-diam-pied-4cm.jpg?fit=450%2C600&amp;ssl=1\" data-orig-size=\"450,600\" data-comments-opened=\"0\" data-image-meta=\"{&quot;aperture&quot;:&quot;2.2&quot;,&quot;credit&quot;:&quot;&quot;,&quot;camera&quot;:&quot;iPhone 14 Pro Max&quot;,&quot;caption&quot;:&quot;&quot;,&quot;created_timestamp&quot;:&quot;1701034010&quot;,&quot;copyright&quot;:&quot;&quot;,&quot;focal_length&quot;:&quot;2.22&quot;,&quot;iso&quot;:&quot;1600&quot;,&quot;shutter_speed&quot;:&quot;0.04&quot;,&quot;title&quot;:&quot;&quot;,&quot;orientation&quot;:&quot;1&quot;}\" data-image-title=\"Bol \u00e0 d\u00e9coupes int\u00e9gr\u00e9es au d\u00e9cor\" data-image-description=\"\" data-image-caption=\"\" data-medium-file=\"https:\/\/i0.wp.com\/alaincardenas.com\/blog\/wp-content\/uploads\/2023\/12\/23-ceramique-Jizhou-Song-diam-spr-123-diam-pied-4cm.jpg?fit=225%2C300&amp;ssl=1\" data-large-file=\"https:\/\/i0.wp.com\/alaincardenas.com\/blog\/wp-content\/uploads\/2023\/12\/23-ceramique-Jizhou-Song-diam-spr-123-diam-pied-4cm.jpg?fit=450%2C600&amp;ssl=1\" decoding=\"async\" loading=\"lazy\" width=\"450\" height=\"600\" data-id=\"7734\"  src=\"https:\/\/i0.wp.com\/alaincardenas.com\/blog\/wp-content\/uploads\/2023\/12\/23-ceramique-Jizhou-Song-diam-spr-123-diam-pied-4cm.jpg?resize=450%2C600&#038;ssl=1\" alt=\"\" class=\"wp-image-7734\" srcset=\"https:\/\/i0.wp.com\/alaincardenas.com\/blog\/wp-content\/uploads\/2023\/12\/23-ceramique-Jizhou-Song-diam-spr-123-diam-pied-4cm.jpg?w=450&amp;ssl=1 450w, https:\/\/i0.wp.com\/alaincardenas.com\/blog\/wp-content\/uploads\/2023\/12\/23-ceramique-Jizhou-Song-diam-spr-123-diam-pied-4cm.jpg?resize=225%2C300&amp;ssl=1 225w\" sizes=\"(max-width: 450px) 100vw, 450px\" data-recalc-dims=\"1\" \/><\/a><figcaption class=\"wp-element-caption\">4<\/figcaption><\/figure>\n\n\n\n<figure class=\"wp-block-image size-large\"><a href=\"https:\/\/i0.wp.com\/alaincardenas.com\/blog\/wp-content\/uploads\/2023\/12\/38-papier-a-lettres-grave-sur-bois-ep.-mod.-1840-1949-Chen-Hongshou.jpg?ssl=1\"><img data-attachment-id=\"7749\" data-permalink=\"https:\/\/alaincardenas.com\/blog\/l-e-t-h-e\/38-papier-a-lettres-grave-sur-bois-ep-mod-1840-1949-chen-hongshou\/\" data-orig-file=\"https:\/\/i0.wp.com\/alaincardenas.com\/blog\/wp-content\/uploads\/2023\/12\/38-papier-a-lettres-grave-sur-bois-ep.-mod.-1840-1949-Chen-Hongshou.jpg?fit=315%2C600&amp;ssl=1\" data-orig-size=\"315,600\" data-comments-opened=\"0\" data-image-meta=\"{&quot;aperture&quot;:&quot;2.2&quot;,&quot;credit&quot;:&quot;&quot;,&quot;camera&quot;:&quot;iPhone 14 Pro Max&quot;,&quot;caption&quot;:&quot;&quot;,&quot;created_timestamp&quot;:&quot;1701034373&quot;,&quot;copyright&quot;:&quot;&quot;,&quot;focal_length&quot;:&quot;2.22&quot;,&quot;iso&quot;:&quot;1600&quot;,&quot;shutter_speed&quot;:&quot;0.029411764705882&quot;,&quot;title&quot;:&quot;&quot;,&quot;orientation&quot;:&quot;1&quot;}\" data-image-title=\"Papier de correspondance de lettr\u00e9, impression xylographique en impression rouge\" data-image-description=\"\" data-image-caption=\"\" data-medium-file=\"https:\/\/i0.wp.com\/alaincardenas.com\/blog\/wp-content\/uploads\/2023\/12\/38-papier-a-lettres-grave-sur-bois-ep.-mod.-1840-1949-Chen-Hongshou.jpg?fit=158%2C300&amp;ssl=1\" data-large-file=\"https:\/\/i0.wp.com\/alaincardenas.com\/blog\/wp-content\/uploads\/2023\/12\/38-papier-a-lettres-grave-sur-bois-ep.-mod.-1840-1949-Chen-Hongshou.jpg?fit=315%2C600&amp;ssl=1\" decoding=\"async\" loading=\"lazy\" width=\"315\" height=\"600\" data-id=\"7749\"  src=\"https:\/\/i0.wp.com\/alaincardenas.com\/blog\/wp-content\/uploads\/2023\/12\/38-papier-a-lettres-grave-sur-bois-ep.-mod.-1840-1949-Chen-Hongshou.jpg?resize=315%2C600&#038;ssl=1\" alt=\"\" class=\"wp-image-7749\" srcset=\"https:\/\/i0.wp.com\/alaincardenas.com\/blog\/wp-content\/uploads\/2023\/12\/38-papier-a-lettres-grave-sur-bois-ep.-mod.-1840-1949-Chen-Hongshou.jpg?w=315&amp;ssl=1 315w, https:\/\/i0.wp.com\/alaincardenas.com\/blog\/wp-content\/uploads\/2023\/12\/38-papier-a-lettres-grave-sur-bois-ep.-mod.-1840-1949-Chen-Hongshou.jpg?resize=158%2C300&amp;ssl=1 158w\" sizes=\"(max-width: 315px) 100vw, 315px\" data-recalc-dims=\"1\" \/><\/a><figcaption class=\"wp-element-caption\">5<\/figcaption><\/figure>\n\n\n\n<figure class=\"wp-block-image size-large\"><a href=\"https:\/\/i0.wp.com\/alaincardenas.com\/blog\/wp-content\/uploads\/2023\/12\/5-feuilles-de-the-Yangxian-.jpg?ssl=1\"><img data-attachment-id=\"7724\" data-permalink=\"https:\/\/alaincardenas.com\/blog\/l-e-t-h-e\/5-feuilles-de-the-yangxian\/\" data-orig-file=\"https:\/\/i0.wp.com\/alaincardenas.com\/blog\/wp-content\/uploads\/2023\/12\/5-feuilles-de-the-Yangxian-.jpg?fit=550%2C600&amp;ssl=1\" data-orig-size=\"550,600\" data-comments-opened=\"0\" data-image-meta=\"{&quot;aperture&quot;:&quot;2.2&quot;,&quot;credit&quot;:&quot;&quot;,&quot;camera&quot;:&quot;iPhone 14 Pro Max&quot;,&quot;caption&quot;:&quot;&quot;,&quot;created_timestamp&quot;:&quot;1701032971&quot;,&quot;copyright&quot;:&quot;&quot;,&quot;focal_length&quot;:&quot;2.22&quot;,&quot;iso&quot;:&quot;1600&quot;,&quot;shutter_speed&quot;:&quot;0.04&quot;,&quot;title&quot;:&quot;&quot;,&quot;orientation&quot;:&quot;1&quot;}\" data-image-title=\"Feuilles de th\u00e9 Yangxian\" data-image-description=\"\" data-image-caption=\"\" data-medium-file=\"https:\/\/i0.wp.com\/alaincardenas.com\/blog\/wp-content\/uploads\/2023\/12\/5-feuilles-de-the-Yangxian-.jpg?fit=275%2C300&amp;ssl=1\" data-large-file=\"https:\/\/i0.wp.com\/alaincardenas.com\/blog\/wp-content\/uploads\/2023\/12\/5-feuilles-de-the-Yangxian-.jpg?fit=550%2C600&amp;ssl=1\" decoding=\"async\" loading=\"lazy\" width=\"550\" height=\"600\" data-id=\"7724\"  src=\"https:\/\/i0.wp.com\/alaincardenas.com\/blog\/wp-content\/uploads\/2023\/12\/5-feuilles-de-the-Yangxian-.jpg?resize=550%2C600&#038;ssl=1\" alt=\"\" class=\"wp-image-7724\" srcset=\"https:\/\/i0.wp.com\/alaincardenas.com\/blog\/wp-content\/uploads\/2023\/12\/5-feuilles-de-the-Yangxian-.jpg?w=550&amp;ssl=1 550w, https:\/\/i0.wp.com\/alaincardenas.com\/blog\/wp-content\/uploads\/2023\/12\/5-feuilles-de-the-Yangxian-.jpg?resize=275%2C300&amp;ssl=1 275w\" sizes=\"(max-width: 550px) 100vw, 550px\" data-recalc-dims=\"1\" \/><\/a><figcaption class=\"wp-element-caption\">6<\/figcaption><\/figure>\n<\/figure>\n\n\n\n<hr class=\"wp-block-separator has-alpha-channel-opacity\"\/>\n\n\n\n<ul>\n<li>1 &#8211; Feuilles de th\u00e9 de l\u2019esp\u00e8ce dite Dahongpao, une sorte de th\u00e9 noir \u00e0 grandes feuilles. \u5927\u7ea2\u888d\u4e2d\u56fd\u8336\u53f6\u535a\u7269\u9986 \u4ea7\u5730\uff1a\u798f\u5efa\u7701\u6b66\u5937\u5c71\u3002\u54c1\u8d28\u7279\u5f81\uff1a\u6761\u7d22\u7d27\u5b9e\uff0c\u8272\u6cfd\u9752\u8910\u3001\u6cb9\u6da6\uff1b\u6c64\u8272\u6a59\u9ec4\u3001\u660e\u4eae\uff0c\u9999\u9ad8\u6d53\u90c1\uff0c\u6ecb\u5473\u9187\u548c\uff0c\u53f6\u5e95\u4e3a\u5178\u578b\u7684\u201c\u7eff\u53f6\u7ea2\u9576\u8fb9\u201d<\/li>\n\n\n\n<li>2 &#8211; Briques de th\u00e9 Pu\u2019er dans leur emballage \u201c\u516d\u5c71\u96c6\u201d\u666e\u6d31\u751f\u8336\u4e2d\u56fd\u8336\u53f6\u535a\u7269\u9986 \u4ea7\u5730\uff1a\u4e91\u5357\u3002\u54c1\u8d28\u7279\u5f81\uff1a\u201c\u516d\u5c71\u96c6\u201d\u666e\u6d31\u751f\u8336\u9009\u81ea\u53e4\u516d\u5927\u8336\u5c71\uff08\u6538\u4e50\u3001\u86ee\u7816\u3001\u66fc\u6d12\u3001\u501a\u90a6\u3001\u9769\u767b\u3001\u83bd\u679d\uff09\u7684\u666e\u6d31\u8336\uff0c\u6bcf\u7247\u5c0f\u8336\u997c\u7528\u624b\u5de5\u7ef5\u7eb8\u5305\u88c5\uff0c\u4ee5\u4f20\u7edf\u7af9\u7bac\u6346\u624e\u3002\u6761\u7d22\u80a5\u539a\u3001\u7c97\u58ee\uff1b\u6c64\u8272\u6a59\u9ec4\u660e\u4eae\uff0c\u6ecb\u5473\u9187\u539a\uff0c\u9999\u6c14\u9ad8\u626c\uff0c\u5c42\u6b21\u4e30\u5bcc\u3002<\/li>\n\n\n\n<li>3 &#8211; Aigui\u00e8re (dyn. Qing). Laque noire \u00e0 motifs dor\u00e9s de fleurs et d\u2019oiseaux \u9ed1\u6f06\u63cf\u91d1\u82b1\u9e1f\u56fe\u83f1\u82b1\u5f0f\u58f6 \u6e05\uff081644\u20131911\u5e74\uff09\u3002<\/li>\n\n\n\n<li>4 &#8211; Bol \u00e0 d\u00e9coupes int\u00e9gr\u00e9es au d\u00e9cor.<\/li>\n\n\n\n<li>5 &#8211; Papier de correspondance de lettr\u00e9, impression xylographique en impression rouge<\/li>\n\n\n\n<li>6 &#8211; Feuilles de th\u00e9.<\/li>\n<\/ul>\n\n\n\n<hr class=\"wp-block-separator has-alpha-channel-opacity\"\/>\n\n\n<div class=\"wp-block-image\">\n<figure class=\"aligncenter size-full\"><a href=\"https:\/\/i0.wp.com\/alaincardenas.com\/blog\/wp-content\/uploads\/2023\/12\/1698466598856.jpg?ssl=1\"><img data-attachment-id=\"7769\" data-permalink=\"https:\/\/alaincardenas.com\/blog\/l-e-t-h-e\/attachment\/1698466598856\/\" data-orig-file=\"https:\/\/i0.wp.com\/alaincardenas.com\/blog\/wp-content\/uploads\/2023\/12\/1698466598856.jpg?fit=1024%2C472&amp;ssl=1\" data-orig-size=\"1024,472\" data-comments-opened=\"0\" data-image-meta=\"{&quot;aperture&quot;:&quot;0&quot;,&quot;credit&quot;:&quot;&quot;,&quot;camera&quot;:&quot;--&quot;,&quot;caption&quot;:&quot;&quot;,&quot;created_timestamp&quot;:&quot;0&quot;,&quot;copyright&quot;:&quot;&quot;,&quot;focal_length&quot;:&quot;0&quot;,&quot;iso&quot;:&quot;0&quot;,&quot;shutter_speed&quot;:&quot;1&quot;,&quot;title&quot;:&quot;&quot;,&quot;orientation&quot;:&quot;1&quot;}\" data-image-title=\"Une des salles d\u2019exposition.\" data-image-description=\"\" data-image-caption=\"\" data-medium-file=\"https:\/\/i0.wp.com\/alaincardenas.com\/blog\/wp-content\/uploads\/2023\/12\/1698466598856.jpg?fit=300%2C138&amp;ssl=1\" data-large-file=\"https:\/\/i0.wp.com\/alaincardenas.com\/blog\/wp-content\/uploads\/2023\/12\/1698466598856.jpg?fit=584%2C269&amp;ssl=1\" decoding=\"async\" loading=\"lazy\" width=\"584\" height=\"269\" src=\"https:\/\/i0.wp.com\/alaincardenas.com\/blog\/wp-content\/uploads\/2023\/12\/1698466598856.jpg?resize=584%2C269&#038;ssl=1\" alt=\"\" class=\"wp-image-7769\" srcset=\"https:\/\/i0.wp.com\/alaincardenas.com\/blog\/wp-content\/uploads\/2023\/12\/1698466598856.jpg?w=1024&amp;ssl=1 1024w, https:\/\/i0.wp.com\/alaincardenas.com\/blog\/wp-content\/uploads\/2023\/12\/1698466598856.jpg?resize=300%2C138&amp;ssl=1 300w, https:\/\/i0.wp.com\/alaincardenas.com\/blog\/wp-content\/uploads\/2023\/12\/1698466598856.jpg?resize=768%2C354&amp;ssl=1 768w, https:\/\/i0.wp.com\/alaincardenas.com\/blog\/wp-content\/uploads\/2023\/12\/1698466598856.jpg?resize=500%2C230&amp;ssl=1 500w\" sizes=\"(max-width: 584px) 100vw, 584px\" data-recalc-dims=\"1\" \/><\/a><figcaption class=\"wp-element-caption\">Ci-dessus. Une des salles d\u2019exposition. La sc\u00e9nographie recr\u00e9e de fa\u00e7on raffin\u00e9e et contemporaine l\u2019atmosph\u00e8re originale du cadre de vie des fonctionnaires.<\/figcaption><\/figure><\/div>\n\n\n<figure class=\"wp-block-gallery has-nested-images columns-default is-cropped wp-block-gallery-5 is-layout-flex\">\n<figure class=\"wp-block-image size-large\"><a href=\"https:\/\/i0.wp.com\/alaincardenas.com\/blog\/wp-content\/uploads\/2023\/12\/1698466598856-copie.jpg?ssl=1\"><img data-attachment-id=\"7770\" data-permalink=\"https:\/\/alaincardenas.com\/blog\/l-e-t-h-e\/1698466598856-copie\/\" data-orig-file=\"https:\/\/i0.wp.com\/alaincardenas.com\/blog\/wp-content\/uploads\/2023\/12\/1698466598856-copie.jpg?fit=181%2C469&amp;ssl=1\" data-orig-size=\"181,469\" data-comments-opened=\"0\" data-image-meta=\"{&quot;aperture&quot;:&quot;0&quot;,&quot;credit&quot;:&quot;&quot;,&quot;camera&quot;:&quot;--&quot;,&quot;caption&quot;:&quot;&quot;,&quot;created_timestamp&quot;:&quot;0&quot;,&quot;copyright&quot;:&quot;&quot;,&quot;focal_length&quot;:&quot;0&quot;,&quot;iso&quot;:&quot;0&quot;,&quot;shutter_speed&quot;:&quot;1&quot;,&quot;title&quot;:&quot;&quot;,&quot;orientation&quot;:&quot;1&quot;}\" data-image-title=\"Un des espaces d\u2019exposition\" data-image-description=\"\" data-image-caption=\"\" data-medium-file=\"https:\/\/i0.wp.com\/alaincardenas.com\/blog\/wp-content\/uploads\/2023\/12\/1698466598856-copie.jpg?fit=116%2C300&amp;ssl=1\" data-large-file=\"https:\/\/i0.wp.com\/alaincardenas.com\/blog\/wp-content\/uploads\/2023\/12\/1698466598856-copie.jpg?fit=181%2C469&amp;ssl=1\" decoding=\"async\" loading=\"lazy\" width=\"181\" height=\"469\" data-id=\"7770\"  src=\"https:\/\/i0.wp.com\/alaincardenas.com\/blog\/wp-content\/uploads\/2023\/12\/1698466598856-copie.jpg?resize=181%2C469&#038;ssl=1\" alt=\"\" class=\"wp-image-7770\" srcset=\"https:\/\/i0.wp.com\/alaincardenas.com\/blog\/wp-content\/uploads\/2023\/12\/1698466598856-copie.jpg?w=181&amp;ssl=1 181w, https:\/\/i0.wp.com\/alaincardenas.com\/blog\/wp-content\/uploads\/2023\/12\/1698466598856-copie.jpg?resize=116%2C300&amp;ssl=1 116w\" sizes=\"(max-width: 181px) 100vw, 181px\" data-recalc-dims=\"1\" \/><\/a><figcaption class=\"wp-element-caption\">1<\/figcaption><\/figure>\n\n\n\n<figure class=\"wp-block-image size-large\"><a href=\"https:\/\/i0.wp.com\/alaincardenas.com\/blog\/wp-content\/uploads\/2023\/12\/2-feuilles-de-the-Tie-Guanyin-musee-du-the.jpg?ssl=1\"><img data-attachment-id=\"7721\" data-permalink=\"https:\/\/alaincardenas.com\/blog\/l-e-t-h-e\/2-feuilles-de-the-tie-guanyin-musee-du-the\/\" data-orig-file=\"https:\/\/i0.wp.com\/alaincardenas.com\/blog\/wp-content\/uploads\/2023\/12\/2-feuilles-de-the-Tie-Guanyin-musee-du-the.jpg?fit=400%2C600&amp;ssl=1\" data-orig-size=\"400,600\" data-comments-opened=\"0\" data-image-meta=\"{&quot;aperture&quot;:&quot;0&quot;,&quot;credit&quot;:&quot;&quot;,&quot;camera&quot;:&quot;&quot;,&quot;caption&quot;:&quot;&quot;,&quot;created_timestamp&quot;:&quot;0&quot;,&quot;copyright&quot;:&quot;&quot;,&quot;focal_length&quot;:&quot;0&quot;,&quot;iso&quot;:&quot;0&quot;,&quot;shutter_speed&quot;:&quot;0&quot;,&quot;title&quot;:&quot;&quot;,&quot;orientation&quot;:&quot;1&quot;}\" data-image-title=\"Rameau de camelia sinensis ou th\u00e9 dit bouddha de fer ou Tie guanyin\" data-image-description=\"\" data-image-caption=\"\" data-medium-file=\"https:\/\/i0.wp.com\/alaincardenas.com\/blog\/wp-content\/uploads\/2023\/12\/2-feuilles-de-the-Tie-Guanyin-musee-du-the.jpg?fit=200%2C300&amp;ssl=1\" data-large-file=\"https:\/\/i0.wp.com\/alaincardenas.com\/blog\/wp-content\/uploads\/2023\/12\/2-feuilles-de-the-Tie-Guanyin-musee-du-the.jpg?fit=400%2C600&amp;ssl=1\" decoding=\"async\" loading=\"lazy\" width=\"400\" height=\"600\" data-id=\"7721\"  src=\"https:\/\/i0.wp.com\/alaincardenas.com\/blog\/wp-content\/uploads\/2023\/12\/2-feuilles-de-the-Tie-Guanyin-musee-du-the.jpg?resize=400%2C600&#038;ssl=1\" alt=\"\" class=\"wp-image-7721\" srcset=\"https:\/\/i0.wp.com\/alaincardenas.com\/blog\/wp-content\/uploads\/2023\/12\/2-feuilles-de-the-Tie-Guanyin-musee-du-the.jpg?w=400&amp;ssl=1 400w, https:\/\/i0.wp.com\/alaincardenas.com\/blog\/wp-content\/uploads\/2023\/12\/2-feuilles-de-the-Tie-Guanyin-musee-du-the.jpg?resize=200%2C300&amp;ssl=1 200w\" sizes=\"(max-width: 400px) 100vw, 400px\" data-recalc-dims=\"1\" \/><\/a><figcaption class=\"wp-element-caption\">2<\/figcaption><\/figure>\n\n\n\n<figure class=\"wp-block-image size-large\"><a href=\"https:\/\/i0.wp.com\/alaincardenas.com\/blog\/wp-content\/uploads\/2023\/12\/1698229477523.jpg?ssl=1\"><img data-attachment-id=\"7760\" data-permalink=\"https:\/\/alaincardenas.com\/blog\/l-e-t-h-e\/attachment\/1698229477523\/\" data-orig-file=\"https:\/\/i0.wp.com\/alaincardenas.com\/blog\/wp-content\/uploads\/2023\/12\/1698229477523.jpg?fit=1024%2C473&amp;ssl=1\" data-orig-size=\"1024,473\" data-comments-opened=\"0\" data-image-meta=\"{&quot;aperture&quot;:&quot;0&quot;,&quot;credit&quot;:&quot;&quot;,&quot;camera&quot;:&quot;--&quot;,&quot;caption&quot;:&quot;&quot;,&quot;created_timestamp&quot;:&quot;0&quot;,&quot;copyright&quot;:&quot;&quot;,&quot;focal_length&quot;:&quot;0&quot;,&quot;iso&quot;:&quot;0&quot;,&quot;shutter_speed&quot;:&quot;1&quot;,&quot;title&quot;:&quot;&quot;,&quot;orientation&quot;:&quot;1&quot;}\" data-image-title=\"\" data-image-description=\"\" data-image-caption=\"\" data-medium-file=\"https:\/\/i0.wp.com\/alaincardenas.com\/blog\/wp-content\/uploads\/2023\/12\/1698229477523.jpg?fit=300%2C139&amp;ssl=1\" data-large-file=\"https:\/\/i0.wp.com\/alaincardenas.com\/blog\/wp-content\/uploads\/2023\/12\/1698229477523.jpg?fit=584%2C270&amp;ssl=1\" decoding=\"async\" loading=\"lazy\" width=\"584\" height=\"270\" data-id=\"7760\"  src=\"https:\/\/i0.wp.com\/alaincardenas.com\/blog\/wp-content\/uploads\/2023\/12\/1698229477523.jpg?resize=584%2C270&#038;ssl=1\" alt=\"\" class=\"wp-image-7760\" srcset=\"https:\/\/i0.wp.com\/alaincardenas.com\/blog\/wp-content\/uploads\/2023\/12\/1698229477523.jpg?w=1024&amp;ssl=1 1024w, https:\/\/i0.wp.com\/alaincardenas.com\/blog\/wp-content\/uploads\/2023\/12\/1698229477523.jpg?resize=300%2C139&amp;ssl=1 300w, https:\/\/i0.wp.com\/alaincardenas.com\/blog\/wp-content\/uploads\/2023\/12\/1698229477523.jpg?resize=768%2C355&amp;ssl=1 768w, https:\/\/i0.wp.com\/alaincardenas.com\/blog\/wp-content\/uploads\/2023\/12\/1698229477523.jpg?resize=500%2C231&amp;ssl=1 500w\" sizes=\"(max-width: 584px) 100vw, 584px\" data-recalc-dims=\"1\" \/><\/a><figcaption class=\"wp-element-caption\">3<\/figcaption><\/figure>\n\n\n\n<figure class=\"wp-block-image size-large\"><a href=\"https:\/\/i0.wp.com\/alaincardenas.com\/blog\/wp-content\/uploads\/2023\/12\/41-coffretJapon-18e-sc.jpg?ssl=1\"><img data-attachment-id=\"7752\" data-permalink=\"https:\/\/alaincardenas.com\/blog\/l-e-t-h-e\/41-coffretjapon-18e-sc\/\" data-orig-file=\"https:\/\/i0.wp.com\/alaincardenas.com\/blog\/wp-content\/uploads\/2023\/12\/41-coffretJapon-18e-sc.jpg?fit=698%2C600&amp;ssl=1\" data-orig-size=\"698,600\" data-comments-opened=\"0\" data-image-meta=\"{&quot;aperture&quot;:&quot;0&quot;,&quot;credit&quot;:&quot;&quot;,&quot;camera&quot;:&quot;&quot;,&quot;caption&quot;:&quot;&quot;,&quot;created_timestamp&quot;:&quot;0&quot;,&quot;copyright&quot;:&quot;&quot;,&quot;focal_length&quot;:&quot;0&quot;,&quot;iso&quot;:&quot;0&quot;,&quot;shutter_speed&quot;:&quot;0&quot;,&quot;title&quot;:&quot;&quot;,&quot;orientation&quot;:&quot;1&quot;}\" data-image-title=\"Coffret (Japon, 18e s.)\" data-image-description=\"\" data-image-caption=\"\" data-medium-file=\"https:\/\/i0.wp.com\/alaincardenas.com\/blog\/wp-content\/uploads\/2023\/12\/41-coffretJapon-18e-sc.jpg?fit=300%2C258&amp;ssl=1\" data-large-file=\"https:\/\/i0.wp.com\/alaincardenas.com\/blog\/wp-content\/uploads\/2023\/12\/41-coffretJapon-18e-sc.jpg?fit=584%2C502&amp;ssl=1\" decoding=\"async\" loading=\"lazy\" width=\"584\" height=\"502\" data-id=\"7752\"  src=\"https:\/\/i0.wp.com\/alaincardenas.com\/blog\/wp-content\/uploads\/2023\/12\/41-coffretJapon-18e-sc.jpg?resize=584%2C502&#038;ssl=1\" alt=\"\" class=\"wp-image-7752\" srcset=\"https:\/\/i0.wp.com\/alaincardenas.com\/blog\/wp-content\/uploads\/2023\/12\/41-coffretJapon-18e-sc.jpg?w=698&amp;ssl=1 698w, https:\/\/i0.wp.com\/alaincardenas.com\/blog\/wp-content\/uploads\/2023\/12\/41-coffretJapon-18e-sc.jpg?resize=300%2C258&amp;ssl=1 300w, https:\/\/i0.wp.com\/alaincardenas.com\/blog\/wp-content\/uploads\/2023\/12\/41-coffretJapon-18e-sc.jpg?resize=349%2C300&amp;ssl=1 349w\" sizes=\"(max-width: 584px) 100vw, 584px\" data-recalc-dims=\"1\" \/><\/a><figcaption class=\"wp-element-caption\">4<\/figcaption><\/figure>\n\n\n\n<figure class=\"wp-block-image size-large\"><a href=\"https:\/\/i0.wp.com\/alaincardenas.com\/blog\/wp-content\/uploads\/2023\/12\/29-Zhang-cha-Qin-Han-de-lOuest-bz-221-8.jpg?ssl=1\"><img data-attachment-id=\"7740\" data-permalink=\"https:\/\/alaincardenas.com\/blog\/l-e-t-h-e\/29-zhang-cha-qin-han-de-louest-bz-221-8\/\" data-orig-file=\"https:\/\/i0.wp.com\/alaincardenas.com\/blog\/wp-content\/uploads\/2023\/12\/29-Zhang-cha-Qin-Han-de-lOuest-bz-221-8.jpg?fit=450%2C600&amp;ssl=1\" data-orig-size=\"450,600\" data-comments-opened=\"0\" data-image-meta=\"{&quot;aperture&quot;:&quot;2.2&quot;,&quot;credit&quot;:&quot;&quot;,&quot;camera&quot;:&quot;iPhone 14 Pro Max&quot;,&quot;caption&quot;:&quot;&quot;,&quot;created_timestamp&quot;:&quot;1701032765&quot;,&quot;copyright&quot;:&quot;&quot;,&quot;focal_length&quot;:&quot;2.22&quot;,&quot;iso&quot;:&quot;1600&quot;,&quot;shutter_speed&quot;:&quot;0.04&quot;,&quot;title&quot;:&quot;&quot;,&quot;orientation&quot;:&quot;1&quot;}\" data-image-title=\"Marque de sceau en rouge cinabre, dyn. des Qin &#8211; Han de l\u2019Ouest (221-8 av. n. \u00e8re)\" data-image-description=\"\" data-image-caption=\"\" data-medium-file=\"https:\/\/i0.wp.com\/alaincardenas.com\/blog\/wp-content\/uploads\/2023\/12\/29-Zhang-cha-Qin-Han-de-lOuest-bz-221-8.jpg?fit=225%2C300&amp;ssl=1\" data-large-file=\"https:\/\/i0.wp.com\/alaincardenas.com\/blog\/wp-content\/uploads\/2023\/12\/29-Zhang-cha-Qin-Han-de-lOuest-bz-221-8.jpg?fit=450%2C600&amp;ssl=1\" decoding=\"async\" loading=\"lazy\" width=\"450\" height=\"600\" data-id=\"7740\"  src=\"https:\/\/i0.wp.com\/alaincardenas.com\/blog\/wp-content\/uploads\/2023\/12\/29-Zhang-cha-Qin-Han-de-lOuest-bz-221-8.jpg?resize=450%2C600&#038;ssl=1\" alt=\"\" class=\"wp-image-7740\" srcset=\"https:\/\/i0.wp.com\/alaincardenas.com\/blog\/wp-content\/uploads\/2023\/12\/29-Zhang-cha-Qin-Han-de-lOuest-bz-221-8.jpg?w=450&amp;ssl=1 450w, https:\/\/i0.wp.com\/alaincardenas.com\/blog\/wp-content\/uploads\/2023\/12\/29-Zhang-cha-Qin-Han-de-lOuest-bz-221-8.jpg?resize=225%2C300&amp;ssl=1 225w\" sizes=\"(max-width: 450px) 100vw, 450px\" data-recalc-dims=\"1\" \/><\/a><figcaption class=\"wp-element-caption\">5<\/figcaption><\/figure>\n\n\n\n<figure class=\"wp-block-image size-large\"><a href=\"https:\/\/i0.wp.com\/alaincardenas.com\/blog\/wp-content\/uploads\/2023\/12\/20-tripode-metal-Song-du-N.jpg?ssl=1\"><img data-attachment-id=\"7731\" data-permalink=\"https:\/\/alaincardenas.com\/blog\/l-e-t-h-e\/20-tripode-metal-song-du-n\/\" data-orig-file=\"https:\/\/i0.wp.com\/alaincardenas.com\/blog\/wp-content\/uploads\/2023\/12\/20-tripode-metal-Song-du-N.jpg?fit=400%2C600&amp;ssl=1\" data-orig-size=\"400,600\" data-comments-opened=\"0\" data-image-meta=\"{&quot;aperture&quot;:&quot;0&quot;,&quot;credit&quot;:&quot;&quot;,&quot;camera&quot;:&quot;&quot;,&quot;caption&quot;:&quot;&quot;,&quot;created_timestamp&quot;:&quot;0&quot;,&quot;copyright&quot;:&quot;&quot;,&quot;focal_length&quot;:&quot;0&quot;,&quot;iso&quot;:&quot;0&quot;,&quot;shutter_speed&quot;:&quot;0&quot;,&quot;title&quot;:&quot;&quot;,&quot;orientation&quot;:&quot;1&quot;}\" data-image-title=\"Tripode en metal (Song du Nord)\" data-image-description=\"\" data-image-caption=\"\" data-medium-file=\"https:\/\/i0.wp.com\/alaincardenas.com\/blog\/wp-content\/uploads\/2023\/12\/20-tripode-metal-Song-du-N.jpg?fit=200%2C300&amp;ssl=1\" data-large-file=\"https:\/\/i0.wp.com\/alaincardenas.com\/blog\/wp-content\/uploads\/2023\/12\/20-tripode-metal-Song-du-N.jpg?fit=400%2C600&amp;ssl=1\" decoding=\"async\" loading=\"lazy\" width=\"400\" height=\"600\" data-id=\"7731\"  src=\"https:\/\/i0.wp.com\/alaincardenas.com\/blog\/wp-content\/uploads\/2023\/12\/20-tripode-metal-Song-du-N.jpg?resize=400%2C600&#038;ssl=1\" alt=\"\" class=\"wp-image-7731\" srcset=\"https:\/\/i0.wp.com\/alaincardenas.com\/blog\/wp-content\/uploads\/2023\/12\/20-tripode-metal-Song-du-N.jpg?w=400&amp;ssl=1 400w, https:\/\/i0.wp.com\/alaincardenas.com\/blog\/wp-content\/uploads\/2023\/12\/20-tripode-metal-Song-du-N.jpg?resize=200%2C300&amp;ssl=1 200w\" sizes=\"(max-width: 400px) 100vw, 400px\" data-recalc-dims=\"1\" \/><\/a><figcaption class=\"wp-element-caption\">6<\/figcaption><\/figure>\n<\/figure>\n\n\n\n<hr class=\"wp-block-separator has-alpha-channel-opacity\"\/>\n\n\n\n<ul>\n<li>1 &#8211; Un des espaces d\u2019exposition.<\/li>\n\n\n\n<li>2 &#8211; Rameau de Camelia sinensis ou th\u00e9 dit bouddha de fer ou Tie guanyin. Cette esp\u00e8ce cro\u00eet en diff\u00e9rents lieux du Fujian. \u8336\u6811\u54c1\u79cd\u6807\u672c\u2014\u2014\u94c1\u89c2\u97f3 \u4e2d\u56fd\u8336\u53f6\u535a\u7269\u9986\u3002\u539f\u4ea7\u4e8e\u798f\u5efa\u7701\u5b89\u6eaa\u53bf\u897f\u576a\u9547\u677e\u5c27\u6751\u3002<\/li>\n\n\n\n<li>3 &#8211; Une des salles d\u2019exposition dans un des pavillons du mus\u00e9e. Raffinement entre tradition et modernisme.<\/li>\n\n\n\n<li>4 &#8211; Coffret (Japon, 18<sup>e<\/sup> s.). Pi\u00e8ce en laque dor\u00e9e \u00e0 incrustations de bronze en forme d\u2019\u00e9ventail. \u91d1\u6f06\u5d4c\u94dc\u53e0\u6247\u957f\u65b9\u63d0\u5323\u65e5\u672c18\u4e16\u7eaa\u3002\u65e5\u672c\u6a2a\u6ee8\u6b66\u85cf\u5c4b\u5927\u5173\u5bb6\u5236\u91d1\u6f06\u63d0\u5323\uff0c\u65e7\u85cf\u4e8e\u5b81\u5bff\u5bab\u9890\u548c\u8f69\u5185\u3002<\/li>\n\n\n\n<li>5 &#8211; Marque de sceau en rouge cinabre, dyn. des Qin &#8211; Han de l\u2019Ouest (221-8 av. n. \u00e8re) \u00ab\u00a0th\u00e9 [d\u2019un nomm\u00e9] Zhang\u00a0\u00bb \u94dc\u9f3b\u94ae\u201c\u5f20\u837c\u201d\u5370 \u79e6\uff5e\u897f\u6c49\uff08\u516c\u5143\u524d221\u20138\u5e74\uff09<\/li>\n\n\n\n<li>6 &#8211; Tripode en me\u0301tal (Song du Nord).<\/li>\n<\/ul>\n\n\n\n<hr class=\"wp-block-separator has-alpha-channel-opacity\"\/>\n\n\n\n<p>\u4f20\u8bf4\u795e\u519c\u65f6\u4ee3\uff0c\u4e2d\u56fd\u4eba\u5df2\u7ecf\u8ba4\u8bc6\u5e76\u5229\u7528\u8336\uff0c\u8003\u53e4\u8bc1\u660e\u4eba\u5de5\u79cd\u690d\u8336\u6811\u7684\u5386\u53f2\u8d85\u8fc7\u516d\u5343\u5e74\u3002\u81ea\u6c49\u4ee3\u4ee5\u6765\uff0c\u5173\u4e8e\u8336\u7684\u8ba4\u77e5\u548c\u5236\u5907\u65b9\u6cd5\u65e5\u8d8b\u591a\u6837\uff0c\u996e\u8336\u4e0d\u4ec5\u53d1\u5c55\u4e3a\u65e5\u5e38\u5fc5\u9700\u548c\u751f\u6d3b\u65f6\u5c1a\uff0c\u4e5f\u6210\u4e3a\u4e2d\u56fd\u54f2\u5b66\u201c\u548c\u5408\u201d\u601d\u60f3\u7684\u8868\u73b0\u3002<\/p>\n\n\n\n<p>\u4e00\u5343\u591a\u5e74\u6765\uff0c\u8336\u4ece\u4e2d\u56fd\u8d70\u5411\u4e16\u754c\uff0c\u878d\u5165\u5404\u56fd\u4eba\u6c11\u7684\u751f\u6d3b\uff0c\u4e0d\u540c\u7684\u6587\u5316\u56e0\u7d20\u4e5f\u4e30\u5bcc\u4e86\u4e2d\u56fd\u8336\u6587\u5316\u7684\u5185\u5bb9\u3002\u4ee5\u8336\u4e3a\u5a92\uff0c\u4ea4\u878d\u4e92\u9274\uff0c\u8336\u662f\u627f\u8f7d\u5386\u53f2\u548c\u6587\u5316\u7684\u201c\u4e2d\u56fd\u540d\u7247\u201d\u3002<\/p>\n\n\n\n<p>\u672c\u5c55\u89c8\u6c47\u96c6\u56fd\u5185\u591630\u4f59\u5bb6\u8003\u53e4\u6587\u535a\u5355\u4f4d\u7684\u85cf\u54c1\uff0c\u4ee5\u5c55\u793a\u8336\u6587\u5316\u6570\u5343\u5e74\u6765\u53d1\u5c55\u3001\u666e\u53ca\u7684\u5386\u7a0b\uff0c\u53ca\u5176\u6240\u8574\u6db5\u7684\u5929\u4eba\u5408\u4e00\u3001\u4e16\u754c\u5927\u540c\u7684\u54f2\u5b66\u8ffd\u6c42\u3002<\/p>\n\n\n\n<p>\u8336\u51fa\u4e2d\u56fd\uff0c\u6e90\u8fdc\u6d41\u957f\u3002\u5728\u6d59\u6c5f\u53d1\u73b0\u4e86\u5df2\u77e5\u6700\u65e9\u7684\u4eba\u5de5\u79cd\u690d\u8336\u6811\u6839\uff0c\u8ddd\u4eca\u7ea66000\u5e74\u3002\u5c71\u4e1c\u6218\u56fd\u5893\u846c\u51fa\u571f\u4e86\u7ecf\u8fc7\u716e\uff08\u6ce1\uff09\u7684\u8336\u53f6\u9057\u5b58\uff0c\u662f\u6700\u53e4\u8001\u7684\u996e\u8336\u5b9e\u7269\u8bc1\u636e\uff0c\u8ddd\u4eca\u7ea62400\u5e74\u3002\u6570\u5343\u5e74\u95f4\uff0c\u79cd\u8336\u6280\u672f\u4e0d\u65ad\u63d0\u5347\uff0c\u5907\u8336\u65b9\u6cd5\u4e5f\u51e0\u5ea6\u53d8\u5316\u3002\u5386\u7ecf\u4f20\u627f\u4e0e\u521b\u65b0\uff0c\u8336\u4ece\u6700\u521d\u7684\u836f\u7528\u3001\u98df\u7528\uff0c\u53d1\u5c55\u5230\u6d41\u884c\u4e8e\u4eca\u7684\u5927\u4f17\u996e\u54c1\uff0c\u59cb\u7ec8\u5728\u56fd\u5bb6\u653f\u6cbb\u3001\u7ecf\u6d4e\u548c\u6587\u5316\u4ea4\u6d41\u6d3b\u52a8\u4e2d\u626e\u6f14\u7740\u91cd\u8981\u89d2\u8272\u3002<\/p>\n\n\n\n<figure class=\"wp-block-gallery has-nested-images columns-default is-cropped wp-block-gallery-7 is-layout-flex\">\n<figure class=\"wp-block-image size-large\"><a href=\"https:\/\/i0.wp.com\/alaincardenas.com\/blog\/wp-content\/uploads\/2023\/12\/40-petite-table-a-the-en-bois-naturel-dyn-Qing.jpg?ssl=1\"><img data-attachment-id=\"7751\" data-permalink=\"https:\/\/alaincardenas.com\/blog\/l-e-t-h-e\/40-petite-table-a-the-en-bois-naturel-dyn-qing\/\" data-orig-file=\"https:\/\/i0.wp.com\/alaincardenas.com\/blog\/wp-content\/uploads\/2023\/12\/40-petite-table-a-the-en-bois-naturel-dyn-Qing.jpg?fit=450%2C600&amp;ssl=1\" data-orig-size=\"450,600\" data-comments-opened=\"0\" data-image-meta=\"{&quot;aperture&quot;:&quot;0&quot;,&quot;credit&quot;:&quot;&quot;,&quot;camera&quot;:&quot;&quot;,&quot;caption&quot;:&quot;&quot;,&quot;created_timestamp&quot;:&quot;0&quot;,&quot;copyright&quot;:&quot;&quot;,&quot;focal_length&quot;:&quot;0&quot;,&quot;iso&quot;:&quot;0&quot;,&quot;shutter_speed&quot;:&quot;0&quot;,&quot;title&quot;:&quot;&quot;,&quot;orientation&quot;:&quot;1&quot;}\" data-image-title=\"Petite table en bois, dyn. Qing (1644-1911)\" data-image-description=\"\" data-image-caption=\"\" data-medium-file=\"https:\/\/i0.wp.com\/alaincardenas.com\/blog\/wp-content\/uploads\/2023\/12\/40-petite-table-a-the-en-bois-naturel-dyn-Qing.jpg?fit=225%2C300&amp;ssl=1\" data-large-file=\"https:\/\/i0.wp.com\/alaincardenas.com\/blog\/wp-content\/uploads\/2023\/12\/40-petite-table-a-the-en-bois-naturel-dyn-Qing.jpg?fit=450%2C600&amp;ssl=1\" decoding=\"async\" loading=\"lazy\" width=\"450\" height=\"600\" data-id=\"7751\"  src=\"https:\/\/i0.wp.com\/alaincardenas.com\/blog\/wp-content\/uploads\/2023\/12\/40-petite-table-a-the-en-bois-naturel-dyn-Qing.jpg?resize=450%2C600&#038;ssl=1\" alt=\"\" class=\"wp-image-7751\" srcset=\"https:\/\/i0.wp.com\/alaincardenas.com\/blog\/wp-content\/uploads\/2023\/12\/40-petite-table-a-the-en-bois-naturel-dyn-Qing.jpg?w=450&amp;ssl=1 450w, https:\/\/i0.wp.com\/alaincardenas.com\/blog\/wp-content\/uploads\/2023\/12\/40-petite-table-a-the-en-bois-naturel-dyn-Qing.jpg?resize=225%2C300&amp;ssl=1 225w\" sizes=\"(max-width: 450px) 100vw, 450px\" data-recalc-dims=\"1\" \/><\/a><figcaption class=\"wp-element-caption\">1<\/figcaption><\/figure>\n\n\n\n<figure class=\"wp-block-image size-large\"><a href=\"https:\/\/i0.wp.com\/alaincardenas.com\/blog\/wp-content\/uploads\/2023\/12\/1698427768758.jpg?ssl=1\"><img data-attachment-id=\"7766\" data-permalink=\"https:\/\/alaincardenas.com\/blog\/l-e-t-h-e\/attachment\/1698427768758\/\" data-orig-file=\"https:\/\/i0.wp.com\/alaincardenas.com\/blog\/wp-content\/uploads\/2023\/12\/1698427768758.jpg?fit=1024%2C473&amp;ssl=1\" data-orig-size=\"1024,473\" data-comments-opened=\"0\" data-image-meta=\"{&quot;aperture&quot;:&quot;0&quot;,&quot;credit&quot;:&quot;&quot;,&quot;camera&quot;:&quot;--&quot;,&quot;caption&quot;:&quot;&quot;,&quot;created_timestamp&quot;:&quot;0&quot;,&quot;copyright&quot;:&quot;&quot;,&quot;focal_length&quot;:&quot;0&quot;,&quot;iso&quot;:&quot;0&quot;,&quot;shutter_speed&quot;:&quot;1&quot;,&quot;title&quot;:&quot;&quot;,&quot;orientation&quot;:&quot;1&quot;}\" data-image-title=\"Ensemble de papiers de lettr\u00e9\" data-image-description=\"\" data-image-caption=\"\" data-medium-file=\"https:\/\/i0.wp.com\/alaincardenas.com\/blog\/wp-content\/uploads\/2023\/12\/1698427768758.jpg?fit=300%2C139&amp;ssl=1\" data-large-file=\"https:\/\/i0.wp.com\/alaincardenas.com\/blog\/wp-content\/uploads\/2023\/12\/1698427768758.jpg?fit=584%2C270&amp;ssl=1\" decoding=\"async\" loading=\"lazy\" width=\"584\" height=\"270\" data-id=\"7766\"  src=\"https:\/\/i0.wp.com\/alaincardenas.com\/blog\/wp-content\/uploads\/2023\/12\/1698427768758.jpg?resize=584%2C270&#038;ssl=1\" alt=\"\" class=\"wp-image-7766\" srcset=\"https:\/\/i0.wp.com\/alaincardenas.com\/blog\/wp-content\/uploads\/2023\/12\/1698427768758.jpg?w=1024&amp;ssl=1 1024w, https:\/\/i0.wp.com\/alaincardenas.com\/blog\/wp-content\/uploads\/2023\/12\/1698427768758.jpg?resize=300%2C139&amp;ssl=1 300w, https:\/\/i0.wp.com\/alaincardenas.com\/blog\/wp-content\/uploads\/2023\/12\/1698427768758.jpg?resize=768%2C355&amp;ssl=1 768w, https:\/\/i0.wp.com\/alaincardenas.com\/blog\/wp-content\/uploads\/2023\/12\/1698427768758.jpg?resize=500%2C231&amp;ssl=1 500w\" sizes=\"(max-width: 584px) 100vw, 584px\" data-recalc-dims=\"1\" \/><\/a><figcaption class=\"wp-element-caption\">2<\/figcaption><\/figure>\n\n\n\n<figure class=\"wp-block-image size-large\"><a href=\"https:\/\/i0.wp.com\/alaincardenas.com\/blog\/wp-content\/uploads\/2023\/12\/21-boulloire-de-type-he-ca-6000-fouilles-de-Luoshan-Yuyao-Zhejiang-.jpg?ssl=1\"><img data-attachment-id=\"7732\" data-permalink=\"https:\/\/alaincardenas.com\/blog\/l-e-t-h-e\/21-boulloire-de-type-he-ca-6000-fouilles-de-luoshan-yuyao-zhejiang\/\" data-orig-file=\"https:\/\/i0.wp.com\/alaincardenas.com\/blog\/wp-content\/uploads\/2023\/12\/21-boulloire-de-type-he-ca-6000-fouilles-de-Luoshan-Yuyao-Zhejiang-.jpg?fit=524%2C600&amp;ssl=1\" data-orig-size=\"524,600\" data-comments-opened=\"0\" data-image-meta=\"{&quot;aperture&quot;:&quot;2.2&quot;,&quot;credit&quot;:&quot;&quot;,&quot;camera&quot;:&quot;iPhone 14 Pro Max&quot;,&quot;caption&quot;:&quot;&quot;,&quot;created_timestamp&quot;:&quot;1701032732&quot;,&quot;copyright&quot;:&quot;&quot;,&quot;focal_length&quot;:&quot;2.22&quot;,&quot;iso&quot;:&quot;1600&quot;,&quot;shutter_speed&quot;:&quot;0.04&quot;,&quot;title&quot;:&quot;&quot;,&quot;orientation&quot;:&quot;1&quot;}\" data-image-title=\"Verseuse en terre cuite Culture n\u00e9olithique de Hemudu, institut d\u2019arch\u00e9ologie de la province du Zhejiang\" data-image-description=\"\" data-image-caption=\"\" data-medium-file=\"https:\/\/i0.wp.com\/alaincardenas.com\/blog\/wp-content\/uploads\/2023\/12\/21-boulloire-de-type-he-ca-6000-fouilles-de-Luoshan-Yuyao-Zhejiang-.jpg?fit=262%2C300&amp;ssl=1\" data-large-file=\"https:\/\/i0.wp.com\/alaincardenas.com\/blog\/wp-content\/uploads\/2023\/12\/21-boulloire-de-type-he-ca-6000-fouilles-de-Luoshan-Yuyao-Zhejiang-.jpg?fit=524%2C600&amp;ssl=1\" decoding=\"async\" loading=\"lazy\" width=\"524\" height=\"600\" data-id=\"7732\"  src=\"https:\/\/i0.wp.com\/alaincardenas.com\/blog\/wp-content\/uploads\/2023\/12\/21-boulloire-de-type-he-ca-6000-fouilles-de-Luoshan-Yuyao-Zhejiang-.jpg?resize=524%2C600&#038;ssl=1\" alt=\"\" class=\"wp-image-7732\" srcset=\"https:\/\/i0.wp.com\/alaincardenas.com\/blog\/wp-content\/uploads\/2023\/12\/21-boulloire-de-type-he-ca-6000-fouilles-de-Luoshan-Yuyao-Zhejiang-.jpg?w=524&amp;ssl=1 524w, https:\/\/i0.wp.com\/alaincardenas.com\/blog\/wp-content\/uploads\/2023\/12\/21-boulloire-de-type-he-ca-6000-fouilles-de-Luoshan-Yuyao-Zhejiang-.jpg?resize=262%2C300&amp;ssl=1 262w\" sizes=\"(max-width: 524px) 100vw, 524px\" data-recalc-dims=\"1\" \/><\/a><figcaption class=\"wp-element-caption\">3<\/figcaption><\/figure>\n<\/figure>\n\n\n\n<hr class=\"wp-block-separator has-alpha-channel-opacity\"\/>\n\n\n\n<ul>\n<li>1 &#8211; Petite table en bois, dyn. Qing (1644-1911) \u5929\u7136\u6728\u5706\u684c \u6e05\uff081644\u20131911) \u5e74 L\u2019esth\u00e9tique chinoise aime utiliser des objets provenant de formes naturelles, racines ou \u2013 comme ici \u2013 de branches. Cette mode a beaucoup influenc\u00e9 l\u2019Occident avec les jardins chinois comme on en voit encore des exemples dans le jardin du mus\u00e9e de l\u2019Homme ou au jardin chinois sis dans le bois de Vincennes tout proche de Paris.<\/li>\n\n\n\n<li>2 &#8211; Ensemble de papiers de lettr\u00e9. Parmi ces feuilles, celle d\u2019un lettr\u00e9, de son nom d\u2019usage Chen Hongshou, graveur de sceaux c\u00e9l\u00e8bre, tout comme ses dessins et sa calligraphie. Il \u00e9tait aussi un important cr\u00e9ateur de th\u00e9i\u00e8res. \u7248\u5370\u8bdd\u5170\u5ba4\u4eff\u66fc\u751f\u58f6\u8bd7\u7b3a \u8fd1\u4ee3\uff081840\u20131949\u5e74\uff09\u3002\u9648\u9e3f\u5bff\uff0c\u5b57\u5b50\u606d\uff0c\u53f7\u66fc\u751f\uff0c\u6d59\u6c5f\u94b1\u5858\uff08\u4eca\u676d\u5dde\uff09\u4eba\uff0c\u6e05\u4ee3\u7bc6\u523b\u5bb6\u3001\u4e66\u6cd5\u5bb6\u3001\u753b\u5bb6\uff0c\u7cbe\u4e8e\u7d2b\u7802\u58f6\u8bbe\u8ba1\u3002\u5728\u5176\u8bbe\u8ba1\u7684\u7d2b\u7802\u58f6\u4e2d\uff0c\u6709\u8457\u540d\u7684\u201c\u66fc\u751f\u5341\u516b\u5f0f\u201d\uff0c\u4ee5\u5f0f\u6837\u7b80\u5355\u3001\u88c5\u9970\u7559\u767d\u4e3a\u7279\u70b9\uff0c\u5e76\u591a\u9898\u523b\u8bd7\u6587\u3002<\/li>\n\n\n\n<li>&nbsp;3 &#8211; Verseuse en terre cuite. Culture n\u00e9olithique de Hemudu, institut d\u2019arch\u00e9ologie de la province du Zhejiang.<\/li>\n<\/ul>\n\n\n\n<hr class=\"wp-block-separator has-alpha-channel-opacity\"\/>\n\n\n\n<h1 class=\"wp-block-heading has-text-align-center has-text-color\" style=\"color:#e02424\">\u8336\u8d77\u6e90\u4e8e\u4e2d\u56fd\uff0c\u76db\u884c\u4e8e\u4e16\u754c<\/h1>\n\n\n\n<p>(\u67ef\u5b5f\u5fb7\u3001\u963f\u862d\u8457)<\/p>\n\n\n\n<p>\u4e3b\u529e\u5355\u4f4d\uff1a\u6545\u5bab\u535a\u7269\u9662<\/p>\n\n\n\n<p class=\"has-text-color\" style=\"color:#e02424\">\u6545\u5bab\u535a\u7269\u9662\u5348\u95e8\u6b63\u6bbf\u53ca\u4e1c\u897f\u96c1\u7fc5\u697c\u5c55\u5385<\/p>\n\n\n\n<p class=\"has-text-color\" style=\"color:#e02424\">\u8336\u8d77\u6e90\u4e8e\u4e2d\u56fd\uff0c\u76db\u884c\u4e8e\u4e16\u754c\u3002<\/p>\n\n\n\n<p class=\"has-text-color\" style=\"color:#e02424\">\u8336\u7684\u53e4\u540d\u4e0e\u5f02\u540d<\/p>\n\n\n\n<p>\u201c\u8336\u201d\u539f\u5199\u4f5c\u201c\u837c\u201d\uff08\u97f3\u56fe\uff09\u3002\u4e1c\u6c49\u8bb8\u614e\u300a\u8bf4\u6587\u89e3\u5b57\u300b\u79f0\uff1a\u201c\u837c\uff0c\u82e6\u837c\u4e5f\u201d\uff0c\u5b8b\u4ee3\u5f90\u94c9\u7b49\u89e3\u91ca\u201c\u6b64\u5373\u4eca\u4e4b\u8336\u5b57\u201d\u3002\u53e4\u4ee3\u6587\u732e\u4e2d\u7684\u201c\u837c\u201d\u5b57\u8fd8\u53ef\u4ee5\u6307\u82e6\u83dc\u3001\u8305\u8349\u7684\u767d\u82b1\u7b49\u3002\u4e00\u822c\u8ba4\u4e3a\uff0c\u5510\u7384\u5b97\u65f6\u671f\u7f16\u7e82\u300a\u5f00\u5143\u6587\u5b57\u97f3\u4e49\u300b\u5c06\u542b\u4e49\u4e3a\u8336\u7684\u201c\u837c\u201d\u6539\u4e3a\u201c\u8336\u201d\uff0c\u5ef6\u7528\u81f3\u4eca\u3002\u8336\u5728\u53e4\u4ee3\u8fd8\u6709\u8bb8\u591a\u5f02\u540d\uff0c\u9646\u7fbd\u300a\u8336\u7ecf\u300b\u603b\u7ed3\u4e86\u5510\u4ee5\u524d\u8336\u7684\u4e0d\u540c\u540d\u79f0\uff1a\u201c\u4e00\u66f0\u8336\uff0c\u4e8c\u66f0\u69da\uff08\u97f3\u8d3e\uff09\uff0c\u4e09\u66f0\u850e\uff08\u97f3\u8bbe\uff09\uff0c\u56db\u66f0\u8317\uff0c\u4e94\u66f0\u8348\uff08\u97f3\u5598\uff09\u3002\u201d<\/p>\n\n\n\n<p class=\"has-text-color\" style=\"color:#e02424\">\u5386\u4ee3\u8336\u53f6\u751f\u4ea7\u533a\u57df<\/p>\n\n\n\n<p>\u53d7\u73af\u5883\u5f71\u54cd\uff0c\u91ce\u751f\u8336\u6811\u7684\u539f\u4ea7\u5730\u5206\u5e03\u4e8e\u6211\u56fd\u5357\u65b9\u6cbf\u5317\u56de\u5f52\u7ebf\u4e24\u4fa7\u533a\u57df\uff0c\u56e0\u6b64\u8fd9\u4e00\u533a\u57df\u4e5f\u662f\u9b4f\u664b\u5357\u5317\u671d\u53ca\u4ee5\u524d\u6211\u56fd\u4e3b\u8981\u7684\u8336\u53f6\u4ea7\u5730\u3002\u81f3\u5510\u4ee3\uff0c\u8336\u4e8b\u5174\u76db\uff0c\u4ea7\u8336\u533a\u57df\u4e5f\u540c\u6b65\u6269\u5927\uff0c\u636e\u9646\u7fbd\u300a\u8336\u7ecf\u300b\u7b49\u6587\u732e\u8bb0\u8f7d\uff0c\u5f53\u65f6\u7684\u8336\u53f6\u4ea7\u5730\u5df2\u904d\u53ca\u4eca\u56db\u5ddd\u3001\u9655\u897f\u3001\u6e56\u5317\u3001\u4e91\u5357\u3001\u5e7f\u897f\u3001\u8d35\u5dde\u3001\u6e56\u5357\u3001\u5e7f\u4e1c\u3001\u6cb3\u5357\u3001\u6d59\u6c5f\u3001\u6c5f\u82cf\u3001\u6c5f\u897f\u3001\u798f\u5efa\u3001\u5b89\u5fbd\u3001\u6d77\u5357\u7b4915\u7701\uff0c\u8fbe\u5230\u4e86\u4e0e\u8fd1\u4ee3\u4e2d\u56fd\u4ea7\u8336\u533a\u57df\u5927\u81f4\u76f8\u5f53\u7684\u8303\u56f4\u3002\u5b8b\u4ee3\u4ea7\u8336\u533a\u57df\u4e3b\u8981\u5728\u957f\u6c5f\u6d41\u57df\u4e0e\u6dee\u5357\u4e00\u4ee3\uff0c\u5143\u4ee3\u4e3b\u8981\u5206\u5e03\u5728\u957f\u6c5f\u6d41\u57df\u3001\u6dee\u5357\u53ca\u4e24\u5e7f\u4e00\u4ee3\u3002\u660e\u6e05\u65f6\u671f\uff0c\u968f\u7740\u996e\u8336\u65b9\u5f0f\u7684\u6539\u53d8\u4e0e\u5bf9\u5916\u8d38\u6613\u7684\u53d1\u5c55\uff0c\u8336\u53f6\u9700\u6c42\u91cf\u731b\u589e\uff0c\u79cd\u690d\u533a\u57df\u4e0d\u65ad\u6269\u5927\u3002\u6e05\u4ee3\uff0c\u4e0d\u540c\u7684\u8336\u53f6\u4ea7\u533a\u5df2\u7ecf\u62e5\u6709\u4e86\u5404\u81ea\u4e3b\u4ea7\u7684\u8336\u53f6\u54c1\u79cd\uff0c\u6211\u56fd\u7684\u4ea7\u8336\u683c\u5c40\u4e5f\u5728\u6b64\u65f6\u57fa\u672c\u6210\u5f62\u4e86\u3002<\/p>\n\n\n\n<p class=\"has-text-color\" style=\"color:#e02424\">\u8336\u7684\u529f\u6548<\/p>\n\n\n\n<p>\u8336\u4e4b\u529f\u6548\u89c1\u8bf8\u4f17\u591a\u53e4\u7c4d\uff0c\u5982\u9646\u7fbd\u300a\u8336\u7ecf\u300b\u6240\u8ff0\uff0c\u8336\u80fd\u6b62\u6e34\u3001\u795b\u95f7\u3001\u660e\u76ee\u3001\u9192\u8111\u3001\u8212\u7b4b\u7b49\u3002\u4eca\u5929\uff0c\u8336\u65e9\u5df2\u6210\u4e3a\u878d\u5165\u4eba\u4eec\u751f\u6d3b\u7684\u5065\u5eb7\u996e\u54c1\u3002\u73b0\u4ee3\u79d1\u5b66\u8bc1\u5b9e\uff0c\u8336\u53f6\u4e2d\u542b\u6709\u4e30\u5bcc\u7684\u751f\u7269\u6d3b\u6027\u6210\u5206\uff0c\u5305\u62ec\u591a\u915a\u7c7b\u3001\u6c28\u57fa\u9178\u3001\u751f\u7269\u78b1\u3001\u591a\u7cd6\u7b49\uff0c\u8fd9\u4e9b\u7269\u8d28\u662f\u8336\u5177\u6709\u591a\u79cd\u6709\u76ca\u529f\u6548\u7684\u57fa\u7840\u3002<\/p>\n\n\n\n<p class=\"has-text-color\" style=\"color:#e02424\">\u5386\u4ee3\u8336\u53f6\u751f\u4ea7\u533a\u57df<\/p>\n\n\n\n<p>\u53d7\u73af\u5883\u5f71\u54cd\uff0c\u91ce\u751f\u8336\u6811\u7684\u539f\u4ea7\u5730\u5206\u5e03\u4e8e\u6211\u56fd\u5357\u65b9\u6cbf\u5317\u56de\u5f52\u7ebf\u4e24\u4fa7\u533a\u57df\uff0c\u56e0\u6b64\u8fd9\u4e00\u533a\u57df\u4e5f\u662f\u9b4f\u664b\u5357\u5317\u671d\u53ca\u4ee5\u524d\u6211\u56fd\u4e3b\u8981\u7684\u8336\u53f6\u4ea7\u5730\u3002\u81f3\u5510\u4ee3\uff0c\u8336\u4e8b\u5174\u76db\uff0c\u4ea7\u8336\u533a\u57df\u4e5f\u540c\u6b65\u6269\u5927\uff0c\u636e\u9646\u7fbd\u300a\u8336\u7ecf\u300b\u7b49\u6587\u732e\u8bb0\u8f7d\uff0c\u5f53\u65f6\u7684\u8336\u53f6\u4ea7\u5730\u5df2\u904d\u53ca\u4eca\u56db\u5ddd\u3001\u9655\u897f\u3001\u6e56\u5317\u3001\u4e91\u5357\u3001\u5e7f\u897f\u3001\u8d35\u5dde\u3001\u6e56\u5357\u3001\u5e7f\u4e1c\u3001\u6cb3\u5357\u3001\u6d59\u6c5f\u3001\u6c5f\u82cf\u3001\u6c5f\u897f\u3001\u798f\u5efa\u3001\u5b89\u5fbd\u3001\u6d77\u5357\u7b4915\u7701\uff0c\u8fbe\u5230\u4e86\u4e0e\u8fd1\u4ee3\u4e2d\u56fd\u4ea7\u8336\u533a\u57df\u5927\u81f4\u76f8\u5f53\u7684\u8303\u56f4\u3002\u5b8b\u4ee3\u4ea7\u8336\u533a\u57df\u4e3b\u8981\u5728\u957f\u6c5f\u6d41\u57df\u4e0e\u6dee\u5357\u4e00\u4ee3\uff0c\u5143\u4ee3\u4e3b\u8981\u5206\u5e03\u5728\u957f\u6c5f\u6d41\u57df\u3001\u6dee\u5357\u53ca\u4e24\u5e7f\u4e00\u4ee3\u3002\u660e\u6e05\u65f6\u671f\uff0c\u968f\u7740\u996e\u8336\u65b9\u5f0f\u7684\u6539\u53d8\u4e0e\u5bf9\u5916\u8d38\u6613\u7684\u53d1\u5c55\uff0c\u8336\u53f6\u9700\u6c42\u91cf\u731b\u589e\uff0c\u79cd\u690d\u533a\u57df\u4e0d\u65ad\u6269\u5927\u3002\u6e05\u4ee3\uff0c\u4e0d\u540c\u7684\u8336\u53f6\u4ea7\u533a\u5df2\u7ecf\u62e5\u6709\u4e86\u5404\u81ea\u4e3b\u4ea7\u7684\u8336\u53f6\u54c1\u79cd\uff0c\u6211\u56fd\u7684\u4ea7\u8336\u683c\u5c40\u4e5f\u5728\u6b64\u65f6\u57fa\u672c\u6210\u5f62\u4e86\u3002<\/p>\n\n\n\n<figure class=\"wp-block-gallery has-nested-images columns-default is-cropped wp-block-gallery-9 is-layout-flex\">\n<figure class=\"wp-block-image size-large\"><a href=\"https:\/\/i0.wp.com\/alaincardenas.com\/blog\/wp-content\/uploads\/2023\/12\/32-Yu-Lan-Dame-de-cour-et-assistante-appreci-ant-le-the-dyn-Qing-ere-Jiajing-1796-1820.jpg?ssl=1\"><img data-attachment-id=\"7743\" data-permalink=\"https:\/\/alaincardenas.com\/blog\/l-e-t-h-e\/32-yu-lan-dame-de-cour-et-assistante-appreci-ant-le-the-dyn-qing-ere-jiajing-1796-1820\/\" data-orig-file=\"https:\/\/i0.wp.com\/alaincardenas.com\/blog\/wp-content\/uploads\/2023\/12\/32-Yu-Lan-Dame-de-cour-et-assistante-appreci-ant-le-the-dyn-Qing-ere-Jiajing-1796-1820.jpg?fit=800%2C600&amp;ssl=1\" data-orig-size=\"800,600\" data-comments-opened=\"0\" data-image-meta=\"{&quot;aperture&quot;:&quot;0&quot;,&quot;credit&quot;:&quot;&quot;,&quot;camera&quot;:&quot;&quot;,&quot;caption&quot;:&quot;&quot;,&quot;created_timestamp&quot;:&quot;0&quot;,&quot;copyright&quot;:&quot;&quot;,&quot;focal_length&quot;:&quot;0&quot;,&quot;iso&quot;:&quot;0&quot;,&quot;shutter_speed&quot;:&quot;0&quot;,&quot;title&quot;:&quot;&quot;,&quot;orientation&quot;:&quot;1&quot;}\" data-image-title=\"Yu Lan, Les dames et le plaisir du th\u00e9 (1796-1820)\" data-image-description=\"\" data-image-caption=\"\" data-medium-file=\"https:\/\/i0.wp.com\/alaincardenas.com\/blog\/wp-content\/uploads\/2023\/12\/32-Yu-Lan-Dame-de-cour-et-assistante-appreci-ant-le-the-dyn-Qing-ere-Jiajing-1796-1820.jpg?fit=300%2C225&amp;ssl=1\" data-large-file=\"https:\/\/i0.wp.com\/alaincardenas.com\/blog\/wp-content\/uploads\/2023\/12\/32-Yu-Lan-Dame-de-cour-et-assistante-appreci-ant-le-the-dyn-Qing-ere-Jiajing-1796-1820.jpg?fit=584%2C438&amp;ssl=1\" decoding=\"async\" loading=\"lazy\" width=\"584\" height=\"438\" data-id=\"7743\"  src=\"https:\/\/i0.wp.com\/alaincardenas.com\/blog\/wp-content\/uploads\/2023\/12\/32-Yu-Lan-Dame-de-cour-et-assistante-appreci-ant-le-the-dyn-Qing-ere-Jiajing-1796-1820.jpg?resize=584%2C438&#038;ssl=1\" alt=\"\" class=\"wp-image-7743\" srcset=\"https:\/\/i0.wp.com\/alaincardenas.com\/blog\/wp-content\/uploads\/2023\/12\/32-Yu-Lan-Dame-de-cour-et-assistante-appreci-ant-le-the-dyn-Qing-ere-Jiajing-1796-1820.jpg?w=800&amp;ssl=1 800w, https:\/\/i0.wp.com\/alaincardenas.com\/blog\/wp-content\/uploads\/2023\/12\/32-Yu-Lan-Dame-de-cour-et-assistante-appreci-ant-le-the-dyn-Qing-ere-Jiajing-1796-1820.jpg?resize=300%2C225&amp;ssl=1 300w, https:\/\/i0.wp.com\/alaincardenas.com\/blog\/wp-content\/uploads\/2023\/12\/32-Yu-Lan-Dame-de-cour-et-assistante-appreci-ant-le-the-dyn-Qing-ere-Jiajing-1796-1820.jpg?resize=768%2C576&amp;ssl=1 768w, https:\/\/i0.wp.com\/alaincardenas.com\/blog\/wp-content\/uploads\/2023\/12\/32-Yu-Lan-Dame-de-cour-et-assistante-appreci-ant-le-the-dyn-Qing-ere-Jiajing-1796-1820.jpg?resize=400%2C300&amp;ssl=1 400w\" sizes=\"(max-width: 584px) 100vw, 584px\" data-recalc-dims=\"1\" \/><\/a><figcaption class=\"wp-element-caption\">1<\/figcaption><\/figure>\n\n\n\n<figure class=\"wp-block-image size-large\"><a href=\"https:\/\/i0.wp.com\/alaincardenas.com\/blog\/wp-content\/uploads\/2023\/12\/31-Chen-Zi-Histoires-de-lettre-s-feuille-dalbum-debut-Qing.jpg?ssl=1\"><img data-attachment-id=\"7742\" data-permalink=\"https:\/\/alaincardenas.com\/blog\/l-e-t-h-e\/31-chen-zi-histoires-de-lettre-s-feuille-dalbum-debut-qing\/\" data-orig-file=\"https:\/\/i0.wp.com\/alaincardenas.com\/blog\/wp-content\/uploads\/2023\/12\/31-Chen-Zi-Histoires-de-lettre-s-feuille-dalbum-debut-Qing.jpg?fit=800%2C501&amp;ssl=1\" data-orig-size=\"800,501\" data-comments-opened=\"0\" data-image-meta=\"{&quot;aperture&quot;:&quot;0&quot;,&quot;credit&quot;:&quot;&quot;,&quot;camera&quot;:&quot;&quot;,&quot;caption&quot;:&quot;&quot;,&quot;created_timestamp&quot;:&quot;0&quot;,&quot;copyright&quot;:&quot;&quot;,&quot;focal_length&quot;:&quot;0&quot;,&quot;iso&quot;:&quot;0&quot;,&quot;shutter_speed&quot;:&quot;0&quot;,&quot;title&quot;:&quot;&quot;,&quot;orientation&quot;:&quot;1&quot;}\" data-image-title=\"Trait\u00e9 relatif \u00e0 la production du th\u00e9\" data-image-description=\"\" data-image-caption=\"\" data-medium-file=\"https:\/\/i0.wp.com\/alaincardenas.com\/blog\/wp-content\/uploads\/2023\/12\/31-Chen-Zi-Histoires-de-lettre-s-feuille-dalbum-debut-Qing.jpg?fit=300%2C188&amp;ssl=1\" data-large-file=\"https:\/\/i0.wp.com\/alaincardenas.com\/blog\/wp-content\/uploads\/2023\/12\/31-Chen-Zi-Histoires-de-lettre-s-feuille-dalbum-debut-Qing.jpg?fit=584%2C366&amp;ssl=1\" decoding=\"async\" loading=\"lazy\" width=\"584\" height=\"366\" data-id=\"7742\"  src=\"https:\/\/i0.wp.com\/alaincardenas.com\/blog\/wp-content\/uploads\/2023\/12\/31-Chen-Zi-Histoires-de-lettre-s-feuille-dalbum-debut-Qing.jpg?resize=584%2C366&#038;ssl=1\" alt=\"\" class=\"wp-image-7742\" srcset=\"https:\/\/i0.wp.com\/alaincardenas.com\/blog\/wp-content\/uploads\/2023\/12\/31-Chen-Zi-Histoires-de-lettre-s-feuille-dalbum-debut-Qing.jpg?w=800&amp;ssl=1 800w, https:\/\/i0.wp.com\/alaincardenas.com\/blog\/wp-content\/uploads\/2023\/12\/31-Chen-Zi-Histoires-de-lettre-s-feuille-dalbum-debut-Qing.jpg?resize=300%2C188&amp;ssl=1 300w, https:\/\/i0.wp.com\/alaincardenas.com\/blog\/wp-content\/uploads\/2023\/12\/31-Chen-Zi-Histoires-de-lettre-s-feuille-dalbum-debut-Qing.jpg?resize=768%2C481&amp;ssl=1 768w, https:\/\/i0.wp.com\/alaincardenas.com\/blog\/wp-content\/uploads\/2023\/12\/31-Chen-Zi-Histoires-de-lettre-s-feuille-dalbum-debut-Qing.jpg?resize=479%2C300&amp;ssl=1 479w\" sizes=\"(max-width: 584px) 100vw, 584px\" data-recalc-dims=\"1\" \/><\/a><figcaption class=\"wp-element-caption\">2<\/figcaption><\/figure>\n\n\n\n<figure class=\"wp-block-image size-large\"><a href=\"https:\/\/i0.wp.com\/alaincardenas.com\/blog\/wp-content\/uploads\/2023\/12\/30-anonyme-lenfant-apporte-le-th-e-pdt-lrecolte-du-riz-dyn.-Qing.jpg?ssl=1\"><img data-attachment-id=\"7741\" data-permalink=\"https:\/\/alaincardenas.com\/blog\/l-e-t-h-e\/30-anonyme-lenfant-apporte-le-th-e-pdt-lrecolte-du-riz-dyn-qing\/\" data-orig-file=\"https:\/\/i0.wp.com\/alaincardenas.com\/blog\/wp-content\/uploads\/2023\/12\/30-anonyme-lenfant-apporte-le-th-e-pdt-lrecolte-du-riz-dyn.-Qing.jpg?fit=483%2C600&amp;ssl=1\" data-orig-size=\"483,600\" data-comments-opened=\"0\" data-image-meta=\"{&quot;aperture&quot;:&quot;0&quot;,&quot;credit&quot;:&quot;&quot;,&quot;camera&quot;:&quot;&quot;,&quot;caption&quot;:&quot;&quot;,&quot;created_timestamp&quot;:&quot;0&quot;,&quot;copyright&quot;:&quot;&quot;,&quot;focal_length&quot;:&quot;0&quot;,&quot;iso&quot;:&quot;0&quot;,&quot;shutter_speed&quot;:&quot;0&quot;,&quot;title&quot;:&quot;&quot;,&quot;orientation&quot;:&quot;1&quot;}\" data-image-title=\"Trait\u00e9 relatif \u00e0 la production du th\u00e9\" data-image-description=\"\" data-image-caption=\"\" data-medium-file=\"https:\/\/i0.wp.com\/alaincardenas.com\/blog\/wp-content\/uploads\/2023\/12\/30-anonyme-lenfant-apporte-le-th-e-pdt-lrecolte-du-riz-dyn.-Qing.jpg?fit=242%2C300&amp;ssl=1\" data-large-file=\"https:\/\/i0.wp.com\/alaincardenas.com\/blog\/wp-content\/uploads\/2023\/12\/30-anonyme-lenfant-apporte-le-th-e-pdt-lrecolte-du-riz-dyn.-Qing.jpg?fit=483%2C600&amp;ssl=1\" decoding=\"async\" loading=\"lazy\" width=\"483\" height=\"600\" data-id=\"7741\"  src=\"https:\/\/i0.wp.com\/alaincardenas.com\/blog\/wp-content\/uploads\/2023\/12\/30-anonyme-lenfant-apporte-le-th-e-pdt-lrecolte-du-riz-dyn.-Qing.jpg?resize=483%2C600&#038;ssl=1\" alt=\"\" class=\"wp-image-7741\" srcset=\"https:\/\/i0.wp.com\/alaincardenas.com\/blog\/wp-content\/uploads\/2023\/12\/30-anonyme-lenfant-apporte-le-th-e-pdt-lrecolte-du-riz-dyn.-Qing.jpg?w=483&amp;ssl=1 483w, https:\/\/i0.wp.com\/alaincardenas.com\/blog\/wp-content\/uploads\/2023\/12\/30-anonyme-lenfant-apporte-le-th-e-pdt-lrecolte-du-riz-dyn.-Qing.jpg?resize=242%2C300&amp;ssl=1 242w\" sizes=\"(max-width: 483px) 100vw, 483px\" data-recalc-dims=\"1\" \/><\/a><figcaption class=\"wp-element-caption\">3<\/figcaption><\/figure>\n\n\n\n<figure class=\"wp-block-image size-large\"><a href=\"https:\/\/i0.wp.com\/alaincardenas.com\/blog\/wp-content\/uploads\/2023\/12\/6-feuilles-de-the-FujianGuangxi.jpg?ssl=1\"><img data-attachment-id=\"7725\" data-permalink=\"https:\/\/alaincardenas.com\/blog\/l-e-t-h-e\/6-feuilles-de-the-fujianguangxi\/\" data-orig-file=\"https:\/\/i0.wp.com\/alaincardenas.com\/blog\/wp-content\/uploads\/2023\/12\/6-feuilles-de-the-FujianGuangxi.jpg?fit=800%2C533&amp;ssl=1\" data-orig-size=\"800,533\" data-comments-opened=\"0\" data-image-meta=\"{&quot;aperture&quot;:&quot;0&quot;,&quot;credit&quot;:&quot;&quot;,&quot;camera&quot;:&quot;&quot;,&quot;caption&quot;:&quot;&quot;,&quot;created_timestamp&quot;:&quot;0&quot;,&quot;copyright&quot;:&quot;&quot;,&quot;focal_length&quot;:&quot;0&quot;,&quot;iso&quot;:&quot;0&quot;,&quot;shutter_speed&quot;:&quot;0&quot;,&quot;title&quot;:&quot;&quot;,&quot;orientation&quot;:&quot;1&quot;}\" data-image-title=\"Boules de feuilles de th\u00e9 au jasmin\" data-image-description=\"\" data-image-caption=\"\" data-medium-file=\"https:\/\/i0.wp.com\/alaincardenas.com\/blog\/wp-content\/uploads\/2023\/12\/6-feuilles-de-the-FujianGuangxi.jpg?fit=300%2C200&amp;ssl=1\" data-large-file=\"https:\/\/i0.wp.com\/alaincardenas.com\/blog\/wp-content\/uploads\/2023\/12\/6-feuilles-de-the-FujianGuangxi.jpg?fit=584%2C389&amp;ssl=1\" decoding=\"async\" loading=\"lazy\" width=\"584\" height=\"389\" data-id=\"7725\"  src=\"https:\/\/i0.wp.com\/alaincardenas.com\/blog\/wp-content\/uploads\/2023\/12\/6-feuilles-de-the-FujianGuangxi.jpg?resize=584%2C389&#038;ssl=1\" alt=\"\" class=\"wp-image-7725\" srcset=\"https:\/\/i0.wp.com\/alaincardenas.com\/blog\/wp-content\/uploads\/2023\/12\/6-feuilles-de-the-FujianGuangxi.jpg?w=800&amp;ssl=1 800w, https:\/\/i0.wp.com\/alaincardenas.com\/blog\/wp-content\/uploads\/2023\/12\/6-feuilles-de-the-FujianGuangxi.jpg?resize=300%2C200&amp;ssl=1 300w, https:\/\/i0.wp.com\/alaincardenas.com\/blog\/wp-content\/uploads\/2023\/12\/6-feuilles-de-the-FujianGuangxi.jpg?resize=768%2C512&amp;ssl=1 768w, https:\/\/i0.wp.com\/alaincardenas.com\/blog\/wp-content\/uploads\/2023\/12\/6-feuilles-de-the-FujianGuangxi.jpg?resize=450%2C300&amp;ssl=1 450w\" sizes=\"(max-width: 584px) 100vw, 584px\" data-recalc-dims=\"1\" \/><\/a><figcaption class=\"wp-element-caption\">4<\/figcaption><\/figure>\n\n\n\n<figure class=\"wp-block-image size-large\"><a href=\"https:\/\/i0.wp.com\/alaincardenas.com\/blog\/wp-content\/uploads\/2023\/12\/7-anonyme-feuille-polych.-prod-du-the.jpg?ssl=1\"><img data-attachment-id=\"7726\" data-permalink=\"https:\/\/alaincardenas.com\/blog\/l-e-t-h-e\/7-anonyme-feuille-polych-prod-du-the\/\" data-orig-file=\"https:\/\/i0.wp.com\/alaincardenas.com\/blog\/wp-content\/uploads\/2023\/12\/7-anonyme-feuille-polych.-prod-du-the.jpg?fit=785%2C600&amp;ssl=1\" data-orig-size=\"785,600\" data-comments-opened=\"0\" data-image-meta=\"{&quot;aperture&quot;:&quot;0&quot;,&quot;credit&quot;:&quot;&quot;,&quot;camera&quot;:&quot;&quot;,&quot;caption&quot;:&quot;&quot;,&quot;created_timestamp&quot;:&quot;0&quot;,&quot;copyright&quot;:&quot;&quot;,&quot;focal_length&quot;:&quot;0&quot;,&quot;iso&quot;:&quot;0&quot;,&quot;shutter_speed&quot;:&quot;0&quot;,&quot;title&quot;:&quot;&quot;,&quot;orientation&quot;:&quot;1&quot;}\" data-image-title=\"Anonyme, La production du th\u00e9 (d\u00e9but du 19e s.)\" data-image-description=\"\" data-image-caption=\"\" data-medium-file=\"https:\/\/i0.wp.com\/alaincardenas.com\/blog\/wp-content\/uploads\/2023\/12\/7-anonyme-feuille-polych.-prod-du-the.jpg?fit=300%2C229&amp;ssl=1\" data-large-file=\"https:\/\/i0.wp.com\/alaincardenas.com\/blog\/wp-content\/uploads\/2023\/12\/7-anonyme-feuille-polych.-prod-du-the.jpg?fit=584%2C446&amp;ssl=1\" decoding=\"async\" loading=\"lazy\" width=\"584\" height=\"446\" data-id=\"7726\"  src=\"https:\/\/i0.wp.com\/alaincardenas.com\/blog\/wp-content\/uploads\/2023\/12\/7-anonyme-feuille-polych.-prod-du-the.jpg?resize=584%2C446&#038;ssl=1\" alt=\"\" class=\"wp-image-7726\" srcset=\"https:\/\/i0.wp.com\/alaincardenas.com\/blog\/wp-content\/uploads\/2023\/12\/7-anonyme-feuille-polych.-prod-du-the.jpg?w=785&amp;ssl=1 785w, https:\/\/i0.wp.com\/alaincardenas.com\/blog\/wp-content\/uploads\/2023\/12\/7-anonyme-feuille-polych.-prod-du-the.jpg?resize=300%2C229&amp;ssl=1 300w, https:\/\/i0.wp.com\/alaincardenas.com\/blog\/wp-content\/uploads\/2023\/12\/7-anonyme-feuille-polych.-prod-du-the.jpg?resize=768%2C587&amp;ssl=1 768w, https:\/\/i0.wp.com\/alaincardenas.com\/blog\/wp-content\/uploads\/2023\/12\/7-anonyme-feuille-polych.-prod-du-the.jpg?resize=393%2C300&amp;ssl=1 393w\" sizes=\"(max-width: 584px) 100vw, 584px\" data-recalc-dims=\"1\" \/><\/a><figcaption class=\"wp-element-caption\">5<\/figcaption><\/figure>\n\n\n\n<figure class=\"wp-block-image size-large\"><a href=\"https:\/\/i0.wp.com\/alaincardenas.com\/blog\/wp-content\/uploads\/2023\/12\/27-Jin-Nong-le-poete-Tang-LU-Tong-fum-ant-le-the-oeuvre-Qianlong-1759-.jpg?ssl=1\"><img data-attachment-id=\"7738\" data-permalink=\"https:\/\/alaincardenas.com\/blog\/l-e-t-h-e\/27-jin-nong-le-poete-tang-lu-tong-fum-ant-le-the-oeuvre-qianlong-1759\/\" data-orig-file=\"https:\/\/i0.wp.com\/alaincardenas.com\/blog\/wp-content\/uploads\/2023\/12\/27-Jin-Nong-le-poete-Tang-LU-Tong-fum-ant-le-the-oeuvre-Qianlong-1759-.jpg?fit=789%2C600&amp;ssl=1\" data-orig-size=\"789,600\" data-comments-opened=\"0\" data-image-meta=\"{&quot;aperture&quot;:&quot;0&quot;,&quot;credit&quot;:&quot;&quot;,&quot;camera&quot;:&quot;&quot;,&quot;caption&quot;:&quot;&quot;,&quot;created_timestamp&quot;:&quot;1694208595&quot;,&quot;copyright&quot;:&quot;&quot;,&quot;focal_length&quot;:&quot;0&quot;,&quot;iso&quot;:&quot;0&quot;,&quot;shutter_speed&quot;:&quot;0&quot;,&quot;title&quot;:&quot;&quot;,&quot;orientation&quot;:&quot;1&quot;}\" data-image-title=\"Jin Nong Trait\u00e9 de la pr\u00e9paration du th\u00e9 de Y\u00fc Chuan (1759)\" data-image-description=\"\" data-image-caption=\"\" data-medium-file=\"https:\/\/i0.wp.com\/alaincardenas.com\/blog\/wp-content\/uploads\/2023\/12\/27-Jin-Nong-le-poete-Tang-LU-Tong-fum-ant-le-the-oeuvre-Qianlong-1759-.jpg?fit=300%2C228&amp;ssl=1\" data-large-file=\"https:\/\/i0.wp.com\/alaincardenas.com\/blog\/wp-content\/uploads\/2023\/12\/27-Jin-Nong-le-poete-Tang-LU-Tong-fum-ant-le-the-oeuvre-Qianlong-1759-.jpg?fit=584%2C444&amp;ssl=1\" decoding=\"async\" loading=\"lazy\" width=\"584\" height=\"444\" data-id=\"7738\"  src=\"https:\/\/i0.wp.com\/alaincardenas.com\/blog\/wp-content\/uploads\/2023\/12\/27-Jin-Nong-le-poete-Tang-LU-Tong-fum-ant-le-the-oeuvre-Qianlong-1759-.jpg?resize=584%2C444&#038;ssl=1\" alt=\"\" class=\"wp-image-7738\" srcset=\"https:\/\/i0.wp.com\/alaincardenas.com\/blog\/wp-content\/uploads\/2023\/12\/27-Jin-Nong-le-poete-Tang-LU-Tong-fum-ant-le-the-oeuvre-Qianlong-1759-.jpg?w=789&amp;ssl=1 789w, https:\/\/i0.wp.com\/alaincardenas.com\/blog\/wp-content\/uploads\/2023\/12\/27-Jin-Nong-le-poete-Tang-LU-Tong-fum-ant-le-the-oeuvre-Qianlong-1759-.jpg?resize=300%2C228&amp;ssl=1 300w, https:\/\/i0.wp.com\/alaincardenas.com\/blog\/wp-content\/uploads\/2023\/12\/27-Jin-Nong-le-poete-Tang-LU-Tong-fum-ant-le-the-oeuvre-Qianlong-1759-.jpg?resize=768%2C584&amp;ssl=1 768w, https:\/\/i0.wp.com\/alaincardenas.com\/blog\/wp-content\/uploads\/2023\/12\/27-Jin-Nong-le-poete-Tang-LU-Tong-fum-ant-le-the-oeuvre-Qianlong-1759-.jpg?resize=395%2C300&amp;ssl=1 395w\" sizes=\"(max-width: 584px) 100vw, 584px\" data-recalc-dims=\"1\" \/><\/a><figcaption class=\"wp-element-caption\">6<\/figcaption><\/figure>\n<\/figure>\n\n\n\n<hr class=\"wp-block-separator has-alpha-channel-opacity\"\/>\n\n\n\n<ul>\n<li>1 &#8211; Yu Lan, <em>Les dames et le plaisir du th\u00e9<\/em> (1796-1820). Cet ouvrage pour dames en planches contient aussi des explications sur l\u2019art du th\u00e9, sa pr\u00e9paration, sur les accessoires \u00e0 utiliser pour que la c\u00e9r\u00e9monie soit parfaite. \u55bb\u5170\u7ed8 \u4ed5\u5973\u9274\u8336\u56fe\u9875\u6e05\u5609\u5e86\uff081796\u20131820\u5e74\uff09\u3002\u672c\u56fe\u63cf\u7ed8\u4ed5\u5973\u54c1\u8336\uff0c\u8336\u5177\u79cd\u7c7b\u4e30\u5bcc\u3001\u529f\u80fd\u9f50\u5907\uff0c\u8868\u73b0\u4e86\u4ed5\u5973\u5bf9\u996e\u8336\u7528\u6c34\u3001\u7528\u5668\u548c\u65b9\u6cd5\u7684\u8bb2\u7a76\uff0c\u662f\u8336\u6587\u5316\u878d\u5165\u5973\u6027\u95fa\u623f\u751f\u6d3b\u7684\u5199\u7167\u3002<\/li>\n\n\n\n<li>2 et 3 &#8211; Trait\u00e9s relatifs \u00e0 la production du th\u00e9, dont le recueil <em>Histoires humaines<\/em>, de Che Zi, paru au d\u00e9but de la dynastie des Qing (1644_1911). \u9648\u5b57\u7ed8 \u4eba\u7269\u6545\u4e8b\u518c\u4e4b\u4e00 &nbsp;\u6e05\uff081644\u20131911\u5e74\uff09\u65e9\u671f\u3002<\/li>\n\n\n\n<li>4 &#8211; Boules de feuilles de th\u00e9 au jasmin. Ce type de th\u00e9 parfum\u00e9 est produit dans les provinces du Fujian et du Guangxi. \u8309\u8389\u9f99\u73e0 \u4e2d\u56fd\u8336\u53f6\u535a\u7269\u9986 \u4ea7\u5730\uff1a\u798f\u5efa\u7701\u3001\u5e7f\u897f\u58ee\u65cf\u81ea\u6cbb\u533a\u3002\u54c1\u8d28\u7279\u5f81\uff1a\u5916\u5f62\u9897\u7c92\u6eda\u5706\uff0c\u8010\u6ce1\uff0c\u8272\u6cfd\u7eff\u6da6\u3001\u663e\u6beb\uff0c\u82b1\u9999\u6d53\u90c1\u6301\u4e45\uff0c\u6ecb\u5473\u9187\u539a\uff1b\u6c64\u8272\u9ec4\u7eff\u660e\u4eae\u3002<\/li>\n\n\n\n<li>5 &#8211; Anonyme, <em>La production du th\u00e9<\/em> (d\u00e9but du 19<sup>e<\/sup> s.), Mus\u00e9e provincial de la province du Guangdong. Cette s\u00e9rie \u00e0 caract\u00e8re didactique et descriptif comprend un ensemble de 12 feuilles peintes \u00e0 la gouache sur papier. Un bon nombre de ces s\u00e9ries \u00e9taient r\u00e9alis\u00e9es dans des ateliers qui les vendaient aux Occidentaux. \u4f5a\u540d\u7ed8 \u5236\u8336\u56fe \u5e7f\u4e1c\u7701\u535a\u7269\u9986 (19\u4e16\u7eaa\u521d)\u3002<\/li>\n\n\n\n<li>\u300a\u5236\u8336\u56fe\u300b\u4e3a\u6b27\u6d32\u7eb8\u672c\u6c34\u7c89\u753b\uff0c\u4e00\u595712 \u5e45\u3002\u4f9d\u6b21\u63cf\u7ed8\u4e86\u9504\u5730\u3001\u64ad\u79cd\u3001\u65bd\u80a5\u3001\u91c7\u8336\u3001\u62e3\u8336\u3001\u6652\u8336\u3001\u7092\u8336\u3001\u7b5b\u8336\u548c\u63c9\u8336\u3001\u8202\u8336\u3001\u88c5\u7bb1\u3001\u6c34\u8fd0\u3001\u8336\u884c\u5171\u8ba112 \u4e2a\u8fc7\u7a0b\u7247\u65ad\uff0c\u4e3a\u6211\u4eec\u4e86\u89e3\u5f53\u65f6\u8336\u53f6\u79cd\u690d\u3001\u5236\u4f5c\u4e0e\u8fd0\u8f93\u63d0\u4f9b\u4e86\u76f4\u89c2\u8bc1\u636e\u3002<\/li>\n\n\n\n<li>6 &#8211; Jin Nong <em>Trait\u00e9 de la pr\u00e9paration du th\u00e9 de Y\u00fc Chuan<\/em> (1759). Ce peintre, un des huit excentriques de Yangzhou, est renomm\u00e9 pour ce trait\u00e9 qui comprend ses \u0153uvres r\u00e9alis\u00e9es au lavis d\u2019encre et en pigments. Il a peint ce volume alors qu\u2019il \u00e9tait \u00e2g\u00e9 de 73 ans. \u91d1\u519c\u7ed8 \u7389\u5ddd\u714e\u8336\u56fe\u9875 \u6e05\u4e7e\u9686\u4e8c\u5341\u56db\u5e74\uff081759\u5e74\uff09\u3002\u300a\u7389\u5ddd\u714e\u8336\u56fe\u9875\u300b\u8868\u73b0\u4e86\u5510\u4ee3\u8457\u540d\u8bd7\u4eba\u5362\u4edd\uff08\u97f3\u540c\uff09\u714e\u8336\u7684\u573a\u666f\u3002\u5362\u4edd\u88ab\u4e16\u4eba\u79f0\u4e3a\u8336\u4ed9\uff0c\u53f7\u7389\u5ddd\u5b50\uff0c\u201c\u7389\u5ddd\u714e\u8336\u201d\u662f\u7ecf\u4e45\u4e0d\u8870\u7684\u7ed8\u753b\u9898\u6750\u4e4b\u4e00\u3002\u672c\u518c\u9875\u4e3a\u201c\u626c\u5dde\u516b\u602a\u201d\u4e4b\u4e00\u7684\u91d1\u519c\u4e03\u5341\u4e09\u5c81\u6240\u7ed8\uff0c\u6839\u636e\u81ea\u9898\u53ef\u77e5\u4e34\u81ea\u5b8b\u753b\u3002<\/li>\n<\/ul>\n\n\n\n<hr class=\"wp-block-separator has-alpha-channel-opacity\"\/>\n\n\n\n<p class=\"has-text-color\" style=\"color:#e02424\">\u5bab\u5ef7\u8336\u4e8b\u7ba1\u7406<\/p>\n\n\n\n<p>\u5386\u4ee3\u5bab\u5ef7\u5747\u6709\u8d1f\u8d23\u81b3\u996e\u7684\u7ba1\u7406\u673a\u6784\u3002\u6e05\u4ee3\u5bab\u4e2d\u8bbe\u8336\u5e93\u3001\u8336\u623f\u7b49\uff0c\u4e13\u804c\u7ba1\u7406\u4e0e\u5b58\u50a8\u5bab\u5ef7\u7528\u8336\uff0c\u5e76\u914d\u6709\u76f8\u5e94\u7684\u7ba1\u7406\u4eba\u5458\u3002\u5eb7\u7199\u4e8c\u5341\u516b\u5e74\uff081689\u5e74\uff09\u8bbe\u8336\u5e93\uff0c\u96b6\u5c5e\u4e8e\u5185\u52a1\u5e9c\u5e7f\u50a8\u53f8\u3002\u9664\u4e86\u670d\u52a1\u4e8e\u7687\u5e1d\u7684\u5fa1\u8336\u81b3\u623f\u5916\uff0c\u7687\u592a\u540e\u3001\u7687\u540e\u3001\u7687\u5b50\u7b49\u5c45\u4f4f\u7684\u5bab\u82d1\u4e5f\u8bbe\u8336\u623f\u3002\u6e05\u5bab\u8336\u5e93\u3001\u8336\u623f\u7684\u76f8\u5173\u9057\u5b58\uff0c\u53ef\u4e8e\u7ec6\u5fae\u5904\u53cd\u6620\u5185\u5ef7\u5bf9\u8336\u4e8b\u7684\u7ba1\u7406\u3002<\/p>\n\n\n\n<figure class=\"wp-block-gallery has-nested-images columns-default is-cropped wp-block-gallery-11 is-layout-flex\">\n<figure class=\"wp-block-image size-large\"><a href=\"https:\/\/i0.wp.com\/alaincardenas.com\/blog\/wp-content\/uploads\/2023\/12\/18-accessoire-a-the-Song-du-Nord-960-1127-accessoire-de-the-province-Shaanxi.jpg?ssl=1\"><img data-attachment-id=\"7779\" data-permalink=\"https:\/\/alaincardenas.com\/blog\/l-e-t-h-e\/18-accessoire-a-the-song-du-nord-960-1127-accessoire-de-the-province-shaanxi\/\" data-orig-file=\"https:\/\/i0.wp.com\/alaincardenas.com\/blog\/wp-content\/uploads\/2023\/12\/18-accessoire-a-the-Song-du-Nord-960-1127-accessoire-de-the-province-Shaanxi.jpg?fit=800%2C469&amp;ssl=1\" data-orig-size=\"800,469\" data-comments-opened=\"0\" data-image-meta=\"{&quot;aperture&quot;:&quot;2.2&quot;,&quot;credit&quot;:&quot;&quot;,&quot;camera&quot;:&quot;iPhone 14 Pro Max&quot;,&quot;caption&quot;:&quot;&quot;,&quot;created_timestamp&quot;:&quot;1701033955&quot;,&quot;copyright&quot;:&quot;&quot;,&quot;focal_length&quot;:&quot;2.22&quot;,&quot;iso&quot;:&quot;1250&quot;,&quot;shutter_speed&quot;:&quot;0.029411764705882&quot;,&quot;title&quot;:&quot;&quot;,&quot;orientation&quot;:&quot;1&quot;}\" data-image-title=\"Accessoires \u00e0 th\u00e9, dyn. des Song du Nord (960-1127)\" data-image-description=\"\" data-image-caption=\"\" data-medium-file=\"https:\/\/i0.wp.com\/alaincardenas.com\/blog\/wp-content\/uploads\/2023\/12\/18-accessoire-a-the-Song-du-Nord-960-1127-accessoire-de-the-province-Shaanxi.jpg?fit=300%2C176&amp;ssl=1\" data-large-file=\"https:\/\/i0.wp.com\/alaincardenas.com\/blog\/wp-content\/uploads\/2023\/12\/18-accessoire-a-the-Song-du-Nord-960-1127-accessoire-de-the-province-Shaanxi.jpg?fit=584%2C342&amp;ssl=1\" decoding=\"async\" loading=\"lazy\" width=\"584\" height=\"342\" data-id=\"7779\"  src=\"https:\/\/i0.wp.com\/alaincardenas.com\/blog\/wp-content\/uploads\/2023\/12\/18-accessoire-a-the-Song-du-Nord-960-1127-accessoire-de-the-province-Shaanxi.jpg?resize=584%2C342&#038;ssl=1\" alt=\"\" class=\"wp-image-7779\" srcset=\"https:\/\/i0.wp.com\/alaincardenas.com\/blog\/wp-content\/uploads\/2023\/12\/18-accessoire-a-the-Song-du-Nord-960-1127-accessoire-de-the-province-Shaanxi.jpg?w=800&amp;ssl=1 800w, https:\/\/i0.wp.com\/alaincardenas.com\/blog\/wp-content\/uploads\/2023\/12\/18-accessoire-a-the-Song-du-Nord-960-1127-accessoire-de-the-province-Shaanxi.jpg?resize=300%2C176&amp;ssl=1 300w, https:\/\/i0.wp.com\/alaincardenas.com\/blog\/wp-content\/uploads\/2023\/12\/18-accessoire-a-the-Song-du-Nord-960-1127-accessoire-de-the-province-Shaanxi.jpg?resize=768%2C450&amp;ssl=1 768w, https:\/\/i0.wp.com\/alaincardenas.com\/blog\/wp-content\/uploads\/2023\/12\/18-accessoire-a-the-Song-du-Nord-960-1127-accessoire-de-the-province-Shaanxi.jpg?resize=500%2C293&amp;ssl=1 500w\" sizes=\"(max-width: 584px) 100vw, 584px\" data-recalc-dims=\"1\" \/><\/a><figcaption class=\"wp-element-caption\">1<\/figcaption><\/figure>\n\n\n\n<figure class=\"wp-block-image size-large\"><a href=\"https:\/\/i0.wp.com\/alaincardenas.com\/blog\/wp-content\/uploads\/2023\/12\/19-accessoire-a-the-Song-du-Nord-960-1127-accessoire-de-the-prov.-Shaanxi.jpg?ssl=1\"><img data-attachment-id=\"7780\" data-permalink=\"https:\/\/alaincardenas.com\/blog\/l-e-t-h-e\/19-accessoire-a-the-song-du-nord-960-1127-accessoire-de-the-prov-shaanxi\/\" data-orig-file=\"https:\/\/i0.wp.com\/alaincardenas.com\/blog\/wp-content\/uploads\/2023\/12\/19-accessoire-a-the-Song-du-Nord-960-1127-accessoire-de-the-prov.-Shaanxi.jpg?fit=607%2C600&amp;ssl=1\" data-orig-size=\"607,600\" data-comments-opened=\"0\" data-image-meta=\"{&quot;aperture&quot;:&quot;2.2&quot;,&quot;credit&quot;:&quot;&quot;,&quot;camera&quot;:&quot;iPhone 14 Pro Max&quot;,&quot;caption&quot;:&quot;&quot;,&quot;created_timestamp&quot;:&quot;1701033949&quot;,&quot;copyright&quot;:&quot;&quot;,&quot;focal_length&quot;:&quot;2.22&quot;,&quot;iso&quot;:&quot;1250&quot;,&quot;shutter_speed&quot;:&quot;0.04&quot;,&quot;title&quot;:&quot;&quot;,&quot;orientation&quot;:&quot;1&quot;}\" data-image-title=\"Accessoires \u00e0 th\u00e9, dyn. des Song du Nord (960-1127)\" data-image-description=\"\" data-image-caption=\"\" data-medium-file=\"https:\/\/i0.wp.com\/alaincardenas.com\/blog\/wp-content\/uploads\/2023\/12\/19-accessoire-a-the-Song-du-Nord-960-1127-accessoire-de-the-prov.-Shaanxi.jpg?fit=300%2C297&amp;ssl=1\" data-large-file=\"https:\/\/i0.wp.com\/alaincardenas.com\/blog\/wp-content\/uploads\/2023\/12\/19-accessoire-a-the-Song-du-Nord-960-1127-accessoire-de-the-prov.-Shaanxi.jpg?fit=584%2C577&amp;ssl=1\" decoding=\"async\" loading=\"lazy\" width=\"584\" height=\"577\" data-id=\"7780\"  src=\"https:\/\/i0.wp.com\/alaincardenas.com\/blog\/wp-content\/uploads\/2023\/12\/19-accessoire-a-the-Song-du-Nord-960-1127-accessoire-de-the-prov.-Shaanxi.jpg?resize=584%2C577&#038;ssl=1\" alt=\"\" class=\"wp-image-7780\" srcset=\"https:\/\/i0.wp.com\/alaincardenas.com\/blog\/wp-content\/uploads\/2023\/12\/19-accessoire-a-the-Song-du-Nord-960-1127-accessoire-de-the-prov.-Shaanxi.jpg?w=607&amp;ssl=1 607w, https:\/\/i0.wp.com\/alaincardenas.com\/blog\/wp-content\/uploads\/2023\/12\/19-accessoire-a-the-Song-du-Nord-960-1127-accessoire-de-the-prov.-Shaanxi.jpg?resize=300%2C297&amp;ssl=1 300w, https:\/\/i0.wp.com\/alaincardenas.com\/blog\/wp-content\/uploads\/2023\/12\/19-accessoire-a-the-Song-du-Nord-960-1127-accessoire-de-the-prov.-Shaanxi.jpg?resize=304%2C300&amp;ssl=1 304w\" sizes=\"(max-width: 584px) 100vw, 584px\" data-recalc-dims=\"1\" \/><\/a><figcaption class=\"wp-element-caption\">2<\/figcaption><\/figure>\n\n\n\n<figure class=\"wp-block-image size-large\"><a href=\"https:\/\/i0.wp.com\/alaincardenas.com\/blog\/wp-content\/uploads\/2023\/12\/13-boite-a-the-Guanxian-xicha-Qing-date-du-selectione-pour-un-ht-fonctionnaire-du-Sichuan10e-mois-34e-annee-ere-Guangxu.jpg?ssl=1\"><img data-attachment-id=\"7777\" data-permalink=\"https:\/\/alaincardenas.com\/blog\/l-e-t-h-e\/13-boite-a-the-guanxian-xicha-qing-date-du-selectione-pour-un-ht-fonctionnaire-du-sichuan10e-mois-34e-annee-ere-guangxu\/\" data-orig-file=\"https:\/\/i0.wp.com\/alaincardenas.com\/blog\/wp-content\/uploads\/2023\/12\/13-boite-a-the-Guanxian-xicha-Qing-date-du-selectione-pour-un-ht-fonctionnaire-du-Sichuan10e-mois-34e-annee-ere-Guangxu.jpg?fit=400%2C600&amp;ssl=1\" data-orig-size=\"400,600\" data-comments-opened=\"0\" data-image-meta=\"{&quot;aperture&quot;:&quot;0&quot;,&quot;credit&quot;:&quot;&quot;,&quot;camera&quot;:&quot;&quot;,&quot;caption&quot;:&quot;&quot;,&quot;created_timestamp&quot;:&quot;0&quot;,&quot;copyright&quot;:&quot;&quot;,&quot;focal_length&quot;:&quot;0&quot;,&quot;iso&quot;:&quot;0&quot;,&quot;shutter_speed&quot;:&quot;0&quot;,&quot;title&quot;:&quot;&quot;,&quot;orientation&quot;:&quot;1&quot;}\" data-image-title=\"Th\u00e9 de Guanxian, dyn. Qing (1644-1911)\" data-image-description=\"\" data-image-caption=\"\" data-medium-file=\"https:\/\/i0.wp.com\/alaincardenas.com\/blog\/wp-content\/uploads\/2023\/12\/13-boite-a-the-Guanxian-xicha-Qing-date-du-selectione-pour-un-ht-fonctionnaire-du-Sichuan10e-mois-34e-annee-ere-Guangxu.jpg?fit=200%2C300&amp;ssl=1\" data-large-file=\"https:\/\/i0.wp.com\/alaincardenas.com\/blog\/wp-content\/uploads\/2023\/12\/13-boite-a-the-Guanxian-xicha-Qing-date-du-selectione-pour-un-ht-fonctionnaire-du-Sichuan10e-mois-34e-annee-ere-Guangxu.jpg?fit=400%2C600&amp;ssl=1\" decoding=\"async\" loading=\"lazy\" width=\"400\" height=\"600\" data-id=\"7777\"  src=\"https:\/\/i0.wp.com\/alaincardenas.com\/blog\/wp-content\/uploads\/2023\/12\/13-boite-a-the-Guanxian-xicha-Qing-date-du-selectione-pour-un-ht-fonctionnaire-du-Sichuan10e-mois-34e-annee-ere-Guangxu.jpg?resize=400%2C600&#038;ssl=1\" alt=\"\" class=\"wp-image-7777\" srcset=\"https:\/\/i0.wp.com\/alaincardenas.com\/blog\/wp-content\/uploads\/2023\/12\/13-boite-a-the-Guanxian-xicha-Qing-date-du-selectione-pour-un-ht-fonctionnaire-du-Sichuan10e-mois-34e-annee-ere-Guangxu.jpg?w=400&amp;ssl=1 400w, https:\/\/i0.wp.com\/alaincardenas.com\/blog\/wp-content\/uploads\/2023\/12\/13-boite-a-the-Guanxian-xicha-Qing-date-du-selectione-pour-un-ht-fonctionnaire-du-Sichuan10e-mois-34e-annee-ere-Guangxu.jpg?resize=200%2C300&amp;ssl=1 200w\" sizes=\"(max-width: 400px) 100vw, 400px\" data-recalc-dims=\"1\" \/><\/a><figcaption class=\"wp-element-caption\">3<\/figcaption><\/figure>\n\n\n\n<figure class=\"wp-block-image size-large\"><a href=\"https:\/\/i0.wp.com\/alaincardenas.com\/blog\/wp-content\/uploads\/2023\/12\/16-Chunmingcha-dyn-Qing-un-des-cinq-emballages-sous-le-regne-de-Qianlong-18e-s.jpg?ssl=1\"><img data-attachment-id=\"7778\" data-permalink=\"https:\/\/alaincardenas.com\/blog\/l-e-t-h-e\/16-chunmingcha-dyn-qing-un-des-cinq-emballages-sous-le-regne-de-qianlong-18e-s\/\" data-orig-file=\"https:\/\/i0.wp.com\/alaincardenas.com\/blog\/wp-content\/uploads\/2023\/12\/16-Chunmingcha-dyn-Qing-un-des-cinq-emballages-sous-le-regne-de-Qianlong-18e-s.jpg?fit=654%2C600&amp;ssl=1\" data-orig-size=\"654,600\" data-comments-opened=\"0\" data-image-meta=\"{&quot;aperture&quot;:&quot;2.2&quot;,&quot;credit&quot;:&quot;&quot;,&quot;camera&quot;:&quot;iPhone 14 Pro Max&quot;,&quot;caption&quot;:&quot;&quot;,&quot;created_timestamp&quot;:&quot;1701033216&quot;,&quot;copyright&quot;:&quot;&quot;,&quot;focal_length&quot;:&quot;2.22&quot;,&quot;iso&quot;:&quot;1600&quot;,&quot;shutter_speed&quot;:&quot;0.04&quot;,&quot;title&quot;:&quot;&quot;,&quot;orientation&quot;:&quot;1&quot;}\" data-image-title=\"Coffret de Chunmingcha, dyn. Qing (1644-1911)\" data-image-description=\"\" data-image-caption=\"\" data-medium-file=\"https:\/\/i0.wp.com\/alaincardenas.com\/blog\/wp-content\/uploads\/2023\/12\/16-Chunmingcha-dyn-Qing-un-des-cinq-emballages-sous-le-regne-de-Qianlong-18e-s.jpg?fit=300%2C275&amp;ssl=1\" data-large-file=\"https:\/\/i0.wp.com\/alaincardenas.com\/blog\/wp-content\/uploads\/2023\/12\/16-Chunmingcha-dyn-Qing-un-des-cinq-emballages-sous-le-regne-de-Qianlong-18e-s.jpg?fit=584%2C536&amp;ssl=1\" decoding=\"async\" loading=\"lazy\" width=\"584\" height=\"536\" data-id=\"7778\"  src=\"https:\/\/i0.wp.com\/alaincardenas.com\/blog\/wp-content\/uploads\/2023\/12\/16-Chunmingcha-dyn-Qing-un-des-cinq-emballages-sous-le-regne-de-Qianlong-18e-s.jpg?resize=584%2C536&#038;ssl=1\" alt=\"\" class=\"wp-image-7778\" srcset=\"https:\/\/i0.wp.com\/alaincardenas.com\/blog\/wp-content\/uploads\/2023\/12\/16-Chunmingcha-dyn-Qing-un-des-cinq-emballages-sous-le-regne-de-Qianlong-18e-s.jpg?w=654&amp;ssl=1 654w, https:\/\/i0.wp.com\/alaincardenas.com\/blog\/wp-content\/uploads\/2023\/12\/16-Chunmingcha-dyn-Qing-un-des-cinq-emballages-sous-le-regne-de-Qianlong-18e-s.jpg?resize=300%2C275&amp;ssl=1 300w, https:\/\/i0.wp.com\/alaincardenas.com\/blog\/wp-content\/uploads\/2023\/12\/16-Chunmingcha-dyn-Qing-un-des-cinq-emballages-sous-le-regne-de-Qianlong-18e-s.jpg?resize=327%2C300&amp;ssl=1 327w\" sizes=\"(max-width: 584px) 100vw, 584px\" data-recalc-dims=\"1\" \/><\/a><figcaption class=\"wp-element-caption\">4<\/figcaption><\/figure>\n\n\n\n<figure class=\"wp-block-image size-large\"><a href=\"https:\/\/i0.wp.com\/alaincardenas.com\/blog\/wp-content\/uploads\/2023\/12\/10b-porteur-de-briques-de-the-doc-anglais-1908.jpg?ssl=1\"><img data-attachment-id=\"7774\" data-permalink=\"https:\/\/alaincardenas.com\/blog\/l-e-t-h-e\/10b-porteur-de-briques-de-the-doc-anglais-1908\/\" data-orig-file=\"https:\/\/i0.wp.com\/alaincardenas.com\/blog\/wp-content\/uploads\/2023\/12\/10b-porteur-de-briques-de-the-doc-anglais-1908.jpg?fit=456%2C600&amp;ssl=1\" data-orig-size=\"456,600\" data-comments-opened=\"0\" data-image-meta=\"{&quot;aperture&quot;:&quot;0&quot;,&quot;credit&quot;:&quot;&quot;,&quot;camera&quot;:&quot;&quot;,&quot;caption&quot;:&quot;&quot;,&quot;created_timestamp&quot;:&quot;0&quot;,&quot;copyright&quot;:&quot;&quot;,&quot;focal_length&quot;:&quot;0&quot;,&quot;iso&quot;:&quot;0&quot;,&quot;shutter_speed&quot;:&quot;0&quot;,&quot;title&quot;:&quot;&quot;,&quot;orientation&quot;:&quot;1&quot;}\" data-image-title=\"Porteurs de briques de th\u00e9\" data-image-description=\"\" data-image-caption=\"\" data-medium-file=\"https:\/\/i0.wp.com\/alaincardenas.com\/blog\/wp-content\/uploads\/2023\/12\/10b-porteur-de-briques-de-the-doc-anglais-1908.jpg?fit=228%2C300&amp;ssl=1\" data-large-file=\"https:\/\/i0.wp.com\/alaincardenas.com\/blog\/wp-content\/uploads\/2023\/12\/10b-porteur-de-briques-de-the-doc-anglais-1908.jpg?fit=456%2C600&amp;ssl=1\" decoding=\"async\" loading=\"lazy\" width=\"456\" height=\"600\" data-id=\"7774\"  src=\"https:\/\/i0.wp.com\/alaincardenas.com\/blog\/wp-content\/uploads\/2023\/12\/10b-porteur-de-briques-de-the-doc-anglais-1908.jpg?resize=456%2C600&#038;ssl=1\" alt=\"\" class=\"wp-image-7774\" srcset=\"https:\/\/i0.wp.com\/alaincardenas.com\/blog\/wp-content\/uploads\/2023\/12\/10b-porteur-de-briques-de-the-doc-anglais-1908.jpg?w=456&amp;ssl=1 456w, https:\/\/i0.wp.com\/alaincardenas.com\/blog\/wp-content\/uploads\/2023\/12\/10b-porteur-de-briques-de-the-doc-anglais-1908.jpg?resize=228%2C300&amp;ssl=1 228w\" sizes=\"(max-width: 456px) 100vw, 456px\" data-recalc-dims=\"1\" \/><\/a><figcaption class=\"wp-element-caption\">5<\/figcaption><\/figure>\n\n\n\n<figure class=\"wp-block-image size-large\"><a href=\"https:\/\/i0.wp.com\/alaincardenas.com\/blog\/wp-content\/uploads\/2023\/12\/11-the-Puer-pstation-de-gd-mode-le-de-forme-spherique-dyn.-Qing.jpg?ssl=1\"><img data-attachment-id=\"7775\" data-permalink=\"https:\/\/alaincardenas.com\/blog\/l-e-t-h-e\/11-the-puer-pstation-de-gd-mode-le-de-forme-spherique-dyn-qing\/\" data-orig-file=\"https:\/\/i0.wp.com\/alaincardenas.com\/blog\/wp-content\/uploads\/2023\/12\/11-the-Puer-pstation-de-gd-mode-le-de-forme-spherique-dyn.-Qing.jpg?fit=737%2C600&amp;ssl=1\" data-orig-size=\"737,600\" data-comments-opened=\"0\" data-image-meta=\"{&quot;aperture&quot;:&quot;2.2&quot;,&quot;credit&quot;:&quot;&quot;,&quot;camera&quot;:&quot;iPhone 14 Pro Max&quot;,&quot;caption&quot;:&quot;&quot;,&quot;created_timestamp&quot;:&quot;1701033304&quot;,&quot;copyright&quot;:&quot;&quot;,&quot;focal_length&quot;:&quot;2.22&quot;,&quot;iso&quot;:&quot;1600&quot;,&quot;shutter_speed&quot;:&quot;0.04&quot;,&quot;title&quot;:&quot;&quot;,&quot;orientation&quot;:&quot;1&quot;}\" data-image-title=\"Brique de th\u00e9 Pu\u2019er en forme de boule ou \u00ab nid \u00bb (dyn. Qing)\" data-image-description=\"\" data-image-caption=\"\" data-medium-file=\"https:\/\/i0.wp.com\/alaincardenas.com\/blog\/wp-content\/uploads\/2023\/12\/11-the-Puer-pstation-de-gd-mode-le-de-forme-spherique-dyn.-Qing.jpg?fit=300%2C244&amp;ssl=1\" data-large-file=\"https:\/\/i0.wp.com\/alaincardenas.com\/blog\/wp-content\/uploads\/2023\/12\/11-the-Puer-pstation-de-gd-mode-le-de-forme-spherique-dyn.-Qing.jpg?fit=584%2C475&amp;ssl=1\" decoding=\"async\" loading=\"lazy\" width=\"584\" height=\"475\" data-id=\"7775\"  src=\"https:\/\/i0.wp.com\/alaincardenas.com\/blog\/wp-content\/uploads\/2023\/12\/11-the-Puer-pstation-de-gd-mode-le-de-forme-spherique-dyn.-Qing.jpg?resize=584%2C475&#038;ssl=1\" alt=\"\" class=\"wp-image-7775\" srcset=\"https:\/\/i0.wp.com\/alaincardenas.com\/blog\/wp-content\/uploads\/2023\/12\/11-the-Puer-pstation-de-gd-mode-le-de-forme-spherique-dyn.-Qing.jpg?w=737&amp;ssl=1 737w, https:\/\/i0.wp.com\/alaincardenas.com\/blog\/wp-content\/uploads\/2023\/12\/11-the-Puer-pstation-de-gd-mode-le-de-forme-spherique-dyn.-Qing.jpg?resize=300%2C244&amp;ssl=1 300w, https:\/\/i0.wp.com\/alaincardenas.com\/blog\/wp-content\/uploads\/2023\/12\/11-the-Puer-pstation-de-gd-mode-le-de-forme-spherique-dyn.-Qing.jpg?resize=369%2C300&amp;ssl=1 369w\" sizes=\"(max-width: 584px) 100vw, 584px\" data-recalc-dims=\"1\" \/><\/a><figcaption class=\"wp-element-caption\">6<\/figcaption><\/figure>\n\n\n\n<figure class=\"wp-block-image size-large\"><a href=\"https:\/\/i0.wp.com\/alaincardenas.com\/blog\/wp-content\/uploads\/2023\/12\/24-bol-a-the-ceramique-polychrome-motifs-de-fleurs-Qing-ere-Yongzheng-1723-1735.jpg?ssl=1\"><img data-attachment-id=\"7735\" data-permalink=\"https:\/\/alaincardenas.com\/blog\/l-e-t-h-e\/24-bol-a-the-ceramique-polychrome-motifs-de-fleurs-qing-ere-yongzheng-1723-1735\/\" data-orig-file=\"https:\/\/i0.wp.com\/alaincardenas.com\/blog\/wp-content\/uploads\/2023\/12\/24-bol-a-the-ceramique-polychrome-motifs-de-fleurs-Qing-ere-Yongzheng-1723-1735.jpg?fit=800%2C533&amp;ssl=1\" data-orig-size=\"800,533\" data-comments-opened=\"0\" data-image-meta=\"{&quot;aperture&quot;:&quot;0&quot;,&quot;credit&quot;:&quot;&quot;,&quot;camera&quot;:&quot;&quot;,&quot;caption&quot;:&quot;&quot;,&quot;created_timestamp&quot;:&quot;0&quot;,&quot;copyright&quot;:&quot;&quot;,&quot;focal_length&quot;:&quot;0&quot;,&quot;iso&quot;:&quot;0&quot;,&quot;shutter_speed&quot;:&quot;0&quot;,&quot;title&quot;:&quot;&quot;,&quot;orientation&quot;:&quot;1&quot;}\" data-image-title=\"Bol en couleurs contrast\u00e9es (dyn. Qing, \u00e8re Yongzheng, 1723-1735)\" data-image-description=\"\" data-image-caption=\"\" data-medium-file=\"https:\/\/i0.wp.com\/alaincardenas.com\/blog\/wp-content\/uploads\/2023\/12\/24-bol-a-the-ceramique-polychrome-motifs-de-fleurs-Qing-ere-Yongzheng-1723-1735.jpg?fit=300%2C200&amp;ssl=1\" data-large-file=\"https:\/\/i0.wp.com\/alaincardenas.com\/blog\/wp-content\/uploads\/2023\/12\/24-bol-a-the-ceramique-polychrome-motifs-de-fleurs-Qing-ere-Yongzheng-1723-1735.jpg?fit=584%2C389&amp;ssl=1\" decoding=\"async\" loading=\"lazy\" width=\"584\" height=\"389\" data-id=\"7735\"  src=\"https:\/\/i0.wp.com\/alaincardenas.com\/blog\/wp-content\/uploads\/2023\/12\/24-bol-a-the-ceramique-polychrome-motifs-de-fleurs-Qing-ere-Yongzheng-1723-1735.jpg?resize=584%2C389&#038;ssl=1\" alt=\"\" class=\"wp-image-7735\" srcset=\"https:\/\/i0.wp.com\/alaincardenas.com\/blog\/wp-content\/uploads\/2023\/12\/24-bol-a-the-ceramique-polychrome-motifs-de-fleurs-Qing-ere-Yongzheng-1723-1735.jpg?w=800&amp;ssl=1 800w, https:\/\/i0.wp.com\/alaincardenas.com\/blog\/wp-content\/uploads\/2023\/12\/24-bol-a-the-ceramique-polychrome-motifs-de-fleurs-Qing-ere-Yongzheng-1723-1735.jpg?resize=300%2C200&amp;ssl=1 300w, https:\/\/i0.wp.com\/alaincardenas.com\/blog\/wp-content\/uploads\/2023\/12\/24-bol-a-the-ceramique-polychrome-motifs-de-fleurs-Qing-ere-Yongzheng-1723-1735.jpg?resize=768%2C512&amp;ssl=1 768w, https:\/\/i0.wp.com\/alaincardenas.com\/blog\/wp-content\/uploads\/2023\/12\/24-bol-a-the-ceramique-polychrome-motifs-de-fleurs-Qing-ere-Yongzheng-1723-1735.jpg?resize=450%2C300&amp;ssl=1 450w\" sizes=\"(max-width: 584px) 100vw, 584px\" data-recalc-dims=\"1\" \/><\/a><figcaption class=\"wp-element-caption\">7<\/figcaption><\/figure>\n\n\n\n<figure class=\"wp-block-image size-large\"><a href=\"https:\/\/i0.wp.com\/alaincardenas.com\/blog\/wp-content\/uploads\/2023\/12\/1698466598456.jpg?ssl=1\"><img data-attachment-id=\"7767\" data-permalink=\"https:\/\/alaincardenas.com\/blog\/l-e-t-h-e\/attachment\/1698466598456\/\" data-orig-file=\"https:\/\/i0.wp.com\/alaincardenas.com\/blog\/wp-content\/uploads\/2023\/12\/1698466598456.jpg?fit=1024%2C473&amp;ssl=1\" data-orig-size=\"1024,473\" data-comments-opened=\"0\" data-image-meta=\"{&quot;aperture&quot;:&quot;0&quot;,&quot;credit&quot;:&quot;&quot;,&quot;camera&quot;:&quot;--&quot;,&quot;caption&quot;:&quot;&quot;,&quot;created_timestamp&quot;:&quot;0&quot;,&quot;copyright&quot;:&quot;&quot;,&quot;focal_length&quot;:&quot;0&quot;,&quot;iso&quot;:&quot;0&quot;,&quot;shutter_speed&quot;:&quot;1&quot;,&quot;title&quot;:&quot;&quot;,&quot;orientation&quot;:&quot;1&quot;}\" data-image-title=\"Bogutu, Recueil de bronzes antiques (dyn. Qing, \u00e8re Qianlong, 1752),\" data-image-description=\"\" data-image-caption=\"\" data-medium-file=\"https:\/\/i0.wp.com\/alaincardenas.com\/blog\/wp-content\/uploads\/2023\/12\/1698466598456.jpg?fit=300%2C139&amp;ssl=1\" data-large-file=\"https:\/\/i0.wp.com\/alaincardenas.com\/blog\/wp-content\/uploads\/2023\/12\/1698466598456.jpg?fit=584%2C270&amp;ssl=1\" decoding=\"async\" loading=\"lazy\" width=\"584\" height=\"270\" data-id=\"7767\"  src=\"https:\/\/i0.wp.com\/alaincardenas.com\/blog\/wp-content\/uploads\/2023\/12\/1698466598456.jpg?resize=584%2C270&#038;ssl=1\" alt=\"\" class=\"wp-image-7767\" srcset=\"https:\/\/i0.wp.com\/alaincardenas.com\/blog\/wp-content\/uploads\/2023\/12\/1698466598456.jpg?w=1024&amp;ssl=1 1024w, https:\/\/i0.wp.com\/alaincardenas.com\/blog\/wp-content\/uploads\/2023\/12\/1698466598456.jpg?resize=300%2C139&amp;ssl=1 300w, https:\/\/i0.wp.com\/alaincardenas.com\/blog\/wp-content\/uploads\/2023\/12\/1698466598456.jpg?resize=768%2C355&amp;ssl=1 768w, https:\/\/i0.wp.com\/alaincardenas.com\/blog\/wp-content\/uploads\/2023\/12\/1698466598456.jpg?resize=500%2C231&amp;ssl=1 500w\" sizes=\"(max-width: 584px) 100vw, 584px\" data-recalc-dims=\"1\" \/><\/a><figcaption class=\"wp-element-caption\">8<\/figcaption><\/figure>\n\n\n\n<figure class=\"wp-block-image size-large\"><a href=\"https:\/\/i0.wp.com\/alaincardenas.com\/blog\/wp-content\/uploads\/2023\/12\/35-corpus-des-livres-anciens-et-modernes-1728-en-cm-bz-partie-relative-au-the.jpg?ssl=1\"><img data-attachment-id=\"7746\" data-permalink=\"https:\/\/alaincardenas.com\/blog\/l-e-t-h-e\/35-corpus-des-livres-anciens-et-modernes-1728-en-cm-bz-partie-relative-au-the\/\" data-orig-file=\"https:\/\/i0.wp.com\/alaincardenas.com\/blog\/wp-content\/uploads\/2023\/12\/35-corpus-des-livres-anciens-et-modernes-1728-en-cm-bz-partie-relative-au-the.jpg?fit=399%2C600&amp;ssl=1\" data-orig-size=\"399,600\" data-comments-opened=\"0\" data-image-meta=\"{&quot;aperture&quot;:&quot;2.2&quot;,&quot;credit&quot;:&quot;&quot;,&quot;camera&quot;:&quot;iPhone 14 Pro Max&quot;,&quot;caption&quot;:&quot;&quot;,&quot;created_timestamp&quot;:&quot;1701032804&quot;,&quot;copyright&quot;:&quot;&quot;,&quot;focal_length&quot;:&quot;2.22&quot;,&quot;iso&quot;:&quot;1250&quot;,&quot;shutter_speed&quot;:&quot;0.04&quot;,&quot;title&quot;:&quot;&quot;,&quot;orientation&quot;:&quot;1&quot;}\" data-image-title=\"Encyclop\u00e9die imp\u00e9riale du Corpus de livres anciens et modernes (1728)\" data-image-description=\"\" data-image-caption=\"\" data-medium-file=\"https:\/\/i0.wp.com\/alaincardenas.com\/blog\/wp-content\/uploads\/2023\/12\/35-corpus-des-livres-anciens-et-modernes-1728-en-cm-bz-partie-relative-au-the.jpg?fit=200%2C300&amp;ssl=1\" data-large-file=\"https:\/\/i0.wp.com\/alaincardenas.com\/blog\/wp-content\/uploads\/2023\/12\/35-corpus-des-livres-anciens-et-modernes-1728-en-cm-bz-partie-relative-au-the.jpg?fit=399%2C600&amp;ssl=1\" decoding=\"async\" loading=\"lazy\" width=\"399\" height=\"600\" data-id=\"7746\"  src=\"https:\/\/i0.wp.com\/alaincardenas.com\/blog\/wp-content\/uploads\/2023\/12\/35-corpus-des-livres-anciens-et-modernes-1728-en-cm-bz-partie-relative-au-the.jpg?resize=399%2C600&#038;ssl=1\" alt=\"\" class=\"wp-image-7746\" srcset=\"https:\/\/i0.wp.com\/alaincardenas.com\/blog\/wp-content\/uploads\/2023\/12\/35-corpus-des-livres-anciens-et-modernes-1728-en-cm-bz-partie-relative-au-the.jpg?w=399&amp;ssl=1 399w, https:\/\/i0.wp.com\/alaincardenas.com\/blog\/wp-content\/uploads\/2023\/12\/35-corpus-des-livres-anciens-et-modernes-1728-en-cm-bz-partie-relative-au-the.jpg?resize=200%2C300&amp;ssl=1 200w\" sizes=\"(max-width: 399px) 100vw, 399px\" data-recalc-dims=\"1\" \/><\/a><figcaption class=\"wp-element-caption\">9<\/figcaption><\/figure>\n<\/figure>\n\n\n\n<hr class=\"wp-block-separator has-alpha-channel-opacity\"\/>\n\n\n\n<ul>\n<li>1 et 2 &#8211; Accessoires \u00e0 th\u00e9, dyn. des Song du Nord (960-1127). Institut de recherches de l\u2019institut d\u2019arch\u00e9ologie du Shaanxi. Cet accessoire a \u00e9t\u00e9 trouv\u00e9 lors de fouilles arch\u00e9ologiques dans la division administrative de Lantian de la province du Shaanxi, dans une tombe d\u2019un nomm\u00e9 L\u00fc. Ce type de d\u00e9couverte montre l\u2019importance du rituel du th\u00e9 sous cette dynastie. \u5415\u6c0f\u5bb6\u65cf\u5893\u51fa\u571f\u8336\u5177 \u9655\u897f\u7701\u8003\u53e4\u7814\u7a76\u9662 \u5317\u5b8b\uff08960\u20131127\u5e74\uff09\uff0c\u9655\u897f\u7701\u84dd\u7530\u53bf\u5415\u6c0f\u5bb6\u65cf\u5893\u51fa\u571f\u3002\u5415\u6c0f\u5bb6\u65cf\u5893\u5730\u51fa\u571f\u4e86\u4f17\u591a\u8336\u5177\u7ec4\u5408\uff0c\u663e\u793a\u51fa\u5f53\u65f6\u5b58\u5728\u7740\u591a\u6837\u7684\u996e\u8336\u65b9\u5f0f\u3002\u672c\u7ec4\u6587\u7269\u5c55\u793a\u4e86\u5b8b\u4ee3\u6d41\u884c\u7684\u70b9\u8336\u6cd5\u6240\u4f7f\u7528\u7684\u8336\u5177\u7ec4\u5408\u3002<\/li>\n\n\n\n<li>&nbsp;3 &#8211; Th\u00e9 de Guanxian, dyn. Qing (1644-1911). Cette sorte de th\u00e9 cro\u00eet dans la province du Sichuan dans la r\u00e9gion administrative de Guanxian. Les flacons \u00e0 th\u00e9 sont pr\u00e9sent\u00e9s d\u2019une fa\u00e7on sp\u00e9cifique, sur la face avant sont calligraphi\u00e9s, sur des bandes d\u2019une couleur appropri\u00e9e \u00e0 l\u2019environnement imp\u00e9rial, les quatre caract\u00e8res donnant le nom de l\u2019appellation. Celle-ci d\u00e9di\u00e9e \u00e0 un haut fonctionnaire du Sichuan est dat\u00e9e du 5<sup>e<\/sup> jour du 10<sup>e<\/sup> mois de la 34<sup>e<\/sup> ann\u00e9e de r\u00e8gne de l\u2019empereur Guangxu, au pouvoir de 1875 \u00e0 1908. \u704c\u53bf\u7ec6\u8336\u6e05\uff081644\u20131911\u5e74\uff09\u3002\u704c\u53bf\u7ec6\u8336\u4ea7\u81ea\u56db\u5ddd\u704c\u53bf\uff08\u4eca\u90fd\u6c5f\u5830\u5e02\uff09\u3002\u6b64\u8336\u53f6\u4e3a\u65b9\u5f62\u9521\u7f50\u5305\u88c5\uff0c\u660e\u9ec4\u8272\u7b7e\u5c01\u53e3\uff0c\u6b63\u9762\u8d34\u201c\u704c\u53bf\u7ec6\u8336\u201d\u9ec4\u7b7e\uff0c\u6709\u201c\u5149\u7eea\u4e09\u5341\u56db\u5e74\u5341\u6708\u521d\u4e94\u65e5\u56db\u5ddd\u603b\u7763\u8d75\u5c14\u5dfd\u8fdb\u201d\u9ec4\u6761<\/li>\n\n\n\n<li>4 &#8211; Coffret de Chunmingcha, dyn. Qing (1644-1911). Cette sorte de th\u00e9 cro\u00eet sur le mont Mengding dans la province du Sichuan. Selon les documents d\u2019archives, il y avait sous le r\u00e8gne de l\u2019empereur Qianlong (1736-1786) cinq sortes de th\u00e9s dot\u00e9s de ce type de r\u00e9cipient et d\u2019emballage, dont cette sorte dite Chunmingcha. \u6625\u8317\u8336 \u6e05\uff081644\u20131911\u5e74\uff09\u3002\u6625\u8317\u8336\u4ea7\u81ea\u56db\u5ddd\u7701\u8499\u9876\u5c71\u3002\u6863\u6848\u8bb0\u8f7d\uff0c\u4e7e\u9686\u65f6\u671f\u53ea\u6709\u4e94\u79cd\u8d21\u8336\u7684\u5305\u88c5\u4e3a\u94f6\u8d28\uff0c\u5206\u522b\u662f\u4ed9\u8336\u3001\u966a\u8336\u3001\u83f1\u89d2\u6e7e\u8336\u3001\u89c2\u97f3\u8336\u548c\u6625\u8317\u8336\u3002\u56e0\u6b64\u8fd9\u51e0\u79cd\u8336\u7684\u5305\u88c5\u98ce\u683c\u4e5f\u76f8\u4f3c\u3002<\/li>\n\n\n\n<li>5 &#8211; <em>Bogutu<\/em> Recueil de bronzes antiques (dyn. Qing, \u00e8re Qianlong, 1752),<\/li>\n\n\n\n<li>6 &#8211; Brique de th\u00e9 Pu\u2019er en forme de boule ou \u00ab\u00a0nid\u00a0\u00bb (dyn. Qing). Le th\u00e9 Pu&rsquo;er est un\u00a0th\u00e9\u00a0sombre\u00a0post-ferment\u00e9. Il doit son nom \u00e0 la ville de\u00a0Pu&rsquo;er, dans la province chinoise du\u00a0Yunnan. Cette ville fut longtemps un important centre commercial situ\u00e9 sur l&rsquo;ancienne route du th\u00e9 et des chevaux\u00a0reliant le\u00a0Yunnan\u00a0au\u00a0Tibet. Le th\u00e9 produit dans la r\u00e9gion \u00e9tait compress\u00e9 pour pouvoir \u00eatre plus facilement transport\u00e9 par des caravanes jusqu&rsquo;au Tibet. Lorsqu&rsquo;il est conditionn\u00e9 sous forme compress\u00e9e (galette, nid, etc.) et stock\u00e9 dans de bonnes conditions, le th\u00e9 Pu&rsquo;er peut se bonifier avec le temps et voir sa valeur augmenter avec l&rsquo;\u00e2ge. La sp\u00e9cificit\u00e9 du th\u00e9 Pu\u2019er est d\u2019\u00eatre le seul th\u00e9 chinois qui, dans son mode de fabrication traditionnelle, est \u00e0 son sommet apr\u00e8s plusieurs ann\u00e9es de vieillissement naturel. Cette sp\u00e9cificit\u00e9 est \u00e0 l\u2019origine d\u2019un ph\u00e9nom\u00e8ne exceptionnel dans le domaine du th\u00e9, celui des collectionneurs de th\u00e9s anciens. Le pu&rsquo;er contient g\u00e9n\u00e9ralement peu de caf\u00e9ine et est r\u00e9put\u00e9 pour certaines propri\u00e9t\u00e9s m\u00e9dicinales. L&rsquo;un des plus vendus en Occident est connu sous le nom de\u00a0tuocha, d&rsquo;apr\u00e8s la vari\u00e9t\u00e9 de Pu&rsquo;er \u00ab\u00a0en nid\u00a0\u00bb qui fut la premi\u00e8re export\u00e9e. \u5927\u578b\u666e\u6d31\u8336\u56e2\u6e05\uff081644\u20131911\u5e74\uff09\u3002\u6e05\u4eba\u8d75\u5b66\u654f\u300a\u672c\u8349\u7eb2\u76ee\u62fe\u9057\u300b\u4e2d\u8bb0\uff1a\u201c\u666e\u6d31\u8336\u5473\u82e6\u6027\u523b\uff0c\u89e3\u6cb9\u817b\u3001\u725b\u7f8a\u6bd2\uff0c\u865a\u4eba\u7981\u7528\u3002\u82e6\u6da9\uff0c\u9010\u75f0\u4e0b\u6c14\uff0c\u522e\u80a0\u901a\u6cc4\u3002\u201d\u666e\u6d31\u8336\u53ef\u6d88\u98df\u795b\u6bd2\uff0c\u7406\u6c14\u901a\u80c0\uff0c\u662f\u8336\u9a6c\u53e4\u9053\u4e2d\u5f80\u6765\u8d38\u6613\u7684\u91cd\u8981\u5546\u54c1\u4e4b\u4e00\u3002<\/li>\n\n\n\n<li>7 &#8211; Bol en couleurs contrast\u00e9es (dyn. Qing, \u00e8re Yongzheng, 1723-1735). Ce type de motifs dits en couleurs contrast\u00e9es est le plus typique de la porcelaine Ming. Il associe les \u00e9maux aux tons vifs, rouge, jaune, vert, aubergine, \u2026appliqu\u00e9s sur ou sous couverte. La dynastie des Qing reprend cette approche pour des pi\u00e8ces imp\u00e9riales. \u6597\u5f69\u76ae\u7403\u82b1\u7eb9\u7897 \u6e05\u96cd\u6b63\uff081723\u20131735\u5e74\uff09\u3002\u7897\u5916\u58c1\u6240\u7ed8\u5404\u5f0f\u56e2\u82b1\u7eb9\uff0c\u56e0\u5b9b\u82e5\u8df3\u52a8\u7684\u82b1\u76ae\u7403\uff0c\u6545\u79f0\u201c\u76ae\u7403\u82b1\u7eb9\u201d\u3002\u56e2\u82b1\u7eb9\u6837\u662f\u4e2d\u56fd\u7684\u4f20\u7edf\u7eb9\u9970\uff0c\u4f46\u901a\u5e38\u8ba4\u4e3a\u201c\u76ae\u7403\u82b1\u7eb9\u201d\u7684\u5f62\u5f0f\u7531\u65e5\u672c\u83b3\u7ed8\u4e0a\u7684\u5fbd\u7ae0\u7eb9\u6837\u6f14\u53d8\u800c\u6765\u3002<\/li>\n\n\n\n<li>8 &#8211; Planche xylographique.<\/li>\n\n\n\n<li>9 &#8211; <em>Encyclop\u00e9die imp\u00e9riale du Corpus de livres anciens et modernes<\/em> (1728). Vaste somme du savoir imprim\u00e9e en caract\u00e8res mobiles en bronze. Les planches choisies \u00e0 l\u2019entr\u00e9e \u00ab&nbsp;th\u00e9&nbsp;\u00bb font le point sur les d\u00e9finitions \u00e0 partir des sources anciennes et jusqu\u2019a\u00e0 l\u2019\u00e9poque de ctte \u00e9dition unique comprenant des planches quand les r\u00e9dacteurs l\u2019ont jug\u00e9 utile.\u300a\u94a6\u5b9a\u53e4\u4eca\u56fe\u4e66\u96c6\u6210\u300b\u837c\u90e8 \u6e05 \u9648\u68a6\u96f7\u3001\u848b\u5ef7\u9521\u7f16\u7e82\uff0c\u6e05\u96cd\u6b63\u516d\u5e74\uff081728\u5e74\uff09\u94dc\u6d3b\u5b57\u523b\u672c\u3002\u300a\u94a6\u5b9a\u53e4\u4eca\u56fe\u4e66\u96c6\u6210\u300b\u4e2d\u8bbe\u6709\u201c\u837c\u90e8\u201d\uff0c \u6536\u5f55\u4e86\u65e9\u671f\u6587\u732e\u4e2d\u5173\u4e8e\u8336\u7684\u5404\u79cd\u8bba\u8ff0\uff0c\u5185\u5bb9\u5305\u62ec\u837c\u90e8\u6c47\u8003\u3001\u837c\u90e8\u827a\u6587\u3001\u837c\u90e8\u9009\u53e5\u3001\u837c\u90e8\u7eaa\u4e8b\u3001\u837c\u90e8\u6742\u5f55\u3001\u837c\u90e8\u5916\u7f16\u7b49\uff0c\u662f\u7814\u7a76\u8336\u6587\u5316\u7684\u91cd\u8981\u8d44\u6599\uff0c\u4e5f\u662f\u65e9\u671f\u8336\u88ab\u79f0\u4e3a\u201c\u837c\u201d\u7684\u6587\u732e\u8bc1\u636e\u3002<\/li>\n<\/ul>\n\n\n\n<hr class=\"wp-block-separator has-alpha-channel-opacity\"\/>\n\n\n\n<div class=\"wp-block-jetpack-tiled-gallery aligncenter is-style-rectangular\"><div class=\"tiled-gallery__gallery\"><div class=\"tiled-gallery__row\"><div class=\"tiled-gallery__col\" style=\"flex-basis:28.20307%\"><figure class=\"tiled-gallery__item\"><img data-attachment-id=\"7718\" data-permalink=\"https:\/\/alaincardenas.com\/blog\/l-e-t-h-e\/0-shen-nong-estampage-han-de-le-wuliangce-shandong\/\" data-orig-file=\"https:\/\/i0.wp.com\/alaincardenas.com\/blog\/wp-content\/uploads\/2023\/12\/0-Shen-Nong-estampage-Han-de-lE-Wuliangce-Shandong.jpg?fit=337%2C600&amp;ssl=1\" data-orig-size=\"337,600\" data-comments-opened=\"0\" data-image-meta=\"{&quot;aperture&quot;:&quot;0&quot;,&quot;credit&quot;:&quot;&quot;,&quot;camera&quot;:&quot;&quot;,&quot;caption&quot;:&quot;&quot;,&quot;created_timestamp&quot;:&quot;0&quot;,&quot;copyright&quot;:&quot;&quot;,&quot;focal_length&quot;:&quot;0&quot;,&quot;iso&quot;:&quot;0&quot;,&quot;shutter_speed&quot;:&quot;0&quot;,&quot;title&quot;:&quot;&quot;,&quot;orientation&quot;:&quot;1&quot;}\" data-image-title=\"Shennong, le divin laboureur (dyn. des Han de l\u2019Est)\" data-image-description=\"\" data-image-caption=\"\" data-medium-file=\"https:\/\/i0.wp.com\/alaincardenas.com\/blog\/wp-content\/uploads\/2023\/12\/0-Shen-Nong-estampage-Han-de-lE-Wuliangce-Shandong.jpg?fit=169%2C300&amp;ssl=1\" data-large-file=\"https:\/\/i0.wp.com\/alaincardenas.com\/blog\/wp-content\/uploads\/2023\/12\/0-Shen-Nong-estampage-Han-de-lE-Wuliangce-Shandong.jpg?fit=337%2C600&amp;ssl=1\" decoding=\"async\" data-attachment-id=\"7718\" data-permalink=\"https:\/\/alaincardenas.com\/blog\/l-e-t-h-e\/0-shen-nong-estampage-han-de-le-wuliangce-shandong\/\" data-orig-file=\"https:\/\/i0.wp.com\/alaincardenas.com\/blog\/wp-content\/uploads\/2023\/12\/0-Shen-Nong-estampage-Han-de-lE-Wuliangce-Shandong.jpg?fit=337%2C600&amp;ssl=1\" data-orig-size=\"337,600\" data-comments-opened=\"0\" data-image-meta=\"{&quot;aperture&quot;:&quot;0&quot;,&quot;credit&quot;:&quot;&quot;,&quot;camera&quot;:&quot;&quot;,&quot;caption&quot;:&quot;&quot;,&quot;created_timestamp&quot;:&quot;0&quot;,&quot;copyright&quot;:&quot;&quot;,&quot;focal_length&quot;:&quot;0&quot;,&quot;iso&quot;:&quot;0&quot;,&quot;shutter_speed&quot;:&quot;0&quot;,&quot;title&quot;:&quot;&quot;,&quot;orientation&quot;:&quot;1&quot;}\" data-image-title=\"Shennong, le divin laboureur (dyn. des Han de l\u2019Est)\" data-image-description=\"\" data-image-caption=\"\" data-medium-file=\"https:\/\/i0.wp.com\/alaincardenas.com\/blog\/wp-content\/uploads\/2023\/12\/0-Shen-Nong-estampage-Han-de-lE-Wuliangce-Shandong.jpg?fit=169%2C300&amp;ssl=1\" data-large-file=\"https:\/\/i0.wp.com\/alaincardenas.com\/blog\/wp-content\/uploads\/2023\/12\/0-Shen-Nong-estampage-Han-de-lE-Wuliangce-Shandong.jpg?fit=337%2C600&amp;ssl=1\" srcset=\"https:\/\/i1.wp.com\/alaincardenas.com\/blog\/wp-content\/uploads\/2023\/12\/0-Shen-Nong-estampage-Han-de-lE-Wuliangce-Shandong.jpg?strip=info&#038;w=337&#038;ssl=1 337w\" alt=\"\" data-height=\"600\" data-id=\"7718\" data-link=\"https:\/\/alaincardenas.com\/blog\/?attachment_id=7718\" data-url=\"https:\/\/alaincardenas.com\/blog\/wp-content\/uploads\/2023\/12\/0-Shen-Nong-estampage-Han-de-lE-Wuliangce-Shandong.jpg\" data-width=\"337\" src=\"https:\/\/i1.wp.com\/alaincardenas.com\/blog\/wp-content\/uploads\/2023\/12\/0-Shen-Nong-estampage-Han-de-lE-Wuliangce-Shandong.jpg?ssl=1\" data-amp-layout=\"responsive\"\/><\/figure><\/div><div class=\"tiled-gallery__col\" style=\"flex-basis:71.79693%\"><figure class=\"tiled-gallery__item\"><img data-attachment-id=\"7720\" data-permalink=\"https:\/\/alaincardenas.com\/blog\/l-e-t-h-e\/1-racines-de-the-travaillees-dpt-archeo-province-zhejiang\/\" data-orig-file=\"https:\/\/i0.wp.com\/alaincardenas.com\/blog\/wp-content\/uploads\/2023\/12\/1-racines-de-the-travaillees-dpt-archeo-province-Zhejiang.jpg?fit=640%2C446&amp;ssl=1\" data-orig-size=\"640,446\" data-comments-opened=\"0\" data-image-meta=\"{&quot;aperture&quot;:&quot;2.2&quot;,&quot;credit&quot;:&quot;&quot;,&quot;camera&quot;:&quot;iPhone 14 Pro Max&quot;,&quot;caption&quot;:&quot;&quot;,&quot;created_timestamp&quot;:&quot;1701032711&quot;,&quot;copyright&quot;:&quot;&quot;,&quot;focal_length&quot;:&quot;2.22&quot;,&quot;iso&quot;:&quot;1250&quot;,&quot;shutter_speed&quot;:&quot;0.04&quot;,&quot;title&quot;:&quot;&quot;,&quot;orientation&quot;:&quot;1&quot;}\" data-image-title=\"Racines de th\u00e9 travaill\u00e9es. Institut d\u2019arch\u00e9ologie de la province du Zhejiang\" data-image-description=\"\" data-image-caption=\"\" data-medium-file=\"https:\/\/i0.wp.com\/alaincardenas.com\/blog\/wp-content\/uploads\/2023\/12\/1-racines-de-the-travaillees-dpt-archeo-province-Zhejiang.jpg?fit=300%2C209&amp;ssl=1\" data-large-file=\"https:\/\/i0.wp.com\/alaincardenas.com\/blog\/wp-content\/uploads\/2023\/12\/1-racines-de-the-travaillees-dpt-archeo-province-Zhejiang.jpg?fit=584%2C407&amp;ssl=1\" decoding=\"async\" data-attachment-id=\"7720\" data-permalink=\"https:\/\/alaincardenas.com\/blog\/l-e-t-h-e\/1-racines-de-the-travaillees-dpt-archeo-province-zhejiang\/\" data-orig-file=\"https:\/\/i0.wp.com\/alaincardenas.com\/blog\/wp-content\/uploads\/2023\/12\/1-racines-de-the-travaillees-dpt-archeo-province-Zhejiang.jpg?fit=640%2C446&amp;ssl=1\" data-orig-size=\"640,446\" data-comments-opened=\"0\" data-image-meta=\"{&quot;aperture&quot;:&quot;2.2&quot;,&quot;credit&quot;:&quot;&quot;,&quot;camera&quot;:&quot;iPhone 14 Pro Max&quot;,&quot;caption&quot;:&quot;&quot;,&quot;created_timestamp&quot;:&quot;1701032711&quot;,&quot;copyright&quot;:&quot;&quot;,&quot;focal_length&quot;:&quot;2.22&quot;,&quot;iso&quot;:&quot;1250&quot;,&quot;shutter_speed&quot;:&quot;0.04&quot;,&quot;title&quot;:&quot;&quot;,&quot;orientation&quot;:&quot;1&quot;}\" data-image-title=\"Racines de th\u00e9 travaill\u00e9es. Institut d\u2019arch\u00e9ologie de la province du Zhejiang\" data-image-description=\"\" data-image-caption=\"\" data-medium-file=\"https:\/\/i0.wp.com\/alaincardenas.com\/blog\/wp-content\/uploads\/2023\/12\/1-racines-de-the-travaillees-dpt-archeo-province-Zhejiang.jpg?fit=300%2C209&amp;ssl=1\" data-large-file=\"https:\/\/i0.wp.com\/alaincardenas.com\/blog\/wp-content\/uploads\/2023\/12\/1-racines-de-the-travaillees-dpt-archeo-province-Zhejiang.jpg?fit=584%2C407&amp;ssl=1\" srcset=\"https:\/\/i0.wp.com\/alaincardenas.com\/blog\/wp-content\/uploads\/2023\/12\/1-racines-de-the-travaillees-dpt-archeo-province-Zhejiang.jpg?strip=info&#038;w=600&#038;ssl=1 600w,https:\/\/i0.wp.com\/alaincardenas.com\/blog\/wp-content\/uploads\/2023\/12\/1-racines-de-the-travaillees-dpt-archeo-province-Zhejiang.jpg?strip=info&#038;w=640&#038;ssl=1 640w\" alt=\"\" data-height=\"446\" data-id=\"7720\" data-link=\"https:\/\/alaincardenas.com\/blog\/?attachment_id=7720\" data-url=\"https:\/\/alaincardenas.com\/blog\/wp-content\/uploads\/2023\/12\/1-racines-de-the-travaillees-dpt-archeo-province-Zhejiang.jpg\" data-width=\"640\" src=\"https:\/\/i0.wp.com\/alaincardenas.com\/blog\/wp-content\/uploads\/2023\/12\/1-racines-de-the-travaillees-dpt-archeo-province-Zhejiang.jpg?ssl=1\" data-amp-layout=\"responsive\"\/><\/figure><\/div><\/div><\/div><\/div>\n\n\n\n<hr class=\"wp-block-separator has-alpha-channel-opacity\"\/>\n\n\n\n<p>Ci-dessus, de gauche \u00e0 droite. Shennong, le divin laboureur, dyn. des Han de l\u2019Est. Estampage, site de Wuliangce, province du Shandong. Cet \u00eatre mythologique est consid\u00e9r\u00e9 comme le dieu de l\u2019agriculture et de la m\u00e9decine traditionnelle chinoise ; Racines de th\u00e9 travaill\u00e9es. Institut d\u2019arch\u00e9ologie de la province du Zhejiang<\/p>\n\n\n\n<hr class=\"wp-block-separator has-alpha-channel-opacity\"\/>\n\n\n\n<p><strong>Remerciements<\/strong><\/p>\n\n\n\n<p>Messieurs Wang Xudong, Zhang Han, Wang Guangyao.<\/p>\n\n\n\n<p><strong>Bibliographie<\/strong><\/p>\n\n\n\n<p>Le catalogue de l\u2019exposition qui a eu lieu du 2 septembre au 30 novembre 2023 est une mine sur le sujet.<\/p>\n\n\n\n<p><em>The world of tea<\/em> \u8336 \u25cf \u4e16\u754c; pr\u00e9face de Wang Xudong. Beijing\u00a0: Ed. du Gugong, 2023. 339 p. : ill. Table des planches par chapitre, aux pp. 7-14. Les notices des pi\u00e8ces expos\u00e9es sont traduites en anglais de m\u00eame que la pr\u00e9face du pr\u00e9sident.<\/p>\n","protected":false},"excerpt":{"rendered":"<p>The world of tea, Mus\u00e9e du Vieux palais, Cit\u00e9 interdite, P\u00e9kin. Exposition, du 2 septembre au 30 novembre 2023 \u8336\u8d77\u6e90\u4e8e\u4e2d\u56fd\uff0c\u76db\u884c\u4e8e\u4e16\u754c \u4e3b\u529e\u5355\u4f4d\uff1a\u6545\u5bab\u535a\u7269\u9662 Hall principal de la Porte du Midi et salles d\u2019exposition Est et Ouest de la Tour de l\u2019Aile de &hellip; <a href=\"https:\/\/alaincardenas.com\/blog\/l-e-t-h-e\/\">Continuer la lecture <span class=\"meta-nav\">&rarr;<\/span><\/a><\/p>\n","protected":false},"author":1,"featured_media":0,"comment_status":"closed","ping_status":"closed","sticky":false,"template":"","format":"standard","meta":{"sfsi_plus_gutenberg_text_before_share":"","sfsi_plus_gutenberg_show_text_before_share":"","sfsi_plus_gutenberg_icon_type":"","sfsi_plus_gutenberg_icon_alignemt":"","sfsi_plus_gutenburg_max_per_row":"","jetpack_post_was_ever_published":false,"_jetpack_newsletter_access":"","_jetpack_newsletter_tier_id":0,"jetpack_publicize_message":"","jetpack_is_tweetstorm":false,"jetpack_publicize_feature_enabled":true,"jetpack_social_post_already_shared":false,"jetpack_social_options":{"image_generator_settings":{"template":"highway","enabled":false}}},"categories":[41,21],"tags":[32,46,33,35],"jetpack_publicize_connections":[],"jetpack_featured_media_url":"","jetpack_sharing_enabled":true,"jetpack_shortlink":"https:\/\/wp.me\/p8Mijt-20p","jetpack_likes_enabled":true,"jetpack-related-posts":[{"id":328,"url":"https:\/\/alaincardenas.com\/blog\/colloque-international-sur-les-cloisonnes-occidentaux-et-chinois\/","url_meta":{"origin":7713,"position":0},"title":"Colloque international sur les cloisonn\u00e9s occidentaux et chinois","author":"admin","date":"2017-07-29","format":false,"excerpt":"Mus\u00e9e des cloisonn\u00e9s.\u00a0Beijing, 30 juin 2017. Compte-rendu. par Christophe Comentale Ouvert depuis 2014, le mus\u00e9e des cloisonn\u00e9s chinois et \u00e9trangers est dirig\u00e9 par Monsieur ZHU Jingyou\u6731\u666f\u4f18. Cet \u00e9tablissement priv\u00e9 a pour but la promotion des cloisonn\u00e9s traditionnels ou de cr\u00e9ation contemporaine. Il est situ\u00e9 dans une zone en pleine expansion.\u2026","rel":"","context":"Dans &quot;Asie&quot;","block_context":{"text":"Asie","link":"https:\/\/alaincardenas.com\/blog\/category\/asie\/"},"img":{"alt_text":"","src":"https:\/\/i0.wp.com\/alaincardenas.com\/blog\/wp-content\/uploads\/2017\/07\/paterre-300x149.jpg?resize=350%2C200&ssl=1","width":350,"height":200},"classes":[]},{"id":756,"url":"https:\/\/alaincardenas.com\/blog\/art-in-situ-un-projet-art-mural-et-science-au-museum-national-dhistoire-naturelle\/","url_meta":{"origin":7713,"position":1},"title":"Art in situ, un projet art (mural) et science au Mus\u00e9um national d\u2019Histoire naturelle","author":"admin","date":"2017-10-29","format":false,"excerpt":"par Alain Cardenas-Castro L\u2019esprit des lieux\u00a0: de l\u2019ancien au nouveau Mus\u00e9e de l\u2019Homme Le nouveau Mus\u00e9e de l\u2019Homme est issu d\u2019une histoire complexe. Il est d\u2019abord l\u2019h\u00e9ritier du Mus\u00e9e d\u2019ethnographie du Trocad\u00e9ro fond\u00e9 en 1878 qui s\u2019est m\u00e9tamorphos\u00e9 ensuite en Mus\u00e9e de l\u2019Homme gr\u00e2ce \u00e0 son fondateur Paul Rivet. Nous\u2026","rel":"","context":"Dans &quot;\u00c9v\u00e9nement&quot;","block_context":{"text":"\u00c9v\u00e9nement","link":"https:\/\/alaincardenas.com\/blog\/category\/evenement\/"},"img":{"alt_text":"","src":"https:\/\/i0.wp.com\/alaincardenas.com\/blog\/wp-content\/uploads\/2023\/06\/JCD_4714-1.jpg?resize=350%2C200&ssl=1","width":350,"height":200},"classes":[]},{"id":3160,"url":"https:\/\/alaincardenas.com\/blog\/lart-est-un-jeu\/","url_meta":{"origin":7713,"position":2},"title":"\u00ab\u00a0L\u2019art est un jeu\u00a0\u00bb","author":"admin","date":"2019-02-25","format":false,"excerpt":"Exposition r\u00e9trospective des \u0153uvres de YUAN Chin-taa, Mus\u00e9e Louis Vouland, Avignon, du 21 f\u00e9vrier au 9 juin 2019. par Christophe Comentale (*) et Didier Scuderoni (**), coordination \u00e9ditoriale, Alain Cardenas-Castro. La 2e itin\u00e9rance des \u0153uvres de Yuan Chin-taa en France commence en cette ann\u00e9e 2019 par le mus\u00e9e Vouland (Avignon)\u2026","rel":"","context":"Dans &quot;Asie&quot;","block_context":{"text":"Asie","link":"https:\/\/alaincardenas.com\/blog\/category\/asie\/"},"img":{"alt_text":"","src":"https:\/\/i0.wp.com\/alaincardenas.com\/blog\/wp-content\/uploads\/2019\/02\/la-chambre-chinoise-du-musee-et-une-oeuvre-de-Yuan-Chin-taa.jpg?resize=350%2C200&ssl=1","width":350,"height":200},"classes":[]},{"id":1072,"url":"https:\/\/alaincardenas.com\/blog\/de-la-construction-a-la-destruction-sur-la-colline-de-chaillot-un-enchevetrement-entre-histoire-architecture-anthropologie-et-art-contemporain\/","url_meta":{"origin":7713,"position":3},"title":"De la construction \u00e0 la destruction sur la colline de Chaillot : un enchev\u00eatrement entre histoire, architecture, anthropologie et art contemporain","author":"admin","date":"2017-12-30","format":false,"excerpt":"Par Alain Cardenas-Castro Un r\u00e9cent appel d\u2019offre \u00e9manant de l\u2019INHA \u2014 appel \u00e0 contribution pour le num\u00e9ro 2018-2 de la revue Perspective et relatif \u00e0 la destruction \u2014 m\u2019a permis de remettre un texte correspondant \u00e0 la probl\u00e9matique donn\u00e9e. Cela a \u00e9t\u00e9 l\u2019occasion de faire le point sur quelques-unes de\u2026","rel":"","context":"Dans &quot;Compte-rendu&quot;","block_context":{"text":"Compte-rendu","link":"https:\/\/alaincardenas.com\/blog\/category\/compte-rendu\/"},"img":{"alt_text":"","src":"https:\/\/i0.wp.com\/alaincardenas.com\/blog\/wp-content\/uploads\/2017\/12\/DSC_3050-BD-e1514667488387-225x300.jpg?resize=350%2C200&ssl=1","width":350,"height":200},"classes":[]},{"id":6053,"url":"https:\/\/alaincardenas.com\/blog\/derniere-et-fin-edwige-pluchard-au-musee-chinois-du-quotidien\/","url_meta":{"origin":7713,"position":4},"title":"DERNIERE et FIN \/ Edwige Pluchard  > Au mus\u00e9e chinois du quotidien","author":"admin","date":"2021-12-12","format":false,"excerpt":"A la fin du mois de d\u00e9cembre 2021 aura disparu un mus\u00e9e d\u2019o\u00f9 les souverains chinois sont \u00e9vinc\u00e9s par la production des objets du quotidien, alors dignes d\u2019un regard. Avec son attention \u00e0 la Chine du quotidien, Fran\u00e7ois Dautresme a montr\u00e9 qu\u2019un objet populaire peut \u00eatre beau quel que soit\u2026","rel":"","context":"Dans &quot;Asie&quot;","block_context":{"text":"Asie","link":"https:\/\/alaincardenas.com\/blog\/category\/asie\/"},"img":{"alt_text":"","src":"https:\/\/i0.wp.com\/alaincardenas.com\/blog\/wp-content\/uploads\/2021\/12\/IMG_5843-copie.jpg?resize=350%2C200","width":350,"height":200},"classes":[]},{"id":8301,"url":"https:\/\/alaincardenas.com\/blog\/bronzes-asiatiques-asian-bronzes\/","url_meta":{"origin":7713,"position":5},"title":"Bronzes asiatiques \/ ASIAN BRONZES","author":"admin","date":"2024-10-21","format":false,"excerpt":"\u53e6\u4e00\u79cd\u5168\u65b0\u7684\u85cf\u54c1\u89c6\u89d2\uff1a\u6765\u81ea\u6b27\u6d32\u548c\u4e9a\u6d32\u4e3b\u8981\u6536\u85cf\u7684 75 \u4ef6\u9752\u94dc\u96d5\u5851\u5728\u8377\u5170\u56fd\u7acb\u535a\u7269\u9986\u5c55\u51fa\u3002 Rijksmuseum, Amsterdam, 27 septembre 2024 - 12 janvier 2025. 75 pi\u00e8ces asiatiques choisies parmi des collections internationales Est-Ouest sont expos\u00e9es au Rijksmuseum pour cr\u00e9er un\u00a0 paradis sur terre. Un floril\u00e8ge de pi\u00e8ces \u00e9tonnantes dont la sc\u00e9nographie sait \u00eatre entre spiritualit\u00e9 et para\u00eetre. Compte-rendu de Christophe Comentale, coordination\u2026","rel":"","context":"Dans &quot;Asie&quot;","block_context":{"text":"Asie","link":"https:\/\/alaincardenas.com\/blog\/category\/asie\/"},"img":{"alt_text":"","src":"https:\/\/i0.wp.com\/alaincardenas.com\/blog\/wp-content\/uploads\/2024\/10\/7-Elephant-Guimet.jpg?resize=350%2C200","width":350,"height":200},"classes":[]}],"_links":{"self":[{"href":"https:\/\/alaincardenas.com\/blog\/wp-json\/wp\/v2\/posts\/7713"}],"collection":[{"href":"https:\/\/alaincardenas.com\/blog\/wp-json\/wp\/v2\/posts"}],"about":[{"href":"https:\/\/alaincardenas.com\/blog\/wp-json\/wp\/v2\/types\/post"}],"author":[{"embeddable":true,"href":"https:\/\/alaincardenas.com\/blog\/wp-json\/wp\/v2\/users\/1"}],"replies":[{"embeddable":true,"href":"https:\/\/alaincardenas.com\/blog\/wp-json\/wp\/v2\/comments?post=7713"}],"version-history":[{"count":21,"href":"https:\/\/alaincardenas.com\/blog\/wp-json\/wp\/v2\/posts\/7713\/revisions"}],"predecessor-version":[{"id":7804,"href":"https:\/\/alaincardenas.com\/blog\/wp-json\/wp\/v2\/posts\/7713\/revisions\/7804"}],"wp:attachment":[{"href":"https:\/\/alaincardenas.com\/blog\/wp-json\/wp\/v2\/media?parent=7713"}],"wp:term":[{"taxonomy":"category","embeddable":true,"href":"https:\/\/alaincardenas.com\/blog\/wp-json\/wp\/v2\/categories?post=7713"},{"taxonomy":"post_tag","embeddable":true,"href":"https:\/\/alaincardenas.com\/blog\/wp-json\/wp\/v2\/tags?post=7713"}],"curies":[{"name":"wp","href":"https:\/\/api.w.org\/{rel}","templated":true}]}}