{"id":6245,"date":"2022-05-08T14:56:18","date_gmt":"2022-05-08T12:56:18","guid":{"rendered":"https:\/\/alaincardenas.com\/blog\/?p=6245"},"modified":"2022-07-16T23:13:05","modified_gmt":"2022-07-16T21:13:05","slug":"un-salon-du-livre-dartiste-singulier-a-nevers","status":"publish","type":"post","link":"https:\/\/alaincardenas.com\/blog\/un-salon-du-livre-dartiste-singulier-a-nevers\/","title":{"rendered":"Un salon du livre d\u2019artiste singulier \u00e0 Nevers"},"content":{"rendered":"<p>par Marie-Paule Peronnet<\/p>\n<p><strong>L\u2019\u00e9t\u00e9 est propice aux manifestations artistiques, les \u0153uvres sont davantage sollicit\u00e9es \u00e0 la curiosit\u00e9 ordinaire. Souhaitons que \u00e7a dure. Tel doit \u00eatre l\u2019avis de Marc Vernier, commissaire g\u00e9n\u00e9ral du Salon du livre d\u2019artiste et des m\u00e9tiers du livre, qui a, apr\u00e8s diff\u00e9rents reports, pu rassembler une quarantaine de professionnels de ces domaines singuliers dans la superbe ville de Nevers.<\/strong><\/p>\n<p><strong>\u00a0<\/strong><\/p>\n<p>Voil\u00e0 deux ans que tout \u00e9tait pr\u00eat\u2026 Graveurs, relieurs, cr\u00e9ateurs de livres d\u2019artiste ou de livres-objet, peintres, illustrateurs, calligraphes, \u00e9diteurs ind\u00e9pendants, tous sont de retour pour montrer le dynamisme de leurs professions, multiples et compl\u00e9mentaires. Trente-neuf participants sont r\u00e9unis sous les vo\u00fbtes du Palais ducal, joyau architectural des 15<sup>e<\/sup> et 16<sup>e<\/sup> si\u00e8cles.<\/p>\n<p>Parmi les pr\u00e9sents, Daniel Besace, Alain Cardenas-Castro, Dbl-j (L\u00e9onore Fandol, et pH), Odile Frachet, Pascale Simonet, Christine Verdini, Marc Vernier. Mentionnons \u00e9galement Marjon Mude, Marie-Sol Parant, Edith Schmid,, Patrick Van Acker, \u2026<\/p>\n<div id=\"attachment_6254\" style=\"width: 754px\" class=\"wp-caption alignnone\"><a href=\"https:\/\/i0.wp.com\/alaincardenas.com\/blog\/wp-content\/uploads\/2022\/05\/la-vague.jpg?ssl=1\"><img aria-describedby=\"caption-attachment-6254\" data-attachment-id=\"6254\" data-permalink=\"https:\/\/alaincardenas.com\/blog\/un-salon-du-livre-dartiste-singulier-a-nevers\/la-vague\/\" data-orig-file=\"https:\/\/i0.wp.com\/alaincardenas.com\/blog\/wp-content\/uploads\/2022\/05\/la-vague.jpg?fit=744%2C1024&amp;ssl=1\" data-orig-size=\"744,1024\" data-comments-opened=\"0\" data-image-meta=\"{&quot;aperture&quot;:&quot;1.7&quot;,&quot;credit&quot;:&quot;&quot;,&quot;camera&quot;:&quot;SM-G950F&quot;,&quot;caption&quot;:&quot;&quot;,&quot;created_timestamp&quot;:&quot;1631471774&quot;,&quot;copyright&quot;:&quot;&quot;,&quot;focal_length&quot;:&quot;4.2&quot;,&quot;iso&quot;:&quot;64&quot;,&quot;shutter_speed&quot;:&quot;0.02&quot;,&quot;title&quot;:&quot;&quot;,&quot;orientation&quot;:&quot;1&quot;}\" data-image-title=\"la vague\" data-image-description=\"\" data-image-caption=\"\" data-medium-file=\"https:\/\/i0.wp.com\/alaincardenas.com\/blog\/wp-content\/uploads\/2022\/05\/la-vague.jpg?fit=218%2C300&amp;ssl=1\" data-large-file=\"https:\/\/i0.wp.com\/alaincardenas.com\/blog\/wp-content\/uploads\/2022\/05\/la-vague.jpg?fit=584%2C804&amp;ssl=1\" decoding=\"async\" loading=\"lazy\" class=\"wp-image-6254 size-full\" src=\"https:\/\/i0.wp.com\/alaincardenas.com\/blog\/wp-content\/uploads\/2022\/05\/la-vague.jpg?resize=584%2C804&#038;ssl=1\" alt=\"\" width=\"584\" height=\"804\" srcset=\"https:\/\/i0.wp.com\/alaincardenas.com\/blog\/wp-content\/uploads\/2022\/05\/la-vague.jpg?w=744&amp;ssl=1 744w, https:\/\/i0.wp.com\/alaincardenas.com\/blog\/wp-content\/uploads\/2022\/05\/la-vague.jpg?resize=218%2C300&amp;ssl=1 218w\" sizes=\"(max-width: 584px) 100vw, 584px\" data-recalc-dims=\"1\" \/><\/a><p id=\"caption-attachment-6254\" class=\"wp-caption-text\">Daniel Besace<\/p><\/div>\n<div id=\"attachment_6263\" style=\"width: 525px\" class=\"wp-caption alignnone\"><a href=\"https:\/\/i0.wp.com\/alaincardenas.com\/blog\/wp-content\/uploads\/2022\/05\/1651929978349-BD.jpg?ssl=1\"><img aria-describedby=\"caption-attachment-6263\" data-attachment-id=\"6263\" data-permalink=\"https:\/\/alaincardenas.com\/blog\/un-salon-du-livre-dartiste-singulier-a-nevers\/1651929978349-bd\/\" data-orig-file=\"https:\/\/i0.wp.com\/alaincardenas.com\/blog\/wp-content\/uploads\/2022\/05\/1651929978349-BD.jpg?fit=515%2C768&amp;ssl=1\" data-orig-size=\"515,768\" data-comments-opened=\"0\" data-image-meta=\"{&quot;aperture&quot;:&quot;0&quot;,&quot;credit&quot;:&quot;&quot;,&quot;camera&quot;:&quot;--&quot;,&quot;caption&quot;:&quot;&quot;,&quot;created_timestamp&quot;:&quot;0&quot;,&quot;copyright&quot;:&quot;&quot;,&quot;focal_length&quot;:&quot;0&quot;,&quot;iso&quot;:&quot;0&quot;,&quot;shutter_speed&quot;:&quot;1&quot;,&quot;title&quot;:&quot;&quot;,&quot;orientation&quot;:&quot;1&quot;}\" data-image-title=\"1651929978349 BD\" data-image-description=\"\" data-image-caption=\"\" data-medium-file=\"https:\/\/i0.wp.com\/alaincardenas.com\/blog\/wp-content\/uploads\/2022\/05\/1651929978349-BD.jpg?fit=201%2C300&amp;ssl=1\" data-large-file=\"https:\/\/i0.wp.com\/alaincardenas.com\/blog\/wp-content\/uploads\/2022\/05\/1651929978349-BD.jpg?fit=515%2C768&amp;ssl=1\" decoding=\"async\" loading=\"lazy\" class=\"wp-image-6263 size-full\" src=\"https:\/\/i0.wp.com\/alaincardenas.com\/blog\/wp-content\/uploads\/2022\/05\/1651929978349-BD.jpg?resize=515%2C768&#038;ssl=1\" alt=\"\" width=\"515\" height=\"768\" srcset=\"https:\/\/i0.wp.com\/alaincardenas.com\/blog\/wp-content\/uploads\/2022\/05\/1651929978349-BD.jpg?w=515&amp;ssl=1 515w, https:\/\/i0.wp.com\/alaincardenas.com\/blog\/wp-content\/uploads\/2022\/05\/1651929978349-BD.jpg?resize=201%2C300&amp;ssl=1 201w\" sizes=\"(max-width: 515px) 100vw, 515px\" data-recalc-dims=\"1\" \/><\/a><p id=\"caption-attachment-6263\" class=\"wp-caption-text\">Alain Cardenas-Castro<\/p><\/div>\n<div id=\"attachment_6247\" style=\"width: 1034px\" class=\"wp-caption alignnone\"><a href=\"https:\/\/i0.wp.com\/alaincardenas.com\/blog\/wp-content\/uploads\/2022\/05\/DOUBLE-JE.jpg?ssl=1\"><img aria-describedby=\"caption-attachment-6247\" data-attachment-id=\"6247\" data-permalink=\"https:\/\/alaincardenas.com\/blog\/un-salon-du-livre-dartiste-singulier-a-nevers\/double-je\/\" data-orig-file=\"https:\/\/i0.wp.com\/alaincardenas.com\/blog\/wp-content\/uploads\/2022\/05\/DOUBLE-JE.jpg?fit=1024%2C718&amp;ssl=1\" data-orig-size=\"1024,718\" data-comments-opened=\"0\" data-image-meta=\"{&quot;aperture&quot;:&quot;4&quot;,&quot;credit&quot;:&quot;&quot;,&quot;camera&quot;:&quot;Canon PowerShot G7 X Mark II&quot;,&quot;caption&quot;:&quot;&quot;,&quot;created_timestamp&quot;:&quot;1635265417&quot;,&quot;copyright&quot;:&quot;&quot;,&quot;focal_length&quot;:&quot;18.624&quot;,&quot;iso&quot;:&quot;125&quot;,&quot;shutter_speed&quot;:&quot;0.004&quot;,&quot;title&quot;:&quot;&quot;,&quot;orientation&quot;:&quot;1&quot;}\" data-image-title=\"DOUBLE JE\" data-image-description=\"\" data-image-caption=\"\" data-medium-file=\"https:\/\/i0.wp.com\/alaincardenas.com\/blog\/wp-content\/uploads\/2022\/05\/DOUBLE-JE.jpg?fit=300%2C210&amp;ssl=1\" data-large-file=\"https:\/\/i0.wp.com\/alaincardenas.com\/blog\/wp-content\/uploads\/2022\/05\/DOUBLE-JE.jpg?fit=584%2C409&amp;ssl=1\" decoding=\"async\" loading=\"lazy\" class=\"wp-image-6247 size-full\" src=\"https:\/\/i0.wp.com\/alaincardenas.com\/blog\/wp-content\/uploads\/2022\/05\/DOUBLE-JE.jpg?resize=584%2C409&#038;ssl=1\" alt=\"\" width=\"584\" height=\"409\" srcset=\"https:\/\/i0.wp.com\/alaincardenas.com\/blog\/wp-content\/uploads\/2022\/05\/DOUBLE-JE.jpg?w=1024&amp;ssl=1 1024w, https:\/\/i0.wp.com\/alaincardenas.com\/blog\/wp-content\/uploads\/2022\/05\/DOUBLE-JE.jpg?resize=300%2C210&amp;ssl=1 300w, https:\/\/i0.wp.com\/alaincardenas.com\/blog\/wp-content\/uploads\/2022\/05\/DOUBLE-JE.jpg?resize=768%2C539&amp;ssl=1 768w, https:\/\/i0.wp.com\/alaincardenas.com\/blog\/wp-content\/uploads\/2022\/05\/DOUBLE-JE.jpg?resize=428%2C300&amp;ssl=1 428w\" sizes=\"(max-width: 584px) 100vw, 584px\" data-recalc-dims=\"1\" \/><\/a><p id=\"caption-attachment-6247\" class=\"wp-caption-text\">Dbl-j (L\u00e9onore Fandol, et pH)<\/p><\/div>\n<div id=\"attachment_6250\" style=\"width: 1029px\" class=\"wp-caption alignnone\"><a href=\"https:\/\/i0.wp.com\/alaincardenas.com\/blog\/wp-content\/uploads\/2022\/05\/ODILE-FRACHET.jpg?ssl=1\"><img aria-describedby=\"caption-attachment-6250\" data-attachment-id=\"6250\" data-permalink=\"https:\/\/alaincardenas.com\/blog\/un-salon-du-livre-dartiste-singulier-a-nevers\/odile-frachet\/\" data-orig-file=\"https:\/\/i0.wp.com\/alaincardenas.com\/blog\/wp-content\/uploads\/2022\/05\/ODILE-FRACHET.jpg?fit=1019%2C526&amp;ssl=1\" data-orig-size=\"1019,526\" data-comments-opened=\"0\" data-image-meta=\"{&quot;aperture&quot;:&quot;3.3&quot;,&quot;credit&quot;:&quot;&quot;,&quot;camera&quot;:&quot;DMC-TZ7&quot;,&quot;caption&quot;:&quot;&quot;,&quot;created_timestamp&quot;:&quot;1383222011&quot;,&quot;copyright&quot;:&quot;&quot;,&quot;focal_length&quot;:&quot;4.1&quot;,&quot;iso&quot;:&quot;80&quot;,&quot;shutter_speed&quot;:&quot;0.02&quot;,&quot;title&quot;:&quot;&quot;,&quot;orientation&quot;:&quot;1&quot;}\" data-image-title=\"ODILE FRACHET\" data-image-description=\"\" data-image-caption=\"\" data-medium-file=\"https:\/\/i0.wp.com\/alaincardenas.com\/blog\/wp-content\/uploads\/2022\/05\/ODILE-FRACHET.jpg?fit=300%2C155&amp;ssl=1\" data-large-file=\"https:\/\/i0.wp.com\/alaincardenas.com\/blog\/wp-content\/uploads\/2022\/05\/ODILE-FRACHET.jpg?fit=584%2C301&amp;ssl=1\" decoding=\"async\" loading=\"lazy\" class=\"wp-image-6250 size-full\" src=\"https:\/\/i0.wp.com\/alaincardenas.com\/blog\/wp-content\/uploads\/2022\/05\/ODILE-FRACHET.jpg?resize=584%2C301&#038;ssl=1\" alt=\"\" width=\"584\" height=\"301\" srcset=\"https:\/\/i0.wp.com\/alaincardenas.com\/blog\/wp-content\/uploads\/2022\/05\/ODILE-FRACHET.jpg?w=1019&amp;ssl=1 1019w, https:\/\/i0.wp.com\/alaincardenas.com\/blog\/wp-content\/uploads\/2022\/05\/ODILE-FRACHET.jpg?resize=300%2C155&amp;ssl=1 300w, https:\/\/i0.wp.com\/alaincardenas.com\/blog\/wp-content\/uploads\/2022\/05\/ODILE-FRACHET.jpg?resize=768%2C396&amp;ssl=1 768w, https:\/\/i0.wp.com\/alaincardenas.com\/blog\/wp-content\/uploads\/2022\/05\/ODILE-FRACHET.jpg?resize=500%2C258&amp;ssl=1 500w\" sizes=\"(max-width: 584px) 100vw, 584px\" data-recalc-dims=\"1\" \/><\/a><p id=\"caption-attachment-6250\" class=\"wp-caption-text\">Odile Frachet<\/p><\/div>\n<div id=\"attachment_6248\" style=\"width: 981px\" class=\"wp-caption alignnone\"><a href=\"https:\/\/i0.wp.com\/alaincardenas.com\/blog\/wp-content\/uploads\/2022\/05\/PASCALE-SIMONET.jpg?ssl=1\"><img aria-describedby=\"caption-attachment-6248\" data-attachment-id=\"6248\" data-permalink=\"https:\/\/alaincardenas.com\/blog\/un-salon-du-livre-dartiste-singulier-a-nevers\/pascale-simonet\/\" data-orig-file=\"https:\/\/i0.wp.com\/alaincardenas.com\/blog\/wp-content\/uploads\/2022\/05\/PASCALE-SIMONET.jpg?fit=971%2C768&amp;ssl=1\" data-orig-size=\"971,768\" data-comments-opened=\"0\" data-image-meta=\"{&quot;aperture&quot;:&quot;0&quot;,&quot;credit&quot;:&quot;&quot;,&quot;camera&quot;:&quot;&quot;,&quot;caption&quot;:&quot;&quot;,&quot;created_timestamp&quot;:&quot;0&quot;,&quot;copyright&quot;:&quot;&quot;,&quot;focal_length&quot;:&quot;0&quot;,&quot;iso&quot;:&quot;0&quot;,&quot;shutter_speed&quot;:&quot;0&quot;,&quot;title&quot;:&quot;&quot;,&quot;orientation&quot;:&quot;1&quot;}\" data-image-title=\"PASCALE SIMONET\" data-image-description=\"\" data-image-caption=\"\" data-medium-file=\"https:\/\/i0.wp.com\/alaincardenas.com\/blog\/wp-content\/uploads\/2022\/05\/PASCALE-SIMONET.jpg?fit=300%2C237&amp;ssl=1\" data-large-file=\"https:\/\/i0.wp.com\/alaincardenas.com\/blog\/wp-content\/uploads\/2022\/05\/PASCALE-SIMONET.jpg?fit=584%2C462&amp;ssl=1\" decoding=\"async\" loading=\"lazy\" class=\"wp-image-6248 size-full\" src=\"https:\/\/i0.wp.com\/alaincardenas.com\/blog\/wp-content\/uploads\/2022\/05\/PASCALE-SIMONET.jpg?resize=584%2C462&#038;ssl=1\" alt=\"\" width=\"584\" height=\"462\" srcset=\"https:\/\/i0.wp.com\/alaincardenas.com\/blog\/wp-content\/uploads\/2022\/05\/PASCALE-SIMONET.jpg?w=971&amp;ssl=1 971w, https:\/\/i0.wp.com\/alaincardenas.com\/blog\/wp-content\/uploads\/2022\/05\/PASCALE-SIMONET.jpg?resize=300%2C237&amp;ssl=1 300w, https:\/\/i0.wp.com\/alaincardenas.com\/blog\/wp-content\/uploads\/2022\/05\/PASCALE-SIMONET.jpg?resize=768%2C607&amp;ssl=1 768w, https:\/\/i0.wp.com\/alaincardenas.com\/blog\/wp-content\/uploads\/2022\/05\/PASCALE-SIMONET.jpg?resize=379%2C300&amp;ssl=1 379w\" sizes=\"(max-width: 584px) 100vw, 584px\" data-recalc-dims=\"1\" \/><\/a><p id=\"caption-attachment-6248\" class=\"wp-caption-text\">Pascale Simonet<\/p><\/div>\n<div id=\"attachment_6251\" style=\"width: 688px\" class=\"wp-caption alignnone\"><a href=\"https:\/\/i0.wp.com\/alaincardenas.com\/blog\/wp-content\/uploads\/2022\/05\/CHRITINE-VERDINI.jpg?ssl=1\"><img aria-describedby=\"caption-attachment-6251\" data-attachment-id=\"6251\" data-permalink=\"https:\/\/alaincardenas.com\/blog\/un-salon-du-livre-dartiste-singulier-a-nevers\/chritine-verdini\/\" data-orig-file=\"https:\/\/i0.wp.com\/alaincardenas.com\/blog\/wp-content\/uploads\/2022\/05\/CHRITINE-VERDINI.jpg?fit=678%2C1007&amp;ssl=1\" data-orig-size=\"678,1007\" data-comments-opened=\"0\" data-image-meta=\"{&quot;aperture&quot;:&quot;0&quot;,&quot;credit&quot;:&quot;&quot;,&quot;camera&quot;:&quot;&quot;,&quot;caption&quot;:&quot;&quot;,&quot;created_timestamp&quot;:&quot;0&quot;,&quot;copyright&quot;:&quot;&quot;,&quot;focal_length&quot;:&quot;0&quot;,&quot;iso&quot;:&quot;0&quot;,&quot;shutter_speed&quot;:&quot;0&quot;,&quot;title&quot;:&quot;&quot;,&quot;orientation&quot;:&quot;1&quot;}\" data-image-title=\"CHRITINE VERDINI\" data-image-description=\"\" data-image-caption=\"\" data-medium-file=\"https:\/\/i0.wp.com\/alaincardenas.com\/blog\/wp-content\/uploads\/2022\/05\/CHRITINE-VERDINI.jpg?fit=202%2C300&amp;ssl=1\" data-large-file=\"https:\/\/i0.wp.com\/alaincardenas.com\/blog\/wp-content\/uploads\/2022\/05\/CHRITINE-VERDINI.jpg?fit=584%2C867&amp;ssl=1\" decoding=\"async\" loading=\"lazy\" class=\"wp-image-6251 size-full\" src=\"https:\/\/i0.wp.com\/alaincardenas.com\/blog\/wp-content\/uploads\/2022\/05\/CHRITINE-VERDINI.jpg?resize=584%2C867&#038;ssl=1\" alt=\"\" width=\"584\" height=\"867\" srcset=\"https:\/\/i0.wp.com\/alaincardenas.com\/blog\/wp-content\/uploads\/2022\/05\/CHRITINE-VERDINI.jpg?w=678&amp;ssl=1 678w, https:\/\/i0.wp.com\/alaincardenas.com\/blog\/wp-content\/uploads\/2022\/05\/CHRITINE-VERDINI.jpg?resize=202%2C300&amp;ssl=1 202w\" sizes=\"(max-width: 584px) 100vw, 584px\" data-recalc-dims=\"1\" \/><\/a><p id=\"caption-attachment-6251\" class=\"wp-caption-text\">Christine Verdini<\/p><\/div>\n<div id=\"attachment_6249\" style=\"width: 1031px\" class=\"wp-caption alignnone\"><a href=\"https:\/\/i0.wp.com\/alaincardenas.com\/blog\/wp-content\/uploads\/2022\/05\/MARC-VERNIER.jpg?ssl=1\"><img aria-describedby=\"caption-attachment-6249\" data-attachment-id=\"6249\" data-permalink=\"https:\/\/alaincardenas.com\/blog\/un-salon-du-livre-dartiste-singulier-a-nevers\/olympus-digital-camera-11\/\" data-orig-file=\"https:\/\/i0.wp.com\/alaincardenas.com\/blog\/wp-content\/uploads\/2022\/05\/MARC-VERNIER.jpg?fit=1021%2C768&amp;ssl=1\" data-orig-size=\"1021,768\" data-comments-opened=\"0\" data-image-meta=\"{&quot;aperture&quot;:&quot;3.5&quot;,&quot;credit&quot;:&quot;&quot;,&quot;camera&quot;:&quot;VR310,D720&quot;,&quot;caption&quot;:&quot;OLYMPUS DIGITAL CAMERA&quot;,&quot;created_timestamp&quot;:&quot;1641696773&quot;,&quot;copyright&quot;:&quot;&quot;,&quot;focal_length&quot;:&quot;5.25&quot;,&quot;iso&quot;:&quot;125&quot;,&quot;shutter_speed&quot;:&quot;0.033333333333333&quot;,&quot;title&quot;:&quot;OLYMPUS DIGITAL CAMERA&quot;,&quot;orientation&quot;:&quot;1&quot;}\" data-image-title=\"OLYMPUS DIGITAL CAMERA\" data-image-description=\"\" data-image-caption=\"\" data-medium-file=\"https:\/\/i0.wp.com\/alaincardenas.com\/blog\/wp-content\/uploads\/2022\/05\/MARC-VERNIER.jpg?fit=300%2C226&amp;ssl=1\" data-large-file=\"https:\/\/i0.wp.com\/alaincardenas.com\/blog\/wp-content\/uploads\/2022\/05\/MARC-VERNIER.jpg?fit=584%2C439&amp;ssl=1\" decoding=\"async\" loading=\"lazy\" class=\"wp-image-6249 size-full\" src=\"https:\/\/i0.wp.com\/alaincardenas.com\/blog\/wp-content\/uploads\/2022\/05\/MARC-VERNIER.jpg?resize=584%2C439&#038;ssl=1\" alt=\"\" width=\"584\" height=\"439\" srcset=\"https:\/\/i0.wp.com\/alaincardenas.com\/blog\/wp-content\/uploads\/2022\/05\/MARC-VERNIER.jpg?w=1021&amp;ssl=1 1021w, https:\/\/i0.wp.com\/alaincardenas.com\/blog\/wp-content\/uploads\/2022\/05\/MARC-VERNIER.jpg?resize=300%2C226&amp;ssl=1 300w, https:\/\/i0.wp.com\/alaincardenas.com\/blog\/wp-content\/uploads\/2022\/05\/MARC-VERNIER.jpg?resize=768%2C578&amp;ssl=1 768w, https:\/\/i0.wp.com\/alaincardenas.com\/blog\/wp-content\/uploads\/2022\/05\/MARC-VERNIER.jpg?resize=399%2C300&amp;ssl=1 399w\" sizes=\"(max-width: 584px) 100vw, 584px\" data-recalc-dims=\"1\" \/><\/a><p id=\"caption-attachment-6249\" class=\"wp-caption-text\">Marc Vernier<\/p><\/div>\n<p><!--more--><\/p>\n<p>La manifestation a b\u00e9n\u00e9fici\u00e9 du soutien conjoint de la municipalit\u00e9, de Val\u00e9rie Loron et de l\u2019association Le Salon des dames. De m\u00eame, un partenariat permet de pr\u00e9senter un floril\u00e8ge de livres d\u2019artistes des fonds Fran\u00e7ois Mitterrand et Guy Thuillier (livres de Mathieu, X\u00e9nakis, Niki de Saint Phalle, Marianne Montchougny, Philippe Capdeboscq, \u2026) conserv\u00e9s \u00e0 la m\u00e9diath\u00e8que Jean Jaur\u00e8s. Le samedi \u00e0 19h15, une conf\u00e9rence de Christophe Comentale abordera un vaste th\u00e8me, \u00ab\u00a0De la bibliophilie norm\u00e9e au manuscrit d\u2019artiste\u00a0\u00bb.<\/p>\n<p>Un catalogue en ligne donne acc\u00e8s \u00e0 ces \u0153uvres fortes et diverses.<\/p>\n<p><strong>Des aspects toujours renouvel\u00e9s du livre d\u2019artiste<\/strong><\/p>\n<p>Les cr\u00e9ateurs chevronn\u00e9s qui participent \u00e0 la manifestation pr\u00f4nent une libert\u00e9 de cr\u00e9ation totale sans que les \u0153uvres pr\u00e9sent\u00e9es glissent vers un mis\u00e9rabilisme extr\u00eame, le plaisir de l\u2019\u0153il devant accompagner celui de la lecture. La confrontation entre livre pr\u00e9cieux, livre-objet, livre de cr\u00e9ation, livre d\u2019artiste permet, livre modeste de jongler avec les contextes qui accompagnent chaque r\u00e9alisation, avec les buts esth\u00e9tiques que chacun(e) poursuit. Impossible de s\u2019y retrouver parfois\u00a0: un manuscrit cousu ou une reliure accord\u00e9on sont-ils plus pr\u00e9cieux qu\u2019une suite de planches serr\u00e9es entre deux ais de bois\u00a0? Les seuls crit\u00e8res qui semblent tenir dans un tel environnement semblent encore \u00eatre ceux du coup de c\u0153ur, de l\u2019envie suscit\u00e9s au premier regard.<\/p>\n<p><strong>Livre pauvre \/ livre riche <\/strong><\/p>\n<p>Quant \u00e0 l\u2019appellation de livre pauvre, encore une fois, mieux vaut essayer de trancher avec les termes de livre modeste par essence ou par fatalisme, voire par esth\u00e9tisme exacerb\u00e9, surtout lorsque cette pauvret\u00e9 est suscit\u00e9e par des coquetteries intellectuelles, int\u00e9ressantes, certes mais par trop artificielles qui permettent, ponctuellement, la r\u00e9alisation d\u2019\u0153uvres parfois s\u00e9duisantes, \u00e0 l\u2019\u00e9gal des exemplaires d\u2019essai, des \u00e9tudes parfois pouss\u00e9es ou des hors tirage divers. A contrario de tenants du livre riche auquel des artistes comme Judith Rothschild et Mark Lintott sont visc\u00e9ralement attach\u00e9s induisant un plaisir du raffinement extr\u00eame auquel Marc Vernier n\u2019est pas non plus \u00e9tranger au vu de ses parures de m\u00e9tal poli, dur, rebutant et tactile\u2026<\/p>\n<p>Quelques gros plans sur les parcours d\u2019artistes invit\u00e9s permettent de montrer combien un dynamisme plut\u00f4t dans la continuit\u00e9 s\u2019av\u00e8re porteur des fruits les plus concrets, ceux qui restituent \u00e0 des parcours tr\u00e8s personnels toute leur force et continuent de donner \u00e0 la cr\u00e9ation sa pr\u00e9sence, celle que lui insuffle le temps propice aux d\u00e9veloppements les plus divers.<\/p>\n<p><strong>Livre d\u2019artiste entre jeu et planche<\/strong><\/p>\n<p>Plasticien, mus\u00e9ologue, Alain Cardenas-Castro est aussi le chercheur sp\u00e9cialiste de l\u2019art du P\u00e9rou, il enrichit d\u2019approches gigognes ses projets au r\u00e9el et \u00e0 l\u2019histoire, son histoire, celle de ses proches, \u00e9galement artistes indig\u00e9nistes qui ont contribu\u00e9 \u00e0 redonner \u00e0 l\u2019art du P\u00e9rou moderne une visibilit\u00e9 qui sait le prix de l\u2019engagement pour une pr\u00e9sence forte.<\/p>\n<div id=\"attachment_6255\" style=\"width: 1290px\" class=\"wp-caption alignnone\"><a href=\"https:\/\/i0.wp.com\/alaincardenas.com\/blog\/wp-content\/uploads\/2022\/05\/Les-Re\u0301cipient-ACC-ChC1649354482971-copie.jpg?ssl=1\"><img aria-describedby=\"caption-attachment-6255\" data-attachment-id=\"6255\" data-permalink=\"https:\/\/alaincardenas.com\/blog\/un-salon-du-livre-dartiste-singulier-a-nevers\/les-recipient-acc-chc1649354482971-copie\/\" data-orig-file=\"https:\/\/i0.wp.com\/alaincardenas.com\/blog\/wp-content\/uploads\/2022\/05\/Les-Re\u0301cipient-ACC-ChC1649354482971-copie.jpg?fit=1280%2C476&amp;ssl=1\" data-orig-size=\"1280,476\" data-comments-opened=\"0\" data-image-meta=\"{&quot;aperture&quot;:&quot;0&quot;,&quot;credit&quot;:&quot;&quot;,&quot;camera&quot;:&quot;--&quot;,&quot;caption&quot;:&quot;&quot;,&quot;created_timestamp&quot;:&quot;1649361716&quot;,&quot;copyright&quot;:&quot;&quot;,&quot;focal_length&quot;:&quot;0&quot;,&quot;iso&quot;:&quot;0&quot;,&quot;shutter_speed&quot;:&quot;1&quot;,&quot;title&quot;:&quot;&quot;,&quot;orientation&quot;:&quot;1&quot;}\" data-image-title=\"Les Re\u0301cipient ACC &#038; ChC1649354482971 copie\" data-image-description=\"\" data-image-caption=\"\" data-medium-file=\"https:\/\/i0.wp.com\/alaincardenas.com\/blog\/wp-content\/uploads\/2022\/05\/Les-Re\u0301cipient-ACC-ChC1649354482971-copie.jpg?fit=300%2C112&amp;ssl=1\" data-large-file=\"https:\/\/i0.wp.com\/alaincardenas.com\/blog\/wp-content\/uploads\/2022\/05\/Les-Re\u0301cipient-ACC-ChC1649354482971-copie.jpg?fit=584%2C217&amp;ssl=1\" decoding=\"async\" loading=\"lazy\" class=\"wp-image-6255 size-full\" src=\"https:\/\/i0.wp.com\/alaincardenas.com\/blog\/wp-content\/uploads\/2022\/05\/Les-Re\u0301cipient-ACC-ChC1649354482971-copie.jpg?resize=584%2C217&#038;ssl=1\" alt=\"\" width=\"584\" height=\"217\" srcset=\"https:\/\/i0.wp.com\/alaincardenas.com\/blog\/wp-content\/uploads\/2022\/05\/Les-Re\u0301cipient-ACC-ChC1649354482971-copie.jpg?w=1280&amp;ssl=1 1280w, https:\/\/i0.wp.com\/alaincardenas.com\/blog\/wp-content\/uploads\/2022\/05\/Les-Re\u0301cipient-ACC-ChC1649354482971-copie.jpg?resize=300%2C112&amp;ssl=1 300w, https:\/\/i0.wp.com\/alaincardenas.com\/blog\/wp-content\/uploads\/2022\/05\/Les-Re\u0301cipient-ACC-ChC1649354482971-copie.jpg?resize=768%2C286&amp;ssl=1 768w, https:\/\/i0.wp.com\/alaincardenas.com\/blog\/wp-content\/uploads\/2022\/05\/Les-Re\u0301cipient-ACC-ChC1649354482971-copie.jpg?resize=1024%2C381&amp;ssl=1 1024w, https:\/\/i0.wp.com\/alaincardenas.com\/blog\/wp-content\/uploads\/2022\/05\/Les-Re\u0301cipient-ACC-ChC1649354482971-copie.jpg?resize=500%2C186&amp;ssl=1 500w, https:\/\/i0.wp.com\/alaincardenas.com\/blog\/wp-content\/uploads\/2022\/05\/Les-Re\u0301cipient-ACC-ChC1649354482971-copie.jpg?w=1168&amp;ssl=1 1168w\" sizes=\"(max-width: 584px) 100vw, 584px\" data-recalc-dims=\"1\" \/><\/a><p id=\"caption-attachment-6255\" class=\"wp-caption-text\"><em>Les R\u00e9cipients et accessoires des sens<\/em>, texte de Christophe Comentale, peintures d\u2019Alain Cardenas-Castro. Paris et Issy : chez les auteurs, 2017. 2 ex. originaux, 17 x 12 cm<\/p><\/div>\n<p>Pour ce salon, il pr\u00e9sente des carnets-accord\u00e9ons qui disent son vocabulaire graphique. Il a joint quelques planches d\u2019un tout nouveau livre d\u2019artiste, <em>Tarot andin<\/em>. Il s\u2019est alors confront\u00e9 \u00e0 la richesse historique et iconographique du jeu de tarot, une approche qui lui convient, car, dit-il<\/p>\n<blockquote><p>\u00ab\u00a0Cette initiative de plasticien \u00e9galement chercheur renvoie \u00e0 la pr\u00e9sence-absence des cartes de tarot en Am\u00e9rique du Sud, en particulier au P\u00e9rou avant le 20<sup>e<\/sup> si\u00e8cle. Un peu comme Borges r\u00e9dige durant les ann\u00e9es 60 un <em>Manuel de zoologie fantastique<\/em> devenu depuis lors un Manuel symbolique et divinatoire, cette s\u00e9rie de cartes ou \u0153uvres riches d\u2019Alain Cardenas-Castro m\u00e8ne sur cette \u00e9gale voie de la construction par l\u2019esth\u00e9tique du non-dit qui s\u2019impose seul au temps. A l\u2019origine, 78 cartes composent le jeu de tarot et la succession de 22 symboles qui s\u2019y t\u00e9l\u00e9scopent, des impressions venues d\u2019ailleurs se sont substitu\u00e9es \u00e0 cet ensemble de 56 repr\u00e9sentations de b\u00e2tons, coupes, \u00e9p\u00e9es, monnaies d\u2019or pour s\u2019attacher \u00e0 cette s\u00e9rie de 22 figures rythmant alors l\u2019univers d\u2019un plasticien venu d\u2019ailleurs, un univers centr\u00e9 sur ces images porteuses de passion gouvernant la vie et la mort. Cet activisme a men\u00e9 \u00e0 la cr\u00e9ation d\u2019un manuel symbolique de divination aux pouvoirs syncr\u00e9tiques si fortement r\u00e9prim\u00e9s dans la culture indig\u00e8ne par une religion venue d\u2019ailleurs. Ainsi, pour l\u2019empereur, le miroir est le soleil et la hache celle de l\u2019empereur inca. Certaines de ces formes sont des adaptations aux esprits et divinit\u00e9s qui peuplent des pays de l\u2019Am\u00e9rique du Sud dont le P\u00e9rou\u00a0\u00bb.<\/p><\/blockquote>\n<div id=\"attachment_6256\" style=\"width: 1034px\" class=\"wp-caption alignnone\"><a href=\"https:\/\/i0.wp.com\/alaincardenas.com\/blog\/wp-content\/uploads\/2022\/05\/1651927710029.jpg?ssl=1\"><img aria-describedby=\"caption-attachment-6256\" data-attachment-id=\"6256\" data-permalink=\"https:\/\/alaincardenas.com\/blog\/un-salon-du-livre-dartiste-singulier-a-nevers\/attachment\/1651927710029\/\" data-orig-file=\"https:\/\/i0.wp.com\/alaincardenas.com\/blog\/wp-content\/uploads\/2022\/05\/1651927710029.jpg?fit=1024%2C638&amp;ssl=1\" data-orig-size=\"1024,638\" data-comments-opened=\"0\" data-image-meta=\"{&quot;aperture&quot;:&quot;0&quot;,&quot;credit&quot;:&quot;&quot;,&quot;camera&quot;:&quot;--&quot;,&quot;caption&quot;:&quot;&quot;,&quot;created_timestamp&quot;:&quot;0&quot;,&quot;copyright&quot;:&quot;&quot;,&quot;focal_length&quot;:&quot;0&quot;,&quot;iso&quot;:&quot;0&quot;,&quot;shutter_speed&quot;:&quot;1&quot;,&quot;title&quot;:&quot;&quot;,&quot;orientation&quot;:&quot;1&quot;}\" data-image-title=\"1651927710029\" data-image-description=\"\" data-image-caption=\"\" data-medium-file=\"https:\/\/i0.wp.com\/alaincardenas.com\/blog\/wp-content\/uploads\/2022\/05\/1651927710029.jpg?fit=300%2C187&amp;ssl=1\" data-large-file=\"https:\/\/i0.wp.com\/alaincardenas.com\/blog\/wp-content\/uploads\/2022\/05\/1651927710029.jpg?fit=584%2C364&amp;ssl=1\" decoding=\"async\" loading=\"lazy\" class=\"wp-image-6256 size-full\" src=\"https:\/\/i0.wp.com\/alaincardenas.com\/blog\/wp-content\/uploads\/2022\/05\/1651927710029.jpg?resize=584%2C364&#038;ssl=1\" alt=\"\" width=\"584\" height=\"364\" srcset=\"https:\/\/i0.wp.com\/alaincardenas.com\/blog\/wp-content\/uploads\/2022\/05\/1651927710029.jpg?w=1024&amp;ssl=1 1024w, https:\/\/i0.wp.com\/alaincardenas.com\/blog\/wp-content\/uploads\/2022\/05\/1651927710029.jpg?resize=300%2C187&amp;ssl=1 300w, https:\/\/i0.wp.com\/alaincardenas.com\/blog\/wp-content\/uploads\/2022\/05\/1651927710029.jpg?resize=768%2C479&amp;ssl=1 768w, https:\/\/i0.wp.com\/alaincardenas.com\/blog\/wp-content\/uploads\/2022\/05\/1651927710029.jpg?resize=482%2C300&amp;ssl=1 482w\" sizes=\"(max-width: 584px) 100vw, 584px\" data-recalc-dims=\"1\" \/><\/a><p id=\"caption-attachment-6256\" class=\"wp-caption-text\">Alain Cardenas-Castro. <em>Tarot andin<\/em> (2022), stylo feutre et linogravure sur papier Arches et papier chinois, 30 x 18 cm<\/p><\/div>\n<p>Les cartes sont adapt\u00e9es \u00e0 l\u2019exp\u00e9rience de l\u2019Ancien Monde et aux approches du Nouveau. Les deux couleurs choisies, le rouge et le blanc, sont les couleurs du P\u00e9rou, le noir \u00e9tant le contour, le trait qui r\u00e9v\u00e8le la forme. Le verso des cartes identifie la s\u00e9rie par report d\u2019un m\u00eame motif, un seul et unique, qui induit leur reclassement dans le jeu. Les compositions sont une technique mixte qui joue de l\u2019unique pour les trac\u00e9s et des matrices diverses que le plasticien m\u00eale afin d\u2019obtenir un d\u00e9calage esth\u00e9tique. Quant aux arcanes, ils sont li\u00e9s au myst\u00e8re, celui qui relance les actions, et ce, dans toutes les mythologies \u00e9labor\u00e9es au fil du temps en tenant compte des us, coutumes et changements sociaux devenus patine du temps.<strong>\u00a0<\/strong><\/p>\n<p><strong>Livres d\u2019observation et de plaisir<\/strong><\/p>\n<p>Ga\u00eblle Pelachaud, continue ses recherches au fil de r\u00e9sidences r\u00e9alis\u00e9es aux quatre coins du monde. Chacune est un projet complet qui suppose un temps d\u2019observation, d\u2019\u00e9tude et de restitution avec, \u00e0 chaque fois, un corpus de dessins d\u00e9clin\u00e9s en accord\u00e9ons muets laissant ainsi davantage libre cours \u00e0 la r\u00e9flexion de chacun face \u00e0 ces tranches de vie ainsi d\u00e9ploy\u00e9es pour un plaisir \u00e9ph\u00e9m\u00e8re et intense\u00a0: en Irlande les moutons, en Tanzanie, le plaisir des peintures rupestre, au Portugal, les cigognes, tandis que des r\u00e9sidences focalisant sur la biodiversit\u00e9, comme au Costa Rica permettent la cr\u00e9ation de multiples \u0153uvres sur les parades nuptiales des aras rouges. C\u2019est de Su\u00e8de que sont n\u00e9es ces s\u00e9ries sur les grues\u00a0: G\u00f6teborg et ses treize mille grues ont \u00e9t\u00e9 la meilleure inspiration pour les livres accord\u00e9ons au fil desquels les \u00e9chassiers sont observ\u00e9s au rythme de leurs sensations saisonni\u00e8res. Avant ces s\u00e9ries, les artistes chinois ne s\u2019y sont pas tromp\u00e9, qui ont dans tous les domaines de la cr\u00e9ation repr\u00e9sent\u00e9 les danses des grue, oiseaux qui emportaient en vols majestueux les immortels tao\u00efstes qui regagnaient les Monts Kunlun\u2026<\/p>\n<div id=\"attachment_6257\" style=\"width: 810px\" class=\"wp-caption alignnone\"><a href=\"https:\/\/i0.wp.com\/alaincardenas.com\/blog\/wp-content\/uploads\/2022\/05\/Danse-des-grues-Gae\u0308lle-Pelachaud-2.jpg?ssl=1\"><img aria-describedby=\"caption-attachment-6257\" data-attachment-id=\"6257\" data-permalink=\"https:\/\/alaincardenas.com\/blog\/un-salon-du-livre-dartiste-singulier-a-nevers\/danse-des-grues-gae%cc%88lle-pelachaud-2\/\" data-orig-file=\"https:\/\/i0.wp.com\/alaincardenas.com\/blog\/wp-content\/uploads\/2022\/05\/Danse-des-grues-Gae\u0308lle-Pelachaud-2.jpg?fit=800%2C429&amp;ssl=1\" data-orig-size=\"800,429\" data-comments-opened=\"0\" data-image-meta=\"{&quot;aperture&quot;:&quot;22&quot;,&quot;credit&quot;:&quot;&quot;,&quot;camera&quot;:&quot;NIKON D3200&quot;,&quot;caption&quot;:&quot;&quot;,&quot;created_timestamp&quot;:&quot;1571067893&quot;,&quot;copyright&quot;:&quot;&quot;,&quot;focal_length&quot;:&quot;17&quot;,&quot;iso&quot;:&quot;100&quot;,&quot;shutter_speed&quot;:&quot;0.2&quot;,&quot;title&quot;:&quot;&quot;,&quot;orientation&quot;:&quot;1&quot;}\" data-image-title=\"Danse des grues Gae\u0308lle Pelachaud 2\" data-image-description=\"\" data-image-caption=\"\" data-medium-file=\"https:\/\/i0.wp.com\/alaincardenas.com\/blog\/wp-content\/uploads\/2022\/05\/Danse-des-grues-Gae\u0308lle-Pelachaud-2.jpg?fit=300%2C161&amp;ssl=1\" data-large-file=\"https:\/\/i0.wp.com\/alaincardenas.com\/blog\/wp-content\/uploads\/2022\/05\/Danse-des-grues-Gae\u0308lle-Pelachaud-2.jpg?fit=584%2C313&amp;ssl=1\" decoding=\"async\" loading=\"lazy\" class=\"wp-image-6257 size-full\" src=\"https:\/\/i0.wp.com\/alaincardenas.com\/blog\/wp-content\/uploads\/2022\/05\/Danse-des-grues-Gae\u0308lle-Pelachaud-2.jpg?resize=584%2C313&#038;ssl=1\" alt=\"\" width=\"584\" height=\"313\" srcset=\"https:\/\/i0.wp.com\/alaincardenas.com\/blog\/wp-content\/uploads\/2022\/05\/Danse-des-grues-Gae\u0308lle-Pelachaud-2.jpg?w=800&amp;ssl=1 800w, https:\/\/i0.wp.com\/alaincardenas.com\/blog\/wp-content\/uploads\/2022\/05\/Danse-des-grues-Gae\u0308lle-Pelachaud-2.jpg?resize=300%2C161&amp;ssl=1 300w, https:\/\/i0.wp.com\/alaincardenas.com\/blog\/wp-content\/uploads\/2022\/05\/Danse-des-grues-Gae\u0308lle-Pelachaud-2.jpg?resize=768%2C412&amp;ssl=1 768w, https:\/\/i0.wp.com\/alaincardenas.com\/blog\/wp-content\/uploads\/2022\/05\/Danse-des-grues-Gae\u0308lle-Pelachaud-2.jpg?resize=500%2C268&amp;ssl=1 500w\" sizes=\"(max-width: 584px) 100vw, 584px\" data-recalc-dims=\"1\" \/><\/a><p id=\"caption-attachment-6257\" class=\"wp-caption-text\">Ga\u00eblle Pelachaud. <em>Danse des grues<\/em><\/p><\/div>\n<p>Du 2 au 19 ao\u00fbt, pour l\u2019exposition qui se tiendra\u00a0\u00e0 Pouilly-sur-Loire, cette cr\u00e9atrice pr\u00e9sentera des n\u00e9nuphars \u00e9tudi\u00e9s autant en Asie qu\u2019\u00e0 Villeneuve-sur-Lot \u00e0 la Tour Marliac.<\/p>\n<div id=\"attachment_6258\" style=\"width: 1290px\" class=\"wp-caption alignnone\"><a href=\"https:\/\/i0.wp.com\/alaincardenas.com\/blog\/wp-content\/uploads\/2022\/05\/Petit-livre-Nenuphar-Blanc-Gaelle-Pelachaud.jpg?ssl=1\"><img aria-describedby=\"caption-attachment-6258\" data-attachment-id=\"6258\" data-permalink=\"https:\/\/alaincardenas.com\/blog\/un-salon-du-livre-dartiste-singulier-a-nevers\/petit-livre-nenuphar-blanc-gaelle-pelachaud\/\" data-orig-file=\"https:\/\/i0.wp.com\/alaincardenas.com\/blog\/wp-content\/uploads\/2022\/05\/Petit-livre-Nenuphar-Blanc-Gaelle-Pelachaud.jpg?fit=1280%2C406&amp;ssl=1\" data-orig-size=\"1280,406\" data-comments-opened=\"0\" data-image-meta=\"{&quot;aperture&quot;:&quot;2.2&quot;,&quot;credit&quot;:&quot;&quot;,&quot;camera&quot;:&quot;iPhone 6&quot;,&quot;caption&quot;:&quot;&quot;,&quot;created_timestamp&quot;:&quot;1645444203&quot;,&quot;copyright&quot;:&quot;&quot;,&quot;focal_length&quot;:&quot;4.15&quot;,&quot;iso&quot;:&quot;32&quot;,&quot;shutter_speed&quot;:&quot;0.01&quot;,&quot;title&quot;:&quot;&quot;,&quot;orientation&quot;:&quot;1&quot;}\" data-image-title=\"Petit livre Nenuphar Blanc-Gaelle Pelachaud\" data-image-description=\"\" data-image-caption=\"\" data-medium-file=\"https:\/\/i0.wp.com\/alaincardenas.com\/blog\/wp-content\/uploads\/2022\/05\/Petit-livre-Nenuphar-Blanc-Gaelle-Pelachaud.jpg?fit=300%2C95&amp;ssl=1\" data-large-file=\"https:\/\/i0.wp.com\/alaincardenas.com\/blog\/wp-content\/uploads\/2022\/05\/Petit-livre-Nenuphar-Blanc-Gaelle-Pelachaud.jpg?fit=584%2C185&amp;ssl=1\" decoding=\"async\" loading=\"lazy\" class=\"wp-image-6258 size-full\" src=\"https:\/\/i0.wp.com\/alaincardenas.com\/blog\/wp-content\/uploads\/2022\/05\/Petit-livre-Nenuphar-Blanc-Gaelle-Pelachaud.jpg?resize=584%2C185&#038;ssl=1\" alt=\"\" width=\"584\" height=\"185\" srcset=\"https:\/\/i0.wp.com\/alaincardenas.com\/blog\/wp-content\/uploads\/2022\/05\/Petit-livre-Nenuphar-Blanc-Gaelle-Pelachaud.jpg?w=1280&amp;ssl=1 1280w, https:\/\/i0.wp.com\/alaincardenas.com\/blog\/wp-content\/uploads\/2022\/05\/Petit-livre-Nenuphar-Blanc-Gaelle-Pelachaud.jpg?resize=300%2C95&amp;ssl=1 300w, https:\/\/i0.wp.com\/alaincardenas.com\/blog\/wp-content\/uploads\/2022\/05\/Petit-livre-Nenuphar-Blanc-Gaelle-Pelachaud.jpg?resize=768%2C244&amp;ssl=1 768w, https:\/\/i0.wp.com\/alaincardenas.com\/blog\/wp-content\/uploads\/2022\/05\/Petit-livre-Nenuphar-Blanc-Gaelle-Pelachaud.jpg?resize=1024%2C325&amp;ssl=1 1024w, https:\/\/i0.wp.com\/alaincardenas.com\/blog\/wp-content\/uploads\/2022\/05\/Petit-livre-Nenuphar-Blanc-Gaelle-Pelachaud.jpg?resize=500%2C159&amp;ssl=1 500w, https:\/\/i0.wp.com\/alaincardenas.com\/blog\/wp-content\/uploads\/2022\/05\/Petit-livre-Nenuphar-Blanc-Gaelle-Pelachaud.jpg?w=1168&amp;ssl=1 1168w\" sizes=\"(max-width: 584px) 100vw, 584px\" data-recalc-dims=\"1\" \/><\/a><p id=\"caption-attachment-6258\" class=\"wp-caption-text\">Ga\u00eblle Pelachaud. <em>N\u00e9nuphar blanc<\/em><\/p><\/div>\n<div id=\"attachment_6259\" style=\"width: 1427px\" class=\"wp-caption alignnone\"><a href=\"https:\/\/i0.wp.com\/alaincardenas.com\/blog\/wp-content\/uploads\/2022\/05\/Nenuphar-Violet-1-Gaelle-Pelachaud.jpeg?ssl=1\"><img aria-describedby=\"caption-attachment-6259\" data-attachment-id=\"6259\" data-permalink=\"https:\/\/alaincardenas.com\/blog\/un-salon-du-livre-dartiste-singulier-a-nevers\/nenuphar-violet-1-gaelle-pelachaud\/\" data-orig-file=\"https:\/\/i0.wp.com\/alaincardenas.com\/blog\/wp-content\/uploads\/2022\/05\/Nenuphar-Violet-1-Gaelle-Pelachaud.jpeg?fit=1417%2C958&amp;ssl=1\" data-orig-size=\"1417,958\" data-comments-opened=\"0\" data-image-meta=\"{&quot;aperture&quot;:&quot;0&quot;,&quot;credit&quot;:&quot;&quot;,&quot;camera&quot;:&quot;Perfection V30\\\/V300&quot;,&quot;caption&quot;:&quot;&quot;,&quot;created_timestamp&quot;:&quot;0&quot;,&quot;copyright&quot;:&quot;&quot;,&quot;focal_length&quot;:&quot;0&quot;,&quot;iso&quot;:&quot;0&quot;,&quot;shutter_speed&quot;:&quot;0&quot;,&quot;title&quot;:&quot;&quot;,&quot;orientation&quot;:&quot;1&quot;}\" data-image-title=\"Nenuphar Violet 1-Gaelle Pelachaud\" data-image-description=\"\" data-image-caption=\"\" data-medium-file=\"https:\/\/i0.wp.com\/alaincardenas.com\/blog\/wp-content\/uploads\/2022\/05\/Nenuphar-Violet-1-Gaelle-Pelachaud.jpeg?fit=300%2C203&amp;ssl=1\" data-large-file=\"https:\/\/i0.wp.com\/alaincardenas.com\/blog\/wp-content\/uploads\/2022\/05\/Nenuphar-Violet-1-Gaelle-Pelachaud.jpeg?fit=584%2C395&amp;ssl=1\" decoding=\"async\" loading=\"lazy\" class=\"wp-image-6259 size-full\" src=\"https:\/\/i0.wp.com\/alaincardenas.com\/blog\/wp-content\/uploads\/2022\/05\/Nenuphar-Violet-1-Gaelle-Pelachaud.jpeg?resize=584%2C395&#038;ssl=1\" alt=\"\" width=\"584\" height=\"395\" srcset=\"https:\/\/i0.wp.com\/alaincardenas.com\/blog\/wp-content\/uploads\/2022\/05\/Nenuphar-Violet-1-Gaelle-Pelachaud.jpeg?w=1417&amp;ssl=1 1417w, https:\/\/i0.wp.com\/alaincardenas.com\/blog\/wp-content\/uploads\/2022\/05\/Nenuphar-Violet-1-Gaelle-Pelachaud.jpeg?resize=300%2C203&amp;ssl=1 300w, https:\/\/i0.wp.com\/alaincardenas.com\/blog\/wp-content\/uploads\/2022\/05\/Nenuphar-Violet-1-Gaelle-Pelachaud.jpeg?resize=768%2C519&amp;ssl=1 768w, https:\/\/i0.wp.com\/alaincardenas.com\/blog\/wp-content\/uploads\/2022\/05\/Nenuphar-Violet-1-Gaelle-Pelachaud.jpeg?resize=1024%2C692&amp;ssl=1 1024w, https:\/\/i0.wp.com\/alaincardenas.com\/blog\/wp-content\/uploads\/2022\/05\/Nenuphar-Violet-1-Gaelle-Pelachaud.jpeg?resize=444%2C300&amp;ssl=1 444w, https:\/\/i0.wp.com\/alaincardenas.com\/blog\/wp-content\/uploads\/2022\/05\/Nenuphar-Violet-1-Gaelle-Pelachaud.jpeg?w=1168&amp;ssl=1 1168w\" sizes=\"(max-width: 584px) 100vw, 584px\" data-recalc-dims=\"1\" \/><\/a><p id=\"caption-attachment-6259\" class=\"wp-caption-text\">Ga\u00eblle Pelachaud. <em>N\u00e9nuphar violet<\/em> (d\u00e9tail)<\/p><\/div>\n<p>Renvois bibliographiques<\/p>\n<ul>\n<li><a href=\"http:\/\/www.gaellepelachaud.com\">www.gaellepelachaud.com<\/a><br \/>\nhttps:\/\/www.instagram.com\/gaellepelachaud\/<\/li>\n<li><span style=\"line-height: inherit;\">Alain Cardenas-Castro, <\/span><a style=\"line-height: inherit;\" href=\"https:\/\/youtu.be\/pNBq8n-Ml2A\">\u00ab\u00a0Juan Manuel Cardenas-Castro\u00a0(Urubamba 1891-Paris 1988), indig\u00e9nisme et migration. Quatre \u0153uvres embl\u00e9matiques\u00a0\u00bb<\/a><span style=\"line-height: inherit;\">. Colloque,\u00a0 <\/span><em style=\"line-height: inherit;\">Les repr\u00e9sentations du P\u00e9rou et le bicentenaire de l\u2019Ind\u00e9pendance (1821-2021)<\/em><span style=\"line-height: inherit;\">, Universit\u00e9 Bordeaux-Montaigne, Mus\u00e9e d\u2019Aquitaine.<\/span><\/li>\n<li><span style=\"line-height: inherit;\">Alain Cardenas-Castro, <\/span><a style=\"line-height: inherit;\" href=\"https:\/\/wp.me\/p8Mijt-Gf\"><em>De la diffusion des connaissances\u00a0: sur la mise en place d\u2019un projet bilat\u00e9ral France-P\u00e9rou relatif aux \u0153uvres de Juan Manuel Cardenas-Castro (5)<\/em>\u00a0<\/a><span style=\"line-height: inherit;\">In\u00a0: <\/span><em style=\"line-height: inherit;\">Science et art contemporain<\/em><span style=\"line-height: inherit;\">, octobre 2018.<\/span><\/li>\n<li><span style=\"line-height: inherit;\">Christophe Comentale, <\/span><a style=\"line-height: inherit;\" href=\"https:\/\/wp.me\/p8Mijt-1AQ\"><em>A propos d\u2019Agave, gravure en mani\u00e8re noire de Judith Rothchild<\/em><\/a><span style=\"line-height: inherit;\"> In\u00a0: <\/span><em style=\"line-height: inherit;\">Sciences et art contemporain<\/em><span style=\"line-height: inherit;\">, 31 janvier 2022.<\/span><\/li>\n<li><span style=\"line-height: inherit;\">Christophe Comentale, <\/span><a style=\"line-height: inherit;\" href=\"https:\/\/wp.me\/p8Mijt-1Ai\"><em>\u00c0 l\u2019arrache<\/em>, 6e \u00e9dition. Historique et d\u00e9veloppements induits<\/a><span style=\"line-height: inherit;\"> In\u00a0: <\/span><em style=\"line-height: inherit;\">Sciences et art contemporain<\/em><span style=\"line-height: inherit;\">, 9 janvier 2022.<\/span><\/li>\n<\/ul>\n<p>Salon du livre d\u2019artiste et des m\u00e9tiers du livre \u00e0 Nevers.\u00a0Les 2 et 3 juillet 2022, de 10h \u00e0 19h.\u00a0Palais ducal, 1, place de l\u2019H\u00f4tel de ville\u00a04, rue Sabatier.\u00a0Contact\u00a0: Office du tourisme, 03.86.68.46.00.\u00a0Entr\u00e9e libre. Catalogue en ligne<\/p>\n<p>Encore \u00e0 Nevers \u2026 <strong>Arts en livres<\/strong><\/p>\n<p>En marge de ce premier axe, un deuxi\u00e8me \u00e9v\u00e9nement se tiendra \u00e9galement sous les vo\u00fbtes du Palais ducal de Nevers, \u00e9galement sous l\u2019\u00e9gide de l\u2019association Salon des dames anim\u00e9e par Claude Taminau et Val\u00e9rie Loron, un bin\u00f4me actif qui continue un labeur m\u00e9ritoire et large pour pr\u00e9senter \u00ab\u00a0de beaux livres pour tous les budgets et pour tous les \u00e2ges\u00a0\u00bb. Une fa\u00e7on de se positionner autrement pour montrer comment on compl\u00e9tera autrement la difficile d\u00e9finition de ce que peut \u00eatre un livre beau\u00a0! C\u2019est dans ce m\u00eame contexte d\u2019\u00e9veil \u00e0 la cr\u00e9ation qu\u2019auront lieu des ateliers\u00a0: calligraphie romaine avec Marie Thrivier et reliure par Marie-Claire Brauner. Une conf\u00e9rence de Laurence Madeline sur ce qu\u2019est un <em>beau livre <\/em>et des d\u00e9dicaces d\u2019auteurs (Didier Cornille, Catherine Li\u00e9geois, G\u00e9rard Lo Monaco, \u2026) compl\u00e8teront ce panorama pluridisciplinaire sur l\u2019encouragement \u00e0 la lecture et au plaisir du livre. Cette association accueille le Salon du livre d\u2019artiste et des artisans du livre, maillon compl\u00e9mentaire pour comprendre ces livres qui ne sont pas toujours des livres\u00a0!<\/p>\n<p>Salon du beau livre \u00e0 Nevers.\u00a0Les 2 et 3 juillet 2022, de 10h \u00e0 19h.\u00a0Palais ducal, 1, place de l\u2019H\u00f4tel de ville.\u00a04, rue Sabatier.\u00a0Contact\u00a0:\u00a0valerie.loron@neuf.fr\u00a0Entr\u00e9e libre. Catalogue en ligne.<\/p>\n","protected":false},"excerpt":{"rendered":"<p>par Marie-Paule Peronnet L\u2019\u00e9t\u00e9 est propice aux manifestations artistiques, les \u0153uvres sont davantage sollicit\u00e9es \u00e0 la curiosit\u00e9 ordinaire. Souhaitons que \u00e7a dure. Tel doit \u00eatre l\u2019avis de Marc Vernier, commissaire g\u00e9n\u00e9ral du Salon du livre d\u2019artiste et des m\u00e9tiers du &hellip; <a href=\"https:\/\/alaincardenas.com\/blog\/un-salon-du-livre-dartiste-singulier-a-nevers\/\">Continuer la lecture <span class=\"meta-nav\">&rarr;<\/span><\/a><\/p>\n","protected":false},"author":1,"featured_media":0,"comment_status":"closed","ping_status":"closed","sticky":false,"template":"","format":"standard","meta":{"sfsi_plus_gutenberg_text_before_share":"","sfsi_plus_gutenberg_show_text_before_share":"","sfsi_plus_gutenberg_icon_type":"","sfsi_plus_gutenberg_icon_alignemt":"","sfsi_plus_gutenburg_max_per_row":"","jetpack_post_was_ever_published":false,"_jetpack_newsletter_access":"","_jetpack_newsletter_tier_id":0,"jetpack_publicize_message":"","jetpack_is_tweetstorm":false,"jetpack_publicize_feature_enabled":true,"jetpack_social_post_already_shared":true,"jetpack_social_options":{"image_generator_settings":{"template":"highway","enabled":false}}},"categories":[42,21],"tags":[8,9,36],"jetpack_publicize_connections":[],"jetpack_featured_media_url":"","jetpack_sharing_enabled":true,"jetpack_shortlink":"https:\/\/wp.me\/p8Mijt-1CJ","jetpack_likes_enabled":true,"jetpack-related-posts":[{"id":6456,"url":"https:\/\/alaincardenas.com\/blog\/le-salon-du-livre-dartiste-de-nevers-et-sous-vitrine-alors\/","url_meta":{"origin":6245,"position":0},"title":"Le salon du livre d\u2019artiste de Nevers. Et sous vitrine, alors ?","author":"admin","date":"2022-07-31","format":false,"excerpt":"par Alain Cardenas-Castro Diff\u00e9rents comptes-rendus ont permis de donner quelque \u00e9cho de cette manifestation assez unique qui est quelque peu \u00e9loign\u00e9e des \u00e9v\u00e9nements habituels et r\u00e9currents. Outre la pr\u00e9sence des 39 artistes pr\u00e9sents \u00e0 nombre de salons de livres d\u2019artistes ou livres-objets, chacun g\u00e9rant son \u00e9tal au sein de la\u2026","rel":"","context":"Dans &quot;Compte-rendu&quot;","block_context":{"text":"Compte-rendu","link":"https:\/\/alaincardenas.com\/blog\/category\/compte-rendu\/"},"img":{"alt_text":"","src":"https:\/\/i0.wp.com\/alaincardenas.com\/blog\/wp-content\/uploads\/2022\/07\/DB-annotant-un-livre-a.jpg?resize=350%2C200&ssl=1","width":350,"height":200,"srcset":"https:\/\/i0.wp.com\/alaincardenas.com\/blog\/wp-content\/uploads\/2022\/07\/DB-annotant-un-livre-a.jpg?resize=350%2C200&ssl=1 1x, https:\/\/i0.wp.com\/alaincardenas.com\/blog\/wp-content\/uploads\/2022\/07\/DB-annotant-un-livre-a.jpg?resize=525%2C300&ssl=1 1.5x"},"classes":[]},{"id":6363,"url":"https:\/\/alaincardenas.com\/blog\/salon-du-livre-dartiste-de-nevers\/","url_meta":{"origin":6245,"position":1},"title":"Salon du livre d\u2019artiste de Nevers","author":"admin","date":"2022-07-19","format":false,"excerpt":"Compte rendu par Marie-Paule Peronnet\u00a0(*) Pour ce premier Salon qui s\u2019est d\u00e9roul\u00e9 les 2 et 3 juillet 2022, 39 participants \u00e9taient attendus dans les salles d\u2019expositions du Palais Ducal (ill. 1), lieu historique de Nevers. Comme le rappelle Marc Vernier (ill. 2), commissaire du Salon, \u00ab l\u2019un des buts de\u2026","rel":"","context":"Dans &quot;Asie&quot;","block_context":{"text":"Asie","link":"https:\/\/alaincardenas.com\/blog\/category\/asie\/"},"img":{"alt_text":"","src":"https:\/\/i0.wp.com\/alaincardenas.com\/blog\/wp-content\/uploads\/2022\/07\/albertini-temps-immobile.jpg?resize=350%2C200&ssl=1","width":350,"height":200},"classes":[]},{"id":8017,"url":"https:\/\/alaincardenas.com\/blog\/concours-du-livre-dartiste-dissy-les-moulineaux-marc-vernier-laureat-2024\/","url_meta":{"origin":6245,"position":2},"title":"Concours du livre d\u2019artiste d\u2019Issy-les-Moulineaux, Marc Vernier, laur\u00e9at 2024.","author":"admin","date":"2024-05-30","format":false,"excerpt":"Compte-rendu. par Christophe Comentale et Fr\u00e9d\u00e9ric Harranger Depuis sept ans, cette manifestation met l\u2019accent sur la pluralit\u00e9 du type de cr\u00e9ation \u00e0 la fois r\u00e9cent et historique que constitue le livre d\u2019artiste. Comme cela \u00e9tait signal\u00e9 dans le compte-rendu de l\u2019ann\u00e9e 2023, \u00ab\u00a0Apparu en Occident vers le 19e\u00a0si\u00e8cle selon certains,\u2026","rel":"","context":"Dans &quot;Compte-rendu&quot;","block_context":{"text":"Compte-rendu","link":"https:\/\/alaincardenas.com\/blog\/category\/compte-rendu\/"},"img":{"alt_text":"","src":"https:\/\/i0.wp.com\/alaincardenas.com\/blog\/wp-content\/uploads\/2024\/05\/image_67364353-scaled.jpg?resize=350%2C200&ssl=1","width":350,"height":200},"classes":[]},{"id":6308,"url":"https:\/\/alaincardenas.com\/blog\/a-propos-du-laureat-du-concours-2022-du-livre-dartiste-de-la-ville-dissy-les-moulineaux-ombre-et-lumiere-du-tarot-chronique-dun-monde-disparu\/","url_meta":{"origin":6245,"position":3},"title":"A propos du \u2026  Laur\u00e9at du Concours 2022 du livre d\u2019artiste de la ville d\u2019Issy-les-Moulineaux, \u00ab\u00a0Ombre et lumi\u00e8re du tarot. Chronique d\u2019un monde disparu\u00a0\u00bb.","author":"admin","date":"2022-06-09","format":false,"excerpt":"par Fr\u00e9d\u00e9ric Harranger et Christophe Comentale Parall\u00e8lement \u00e0 la num\u00e9risation sociale, vaste processus technico-politique qui permet d\u2019ores et d\u00e9j\u00e0 de simplifier de fa\u00e7on harmonieuse \u2014 le plus souvent \u2014 et autoritaire \u2014 aussi \u2014 les transactions du quotidien, le go\u00fbt et les envies continuent d\u2019induire une production artistique dont le\u2026","rel":"","context":"Dans &quot;Am\u00e9rique latine&quot;","block_context":{"text":"Am\u00e9rique latine","link":"https:\/\/alaincardenas.com\/blog\/category\/amerique-latine\/"},"img":{"alt_text":"","src":"https:\/\/i0.wp.com\/alaincardenas.com\/blog\/wp-content\/uploads\/2022\/06\/1651733954201-copie-BD.jpg?resize=350%2C200&ssl=1","width":350,"height":200,"srcset":"https:\/\/i0.wp.com\/alaincardenas.com\/blog\/wp-content\/uploads\/2022\/06\/1651733954201-copie-BD.jpg?resize=350%2C200&ssl=1 1x, https:\/\/i0.wp.com\/alaincardenas.com\/blog\/wp-content\/uploads\/2022\/06\/1651733954201-copie-BD.jpg?resize=525%2C300&ssl=1 1.5x, https:\/\/i0.wp.com\/alaincardenas.com\/blog\/wp-content\/uploads\/2022\/06\/1651733954201-copie-BD.jpg?resize=700%2C400&ssl=1 2x"},"classes":[]},{"id":4627,"url":"https:\/\/alaincardenas.com\/blog\/le-livre-dartiste-un-livre-qui-nest-pas-un-livre\/","url_meta":{"origin":6245,"position":4},"title":"Le livre d\u2019artiste, un livre qui n\u2019est pas un livre","author":"admin","date":"2020-02-01","format":false,"excerpt":"Institut catholique de Paris,\u00a0Biblioth\u00e8que de Fels, Le livre d\u2019artiste, un livre qui n\u2019est pas un livre.\u00a0Du 5 au 28 f\u00e9vrier 2020, du lundi au vendredi, de 9h \u00e0 19h. Commissariat de Guillaume Boyer, Alain Cardenas-Castro et Christophe Comentale Quelques mots avant de tourner autour des vitrines Comme le rappelle l\u2019un\u2026","rel":"","context":"Dans &quot;Asie&quot;","block_context":{"text":"Asie","link":"https:\/\/alaincardenas.com\/blog\/category\/asie\/"},"img":{"alt_text":"","src":"https:\/\/i0.wp.com\/alaincardenas.com\/blog\/wp-content\/uploads\/2020\/02\/BCoron-the-impatient-patient-couv.png?resize=350%2C200","width":350,"height":200},"classes":[]},{"id":7096,"url":"https:\/\/alaincardenas.com\/blog\/concours-du-livre-dartiste-dissy-les-moulineaux-stephanie-ferrat-laureate-2023\/","url_meta":{"origin":6245,"position":5},"title":"Concours du livre d\u2019artiste d\u2019Issy-les-Moulineaux, St\u00e9phanie Ferrat laur\u00e9ate 2023.","author":"admin","date":"2023-05-21","format":false,"excerpt":"Compte-rendu. par Marie-Paule Peronnet (*) Depuis six ans, cette manifestation met l\u2019accent sur la pluralit\u00e9 du type de cr\u00e9ation \u00e0 la fois r\u00e9cent et historique que constitue le livre d\u2019artiste. Apparu en Occident vers le 19e si\u00e8cle selon certains, en Chine sous la dynastie des Song (10e-12e si\u00e8cles) pour d\u2019autres,\u2026","rel":"","context":"Dans &quot;Compte-rendu&quot;","block_context":{"text":"Compte-rendu","link":"https:\/\/alaincardenas.com\/blog\/category\/compte-rendu\/"},"img":{"alt_text":"","src":"https:\/\/i0.wp.com\/alaincardenas.com\/blog\/wp-content\/uploads\/2023\/02\/1-un-demon-gentil-modele-Marie-Christine-Dauphin-2.jpg?resize=350%2C200&ssl=1","width":350,"height":200,"srcset":"https:\/\/i0.wp.com\/alaincardenas.com\/blog\/wp-content\/uploads\/2023\/02\/1-un-demon-gentil-modele-Marie-Christine-Dauphin-2.jpg?resize=350%2C200&ssl=1 1x, https:\/\/i0.wp.com\/alaincardenas.com\/blog\/wp-content\/uploads\/2023\/02\/1-un-demon-gentil-modele-Marie-Christine-Dauphin-2.jpg?resize=525%2C300&ssl=1 1.5x, https:\/\/i0.wp.com\/alaincardenas.com\/blog\/wp-content\/uploads\/2023\/02\/1-un-demon-gentil-modele-Marie-Christine-Dauphin-2.jpg?resize=700%2C400&ssl=1 2x"},"classes":[]}],"_links":{"self":[{"href":"https:\/\/alaincardenas.com\/blog\/wp-json\/wp\/v2\/posts\/6245"}],"collection":[{"href":"https:\/\/alaincardenas.com\/blog\/wp-json\/wp\/v2\/posts"}],"about":[{"href":"https:\/\/alaincardenas.com\/blog\/wp-json\/wp\/v2\/types\/post"}],"author":[{"embeddable":true,"href":"https:\/\/alaincardenas.com\/blog\/wp-json\/wp\/v2\/users\/1"}],"replies":[{"embeddable":true,"href":"https:\/\/alaincardenas.com\/blog\/wp-json\/wp\/v2\/comments?post=6245"}],"version-history":[{"count":11,"href":"https:\/\/alaincardenas.com\/blog\/wp-json\/wp\/v2\/posts\/6245\/revisions"}],"predecessor-version":[{"id":6417,"href":"https:\/\/alaincardenas.com\/blog\/wp-json\/wp\/v2\/posts\/6245\/revisions\/6417"}],"wp:attachment":[{"href":"https:\/\/alaincardenas.com\/blog\/wp-json\/wp\/v2\/media?parent=6245"}],"wp:term":[{"taxonomy":"category","embeddable":true,"href":"https:\/\/alaincardenas.com\/blog\/wp-json\/wp\/v2\/categories?post=6245"},{"taxonomy":"post_tag","embeddable":true,"href":"https:\/\/alaincardenas.com\/blog\/wp-json\/wp\/v2\/tags?post=6245"}],"curies":[{"name":"wp","href":"https:\/\/api.w.org\/{rel}","templated":true}]}}