{"id":6225,"date":"2022-04-30T21:58:42","date_gmt":"2022-04-30T19:58:42","guid":{"rendered":"https:\/\/alaincardenas.com\/blog\/?p=6225"},"modified":"2022-05-02T16:18:35","modified_gmt":"2022-05-02T14:18:35","slug":"de-parc-2022-a-younique","status":"publish","type":"post","link":"https:\/\/alaincardenas.com\/blog\/de-parc-2022-a-younique\/","title":{"rendered":"De PArC 2022 \u00e0 Younique"},"content":{"rendered":"<p>par Alain Cardenas-Castro<\/p>\n<p>Quarante-cinq galeries au neuvi\u00e8me PArC. Une seule galerie fran\u00e7aise orient\u00e9e P\u00e9rou et \u00e9changes Est-Ouest donne le ton d&rsquo;une meilleure visibilit\u00e9 sur la cr\u00e9ation contemporaine qui rassemble tendances hispanisantes et pluriethniques.<\/p>\n<p>La neuvi\u00e8me \u00e9dition de<a href=\"https:\/\/parc.pinta.art\/Catalogo-2022\"> PArC, Peru Arte Contempor\u00e1neo<\/a>, a eu lieu du 20 au 24 avril 2022. Int\u00e9gr\u00e9e \u00e0 l&rsquo;univers <em>Pinta<\/em> \u2014 nom donn\u00e9 \u00e0 cette plateforme englobant Pinta Miami et Baphoto pour regrouper ses \u00e9v\u00e9nements afin de renforcer son objectif d&rsquo;expansion de l&rsquo;art latino-am\u00e9ricain depuis plus de 15 ans \u2014, Pinta PArC sera bient\u00f4t rejoint par Pinta Sud au Paraguay et Pinta Basel en Suisse. La foire d&rsquo;art internationale la plus remarquable du P\u00e9rou s\u2019est caract\u00e9ris\u00e9e par un programme exp\u00e9rimental ambitieux. Pinta PArC qui se positionne parmi les plateformes d&rsquo;\u00e9change culturel les plus pertinentes du moment s\u2019est tenue durant une semaine \u00e0 la Casa Prado au c\u0153ur du quartier de Miraflores \u00e0 Lima.<\/p>\n<p><a href=\"https:\/\/i0.wp.com\/alaincardenas.com\/blog\/wp-content\/uploads\/2022\/04\/Capture-d\u2019e\u0301cran-2022-04-30-a\u0300-19.58.47.jpg?ssl=1\"><img data-attachment-id=\"6226\" data-permalink=\"https:\/\/alaincardenas.com\/blog\/de-parc-2022-a-younique\/capture-decran-2022-04-30-a-19-58-47\/\" data-orig-file=\"https:\/\/i0.wp.com\/alaincardenas.com\/blog\/wp-content\/uploads\/2022\/04\/Capture-d\u2019e\u0301cran-2022-04-30-a\u0300-19.58.47.jpg?fit=573%2C575&amp;ssl=1\" data-orig-size=\"573,575\" data-comments-opened=\"0\" data-image-meta=\"{&quot;aperture&quot;:&quot;0&quot;,&quot;credit&quot;:&quot;&quot;,&quot;camera&quot;:&quot;&quot;,&quot;caption&quot;:&quot;&quot;,&quot;created_timestamp&quot;:&quot;0&quot;,&quot;copyright&quot;:&quot;&quot;,&quot;focal_length&quot;:&quot;0&quot;,&quot;iso&quot;:&quot;0&quot;,&quot;shutter_speed&quot;:&quot;0&quot;,&quot;title&quot;:&quot;&quot;,&quot;orientation&quot;:&quot;1&quot;}\" data-image-title=\"Capture d\u2019e\u0301cran 2022-04-30 a\u0300 19.58.47\" data-image-description=\"\" data-image-caption=\"\" data-medium-file=\"https:\/\/i0.wp.com\/alaincardenas.com\/blog\/wp-content\/uploads\/2022\/04\/Capture-d\u2019e\u0301cran-2022-04-30-a\u0300-19.58.47.jpg?fit=300%2C300&amp;ssl=1\" data-large-file=\"https:\/\/i0.wp.com\/alaincardenas.com\/blog\/wp-content\/uploads\/2022\/04\/Capture-d\u2019e\u0301cran-2022-04-30-a\u0300-19.58.47.jpg?fit=573%2C575&amp;ssl=1\" decoding=\"async\" loading=\"lazy\" class=\"alignnone size-full wp-image-6226\" src=\"https:\/\/i0.wp.com\/alaincardenas.com\/blog\/wp-content\/uploads\/2022\/04\/Capture-d\u2019e\u0301cran-2022-04-30-a\u0300-19.58.47.jpg?resize=573%2C575&#038;ssl=1\" alt=\"\" width=\"573\" height=\"575\" srcset=\"https:\/\/i0.wp.com\/alaincardenas.com\/blog\/wp-content\/uploads\/2022\/04\/Capture-d\u2019e\u0301cran-2022-04-30-a\u0300-19.58.47.jpg?w=573&amp;ssl=1 573w, https:\/\/i0.wp.com\/alaincardenas.com\/blog\/wp-content\/uploads\/2022\/04\/Capture-d\u2019e\u0301cran-2022-04-30-a\u0300-19.58.47.jpg?resize=150%2C150&amp;ssl=1 150w, https:\/\/i0.wp.com\/alaincardenas.com\/blog\/wp-content\/uploads\/2022\/04\/Capture-d\u2019e\u0301cran-2022-04-30-a\u0300-19.58.47.jpg?resize=300%2C300&amp;ssl=1 300w, https:\/\/i0.wp.com\/alaincardenas.com\/blog\/wp-content\/uploads\/2022\/04\/Capture-d\u2019e\u0301cran-2022-04-30-a\u0300-19.58.47.jpg?resize=299%2C300&amp;ssl=1 299w\" sizes=\"(max-width: 573px) 100vw, 573px\" data-recalc-dims=\"1\" \/><\/a><\/p>\n<p><!--more--><\/p>\n<p><span style=\"color: #993300;\"><strong>PArC 2022, neuvi\u00e8me \u00e9dition dynamique sous le signe du renouveau<\/strong><\/span><\/p>\n<p>Pinta PArC 2022 a pr\u00e9sent\u00e9 dans sa \u00ab\u00a0Section principale\u00a0\u00bb la participation de 45 galeries de niveaux national et international. On a pu constater que deux sections s\u2019y sont ajout\u00e9es. L\u2019une : \u00ab\u00a0Solo Project\u00a0\u00bb, mis en place par le commissaire Oscar Rold\u00e1n Alzate<a href=\"#_ftn1\" name=\"_ftnref1\">[1]<\/a> a permis l&rsquo;exposition de six artistes repr\u00e9sent\u00e9s par leurs galeries respectives. Cette formule a \u00e9t\u00e9 l\u2019occasion de mettre en lumi\u00e8re la production d&rsquo;artistes contemporains de mani\u00e8re \u00e0 ce que les visiteurs puissent s&rsquo;identifier \u00e0 leur travail de mani\u00e8re plus profonde et plus personnelle. L\u2019autre, la section \u00ab\u00a0Next\u00a0\u00bb, a \u00e9t\u00e9 port\u00e9e par Florencia Portocarrero<a href=\"#_ftn2\" name=\"_ftnref2\">[2]<\/a> pour pr\u00e9senter six galeries \u00e9mergentes d\u2019importance sur la sc\u00e8ne contemporaine. Cette mise en avant de la jeune cr\u00e9ation a d\u00e9montr\u00e9 la volont\u00e9 de rendre visible le travail d&rsquo;artistes jeunes et\/ou \u00e9mergents tout en dynamisant ces sc\u00e8nes contemporaines d&rsquo;Am\u00e9rique latine dans lesquelles s&rsquo;inscrit la production artistique expos\u00e9e. Ces sc\u00e8nes urbaines sont issues de villes comme Buenos Aires, Cholula, Cuzco, Lima, Rosario, Quito et Santiago.<\/p>\n<p>Cette ann\u00e9e, Pinta PArC a \u00e9galement pr\u00e9sent\u00e9 le programme \u00ab\u00a0Media Point\u00a0\u00bb, coordonn\u00e9 par Ver\u00f3nica Santalla, o\u00f9 l\u2019on a pu assister \u00e0 des programmes in situ et virtuels tels qu\u2019une diversit\u00e9 d\u2019entretiens avec des artistes, des galeristes et des collectionneurs, un cycle de Masterclasses et des vid\u00e9os Open File au cours desquels les artistes ont partag\u00e9 le processus de r\u00e9alisation de leurs \u0153uvres. En outre, le programme \u00ab\u00a0Auditorium\u00a0\u00bb a \u00e9t\u00e9 r\u00e9alis\u00e9 par le prestigieux commissaire Miguel L\u00f3pez<a href=\"#_ftn3\" name=\"_ftnref3\">[3]<\/a> en \u00e9tablissant un format international comprenant des rencontres et des d\u00e9bats sur les dynamiques \u00e9volutives relatives aux productions artistiques, curatoriales, de recherches et \u00e9ditoriales, ainsi que la formation de diverses collections d\u2019art contemporain en Am\u00e9rique latine au cours des derni\u00e8res ann\u00e9es.<\/p>\n<p>Conform\u00e9ment \u00e0 l&rsquo;engagement culturel de Pinta PArC, les institutions artistiques les plus importantes de la capitale p\u00e9ruvienne ont propos\u00e9 des expositions sp\u00e9cifiques pour l\u2019occasion. De cette mani\u00e8re, le circuit culturel propos\u00e9 \u00e0 travers la ville de Lima a offert aux visiteurs une exp\u00e9rience urbi et orbi la plus compl\u00e8te avec les institutions participantes : l\u2019Institut culturel p\u00e9ruvien am\u00e9ricain (ICPNA), le Mus\u00e9e d&rsquo;art de Lima (MALI), le Mus\u00e9e d&rsquo;art contemporain (MAC), le Mus\u00e9e Mario Testino (MATE), le Mus\u00e9e Pedro de Osma, le Mus\u00e9e Larco et le Mus\u00e9e Amano (le Mus\u00e9e du textile pr\u00e9colombien).<\/p>\n<p><span style=\"color: #993300;\"><strong>Younique \u00ab\u00a0de l&rsquo;abstraction \u00e0 la figuration\u00a0\u00bb entre libert\u00e9 et l\u00e9g\u00e8ret\u00e9<\/strong><\/span><\/p>\n<p>La galerie Younique bas\u00e9e \u00e0 Paris et \u00e0 Lima est la seule galerie exposante \u00e0 PArC qui propose une orientation biculturelle entre la France et le P\u00e9rou. Elle a \u00e9t\u00e9 cr\u00e9\u00e9e par Mathias Bloch, \u00e0 Paris, en 2005, suivant une ligne conductrice mettant en avant la repr\u00e9sentation d\u2019oeuvres fortes de la jeune cr\u00e9ation internationale et d\u2019artistes reconnus questionnant la perception de la r\u00e9alit\u00e9. Sp\u00e9cialis\u00e9e en art contemporain (peinture, photographie, sculpture, installation et vid\u00e9o), la galerie Younique a sut cr\u00e9er un pont entre la France et l\u2019Am\u00e9rique latine, d\u2019une part, en valorisant l\u2019art fran\u00e7ais \u00e0 l\u2019\u00e9tranger et, d\u2019autre part, en repr\u00e9sentant l\u2019art latino-am\u00e9ricain en Europe. La galerie Younique a \u00e9galement multipli\u00e9 les projets au Mexique. Sa derni\u00e8re participation \u00e0 la foire <em>Zona Maco 2022<\/em> en f\u00e9vrier dernier, \u00e0 M\u00e9xico, lui a permis de pr\u00e9senter les artistes Alfredo Alcalde, Priscilla Beccari, Caroline Ebin. On notera que la Galerie Younique est membre du Comit\u00e9 Professionnel des Galeries d\u2019Art depuis 2013.<\/p>\n<p>Pour PArC 2022 la directrice artistique de Younique, Marisa Sanabria, a propos\u00e9 la th\u00e9matique efficace \u00ab\u00a0de l&rsquo;abstraction \u00e0 la figuration\u00a0\u00bb en faisant cohabiter <a href=\"http:\/\/www.galerieyounique.com\/fr\/actualites\/article\/19\/foire-pinta-parc-2022\">neuf artistes<\/a> r\u00e9partis dans l&rsquo;espace de mani\u00e8re magistrale. Comme \u00e0 son habitude pour les accrochages dans sa galerie parisienne, la sc\u00e9nographie est impeccable, elle permet d&rsquo;appr\u00e9cier les \u0153uvres choisies avec discernement parmi une diversit\u00e9 plastique bienvenue : Georges Rousse est \u00e0 l&rsquo;honneur parmi les artistes \u00e9mergents belge, Priscilla Beccari,\u00a0fran\u00e7ais, Jean-Charles Bureau, Alain Cardenas-Castro, Marius Pons de Vincent,\u00a0marocain, Driss Aroussi et p\u00e9ruviens Daniel Barclay, Majo Guerrero et Evelyn Merino-Reyna. On a pu constater ainsi comme l&rsquo;a voulu Mathias Bloch que \u00ab\u00a0Dans ce groupe d&rsquo;univers singuliers r\u00e8gne un sentiment de libert\u00e9 et de l\u00e9g\u00e8ret\u00e9\u00a0\u00bb.<\/p>\n<div id=\"attachment_6227\" style=\"width: 1763px\" class=\"wp-caption alignnone\"><a href=\"https:\/\/i0.wp.com\/alaincardenas.com\/blog\/wp-content\/uploads\/2022\/04\/stand-Younique-PaRC.pptx.jpg?ssl=1\"><img aria-describedby=\"caption-attachment-6227\" data-attachment-id=\"6227\" data-permalink=\"https:\/\/alaincardenas.com\/blog\/de-parc-2022-a-younique\/stand-younique-parc-pptx\/\" data-orig-file=\"https:\/\/i0.wp.com\/alaincardenas.com\/blog\/wp-content\/uploads\/2022\/04\/stand-Younique-PaRC.pptx.jpg?fit=1753%2C1240&amp;ssl=1\" data-orig-size=\"1753,1240\" data-comments-opened=\"0\" data-image-meta=\"{&quot;aperture&quot;:&quot;0&quot;,&quot;credit&quot;:&quot;&quot;,&quot;camera&quot;:&quot;&quot;,&quot;caption&quot;:&quot;&quot;,&quot;created_timestamp&quot;:&quot;0&quot;,&quot;copyright&quot;:&quot;&quot;,&quot;focal_length&quot;:&quot;0&quot;,&quot;iso&quot;:&quot;0&quot;,&quot;shutter_speed&quot;:&quot;0&quot;,&quot;title&quot;:&quot;&quot;,&quot;orientation&quot;:&quot;0&quot;}\" data-image-title=\"stand Younique PaRC.pptx\" data-image-description=\"\" data-image-caption=\"\" data-medium-file=\"https:\/\/i0.wp.com\/alaincardenas.com\/blog\/wp-content\/uploads\/2022\/04\/stand-Younique-PaRC.pptx.jpg?fit=300%2C212&amp;ssl=1\" data-large-file=\"https:\/\/i0.wp.com\/alaincardenas.com\/blog\/wp-content\/uploads\/2022\/04\/stand-Younique-PaRC.pptx.jpg?fit=584%2C413&amp;ssl=1\" decoding=\"async\" loading=\"lazy\" class=\"wp-image-6227 size-full\" src=\"https:\/\/i0.wp.com\/alaincardenas.com\/blog\/wp-content\/uploads\/2022\/04\/stand-Younique-PaRC.pptx.jpg?resize=584%2C413&#038;ssl=1\" alt=\"\" width=\"584\" height=\"413\" srcset=\"https:\/\/i0.wp.com\/alaincardenas.com\/blog\/wp-content\/uploads\/2022\/04\/stand-Younique-PaRC.pptx.jpg?w=1753&amp;ssl=1 1753w, https:\/\/i0.wp.com\/alaincardenas.com\/blog\/wp-content\/uploads\/2022\/04\/stand-Younique-PaRC.pptx.jpg?resize=300%2C212&amp;ssl=1 300w, https:\/\/i0.wp.com\/alaincardenas.com\/blog\/wp-content\/uploads\/2022\/04\/stand-Younique-PaRC.pptx.jpg?resize=768%2C543&amp;ssl=1 768w, https:\/\/i0.wp.com\/alaincardenas.com\/blog\/wp-content\/uploads\/2022\/04\/stand-Younique-PaRC.pptx.jpg?resize=1024%2C724&amp;ssl=1 1024w, https:\/\/i0.wp.com\/alaincardenas.com\/blog\/wp-content\/uploads\/2022\/04\/stand-Younique-PaRC.pptx.jpg?resize=424%2C300&amp;ssl=1 424w, https:\/\/i0.wp.com\/alaincardenas.com\/blog\/wp-content\/uploads\/2022\/04\/stand-Younique-PaRC.pptx.jpg?w=1168&amp;ssl=1 1168w\" sizes=\"(max-width: 584px) 100vw, 584px\" data-recalc-dims=\"1\" \/><\/a><p id=\"caption-attachment-6227\" class=\"wp-caption-text\">Ci-dessus, au centre, une vue g\u00e9n\u00e9rale du stand de la galerie Younique \u00e0 la foire internationale PArC, \u00e0 Lima, avec autour les \u0153uvres des neuf artistes participants de la galerie. En partant du coin sup\u00e9rieur gauche et suivant le sens horaire : Driss Aroussi (MA), Georges Rousse (FR), Jean-Charles Bureau (FR) Alain Cardenas-Castro (FR) Marius Pons de Vincent (FR) Priscilla Beccari (BE), Evelyn Merino-Reyna (PE) Majo Guerrero (PE\/CR), Daniel Barclay (PE)<\/p><\/div>\n<p>Le dynamisme de la galerie Younique men\u00e9e par Mathias Bloch refl\u00e8te la tendance de PArC, cette foire internationale p\u00e9ruvienne qui malgr\u00e9 les al\u00e9as des ann\u00e9es pass\u00e9es revient en force en proposant des formats innovants en dialogue avec le monde de l&rsquo;art latino-am\u00e9ricain et au-del\u00e0.<\/p>\n<p><a href=\"#_ftnref1\" name=\"_ftn1\">[1]<\/a> <strong>\u00d3scar Rold\u00e1n<\/strong>&#8211;<strong>Alzate<\/strong> (1975) dirige le Museo Universidad de Antioquia &#8211; MUUA, en Colombie, depuis 2019. Il a enseign\u00e9 \u00e0 la facult\u00e9 des arts de l&rsquo;universit\u00e9 d&rsquo;Antioquia et a fait partie du groupe de recherche en th\u00e9orie et histoire de l&rsquo;art en Colombie. Entre 2008 et 2014, il a \u00e9t\u00e9 conservateur en chef du Mus\u00e9e d&rsquo;art moderne de Medell\u00edn et a ensuite rejoint le d\u00e9partement du d\u00e9veloppement culturel de l&rsquo;Universit\u00e9 de Antioquia. Depuis 2002, il d\u00e9veloppe ses activit\u00e9s de recherches culturelles et curatoriales. Il a \u00e9galement \u00e9t\u00e9 co-commissaire du 43e Salon National des Artistes de Colombie. Par ailleurs, en tant qu&rsquo;artiste ind\u00e9pendant, Rold\u00e1n-Alzate a r\u00e9alis\u00e9 de multiples expositions individuelles et collectives au niveau national et international.<\/p>\n<p><a href=\"#_ftnref2\" name=\"_ftn2\">[2]<\/a> <strong>Florencia Portocarrero <\/strong>(Lima, 1981) \u00e9crit, donne des conf\u00e9rences, enseigne et organise des expositions et des programmes publics. Ses recherches portent sur la mani\u00e8re de r\u00e9\u00e9crire l&rsquo;histoire de l&rsquo;art dans une perspective f\u00e9ministe, sur les r\u00e9gimes de subjectivation dans le contexte de la mondialisation n\u00e9olib\u00e9rale et sur la remise en question des formes h\u00e9g\u00e9moniques de connaissance. Entre 2008 et 2010, elle a suivi un master d&rsquo;\u00e9tudes th\u00e9oriques de la psychanalyse \u00e0 l&rsquo;Universit\u00e9 catholique pontificale du P\u00e9rou. PDe 2012 \u00e0 2013, elle a particip\u00e9 au programme curatorial du \u00ab\u00a0De Appel Arts Centre\u00a0\u00bb \u00e0 Amsterdam et en 2015, elle a termin\u00e9 un deuxi\u00e8me MA en th\u00e9orie de l&rsquo;art contemporain \u00e0 l&rsquo;Universit\u00e9 Goldsmiths de Londres. Elle \u00e9crit r\u00e9guli\u00e8rement dans des revues sp\u00e9cialis\u00e9es telles que Atl\u00e1ntica Journal, Artishock et Terremoto. En 2017\/2018, elle a re\u00e7u la bourse Curating Connections attribu\u00e9e par le programme DAAD Artists-in-Berlin et la KfW Stiftung. \u00c0 Lima, elle travaille comme conservatrice pour le programme public de Proyecto AMIL et elle est cofondatrice de Bisagra.<\/p>\n<p><a href=\"#_ftnref3\" name=\"_ftn3\">[3]<\/a> <strong>Miguel A. L\u00f3pez<\/strong> (Lima, 1983) est \u00e9crivain, chercheur et commissaire d&rsquo;exposition sp\u00e9cialis\u00e9 dans l&rsquo;art contemporain. Sa pratique porte principalement sur les projets collectifs, l&rsquo;art exp\u00e9rimental, l&rsquo;art f\u00e9ministe, et les th\u00e9matiques traitant du genre et de la sexualit\u00e9 \u00e0 travers les processus de m\u00e9moire politique. L\u00f3pez est l&rsquo;auteur de nombreuses publications sur l&rsquo;art contemporain p\u00e9ruvien et latino-am\u00e9ricain. Depuis 2007, il est membre fondateur des <em>Red Conceptualismos del Sur<\/em>, un programme international qui explore les possibilit\u00e9s autres d&rsquo;\u00e9crire, d&rsquo;archiver, d&rsquo;exposer et d&rsquo;historiser les pratiques artistiques et politiques qui se sont produites en Am\u00e9rique latine depuis les ann\u00e9es 1960. Il est actuellement codirecteur et conservateur en chef de <em>TEOR\/\u00e9Tica<\/em>, une association priv\u00e9e \u00e0 but non lucratif qui fonctionne comme un programme de recherche et de diffusion des pratiques artistiques contemporaines en Am\u00e9rique centrale et dans les Cara\u00efbes. En 2016, il a re\u00e7u le Vision Curatorial Award de l&rsquo;ICI &#8211; Independent Curators International.<\/p>\n","protected":false},"excerpt":{"rendered":"<p>par Alain Cardenas-Castro Quarante-cinq galeries au neuvi\u00e8me PArC. Une seule galerie fran\u00e7aise orient\u00e9e P\u00e9rou et \u00e9changes Est-Ouest donne le ton d&rsquo;une meilleure visibilit\u00e9 sur la cr\u00e9ation contemporaine qui rassemble tendances hispanisantes et pluriethniques. La neuvi\u00e8me \u00e9dition de PArC, Peru Arte &hellip; <a href=\"https:\/\/alaincardenas.com\/blog\/de-parc-2022-a-younique\/\">Continuer la lecture <span class=\"meta-nav\">&rarr;<\/span><\/a><\/p>\n","protected":false},"author":1,"featured_media":0,"comment_status":"closed","ping_status":"closed","sticky":false,"template":"","format":"standard","meta":{"sfsi_plus_gutenberg_text_before_share":"","sfsi_plus_gutenberg_show_text_before_share":"","sfsi_plus_gutenberg_icon_type":"","sfsi_plus_gutenberg_icon_alignemt":"","sfsi_plus_gutenburg_max_per_row":"","jetpack_post_was_ever_published":false,"_jetpack_newsletter_access":"","_jetpack_newsletter_tier_id":0,"jetpack_publicize_message":"","jetpack_is_tweetstorm":false,"jetpack_publicize_feature_enabled":true,"jetpack_social_post_already_shared":true,"jetpack_social_options":{"image_generator_settings":{"template":"highway","enabled":false}}},"categories":[43,27,42,21],"tags":[45,8,9,36],"jetpack_publicize_connections":[],"jetpack_featured_media_url":"","jetpack_sharing_enabled":true,"jetpack_shortlink":"https:\/\/wp.me\/p8Mijt-1Cp","jetpack_likes_enabled":true,"jetpack-related-posts":[{"id":8866,"url":"https:\/\/alaincardenas.com\/blog\/pinta-lima-2025-12e-edition-de-la-foire-peruvienne-dart-contemporain-latino-americain\/","url_meta":{"origin":6225,"position":0},"title":"PINTA LIMA, 2025. 12e \u00e9dition de la foire p\u00e9ruvienne d&rsquo;art contemporain latino-am\u00e9ricain","author":"admin","date":"2025-04-27","format":false,"excerpt":"compte rendu par Alain Cardenas-Castro Pinta Lima, Casa Prado, Av 28 de Julio 878, Miraflores, Lima, Per\u00fa, du 24 au 27 avril 2025. Pinta Lima est l\u2019unique foire d'art contemporain au P\u00e9rou. Elle pr\u00e9sente sa 12e \u00e9dition avec un solide programme c\u00e9l\u00e9brant la diversit\u00e9 de la sc\u00e8ne artistique et culturelle\u2026","rel":"","context":"Dans &quot;Am\u00e9rique latine&quot;","block_context":{"text":"Am\u00e9rique latine","link":"https:\/\/alaincardenas.com\/blog\/category\/amerique-latine\/"},"img":{"alt_text":"","src":"https:\/\/i0.wp.com\/alaincardenas.com\/blog\/wp-content\/uploads\/2025\/04\/1745776397925.jpg?resize=350%2C200&ssl=1","width":350,"height":200,"srcset":"https:\/\/i0.wp.com\/alaincardenas.com\/blog\/wp-content\/uploads\/2025\/04\/1745776397925.jpg?resize=350%2C200&ssl=1 1x, https:\/\/i0.wp.com\/alaincardenas.com\/blog\/wp-content\/uploads\/2025\/04\/1745776397925.jpg?resize=525%2C300&ssl=1 1.5x"},"classes":[]},{"id":7137,"url":"https:\/\/alaincardenas.com\/blog\/images-et-representations-du-perou-en-france-1821-2021\/","url_meta":{"origin":6225,"position":1},"title":"Images et repr\u00e9sentations du P\u00e9rou en France (1821-2021)","author":"admin","date":"2023-05-29","format":false,"excerpt":"par Alain Cardenas-Castro J\u2019ai, voil\u00e0 une ann\u00e9e, \u00e9prouv\u00e9 la n\u00e9cessit\u00e9 de faire le point sur le colloque international, \u00ab\u00a0Images et repr\u00e9sentations du P\u00e9rou en France \u2013 1821-2021\u00a0\u00bb qui s\u2019est tenu au Mus\u00e9e d\u2019Aquitaine sis \u00e0 Bordeaux le vendredi 12 et le samedi 13 novembre 2021 (voir le blog Sciences et\u2026","rel":"","context":"Dans &quot;Am\u00e9rique latine&quot;","block_context":{"text":"Am\u00e9rique latine","link":"https:\/\/alaincardenas.com\/blog\/category\/amerique-latine\/"},"img":{"alt_text":"","src":"https:\/\/i0.wp.com\/alaincardenas.com\/blog\/wp-content\/uploads\/2023\/05\/Images-Perou-couverture-4eme_page-0001.jpeg?resize=350%2C200&ssl=1","width":350,"height":200,"srcset":"https:\/\/i0.wp.com\/alaincardenas.com\/blog\/wp-content\/uploads\/2023\/05\/Images-Perou-couverture-4eme_page-0001.jpeg?resize=350%2C200&ssl=1 1x, https:\/\/i0.wp.com\/alaincardenas.com\/blog\/wp-content\/uploads\/2023\/05\/Images-Perou-couverture-4eme_page-0001.jpeg?resize=525%2C300&ssl=1 1.5x, https:\/\/i0.wp.com\/alaincardenas.com\/blog\/wp-content\/uploads\/2023\/05\/Images-Perou-couverture-4eme_page-0001.jpeg?resize=700%2C400&ssl=1 2x, https:\/\/i0.wp.com\/alaincardenas.com\/blog\/wp-content\/uploads\/2023\/05\/Images-Perou-couverture-4eme_page-0001.jpeg?resize=1050%2C600&ssl=1 3x"},"classes":[]},{"id":4261,"url":"https:\/\/alaincardenas.com\/blog\/chroniques-de-vie-javier-silva-meinel\/","url_meta":{"origin":6225,"position":2},"title":"CHRONIQUES DE VIE, Javier Silva Meinel","author":"admin","date":"2019-11-06","format":false,"excerpt":"Exposition du 5 au 29 Novembre 2019,\u00a0Galerie Younique, 65 rue Pascal 75013 Paris - 06 26 76 36 33\u00a0Mardi-Samedi 16h-20h compte-rendu par Alain Cardenas-Castro Galerie install\u00e9e depuis bient\u00f4t quinze ans dans un arrondissement de la capitale qui pr\u00f4ne une diversit\u00e9 culturelle, la galerie Younique pr\u00e9sente une vingtaine d\u2019\u0153uvres des ann\u00e9es\u2026","rel":"","context":"Dans &quot;Am\u00e9rique latine&quot;","block_context":{"text":"Am\u00e9rique latine","link":"https:\/\/alaincardenas.com\/blog\/category\/amerique-latine\/"},"img":{"alt_text":"","src":"https:\/\/i0.wp.com\/alaincardenas.com\/blog\/wp-content\/uploads\/2019\/11\/DSC_0018.jpg?resize=350%2C200&ssl=1","width":350,"height":200},"classes":[]},{"id":6192,"url":"https:\/\/alaincardenas.com\/blog\/a-propos-du-colloque-international-images-et-representations-du-perou-en-france-1821-2021-musee-daquitaine-bordeaux\/","url_meta":{"origin":6225,"position":3},"title":"A propos du colloque international, \u00ab\u00a0Images et repr\u00e9sentations du P\u00e9rou en France  &#8211;  1821-2021\u00a0\u00bb Mus\u00e9e d&rsquo;Aquitaine, Bordeaux","author":"admin","date":"2022-04-30","format":false,"excerpt":"par Alain Cardenas-Castro Le Bicentenaire de l'ind\u00e9pendance du P\u00e9rou, 28 juillet 1821, voit la tenue d'un colloque international au Mus\u00e9e d'Aquitaine \u00e0 Bordeaux. Compte-rendu des vingt-deux interventions. A l'initiative de Madame Isabelle Tauzin-Castellanos[1], professeur de l'Universit\u00e9 Bordeaux Montaigne et membre honoraire de l\u2019Institut Universitaire de France, le colloque international, Images\u2026","rel":"","context":"Dans &quot;Am\u00e9rique latine&quot;","block_context":{"text":"Am\u00e9rique latine","link":"https:\/\/alaincardenas.com\/blog\/category\/amerique-latine\/"},"img":{"alt_text":"","src":"https:\/\/i0.wp.com\/alaincardenas.com\/blog\/wp-content\/uploads\/2022\/04\/Capture-d\u00e2\u0080\u0099e\u00cc\u0081cran-2022-04-03-a\u00cc\u0080-15.08.32.jpg?resize=350%2C200&ssl=1","width":350,"height":200,"srcset":"https:\/\/i0.wp.com\/alaincardenas.com\/blog\/wp-content\/uploads\/2022\/04\/Capture-d\u00e2\u0080\u0099e\u00cc\u0081cran-2022-04-03-a\u00cc\u0080-15.08.32.jpg?resize=350%2C200&ssl=1 1x, https:\/\/i0.wp.com\/alaincardenas.com\/blog\/wp-content\/uploads\/2022\/04\/Capture-d\u00e2\u0080\u0099e\u00cc\u0081cran-2022-04-03-a\u00cc\u0080-15.08.32.jpg?resize=525%2C300&ssl=1 1.5x, https:\/\/i0.wp.com\/alaincardenas.com\/blog\/wp-content\/uploads\/2022\/04\/Capture-d\u00e2\u0080\u0099e\u00cc\u0081cran-2022-04-03-a\u00cc\u0080-15.08.32.jpg?resize=700%2C400&ssl=1 2x, https:\/\/i0.wp.com\/alaincardenas.com\/blog\/wp-content\/uploads\/2022\/04\/Capture-d\u00e2\u0080\u0099e\u00cc\u0081cran-2022-04-03-a\u00cc\u0080-15.08.32.jpg?resize=1050%2C600&ssl=1 3x"},"classes":[]},{"id":6145,"url":"https:\/\/alaincardenas.com\/blog\/libres-comme-lart\/","url_meta":{"origin":6225,"position":4},"title":"Libres comme l\u2019Art","author":"admin","date":"2022-02-13","format":false,"excerpt":"Compte-rendu d\u2019exposition par Alain Cardenas-Castro et Christophe Comentale Du 29 novembre 2021 au 29 janvier 2022 a eu lieu en l\u2019Espace Niemeyer sis au si\u00e8ge du PCF (Parti communiste fran\u00e7ais), place du Colonel Fabien \u00e0 Paris, l\u2019exposition\u00a0Libres comme l\u2019art.\u00a0Pour l\u2019occasion, un ensemble d\u2019\u0153uvres provenant de fonds divers a fait l\u2019objet\u2026","rel":"","context":"Dans &quot;Am\u00e9rique latine&quot;","block_context":{"text":"Am\u00e9rique latine","link":"https:\/\/alaincardenas.com\/blog\/category\/amerique-latine\/"},"img":{"alt_text":"","src":"https:\/\/i0.wp.com\/alaincardenas.com\/blog\/wp-content\/uploads\/2022\/02\/YAN-Peiming-Mao.jpg?resize=350%2C200","width":350,"height":200},"classes":[]},{"id":6777,"url":"https:\/\/alaincardenas.com\/blog\/le-puma-a-plume-et-autres-motifs-precolombiens-des-dessins-scientifiques-retrouves-dans-latelier-de-juan-manuel-cardenas-castro-lart-de-lancien-perou-enseigne-par-limage\/","url_meta":{"origin":6225,"position":5},"title":"Le puma \u00e0 plume et autres motifs pr\u00e9colombiens. Des dessins scientifiques retrouv\u00e9s dans l&rsquo;atelier de Juan Manuel Cardenas-Castro : l&rsquo;art de l&rsquo;Ancien P\u00e9rou enseign\u00e9 par l&rsquo;image","author":"admin","date":"2023-02-28","format":false,"excerpt":"par Alain Cardenas-Castro \u00ab\u00a0C\u2019est dans les paradoxes du travail artistique que se r\u00e9v\u00e8lent quelques-unes des mutations les plus significatives du travail et des syst\u00e8mes d\u2019emploi modernes.[1]\u00bb. Il en va ainsi du travail cr\u00e9atif qui peut se penser autour des notions d\u2019originalit\u00e9, d\u2019innovation et d\u2019in\u00e9galit\u00e9, \u00e0 l'aune de la vie de\u2026","rel":"","context":"Dans &quot;Am\u00e9rique latine&quot;","block_context":{"text":"Am\u00e9rique latine","link":"https:\/\/alaincardenas.com\/blog\/category\/amerique-latine\/"},"img":{"alt_text":"","src":"https:\/\/i0.wp.com\/alaincardenas.com\/blog\/wp-content\/uploads\/2023\/02\/01-1628360708609.jpg?resize=350%2C200","width":350,"height":200},"classes":[]}],"_links":{"self":[{"href":"https:\/\/alaincardenas.com\/blog\/wp-json\/wp\/v2\/posts\/6225"}],"collection":[{"href":"https:\/\/alaincardenas.com\/blog\/wp-json\/wp\/v2\/posts"}],"about":[{"href":"https:\/\/alaincardenas.com\/blog\/wp-json\/wp\/v2\/types\/post"}],"author":[{"embeddable":true,"href":"https:\/\/alaincardenas.com\/blog\/wp-json\/wp\/v2\/users\/1"}],"replies":[{"embeddable":true,"href":"https:\/\/alaincardenas.com\/blog\/wp-json\/wp\/v2\/comments?post=6225"}],"version-history":[{"count":9,"href":"https:\/\/alaincardenas.com\/blog\/wp-json\/wp\/v2\/posts\/6225\/revisions"}],"predecessor-version":[{"id":6243,"href":"https:\/\/alaincardenas.com\/blog\/wp-json\/wp\/v2\/posts\/6225\/revisions\/6243"}],"wp:attachment":[{"href":"https:\/\/alaincardenas.com\/blog\/wp-json\/wp\/v2\/media?parent=6225"}],"wp:term":[{"taxonomy":"category","embeddable":true,"href":"https:\/\/alaincardenas.com\/blog\/wp-json\/wp\/v2\/categories?post=6225"},{"taxonomy":"post_tag","embeddable":true,"href":"https:\/\/alaincardenas.com\/blog\/wp-json\/wp\/v2\/tags?post=6225"}],"curies":[{"name":"wp","href":"https:\/\/api.w.org\/{rel}","templated":true}]}}