{"id":6192,"date":"2022-04-30T22:31:16","date_gmt":"2022-04-30T20:31:16","guid":{"rendered":"https:\/\/alaincardenas.com\/blog\/?p=6192"},"modified":"2022-05-01T10:20:44","modified_gmt":"2022-05-01T08:20:44","slug":"a-propos-du-colloque-international-images-et-representations-du-perou-en-france-1821-2021-musee-daquitaine-bordeaux","status":"publish","type":"post","link":"https:\/\/alaincardenas.com\/blog\/a-propos-du-colloque-international-images-et-representations-du-perou-en-france-1821-2021-musee-daquitaine-bordeaux\/","title":{"rendered":"A propos du colloque international, \u00ab\u00a0Images et repr\u00e9sentations du P\u00e9rou en France  &#8211;  1821-2021\u00a0\u00bb Mus\u00e9e d&rsquo;Aquitaine, Bordeaux"},"content":{"rendered":"<p>par Alain Cardenas-Castro<\/p>\n<p>Le Bicentenaire de l&rsquo;ind\u00e9pendance du P\u00e9rou, 28 juillet 1821, voit la tenue d&rsquo;un colloque international au Mus\u00e9e d&rsquo;Aquitaine \u00e0 Bordeaux. Compte-rendu des vingt-deux interventions.<\/p>\n<p>A l&rsquo;initiative de Madame Isabelle Tauzin-Castellanos<a href=\"#_ftn1\" name=\"_ftnref1\">[1]<\/a>, professeur de l&rsquo;Universit\u00e9 Bordeaux Montaigne et membre honoraire de l\u2019Institut Universitaire de France, le colloque international, <em>Images et repr\u00e9sentations du P\u00e9rou en France &#8211; 1821-2021 <\/em>a eu lieu au Mus\u00e9e d&rsquo;Aquitaine, \u00e0 Bordeaux. Le colloque s&rsquo;est d\u00e9roul\u00e9 au cours de deux journ\u00e9es, le vendredi 12 et le samedi 13 novembre 2021, au cours desquelles les th\u00e9matiques abord\u00e9es \u2014 faisant \u00e9cho aux c\u00e9l\u00e9brations du Bicentenaire de l&rsquo;ind\u00e9pendance du P\u00e9rou d\u00e9clar\u00e9e le 28 juillet 1821 \u2014 ont explor\u00e9 les deux si\u00e8cles d\u2019histoire politique et sociale, culturelle et artistique \u00e0 partir d\u2019images populaires, de peintures, de photographies, de films, de lettres, de multiples t\u00e9moignages recueillis \u00e0 partir des premi\u00e8res d\u00e9cennies de l\u2019Ind\u00e9pendance du P\u00e9rou.<\/p>\n<p><a href=\"https:\/\/i0.wp.com\/alaincardenas.com\/blog\/wp-content\/uploads\/2022\/04\/Capture-d\u2019e\u0301cran-2022-04-03-a\u0300-15.08.32.jpg?ssl=1\"><img data-attachment-id=\"6194\" data-permalink=\"https:\/\/alaincardenas.com\/blog\/a-propos-du-colloque-international-images-et-representations-du-perou-en-france-1821-2021-musee-daquitaine-bordeaux\/capture-decran-2022-04-03-a-15-08-32\/\" data-orig-file=\"https:\/\/i0.wp.com\/alaincardenas.com\/blog\/wp-content\/uploads\/2022\/04\/Capture-d\u2019e\u0301cran-2022-04-03-a\u0300-15.08.32.jpg?fit=1254%2C679&amp;ssl=1\" data-orig-size=\"1254,679\" data-comments-opened=\"0\" data-image-meta=\"{&quot;aperture&quot;:&quot;0&quot;,&quot;credit&quot;:&quot;&quot;,&quot;camera&quot;:&quot;&quot;,&quot;caption&quot;:&quot;&quot;,&quot;created_timestamp&quot;:&quot;0&quot;,&quot;copyright&quot;:&quot;&quot;,&quot;focal_length&quot;:&quot;0&quot;,&quot;iso&quot;:&quot;0&quot;,&quot;shutter_speed&quot;:&quot;0&quot;,&quot;title&quot;:&quot;&quot;,&quot;orientation&quot;:&quot;1&quot;}\" data-image-title=\"Capture d\u2019e\u0301cran 2022-04-03 a\u0300 15.08.32\" data-image-description=\"\" data-image-caption=\"\" data-medium-file=\"https:\/\/i0.wp.com\/alaincardenas.com\/blog\/wp-content\/uploads\/2022\/04\/Capture-d\u2019e\u0301cran-2022-04-03-a\u0300-15.08.32.jpg?fit=300%2C162&amp;ssl=1\" data-large-file=\"https:\/\/i0.wp.com\/alaincardenas.com\/blog\/wp-content\/uploads\/2022\/04\/Capture-d\u2019e\u0301cran-2022-04-03-a\u0300-15.08.32.jpg?fit=584%2C316&amp;ssl=1\" decoding=\"async\" loading=\"lazy\" class=\"alignnone size-full wp-image-6194\" src=\"https:\/\/i0.wp.com\/alaincardenas.com\/blog\/wp-content\/uploads\/2022\/04\/Capture-d\u2019e\u0301cran-2022-04-03-a\u0300-15.08.32.jpg?resize=584%2C316&#038;ssl=1\" alt=\"\" width=\"584\" height=\"316\" srcset=\"https:\/\/i0.wp.com\/alaincardenas.com\/blog\/wp-content\/uploads\/2022\/04\/Capture-d\u2019e\u0301cran-2022-04-03-a\u0300-15.08.32.jpg?w=1254&amp;ssl=1 1254w, https:\/\/i0.wp.com\/alaincardenas.com\/blog\/wp-content\/uploads\/2022\/04\/Capture-d\u2019e\u0301cran-2022-04-03-a\u0300-15.08.32.jpg?resize=300%2C162&amp;ssl=1 300w, https:\/\/i0.wp.com\/alaincardenas.com\/blog\/wp-content\/uploads\/2022\/04\/Capture-d\u2019e\u0301cran-2022-04-03-a\u0300-15.08.32.jpg?resize=768%2C416&amp;ssl=1 768w, https:\/\/i0.wp.com\/alaincardenas.com\/blog\/wp-content\/uploads\/2022\/04\/Capture-d\u2019e\u0301cran-2022-04-03-a\u0300-15.08.32.jpg?resize=1024%2C554&amp;ssl=1 1024w, https:\/\/i0.wp.com\/alaincardenas.com\/blog\/wp-content\/uploads\/2022\/04\/Capture-d\u2019e\u0301cran-2022-04-03-a\u0300-15.08.32.jpg?resize=500%2C271&amp;ssl=1 500w, https:\/\/i0.wp.com\/alaincardenas.com\/blog\/wp-content\/uploads\/2022\/04\/Capture-d\u2019e\u0301cran-2022-04-03-a\u0300-15.08.32.jpg?w=1168&amp;ssl=1 1168w\" sizes=\"(max-width: 584px) 100vw, 584px\" data-recalc-dims=\"1\" \/><\/a><\/p>\n<p><!--more--><\/p>\n<p>La manifestation scientifique a \u00e9t\u00e9 inaugur\u00e9e par MM. <strong>Laurent V\u00e9drine<\/strong>, Directeur du Mus\u00e9e d\u2019Aquitaine,\u00a0<strong>Lionel Larr\u00e9<\/strong>,<strong>\u00a0<\/strong>Pr\u00e9sident de l\u2019Universit\u00e9 Bordeaux Montaigne, <strong>Juan Vilch\u00e9s<\/strong>,<strong>\u00a0<\/strong>Consul honoraire du P\u00e9rou, et Mme <strong>Isabelle Tauzin-Castellanos<\/strong>, professeure de l\u2019Universit\u00e9 Bordeaux Montaigne, coordinatrice du colloque.<\/p>\n<p>Mme <strong>C\u00e9line Papin,<\/strong> Adjointe au maire de Bordeaux charg\u00e9e des coop\u00e9rations territoriales, europ\u00e9ennes et internationales, M. <strong>Rapha\u00ebl Est\u00e8ve<\/strong>, Directeur de l\u2019unit\u00e9 de recherche <a href=\"https:\/\/ameriber.u-bordeaux-montaigne.fr\">AMERIBER<\/a> et M. <strong>Marcel Velazquez Castro<\/strong>, coordinateur p\u00e9ruvien du projet ECOS Nord pour l\u2019universit\u00e9 nationale San Marcos, ont pu se joindre \u00e0 la cl\u00f4ture du colloque international en pr\u00e9sence d\u2019un public tr\u00e8s nombreux r\u00e9uni dans l\u2019auditorium du mus\u00e9e. Le partenariat de la Ville de Bordeaux a favoris\u00e9 le rayonnement de cette manifestation aupr\u00e8s des habitants bordelais.<\/p>\n<p>Cette manifestation scientifique a accueilli plus de vingt conf\u00e9renciers fran\u00e7ais et p\u00e9ruviens et a \u00e9t\u00e9 soutenue par <strong>l\u2019Ambassade de France au P\u00e9rou, le Minist\u00e8re de l\u2019Enseignement Sup\u00e9rieur, de la Recherche et de l\u2019Innovation (IUF \u2013 ECOS Nord), le CONCYTEC et ProCiencia Per\u00fa<\/strong>. Elle s\u2019inscrit dans le cadre du programme\u00a0<a href=\"https:\/\/emila.hypotheses.org\">EMILA<\/a>, Ecritures Migrantes Latino-Am\u00e9ricaines\u00a0financ\u00e9 par la <strong>R\u00e9gion Nouvelle-Aquitaine<\/strong> et des activit\u00e9s scientifiques de recherche et valorisation de <strong>l\u2019Universit\u00e9 Bordeaux Montaigne<\/strong>, en partenariat avec le <strong>Mus\u00e9e d\u2019Aquitaine <\/strong>et la<strong> Ville de Bordeaux<\/strong>.<\/p>\n<p>Le colloque qui a \u00e9t\u00e9 organis\u00e9 \u00e0 l\u2019occasion de la premi\u00e8re ann\u00e9e du projet <a href=\"https:\/\/youtu.be\/xMzwHCQHdEU\">ECOS Nord-P\u00e9rou \u00ab\u00a0Ind\u00e9pendance du P\u00e9rou\u00a0: migrations fran\u00e7aises et influences mutuelles. Un long si\u00e8cle d\u2019histoire du P\u00e9rou (1821-1924)\u00a0\u00bb <\/a>s&rsquo;est r\u00e9parti en quatre sessions ouvertes au public : De la r\u00e9publique p\u00e9ruvienne naissante \u00e0 la France de 1848\u00a0; Images du P\u00e9rou de la F\u00eate imp\u00e9riale \u00e0 la Belle \u00c9poque\u00a0; Les peintres p\u00e9ruviens et les ann\u00e9es folles europ\u00e9ennes\u00a0; D\u2019un centenaire \u00e0 l\u2019autre, de l\u2019Amazonie \u00e0 Paris.<\/p>\n<p><strong><span style=\"color: #993300;\">vendredi 12 novembre 09:30 &#8211; 18:00<\/span><\/strong><\/p>\n<hr \/>\n<p>Session 1 : De la r\u00e9publique p\u00e9ruvienne naissante \u00e0 la France de 1848.\u00a0Mod\u00e9rateur,\u00a0Alvar de la Llosa (Universit\u00e9 Lumi\u00e8re &#8211; Lyon II)<\/p>\n<hr \/>\n<p>9:30 <strong>Ana\u00efs Vidal Jaumary<\/strong> (IHEAL- Universit\u00e9 Sorbonne Nouvelle)\u00a0<strong>Narrer l\u2019ind\u00e9pendance\u00a0: repr\u00e9sentations p\u00e9ruviennes bicentenaires<\/strong><\/p>\n<p>10:00 <strong>J\u00e9r\u00f4me Louis\u00a0<\/strong>(Institut Napol\u00e9on \u2013 SDN <em>Society of dix-neuvi\u00e8mistes<\/em>)\u00a0<em><strong><a href=\"https:\/\/youtu.be\/1T22osNk1qk\">La fabrique d\u2019un h\u00e9ros, Lord Thomas Cochrane un des premiers lib\u00e9rateurs du P\u00e9rou (1819-1822)<\/a><\/strong><\/em><\/p>\n<p>10:30 <strong>Maud Yvinec<\/strong> (Universit\u00e9 Paris I Panth\u00e9on Sorbonne)\u00a0<em><a href=\"https:\/\/youtu.be\/iYia40jwuNg\"><strong>\u00ab\u00a0Abrii tu ojo\u00a0\u00bb\u00a0: une repr\u00e9sentation entre comique et s\u00e9rieux des d\u00e9buts de la R\u00e9publique du P\u00e9rou<\/strong><\/a><\/em><\/p>\n<p>11:00 <strong>Pascal Riviale<\/strong> (Archives Nationales)\u00a0<em><strong><a href=\"https:\/\/youtu.be\/1FQzpWhRRzE\">La collection de dessins constitu\u00e9s par Am\u00e9d\u00e9e Chaumette des Foss\u00e9s, premier consul de France au P\u00e9rou<\/a><\/strong><\/em><\/p>\n<p>11:30 <strong>Lucile Magnin<\/strong> (Universit\u00e9 Savoie Mont Blanc)\u00a0<em><strong><a href=\"https:\/\/youtu.be\/jvHMHj-DxiA\">Tapadas, costumbrismo, art colonial et pr\u00e9hispanique. Vues de Lima et du Cuzco. Le s\u00e9jour du peintre JM. Rugendas au P\u00e9rou (1842-1844)<\/a><\/strong><\/em><\/p>\n<p>12:00 <strong>Flor Mallqui Bravo <\/strong>(PUCP\u2013 Universit\u00e9 Bordeaux Montaigne)\u00a0<em><strong><a href=\"https:\/\/youtu.be\/J3-aL87coW8\">Juan Bustamante de Puno \u00e0 la France de 1848<\/a><\/strong><\/em><\/p>\n<p>12:30 Discussion<\/p>\n<hr \/>\n<p>Session 2\u00a0: Images du P\u00e9rou de la F\u00eate imp\u00e9riale \u00e0 la Belle \u00c9poque.\u00a0Mod\u00e9ratrice\u00a0: Catherine Heymann (Universit\u00e9 Paris-Nanterre)<\/p>\n<hr \/>\n<p>14:30 <strong>Carlos Estela Vilela<\/strong> (Universit\u00e9 Bordeaux Montaigne) <em><strong><a href=\"https:\/\/youtu.be\/KlZ8RnkMQjc\">Recuerdos del Per\u00fa : la jeune r\u00e9publique sud-am\u00e9ricaine sous l\u2019objectif du photographe charentais Eug\u00e8ne Courret<\/a><\/strong><\/em><\/p>\n<p>15:00 <strong>Elodie Vaudry<\/strong> (Centre Allemand d\u2019Histoire de l\u2019Art \u2013 DFK Paris) <em><strong><a href=\"https:\/\/youtu.be\/r_wa1o1Oh4Y\">Repr\u00e9sentations du P\u00e9rou dans la Revue Orientale et Am\u00e9ricaine (1858-1895)<\/a><\/strong><\/em><\/p>\n<p>15:30 <strong>Marcos Eymar<\/strong> (Universit\u00e9 d\u2019Orl\u00e9ans) <em><strong><a href=\"https:\/\/youtu.be\/vsNUz1XmpWk\">Un excentrique entre deux mondes\u00a0: Nicanor della Rocca Vergalo, des Incas \u00e0 la r\u00e9forme de l\u2019orthographe fran\u00e7aise<\/a><\/strong><\/em><\/p>\n<p>16:00 <strong>M\u00f3nica C\u00e1rdenas Moreno<\/strong> (Universit\u00e9 de la R\u00e9union) <em><strong><a href=\"https:\/\/youtu.be\/H-jWGrh7hgM\">Le vin des incas<\/a><\/strong><\/em><\/p>\n<p>16:30 <strong>Marcel Vel\u00e1zquez Castro<\/strong> (Universidad Nacional Mayor de San Marcos) <em><strong><a href=\"https:\/\/youtu.be\/bcOuqXVXHYk\">Les imaginaires de la peste Lima (1895-1912)\u00a0: bact\u00e9riologie, hygi\u00e9nisme, urbanisme<\/a><\/strong><\/em><\/p>\n<p>17:00 Discussion<\/p>\n<p><span style=\"color: #993300;\"><strong>Samedi 13 novembre 11:00 &#8211; 18:00<\/strong><\/span><\/p>\n<hr \/>\n<p>Session 3 : Les peintres p\u00e9ruviens et les ann\u00e9es folles europ\u00e9ennes.\u00a0Mod\u00e9ratrice\u00a0: Maylis Santa-Cruz (Universit\u00e9 Bordeaux Montaigne)<\/p>\n<hr \/>\n<p>11:00 <strong>Luis Fernando Villegas<\/strong> <strong>Torres<\/strong> (Universidad Nacional Mayor de San Marcos) <em><strong><a href=\"https:\/\/youtu.be\/epdlNnGcjbg\">Recherches sur les peintres p\u00e9ruviens en France\u00a0: Daniel Hernandez &#8211; Alberto Lynch<\/a><\/strong><\/em><\/p>\n<p>11:30 <strong>Alain Cardenas-Castro<\/strong> (Mus\u00e9e de l\u2019Homme, Universit\u00e9 Paris 8)\u00a0<em><strong><a href=\"https:\/\/youtu.be\/pNBq8n-Ml2A\">Juan Manuel Cardenas-Castro (Urubamba 1891-Paris 1988)\u00a0: indig\u00e9nisme et migration, quatre \u0153uvres embl\u00e9matiques<\/a><\/strong><\/em><\/p>\n<p>12:00 <strong>Rosmeliz Alva Zapata <\/strong>(Universit\u00e9 Bordeaux Montaigne)\u00a0<em><strong><a href=\"https:\/\/youtu.be\/hUmYDDUzuN8\">L\u2019avant-garde p\u00e9ruvienne sous le regard de Julia Codesido<\/a><\/strong><\/em><\/p>\n<p>12:30 Discussion<\/p>\n<hr \/>\n<p>Session 4 : D\u2019un centenaire \u00e0 l\u2019autre, de l\u2019Amazonie \u00e0 Paris.\u00a0Mod\u00e9ratrice\u00a0: Val\u00e9rie Joubert-Anghel (Universit\u00e9 Bordeaux Montaigne)<\/p>\n<hr \/>\n<p>14:00 <strong>Alvar de la Llosa<\/strong> (Universit\u00e9 Louis Lumi\u00e8re &#8211; Lyon II)\u00a0<em><strong><a href=\"https:\/\/youtu.be\/-Q28UVJ978E\">La repr\u00e9sentation fran\u00e7aise au centenaire de l\u2019ind\u00e9pendance du P\u00e9rou<\/a><\/strong><\/em><\/p>\n<p>14:30 <strong>Oscar Osorio<\/strong> (Paris I \u2013 Panth\u00e9on Sorbonne) <em><strong><a href=\"https:\/\/youtu.be\/3MymVcibAcg\">Le P\u00e9rou est-il indig\u00e8ne\u00a0: mutations de l\u2019image ext\u00e9rieure du P\u00e9rou en France pendant la d\u00e9cennie 1920<\/a><\/strong><\/em><\/p>\n<p>15:00 <strong>Isabelle Tauzin-Castellanos<\/strong> (Universit\u00e9 Bordeaux Montaigne)\u00a0<em><strong><a href=\"https:\/\/youtu.be\/k4UgNx4WE_Y\">Entre surr\u00e9alisme et r\u00e9sistance, un roman graphique de Madeleine et Lucha Truel<\/a><\/strong><\/em><\/p>\n<p>15:30 <strong>Catherine Heymann<\/strong> (Universit\u00e9 Paris Nanterre) <em><strong><a href=\"https:\/\/youtu.be\/efSYfQMZ25Q\">Regards sur l\u2019Amazonie p\u00e9ruvienne\u00a0: le cin\u00e9ma pionnier de Nora de Izcue<\/a><\/strong><\/em><\/p>\n<p>16:00 <strong>Thibaut Cadiou<\/strong> (Universit\u00e9 Louis Lumi\u00e8re \u2013 Lyon II) <em><strong><a href=\"https:\/\/youtu.be\/ZryO0CFpb0M\">Mythes d\u00e9construits et discours invers\u00e9s. M\u00e9moires indig\u00e8nes de l\u2019exploitation du caoutchouc \u00e0 travers la peinture contemporaine<\/a><\/strong><\/em><\/p>\n<p>16:30 <strong>Morgana Herrera<\/strong> (Universit\u00e9 Toulouse Jean Jaur\u00e8s)\u00a0<strong><a href=\"https:\/\/youtu.be\/O_nPIMjRnA0\">La s\u00e9rie <em>AMA\/zonas de mitos y visiones<\/em> du <em>Proyecto Especial Bicentenario<\/em>\u00a0: exposition artistique, documentaire historique et r\u00e9cits mythiques amazoniens<\/a><\/strong><\/p>\n<p>17:00 <strong>Estelle Amilien<\/strong> (Universit\u00e9 Paris Nanterre)\u00a0<strong><em><a href=\"https:\/\/youtu.be\/vpU2fNS2TWY\">Dans toute blague r\u00e9side une part de v\u00e9rit\u00e9: El Candidato d\u2019\u00c1lvaro Velarde (2016), une com\u00e9die aigre-douce.<\/a><\/em><\/strong><\/p>\n<p>17:30 Discussion \u2013 Cl\u00f4ture du colloque : <strong>Rapha\u00ebl Est\u00e8ve<\/strong>, directeur d\u2019<strong>AMERIBER EA3656<\/strong>,\u00a0<strong>Isabelle Tauzin<\/strong> (UBM) et <strong>Marcel Vel\u00e1zquez<\/strong> (UNMSM), porteurs du projet <strong>ECOS Nord P\u00e9rou<\/strong><\/p>\n<p>Le colloque a \u00e9t\u00e9 organis\u00e9 par <strong>Rosmeliz Alva Zapata<\/strong> (lectrice, doctorante, Universit\u00e9 Bordeaux Montaigne) ; <strong>Carlos Estela-Vilela<\/strong> (Ater, doctorant, Universit\u00e9 Bordeaux Montaigne) ; <strong>Maxime Fourcade<\/strong> (masterant, Universit\u00e9 Bordeaux Montaigne) ; <strong>Isabelle Tauzin-Castellanos<\/strong> (professeure des universit\u00e9s, Universit\u00e9 Bordeaux Montaigne, porteur du projet ECOS \u2013 Nord,P\u00e9rou) et le <strong>Comit\u00e9 scientifique a \u00e9t\u00e9 constitu\u00e9 de\u00a0: Alvar de la Llosa<\/strong> (professeur, Universit\u00e9 Lyon II), <strong>Catherine Heymann<\/strong> (professeure \u00e9m\u00e9rite, Universit\u00e9 Paris Nanterre), <strong>\u00c9lodie Vaudry<\/strong> (conseill\u00e8re scientifique, Centre Allemand d\u2019Histoire de l\u2019Art \u2013 DFK Paris), <strong>Marcel Vel\u00e1zquez Castro<\/strong> (professeur Universidad Nacional Mayor de San Marcos, co-porteur du projet ECOS P\u00e9rou).<\/p>\n<p>Les \u00e9tudiants du Master Documents Num\u00e9riques et Humanit\u00e9s Digitales de l\u2019Universit\u00e9 Bordeaux Montaigne, sous la direction du professeur <strong>Soufiane Rouissi<\/strong> ont assur\u00e9 la captation des conf\u00e9rences pour le projet r\u00e9gional avant de consacrer la suite de leur stage au carnet de recherches du projet n\u00e9o-aquitain\u00a0: <a href=\"https:\/\/emila.hypotheses.org\/\">Ecritures Migrantes Latino-am\u00e9ricaines<\/a>.<\/p>\n<p><a href=\"#_ftnref1\" name=\"_ftn1\">[1]<\/a> Isabelle Tauzin-Castellanos est une hispaniste fran\u00e7aise, sp\u00e9cialiste de l\u2019histoire du P\u00e9rou des guerres d\u2019ind\u00e9pendance au XXIe si\u00e8cle. Professeure des universit\u00e9s \u00e0 Bordeaux en litt\u00e9ratures et civilisations latino-am\u00e9ricaines, elle est membre senior de l\u2019Institut Universitaire de France (promotion 2016). Ancienne \u00e9l\u00e8ve de l\u2019\u00c9cole normale sup\u00e9rieure de jeunes filles (promotion 1981, Lettres), agr\u00e9g\u00e9e d&rsquo;espagnol (1984), elle dirige des travaux de recherche sur l\u2019ensemble du continent latino-am\u00e9ricain. Ses premiers travaux de recherche ont port\u00e9 sur l\u2019histoire de l\u2019\u00e9ducation des femmes au P\u00e9rou, puis elle a travaill\u00e9 sur l\u2019\u00e9mergence du roman historique au XIXe si\u00e8cle et a consacr\u00e9 de nombreux ouvrages au philosophe radical Manuel Gonzalez Prada, pr\u00e9curseur du modernisme latino-am\u00e9ricain. En 2009 elle devient membre correspondant de l\u2019Acad\u00e9mie P\u00e9ruvienne de la Langue, une reconnaissance internationale de ses travaux sur des auteurs engag\u00e9s aupr\u00e8s des populations indiennes comme Clorinda Matto de Turner et Jos\u00e9 Mar\u00eda Arguedas.\u00a0Isabelle Tauzin-Castellanos a aussi publi\u00e9 des essais sur les peintres indig\u00e9nistes Jos\u00e9 Sabogal et Julia Codesido et organis\u00e9 de nombreuses manifestations scientifiques et expositions culturelles. Elle anime dans la r\u00e9gion Nouvelle-Aquitaine le projet de recherche <a href=\"https:\/\/emila.hypotheses.org\">EMILA<\/a> sur l\u2019histoire des migrations et des transferts culturels. Elle poursuit des recherches sur la Conqu\u00eate de l&rsquo;Am\u00e9rique \u00e0 partir de 1492 jusqu&rsquo;\u00e0 la politique latino-am\u00e9ricaine contemporaine.<\/p>\n","protected":false},"excerpt":{"rendered":"<p>par Alain Cardenas-Castro Le Bicentenaire de l&rsquo;ind\u00e9pendance du P\u00e9rou, 28 juillet 1821, voit la tenue d&rsquo;un colloque international au Mus\u00e9e d&rsquo;Aquitaine \u00e0 Bordeaux. Compte-rendu des vingt-deux interventions. A l&rsquo;initiative de Madame Isabelle Tauzin-Castellanos[1], professeur de l&rsquo;Universit\u00e9 Bordeaux Montaigne et membre &hellip; <a href=\"https:\/\/alaincardenas.com\/blog\/a-propos-du-colloque-international-images-et-representations-du-perou-en-france-1821-2021-musee-daquitaine-bordeaux\/\">Continuer la lecture <span class=\"meta-nav\">&rarr;<\/span><\/a><\/p>\n","protected":false},"author":1,"featured_media":0,"comment_status":"closed","ping_status":"closed","sticky":false,"template":"","format":"standard","meta":{"sfsi_plus_gutenberg_text_before_share":"","sfsi_plus_gutenberg_show_text_before_share":"","sfsi_plus_gutenberg_icon_type":"","sfsi_plus_gutenberg_icon_alignemt":"","sfsi_plus_gutenburg_max_per_row":"","jetpack_post_was_ever_published":false,"_jetpack_newsletter_access":"","_jetpack_newsletter_tier_id":0,"jetpack_publicize_message":"","jetpack_is_tweetstorm":false,"jetpack_publicize_feature_enabled":true,"jetpack_social_post_already_shared":true,"jetpack_social_options":{"image_generator_settings":{"template":"highway","enabled":false}}},"categories":[43,27,42,21],"tags":[45,29,35,38],"jetpack_publicize_connections":[],"jetpack_featured_media_url":"","jetpack_sharing_enabled":true,"jetpack_shortlink":"https:\/\/wp.me\/p8Mijt-1BS","jetpack_likes_enabled":true,"jetpack-related-posts":[{"id":7137,"url":"https:\/\/alaincardenas.com\/blog\/images-et-representations-du-perou-en-france-1821-2021\/","url_meta":{"origin":6192,"position":0},"title":"Images et repr\u00e9sentations du P\u00e9rou en France (1821-2021)","author":"admin","date":"2023-05-29","format":false,"excerpt":"par Alain Cardenas-Castro J\u2019ai, voil\u00e0 une ann\u00e9e, \u00e9prouv\u00e9 la n\u00e9cessit\u00e9 de faire le point sur le colloque international, \u00ab\u00a0Images et repr\u00e9sentations du P\u00e9rou en France \u2013 1821-2021\u00a0\u00bb qui s\u2019est tenu au Mus\u00e9e d\u2019Aquitaine sis \u00e0 Bordeaux le vendredi 12 et le samedi 13 novembre 2021 (voir le blog Sciences et\u2026","rel":"","context":"Dans &quot;Am\u00e9rique latine&quot;","block_context":{"text":"Am\u00e9rique latine","link":"https:\/\/alaincardenas.com\/blog\/category\/amerique-latine\/"},"img":{"alt_text":"","src":"https:\/\/i0.wp.com\/alaincardenas.com\/blog\/wp-content\/uploads\/2023\/05\/Images-Perou-couverture-4eme_page-0001.jpeg?resize=350%2C200&ssl=1","width":350,"height":200,"srcset":"https:\/\/i0.wp.com\/alaincardenas.com\/blog\/wp-content\/uploads\/2023\/05\/Images-Perou-couverture-4eme_page-0001.jpeg?resize=350%2C200&ssl=1 1x, https:\/\/i0.wp.com\/alaincardenas.com\/blog\/wp-content\/uploads\/2023\/05\/Images-Perou-couverture-4eme_page-0001.jpeg?resize=525%2C300&ssl=1 1.5x, https:\/\/i0.wp.com\/alaincardenas.com\/blog\/wp-content\/uploads\/2023\/05\/Images-Perou-couverture-4eme_page-0001.jpeg?resize=700%2C400&ssl=1 2x, https:\/\/i0.wp.com\/alaincardenas.com\/blog\/wp-content\/uploads\/2023\/05\/Images-Perou-couverture-4eme_page-0001.jpeg?resize=1050%2C600&ssl=1 3x"},"classes":[]},{"id":328,"url":"https:\/\/alaincardenas.com\/blog\/colloque-international-sur-les-cloisonnes-occidentaux-et-chinois\/","url_meta":{"origin":6192,"position":1},"title":"Colloque international sur les cloisonn\u00e9s occidentaux et chinois","author":"admin","date":"2017-07-29","format":false,"excerpt":"Mus\u00e9e des cloisonn\u00e9s.\u00a0Beijing, 30 juin 2017. Compte-rendu. par Christophe Comentale Ouvert depuis 2014, le mus\u00e9e des cloisonn\u00e9s chinois et \u00e9trangers est dirig\u00e9 par Monsieur ZHU Jingyou\u6731\u666f\u4f18. Cet \u00e9tablissement priv\u00e9 a pour but la promotion des cloisonn\u00e9s traditionnels ou de cr\u00e9ation contemporaine. Il est situ\u00e9 dans une zone en pleine expansion.\u2026","rel":"","context":"Dans &quot;Asie&quot;","block_context":{"text":"Asie","link":"https:\/\/alaincardenas.com\/blog\/category\/asie\/"},"img":{"alt_text":"","src":"https:\/\/i0.wp.com\/alaincardenas.com\/blog\/wp-content\/uploads\/2017\/07\/paterre-300x149.jpg?resize=350%2C200&ssl=1","width":350,"height":200},"classes":[]},{"id":5401,"url":"https:\/\/alaincardenas.com\/blog\/a-propos-du-colloque-et-de-lexposition-de-la-terre-au-ciel-peintures-de-dong-baichuan-et-irene-faivre-reliefs-de-laurent-fau\/","url_meta":{"origin":6192,"position":2},"title":"A propos du colloque et de l\u2019exposition \u00ab\u00a0De la Terre au Ciel\u00a0\u00bb, Mus\u00e9e chinois du quotidien, Lod\u00e8ve","author":"admin","date":"2020-10-31","format":false,"excerpt":"Entre deux \u00e9v\u00e9nements, entre deux ann\u00e9es par Alain Cardenas-Castro et Christophe Comentale Conform\u00e9ment aux grands axes que se sont fix\u00e9s les acteurs du b\u00e2timent poly\u00e9v\u00e9nementiel des Marches du Palais lorsque l\u2019id\u00e9e a germ\u00e9 de fonder un Mus\u00e9e chinois du quotidien, des expositions, des s\u00e9minaires et d\u2019autres actions concert\u00e9es permettent une\u2026","rel":"","context":"Dans &quot;Am\u00e9rique latine&quot;","block_context":{"text":"Am\u00e9rique latine","link":"https:\/\/alaincardenas.com\/blog\/category\/amerique-latine\/"},"img":{"alt_text":"","src":"https:\/\/i0.wp.com\/alaincardenas.com\/blog\/wp-content\/uploads\/2020\/10\/Capture-d\u00e2\u0080\u0099\u00c3\u00a9cran-2020-10-31-\u00c3\u00a0-18.44.09.jpg?resize=350%2C200&ssl=1","width":350,"height":200,"srcset":"https:\/\/i0.wp.com\/alaincardenas.com\/blog\/wp-content\/uploads\/2020\/10\/Capture-d\u00e2\u0080\u0099\u00c3\u00a9cran-2020-10-31-\u00c3\u00a0-18.44.09.jpg?resize=350%2C200&ssl=1 1x, https:\/\/i0.wp.com\/alaincardenas.com\/blog\/wp-content\/uploads\/2020\/10\/Capture-d\u00e2\u0080\u0099\u00c3\u00a9cran-2020-10-31-\u00c3\u00a0-18.44.09.jpg?resize=525%2C300&ssl=1 1.5x"},"classes":[]},{"id":5967,"url":"https:\/\/alaincardenas.com\/blog\/colloque-bande-dessinee-en-asie-orientale-comics-in-east-asia\/","url_meta":{"origin":6192,"position":3},"title":"[Colloque] Bande dessin\u00e9e en Asie orientale \/ Comics in East Asia","author":"admin","date":"2021-10-10","format":false,"excerpt":"Notre consoeur, Marie Laureillard participe au colloque international qui aura lieu au mus\u00e9e du quai Branly - Jacques Chirac, Paris, le 14 octobre prochain, Bande \u00a0dessin\u00e9e \u00a0en Asie \u00a0orientale \u00a0\u00a0\/ Comics in East Asia.\u00a0 Elle en est l'un des quatre membres organisateurs. Elle pr\u00e9sente un auteur taiwanais sous l'intitul\u00e9 suivant\u2026","rel":"","context":"Dans &quot;Asie&quot;","block_context":{"text":"Asie","link":"https:\/\/alaincardenas.com\/blog\/category\/asie\/"},"img":{"alt_text":"","src":"https:\/\/i0.wp.com\/alaincardenas.com\/blog\/wp-content\/uploads\/2021\/10\/Colloque_bande_dessinee_Asie-affiche.jpg?resize=350%2C200&ssl=1","width":350,"height":200,"srcset":"https:\/\/i0.wp.com\/alaincardenas.com\/blog\/wp-content\/uploads\/2021\/10\/Colloque_bande_dessinee_Asie-affiche.jpg?resize=350%2C200&ssl=1 1x, https:\/\/i0.wp.com\/alaincardenas.com\/blog\/wp-content\/uploads\/2021\/10\/Colloque_bande_dessinee_Asie-affiche.jpg?resize=525%2C300&ssl=1 1.5x"},"classes":[]},{"id":6245,"url":"https:\/\/alaincardenas.com\/blog\/un-salon-du-livre-dartiste-singulier-a-nevers\/","url_meta":{"origin":6192,"position":4},"title":"Un salon du livre d\u2019artiste singulier \u00e0 Nevers","author":"admin","date":"2022-05-08","format":false,"excerpt":"par Marie-Paule Peronnet L\u2019\u00e9t\u00e9 est propice aux manifestations artistiques, les \u0153uvres sont davantage sollicit\u00e9es \u00e0 la curiosit\u00e9 ordinaire. Souhaitons que \u00e7a dure. Tel doit \u00eatre l\u2019avis de Marc Vernier, commissaire g\u00e9n\u00e9ral du Salon du livre d\u2019artiste et des m\u00e9tiers du livre, qui a, apr\u00e8s diff\u00e9rents reports, pu rassembler une quarantaine\u2026","rel":"","context":"Dans &quot;Europe&quot;","block_context":{"text":"Europe","link":"https:\/\/alaincardenas.com\/blog\/category\/europe\/"},"img":{"alt_text":"","src":"https:\/\/i0.wp.com\/alaincardenas.com\/blog\/wp-content\/uploads\/2022\/05\/1651929978349-BD.jpg?resize=350%2C200&ssl=1","width":350,"height":200},"classes":[]},{"id":8452,"url":"https:\/\/alaincardenas.com\/blog\/compte-rendu-de-mission-lima-cusco-2024\/","url_meta":{"origin":6192,"position":5},"title":"COMPTE RENDU DE MISSION LIMA CUZCO 2024","author":"admin","date":"2024-12-03","format":false,"excerpt":"Traditions du Sud-andin p\u00e9ruvien, litt\u00e9rature, arch\u00e9ologie et art contemporain. par Alain Cardenas-Castro Une mission est une suite d'\u00e9v\u00e9nements programm\u00e9s sur ou \u00e0 partir desquelles se greffent des \u00e9l\u00e9ments impr\u00e9vus g\u00e9n\u00e9r\u00e9s au fil des rencontres. La pr\u00e9sentation du livre Qalachanky, A pata pelada de Clemencia Salm\u00f3n, \u00e0 Lima et l'invitation \u00e0\u2026","rel":"","context":"Dans &quot;Am\u00e9rique latine&quot;","block_context":{"text":"Am\u00e9rique latine","link":"https:\/\/alaincardenas.com\/blog\/category\/amerique-latine\/"},"img":{"alt_text":"","src":"https:\/\/i0.wp.com\/alaincardenas.com\/blog\/wp-content\/uploads\/2024\/11\/02-Capture-decran-2024-11-27-a-15.46.12.jpg?resize=350%2C200&ssl=1","width":350,"height":200},"classes":[]}],"_links":{"self":[{"href":"https:\/\/alaincardenas.com\/blog\/wp-json\/wp\/v2\/posts\/6192"}],"collection":[{"href":"https:\/\/alaincardenas.com\/blog\/wp-json\/wp\/v2\/posts"}],"about":[{"href":"https:\/\/alaincardenas.com\/blog\/wp-json\/wp\/v2\/types\/post"}],"author":[{"embeddable":true,"href":"https:\/\/alaincardenas.com\/blog\/wp-json\/wp\/v2\/users\/1"}],"replies":[{"embeddable":true,"href":"https:\/\/alaincardenas.com\/blog\/wp-json\/wp\/v2\/comments?post=6192"}],"version-history":[{"count":12,"href":"https:\/\/alaincardenas.com\/blog\/wp-json\/wp\/v2\/posts\/6192\/revisions"}],"predecessor-version":[{"id":6242,"href":"https:\/\/alaincardenas.com\/blog\/wp-json\/wp\/v2\/posts\/6192\/revisions\/6242"}],"wp:attachment":[{"href":"https:\/\/alaincardenas.com\/blog\/wp-json\/wp\/v2\/media?parent=6192"}],"wp:term":[{"taxonomy":"category","embeddable":true,"href":"https:\/\/alaincardenas.com\/blog\/wp-json\/wp\/v2\/categories?post=6192"},{"taxonomy":"post_tag","embeddable":true,"href":"https:\/\/alaincardenas.com\/blog\/wp-json\/wp\/v2\/tags?post=6192"}],"curies":[{"name":"wp","href":"https:\/\/api.w.org\/{rel}","templated":true}]}}