{"id":592,"date":"2017-09-18T13:07:52","date_gmt":"2017-09-18T11:07:52","guid":{"rendered":"https:\/\/alaincardenas.com\/blog\/?p=592"},"modified":"2017-12-27T22:12:58","modified_gmt":"2017-12-27T21:12:58","slug":"didier-scuderoni-au-fil-des-peintures-et-des-sculptures-30-annees-de-creation","status":"publish","type":"post","link":"https:\/\/alaincardenas.com\/blog\/didier-scuderoni-au-fil-des-peintures-et-des-sculptures-30-annees-de-creation\/","title":{"rendered":"Didier Scuderoni : au fil des peintures et des sculptures, 30 ann\u00e9es de cr\u00e9ation"},"content":{"rendered":"<p><b>Didier Scuderoni Natures Est-Ouest : \u0153<\/b><b>uvres au lavis de Didier Scuderoni et Yang Ermin. <\/b><\/p>\n<p><b>Espace culturel de Baoding (province du Hebei, Chine). Du 21 septembre au 5 octobre 2017. Catalogue bilingue fran\u00e7ais-chinois.<\/b><\/p>\n<p>N\u00e9 en 1964 \u00e0 Privas, dans le d\u00e9partement de l\u2019Ard\u00e8che, de p\u00e8re italien et de m\u00e8re normande, Didier Scuderoni s\u2019int\u00e9resse tr\u00e8s t\u00f4t au dessin et aux images. Adolescent, il va montrer sa soif de cr\u00e9er en r\u00e9alisant de nombreux dessins au fusain. A 15 ans, il fait des pastels gras, puis, \u00e0 17 ans\u00a0; ex\u00e9cute sa premi\u00e8re peinture murale ext\u00e9rieure.<\/p>\n<p>Titulaire d\u2019un dipl\u00f4me d\u2019\u00e9b\u00e9niste puis de peintre en lettres, c\u2019est dans cette derni\u00e8re fili\u00e8re\u00a0 qu\u2019il s\u2019oriente, il compl\u00e8te ensuite son exp\u00e9rience professionnelle par une formation de c\u00e9ramiste et une formation de plasticien orient\u00e9e vers le travail des r\u00e9sines.<\/p>\n<p>Bon\u00a0vivant, tourn\u00e9 vers les plaisirs que l\u2019existence sait donner, Didier Scuderoni alterne travail et voyages, d\u2019o\u00f9 les nombreux s\u00e9jours effectu\u00e9s au Burkina-Fasso, au Togo, au Ghana, en Italie, en Gr\u00e8ce, Egypte, Espagne, Portugal, Grande Bretagne, Hollande puis en Chine et \u00e0 Taiwan.<\/p>\n<div id=\"attachment_594\" style=\"width: 222px\" class=\"wp-caption alignnone\"><a href=\"https:\/\/i0.wp.com\/alaincardenas.com\/blog\/wp-content\/uploads\/2017\/09\/Capture-d\u2019\u00e9cran-2017-09-18-\u00e0-11.02.37.png?ssl=1\"><img aria-describedby=\"caption-attachment-594\" data-attachment-id=\"594\" data-permalink=\"https:\/\/alaincardenas.com\/blog\/didier-scuderoni-au-fil-des-peintures-et-des-sculptures-30-annees-de-creation\/capture-decran-2017-09-18-a-11-02-37\/\" data-orig-file=\"https:\/\/i0.wp.com\/alaincardenas.com\/blog\/wp-content\/uploads\/2017\/09\/Capture-d\u2019\u00e9cran-2017-09-18-\u00e0-11.02.37.png?fit=242%2C342&amp;ssl=1\" data-orig-size=\"242,342\" data-comments-opened=\"0\" data-image-meta=\"{&quot;aperture&quot;:&quot;0&quot;,&quot;credit&quot;:&quot;&quot;,&quot;camera&quot;:&quot;&quot;,&quot;caption&quot;:&quot;&quot;,&quot;created_timestamp&quot;:&quot;0&quot;,&quot;copyright&quot;:&quot;&quot;,&quot;focal_length&quot;:&quot;0&quot;,&quot;iso&quot;:&quot;0&quot;,&quot;shutter_speed&quot;:&quot;0&quot;,&quot;title&quot;:&quot;&quot;,&quot;orientation&quot;:&quot;0&quot;}\" data-image-title=\"Capture d\u2019\u00e9cran 2017-09-18 \u00e0 11.02.37\" data-image-description=\"\" data-image-caption=\"\" data-medium-file=\"https:\/\/i0.wp.com\/alaincardenas.com\/blog\/wp-content\/uploads\/2017\/09\/Capture-d\u2019\u00e9cran-2017-09-18-\u00e0-11.02.37.png?fit=212%2C300&amp;ssl=1\" data-large-file=\"https:\/\/i0.wp.com\/alaincardenas.com\/blog\/wp-content\/uploads\/2017\/09\/Capture-d\u2019\u00e9cran-2017-09-18-\u00e0-11.02.37.png?fit=242%2C342&amp;ssl=1\" decoding=\"async\" loading=\"lazy\" class=\"wp-image-594 size-medium\" src=\"https:\/\/i0.wp.com\/alaincardenas.com\/blog\/wp-content\/uploads\/2017\/09\/Capture-d\u2019\u00e9cran-2017-09-18-\u00e0-11.02.37.png?resize=212%2C300&#038;ssl=1\" alt=\"\" width=\"212\" height=\"300\" srcset=\"https:\/\/i0.wp.com\/alaincardenas.com\/blog\/wp-content\/uploads\/2017\/09\/Capture-d\u2019\u00e9cran-2017-09-18-\u00e0-11.02.37.png?resize=212%2C300&amp;ssl=1 212w, https:\/\/i0.wp.com\/alaincardenas.com\/blog\/wp-content\/uploads\/2017\/09\/Capture-d\u2019\u00e9cran-2017-09-18-\u00e0-11.02.37.png?w=242&amp;ssl=1 242w\" sizes=\"(max-width: 212px) 100vw, 212px\" data-recalc-dims=\"1\" \/><\/a><p id=\"caption-attachment-594\" class=\"wp-caption-text\">Didier Scuderoni, sculpteur muraliste et peintre \u00a0 \u00a0 \u00a0 \u00a0 \u00a0 \u00a0 \u00a0 \u00a0 \u00a0 \u00a0 \u00a0 \u00a9 Didier Scuderoni<\/p><\/div>\n<p><!--more--><br \/>\nC\u2019est durant la p\u00e9riode de collaboration avec Claude Marchant, son formateur en peinture en lettres que Didier Scuderoni\u00a0 prend la mesure de ce que sont la peinture murale et le trompe l\u2019\u0153il, sp\u00e9cialit\u00e9s qu\u2019il pratiquera pendant plus de 20 ans.<\/p>\n<div id=\"attachment_597\" style=\"width: 216px\" class=\"wp-caption alignright\"><img aria-describedby=\"caption-attachment-597\" data-attachment-id=\"597\" data-permalink=\"https:\/\/alaincardenas.com\/blog\/didier-scuderoni-au-fil-des-peintures-et-des-sculptures-30-annees-de-creation\/carpe-diem-11\/\" data-orig-file=\"https:\/\/i0.wp.com\/alaincardenas.com\/blog\/wp-content\/uploads\/2017\/09\/Carpe-Diem-11.jpg?fit=1546%2C1212&amp;ssl=1\" data-orig-size=\"1546,1212\" data-comments-opened=\"0\" data-image-meta=\"{&quot;aperture&quot;:&quot;0&quot;,&quot;credit&quot;:&quot;&quot;,&quot;camera&quot;:&quot;&quot;,&quot;caption&quot;:&quot;&quot;,&quot;created_timestamp&quot;:&quot;0&quot;,&quot;copyright&quot;:&quot;&quot;,&quot;focal_length&quot;:&quot;0&quot;,&quot;iso&quot;:&quot;0&quot;,&quot;shutter_speed&quot;:&quot;0&quot;,&quot;title&quot;:&quot;&quot;,&quot;orientation&quot;:&quot;0&quot;}\" data-image-title=\"Carpe Diem 11\" data-image-description=\"\" data-image-caption=\"\" data-medium-file=\"https:\/\/i0.wp.com\/alaincardenas.com\/blog\/wp-content\/uploads\/2017\/09\/Carpe-Diem-11.jpg?fit=300%2C235&amp;ssl=1\" data-large-file=\"https:\/\/i0.wp.com\/alaincardenas.com\/blog\/wp-content\/uploads\/2017\/09\/Carpe-Diem-11.jpg?fit=584%2C458&amp;ssl=1\" decoding=\"async\" loading=\"lazy\" class=\"wp-image-597\" src=\"https:\/\/i0.wp.com\/alaincardenas.com\/blog\/wp-content\/uploads\/2017\/09\/Carpe-Diem-11.jpg?resize=206%2C164&#038;ssl=1\" alt=\"\" width=\"206\" height=\"164\" data-recalc-dims=\"1\" \/><p id=\"caption-attachment-597\" class=\"wp-caption-text\">Didier Scuderoni, Carpe diem II \u00a9 Didier Scuderoni<\/p><\/div>\n<div id=\"attachment_607\" style=\"width: 235px\" class=\"wp-caption alignnone\"><a href=\"https:\/\/i0.wp.com\/alaincardenas.com\/blog\/wp-content\/uploads\/2017\/09\/Carpe-diem01.jpg?ssl=1\"><img aria-describedby=\"caption-attachment-607\" data-attachment-id=\"607\" data-permalink=\"https:\/\/alaincardenas.com\/blog\/didier-scuderoni-au-fil-des-peintures-et-des-sculptures-30-annees-de-creation\/carpe-diem01\/\" data-orig-file=\"https:\/\/i0.wp.com\/alaincardenas.com\/blog\/wp-content\/uploads\/2017\/09\/Carpe-diem01.jpg?fit=1161%2C840&amp;ssl=1\" data-orig-size=\"1161,840\" data-comments-opened=\"0\" data-image-meta=\"{&quot;aperture&quot;:&quot;0&quot;,&quot;credit&quot;:&quot;&quot;,&quot;camera&quot;:&quot;&quot;,&quot;caption&quot;:&quot;&quot;,&quot;created_timestamp&quot;:&quot;0&quot;,&quot;copyright&quot;:&quot;&quot;,&quot;focal_length&quot;:&quot;0&quot;,&quot;iso&quot;:&quot;0&quot;,&quot;shutter_speed&quot;:&quot;0&quot;,&quot;title&quot;:&quot;&quot;,&quot;orientation&quot;:&quot;1&quot;}\" data-image-title=\"Carpe diem01\" data-image-description=\"\" data-image-caption=\"\" data-medium-file=\"https:\/\/i0.wp.com\/alaincardenas.com\/blog\/wp-content\/uploads\/2017\/09\/Carpe-diem01.jpg?fit=300%2C217&amp;ssl=1\" data-large-file=\"https:\/\/i0.wp.com\/alaincardenas.com\/blog\/wp-content\/uploads\/2017\/09\/Carpe-diem01.jpg?fit=584%2C423&amp;ssl=1\" decoding=\"async\" loading=\"lazy\" class=\"wp-image-607\" src=\"https:\/\/i0.wp.com\/alaincardenas.com\/blog\/wp-content\/uploads\/2017\/09\/Carpe-diem01.jpg?resize=225%2C166&#038;ssl=1\" alt=\"\" width=\"225\" height=\"166\" data-recalc-dims=\"1\" \/><\/a><p id=\"caption-attachment-607\" class=\"wp-caption-text\">Didier Scuderoni, Carpe diem I \u00a0 \u00a0 \u00a0 \u00a0 \u00a9 Didier Scuderoni<\/p><\/div>\n<p>&nbsp;<\/p>\n<p>En 2006 il reprend des activit\u00e9s artistiques, red\u00e9marre une exposition de sculptures et de bas- reliefs.<\/p>\n<div id=\"attachment_595\" style=\"width: 147px\" class=\"wp-caption alignright\"><a href=\"https:\/\/i0.wp.com\/alaincardenas.com\/blog\/wp-content\/uploads\/2017\/09\/lierre_de_lettres.png?ssl=1\"><img aria-describedby=\"caption-attachment-595\" data-attachment-id=\"595\" data-permalink=\"https:\/\/alaincardenas.com\/blog\/didier-scuderoni-au-fil-des-peintures-et-des-sculptures-30-annees-de-creation\/lierre_de_lettres\/\" data-orig-file=\"https:\/\/i0.wp.com\/alaincardenas.com\/blog\/wp-content\/uploads\/2017\/09\/lierre_de_lettres.png?fit=511%2C1116&amp;ssl=1\" data-orig-size=\"511,1116\" data-comments-opened=\"0\" data-image-meta=\"{&quot;aperture&quot;:&quot;0&quot;,&quot;credit&quot;:&quot;&quot;,&quot;camera&quot;:&quot;&quot;,&quot;caption&quot;:&quot;&quot;,&quot;created_timestamp&quot;:&quot;0&quot;,&quot;copyright&quot;:&quot;&quot;,&quot;focal_length&quot;:&quot;0&quot;,&quot;iso&quot;:&quot;0&quot;,&quot;shutter_speed&quot;:&quot;0&quot;,&quot;title&quot;:&quot;&quot;,&quot;orientation&quot;:&quot;0&quot;}\" data-image-title=\"lierre_de_lettres\" data-image-description=\"\" data-image-caption=\"\" data-medium-file=\"https:\/\/i0.wp.com\/alaincardenas.com\/blog\/wp-content\/uploads\/2017\/09\/lierre_de_lettres.png?fit=137%2C300&amp;ssl=1\" data-large-file=\"https:\/\/i0.wp.com\/alaincardenas.com\/blog\/wp-content\/uploads\/2017\/09\/lierre_de_lettres.png?fit=469%2C1024&amp;ssl=1\" decoding=\"async\" loading=\"lazy\" class=\"wp-image-595 size-medium\" src=\"https:\/\/i0.wp.com\/alaincardenas.com\/blog\/wp-content\/uploads\/2017\/09\/lierre_de_lettres.png?resize=137%2C300&#038;ssl=1\" alt=\"\" width=\"137\" height=\"300\" srcset=\"https:\/\/i0.wp.com\/alaincardenas.com\/blog\/wp-content\/uploads\/2017\/09\/lierre_de_lettres.png?resize=137%2C300&amp;ssl=1 137w, https:\/\/i0.wp.com\/alaincardenas.com\/blog\/wp-content\/uploads\/2017\/09\/lierre_de_lettres.png?resize=469%2C1024&amp;ssl=1 469w, https:\/\/i0.wp.com\/alaincardenas.com\/blog\/wp-content\/uploads\/2017\/09\/lierre_de_lettres.png?w=511&amp;ssl=1 511w\" sizes=\"(max-width: 137px) 100vw, 137px\" data-recalc-dims=\"1\" \/><\/a><p id=\"caption-attachment-595\" class=\"wp-caption-text\">Didier Scuderoni, Lierre de lettres (2013) \u00a0 \u00a0 \u00a0 \u00a0 \u00a0 \u00a0 \u00a0R\u00e9sine synth\u00e9tique, pigment acrylique, laiton, 150 \u00d7 56 \u00d7 36 cm. \u00a0 \u00a0 \u00a0 \u00a0 \u00a0 \u00a0 \u00a0 \u00a0 \u00a0 \u00a0 \u00a9 Didier Scuderoni<\/p><\/div>\n<div id=\"attachment_598\" style=\"width: 191px\" class=\"wp-caption alignnone\"><a href=\"https:\/\/i0.wp.com\/alaincardenas.com\/blog\/wp-content\/uploads\/2017\/09\/buste-1.jpg?ssl=1\"><img aria-describedby=\"caption-attachment-598\" data-attachment-id=\"598\" data-permalink=\"https:\/\/alaincardenas.com\/blog\/didier-scuderoni-au-fil-des-peintures-et-des-sculptures-30-annees-de-creation\/buste-1\/\" data-orig-file=\"https:\/\/i0.wp.com\/alaincardenas.com\/blog\/wp-content\/uploads\/2017\/09\/buste-1.jpg?fit=900%2C900&amp;ssl=1\" data-orig-size=\"900,900\" data-comments-opened=\"0\" data-image-meta=\"{&quot;aperture&quot;:&quot;0&quot;,&quot;credit&quot;:&quot;&quot;,&quot;camera&quot;:&quot;&quot;,&quot;caption&quot;:&quot;&quot;,&quot;created_timestamp&quot;:&quot;0&quot;,&quot;copyright&quot;:&quot;&quot;,&quot;focal_length&quot;:&quot;0&quot;,&quot;iso&quot;:&quot;0&quot;,&quot;shutter_speed&quot;:&quot;0&quot;,&quot;title&quot;:&quot;&quot;,&quot;orientation&quot;:&quot;1&quot;}\" data-image-title=\"buste-1\" data-image-description=\"\" data-image-caption=\"\" data-medium-file=\"https:\/\/i0.wp.com\/alaincardenas.com\/blog\/wp-content\/uploads\/2017\/09\/buste-1.jpg?fit=300%2C300&amp;ssl=1\" data-large-file=\"https:\/\/i0.wp.com\/alaincardenas.com\/blog\/wp-content\/uploads\/2017\/09\/buste-1.jpg?fit=584%2C584&amp;ssl=1\" decoding=\"async\" loading=\"lazy\" class=\"wp-image-598\" src=\"https:\/\/i0.wp.com\/alaincardenas.com\/blog\/wp-content\/uploads\/2017\/09\/buste-1.jpg?resize=181%2C181&#038;ssl=1\" alt=\"\" width=\"181\" height=\"181\" srcset=\"https:\/\/i0.wp.com\/alaincardenas.com\/blog\/wp-content\/uploads\/2017\/09\/buste-1.jpg?resize=300%2C300&amp;ssl=1 300w, https:\/\/i0.wp.com\/alaincardenas.com\/blog\/wp-content\/uploads\/2017\/09\/buste-1.jpg?resize=150%2C150&amp;ssl=1 150w, https:\/\/i0.wp.com\/alaincardenas.com\/blog\/wp-content\/uploads\/2017\/09\/buste-1.jpg?resize=768%2C768&amp;ssl=1 768w, https:\/\/i0.wp.com\/alaincardenas.com\/blog\/wp-content\/uploads\/2017\/09\/buste-1.jpg?w=900&amp;ssl=1 900w\" sizes=\"(max-width: 181px) 100vw, 181px\" data-recalc-dims=\"1\" \/><\/a><p id=\"caption-attachment-598\" class=\"wp-caption-text\">Didier Scuderoni, Buste (2009) \u00a0 \u00a0 \u00a0 \u00a0 \u00a0 \u00a0 \u00a0 \u00a0 \u00a0 \u00a0 \u00a0 \u00a0 \u00a0 \u00a0 \u00a0 Bois, r\u00e9sine synth\u00e9tique, pvc, peinture acrylique 60 \u00d7 56 \u00d7 36cm. \u00a0 \u00a0 \u00a0 \u00a0 \u00a0 \u00a0 \u00a0 \u00a0 \u00a0 \u00a0 \u00a0 \u00a0 \u00a0 \u00a0\u00a9 Didier Scuderoni<\/p><\/div>\n<div id=\"attachment_599\" style=\"width: 191px\" class=\"wp-caption alignnone\"><a href=\"https:\/\/i0.wp.com\/alaincardenas.com\/blog\/wp-content\/uploads\/2017\/09\/tranch-2.jpg?ssl=1\"><img aria-describedby=\"caption-attachment-599\" data-attachment-id=\"599\" data-permalink=\"https:\/\/alaincardenas.com\/blog\/didier-scuderoni-au-fil-des-peintures-et-des-sculptures-30-annees-de-creation\/tranch-2\/\" data-orig-file=\"https:\/\/i0.wp.com\/alaincardenas.com\/blog\/wp-content\/uploads\/2017\/09\/tranch-2.jpg?fit=900%2C900&amp;ssl=1\" data-orig-size=\"900,900\" data-comments-opened=\"0\" data-image-meta=\"{&quot;aperture&quot;:&quot;0&quot;,&quot;credit&quot;:&quot;&quot;,&quot;camera&quot;:&quot;&quot;,&quot;caption&quot;:&quot;&quot;,&quot;created_timestamp&quot;:&quot;0&quot;,&quot;copyright&quot;:&quot;&quot;,&quot;focal_length&quot;:&quot;0&quot;,&quot;iso&quot;:&quot;0&quot;,&quot;shutter_speed&quot;:&quot;0&quot;,&quot;title&quot;:&quot;&quot;,&quot;orientation&quot;:&quot;1&quot;}\" data-image-title=\"tranch 2\" data-image-description=\"\" data-image-caption=\"\" data-medium-file=\"https:\/\/i0.wp.com\/alaincardenas.com\/blog\/wp-content\/uploads\/2017\/09\/tranch-2.jpg?fit=300%2C300&amp;ssl=1\" data-large-file=\"https:\/\/i0.wp.com\/alaincardenas.com\/blog\/wp-content\/uploads\/2017\/09\/tranch-2.jpg?fit=584%2C584&amp;ssl=1\" decoding=\"async\" loading=\"lazy\" class=\"wp-image-599\" src=\"https:\/\/i0.wp.com\/alaincardenas.com\/blog\/wp-content\/uploads\/2017\/09\/tranch-2.jpg?resize=181%2C181&#038;ssl=1\" alt=\"\" width=\"181\" height=\"181\" srcset=\"https:\/\/i0.wp.com\/alaincardenas.com\/blog\/wp-content\/uploads\/2017\/09\/tranch-2.jpg?resize=300%2C300&amp;ssl=1 300w, https:\/\/i0.wp.com\/alaincardenas.com\/blog\/wp-content\/uploads\/2017\/09\/tranch-2.jpg?resize=150%2C150&amp;ssl=1 150w, https:\/\/i0.wp.com\/alaincardenas.com\/blog\/wp-content\/uploads\/2017\/09\/tranch-2.jpg?resize=768%2C768&amp;ssl=1 768w, https:\/\/i0.wp.com\/alaincardenas.com\/blog\/wp-content\/uploads\/2017\/09\/tranch-2.jpg?w=900&amp;ssl=1 900w\" sizes=\"(max-width: 181px) 100vw, 181px\" data-recalc-dims=\"1\" \/><\/a><p id=\"caption-attachment-599\" class=\"wp-caption-text\">Didier Scuderoni, Buste II (2009) \u00a0 \u00a0 \u00a0 \u00a0 \u00a0 \u00a0 \u00a0 \u00a0 \u00a0 \u00a0 \u00a0 \u00a0 \u00a0 \u00a0 \u00a0 \u00a0 \u00a0Bois, r\u00e9sine synth\u00e9tique, pvc, peinture acrylique 60 \u00d7 56 \u00d7 36cm. \u00a0 \u00a0 \u00a0 \u00a0 \u00a0 \u00a0 \u00a0 \u00a0 \u00a0 \u00a0 \u00a0 \u00a0 \u00a0 \u00a0\u00a9 Didier Scuderoni<\/p><\/div>\n<p><a href=\"https:\/\/alaincardenas.com\/blog\/wp-content\/uploads\/2017\/09\/topo-yishujia-en-chinois-mai-15.pdf\">article de presse, Didier Scuderoni, mai 2015<\/a><\/p>\n<ul>\n<li>Expositions :<\/li>\n<\/ul>\n<p>Salon d\u2019automne du Teil (Ard\u00e8che) 2008, 2009, 2010, March\u00e9 des arts de Saint Genis Laval (Is\u00e8re) 2009, 2011, Salons des mariages de Viviers (Ard\u00e8che) 2011, Le printemps d\u2019ESAD, \u00d4 Marches du Palais \u00e0 Lod\u00e8ve (Herault). <i>Le corps dans tous ses \u00e9clats<\/i>. M\u00e9diath\u00e8que d\u2019Issy-les-Moulineaux. R\u00e9alisation de 5 pochoirs en collaboration avec Jean-Pierre Thomas et Christophe Comentale, 2013.\u00a0Centre international d\u2019art, Taipei (Taiwan) 2013, 2014.<\/p>\n<ul>\n<li>R\u00e9f\u00e9rences sc\u00e9nographiques\u00a0:<\/li>\n<\/ul>\n<p>2000 &#8211; 2008 Sc\u00e9nographie des spectacles de danse contemporaine de la Compagnie Accord dance.<\/p>\n<p>2002 \u2013 2007 Sc\u00e9nographie du Mus\u00e9e du nougat Arnaud Soubeyran.<\/p>\n<p>2010 stand Arnaud Soubeyran, Salon de la bouche \u00e0 Lyon.<\/p>\n<p>2014 Sc\u00e9nographie de l\u2019exposition <i>Les jades chinois<\/i> au mus\u00e9e Bor\u00e9ly de Marseille.<\/p>\n<p><a href=\"https:\/\/i0.wp.com\/alaincardenas.com\/blog\/wp-content\/uploads\/2017\/09\/texte-scuderoni-chinois-2017-09-18-\u00e0-18.24.31.jpg?ssl=1\"><img data-attachment-id=\"616\" data-permalink=\"https:\/\/alaincardenas.com\/blog\/didier-scuderoni-au-fil-des-peintures-et-des-sculptures-30-annees-de-creation\/texte-scuderoni-chinois-2017-09-18-a-18-24-31\/\" data-orig-file=\"https:\/\/i0.wp.com\/alaincardenas.com\/blog\/wp-content\/uploads\/2017\/09\/texte-scuderoni-chinois-2017-09-18-\u00e0-18.24.31.jpg?fit=611%2C576&amp;ssl=1\" data-orig-size=\"611,576\" data-comments-opened=\"0\" data-image-meta=\"{&quot;aperture&quot;:&quot;0&quot;,&quot;credit&quot;:&quot;&quot;,&quot;camera&quot;:&quot;&quot;,&quot;caption&quot;:&quot;&quot;,&quot;created_timestamp&quot;:&quot;0&quot;,&quot;copyright&quot;:&quot;&quot;,&quot;focal_length&quot;:&quot;0&quot;,&quot;iso&quot;:&quot;0&quot;,&quot;shutter_speed&quot;:&quot;0&quot;,&quot;title&quot;:&quot;&quot;,&quot;orientation&quot;:&quot;1&quot;}\" data-image-title=\"texte scuderoni chinois 2017-09-18 \u00e0 18.24.31\" data-image-description=\"\" data-image-caption=\"\" data-medium-file=\"https:\/\/i0.wp.com\/alaincardenas.com\/blog\/wp-content\/uploads\/2017\/09\/texte-scuderoni-chinois-2017-09-18-\u00e0-18.24.31.jpg?fit=300%2C283&amp;ssl=1\" data-large-file=\"https:\/\/i0.wp.com\/alaincardenas.com\/blog\/wp-content\/uploads\/2017\/09\/texte-scuderoni-chinois-2017-09-18-\u00e0-18.24.31.jpg?fit=584%2C551&amp;ssl=1\" decoding=\"async\" loading=\"lazy\" class=\"alignnone wp-image-616\" src=\"https:\/\/i0.wp.com\/alaincardenas.com\/blog\/wp-content\/uploads\/2017\/09\/texte-scuderoni-chinois-2017-09-18-\u00e0-18.24.31.jpg?resize=226%2C214&#038;ssl=1\" alt=\"\" width=\"226\" height=\"214\" srcset=\"https:\/\/i0.wp.com\/alaincardenas.com\/blog\/wp-content\/uploads\/2017\/09\/texte-scuderoni-chinois-2017-09-18-\u00e0-18.24.31.jpg?resize=300%2C283&amp;ssl=1 300w, https:\/\/i0.wp.com\/alaincardenas.com\/blog\/wp-content\/uploads\/2017\/09\/texte-scuderoni-chinois-2017-09-18-\u00e0-18.24.31.jpg?resize=318%2C300&amp;ssl=1 318w, https:\/\/i0.wp.com\/alaincardenas.com\/blog\/wp-content\/uploads\/2017\/09\/texte-scuderoni-chinois-2017-09-18-\u00e0-18.24.31.jpg?w=611&amp;ssl=1 611w\" sizes=\"(max-width: 226px) 100vw, 226px\" data-recalc-dims=\"1\" \/>\u00a0\u00a0\u00a0\u00a0\u00a0<\/a><a href=\"https:\/\/i0.wp.com\/alaincardenas.com\/blog\/wp-content\/uploads\/2017\/09\/Capture-d\u2019\u00e9cran-2017-12-27-\u00e0-22.00.19.jpg?ssl=1\"><img data-attachment-id=\"1069\" data-permalink=\"https:\/\/alaincardenas.com\/blog\/didier-scuderoni-au-fil-des-peintures-et-des-sculptures-30-annees-de-creation\/capture-decran-2017-12-27-a-22-00-19\/\" data-orig-file=\"https:\/\/i0.wp.com\/alaincardenas.com\/blog\/wp-content\/uploads\/2017\/09\/Capture-d\u2019\u00e9cran-2017-12-27-\u00e0-22.00.19.jpg?fit=349%2C577&amp;ssl=1\" data-orig-size=\"349,577\" data-comments-opened=\"0\" data-image-meta=\"{&quot;aperture&quot;:&quot;0&quot;,&quot;credit&quot;:&quot;&quot;,&quot;camera&quot;:&quot;&quot;,&quot;caption&quot;:&quot;&quot;,&quot;created_timestamp&quot;:&quot;0&quot;,&quot;copyright&quot;:&quot;&quot;,&quot;focal_length&quot;:&quot;0&quot;,&quot;iso&quot;:&quot;0&quot;,&quot;shutter_speed&quot;:&quot;0&quot;,&quot;title&quot;:&quot;&quot;,&quot;orientation&quot;:&quot;1&quot;}\" data-image-title=\"Capture d\u2019\u00e9cran 2017-12-27 \u00e0 22.00.19\" data-image-description=\"\" data-image-caption=\"\" data-medium-file=\"https:\/\/i0.wp.com\/alaincardenas.com\/blog\/wp-content\/uploads\/2017\/09\/Capture-d\u2019\u00e9cran-2017-12-27-\u00e0-22.00.19.jpg?fit=181%2C300&amp;ssl=1\" data-large-file=\"https:\/\/i0.wp.com\/alaincardenas.com\/blog\/wp-content\/uploads\/2017\/09\/Capture-d\u2019\u00e9cran-2017-12-27-\u00e0-22.00.19.jpg?fit=349%2C577&amp;ssl=1\" decoding=\"async\" loading=\"lazy\" class=\"size-medium wp-image-1069 alignright\" src=\"https:\/\/i0.wp.com\/alaincardenas.com\/blog\/wp-content\/uploads\/2017\/09\/Capture-d\u2019\u00e9cran-2017-12-27-\u00e0-22.00.19.jpg?resize=181%2C300&#038;ssl=1\" alt=\"\" width=\"181\" height=\"300\" srcset=\"https:\/\/i0.wp.com\/alaincardenas.com\/blog\/wp-content\/uploads\/2017\/09\/Capture-d\u2019\u00e9cran-2017-12-27-\u00e0-22.00.19.jpg?resize=181%2C300&amp;ssl=1 181w, https:\/\/i0.wp.com\/alaincardenas.com\/blog\/wp-content\/uploads\/2017\/09\/Capture-d\u2019\u00e9cran-2017-12-27-\u00e0-22.00.19.jpg?w=349&amp;ssl=1 349w\" sizes=\"(max-width: 181px) 100vw, 181px\" data-recalc-dims=\"1\" \/><\/a><\/p>\n","protected":false},"excerpt":{"rendered":"<p>Didier Scuderoni Natures Est-Ouest : \u0153uvres au lavis de Didier Scuderoni et Yang Ermin. Espace culturel de Baoding (province du Hebei, Chine). Du 21 septembre au 5 octobre 2017. Catalogue bilingue fran\u00e7ais-chinois. N\u00e9 en 1964 \u00e0 Privas, dans le d\u00e9partement &hellip; <a href=\"https:\/\/alaincardenas.com\/blog\/didier-scuderoni-au-fil-des-peintures-et-des-sculptures-30-annees-de-creation\/\">Continuer la lecture <span class=\"meta-nav\">&rarr;<\/span><\/a><\/p>\n","protected":false},"author":1,"featured_media":0,"comment_status":"closed","ping_status":"closed","sticky":false,"template":"","format":"standard","meta":{"sfsi_plus_gutenberg_text_before_share":"","sfsi_plus_gutenberg_show_text_before_share":"","sfsi_plus_gutenberg_icon_type":"","sfsi_plus_gutenberg_icon_alignemt":"","sfsi_plus_gutenburg_max_per_row":"","jetpack_post_was_ever_published":false,"_jetpack_newsletter_access":"","_jetpack_newsletter_tier_id":0,"jetpack_publicize_message":"","jetpack_is_tweetstorm":false,"jetpack_publicize_feature_enabled":true,"jetpack_social_post_already_shared":false,"jetpack_social_options":{"image_generator_settings":{"template":"highway","enabled":false}}},"categories":[21,22],"tags":[32,8],"jetpack_publicize_connections":[],"jetpack_featured_media_url":"","jetpack_sharing_enabled":true,"jetpack_shortlink":"https:\/\/wp.me\/p8Mijt-9y","jetpack_likes_enabled":true,"jetpack-related-posts":[{"id":6286,"url":"https:\/\/alaincardenas.com\/blog\/de-la-sculpture-contemporaine-a-propos-de-vertebre-t1-nouvelle-oeuvre-de-didier-scuderoni\/","url_meta":{"origin":592,"position":0},"title":"De la sculpture contemporaine\u00a0: \u00e0 propos de \u00ab\u00a0Vert\u00e8bre T1\u00a0\u00bb, nouvelle \u0153uvre de Didier Scuderoni","author":"admin","date":"2022-05-24","format":false,"excerpt":"par Alain cardenas-Castro De l\u2019infiniment petit au d\u00e9mesur\u00e9, le challenge est relev\u00e9 par des artistes chercheurs d\u00e9sireux de p\u00e9n\u00e9trer les formes les plus abstraites afin de leur insuffler une vie autre. Le rapport entre art et science trouve tout son impact en un si\u00e8cle qui h\u00e9site entre la magie du\u2026","rel":"","context":"Dans &quot;Asie&quot;","block_context":{"text":"Asie","link":"https:\/\/alaincardenas.com\/blog\/category\/asie\/"},"img":{"alt_text":"","src":"https:\/\/i0.wp.com\/alaincardenas.com\/blog\/wp-content\/uploads\/2017\/09\/tranch-2.jpg?resize=350%2C200","width":350,"height":200},"classes":[]},{"id":5885,"url":"https:\/\/alaincardenas.com\/blog\/didier-scuderoni\/","url_meta":{"origin":592,"position":1},"title":"Le templier ou De la statuaire monumentale. \u00c0 propos d&rsquo;une nouvelle sculpture de Didier Scuderoni","author":"admin","date":"2021-06-30","format":false,"excerpt":"par Alain Cardenas-Castro et Christophe Comentale C\u2019est \u00e0 la Couvertoirade, commune du Larzac, qu\u2019est conserv\u00e9 l\u2019unique ch\u00e2teau templier de France. A cette commune est associ\u00e9e la force myst\u00e9rieuse du Moyen-\u00c2ge. La ville se dresse dans un paysage s\u00e9v\u00e8re, proche de Lod\u00e8ve. Un ensemble de maisons priv\u00e9es alterne avec des propri\u00e9t\u00e9s\u2026","rel":"","context":"Dans &quot;Europe&quot;","block_context":{"text":"Europe","link":"https:\/\/alaincardenas.com\/blog\/category\/europe\/"},"img":{"alt_text":"","src":"https:\/\/i0.wp.com\/alaincardenas.com\/blog\/wp-content\/uploads\/2021\/06\/IMG_0298.jpg?resize=350%2C200","width":350,"height":200},"classes":[]},{"id":4662,"url":"https:\/\/alaincardenas.com\/blog\/nature-element\/","url_meta":{"origin":592,"position":2},"title":"NATURE \u2014 ELEMENT","author":"admin","date":"2020-02-06","format":false,"excerpt":"Exposition d'un ensemble de trente oeuvres sur papier et sur toile et de quelques sculptures de Didier Scuderoni. par Alain Cardenas-Castro Ci-dessus, vue g\u00e9n\u00e9rale et affiche de l'exposition Apr\u00e8s une formation multiple qui le rend familier \u00e0 toutes les mati\u00e8res, Didier Scuderoni, peintre en lettre, \u00e9b\u00e9niste, c\u00e9ramiste, effectue en parall\u00e8le,\u2026","rel":"","context":"Dans &quot;Europe&quot;","block_context":{"text":"Europe","link":"https:\/\/alaincardenas.com\/blog\/category\/europe\/"},"img":{"alt_text":"","src":"https:\/\/i0.wp.com\/alaincardenas.com\/blog\/wp-content\/uploads\/2020\/02\/Long-armed-monkey-2018-acrylic-on-paper-70-x-50-cm-cadr\u00c3\u00a9.jpg?resize=350%2C200&ssl=1","width":350,"height":200},"classes":[]},{"id":4548,"url":"https:\/\/alaincardenas.com\/blog\/a-propos-de-lutevart-poles\/","url_meta":{"origin":592,"position":3},"title":"\u00c0 propos de \u00ab\u00a0Lutev\u2019art poles\u00a0\u00bb","author":"admin","date":"2019-12-17","format":false,"excerpt":"Exposition de 90 cr\u00e9ations contemporaines sur poteaux urbains par Alain Cardenas-Castro Ville de Lod\u00e8ve, du 12 d\u00e9cembre 2019 au 30 janvier 2020.\u00a0Commissariat de Jean-Christophe Mironneau et Didier Scuderoni. Une initiative originale de l\u2019\u00e9tablissement culturel et mus\u00e9al \u00d4 Marches du Palais en cette toute fin d\u2019ann\u00e9e. Les deux commissaires en liaison\u2026","rel":"","context":"Dans &quot;Europe&quot;","block_context":{"text":"Europe","link":"https:\/\/alaincardenas.com\/blog\/category\/europe\/"},"img":{"alt_text":"","src":"https:\/\/i0.wp.com\/alaincardenas.com\/blog\/wp-content\/uploads\/2019\/12\/IMG_0347.jpg?resize=350%2C200","width":350,"height":200},"classes":[]},{"id":6053,"url":"https:\/\/alaincardenas.com\/blog\/derniere-et-fin-edwige-pluchard-au-musee-chinois-du-quotidien\/","url_meta":{"origin":592,"position":4},"title":"DERNIERE et FIN \/ Edwige Pluchard  > Au mus\u00e9e chinois du quotidien","author":"admin","date":"2021-12-12","format":false,"excerpt":"A la fin du mois de d\u00e9cembre 2021 aura disparu un mus\u00e9e d\u2019o\u00f9 les souverains chinois sont \u00e9vinc\u00e9s par la production des objets du quotidien, alors dignes d\u2019un regard. Avec son attention \u00e0 la Chine du quotidien, Fran\u00e7ois Dautresme a montr\u00e9 qu\u2019un objet populaire peut \u00eatre beau quel que soit\u2026","rel":"","context":"Dans &quot;Asie&quot;","block_context":{"text":"Asie","link":"https:\/\/alaincardenas.com\/blog\/category\/asie\/"},"img":{"alt_text":"","src":"https:\/\/i0.wp.com\/alaincardenas.com\/blog\/wp-content\/uploads\/2021\/12\/IMG_5843-copie.jpg?resize=350%2C200","width":350,"height":200},"classes":[]},{"id":3160,"url":"https:\/\/alaincardenas.com\/blog\/lart-est-un-jeu\/","url_meta":{"origin":592,"position":5},"title":"\u00ab\u00a0L\u2019art est un jeu\u00a0\u00bb","author":"admin","date":"2019-02-25","format":false,"excerpt":"Exposition r\u00e9trospective des \u0153uvres de YUAN Chin-taa, Mus\u00e9e Louis Vouland, Avignon, du 21 f\u00e9vrier au 9 juin 2019. par Christophe Comentale (*) et Didier Scuderoni (**), coordination \u00e9ditoriale, Alain Cardenas-Castro. La 2e itin\u00e9rance des \u0153uvres de Yuan Chin-taa en France commence en cette ann\u00e9e 2019 par le mus\u00e9e Vouland (Avignon)\u2026","rel":"","context":"Dans &quot;Asie&quot;","block_context":{"text":"Asie","link":"https:\/\/alaincardenas.com\/blog\/category\/asie\/"},"img":{"alt_text":"","src":"https:\/\/i0.wp.com\/alaincardenas.com\/blog\/wp-content\/uploads\/2019\/02\/la-chambre-chinoise-du-musee-et-une-oeuvre-de-Yuan-Chin-taa.jpg?resize=350%2C200&ssl=1","width":350,"height":200},"classes":[]}],"_links":{"self":[{"href":"https:\/\/alaincardenas.com\/blog\/wp-json\/wp\/v2\/posts\/592"}],"collection":[{"href":"https:\/\/alaincardenas.com\/blog\/wp-json\/wp\/v2\/posts"}],"about":[{"href":"https:\/\/alaincardenas.com\/blog\/wp-json\/wp\/v2\/types\/post"}],"author":[{"embeddable":true,"href":"https:\/\/alaincardenas.com\/blog\/wp-json\/wp\/v2\/users\/1"}],"replies":[{"embeddable":true,"href":"https:\/\/alaincardenas.com\/blog\/wp-json\/wp\/v2\/comments?post=592"}],"version-history":[{"count":16,"href":"https:\/\/alaincardenas.com\/blog\/wp-json\/wp\/v2\/posts\/592\/revisions"}],"predecessor-version":[{"id":1071,"href":"https:\/\/alaincardenas.com\/blog\/wp-json\/wp\/v2\/posts\/592\/revisions\/1071"}],"wp:attachment":[{"href":"https:\/\/alaincardenas.com\/blog\/wp-json\/wp\/v2\/media?parent=592"}],"wp:term":[{"taxonomy":"category","embeddable":true,"href":"https:\/\/alaincardenas.com\/blog\/wp-json\/wp\/v2\/categories?post=592"},{"taxonomy":"post_tag","embeddable":true,"href":"https:\/\/alaincardenas.com\/blog\/wp-json\/wp\/v2\/tags?post=592"}],"curies":[{"name":"wp","href":"https:\/\/api.w.org\/{rel}","templated":true}]}}