{"id":4442,"date":"2019-12-01T11:13:42","date_gmt":"2019-12-01T10:13:42","guid":{"rendered":"https:\/\/alaincardenas.com\/blog\/?p=4442"},"modified":"2019-12-01T19:01:57","modified_gmt":"2019-12-01T18:01:57","slug":"marc-brunier-mestas-graveur-etres-hybrides-et-succubes-essai-de-typologie","status":"publish","type":"post","link":"https:\/\/alaincardenas.com\/blog\/marc-brunier-mestas-graveur-etres-hybrides-et-succubes-essai-de-typologie\/","title":{"rendered":"Marc Brunier-Mestas, graveur. \u00catres hybrides et succubes\u00a0: essai de typologie."},"content":{"rendered":"<p>par Christophe Comentale<\/p>\n<p><strong>En marge<\/strong><\/p>\n<p>En marge d\u2019un portrait \u00e0 para\u00eetre en 2020 dans la revue bimestrielle <em>Art et m\u00e9tiers du livre<\/em>, et afin d\u2019accompagner une journ\u00e9e de recherches au Mus\u00e9e chinois du quotidien sur les formes \u00e9tranges et les \u00eatres hybrides, quelques cr\u00e9ations de Marc Brunier-Mestas li\u00e9es \u00e0 ce vaste th\u00e8me sont pr\u00e9sent\u00e9es ci-apr\u00e8s. Elles constituent le floril\u00e8ge d\u2019une visite \u00e0 son exposition qui a eu lieu en septembre 2019 au centre culturel du <a href=\"http:\/\/www.creuxdelenfer.fr\">Creux de l\u2019enfer<\/a> de Thiers.<\/p>\n<p><a href=\"https:\/\/i0.wp.com\/alaincardenas.com\/blog\/wp-content\/uploads\/2019\/11\/creux-de-lenfer-et-oeuvres-en-suspension-BD.jpg?ssl=1\"><img data-attachment-id=\"4443\" data-permalink=\"https:\/\/alaincardenas.com\/blog\/marc-brunier-mestas-graveur-etres-hybrides-et-succubes-essai-de-typologie\/creux-de-lenfer-et-oeuvres-en-suspension-bd\/\" data-orig-file=\"https:\/\/i0.wp.com\/alaincardenas.com\/blog\/wp-content\/uploads\/2019\/11\/creux-de-lenfer-et-oeuvres-en-suspension-BD.jpg?fit=1080%2C810&amp;ssl=1\" data-orig-size=\"1080,810\" data-comments-opened=\"0\" data-image-meta=\"{&quot;aperture&quot;:&quot;0&quot;,&quot;credit&quot;:&quot;&quot;,&quot;camera&quot;:&quot;&quot;,&quot;caption&quot;:&quot;&quot;,&quot;created_timestamp&quot;:&quot;0&quot;,&quot;copyright&quot;:&quot;&quot;,&quot;focal_length&quot;:&quot;0&quot;,&quot;iso&quot;:&quot;0&quot;,&quot;shutter_speed&quot;:&quot;0&quot;,&quot;title&quot;:&quot;&quot;,&quot;orientation&quot;:&quot;1&quot;}\" data-image-title=\"creux de l&amp;rsquo;enfer et oeuvres en suspension BD\" data-image-description=\"\" data-image-caption=\"\" data-medium-file=\"https:\/\/i0.wp.com\/alaincardenas.com\/blog\/wp-content\/uploads\/2019\/11\/creux-de-lenfer-et-oeuvres-en-suspension-BD.jpg?fit=300%2C225&amp;ssl=1\" data-large-file=\"https:\/\/i0.wp.com\/alaincardenas.com\/blog\/wp-content\/uploads\/2019\/11\/creux-de-lenfer-et-oeuvres-en-suspension-BD.jpg?fit=584%2C438&amp;ssl=1\" decoding=\"async\" loading=\"lazy\" class=\" wp-image-4443 alignnone\" src=\"https:\/\/i0.wp.com\/alaincardenas.com\/blog\/wp-content\/uploads\/2019\/11\/creux-de-lenfer-et-oeuvres-en-suspension-BD.jpg?resize=274%2C209&#038;ssl=1\" alt=\"\" width=\"274\" height=\"209\" data-recalc-dims=\"1\" \/><\/a><a href=\"https:\/\/i0.wp.com\/alaincardenas.com\/blog\/wp-content\/uploads\/2019\/11\/creux-de-lenfer-d\u00e9pendancesBD.jpg?ssl=1\"><img data-attachment-id=\"4444\" data-permalink=\"https:\/\/alaincardenas.com\/blog\/marc-brunier-mestas-graveur-etres-hybrides-et-succubes-essai-de-typologie\/creux-de-lenfer-dependancesbd\/\" data-orig-file=\"https:\/\/i0.wp.com\/alaincardenas.com\/blog\/wp-content\/uploads\/2019\/11\/creux-de-lenfer-d\u00e9pendancesBD.jpg?fit=1152%2C864&amp;ssl=1\" data-orig-size=\"1152,864\" data-comments-opened=\"0\" data-image-meta=\"{&quot;aperture&quot;:&quot;0&quot;,&quot;credit&quot;:&quot;&quot;,&quot;camera&quot;:&quot;&quot;,&quot;caption&quot;:&quot;&quot;,&quot;created_timestamp&quot;:&quot;0&quot;,&quot;copyright&quot;:&quot;&quot;,&quot;focal_length&quot;:&quot;0&quot;,&quot;iso&quot;:&quot;0&quot;,&quot;shutter_speed&quot;:&quot;0&quot;,&quot;title&quot;:&quot;&quot;,&quot;orientation&quot;:&quot;1&quot;}\" data-image-title=\"creux de l&amp;rsquo;enfer, d\u00e9pendancesBD\" data-image-description=\"\" data-image-caption=\"\" data-medium-file=\"https:\/\/i0.wp.com\/alaincardenas.com\/blog\/wp-content\/uploads\/2019\/11\/creux-de-lenfer-d\u00e9pendancesBD.jpg?fit=300%2C225&amp;ssl=1\" data-large-file=\"https:\/\/i0.wp.com\/alaincardenas.com\/blog\/wp-content\/uploads\/2019\/11\/creux-de-lenfer-d\u00e9pendancesBD.jpg?fit=584%2C438&amp;ssl=1\" decoding=\"async\" loading=\"lazy\" class=\" wp-image-4444 alignnone\" src=\"https:\/\/i0.wp.com\/alaincardenas.com\/blog\/wp-content\/uploads\/2019\/11\/creux-de-lenfer-d\u00e9pendancesBD.jpg?resize=274%2C208&#038;ssl=1\" alt=\"\" width=\"274\" height=\"208\" data-recalc-dims=\"1\" \/><\/a><\/p>\n<hr \/>\n<p>Ci-dessus, \u00e0 gauche, salle d\u2019exposition du Creux de l\u2019enfer, \u00e0 droite, d\u00e9pendances.<\/p>\n<hr \/>\n<p><!--more--><\/p>\n<p>A ce jour, quelque trois mille pi\u00e8ces, en plat, en relief, en volume, constituent l\u2019\u0153uvre grav\u00e9, dessin\u00e9, de ce cr\u00e9ateur amateur de formes incongrues, d\u00e9rangeantes et presque infernales. Ce qu\u2019il a pu montrer lors de l\u2019exposition quasiment r\u00e9trospective qui s\u2019est tenue au prestigieux centre culturel de la ville de Thiers, le Creux de l\u2019enfer. Centre distant d\u2019une colline ou deux des principales galeries de vente de toute la coutellerie possible, du couteau d\u2019office au couteau d\u2019apparat.<\/p>\n<p><img data-attachment-id=\"4465\" data-permalink=\"https:\/\/alaincardenas.com\/blog\/marc-brunier-mestas-graveur-etres-hybrides-et-succubes-essai-de-typologie\/mbm-bio-expo-creux-de-lenfer-bd\/\" data-orig-file=\"https:\/\/i0.wp.com\/alaincardenas.com\/blog\/wp-content\/uploads\/2019\/12\/MBM-bio-expo-creux-de-lenfer-bd.jpg?fit=1080%2C810&amp;ssl=1\" data-orig-size=\"1080,810\" data-comments-opened=\"0\" data-image-meta=\"{&quot;aperture&quot;:&quot;0&quot;,&quot;credit&quot;:&quot;&quot;,&quot;camera&quot;:&quot;&quot;,&quot;caption&quot;:&quot;&quot;,&quot;created_timestamp&quot;:&quot;0&quot;,&quot;copyright&quot;:&quot;&quot;,&quot;focal_length&quot;:&quot;0&quot;,&quot;iso&quot;:&quot;0&quot;,&quot;shutter_speed&quot;:&quot;0&quot;,&quot;title&quot;:&quot;&quot;,&quot;orientation&quot;:&quot;1&quot;}\" data-image-title=\"MBM bio expo creux de l&amp;rsquo;enfer bd\" data-image-description=\"\" data-image-caption=\"\" data-medium-file=\"https:\/\/i0.wp.com\/alaincardenas.com\/blog\/wp-content\/uploads\/2019\/12\/MBM-bio-expo-creux-de-lenfer-bd.jpg?fit=300%2C225&amp;ssl=1\" data-large-file=\"https:\/\/i0.wp.com\/alaincardenas.com\/blog\/wp-content\/uploads\/2019\/12\/MBM-bio-expo-creux-de-lenfer-bd.jpg?fit=584%2C438&amp;ssl=1\" decoding=\"async\" loading=\"lazy\" class=\"size-medium wp-image-4465 alignright\" src=\"https:\/\/i0.wp.com\/alaincardenas.com\/blog\/wp-content\/uploads\/2019\/12\/MBM-bio-expo-creux-de-lenfer-bd.jpg?resize=300%2C225&#038;ssl=1\" alt=\"\" width=\"300\" height=\"225\" srcset=\"https:\/\/i0.wp.com\/alaincardenas.com\/blog\/wp-content\/uploads\/2019\/12\/MBM-bio-expo-creux-de-lenfer-bd.jpg?resize=300%2C225&amp;ssl=1 300w, https:\/\/i0.wp.com\/alaincardenas.com\/blog\/wp-content\/uploads\/2019\/12\/MBM-bio-expo-creux-de-lenfer-bd.jpg?resize=768%2C576&amp;ssl=1 768w, https:\/\/i0.wp.com\/alaincardenas.com\/blog\/wp-content\/uploads\/2019\/12\/MBM-bio-expo-creux-de-lenfer-bd.jpg?resize=1024%2C768&amp;ssl=1 1024w, https:\/\/i0.wp.com\/alaincardenas.com\/blog\/wp-content\/uploads\/2019\/12\/MBM-bio-expo-creux-de-lenfer-bd.jpg?resize=400%2C300&amp;ssl=1 400w, https:\/\/i0.wp.com\/alaincardenas.com\/blog\/wp-content\/uploads\/2019\/12\/MBM-bio-expo-creux-de-lenfer-bd.jpg?w=1080&amp;ssl=1 1080w\" sizes=\"(max-width: 300px) 100vw, 300px\" data-recalc-dims=\"1\" \/>Rappel biographique\u00a0(source\u00a0: petit calicot artisanal. Entr\u00e9e du centre culturel du Creux de l\u2019enfer).<\/p>\n<p><a href=\"https:\/\/i0.wp.com\/alaincardenas.com\/blog\/wp-content\/uploads\/2019\/12\/mbm-gravant-sept-19-atelier-riom-bd.jpg?ssl=1\"><img data-attachment-id=\"4452\" data-permalink=\"https:\/\/alaincardenas.com\/blog\/marc-brunier-mestas-graveur-etres-hybrides-et-succubes-essai-de-typologie\/mbm-gravant-sept-19-atelier-riom-bd\/\" data-orig-file=\"https:\/\/i0.wp.com\/alaincardenas.com\/blog\/wp-content\/uploads\/2019\/12\/mbm-gravant-sept-19-atelier-riom-bd.jpg?fit=1080%2C810&amp;ssl=1\" data-orig-size=\"1080,810\" data-comments-opened=\"0\" data-image-meta=\"{&quot;aperture&quot;:&quot;0&quot;,&quot;credit&quot;:&quot;&quot;,&quot;camera&quot;:&quot;&quot;,&quot;caption&quot;:&quot;&quot;,&quot;created_timestamp&quot;:&quot;0&quot;,&quot;copyright&quot;:&quot;&quot;,&quot;focal_length&quot;:&quot;0&quot;,&quot;iso&quot;:&quot;0&quot;,&quot;shutter_speed&quot;:&quot;0&quot;,&quot;title&quot;:&quot;&quot;,&quot;orientation&quot;:&quot;1&quot;}\" data-image-title=\"mbm gravant sept 19 atelier riom bd\" data-image-description=\"\" data-image-caption=\"\" data-medium-file=\"https:\/\/i0.wp.com\/alaincardenas.com\/blog\/wp-content\/uploads\/2019\/12\/mbm-gravant-sept-19-atelier-riom-bd.jpg?fit=300%2C225&amp;ssl=1\" data-large-file=\"https:\/\/i0.wp.com\/alaincardenas.com\/blog\/wp-content\/uploads\/2019\/12\/mbm-gravant-sept-19-atelier-riom-bd.jpg?fit=584%2C438&amp;ssl=1\" decoding=\"async\" loading=\"lazy\" class=\"size-medium wp-image-4452 alignleft\" src=\"https:\/\/i0.wp.com\/alaincardenas.com\/blog\/wp-content\/uploads\/2019\/12\/mbm-gravant-sept-19-atelier-riom-bd.jpg?resize=300%2C225&#038;ssl=1\" alt=\"\" width=\"300\" height=\"225\" srcset=\"https:\/\/i0.wp.com\/alaincardenas.com\/blog\/wp-content\/uploads\/2019\/12\/mbm-gravant-sept-19-atelier-riom-bd.jpg?resize=300%2C225&amp;ssl=1 300w, https:\/\/i0.wp.com\/alaincardenas.com\/blog\/wp-content\/uploads\/2019\/12\/mbm-gravant-sept-19-atelier-riom-bd.jpg?resize=768%2C576&amp;ssl=1 768w, https:\/\/i0.wp.com\/alaincardenas.com\/blog\/wp-content\/uploads\/2019\/12\/mbm-gravant-sept-19-atelier-riom-bd.jpg?resize=1024%2C768&amp;ssl=1 1024w, https:\/\/i0.wp.com\/alaincardenas.com\/blog\/wp-content\/uploads\/2019\/12\/mbm-gravant-sept-19-atelier-riom-bd.jpg?resize=400%2C300&amp;ssl=1 400w, https:\/\/i0.wp.com\/alaincardenas.com\/blog\/wp-content\/uploads\/2019\/12\/mbm-gravant-sept-19-atelier-riom-bd.jpg?w=1080&amp;ssl=1 1080w\" sizes=\"(max-width: 300px) 100vw, 300px\" data-recalc-dims=\"1\" \/><\/a>MBM (Marc Brunier-Mestas) est l\u2019un des h\u00e9ritiers du courant lettr\u00e9 et anticonformiste qui a fleuri en Occident et en Asie, notamment en Chine depuis le Xe si\u00e8cle. Ce courant a repris de la vigueur dans le pays de Confucius qui est aussi celui de Xi Jinping, il est un peu en perte de vitesse en Occident o\u00f9 les st\u00e9r\u00e9otypes sociaux ont gagn\u00e9 \u2013 comme en Chine, mondialisation oblige &#8211; du terrain\u00a0! Que l\u2019on se rassure, des dandies, au sens dit ci-dessus. Marc Brunier-Mestas, enseignant et artiste correspond parfaitement \u00e0 ce portrait de lettr\u00e9, et, \u00e0 ce propos, qu\u2019il me soit permis, une \u00e9ni\u00e8me fois, de rappeler que les lettr\u00e9s ne poussent pas qu\u2019en Chine, la gouge, le pinceau et le crayon sont tout aussi \u00e0 m\u00eame de produire une originalit\u00e9 intrins\u00e8que\u00a0!<\/p>\n<p><a href=\"https:\/\/i0.wp.com\/alaincardenas.com\/blog\/wp-content\/uploads\/2019\/12\/d\u00e9tail-plance-Libert\u00e9-sept-19-bd.jpg?ssl=1\"><img data-attachment-id=\"4450\" data-permalink=\"https:\/\/alaincardenas.com\/blog\/marc-brunier-mestas-graveur-etres-hybrides-et-succubes-essai-de-typologie\/detail-plance-liberte-sept-19-bd\/\" data-orig-file=\"https:\/\/i0.wp.com\/alaincardenas.com\/blog\/wp-content\/uploads\/2019\/12\/d\u00e9tail-plance-Libert\u00e9-sept-19-bd.jpg?fit=1080%2C810&amp;ssl=1\" data-orig-size=\"1080,810\" data-comments-opened=\"0\" data-image-meta=\"{&quot;aperture&quot;:&quot;0&quot;,&quot;credit&quot;:&quot;&quot;,&quot;camera&quot;:&quot;&quot;,&quot;caption&quot;:&quot;&quot;,&quot;created_timestamp&quot;:&quot;0&quot;,&quot;copyright&quot;:&quot;&quot;,&quot;focal_length&quot;:&quot;0&quot;,&quot;iso&quot;:&quot;0&quot;,&quot;shutter_speed&quot;:&quot;0&quot;,&quot;title&quot;:&quot;&quot;,&quot;orientation&quot;:&quot;1&quot;}\" data-image-title=\"d\u00e9tail plance Libert\u00e9 sept 19 bd\" data-image-description=\"\" data-image-caption=\"\" data-medium-file=\"https:\/\/i0.wp.com\/alaincardenas.com\/blog\/wp-content\/uploads\/2019\/12\/d\u00e9tail-plance-Libert\u00e9-sept-19-bd.jpg?fit=300%2C225&amp;ssl=1\" data-large-file=\"https:\/\/i0.wp.com\/alaincardenas.com\/blog\/wp-content\/uploads\/2019\/12\/d\u00e9tail-plance-Libert\u00e9-sept-19-bd.jpg?fit=584%2C438&amp;ssl=1\" decoding=\"async\" loading=\"lazy\" class=\" wp-image-4450 alignright\" src=\"https:\/\/i0.wp.com\/alaincardenas.com\/blog\/wp-content\/uploads\/2019\/12\/d\u00e9tail-plance-Libert\u00e9-sept-19-bd.jpg?resize=258%2C197&#038;ssl=1\" alt=\"\" width=\"258\" height=\"197\" data-recalc-dims=\"1\" \/><\/a>\u00a0<strong>1999\u00a0: d\u00e9but de la s\u00e9rie des linos carr\u00e9s<\/strong> (8 x 8 cm de c\u00f4t\u00e9). <em>La femme-chien <\/em>(non pr\u00e9sent\u00e9e ici) est la premi\u00e8re de cette s\u00e9rie qui regroupe des \u00eatres hybrides devenus des \u00e9l\u00e9ments d\u2019une cosmogonie autre ou encore d\u2019un trait\u00e9 descriptif du monde, assez influenc\u00e9s par des mod\u00e8les gr\u00e9co-latins venus d\u2019H\u00e9siode ou d\u2019Ovide, auteurs qui n\u2019h\u00e9sitent pas \u00e0 changer en arbre tel personnage voulant \u00e9chapper \u00e0 des dangers, tandis que MBM montre leur \u00e9nergie vitale.<\/p>\n<p><a href=\"https:\/\/i0.wp.com\/alaincardenas.com\/blog\/wp-content\/uploads\/2019\/11\/lino-carr\u00e9e-guidon-\u00e9rig\u00e9-bd.jpg?ssl=1\"><img data-attachment-id=\"4445\" data-permalink=\"https:\/\/alaincardenas.com\/blog\/marc-brunier-mestas-graveur-etres-hybrides-et-succubes-essai-de-typologie\/lino-carree-guidon-erige-bd\/\" data-orig-file=\"https:\/\/i0.wp.com\/alaincardenas.com\/blog\/wp-content\/uploads\/2019\/11\/lino-carr\u00e9e-guidon-\u00e9rig\u00e9-bd.jpg?fit=1080%2C1003&amp;ssl=1\" data-orig-size=\"1080,1003\" data-comments-opened=\"0\" data-image-meta=\"{&quot;aperture&quot;:&quot;0&quot;,&quot;credit&quot;:&quot;&quot;,&quot;camera&quot;:&quot;&quot;,&quot;caption&quot;:&quot;&quot;,&quot;created_timestamp&quot;:&quot;0&quot;,&quot;copyright&quot;:&quot;&quot;,&quot;focal_length&quot;:&quot;0&quot;,&quot;iso&quot;:&quot;0&quot;,&quot;shutter_speed&quot;:&quot;0&quot;,&quot;title&quot;:&quot;&quot;,&quot;orientation&quot;:&quot;1&quot;}\" data-image-title=\"lino carr\u00e9e guidon \u00e9rig\u00e9 bd\" data-image-description=\"\" data-image-caption=\"\" data-medium-file=\"https:\/\/i0.wp.com\/alaincardenas.com\/blog\/wp-content\/uploads\/2019\/11\/lino-carr\u00e9e-guidon-\u00e9rig\u00e9-bd.jpg?fit=300%2C279&amp;ssl=1\" data-large-file=\"https:\/\/i0.wp.com\/alaincardenas.com\/blog\/wp-content\/uploads\/2019\/11\/lino-carr\u00e9e-guidon-\u00e9rig\u00e9-bd.jpg?fit=584%2C542&amp;ssl=1\" decoding=\"async\" loading=\"lazy\" class=\"alignnone wp-image-4445\" src=\"https:\/\/i0.wp.com\/alaincardenas.com\/blog\/wp-content\/uploads\/2019\/11\/lino-carr\u00e9e-guidon-\u00e9rig\u00e9-bd.jpg?resize=264%2C246&#038;ssl=1\" alt=\"\" width=\"264\" height=\"246\" srcset=\"https:\/\/i0.wp.com\/alaincardenas.com\/blog\/wp-content\/uploads\/2019\/11\/lino-carr\u00e9e-guidon-\u00e9rig\u00e9-bd.jpg?resize=300%2C279&amp;ssl=1 300w, https:\/\/i0.wp.com\/alaincardenas.com\/blog\/wp-content\/uploads\/2019\/11\/lino-carr\u00e9e-guidon-\u00e9rig\u00e9-bd.jpg?resize=768%2C713&amp;ssl=1 768w, https:\/\/i0.wp.com\/alaincardenas.com\/blog\/wp-content\/uploads\/2019\/11\/lino-carr\u00e9e-guidon-\u00e9rig\u00e9-bd.jpg?resize=1024%2C951&amp;ssl=1 1024w, https:\/\/i0.wp.com\/alaincardenas.com\/blog\/wp-content\/uploads\/2019\/11\/lino-carr\u00e9e-guidon-\u00e9rig\u00e9-bd.jpg?resize=323%2C300&amp;ssl=1 323w, https:\/\/i0.wp.com\/alaincardenas.com\/blog\/wp-content\/uploads\/2019\/11\/lino-carr\u00e9e-guidon-\u00e9rig\u00e9-bd.jpg?w=1080&amp;ssl=1 1080w\" sizes=\"(max-width: 264px) 100vw, 264px\" data-recalc-dims=\"1\" \/><\/a> <a href=\"https:\/\/i0.wp.com\/alaincardenas.com\/blog\/wp-content\/uploads\/2019\/11\/lino-pers-rigide-face-tronc-bd.jpg?ssl=1\"><img data-attachment-id=\"4446\" data-permalink=\"https:\/\/alaincardenas.com\/blog\/marc-brunier-mestas-graveur-etres-hybrides-et-succubes-essai-de-typologie\/lino-pers-rigide-face-tronc-bd\/\" data-orig-file=\"https:\/\/i0.wp.com\/alaincardenas.com\/blog\/wp-content\/uploads\/2019\/11\/lino-pers-rigide-face-tronc-bd.jpg?fit=1080%2C1013&amp;ssl=1\" data-orig-size=\"1080,1013\" data-comments-opened=\"0\" data-image-meta=\"{&quot;aperture&quot;:&quot;0&quot;,&quot;credit&quot;:&quot;&quot;,&quot;camera&quot;:&quot;&quot;,&quot;caption&quot;:&quot;&quot;,&quot;created_timestamp&quot;:&quot;0&quot;,&quot;copyright&quot;:&quot;&quot;,&quot;focal_length&quot;:&quot;0&quot;,&quot;iso&quot;:&quot;0&quot;,&quot;shutter_speed&quot;:&quot;0&quot;,&quot;title&quot;:&quot;&quot;,&quot;orientation&quot;:&quot;1&quot;}\" data-image-title=\"lino pers rigide face tronc bd\" data-image-description=\"\" data-image-caption=\"\" data-medium-file=\"https:\/\/i0.wp.com\/alaincardenas.com\/blog\/wp-content\/uploads\/2019\/11\/lino-pers-rigide-face-tronc-bd.jpg?fit=300%2C281&amp;ssl=1\" data-large-file=\"https:\/\/i0.wp.com\/alaincardenas.com\/blog\/wp-content\/uploads\/2019\/11\/lino-pers-rigide-face-tronc-bd.jpg?fit=584%2C548&amp;ssl=1\" decoding=\"async\" loading=\"lazy\" class=\"alignnone wp-image-4446\" src=\"https:\/\/i0.wp.com\/alaincardenas.com\/blog\/wp-content\/uploads\/2019\/11\/lino-pers-rigide-face-tronc-bd.jpg?resize=264%2C248&#038;ssl=1\" alt=\"\" width=\"264\" height=\"248\" srcset=\"https:\/\/i0.wp.com\/alaincardenas.com\/blog\/wp-content\/uploads\/2019\/11\/lino-pers-rigide-face-tronc-bd.jpg?resize=300%2C281&amp;ssl=1 300w, https:\/\/i0.wp.com\/alaincardenas.com\/blog\/wp-content\/uploads\/2019\/11\/lino-pers-rigide-face-tronc-bd.jpg?resize=768%2C720&amp;ssl=1 768w, https:\/\/i0.wp.com\/alaincardenas.com\/blog\/wp-content\/uploads\/2019\/11\/lino-pers-rigide-face-tronc-bd.jpg?resize=1024%2C960&amp;ssl=1 1024w, https:\/\/i0.wp.com\/alaincardenas.com\/blog\/wp-content\/uploads\/2019\/11\/lino-pers-rigide-face-tronc-bd.jpg?resize=320%2C300&amp;ssl=1 320w, https:\/\/i0.wp.com\/alaincardenas.com\/blog\/wp-content\/uploads\/2019\/11\/lino-pers-rigide-face-tronc-bd.jpg?w=1080&amp;ssl=1 1080w\" sizes=\"(max-width: 264px) 100vw, 264px\" data-recalc-dims=\"1\" \/><\/a><\/p>\n<hr \/>\n<p>Ci-dessus, deux linogravures de la s\u00e9rie des linos carr\u00e9s, \u00e0 gauche, <em>Guidon \u00e9rig\u00e9<\/em>, \u00e0 droite, <em>Rigide face tronc<\/em>, 8 x 8 cm.<\/p>\n<hr \/>\n<p>Une autre source de comparaison est le <em>Classique des Monts et des Mers<\/em> que MBM verra en Chine en 2011 et d\u2019o\u00f9 il rapportera des tirages xylographiques de ses \u0153uvres. Ce recueil est aussi un trait\u00e9 regroupant des donn\u00e9es g\u00e9ographiques et de l\u00e9gendes de l\u2019Antiquit\u00e9 chinoise compos\u00e9 entre les Royaumes combattants et les Han , soit du Ve au IIIe si\u00e8cle. Plus d&rsquo;une centaine de pays m\u00ealant le fantastique et les mythes \u00e0 la r\u00e9alit\u00e9 y sont d\u00e9crits au fil des 14 chapitres compos\u00e9s initialement. Il reste \u00e0 en composer une carte\u2026<a href=\"https:\/\/i0.wp.com\/alaincardenas.com\/blog\/wp-content\/uploads\/2019\/11\/oiseau-bic\u00e9phale-bd.jpg?ssl=1\"><img data-attachment-id=\"4447\" data-permalink=\"https:\/\/alaincardenas.com\/blog\/marc-brunier-mestas-graveur-etres-hybrides-et-succubes-essai-de-typologie\/oiseau-bicephale-bd\/\" data-orig-file=\"https:\/\/i0.wp.com\/alaincardenas.com\/blog\/wp-content\/uploads\/2019\/11\/oiseau-bic\u00e9phale-bd.jpg?fit=1080%2C889&amp;ssl=1\" data-orig-size=\"1080,889\" data-comments-opened=\"0\" data-image-meta=\"{&quot;aperture&quot;:&quot;0&quot;,&quot;credit&quot;:&quot;&quot;,&quot;camera&quot;:&quot;&quot;,&quot;caption&quot;:&quot;&quot;,&quot;created_timestamp&quot;:&quot;0&quot;,&quot;copyright&quot;:&quot;&quot;,&quot;focal_length&quot;:&quot;0&quot;,&quot;iso&quot;:&quot;0&quot;,&quot;shutter_speed&quot;:&quot;0&quot;,&quot;title&quot;:&quot;&quot;,&quot;orientation&quot;:&quot;1&quot;}\" data-image-title=\"oiseau bic\u00e9phale bd\" data-image-description=\"\" data-image-caption=\"\" data-medium-file=\"https:\/\/i0.wp.com\/alaincardenas.com\/blog\/wp-content\/uploads\/2019\/11\/oiseau-bic\u00e9phale-bd.jpg?fit=300%2C247&amp;ssl=1\" data-large-file=\"https:\/\/i0.wp.com\/alaincardenas.com\/blog\/wp-content\/uploads\/2019\/11\/oiseau-bic\u00e9phale-bd.jpg?fit=584%2C481&amp;ssl=1\" decoding=\"async\" loading=\"lazy\" class=\"size-medium wp-image-4447 aligncenter\" src=\"https:\/\/i0.wp.com\/alaincardenas.com\/blog\/wp-content\/uploads\/2019\/11\/oiseau-bic\u00e9phale-bd.jpg?resize=300%2C247&#038;ssl=1\" alt=\"\" width=\"300\" height=\"247\" srcset=\"https:\/\/i0.wp.com\/alaincardenas.com\/blog\/wp-content\/uploads\/2019\/11\/oiseau-bic\u00e9phale-bd.jpg?resize=300%2C247&amp;ssl=1 300w, https:\/\/i0.wp.com\/alaincardenas.com\/blog\/wp-content\/uploads\/2019\/11\/oiseau-bic\u00e9phale-bd.jpg?resize=768%2C632&amp;ssl=1 768w, https:\/\/i0.wp.com\/alaincardenas.com\/blog\/wp-content\/uploads\/2019\/11\/oiseau-bic\u00e9phale-bd.jpg?resize=1024%2C843&amp;ssl=1 1024w, https:\/\/i0.wp.com\/alaincardenas.com\/blog\/wp-content\/uploads\/2019\/11\/oiseau-bic\u00e9phale-bd.jpg?resize=364%2C300&amp;ssl=1 364w, https:\/\/i0.wp.com\/alaincardenas.com\/blog\/wp-content\/uploads\/2019\/11\/oiseau-bic\u00e9phale-bd.jpg?w=1080&amp;ssl=1 1080w\" sizes=\"(max-width: 300px) 100vw, 300px\" data-recalc-dims=\"1\" \/><\/a><\/p>\n<p>Cet oiseau bic\u00e9phale en est un exemple significatif qui unit des imaginaires si lointains g\u00e9ographiquement.<\/p>\n<p><a href=\"https:\/\/i0.wp.com\/alaincardenas.com\/blog\/wp-content\/uploads\/2019\/12\/linos-sur-fen\u00eatre-bd.jpg?ssl=1\"><img data-attachment-id=\"4453\" data-permalink=\"https:\/\/alaincardenas.com\/blog\/marc-brunier-mestas-graveur-etres-hybrides-et-succubes-essai-de-typologie\/linos-sur-fenetre-bd\/\" data-orig-file=\"https:\/\/i0.wp.com\/alaincardenas.com\/blog\/wp-content\/uploads\/2019\/12\/linos-sur-fen\u00eatre-bd.jpg?fit=957%2C1152&amp;ssl=1\" data-orig-size=\"957,1152\" data-comments-opened=\"0\" data-image-meta=\"{&quot;aperture&quot;:&quot;0&quot;,&quot;credit&quot;:&quot;&quot;,&quot;camera&quot;:&quot;&quot;,&quot;caption&quot;:&quot;&quot;,&quot;created_timestamp&quot;:&quot;0&quot;,&quot;copyright&quot;:&quot;&quot;,&quot;focal_length&quot;:&quot;0&quot;,&quot;iso&quot;:&quot;0&quot;,&quot;shutter_speed&quot;:&quot;0&quot;,&quot;title&quot;:&quot;&quot;,&quot;orientation&quot;:&quot;1&quot;}\" data-image-title=\"linos sur fen\u00eatre bd\" data-image-description=\"\" data-image-caption=\"\" data-medium-file=\"https:\/\/i0.wp.com\/alaincardenas.com\/blog\/wp-content\/uploads\/2019\/12\/linos-sur-fen\u00eatre-bd.jpg?fit=249%2C300&amp;ssl=1\" data-large-file=\"https:\/\/i0.wp.com\/alaincardenas.com\/blog\/wp-content\/uploads\/2019\/12\/linos-sur-fen\u00eatre-bd.jpg?fit=584%2C703&amp;ssl=1\" decoding=\"async\" loading=\"lazy\" class=\"alignnone size-large wp-image-4453\" src=\"https:\/\/i0.wp.com\/alaincardenas.com\/blog\/wp-content\/uploads\/2019\/12\/linos-sur-fen\u00eatre-bd.jpg?resize=584%2C703&#038;ssl=1\" alt=\"\" width=\"584\" height=\"703\" srcset=\"https:\/\/i0.wp.com\/alaincardenas.com\/blog\/wp-content\/uploads\/2019\/12\/linos-sur-fen\u00eatre-bd.jpg?resize=851%2C1024&amp;ssl=1 851w, https:\/\/i0.wp.com\/alaincardenas.com\/blog\/wp-content\/uploads\/2019\/12\/linos-sur-fen\u00eatre-bd.jpg?resize=249%2C300&amp;ssl=1 249w, https:\/\/i0.wp.com\/alaincardenas.com\/blog\/wp-content\/uploads\/2019\/12\/linos-sur-fen\u00eatre-bd.jpg?resize=768%2C924&amp;ssl=1 768w, https:\/\/i0.wp.com\/alaincardenas.com\/blog\/wp-content\/uploads\/2019\/12\/linos-sur-fen\u00eatre-bd.jpg?w=957&amp;ssl=1 957w\" sizes=\"(max-width: 584px) 100vw, 584px\" data-recalc-dims=\"1\" \/><\/a>MBM ne cesse d\u2019enrichir cet ensemble ouvert de formes qui forment aussi des r\u00e9bus myst\u00e9rieux.<\/p>\n<p><a href=\"https:\/\/i0.wp.com\/alaincardenas.com\/blog\/wp-content\/uploads\/2019\/12\/trait\u00e9-du-beau.jpg?ssl=1\"><img data-attachment-id=\"4462\" data-permalink=\"https:\/\/alaincardenas.com\/blog\/marc-brunier-mestas-graveur-etres-hybrides-et-succubes-essai-de-typologie\/traite-du-beau\/\" data-orig-file=\"https:\/\/i0.wp.com\/alaincardenas.com\/blog\/wp-content\/uploads\/2019\/12\/trait\u00e9-du-beau.jpg?fit=1080%2C809&amp;ssl=1\" data-orig-size=\"1080,809\" data-comments-opened=\"0\" data-image-meta=\"{&quot;aperture&quot;:&quot;0&quot;,&quot;credit&quot;:&quot;&quot;,&quot;camera&quot;:&quot;&quot;,&quot;caption&quot;:&quot;&quot;,&quot;created_timestamp&quot;:&quot;0&quot;,&quot;copyright&quot;:&quot;&quot;,&quot;focal_length&quot;:&quot;0&quot;,&quot;iso&quot;:&quot;0&quot;,&quot;shutter_speed&quot;:&quot;0&quot;,&quot;title&quot;:&quot;&quot;,&quot;orientation&quot;:&quot;1&quot;}\" data-image-title=\"trait\u00e9 du beau\" data-image-description=\"\" data-image-caption=\"\" data-medium-file=\"https:\/\/i0.wp.com\/alaincardenas.com\/blog\/wp-content\/uploads\/2019\/12\/trait\u00e9-du-beau.jpg?fit=300%2C225&amp;ssl=1\" data-large-file=\"https:\/\/i0.wp.com\/alaincardenas.com\/blog\/wp-content\/uploads\/2019\/12\/trait\u00e9-du-beau.jpg?fit=584%2C437&amp;ssl=1\" decoding=\"async\" loading=\"lazy\" class=\"size-medium wp-image-4462 alignleft\" src=\"https:\/\/i0.wp.com\/alaincardenas.com\/blog\/wp-content\/uploads\/2019\/12\/trait\u00e9-du-beau.jpg?resize=300%2C225&#038;ssl=1\" alt=\"\" width=\"300\" height=\"225\" srcset=\"https:\/\/i0.wp.com\/alaincardenas.com\/blog\/wp-content\/uploads\/2019\/12\/trait\u00e9-du-beau.jpg?resize=300%2C225&amp;ssl=1 300w, https:\/\/i0.wp.com\/alaincardenas.com\/blog\/wp-content\/uploads\/2019\/12\/trait\u00e9-du-beau.jpg?resize=768%2C575&amp;ssl=1 768w, https:\/\/i0.wp.com\/alaincardenas.com\/blog\/wp-content\/uploads\/2019\/12\/trait\u00e9-du-beau.jpg?resize=1024%2C767&amp;ssl=1 1024w, https:\/\/i0.wp.com\/alaincardenas.com\/blog\/wp-content\/uploads\/2019\/12\/trait\u00e9-du-beau.jpg?resize=400%2C300&amp;ssl=1 400w, https:\/\/i0.wp.com\/alaincardenas.com\/blog\/wp-content\/uploads\/2019\/12\/trait\u00e9-du-beau.jpg?w=1080&amp;ssl=1 1080w\" sizes=\"(max-width: 300px) 100vw, 300px\" data-recalc-dims=\"1\" \/><\/a>Les linos carr\u00e9s, quatre exemples parmi les 1800 grav\u00e9s \u00e0 ce jour. Les 5<sup>e<\/sup> et 6<sup>e<\/sup> ill. sont tir\u00e9es du <em>Classique des Monts et des mers<\/em>.<\/p>\n<p><strong>Du monde \u00e0 l\u2019envers<\/strong><\/p>\n<p><a href=\"https:\/\/i0.wp.com\/alaincardenas.com\/blog\/wp-content\/uploads\/2019\/11\/personnage-\u00e0-lenvers-bd.jpg?ssl=1\"><img data-attachment-id=\"4448\" data-permalink=\"https:\/\/alaincardenas.com\/blog\/marc-brunier-mestas-graveur-etres-hybrides-et-succubes-essai-de-typologie\/personnage-a-lenvers-bd\/\" data-orig-file=\"https:\/\/i0.wp.com\/alaincardenas.com\/blog\/wp-content\/uploads\/2019\/11\/personnage-\u00e0-lenvers-bd.jpg?fit=1080%2C1440&amp;ssl=1\" data-orig-size=\"1080,1440\" data-comments-opened=\"0\" data-image-meta=\"{&quot;aperture&quot;:&quot;0&quot;,&quot;credit&quot;:&quot;&quot;,&quot;camera&quot;:&quot;&quot;,&quot;caption&quot;:&quot;&quot;,&quot;created_timestamp&quot;:&quot;0&quot;,&quot;copyright&quot;:&quot;&quot;,&quot;focal_length&quot;:&quot;0&quot;,&quot;iso&quot;:&quot;0&quot;,&quot;shutter_speed&quot;:&quot;0&quot;,&quot;title&quot;:&quot;&quot;,&quot;orientation&quot;:&quot;1&quot;}\" data-image-title=\"personnage \u00e0 l&amp;rsquo;envers bd\" data-image-description=\"\" data-image-caption=\"\" data-medium-file=\"https:\/\/i0.wp.com\/alaincardenas.com\/blog\/wp-content\/uploads\/2019\/11\/personnage-\u00e0-lenvers-bd.jpg?fit=225%2C300&amp;ssl=1\" data-large-file=\"https:\/\/i0.wp.com\/alaincardenas.com\/blog\/wp-content\/uploads\/2019\/11\/personnage-\u00e0-lenvers-bd.jpg?fit=584%2C779&amp;ssl=1\" decoding=\"async\" loading=\"lazy\" class=\"size-medium wp-image-4448 alignright\" src=\"https:\/\/i0.wp.com\/alaincardenas.com\/blog\/wp-content\/uploads\/2019\/11\/personnage-\u00e0-lenvers-bd.jpg?resize=225%2C300&#038;ssl=1\" alt=\"\" width=\"225\" height=\"300\" srcset=\"https:\/\/i0.wp.com\/alaincardenas.com\/blog\/wp-content\/uploads\/2019\/11\/personnage-\u00e0-lenvers-bd.jpg?resize=225%2C300&amp;ssl=1 225w, https:\/\/i0.wp.com\/alaincardenas.com\/blog\/wp-content\/uploads\/2019\/11\/personnage-\u00e0-lenvers-bd.jpg?resize=768%2C1024&amp;ssl=1 768w, https:\/\/i0.wp.com\/alaincardenas.com\/blog\/wp-content\/uploads\/2019\/11\/personnage-\u00e0-lenvers-bd.jpg?w=1080&amp;ssl=1 1080w\" sizes=\"(max-width: 225px) 100vw, 225px\" data-recalc-dims=\"1\" \/><\/a>D\u2019autres \u00eatres hybrides sont ces humains \u00e9chapp\u00e9s du monde \u00e0 l\u2019envers et rappellent, outre des d\u00e9calages sociaux, les assimilations tout \u00e0 fait fr\u00e9quentes avec des mammif\u00e8res aux vies nocturnes comme les chauves-souris ou les noctambules qui finissent leur nuit la t\u00eate \u00e0 l\u2019envers.<\/p>\n<p><strong>Des pochoirs aux papiers d\u00e9coup\u00e9s <\/strong><\/p>\n<p>Amateur de tout ce qui est art populaire, art ethnique, MBM a un superbe cabinet de curiosit\u00e9s qui prend autant en compte les statues en bois d\u2019ethnies comme les Lobi d&rsquo;Afrique de l&rsquo;Ouest ou des outils de p\u00e9riodes arch\u00e9ologiques dont on se demande s\u2019il n\u2019en savoure pas le c\u00f4t\u00e9 utilitaire et surtout si cet aspect ne devient pas l\u2019occasion d\u2019\u00e9tudier les perspectives d\u00e9cal\u00e9es qui naissent des enl\u00e8vements de roche, alors pragmatiques et qui conf\u00e9raient des utilisations particuli\u00e8res pour la consommation des proies \u00e0 disposition.\u00a0<a href=\"https:\/\/i0.wp.com\/alaincardenas.com\/blog\/wp-content\/uploads\/2019\/12\/quatre-beaut\u00e9s-carton-bd.jpg?ssl=1\"><img data-attachment-id=\"4455\" data-permalink=\"https:\/\/alaincardenas.com\/blog\/marc-brunier-mestas-graveur-etres-hybrides-et-succubes-essai-de-typologie\/quatre-beautes-carton-bd\/\" data-orig-file=\"https:\/\/i0.wp.com\/alaincardenas.com\/blog\/wp-content\/uploads\/2019\/12\/quatre-beaut\u00e9s-carton-bd.jpg?fit=1280%2C1078&amp;ssl=1\" data-orig-size=\"1280,1078\" data-comments-opened=\"0\" data-image-meta=\"{&quot;aperture&quot;:&quot;0&quot;,&quot;credit&quot;:&quot;&quot;,&quot;camera&quot;:&quot;&quot;,&quot;caption&quot;:&quot;&quot;,&quot;created_timestamp&quot;:&quot;0&quot;,&quot;copyright&quot;:&quot;&quot;,&quot;focal_length&quot;:&quot;0&quot;,&quot;iso&quot;:&quot;0&quot;,&quot;shutter_speed&quot;:&quot;0&quot;,&quot;title&quot;:&quot;&quot;,&quot;orientation&quot;:&quot;1&quot;}\" data-image-title=\"quatre beaut\u00e9s carton bd\" data-image-description=\"\" data-image-caption=\"\" data-medium-file=\"https:\/\/i0.wp.com\/alaincardenas.com\/blog\/wp-content\/uploads\/2019\/12\/quatre-beaut\u00e9s-carton-bd.jpg?fit=300%2C253&amp;ssl=1\" data-large-file=\"https:\/\/i0.wp.com\/alaincardenas.com\/blog\/wp-content\/uploads\/2019\/12\/quatre-beaut\u00e9s-carton-bd.jpg?fit=584%2C492&amp;ssl=1\" decoding=\"async\" loading=\"lazy\" class=\"alignnone size-large wp-image-4455\" src=\"https:\/\/i0.wp.com\/alaincardenas.com\/blog\/wp-content\/uploads\/2019\/12\/quatre-beaut\u00e9s-carton-bd.jpg?resize=584%2C492&#038;ssl=1\" alt=\"\" width=\"584\" height=\"492\" srcset=\"https:\/\/i0.wp.com\/alaincardenas.com\/blog\/wp-content\/uploads\/2019\/12\/quatre-beaut\u00e9s-carton-bd.jpg?resize=1024%2C862&amp;ssl=1 1024w, https:\/\/i0.wp.com\/alaincardenas.com\/blog\/wp-content\/uploads\/2019\/12\/quatre-beaut\u00e9s-carton-bd.jpg?resize=300%2C253&amp;ssl=1 300w, https:\/\/i0.wp.com\/alaincardenas.com\/blog\/wp-content\/uploads\/2019\/12\/quatre-beaut\u00e9s-carton-bd.jpg?resize=768%2C647&amp;ssl=1 768w, https:\/\/i0.wp.com\/alaincardenas.com\/blog\/wp-content\/uploads\/2019\/12\/quatre-beaut\u00e9s-carton-bd.jpg?resize=356%2C300&amp;ssl=1 356w, https:\/\/i0.wp.com\/alaincardenas.com\/blog\/wp-content\/uploads\/2019\/12\/quatre-beaut\u00e9s-carton-bd.jpg?w=1280&amp;ssl=1 1280w, https:\/\/i0.wp.com\/alaincardenas.com\/blog\/wp-content\/uploads\/2019\/12\/quatre-beaut\u00e9s-carton-bd.jpg?w=1168&amp;ssl=1 1168w\" sizes=\"(max-width: 584px) 100vw, 584px\" data-recalc-dims=\"1\" \/><\/a><\/p>\n<p><strong>Des installations<\/strong><\/p>\n<p>Tous les \u00e9l\u00e9ments disparates qu\u2019il trouve ou r\u00e9alise une fois \u00e0 port\u00e9e de main, MBM sait les rassembler, leur conf\u00e9rer une notion \u00e9l\u00e9mentaire de mise en valeur, en commun afin de r\u00e9aliser ces figures improbables.<\/p>\n<p><a href=\"https:\/\/i0.wp.com\/alaincardenas.com\/blog\/wp-content\/uploads\/2019\/12\/os-moul\u00e9s-bd.jpg?ssl=1\"><img data-attachment-id=\"4456\" data-permalink=\"https:\/\/alaincardenas.com\/blog\/marc-brunier-mestas-graveur-etres-hybrides-et-succubes-essai-de-typologie\/os-moules-bd\/\" data-orig-file=\"https:\/\/i0.wp.com\/alaincardenas.com\/blog\/wp-content\/uploads\/2019\/12\/os-moul\u00e9s-bd.jpg?fit=960%2C1280&amp;ssl=1\" data-orig-size=\"960,1280\" data-comments-opened=\"0\" data-image-meta=\"{&quot;aperture&quot;:&quot;0&quot;,&quot;credit&quot;:&quot;&quot;,&quot;camera&quot;:&quot;&quot;,&quot;caption&quot;:&quot;&quot;,&quot;created_timestamp&quot;:&quot;0&quot;,&quot;copyright&quot;:&quot;&quot;,&quot;focal_length&quot;:&quot;0&quot;,&quot;iso&quot;:&quot;0&quot;,&quot;shutter_speed&quot;:&quot;0&quot;,&quot;title&quot;:&quot;&quot;,&quot;orientation&quot;:&quot;1&quot;}\" data-image-title=\"os moul\u00e9s bd\" data-image-description=\"\" data-image-caption=\"\" data-medium-file=\"https:\/\/i0.wp.com\/alaincardenas.com\/blog\/wp-content\/uploads\/2019\/12\/os-moul\u00e9s-bd.jpg?fit=225%2C300&amp;ssl=1\" data-large-file=\"https:\/\/i0.wp.com\/alaincardenas.com\/blog\/wp-content\/uploads\/2019\/12\/os-moul\u00e9s-bd.jpg?fit=584%2C779&amp;ssl=1\" decoding=\"async\" loading=\"lazy\" class=\"wp-image-4456 alignnone\" src=\"https:\/\/i0.wp.com\/alaincardenas.com\/blog\/wp-content\/uploads\/2019\/12\/os-moul\u00e9s-bd.jpg?resize=240%2C316&#038;ssl=1\" alt=\"\" width=\"240\" height=\"316\" data-recalc-dims=\"1\" \/>\u00a0\u00a0\u00a0<\/a><a href=\"https:\/\/i0.wp.com\/alaincardenas.com\/blog\/wp-content\/uploads\/2019\/12\/statues-en-carton-sur-socle-cageot-bd.jpg?ssl=1\"><img data-attachment-id=\"4457\" data-permalink=\"https:\/\/alaincardenas.com\/blog\/marc-brunier-mestas-graveur-etres-hybrides-et-succubes-essai-de-typologie\/statues-en-carton-sur-socle-cageot-bd\/\" data-orig-file=\"https:\/\/i0.wp.com\/alaincardenas.com\/blog\/wp-content\/uploads\/2019\/12\/statues-en-carton-sur-socle-cageot-bd.jpg?fit=1080%2C1440&amp;ssl=1\" data-orig-size=\"1080,1440\" data-comments-opened=\"0\" data-image-meta=\"{&quot;aperture&quot;:&quot;0&quot;,&quot;credit&quot;:&quot;&quot;,&quot;camera&quot;:&quot;&quot;,&quot;caption&quot;:&quot;&quot;,&quot;created_timestamp&quot;:&quot;0&quot;,&quot;copyright&quot;:&quot;&quot;,&quot;focal_length&quot;:&quot;0&quot;,&quot;iso&quot;:&quot;0&quot;,&quot;shutter_speed&quot;:&quot;0&quot;,&quot;title&quot;:&quot;&quot;,&quot;orientation&quot;:&quot;1&quot;}\" data-image-title=\"statues en carton sur socle cageot bd\" data-image-description=\"\" data-image-caption=\"\" data-medium-file=\"https:\/\/i0.wp.com\/alaincardenas.com\/blog\/wp-content\/uploads\/2019\/12\/statues-en-carton-sur-socle-cageot-bd.jpg?fit=225%2C300&amp;ssl=1\" data-large-file=\"https:\/\/i0.wp.com\/alaincardenas.com\/blog\/wp-content\/uploads\/2019\/12\/statues-en-carton-sur-socle-cageot-bd.jpg?fit=584%2C779&amp;ssl=1\" decoding=\"async\" loading=\"lazy\" class=\"alignnone wp-image-4457\" src=\"https:\/\/i0.wp.com\/alaincardenas.com\/blog\/wp-content\/uploads\/2019\/12\/statues-en-carton-sur-socle-cageot-bd.jpg?resize=241%2C318&#038;ssl=1\" alt=\"\" width=\"241\" height=\"318\" data-recalc-dims=\"1\" \/><\/a><\/p>\n<p>Diff\u00e9rentes pi\u00e8ces grav\u00e9es, d\u00e9coup\u00e9es et polychrom\u00e9es se partagent un des espaces du Creux de l\u2019enfer. Sur l\u2019ill. ci-dessus, \u00e0 gauche, des sections de citations intimes devenues un rideau spatial.<\/p>\n<p><strong>2019, <em>Libert\u00e9 j\u2019\u00e9cris ton nom<\/em><\/strong><\/p>\n<p>MBM entreprend une imposante s\u00e9rie de xylographies qui sont des bas-reliefs n\u00e9s d\u2019une rencontre entre diff\u00e9rents mat\u00e9riaux, le b\u00e9ton, le bois, avant de devenir des gravures sur bois polychromes d\u2019importantes dimensions.<\/p>\n<p><a href=\"https:\/\/i0.wp.com\/alaincardenas.com\/blog\/wp-content\/uploads\/2019\/12\/libert\u00e9-j\u00e9cris-ton-nom-atelier.jpg?ssl=1\"><img data-attachment-id=\"4451\" data-permalink=\"https:\/\/alaincardenas.com\/blog\/marc-brunier-mestas-graveur-etres-hybrides-et-succubes-essai-de-typologie\/liberte-jecris-ton-nom-atelier\/\" data-orig-file=\"https:\/\/i0.wp.com\/alaincardenas.com\/blog\/wp-content\/uploads\/2019\/12\/libert\u00e9-j\u00e9cris-ton-nom-atelier.jpg?fit=1080%2C810&amp;ssl=1\" data-orig-size=\"1080,810\" data-comments-opened=\"0\" data-image-meta=\"{&quot;aperture&quot;:&quot;0&quot;,&quot;credit&quot;:&quot;&quot;,&quot;camera&quot;:&quot;&quot;,&quot;caption&quot;:&quot;&quot;,&quot;created_timestamp&quot;:&quot;0&quot;,&quot;copyright&quot;:&quot;&quot;,&quot;focal_length&quot;:&quot;0&quot;,&quot;iso&quot;:&quot;0&quot;,&quot;shutter_speed&quot;:&quot;0&quot;,&quot;title&quot;:&quot;&quot;,&quot;orientation&quot;:&quot;0&quot;}\" data-image-title=\"libert\u00e9 j&amp;rsquo;\u00e9cris ton nom atelier\" data-image-description=\"\" data-image-caption=\"\" data-medium-file=\"https:\/\/i0.wp.com\/alaincardenas.com\/blog\/wp-content\/uploads\/2019\/12\/libert\u00e9-j\u00e9cris-ton-nom-atelier.jpg?fit=300%2C225&amp;ssl=1\" data-large-file=\"https:\/\/i0.wp.com\/alaincardenas.com\/blog\/wp-content\/uploads\/2019\/12\/libert\u00e9-j\u00e9cris-ton-nom-atelier.jpg?fit=584%2C438&amp;ssl=1\" decoding=\"async\" loading=\"lazy\" class=\"alignnone size-large wp-image-4451\" src=\"https:\/\/i0.wp.com\/alaincardenas.com\/blog\/wp-content\/uploads\/2019\/12\/libert\u00e9-j\u00e9cris-ton-nom-atelier.jpg?resize=584%2C438&#038;ssl=1\" alt=\"\" width=\"584\" height=\"438\" srcset=\"https:\/\/i0.wp.com\/alaincardenas.com\/blog\/wp-content\/uploads\/2019\/12\/libert\u00e9-j\u00e9cris-ton-nom-atelier.jpg?resize=1024%2C768&amp;ssl=1 1024w, https:\/\/i0.wp.com\/alaincardenas.com\/blog\/wp-content\/uploads\/2019\/12\/libert\u00e9-j\u00e9cris-ton-nom-atelier.jpg?resize=300%2C225&amp;ssl=1 300w, https:\/\/i0.wp.com\/alaincardenas.com\/blog\/wp-content\/uploads\/2019\/12\/libert\u00e9-j\u00e9cris-ton-nom-atelier.jpg?resize=768%2C576&amp;ssl=1 768w, https:\/\/i0.wp.com\/alaincardenas.com\/blog\/wp-content\/uploads\/2019\/12\/libert\u00e9-j\u00e9cris-ton-nom-atelier.jpg?resize=400%2C300&amp;ssl=1 400w, https:\/\/i0.wp.com\/alaincardenas.com\/blog\/wp-content\/uploads\/2019\/12\/libert\u00e9-j\u00e9cris-ton-nom-atelier.jpg?w=1080&amp;ssl=1 1080w\" sizes=\"(max-width: 584px) 100vw, 584px\" data-recalc-dims=\"1\" \/><\/a><\/p>\n<p><a href=\"https:\/\/i0.wp.com\/alaincardenas.com\/blog\/wp-content\/uploads\/2019\/12\/mbm-chc-atelier-riom.jpg?ssl=1\"><img data-attachment-id=\"4460\" data-permalink=\"https:\/\/alaincardenas.com\/blog\/marc-brunier-mestas-graveur-etres-hybrides-et-succubes-essai-de-typologie\/mbm-chc-atelier-riom\/\" data-orig-file=\"https:\/\/i0.wp.com\/alaincardenas.com\/blog\/wp-content\/uploads\/2019\/12\/mbm-chc-atelier-riom.jpg?fit=1080%2C810&amp;ssl=1\" data-orig-size=\"1080,810\" data-comments-opened=\"0\" data-image-meta=\"{&quot;aperture&quot;:&quot;0&quot;,&quot;credit&quot;:&quot;&quot;,&quot;camera&quot;:&quot;&quot;,&quot;caption&quot;:&quot;&quot;,&quot;created_timestamp&quot;:&quot;0&quot;,&quot;copyright&quot;:&quot;&quot;,&quot;focal_length&quot;:&quot;0&quot;,&quot;iso&quot;:&quot;0&quot;,&quot;shutter_speed&quot;:&quot;0&quot;,&quot;title&quot;:&quot;&quot;,&quot;orientation&quot;:&quot;1&quot;}\" data-image-title=\"mbm &#038; chc atelier riom\" data-image-description=\"\" data-image-caption=\"\" data-medium-file=\"https:\/\/i0.wp.com\/alaincardenas.com\/blog\/wp-content\/uploads\/2019\/12\/mbm-chc-atelier-riom.jpg?fit=300%2C225&amp;ssl=1\" data-large-file=\"https:\/\/i0.wp.com\/alaincardenas.com\/blog\/wp-content\/uploads\/2019\/12\/mbm-chc-atelier-riom.jpg?fit=584%2C438&amp;ssl=1\" decoding=\"async\" loading=\"lazy\" class=\"alignnone size-large wp-image-4460\" src=\"https:\/\/i0.wp.com\/alaincardenas.com\/blog\/wp-content\/uploads\/2019\/12\/mbm-chc-atelier-riom.jpg?resize=584%2C438&#038;ssl=1\" alt=\"\" width=\"584\" height=\"438\" srcset=\"https:\/\/i0.wp.com\/alaincardenas.com\/blog\/wp-content\/uploads\/2019\/12\/mbm-chc-atelier-riom.jpg?resize=1024%2C768&amp;ssl=1 1024w, https:\/\/i0.wp.com\/alaincardenas.com\/blog\/wp-content\/uploads\/2019\/12\/mbm-chc-atelier-riom.jpg?resize=300%2C225&amp;ssl=1 300w, https:\/\/i0.wp.com\/alaincardenas.com\/blog\/wp-content\/uploads\/2019\/12\/mbm-chc-atelier-riom.jpg?resize=768%2C576&amp;ssl=1 768w, https:\/\/i0.wp.com\/alaincardenas.com\/blog\/wp-content\/uploads\/2019\/12\/mbm-chc-atelier-riom.jpg?resize=400%2C300&amp;ssl=1 400w, https:\/\/i0.wp.com\/alaincardenas.com\/blog\/wp-content\/uploads\/2019\/12\/mbm-chc-atelier-riom.jpg?w=1080&amp;ssl=1 1080w\" sizes=\"(max-width: 584px) 100vw, 584px\" data-recalc-dims=\"1\" \/><\/a><\/p>\n","protected":false},"excerpt":{"rendered":"<p>par Christophe Comentale En marge En marge d\u2019un portrait \u00e0 para\u00eetre en 2020 dans la revue bimestrielle Art et m\u00e9tiers du livre, et afin d\u2019accompagner une journ\u00e9e de recherches au Mus\u00e9e chinois du quotidien sur les formes \u00e9tranges et les &hellip; <a href=\"https:\/\/alaincardenas.com\/blog\/marc-brunier-mestas-graveur-etres-hybrides-et-succubes-essai-de-typologie\/\">Continuer la lecture <span class=\"meta-nav\">&rarr;<\/span><\/a><\/p>\n","protected":false},"author":1,"featured_media":0,"comment_status":"closed","ping_status":"closed","sticky":false,"template":"","format":"standard","meta":{"sfsi_plus_gutenberg_text_before_share":"","sfsi_plus_gutenberg_show_text_before_share":"","sfsi_plus_gutenberg_icon_type":"","sfsi_plus_gutenberg_icon_alignemt":"","sfsi_plus_gutenburg_max_per_row":"","jetpack_post_was_ever_published":false,"_jetpack_newsletter_access":"","_jetpack_newsletter_tier_id":0,"jetpack_publicize_message":"","jetpack_is_tweetstorm":false,"jetpack_publicize_feature_enabled":true,"jetpack_social_post_already_shared":true,"jetpack_social_options":{"image_generator_settings":{"template":"highway","enabled":false}}},"categories":[42,1,22],"tags":[8,9,39],"jetpack_publicize_connections":[],"jetpack_featured_media_url":"","jetpack_sharing_enabled":true,"jetpack_shortlink":"https:\/\/wp.me\/p8Mijt-19E","jetpack_likes_enabled":true,"jetpack-related-posts":[{"id":6179,"url":"https:\/\/alaincardenas.com\/blog\/cinq-artistes-francais-des-reflets-de-lart-contemporain\/","url_meta":{"origin":4442,"position":0},"title":"Cinq artistes fran\u00e7ais\u00a0: des reflets de l\u2019art contemporain","author":"admin","date":"2022-03-08","format":false,"excerpt":"L\u2019importante exposition estivale du centre culturel de Chenghua est intrigante \u00e0 plus d\u2019un titre, d\u2019une part, elle va mettre en parall\u00e8le la cr\u00e9ation taiwanaise et internationale, de l\u2019autre, elle va mettre en pr\u00e9sence des artistes tr\u00e8s diff\u00e9rents. Pour ce qui a trait aux 5 artistes fran\u00e7ais r\u00e9sidant dans l\u2019hexagone, deux\u2026","rel":"","context":"Dans &quot;Asie&quot;","block_context":{"text":"Asie","link":"https:\/\/alaincardenas.com\/blog\/category\/asie\/"},"img":{"alt_text":"","src":"https:\/\/i0.wp.com\/alaincardenas.com\/blog\/wp-content\/uploads\/2022\/03\/Famille-royale300.jpeg?resize=350%2C200&ssl=1","width":350,"height":200,"srcset":"https:\/\/i0.wp.com\/alaincardenas.com\/blog\/wp-content\/uploads\/2022\/03\/Famille-royale300.jpeg?resize=350%2C200&ssl=1 1x, https:\/\/i0.wp.com\/alaincardenas.com\/blog\/wp-content\/uploads\/2022\/03\/Famille-royale300.jpeg?resize=525%2C300&ssl=1 1.5x"},"classes":[]},{"id":6094,"url":"https:\/\/alaincardenas.com\/blog\/a-larrache-6e-edition-historique-et-developpements-induits\/","url_meta":{"origin":4442,"position":1},"title":"\u00c0 l\u2019arrache, 6e \u00e9dition. Historique et d\u00e9veloppements induits","author":"admin","date":"2022-01-09","format":false,"excerpt":"par Christophe Comentale Depuis plusieurs d\u00e9cennies, les montages de grands projets institutionnels peu participatifs \u2014 un temps tol\u00e9rable \u2014 ne cessent de reprendre le dessus sur toute entreprise individuelle. Parfois, a contrario de ce sch\u00e9ma, des m\u00e9langes plus conviviaux font leur apparition\u2026 \u00c0 l\u2019arrache est l\u2019un de ceux-l\u00e0. Pourvu qu\u2019il\u2026","rel":"","context":"Dans &quot;Compte-rendu&quot;","block_context":{"text":"Compte-rendu","link":"https:\/\/alaincardenas.com\/blog\/category\/compte-rendu\/"},"img":{"alt_text":"","src":"https:\/\/i0.wp.com\/alaincardenas.com\/blog\/wp-content\/uploads\/2022\/01\/IMG_1092.jpg?resize=350%2C200","width":350,"height":200},"classes":[]},{"id":4627,"url":"https:\/\/alaincardenas.com\/blog\/le-livre-dartiste-un-livre-qui-nest-pas-un-livre\/","url_meta":{"origin":4442,"position":2},"title":"Le livre d\u2019artiste, un livre qui n\u2019est pas un livre","author":"admin","date":"2020-02-01","format":false,"excerpt":"Institut catholique de Paris,\u00a0Biblioth\u00e8que de Fels, Le livre d\u2019artiste, un livre qui n\u2019est pas un livre.\u00a0Du 5 au 28 f\u00e9vrier 2020, du lundi au vendredi, de 9h \u00e0 19h. Commissariat de Guillaume Boyer, Alain Cardenas-Castro et Christophe Comentale Quelques mots avant de tourner autour des vitrines Comme le rappelle l\u2019un\u2026","rel":"","context":"Dans &quot;Asie&quot;","block_context":{"text":"Asie","link":"https:\/\/alaincardenas.com\/blog\/category\/asie\/"},"img":{"alt_text":"","src":"https:\/\/i0.wp.com\/alaincardenas.com\/blog\/wp-content\/uploads\/2020\/02\/BCoron-the-impatient-patient-couv.png?resize=350%2C200","width":350,"height":200},"classes":[]},{"id":8684,"url":"https:\/\/alaincardenas.com\/blog\/exposition-manuel-zapata-orihuela-lima-1920-gentilly-2023\/","url_meta":{"origin":4442,"position":3},"title":"Exposition Manuel Zapata Orihuela (Lima 1920 &#8211; Gentilly 2023)","author":"admin","date":"2025-02-04","format":false,"excerpt":"Escenas de vida y s\u00edmbolos ancestrales, pinturas de Manuel Zapata Orihuela Paris, Consulat g\u00e9n\u00e9ral du P\u00e9rou, 27 rue de l'Arcade, Paris. Au 27, rue de l'Arcade, la pierre de taille accueille nombre d'\u00e9tablissements culturels, actifs ou ouverts sur une approche humaniste de l'image. C'est ce qu'a voulu M. Carlos Brice\u00f1o\u2026","rel":"","context":"Dans &quot;Am\u00e9rique latine&quot;","block_context":{"text":"Am\u00e9rique latine","link":"https:\/\/alaincardenas.com\/blog\/category\/amerique-latine\/"},"img":{"alt_text":"","src":"https:\/\/i0.wp.com\/alaincardenas.com\/blog\/wp-content\/uploads\/2025\/02\/1736976480431-copie.jpg?resize=350%2C200&ssl=1","width":350,"height":200},"classes":[]},{"id":4689,"url":"https:\/\/alaincardenas.com\/blog\/dune-serie-de-trois-gravures-de-nouvel-an-de-marion-tournebise\/","url_meta":{"origin":4442,"position":4},"title":"D\u2019une s\u00e9rie de trois gravures de Nouvel an de Marion Tournebise","author":"admin","date":"2020-02-09","format":false,"excerpt":"par Christophe Comentale Dans ses \u00e9crits, notamment avec la vaste somme que constitue l\u2019Introduction du christianisme en Chine, le p\u00e8re j\u00e9suite Matteo Ricci (1552 \u2013 1610), premier sinologue et g\u00e9opoliticien occidental, note durant ses ann\u00e9es au service du monarque chinois Wanli (1563 \u2013 1620), que le pays reste \u00e0 la\u2026","rel":"","context":"Dans &quot;Asie&quot;","block_context":{"text":"Asie","link":"https:\/\/alaincardenas.com\/blog\/category\/asie\/"},"img":{"alt_text":"","src":"https:\/\/i0.wp.com\/alaincardenas.com\/blog\/wp-content\/uploads\/2020\/02\/Marion-Tournebise-Enfants-2019-e-f.jpg?resize=350%2C200&ssl=1","width":350,"height":200},"classes":[]},{"id":9581,"url":"https:\/\/alaincardenas.com\/blog\/veronique-durieux-les-draps-de-stella\/","url_meta":{"origin":4442,"position":5},"title":"V\u00e9ronique Durieux. LES DRAPS DE STELLA","author":"admin","date":"2026-04-26","format":false,"excerpt":"par Christophe Comentale Exposition au 36.6, 36 boulevard d\u2019Ornano, Paris 18e du 19 au 23 mars 2026 de 17h \u00e0 21h, puis, au-del\u00e0 de cette date, sur rendez-vous\u00a0: revdurieux@gmail.com Compte-rendu d\u2019exposition LE 36.6 Une nouvelle exposition de V\u00e9ronique Durieux se tient au 36.6, dans sa galerie-atelier, un espace rythmique unique\u2026","rel":"","context":"Dans &quot;Europe&quot;","block_context":{"text":"Europe","link":"https:\/\/alaincardenas.com\/blog\/category\/europe\/"},"img":{"alt_text":"","src":"https:\/\/i0.wp.com\/alaincardenas.com\/blog\/wp-content\/uploads\/2026\/04\/IMG_3038.jpg?resize=350%2C200&ssl=1","width":350,"height":200},"classes":[]}],"_links":{"self":[{"href":"https:\/\/alaincardenas.com\/blog\/wp-json\/wp\/v2\/posts\/4442"}],"collection":[{"href":"https:\/\/alaincardenas.com\/blog\/wp-json\/wp\/v2\/posts"}],"about":[{"href":"https:\/\/alaincardenas.com\/blog\/wp-json\/wp\/v2\/types\/post"}],"author":[{"embeddable":true,"href":"https:\/\/alaincardenas.com\/blog\/wp-json\/wp\/v2\/users\/1"}],"replies":[{"embeddable":true,"href":"https:\/\/alaincardenas.com\/blog\/wp-json\/wp\/v2\/comments?post=4442"}],"version-history":[{"count":7,"href":"https:\/\/alaincardenas.com\/blog\/wp-json\/wp\/v2\/posts\/4442\/revisions"}],"predecessor-version":[{"id":4466,"href":"https:\/\/alaincardenas.com\/blog\/wp-json\/wp\/v2\/posts\/4442\/revisions\/4466"}],"wp:attachment":[{"href":"https:\/\/alaincardenas.com\/blog\/wp-json\/wp\/v2\/media?parent=4442"}],"wp:term":[{"taxonomy":"category","embeddable":true,"href":"https:\/\/alaincardenas.com\/blog\/wp-json\/wp\/v2\/categories?post=4442"},{"taxonomy":"post_tag","embeddable":true,"href":"https:\/\/alaincardenas.com\/blog\/wp-json\/wp\/v2\/tags?post=4442"}],"curies":[{"name":"wp","href":"https:\/\/api.w.org\/{rel}","templated":true}]}}