{"id":4261,"date":"2019-11-06T02:30:49","date_gmt":"2019-11-06T01:30:49","guid":{"rendered":"https:\/\/alaincardenas.com\/blog\/?p=4261"},"modified":"2019-11-08T00:29:03","modified_gmt":"2019-11-07T23:29:03","slug":"chroniques-de-vie-javier-silva-meinel","status":"publish","type":"post","link":"https:\/\/alaincardenas.com\/blog\/chroniques-de-vie-javier-silva-meinel\/","title":{"rendered":"CHRONIQUES DE VIE, Javier Silva Meinel"},"content":{"rendered":"<p>Exposition du 5 au 29 Novembre 2019,\u00a0<a href=\"http:\/\/www.galerieyounique.com\">Galerie Younique<\/a>, 65 rue Pascal 75013 Paris &#8211; 06 26 76 36 33\u00a0Mardi-Samedi 16h-20h<\/p>\n<p>compte-rendu par Alain Cardenas-Castro<\/p>\n<p>Galerie install\u00e9e depuis bient\u00f4t quinze ans dans un arrondissement de la capitale qui pr\u00f4ne une diversit\u00e9 culturelle, la galerie Younique pr\u00e9sente une vingtaine d\u2019\u0153uvres des ann\u00e9es 1990 \u00e0 aujourd&rsquo;hui d\u2019un des photographes p\u00e9ruviens contemporains les plus reconnus. Cette premi\u00e8re exposition a re\u00e7u l\u2019appui de l\u2019Ambassade du P\u00e9rou en France pour l\u2019inauguration de <em>Quipu<\/em>, la Quinzaine du P\u00e9rou en France. L\u2019\u00e9v\u00e9nement donne toute son importance \u00e0 Javier Silva Meinel.<\/p>\n<p><!--more--><\/p>\n<p>Nous sommes face \u00e0 une travers\u00e9e du P\u00e9rou, de Cusco \u00e0 Lima, en passant par Paracas et le fleuve Amazone. Comme le rappelle le court texte de pr\u00e9sentation relatif \u00e0 l\u2019artiste [&#8230;]\u00a0<em>chaque photographie est un portrait, comme une chronique d\u2019un personnage ou d\u2019un animal rencontr\u00e9 sur le chemin de la vie\u00a0<\/em>[&#8230;]<em>.<\/em><\/p>\n<p>Javier Silva Meinel, n\u00e9 en 1949 \u00e0 Lima,\u00a0a immortalis\u00e9 le P\u00e9rou et notamment le Machu Picchu depuis plus d\u2019une quarantaine d\u2019ann\u00e9es. Avec un noir et blanc sobre et subtil, l\u2019artiste nous transporte dans son pays et sa culture mill\u00e9naire, avec des prises de vue sur le vif renfor\u00e7ant le r\u00eave et le myst\u00e8re, ou bien des mises en sc\u00e8ne avec des draps blancs en arri\u00e8re fond rendant hommage au photographe p\u00e9ruvien Martin Chambi, conf\u00e9rant de la th\u00e9\u00e2tralit\u00e9 et de l\u2019absurde aux situations. Enigmatique, narrative et intemporelle, sa photographie argentique lie \u00e9troitement l\u2019homme \u00e0 la nature et aux p\u00e9rip\u00e9ties qu\u2019elle g\u00e9n\u00e8re, nous invitant \u00e0 nous questionner et \u00e0 regarder le P\u00e9rou autrement.<\/p>\n<p><a href=\"https:\/\/i0.wp.com\/alaincardenas.com\/blog\/wp-content\/uploads\/2019\/11\/expo_chroniques_de_vie_javier_silva_meinel_galerie_younique_2.jpg?ssl=1\"><img data-attachment-id=\"4300\" data-permalink=\"https:\/\/alaincardenas.com\/blog\/chroniques-de-vie-javier-silva-meinel\/expo_chroniques_de_vie_javier_silva_meinel_galerie_younique_2\/\" data-orig-file=\"https:\/\/i0.wp.com\/alaincardenas.com\/blog\/wp-content\/uploads\/2019\/11\/expo_chroniques_de_vie_javier_silva_meinel_galerie_younique_2.jpg?fit=1418%2C1078&amp;ssl=1\" data-orig-size=\"1418,1078\" data-comments-opened=\"0\" data-image-meta=\"{&quot;aperture&quot;:&quot;0&quot;,&quot;credit&quot;:&quot;&quot;,&quot;camera&quot;:&quot;&quot;,&quot;caption&quot;:&quot;&quot;,&quot;created_timestamp&quot;:&quot;0&quot;,&quot;copyright&quot;:&quot;&quot;,&quot;focal_length&quot;:&quot;0&quot;,&quot;iso&quot;:&quot;0&quot;,&quot;shutter_speed&quot;:&quot;0&quot;,&quot;title&quot;:&quot;&quot;,&quot;orientation&quot;:&quot;1&quot;}\" data-image-title=\"expo_chroniques_de_vie_javier_silva_meinel_galerie_younique_2\" data-image-description=\"\" data-image-caption=\"\" data-medium-file=\"https:\/\/i0.wp.com\/alaincardenas.com\/blog\/wp-content\/uploads\/2019\/11\/expo_chroniques_de_vie_javier_silva_meinel_galerie_younique_2.jpg?fit=300%2C228&amp;ssl=1\" data-large-file=\"https:\/\/i0.wp.com\/alaincardenas.com\/blog\/wp-content\/uploads\/2019\/11\/expo_chroniques_de_vie_javier_silva_meinel_galerie_younique_2.jpg?fit=584%2C444&amp;ssl=1\" decoding=\"async\" loading=\"lazy\" class=\"alignnone size-large wp-image-4300\" src=\"https:\/\/i0.wp.com\/alaincardenas.com\/blog\/wp-content\/uploads\/2019\/11\/expo_chroniques_de_vie_javier_silva_meinel_galerie_younique_2.jpg?resize=584%2C444&#038;ssl=1\" alt=\"\" width=\"584\" height=\"444\" srcset=\"https:\/\/i0.wp.com\/alaincardenas.com\/blog\/wp-content\/uploads\/2019\/11\/expo_chroniques_de_vie_javier_silva_meinel_galerie_younique_2.jpg?resize=1024%2C778&amp;ssl=1 1024w, https:\/\/i0.wp.com\/alaincardenas.com\/blog\/wp-content\/uploads\/2019\/11\/expo_chroniques_de_vie_javier_silva_meinel_galerie_younique_2.jpg?resize=300%2C228&amp;ssl=1 300w, https:\/\/i0.wp.com\/alaincardenas.com\/blog\/wp-content\/uploads\/2019\/11\/expo_chroniques_de_vie_javier_silva_meinel_galerie_younique_2.jpg?resize=768%2C584&amp;ssl=1 768w, https:\/\/i0.wp.com\/alaincardenas.com\/blog\/wp-content\/uploads\/2019\/11\/expo_chroniques_de_vie_javier_silva_meinel_galerie_younique_2.jpg?resize=395%2C300&amp;ssl=1 395w, https:\/\/i0.wp.com\/alaincardenas.com\/blog\/wp-content\/uploads\/2019\/11\/expo_chroniques_de_vie_javier_silva_meinel_galerie_younique_2.jpg?w=1418&amp;ssl=1 1418w, https:\/\/i0.wp.com\/alaincardenas.com\/blog\/wp-content\/uploads\/2019\/11\/expo_chroniques_de_vie_javier_silva_meinel_galerie_younique_2.jpg?w=1168&amp;ssl=1 1168w\" sizes=\"(max-width: 584px) 100vw, 584px\" data-recalc-dims=\"1\" \/><\/a> <a href=\"https:\/\/i0.wp.com\/alaincardenas.com\/blog\/wp-content\/uploads\/2019\/11\/expo_chroniques_de_vie_javier_silva_meinel_galerie_younique_1.jpg?ssl=1\"><img data-attachment-id=\"4299\" data-permalink=\"https:\/\/alaincardenas.com\/blog\/chroniques-de-vie-javier-silva-meinel\/expo_chroniques_de_vie_javier_silva_meinel_galerie_younique_1\/\" data-orig-file=\"https:\/\/i0.wp.com\/alaincardenas.com\/blog\/wp-content\/uploads\/2019\/11\/expo_chroniques_de_vie_javier_silva_meinel_galerie_younique_1.jpg?fit=1440%2C1062&amp;ssl=1\" data-orig-size=\"1440,1062\" data-comments-opened=\"0\" data-image-meta=\"{&quot;aperture&quot;:&quot;0&quot;,&quot;credit&quot;:&quot;&quot;,&quot;camera&quot;:&quot;&quot;,&quot;caption&quot;:&quot;&quot;,&quot;created_timestamp&quot;:&quot;0&quot;,&quot;copyright&quot;:&quot;&quot;,&quot;focal_length&quot;:&quot;0&quot;,&quot;iso&quot;:&quot;0&quot;,&quot;shutter_speed&quot;:&quot;0&quot;,&quot;title&quot;:&quot;&quot;,&quot;orientation&quot;:&quot;1&quot;}\" data-image-title=\"expo_chroniques_de_vie_javier_silva_meinel_galerie_younique_1\" data-image-description=\"\" data-image-caption=\"\" data-medium-file=\"https:\/\/i0.wp.com\/alaincardenas.com\/blog\/wp-content\/uploads\/2019\/11\/expo_chroniques_de_vie_javier_silva_meinel_galerie_younique_1.jpg?fit=300%2C221&amp;ssl=1\" data-large-file=\"https:\/\/i0.wp.com\/alaincardenas.com\/blog\/wp-content\/uploads\/2019\/11\/expo_chroniques_de_vie_javier_silva_meinel_galerie_younique_1.jpg?fit=584%2C431&amp;ssl=1\" decoding=\"async\" loading=\"lazy\" class=\"alignnone size-full wp-image-4299\" src=\"https:\/\/i0.wp.com\/alaincardenas.com\/blog\/wp-content\/uploads\/2019\/11\/expo_chroniques_de_vie_javier_silva_meinel_galerie_younique_1.jpg?resize=584%2C431&#038;ssl=1\" alt=\"\" width=\"584\" height=\"431\" srcset=\"https:\/\/i0.wp.com\/alaincardenas.com\/blog\/wp-content\/uploads\/2019\/11\/expo_chroniques_de_vie_javier_silva_meinel_galerie_younique_1.jpg?w=1440&amp;ssl=1 1440w, https:\/\/i0.wp.com\/alaincardenas.com\/blog\/wp-content\/uploads\/2019\/11\/expo_chroniques_de_vie_javier_silva_meinel_galerie_younique_1.jpg?resize=300%2C221&amp;ssl=1 300w, https:\/\/i0.wp.com\/alaincardenas.com\/blog\/wp-content\/uploads\/2019\/11\/expo_chroniques_de_vie_javier_silva_meinel_galerie_younique_1.jpg?resize=768%2C566&amp;ssl=1 768w, https:\/\/i0.wp.com\/alaincardenas.com\/blog\/wp-content\/uploads\/2019\/11\/expo_chroniques_de_vie_javier_silva_meinel_galerie_younique_1.jpg?resize=1024%2C755&amp;ssl=1 1024w, https:\/\/i0.wp.com\/alaincardenas.com\/blog\/wp-content\/uploads\/2019\/11\/expo_chroniques_de_vie_javier_silva_meinel_galerie_younique_1.jpg?resize=407%2C300&amp;ssl=1 407w, https:\/\/i0.wp.com\/alaincardenas.com\/blog\/wp-content\/uploads\/2019\/11\/expo_chroniques_de_vie_javier_silva_meinel_galerie_younique_1.jpg?w=1168&amp;ssl=1 1168w\" sizes=\"(max-width: 584px) 100vw, 584px\" data-recalc-dims=\"1\" \/><\/a><\/p>\n<p>La pr\u00e9sentation de la galerie Younique nous propose, sur les deux grands murs de son espace qui se font face, un vis \u00e0 vis entre deux s\u00e9ries de photographies de Javier Silva Meinel. La premi\u00e8re s\u00e9rie de cet accrochage remarquable \u00e9voque le ma\u00eetre \u00ab\u00a0cusqu\u00e9nien\u00a0\u00bb Martin Chambi \u2014 ayant recours parfois \u00e0 des mise en sc\u00e8ne en utilisant des accessoires et des fonds en d\u00e9cors peints \u2014, l&rsquo;autre s\u00e9rie se compose de clich\u00e9s se rapportant aux cultures et traditions du P\u00e9rou et aux personnages qui les perp\u00e9tuent. La particularit\u00e9 de cette seconde s\u00e9rie est son accompagnement documentaire. En effet chaque clich\u00e9 est doubl\u00e9 d&rsquo;un cartel qui comporte l&rsquo;explication quasi ethnographique de l&rsquo;\u00e9v\u00e9nement capt\u00e9 par Javier Silva Meinel. Les images proposent un regard empreint de tendresse envers les individus qui sont parfois confront\u00e9s \u00e0 des situations complexes, alors que les textes des cartels qui les accompagnent sont en forme de citations. On peut choisir de commencer par lire les cartels avant de regarder l&rsquo;image ou inversement, le r\u00e9sultat est tout aussi savoureux. Une synergie s&rsquo;op\u00e8re et vient sublimer les photographies en formant l&rsquo;\u0153uvre d&rsquo;un conteur qui nous emm\u00e8ne au-del\u00e0 des images, vers un imaginaire autre.<\/p>\n<p><a href=\"https:\/\/i0.wp.com\/alaincardenas.com\/blog\/wp-content\/uploads\/2019\/11\/DSC_0018.jpg?ssl=1\"><img data-attachment-id=\"4304\" data-permalink=\"https:\/\/alaincardenas.com\/blog\/chroniques-de-vie-javier-silva-meinel\/dsc_0018\/\" data-orig-file=\"https:\/\/i0.wp.com\/alaincardenas.com\/blog\/wp-content\/uploads\/2019\/11\/DSC_0018.jpg?fit=523%2C283&amp;ssl=1\" data-orig-size=\"523,283\" data-comments-opened=\"0\" data-image-meta=\"{&quot;aperture&quot;:&quot;5.6&quot;,&quot;credit&quot;:&quot;&quot;,&quot;camera&quot;:&quot;NIKON D3200&quot;,&quot;caption&quot;:&quot;&quot;,&quot;created_timestamp&quot;:&quot;1572894773&quot;,&quot;copyright&quot;:&quot;&quot;,&quot;focal_length&quot;:&quot;28&quot;,&quot;iso&quot;:&quot;800&quot;,&quot;shutter_speed&quot;:&quot;0.016666666666667&quot;,&quot;title&quot;:&quot;&quot;,&quot;orientation&quot;:&quot;1&quot;}\" data-image-title=\"DSC_0018\" data-image-description=\"\" data-image-caption=\"\" data-medium-file=\"https:\/\/i0.wp.com\/alaincardenas.com\/blog\/wp-content\/uploads\/2019\/11\/DSC_0018.jpg?fit=300%2C162&amp;ssl=1\" data-large-file=\"https:\/\/i0.wp.com\/alaincardenas.com\/blog\/wp-content\/uploads\/2019\/11\/DSC_0018.jpg?fit=523%2C283&amp;ssl=1\" decoding=\"async\" loading=\"lazy\" class=\"alignnone size-full wp-image-4304\" src=\"https:\/\/i0.wp.com\/alaincardenas.com\/blog\/wp-content\/uploads\/2019\/11\/DSC_0018.jpg?resize=523%2C283&#038;ssl=1\" alt=\"\" width=\"523\" height=\"283\" srcset=\"https:\/\/i0.wp.com\/alaincardenas.com\/blog\/wp-content\/uploads\/2019\/11\/DSC_0018.jpg?w=523&amp;ssl=1 523w, https:\/\/i0.wp.com\/alaincardenas.com\/blog\/wp-content\/uploads\/2019\/11\/DSC_0018.jpg?resize=300%2C162&amp;ssl=1 300w, https:\/\/i0.wp.com\/alaincardenas.com\/blog\/wp-content\/uploads\/2019\/11\/DSC_0018.jpg?resize=500%2C271&amp;ssl=1 500w\" sizes=\"(max-width: 523px) 100vw, 523px\" data-recalc-dims=\"1\" \/><\/a><\/p>\n<p>Avec cette nouvelle exposition, la galerie Younique, toujours aussi dynamique (voir l&rsquo;article sur <a href=\"https:\/\/alaincardenas.com\/blog\/compte-rendu\/art-paris-2019-une-edition-particuliere\/\">Art Paris 2019\u00a0<\/a>), inaugure la quinzaine du P\u00e9rou en France. Elle nous fait \u00e0 nouveau d\u00e9couvrir la force d&rsquo;expression et le talent de la <em>jeune<\/em> cr\u00e9ation p\u00e9ruvienne.<\/p>\n<p>Bibliographie succincte :<\/p>\n<div class=\"page\" title=\"Page 4\">\n<div class=\"layoutArea\">\n<div class=\"column\">\n<ul>\n<li>2012 \u00ab Javier Silva Meinel \u00bb, Collection Photo Bolsillo, Edition La F\u00e1brica<\/li>\n<li>2011 \u00ab Visiones de Machu Piccchu \u00bb, Edition Javier Silva Meinel<\/li>\n<li>1998 \u00ab Calendario Per\u00fa, Tiempos de Fiesta \u00bb, Edition Javier Silva Meinel<\/li>\n<li>1997 \u00ab Per\u00fa, fiestas y costumbres \u00bb, Edition Javier Silva Meinel<\/li>\n<li>1992 \u00ab Acho, Altar de Arena \u00bb, Edition Javier Silva Meinel 1988 \u00ab El libro de los Encantados \u00bb, Edition Javier Silva Meinel<\/li>\n<\/ul>\n<\/div>\n<\/div>\n<\/div>\n<div class=\"page\" title=\"Page 2\"><\/div>\n","protected":false},"excerpt":{"rendered":"<p>Exposition du 5 au 29 Novembre 2019,\u00a0Galerie Younique, 65 rue Pascal 75013 Paris &#8211; 06 26 76 36 33\u00a0Mardi-Samedi 16h-20h compte-rendu par Alain Cardenas-Castro Galerie install\u00e9e depuis bient\u00f4t quinze ans dans un arrondissement de la capitale qui pr\u00f4ne une diversit\u00e9 &hellip; <a href=\"https:\/\/alaincardenas.com\/blog\/chroniques-de-vie-javier-silva-meinel\/\">Continuer la lecture <span class=\"meta-nav\">&rarr;<\/span><\/a><\/p>\n","protected":false},"author":1,"featured_media":0,"comment_status":"closed","ping_status":"closed","sticky":false,"template":"","format":"standard","meta":{"sfsi_plus_gutenberg_text_before_share":"","sfsi_plus_gutenberg_show_text_before_share":"","sfsi_plus_gutenberg_icon_type":"","sfsi_plus_gutenberg_icon_alignemt":"","sfsi_plus_gutenburg_max_per_row":"","jetpack_post_was_ever_published":false,"_jetpack_newsletter_access":"","_jetpack_newsletter_tier_id":0,"jetpack_publicize_message":"","jetpack_is_tweetstorm":false,"jetpack_publicize_feature_enabled":true,"jetpack_social_post_already_shared":true,"jetpack_social_options":{"image_generator_settings":{"template":"highway","enabled":false}}},"categories":[43,27,42],"tags":[8,9,37],"jetpack_publicize_connections":[],"jetpack_featured_media_url":"","jetpack_sharing_enabled":true,"jetpack_shortlink":"https:\/\/wp.me\/p8Mijt-16J","jetpack_likes_enabled":true,"jetpack-related-posts":[{"id":9237,"url":"https:\/\/alaincardenas.com\/blog\/epiphanies-javier-silva-meinel\/","url_meta":{"origin":4261,"position":0},"title":"\u00c9PIPHANIES, Javier Silva Meinel","author":"admin","date":"2025-11-12","format":false,"excerpt":"Exposition du 9 novembre 2025 au 24 janvier 2026. Fermeture pendant les f\u00eates du 19 d\u00e9cembre au 7 janvier) du jeudi au samedi de 16h \u00e0 20h et sur RDV. Galerie Younique, 65 rue Pascal 75013 Paris. T\u00e9l. +33 6 26 76 36 33 galerieyounique@gmail.com compte-rendu par Alain Cardenas-Castro A\u2026","rel":"","context":"Dans &quot;Am\u00e9rique latine&quot;","block_context":{"text":"Am\u00e9rique latine","link":"https:\/\/alaincardenas.com\/blog\/category\/amerique-latine\/"},"img":{"alt_text":"","src":"https:\/\/i0.wp.com\/alaincardenas.com\/blog\/wp-content\/uploads\/2025\/11\/1762721465297.jpg?resize=350%2C200&ssl=1","width":350,"height":200,"srcset":"https:\/\/i0.wp.com\/alaincardenas.com\/blog\/wp-content\/uploads\/2025\/11\/1762721465297.jpg?resize=350%2C200&ssl=1 1x, https:\/\/i0.wp.com\/alaincardenas.com\/blog\/wp-content\/uploads\/2025\/11\/1762721465297.jpg?resize=525%2C300&ssl=1 1.5x, https:\/\/i0.wp.com\/alaincardenas.com\/blog\/wp-content\/uploads\/2025\/11\/1762721465297.jpg?resize=700%2C400&ssl=1 2x"},"classes":[]},{"id":8248,"url":"https:\/\/alaincardenas.com\/blog\/entre-urdimbres-y-tramas-cristina-ghetti\/","url_meta":{"origin":4261,"position":1},"title":"Entre urdimbres y tramas, Cristina Ghetti","author":"admin","date":"2024-09-20","format":false,"excerpt":"Exposition du 15 septembre au 19 octobre 2024, Galerie Younique *,\u00a065 rue Pascal 75013 Paris, du jeudi au samedi de 16h \u00e0 20h et sur RDV. compte-rendu par Alain Cardenas-Castro Cristina Ghetti est une artiste argentine qui vit et travaille \u00e0 Valence, en Espagne. Depuis une dizaine d'ann\u00e9es, elle s'int\u00e9resse\u2026","rel":"","context":"Dans &quot;Am\u00e9rique latine&quot;","block_context":{"text":"Am\u00e9rique latine","link":"https:\/\/alaincardenas.com\/blog\/category\/amerique-latine\/"},"img":{"alt_text":"","src":"https:\/\/i0.wp.com\/alaincardenas.com\/blog\/wp-content\/uploads\/2024\/09\/1726853216332.jpg?resize=350%2C200&ssl=1","width":350,"height":200,"srcset":"https:\/\/i0.wp.com\/alaincardenas.com\/blog\/wp-content\/uploads\/2024\/09\/1726853216332.jpg?resize=350%2C200&ssl=1 1x, https:\/\/i0.wp.com\/alaincardenas.com\/blog\/wp-content\/uploads\/2024\/09\/1726853216332.jpg?resize=525%2C300&ssl=1 1.5x, https:\/\/i0.wp.com\/alaincardenas.com\/blog\/wp-content\/uploads\/2024\/09\/1726853216332.jpg?resize=700%2C400&ssl=1 2x, https:\/\/i0.wp.com\/alaincardenas.com\/blog\/wp-content\/uploads\/2024\/09\/1726853216332.jpg?resize=1050%2C600&ssl=1 3x"},"classes":[]},{"id":8392,"url":"https:\/\/alaincardenas.com\/blog\/quiulacocha-un-projet-visuel-de-marco-garro\/","url_meta":{"origin":4261,"position":2},"title":"Portraits d&rsquo;hier et de demain (7) \u00ab\u00a0Quiulacocha\u00a0\u00bb, un projet visuel de Marco\u00a0Garro","author":"admin","date":"2024-11-22","format":false,"excerpt":"par Alain Cardenas-Castro Exposition du 7 novembre au 14 d\u00e9cembre 2024, Galerie Younique, Paris. Du jeudi au samedi de 16h \u00e0 20h et sur RDV. Une visite guid\u00e9e de l\u2019exposition Quiulacocha et une pr\u00e9sentation du livre de Marco Garro ont eu lieu en pr\u00e9sence de l\u2019artiste le vendredi 8 Novembre\u2026","rel":"","context":"Dans &quot;Am\u00e9rique latine&quot;","block_context":{"text":"Am\u00e9rique latine","link":"https:\/\/alaincardenas.com\/blog\/category\/amerique-latine\/"},"img":{"alt_text":"","src":"https:\/\/i0.wp.com\/alaincardenas.com\/blog\/wp-content\/uploads\/2024\/11\/1732185903563-1.jpg?resize=350%2C200&ssl=1","width":350,"height":200},"classes":[]},{"id":9441,"url":"https:\/\/alaincardenas.com\/blog\/alain-cardenas-castro-collages-photos-et-lavis-dest-en-ouest\/","url_meta":{"origin":4261,"position":3},"title":"ALAIN CARDENAS-CASTRO. COLLAGES, PHOTOS ET LAVIS D\u2019EST EN OUEST.","author":"admin","date":"2026-03-03","format":false,"excerpt":"EXPOSITION \u2013 GALERIE YOUNIQUE, PARIS. FEVRIER-MARS 2026. Compte-rendu par SUN Chengan La Galerie Younique, ouverte en 2005 \u00e0 Paris par Mathias Bloch, encha\u00eene \u00e0 l\u2019Est comme \u00e0 l\u2019Ouest des expositions de groupe et des \u00e9v\u00e9nements individuels. Elle accueille les lavis, les collages et les documents photos d\u2019Alain Cardenas-Castro. Un panorama\u2026","rel":"","context":"Dans &quot;Am\u00e9rique latine&quot;","block_context":{"text":"Am\u00e9rique latine","link":"https:\/\/alaincardenas.com\/blog\/category\/amerique-latine\/"},"img":{"alt_text":"","src":"https:\/\/i0.wp.com\/alaincardenas.com\/blog\/wp-content\/uploads\/2026\/02\/1772112521143.jpg?resize=350%2C200&ssl=1","width":350,"height":200},"classes":[]},{"id":6225,"url":"https:\/\/alaincardenas.com\/blog\/de-parc-2022-a-younique\/","url_meta":{"origin":4261,"position":4},"title":"De PArC 2022 \u00e0 Younique","author":"admin","date":"2022-04-30","format":false,"excerpt":"par Alain Cardenas-Castro Quarante-cinq galeries au neuvi\u00e8me PArC. Une seule galerie fran\u00e7aise orient\u00e9e P\u00e9rou et \u00e9changes Est-Ouest donne le ton d'une meilleure visibilit\u00e9 sur la cr\u00e9ation contemporaine qui rassemble tendances hispanisantes et pluriethniques. La neuvi\u00e8me \u00e9dition de PArC, Peru Arte Contempor\u00e1neo, a eu lieu du 20 au 24 avril 2022.\u2026","rel":"","context":"Dans &quot;Am\u00e9rique latine&quot;","block_context":{"text":"Am\u00e9rique latine","link":"https:\/\/alaincardenas.com\/blog\/category\/amerique-latine\/"},"img":{"alt_text":"","src":"https:\/\/i0.wp.com\/alaincardenas.com\/blog\/wp-content\/uploads\/2022\/04\/stand-Younique-PaRC.pptx.jpg?resize=350%2C200&ssl=1","width":350,"height":200,"srcset":"https:\/\/i0.wp.com\/alaincardenas.com\/blog\/wp-content\/uploads\/2022\/04\/stand-Younique-PaRC.pptx.jpg?resize=350%2C200&ssl=1 1x, https:\/\/i0.wp.com\/alaincardenas.com\/blog\/wp-content\/uploads\/2022\/04\/stand-Younique-PaRC.pptx.jpg?resize=525%2C300&ssl=1 1.5x, https:\/\/i0.wp.com\/alaincardenas.com\/blog\/wp-content\/uploads\/2022\/04\/stand-Younique-PaRC.pptx.jpg?resize=700%2C400&ssl=1 2x, https:\/\/i0.wp.com\/alaincardenas.com\/blog\/wp-content\/uploads\/2022\/04\/stand-Younique-PaRC.pptx.jpg?resize=1050%2C600&ssl=1 3x, https:\/\/i0.wp.com\/alaincardenas.com\/blog\/wp-content\/uploads\/2022\/04\/stand-Younique-PaRC.pptx.jpg?resize=1400%2C800&ssl=1 4x"},"classes":[]},{"id":5228,"url":"https:\/\/alaincardenas.com\/blog\/oeuvres-magiques-et-polychromes-dalain-cardenas-castro-papiers-livres-dartiste-sculptures-et-autres-supports\/","url_meta":{"origin":4261,"position":5},"title":"\u0152uvres magiques et polychromes d\u2019Alain Cardenas-Castro. Papiers, livres d\u2019artiste, sculptures et autres supports","author":"admin","date":"2020-07-14","format":false,"excerpt":"G\u00e9ographie \u00e9ph\u00e9m\u00e8re,\u00a0Galerie Younique,\u00a065 rue Pascal 75013 Paris,\u00a0du 13 septembre au 17 octobre 2020 compte-rendu par Marie-Paule Peronnet Ann\u00e9es 2018 \u00e0 2020. Une succession d\u2019\u0153uvres pour une chronologie triennale propitiatoire, sur suite d\u2019\u00e9v\u00e9nements num\u00e9riques et patrimoniaux en France, en Asie et au P\u00e9rou. Des manifestations qui montrent la pr\u00e9sence interactive d\u2019Alain\u2026","rel":"","context":"Dans &quot;Am\u00e9rique latine&quot;","block_context":{"text":"Am\u00e9rique latine","link":"https:\/\/alaincardenas.com\/blog\/category\/amerique-latine\/"},"img":{"alt_text":"","src":"https:\/\/i0.wp.com\/alaincardenas.com\/blog\/wp-content\/uploads\/2020\/07\/IMG_2736.jpg?resize=350%2C200&ssl=1","width":350,"height":200,"srcset":"https:\/\/i0.wp.com\/alaincardenas.com\/blog\/wp-content\/uploads\/2020\/07\/IMG_2736.jpg?resize=350%2C200&ssl=1 1x, https:\/\/i0.wp.com\/alaincardenas.com\/blog\/wp-content\/uploads\/2020\/07\/IMG_2736.jpg?resize=525%2C300&ssl=1 1.5x, https:\/\/i0.wp.com\/alaincardenas.com\/blog\/wp-content\/uploads\/2020\/07\/IMG_2736.jpg?resize=700%2C400&ssl=1 2x"},"classes":[]}],"_links":{"self":[{"href":"https:\/\/alaincardenas.com\/blog\/wp-json\/wp\/v2\/posts\/4261"}],"collection":[{"href":"https:\/\/alaincardenas.com\/blog\/wp-json\/wp\/v2\/posts"}],"about":[{"href":"https:\/\/alaincardenas.com\/blog\/wp-json\/wp\/v2\/types\/post"}],"author":[{"embeddable":true,"href":"https:\/\/alaincardenas.com\/blog\/wp-json\/wp\/v2\/users\/1"}],"replies":[{"embeddable":true,"href":"https:\/\/alaincardenas.com\/blog\/wp-json\/wp\/v2\/comments?post=4261"}],"version-history":[{"count":13,"href":"https:\/\/alaincardenas.com\/blog\/wp-json\/wp\/v2\/posts\/4261\/revisions"}],"predecessor-version":[{"id":4314,"href":"https:\/\/alaincardenas.com\/blog\/wp-json\/wp\/v2\/posts\/4261\/revisions\/4314"}],"wp:attachment":[{"href":"https:\/\/alaincardenas.com\/blog\/wp-json\/wp\/v2\/media?parent=4261"}],"wp:term":[{"taxonomy":"category","embeddable":true,"href":"https:\/\/alaincardenas.com\/blog\/wp-json\/wp\/v2\/categories?post=4261"},{"taxonomy":"post_tag","embeddable":true,"href":"https:\/\/alaincardenas.com\/blog\/wp-json\/wp\/v2\/tags?post=4261"}],"curies":[{"name":"wp","href":"https:\/\/api.w.org\/{rel}","templated":true}]}}