{"id":4105,"date":"2019-09-22T23:38:34","date_gmt":"2019-09-22T21:38:34","guid":{"rendered":"https:\/\/alaincardenas.com\/blog\/?p=4105"},"modified":"2019-09-23T09:14:15","modified_gmt":"2019-09-23T07:14:15","slug":"oeuvres-au-lavis-sculptures-de-yang-ermin-et-pierres-a-encre-de-sa-collection","status":"publish","type":"post","link":"https:\/\/alaincardenas.com\/blog\/oeuvres-au-lavis-sculptures-de-yang-ermin-et-pierres-a-encre-de-sa-collection\/","title":{"rendered":"\u0152uvres au lavis, sculptures de Yang Ermin et pierres \u00e0 encre de sa collection"},"content":{"rendered":"<p>Mus\u00e9e Marcel Sahut, Volvic, du 21 septembre au 30 novembre 2019.<\/p>\n<p>Commissariat de <strong>Christophe Comentale<\/strong> et <strong>Gwenn Gayet<\/strong><\/p>\n<p>Gr\u00e2ce au dynamisme \u00e9clair\u00e9 du maire de Volvic, Mohand Hamoumou, le mus\u00e9e Marcel Sahut qui a fait l\u2019objet d\u2019une r\u00e9cente r\u00e9novation, continue de mettre en \u0153uvre une politique d\u2019expositions ouvertes. Il accueille l\u2019\u0153uvre de Yang Ermin, au total une quarantaine de lavis r\u00e9alis\u00e9s des ann\u00e9es 80 \u00e0 2019, ainsi que deux sculptures en bronze de ce cr\u00e9ateur.<\/p>\n<div id=\"attachment_4117\" style=\"width: 594px\" class=\"wp-caption alignnone\"><a href=\"https:\/\/i0.wp.com\/alaincardenas.com\/blog\/wp-content\/uploads\/2019\/09\/mms_20190922_235523.jpg?ssl=1\"><img aria-describedby=\"caption-attachment-4117\" data-attachment-id=\"4117\" data-permalink=\"https:\/\/alaincardenas.com\/blog\/oeuvres-au-lavis-sculptures-de-yang-ermin-et-pierres-a-encre-de-sa-collection\/mms_20190922_235523\/\" data-orig-file=\"https:\/\/i0.wp.com\/alaincardenas.com\/blog\/wp-content\/uploads\/2019\/09\/mms_20190922_235523.jpg?fit=1921%2C1080&amp;ssl=1\" data-orig-size=\"1921,1080\" data-comments-opened=\"0\" data-image-meta=\"{&quot;aperture&quot;:&quot;0&quot;,&quot;credit&quot;:&quot;&quot;,&quot;camera&quot;:&quot;&quot;,&quot;caption&quot;:&quot;&quot;,&quot;created_timestamp&quot;:&quot;0&quot;,&quot;copyright&quot;:&quot;&quot;,&quot;focal_length&quot;:&quot;0&quot;,&quot;iso&quot;:&quot;0&quot;,&quot;shutter_speed&quot;:&quot;0&quot;,&quot;title&quot;:&quot;&quot;,&quot;orientation&quot;:&quot;1&quot;}\" data-image-title=\"mms_20190922_235523\" data-image-description=\"\" data-image-caption=\"\" data-medium-file=\"https:\/\/i0.wp.com\/alaincardenas.com\/blog\/wp-content\/uploads\/2019\/09\/mms_20190922_235523.jpg?fit=300%2C169&amp;ssl=1\" data-large-file=\"https:\/\/i0.wp.com\/alaincardenas.com\/blog\/wp-content\/uploads\/2019\/09\/mms_20190922_235523.jpg?fit=584%2C329&amp;ssl=1\" decoding=\"async\" loading=\"lazy\" class=\"wp-image-4117 size-large\" src=\"https:\/\/i0.wp.com\/alaincardenas.com\/blog\/wp-content\/uploads\/2019\/09\/mms_20190922_235523.jpg?resize=584%2C329&#038;ssl=1\" alt=\"\" width=\"584\" height=\"329\" srcset=\"https:\/\/i0.wp.com\/alaincardenas.com\/blog\/wp-content\/uploads\/2019\/09\/mms_20190922_235523.jpg?resize=1024%2C576&amp;ssl=1 1024w, https:\/\/i0.wp.com\/alaincardenas.com\/blog\/wp-content\/uploads\/2019\/09\/mms_20190922_235523.jpg?resize=300%2C169&amp;ssl=1 300w, https:\/\/i0.wp.com\/alaincardenas.com\/blog\/wp-content\/uploads\/2019\/09\/mms_20190922_235523.jpg?resize=768%2C432&amp;ssl=1 768w, https:\/\/i0.wp.com\/alaincardenas.com\/blog\/wp-content\/uploads\/2019\/09\/mms_20190922_235523.jpg?resize=500%2C281&amp;ssl=1 500w, https:\/\/i0.wp.com\/alaincardenas.com\/blog\/wp-content\/uploads\/2019\/09\/mms_20190922_235523.jpg?w=1921&amp;ssl=1 1921w, https:\/\/i0.wp.com\/alaincardenas.com\/blog\/wp-content\/uploads\/2019\/09\/mms_20190922_235523.jpg?w=1168&amp;ssl=1 1168w, https:\/\/i0.wp.com\/alaincardenas.com\/blog\/wp-content\/uploads\/2019\/09\/mms_20190922_235523.jpg?w=1752&amp;ssl=1 1752w\" sizes=\"(max-width: 584px) 100vw, 584px\" data-recalc-dims=\"1\" \/><\/a><p id=\"caption-attachment-4117\" class=\"wp-caption-text\">Yang Ermin devant une \u0153uvre r\u00e9cente lors de l&rsquo;inauguration de son exposition. (\u00e0 gauche) Yang Ermin, (2e \u00e0 gauche, le maire de la ville, Mohand Hamoumou), des membres du Conseil municipal, parmi lesquels Daniel Baptiste, Nicole Laurent ; (\u00e0 droite) Gwenn Gayet, directrice du Mus\u00e9e Sahut.<\/p><\/div>\n<p><!--more--><\/p>\n<p>Par ailleurs,\u00a0 cet artiste et esth\u00e8te est aussi un collectionneur raffin\u00e9. Un floril\u00e8ge de douze pierres \u00e0 encres en donne une id\u00e9e. L\u2019ensemble de ces \u0153uvres, s\u00e9lectionn\u00e9 par le commissaire scientifique, Christophe Comentale, est mis en sc\u00e9nographie par la commissaire ex\u00e9cutive, \u00e9galement la nouvelle directrice du mus\u00e9e, Gwenn Gayet.<\/p>\n<div id=\"attachment_4108\" style=\"width: 810px\" class=\"wp-caption alignnone\"><a href=\"https:\/\/i0.wp.com\/alaincardenas.com\/blog\/wp-content\/uploads\/2019\/09\/Yang-Ermin-et-Christophe-Comentale-choisissant-des-peirres-\u00e0-encre-pour-lexposition-P\u00e9kin-2017.jpg?ssl=1\"><img aria-describedby=\"caption-attachment-4108\" data-attachment-id=\"4108\" data-permalink=\"https:\/\/alaincardenas.com\/blog\/oeuvres-au-lavis-sculptures-de-yang-ermin-et-pierres-a-encre-de-sa-collection\/yang-ermin-et-christophe-comentale-choisissant-des-peirres-a-encre-pour-lexposition-pekin-2017\/\" data-orig-file=\"https:\/\/i0.wp.com\/alaincardenas.com\/blog\/wp-content\/uploads\/2019\/09\/Yang-Ermin-et-Christophe-Comentale-choisissant-des-peirres-\u00e0-encre-pour-lexposition-P\u00e9kin-2017.jpg?fit=800%2C600&amp;ssl=1\" data-orig-size=\"800,600\" data-comments-opened=\"0\" data-image-meta=\"{&quot;aperture&quot;:&quot;2.2&quot;,&quot;credit&quot;:&quot;&quot;,&quot;camera&quot;:&quot;iPhone 5s&quot;,&quot;caption&quot;:&quot;&quot;,&quot;created_timestamp&quot;:&quot;1478298739&quot;,&quot;copyright&quot;:&quot;&quot;,&quot;focal_length&quot;:&quot;4.15&quot;,&quot;iso&quot;:&quot;320&quot;,&quot;shutter_speed&quot;:&quot;0.058823529411765&quot;,&quot;title&quot;:&quot;&quot;,&quot;orientation&quot;:&quot;1&quot;}\" data-image-title=\"Yang Ermin et Christophe Comentale choisissant des peirres \u00e0 encre pour l&amp;rsquo;exposition (P\u00e9kin, 2017)\" data-image-description=\"\" data-image-caption=\"\" data-medium-file=\"https:\/\/i0.wp.com\/alaincardenas.com\/blog\/wp-content\/uploads\/2019\/09\/Yang-Ermin-et-Christophe-Comentale-choisissant-des-peirres-\u00e0-encre-pour-lexposition-P\u00e9kin-2017.jpg?fit=300%2C225&amp;ssl=1\" data-large-file=\"https:\/\/i0.wp.com\/alaincardenas.com\/blog\/wp-content\/uploads\/2019\/09\/Yang-Ermin-et-Christophe-Comentale-choisissant-des-peirres-\u00e0-encre-pour-lexposition-P\u00e9kin-2017.jpg?fit=584%2C438&amp;ssl=1\" decoding=\"async\" loading=\"lazy\" class=\"wp-image-4108 size-full\" src=\"https:\/\/i0.wp.com\/alaincardenas.com\/blog\/wp-content\/uploads\/2019\/09\/Yang-Ermin-et-Christophe-Comentale-choisissant-des-peirres-\u00e0-encre-pour-lexposition-P\u00e9kin-2017.jpg?resize=584%2C438&#038;ssl=1\" alt=\"\" width=\"584\" height=\"438\" srcset=\"https:\/\/i0.wp.com\/alaincardenas.com\/blog\/wp-content\/uploads\/2019\/09\/Yang-Ermin-et-Christophe-Comentale-choisissant-des-peirres-\u00e0-encre-pour-lexposition-P\u00e9kin-2017.jpg?w=800&amp;ssl=1 800w, https:\/\/i0.wp.com\/alaincardenas.com\/blog\/wp-content\/uploads\/2019\/09\/Yang-Ermin-et-Christophe-Comentale-choisissant-des-peirres-\u00e0-encre-pour-lexposition-P\u00e9kin-2017.jpg?resize=300%2C225&amp;ssl=1 300w, https:\/\/i0.wp.com\/alaincardenas.com\/blog\/wp-content\/uploads\/2019\/09\/Yang-Ermin-et-Christophe-Comentale-choisissant-des-peirres-\u00e0-encre-pour-lexposition-P\u00e9kin-2017.jpg?resize=768%2C576&amp;ssl=1 768w, https:\/\/i0.wp.com\/alaincardenas.com\/blog\/wp-content\/uploads\/2019\/09\/Yang-Ermin-et-Christophe-Comentale-choisissant-des-peirres-\u00e0-encre-pour-lexposition-P\u00e9kin-2017.jpg?resize=400%2C300&amp;ssl=1 400w\" sizes=\"(max-width: 584px) 100vw, 584px\" data-recalc-dims=\"1\" \/><\/a><p id=\"caption-attachment-4108\" class=\"wp-caption-text\">Yang Ermin et Christophe Comentale choisissant des pierres \u00e0 encre en vue de l&rsquo;exposition \u00e0 venir (P\u00e9kin, 2017).<\/p><\/div>\n<p>Compte-rendu par Alain Cardenas-Castro<\/p>\n<p><b>Quelques \u00e9l\u00e9ments biographiques<\/b><\/p>\n<p>Yang Ermin na\u00eet en 1971 \u00e0 Quyang dans la province du Hebei, 5 ans apr\u00e8s l\u2019ann\u00e9e o\u00f9 \u00e9clate la R\u00e9volution culturelle. Il a\u00a0 5 ans quand elle s\u2019ach\u00e8ve, en 1976, et 30, quand la Chine rejoint, en 2001, l\u2019Organisation mondiale du commerce.<\/p>\n<p>Enfant choy\u00e9, adolescent pugnace, il entreprend des \u00e9tudes artistiques et obtient au Japon un doctorat en esth\u00e9tique. Depuis trois d\u00e9cennies, il encha\u00eene des expositions personnelles et collectives en Asie et en Occident. Nourri autant des grands mod\u00e8les chinois, tels Xu Beihong ou Lin Fengmian que des classiques fran\u00e7ais comme Monet ou C\u00e9zanne, il pose sur le monde sans fronti\u00e8re qu\u2019il parcourt un regard personnel qui alimente son langage graphique.<\/p>\n<p>\u00ab\u00a0Ermin Yang est un artiste que les arts, et plus particuli\u00e8rement la peinture, attirent depuis l\u2019enfance. Sa vocation inn\u00e9e se manifeste par l\u2019attrait pour les formes, toutes les formes, les plus simples comme les plus \u00e9labor\u00e9es.<\/p>\n<p>A Quyang, sa ville natale, ce sont les reliefs contrast\u00e9s des plaines et des montagnes. Ce sont aussi les t\u00e9moignages laiss\u00e9s par l\u2019artiste du VIIIe si\u00e8cle Wu Daozi, et ce sont surtout les pierres aux formes \u00e9tranges collectionn\u00e9es par la plupart des habitants, et dont certaines, dit-on, seraient expos\u00e9es au mus\u00e9e du palais imp\u00e9rial. C\u2019est en raison de ces pierres que l\u2019association des sculpteurs de pierre a choisi la petite ville de Quyang et non P\u00e9kin, pour y \u00e9tablir ses r\u00e9unions. Les soci\u00e9t\u00e9s de copie de sculptures antiques, elles, ont \u00e9lu Quyang pour ses artisans, dont le savoir-faire est reconnu, et les prix moins \u00e9lev\u00e9s qu\u2019ailleurs\u00a0\u00bb. (Marie-Christine Natta, extrait de <i>Trait\u00e9 de l\u2019\u00e9l\u00e9gance<\/i>, Ed. du Cano\u00eb, Paris, 2019).<\/p>\n<p>Ces propos liminaires sont compl\u00e9t\u00e9s par ceux de l\u2019artiste\u00a0:<\/p>\n<p>\u00ab\u00a0D\u00e8s que j\u2019ai pu commencer \u00e0 prendre mes marques, en particulier en ayant acc\u00e8s aux sources classiques chinoises\u00a0qui \u00e9taient mises \u00e0 ma disposition gr\u00e2ce \u00e0 la biblioth\u00e8que familiale, j\u2019ai pu parcourir les manuels \u00e0 peinture les plus connus. Alors, je ne savais rien de particulier sur ces mod\u00e8les de formes animales, v\u00e9g\u00e9tales, humaines, qui sont aussi des recueils d\u2019accessoires permettant \u00e0 tout d\u00e9butant de pouvoir ainsi cr\u00e9er son propre environnement naturel, j\u2019ai longtemps regard\u00e9 les planches, lu les commentaires laiss\u00e9s par ces lettr\u00e9s entreprenants pour l\u2019ex\u00e9cution parfaite mais apparemment simple des reprises de grandes \u0153uvres traditionnelles, toutes en xylographie ou bien encore en \u00e9dition xylographique comme on en imprimait \u00e0 Shanghai au d\u00e9but du XXe si\u00e8cle. Je pr\u00e9f\u00e9rais de beaucoup les \u00e9ditions polychromes, dont le rendu en couleurs \u00e0 l\u2019eau me faisait\u00a0 m\u2019interroger sans fin sur les transparences des surfaces, sur la fa\u00e7on dont les versants successifs des montagnes parvenaient \u00e0 cette force de rendu. Je ne peux pas dire que j\u2019aimais faire moi-m\u00eame de semblables \u0153uvres. Ce que je ressentais d\u00e9j\u00e0, c\u2019est que la gravure en couleur permet d\u2019aller vers la peinture, et pas forc\u00e9ment au d\u00e9butant que j\u2019\u00e9tais de devenir un sp\u00e9cialiste de cette technique\u00a0\u00bb (propos recueillis lors d\u2019un entretien avec l\u2019artiste \u00e0 Beijing en novembre 2013).<\/p>\n<p>Au fil de cette d\u00e9couverte d\u2019une technique traditionnelle qui a permis \u00e0 la Chine d\u2019obtenir les plus beaux fleurons de ses \u00e9ditions de textes et aussi de recueils illustr\u00e9s, Yang Ermin laisse transpara\u00eetre sa pr\u00e9f\u00e9rence pour trois sujets particuliers dont le traitement demandera ci-apr\u00e8s quelque commentaire\u00a0: les natures mortes, les paysages, les personnages.<\/p>\n<p>\u00ab\u00a0Depuis des d\u00e9cennies, j\u2019ai eu le loisir de regarder des \u0153uvres chinoises dans des collections \u00e9trang\u00e8res, notamment au Japon, aux Etats-Unis, en Europe. Cette diversit\u00e9 des pi\u00e8ces acquises par des \u00e9trangers m\u2019a \u00e9norm\u00e9ment fait r\u00e9fl\u00e9chir, en particulier aux crit\u00e8res esth\u00e9tiques qui ont pu motiver ces achats puis ces donations qui ne cessent de se succ\u00e9der depuis lors. Si je compare avec les collections chinoises, une diff\u00e9rence essentielle est un plaisir esth\u00e9tique qui a \u00e9t\u00e9 \u00e0 la base de cette n\u00e9cessit\u00e9 de possession, un plaisir quasi imm\u00e9diat d\u2019appr\u00e9cier des moments et des tranches d\u2019une vie autres. Certaines de ces pi\u00e8ces remontent \u00e0 des p\u00e9riodes telles que le N\u00e9olithique, les Royaumes combattants, pour ne mentionner que les p\u00e9riodes les plus anciennes.<\/p>\n<p>Bien s\u00fbr, ma vie au Japon, o\u00f9 j\u2019ai \u00e9tudi\u00e9, a \u00e9t\u00e9 sous influence sinis\u00e9e, en raison de la force culturelle que la Chine a exerc\u00e9 sur le Japon pendant des si\u00e8cles, des Tang aux Song. Il n\u2019en reste pas moins que, les Japonais, lorsque le pouvoir d\u00e9cide sous l\u2019\u00e8re Meiji, de s\u2019ouvrir \u00e0 l\u2019Occident, ont tr\u00e8s vite pris le pli de concilier des notions esth\u00e9tiques qui allient pulsions personnelles et vertus morales. Ainsi se sont constitu\u00e9es des fonds patrimoniaux que le monde entier envie \u00e0 ce pays.<\/p>\n<p>Pour la Chine, des p\u00e9riodes diff\u00e9rentes ont conduit \u00e0 une m\u00e9connaissance compl\u00e8te de l\u2019esth\u00e9tique chinoise. Le raffinement chinois est tr\u00e8s t\u00f4t pr\u00e9sent \u00e0 travers \u2018\u0153uvre de ce qu\u2019il est convenu d\u2019appeler des lettr\u00e9s, ce qui est l\u2019\u00e9quivalent m\u00e9di\u00e9val des clercs en poste aupr\u00e8s des politiques et hommes d\u2019Etat. Un calligraphe, peintre et collectionneur tel que l\u2019a \u00e9t\u00e9 Mi Fu (1051-1107), consid\u00e9r\u00e9 comme le dandy chinois par excellence, en donnant au mot toute l\u2019aura de raffinement qui l\u2019entoure, n\u2019est pas unique en Chine. Mais tous ces hommes raffin\u00e9s ne se sont gu\u00e8re pr\u00e9occup\u00e9s de ce que leurs semblables pouvaient penser de leurs pratiques, de leur style de vie qui \u00e9tait avant tout d\u2019\u00e9chapper au vulgaire.<\/p>\n<p>Une connaissance de la po\u00e9sie, du tir \u00e0 l\u2019arc de la calligraphie, des strat\u00e9gies de l\u2019art de la guerre \u00e9taient autant d\u2019\u00e9l\u00e9ments qui ont concouru \u00e0 centrer leur sensibilit\u00e9 sur une cr\u00e9ation personnelle intense. Leur fa\u00e7on de d\u00e9layer l\u2019encre pour en obtenir un pigment particulier, d\u2019y m\u00ealer des couleurs elles aussi d\u00e9lay\u00e9es \u00e0 partir de substances min\u00e9rales ou v\u00e9g\u00e9tales, d\u2019appliquer sur un support de soie le plus souvent, puis de papiers faits artisanalement selon des dimensions que chaque commanditaire avait en t\u00eate pour des raisons personnelles, ont permis de constituer sur des d\u00e9cennies des \u0153uvres\u00a0 originaux.<\/p>\n<p>Lorsque l\u2019un ou l\u2019autre d\u00e9crit son travail\u00a0 au fil des notes prises ici et l\u00e0 ou sur un texte qui accompagne une peinture, les notations sont, toutes, autant de points brillants et des r\u00e9f\u00e9rences au travail, au plaisir de composer\u2026<\/p>\n<p>Cette \u00e9poque est r\u00e9volue. Bel et bien r\u00e9volue. Une telle approche\u00a0 peut, certes, encore exister, si elle donne du plaisir \u00e0 celui ou \u00e0 celle qui en \u00e9prouve le besoin. Il n\u2019en reste pas moins que cette \u00e9l\u00e9gance de l\u2019art chinois n\u2019appartient pas au pass\u00e9. A toutes les \u00e9poques, j\u2019ai constat\u00e9 que des cr\u00e9ateurs ont \u00e9prouv\u00e9, ressenti ce besoin de se lancer dans ce qui les pousse vers la recherche de soi \u00e0 travers un langage propre. Je ne me sentirais pas bien si je devais me sentir restreint, contraint alors que depuis des d\u00e9cennies, la vari\u00e9t\u00e9 du monde ne cesse de s\u2019imposer \u00e0 moi, \u00e0 \u00eatre un moteur puissant de ma pr\u00e9sence au monde. L\u2019un des hommes dont j\u2019ai le plus appr\u00e9ci\u00e9 l\u2019ind\u00e9pendance d\u2019esprit a \u00e9t\u00e9 Zhang Daqian (1899-1983). On peut, certes, lui opposer une attitude assez irrespectueuse aux autres. La n\u00e9cessit\u00e9 de composer, d\u2019\u00e9crire, de peindre est grandement responsable de cet \u00e9tat. Je ne me sens pas vraiment diff\u00e9rent de cette approche. 1919, 1949, 1976, 2002, ces dates ont fait plier des hommes, provoqu\u00e9 des r\u00e9actions de masse. Elles n\u2019ont eu aucun effet sur le temps qui passe (*).<\/p>\n<p>La norme en art contemporain est la norme du monde\u00a0; c\u2019est \u00e0 l\u2019aune de l\u2019humain qu\u2019elle s\u2019est forg\u00e9e. Au si\u00e8cle dernier, des hommes comme Xu Beihong, Lin Fengmian, Liu Haisu ont pr\u00e9conis\u00e9 qu\u2019il fallait r\u00e9former la peinture chinoise au lavis, ce que reconnaissent les hommes d\u2019aujourd\u2019hui. Il leur a fallu s\u2019int\u00e9grer dans une sorte de norme mondiale. Ce que j\u2019appelle norme mondiale n\u2019est pas un couperet impos\u00e9 par une soci\u00e9t\u00e9, m\u00eame si, assez naturellement, la soci\u00e9t\u00e9 et son contexte politique influencent assez fort l\u2019\u0153uvre des cr\u00e9ateurs\u00a0\u00bb (propos recueillis lors d\u2019entretiens avec l\u2019artiste \u00e0 Beijing en octobre 2012 et au printemps 2014).<\/p>\n<p>C\u2019est \u00e0 l\u2019Acad\u00e9mie des arts de Nankin que j\u2019ai fait mes \u00e9tudes en art et en esth\u00e9tique. Ces orientations parall\u00e8les m\u2019ont impos\u00e9 l\u2019envie d\u2019\u00e9crire. Les textes po\u00e9tiques sont un constant enrichissement \u00e0 ma pratique de peintre et de graveur. De m\u00eame que l\u2019int\u00e9r\u00eat pour l\u2019esth\u00e9tique donne une dimension autre \u00e0 l\u2019approche de l\u2019\u0153uvre.<\/p>\n<p>Ce Japon o\u00f9 j\u2019ai t\u00f4t absorb\u00e9 des pans entiers de cette civilisation r\u00e9alis\u00e9 des natures mortes qui avaient comme points de d\u00e9part des approches de Monet ou de C\u00e9zanne, de grands a\u00een\u00e9s occidentaux, n\u2019ont \u00e9t\u00e9 que des maillons n\u00e9cessaire \u00e0 cette libert\u00e9 de regard sans laquelle il est bien inutile de cr\u00e9er.<\/p>\n<p>Depuis que l\u2019on m\u2019a propos\u00e9 la direction de l\u2019Institut de recherches sur les \u0153uvres au lavis de l\u2019Acad\u00e9mie des arts de Nankin, je n\u2019ai pas chang\u00e9 d\u2019optique sur le r\u00f4le du lavis dans la cr\u00e9ation contemporaine. Mes intuitions et constatations s\u2019en sont trouv\u00e9es renforc\u00e9es\u00a0\u00bb (propos tir\u00e9s du <i>Trait\u00e9 de l\u2019\u00e9l\u00e9gance<\/i>).<\/p>\n<p><b>Les sujets essentiels\u00a0: paysage,\u00a0<\/b><b>nature morte et personnage<\/b><\/p>\n<p>Parmi les grands th\u00e8mes de ce peintre, les paysages\u00a0: un parcours, une promenade ou bien une p\u00e9r\u00e9grination. Le voyage en Occident, sa vie au Japon, pays \u00e0 la fois d\u2019Asie, qui a su tirer parti avec la confrontation avec les \u0153uvres occidentales vues dans les mus\u00e9es occidentaux, lors d\u2019expositions ou bien aussi \u00e0 la lecture des catalogues et monographies qui ont un r\u00f4le non n\u00e9gligeable dans l\u2019\u00e9largissement d\u2019un id\u00e9al.<\/p>\n<p><b>Des sujets privil\u00e9gi\u00e9s\u00a0: du personnage \u00e0 la nature morte<\/b><\/p>\n<p>Qu\u2019on le veuille ou non, l\u2019\u0153uvre de Yang Ermin\u00a0 produit au regard des sensations, des r\u00e9flexions qui, d\u2019embl\u00e9e, disent l\u2019originalit\u00e9 de la synth\u00e8se r\u00e9alis\u00e9e. On peut tout \u00e0 fait parler d\u2019occidentalisme, tant pour ses sc\u00e8nes d\u2019int\u00e9rieur que pour ses autres sujets de pr\u00e9dilection.<\/p>\n<p><b>Du personnage\u00a0<\/b><\/p>\n<p>La palette va de celle des artistes japonais des ann\u00e9es 30 \u00e0 l\u2019approche d\u2019artistes comme Matisse, Vuillard surtout. Le personnage est comme fondu dans son environnement domestique, mais il s\u2019agit alors d\u2019un contexte o\u00f9 chaque objet, accessoire, ustensile, prend un poids particulier. Une s\u00e9rie de personnages r\u00e9cents montre une utilisation du lavis tr\u00e8s fragment\u00e9e, comme d\u2019une peinture \u00e9caill\u00e9e, reliquat du temps pass\u00e9. Malgr\u00e9 les touches et retouches qui sont effectu\u00e9es imperceptiblement, l\u2019aspect\u00a0 instable, comme sur le point de dispara\u00eetre, presque, permet de capter la lumi\u00e8re tout en donnant \u00e0 chaque coloris, \u00e0 chaque ton envisag\u00e9, une pr\u00e9sence particuli\u00e8re (ill.). Tout r\u00e9cemment encore, Yang Ermin a peint des hommes politiques, des artistes internationaux qui sont devenus comme des t\u00e9moignages d\u2019un monde en d\u00e9liquescence et dont l\u2019aspect \u00e9vanescent fait s\u2019interroger sur le temps qui passe comme sur l\u2019importance de ces \u00eatres.<\/p>\n<p>\u00ab\u00a0Je consid\u00e8re que la force de mes \u0153uvres est aussi puissante que celle de l\u2019huile ou de l\u2019acrylique en Occident. Les nouvelles g\u00e9n\u00e9rations doivent s\u2019affirmer avec ce m\u00e9dium qui redonne une \u00e9nergie autre aux \u0153uvres\u00a0\u00bb d\u00e9clare Yang.<\/p>\n<p><b>Les grands paysages<\/b><\/p>\n<p>Yang montre sa connaissance de la composition, prise de possession et de restitution des peintres anciens, des Tang au Qing notamment, dynasties durant lesquelles les montagnes, en particulier les sites c\u00e9l\u00e8bres sont l\u2019objet d\u2019imposantes compositions. Ainsi en va-t-il de la s\u00e9rie du <i>Mont Wutai <\/i>\u4e94\u53f0\u5c71\u4e4b\u4e00, lavis en couleurs de 2013 (79 x 112 cm), comme de <i>L\u2019aube sur Taihang<\/i> \u592a\u884c\u7684\u65e9\u6668 , lavis de 2012 143 x 309 cm), comme, encore, de la <i>Grande muraille<\/i>. Il ne semble nullement acad\u00e9mique en ce 21<sup>e<\/sup> si\u00e8cle ni restrictif pour un artiste de s\u2019attaquer \u00e0 un sujet a priori traditionnel. Le regard sur la Nature, sur le microcosme, sur cet univers qui enveloppe l\u2019homme et le rappelle \u00e0 la modestie contient encore une admiration, un plaisir \u00e9vidents et pleins qui sont tr\u00e8s enviables lorsque, justement, l\u2019artiste sait apporter \u00e0 l\u2019\u0153uvre une originalit\u00e9 qui attache le regard et reste une invitation au parcours, au voyage.<\/p>\n<div id=\"attachment_4107\" style=\"width: 690px\" class=\"wp-caption alignnone\"><a href=\"https:\/\/i0.wp.com\/alaincardenas.com\/blog\/wp-content\/uploads\/2019\/09\/le-Mont-Taihang.jpg?ssl=1\"><img aria-describedby=\"caption-attachment-4107\" data-attachment-id=\"4107\" data-permalink=\"https:\/\/alaincardenas.com\/blog\/oeuvres-au-lavis-sculptures-de-yang-ermin-et-pierres-a-encre-de-sa-collection\/le-mont-taihang\/\" data-orig-file=\"https:\/\/i0.wp.com\/alaincardenas.com\/blog\/wp-content\/uploads\/2019\/09\/le-Mont-Taihang.jpg?fit=680%2C800&amp;ssl=1\" data-orig-size=\"680,800\" data-comments-opened=\"0\" data-image-meta=\"{&quot;aperture&quot;:&quot;0&quot;,&quot;credit&quot;:&quot;&quot;,&quot;camera&quot;:&quot;&quot;,&quot;caption&quot;:&quot;&quot;,&quot;created_timestamp&quot;:&quot;0&quot;,&quot;copyright&quot;:&quot;&quot;,&quot;focal_length&quot;:&quot;0&quot;,&quot;iso&quot;:&quot;0&quot;,&quot;shutter_speed&quot;:&quot;0&quot;,&quot;title&quot;:&quot;&quot;,&quot;orientation&quot;:&quot;1&quot;}\" data-image-title=\"le Mont Taihang\" data-image-description=\"\" data-image-caption=\"\" data-medium-file=\"https:\/\/i0.wp.com\/alaincardenas.com\/blog\/wp-content\/uploads\/2019\/09\/le-Mont-Taihang.jpg?fit=255%2C300&amp;ssl=1\" data-large-file=\"https:\/\/i0.wp.com\/alaincardenas.com\/blog\/wp-content\/uploads\/2019\/09\/le-Mont-Taihang.jpg?fit=584%2C687&amp;ssl=1\" decoding=\"async\" loading=\"lazy\" class=\"wp-image-4107 size-full\" src=\"https:\/\/i0.wp.com\/alaincardenas.com\/blog\/wp-content\/uploads\/2019\/09\/le-Mont-Taihang.jpg?resize=584%2C687&#038;ssl=1\" alt=\"\" width=\"584\" height=\"687\" srcset=\"https:\/\/i0.wp.com\/alaincardenas.com\/blog\/wp-content\/uploads\/2019\/09\/le-Mont-Taihang.jpg?w=680&amp;ssl=1 680w, https:\/\/i0.wp.com\/alaincardenas.com\/blog\/wp-content\/uploads\/2019\/09\/le-Mont-Taihang.jpg?resize=255%2C300&amp;ssl=1 255w\" sizes=\"(max-width: 584px) 100vw, 584px\" data-recalc-dims=\"1\" \/><\/a><p id=\"caption-attachment-4107\" class=\"wp-caption-text\"><em>Mont Taihang<\/em> (2003), peinture au lavis, 47 x 47 cm<\/p><\/div>\n<p><b>Les natures mortes<\/b><\/p>\n<p><div id=\"attachment_4106\" style=\"width: 264px\" class=\"wp-caption alignleft\"><a href=\"https:\/\/i0.wp.com\/alaincardenas.com\/blog\/wp-content\/uploads\/2019\/09\/Feuilles-rouges.jpg?ssl=1\"><img aria-describedby=\"caption-attachment-4106\" data-attachment-id=\"4106\" data-permalink=\"https:\/\/alaincardenas.com\/blog\/oeuvres-au-lavis-sculptures-de-yang-ermin-et-pierres-a-encre-de-sa-collection\/feuilles-rouges\/\" data-orig-file=\"https:\/\/i0.wp.com\/alaincardenas.com\/blog\/wp-content\/uploads\/2019\/09\/Feuilles-rouges.jpg?fit=676%2C800&amp;ssl=1\" data-orig-size=\"676,800\" data-comments-opened=\"0\" data-image-meta=\"{&quot;aperture&quot;:&quot;0&quot;,&quot;credit&quot;:&quot;&quot;,&quot;camera&quot;:&quot;&quot;,&quot;caption&quot;:&quot;&quot;,&quot;created_timestamp&quot;:&quot;0&quot;,&quot;copyright&quot;:&quot;&quot;,&quot;focal_length&quot;:&quot;0&quot;,&quot;iso&quot;:&quot;0&quot;,&quot;shutter_speed&quot;:&quot;0&quot;,&quot;title&quot;:&quot;&quot;,&quot;orientation&quot;:&quot;1&quot;}\" data-image-title=\"Feuilles rouges\" data-image-description=\"\" data-image-caption=\"\" data-medium-file=\"https:\/\/i0.wp.com\/alaincardenas.com\/blog\/wp-content\/uploads\/2019\/09\/Feuilles-rouges.jpg?fit=254%2C300&amp;ssl=1\" data-large-file=\"https:\/\/i0.wp.com\/alaincardenas.com\/blog\/wp-content\/uploads\/2019\/09\/Feuilles-rouges.jpg?fit=584%2C691&amp;ssl=1\" decoding=\"async\" loading=\"lazy\" class=\"wp-image-4106 size-medium\" src=\"https:\/\/i0.wp.com\/alaincardenas.com\/blog\/wp-content\/uploads\/2019\/09\/Feuilles-rouges.jpg?resize=254%2C300&#038;ssl=1\" alt=\"\" width=\"254\" height=\"300\" srcset=\"https:\/\/i0.wp.com\/alaincardenas.com\/blog\/wp-content\/uploads\/2019\/09\/Feuilles-rouges.jpg?resize=254%2C300&amp;ssl=1 254w, https:\/\/i0.wp.com\/alaincardenas.com\/blog\/wp-content\/uploads\/2019\/09\/Feuilles-rouges.jpg?w=676&amp;ssl=1 676w\" sizes=\"(max-width: 254px) 100vw, 254px\" data-recalc-dims=\"1\" \/><\/a><p id=\"caption-attachment-4106\" class=\"wp-caption-text\"><em>Les feuilles rouges<\/em> [ \u7ea2\u53f6], lavis, 69 x 67 cm<\/p><\/div>Ce th\u00e8me l\u00e9ger est souvent consid\u00e9r\u00e9 en Occident comme un sujet pouvant rapidement sombrer dans une mi\u00e8vrerie plomb\u00e9e de st\u00e9r\u00e9otypes. Il est vrai que l\u2019appellation de <i>nature morte<\/i> est quelque peu sombre\u00a0; les termes se traduisent en fait par <i>nature calme <\/i>en chinois, rejoignant ainsi les termes <i>still life<\/i> anglais. Le sujet conserve en l\u2019occurrence toute sa force, toute sa vigueur, sous le pinceau de Yang Ermin qui s\u2019av\u00e8re particuli\u00e8rement percutant dans les sujets choisis, les cadrages d\u00e9termin\u00e9s pour camper les sujets, modestes ou davantage en relation avec un jeu de pr\u00e9sence \u2013 absence au monde environnant de ces compositions. Qu\u2019il s\u2019agisse de <i>Ciel bleu<\/i>\u85cd\u5929o\u00f9 des mufliers rouge-rose, ces oeuvres illustrent la force de la vie sous un ciel c\u00e9rul\u00e9en, la texture obtenue se rapproche des effets de l\u2019huile sur un support papier, le papier Xuan que l\u2019artiste sait rendre tout \u00e0 fait adapt\u00e9 \u00e0 son propos. De m\u00eame, cette magie na\u00eet de la symbiose entre les \u00e9l\u00e9ments choisis, avec <i>Feuilles rouges<\/i> \u7d05\u8449(ill.), <i>Souvenirs roses<\/i>, <i>Fleurs au printemps, <\/i>des \u0153uvres o\u00f9 les motifs principaux, des fleurs, sont en corr\u00e9lation chromatique avec des motifs g\u00e9om\u00e9triques ou abstraits.\u00a0 Yang a atteint la m\u00eame libert\u00e9, la m\u00eame apparente d\u00e9contraction que l\u2019on observe face \u00e0 cette pot\u00e9e exub\u00e9rante de <i>Pandanus<\/i> de Lucian Freud. Comparaison ne signifie nullement influences, mais tendance commune vers un but assez proche, celui de la d\u00e9lectation\u2026<\/p>\n<p>En tout cr\u00e9ateur sommeille un \u00e9ternel chercheur qui sait dispenser, quand les choses semblent correspondre \u00e0 son dessein initial, le produit de ce questionnement initial et int\u00e9rieur. La production r\u00e9cente de sculptures repr\u00e9sentant des fruits, un ensemble de pi\u00e8ces fondues en 2012, rejoint cette m\u00eame densit\u00e9 d\u00e9cal\u00e9e face \u00e0 un sujet attirant et pas forc\u00e9ment par sa beaut\u00e9 mais plut\u00f4t par la profondeur de son myst\u00e8re, ce plaisir identique de l\u2019observation des dix mille choses qui donnent corps \u00e0 l\u2019univers.<\/p>\n<div id=\"attachment_4109\" style=\"width: 1290px\" class=\"wp-caption alignnone\"><a href=\"https:\/\/i0.wp.com\/alaincardenas.com\/blog\/wp-content\/uploads\/2019\/09\/Ananas-2013-bronze-\u00e0-patine-42-x-18-cm-750-gr.jpg?ssl=1\"><img aria-describedby=\"caption-attachment-4109\" data-attachment-id=\"4109\" data-permalink=\"https:\/\/alaincardenas.com\/blog\/oeuvres-au-lavis-sculptures-de-yang-ermin-et-pierres-a-encre-de-sa-collection\/ananas-2013-bronze-a-patine-42-x-18-cm-750-gr\/\" data-orig-file=\"https:\/\/i0.wp.com\/alaincardenas.com\/blog\/wp-content\/uploads\/2019\/09\/Ananas-2013-bronze-\u00e0-patine-42-x-18-cm-750-gr.jpg?fit=1280%2C960&amp;ssl=1\" data-orig-size=\"1280,960\" data-comments-opened=\"0\" data-image-meta=\"{&quot;aperture&quot;:&quot;0&quot;,&quot;credit&quot;:&quot;&quot;,&quot;camera&quot;:&quot;&quot;,&quot;caption&quot;:&quot;&quot;,&quot;created_timestamp&quot;:&quot;0&quot;,&quot;copyright&quot;:&quot;&quot;,&quot;focal_length&quot;:&quot;0&quot;,&quot;iso&quot;:&quot;0&quot;,&quot;shutter_speed&quot;:&quot;0&quot;,&quot;title&quot;:&quot;&quot;,&quot;orientation&quot;:&quot;0&quot;}\" data-image-title=\"Ananas, 2013 bronze \u00e0 patine, 42 x 18 cm, 750 gr\" data-image-description=\"\" data-image-caption=\"\" data-medium-file=\"https:\/\/i0.wp.com\/alaincardenas.com\/blog\/wp-content\/uploads\/2019\/09\/Ananas-2013-bronze-\u00e0-patine-42-x-18-cm-750-gr.jpg?fit=300%2C225&amp;ssl=1\" data-large-file=\"https:\/\/i0.wp.com\/alaincardenas.com\/blog\/wp-content\/uploads\/2019\/09\/Ananas-2013-bronze-\u00e0-patine-42-x-18-cm-750-gr.jpg?fit=584%2C438&amp;ssl=1\" decoding=\"async\" loading=\"lazy\" class=\"wp-image-4109 size-full\" src=\"https:\/\/i0.wp.com\/alaincardenas.com\/blog\/wp-content\/uploads\/2019\/09\/Ananas-2013-bronze-\u00e0-patine-42-x-18-cm-750-gr.jpg?resize=584%2C438&#038;ssl=1\" alt=\"\" width=\"584\" height=\"438\" srcset=\"https:\/\/i0.wp.com\/alaincardenas.com\/blog\/wp-content\/uploads\/2019\/09\/Ananas-2013-bronze-\u00e0-patine-42-x-18-cm-750-gr.jpg?w=1280&amp;ssl=1 1280w, https:\/\/i0.wp.com\/alaincardenas.com\/blog\/wp-content\/uploads\/2019\/09\/Ananas-2013-bronze-\u00e0-patine-42-x-18-cm-750-gr.jpg?resize=300%2C225&amp;ssl=1 300w, https:\/\/i0.wp.com\/alaincardenas.com\/blog\/wp-content\/uploads\/2019\/09\/Ananas-2013-bronze-\u00e0-patine-42-x-18-cm-750-gr.jpg?resize=768%2C576&amp;ssl=1 768w, https:\/\/i0.wp.com\/alaincardenas.com\/blog\/wp-content\/uploads\/2019\/09\/Ananas-2013-bronze-\u00e0-patine-42-x-18-cm-750-gr.jpg?resize=1024%2C768&amp;ssl=1 1024w, https:\/\/i0.wp.com\/alaincardenas.com\/blog\/wp-content\/uploads\/2019\/09\/Ananas-2013-bronze-\u00e0-patine-42-x-18-cm-750-gr.jpg?resize=400%2C300&amp;ssl=1 400w, https:\/\/i0.wp.com\/alaincardenas.com\/blog\/wp-content\/uploads\/2019\/09\/Ananas-2013-bronze-\u00e0-patine-42-x-18-cm-750-gr.jpg?w=1168&amp;ssl=1 1168w\" sizes=\"(max-width: 584px) 100vw, 584px\" data-recalc-dims=\"1\" \/><\/a><p id=\"caption-attachment-4109\" class=\"wp-caption-text\"><em>Ananas (<\/em>2013), \u00a0bronze \u00e0 patine, 42 x 18 cm, 750 gr<\/p><\/div>\n<p>Ce parcours au sein d\u2019un \u0153uvre foisonnant permet de comprendre la probl\u00e9matique d\u2019un cr\u00e9ateur qui vit dans une soci\u00e9t\u00e9 en mutations constantes, dans une soci\u00e9t\u00e9 qui red\u00e9couvre le plaisir de l\u2019\u00e9l\u00e9gance, une \u00e9l\u00e9gance qui n\u2019est pas celle de l\u2019Occident, mais un plaisir de vivre autre, o\u00f9 l\u2019\u00e9tonnement est \u00e0 la base de tout. Cette logique surprend, irrite, m\u00eame, la soci\u00e9t\u00e9 occidentale, oublieuse des importants changements qui l\u2019ont secou\u00e9e \u00e0 la fin de la Deuxi\u00e8me guerre mondiale.<\/p>\n<p>Il importe de rappeler que le statut de l\u2019artiste en Chine s\u2019est prodigieusement am\u00e9lior\u00e9, une classe importante de collectionneurs est apparue qui encourage les travaux des talents lorsqu\u2019ils sont patents et surtout lorsqu\u2019ils savent s\u00e9duire, s\u2019imposer au regard, parler au c\u0153ur, attitude bien souvent occult\u00e9e sans que l\u2019on sache vraiment pourquoi. Cette ouverture accompagne de fa\u00e7on frontale, <i>normale<\/i>, la qu\u00eate de Yang Ermin vers une esth\u00e9tique tr\u00e8s personnelle d\u00e9j\u00e0 fructueuse si l\u2019on en juge par la r\u00e9cente exposition de ses lavis polychromes qui a eu lieu en d\u00e9cembre dernier \u00e0 P\u00e9kin et \u00e9galement avec cette volont\u00e9 d\u2019\u00eatre pr\u00e9sent \u00e0 l\u2019international pour permettre \u00e0 un public autre, le public fran\u00e7ais, de comprendre combien la couleur peut \u00eatre source de plaisir face \u00e0 des sujets qui disent la force de la vie et \u00e9galement combien une th\u00e9orie nouvelle se d\u00e9veloppe dans le temps et l\u2019espace.<\/p>\n<p>(*) <strong>1919<\/strong>\u00a0: le 4 mai, les lettr\u00e9s d\u00e9cident de ne plus utiliser le chinois classique pour la r\u00e9daction de leurs \u0153uvres afin d\u2019en permettre la lecture au plus grand nombre.\u00a0<strong>1949<\/strong>\u00a0: le 1<sup>er<\/sup> octobre est fond\u00e9e la R\u00e9publique Populaire de Chine.\u00a0<strong>1976\u00a0<\/strong>: le printemps de P\u00e9kin, vague de d\u00e9mocratisation.\u00a0<strong>2001<\/strong>\u00a0: entr\u00e9e de la Chine \u00e0 l\u2019OMC (Organisation Mondiale du Commerce).<\/p>\n<div id=\"attachment_4118\" style=\"width: 594px\" class=\"wp-caption alignnone\"><a href=\"https:\/\/i0.wp.com\/alaincardenas.com\/blog\/wp-content\/uploads\/2019\/09\/IMG_661311.jpg?ssl=1\"><img aria-describedby=\"caption-attachment-4118\" data-attachment-id=\"4118\" data-permalink=\"https:\/\/alaincardenas.com\/blog\/oeuvres-au-lavis-sculptures-de-yang-ermin-et-pierres-a-encre-de-sa-collection\/img_661311\/\" data-orig-file=\"https:\/\/i0.wp.com\/alaincardenas.com\/blog\/wp-content\/uploads\/2019\/09\/IMG_661311.jpg?fit=2273%2C1080&amp;ssl=1\" data-orig-size=\"2273,1080\" data-comments-opened=\"0\" data-image-meta=\"{&quot;aperture&quot;:&quot;0&quot;,&quot;credit&quot;:&quot;&quot;,&quot;camera&quot;:&quot;&quot;,&quot;caption&quot;:&quot;&quot;,&quot;created_timestamp&quot;:&quot;0&quot;,&quot;copyright&quot;:&quot;&quot;,&quot;focal_length&quot;:&quot;0&quot;,&quot;iso&quot;:&quot;0&quot;,&quot;shutter_speed&quot;:&quot;0&quot;,&quot;title&quot;:&quot;&quot;,&quot;orientation&quot;:&quot;1&quot;}\" data-image-title=\"IMG_661311\" data-image-description=\"\" data-image-caption=\"\" data-medium-file=\"https:\/\/i0.wp.com\/alaincardenas.com\/blog\/wp-content\/uploads\/2019\/09\/IMG_661311.jpg?fit=300%2C143&amp;ssl=1\" data-large-file=\"https:\/\/i0.wp.com\/alaincardenas.com\/blog\/wp-content\/uploads\/2019\/09\/IMG_661311.jpg?fit=584%2C278&amp;ssl=1\" decoding=\"async\" loading=\"lazy\" class=\"wp-image-4118 size-large\" src=\"https:\/\/i0.wp.com\/alaincardenas.com\/blog\/wp-content\/uploads\/2019\/09\/IMG_661311.jpg?resize=584%2C278&#038;ssl=1\" alt=\"\" width=\"584\" height=\"278\" srcset=\"https:\/\/i0.wp.com\/alaincardenas.com\/blog\/wp-content\/uploads\/2019\/09\/IMG_661311.jpg?resize=1024%2C487&amp;ssl=1 1024w, https:\/\/i0.wp.com\/alaincardenas.com\/blog\/wp-content\/uploads\/2019\/09\/IMG_661311.jpg?resize=300%2C143&amp;ssl=1 300w, https:\/\/i0.wp.com\/alaincardenas.com\/blog\/wp-content\/uploads\/2019\/09\/IMG_661311.jpg?resize=768%2C365&amp;ssl=1 768w, https:\/\/i0.wp.com\/alaincardenas.com\/blog\/wp-content\/uploads\/2019\/09\/IMG_661311.jpg?resize=500%2C238&amp;ssl=1 500w, https:\/\/i0.wp.com\/alaincardenas.com\/blog\/wp-content\/uploads\/2019\/09\/IMG_661311.jpg?w=1168&amp;ssl=1 1168w, https:\/\/i0.wp.com\/alaincardenas.com\/blog\/wp-content\/uploads\/2019\/09\/IMG_661311.jpg?w=1752&amp;ssl=1 1752w\" sizes=\"(max-width: 584px) 100vw, 584px\" data-recalc-dims=\"1\" \/><\/a><p id=\"caption-attachment-4118\" class=\"wp-caption-text\">Yang Ermin devant une \u0153uvre r\u00e9cente, <em>Voil\u00e0 d&rsquo;o\u00f9 nous venons<\/em> (2019), lavis, 144.6 x 366,5 cm<\/p><\/div>\n<p><b>Renvois bibliographiques (s\u00e9lection)<\/b><\/p>\n<p><b>\u25cf <\/b><b>Titres g\u00e9n\u00e9raux<\/b><\/p>\n<ul>\n<li>Gao Minglu (Ed.), <i>New Chinese art, inside out<\/i>. New York \u2013 Londres : University of California press, 1998. 223 p. ill. Bibliog. Index.<\/li>\n<li>Comentale, Christophe, <i>Les estampes chinoises : invention d&rsquo;une image<\/i>. Paris : \u00c9d. Alternatives, 2003. 143 p. : ill. en noir et en coul. Bibliogr.<\/li>\n<li>Christophe Comentale, <i>Cent ans d\u2019art chinois 1909 &#8211; 2009<\/i>, Paris\u00a0: Ed. de la diff\u00e9rence, 2010.\u00a0 398 p.\u00a0: ill.\u00a0 en coul. Bibliog. Index.<\/li>\n<li>Comentale, Christophe, <i>Portraits de cr\u00e9ateurs chinois : les essentiels du 20e si\u00e8cle <\/i>: essai.\u00a0 Taipei : Artist publishing co., 2009. 249 p. : ill. en noir et en coul.<\/li>\n<\/ul>\n<p><b>\u25cf\u25cf<\/b><b>\u00a0 Titres relatifs \u00e0 Yang Ermin<\/b><\/p>\n<ul>\n<li><i>Yang Ermin<\/i>,\u00a0 \u6768\u4f74\u65fb. 1992-1999 : \u6768\u4f74\u65fb\u6c34\u58a8\u753b\u5c55 [\u5317\u4eac] : [\u4e2d\u56fd\u7f8e\u672f\u9986], [1999]. 54 p) : ill. ; 21 x 24 cm.<\/li>\n<li><i>His epic : nation-wide touring exhibition of Yang Ermin&rsquo;s innovative ink wash painting<\/i>\u00a0:\u00a0 \u4ed6\u7684\u53f2\u8bd7: \u6768\u4f74\u65fb\u65b0\u6c34\u58a8\u753b\u4e2d\u56fd\u5de1\u56de\u5c55\u4f5c\u54c1\u96c6<b>\u00a0<\/b>\u5317\u4eac : \u8363\u5b9d\u658b\u51fa\u7248\u793e, 2012\u00a0;\u00a0<b> \u00a0<\/b>181\u9875 ; 29\u00d729 cm<\/li>\n<li>[Exposition. Lod\u00e8ve, Galerie \u00d4 marches du palais. 2014]\u00a0<i>Le r\u00eave du futur<\/i> : exposition de lavis d&rsquo;encre de Yang Ermin, Lod\u00e8ve, \u00d4 marches du palais, [6 juillet-31 ao\u00fbt] 2014 \/ [organis\u00e9e par l&rsquo;Association M\u00e9li-m\u00e9lo-concept] ; [catalogue par Christophe Comentale, Marie Laureillard, Yang Liang, et al.] Lod\u00e8ve : \u00d4 marches du palais, [2014]. 105 p. : ill. en coul. ; 24 cm.<\/li>\n<li>[Exposition. Paris, Mairie annexe du 12e arrondissement. 2016]\u00a0<i>Yang Ermin, \u00c0 la rencontre de l&rsquo;Orient<\/i>: exposition, Mairie de Paris 12e, du 3 au 29 octobre 2016 \/ commissaire de l&rsquo;exposition, Christophe Comentale<b>. <\/b>\u00c9ditions du Fenouil, 2016. 168 p. : ill. en coul. Texte en fran\u00e7ais, et en anglais, trad. du chinois.<\/li>\n<li>Comentale, Christophe, <a href=\"https:\/\/alaincardenas.com\/blog\/evenement\/pierres-a-encre-et-tresors-de-lettres-la-collection-yang-ermin\/\"><i>Pierres \u00e0 encre et tr\u00e9sors de lettr\u00e9s<\/i>, la collection YANG Ermin<\/a> \u77f3\u95f4\u8bb0\u5fc6 \u2014 \u6768\u4f74\u65fb\u5386\u4ee3\u781a\u53f0\u6536\u85cf\u5c55 publi\u00e9 le 21-02-2018<\/li>\n<\/ul>\n<p>&nbsp;<\/p>\n","protected":false},"excerpt":{"rendered":"<p>Mus\u00e9e Marcel Sahut, Volvic, du 21 septembre au 30 novembre 2019. Commissariat de Christophe Comentale et Gwenn Gayet Gr\u00e2ce au dynamisme \u00e9clair\u00e9 du maire de Volvic, Mohand Hamoumou, le mus\u00e9e Marcel Sahut qui a fait l\u2019objet d\u2019une r\u00e9cente r\u00e9novation, continue &hellip; <a href=\"https:\/\/alaincardenas.com\/blog\/oeuvres-au-lavis-sculptures-de-yang-ermin-et-pierres-a-encre-de-sa-collection\/\">Continuer la lecture <span class=\"meta-nav\">&rarr;<\/span><\/a><\/p>\n","protected":false},"author":1,"featured_media":0,"comment_status":"closed","ping_status":"closed","sticky":false,"template":"","format":"standard","meta":{"sfsi_plus_gutenberg_text_before_share":"","sfsi_plus_gutenberg_show_text_before_share":"","sfsi_plus_gutenberg_icon_type":"","sfsi_plus_gutenberg_icon_alignemt":"","sfsi_plus_gutenburg_max_per_row":"","jetpack_post_was_ever_published":false,"_jetpack_newsletter_access":"","_jetpack_newsletter_tier_id":0,"jetpack_publicize_message":"","jetpack_is_tweetstorm":false,"jetpack_publicize_feature_enabled":true,"jetpack_social_post_already_shared":true,"jetpack_social_options":{"image_generator_settings":{"template":"highway","enabled":false}}},"categories":[41,42,21],"tags":[32,8,33,35],"jetpack_publicize_connections":[],"jetpack_featured_media_url":"","jetpack_sharing_enabled":true,"jetpack_shortlink":"https:\/\/wp.me\/p8Mijt-14d","jetpack_likes_enabled":true,"jetpack-related-posts":[{"id":2877,"url":"https:\/\/alaincardenas.com\/blog\/yang-ermin-sujet-delegance-et-de-creation\/","url_meta":{"origin":4105,"position":0},"title":"Yang Ermin, sujet d\u2019\u00e9l\u00e9gance et de cr\u00e9ation","author":"admin","date":"2018-12-31","format":false,"excerpt":"\u5173\u4e8e\u6768\u4f74\u65fb\u7684\u4e00\u7cfb\u5217\u65b0\u4f5c\u54c1\u548c\u521b\u610f\u7684\u65b0\u89c2\u5ff5 En marge de son exposition de pierres \u00e0 encre qui se tient au mus\u00e9e des arts asiatiques de Nice du 15 d\u00e9cembre 2018 \u00e0 la mi-mai 2019, propos neufs sur quelques-unes de ses \u0153uvres nouvelles. par Christophe Comentale et Alain Cardenas-Castro Les orientations adopt\u00e9es en mati\u00e8re de cr\u00e9ation par\u2026","rel":"","context":"Dans &quot;Asie&quot;","block_context":{"text":"Asie","link":"https:\/\/alaincardenas.com\/blog\/category\/asie\/"},"img":{"alt_text":"","src":"https:\/\/i0.wp.com\/alaincardenas.com\/blog\/wp-content\/uploads\/2018\/12\/69x100cm-2018-\u00e2\u0080\u0093\u00cb\u009a\u00c3\u00b7\u00ce\u00a9-\u00c6\u0092\u00c2\u00b4-\u00cf\u0080\u00cb\u0099\u00c2\u00aa\u00e2\u0089\u00a0\u00e2\u0080\u00a6\u00c2\u00b4-e1546275524304-1024x609.jpg?resize=350%2C200&ssl=1","width":350,"height":200,"srcset":"https:\/\/i0.wp.com\/alaincardenas.com\/blog\/wp-content\/uploads\/2018\/12\/69x100cm-2018-\u00e2\u0080\u0093\u00cb\u009a\u00c3\u00b7\u00ce\u00a9-\u00c6\u0092\u00c2\u00b4-\u00cf\u0080\u00cb\u0099\u00c2\u00aa\u00e2\u0089\u00a0\u00e2\u0080\u00a6\u00c2\u00b4-e1546275524304-1024x609.jpg?resize=350%2C200&ssl=1 1x, https:\/\/i0.wp.com\/alaincardenas.com\/blog\/wp-content\/uploads\/2018\/12\/69x100cm-2018-\u00e2\u0080\u0093\u00cb\u009a\u00c3\u00b7\u00ce\u00a9-\u00c6\u0092\u00c2\u00b4-\u00cf\u0080\u00cb\u0099\u00c2\u00aa\u00e2\u0089\u00a0\u00e2\u0080\u00a6\u00c2\u00b4-e1546275524304-1024x609.jpg?resize=525%2C300&ssl=1 1.5x"},"classes":[]},{"id":5385,"url":"https:\/\/alaincardenas.com\/blog\/une-symphonie-de-couleurs-lexposition-yang-ermin-au-musee-dart-et-dhistoire-louis-senlecq-de-lisle-adam\/","url_meta":{"origin":4105,"position":1},"title":"Une symphonie de couleurs\u00a0:  l\u2019exposition Yang Ermin au mus\u00e9e d\u2019Art et d\u2019Histoire Louis-Senlecq  de L\u2019Isle-Adam","author":"admin","date":"2020-10-12","format":false,"excerpt":"par Marie Laureillard Le mus\u00e9e d\u2019Art et d\u2019Histoire Louis-Senlecq de L\u2019Isle-Adam propose une exposition intitul\u00e9e Yang Ermin\u00a0: la r\u00e9apparition de la couleur\u00a0du 19 septembre 2020 au 14 f\u00e9vrier 2021, accompagn\u00e9e d\u2019un catalogue publi\u00e9 aux \u00e9ditions Faton (\u00ab\u00a0coup de c\u0153ur\u00a0\u00bb de la Librairie le Ph\u00e9nix). Pr\u00e9sent\u00e9 pour la quatri\u00e8me fois en\u2026","rel":"","context":"Dans &quot;Asie&quot;","block_context":{"text":"Asie","link":"https:\/\/alaincardenas.com\/blog\/category\/asie\/"},"img":{"alt_text":"","src":"https:\/\/i0.wp.com\/alaincardenas.com\/blog\/wp-content\/uploads\/2020\/10\/YEM-AFFICHE-40x60_OK3-BD.jpg?resize=350%2C200&ssl=1","width":350,"height":200,"srcset":"https:\/\/i0.wp.com\/alaincardenas.com\/blog\/wp-content\/uploads\/2020\/10\/YEM-AFFICHE-40x60_OK3-BD.jpg?resize=350%2C200&ssl=1 1x, https:\/\/i0.wp.com\/alaincardenas.com\/blog\/wp-content\/uploads\/2020\/10\/YEM-AFFICHE-40x60_OK3-BD.jpg?resize=525%2C300&ssl=1 1.5x"},"classes":[]},{"id":3160,"url":"https:\/\/alaincardenas.com\/blog\/lart-est-un-jeu\/","url_meta":{"origin":4105,"position":2},"title":"\u00ab\u00a0L\u2019art est un jeu\u00a0\u00bb","author":"admin","date":"2019-02-25","format":false,"excerpt":"Exposition r\u00e9trospective des \u0153uvres de YUAN Chin-taa, Mus\u00e9e Louis Vouland, Avignon, du 21 f\u00e9vrier au 9 juin 2019. par Christophe Comentale (*) et Didier Scuderoni (**), coordination \u00e9ditoriale, Alain Cardenas-Castro. La 2e itin\u00e9rance des \u0153uvres de Yuan Chin-taa en France commence en cette ann\u00e9e 2019 par le mus\u00e9e Vouland (Avignon)\u2026","rel":"","context":"Dans &quot;Asie&quot;","block_context":{"text":"Asie","link":"https:\/\/alaincardenas.com\/blog\/category\/asie\/"},"img":{"alt_text":"","src":"https:\/\/i0.wp.com\/alaincardenas.com\/blog\/wp-content\/uploads\/2019\/02\/la-chambre-chinoise-du-musee-et-une-oeuvre-de-Yuan-Chin-taa.jpg?resize=350%2C200&ssl=1","width":350,"height":200},"classes":[]},{"id":2785,"url":"https:\/\/alaincardenas.com\/blog\/memoire-a-propos-dune-oeuvre-remarquable-de-yuan-chin-taa-installation-a-quatre-elements-2017\/","url_meta":{"origin":4105,"position":3},"title":"M\u00e9moire. \u00c0 propos d\u2019une \u0153uvre remarquable de Yuan Chin-taa, \u00ab\u00a0Installation \u00e0 quatre \u00e9l\u00e9ments\u00a0\u00bb (2017)","author":"admin","date":"2018-11-22","format":false,"excerpt":"par Christophe Comentale et Emmanuel Lincot Yuan Chin-taa, artiste taiwanais n\u00e9 en 1949 est fr\u00e9quemment invit\u00e9 \u00e0 de prestigieuses expositions en Chine et en Europe. En 2017, une r\u00e9trospective de son \u0153uvre peint et de ses prestigieuses installations de papier ont \u00e9t\u00e9 montr\u00e9es au Salon Pages de Paris o\u00f9 il\u2026","rel":"","context":"Dans &quot;Asie&quot;","block_context":{"text":"Asie","link":"https:\/\/alaincardenas.com\/blog\/category\/asie\/"},"img":{"alt_text":"","src":"https:\/\/i0.wp.com\/alaincardenas.com\/blog\/wp-content\/uploads\/2018\/11\/YJT-cactus-b-2017.jpg?resize=350%2C200&ssl=1","width":350,"height":200,"srcset":"https:\/\/i0.wp.com\/alaincardenas.com\/blog\/wp-content\/uploads\/2018\/11\/YJT-cactus-b-2017.jpg?resize=350%2C200&ssl=1 1x, https:\/\/i0.wp.com\/alaincardenas.com\/blog\/wp-content\/uploads\/2018\/11\/YJT-cactus-b-2017.jpg?resize=525%2C300&ssl=1 1.5x, https:\/\/i0.wp.com\/alaincardenas.com\/blog\/wp-content\/uploads\/2018\/11\/YJT-cactus-b-2017.jpg?resize=700%2C400&ssl=1 2x"},"classes":[]},{"id":623,"url":"https:\/\/alaincardenas.com\/blog\/les-peintures-livres-dartiste-installations-de-papier-de-yuan-chin-taa\/","url_meta":{"origin":4105,"position":4},"title":"Les peintures, livres d\u2019artiste,\u00a0 installations de papier de Yuan Chin-taa","author":"admin","date":"2017-09-30","format":false,"excerpt":"Au mus\u00e9e Marcel Sahut de Volvic. Du 29 septembre au 3 novembre 2017 a lieu le deuxi\u00e8me volet de l\u2019exposition itin\u00e9rante qui, du Salon international du livre d\u2019artiste Pages en mai s'ach\u00e8ve dans la r\u00e9gion Auvergne avant de se poursuivre en novembre et d\u00e9cembre prochains au centre multiculturel de Lod\u00e8ve,\u2026","rel":"","context":"Dans &quot;Asie&quot;","block_context":{"text":"Asie","link":"https:\/\/alaincardenas.com\/blog\/category\/asie\/"},"img":{"alt_text":"","src":"https:\/\/i0.wp.com\/alaincardenas.com\/blog\/wp-content\/uploads\/2017\/09\/IMG_0391-300x200.jpg?resize=350%2C200&ssl=1","width":350,"height":200},"classes":[]},{"id":592,"url":"https:\/\/alaincardenas.com\/blog\/didier-scuderoni-au-fil-des-peintures-et-des-sculptures-30-annees-de-creation\/","url_meta":{"origin":4105,"position":5},"title":"Didier Scuderoni : au fil des peintures et des sculptures, 30 ann\u00e9es de cr\u00e9ation","author":"admin","date":"2017-09-18","format":false,"excerpt":"Didier Scuderoni Natures Est-Ouest : \u0153uvres au lavis de Didier Scuderoni et Yang Ermin. Espace culturel de Baoding (province du Hebei, Chine). Du 21 septembre au 5 octobre 2017. Catalogue bilingue fran\u00e7ais-chinois. N\u00e9 en 1964 \u00e0 Privas, dans le d\u00e9partement de l\u2019Ard\u00e8che, de p\u00e8re italien et de m\u00e8re normande, Didier\u2026","rel":"","context":"Dans &quot;\u00c9v\u00e9nement&quot;","block_context":{"text":"\u00c9v\u00e9nement","link":"https:\/\/alaincardenas.com\/blog\/category\/evenement\/"},"img":{"alt_text":"","src":"https:\/\/i0.wp.com\/alaincardenas.com\/blog\/wp-content\/uploads\/2017\/09\/Capture-d\u00e2\u0080\u0099\u00c3\u00a9cran-2017-09-18-\u00c3\u00a0-11.02.37-212x300.png?resize=350%2C200&ssl=1","width":350,"height":200},"classes":[]}],"_links":{"self":[{"href":"https:\/\/alaincardenas.com\/blog\/wp-json\/wp\/v2\/posts\/4105"}],"collection":[{"href":"https:\/\/alaincardenas.com\/blog\/wp-json\/wp\/v2\/posts"}],"about":[{"href":"https:\/\/alaincardenas.com\/blog\/wp-json\/wp\/v2\/types\/post"}],"author":[{"embeddable":true,"href":"https:\/\/alaincardenas.com\/blog\/wp-json\/wp\/v2\/users\/1"}],"replies":[{"embeddable":true,"href":"https:\/\/alaincardenas.com\/blog\/wp-json\/wp\/v2\/comments?post=4105"}],"version-history":[{"count":7,"href":"https:\/\/alaincardenas.com\/blog\/wp-json\/wp\/v2\/posts\/4105\/revisions"}],"predecessor-version":[{"id":4125,"href":"https:\/\/alaincardenas.com\/blog\/wp-json\/wp\/v2\/posts\/4105\/revisions\/4125"}],"wp:attachment":[{"href":"https:\/\/alaincardenas.com\/blog\/wp-json\/wp\/v2\/media?parent=4105"}],"wp:term":[{"taxonomy":"category","embeddable":true,"href":"https:\/\/alaincardenas.com\/blog\/wp-json\/wp\/v2\/categories?post=4105"},{"taxonomy":"post_tag","embeddable":true,"href":"https:\/\/alaincardenas.com\/blog\/wp-json\/wp\/v2\/tags?post=4105"}],"curies":[{"name":"wp","href":"https:\/\/api.w.org\/{rel}","templated":true}]}}