{"id":3979,"date":"2019-09-19T00:35:12","date_gmt":"2019-09-18T22:35:12","guid":{"rendered":"https:\/\/alaincardenas.com\/blog\/?p=3979"},"modified":"2019-09-23T08:56:28","modified_gmt":"2019-09-23T06:56:28","slug":"juan-manuel-cardenas-castro","status":"publish","type":"post","link":"https:\/\/alaincardenas.com\/blog\/juan-manuel-cardenas-castro\/","title":{"rendered":"Juan Manuel C\u00e1rdenas Castro, peintre indig\u00e9niste"},"content":{"rendered":"<div class=\"ydpbc355b6dyahoo-style-wrap\" dir=\"ltr\" data-setdir=\"false\">Museo Hist\u00f3rico r\u00e9gional &#8211; Casa del Inka Garcilaso de la Vega, Cusco, P\u00e9rou, exposition d&rsquo;\u0153uvres in\u00e9dites, du 1er au 15 octobre 2019.<\/div>\n<p><strong><span style=\"color: #993300;\">Annonce d&rsquo;exposition<\/span><\/strong><\/p>\n<p>De temps \u00e0 autre il est opportun de devancer un \u00e9v\u00e9nement. Nous entendons par l\u00e0 d&rsquo;annoncer ce qui va advenir : nous avons souhait\u00e9 faire part \u00e0 nos lecteurs de la tenue du 1er au 15 octobre 2019 au Mus\u00e9e historique r\u00e9gional de la ville de Cuzco de l&rsquo;exposition\u00a0<em>Juan Manuel C\u00e1rdenas Castro<\/em>.<\/p>\n<p>Cette manifestation permettra pour la premi\u00e8re fois de faire le point sur cet artiste qui fait l&rsquo;objet d&rsquo;une \u00a0th\u00e8se en cours. Nous rappelons aux lecteurs dans la partie r\u00e9f\u00e9rences bibliographiques quelques articles parus et \u00e9clairant sur diff\u00e9rents axes particuliers de sa cr\u00e9ation.<\/p>\n<p>Il est tr\u00e8s possible qu&rsquo;une itin\u00e9rance de l&rsquo;exposition intervienne d\u00e8s 2021, voire 2022 selon les possibilit\u00e9s des diff\u00e9rentes institutions contact\u00e9es.<\/p>\n<p><a href=\"https:\/\/i0.wp.com\/alaincardenas.com\/blog\/wp-content\/uploads\/2019\/09\/DP-JMCC-Museo-6-livret-PPF-2-cot\u00e9-court-gliss\u00e9es-BD.jpg?ssl=1\"><img data-attachment-id=\"4094\" data-permalink=\"https:\/\/alaincardenas.com\/blog\/juan-manuel-cardenas-castro\/dp-jmcc-museo-6-livret-ppf-2-cote-court-glissees-bd-2\/\" data-orig-file=\"https:\/\/i0.wp.com\/alaincardenas.com\/blog\/wp-content\/uploads\/2019\/09\/DP-JMCC-Museo-6-livret-PPF-2-cot\u00e9-court-gliss\u00e9es-BD.jpg?fit=1240%2C1753&amp;ssl=1\" data-orig-size=\"1240,1753\" data-comments-opened=\"0\" data-image-meta=\"{&quot;aperture&quot;:&quot;0&quot;,&quot;credit&quot;:&quot;&quot;,&quot;camera&quot;:&quot;&quot;,&quot;caption&quot;:&quot;&quot;,&quot;created_timestamp&quot;:&quot;0&quot;,&quot;copyright&quot;:&quot;&quot;,&quot;focal_length&quot;:&quot;0&quot;,&quot;iso&quot;:&quot;0&quot;,&quot;shutter_speed&quot;:&quot;0&quot;,&quot;title&quot;:&quot;&quot;,&quot;orientation&quot;:&quot;1&quot;}\" data-image-title=\"DP JMCC Museo 6 livret PPF 2 cot\u00e9 court (gliss\u00e9(e)s) BD\" data-image-description=\"\" data-image-caption=\"\" data-medium-file=\"https:\/\/i0.wp.com\/alaincardenas.com\/blog\/wp-content\/uploads\/2019\/09\/DP-JMCC-Museo-6-livret-PPF-2-cot\u00e9-court-gliss\u00e9es-BD.jpg?fit=212%2C300&amp;ssl=1\" data-large-file=\"https:\/\/i0.wp.com\/alaincardenas.com\/blog\/wp-content\/uploads\/2019\/09\/DP-JMCC-Museo-6-livret-PPF-2-cot\u00e9-court-gliss\u00e9es-BD.jpg?fit=584%2C826&amp;ssl=1\" decoding=\"async\" loading=\"lazy\" class=\"alignnone size-large wp-image-4094\" src=\"https:\/\/i0.wp.com\/alaincardenas.com\/blog\/wp-content\/uploads\/2019\/09\/DP-JMCC-Museo-6-livret-PPF-2-cot\u00e9-court-gliss\u00e9es-BD.jpg?resize=584%2C826&#038;ssl=1\" alt=\"\" width=\"584\" height=\"826\" srcset=\"https:\/\/i0.wp.com\/alaincardenas.com\/blog\/wp-content\/uploads\/2019\/09\/DP-JMCC-Museo-6-livret-PPF-2-cot\u00e9-court-gliss\u00e9es-BD.jpg?resize=724%2C1024&amp;ssl=1 724w, https:\/\/i0.wp.com\/alaincardenas.com\/blog\/wp-content\/uploads\/2019\/09\/DP-JMCC-Museo-6-livret-PPF-2-cot\u00e9-court-gliss\u00e9es-BD.jpg?resize=212%2C300&amp;ssl=1 212w, https:\/\/i0.wp.com\/alaincardenas.com\/blog\/wp-content\/uploads\/2019\/09\/DP-JMCC-Museo-6-livret-PPF-2-cot\u00e9-court-gliss\u00e9es-BD.jpg?resize=768%2C1086&amp;ssl=1 768w, https:\/\/i0.wp.com\/alaincardenas.com\/blog\/wp-content\/uploads\/2019\/09\/DP-JMCC-Museo-6-livret-PPF-2-cot\u00e9-court-gliss\u00e9es-BD.jpg?w=1240&amp;ssl=1 1240w, https:\/\/i0.wp.com\/alaincardenas.com\/blog\/wp-content\/uploads\/2019\/09\/DP-JMCC-Museo-6-livret-PPF-2-cot\u00e9-court-gliss\u00e9es-BD.jpg?w=1168&amp;ssl=1 1168w\" sizes=\"(max-width: 584px) 100vw, 584px\" data-recalc-dims=\"1\" \/><\/a><\/p>\n<p><!--more--><\/p>\n<p><a href=\"https:\/\/i0.wp.com\/alaincardenas.com\/blog\/wp-content\/uploads\/2019\/08\/4-BD.jpg?ssl=1\"><img data-attachment-id=\"4034\" data-permalink=\"https:\/\/alaincardenas.com\/blog\/juan-manuel-cardenas-castro\/4-bd\/\" data-orig-file=\"https:\/\/i0.wp.com\/alaincardenas.com\/blog\/wp-content\/uploads\/2019\/08\/4-BD.jpg?fit=1240%2C1753&amp;ssl=1\" data-orig-size=\"1240,1753\" data-comments-opened=\"0\" data-image-meta=\"{&quot;aperture&quot;:&quot;0&quot;,&quot;credit&quot;:&quot;&quot;,&quot;camera&quot;:&quot;&quot;,&quot;caption&quot;:&quot;&quot;,&quot;created_timestamp&quot;:&quot;0&quot;,&quot;copyright&quot;:&quot;&quot;,&quot;focal_length&quot;:&quot;0&quot;,&quot;iso&quot;:&quot;0&quot;,&quot;shutter_speed&quot;:&quot;0&quot;,&quot;title&quot;:&quot;&quot;,&quot;orientation&quot;:&quot;0&quot;}\" data-image-title=\"4 BD\" data-image-description=\"\" data-image-caption=\"\" data-medium-file=\"https:\/\/i0.wp.com\/alaincardenas.com\/blog\/wp-content\/uploads\/2019\/08\/4-BD.jpg?fit=212%2C300&amp;ssl=1\" data-large-file=\"https:\/\/i0.wp.com\/alaincardenas.com\/blog\/wp-content\/uploads\/2019\/08\/4-BD.jpg?fit=584%2C826&amp;ssl=1\" decoding=\"async\" loading=\"lazy\" class=\"alignnone size-full wp-image-4034\" src=\"https:\/\/i0.wp.com\/alaincardenas.com\/blog\/wp-content\/uploads\/2019\/08\/4-BD.jpg?resize=584%2C826&#038;ssl=1\" alt=\"\" width=\"584\" height=\"826\" srcset=\"https:\/\/i0.wp.com\/alaincardenas.com\/blog\/wp-content\/uploads\/2019\/08\/4-BD.jpg?w=1240&amp;ssl=1 1240w, https:\/\/i0.wp.com\/alaincardenas.com\/blog\/wp-content\/uploads\/2019\/08\/4-BD.jpg?resize=212%2C300&amp;ssl=1 212w, https:\/\/i0.wp.com\/alaincardenas.com\/blog\/wp-content\/uploads\/2019\/08\/4-BD.jpg?resize=768%2C1086&amp;ssl=1 768w, https:\/\/i0.wp.com\/alaincardenas.com\/blog\/wp-content\/uploads\/2019\/08\/4-BD.jpg?resize=724%2C1024&amp;ssl=1 724w, https:\/\/i0.wp.com\/alaincardenas.com\/blog\/wp-content\/uploads\/2019\/08\/4-BD.jpg?w=1168&amp;ssl=1 1168w\" sizes=\"(max-width: 584px) 100vw, 584px\" data-recalc-dims=\"1\" \/><\/a><\/p>\n<p>R\u00e9f\u00e9rences bibliographiques<\/p>\n<ul>\n<li>Cardenas-Castro, Alain.<a href=\"https:\/\/alaincardenas.com\/blog\/wp-admin\/post.php?post=847&amp;action=edit\"> <em>L\u2019espace de l\u2019atelier et au-del\u00e0 : \u00e0 propos d\u2019une esquisse repr\u00e9sentant Juan Manuel Cardenas-Castro (1) <\/em><\/a>novembre 2017<\/li>\n<li>Cardenas-Castro, Alain. <a href=\"https:\/\/alaincardenas.com\/blog\/oeuvre\/a-propos-d-echange-entre-urubamsinas-et-yunca-p-c-une-peinture-enigmatique-de-juan-manuel-cardenas-castro-2\/\"><em>\u00c0 propos d&rsquo;\u00ab \u00c9change entre Urubamsinas et Yunca. P.C.\u00a0\u00bb, une peinture \u00e9nigmatique de Juan Manuel Cardenas-Castro (2)<\/em><\/a>\u00a0janvier 2018<\/li>\n<li>Cardenas-Castro, Alain. <a href=\"https:\/\/alaincardenas.com\/blog\/oeuvre\/de-juan-manuel-et-jose-felix-cardenas-castro-deux-artistes-peruviens-au-sein-de-la-diaspora-latino-americaine-a-paris-3\/\"><em>De Juan Manuel et Jos\u00e9 F\u00e9lix Cardenas-Castro\u00a0: deux artistes p\u00e9ruviens au sein de la diaspora latino-am\u00e9ricaine \u00e0 Paris (3)<\/em><\/a>\u00a0f\u00e9vrier 2018<\/li>\n<li>Cardenas-Castro, Alain. <a href=\"https:\/\/alaincardenas.com\/blog\/oeuvre\/juan-manuel-cardenas-castro-et-la-revue-variedades-1917-1920-4\/\"><em>Juan Manuel Cardenas-Castro\u00a0et la revue \u00ab\u00a0Variedades\u00a0\u00bb 1917-1920 (4)<\/em><\/a>\u00a0avril 2018<\/li>\n<li>Cardenas-Castro, Alain. <a href=\"https:\/\/alaincardenas.com\/blog\/oeuvre\/de-la-diffusion-des-connaissances-sur-la-mise-en-place-dun-projet-bilateral-france-perou-relatif-aux-oeuvres-de-juan-manuel-cardenas-castro-5\/\"><em>De la diffusion des connaissances\u00a0: sur la mise en place d\u2019un projet bilat\u00e9ral France P\u00e9rou relatif aux \u0153uvres de Juan Manuel Cardenas-Castro (5)<\/em><\/a>\u00a0octobre 2018<\/li>\n<li>Cardenas-Castro, Alain. <a href=\"https:\/\/alaincardenas.com\/blog\/oeuvre\/de-la-suite-dune-mission-de-recherche-au-perou-autour-de-loeuvre-de-juan-manuel-cardenas-castro-6\/\"><em>De la suite d\u2019une mission de recherche au P\u00e9rou autour de l\u2019\u0153uvre de Juan Manuel Cardenas-Castro (6) <\/em><\/a>novembre 2018<\/li>\n<li>Cardenas-Castro, Alain. <a href=\"https:\/\/alaincardenas.com\/blog\/oeuvre\/jose-felix-cardenas-castro-peintre-architecte-et-politique-entre-exil-et-retour-au-perou\/\"><em>Jos\u00e9 F\u00e9lix Cardenas-Castro, peintre, architecte et politique, entre exil et retour au P\u00e9rou (7)<\/em><\/a>\u00a0avril 2019<\/li>\n<li>Cardenas-Castro, Alain. <a href=\"https:\/\/alaincardenas.com\/blog\/oeuvre\/a-propos-dune-photographie-de-max-t-vargas-et-dune-chronique-de-manuel-beltroy-recherches-croisees-pour-preciser-lage-de-juan-manuel-cardenas-castro-8\/\"><em>A propos d\u2019une photographie de Max T. Vargas et d\u2019une chronique de Manuel Beltroy\u00a0: recherches crois\u00e9es pour pr\u00e9ciser l\u2019\u00e2ge de Juan Manuel Cardenas-Castro (8)<\/em><\/a> ao\u00fbt 2019<\/li>\n<\/ul>\n","protected":false},"excerpt":{"rendered":"<p>Museo Hist\u00f3rico r\u00e9gional &#8211; Casa del Inka Garcilaso de la Vega, Cusco, P\u00e9rou, exposition d&rsquo;\u0153uvres in\u00e9dites, du 1er au 15 octobre 2019. Annonce d&rsquo;exposition De temps \u00e0 autre il est opportun de devancer un \u00e9v\u00e9nement. Nous entendons par l\u00e0 d&rsquo;annoncer &hellip; <a href=\"https:\/\/alaincardenas.com\/blog\/juan-manuel-cardenas-castro\/\">Continuer la lecture <span class=\"meta-nav\">&rarr;<\/span><\/a><\/p>\n","protected":false},"author":1,"featured_media":0,"comment_status":"closed","ping_status":"closed","sticky":false,"template":"","format":"standard","meta":{"sfsi_plus_gutenberg_text_before_share":"","sfsi_plus_gutenberg_show_text_before_share":"","sfsi_plus_gutenberg_icon_type":"","sfsi_plus_gutenberg_icon_alignemt":"","sfsi_plus_gutenburg_max_per_row":"","jetpack_post_was_ever_published":false,"_jetpack_newsletter_access":"","_jetpack_newsletter_tier_id":0,"jetpack_publicize_message":"","jetpack_is_tweetstorm":false,"jetpack_publicize_feature_enabled":true,"jetpack_social_post_already_shared":true,"jetpack_social_options":{"image_generator_settings":{"template":"highway","enabled":false}}},"categories":[43,21],"tags":[9,39,35],"jetpack_publicize_connections":[],"jetpack_featured_media_url":"","jetpack_sharing_enabled":true,"jetpack_shortlink":"https:\/\/wp.me\/p8Mijt-12b","jetpack_likes_enabled":true,"jetpack-related-posts":[{"id":4179,"url":"https:\/\/alaincardenas.com\/blog\/juan-manuel-cardenas-castro-exposition-monographique-au-museo-historico-regional-casa-del-inka-garcilaso-de-la-vega-cusco-perou-9\/","url_meta":{"origin":3979,"position":0},"title":"JUAN MANUEL C\u00c1RDENAS CASTRO. Exposition monographique au Museo Hist\u00f3rico regional \u2013 Casa del Inka Garcilaso de la Vega, Cusco, P\u00e9rou (9)","author":"admin","date":"2019-11-02","format":false,"excerpt":"Cette livraison constitue le neuvi\u00e8me article relatif \u00e0 l\u2019\u0153uvre de Juan Manuel Cardenas-Castro. Je rappelle que les pr\u00e9c\u00e9dents contenus sont consultables sur le blog. par Alain Cardenas-Castro Ma derni\u00e8re mission au P\u00e9rou s\u2019est d\u00e9roul\u00e9e du 25 septembre au 18 octobre 2019. Elle a eu pour objectif de suivre et coordonner\u2026","rel":"","context":"Dans &quot;Am\u00e9rique latine&quot;","block_context":{"text":"Am\u00e9rique latine","link":"https:\/\/alaincardenas.com\/blog\/category\/amerique-latine\/"},"img":{"alt_text":"","src":"https:\/\/i0.wp.com\/alaincardenas.com\/blog\/wp-content\/uploads\/2019\/11\/DSC_4021.jpg?resize=350%2C200&ssl=1","width":350,"height":200,"srcset":"https:\/\/i0.wp.com\/alaincardenas.com\/blog\/wp-content\/uploads\/2019\/11\/DSC_4021.jpg?resize=350%2C200&ssl=1 1x, https:\/\/i0.wp.com\/alaincardenas.com\/blog\/wp-content\/uploads\/2019\/11\/DSC_4021.jpg?resize=525%2C300&ssl=1 1.5x"},"classes":[]},{"id":7168,"url":"https:\/\/alaincardenas.com\/blog\/juan-cardenas-castro-kanchacc-a-la-maison-de-lamerique-latine-de-lutilisation-dun-pseudonyme-au-livre-dor-de-lexposition-paris-1956\/","url_meta":{"origin":3979,"position":1},"title":"\u00ab\u00a0Juan-Cardenas-Castro-Kanchacc\u00a0\u00bb \u00e0 la Maison de l&rsquo;Am\u00e9rique latine. De l\u2019utilisation d\u2019un pseudonyme au livre d&rsquo;or de l\u2019exposition. Paris 1956","author":"admin","date":"2023-06-16","format":false,"excerpt":"par Alain Cardenas-Castro La Maison de l'Am\u00e9rique latine, \u00e0 Paris, est un espace culturel qui a \u00e9t\u00e9 fond\u00e9 en 1946 \u00e0 l'initiative du minist\u00e8re fran\u00e7ais des Affaires \u00e9trang\u00e8res. Sise \u00e0 Paris, au 217 boulevard Saint-Germain, cette institution est destin\u00e9e aux \u00e9changes culturels, \u00e9conomiques et diplomatiques entre la France et les\u2026","rel":"","context":"Dans &quot;Am\u00e9rique latine&quot;","block_context":{"text":"Am\u00e9rique latine","link":"https:\/\/alaincardenas.com\/blog\/category\/amerique-latine\/"},"img":{"alt_text":"","src":"https:\/\/i0.wp.com\/alaincardenas.com\/blog\/wp-content\/uploads\/2023\/05\/livre-dor-AML-JMCC-1.jpg?resize=350%2C200&ssl=1","width":350,"height":200},"classes":[]},{"id":4535,"url":"https:\/\/alaincardenas.com\/blog\/%e8%83%a1%e5%ae%89%c2%b7%e9%a9%ac%e5%8a%aa%e5%9f%83%e5%b0%94%c2%b7%e5%8d%a1%e5%be%b7%e7%ba%b3%e6%96%af%c2%b7%e5%8d%a1%e6%96%af%e7%89%b9%e7%bd%97-%e6%8f%8f%e7%bb%98%e5%8e%9f%e4%bd%8f%e6%b0%91%e7%94%9f\/","url_meta":{"origin":3979,"position":2},"title":"\u80e1\u5b89\u00b7\u9a6c\u52aa\u57c3\u5c14\u00b7\u5361\u5fb7\u7eb3\u65af\u00b7\u5361\u65af\u7279\u7f57 \u63cf\u7ed8\u539f\u4f4f\u6c11\u751f\u6d3b\u7684\u753b\u5bb6 \/ Juan Manuel C\u00e1rdenas Castro, peintre indig\u00e9niste.","author":"admin","date":"2019-12-21","format":false,"excerpt":"Il est parfois opportun d\u2019informer nos lecteurs, \u00e9tudiants, chercheurs et historiens de l'art, des projets mus\u00e9ographiques pr\u00e9sent\u00e9s de temps \u00e0 autre ailleurs et des documents sp\u00e9cifiques permettant leur promotion et leur diffusion. \u00c0 ce propos, l\u2019\u00e9v\u00e9nement biculturel Juan Manuel C\u00e1rdenas Castro a commenc\u00e9 au P\u00e9rou en octobre 2019 et il\u2026","rel":"","context":"Dans &quot;Am\u00e9rique latine&quot;","block_context":{"text":"Am\u00e9rique latine","link":"https:\/\/alaincardenas.com\/blog\/category\/amerique-latine\/"},"img":{"alt_text":"","src":"https:\/\/i0.wp.com\/alaincardenas.com\/blog\/wp-content\/uploads\/2019\/12\/DP-JMCC-Museo-HU-4-1.jpg?resize=350%2C200&ssl=1","width":350,"height":200,"srcset":"https:\/\/i0.wp.com\/alaincardenas.com\/blog\/wp-content\/uploads\/2019\/12\/DP-JMCC-Museo-HU-4-1.jpg?resize=350%2C200&ssl=1 1x, https:\/\/i0.wp.com\/alaincardenas.com\/blog\/wp-content\/uploads\/2019\/12\/DP-JMCC-Museo-HU-4-1.jpg?resize=525%2C300&ssl=1 1.5x, https:\/\/i0.wp.com\/alaincardenas.com\/blog\/wp-content\/uploads\/2019\/12\/DP-JMCC-Museo-HU-4-1.jpg?resize=700%2C400&ssl=1 2x, https:\/\/i0.wp.com\/alaincardenas.com\/blog\/wp-content\/uploads\/2019\/12\/DP-JMCC-Museo-HU-4-1.jpg?resize=1050%2C600&ssl=1 3x"},"classes":[]},{"id":5557,"url":"https:\/\/alaincardenas.com\/blog\/portraits-dhier-et-de-demain-5-manuel-gibaja-un-passeur-de-culture\/","url_meta":{"origin":3979,"position":3},"title":"Portraits d\u2019hier et de demain (5) \u00ab\u00a0Au-del\u00e0 de l&rsquo;indig\u00e9nisme. Manuel Gibaja, un passeur de culture\u00a0\u00bb","author":"admin","date":"2021-01-08","format":false,"excerpt":"par Alain Cardenas-Castro Afin de poursuivre la galerie de portraits choisis dans le panorama de la cr\u00e9ation plastique contemporaine p\u00e9ruvienne, j\u2019ai d\u00e9cid\u00e9 de faire \u00e9cho \u00e0 l\u2019exposition intitul\u00e9e Global(e)\u00a0Resistance, programm\u00e9e au centre Pompidou. Mon choix s\u2019est port\u00e9 sur le plasticien p\u00e9ruvien, Manuel Gibaja, grand oubli\u00e9 parmi cette s\u00e9lection d\u2019artistes effectu\u00e9e\u2026","rel":"","context":"Dans &quot;Am\u00e9rique latine&quot;","block_context":{"text":"Am\u00e9rique latine","link":"https:\/\/alaincardenas.com\/blog\/category\/amerique-latine\/"},"img":{"alt_text":"","src":"https:\/\/i0.wp.com\/alaincardenas.com\/blog\/wp-content\/uploads\/2021\/01\/DSC_4638.jpg?resize=350%2C200","width":350,"height":200},"classes":[]},{"id":6777,"url":"https:\/\/alaincardenas.com\/blog\/le-puma-a-plume-et-autres-motifs-precolombiens-des-dessins-scientifiques-retrouves-dans-latelier-de-juan-manuel-cardenas-castro-lart-de-lancien-perou-enseigne-par-limage\/","url_meta":{"origin":3979,"position":4},"title":"Le puma \u00e0 plume et autres motifs pr\u00e9colombiens. Des dessins scientifiques retrouv\u00e9s dans l&rsquo;atelier de Juan Manuel Cardenas-Castro : l&rsquo;art de l&rsquo;Ancien P\u00e9rou enseign\u00e9 par l&rsquo;image","author":"admin","date":"2023-02-28","format":false,"excerpt":"par Alain Cardenas-Castro \u00ab\u00a0C\u2019est dans les paradoxes du travail artistique que se r\u00e9v\u00e8lent quelques-unes des mutations les plus significatives du travail et des syst\u00e8mes d\u2019emploi modernes.[1]\u00bb. Il en va ainsi du travail cr\u00e9atif qui peut se penser autour des notions d\u2019originalit\u00e9, d\u2019innovation et d\u2019in\u00e9galit\u00e9, \u00e0 l'aune de la vie de\u2026","rel":"","context":"Dans &quot;Am\u00e9rique latine&quot;","block_context":{"text":"Am\u00e9rique latine","link":"https:\/\/alaincardenas.com\/blog\/category\/amerique-latine\/"},"img":{"alt_text":"","src":"https:\/\/i0.wp.com\/alaincardenas.com\/blog\/wp-content\/uploads\/2023\/02\/01-1628360708609.jpg?resize=350%2C200","width":350,"height":200},"classes":[]},{"id":3948,"url":"https:\/\/alaincardenas.com\/blog\/a-propos-dune-photographie-de-max-t-vargas-et-dune-chronique-de-manuel-beltroy-recherches-croisees-pour-preciser-lage-de-juan-manuel-cardenas-castro-8\/","url_meta":{"origin":3979,"position":5},"title":"A propos d\u2019une photographie de Max T. Vargas et d\u2019une chronique de Manuel Beltroy\u00a0: recherches crois\u00e9es pour pr\u00e9ciser l\u2019\u00e2ge de Juan Manuel Cardenas-Castro (8)","author":"admin","date":"2019-08-25","format":false,"excerpt":"par Alain Cardenas-Castro Afin de lever l\u2019ambigu\u00eft\u00e9 quant \u00e0 la date de naissance de Juan Manuel Cardenas-Castro pour laquelle il y a un doute concernant l\u2018ann\u00e9e[1], j\u2019ai entrepris d\u2019analyser en d\u00e9tail la photographie la plus ancienne connue \u00e0 ce jour dans le corpus des documents iconographiques de la famille C\u00e1rdenas\u2026","rel":"","context":"Dans &quot;Am\u00e9rique latine&quot;","block_context":{"text":"Am\u00e9rique latine","link":"https:\/\/alaincardenas.com\/blog\/category\/amerique-latine\/"},"img":{"alt_text":"","src":"https:\/\/i0.wp.com\/alaincardenas.com\/blog\/wp-content\/uploads\/2019\/08\/manuel-Cardenas.jpg?resize=350%2C200","width":350,"height":200},"classes":[]}],"_links":{"self":[{"href":"https:\/\/alaincardenas.com\/blog\/wp-json\/wp\/v2\/posts\/3979"}],"collection":[{"href":"https:\/\/alaincardenas.com\/blog\/wp-json\/wp\/v2\/posts"}],"about":[{"href":"https:\/\/alaincardenas.com\/blog\/wp-json\/wp\/v2\/types\/post"}],"author":[{"embeddable":true,"href":"https:\/\/alaincardenas.com\/blog\/wp-json\/wp\/v2\/users\/1"}],"replies":[{"embeddable":true,"href":"https:\/\/alaincardenas.com\/blog\/wp-json\/wp\/v2\/comments?post=3979"}],"version-history":[{"count":8,"href":"https:\/\/alaincardenas.com\/blog\/wp-json\/wp\/v2\/posts\/3979\/revisions"}],"predecessor-version":[{"id":4123,"href":"https:\/\/alaincardenas.com\/blog\/wp-json\/wp\/v2\/posts\/3979\/revisions\/4123"}],"wp:attachment":[{"href":"https:\/\/alaincardenas.com\/blog\/wp-json\/wp\/v2\/media?parent=3979"}],"wp:term":[{"taxonomy":"category","embeddable":true,"href":"https:\/\/alaincardenas.com\/blog\/wp-json\/wp\/v2\/categories?post=3979"},{"taxonomy":"post_tag","embeddable":true,"href":"https:\/\/alaincardenas.com\/blog\/wp-json\/wp\/v2\/tags?post=3979"}],"curies":[{"name":"wp","href":"https:\/\/api.w.org\/{rel}","templated":true}]}}