{"id":3581,"date":"2019-06-02T22:45:39","date_gmt":"2019-06-02T20:45:39","guid":{"rendered":"https:\/\/alaincardenas.com\/blog\/?p=3581"},"modified":"2019-07-25T11:35:03","modified_gmt":"2019-07-25T09:35:03","slug":"la-collection-francois-dautresme-entre-objets-dart-populaire-et-design-intuitif","status":"publish","type":"post","link":"https:\/\/alaincardenas.com\/blog\/la-collection-francois-dautresme-entre-objets-dart-populaire-et-design-intuitif\/","title":{"rendered":"La collection Fran\u00e7ois Dautresme entre objets d&rsquo;art populaire et design intuitif"},"content":{"rendered":"<pre class=\"ydp712914fyahoo-style-wrap\">par Ma Li Dautresme<\/pre>\n<div style=\"text-align: left;\">Propos introductifs d&rsquo;Alain Cardenas-Castro et Christophe Comentale<\/div>\n<div style=\"text-align: left;\">\n<hr \/>\n<blockquote class=\"yiv3148018125\">\n<div class=\"yiv3148018125\">\n<div class=\"yiv3148018125\">\n<div class=\"yiv3148018125\">\n<blockquote class=\"yiv3148018125\">\n<div class=\"yiv3148018125\" dir=\"ltr\">\n<div class=\"yiv3148018125ydp59e76770yahoo-style-wrap\" dir=\"ltr\">Depuis la cr\u00e9ation du Mus\u00e9e chinois du quotidien le 11 juillet 2017, les choses ont un peu \u00e9volu\u00e9, mais pas de fa\u00e7on exag\u00e9r\u00e9e !<\/div>\n<div class=\"yiv3148018125ydp59e76770yahoo-style-wrap\" dir=\"ltr\">La vie d&rsquo;un mus\u00e9e est faite de r\u00e9p\u00e9tition(s), toutes dans une continuit\u00e9 : il y a ce que le public voit quand il entre visiter les lieux, il y a aussi tout le travail de pr\u00e9paration, de conservation, les mouvements des collections, des objets. Bref tout ce qui se fait, en interne, pour que, progressivement, au fil du temps, les choses avancent. Cet axe bien sp\u00e9cifique, le travail sur les collections, ne cesse de pr\u00e9ciser le statut et la valeur sp\u00e9cifique des pi\u00e8ces.<\/div>\n<div class=\"yiv3148018125ydp59e76770yahoo-style-wrap\" dir=\"ltr\">En parall\u00e8le, il est normal que des publications \u00e9toffent, accompagnent cet ensemble de donn\u00e9es.<\/div>\n<div class=\"yiv3148018125ydp59e76770yahoo-style-wrap\" dir=\"ltr\">C&rsquo;est pourquoi nous avons demand\u00e9 \u00e0 Ma Li Dautresme, elle aussi \u00e0 l&rsquo;initiative de ce beau projet, de nous livrer le fruit de son observation sur les collections familiales. Elle a choisi un texte\u00a0 qui a d\u00e9j\u00e0 quelques ann\u00e9es : il s&rsquo;agit de son m\u00e9moire\u00a0<i class=\"yiv3148018125\">La collection Fran\u00e7ois Dautresme entre objets d&rsquo;art populaire et design intuitif<\/i>, texte r\u00e9dig\u00e9 en 2016 alors qu&rsquo;elle fr\u00e9quentait l&rsquo;\u00e9cole Camondo (Paris).<\/div>\n<\/div>\n<\/blockquote>\n<\/div>\n<\/div>\n<\/div>\n<\/blockquote>\n<\/div>\n<div class=\"ydp712914fyahoo-style-wrap\" style=\"text-align: left;\"><\/div>\n<div><\/div>\n<p><!--more--><\/p>\n<p><a href=\"https:\/\/i0.wp.com\/alaincardenas.com\/blog\/wp-content\/uploads\/2019\/06\/1-2.jpg?ssl=1\"><img data-attachment-id=\"3832\" data-permalink=\"https:\/\/alaincardenas.com\/blog\/la-collection-francois-dautresme-entre-objets-dart-populaire-et-design-intuitif\/1-5\/\" data-orig-file=\"https:\/\/i0.wp.com\/alaincardenas.com\/blog\/wp-content\/uploads\/2019\/06\/1-2.jpg?fit=1240%2C1753&amp;ssl=1\" data-orig-size=\"1240,1753\" data-comments-opened=\"0\" data-image-meta=\"{&quot;aperture&quot;:&quot;0&quot;,&quot;credit&quot;:&quot;&quot;,&quot;camera&quot;:&quot;&quot;,&quot;caption&quot;:&quot;&quot;,&quot;created_timestamp&quot;:&quot;0&quot;,&quot;copyright&quot;:&quot;&quot;,&quot;focal_length&quot;:&quot;0&quot;,&quot;iso&quot;:&quot;0&quot;,&quot;shutter_speed&quot;:&quot;0&quot;,&quot;title&quot;:&quot;&quot;,&quot;orientation&quot;:&quot;0&quot;}\" data-image-title=\"1\" data-image-description=\"\" data-image-caption=\"\" data-medium-file=\"https:\/\/i0.wp.com\/alaincardenas.com\/blog\/wp-content\/uploads\/2019\/06\/1-2.jpg?fit=212%2C300&amp;ssl=1\" data-large-file=\"https:\/\/i0.wp.com\/alaincardenas.com\/blog\/wp-content\/uploads\/2019\/06\/1-2.jpg?fit=584%2C826&amp;ssl=1\" decoding=\"async\" loading=\"lazy\" class=\"alignnone size-full wp-image-3832\" src=\"https:\/\/i0.wp.com\/alaincardenas.com\/blog\/wp-content\/uploads\/2019\/06\/1-2.jpg?resize=584%2C826&#038;ssl=1\" alt=\"\" width=\"584\" height=\"826\" srcset=\"https:\/\/i0.wp.com\/alaincardenas.com\/blog\/wp-content\/uploads\/2019\/06\/1-2.jpg?w=1240&amp;ssl=1 1240w, https:\/\/i0.wp.com\/alaincardenas.com\/blog\/wp-content\/uploads\/2019\/06\/1-2.jpg?resize=212%2C300&amp;ssl=1 212w, https:\/\/i0.wp.com\/alaincardenas.com\/blog\/wp-content\/uploads\/2019\/06\/1-2.jpg?resize=768%2C1086&amp;ssl=1 768w, https:\/\/i0.wp.com\/alaincardenas.com\/blog\/wp-content\/uploads\/2019\/06\/1-2.jpg?resize=724%2C1024&amp;ssl=1 724w, https:\/\/i0.wp.com\/alaincardenas.com\/blog\/wp-content\/uploads\/2019\/06\/1-2.jpg?w=1168&amp;ssl=1 1168w\" sizes=\"(max-width: 584px) 100vw, 584px\" data-recalc-dims=\"1\" \/><\/a><\/p>\n<p><a href=\"https:\/\/i0.wp.com\/alaincardenas.com\/blog\/wp-content\/uploads\/2019\/06\/2-2.jpg?ssl=1\"><img data-attachment-id=\"3833\" data-permalink=\"https:\/\/alaincardenas.com\/blog\/la-collection-francois-dautresme-entre-objets-dart-populaire-et-design-intuitif\/2-6\/\" data-orig-file=\"https:\/\/i0.wp.com\/alaincardenas.com\/blog\/wp-content\/uploads\/2019\/06\/2-2.jpg?fit=1240%2C1753&amp;ssl=1\" data-orig-size=\"1240,1753\" data-comments-opened=\"0\" data-image-meta=\"{&quot;aperture&quot;:&quot;0&quot;,&quot;credit&quot;:&quot;&quot;,&quot;camera&quot;:&quot;&quot;,&quot;caption&quot;:&quot;&quot;,&quot;created_timestamp&quot;:&quot;0&quot;,&quot;copyright&quot;:&quot;&quot;,&quot;focal_length&quot;:&quot;0&quot;,&quot;iso&quot;:&quot;0&quot;,&quot;shutter_speed&quot;:&quot;0&quot;,&quot;title&quot;:&quot;&quot;,&quot;orientation&quot;:&quot;0&quot;}\" data-image-title=\"2\" data-image-description=\"\" data-image-caption=\"\" data-medium-file=\"https:\/\/i0.wp.com\/alaincardenas.com\/blog\/wp-content\/uploads\/2019\/06\/2-2.jpg?fit=212%2C300&amp;ssl=1\" data-large-file=\"https:\/\/i0.wp.com\/alaincardenas.com\/blog\/wp-content\/uploads\/2019\/06\/2-2.jpg?fit=584%2C826&amp;ssl=1\" decoding=\"async\" loading=\"lazy\" class=\"alignnone size-full wp-image-3833\" src=\"https:\/\/i0.wp.com\/alaincardenas.com\/blog\/wp-content\/uploads\/2019\/06\/2-2.jpg?resize=584%2C826&#038;ssl=1\" alt=\"\" width=\"584\" height=\"826\" srcset=\"https:\/\/i0.wp.com\/alaincardenas.com\/blog\/wp-content\/uploads\/2019\/06\/2-2.jpg?w=1240&amp;ssl=1 1240w, https:\/\/i0.wp.com\/alaincardenas.com\/blog\/wp-content\/uploads\/2019\/06\/2-2.jpg?resize=212%2C300&amp;ssl=1 212w, https:\/\/i0.wp.com\/alaincardenas.com\/blog\/wp-content\/uploads\/2019\/06\/2-2.jpg?resize=768%2C1086&amp;ssl=1 768w, https:\/\/i0.wp.com\/alaincardenas.com\/blog\/wp-content\/uploads\/2019\/06\/2-2.jpg?resize=724%2C1024&amp;ssl=1 724w, https:\/\/i0.wp.com\/alaincardenas.com\/blog\/wp-content\/uploads\/2019\/06\/2-2.jpg?w=1168&amp;ssl=1 1168w\" sizes=\"(max-width: 584px) 100vw, 584px\" data-recalc-dims=\"1\" \/><\/a><\/p>\n<div>\n<p><a href=\"https:\/\/i0.wp.com\/alaincardenas.com\/blog\/wp-content\/uploads\/2019\/06\/3-2.jpg?ssl=1\"><img data-attachment-id=\"3834\" data-permalink=\"https:\/\/alaincardenas.com\/blog\/la-collection-francois-dautresme-entre-objets-dart-populaire-et-design-intuitif\/3-5\/\" data-orig-file=\"https:\/\/i0.wp.com\/alaincardenas.com\/blog\/wp-content\/uploads\/2019\/06\/3-2.jpg?fit=1240%2C1753&amp;ssl=1\" data-orig-size=\"1240,1753\" data-comments-opened=\"0\" data-image-meta=\"{&quot;aperture&quot;:&quot;0&quot;,&quot;credit&quot;:&quot;&quot;,&quot;camera&quot;:&quot;&quot;,&quot;caption&quot;:&quot;&quot;,&quot;created_timestamp&quot;:&quot;0&quot;,&quot;copyright&quot;:&quot;&quot;,&quot;focal_length&quot;:&quot;0&quot;,&quot;iso&quot;:&quot;0&quot;,&quot;shutter_speed&quot;:&quot;0&quot;,&quot;title&quot;:&quot;&quot;,&quot;orientation&quot;:&quot;0&quot;}\" data-image-title=\"3\" data-image-description=\"\" data-image-caption=\"\" data-medium-file=\"https:\/\/i0.wp.com\/alaincardenas.com\/blog\/wp-content\/uploads\/2019\/06\/3-2.jpg?fit=212%2C300&amp;ssl=1\" data-large-file=\"https:\/\/i0.wp.com\/alaincardenas.com\/blog\/wp-content\/uploads\/2019\/06\/3-2.jpg?fit=584%2C826&amp;ssl=1\" decoding=\"async\" loading=\"lazy\" class=\"alignnone size-full wp-image-3834\" src=\"https:\/\/i0.wp.com\/alaincardenas.com\/blog\/wp-content\/uploads\/2019\/06\/3-2.jpg?resize=584%2C826&#038;ssl=1\" alt=\"\" width=\"584\" height=\"826\" srcset=\"https:\/\/i0.wp.com\/alaincardenas.com\/blog\/wp-content\/uploads\/2019\/06\/3-2.jpg?w=1240&amp;ssl=1 1240w, https:\/\/i0.wp.com\/alaincardenas.com\/blog\/wp-content\/uploads\/2019\/06\/3-2.jpg?resize=212%2C300&amp;ssl=1 212w, https:\/\/i0.wp.com\/alaincardenas.com\/blog\/wp-content\/uploads\/2019\/06\/3-2.jpg?resize=768%2C1086&amp;ssl=1 768w, https:\/\/i0.wp.com\/alaincardenas.com\/blog\/wp-content\/uploads\/2019\/06\/3-2.jpg?resize=724%2C1024&amp;ssl=1 724w, https:\/\/i0.wp.com\/alaincardenas.com\/blog\/wp-content\/uploads\/2019\/06\/3-2.jpg?w=1168&amp;ssl=1 1168w\" sizes=\"(max-width: 584px) 100vw, 584px\" data-recalc-dims=\"1\" \/><\/a><\/p>\n<p><a href=\"https:\/\/i0.wp.com\/alaincardenas.com\/blog\/wp-content\/uploads\/2019\/06\/4-2.jpg?ssl=1\"><img data-attachment-id=\"3835\" data-permalink=\"https:\/\/alaincardenas.com\/blog\/la-collection-francois-dautresme-entre-objets-dart-populaire-et-design-intuitif\/4-5\/\" data-orig-file=\"https:\/\/i0.wp.com\/alaincardenas.com\/blog\/wp-content\/uploads\/2019\/06\/4-2.jpg?fit=1240%2C1753&amp;ssl=1\" data-orig-size=\"1240,1753\" data-comments-opened=\"0\" data-image-meta=\"{&quot;aperture&quot;:&quot;0&quot;,&quot;credit&quot;:&quot;&quot;,&quot;camera&quot;:&quot;&quot;,&quot;caption&quot;:&quot;&quot;,&quot;created_timestamp&quot;:&quot;0&quot;,&quot;copyright&quot;:&quot;&quot;,&quot;focal_length&quot;:&quot;0&quot;,&quot;iso&quot;:&quot;0&quot;,&quot;shutter_speed&quot;:&quot;0&quot;,&quot;title&quot;:&quot;&quot;,&quot;orientation&quot;:&quot;0&quot;}\" data-image-title=\"4\" data-image-description=\"\" data-image-caption=\"\" data-medium-file=\"https:\/\/i0.wp.com\/alaincardenas.com\/blog\/wp-content\/uploads\/2019\/06\/4-2.jpg?fit=212%2C300&amp;ssl=1\" data-large-file=\"https:\/\/i0.wp.com\/alaincardenas.com\/blog\/wp-content\/uploads\/2019\/06\/4-2.jpg?fit=584%2C826&amp;ssl=1\" decoding=\"async\" loading=\"lazy\" class=\"alignnone size-full wp-image-3835\" src=\"https:\/\/i0.wp.com\/alaincardenas.com\/blog\/wp-content\/uploads\/2019\/06\/4-2.jpg?resize=584%2C826&#038;ssl=1\" alt=\"\" width=\"584\" height=\"826\" srcset=\"https:\/\/i0.wp.com\/alaincardenas.com\/blog\/wp-content\/uploads\/2019\/06\/4-2.jpg?w=1240&amp;ssl=1 1240w, https:\/\/i0.wp.com\/alaincardenas.com\/blog\/wp-content\/uploads\/2019\/06\/4-2.jpg?resize=212%2C300&amp;ssl=1 212w, https:\/\/i0.wp.com\/alaincardenas.com\/blog\/wp-content\/uploads\/2019\/06\/4-2.jpg?resize=768%2C1086&amp;ssl=1 768w, https:\/\/i0.wp.com\/alaincardenas.com\/blog\/wp-content\/uploads\/2019\/06\/4-2.jpg?resize=724%2C1024&amp;ssl=1 724w, https:\/\/i0.wp.com\/alaincardenas.com\/blog\/wp-content\/uploads\/2019\/06\/4-2.jpg?w=1168&amp;ssl=1 1168w\" sizes=\"(max-width: 584px) 100vw, 584px\" data-recalc-dims=\"1\" \/><\/a><\/p>\n<p><a href=\"https:\/\/i0.wp.com\/alaincardenas.com\/blog\/wp-content\/uploads\/2019\/06\/5-2.jpg?ssl=1\"><img data-attachment-id=\"3836\" data-permalink=\"https:\/\/alaincardenas.com\/blog\/la-collection-francois-dautresme-entre-objets-dart-populaire-et-design-intuitif\/5-4\/\" data-orig-file=\"https:\/\/i0.wp.com\/alaincardenas.com\/blog\/wp-content\/uploads\/2019\/06\/5-2.jpg?fit=1240%2C1753&amp;ssl=1\" data-orig-size=\"1240,1753\" data-comments-opened=\"0\" data-image-meta=\"{&quot;aperture&quot;:&quot;0&quot;,&quot;credit&quot;:&quot;&quot;,&quot;camera&quot;:&quot;&quot;,&quot;caption&quot;:&quot;&quot;,&quot;created_timestamp&quot;:&quot;0&quot;,&quot;copyright&quot;:&quot;&quot;,&quot;focal_length&quot;:&quot;0&quot;,&quot;iso&quot;:&quot;0&quot;,&quot;shutter_speed&quot;:&quot;0&quot;,&quot;title&quot;:&quot;&quot;,&quot;orientation&quot;:&quot;0&quot;}\" data-image-title=\"5\" data-image-description=\"\" data-image-caption=\"\" data-medium-file=\"https:\/\/i0.wp.com\/alaincardenas.com\/blog\/wp-content\/uploads\/2019\/06\/5-2.jpg?fit=212%2C300&amp;ssl=1\" data-large-file=\"https:\/\/i0.wp.com\/alaincardenas.com\/blog\/wp-content\/uploads\/2019\/06\/5-2.jpg?fit=584%2C826&amp;ssl=1\" decoding=\"async\" loading=\"lazy\" class=\"alignnone size-full wp-image-3836\" src=\"https:\/\/i0.wp.com\/alaincardenas.com\/blog\/wp-content\/uploads\/2019\/06\/5-2.jpg?resize=584%2C826&#038;ssl=1\" alt=\"\" width=\"584\" height=\"826\" srcset=\"https:\/\/i0.wp.com\/alaincardenas.com\/blog\/wp-content\/uploads\/2019\/06\/5-2.jpg?w=1240&amp;ssl=1 1240w, https:\/\/i0.wp.com\/alaincardenas.com\/blog\/wp-content\/uploads\/2019\/06\/5-2.jpg?resize=212%2C300&amp;ssl=1 212w, https:\/\/i0.wp.com\/alaincardenas.com\/blog\/wp-content\/uploads\/2019\/06\/5-2.jpg?resize=768%2C1086&amp;ssl=1 768w, https:\/\/i0.wp.com\/alaincardenas.com\/blog\/wp-content\/uploads\/2019\/06\/5-2.jpg?resize=724%2C1024&amp;ssl=1 724w, https:\/\/i0.wp.com\/alaincardenas.com\/blog\/wp-content\/uploads\/2019\/06\/5-2.jpg?w=1168&amp;ssl=1 1168w\" sizes=\"(max-width: 584px) 100vw, 584px\" data-recalc-dims=\"1\" \/><\/a><\/p>\n<p><a href=\"https:\/\/i0.wp.com\/alaincardenas.com\/blog\/wp-content\/uploads\/2019\/06\/6-2.jpg?ssl=1\"><img data-attachment-id=\"3837\" data-permalink=\"https:\/\/alaincardenas.com\/blog\/la-collection-francois-dautresme-entre-objets-dart-populaire-et-design-intuitif\/6-4\/\" data-orig-file=\"https:\/\/i0.wp.com\/alaincardenas.com\/blog\/wp-content\/uploads\/2019\/06\/6-2.jpg?fit=1240%2C1753&amp;ssl=1\" data-orig-size=\"1240,1753\" data-comments-opened=\"0\" data-image-meta=\"{&quot;aperture&quot;:&quot;0&quot;,&quot;credit&quot;:&quot;&quot;,&quot;camera&quot;:&quot;&quot;,&quot;caption&quot;:&quot;&quot;,&quot;created_timestamp&quot;:&quot;0&quot;,&quot;copyright&quot;:&quot;&quot;,&quot;focal_length&quot;:&quot;0&quot;,&quot;iso&quot;:&quot;0&quot;,&quot;shutter_speed&quot;:&quot;0&quot;,&quot;title&quot;:&quot;&quot;,&quot;orientation&quot;:&quot;0&quot;}\" data-image-title=\"6\" data-image-description=\"\" data-image-caption=\"\" data-medium-file=\"https:\/\/i0.wp.com\/alaincardenas.com\/blog\/wp-content\/uploads\/2019\/06\/6-2.jpg?fit=212%2C300&amp;ssl=1\" data-large-file=\"https:\/\/i0.wp.com\/alaincardenas.com\/blog\/wp-content\/uploads\/2019\/06\/6-2.jpg?fit=584%2C826&amp;ssl=1\" decoding=\"async\" loading=\"lazy\" class=\"alignnone size-full wp-image-3837\" src=\"https:\/\/i0.wp.com\/alaincardenas.com\/blog\/wp-content\/uploads\/2019\/06\/6-2.jpg?resize=584%2C826&#038;ssl=1\" alt=\"\" width=\"584\" height=\"826\" srcset=\"https:\/\/i0.wp.com\/alaincardenas.com\/blog\/wp-content\/uploads\/2019\/06\/6-2.jpg?w=1240&amp;ssl=1 1240w, https:\/\/i0.wp.com\/alaincardenas.com\/blog\/wp-content\/uploads\/2019\/06\/6-2.jpg?resize=212%2C300&amp;ssl=1 212w, https:\/\/i0.wp.com\/alaincardenas.com\/blog\/wp-content\/uploads\/2019\/06\/6-2.jpg?resize=768%2C1086&amp;ssl=1 768w, https:\/\/i0.wp.com\/alaincardenas.com\/blog\/wp-content\/uploads\/2019\/06\/6-2.jpg?resize=724%2C1024&amp;ssl=1 724w, https:\/\/i0.wp.com\/alaincardenas.com\/blog\/wp-content\/uploads\/2019\/06\/6-2.jpg?w=1168&amp;ssl=1 1168w\" sizes=\"(max-width: 584px) 100vw, 584px\" data-recalc-dims=\"1\" \/><\/a><\/p>\n<p><a href=\"https:\/\/i0.wp.com\/alaincardenas.com\/blog\/wp-content\/uploads\/2019\/06\/7-2.jpg?ssl=1\"><img data-attachment-id=\"3838\" data-permalink=\"https:\/\/alaincardenas.com\/blog\/la-collection-francois-dautresme-entre-objets-dart-populaire-et-design-intuitif\/7-4\/\" data-orig-file=\"https:\/\/i0.wp.com\/alaincardenas.com\/blog\/wp-content\/uploads\/2019\/06\/7-2.jpg?fit=1240%2C1753&amp;ssl=1\" data-orig-size=\"1240,1753\" data-comments-opened=\"0\" data-image-meta=\"{&quot;aperture&quot;:&quot;0&quot;,&quot;credit&quot;:&quot;&quot;,&quot;camera&quot;:&quot;&quot;,&quot;caption&quot;:&quot;&quot;,&quot;created_timestamp&quot;:&quot;0&quot;,&quot;copyright&quot;:&quot;&quot;,&quot;focal_length&quot;:&quot;0&quot;,&quot;iso&quot;:&quot;0&quot;,&quot;shutter_speed&quot;:&quot;0&quot;,&quot;title&quot;:&quot;&quot;,&quot;orientation&quot;:&quot;0&quot;}\" data-image-title=\"7\" data-image-description=\"\" data-image-caption=\"\" data-medium-file=\"https:\/\/i0.wp.com\/alaincardenas.com\/blog\/wp-content\/uploads\/2019\/06\/7-2.jpg?fit=212%2C300&amp;ssl=1\" data-large-file=\"https:\/\/i0.wp.com\/alaincardenas.com\/blog\/wp-content\/uploads\/2019\/06\/7-2.jpg?fit=584%2C826&amp;ssl=1\" decoding=\"async\" loading=\"lazy\" class=\"alignnone size-full wp-image-3838\" src=\"https:\/\/i0.wp.com\/alaincardenas.com\/blog\/wp-content\/uploads\/2019\/06\/7-2.jpg?resize=584%2C826&#038;ssl=1\" alt=\"\" width=\"584\" height=\"826\" srcset=\"https:\/\/i0.wp.com\/alaincardenas.com\/blog\/wp-content\/uploads\/2019\/06\/7-2.jpg?w=1240&amp;ssl=1 1240w, https:\/\/i0.wp.com\/alaincardenas.com\/blog\/wp-content\/uploads\/2019\/06\/7-2.jpg?resize=212%2C300&amp;ssl=1 212w, https:\/\/i0.wp.com\/alaincardenas.com\/blog\/wp-content\/uploads\/2019\/06\/7-2.jpg?resize=768%2C1086&amp;ssl=1 768w, https:\/\/i0.wp.com\/alaincardenas.com\/blog\/wp-content\/uploads\/2019\/06\/7-2.jpg?resize=724%2C1024&amp;ssl=1 724w, https:\/\/i0.wp.com\/alaincardenas.com\/blog\/wp-content\/uploads\/2019\/06\/7-2.jpg?w=1168&amp;ssl=1 1168w\" sizes=\"(max-width: 584px) 100vw, 584px\" data-recalc-dims=\"1\" \/><\/a><\/p>\n<p><a href=\"https:\/\/i0.wp.com\/alaincardenas.com\/blog\/wp-content\/uploads\/2019\/06\/8-2.jpg?ssl=1\"><img data-attachment-id=\"3839\" data-permalink=\"https:\/\/alaincardenas.com\/blog\/la-collection-francois-dautresme-entre-objets-dart-populaire-et-design-intuitif\/8-4\/\" data-orig-file=\"https:\/\/i0.wp.com\/alaincardenas.com\/blog\/wp-content\/uploads\/2019\/06\/8-2.jpg?fit=1240%2C1753&amp;ssl=1\" data-orig-size=\"1240,1753\" data-comments-opened=\"0\" data-image-meta=\"{&quot;aperture&quot;:&quot;0&quot;,&quot;credit&quot;:&quot;&quot;,&quot;camera&quot;:&quot;&quot;,&quot;caption&quot;:&quot;&quot;,&quot;created_timestamp&quot;:&quot;0&quot;,&quot;copyright&quot;:&quot;&quot;,&quot;focal_length&quot;:&quot;0&quot;,&quot;iso&quot;:&quot;0&quot;,&quot;shutter_speed&quot;:&quot;0&quot;,&quot;title&quot;:&quot;&quot;,&quot;orientation&quot;:&quot;0&quot;}\" data-image-title=\"8\" data-image-description=\"\" data-image-caption=\"\" data-medium-file=\"https:\/\/i0.wp.com\/alaincardenas.com\/blog\/wp-content\/uploads\/2019\/06\/8-2.jpg?fit=212%2C300&amp;ssl=1\" data-large-file=\"https:\/\/i0.wp.com\/alaincardenas.com\/blog\/wp-content\/uploads\/2019\/06\/8-2.jpg?fit=584%2C826&amp;ssl=1\" decoding=\"async\" loading=\"lazy\" class=\"alignnone size-full wp-image-3839\" src=\"https:\/\/i0.wp.com\/alaincardenas.com\/blog\/wp-content\/uploads\/2019\/06\/8-2.jpg?resize=584%2C826&#038;ssl=1\" alt=\"\" width=\"584\" height=\"826\" srcset=\"https:\/\/i0.wp.com\/alaincardenas.com\/blog\/wp-content\/uploads\/2019\/06\/8-2.jpg?w=1240&amp;ssl=1 1240w, https:\/\/i0.wp.com\/alaincardenas.com\/blog\/wp-content\/uploads\/2019\/06\/8-2.jpg?resize=212%2C300&amp;ssl=1 212w, https:\/\/i0.wp.com\/alaincardenas.com\/blog\/wp-content\/uploads\/2019\/06\/8-2.jpg?resize=768%2C1086&amp;ssl=1 768w, https:\/\/i0.wp.com\/alaincardenas.com\/blog\/wp-content\/uploads\/2019\/06\/8-2.jpg?resize=724%2C1024&amp;ssl=1 724w, https:\/\/i0.wp.com\/alaincardenas.com\/blog\/wp-content\/uploads\/2019\/06\/8-2.jpg?w=1168&amp;ssl=1 1168w\" sizes=\"(max-width: 584px) 100vw, 584px\" data-recalc-dims=\"1\" \/><\/a><\/p>\n<p><a href=\"https:\/\/i0.wp.com\/alaincardenas.com\/blog\/wp-content\/uploads\/2019\/06\/9-2.jpg?ssl=1\"><img data-attachment-id=\"3840\" data-permalink=\"https:\/\/alaincardenas.com\/blog\/la-collection-francois-dautresme-entre-objets-dart-populaire-et-design-intuitif\/9-4\/\" data-orig-file=\"https:\/\/i0.wp.com\/alaincardenas.com\/blog\/wp-content\/uploads\/2019\/06\/9-2.jpg?fit=1240%2C1753&amp;ssl=1\" data-orig-size=\"1240,1753\" data-comments-opened=\"0\" data-image-meta=\"{&quot;aperture&quot;:&quot;0&quot;,&quot;credit&quot;:&quot;&quot;,&quot;camera&quot;:&quot;&quot;,&quot;caption&quot;:&quot;&quot;,&quot;created_timestamp&quot;:&quot;0&quot;,&quot;copyright&quot;:&quot;&quot;,&quot;focal_length&quot;:&quot;0&quot;,&quot;iso&quot;:&quot;0&quot;,&quot;shutter_speed&quot;:&quot;0&quot;,&quot;title&quot;:&quot;&quot;,&quot;orientation&quot;:&quot;0&quot;}\" data-image-title=\"9\" data-image-description=\"\" data-image-caption=\"\" data-medium-file=\"https:\/\/i0.wp.com\/alaincardenas.com\/blog\/wp-content\/uploads\/2019\/06\/9-2.jpg?fit=212%2C300&amp;ssl=1\" data-large-file=\"https:\/\/i0.wp.com\/alaincardenas.com\/blog\/wp-content\/uploads\/2019\/06\/9-2.jpg?fit=584%2C826&amp;ssl=1\" decoding=\"async\" loading=\"lazy\" class=\"alignnone size-full wp-image-3840\" src=\"https:\/\/i0.wp.com\/alaincardenas.com\/blog\/wp-content\/uploads\/2019\/06\/9-2.jpg?resize=584%2C826&#038;ssl=1\" alt=\"\" width=\"584\" height=\"826\" srcset=\"https:\/\/i0.wp.com\/alaincardenas.com\/blog\/wp-content\/uploads\/2019\/06\/9-2.jpg?w=1240&amp;ssl=1 1240w, https:\/\/i0.wp.com\/alaincardenas.com\/blog\/wp-content\/uploads\/2019\/06\/9-2.jpg?resize=212%2C300&amp;ssl=1 212w, https:\/\/i0.wp.com\/alaincardenas.com\/blog\/wp-content\/uploads\/2019\/06\/9-2.jpg?resize=768%2C1086&amp;ssl=1 768w, https:\/\/i0.wp.com\/alaincardenas.com\/blog\/wp-content\/uploads\/2019\/06\/9-2.jpg?resize=724%2C1024&amp;ssl=1 724w, https:\/\/i0.wp.com\/alaincardenas.com\/blog\/wp-content\/uploads\/2019\/06\/9-2.jpg?w=1168&amp;ssl=1 1168w\" sizes=\"(max-width: 584px) 100vw, 584px\" data-recalc-dims=\"1\" \/><\/a><\/p>\n<p><a href=\"https:\/\/i0.wp.com\/alaincardenas.com\/blog\/wp-content\/uploads\/2019\/06\/10-1.jpg?ssl=1\"><img data-attachment-id=\"3841\" data-permalink=\"https:\/\/alaincardenas.com\/blog\/la-collection-francois-dautresme-entre-objets-dart-populaire-et-design-intuitif\/10-4\/\" data-orig-file=\"https:\/\/i0.wp.com\/alaincardenas.com\/blog\/wp-content\/uploads\/2019\/06\/10-1.jpg?fit=1240%2C1753&amp;ssl=1\" data-orig-size=\"1240,1753\" data-comments-opened=\"0\" data-image-meta=\"{&quot;aperture&quot;:&quot;0&quot;,&quot;credit&quot;:&quot;&quot;,&quot;camera&quot;:&quot;&quot;,&quot;caption&quot;:&quot;&quot;,&quot;created_timestamp&quot;:&quot;0&quot;,&quot;copyright&quot;:&quot;&quot;,&quot;focal_length&quot;:&quot;0&quot;,&quot;iso&quot;:&quot;0&quot;,&quot;shutter_speed&quot;:&quot;0&quot;,&quot;title&quot;:&quot;&quot;,&quot;orientation&quot;:&quot;0&quot;}\" data-image-title=\"10\" data-image-description=\"\" data-image-caption=\"\" data-medium-file=\"https:\/\/i0.wp.com\/alaincardenas.com\/blog\/wp-content\/uploads\/2019\/06\/10-1.jpg?fit=212%2C300&amp;ssl=1\" data-large-file=\"https:\/\/i0.wp.com\/alaincardenas.com\/blog\/wp-content\/uploads\/2019\/06\/10-1.jpg?fit=584%2C826&amp;ssl=1\" decoding=\"async\" loading=\"lazy\" class=\"alignnone size-full wp-image-3841\" src=\"https:\/\/i0.wp.com\/alaincardenas.com\/blog\/wp-content\/uploads\/2019\/06\/10-1.jpg?resize=584%2C826&#038;ssl=1\" alt=\"\" width=\"584\" height=\"826\" srcset=\"https:\/\/i0.wp.com\/alaincardenas.com\/blog\/wp-content\/uploads\/2019\/06\/10-1.jpg?w=1240&amp;ssl=1 1240w, https:\/\/i0.wp.com\/alaincardenas.com\/blog\/wp-content\/uploads\/2019\/06\/10-1.jpg?resize=212%2C300&amp;ssl=1 212w, https:\/\/i0.wp.com\/alaincardenas.com\/blog\/wp-content\/uploads\/2019\/06\/10-1.jpg?resize=768%2C1086&amp;ssl=1 768w, https:\/\/i0.wp.com\/alaincardenas.com\/blog\/wp-content\/uploads\/2019\/06\/10-1.jpg?resize=724%2C1024&amp;ssl=1 724w, https:\/\/i0.wp.com\/alaincardenas.com\/blog\/wp-content\/uploads\/2019\/06\/10-1.jpg?w=1168&amp;ssl=1 1168w\" sizes=\"(max-width: 584px) 100vw, 584px\" data-recalc-dims=\"1\" \/><\/a><\/p>\n<p><a href=\"https:\/\/i0.wp.com\/alaincardenas.com\/blog\/wp-content\/uploads\/2019\/06\/11-1.jpg?ssl=1\"><img data-attachment-id=\"3842\" data-permalink=\"https:\/\/alaincardenas.com\/blog\/la-collection-francois-dautresme-entre-objets-dart-populaire-et-design-intuitif\/11-3\/\" data-orig-file=\"https:\/\/i0.wp.com\/alaincardenas.com\/blog\/wp-content\/uploads\/2019\/06\/11-1.jpg?fit=1240%2C1753&amp;ssl=1\" data-orig-size=\"1240,1753\" data-comments-opened=\"0\" data-image-meta=\"{&quot;aperture&quot;:&quot;0&quot;,&quot;credit&quot;:&quot;&quot;,&quot;camera&quot;:&quot;&quot;,&quot;caption&quot;:&quot;&quot;,&quot;created_timestamp&quot;:&quot;0&quot;,&quot;copyright&quot;:&quot;&quot;,&quot;focal_length&quot;:&quot;0&quot;,&quot;iso&quot;:&quot;0&quot;,&quot;shutter_speed&quot;:&quot;0&quot;,&quot;title&quot;:&quot;&quot;,&quot;orientation&quot;:&quot;0&quot;}\" data-image-title=\"11\" data-image-description=\"\" data-image-caption=\"\" data-medium-file=\"https:\/\/i0.wp.com\/alaincardenas.com\/blog\/wp-content\/uploads\/2019\/06\/11-1.jpg?fit=212%2C300&amp;ssl=1\" data-large-file=\"https:\/\/i0.wp.com\/alaincardenas.com\/blog\/wp-content\/uploads\/2019\/06\/11-1.jpg?fit=584%2C826&amp;ssl=1\" decoding=\"async\" loading=\"lazy\" class=\"alignnone size-full wp-image-3842\" src=\"https:\/\/i0.wp.com\/alaincardenas.com\/blog\/wp-content\/uploads\/2019\/06\/11-1.jpg?resize=584%2C826&#038;ssl=1\" alt=\"\" width=\"584\" height=\"826\" srcset=\"https:\/\/i0.wp.com\/alaincardenas.com\/blog\/wp-content\/uploads\/2019\/06\/11-1.jpg?w=1240&amp;ssl=1 1240w, https:\/\/i0.wp.com\/alaincardenas.com\/blog\/wp-content\/uploads\/2019\/06\/11-1.jpg?resize=212%2C300&amp;ssl=1 212w, https:\/\/i0.wp.com\/alaincardenas.com\/blog\/wp-content\/uploads\/2019\/06\/11-1.jpg?resize=768%2C1086&amp;ssl=1 768w, https:\/\/i0.wp.com\/alaincardenas.com\/blog\/wp-content\/uploads\/2019\/06\/11-1.jpg?resize=724%2C1024&amp;ssl=1 724w, https:\/\/i0.wp.com\/alaincardenas.com\/blog\/wp-content\/uploads\/2019\/06\/11-1.jpg?w=1168&amp;ssl=1 1168w\" sizes=\"(max-width: 584px) 100vw, 584px\" data-recalc-dims=\"1\" \/><\/a><\/p>\n<p><a href=\"https:\/\/i0.wp.com\/alaincardenas.com\/blog\/wp-content\/uploads\/2019\/06\/12-2.jpg?ssl=1\"><img data-attachment-id=\"3843\" data-permalink=\"https:\/\/alaincardenas.com\/blog\/la-collection-francois-dautresme-entre-objets-dart-populaire-et-design-intuitif\/12-4\/\" data-orig-file=\"https:\/\/i0.wp.com\/alaincardenas.com\/blog\/wp-content\/uploads\/2019\/06\/12-2.jpg?fit=1240%2C1753&amp;ssl=1\" data-orig-size=\"1240,1753\" data-comments-opened=\"0\" data-image-meta=\"{&quot;aperture&quot;:&quot;0&quot;,&quot;credit&quot;:&quot;&quot;,&quot;camera&quot;:&quot;&quot;,&quot;caption&quot;:&quot;&quot;,&quot;created_timestamp&quot;:&quot;0&quot;,&quot;copyright&quot;:&quot;&quot;,&quot;focal_length&quot;:&quot;0&quot;,&quot;iso&quot;:&quot;0&quot;,&quot;shutter_speed&quot;:&quot;0&quot;,&quot;title&quot;:&quot;&quot;,&quot;orientation&quot;:&quot;0&quot;}\" data-image-title=\"12\" data-image-description=\"\" data-image-caption=\"\" data-medium-file=\"https:\/\/i0.wp.com\/alaincardenas.com\/blog\/wp-content\/uploads\/2019\/06\/12-2.jpg?fit=212%2C300&amp;ssl=1\" data-large-file=\"https:\/\/i0.wp.com\/alaincardenas.com\/blog\/wp-content\/uploads\/2019\/06\/12-2.jpg?fit=584%2C826&amp;ssl=1\" decoding=\"async\" loading=\"lazy\" class=\"alignnone size-full wp-image-3843\" src=\"https:\/\/i0.wp.com\/alaincardenas.com\/blog\/wp-content\/uploads\/2019\/06\/12-2.jpg?resize=584%2C826&#038;ssl=1\" alt=\"\" width=\"584\" height=\"826\" srcset=\"https:\/\/i0.wp.com\/alaincardenas.com\/blog\/wp-content\/uploads\/2019\/06\/12-2.jpg?w=1240&amp;ssl=1 1240w, https:\/\/i0.wp.com\/alaincardenas.com\/blog\/wp-content\/uploads\/2019\/06\/12-2.jpg?resize=212%2C300&amp;ssl=1 212w, https:\/\/i0.wp.com\/alaincardenas.com\/blog\/wp-content\/uploads\/2019\/06\/12-2.jpg?resize=768%2C1086&amp;ssl=1 768w, https:\/\/i0.wp.com\/alaincardenas.com\/blog\/wp-content\/uploads\/2019\/06\/12-2.jpg?resize=724%2C1024&amp;ssl=1 724w, https:\/\/i0.wp.com\/alaincardenas.com\/blog\/wp-content\/uploads\/2019\/06\/12-2.jpg?w=1168&amp;ssl=1 1168w\" sizes=\"(max-width: 584px) 100vw, 584px\" data-recalc-dims=\"1\" \/><\/a><\/p>\n<p><a href=\"https:\/\/i0.wp.com\/alaincardenas.com\/blog\/wp-content\/uploads\/2019\/06\/13-1.jpg?ssl=1\"><img data-attachment-id=\"3844\" data-permalink=\"https:\/\/alaincardenas.com\/blog\/la-collection-francois-dautresme-entre-objets-dart-populaire-et-design-intuitif\/13-3\/\" data-orig-file=\"https:\/\/i0.wp.com\/alaincardenas.com\/blog\/wp-content\/uploads\/2019\/06\/13-1.jpg?fit=1240%2C1753&amp;ssl=1\" data-orig-size=\"1240,1753\" data-comments-opened=\"0\" data-image-meta=\"{&quot;aperture&quot;:&quot;0&quot;,&quot;credit&quot;:&quot;&quot;,&quot;camera&quot;:&quot;&quot;,&quot;caption&quot;:&quot;&quot;,&quot;created_timestamp&quot;:&quot;0&quot;,&quot;copyright&quot;:&quot;&quot;,&quot;focal_length&quot;:&quot;0&quot;,&quot;iso&quot;:&quot;0&quot;,&quot;shutter_speed&quot;:&quot;0&quot;,&quot;title&quot;:&quot;&quot;,&quot;orientation&quot;:&quot;0&quot;}\" data-image-title=\"13\" data-image-description=\"\" data-image-caption=\"\" data-medium-file=\"https:\/\/i0.wp.com\/alaincardenas.com\/blog\/wp-content\/uploads\/2019\/06\/13-1.jpg?fit=212%2C300&amp;ssl=1\" data-large-file=\"https:\/\/i0.wp.com\/alaincardenas.com\/blog\/wp-content\/uploads\/2019\/06\/13-1.jpg?fit=584%2C826&amp;ssl=1\" decoding=\"async\" loading=\"lazy\" class=\"alignnone size-full wp-image-3844\" src=\"https:\/\/i0.wp.com\/alaincardenas.com\/blog\/wp-content\/uploads\/2019\/06\/13-1.jpg?resize=584%2C826&#038;ssl=1\" alt=\"\" width=\"584\" height=\"826\" srcset=\"https:\/\/i0.wp.com\/alaincardenas.com\/blog\/wp-content\/uploads\/2019\/06\/13-1.jpg?w=1240&amp;ssl=1 1240w, https:\/\/i0.wp.com\/alaincardenas.com\/blog\/wp-content\/uploads\/2019\/06\/13-1.jpg?resize=212%2C300&amp;ssl=1 212w, https:\/\/i0.wp.com\/alaincardenas.com\/blog\/wp-content\/uploads\/2019\/06\/13-1.jpg?resize=768%2C1086&amp;ssl=1 768w, https:\/\/i0.wp.com\/alaincardenas.com\/blog\/wp-content\/uploads\/2019\/06\/13-1.jpg?resize=724%2C1024&amp;ssl=1 724w, https:\/\/i0.wp.com\/alaincardenas.com\/blog\/wp-content\/uploads\/2019\/06\/13-1.jpg?w=1168&amp;ssl=1 1168w\" sizes=\"(max-width: 584px) 100vw, 584px\" data-recalc-dims=\"1\" \/><\/a><\/p>\n<p><a href=\"https:\/\/i0.wp.com\/alaincardenas.com\/blog\/wp-content\/uploads\/2019\/06\/14-2.jpg?ssl=1\"><img data-attachment-id=\"3845\" data-permalink=\"https:\/\/alaincardenas.com\/blog\/la-collection-francois-dautresme-entre-objets-dart-populaire-et-design-intuitif\/14-4\/\" data-orig-file=\"https:\/\/i0.wp.com\/alaincardenas.com\/blog\/wp-content\/uploads\/2019\/06\/14-2.jpg?fit=1240%2C1753&amp;ssl=1\" data-orig-size=\"1240,1753\" data-comments-opened=\"0\" data-image-meta=\"{&quot;aperture&quot;:&quot;0&quot;,&quot;credit&quot;:&quot;&quot;,&quot;camera&quot;:&quot;&quot;,&quot;caption&quot;:&quot;&quot;,&quot;created_timestamp&quot;:&quot;0&quot;,&quot;copyright&quot;:&quot;&quot;,&quot;focal_length&quot;:&quot;0&quot;,&quot;iso&quot;:&quot;0&quot;,&quot;shutter_speed&quot;:&quot;0&quot;,&quot;title&quot;:&quot;&quot;,&quot;orientation&quot;:&quot;0&quot;}\" data-image-title=\"14\" data-image-description=\"\" data-image-caption=\"\" data-medium-file=\"https:\/\/i0.wp.com\/alaincardenas.com\/blog\/wp-content\/uploads\/2019\/06\/14-2.jpg?fit=212%2C300&amp;ssl=1\" data-large-file=\"https:\/\/i0.wp.com\/alaincardenas.com\/blog\/wp-content\/uploads\/2019\/06\/14-2.jpg?fit=584%2C826&amp;ssl=1\" decoding=\"async\" loading=\"lazy\" class=\"alignnone size-full wp-image-3845\" src=\"https:\/\/i0.wp.com\/alaincardenas.com\/blog\/wp-content\/uploads\/2019\/06\/14-2.jpg?resize=584%2C826&#038;ssl=1\" alt=\"\" width=\"584\" height=\"826\" srcset=\"https:\/\/i0.wp.com\/alaincardenas.com\/blog\/wp-content\/uploads\/2019\/06\/14-2.jpg?w=1240&amp;ssl=1 1240w, https:\/\/i0.wp.com\/alaincardenas.com\/blog\/wp-content\/uploads\/2019\/06\/14-2.jpg?resize=212%2C300&amp;ssl=1 212w, https:\/\/i0.wp.com\/alaincardenas.com\/blog\/wp-content\/uploads\/2019\/06\/14-2.jpg?resize=768%2C1086&amp;ssl=1 768w, https:\/\/i0.wp.com\/alaincardenas.com\/blog\/wp-content\/uploads\/2019\/06\/14-2.jpg?resize=724%2C1024&amp;ssl=1 724w, https:\/\/i0.wp.com\/alaincardenas.com\/blog\/wp-content\/uploads\/2019\/06\/14-2.jpg?w=1168&amp;ssl=1 1168w\" sizes=\"(max-width: 584px) 100vw, 584px\" data-recalc-dims=\"1\" \/><\/a><\/p>\n<p><a href=\"https:\/\/i0.wp.com\/alaincardenas.com\/blog\/wp-content\/uploads\/2019\/06\/15-1.jpg?ssl=1\"><img data-attachment-id=\"3846\" data-permalink=\"https:\/\/alaincardenas.com\/blog\/la-collection-francois-dautresme-entre-objets-dart-populaire-et-design-intuitif\/15-3\/\" data-orig-file=\"https:\/\/i0.wp.com\/alaincardenas.com\/blog\/wp-content\/uploads\/2019\/06\/15-1.jpg?fit=1240%2C1753&amp;ssl=1\" data-orig-size=\"1240,1753\" data-comments-opened=\"0\" data-image-meta=\"{&quot;aperture&quot;:&quot;0&quot;,&quot;credit&quot;:&quot;&quot;,&quot;camera&quot;:&quot;&quot;,&quot;caption&quot;:&quot;&quot;,&quot;created_timestamp&quot;:&quot;0&quot;,&quot;copyright&quot;:&quot;&quot;,&quot;focal_length&quot;:&quot;0&quot;,&quot;iso&quot;:&quot;0&quot;,&quot;shutter_speed&quot;:&quot;0&quot;,&quot;title&quot;:&quot;&quot;,&quot;orientation&quot;:&quot;0&quot;}\" data-image-title=\"15\" data-image-description=\"\" data-image-caption=\"\" data-medium-file=\"https:\/\/i0.wp.com\/alaincardenas.com\/blog\/wp-content\/uploads\/2019\/06\/15-1.jpg?fit=212%2C300&amp;ssl=1\" data-large-file=\"https:\/\/i0.wp.com\/alaincardenas.com\/blog\/wp-content\/uploads\/2019\/06\/15-1.jpg?fit=584%2C826&amp;ssl=1\" decoding=\"async\" loading=\"lazy\" class=\"alignnone size-full wp-image-3846\" src=\"https:\/\/i0.wp.com\/alaincardenas.com\/blog\/wp-content\/uploads\/2019\/06\/15-1.jpg?resize=584%2C826&#038;ssl=1\" alt=\"\" width=\"584\" height=\"826\" srcset=\"https:\/\/i0.wp.com\/alaincardenas.com\/blog\/wp-content\/uploads\/2019\/06\/15-1.jpg?w=1240&amp;ssl=1 1240w, https:\/\/i0.wp.com\/alaincardenas.com\/blog\/wp-content\/uploads\/2019\/06\/15-1.jpg?resize=212%2C300&amp;ssl=1 212w, https:\/\/i0.wp.com\/alaincardenas.com\/blog\/wp-content\/uploads\/2019\/06\/15-1.jpg?resize=768%2C1086&amp;ssl=1 768w, https:\/\/i0.wp.com\/alaincardenas.com\/blog\/wp-content\/uploads\/2019\/06\/15-1.jpg?resize=724%2C1024&amp;ssl=1 724w, https:\/\/i0.wp.com\/alaincardenas.com\/blog\/wp-content\/uploads\/2019\/06\/15-1.jpg?w=1168&amp;ssl=1 1168w\" sizes=\"(max-width: 584px) 100vw, 584px\" data-recalc-dims=\"1\" \/><\/a><\/p>\n<p><a href=\"https:\/\/i0.wp.com\/alaincardenas.com\/blog\/wp-content\/uploads\/2019\/06\/16-1.jpg?ssl=1\"><img data-attachment-id=\"3847\" data-permalink=\"https:\/\/alaincardenas.com\/blog\/la-collection-francois-dautresme-entre-objets-dart-populaire-et-design-intuitif\/16-3\/\" data-orig-file=\"https:\/\/i0.wp.com\/alaincardenas.com\/blog\/wp-content\/uploads\/2019\/06\/16-1.jpg?fit=1240%2C1753&amp;ssl=1\" data-orig-size=\"1240,1753\" data-comments-opened=\"0\" data-image-meta=\"{&quot;aperture&quot;:&quot;0&quot;,&quot;credit&quot;:&quot;&quot;,&quot;camera&quot;:&quot;&quot;,&quot;caption&quot;:&quot;&quot;,&quot;created_timestamp&quot;:&quot;0&quot;,&quot;copyright&quot;:&quot;&quot;,&quot;focal_length&quot;:&quot;0&quot;,&quot;iso&quot;:&quot;0&quot;,&quot;shutter_speed&quot;:&quot;0&quot;,&quot;title&quot;:&quot;&quot;,&quot;orientation&quot;:&quot;0&quot;}\" data-image-title=\"16\" data-image-description=\"\" data-image-caption=\"\" data-medium-file=\"https:\/\/i0.wp.com\/alaincardenas.com\/blog\/wp-content\/uploads\/2019\/06\/16-1.jpg?fit=212%2C300&amp;ssl=1\" data-large-file=\"https:\/\/i0.wp.com\/alaincardenas.com\/blog\/wp-content\/uploads\/2019\/06\/16-1.jpg?fit=584%2C826&amp;ssl=1\" decoding=\"async\" loading=\"lazy\" class=\"alignnone size-full wp-image-3847\" src=\"https:\/\/i0.wp.com\/alaincardenas.com\/blog\/wp-content\/uploads\/2019\/06\/16-1.jpg?resize=584%2C826&#038;ssl=1\" alt=\"\" width=\"584\" height=\"826\" srcset=\"https:\/\/i0.wp.com\/alaincardenas.com\/blog\/wp-content\/uploads\/2019\/06\/16-1.jpg?w=1240&amp;ssl=1 1240w, https:\/\/i0.wp.com\/alaincardenas.com\/blog\/wp-content\/uploads\/2019\/06\/16-1.jpg?resize=212%2C300&amp;ssl=1 212w, https:\/\/i0.wp.com\/alaincardenas.com\/blog\/wp-content\/uploads\/2019\/06\/16-1.jpg?resize=768%2C1086&amp;ssl=1 768w, https:\/\/i0.wp.com\/alaincardenas.com\/blog\/wp-content\/uploads\/2019\/06\/16-1.jpg?resize=724%2C1024&amp;ssl=1 724w, https:\/\/i0.wp.com\/alaincardenas.com\/blog\/wp-content\/uploads\/2019\/06\/16-1.jpg?w=1168&amp;ssl=1 1168w\" sizes=\"(max-width: 584px) 100vw, 584px\" data-recalc-dims=\"1\" \/><\/a><\/p>\n<p><a href=\"https:\/\/i0.wp.com\/alaincardenas.com\/blog\/wp-content\/uploads\/2019\/06\/17-1.jpg?ssl=1\"><img data-attachment-id=\"3848\" data-permalink=\"https:\/\/alaincardenas.com\/blog\/la-collection-francois-dautresme-entre-objets-dart-populaire-et-design-intuitif\/17-3\/\" data-orig-file=\"https:\/\/i0.wp.com\/alaincardenas.com\/blog\/wp-content\/uploads\/2019\/06\/17-1.jpg?fit=1240%2C1753&amp;ssl=1\" data-orig-size=\"1240,1753\" data-comments-opened=\"0\" data-image-meta=\"{&quot;aperture&quot;:&quot;0&quot;,&quot;credit&quot;:&quot;&quot;,&quot;camera&quot;:&quot;&quot;,&quot;caption&quot;:&quot;&quot;,&quot;created_timestamp&quot;:&quot;0&quot;,&quot;copyright&quot;:&quot;&quot;,&quot;focal_length&quot;:&quot;0&quot;,&quot;iso&quot;:&quot;0&quot;,&quot;shutter_speed&quot;:&quot;0&quot;,&quot;title&quot;:&quot;&quot;,&quot;orientation&quot;:&quot;0&quot;}\" data-image-title=\"17\" data-image-description=\"\" data-image-caption=\"\" data-medium-file=\"https:\/\/i0.wp.com\/alaincardenas.com\/blog\/wp-content\/uploads\/2019\/06\/17-1.jpg?fit=212%2C300&amp;ssl=1\" data-large-file=\"https:\/\/i0.wp.com\/alaincardenas.com\/blog\/wp-content\/uploads\/2019\/06\/17-1.jpg?fit=584%2C826&amp;ssl=1\" decoding=\"async\" loading=\"lazy\" class=\"alignnone size-full wp-image-3848\" src=\"https:\/\/i0.wp.com\/alaincardenas.com\/blog\/wp-content\/uploads\/2019\/06\/17-1.jpg?resize=584%2C826&#038;ssl=1\" alt=\"\" width=\"584\" height=\"826\" srcset=\"https:\/\/i0.wp.com\/alaincardenas.com\/blog\/wp-content\/uploads\/2019\/06\/17-1.jpg?w=1240&amp;ssl=1 1240w, https:\/\/i0.wp.com\/alaincardenas.com\/blog\/wp-content\/uploads\/2019\/06\/17-1.jpg?resize=212%2C300&amp;ssl=1 212w, https:\/\/i0.wp.com\/alaincardenas.com\/blog\/wp-content\/uploads\/2019\/06\/17-1.jpg?resize=768%2C1086&amp;ssl=1 768w, https:\/\/i0.wp.com\/alaincardenas.com\/blog\/wp-content\/uploads\/2019\/06\/17-1.jpg?resize=724%2C1024&amp;ssl=1 724w, https:\/\/i0.wp.com\/alaincardenas.com\/blog\/wp-content\/uploads\/2019\/06\/17-1.jpg?w=1168&amp;ssl=1 1168w\" sizes=\"(max-width: 584px) 100vw, 584px\" data-recalc-dims=\"1\" \/><\/a><a href=\"https:\/\/i0.wp.com\/alaincardenas.com\/blog\/wp-content\/uploads\/2019\/06\/18-1.jpg?ssl=1\"><img data-attachment-id=\"3849\" data-permalink=\"https:\/\/alaincardenas.com\/blog\/la-collection-francois-dautresme-entre-objets-dart-populaire-et-design-intuitif\/18-3\/\" data-orig-file=\"https:\/\/i0.wp.com\/alaincardenas.com\/blog\/wp-content\/uploads\/2019\/06\/18-1.jpg?fit=1240%2C1753&amp;ssl=1\" data-orig-size=\"1240,1753\" data-comments-opened=\"0\" data-image-meta=\"{&quot;aperture&quot;:&quot;0&quot;,&quot;credit&quot;:&quot;&quot;,&quot;camera&quot;:&quot;&quot;,&quot;caption&quot;:&quot;&quot;,&quot;created_timestamp&quot;:&quot;0&quot;,&quot;copyright&quot;:&quot;&quot;,&quot;focal_length&quot;:&quot;0&quot;,&quot;iso&quot;:&quot;0&quot;,&quot;shutter_speed&quot;:&quot;0&quot;,&quot;title&quot;:&quot;&quot;,&quot;orientation&quot;:&quot;1&quot;}\" data-image-title=\"18\" data-image-description=\"\" data-image-caption=\"\" data-medium-file=\"https:\/\/i0.wp.com\/alaincardenas.com\/blog\/wp-content\/uploads\/2019\/06\/18-1.jpg?fit=212%2C300&amp;ssl=1\" data-large-file=\"https:\/\/i0.wp.com\/alaincardenas.com\/blog\/wp-content\/uploads\/2019\/06\/18-1.jpg?fit=584%2C826&amp;ssl=1\" decoding=\"async\" loading=\"lazy\" class=\"alignnone size-full wp-image-3849\" src=\"https:\/\/i0.wp.com\/alaincardenas.com\/blog\/wp-content\/uploads\/2019\/06\/18-1.jpg?resize=584%2C826&#038;ssl=1\" alt=\"\" width=\"584\" height=\"826\" srcset=\"https:\/\/i0.wp.com\/alaincardenas.com\/blog\/wp-content\/uploads\/2019\/06\/18-1.jpg?w=1240&amp;ssl=1 1240w, https:\/\/i0.wp.com\/alaincardenas.com\/blog\/wp-content\/uploads\/2019\/06\/18-1.jpg?resize=212%2C300&amp;ssl=1 212w, https:\/\/i0.wp.com\/alaincardenas.com\/blog\/wp-content\/uploads\/2019\/06\/18-1.jpg?resize=768%2C1086&amp;ssl=1 768w, https:\/\/i0.wp.com\/alaincardenas.com\/blog\/wp-content\/uploads\/2019\/06\/18-1.jpg?resize=724%2C1024&amp;ssl=1 724w, https:\/\/i0.wp.com\/alaincardenas.com\/blog\/wp-content\/uploads\/2019\/06\/18-1.jpg?w=1168&amp;ssl=1 1168w\" sizes=\"(max-width: 584px) 100vw, 584px\" data-recalc-dims=\"1\" \/><\/a><\/p>\n<p><a href=\"https:\/\/i0.wp.com\/alaincardenas.com\/blog\/wp-content\/uploads\/2019\/06\/19-2.jpg?ssl=1\"><img data-attachment-id=\"3850\" data-permalink=\"https:\/\/alaincardenas.com\/blog\/la-collection-francois-dautresme-entre-objets-dart-populaire-et-design-intuitif\/19-4\/\" data-orig-file=\"https:\/\/i0.wp.com\/alaincardenas.com\/blog\/wp-content\/uploads\/2019\/06\/19-2.jpg?fit=1240%2C1753&amp;ssl=1\" data-orig-size=\"1240,1753\" data-comments-opened=\"0\" data-image-meta=\"{&quot;aperture&quot;:&quot;0&quot;,&quot;credit&quot;:&quot;&quot;,&quot;camera&quot;:&quot;&quot;,&quot;caption&quot;:&quot;&quot;,&quot;created_timestamp&quot;:&quot;0&quot;,&quot;copyright&quot;:&quot;&quot;,&quot;focal_length&quot;:&quot;0&quot;,&quot;iso&quot;:&quot;0&quot;,&quot;shutter_speed&quot;:&quot;0&quot;,&quot;title&quot;:&quot;&quot;,&quot;orientation&quot;:&quot;0&quot;}\" data-image-title=\"19\" data-image-description=\"\" data-image-caption=\"\" data-medium-file=\"https:\/\/i0.wp.com\/alaincardenas.com\/blog\/wp-content\/uploads\/2019\/06\/19-2.jpg?fit=212%2C300&amp;ssl=1\" data-large-file=\"https:\/\/i0.wp.com\/alaincardenas.com\/blog\/wp-content\/uploads\/2019\/06\/19-2.jpg?fit=584%2C826&amp;ssl=1\" decoding=\"async\" loading=\"lazy\" class=\"alignnone size-full wp-image-3850\" src=\"https:\/\/i0.wp.com\/alaincardenas.com\/blog\/wp-content\/uploads\/2019\/06\/19-2.jpg?resize=584%2C826&#038;ssl=1\" alt=\"\" width=\"584\" height=\"826\" srcset=\"https:\/\/i0.wp.com\/alaincardenas.com\/blog\/wp-content\/uploads\/2019\/06\/19-2.jpg?w=1240&amp;ssl=1 1240w, https:\/\/i0.wp.com\/alaincardenas.com\/blog\/wp-content\/uploads\/2019\/06\/19-2.jpg?resize=212%2C300&amp;ssl=1 212w, https:\/\/i0.wp.com\/alaincardenas.com\/blog\/wp-content\/uploads\/2019\/06\/19-2.jpg?resize=768%2C1086&amp;ssl=1 768w, https:\/\/i0.wp.com\/alaincardenas.com\/blog\/wp-content\/uploads\/2019\/06\/19-2.jpg?resize=724%2C1024&amp;ssl=1 724w, https:\/\/i0.wp.com\/alaincardenas.com\/blog\/wp-content\/uploads\/2019\/06\/19-2.jpg?w=1168&amp;ssl=1 1168w\" sizes=\"(max-width: 584px) 100vw, 584px\" data-recalc-dims=\"1\" \/><\/a><\/p>\n<\/div>\n","protected":false},"excerpt":{"rendered":"<p>par Ma Li Dautresme Propos introductifs d&rsquo;Alain Cardenas-Castro et Christophe Comentale Depuis la cr\u00e9ation du Mus\u00e9e chinois du quotidien le 11 juillet 2017, les choses ont un peu \u00e9volu\u00e9, mais pas de fa\u00e7on exag\u00e9r\u00e9e ! La vie d&rsquo;un mus\u00e9e est &hellip; <a href=\"https:\/\/alaincardenas.com\/blog\/la-collection-francois-dautresme-entre-objets-dart-populaire-et-design-intuitif\/\">Continuer la lecture <span class=\"meta-nav\">&rarr;<\/span><\/a><\/p>\n","protected":false},"author":1,"featured_media":0,"comment_status":"closed","ping_status":"closed","sticky":false,"template":"","format":"standard","meta":{"sfsi_plus_gutenberg_text_before_share":"","sfsi_plus_gutenberg_show_text_before_share":"","sfsi_plus_gutenberg_icon_type":"","sfsi_plus_gutenberg_icon_alignemt":"","sfsi_plus_gutenburg_max_per_row":"","jetpack_post_was_ever_published":false,"_jetpack_newsletter_access":"","_jetpack_newsletter_tier_id":0,"jetpack_publicize_message":"","jetpack_is_tweetstorm":false,"jetpack_publicize_feature_enabled":true,"jetpack_social_post_already_shared":true,"jetpack_social_options":{"image_generator_settings":{"template":"highway","enabled":false}}},"categories":[41,42,1],"tags":[32,35],"jetpack_publicize_connections":[],"jetpack_featured_media_url":"","jetpack_sharing_enabled":true,"jetpack_shortlink":"https:\/\/wp.me\/p8Mijt-VL","jetpack_likes_enabled":true,"jetpack-related-posts":[{"id":6053,"url":"https:\/\/alaincardenas.com\/blog\/derniere-et-fin-edwige-pluchard-au-musee-chinois-du-quotidien\/","url_meta":{"origin":3581,"position":0},"title":"DERNIERE et FIN \/ Edwige Pluchard  > Au mus\u00e9e chinois du quotidien","author":"admin","date":"2021-12-12","format":false,"excerpt":"A la fin du mois de d\u00e9cembre 2021 aura disparu un mus\u00e9e d\u2019o\u00f9 les souverains chinois sont \u00e9vinc\u00e9s par la production des objets du quotidien, alors dignes d\u2019un regard. Avec son attention \u00e0 la Chine du quotidien, Fran\u00e7ois Dautresme a montr\u00e9 qu\u2019un objet populaire peut \u00eatre beau quel que soit\u2026","rel":"","context":"Dans &quot;Asie&quot;","block_context":{"text":"Asie","link":"https:\/\/alaincardenas.com\/blog\/category\/asie\/"},"img":{"alt_text":"","src":"https:\/\/i0.wp.com\/alaincardenas.com\/blog\/wp-content\/uploads\/2021\/12\/IMG_5843-copie.jpg?resize=350%2C200","width":350,"height":200},"classes":[]},{"id":2307,"url":"https:\/\/alaincardenas.com\/blog\/le-musee-chinois-du-quotidien-ou-la-beaute-de-lart-utilitaire\/","url_meta":{"origin":3581,"position":1},"title":"Le Mus\u00e9e chinois du quotidien ou la beaut\u00e9 de l\u2019art utilitaire","author":"admin","date":"2018-07-03","format":false,"excerpt":"par Marie Laureillard[1] En visitant le nouveau Mus\u00e9e chinois du quotidien \u2013 espace Fran\u00e7ois Dautresme \u00e0 Lod\u00e8ve, dans la r\u00e9gion de Montpellier, c\u2019est toute une page d\u2019histoire qui s\u2019\u00e9crit sous nos yeux, toute la m\u00e9moire de la Chine du vingti\u00e8me si\u00e8cle qui ressurgit. Si l\u2019on peut penser \u00e0 premi\u00e8re vue\u2026","rel":"","context":"Dans &quot;Asie&quot;","block_context":{"text":"Asie","link":"https:\/\/alaincardenas.com\/blog\/category\/asie\/"},"img":{"alt_text":"","src":"https:\/\/i0.wp.com\/alaincardenas.com\/blog\/wp-content\/uploads\/2018\/07\/Dautresme-7_01.jpg?resize=350%2C200&ssl=1","width":350,"height":200},"classes":[]},{"id":2213,"url":"https:\/\/alaincardenas.com\/blog\/le-quotidien-de-la-chine\/","url_meta":{"origin":3581,"position":2},"title":"Le quotidien de la Chine","author":"admin","date":"2018-06-12","format":false,"excerpt":"LE QUOTIDIEN D\u2019UN VISIONNAIRE...FRANCOIS DAUTRESME. par Jean Levantal - Massif, pudique, modeste et plut\u00f4t secret, Fran\u00e7ois Dautresme avait une innocence j\u00e9suite, malicieuse, cousue de fil blanc, qui le mettait en osmose parfaite avec la foule des Chinois qu'il\u00a0aimait passionn\u00e9ment. L'\u0153il de ce grand collectionneur s'allumait au seul spectacle de la\u2026","rel":"","context":"Dans &quot;Asie&quot;","block_context":{"text":"Asie","link":"https:\/\/alaincardenas.com\/blog\/category\/asie\/"},"img":{"alt_text":"","src":"https:\/\/i0.wp.com\/alaincardenas.com\/blog\/wp-content\/uploads\/2018\/05\/FD-en-Mongolie-intre-avec-WU-X-iaolan-fin-des-ann\u00c3\u00a9es-90_01.jpg?resize=350%2C200&ssl=1","width":350,"height":200,"srcset":"https:\/\/i0.wp.com\/alaincardenas.com\/blog\/wp-content\/uploads\/2018\/05\/FD-en-Mongolie-intre-avec-WU-X-iaolan-fin-des-ann\u00c3\u00a9es-90_01.jpg?resize=350%2C200&ssl=1 1x, https:\/\/i0.wp.com\/alaincardenas.com\/blog\/wp-content\/uploads\/2018\/05\/FD-en-Mongolie-intre-avec-WU-X-iaolan-fin-des-ann\u00c3\u00a9es-90_01.jpg?resize=525%2C300&ssl=1 1.5x, https:\/\/i0.wp.com\/alaincardenas.com\/blog\/wp-content\/uploads\/2018\/05\/FD-en-Mongolie-intre-avec-WU-X-iaolan-fin-des-ann\u00c3\u00a9es-90_01.jpg?resize=700%2C400&ssl=1 2x"},"classes":[]},{"id":5369,"url":"https:\/\/alaincardenas.com\/blog\/memoire-dune-triste-histoire-familiale-sous-un-couvercle-durne-funeraire-conserve-au-musee-chinois-du-quotidien\/","url_meta":{"origin":3581,"position":3},"title":"M\u00e9moire d\u2019une triste histoire familiale sous un couvercle d\u2019urne fun\u00e9raire conserv\u00e9 au Mus\u00e9e chinois du quotidien","author":"admin","date":"2020-08-27","format":false,"excerpt":"par Christophe Comentale et Hu Jiaxing Remerciements \u00e0 Fran\u00e7oise Dautresme Depuis sa pr\u00e9figuration en 2017 puis son inauguration officielle le 11 juillet 2018, et apr\u00e8s plusieurs ann\u00e9es de pr\u00e9paration et de vicissitudes diverses, un floril\u00e8ge des fonds du mus\u00e9e occupe actuellement les 2e et 3e niveaux du b\u00e2timent de la\u2026","rel":"","context":"Dans &quot;Asie&quot;","block_context":{"text":"Asie","link":"https:\/\/alaincardenas.com\/blog\/category\/asie\/"},"img":{"alt_text":"","src":"https:\/\/i0.wp.com\/alaincardenas.com\/blog\/wp-content\/uploads\/2020\/08\/Capture-d\u00e2\u0080\u0099\u00c3\u00a9cran-2020-08-27-\u00c3\u00a0-08.51.02.jpg?resize=350%2C200&ssl=1","width":350,"height":200},"classes":[]},{"id":244,"url":"https:\/\/alaincardenas.com\/blog\/des-collections-entre-ephemere-et-permanent-la-fondation-musee-louis-vouland-et-la-collection-francois-dautresme\/","url_meta":{"origin":3581,"position":4},"title":"Des collections entre \u00e9ph\u00e9m\u00e8re et permanent : la fondation-mus\u00e9e Louis Vouland et la collection Fran\u00e7ois Dautresme","author":"admin","date":"2017-07-22","format":false,"excerpt":"par Christophe Comentale Les contradictions, indiscr\u00e9tions, confusions ne cessent d\u2019atteindre ce qui touche la constitution, la gestion de patrimoines. Anciens, r\u00e9cents, ils sont assimil\u00e9s \u00e0 un statut d\u2019objets hors du commun, sublim\u00e9s quand tel n\u2019est pas le cas. Il n\u2019emp\u00eache que, comme dit l\u2019adage \u00ab\u00a0on ne pr\u00eate qu\u2019aux riches\u00a0\u00bb. La\u2026","rel":"","context":"Dans &quot;Asie&quot;","block_context":{"text":"Asie","link":"https:\/\/alaincardenas.com\/blog\/category\/asie\/"},"img":{"alt_text":"","src":"https:\/\/i0.wp.com\/alaincardenas.com\/blog\/wp-content\/uploads\/2017\/07\/img20170718_20252289.jpg?resize=350%2C200&ssl=1","width":350,"height":200},"classes":[]},{"id":3160,"url":"https:\/\/alaincardenas.com\/blog\/lart-est-un-jeu\/","url_meta":{"origin":3581,"position":5},"title":"\u00ab\u00a0L\u2019art est un jeu\u00a0\u00bb","author":"admin","date":"2019-02-25","format":false,"excerpt":"Exposition r\u00e9trospective des \u0153uvres de YUAN Chin-taa, Mus\u00e9e Louis Vouland, Avignon, du 21 f\u00e9vrier au 9 juin 2019. par Christophe Comentale (*) et Didier Scuderoni (**), coordination \u00e9ditoriale, Alain Cardenas-Castro. La 2e itin\u00e9rance des \u0153uvres de Yuan Chin-taa en France commence en cette ann\u00e9e 2019 par le mus\u00e9e Vouland (Avignon)\u2026","rel":"","context":"Dans &quot;Asie&quot;","block_context":{"text":"Asie","link":"https:\/\/alaincardenas.com\/blog\/category\/asie\/"},"img":{"alt_text":"","src":"https:\/\/i0.wp.com\/alaincardenas.com\/blog\/wp-content\/uploads\/2019\/02\/la-chambre-chinoise-du-musee-et-une-oeuvre-de-Yuan-Chin-taa.jpg?resize=350%2C200&ssl=1","width":350,"height":200},"classes":[]}],"_links":{"self":[{"href":"https:\/\/alaincardenas.com\/blog\/wp-json\/wp\/v2\/posts\/3581"}],"collection":[{"href":"https:\/\/alaincardenas.com\/blog\/wp-json\/wp\/v2\/posts"}],"about":[{"href":"https:\/\/alaincardenas.com\/blog\/wp-json\/wp\/v2\/types\/post"}],"author":[{"embeddable":true,"href":"https:\/\/alaincardenas.com\/blog\/wp-json\/wp\/v2\/users\/1"}],"replies":[{"embeddable":true,"href":"https:\/\/alaincardenas.com\/blog\/wp-json\/wp\/v2\/comments?post=3581"}],"version-history":[{"count":23,"href":"https:\/\/alaincardenas.com\/blog\/wp-json\/wp\/v2\/posts\/3581\/revisions"}],"predecessor-version":[{"id":3919,"href":"https:\/\/alaincardenas.com\/blog\/wp-json\/wp\/v2\/posts\/3581\/revisions\/3919"}],"wp:attachment":[{"href":"https:\/\/alaincardenas.com\/blog\/wp-json\/wp\/v2\/media?parent=3581"}],"wp:term":[{"taxonomy":"category","embeddable":true,"href":"https:\/\/alaincardenas.com\/blog\/wp-json\/wp\/v2\/categories?post=3581"},{"taxonomy":"post_tag","embeddable":true,"href":"https:\/\/alaincardenas.com\/blog\/wp-json\/wp\/v2\/tags?post=3581"}],"curies":[{"name":"wp","href":"https:\/\/api.w.org\/{rel}","templated":true}]}}