{"id":1679,"date":"2018-04-16T18:14:15","date_gmt":"2018-04-16T16:14:15","guid":{"rendered":"https:\/\/alaincardenas.com\/blog\/?p=1679"},"modified":"2020-02-04T20:07:32","modified_gmt":"2020-02-04T19:07:32","slug":"juan-manuel-cardenas-castro-et-la-revue-variedades-1917-1920-4","status":"publish","type":"post","link":"https:\/\/alaincardenas.com\/blog\/juan-manuel-cardenas-castro-et-la-revue-variedades-1917-1920-4\/","title":{"rendered":"Juan Manuel Cardenas-Castro\u00a0et la revue \u00ab\u00a0Variedades\u00a0\u00bb 1917-1920 (4)"},"content":{"rendered":"<p>par Alain Cardenas-Castro<\/p>\n<div id=\"attachment_1688\" style=\"width: 262px\" class=\"wp-caption alignnone\"><a href=\"https:\/\/i0.wp.com\/alaincardenas.com\/blog\/wp-content\/uploads\/2018\/04\/DSC_4548-copie-recadre-copie-1.jpg?ssl=1\"><img aria-describedby=\"caption-attachment-1688\" data-attachment-id=\"1688\" data-permalink=\"https:\/\/alaincardenas.com\/blog\/juan-manuel-cardenas-castro-et-la-revue-variedades-1917-1920-4\/dsc_4548-copie-recadre-copie-2\/\" data-orig-file=\"https:\/\/i0.wp.com\/alaincardenas.com\/blog\/wp-content\/uploads\/2018\/04\/DSC_4548-copie-recadre-copie-1.jpg?fit=1136%2C1355&amp;ssl=1\" data-orig-size=\"1136,1355\" data-comments-opened=\"0\" data-image-meta=\"{&quot;aperture&quot;:&quot;2&quot;,&quot;credit&quot;:&quot;&quot;,&quot;camera&quot;:&quot;F3311&quot;,&quot;caption&quot;:&quot;&quot;,&quot;created_timestamp&quot;:&quot;1521544962&quot;,&quot;copyright&quot;:&quot;&quot;,&quot;focal_length&quot;:&quot;3.5&quot;,&quot;iso&quot;:&quot;118&quot;,&quot;shutter_speed&quot;:&quot;0.033335004260865&quot;,&quot;title&quot;:&quot;&quot;,&quot;orientation&quot;:&quot;1&quot;}\" data-image-title=\"DSC_4548 &#8211; copie recadre &#8211; copie\" data-image-description=\"\" data-image-caption=\"\" data-medium-file=\"https:\/\/i0.wp.com\/alaincardenas.com\/blog\/wp-content\/uploads\/2018\/04\/DSC_4548-copie-recadre-copie-1.jpg?fit=252%2C300&amp;ssl=1\" data-large-file=\"https:\/\/i0.wp.com\/alaincardenas.com\/blog\/wp-content\/uploads\/2018\/04\/DSC_4548-copie-recadre-copie-1.jpg?fit=584%2C697&amp;ssl=1\" decoding=\"async\" loading=\"lazy\" class=\"wp-image-1688 size-medium\" src=\"https:\/\/i0.wp.com\/alaincardenas.com\/blog\/wp-content\/uploads\/2018\/04\/DSC_4548-copie-recadre-copie-1.jpg?resize=252%2C300&#038;ssl=1\" alt=\"\" width=\"252\" height=\"300\" srcset=\"https:\/\/i0.wp.com\/alaincardenas.com\/blog\/wp-content\/uploads\/2018\/04\/DSC_4548-copie-recadre-copie-1.jpg?resize=252%2C300&amp;ssl=1 252w, https:\/\/i0.wp.com\/alaincardenas.com\/blog\/wp-content\/uploads\/2018\/04\/DSC_4548-copie-recadre-copie-1.jpg?resize=768%2C916&amp;ssl=1 768w, https:\/\/i0.wp.com\/alaincardenas.com\/blog\/wp-content\/uploads\/2018\/04\/DSC_4548-copie-recadre-copie-1.jpg?resize=858%2C1024&amp;ssl=1 858w, https:\/\/i0.wp.com\/alaincardenas.com\/blog\/wp-content\/uploads\/2018\/04\/DSC_4548-copie-recadre-copie-1.jpg?w=1136&amp;ssl=1 1136w\" sizes=\"(max-width: 252px) 100vw, 252px\" data-recalc-dims=\"1\" \/><\/a><p id=\"caption-attachment-1688\" class=\"wp-caption-text\">Carlos Raygada, <em>Portrait de Juan Manuel Cardenas-Castro<\/em> (1918)<\/p><\/div>\n<p>Au cours d\u2019une mission d\u2019\u00e9tude effectu\u00e9e au P\u00e9rou en mars 2018 j\u2019ai pu, d\u2019une part, tenter de d\u00e9terminer pr\u00e9cis\u00e9ment la date de naissance de Juan manuel Cardenas-Castro mais sans localiser la maison familiale des C\u00e1rdenas \u00e0 Urubamba. D\u2019autre part, il a \u00e9t\u00e9 possible d\u2019effectuer des recherches afin de trouver, d\u2019\u00e9toffer et d\u2019approfondir les sources documentaires\u00a0: documents administratifs, lettres, iconographies, etc. sur les fr\u00e8res Juan Manuel et Jos\u00e9 Felix Cardenas-Castro.<\/p>\n<p><!--more--><\/p>\n<p>Durant les trois semaines consacr\u00e9es \u00e0 ces investigations, j\u2019ai effectu\u00e9 de nombreuses visites de lieux et d\u2019institutions, d\u2019abord \u00e0 Urubamba (maisons anciennes, Mairie, Paroisse), puis \u00e0 Cusco (Instituto americano de arte del Cusco, Universidad nacional Diego Quispe Tito, Universidad nacional San Antonio Abad del Cusco), et enfin \u00e0 Lima (Escuela Nacional Superior Aut\u00f3noma de Bellas Artes del Per\u00fa, Centro Cultural de Bellas Artes, Biblioteca y archivo del Museo de arte de Lima, Biblioteca y archivo hist\u00f3rico municipal de lima, Biblioteca Nacional del Per\u00fa).<\/p>\n<p>Qu\u2019il me soit permis de lister les lieux qui ont fait l\u2019objet de visites privil\u00e9gi\u00e9es et li\u00e9es au contexte de ce travail.<\/p>\n<p>\u2022\u00a0A Urubamba j\u2019ai pu v\u00e9rifier qu\u2019il n\u2019existe aucune trace de Juan Manuel Cardenas-Castro dans les registres d\u2019\u00e9tat civil de la municipalit\u00e9. Je me suis alors tourn\u00e9 vers la paroisse d\u2019Urubamba qui d\u00e9tient les registres d\u2019actes de bapt\u00eame sur lesquels sont pr\u00e9cis\u00e9es les ann\u00e9es de naissance. L\u2019acte de bapt\u00eame recherch\u00e9 se situe sur la p\u00e9riode allant de l\u2019ann\u00e9e 1891 \u00e0 1899. En effet, Juan Manuel Cardenas-Castro a souvent oralement mentionn\u00e9 son ann\u00e9e de naissance en 1891 \u2014 la date de naissance qui a \u00e9t\u00e9 grav\u00e9e sur sa tombe au cimeti\u00e8re parisien de Montparnasse \u2014 alors que sur les documents d\u2019\u00e9tat civil fran\u00e7ais elle est inscrite en 1899. Je n\u2019ai pu acc\u00e9der \u00e0 tous les registres baptismaux, de plus certains sont manquants ou endommag\u00e9s. Etait \u00e0 disposition un registre de 1891 (ill. 1). Le nom de Juan Manuel Cardenas-Castro n\u2019y figure nullement, par contre le nom de son p\u00e8re Manuel C\u00e1rdenas appara\u00eet quatre fois en tant que <em>padrino <\/em>ou parrain (ill.2). Le parrain \u00e9tait important pour une famille de milieu modeste. Les familles choisissaient pour leurs enfants des parrains qui \u00e9taient des personnes appartenant \u00e0 un milieu social \u00e9lev\u00e9 pouvant \u00eatre \u00e9trang\u00e8re \u00e0 la famille. Cela confirme les dires de Juan Manuel Cardenas-Castro corrobor\u00e9s par la photo de la famille C\u00e1rdenas posant dans la maison familiale typique des maisons anciennes de la r\u00e9gion.<a href=\"#_ftn1\" name=\"_ftnref1\">[1]<\/a><\/p>\n<div id=\"attachment_1684\" style=\"width: 220px\" class=\"wp-caption alignleft\"><a href=\"https:\/\/i0.wp.com\/alaincardenas.com\/blog\/wp-content\/uploads\/2018\/04\/DSC_4192.jpg?ssl=1\"><img aria-describedby=\"caption-attachment-1684\" data-attachment-id=\"1684\" data-permalink=\"https:\/\/alaincardenas.com\/blog\/juan-manuel-cardenas-castro-et-la-revue-variedades-1917-1920-4\/dsc_4192\/\" data-orig-file=\"https:\/\/i0.wp.com\/alaincardenas.com\/blog\/wp-content\/uploads\/2018\/04\/DSC_4192.jpg?fit=3095%2C3992&amp;ssl=1\" data-orig-size=\"3095,3992\" data-comments-opened=\"0\" data-image-meta=\"{&quot;aperture&quot;:&quot;2&quot;,&quot;credit&quot;:&quot;&quot;,&quot;camera&quot;:&quot;F3311&quot;,&quot;caption&quot;:&quot;&quot;,&quot;created_timestamp&quot;:&quot;1521132401&quot;,&quot;copyright&quot;:&quot;&quot;,&quot;focal_length&quot;:&quot;3.5&quot;,&quot;iso&quot;:&quot;3141&quot;,&quot;shutter_speed&quot;:&quot;0.04999500049995&quot;,&quot;title&quot;:&quot;&quot;,&quot;orientation&quot;:&quot;1&quot;}\" data-image-title=\"DSC_4192\" data-image-description=\"\" data-image-caption=\"\" data-medium-file=\"https:\/\/i0.wp.com\/alaincardenas.com\/blog\/wp-content\/uploads\/2018\/04\/DSC_4192.jpg?fit=233%2C300&amp;ssl=1\" data-large-file=\"https:\/\/i0.wp.com\/alaincardenas.com\/blog\/wp-content\/uploads\/2018\/04\/DSC_4192.jpg?fit=584%2C753&amp;ssl=1\" decoding=\"async\" loading=\"lazy\" class=\"wp-image-1684 \" src=\"https:\/\/i0.wp.com\/alaincardenas.com\/blog\/wp-content\/uploads\/2018\/04\/DSC_4192.jpg?resize=210%2C267&#038;ssl=1\" alt=\"\" width=\"210\" height=\"267\" data-recalc-dims=\"1\" \/><\/a><p id=\"caption-attachment-1684\" class=\"wp-caption-text\">(ill. 1) Registre baptismal de la paroisse d\u2019Urubamba pour l\u2019ann\u00e9e 1891, cl. A.C.C.<\/p><\/div>\n<div id=\"attachment_1683\" style=\"width: 263px\" class=\"wp-caption alignleft\"><a href=\"https:\/\/i0.wp.com\/alaincardenas.com\/blog\/wp-content\/uploads\/2018\/04\/DSC_4172.jpg?ssl=1\"><img aria-describedby=\"caption-attachment-1683\" data-attachment-id=\"1683\" data-permalink=\"https:\/\/alaincardenas.com\/blog\/juan-manuel-cardenas-castro-et-la-revue-variedades-1917-1920-4\/dsc_4172\/\" data-orig-file=\"https:\/\/i0.wp.com\/alaincardenas.com\/blog\/wp-content\/uploads\/2018\/04\/DSC_4172.jpg?fit=4160%2C3120&amp;ssl=1\" data-orig-size=\"4160,3120\" data-comments-opened=\"0\" data-image-meta=\"{&quot;aperture&quot;:&quot;2&quot;,&quot;credit&quot;:&quot;&quot;,&quot;camera&quot;:&quot;F3311&quot;,&quot;caption&quot;:&quot;&quot;,&quot;created_timestamp&quot;:&quot;1521128213&quot;,&quot;copyright&quot;:&quot;&quot;,&quot;focal_length&quot;:&quot;3.5&quot;,&quot;iso&quot;:&quot;367&quot;,&quot;shutter_speed&quot;:&quot;0.033335004260865&quot;,&quot;title&quot;:&quot;&quot;,&quot;orientation&quot;:&quot;1&quot;}\" data-image-title=\"DSC_4172\" data-image-description=\"\" data-image-caption=\"\" data-medium-file=\"https:\/\/i0.wp.com\/alaincardenas.com\/blog\/wp-content\/uploads\/2018\/04\/DSC_4172.jpg?fit=300%2C225&amp;ssl=1\" data-large-file=\"https:\/\/i0.wp.com\/alaincardenas.com\/blog\/wp-content\/uploads\/2018\/04\/DSC_4172.jpg?fit=584%2C438&amp;ssl=1\" decoding=\"async\" loading=\"lazy\" class=\"wp-image-1683\" src=\"https:\/\/i0.wp.com\/alaincardenas.com\/blog\/wp-content\/uploads\/2018\/04\/DSC_4172.jpg?resize=253%2C193&#038;ssl=1\" alt=\"\" width=\"253\" height=\"193\" data-recalc-dims=\"1\" \/><\/a><p id=\"caption-attachment-1683\" class=\"wp-caption-text\">(ill. 2) Une des pages du registre baptismal de la paroisse d\u2019Urubamba de l\u2019ann\u00e9e 1891. Elle mentionne le p\u00e8re de Juan Manuel Cardenas-Castro, Manuel C\u00e1rdenas comme <em>padrino<\/em> (parrain), cl. A.C.C.<\/p><\/div>\n<p>&nbsp;<\/p>\n<p>&nbsp;<\/p>\n<p>&nbsp;<\/p>\n<p>&nbsp;<\/p>\n<p>&nbsp;<\/p>\n<p>&nbsp;<\/p>\n<p>&nbsp;<\/p>\n<p>&nbsp;<\/p>\n<p>&nbsp;<\/p>\n<p>La maison familiale des C\u00e1rdenas n\u2019a pu \u00eatre encore localis\u00e9e malgr\u00e9 la photo de famille qui a permis d\u2019\u00e9carter quatre maisons anciennes, architecturalement con\u00e7ues sur le m\u00eame mod\u00e8le, autour d\u2019une cour int\u00e9rieure comprenant des arcades d\u00e9limitant une coursive (voir ill. 3 et 4). Pour chaque maison visit\u00e9e les diff\u00e9rences se sont d\u00e9clin\u00e9es, d\u2019abord, \u00e0 partir de la forme des piliers des arcades, ensuite par le nombre de piliers formant le patio, et puis par les mat\u00e9riaux constituants les piliers de ses arcades.<\/p>\n<div id=\"attachment_1681\" style=\"width: 220px\" class=\"wp-caption alignleft\"><a href=\"https:\/\/i0.wp.com\/alaincardenas.com\/blog\/wp-content\/uploads\/2018\/04\/DSC_4140.jpg?ssl=1\"><img aria-describedby=\"caption-attachment-1681\" data-attachment-id=\"1681\" data-permalink=\"https:\/\/alaincardenas.com\/blog\/juan-manuel-cardenas-castro-et-la-revue-variedades-1917-1920-4\/dsc_4140\/\" data-orig-file=\"https:\/\/i0.wp.com\/alaincardenas.com\/blog\/wp-content\/uploads\/2018\/04\/DSC_4140.jpg?fit=4096%2C2304&amp;ssl=1\" data-orig-size=\"4096,2304\" data-comments-opened=\"0\" data-image-meta=\"{&quot;aperture&quot;:&quot;2&quot;,&quot;credit&quot;:&quot;&quot;,&quot;camera&quot;:&quot;F3311&quot;,&quot;caption&quot;:&quot;&quot;,&quot;created_timestamp&quot;:&quot;1521123140&quot;,&quot;copyright&quot;:&quot;&quot;,&quot;focal_length&quot;:&quot;3.5&quot;,&quot;iso&quot;:&quot;167&quot;,&quot;shutter_speed&quot;:&quot;0.033335001751839&quot;,&quot;title&quot;:&quot;&quot;,&quot;orientation&quot;:&quot;1&quot;}\" data-image-title=\"DSC_4140\" data-image-description=\"\" data-image-caption=\"\" data-medium-file=\"https:\/\/i0.wp.com\/alaincardenas.com\/blog\/wp-content\/uploads\/2018\/04\/DSC_4140.jpg?fit=300%2C169&amp;ssl=1\" data-large-file=\"https:\/\/i0.wp.com\/alaincardenas.com\/blog\/wp-content\/uploads\/2018\/04\/DSC_4140.jpg?fit=584%2C329&amp;ssl=1\" decoding=\"async\" loading=\"lazy\" class=\"wp-image-1681\" src=\"https:\/\/i0.wp.com\/alaincardenas.com\/blog\/wp-content\/uploads\/2018\/04\/DSC_4140.jpg?resize=210%2C124&#038;ssl=1\" alt=\"\" width=\"210\" height=\"124\" data-recalc-dims=\"1\" \/><\/a><p id=\"caption-attachment-1681\" class=\"wp-caption-text\">(ill. 3) Une des maisons visit\u00e9es construite sur le mod\u00e8le type des maisons anciennes d\u2019Urubamba. cl. A.C.C.<\/p><\/div>\n<div id=\"attachment_1682\" style=\"width: 231px\" class=\"wp-caption alignleft\"><a href=\"https:\/\/i0.wp.com\/alaincardenas.com\/blog\/wp-content\/uploads\/2018\/04\/DSC_4150.jpg?ssl=1\"><img aria-describedby=\"caption-attachment-1682\" data-attachment-id=\"1682\" data-permalink=\"https:\/\/alaincardenas.com\/blog\/juan-manuel-cardenas-castro-et-la-revue-variedades-1917-1920-4\/dsc_4150\/\" data-orig-file=\"https:\/\/i0.wp.com\/alaincardenas.com\/blog\/wp-content\/uploads\/2018\/04\/DSC_4150.jpg?fit=4096%2C2304&amp;ssl=1\" data-orig-size=\"4096,2304\" data-comments-opened=\"0\" data-image-meta=\"{&quot;aperture&quot;:&quot;2&quot;,&quot;credit&quot;:&quot;&quot;,&quot;camera&quot;:&quot;F3311&quot;,&quot;caption&quot;:&quot;&quot;,&quot;created_timestamp&quot;:&quot;1521123730&quot;,&quot;copyright&quot;:&quot;&quot;,&quot;focal_length&quot;:&quot;3.5&quot;,&quot;iso&quot;:&quot;109&quot;,&quot;shutter_speed&quot;:&quot;0.004750999760741&quot;,&quot;title&quot;:&quot;&quot;,&quot;orientation&quot;:&quot;1&quot;}\" data-image-title=\"DSC_4150\" data-image-description=\"\" data-image-caption=\"\" data-medium-file=\"https:\/\/i0.wp.com\/alaincardenas.com\/blog\/wp-content\/uploads\/2018\/04\/DSC_4150.jpg?fit=300%2C169&amp;ssl=1\" data-large-file=\"https:\/\/i0.wp.com\/alaincardenas.com\/blog\/wp-content\/uploads\/2018\/04\/DSC_4150.jpg?fit=584%2C329&amp;ssl=1\" decoding=\"async\" loading=\"lazy\" class=\"wp-image-1682\" src=\"https:\/\/i0.wp.com\/alaincardenas.com\/blog\/wp-content\/uploads\/2018\/04\/DSC_4150.jpg?resize=221%2C129&#038;ssl=1\" alt=\"\" width=\"221\" height=\"129\" data-recalc-dims=\"1\" \/><\/a><p id=\"caption-attachment-1682\" class=\"wp-caption-text\">(ill. 4) Une autre maison visit\u00e9e construite sur le mod\u00e8le type des maisons anciennes d\u2019Urubamba. Elle ne correspond pas \u00e0 la photo t\u00e9moin de la maison familiale des C\u00e1rdenas. cl. A.C.C.<\/p><\/div>\n<p>&nbsp;<\/p>\n<p>&nbsp;<\/p>\n<p>&nbsp;<\/p>\n<p>&nbsp;<\/p>\n<p>&nbsp;<\/p>\n<p>&nbsp;<\/p>\n<p>&nbsp;<\/p>\n<p>Les <em>urubambinos<\/em> se sont int\u00e9ress\u00e9s \u00e0 cette qu\u00eate identitaire. Ils y ont particip\u00e9 en me communiquant les coordonn\u00e9es de personnes appartenant \u00e0 d\u2019anciennes g\u00e9n\u00e9rations susceptibles d\u2019identifier la maison familiale des C\u00e1rdenas. Parmi ces <em>anciens<\/em>, Guido Ochoa Alvarez, un notaire encore en activit\u00e9 \u00e0 l\u2019\u00e2ge de 82 ans (voir l\u2019ill. 5). Il a pu identifier deux des membres de la famille Ochoa posant sur la photo la plus ancienne parmi le corpus iconographique en ma possession<a href=\"#_ftn2\" name=\"_ftnref2\">[2]<\/a>.<\/p>\n<p>&nbsp;<\/p>\n<p><a href=\"https:\/\/i0.wp.com\/alaincardenas.com\/blog\/wp-content\/uploads\/2018\/04\/DSC_4214-bd.jpg?ssl=1\"><img data-attachment-id=\"1685\" data-permalink=\"https:\/\/alaincardenas.com\/blog\/juan-manuel-cardenas-castro-et-la-revue-variedades-1917-1920-4\/dsc_4214-bd\/\" data-orig-file=\"https:\/\/i0.wp.com\/alaincardenas.com\/blog\/wp-content\/uploads\/2018\/04\/DSC_4214-bd.jpg?fit=3120%2C4160&amp;ssl=1\" data-orig-size=\"3120,4160\" data-comments-opened=\"0\" data-image-meta=\"{&quot;aperture&quot;:&quot;2&quot;,&quot;credit&quot;:&quot;&quot;,&quot;camera&quot;:&quot;F3311&quot;,&quot;caption&quot;:&quot;&quot;,&quot;created_timestamp&quot;:&quot;1521134167&quot;,&quot;copyright&quot;:&quot;&quot;,&quot;focal_length&quot;:&quot;3.5&quot;,&quot;iso&quot;:&quot;1745&quot;,&quot;shutter_speed&quot;:&quot;0.0416649989994&quot;,&quot;title&quot;:&quot;&quot;,&quot;orientation&quot;:&quot;1&quot;}\" data-image-title=\"DSC_4214 bd\" data-image-description=\"\" data-image-caption=\"\" data-medium-file=\"https:\/\/i0.wp.com\/alaincardenas.com\/blog\/wp-content\/uploads\/2018\/04\/DSC_4214-bd.jpg?fit=225%2C300&amp;ssl=1\" data-large-file=\"https:\/\/i0.wp.com\/alaincardenas.com\/blog\/wp-content\/uploads\/2018\/04\/DSC_4214-bd.jpg?fit=584%2C779&amp;ssl=1\" decoding=\"async\" loading=\"lazy\" class=\" wp-image-1685 alignright\" src=\"https:\/\/i0.wp.com\/alaincardenas.com\/blog\/wp-content\/uploads\/2018\/04\/DSC_4214-bd.jpg?resize=217%2C286&#038;ssl=1\" alt=\"\" width=\"217\" height=\"286\" data-recalc-dims=\"1\" \/><\/a><\/p>\n<hr \/>\n<p>(ill. 5) Dr Guido Ochoa Alvarez dans son \u00e9tude notariale \u00e0 Urubamba. cl. A.C.C. Il a identifi\u00e9 2 membres de la famille Ochoa sur la photo regroupant plusieurs familles dont les C\u00e1rdenas, voir ill. 7 de l\u2019article\u00a0<em>De Juan Manuel et Jos\u00e9 F\u00e9lix Cardenas-Castro : deux artistes p\u00e9ruviens au sein de la diaspora latino-am\u00e9ricaine \u00e0 Paris. (3)<\/em> in blog : Sciences &amp; art contemporain IN &#8211; MH &#8211; OUT &#8211; OFF f\u00e9vrier 2018.<\/p>\n<hr \/>\n<p>&nbsp;<\/p>\n<p>&nbsp;<\/p>\n<p>\u2022\u2022 A Cuzco, j\u2019ai \u00e9t\u00e9 re\u00e7u par le Directeur g\u00e9n\u00e9ral de l\u2019Universidad nacional Diego Quispe Tito qui n\u2019a pu me renseigner sur l\u2019\u00e9ventualit\u00e9 des pr\u00e9sences des fr\u00e8res Cardenas dans l\u2019universit\u00e9 d\u2019art de Cusco, comme \u00e9l\u00e8ves ou enseignants. En effet, cette Ecole sup\u00e9rieure autonome des beaux-arts qui a depuis le 26 juin 2017 le statut d\u2019universit\u00e9 a \u00e9t\u00e9 cr\u00e9\u00e9 en 1946. A cette date Juan Manuel Cardenas-Castro \u00e9tait en France et son fr\u00e8re Jos\u00e9 F\u00e9lix \u00e9tait revenu au P\u00e9rou pour rejoindre le corps des enseignants de l\u2019Escuela Nacional Superior Aut\u00f3noma de Bellas Artes del Per\u00fa \u00e0 Lima (voir ill. 6). Deux autres institutions visit\u00e9es, l\u2019Instituto americano de arte del Cusco et l\u2019Universidad nacional San Antonio Abad del Cusco m\u2019ont permis de collecter des contacts et des informations afin de poursuivre mes investigations dans les milieux culturels et universitaires.<\/p>\n<div id=\"attachment_1687\" style=\"width: 594px\" class=\"wp-caption alignnone\"><a href=\"https:\/\/i0.wp.com\/alaincardenas.com\/blog\/wp-content\/uploads\/2018\/04\/JFCC-B-A-Cuzco.jpg?ssl=1\"><img aria-describedby=\"caption-attachment-1687\" data-attachment-id=\"1687\" data-permalink=\"https:\/\/alaincardenas.com\/blog\/juan-manuel-cardenas-castro-et-la-revue-variedades-1917-1920-4\/jfcc-b-a-cuzco\/\" data-orig-file=\"https:\/\/i0.wp.com\/alaincardenas.com\/blog\/wp-content\/uploads\/2018\/04\/JFCC-B-A-Cuzco.jpg?fit=3621%2C2726&amp;ssl=1\" data-orig-size=\"3621,2726\" data-comments-opened=\"0\" data-image-meta=\"{&quot;aperture&quot;:&quot;2&quot;,&quot;credit&quot;:&quot;&quot;,&quot;camera&quot;:&quot;F3311&quot;,&quot;caption&quot;:&quot;&quot;,&quot;created_timestamp&quot;:&quot;1517866914&quot;,&quot;copyright&quot;:&quot;&quot;,&quot;focal_length&quot;:&quot;3.5&quot;,&quot;iso&quot;:&quot;3141&quot;,&quot;shutter_speed&quot;:&quot;0.04999500049995&quot;,&quot;title&quot;:&quot;&quot;,&quot;orientation&quot;:&quot;1&quot;}\" data-image-title=\"JFCC B-A Cuzco\" data-image-description=\"\" data-image-caption=\"\" data-medium-file=\"https:\/\/i0.wp.com\/alaincardenas.com\/blog\/wp-content\/uploads\/2018\/04\/JFCC-B-A-Cuzco.jpg?fit=300%2C226&amp;ssl=1\" data-large-file=\"https:\/\/i0.wp.com\/alaincardenas.com\/blog\/wp-content\/uploads\/2018\/04\/JFCC-B-A-Cuzco.jpg?fit=584%2C440&amp;ssl=1\" decoding=\"async\" loading=\"lazy\" class=\"wp-image-1687 size-large\" src=\"https:\/\/i0.wp.com\/alaincardenas.com\/blog\/wp-content\/uploads\/2018\/04\/JFCC-B-A-Cuzco.jpg?resize=584%2C440&#038;ssl=1\" alt=\"\" width=\"584\" height=\"440\" srcset=\"https:\/\/i0.wp.com\/alaincardenas.com\/blog\/wp-content\/uploads\/2018\/04\/JFCC-B-A-Cuzco.jpg?resize=1024%2C771&amp;ssl=1 1024w, https:\/\/i0.wp.com\/alaincardenas.com\/blog\/wp-content\/uploads\/2018\/04\/JFCC-B-A-Cuzco.jpg?resize=300%2C226&amp;ssl=1 300w, https:\/\/i0.wp.com\/alaincardenas.com\/blog\/wp-content\/uploads\/2018\/04\/JFCC-B-A-Cuzco.jpg?resize=768%2C578&amp;ssl=1 768w, https:\/\/i0.wp.com\/alaincardenas.com\/blog\/wp-content\/uploads\/2018\/04\/JFCC-B-A-Cuzco.jpg?resize=398%2C300&amp;ssl=1 398w, https:\/\/i0.wp.com\/alaincardenas.com\/blog\/wp-content\/uploads\/2018\/04\/JFCC-B-A-Cuzco.jpg?w=1168&amp;ssl=1 1168w, https:\/\/i0.wp.com\/alaincardenas.com\/blog\/wp-content\/uploads\/2018\/04\/JFCC-B-A-Cuzco.jpg?w=1752&amp;ssl=1 1752w\" sizes=\"(max-width: 584px) 100vw, 584px\" data-recalc-dims=\"1\" \/><\/a><p id=\"caption-attachment-1687\" class=\"wp-caption-text\">(ill. 6) Le corps des enseignants<\/p><\/div>\n<p><a href=\"https:\/\/i0.wp.com\/alaincardenas.com\/blog\/wp-content\/uploads\/2018\/04\/Capture-d\u2019\u00e9cran-2018-04-17-\u00e0-19.53.00.png?ssl=1\"><img data-attachment-id=\"1775\" data-permalink=\"https:\/\/alaincardenas.com\/blog\/juan-manuel-cardenas-castro-et-la-revue-variedades-1917-1920-4\/capture-decran-2018-04-17-a-19-53-00\/\" data-orig-file=\"https:\/\/i0.wp.com\/alaincardenas.com\/blog\/wp-content\/uploads\/2018\/04\/Capture-d\u2019\u00e9cran-2018-04-17-\u00e0-19.53.00.png?fit=761%2C371&amp;ssl=1\" data-orig-size=\"761,371\" data-comments-opened=\"0\" data-image-meta=\"{&quot;aperture&quot;:&quot;0&quot;,&quot;credit&quot;:&quot;&quot;,&quot;camera&quot;:&quot;&quot;,&quot;caption&quot;:&quot;&quot;,&quot;created_timestamp&quot;:&quot;0&quot;,&quot;copyright&quot;:&quot;&quot;,&quot;focal_length&quot;:&quot;0&quot;,&quot;iso&quot;:&quot;0&quot;,&quot;shutter_speed&quot;:&quot;0&quot;,&quot;title&quot;:&quot;&quot;,&quot;orientation&quot;:&quot;0&quot;}\" data-image-title=\"Capture d\u2019\u00e9cran 2018-04-17 \u00e0 19.53.00\" data-image-description=\"\" data-image-caption=\"\" data-medium-file=\"https:\/\/i0.wp.com\/alaincardenas.com\/blog\/wp-content\/uploads\/2018\/04\/Capture-d\u2019\u00e9cran-2018-04-17-\u00e0-19.53.00.png?fit=300%2C146&amp;ssl=1\" data-large-file=\"https:\/\/i0.wp.com\/alaincardenas.com\/blog\/wp-content\/uploads\/2018\/04\/Capture-d\u2019\u00e9cran-2018-04-17-\u00e0-19.53.00.png?fit=584%2C285&amp;ssl=1\" decoding=\"async\" loading=\"lazy\" class=\"alignnone size-full wp-image-1775\" src=\"https:\/\/i0.wp.com\/alaincardenas.com\/blog\/wp-content\/uploads\/2018\/04\/Capture-d\u2019\u00e9cran-2018-04-17-\u00e0-19.53.00.png?resize=584%2C285&#038;ssl=1\" alt=\"\" width=\"584\" height=\"285\" srcset=\"https:\/\/i0.wp.com\/alaincardenas.com\/blog\/wp-content\/uploads\/2018\/04\/Capture-d\u2019\u00e9cran-2018-04-17-\u00e0-19.53.00.png?w=761&amp;ssl=1 761w, https:\/\/i0.wp.com\/alaincardenas.com\/blog\/wp-content\/uploads\/2018\/04\/Capture-d\u2019\u00e9cran-2018-04-17-\u00e0-19.53.00.png?resize=300%2C146&amp;ssl=1 300w, https:\/\/i0.wp.com\/alaincardenas.com\/blog\/wp-content\/uploads\/2018\/04\/Capture-d\u2019\u00e9cran-2018-04-17-\u00e0-19.53.00.png?resize=500%2C244&amp;ssl=1 500w\" sizes=\"(max-width: 584px) 100vw, 584px\" data-recalc-dims=\"1\" \/><\/a><\/p>\n<p>\u2022\u2022\u2022 Lima et ses lieux.<\/p>\n<p>A Lima j\u2019ai pu me rendre au Museo de arte de Lima (MALI). Le <em>curador de Arte Colonial<\/em> m\u2019a inform\u00e9 que la biblioth\u00e8que du mus\u00e9e conservait des ressources documentaires, concernant Juan Manuel et Jos\u00e9 F\u00e9lix Cardenas-Castro. Par contre, elle ne d\u00e9tenait aucune iconographie sur leurs \u0153uvres picturales et dessin\u00e9es. Nous avons pu proc\u00e9der \u00e0 l\u2019\u00e9change de ces diff\u00e9rentes ressources. J\u2019ai pu ainsi acc\u00e9der \u00e0 plusieurs exemplaires de revues reproduisant des \u0153uvres de Juan Manuel et Jos\u00e9 F\u00e9lix Cardenas-Castro et documentant leurs parcours et j\u2019ai d\u00e9pos\u00e9 les fichiers num\u00e9riques des peintures et dessins que j\u2019ai pu r\u00e9pertorier jusqu\u2019\u00e0 pr\u00e9sent en Europe et qui sont r\u00e9parties dans les collections des membres de la famille C\u00e1rdenas.<\/p>\n<div id=\"attachment_1693\" style=\"width: 194px\" class=\"wp-caption alignleft\"><a href=\"https:\/\/i0.wp.com\/alaincardenas.com\/blog\/wp-content\/uploads\/2018\/04\/DSC_4548-copie.jpg?ssl=1\"><img aria-describedby=\"caption-attachment-1693\" data-attachment-id=\"1693\" data-permalink=\"https:\/\/alaincardenas.com\/blog\/juan-manuel-cardenas-castro-et-la-revue-variedades-1917-1920-4\/dsc_4548-copie\/\" data-orig-file=\"https:\/\/i0.wp.com\/alaincardenas.com\/blog\/wp-content\/uploads\/2018\/04\/DSC_4548-copie.jpg?fit=1961%2C3202&amp;ssl=1\" data-orig-size=\"1961,3202\" data-comments-opened=\"0\" data-image-meta=\"{&quot;aperture&quot;:&quot;2&quot;,&quot;credit&quot;:&quot;&quot;,&quot;camera&quot;:&quot;F3311&quot;,&quot;caption&quot;:&quot;&quot;,&quot;created_timestamp&quot;:&quot;1521544962&quot;,&quot;copyright&quot;:&quot;&quot;,&quot;focal_length&quot;:&quot;3.5&quot;,&quot;iso&quot;:&quot;118&quot;,&quot;shutter_speed&quot;:&quot;0.033335004260865&quot;,&quot;title&quot;:&quot;&quot;,&quot;orientation&quot;:&quot;1&quot;}\" data-image-title=\"DSC_4548 &#8211; copie\" data-image-description=\"\" data-image-caption=\"&lt;p&gt;ill. 10&lt;\/p&gt;\n\" data-medium-file=\"https:\/\/i0.wp.com\/alaincardenas.com\/blog\/wp-content\/uploads\/2018\/04\/DSC_4548-copie.jpg?fit=184%2C300&amp;ssl=1\" data-large-file=\"https:\/\/i0.wp.com\/alaincardenas.com\/blog\/wp-content\/uploads\/2018\/04\/DSC_4548-copie.jpg?fit=584%2C954&amp;ssl=1\" decoding=\"async\" loading=\"lazy\" class=\"wp-image-1693 size-medium\" src=\"https:\/\/i0.wp.com\/alaincardenas.com\/blog\/wp-content\/uploads\/2018\/04\/DSC_4548-copie.jpg?resize=184%2C300&#038;ssl=1\" alt=\"\" width=\"184\" height=\"300\" srcset=\"https:\/\/i0.wp.com\/alaincardenas.com\/blog\/wp-content\/uploads\/2018\/04\/DSC_4548-copie.jpg?resize=184%2C300&amp;ssl=1 184w, https:\/\/i0.wp.com\/alaincardenas.com\/blog\/wp-content\/uploads\/2018\/04\/DSC_4548-copie.jpg?resize=768%2C1254&amp;ssl=1 768w, https:\/\/i0.wp.com\/alaincardenas.com\/blog\/wp-content\/uploads\/2018\/04\/DSC_4548-copie.jpg?resize=627%2C1024&amp;ssl=1 627w, https:\/\/i0.wp.com\/alaincardenas.com\/blog\/wp-content\/uploads\/2018\/04\/DSC_4548-copie.jpg?w=1961&amp;ssl=1 1961w, https:\/\/i0.wp.com\/alaincardenas.com\/blog\/wp-content\/uploads\/2018\/04\/DSC_4548-copie.jpg?w=1168&amp;ssl=1 1168w, https:\/\/i0.wp.com\/alaincardenas.com\/blog\/wp-content\/uploads\/2018\/04\/DSC_4548-copie.jpg?w=1752&amp;ssl=1 1752w\" sizes=\"(max-width: 184px) 100vw, 184px\" data-recalc-dims=\"1\" \/><\/a><p id=\"caption-attachment-1693\" class=\"wp-caption-text\">ill. 7<\/p><\/div>\n<p>Apr\u00e8s ces recherches \u00e0 la Biblioteca y archivo del Museo de arte de Lima, j\u2019ai rencontr\u00e9 le Directeur des programmes d&rsquo;arts plastiques et visuels de l\u2019Escuela Nacional Superior Aut\u00f3noma de Bellas Artes del Per\u00fa. Il m\u2019a indiqu\u00e9 qu\u2019il n\u2019y avait aucune information dans les archives de l\u2019\u00e9cole sur les fr\u00e8res Cardenas en tant qu\u2019anciens \u00e9l\u00e8ves. L\u2019article d\u2019Emilio Delboy (voir ill. 7, 8, 9, 10, 11) publi\u00e9 dans la revue <em>Stylo<\/em> en 1920 \u00ad\u2013 une des ressources trouv\u00e9es \u00e0 la biblioth\u00e8que du Mus\u00e9e d\u2019art de Lima \u2013 est venu confirm\u00e9 cela (voir en bibliographie). Cet article retranscrit les dires de Juan Manuel Cardenas-Castro, il retrace son apprentissage artistique d\u2019autodidacte et d\u00e9crit son arriv\u00e9e \u00e0 Lima, o\u00f9, d\u00e8s 1915, il s\u2019affirme en proposant ses premiers dessins pour la presse dans la revue p\u00e9ruvienne <em>Lulu<\/em>, destin\u00e9e \u00e0 un lectorat f\u00e9minin.<\/p>\n<div id=\"attachment_1694\" style=\"width: 224px\" class=\"wp-caption alignleft\"><a href=\"https:\/\/i0.wp.com\/alaincardenas.com\/blog\/wp-content\/uploads\/2018\/04\/DSC_4550-copie.jpg?ssl=1\"><img aria-describedby=\"caption-attachment-1694\" data-attachment-id=\"1694\" data-permalink=\"https:\/\/alaincardenas.com\/blog\/juan-manuel-cardenas-castro-et-la-revue-variedades-1917-1920-4\/dsc_4550-copie\/\" data-orig-file=\"https:\/\/i0.wp.com\/alaincardenas.com\/blog\/wp-content\/uploads\/2018\/04\/DSC_4550-copie.jpg?fit=2813%2C3941&amp;ssl=1\" data-orig-size=\"2813,3941\" data-comments-opened=\"0\" data-image-meta=\"{&quot;aperture&quot;:&quot;2&quot;,&quot;credit&quot;:&quot;&quot;,&quot;camera&quot;:&quot;F3311&quot;,&quot;caption&quot;:&quot;&quot;,&quot;created_timestamp&quot;:&quot;1521544982&quot;,&quot;copyright&quot;:&quot;&quot;,&quot;focal_length&quot;:&quot;3.5&quot;,&quot;iso&quot;:&quot;170&quot;,&quot;shutter_speed&quot;:&quot;0.033335004260865&quot;,&quot;title&quot;:&quot;&quot;,&quot;orientation&quot;:&quot;1&quot;}\" data-image-title=\"DSC_4550 &#8211; copie\" data-image-description=\"\" data-image-caption=\"&lt;p&gt;ill. 9&lt;\/p&gt;\n\" data-medium-file=\"https:\/\/i0.wp.com\/alaincardenas.com\/blog\/wp-content\/uploads\/2018\/04\/DSC_4550-copie.jpg?fit=214%2C300&amp;ssl=1\" data-large-file=\"https:\/\/i0.wp.com\/alaincardenas.com\/blog\/wp-content\/uploads\/2018\/04\/DSC_4550-copie.jpg?fit=584%2C818&amp;ssl=1\" decoding=\"async\" loading=\"lazy\" class=\"wp-image-1694 size-medium\" src=\"https:\/\/i0.wp.com\/alaincardenas.com\/blog\/wp-content\/uploads\/2018\/04\/DSC_4550-copie.jpg?resize=214%2C300&#038;ssl=1\" alt=\"\" width=\"214\" height=\"300\" srcset=\"https:\/\/i0.wp.com\/alaincardenas.com\/blog\/wp-content\/uploads\/2018\/04\/DSC_4550-copie.jpg?resize=214%2C300&amp;ssl=1 214w, https:\/\/i0.wp.com\/alaincardenas.com\/blog\/wp-content\/uploads\/2018\/04\/DSC_4550-copie.jpg?resize=768%2C1076&amp;ssl=1 768w, https:\/\/i0.wp.com\/alaincardenas.com\/blog\/wp-content\/uploads\/2018\/04\/DSC_4550-copie.jpg?resize=731%2C1024&amp;ssl=1 731w, https:\/\/i0.wp.com\/alaincardenas.com\/blog\/wp-content\/uploads\/2018\/04\/DSC_4550-copie.jpg?w=1168&amp;ssl=1 1168w, https:\/\/i0.wp.com\/alaincardenas.com\/blog\/wp-content\/uploads\/2018\/04\/DSC_4550-copie.jpg?w=1752&amp;ssl=1 1752w\" sizes=\"(max-width: 214px) 100vw, 214px\" data-recalc-dims=\"1\" \/><\/a><p id=\"caption-attachment-1694\" class=\"wp-caption-text\">ill. 8<\/p><\/div>\n<div id=\"attachment_1695\" style=\"width: 223px\" class=\"wp-caption alignleft\"><a href=\"https:\/\/i0.wp.com\/alaincardenas.com\/blog\/wp-content\/uploads\/2018\/04\/DSC_4552-copie.jpg?ssl=1\"><img aria-describedby=\"caption-attachment-1695\" data-attachment-id=\"1695\" data-permalink=\"https:\/\/alaincardenas.com\/blog\/juan-manuel-cardenas-castro-et-la-revue-variedades-1917-1920-4\/dsc_4552-copie\/\" data-orig-file=\"https:\/\/i0.wp.com\/alaincardenas.com\/blog\/wp-content\/uploads\/2018\/04\/DSC_4552-copie.jpg?fit=2521%2C3559&amp;ssl=1\" data-orig-size=\"2521,3559\" data-comments-opened=\"0\" data-image-meta=\"{&quot;aperture&quot;:&quot;2&quot;,&quot;credit&quot;:&quot;&quot;,&quot;camera&quot;:&quot;F3311&quot;,&quot;caption&quot;:&quot;&quot;,&quot;created_timestamp&quot;:&quot;1521545000&quot;,&quot;copyright&quot;:&quot;&quot;,&quot;focal_length&quot;:&quot;3.5&quot;,&quot;iso&quot;:&quot;137&quot;,&quot;shutter_speed&quot;:&quot;0.033335004260865&quot;,&quot;title&quot;:&quot;&quot;,&quot;orientation&quot;:&quot;1&quot;}\" data-image-title=\"DSC_4552 &#8211; copie\" data-image-description=\"\" data-image-caption=\"&lt;p&gt;ill. 8&lt;\/p&gt;\n\" data-medium-file=\"https:\/\/i0.wp.com\/alaincardenas.com\/blog\/wp-content\/uploads\/2018\/04\/DSC_4552-copie.jpg?fit=213%2C300&amp;ssl=1\" data-large-file=\"https:\/\/i0.wp.com\/alaincardenas.com\/blog\/wp-content\/uploads\/2018\/04\/DSC_4552-copie.jpg?fit=584%2C825&amp;ssl=1\" decoding=\"async\" loading=\"lazy\" class=\"wp-image-1695 size-medium\" src=\"https:\/\/i0.wp.com\/alaincardenas.com\/blog\/wp-content\/uploads\/2018\/04\/DSC_4552-copie.jpg?resize=213%2C300&#038;ssl=1\" alt=\"\" width=\"213\" height=\"300\" srcset=\"https:\/\/i0.wp.com\/alaincardenas.com\/blog\/wp-content\/uploads\/2018\/04\/DSC_4552-copie.jpg?resize=213%2C300&amp;ssl=1 213w, https:\/\/i0.wp.com\/alaincardenas.com\/blog\/wp-content\/uploads\/2018\/04\/DSC_4552-copie.jpg?resize=768%2C1084&amp;ssl=1 768w, https:\/\/i0.wp.com\/alaincardenas.com\/blog\/wp-content\/uploads\/2018\/04\/DSC_4552-copie.jpg?resize=725%2C1024&amp;ssl=1 725w, https:\/\/i0.wp.com\/alaincardenas.com\/blog\/wp-content\/uploads\/2018\/04\/DSC_4552-copie.jpg?w=1168&amp;ssl=1 1168w, https:\/\/i0.wp.com\/alaincardenas.com\/blog\/wp-content\/uploads\/2018\/04\/DSC_4552-copie.jpg?w=1752&amp;ssl=1 1752w\" sizes=\"(max-width: 213px) 100vw, 213px\" data-recalc-dims=\"1\" \/><\/a><p id=\"caption-attachment-1695\" class=\"wp-caption-text\">ill. 9<\/p><\/div>\n<p>&nbsp;<\/p>\n<p>&nbsp;<\/p>\n<p>&nbsp;<\/p>\n<p>&nbsp;<\/p>\n<p>&nbsp;<\/p>\n<p>&nbsp;<\/p>\n<p>&nbsp;<\/p>\n<p>&nbsp;<\/p>\n<div id=\"attachment_1696\" style=\"width: 226px\" class=\"wp-caption alignleft\"><a href=\"https:\/\/i0.wp.com\/alaincardenas.com\/blog\/wp-content\/uploads\/2018\/04\/DSC_4553-copie.jpg?ssl=1\"><img aria-describedby=\"caption-attachment-1696\" data-attachment-id=\"1696\" data-permalink=\"https:\/\/alaincardenas.com\/blog\/juan-manuel-cardenas-castro-et-la-revue-variedades-1917-1920-4\/dsc_4553-copie\/\" data-orig-file=\"https:\/\/i0.wp.com\/alaincardenas.com\/blog\/wp-content\/uploads\/2018\/04\/DSC_4553-copie.jpg?fit=2682%2C3718&amp;ssl=1\" data-orig-size=\"2682,3718\" data-comments-opened=\"0\" data-image-meta=\"{&quot;aperture&quot;:&quot;2&quot;,&quot;credit&quot;:&quot;&quot;,&quot;camera&quot;:&quot;F3311&quot;,&quot;caption&quot;:&quot;&quot;,&quot;created_timestamp&quot;:&quot;1521545008&quot;,&quot;copyright&quot;:&quot;&quot;,&quot;focal_length&quot;:&quot;3.5&quot;,&quot;iso&quot;:&quot;124&quot;,&quot;shutter_speed&quot;:&quot;0.033335004260865&quot;,&quot;title&quot;:&quot;&quot;,&quot;orientation&quot;:&quot;1&quot;}\" data-image-title=\"DSC_4553 &#8211; copie\" data-image-description=\"\" data-image-caption=\"&lt;p&gt;ill. 7&lt;\/p&gt;\n\" data-medium-file=\"https:\/\/i0.wp.com\/alaincardenas.com\/blog\/wp-content\/uploads\/2018\/04\/DSC_4553-copie.jpg?fit=216%2C300&amp;ssl=1\" data-large-file=\"https:\/\/i0.wp.com\/alaincardenas.com\/blog\/wp-content\/uploads\/2018\/04\/DSC_4553-copie.jpg?fit=584%2C809&amp;ssl=1\" decoding=\"async\" loading=\"lazy\" class=\"wp-image-1696 size-medium\" src=\"https:\/\/i0.wp.com\/alaincardenas.com\/blog\/wp-content\/uploads\/2018\/04\/DSC_4553-copie.jpg?resize=216%2C300&#038;ssl=1\" alt=\"\" width=\"216\" height=\"300\" srcset=\"https:\/\/i0.wp.com\/alaincardenas.com\/blog\/wp-content\/uploads\/2018\/04\/DSC_4553-copie.jpg?resize=216%2C300&amp;ssl=1 216w, https:\/\/i0.wp.com\/alaincardenas.com\/blog\/wp-content\/uploads\/2018\/04\/DSC_4553-copie.jpg?resize=768%2C1065&amp;ssl=1 768w, https:\/\/i0.wp.com\/alaincardenas.com\/blog\/wp-content\/uploads\/2018\/04\/DSC_4553-copie.jpg?resize=739%2C1024&amp;ssl=1 739w, https:\/\/i0.wp.com\/alaincardenas.com\/blog\/wp-content\/uploads\/2018\/04\/DSC_4553-copie.jpg?w=1168&amp;ssl=1 1168w, https:\/\/i0.wp.com\/alaincardenas.com\/blog\/wp-content\/uploads\/2018\/04\/DSC_4553-copie.jpg?w=1752&amp;ssl=1 1752w\" sizes=\"(max-width: 216px) 100vw, 216px\" data-recalc-dims=\"1\" \/><\/a><p id=\"caption-attachment-1696\" class=\"wp-caption-text\">ill. 10<\/p><\/div>\n<div id=\"attachment_1697\" style=\"width: 225px\" class=\"wp-caption alignleft\"><a href=\"https:\/\/i0.wp.com\/alaincardenas.com\/blog\/wp-content\/uploads\/2018\/04\/DSC_4554-copie.jpg?ssl=1\"><img aria-describedby=\"caption-attachment-1697\" data-attachment-id=\"1697\" data-permalink=\"https:\/\/alaincardenas.com\/blog\/juan-manuel-cardenas-castro-et-la-revue-variedades-1917-1920-4\/dsc_4554-copie\/\" data-orig-file=\"https:\/\/i0.wp.com\/alaincardenas.com\/blog\/wp-content\/uploads\/2018\/04\/DSC_4554-copie.jpg?fit=2468%2C3446&amp;ssl=1\" data-orig-size=\"2468,3446\" data-comments-opened=\"0\" data-image-meta=\"{&quot;aperture&quot;:&quot;2&quot;,&quot;credit&quot;:&quot;&quot;,&quot;camera&quot;:&quot;F3311&quot;,&quot;caption&quot;:&quot;&quot;,&quot;created_timestamp&quot;:&quot;1521545015&quot;,&quot;copyright&quot;:&quot;&quot;,&quot;focal_length&quot;:&quot;3.5&quot;,&quot;iso&quot;:&quot;270&quot;,&quot;shutter_speed&quot;:&quot;0.033335004260865&quot;,&quot;title&quot;:&quot;&quot;,&quot;orientation&quot;:&quot;1&quot;}\" data-image-title=\"DSC_4554 &#8211; copie\" data-image-description=\"\" data-image-caption=\"&lt;p&gt;ill. 11&lt;\/p&gt;\n\" data-medium-file=\"https:\/\/i0.wp.com\/alaincardenas.com\/blog\/wp-content\/uploads\/2018\/04\/DSC_4554-copie.jpg?fit=215%2C300&amp;ssl=1\" data-large-file=\"https:\/\/i0.wp.com\/alaincardenas.com\/blog\/wp-content\/uploads\/2018\/04\/DSC_4554-copie.jpg?fit=584%2C816&amp;ssl=1\" decoding=\"async\" loading=\"lazy\" class=\"wp-image-1697 size-medium\" src=\"https:\/\/i0.wp.com\/alaincardenas.com\/blog\/wp-content\/uploads\/2018\/04\/DSC_4554-copie.jpg?resize=215%2C300&#038;ssl=1\" alt=\"\" width=\"215\" height=\"300\" srcset=\"https:\/\/i0.wp.com\/alaincardenas.com\/blog\/wp-content\/uploads\/2018\/04\/DSC_4554-copie.jpg?resize=215%2C300&amp;ssl=1 215w, https:\/\/i0.wp.com\/alaincardenas.com\/blog\/wp-content\/uploads\/2018\/04\/DSC_4554-copie.jpg?resize=768%2C1072&amp;ssl=1 768w, https:\/\/i0.wp.com\/alaincardenas.com\/blog\/wp-content\/uploads\/2018\/04\/DSC_4554-copie.jpg?resize=733%2C1024&amp;ssl=1 733w, https:\/\/i0.wp.com\/alaincardenas.com\/blog\/wp-content\/uploads\/2018\/04\/DSC_4554-copie.jpg?w=1168&amp;ssl=1 1168w, https:\/\/i0.wp.com\/alaincardenas.com\/blog\/wp-content\/uploads\/2018\/04\/DSC_4554-copie.jpg?w=1752&amp;ssl=1 1752w\" sizes=\"(max-width: 215px) 100vw, 215px\" data-recalc-dims=\"1\" \/><\/a><p id=\"caption-attachment-1697\" class=\"wp-caption-text\">ill. 11<\/p><\/div>\n<p>&nbsp;<\/p>\n<p>&nbsp;<\/p>\n<p>&nbsp;<\/p>\n<p>&nbsp;<\/p>\n<p>&nbsp;<\/p>\n<p>&nbsp;<\/p>\n<p>&nbsp;<\/p>\n<p>&nbsp;<\/p>\n<p>&nbsp;<\/p>\n<hr \/>\n<p>(ill. 7 \u00e0 11) article d\u2019Emilio Delboy \u00ab\u00a0El dibujante cuzque\u00f1o C\u00e1rdenas Castro\u00a0\u00bb paru dans la revue <em>Stylo<\/em> en 1920 (voir en bibliographie)<\/p>\n<hr \/>\n<p>D\u2019autres institutions ont fait l\u2019objet de visites dans la capitale,\u00a0le Centro cultural de Bellas Artes, la Biblioteca y archivo hist\u00f3rico municipal de Lima, la Biblioteca nacional del Per\u00fa.<\/p>\n<p>La collecte des donn\u00e9es<\/p>\n<p>A l\u2019issue de ces visites, la collecte de nombreuses informations sur la collaboration de Juan Manuel Cardenas-Castro en tant que dessinateur et illustrateur \u00e0 la revue p\u00e9ruvienne <em>Variedades<\/em> a \u00e9t\u00e9 fructueuse. J\u2019insiste sur le r\u00f4le unique de la revue <em>Variedades<\/em> (Vari\u00e9t\u00e9s), magazine illustr\u00e9 p\u00e9ruvien du d\u00e9but du XX<sup>e<\/sup> si\u00e8cle. Ce p\u00e9riodique est venu remplacer le magazine <em>Prisma<\/em>, une publication de luxe. <em>Variedades<\/em> s\u2019est positionn\u00e9 comme une revue plus divertissante et populaire. Elle a \u00e9t\u00e9 publi\u00e9e \u00e0 Lima de 1908 \u00e0 1931 ou elle \u00e9tait vendue en kiosque et librairie chaque jeudi. Le fondateur et r\u00e9dacteur en chef des revues <em>Prisma<\/em> et <em>Variedades<\/em>, Manuel Moral y Vega, un photographe portugais, a chang\u00e9 le concept du magazine au P\u00e9rou en y apportant des techniques photographiques novatrices. Il introduit en 1905 la technique trichromique, avec une reproduction d&rsquo;un vase avec des roses, dans le magazine <em>Prisma<\/em>.<\/p>\n<p>Les <em>Variedades<\/em>, comme leur nom l&rsquo;indique, offraient un ensemble de sujets qui visaient \u00e0 r\u00e9pondre \u00e0 la demande de nouveaux lecteurs. Certaines rubriques \u00e9taient d\u00e9di\u00e9es \u00e0 la caricature : \u00ab\u00a0Chirigota\u00a0\u00bb (Blague), \u00ab\u00a0Gente de casa\u00a0\u00bb et \u00ab\u00a0La caricatura en el extranjero\u00a0\u00bb. D&rsquo;autres prenant un ton cosmopolite traitent des diff\u00e9rents domaines\u00a0: litt\u00e9raire, \u00e9conomique et politique avec les rubriques : \u00ab Th\u00e9\u00e2tre et spectacles \u00bb, \u00ab Mode \u00bb, \u00ab Anecdotes et coupures de presse \u00bb, \u00ab Commerce et industrie \u00bb, \u00ab Information europ\u00e9enne \u00bb, \u00ab Personnalit\u00e9s et \u00e9v\u00e9nements mondiaux \u00ab\u00a0. D&rsquo;autres rubriques encore, telles que \u00ab\u00a0Des provinces\u00a0\u00bb et \u00ab\u00a0Recettes traditionnelles\u00a0\u00bb ont ajout\u00e9 un style populaire au magazine.<\/p>\n<p><em><img data-attachment-id=\"1689\" data-permalink=\"https:\/\/alaincardenas.com\/blog\/juan-manuel-cardenas-castro-et-la-revue-variedades-1917-1920-4\/dsc_4768-variedades\/\" data-orig-file=\"https:\/\/i0.wp.com\/alaincardenas.com\/blog\/wp-content\/uploads\/2018\/04\/DSC_4768-Variedades.jpg?fit=2218%2C3655&amp;ssl=1\" data-orig-size=\"2218,3655\" data-comments-opened=\"0\" data-image-meta=\"{&quot;aperture&quot;:&quot;2&quot;,&quot;credit&quot;:&quot;&quot;,&quot;camera&quot;:&quot;F3311&quot;,&quot;caption&quot;:&quot;&quot;,&quot;created_timestamp&quot;:&quot;1521569696&quot;,&quot;copyright&quot;:&quot;&quot;,&quot;focal_length&quot;:&quot;3.5&quot;,&quot;iso&quot;:&quot;447&quot;,&quot;shutter_speed&quot;:&quot;0.030004000533404&quot;,&quot;title&quot;:&quot;&quot;,&quot;orientation&quot;:&quot;1&quot;}\" data-image-title=\"DSC_4768 Variedades\" data-image-description=\"\" data-image-caption=\"\" data-medium-file=\"https:\/\/i0.wp.com\/alaincardenas.com\/blog\/wp-content\/uploads\/2018\/04\/DSC_4768-Variedades.jpg?fit=182%2C300&amp;ssl=1\" data-large-file=\"https:\/\/i0.wp.com\/alaincardenas.com\/blog\/wp-content\/uploads\/2018\/04\/DSC_4768-Variedades.jpg?fit=584%2C963&amp;ssl=1\" decoding=\"async\" loading=\"lazy\" class=\"wp-image-1689 alignleft\" src=\"https:\/\/i0.wp.com\/alaincardenas.com\/blog\/wp-content\/uploads\/2018\/04\/DSC_4768-Variedades.jpg?resize=121%2C191&#038;ssl=1\" alt=\"\" width=\"121\" height=\"191\" data-recalc-dims=\"1\" \/><a href=\"https:\/\/i0.wp.com\/alaincardenas.com\/blog\/wp-content\/uploads\/2018\/04\/DSC_5317-Variedades.jpg?ssl=1\"><img data-attachment-id=\"1691\" data-permalink=\"https:\/\/alaincardenas.com\/blog\/juan-manuel-cardenas-castro-et-la-revue-variedades-1917-1920-4\/dsc_5317-variedades\/\" data-orig-file=\"https:\/\/i0.wp.com\/alaincardenas.com\/blog\/wp-content\/uploads\/2018\/04\/DSC_5317-Variedades.jpg?fit=1830%2C2936&amp;ssl=1\" data-orig-size=\"1830,2936\" data-comments-opened=\"0\" data-image-meta=\"{&quot;aperture&quot;:&quot;2&quot;,&quot;credit&quot;:&quot;&quot;,&quot;camera&quot;:&quot;F3311&quot;,&quot;caption&quot;:&quot;&quot;,&quot;created_timestamp&quot;:&quot;1521715376&quot;,&quot;copyright&quot;:&quot;&quot;,&quot;focal_length&quot;:&quot;3.5&quot;,&quot;iso&quot;:&quot;118&quot;,&quot;shutter_speed&quot;:&quot;0.0072209997830601&quot;,&quot;title&quot;:&quot;&quot;,&quot;orientation&quot;:&quot;1&quot;}\" data-image-title=\"DSC_5317 Variedades\" data-image-description=\"\" data-image-caption=\"\" data-medium-file=\"https:\/\/i0.wp.com\/alaincardenas.com\/blog\/wp-content\/uploads\/2018\/04\/DSC_5317-Variedades.jpg?fit=187%2C300&amp;ssl=1\" data-large-file=\"https:\/\/i0.wp.com\/alaincardenas.com\/blog\/wp-content\/uploads\/2018\/04\/DSC_5317-Variedades.jpg?fit=584%2C937&amp;ssl=1\" decoding=\"async\" loading=\"lazy\" class=\"alignnone wp-image-1691\" src=\"https:\/\/i0.wp.com\/alaincardenas.com\/blog\/wp-content\/uploads\/2018\/04\/DSC_5317-Variedades.jpg?resize=125%2C194&#038;ssl=1\" alt=\"\" width=\"125\" height=\"194\" data-recalc-dims=\"1\" \/><\/a><a href=\"https:\/\/alaincardenas.com\/blog\/wp-content\/uploads\/2018\/04\/DSC_5257.jpg\">\u00a0 \u00a0<img data-attachment-id=\"1690\" data-permalink=\"https:\/\/alaincardenas.com\/blog\/juan-manuel-cardenas-castro-et-la-revue-variedades-1917-1920-4\/dsc_5257\/\" data-orig-file=\"https:\/\/i0.wp.com\/alaincardenas.com\/blog\/wp-content\/uploads\/2018\/04\/DSC_5257.jpg?fit=2579%2C2052&amp;ssl=1\" data-orig-size=\"2579,2052\" data-comments-opened=\"0\" data-image-meta=\"{&quot;aperture&quot;:&quot;2&quot;,&quot;credit&quot;:&quot;&quot;,&quot;camera&quot;:&quot;F3311&quot;,&quot;caption&quot;:&quot;&quot;,&quot;created_timestamp&quot;:&quot;1521714538&quot;,&quot;copyright&quot;:&quot;&quot;,&quot;focal_length&quot;:&quot;3.5&quot;,&quot;iso&quot;:&quot;113&quot;,&quot;shutter_speed&quot;:&quot;0.0082809998768625&quot;,&quot;title&quot;:&quot;&quot;,&quot;orientation&quot;:&quot;1&quot;}\" data-image-title=\"DSC_5257\" data-image-description=\"\" data-image-caption=\"\" data-medium-file=\"https:\/\/i0.wp.com\/alaincardenas.com\/blog\/wp-content\/uploads\/2018\/04\/DSC_5257.jpg?fit=300%2C239&amp;ssl=1\" data-large-file=\"https:\/\/i0.wp.com\/alaincardenas.com\/blog\/wp-content\/uploads\/2018\/04\/DSC_5257.jpg?fit=584%2C465&amp;ssl=1\" decoding=\"async\" loading=\"lazy\" class=\"alignnone wp-image-1690\" src=\"https:\/\/i0.wp.com\/alaincardenas.com\/blog\/wp-content\/uploads\/2018\/04\/DSC_5257.jpg?resize=255%2C205&#038;ssl=1\" alt=\"\" width=\"255\" height=\"205\" data-recalc-dims=\"1\" \/><\/a><\/em><\/p>\n<hr \/>\n<p>De gauche \u00e0 droite (ill. 12, 13, 14). Couverture, page de garde et double page (personnalit\u00e9s et \u00e9v\u00e9nements mondiaux) de la revue <em>Variedades<\/em>, 1918.<\/p>\n<hr \/>\n<p><em>Variedades<\/em> a \u00e9t\u00e9 une revue importante dans le d\u00e9veloppement du journalisme autant par son graphisme novateur et sa mise en page particuli\u00e8re, que par ses comptes rendus dynamiques des activit\u00e9s politiques, sociales, culturelles et sportives men\u00e9es au cours de cinq d\u00e9cennies au P\u00e9rou (voir ill. 12, 13, 14). Des personnalit\u00e9s importantes de la sph\u00e8re culturelle p\u00e9ruvienne ont contribu\u00e9 \u00e0 la renomm\u00e9e de la revue tels que Manuel Beingolea, Enrique Bustamante et Ballivian, Jos\u00e9 Mar\u00eda Eguren, Jos\u00e9 G\u00e1lvez Barrenechea, Fausto Gasta\u00f1eta, Jose Carlos Mariategui, Angelica et Clemente Palma, Ricardo Palma, Maria Wiesse, Luis Alberto Sanchez, Horacio H. Urteaga, Abraham Valdelomar, Luis Valle Goicochea et C\u00e9sar Vallejo. D\u2019autre part une place importante \u00e9tait faite \u00e0 la diffusion d\u2019\u0153uvres litt\u00e9raires \u00e9trang\u00e8res. Des auteurs comme Gaston Leroux, Artur Conan Doyle, H. G. Wells, ont contribu\u00e9 \u00e0 <em>Variedades<\/em>.<\/p>\n<p>Juan Manuel Cardenas-Castro a \u00e9t\u00e9 le dessinateur attitr\u00e9 de la revue pendant la p\u00e9riode allant de l\u2019ann\u00e9e 1916 \u00e0 l\u2019ann\u00e9e 1920. J\u2019ai r\u00e9pertori\u00e9 les dessins et peintures qu\u2019il a r\u00e9alis\u00e9s au cours des ann\u00e9es 1917 \u00e0 1920.<\/p>\n<div id=\"attachment_1692\" style=\"width: 309px\" class=\"wp-caption alignleft\"><a href=\"https:\/\/i0.wp.com\/alaincardenas.com\/blog\/wp-content\/uploads\/2018\/04\/DSC_5566-copie.jpg?ssl=1\"><img aria-describedby=\"caption-attachment-1692\" data-attachment-id=\"1692\" data-permalink=\"https:\/\/alaincardenas.com\/blog\/juan-manuel-cardenas-castro-et-la-revue-variedades-1917-1920-4\/dsc_5566-copie\/\" data-orig-file=\"https:\/\/i0.wp.com\/alaincardenas.com\/blog\/wp-content\/uploads\/2018\/04\/DSC_5566-copie.jpg?fit=299%2C478&amp;ssl=1\" data-orig-size=\"299,478\" data-comments-opened=\"0\" data-image-meta=\"{&quot;aperture&quot;:&quot;2&quot;,&quot;credit&quot;:&quot;&quot;,&quot;camera&quot;:&quot;F3311&quot;,&quot;caption&quot;:&quot;&quot;,&quot;created_timestamp&quot;:&quot;1521721825&quot;,&quot;copyright&quot;:&quot;&quot;,&quot;focal_length&quot;:&quot;3.5&quot;,&quot;iso&quot;:&quot;173&quot;,&quot;shutter_speed&quot;:&quot;0.0083309997199664&quot;,&quot;title&quot;:&quot;&quot;,&quot;orientation&quot;:&quot;1&quot;}\" data-image-title=\"DSC_5566 &#8211; copie\" data-image-description=\"\" data-image-caption=\"\" data-medium-file=\"https:\/\/i0.wp.com\/alaincardenas.com\/blog\/wp-content\/uploads\/2018\/04\/DSC_5566-copie.jpg?fit=188%2C300&amp;ssl=1\" data-large-file=\"https:\/\/i0.wp.com\/alaincardenas.com\/blog\/wp-content\/uploads\/2018\/04\/DSC_5566-copie.jpg?fit=299%2C478&amp;ssl=1\" decoding=\"async\" loading=\"lazy\" class=\"wp-image-1692 size-full\" src=\"https:\/\/i0.wp.com\/alaincardenas.com\/blog\/wp-content\/uploads\/2018\/04\/DSC_5566-copie.jpg?resize=299%2C478&#038;ssl=1\" alt=\"\" width=\"299\" height=\"478\" srcset=\"https:\/\/i0.wp.com\/alaincardenas.com\/blog\/wp-content\/uploads\/2018\/04\/DSC_5566-copie.jpg?w=299&amp;ssl=1 299w, https:\/\/i0.wp.com\/alaincardenas.com\/blog\/wp-content\/uploads\/2018\/04\/DSC_5566-copie.jpg?resize=188%2C300&amp;ssl=1 188w\" sizes=\"(max-width: 299px) 100vw, 299px\" data-recalc-dims=\"1\" \/><\/a><p id=\"caption-attachment-1692\" class=\"wp-caption-text\">(Ill. 15) Une caricature de la rubrique \u00ab chirigota \u00bb (blague) par Juan Manuel Cardenas-Castro, <em>Variedades<\/em> n\u00b0 487, 30 juin 1917<\/p><\/div>\n<p>M\u00eame si une publication exhaustive de ces images est envisag\u00e9e, dans un premier temps j\u2019ai pr\u00e9f\u00e9r\u00e9 les s\u00e9lectionner par chacune des rubriques de la revue, \u00e0 savoir selon le moyen de classement comme pour le domaine culturel \u00ab\u00a0th\u00e9\u00e2tre et spectacles\u00a0\u00bb les grandes pi\u00e8ces pr\u00e9sent\u00e9es ou des personnalit\u00e9s du monde culturel national ou international. Il faut noter que l\u2019importance et l\u2019impact de la caricature sont l\u2019une des lignes de force de la revue (ill. 15). En fonction des dimensions des \u0153uvres, celles-ci sont list\u00e9es et pr\u00e9cis\u00e9es d\u2019une notice catalographique.<\/p>\n<p>Ce floril\u00e8ge de 20 s\u00e9ries d\u2019illustrations n\u2019est qu\u2019une partie infime face \u00e0 la masse du travail effectu\u00e9 par Juan Manuel Cardenas-Castro \u00e0 Lima \u00e0 la r\u00e9daction de la revue de 1916 \u00e0 1920.<\/p>\n<p>Ces travaux reproduits au fil des cinq ann\u00e9es de collaboration de Juan Manuel Cardenas-Castro \u00e0 la revue <em>Variedades<\/em>, correspondent \u00e0 autant d\u2019\u0153uvres originales. Elles sont peut-\u00eatre encore conserv\u00e9es dans des collections p\u00e9ruviennes. Ma prochaine mission sera consacr\u00e9e \u00e0 la recherche des originaux qui permettront de nouvelles sources, notamment en couleurs, des techniques et des formats non visibles par la reproduction illustr\u00e9e en noir et blanc (ill. 15). Cette partie m\u00e9connue de la cr\u00e9ation de Juan Manuel Cardenas-Castro en tant que dessinateur de presse est un pan important de son \u0153uvre, elle augure son activit\u00e9 artistique et vient confirmer la force et l\u2019expressivit\u00e9 de son dessin que l\u2019on retrouvera par la suite dans ses peintures.<\/p>\n<p><a href=\"#_ftnref1\" name=\"_ftn1\">[1]<\/a> Voir l\u2019article CARDENAS-CASTRO Alain (2018), <em>De Juan Manuel et Jos\u00e9 F\u00e9lix Cardenas-Castro\u00a0: deux artistes p\u00e9ruviens au sein de la diaspora latino-am\u00e9ricaine \u00e0 Paris. (3)<\/em> in blog\u00a0: Sciences &amp; art contemporain IN &#8211; MH &#8211; OUT &#8211; OFF f\u00e9vrier 2018<\/p>\n<p><a href=\"#_ftnref2\" name=\"_ftn2\">[2]<\/a> Le n\u00b0 27\u00a0: Mateo Ochoa\u00a0 et le n\u00b0 24\u00a0: Jos\u00e9 martin Ochoa ont pu \u00eatre identifi\u00e9s par Guido Ochoa Alvarez.\u00a0Voir le diagramme (ill. 8) de l\u2019article\u00a0: CARDENAS-CASTRO Alain (2018), <em>De Juan Manuel et Jos\u00e9 F\u00e9lix Cardenas-Castro : deux artistes p\u00e9ruviens au sein de la diaspora latino-am\u00e9ricaine \u00e0 Paris. (3)<\/em> in blog : Sciences &amp; art contemporain IN &#8211; MH &#8211; OUT &#8211; OFF f\u00e9vrier 2018.<\/p>\n<hr \/>\n<p><strong>\u00c9l\u00e9ments de bibliographie<\/strong><\/p>\n<ul>\n<li><em>Arte<\/em>, organo de la sociedad Daniel Hernandez, Escuela nacional de bellas artes de Lima (Per\u00fa), Enero de 1946<\/li>\n<li><em>Variedades<\/em>, revista semanal illustrada, casa editoral M. Moral, Lima, num\u00e9ros des ann\u00e9es 1917 \u00e0 1920<\/li>\n<li><em>Stylo<\/em>, lustracion mensual ano I \u2013 num. 4, International publicity c. Lima Per\u00fa, septembre 1920<\/li>\n<li><em>Contrastes, arte y cultura<\/em>, Revista de la Universidad nacional Diego Quispe Tito \u2013 Cusco, ao\u00fbt 2017<\/li>\n<li>Renonciat Annie, \u00ab\u00a0Les couleurs de l&rsquo;\u00e9dition au XIXe si\u00e8cle\u00a0: <em>\u00ab\u00a0Spectaculum horribile visu\u00a0\u00bb<\/em>?\u00a0\u00bb, <em>Romantisme<\/em>, 2012\/3 (n\u00b0157), p. 33-52. DOI : 10.3917\/rom.157.0033. URL : https:\/\/www.cairn.info\/revue-romantisme-2012-3-page-33.htm<\/li>\n<li>Lauer Mirko.<em> Introduccion a la pintura peruana del siglo XX<\/em>, Universidad Ricardo Palma editorial universitaria Lima\/ Per\u00fa 2007<\/li>\n<\/ul>\n<p>Sites<\/p>\n<ul>\n<li>Carlos Raygada (entrevista de 1951), Semanario Peruano\u2028Lima, a\u00f1o V, N\u00b0 9, 26 feb. 1951, pp. 29-31 in blog Cantera de sonidos, URL\u00a0: http:\/\/canteradesonidos.blogspot.fr\/2017\/06\/carlos-raygada-entrevista-de-1951.html<\/li>\n<li>http:\/\/www.arkivperu.com\/lulu-revista-femenina-peru-1915\/<\/li>\n<li>Garay Alb\u00fajar, Andr\u00e9s, &amp; Villacorta Ch\u00e1vez, Jorge. (2016). <em>El origen y desarrollo de la noci\u00f3n del \u00ab\u00a0reportero gr\u00e1fico\u00a0\u00bb en el per\u00fa y la visualidad del territorio a inicios del siglo xx<\/em>. Di\u00e1logo andino, (50), 99-113. https:\/\/dx.doi.org\/10.4067\/S0719-26812016000200008<\/li>\n<li><em>Revista Variedades que entrega El Peruano cumple hoy cien a\u00f1os. Publicado <\/em>por DOP, Andina, Agencia peruana de noticias, Lima, 08:30 mar, 10\/03\/2008. URL\u00a0: http:\/\/andina.pe\/agencia\/noticia.aspx?id=164834<\/li>\n<li>Cardenas-Castro Alain (2017),\u00a0<em>L\u2019espace de l\u2019atelier et au-del\u00e0\u00a0: \u00e0 propos d\u2019une esquisse repr\u00e9sentant Juan Manuel Cardenas-Castro (1)<\/em>in blog\u00a0: Sciences &amp; art contemporain IN \u2013 MH \u2013 OUT \u2013 OFF novembre 2017. URL :\u00a0https:\/\/alaincardenas.com\/blog\/oeuvre\/lespace-de-latelier-et-au-dela\/<\/li>\n<li>Cardenas-Castro Alain (2018),\u00a0<em>De Juan Manuel et Jos\u00e9 F\u00e9lix Cardenas-Castro\u00a0: deux artistes p\u00e9ruviens au sein de la diaspora latino-am\u00e9ricaine \u00e0 Paris. (3)<\/em> in blog Sciences &amp; art contemporain, f\u00e9vrier 2018. URL\u00a0: https:\/\/alaincardenas.com\/blog\/oeuvre\/de-juan-manuel-et-jose-felix-cardenas-castro-deux-artistes-peruviens-au-sein-de-la-diaspora-latino-americaine-a-paris-3\/<\/li>\n<\/ul>\n<hr \/>\n<p><strong><span style=\"color: #000000;\">Annexe iconographique\u00a0: les illustrations r\u00e9alis\u00e9es par Juan Manuel Cardenas-Castro pour la revue hebdomadaire <em>Variedades<\/em>.<\/span><\/strong><\/p>\n<p>Ces diff\u00e9rentes \u0153uvres que sont les illustrations sont, je le rappelle, toutes dues \u00e0 Juan Manuel Cardenas-Castro. J\u2019ai, pour des raisons de facilit\u00e9 de lecture, unifi\u00e9 les donn\u00e9es de la fa\u00e7on suivante\u00a0:<\/p>\n<p>Juan Manuel Cardenas-Castro, titre de l\u2019\u0153uvre, (ann\u00e9e ou sans date), technique (si communiqu\u00e9e), dimensions (si communiqu\u00e9es), mention de signature compl\u00e8te ou abr\u00e9g\u00e9e et positions sur l\u2019\u0153uvre\u00a0: bas, droit, haut, gauche, titre de la rubrique, texte illustr\u00e9 et auteur (s\u2019il y a lieu).<\/p>\n<p>En l\u2019\u00e9tat actuel des recherches men\u00e9es, je livre \u00e0 l\u2019attention de tous des documents de travail dont la qualit\u00e9 sera am\u00e9lior\u00e9e dans les publications ult\u00e9rieures.<\/p>\n<p><strong>La revue <em>Variedades :\u00a0<\/em>rappel historique<\/strong><\/p>\n<p>La revue <em>Variedades<\/em> para\u00eet de 1908 \u00e0 1931. Juan Manuel Cardenas-Castro collabore de 1916 \u00e0 1920. Il r\u00e9alise pour\u00a0chaque livraison un nombre tr\u00e8s variable de pi\u00e8ces : au moins un dessin, quatre \u00e0 cinq au plus sont publi\u00e9s.\u00a0\u00a0Il est raisonnable de penser \u00e0 un corpus de quelque trois cent pi\u00e8ces en raison de la\u00a0<i>vari\u00e9t\u00e9<\/i>\u00a0des \u00e9v\u00e9nements pris en compte au fil de ces rubriques.<\/p>\n<p>J\u2019ai commenc\u00e9 le d\u00e9pouillement de ces images dans le cadre d\u2019outils li\u00e9s \u00e0 la pr\u00e9paration d\u2019une part de mon doctorat et de l\u2019autre, d\u2019expositions permettant de diffuser les connaissances relatives \u00e0 cet artiste. Ce travail porte sur les ressources derni\u00e8rement trouv\u00e9es pour le p\u00e9riode couvrant les ann\u00e9es 1917 \u00e0 1920.<\/p>\n<p><a href=\"https:\/\/i0.wp.com\/alaincardenas.com\/blog\/wp-content\/uploads\/2018\/04\/variedades-p.-1-2.jpg?ssl=1\"><img data-attachment-id=\"1978\" data-permalink=\"https:\/\/alaincardenas.com\/blog\/juan-manuel-cardenas-castro-et-la-revue-variedades-1917-1920-4\/variedades-p-1\/\" data-orig-file=\"https:\/\/i0.wp.com\/alaincardenas.com\/blog\/wp-content\/uploads\/2018\/04\/variedades-p.-1-2.jpg?fit=1240%2C1753&amp;ssl=1\" data-orig-size=\"1240,1753\" data-comments-opened=\"0\" data-image-meta=\"{&quot;aperture&quot;:&quot;0&quot;,&quot;credit&quot;:&quot;&quot;,&quot;camera&quot;:&quot;&quot;,&quot;caption&quot;:&quot;&quot;,&quot;created_timestamp&quot;:&quot;0&quot;,&quot;copyright&quot;:&quot;&quot;,&quot;focal_length&quot;:&quot;0&quot;,&quot;iso&quot;:&quot;0&quot;,&quot;shutter_speed&quot;:&quot;0&quot;,&quot;title&quot;:&quot;&quot;,&quot;orientation&quot;:&quot;0&quot;}\" data-image-title=\"variedades p. 1\" data-image-description=\"\" data-image-caption=\"\" data-medium-file=\"https:\/\/i0.wp.com\/alaincardenas.com\/blog\/wp-content\/uploads\/2018\/04\/variedades-p.-1-2.jpg?fit=212%2C300&amp;ssl=1\" data-large-file=\"https:\/\/i0.wp.com\/alaincardenas.com\/blog\/wp-content\/uploads\/2018\/04\/variedades-p.-1-2.jpg?fit=584%2C826&amp;ssl=1\" decoding=\"async\" loading=\"lazy\" class=\"alignnone size-large wp-image-1978\" src=\"https:\/\/i0.wp.com\/alaincardenas.com\/blog\/wp-content\/uploads\/2018\/04\/variedades-p.-1-2.jpg?resize=584%2C826&#038;ssl=1\" alt=\"\" width=\"584\" height=\"826\" srcset=\"https:\/\/i0.wp.com\/alaincardenas.com\/blog\/wp-content\/uploads\/2018\/04\/variedades-p.-1-2.jpg?resize=724%2C1024&amp;ssl=1 724w, https:\/\/i0.wp.com\/alaincardenas.com\/blog\/wp-content\/uploads\/2018\/04\/variedades-p.-1-2.jpg?resize=212%2C300&amp;ssl=1 212w, https:\/\/i0.wp.com\/alaincardenas.com\/blog\/wp-content\/uploads\/2018\/04\/variedades-p.-1-2.jpg?resize=768%2C1086&amp;ssl=1 768w, https:\/\/i0.wp.com\/alaincardenas.com\/blog\/wp-content\/uploads\/2018\/04\/variedades-p.-1-2.jpg?w=1240&amp;ssl=1 1240w, https:\/\/i0.wp.com\/alaincardenas.com\/blog\/wp-content\/uploads\/2018\/04\/variedades-p.-1-2.jpg?w=1168&amp;ssl=1 1168w\" sizes=\"(max-width: 584px) 100vw, 584px\" data-recalc-dims=\"1\" \/><\/a><\/p>\n<p><a href=\"https:\/\/i0.wp.com\/alaincardenas.com\/blog\/wp-content\/uploads\/2018\/04\/variedades-p.-2-1.jpg?ssl=1\"><img data-attachment-id=\"1979\" data-permalink=\"https:\/\/alaincardenas.com\/blog\/juan-manuel-cardenas-castro-et-la-revue-variedades-1917-1920-4\/variedades-p-2\/\" data-orig-file=\"https:\/\/i0.wp.com\/alaincardenas.com\/blog\/wp-content\/uploads\/2018\/04\/variedades-p.-2-1.jpg?fit=1240%2C1753&amp;ssl=1\" data-orig-size=\"1240,1753\" data-comments-opened=\"0\" data-image-meta=\"{&quot;aperture&quot;:&quot;0&quot;,&quot;credit&quot;:&quot;&quot;,&quot;camera&quot;:&quot;&quot;,&quot;caption&quot;:&quot;&quot;,&quot;created_timestamp&quot;:&quot;0&quot;,&quot;copyright&quot;:&quot;&quot;,&quot;focal_length&quot;:&quot;0&quot;,&quot;iso&quot;:&quot;0&quot;,&quot;shutter_speed&quot;:&quot;0&quot;,&quot;title&quot;:&quot;&quot;,&quot;orientation&quot;:&quot;0&quot;}\" data-image-title=\"variedades p. 2\" data-image-description=\"\" data-image-caption=\"\" data-medium-file=\"https:\/\/i0.wp.com\/alaincardenas.com\/blog\/wp-content\/uploads\/2018\/04\/variedades-p.-2-1.jpg?fit=212%2C300&amp;ssl=1\" data-large-file=\"https:\/\/i0.wp.com\/alaincardenas.com\/blog\/wp-content\/uploads\/2018\/04\/variedades-p.-2-1.jpg?fit=584%2C826&amp;ssl=1\" decoding=\"async\" loading=\"lazy\" class=\"alignnone size-large wp-image-1979\" src=\"https:\/\/i0.wp.com\/alaincardenas.com\/blog\/wp-content\/uploads\/2018\/04\/variedades-p.-2-1.jpg?resize=584%2C826&#038;ssl=1\" alt=\"\" width=\"584\" height=\"826\" srcset=\"https:\/\/i0.wp.com\/alaincardenas.com\/blog\/wp-content\/uploads\/2018\/04\/variedades-p.-2-1.jpg?resize=724%2C1024&amp;ssl=1 724w, https:\/\/i0.wp.com\/alaincardenas.com\/blog\/wp-content\/uploads\/2018\/04\/variedades-p.-2-1.jpg?resize=212%2C300&amp;ssl=1 212w, https:\/\/i0.wp.com\/alaincardenas.com\/blog\/wp-content\/uploads\/2018\/04\/variedades-p.-2-1.jpg?resize=768%2C1086&amp;ssl=1 768w, https:\/\/i0.wp.com\/alaincardenas.com\/blog\/wp-content\/uploads\/2018\/04\/variedades-p.-2-1.jpg?w=1240&amp;ssl=1 1240w, https:\/\/i0.wp.com\/alaincardenas.com\/blog\/wp-content\/uploads\/2018\/04\/variedades-p.-2-1.jpg?w=1168&amp;ssl=1 1168w\" sizes=\"(max-width: 584px) 100vw, 584px\" data-recalc-dims=\"1\" \/><\/a><\/p>\n<p><a href=\"https:\/\/i0.wp.com\/alaincardenas.com\/blog\/wp-content\/uploads\/2018\/04\/variedades-p.-3-1.jpg?ssl=1\"><img data-attachment-id=\"1980\" data-permalink=\"https:\/\/alaincardenas.com\/blog\/juan-manuel-cardenas-castro-et-la-revue-variedades-1917-1920-4\/variedades-p-3\/\" data-orig-file=\"https:\/\/i0.wp.com\/alaincardenas.com\/blog\/wp-content\/uploads\/2018\/04\/variedades-p.-3-1.jpg?fit=1240%2C1753&amp;ssl=1\" data-orig-size=\"1240,1753\" data-comments-opened=\"0\" data-image-meta=\"{&quot;aperture&quot;:&quot;0&quot;,&quot;credit&quot;:&quot;&quot;,&quot;camera&quot;:&quot;&quot;,&quot;caption&quot;:&quot;&quot;,&quot;created_timestamp&quot;:&quot;0&quot;,&quot;copyright&quot;:&quot;&quot;,&quot;focal_length&quot;:&quot;0&quot;,&quot;iso&quot;:&quot;0&quot;,&quot;shutter_speed&quot;:&quot;0&quot;,&quot;title&quot;:&quot;&quot;,&quot;orientation&quot;:&quot;0&quot;}\" data-image-title=\"variedades p. 3\" data-image-description=\"\" data-image-caption=\"\" data-medium-file=\"https:\/\/i0.wp.com\/alaincardenas.com\/blog\/wp-content\/uploads\/2018\/04\/variedades-p.-3-1.jpg?fit=212%2C300&amp;ssl=1\" data-large-file=\"https:\/\/i0.wp.com\/alaincardenas.com\/blog\/wp-content\/uploads\/2018\/04\/variedades-p.-3-1.jpg?fit=584%2C826&amp;ssl=1\" decoding=\"async\" loading=\"lazy\" class=\"alignnone size-large wp-image-1980\" src=\"https:\/\/i0.wp.com\/alaincardenas.com\/blog\/wp-content\/uploads\/2018\/04\/variedades-p.-3-1.jpg?resize=584%2C826&#038;ssl=1\" alt=\"\" width=\"584\" height=\"826\" srcset=\"https:\/\/i0.wp.com\/alaincardenas.com\/blog\/wp-content\/uploads\/2018\/04\/variedades-p.-3-1.jpg?resize=724%2C1024&amp;ssl=1 724w, https:\/\/i0.wp.com\/alaincardenas.com\/blog\/wp-content\/uploads\/2018\/04\/variedades-p.-3-1.jpg?resize=212%2C300&amp;ssl=1 212w, https:\/\/i0.wp.com\/alaincardenas.com\/blog\/wp-content\/uploads\/2018\/04\/variedades-p.-3-1.jpg?resize=768%2C1086&amp;ssl=1 768w, https:\/\/i0.wp.com\/alaincardenas.com\/blog\/wp-content\/uploads\/2018\/04\/variedades-p.-3-1.jpg?w=1240&amp;ssl=1 1240w, https:\/\/i0.wp.com\/alaincardenas.com\/blog\/wp-content\/uploads\/2018\/04\/variedades-p.-3-1.jpg?w=1168&amp;ssl=1 1168w\" sizes=\"(max-width: 584px) 100vw, 584px\" data-recalc-dims=\"1\" \/><\/a><\/p>\n<p><a href=\"https:\/\/i0.wp.com\/alaincardenas.com\/blog\/wp-content\/uploads\/2018\/04\/variedades-p.-4-1.jpg?ssl=1\"><img data-attachment-id=\"1981\" data-permalink=\"https:\/\/alaincardenas.com\/blog\/juan-manuel-cardenas-castro-et-la-revue-variedades-1917-1920-4\/variedades-p-4\/\" data-orig-file=\"https:\/\/i0.wp.com\/alaincardenas.com\/blog\/wp-content\/uploads\/2018\/04\/variedades-p.-4-1.jpg?fit=1240%2C1753&amp;ssl=1\" data-orig-size=\"1240,1753\" data-comments-opened=\"0\" data-image-meta=\"{&quot;aperture&quot;:&quot;0&quot;,&quot;credit&quot;:&quot;&quot;,&quot;camera&quot;:&quot;&quot;,&quot;caption&quot;:&quot;&quot;,&quot;created_timestamp&quot;:&quot;0&quot;,&quot;copyright&quot;:&quot;&quot;,&quot;focal_length&quot;:&quot;0&quot;,&quot;iso&quot;:&quot;0&quot;,&quot;shutter_speed&quot;:&quot;0&quot;,&quot;title&quot;:&quot;&quot;,&quot;orientation&quot;:&quot;0&quot;}\" data-image-title=\"variedades p. 4\" data-image-description=\"\" data-image-caption=\"\" data-medium-file=\"https:\/\/i0.wp.com\/alaincardenas.com\/blog\/wp-content\/uploads\/2018\/04\/variedades-p.-4-1.jpg?fit=212%2C300&amp;ssl=1\" data-large-file=\"https:\/\/i0.wp.com\/alaincardenas.com\/blog\/wp-content\/uploads\/2018\/04\/variedades-p.-4-1.jpg?fit=584%2C826&amp;ssl=1\" decoding=\"async\" loading=\"lazy\" class=\"alignnone size-large wp-image-1981\" src=\"https:\/\/i0.wp.com\/alaincardenas.com\/blog\/wp-content\/uploads\/2018\/04\/variedades-p.-4-1.jpg?resize=584%2C826&#038;ssl=1\" alt=\"\" width=\"584\" height=\"826\" srcset=\"https:\/\/i0.wp.com\/alaincardenas.com\/blog\/wp-content\/uploads\/2018\/04\/variedades-p.-4-1.jpg?resize=724%2C1024&amp;ssl=1 724w, https:\/\/i0.wp.com\/alaincardenas.com\/blog\/wp-content\/uploads\/2018\/04\/variedades-p.-4-1.jpg?resize=212%2C300&amp;ssl=1 212w, https:\/\/i0.wp.com\/alaincardenas.com\/blog\/wp-content\/uploads\/2018\/04\/variedades-p.-4-1.jpg?resize=768%2C1086&amp;ssl=1 768w, https:\/\/i0.wp.com\/alaincardenas.com\/blog\/wp-content\/uploads\/2018\/04\/variedades-p.-4-1.jpg?w=1240&amp;ssl=1 1240w, https:\/\/i0.wp.com\/alaincardenas.com\/blog\/wp-content\/uploads\/2018\/04\/variedades-p.-4-1.jpg?w=1168&amp;ssl=1 1168w\" sizes=\"(max-width: 584px) 100vw, 584px\" data-recalc-dims=\"1\" \/><\/a><\/p>\n<p><a href=\"https:\/\/i0.wp.com\/alaincardenas.com\/blog\/wp-content\/uploads\/2018\/04\/variedades-p.-5-1.jpg?ssl=1\"><img data-attachment-id=\"1982\" data-permalink=\"https:\/\/alaincardenas.com\/blog\/juan-manuel-cardenas-castro-et-la-revue-variedades-1917-1920-4\/variedades-p-5\/\" data-orig-file=\"https:\/\/i0.wp.com\/alaincardenas.com\/blog\/wp-content\/uploads\/2018\/04\/variedades-p.-5-1.jpg?fit=1240%2C1753&amp;ssl=1\" data-orig-size=\"1240,1753\" data-comments-opened=\"0\" data-image-meta=\"{&quot;aperture&quot;:&quot;0&quot;,&quot;credit&quot;:&quot;&quot;,&quot;camera&quot;:&quot;&quot;,&quot;caption&quot;:&quot;&quot;,&quot;created_timestamp&quot;:&quot;0&quot;,&quot;copyright&quot;:&quot;&quot;,&quot;focal_length&quot;:&quot;0&quot;,&quot;iso&quot;:&quot;0&quot;,&quot;shutter_speed&quot;:&quot;0&quot;,&quot;title&quot;:&quot;&quot;,&quot;orientation&quot;:&quot;0&quot;}\" data-image-title=\"variedades p. 5\" data-image-description=\"\" data-image-caption=\"\" data-medium-file=\"https:\/\/i0.wp.com\/alaincardenas.com\/blog\/wp-content\/uploads\/2018\/04\/variedades-p.-5-1.jpg?fit=212%2C300&amp;ssl=1\" data-large-file=\"https:\/\/i0.wp.com\/alaincardenas.com\/blog\/wp-content\/uploads\/2018\/04\/variedades-p.-5-1.jpg?fit=584%2C826&amp;ssl=1\" decoding=\"async\" loading=\"lazy\" class=\"alignnone size-large wp-image-1982\" src=\"https:\/\/i0.wp.com\/alaincardenas.com\/blog\/wp-content\/uploads\/2018\/04\/variedades-p.-5-1.jpg?resize=584%2C826&#038;ssl=1\" alt=\"\" width=\"584\" height=\"826\" srcset=\"https:\/\/i0.wp.com\/alaincardenas.com\/blog\/wp-content\/uploads\/2018\/04\/variedades-p.-5-1.jpg?resize=724%2C1024&amp;ssl=1 724w, https:\/\/i0.wp.com\/alaincardenas.com\/blog\/wp-content\/uploads\/2018\/04\/variedades-p.-5-1.jpg?resize=212%2C300&amp;ssl=1 212w, https:\/\/i0.wp.com\/alaincardenas.com\/blog\/wp-content\/uploads\/2018\/04\/variedades-p.-5-1.jpg?resize=768%2C1086&amp;ssl=1 768w, https:\/\/i0.wp.com\/alaincardenas.com\/blog\/wp-content\/uploads\/2018\/04\/variedades-p.-5-1.jpg?w=1240&amp;ssl=1 1240w, https:\/\/i0.wp.com\/alaincardenas.com\/blog\/wp-content\/uploads\/2018\/04\/variedades-p.-5-1.jpg?w=1168&amp;ssl=1 1168w\" sizes=\"(max-width: 584px) 100vw, 584px\" data-recalc-dims=\"1\" \/><\/a><\/p>\n<p><a href=\"https:\/\/i0.wp.com\/alaincardenas.com\/blog\/wp-content\/uploads\/2018\/04\/variedades-p.-6-1.jpg?ssl=1\"><img data-attachment-id=\"1983\" data-permalink=\"https:\/\/alaincardenas.com\/blog\/juan-manuel-cardenas-castro-et-la-revue-variedades-1917-1920-4\/variedades-p-6\/\" data-orig-file=\"https:\/\/i0.wp.com\/alaincardenas.com\/blog\/wp-content\/uploads\/2018\/04\/variedades-p.-6-1.jpg?fit=1240%2C1753&amp;ssl=1\" data-orig-size=\"1240,1753\" data-comments-opened=\"0\" data-image-meta=\"{&quot;aperture&quot;:&quot;0&quot;,&quot;credit&quot;:&quot;&quot;,&quot;camera&quot;:&quot;&quot;,&quot;caption&quot;:&quot;&quot;,&quot;created_timestamp&quot;:&quot;0&quot;,&quot;copyright&quot;:&quot;&quot;,&quot;focal_length&quot;:&quot;0&quot;,&quot;iso&quot;:&quot;0&quot;,&quot;shutter_speed&quot;:&quot;0&quot;,&quot;title&quot;:&quot;&quot;,&quot;orientation&quot;:&quot;0&quot;}\" data-image-title=\"variedades p. 6\" data-image-description=\"\" data-image-caption=\"\" data-medium-file=\"https:\/\/i0.wp.com\/alaincardenas.com\/blog\/wp-content\/uploads\/2018\/04\/variedades-p.-6-1.jpg?fit=212%2C300&amp;ssl=1\" data-large-file=\"https:\/\/i0.wp.com\/alaincardenas.com\/blog\/wp-content\/uploads\/2018\/04\/variedades-p.-6-1.jpg?fit=584%2C826&amp;ssl=1\" decoding=\"async\" loading=\"lazy\" class=\"alignnone size-large wp-image-1983\" src=\"https:\/\/i0.wp.com\/alaincardenas.com\/blog\/wp-content\/uploads\/2018\/04\/variedades-p.-6-1.jpg?resize=584%2C826&#038;ssl=1\" alt=\"\" width=\"584\" height=\"826\" srcset=\"https:\/\/i0.wp.com\/alaincardenas.com\/blog\/wp-content\/uploads\/2018\/04\/variedades-p.-6-1.jpg?resize=724%2C1024&amp;ssl=1 724w, https:\/\/i0.wp.com\/alaincardenas.com\/blog\/wp-content\/uploads\/2018\/04\/variedades-p.-6-1.jpg?resize=212%2C300&amp;ssl=1 212w, https:\/\/i0.wp.com\/alaincardenas.com\/blog\/wp-content\/uploads\/2018\/04\/variedades-p.-6-1.jpg?resize=768%2C1086&amp;ssl=1 768w, https:\/\/i0.wp.com\/alaincardenas.com\/blog\/wp-content\/uploads\/2018\/04\/variedades-p.-6-1.jpg?w=1240&amp;ssl=1 1240w, https:\/\/i0.wp.com\/alaincardenas.com\/blog\/wp-content\/uploads\/2018\/04\/variedades-p.-6-1.jpg?w=1168&amp;ssl=1 1168w\" sizes=\"(max-width: 584px) 100vw, 584px\" data-recalc-dims=\"1\" \/><\/a><\/p>\n<p><a href=\"https:\/\/i0.wp.com\/alaincardenas.com\/blog\/wp-content\/uploads\/2018\/04\/variedades-p.-7-1.jpg?ssl=1\"><img data-attachment-id=\"1984\" data-permalink=\"https:\/\/alaincardenas.com\/blog\/juan-manuel-cardenas-castro-et-la-revue-variedades-1917-1920-4\/variedades-p-7\/\" data-orig-file=\"https:\/\/i0.wp.com\/alaincardenas.com\/blog\/wp-content\/uploads\/2018\/04\/variedades-p.-7-1.jpg?fit=1240%2C1753&amp;ssl=1\" data-orig-size=\"1240,1753\" data-comments-opened=\"0\" data-image-meta=\"{&quot;aperture&quot;:&quot;0&quot;,&quot;credit&quot;:&quot;&quot;,&quot;camera&quot;:&quot;&quot;,&quot;caption&quot;:&quot;&quot;,&quot;created_timestamp&quot;:&quot;0&quot;,&quot;copyright&quot;:&quot;&quot;,&quot;focal_length&quot;:&quot;0&quot;,&quot;iso&quot;:&quot;0&quot;,&quot;shutter_speed&quot;:&quot;0&quot;,&quot;title&quot;:&quot;&quot;,&quot;orientation&quot;:&quot;0&quot;}\" data-image-title=\"variedades p. 7\" data-image-description=\"\" data-image-caption=\"\" data-medium-file=\"https:\/\/i0.wp.com\/alaincardenas.com\/blog\/wp-content\/uploads\/2018\/04\/variedades-p.-7-1.jpg?fit=212%2C300&amp;ssl=1\" data-large-file=\"https:\/\/i0.wp.com\/alaincardenas.com\/blog\/wp-content\/uploads\/2018\/04\/variedades-p.-7-1.jpg?fit=584%2C826&amp;ssl=1\" decoding=\"async\" loading=\"lazy\" class=\"alignnone size-large wp-image-1984\" src=\"https:\/\/i0.wp.com\/alaincardenas.com\/blog\/wp-content\/uploads\/2018\/04\/variedades-p.-7-1.jpg?resize=584%2C826&#038;ssl=1\" alt=\"\" width=\"584\" height=\"826\" srcset=\"https:\/\/i0.wp.com\/alaincardenas.com\/blog\/wp-content\/uploads\/2018\/04\/variedades-p.-7-1.jpg?resize=724%2C1024&amp;ssl=1 724w, https:\/\/i0.wp.com\/alaincardenas.com\/blog\/wp-content\/uploads\/2018\/04\/variedades-p.-7-1.jpg?resize=212%2C300&amp;ssl=1 212w, https:\/\/i0.wp.com\/alaincardenas.com\/blog\/wp-content\/uploads\/2018\/04\/variedades-p.-7-1.jpg?resize=768%2C1086&amp;ssl=1 768w, https:\/\/i0.wp.com\/alaincardenas.com\/blog\/wp-content\/uploads\/2018\/04\/variedades-p.-7-1.jpg?w=1240&amp;ssl=1 1240w, https:\/\/i0.wp.com\/alaincardenas.com\/blog\/wp-content\/uploads\/2018\/04\/variedades-p.-7-1.jpg?w=1168&amp;ssl=1 1168w\" sizes=\"(max-width: 584px) 100vw, 584px\" data-recalc-dims=\"1\" \/><\/a><\/p>\n<p><a href=\"https:\/\/i0.wp.com\/alaincardenas.com\/blog\/wp-content\/uploads\/2018\/04\/variedades-p.-8-1.jpg?ssl=1\"><img data-attachment-id=\"1985\" data-permalink=\"https:\/\/alaincardenas.com\/blog\/juan-manuel-cardenas-castro-et-la-revue-variedades-1917-1920-4\/variedades-p-8\/\" data-orig-file=\"https:\/\/i0.wp.com\/alaincardenas.com\/blog\/wp-content\/uploads\/2018\/04\/variedades-p.-8-1.jpg?fit=1240%2C1753&amp;ssl=1\" data-orig-size=\"1240,1753\" data-comments-opened=\"0\" data-image-meta=\"{&quot;aperture&quot;:&quot;0&quot;,&quot;credit&quot;:&quot;&quot;,&quot;camera&quot;:&quot;&quot;,&quot;caption&quot;:&quot;&quot;,&quot;created_timestamp&quot;:&quot;0&quot;,&quot;copyright&quot;:&quot;&quot;,&quot;focal_length&quot;:&quot;0&quot;,&quot;iso&quot;:&quot;0&quot;,&quot;shutter_speed&quot;:&quot;0&quot;,&quot;title&quot;:&quot;&quot;,&quot;orientation&quot;:&quot;0&quot;}\" data-image-title=\"variedades p. 8\" data-image-description=\"\" data-image-caption=\"\" data-medium-file=\"https:\/\/i0.wp.com\/alaincardenas.com\/blog\/wp-content\/uploads\/2018\/04\/variedades-p.-8-1.jpg?fit=212%2C300&amp;ssl=1\" data-large-file=\"https:\/\/i0.wp.com\/alaincardenas.com\/blog\/wp-content\/uploads\/2018\/04\/variedades-p.-8-1.jpg?fit=584%2C826&amp;ssl=1\" decoding=\"async\" loading=\"lazy\" class=\"alignnone size-large wp-image-1985\" src=\"https:\/\/i0.wp.com\/alaincardenas.com\/blog\/wp-content\/uploads\/2018\/04\/variedades-p.-8-1.jpg?resize=584%2C826&#038;ssl=1\" alt=\"\" width=\"584\" height=\"826\" srcset=\"https:\/\/i0.wp.com\/alaincardenas.com\/blog\/wp-content\/uploads\/2018\/04\/variedades-p.-8-1.jpg?resize=724%2C1024&amp;ssl=1 724w, https:\/\/i0.wp.com\/alaincardenas.com\/blog\/wp-content\/uploads\/2018\/04\/variedades-p.-8-1.jpg?resize=212%2C300&amp;ssl=1 212w, https:\/\/i0.wp.com\/alaincardenas.com\/blog\/wp-content\/uploads\/2018\/04\/variedades-p.-8-1.jpg?resize=768%2C1086&amp;ssl=1 768w, https:\/\/i0.wp.com\/alaincardenas.com\/blog\/wp-content\/uploads\/2018\/04\/variedades-p.-8-1.jpg?w=1240&amp;ssl=1 1240w, https:\/\/i0.wp.com\/alaincardenas.com\/blog\/wp-content\/uploads\/2018\/04\/variedades-p.-8-1.jpg?w=1168&amp;ssl=1 1168w\" sizes=\"(max-width: 584px) 100vw, 584px\" data-recalc-dims=\"1\" \/><\/a><\/p>\n<p><a href=\"https:\/\/i0.wp.com\/alaincardenas.com\/blog\/wp-content\/uploads\/2018\/04\/variedades-p.-9-1.jpg?ssl=1\"><img data-attachment-id=\"1986\" data-permalink=\"https:\/\/alaincardenas.com\/blog\/juan-manuel-cardenas-castro-et-la-revue-variedades-1917-1920-4\/variedades-p-9\/\" data-orig-file=\"https:\/\/i0.wp.com\/alaincardenas.com\/blog\/wp-content\/uploads\/2018\/04\/variedades-p.-9-1.jpg?fit=1240%2C1753&amp;ssl=1\" data-orig-size=\"1240,1753\" data-comments-opened=\"0\" data-image-meta=\"{&quot;aperture&quot;:&quot;0&quot;,&quot;credit&quot;:&quot;&quot;,&quot;camera&quot;:&quot;&quot;,&quot;caption&quot;:&quot;&quot;,&quot;created_timestamp&quot;:&quot;0&quot;,&quot;copyright&quot;:&quot;&quot;,&quot;focal_length&quot;:&quot;0&quot;,&quot;iso&quot;:&quot;0&quot;,&quot;shutter_speed&quot;:&quot;0&quot;,&quot;title&quot;:&quot;&quot;,&quot;orientation&quot;:&quot;0&quot;}\" data-image-title=\"variedades p. 9\" data-image-description=\"\" data-image-caption=\"\" data-medium-file=\"https:\/\/i0.wp.com\/alaincardenas.com\/blog\/wp-content\/uploads\/2018\/04\/variedades-p.-9-1.jpg?fit=212%2C300&amp;ssl=1\" data-large-file=\"https:\/\/i0.wp.com\/alaincardenas.com\/blog\/wp-content\/uploads\/2018\/04\/variedades-p.-9-1.jpg?fit=584%2C826&amp;ssl=1\" decoding=\"async\" loading=\"lazy\" class=\"alignnone size-large wp-image-1986\" src=\"https:\/\/i0.wp.com\/alaincardenas.com\/blog\/wp-content\/uploads\/2018\/04\/variedades-p.-9-1.jpg?resize=584%2C826&#038;ssl=1\" alt=\"\" width=\"584\" height=\"826\" srcset=\"https:\/\/i0.wp.com\/alaincardenas.com\/blog\/wp-content\/uploads\/2018\/04\/variedades-p.-9-1.jpg?resize=724%2C1024&amp;ssl=1 724w, https:\/\/i0.wp.com\/alaincardenas.com\/blog\/wp-content\/uploads\/2018\/04\/variedades-p.-9-1.jpg?resize=212%2C300&amp;ssl=1 212w, https:\/\/i0.wp.com\/alaincardenas.com\/blog\/wp-content\/uploads\/2018\/04\/variedades-p.-9-1.jpg?resize=768%2C1086&amp;ssl=1 768w, https:\/\/i0.wp.com\/alaincardenas.com\/blog\/wp-content\/uploads\/2018\/04\/variedades-p.-9-1.jpg?w=1240&amp;ssl=1 1240w, https:\/\/i0.wp.com\/alaincardenas.com\/blog\/wp-content\/uploads\/2018\/04\/variedades-p.-9-1.jpg?w=1168&amp;ssl=1 1168w\" sizes=\"(max-width: 584px) 100vw, 584px\" data-recalc-dims=\"1\" \/><\/a><\/p>\n<p><a href=\"https:\/\/i0.wp.com\/alaincardenas.com\/blog\/wp-content\/uploads\/2018\/04\/variedades-p.-10-1.jpg?ssl=1\"><img data-attachment-id=\"1987\" data-permalink=\"https:\/\/alaincardenas.com\/blog\/juan-manuel-cardenas-castro-et-la-revue-variedades-1917-1920-4\/variedades-p-10\/\" data-orig-file=\"https:\/\/i0.wp.com\/alaincardenas.com\/blog\/wp-content\/uploads\/2018\/04\/variedades-p.-10-1.jpg?fit=1240%2C1753&amp;ssl=1\" data-orig-size=\"1240,1753\" data-comments-opened=\"0\" data-image-meta=\"{&quot;aperture&quot;:&quot;0&quot;,&quot;credit&quot;:&quot;&quot;,&quot;camera&quot;:&quot;&quot;,&quot;caption&quot;:&quot;&quot;,&quot;created_timestamp&quot;:&quot;0&quot;,&quot;copyright&quot;:&quot;&quot;,&quot;focal_length&quot;:&quot;0&quot;,&quot;iso&quot;:&quot;0&quot;,&quot;shutter_speed&quot;:&quot;0&quot;,&quot;title&quot;:&quot;&quot;,&quot;orientation&quot;:&quot;0&quot;}\" data-image-title=\"variedades p. 10\" data-image-description=\"\" data-image-caption=\"\" data-medium-file=\"https:\/\/i0.wp.com\/alaincardenas.com\/blog\/wp-content\/uploads\/2018\/04\/variedades-p.-10-1.jpg?fit=212%2C300&amp;ssl=1\" data-large-file=\"https:\/\/i0.wp.com\/alaincardenas.com\/blog\/wp-content\/uploads\/2018\/04\/variedades-p.-10-1.jpg?fit=584%2C826&amp;ssl=1\" decoding=\"async\" loading=\"lazy\" class=\"alignnone size-large wp-image-1987\" src=\"https:\/\/i0.wp.com\/alaincardenas.com\/blog\/wp-content\/uploads\/2018\/04\/variedades-p.-10-1.jpg?resize=584%2C826&#038;ssl=1\" alt=\"\" width=\"584\" height=\"826\" srcset=\"https:\/\/i0.wp.com\/alaincardenas.com\/blog\/wp-content\/uploads\/2018\/04\/variedades-p.-10-1.jpg?resize=724%2C1024&amp;ssl=1 724w, https:\/\/i0.wp.com\/alaincardenas.com\/blog\/wp-content\/uploads\/2018\/04\/variedades-p.-10-1.jpg?resize=212%2C300&amp;ssl=1 212w, https:\/\/i0.wp.com\/alaincardenas.com\/blog\/wp-content\/uploads\/2018\/04\/variedades-p.-10-1.jpg?resize=768%2C1086&amp;ssl=1 768w, https:\/\/i0.wp.com\/alaincardenas.com\/blog\/wp-content\/uploads\/2018\/04\/variedades-p.-10-1.jpg?w=1240&amp;ssl=1 1240w, https:\/\/i0.wp.com\/alaincardenas.com\/blog\/wp-content\/uploads\/2018\/04\/variedades-p.-10-1.jpg?w=1168&amp;ssl=1 1168w\" sizes=\"(max-width: 584px) 100vw, 584px\" data-recalc-dims=\"1\" \/><\/a><\/p>\n<p><a href=\"https:\/\/i0.wp.com\/alaincardenas.com\/blog\/wp-content\/uploads\/2018\/04\/variedades-p.-11-1.jpg?ssl=1\"><img data-attachment-id=\"1988\" data-permalink=\"https:\/\/alaincardenas.com\/blog\/juan-manuel-cardenas-castro-et-la-revue-variedades-1917-1920-4\/variedades-p-11\/\" data-orig-file=\"https:\/\/i0.wp.com\/alaincardenas.com\/blog\/wp-content\/uploads\/2018\/04\/variedades-p.-11-1.jpg?fit=1240%2C1753&amp;ssl=1\" data-orig-size=\"1240,1753\" data-comments-opened=\"0\" data-image-meta=\"{&quot;aperture&quot;:&quot;0&quot;,&quot;credit&quot;:&quot;&quot;,&quot;camera&quot;:&quot;&quot;,&quot;caption&quot;:&quot;&quot;,&quot;created_timestamp&quot;:&quot;0&quot;,&quot;copyright&quot;:&quot;&quot;,&quot;focal_length&quot;:&quot;0&quot;,&quot;iso&quot;:&quot;0&quot;,&quot;shutter_speed&quot;:&quot;0&quot;,&quot;title&quot;:&quot;&quot;,&quot;orientation&quot;:&quot;0&quot;}\" data-image-title=\"variedades p. 11\" data-image-description=\"\" data-image-caption=\"\" data-medium-file=\"https:\/\/i0.wp.com\/alaincardenas.com\/blog\/wp-content\/uploads\/2018\/04\/variedades-p.-11-1.jpg?fit=212%2C300&amp;ssl=1\" data-large-file=\"https:\/\/i0.wp.com\/alaincardenas.com\/blog\/wp-content\/uploads\/2018\/04\/variedades-p.-11-1.jpg?fit=584%2C826&amp;ssl=1\" decoding=\"async\" loading=\"lazy\" class=\"alignnone size-large wp-image-1988\" src=\"https:\/\/i0.wp.com\/alaincardenas.com\/blog\/wp-content\/uploads\/2018\/04\/variedades-p.-11-1.jpg?resize=584%2C826&#038;ssl=1\" alt=\"\" width=\"584\" height=\"826\" srcset=\"https:\/\/i0.wp.com\/alaincardenas.com\/blog\/wp-content\/uploads\/2018\/04\/variedades-p.-11-1.jpg?resize=724%2C1024&amp;ssl=1 724w, https:\/\/i0.wp.com\/alaincardenas.com\/blog\/wp-content\/uploads\/2018\/04\/variedades-p.-11-1.jpg?resize=212%2C300&amp;ssl=1 212w, https:\/\/i0.wp.com\/alaincardenas.com\/blog\/wp-content\/uploads\/2018\/04\/variedades-p.-11-1.jpg?resize=768%2C1086&amp;ssl=1 768w, https:\/\/i0.wp.com\/alaincardenas.com\/blog\/wp-content\/uploads\/2018\/04\/variedades-p.-11-1.jpg?w=1240&amp;ssl=1 1240w, https:\/\/i0.wp.com\/alaincardenas.com\/blog\/wp-content\/uploads\/2018\/04\/variedades-p.-11-1.jpg?w=1168&amp;ssl=1 1168w\" sizes=\"(max-width: 584px) 100vw, 584px\" data-recalc-dims=\"1\" \/><\/a><\/p>\n<p><a href=\"https:\/\/i0.wp.com\/alaincardenas.com\/blog\/wp-content\/uploads\/2018\/04\/variedades-p.-12-1.jpg?ssl=1\"><img data-attachment-id=\"1989\" data-permalink=\"https:\/\/alaincardenas.com\/blog\/juan-manuel-cardenas-castro-et-la-revue-variedades-1917-1920-4\/variedades-p-12\/\" data-orig-file=\"https:\/\/i0.wp.com\/alaincardenas.com\/blog\/wp-content\/uploads\/2018\/04\/variedades-p.-12-1.jpg?fit=1240%2C1753&amp;ssl=1\" data-orig-size=\"1240,1753\" data-comments-opened=\"0\" data-image-meta=\"{&quot;aperture&quot;:&quot;0&quot;,&quot;credit&quot;:&quot;&quot;,&quot;camera&quot;:&quot;&quot;,&quot;caption&quot;:&quot;&quot;,&quot;created_timestamp&quot;:&quot;0&quot;,&quot;copyright&quot;:&quot;&quot;,&quot;focal_length&quot;:&quot;0&quot;,&quot;iso&quot;:&quot;0&quot;,&quot;shutter_speed&quot;:&quot;0&quot;,&quot;title&quot;:&quot;&quot;,&quot;orientation&quot;:&quot;0&quot;}\" data-image-title=\"variedades p. 12\" data-image-description=\"\" data-image-caption=\"\" data-medium-file=\"https:\/\/i0.wp.com\/alaincardenas.com\/blog\/wp-content\/uploads\/2018\/04\/variedades-p.-12-1.jpg?fit=212%2C300&amp;ssl=1\" data-large-file=\"https:\/\/i0.wp.com\/alaincardenas.com\/blog\/wp-content\/uploads\/2018\/04\/variedades-p.-12-1.jpg?fit=584%2C826&amp;ssl=1\" decoding=\"async\" loading=\"lazy\" class=\"alignnone size-large wp-image-1989\" src=\"https:\/\/i0.wp.com\/alaincardenas.com\/blog\/wp-content\/uploads\/2018\/04\/variedades-p.-12-1.jpg?resize=584%2C826&#038;ssl=1\" alt=\"\" width=\"584\" height=\"826\" srcset=\"https:\/\/i0.wp.com\/alaincardenas.com\/blog\/wp-content\/uploads\/2018\/04\/variedades-p.-12-1.jpg?resize=724%2C1024&amp;ssl=1 724w, https:\/\/i0.wp.com\/alaincardenas.com\/blog\/wp-content\/uploads\/2018\/04\/variedades-p.-12-1.jpg?resize=212%2C300&amp;ssl=1 212w, https:\/\/i0.wp.com\/alaincardenas.com\/blog\/wp-content\/uploads\/2018\/04\/variedades-p.-12-1.jpg?resize=768%2C1086&amp;ssl=1 768w, https:\/\/i0.wp.com\/alaincardenas.com\/blog\/wp-content\/uploads\/2018\/04\/variedades-p.-12-1.jpg?w=1240&amp;ssl=1 1240w, https:\/\/i0.wp.com\/alaincardenas.com\/blog\/wp-content\/uploads\/2018\/04\/variedades-p.-12-1.jpg?w=1168&amp;ssl=1 1168w\" sizes=\"(max-width: 584px) 100vw, 584px\" data-recalc-dims=\"1\" \/><\/a><\/p>\n<p><a href=\"https:\/\/i0.wp.com\/alaincardenas.com\/blog\/wp-content\/uploads\/2018\/04\/variedades-p.-13-1.jpg?ssl=1\"><img data-attachment-id=\"1990\" data-permalink=\"https:\/\/alaincardenas.com\/blog\/juan-manuel-cardenas-castro-et-la-revue-variedades-1917-1920-4\/variedades-p-13\/\" data-orig-file=\"https:\/\/i0.wp.com\/alaincardenas.com\/blog\/wp-content\/uploads\/2018\/04\/variedades-p.-13-1.jpg?fit=1240%2C1753&amp;ssl=1\" data-orig-size=\"1240,1753\" data-comments-opened=\"0\" data-image-meta=\"{&quot;aperture&quot;:&quot;0&quot;,&quot;credit&quot;:&quot;&quot;,&quot;camera&quot;:&quot;&quot;,&quot;caption&quot;:&quot;&quot;,&quot;created_timestamp&quot;:&quot;0&quot;,&quot;copyright&quot;:&quot;&quot;,&quot;focal_length&quot;:&quot;0&quot;,&quot;iso&quot;:&quot;0&quot;,&quot;shutter_speed&quot;:&quot;0&quot;,&quot;title&quot;:&quot;&quot;,&quot;orientation&quot;:&quot;0&quot;}\" data-image-title=\"variedades p. 13\" data-image-description=\"\" data-image-caption=\"\" data-medium-file=\"https:\/\/i0.wp.com\/alaincardenas.com\/blog\/wp-content\/uploads\/2018\/04\/variedades-p.-13-1.jpg?fit=212%2C300&amp;ssl=1\" data-large-file=\"https:\/\/i0.wp.com\/alaincardenas.com\/blog\/wp-content\/uploads\/2018\/04\/variedades-p.-13-1.jpg?fit=584%2C826&amp;ssl=1\" decoding=\"async\" loading=\"lazy\" class=\"alignnone size-large wp-image-1990\" src=\"https:\/\/i0.wp.com\/alaincardenas.com\/blog\/wp-content\/uploads\/2018\/04\/variedades-p.-13-1.jpg?resize=584%2C826&#038;ssl=1\" alt=\"\" width=\"584\" height=\"826\" srcset=\"https:\/\/i0.wp.com\/alaincardenas.com\/blog\/wp-content\/uploads\/2018\/04\/variedades-p.-13-1.jpg?resize=724%2C1024&amp;ssl=1 724w, https:\/\/i0.wp.com\/alaincardenas.com\/blog\/wp-content\/uploads\/2018\/04\/variedades-p.-13-1.jpg?resize=212%2C300&amp;ssl=1 212w, https:\/\/i0.wp.com\/alaincardenas.com\/blog\/wp-content\/uploads\/2018\/04\/variedades-p.-13-1.jpg?resize=768%2C1086&amp;ssl=1 768w, https:\/\/i0.wp.com\/alaincardenas.com\/blog\/wp-content\/uploads\/2018\/04\/variedades-p.-13-1.jpg?w=1240&amp;ssl=1 1240w, https:\/\/i0.wp.com\/alaincardenas.com\/blog\/wp-content\/uploads\/2018\/04\/variedades-p.-13-1.jpg?w=1168&amp;ssl=1 1168w\" sizes=\"(max-width: 584px) 100vw, 584px\" data-recalc-dims=\"1\" \/><\/a><\/p>\n<p><a href=\"https:\/\/i0.wp.com\/alaincardenas.com\/blog\/wp-content\/uploads\/2018\/04\/variedades-p.-14-1.jpg?ssl=1\"><img data-attachment-id=\"1991\" data-permalink=\"https:\/\/alaincardenas.com\/blog\/juan-manuel-cardenas-castro-et-la-revue-variedades-1917-1920-4\/variedades-p-14\/\" data-orig-file=\"https:\/\/i0.wp.com\/alaincardenas.com\/blog\/wp-content\/uploads\/2018\/04\/variedades-p.-14-1.jpg?fit=1240%2C1753&amp;ssl=1\" data-orig-size=\"1240,1753\" data-comments-opened=\"0\" data-image-meta=\"{&quot;aperture&quot;:&quot;0&quot;,&quot;credit&quot;:&quot;&quot;,&quot;camera&quot;:&quot;&quot;,&quot;caption&quot;:&quot;&quot;,&quot;created_timestamp&quot;:&quot;0&quot;,&quot;copyright&quot;:&quot;&quot;,&quot;focal_length&quot;:&quot;0&quot;,&quot;iso&quot;:&quot;0&quot;,&quot;shutter_speed&quot;:&quot;0&quot;,&quot;title&quot;:&quot;&quot;,&quot;orientation&quot;:&quot;0&quot;}\" data-image-title=\"variedades p. 14\" data-image-description=\"\" data-image-caption=\"\" data-medium-file=\"https:\/\/i0.wp.com\/alaincardenas.com\/blog\/wp-content\/uploads\/2018\/04\/variedades-p.-14-1.jpg?fit=212%2C300&amp;ssl=1\" data-large-file=\"https:\/\/i0.wp.com\/alaincardenas.com\/blog\/wp-content\/uploads\/2018\/04\/variedades-p.-14-1.jpg?fit=584%2C826&amp;ssl=1\" decoding=\"async\" loading=\"lazy\" class=\"alignnone size-large wp-image-1991\" src=\"https:\/\/i0.wp.com\/alaincardenas.com\/blog\/wp-content\/uploads\/2018\/04\/variedades-p.-14-1.jpg?resize=584%2C826&#038;ssl=1\" alt=\"\" width=\"584\" height=\"826\" srcset=\"https:\/\/i0.wp.com\/alaincardenas.com\/blog\/wp-content\/uploads\/2018\/04\/variedades-p.-14-1.jpg?resize=724%2C1024&amp;ssl=1 724w, https:\/\/i0.wp.com\/alaincardenas.com\/blog\/wp-content\/uploads\/2018\/04\/variedades-p.-14-1.jpg?resize=212%2C300&amp;ssl=1 212w, https:\/\/i0.wp.com\/alaincardenas.com\/blog\/wp-content\/uploads\/2018\/04\/variedades-p.-14-1.jpg?resize=768%2C1086&amp;ssl=1 768w, https:\/\/i0.wp.com\/alaincardenas.com\/blog\/wp-content\/uploads\/2018\/04\/variedades-p.-14-1.jpg?w=1240&amp;ssl=1 1240w, https:\/\/i0.wp.com\/alaincardenas.com\/blog\/wp-content\/uploads\/2018\/04\/variedades-p.-14-1.jpg?w=1168&amp;ssl=1 1168w\" sizes=\"(max-width: 584px) 100vw, 584px\" data-recalc-dims=\"1\" \/><\/a><\/p>\n<p><a href=\"https:\/\/i0.wp.com\/alaincardenas.com\/blog\/wp-content\/uploads\/2018\/04\/variedades-p.-15-1.jpg?ssl=1\"><img data-attachment-id=\"1992\" data-permalink=\"https:\/\/alaincardenas.com\/blog\/juan-manuel-cardenas-castro-et-la-revue-variedades-1917-1920-4\/variedades-p-15\/\" data-orig-file=\"https:\/\/i0.wp.com\/alaincardenas.com\/blog\/wp-content\/uploads\/2018\/04\/variedades-p.-15-1.jpg?fit=1240%2C1753&amp;ssl=1\" data-orig-size=\"1240,1753\" data-comments-opened=\"0\" data-image-meta=\"{&quot;aperture&quot;:&quot;0&quot;,&quot;credit&quot;:&quot;&quot;,&quot;camera&quot;:&quot;&quot;,&quot;caption&quot;:&quot;&quot;,&quot;created_timestamp&quot;:&quot;0&quot;,&quot;copyright&quot;:&quot;&quot;,&quot;focal_length&quot;:&quot;0&quot;,&quot;iso&quot;:&quot;0&quot;,&quot;shutter_speed&quot;:&quot;0&quot;,&quot;title&quot;:&quot;&quot;,&quot;orientation&quot;:&quot;0&quot;}\" data-image-title=\"variedades p. 15\" data-image-description=\"\" data-image-caption=\"\" data-medium-file=\"https:\/\/i0.wp.com\/alaincardenas.com\/blog\/wp-content\/uploads\/2018\/04\/variedades-p.-15-1.jpg?fit=212%2C300&amp;ssl=1\" data-large-file=\"https:\/\/i0.wp.com\/alaincardenas.com\/blog\/wp-content\/uploads\/2018\/04\/variedades-p.-15-1.jpg?fit=584%2C826&amp;ssl=1\" decoding=\"async\" loading=\"lazy\" class=\"alignnone size-large wp-image-1992\" src=\"https:\/\/i0.wp.com\/alaincardenas.com\/blog\/wp-content\/uploads\/2018\/04\/variedades-p.-15-1.jpg?resize=584%2C826&#038;ssl=1\" alt=\"\" width=\"584\" height=\"826\" srcset=\"https:\/\/i0.wp.com\/alaincardenas.com\/blog\/wp-content\/uploads\/2018\/04\/variedades-p.-15-1.jpg?resize=724%2C1024&amp;ssl=1 724w, https:\/\/i0.wp.com\/alaincardenas.com\/blog\/wp-content\/uploads\/2018\/04\/variedades-p.-15-1.jpg?resize=212%2C300&amp;ssl=1 212w, https:\/\/i0.wp.com\/alaincardenas.com\/blog\/wp-content\/uploads\/2018\/04\/variedades-p.-15-1.jpg?resize=768%2C1086&amp;ssl=1 768w, https:\/\/i0.wp.com\/alaincardenas.com\/blog\/wp-content\/uploads\/2018\/04\/variedades-p.-15-1.jpg?w=1240&amp;ssl=1 1240w, https:\/\/i0.wp.com\/alaincardenas.com\/blog\/wp-content\/uploads\/2018\/04\/variedades-p.-15-1.jpg?w=1168&amp;ssl=1 1168w\" sizes=\"(max-width: 584px) 100vw, 584px\" data-recalc-dims=\"1\" \/><\/a><\/p>\n<p><strong>Remerciements<\/strong><\/p>\n<p>Mesdames, Genara Benavente Guti\u00e9rrez, Meliza Aroni Cardenas, Maria Elena Ramos Cardenas, Luiza Cardenas de Ochoa, Maria Cardenas-B\u00e4nninger, Angela Yannis Castro, Mar\u00eda Antonieta Castro Guti\u00e9rrez, Mar\u00eda del Carmen Castro Guti\u00e9rrez, Teshy Castro Guti\u00e9rrez, Margot Delgado de la Flor Castro, Lizet Diaz Machuca, Carmen Luz Diaz Vera, T\u00e9r\u00e9sa de Jesus Diaz Vera, Margot Guti\u00e9rrez de Castro, Sharon Lerner, Maria Paola Matos Angulo, Gioconda Mercado Guerra, Anita Moreau, C\u00e9cilia Pardo.<\/p>\n<p>Messieurs,\u00a0Carlos Hugo Aguilar Carrasco, Wilfredo Ccala Bustamente, Alvaro Castro Guti\u00e9rrez, Willi C\u00e1rdenas Linares, Jorge Luis Chirinos Vasquez, Pablo Cruz, Julio Duran, Carlos Fuentes Guill\u00e9n, Edwin Victor Huamani Fern\u00e1ndez, Ricardo Kusunoki, Enrique Le\u00f3n Maristany, Jorge Molina, Guido Ochoa Alvarez, Jes\u00fas Varillas, Illich Venero Aucca,\u00a0Wellington Villavicencia Zans.<\/p>\n<hr \/>\n<p>art\u00edculo traducido por Teshy Castro Guti\u00e9rrez<\/p>\n<p><strong>Juan Manuel Cardenas-Castro\u00a0y la revista\u00a0 \u00ab\u00a0Variedades\u00a0\u00bb 1917-1920 (4)<\/strong><\/p>\n<p>por Alain Cardenas-Castro<\/p>\n<div id=\"attachment_1688\" style=\"width: 262px\" class=\"wp-caption alignnone\"><a href=\"https:\/\/i0.wp.com\/alaincardenas.com\/blog\/wp-content\/uploads\/2018\/04\/DSC_4548-copie-recadre-copie-1.jpg?ssl=1\"><img aria-describedby=\"caption-attachment-1688\" data-attachment-id=\"1688\" data-permalink=\"https:\/\/alaincardenas.com\/blog\/juan-manuel-cardenas-castro-et-la-revue-variedades-1917-1920-4\/dsc_4548-copie-recadre-copie-2\/\" data-orig-file=\"https:\/\/i0.wp.com\/alaincardenas.com\/blog\/wp-content\/uploads\/2018\/04\/DSC_4548-copie-recadre-copie-1.jpg?fit=1136%2C1355&amp;ssl=1\" data-orig-size=\"1136,1355\" data-comments-opened=\"0\" data-image-meta=\"{&quot;aperture&quot;:&quot;2&quot;,&quot;credit&quot;:&quot;&quot;,&quot;camera&quot;:&quot;F3311&quot;,&quot;caption&quot;:&quot;&quot;,&quot;created_timestamp&quot;:&quot;1521544962&quot;,&quot;copyright&quot;:&quot;&quot;,&quot;focal_length&quot;:&quot;3.5&quot;,&quot;iso&quot;:&quot;118&quot;,&quot;shutter_speed&quot;:&quot;0.033335004260865&quot;,&quot;title&quot;:&quot;&quot;,&quot;orientation&quot;:&quot;1&quot;}\" data-image-title=\"DSC_4548 &#8211; copie recadre &#8211; copie\" data-image-description=\"\" data-image-caption=\"\" data-medium-file=\"https:\/\/i0.wp.com\/alaincardenas.com\/blog\/wp-content\/uploads\/2018\/04\/DSC_4548-copie-recadre-copie-1.jpg?fit=252%2C300&amp;ssl=1\" data-large-file=\"https:\/\/i0.wp.com\/alaincardenas.com\/blog\/wp-content\/uploads\/2018\/04\/DSC_4548-copie-recadre-copie-1.jpg?fit=584%2C697&amp;ssl=1\" decoding=\"async\" loading=\"lazy\" class=\"wp-image-1688 size-medium\" src=\"https:\/\/i0.wp.com\/alaincardenas.com\/blog\/wp-content\/uploads\/2018\/04\/DSC_4548-copie-recadre-copie-1.jpg?resize=252%2C300&#038;ssl=1\" alt=\"\" width=\"252\" height=\"300\" srcset=\"https:\/\/i0.wp.com\/alaincardenas.com\/blog\/wp-content\/uploads\/2018\/04\/DSC_4548-copie-recadre-copie-1.jpg?resize=252%2C300&amp;ssl=1 252w, https:\/\/i0.wp.com\/alaincardenas.com\/blog\/wp-content\/uploads\/2018\/04\/DSC_4548-copie-recadre-copie-1.jpg?resize=768%2C916&amp;ssl=1 768w, https:\/\/i0.wp.com\/alaincardenas.com\/blog\/wp-content\/uploads\/2018\/04\/DSC_4548-copie-recadre-copie-1.jpg?resize=858%2C1024&amp;ssl=1 858w, https:\/\/i0.wp.com\/alaincardenas.com\/blog\/wp-content\/uploads\/2018\/04\/DSC_4548-copie-recadre-copie-1.jpg?w=1136&amp;ssl=1 1136w\" sizes=\"(max-width: 252px) 100vw, 252px\" data-recalc-dims=\"1\" \/><\/a><p id=\"caption-attachment-1688\" class=\"wp-caption-text\">Carlos Raygada <em>Retrato de Juan Manuel Cardenas-Castro<\/em> (1918)<\/p><\/div>\n<p>Durante una misi\u00f3n de estudio realizada en Per\u00fa en marzo de 2018, pude, por un lado, tratar de determinar precisamente la fecha de nacimiento de Juan Manuel Cardenas-Castro, pero sin localizar la casa familiar de los C\u00e1rdenas en Urubamba.<\/p>\n<p>Por otro lado, fue posible realizar investigaciones para encontrar, expandir y profundizar las fuentes documentales: documentos administrativos, cartas, iconograf\u00eda, etc. sobre los hermanos Juan Manuel y Jos\u00e9 F\u00e9lix Cardenas-Castro.<\/p>\n<p>Durante las tres semanas dedicadas a estas investigaciones, hice numerosas visitas de lugares e instituciones, primero en Urubamba (casas antiguas, Municipalidades y, parroquias).<\/p>\n<p>Luego en Cusco (Instituto Americano de arte del Cusco, Universidad Nacional Diego Quispe Tito, Universidad Nacional San Antonio Abad del Cusco, y finalmente en Lima (Escuela Nacional Superior Aut\u00f3noma de Bellas Artes del Per\u00fa, centro cultural de Bellas Artes, biblioteca y archivo del Museo de arte de Lima, biblioteca y archivo hist\u00f3rico municipal de Lima, Biblioteca Nacional del Per\u00fa).<\/p>\n<p>Perm\u00edtanme enumerar los lugares que han sido objeto de visitas privilegiadas y relacionados con el contexto de este trabajo.<\/p>\n<p>\u2022\u00a0En Urubamba pude comprobar que no existe ningun rastro de Juan Manuel Cardenas-Castro en los registros de estado civil del municipio. Luego volv\u00ed a la parroquia de Urubamba que contiene los registros de los actas de bautiso en los que se especifican los a\u00f1os de nacimiento.\u00a0El acta de\u00a0 bautiso requerido esta situado en el per\u00edodo de 1891 a 1899. De hecho, Juan Manuel Cardenas-Castro a menudo mencion\u00f3 vervalmente su a\u00f1o de nacimiento en 1891\u00a0\u2014 La fecha de nacimiento que fue grabada en su tumba en el cementerio parisino de Montparnasse \u2014 mientras que en los documentos del estado civil franc\u00e9s est\u00e1 registrado en 1899. No pude acceder a todos los registros\u00a0 de bautiso, y algunos faltan o est\u00e1n da\u00f1ados. Se dispon\u00eda de un registro de 1891 (Ill. 1). El nombre de Juan Manuel Cardenas-Castro no figura en\u00a0 ninguna parte, pero el nombre de su padre Manuel C\u00e1rdenas aparece cuatro veces como padrino o parrain (Ill. 2). El padrino era importante para una familia modesta. Las familias escogian\u00a0 los padrinos para sus hijos a miembros de un alto ambiente o nivel\u00a0 social,\u00a0 podr\u00edan ser ajenos a la familia. Esto confirma las palabras de Juan Manuel Cardenas-Castro corroborado por la foto de la familia C\u00e1rdenas posando en la t\u00edpica casa familiar de las antiguas casas de la regi\u00f3n.<a href=\"#_ftn1\" name=\"_ftnref1\">[1]<\/a><\/p>\n<div id=\"attachment_1684\" style=\"width: 220px\" class=\"wp-caption alignleft\"><a href=\"https:\/\/i0.wp.com\/alaincardenas.com\/blog\/wp-content\/uploads\/2018\/04\/DSC_4192.jpg?ssl=1\"><img aria-describedby=\"caption-attachment-1684\" data-attachment-id=\"1684\" data-permalink=\"https:\/\/alaincardenas.com\/blog\/juan-manuel-cardenas-castro-et-la-revue-variedades-1917-1920-4\/dsc_4192\/\" data-orig-file=\"https:\/\/i0.wp.com\/alaincardenas.com\/blog\/wp-content\/uploads\/2018\/04\/DSC_4192.jpg?fit=3095%2C3992&amp;ssl=1\" data-orig-size=\"3095,3992\" data-comments-opened=\"0\" data-image-meta=\"{&quot;aperture&quot;:&quot;2&quot;,&quot;credit&quot;:&quot;&quot;,&quot;camera&quot;:&quot;F3311&quot;,&quot;caption&quot;:&quot;&quot;,&quot;created_timestamp&quot;:&quot;1521132401&quot;,&quot;copyright&quot;:&quot;&quot;,&quot;focal_length&quot;:&quot;3.5&quot;,&quot;iso&quot;:&quot;3141&quot;,&quot;shutter_speed&quot;:&quot;0.04999500049995&quot;,&quot;title&quot;:&quot;&quot;,&quot;orientation&quot;:&quot;1&quot;}\" data-image-title=\"DSC_4192\" data-image-description=\"\" data-image-caption=\"\" data-medium-file=\"https:\/\/i0.wp.com\/alaincardenas.com\/blog\/wp-content\/uploads\/2018\/04\/DSC_4192.jpg?fit=233%2C300&amp;ssl=1\" data-large-file=\"https:\/\/i0.wp.com\/alaincardenas.com\/blog\/wp-content\/uploads\/2018\/04\/DSC_4192.jpg?fit=584%2C753&amp;ssl=1\" decoding=\"async\" loading=\"lazy\" class=\"wp-image-1684\" src=\"https:\/\/i0.wp.com\/alaincardenas.com\/blog\/wp-content\/uploads\/2018\/04\/DSC_4192.jpg?resize=210%2C267&#038;ssl=1\" alt=\"\" width=\"210\" height=\"267\" data-recalc-dims=\"1\" \/><\/a><p id=\"caption-attachment-1684\" class=\"wp-caption-text\">(Figura 1) Acta de Bautizo de la parroquia de Urubamba por los anos 1891, Col. A.C.C.<\/p><\/div>\n<div id=\"attachment_1683\" style=\"width: 263px\" class=\"wp-caption alignleft\"><a href=\"https:\/\/i0.wp.com\/alaincardenas.com\/blog\/wp-content\/uploads\/2018\/04\/DSC_4172.jpg?ssl=1\"><img aria-describedby=\"caption-attachment-1683\" data-attachment-id=\"1683\" data-permalink=\"https:\/\/alaincardenas.com\/blog\/juan-manuel-cardenas-castro-et-la-revue-variedades-1917-1920-4\/dsc_4172\/\" data-orig-file=\"https:\/\/i0.wp.com\/alaincardenas.com\/blog\/wp-content\/uploads\/2018\/04\/DSC_4172.jpg?fit=4160%2C3120&amp;ssl=1\" data-orig-size=\"4160,3120\" data-comments-opened=\"0\" data-image-meta=\"{&quot;aperture&quot;:&quot;2&quot;,&quot;credit&quot;:&quot;&quot;,&quot;camera&quot;:&quot;F3311&quot;,&quot;caption&quot;:&quot;&quot;,&quot;created_timestamp&quot;:&quot;1521128213&quot;,&quot;copyright&quot;:&quot;&quot;,&quot;focal_length&quot;:&quot;3.5&quot;,&quot;iso&quot;:&quot;367&quot;,&quot;shutter_speed&quot;:&quot;0.033335004260865&quot;,&quot;title&quot;:&quot;&quot;,&quot;orientation&quot;:&quot;1&quot;}\" data-image-title=\"DSC_4172\" data-image-description=\"\" data-image-caption=\"\" data-medium-file=\"https:\/\/i0.wp.com\/alaincardenas.com\/blog\/wp-content\/uploads\/2018\/04\/DSC_4172.jpg?fit=300%2C225&amp;ssl=1\" data-large-file=\"https:\/\/i0.wp.com\/alaincardenas.com\/blog\/wp-content\/uploads\/2018\/04\/DSC_4172.jpg?fit=584%2C438&amp;ssl=1\" decoding=\"async\" loading=\"lazy\" class=\"wp-image-1683\" src=\"https:\/\/i0.wp.com\/alaincardenas.com\/blog\/wp-content\/uploads\/2018\/04\/DSC_4172.jpg?resize=253%2C193&#038;ssl=1\" alt=\"\" width=\"253\" height=\"193\" data-recalc-dims=\"1\" \/><\/a><p id=\"caption-attachment-1683\" class=\"wp-caption-text\">(Figura 2) Una de las paginas del acta de nacimiento de la parroqui de Urubamba de los anos 1891. En ella mensiona al Padre de Juan Manuel Cardenas-Castro como padrino. CoI. A.C.C<\/p><\/div>\n<p>&nbsp;<\/p>\n<p>&nbsp;<\/p>\n<p>&nbsp;<\/p>\n<p>&nbsp;<\/p>\n<p>&nbsp;<\/p>\n<p>&nbsp;<\/p>\n<p>&nbsp;<\/p>\n<p>&nbsp;<\/p>\n<p>&nbsp;<\/p>\n<p>La casa de la familia del C\u00e1rdenas todav\u00eda no se pod\u00eda localizar a pesar de la foto de la familia que permiti\u00f3 descartar cuatro casas antiguas, arquitect\u00f3nicamente dise\u00f1adas en el mismo modelo, alrededor de un patio interior incluyendo arcadas delimitando un curso (Ver Figuras 3 y 4). Para cada casa visitada las diferencias fueron declinadas, primero, de la forma de los pilares de las arcadas, y por el n\u00famero de pilares que forman el patio, y luego por los materiales constituyentes los pilares de sus arcadas.<\/p>\n<div id=\"attachment_1681\" style=\"width: 220px\" class=\"wp-caption alignleft\"><a href=\"https:\/\/i0.wp.com\/alaincardenas.com\/blog\/wp-content\/uploads\/2018\/04\/DSC_4140.jpg?ssl=1\"><img aria-describedby=\"caption-attachment-1681\" data-attachment-id=\"1681\" data-permalink=\"https:\/\/alaincardenas.com\/blog\/juan-manuel-cardenas-castro-et-la-revue-variedades-1917-1920-4\/dsc_4140\/\" data-orig-file=\"https:\/\/i0.wp.com\/alaincardenas.com\/blog\/wp-content\/uploads\/2018\/04\/DSC_4140.jpg?fit=4096%2C2304&amp;ssl=1\" data-orig-size=\"4096,2304\" data-comments-opened=\"0\" data-image-meta=\"{&quot;aperture&quot;:&quot;2&quot;,&quot;credit&quot;:&quot;&quot;,&quot;camera&quot;:&quot;F3311&quot;,&quot;caption&quot;:&quot;&quot;,&quot;created_timestamp&quot;:&quot;1521123140&quot;,&quot;copyright&quot;:&quot;&quot;,&quot;focal_length&quot;:&quot;3.5&quot;,&quot;iso&quot;:&quot;167&quot;,&quot;shutter_speed&quot;:&quot;0.033335001751839&quot;,&quot;title&quot;:&quot;&quot;,&quot;orientation&quot;:&quot;1&quot;}\" data-image-title=\"DSC_4140\" data-image-description=\"\" data-image-caption=\"\" data-medium-file=\"https:\/\/i0.wp.com\/alaincardenas.com\/blog\/wp-content\/uploads\/2018\/04\/DSC_4140.jpg?fit=300%2C169&amp;ssl=1\" data-large-file=\"https:\/\/i0.wp.com\/alaincardenas.com\/blog\/wp-content\/uploads\/2018\/04\/DSC_4140.jpg?fit=584%2C329&amp;ssl=1\" decoding=\"async\" loading=\"lazy\" class=\"wp-image-1681\" src=\"https:\/\/i0.wp.com\/alaincardenas.com\/blog\/wp-content\/uploads\/2018\/04\/DSC_4140.jpg?resize=210%2C124&#038;ssl=1\" alt=\"\" width=\"210\" height=\"124\" data-recalc-dims=\"1\" \/><\/a><p id=\"caption-attachment-1681\" class=\"wp-caption-text\">(Figura 3) Una de las casas visitadas construidas en el mismo modelo de las antiguas casas de Urubamba. Col. A.C.C.<\/p><\/div>\n<div id=\"attachment_1682\" style=\"width: 231px\" class=\"wp-caption alignleft\"><a href=\"https:\/\/i0.wp.com\/alaincardenas.com\/blog\/wp-content\/uploads\/2018\/04\/DSC_4150.jpg?ssl=1\"><img aria-describedby=\"caption-attachment-1682\" data-attachment-id=\"1682\" data-permalink=\"https:\/\/alaincardenas.com\/blog\/juan-manuel-cardenas-castro-et-la-revue-variedades-1917-1920-4\/dsc_4150\/\" data-orig-file=\"https:\/\/i0.wp.com\/alaincardenas.com\/blog\/wp-content\/uploads\/2018\/04\/DSC_4150.jpg?fit=4096%2C2304&amp;ssl=1\" data-orig-size=\"4096,2304\" data-comments-opened=\"0\" data-image-meta=\"{&quot;aperture&quot;:&quot;2&quot;,&quot;credit&quot;:&quot;&quot;,&quot;camera&quot;:&quot;F3311&quot;,&quot;caption&quot;:&quot;&quot;,&quot;created_timestamp&quot;:&quot;1521123730&quot;,&quot;copyright&quot;:&quot;&quot;,&quot;focal_length&quot;:&quot;3.5&quot;,&quot;iso&quot;:&quot;109&quot;,&quot;shutter_speed&quot;:&quot;0.004750999760741&quot;,&quot;title&quot;:&quot;&quot;,&quot;orientation&quot;:&quot;1&quot;}\" data-image-title=\"DSC_4150\" data-image-description=\"\" data-image-caption=\"\" data-medium-file=\"https:\/\/i0.wp.com\/alaincardenas.com\/blog\/wp-content\/uploads\/2018\/04\/DSC_4150.jpg?fit=300%2C169&amp;ssl=1\" data-large-file=\"https:\/\/i0.wp.com\/alaincardenas.com\/blog\/wp-content\/uploads\/2018\/04\/DSC_4150.jpg?fit=584%2C329&amp;ssl=1\" decoding=\"async\" loading=\"lazy\" class=\"wp-image-1682\" src=\"https:\/\/i0.wp.com\/alaincardenas.com\/blog\/wp-content\/uploads\/2018\/04\/DSC_4150.jpg?resize=221%2C129&#038;ssl=1\" alt=\"\" width=\"221\" height=\"129\" data-recalc-dims=\"1\" \/><\/a><p id=\"caption-attachment-1682\" class=\"wp-caption-text\">(Figura 4) Otra casa visitada construida en el mismo modelo de las casas antiguas de Urubamba. Ella no corresponde a la foto modelo de la casa familiar de los C\u00e1rdenas. Col. A.C.C.<\/p><\/div>\n<p>&nbsp;<\/p>\n<p>&nbsp;<\/p>\n<p>&nbsp;<\/p>\n<p>&nbsp;<\/p>\n<p>&nbsp;<\/p>\n<p>&nbsp;<\/p>\n<p>&nbsp;<\/p>\n<p><a href=\"#_ftn2\" name=\"_ftnref2\"><\/a><\/p>\n<p>Los <em>urubambinos<\/em> se\u00a0 interesaron\u00a0 en esta b\u00fasqueda de identidad. Ellos participaron\u00a0 d\u00e1ndome los datos\u00a0 personales de personas pertenecientes a generaciones anteriores que pudieran identificar la casa familiar de los C\u00e1rdenas. Entre estos ancianos, Guido Ochoa Alvarez, un notario todav\u00eda activo a la edad de 82 a\u00f1os (ver Figura 5). Pudo identificar a dos de los miembros de la familia Ochoa posando en la foto m\u00e1s antigua del corpus iconogr\u00e1fico en mi poder.<a href=\"#_ftn2\" name=\"_ftnref2\">[2]<\/a>.<\/p>\n<p><a href=\"https:\/\/i0.wp.com\/alaincardenas.com\/blog\/wp-content\/uploads\/2018\/04\/DSC_4214-bd.jpg?ssl=1\"><img data-attachment-id=\"1685\" data-permalink=\"https:\/\/alaincardenas.com\/blog\/juan-manuel-cardenas-castro-et-la-revue-variedades-1917-1920-4\/dsc_4214-bd\/\" data-orig-file=\"https:\/\/i0.wp.com\/alaincardenas.com\/blog\/wp-content\/uploads\/2018\/04\/DSC_4214-bd.jpg?fit=3120%2C4160&amp;ssl=1\" data-orig-size=\"3120,4160\" data-comments-opened=\"0\" data-image-meta=\"{&quot;aperture&quot;:&quot;2&quot;,&quot;credit&quot;:&quot;&quot;,&quot;camera&quot;:&quot;F3311&quot;,&quot;caption&quot;:&quot;&quot;,&quot;created_timestamp&quot;:&quot;1521134167&quot;,&quot;copyright&quot;:&quot;&quot;,&quot;focal_length&quot;:&quot;3.5&quot;,&quot;iso&quot;:&quot;1745&quot;,&quot;shutter_speed&quot;:&quot;0.0416649989994&quot;,&quot;title&quot;:&quot;&quot;,&quot;orientation&quot;:&quot;1&quot;}\" data-image-title=\"DSC_4214 bd\" data-image-description=\"\" data-image-caption=\"\" data-medium-file=\"https:\/\/i0.wp.com\/alaincardenas.com\/blog\/wp-content\/uploads\/2018\/04\/DSC_4214-bd.jpg?fit=225%2C300&amp;ssl=1\" data-large-file=\"https:\/\/i0.wp.com\/alaincardenas.com\/blog\/wp-content\/uploads\/2018\/04\/DSC_4214-bd.jpg?fit=584%2C779&amp;ssl=1\" decoding=\"async\" loading=\"lazy\" class=\" wp-image-1685 alignright\" src=\"https:\/\/i0.wp.com\/alaincardenas.com\/blog\/wp-content\/uploads\/2018\/04\/DSC_4214-bd.jpg?resize=217%2C286&#038;ssl=1\" alt=\"\" width=\"217\" height=\"286\" data-recalc-dims=\"1\" \/><\/a><\/p>\n<hr \/>\n<p>(Figura 5) Dr. Guido Ochoa Alvarez en su oficina de notario en Urubamba.\u00a0Identific\u00f3 a 2 miembros de la familia Ochoa en la foto que agrupa a varias familias, incluida C\u00e1rdenas.\u00a0 Ver Figura 7 del art\u00edculo <em>Juan Manuel y Jos\u00e9 F\u00e9lix Cardenas-Castro: dos artistas peruanos en medio de la dispersidad\u00a0 latinoamericana en Par\u00eds. (3)<\/em> en el blog: Science &amp; Contemporary Art IN &#8211; MH &#8211; OUT &#8211; OFF Febrero de 2018.<\/p>\n<hr \/>\n<p>&nbsp;<\/p>\n<p>\u2022\u2022 En Cuzco, fui recibido por el Director General de la Universidad Nacional Diego Quispe Tito quien no pudo informarme sobre la eventualidad de la presencia de los hermanos Cardenas en la Universidad de Arte de Cusco, como estudiantes o docentes. De hecho, esta Escuela Superior Aut\u00f3noma de bellas artes que tiene desde el 26 de junio de 2017 el estado de universidad se estableci\u00f3 en 1946. En esa fecha Juan Manuel Cardenas Castro se encontraba en Francia y su hermano Jos\u00e9 F\u00e9lix regres\u00f3 al Per\u00fa para unirse al cuerpo de maestros de la Escuela Nacional Superior Independiente\u00a0 de Bellas Artes del Per\u00fa en Lima ( ver Fig. 6). Otras dos instituciones visitadas, el Instituto Americano de Arte del Cusco y la Universidad Nacional San Antonio Abad del Cusco me permitieron recolectar contactos e informaci\u00f3n para continuar mis investigaciones en c\u00edrculos culturales y acad\u00e9micos.<\/p>\n<div id=\"attachment_1687\" style=\"width: 594px\" class=\"wp-caption alignnone\"><a href=\"https:\/\/i0.wp.com\/alaincardenas.com\/blog\/wp-content\/uploads\/2018\/04\/JFCC-B-A-Cuzco.jpg?ssl=1\"><img aria-describedby=\"caption-attachment-1687\" data-attachment-id=\"1687\" data-permalink=\"https:\/\/alaincardenas.com\/blog\/juan-manuel-cardenas-castro-et-la-revue-variedades-1917-1920-4\/jfcc-b-a-cuzco\/\" data-orig-file=\"https:\/\/i0.wp.com\/alaincardenas.com\/blog\/wp-content\/uploads\/2018\/04\/JFCC-B-A-Cuzco.jpg?fit=3621%2C2726&amp;ssl=1\" data-orig-size=\"3621,2726\" data-comments-opened=\"0\" data-image-meta=\"{&quot;aperture&quot;:&quot;2&quot;,&quot;credit&quot;:&quot;&quot;,&quot;camera&quot;:&quot;F3311&quot;,&quot;caption&quot;:&quot;&quot;,&quot;created_timestamp&quot;:&quot;1517866914&quot;,&quot;copyright&quot;:&quot;&quot;,&quot;focal_length&quot;:&quot;3.5&quot;,&quot;iso&quot;:&quot;3141&quot;,&quot;shutter_speed&quot;:&quot;0.04999500049995&quot;,&quot;title&quot;:&quot;&quot;,&quot;orientation&quot;:&quot;1&quot;}\" data-image-title=\"JFCC B-A Cuzco\" data-image-description=\"\" data-image-caption=\"\" data-medium-file=\"https:\/\/i0.wp.com\/alaincardenas.com\/blog\/wp-content\/uploads\/2018\/04\/JFCC-B-A-Cuzco.jpg?fit=300%2C226&amp;ssl=1\" data-large-file=\"https:\/\/i0.wp.com\/alaincardenas.com\/blog\/wp-content\/uploads\/2018\/04\/JFCC-B-A-Cuzco.jpg?fit=584%2C440&amp;ssl=1\" decoding=\"async\" loading=\"lazy\" class=\"wp-image-1687 size-large\" src=\"https:\/\/i0.wp.com\/alaincardenas.com\/blog\/wp-content\/uploads\/2018\/04\/JFCC-B-A-Cuzco.jpg?resize=584%2C440&#038;ssl=1\" alt=\"\" width=\"584\" height=\"440\" srcset=\"https:\/\/i0.wp.com\/alaincardenas.com\/blog\/wp-content\/uploads\/2018\/04\/JFCC-B-A-Cuzco.jpg?resize=1024%2C771&amp;ssl=1 1024w, https:\/\/i0.wp.com\/alaincardenas.com\/blog\/wp-content\/uploads\/2018\/04\/JFCC-B-A-Cuzco.jpg?resize=300%2C226&amp;ssl=1 300w, https:\/\/i0.wp.com\/alaincardenas.com\/blog\/wp-content\/uploads\/2018\/04\/JFCC-B-A-Cuzco.jpg?resize=768%2C578&amp;ssl=1 768w, https:\/\/i0.wp.com\/alaincardenas.com\/blog\/wp-content\/uploads\/2018\/04\/JFCC-B-A-Cuzco.jpg?resize=398%2C300&amp;ssl=1 398w, https:\/\/i0.wp.com\/alaincardenas.com\/blog\/wp-content\/uploads\/2018\/04\/JFCC-B-A-Cuzco.jpg?w=1168&amp;ssl=1 1168w, https:\/\/i0.wp.com\/alaincardenas.com\/blog\/wp-content\/uploads\/2018\/04\/JFCC-B-A-Cuzco.jpg?w=1752&amp;ssl=1 1752w\" sizes=\"(max-width: 584px) 100vw, 584px\" data-recalc-dims=\"1\" \/><\/a><p id=\"caption-attachment-1687\" class=\"wp-caption-text\">(ill. 6) Le corps des enseignants<\/p><\/div>\n<p><a href=\"https:\/\/i0.wp.com\/alaincardenas.com\/blog\/wp-content\/uploads\/2018\/04\/Capture-d\u2019\u00e9cran-2018-05-08-\u00e0-16.22.30.png?ssl=1\"><img data-attachment-id=\"2011\" data-permalink=\"https:\/\/alaincardenas.com\/blog\/juan-manuel-cardenas-castro-et-la-revue-variedades-1917-1920-4\/capture-decran-2018-05-08-a-16-22-30\/\" data-orig-file=\"https:\/\/i0.wp.com\/alaincardenas.com\/blog\/wp-content\/uploads\/2018\/04\/Capture-d\u2019\u00e9cran-2018-05-08-\u00e0-16.22.30.png?fit=927%2C411&amp;ssl=1\" data-orig-size=\"927,411\" data-comments-opened=\"0\" data-image-meta=\"{&quot;aperture&quot;:&quot;0&quot;,&quot;credit&quot;:&quot;&quot;,&quot;camera&quot;:&quot;&quot;,&quot;caption&quot;:&quot;&quot;,&quot;created_timestamp&quot;:&quot;0&quot;,&quot;copyright&quot;:&quot;&quot;,&quot;focal_length&quot;:&quot;0&quot;,&quot;iso&quot;:&quot;0&quot;,&quot;shutter_speed&quot;:&quot;0&quot;,&quot;title&quot;:&quot;&quot;,&quot;orientation&quot;:&quot;0&quot;}\" data-image-title=\"Capture d\u2019\u00e9cran 2018-05-08 \u00e0 16.22.30\" data-image-description=\"\" data-image-caption=\"\" data-medium-file=\"https:\/\/i0.wp.com\/alaincardenas.com\/blog\/wp-content\/uploads\/2018\/04\/Capture-d\u2019\u00e9cran-2018-05-08-\u00e0-16.22.30.png?fit=300%2C133&amp;ssl=1\" data-large-file=\"https:\/\/i0.wp.com\/alaincardenas.com\/blog\/wp-content\/uploads\/2018\/04\/Capture-d\u2019\u00e9cran-2018-05-08-\u00e0-16.22.30.png?fit=584%2C259&amp;ssl=1\" decoding=\"async\" loading=\"lazy\" class=\"alignnone size-full wp-image-2011\" src=\"https:\/\/i0.wp.com\/alaincardenas.com\/blog\/wp-content\/uploads\/2018\/04\/Capture-d\u2019\u00e9cran-2018-05-08-\u00e0-16.22.30.png?resize=584%2C259&#038;ssl=1\" alt=\"\" width=\"584\" height=\"259\" srcset=\"https:\/\/i0.wp.com\/alaincardenas.com\/blog\/wp-content\/uploads\/2018\/04\/Capture-d\u2019\u00e9cran-2018-05-08-\u00e0-16.22.30.png?w=927&amp;ssl=1 927w, https:\/\/i0.wp.com\/alaincardenas.com\/blog\/wp-content\/uploads\/2018\/04\/Capture-d\u2019\u00e9cran-2018-05-08-\u00e0-16.22.30.png?resize=300%2C133&amp;ssl=1 300w, https:\/\/i0.wp.com\/alaincardenas.com\/blog\/wp-content\/uploads\/2018\/04\/Capture-d\u2019\u00e9cran-2018-05-08-\u00e0-16.22.30.png?resize=768%2C341&amp;ssl=1 768w, https:\/\/i0.wp.com\/alaincardenas.com\/blog\/wp-content\/uploads\/2018\/04\/Capture-d\u2019\u00e9cran-2018-05-08-\u00e0-16.22.30.png?resize=500%2C222&amp;ssl=1 500w\" sizes=\"(max-width: 584px) 100vw, 584px\" data-recalc-dims=\"1\" \/><\/a><\/p>\n<p>\u2022\u2022\u2022\u00a0Lima y sus lugares.<\/p>\n<p>En Lima pude ir al Museo de Arte de Lima (MALI). El comisario de Arte Colonial me inform\u00f3 que la biblioteca del museo guardaba recursos documentales sobre Juan Manuel y Jos\u00e9 F\u00e9lix Cardenas Castro. Por otro lado, ella no ten\u00eda ninguna iconograf\u00eda de sus obras pict\u00f3ricas y dibujos. Pudimos intercambiar nuestros diferentes recursos. Pude as\u00ed acceder a varias copias de revistas que reproduc\u00edan obras de Juan Manuel y Jos\u00e9 F\u00e9lix Cardenas Castro y documentar su carrera y depositar los archivos digitales, pinturas y dibujos que he podido enumerar hasta ahora en Europa y que se distribuyen en las colecciones de los miembros de la familia C\u00e1rdenas.<\/p>\n<div id=\"attachment_1693\" style=\"width: 194px\" class=\"wp-caption alignleft\"><a href=\"https:\/\/i0.wp.com\/alaincardenas.com\/blog\/wp-content\/uploads\/2018\/04\/DSC_4548-copie.jpg?ssl=1\"><img aria-describedby=\"caption-attachment-1693\" data-attachment-id=\"1693\" data-permalink=\"https:\/\/alaincardenas.com\/blog\/juan-manuel-cardenas-castro-et-la-revue-variedades-1917-1920-4\/dsc_4548-copie\/\" data-orig-file=\"https:\/\/i0.wp.com\/alaincardenas.com\/blog\/wp-content\/uploads\/2018\/04\/DSC_4548-copie.jpg?fit=1961%2C3202&amp;ssl=1\" data-orig-size=\"1961,3202\" data-comments-opened=\"0\" data-image-meta=\"{&quot;aperture&quot;:&quot;2&quot;,&quot;credit&quot;:&quot;&quot;,&quot;camera&quot;:&quot;F3311&quot;,&quot;caption&quot;:&quot;&quot;,&quot;created_timestamp&quot;:&quot;1521544962&quot;,&quot;copyright&quot;:&quot;&quot;,&quot;focal_length&quot;:&quot;3.5&quot;,&quot;iso&quot;:&quot;118&quot;,&quot;shutter_speed&quot;:&quot;0.033335004260865&quot;,&quot;title&quot;:&quot;&quot;,&quot;orientation&quot;:&quot;1&quot;}\" data-image-title=\"DSC_4548 &#8211; copie\" data-image-description=\"\" data-image-caption=\"&lt;p&gt;ill. 10&lt;\/p&gt;\n\" data-medium-file=\"https:\/\/i0.wp.com\/alaincardenas.com\/blog\/wp-content\/uploads\/2018\/04\/DSC_4548-copie.jpg?fit=184%2C300&amp;ssl=1\" data-large-file=\"https:\/\/i0.wp.com\/alaincardenas.com\/blog\/wp-content\/uploads\/2018\/04\/DSC_4548-copie.jpg?fit=584%2C954&amp;ssl=1\" decoding=\"async\" loading=\"lazy\" class=\"wp-image-1693 size-medium\" src=\"https:\/\/i0.wp.com\/alaincardenas.com\/blog\/wp-content\/uploads\/2018\/04\/DSC_4548-copie.jpg?resize=184%2C300&#038;ssl=1\" alt=\"\" width=\"184\" height=\"300\" srcset=\"https:\/\/i0.wp.com\/alaincardenas.com\/blog\/wp-content\/uploads\/2018\/04\/DSC_4548-copie.jpg?resize=184%2C300&amp;ssl=1 184w, https:\/\/i0.wp.com\/alaincardenas.com\/blog\/wp-content\/uploads\/2018\/04\/DSC_4548-copie.jpg?resize=768%2C1254&amp;ssl=1 768w, https:\/\/i0.wp.com\/alaincardenas.com\/blog\/wp-content\/uploads\/2018\/04\/DSC_4548-copie.jpg?resize=627%2C1024&amp;ssl=1 627w, https:\/\/i0.wp.com\/alaincardenas.com\/blog\/wp-content\/uploads\/2018\/04\/DSC_4548-copie.jpg?w=1961&amp;ssl=1 1961w, https:\/\/i0.wp.com\/alaincardenas.com\/blog\/wp-content\/uploads\/2018\/04\/DSC_4548-copie.jpg?w=1168&amp;ssl=1 1168w, https:\/\/i0.wp.com\/alaincardenas.com\/blog\/wp-content\/uploads\/2018\/04\/DSC_4548-copie.jpg?w=1752&amp;ssl=1 1752w\" sizes=\"(max-width: 184px) 100vw, 184px\" data-recalc-dims=\"1\" \/><\/a><p id=\"caption-attachment-1693\" class=\"wp-caption-text\">Figura 7<\/p><\/div>\n<p>Despu\u00e9s de esta investigaci\u00f3n en la Biblioteca y archivo del Museo de Arte de Lima, me encontr\u00e9 con el Director de programas de artes pl\u00e1sticas y visuales de la Escuela Nacional Superior privada de Bellas Artes del Per\u00fa. Me dijo que no hab\u00eda informaci\u00f3n en los archivos de la escuela sobre los hermanos C\u00e1rdenas como antiguos alumnos. El art\u00edculo de Emilio Delboy (ver figuras 7, 8, 9, 10, 11) publicado en la revista Stylo en 1920 &#8211; uno de los recursos encontrados en la biblioteca del Museo de Arte de Lima &#8211;\u00a0confirma esto (ver bibliograf\u00eda). Este art\u00edculo aparecido en la primera revista de arte de la \u00e9poca, retranscribe las palabras de Juan Manuel Cardenas Castro, rastrea su auto aprendizaje art\u00edstico y autodidacta y describe su llegada a Lima, donde, desde 1915, se afirma proponiendo su primeros dibujos para la prensa en la revista peruana <em>Lulu<\/em>, destinada a un p\u00fablico femenino.<\/p>\n<div id=\"attachment_1694\" style=\"width: 224px\" class=\"wp-caption alignleft\"><a href=\"https:\/\/i0.wp.com\/alaincardenas.com\/blog\/wp-content\/uploads\/2018\/04\/DSC_4550-copie.jpg?ssl=1\"><img aria-describedby=\"caption-attachment-1694\" data-attachment-id=\"1694\" data-permalink=\"https:\/\/alaincardenas.com\/blog\/juan-manuel-cardenas-castro-et-la-revue-variedades-1917-1920-4\/dsc_4550-copie\/\" data-orig-file=\"https:\/\/i0.wp.com\/alaincardenas.com\/blog\/wp-content\/uploads\/2018\/04\/DSC_4550-copie.jpg?fit=2813%2C3941&amp;ssl=1\" data-orig-size=\"2813,3941\" data-comments-opened=\"0\" data-image-meta=\"{&quot;aperture&quot;:&quot;2&quot;,&quot;credit&quot;:&quot;&quot;,&quot;camera&quot;:&quot;F3311&quot;,&quot;caption&quot;:&quot;&quot;,&quot;created_timestamp&quot;:&quot;1521544982&quot;,&quot;copyright&quot;:&quot;&quot;,&quot;focal_length&quot;:&quot;3.5&quot;,&quot;iso&quot;:&quot;170&quot;,&quot;shutter_speed&quot;:&quot;0.033335004260865&quot;,&quot;title&quot;:&quot;&quot;,&quot;orientation&quot;:&quot;1&quot;}\" data-image-title=\"DSC_4550 &#8211; copie\" data-image-description=\"\" data-image-caption=\"&lt;p&gt;ill. 9&lt;\/p&gt;\n\" data-medium-file=\"https:\/\/i0.wp.com\/alaincardenas.com\/blog\/wp-content\/uploads\/2018\/04\/DSC_4550-copie.jpg?fit=214%2C300&amp;ssl=1\" data-large-file=\"https:\/\/i0.wp.com\/alaincardenas.com\/blog\/wp-content\/uploads\/2018\/04\/DSC_4550-copie.jpg?fit=584%2C818&amp;ssl=1\" decoding=\"async\" loading=\"lazy\" class=\"wp-image-1694 size-medium\" src=\"https:\/\/i0.wp.com\/alaincardenas.com\/blog\/wp-content\/uploads\/2018\/04\/DSC_4550-copie.jpg?resize=214%2C300&#038;ssl=1\" alt=\"\" width=\"214\" height=\"300\" srcset=\"https:\/\/i0.wp.com\/alaincardenas.com\/blog\/wp-content\/uploads\/2018\/04\/DSC_4550-copie.jpg?resize=214%2C300&amp;ssl=1 214w, https:\/\/i0.wp.com\/alaincardenas.com\/blog\/wp-content\/uploads\/2018\/04\/DSC_4550-copie.jpg?resize=768%2C1076&amp;ssl=1 768w, https:\/\/i0.wp.com\/alaincardenas.com\/blog\/wp-content\/uploads\/2018\/04\/DSC_4550-copie.jpg?resize=731%2C1024&amp;ssl=1 731w, https:\/\/i0.wp.com\/alaincardenas.com\/blog\/wp-content\/uploads\/2018\/04\/DSC_4550-copie.jpg?w=1168&amp;ssl=1 1168w, https:\/\/i0.wp.com\/alaincardenas.com\/blog\/wp-content\/uploads\/2018\/04\/DSC_4550-copie.jpg?w=1752&amp;ssl=1 1752w\" sizes=\"(max-width: 214px) 100vw, 214px\" data-recalc-dims=\"1\" \/><\/a><p id=\"caption-attachment-1694\" class=\"wp-caption-text\">Figura 8<\/p><\/div>\n<div id=\"attachment_1695\" style=\"width: 223px\" class=\"wp-caption alignleft\"><a href=\"https:\/\/i0.wp.com\/alaincardenas.com\/blog\/wp-content\/uploads\/2018\/04\/DSC_4552-copie.jpg?ssl=1\"><img aria-describedby=\"caption-attachment-1695\" data-attachment-id=\"1695\" data-permalink=\"https:\/\/alaincardenas.com\/blog\/juan-manuel-cardenas-castro-et-la-revue-variedades-1917-1920-4\/dsc_4552-copie\/\" data-orig-file=\"https:\/\/i0.wp.com\/alaincardenas.com\/blog\/wp-content\/uploads\/2018\/04\/DSC_4552-copie.jpg?fit=2521%2C3559&amp;ssl=1\" data-orig-size=\"2521,3559\" data-comments-opened=\"0\" data-image-meta=\"{&quot;aperture&quot;:&quot;2&quot;,&quot;credit&quot;:&quot;&quot;,&quot;camera&quot;:&quot;F3311&quot;,&quot;caption&quot;:&quot;&quot;,&quot;created_timestamp&quot;:&quot;1521545000&quot;,&quot;copyright&quot;:&quot;&quot;,&quot;focal_length&quot;:&quot;3.5&quot;,&quot;iso&quot;:&quot;137&quot;,&quot;shutter_speed&quot;:&quot;0.033335004260865&quot;,&quot;title&quot;:&quot;&quot;,&quot;orientation&quot;:&quot;1&quot;}\" data-image-title=\"DSC_4552 &#8211; copie\" data-image-description=\"\" data-image-caption=\"&lt;p&gt;ill. 8&lt;\/p&gt;\n\" data-medium-file=\"https:\/\/i0.wp.com\/alaincardenas.com\/blog\/wp-content\/uploads\/2018\/04\/DSC_4552-copie.jpg?fit=213%2C300&amp;ssl=1\" data-large-file=\"https:\/\/i0.wp.com\/alaincardenas.com\/blog\/wp-content\/uploads\/2018\/04\/DSC_4552-copie.jpg?fit=584%2C825&amp;ssl=1\" decoding=\"async\" loading=\"lazy\" class=\"wp-image-1695 size-medium\" src=\"https:\/\/i0.wp.com\/alaincardenas.com\/blog\/wp-content\/uploads\/2018\/04\/DSC_4552-copie.jpg?resize=213%2C300&#038;ssl=1\" alt=\"\" width=\"213\" height=\"300\" srcset=\"https:\/\/i0.wp.com\/alaincardenas.com\/blog\/wp-content\/uploads\/2018\/04\/DSC_4552-copie.jpg?resize=213%2C300&amp;ssl=1 213w, https:\/\/i0.wp.com\/alaincardenas.com\/blog\/wp-content\/uploads\/2018\/04\/DSC_4552-copie.jpg?resize=768%2C1084&amp;ssl=1 768w, https:\/\/i0.wp.com\/alaincardenas.com\/blog\/wp-content\/uploads\/2018\/04\/DSC_4552-copie.jpg?resize=725%2C1024&amp;ssl=1 725w, https:\/\/i0.wp.com\/alaincardenas.com\/blog\/wp-content\/uploads\/2018\/04\/DSC_4552-copie.jpg?w=1168&amp;ssl=1 1168w, https:\/\/i0.wp.com\/alaincardenas.com\/blog\/wp-content\/uploads\/2018\/04\/DSC_4552-copie.jpg?w=1752&amp;ssl=1 1752w\" sizes=\"(max-width: 213px) 100vw, 213px\" data-recalc-dims=\"1\" \/><\/a><p id=\"caption-attachment-1695\" class=\"wp-caption-text\">Figura 9<\/p><\/div>\n<p>&nbsp;<\/p>\n<p>&nbsp;<\/p>\n<p>&nbsp;<\/p>\n<p>&nbsp;<\/p>\n<p>&nbsp;<\/p>\n<p>&nbsp;<\/p>\n<p>&nbsp;<\/p>\n<p>&nbsp;<\/p>\n<div id=\"attachment_1696\" style=\"width: 226px\" class=\"wp-caption alignleft\"><a href=\"https:\/\/i0.wp.com\/alaincardenas.com\/blog\/wp-content\/uploads\/2018\/04\/DSC_4553-copie.jpg?ssl=1\"><img aria-describedby=\"caption-attachment-1696\" data-attachment-id=\"1696\" data-permalink=\"https:\/\/alaincardenas.com\/blog\/juan-manuel-cardenas-castro-et-la-revue-variedades-1917-1920-4\/dsc_4553-copie\/\" data-orig-file=\"https:\/\/i0.wp.com\/alaincardenas.com\/blog\/wp-content\/uploads\/2018\/04\/DSC_4553-copie.jpg?fit=2682%2C3718&amp;ssl=1\" data-orig-size=\"2682,3718\" data-comments-opened=\"0\" data-image-meta=\"{&quot;aperture&quot;:&quot;2&quot;,&quot;credit&quot;:&quot;&quot;,&quot;camera&quot;:&quot;F3311&quot;,&quot;caption&quot;:&quot;&quot;,&quot;created_timestamp&quot;:&quot;1521545008&quot;,&quot;copyright&quot;:&quot;&quot;,&quot;focal_length&quot;:&quot;3.5&quot;,&quot;iso&quot;:&quot;124&quot;,&quot;shutter_speed&quot;:&quot;0.033335004260865&quot;,&quot;title&quot;:&quot;&quot;,&quot;orientation&quot;:&quot;1&quot;}\" data-image-title=\"DSC_4553 &#8211; copie\" data-image-description=\"\" data-image-caption=\"&lt;p&gt;ill. 7&lt;\/p&gt;\n\" data-medium-file=\"https:\/\/i0.wp.com\/alaincardenas.com\/blog\/wp-content\/uploads\/2018\/04\/DSC_4553-copie.jpg?fit=216%2C300&amp;ssl=1\" data-large-file=\"https:\/\/i0.wp.com\/alaincardenas.com\/blog\/wp-content\/uploads\/2018\/04\/DSC_4553-copie.jpg?fit=584%2C809&amp;ssl=1\" decoding=\"async\" loading=\"lazy\" class=\"wp-image-1696 size-medium\" src=\"https:\/\/i0.wp.com\/alaincardenas.com\/blog\/wp-content\/uploads\/2018\/04\/DSC_4553-copie.jpg?resize=216%2C300&#038;ssl=1\" alt=\"\" width=\"216\" height=\"300\" srcset=\"https:\/\/i0.wp.com\/alaincardenas.com\/blog\/wp-content\/uploads\/2018\/04\/DSC_4553-copie.jpg?resize=216%2C300&amp;ssl=1 216w, https:\/\/i0.wp.com\/alaincardenas.com\/blog\/wp-content\/uploads\/2018\/04\/DSC_4553-copie.jpg?resize=768%2C1065&amp;ssl=1 768w, https:\/\/i0.wp.com\/alaincardenas.com\/blog\/wp-content\/uploads\/2018\/04\/DSC_4553-copie.jpg?resize=739%2C1024&amp;ssl=1 739w, https:\/\/i0.wp.com\/alaincardenas.com\/blog\/wp-content\/uploads\/2018\/04\/DSC_4553-copie.jpg?w=1168&amp;ssl=1 1168w, https:\/\/i0.wp.com\/alaincardenas.com\/blog\/wp-content\/uploads\/2018\/04\/DSC_4553-copie.jpg?w=1752&amp;ssl=1 1752w\" sizes=\"(max-width: 216px) 100vw, 216px\" data-recalc-dims=\"1\" \/><\/a><p id=\"caption-attachment-1696\" class=\"wp-caption-text\">Figura 10<\/p><\/div>\n<div id=\"attachment_1697\" style=\"width: 225px\" class=\"wp-caption alignleft\"><a href=\"https:\/\/i0.wp.com\/alaincardenas.com\/blog\/wp-content\/uploads\/2018\/04\/DSC_4554-copie.jpg?ssl=1\"><img aria-describedby=\"caption-attachment-1697\" data-attachment-id=\"1697\" data-permalink=\"https:\/\/alaincardenas.com\/blog\/juan-manuel-cardenas-castro-et-la-revue-variedades-1917-1920-4\/dsc_4554-copie\/\" data-orig-file=\"https:\/\/i0.wp.com\/alaincardenas.com\/blog\/wp-content\/uploads\/2018\/04\/DSC_4554-copie.jpg?fit=2468%2C3446&amp;ssl=1\" data-orig-size=\"2468,3446\" data-comments-opened=\"0\" data-image-meta=\"{&quot;aperture&quot;:&quot;2&quot;,&quot;credit&quot;:&quot;&quot;,&quot;camera&quot;:&quot;F3311&quot;,&quot;caption&quot;:&quot;&quot;,&quot;created_timestamp&quot;:&quot;1521545015&quot;,&quot;copyright&quot;:&quot;&quot;,&quot;focal_length&quot;:&quot;3.5&quot;,&quot;iso&quot;:&quot;270&quot;,&quot;shutter_speed&quot;:&quot;0.033335004260865&quot;,&quot;title&quot;:&quot;&quot;,&quot;orientation&quot;:&quot;1&quot;}\" data-image-title=\"DSC_4554 &#8211; copie\" data-image-description=\"\" data-image-caption=\"&lt;p&gt;ill. 11&lt;\/p&gt;\n\" data-medium-file=\"https:\/\/i0.wp.com\/alaincardenas.com\/blog\/wp-content\/uploads\/2018\/04\/DSC_4554-copie.jpg?fit=215%2C300&amp;ssl=1\" data-large-file=\"https:\/\/i0.wp.com\/alaincardenas.com\/blog\/wp-content\/uploads\/2018\/04\/DSC_4554-copie.jpg?fit=584%2C816&amp;ssl=1\" decoding=\"async\" loading=\"lazy\" class=\"wp-image-1697 size-medium\" src=\"https:\/\/i0.wp.com\/alaincardenas.com\/blog\/wp-content\/uploads\/2018\/04\/DSC_4554-copie.jpg?resize=215%2C300&#038;ssl=1\" alt=\"\" width=\"215\" height=\"300\" srcset=\"https:\/\/i0.wp.com\/alaincardenas.com\/blog\/wp-content\/uploads\/2018\/04\/DSC_4554-copie.jpg?resize=215%2C300&amp;ssl=1 215w, https:\/\/i0.wp.com\/alaincardenas.com\/blog\/wp-content\/uploads\/2018\/04\/DSC_4554-copie.jpg?resize=768%2C1072&amp;ssl=1 768w, https:\/\/i0.wp.com\/alaincardenas.com\/blog\/wp-content\/uploads\/2018\/04\/DSC_4554-copie.jpg?resize=733%2C1024&amp;ssl=1 733w, https:\/\/i0.wp.com\/alaincardenas.com\/blog\/wp-content\/uploads\/2018\/04\/DSC_4554-copie.jpg?w=1168&amp;ssl=1 1168w, https:\/\/i0.wp.com\/alaincardenas.com\/blog\/wp-content\/uploads\/2018\/04\/DSC_4554-copie.jpg?w=1752&amp;ssl=1 1752w\" sizes=\"(max-width: 215px) 100vw, 215px\" data-recalc-dims=\"1\" \/><\/a><p id=\"caption-attachment-1697\" class=\"wp-caption-text\">Figura 11<\/p><\/div>\n<p>&nbsp;<\/p>\n<p>&nbsp;<\/p>\n<p>&nbsp;<\/p>\n<p>&nbsp;<\/p>\n<p>&nbsp;<\/p>\n<p>&nbsp;<\/p>\n<p>&nbsp;<\/p>\n<p>&nbsp;<\/p>\n<p>&nbsp;<\/p>\n<hr \/>\n<p>(Figura 7 a 11) art\u00edculo de Emilio Delboy \u00ab\u00a0El dibujante cuzque\u00f1o C\u00e1rdenas Castro\u00a0\u00bb publicado en la revista Stylo en 1920 (ver bibliograf\u00eda)<\/p>\n<hr \/>\n<p>Otras instituciones han sido visitadas en la capital,\u00a0le Centro cultural de Bellas Artes, la Biblioteca y archivo hist\u00f3rico municipal de Lima, la Biblioteca nacional del Per\u00fa.<\/p>\n<p>Recopilaci\u00f3n de datos<\/p>\n<p>Al final de estas visitas, se recopil\u00f3 mucha informaci\u00f3n sobre la colaboraci\u00f3n de Juan Manuel Cardenas-Castro como dibujante e ilustrador con la revista peruana Variedades. Insisto en el papel \u00fanico de la revista <em>Variedades<\/em> (Vari\u00e9t\u00e9s), una revista ilustrada peruana de principios del siglo XX. Este peri\u00f3dico vino a reemplazar la revista <em>Prisma<\/em>, una publicaci\u00f3n de lujo. <em>Variedades<\/em> se ha posicionado como una revista m\u00e1s entretenida y popular. Se public\u00f3 en Lima de 1908 a 1931 y se vendi\u00f3 en quioscos y librer\u00edas todos los jueves. El fundador y editor en jefe de la revista\u00a0 <em>Prisma<\/em> y <em>Variedades<\/em>, Manuel Moral y Vega, un fot\u00f3grafo portugu\u00e9s, cambio el concepto de la revista en Per\u00fa al agregar t\u00e9cnicas fotogr\u00e1ficas innovadoras. Introdujo en 1905 la t\u00e9cnica tricrom\u00e1tica, con una reproducci\u00f3n de un jarr\u00f3n con rosas, en la revista <em>Prisma.<\/em><\/p>\n<p><em>Variedades<\/em>, como su nombre lo sugiere, ofrece una serie de temas destinados a satisfacer la demanda de nuevos lectores. Algunas secciones fueron dedicadas a la caricatura: \u00ab\u00a0Chirigota\u00a0\u00bb (Broma), \u00ab\u00a0Gente de casa\u00a0\u00bb y \u00ab\u00a0La caricatura en el extranjero\u00a0\u00bb. Otros que toman un tono cosmopolita se ocupan de diferentes temas: literaria, econ\u00f3mica y pol\u00edtica con los t\u00edtulos: \u00ab\u00a0Teatro y espect\u00e1culos\u00a0\u00bb, \u00ab\u00a0Moda\u00a0\u00bb, \u00ab\u00a0An\u00e9cdotas y recortes de prensa\u00a0\u00bb, \u00ab\u00a0Comercio e Industria\u00a0\u00bb, \u00ab\u00a0Informaci\u00f3n europea\u00a0\u00bb, \u00ab\u00a0Personalidades y eventos mundiales\u00a0\u00bb. Otras caracter\u00edsticas, como \u00a0\u00bb Las Provincias\u00a0\u00bb y \u00ab\u00a0Recetas tradicionales\u00a0\u00bb, agregaron un estilo popular a la revista.<\/p>\n<p><em><img data-attachment-id=\"1689\" data-permalink=\"https:\/\/alaincardenas.com\/blog\/juan-manuel-cardenas-castro-et-la-revue-variedades-1917-1920-4\/dsc_4768-variedades\/\" data-orig-file=\"https:\/\/i0.wp.com\/alaincardenas.com\/blog\/wp-content\/uploads\/2018\/04\/DSC_4768-Variedades.jpg?fit=2218%2C3655&amp;ssl=1\" data-orig-size=\"2218,3655\" data-comments-opened=\"0\" data-image-meta=\"{&quot;aperture&quot;:&quot;2&quot;,&quot;credit&quot;:&quot;&quot;,&quot;camera&quot;:&quot;F3311&quot;,&quot;caption&quot;:&quot;&quot;,&quot;created_timestamp&quot;:&quot;1521569696&quot;,&quot;copyright&quot;:&quot;&quot;,&quot;focal_length&quot;:&quot;3.5&quot;,&quot;iso&quot;:&quot;447&quot;,&quot;shutter_speed&quot;:&quot;0.030004000533404&quot;,&quot;title&quot;:&quot;&quot;,&quot;orientation&quot;:&quot;1&quot;}\" data-image-title=\"DSC_4768 Variedades\" data-image-description=\"\" data-image-caption=\"\" data-medium-file=\"https:\/\/i0.wp.com\/alaincardenas.com\/blog\/wp-content\/uploads\/2018\/04\/DSC_4768-Variedades.jpg?fit=182%2C300&amp;ssl=1\" data-large-file=\"https:\/\/i0.wp.com\/alaincardenas.com\/blog\/wp-content\/uploads\/2018\/04\/DSC_4768-Variedades.jpg?fit=584%2C963&amp;ssl=1\" decoding=\"async\" loading=\"lazy\" class=\"wp-image-1689 alignleft\" src=\"https:\/\/i0.wp.com\/alaincardenas.com\/blog\/wp-content\/uploads\/2018\/04\/DSC_4768-Variedades.jpg?resize=121%2C191&#038;ssl=1\" alt=\"\" width=\"121\" height=\"191\" data-recalc-dims=\"1\" \/><a href=\"https:\/\/i0.wp.com\/alaincardenas.com\/blog\/wp-content\/uploads\/2018\/04\/DSC_5317-Variedades.jpg?ssl=1\"><img data-attachment-id=\"1691\" data-permalink=\"https:\/\/alaincardenas.com\/blog\/juan-manuel-cardenas-castro-et-la-revue-variedades-1917-1920-4\/dsc_5317-variedades\/\" data-orig-file=\"https:\/\/i0.wp.com\/alaincardenas.com\/blog\/wp-content\/uploads\/2018\/04\/DSC_5317-Variedades.jpg?fit=1830%2C2936&amp;ssl=1\" data-orig-size=\"1830,2936\" data-comments-opened=\"0\" data-image-meta=\"{&quot;aperture&quot;:&quot;2&quot;,&quot;credit&quot;:&quot;&quot;,&quot;camera&quot;:&quot;F3311&quot;,&quot;caption&quot;:&quot;&quot;,&quot;created_timestamp&quot;:&quot;1521715376&quot;,&quot;copyright&quot;:&quot;&quot;,&quot;focal_length&quot;:&quot;3.5&quot;,&quot;iso&quot;:&quot;118&quot;,&quot;shutter_speed&quot;:&quot;0.0072209997830601&quot;,&quot;title&quot;:&quot;&quot;,&quot;orientation&quot;:&quot;1&quot;}\" data-image-title=\"DSC_5317 Variedades\" data-image-description=\"\" data-image-caption=\"\" data-medium-file=\"https:\/\/i0.wp.com\/alaincardenas.com\/blog\/wp-content\/uploads\/2018\/04\/DSC_5317-Variedades.jpg?fit=187%2C300&amp;ssl=1\" data-large-file=\"https:\/\/i0.wp.com\/alaincardenas.com\/blog\/wp-content\/uploads\/2018\/04\/DSC_5317-Variedades.jpg?fit=584%2C937&amp;ssl=1\" decoding=\"async\" loading=\"lazy\" class=\"alignnone wp-image-1691\" src=\"https:\/\/i0.wp.com\/alaincardenas.com\/blog\/wp-content\/uploads\/2018\/04\/DSC_5317-Variedades.jpg?resize=125%2C194&#038;ssl=1\" alt=\"\" width=\"125\" height=\"194\" data-recalc-dims=\"1\" \/><\/a><a href=\"https:\/\/alaincardenas.com\/blog\/wp-content\/uploads\/2018\/04\/DSC_5257.jpg\">\u00a0 \u00a0<img data-attachment-id=\"1690\" data-permalink=\"https:\/\/alaincardenas.com\/blog\/juan-manuel-cardenas-castro-et-la-revue-variedades-1917-1920-4\/dsc_5257\/\" data-orig-file=\"https:\/\/i0.wp.com\/alaincardenas.com\/blog\/wp-content\/uploads\/2018\/04\/DSC_5257.jpg?fit=2579%2C2052&amp;ssl=1\" data-orig-size=\"2579,2052\" data-comments-opened=\"0\" data-image-meta=\"{&quot;aperture&quot;:&quot;2&quot;,&quot;credit&quot;:&quot;&quot;,&quot;camera&quot;:&quot;F3311&quot;,&quot;caption&quot;:&quot;&quot;,&quot;created_timestamp&quot;:&quot;1521714538&quot;,&quot;copyright&quot;:&quot;&quot;,&quot;focal_length&quot;:&quot;3.5&quot;,&quot;iso&quot;:&quot;113&quot;,&quot;shutter_speed&quot;:&quot;0.0082809998768625&quot;,&quot;title&quot;:&quot;&quot;,&quot;orientation&quot;:&quot;1&quot;}\" data-image-title=\"DSC_5257\" data-image-description=\"\" data-image-caption=\"\" data-medium-file=\"https:\/\/i0.wp.com\/alaincardenas.com\/blog\/wp-content\/uploads\/2018\/04\/DSC_5257.jpg?fit=300%2C239&amp;ssl=1\" data-large-file=\"https:\/\/i0.wp.com\/alaincardenas.com\/blog\/wp-content\/uploads\/2018\/04\/DSC_5257.jpg?fit=584%2C465&amp;ssl=1\" decoding=\"async\" loading=\"lazy\" class=\"alignnone wp-image-1690\" src=\"https:\/\/i0.wp.com\/alaincardenas.com\/blog\/wp-content\/uploads\/2018\/04\/DSC_5257.jpg?resize=255%2C205&#038;ssl=1\" alt=\"\" width=\"255\" height=\"205\" data-recalc-dims=\"1\" \/><\/a><\/em><\/p>\n<hr \/>\n<p>De izquierda a derecha (Figuras 12, 13, 14). Portada, segunda portada interna y doble p\u00e1gina (Personalidades y eventos mundiales) de la revista <em>Variedades<\/em>, 1918.<\/p>\n<hr \/>\n<p><em>Variedades<\/em> ha sido una revista importante en el desarrollo del periodismo tanto por\u00a0 su dise\u00f1o y distribuci\u00f3n innovadores, as\u00ed como sus din\u00e1micas descripciones de las actividades pol\u00edticas, sociales, culturales y deportivas llevadas a cabo durante cinco d\u00e9cadas en el Per\u00fa (v\u00e9ase las fig. 12, 13, 14). Importantes personalidades del \u00e1mbito cultural peruano han contribuido a la fama de la revista como Manuel Beingolea, Enrique Bustamante y Ballivian, Jos\u00e9 Mar\u00eda Eguren, Jos\u00e9 G\u00e1lvez Barrenechea, Fausto Gasta\u00f1eta, Jos\u00e9 Carlos Mari\u00e1tegui, Ang\u00e9lica y Clemente Palma, Ricardo Palma, Mar\u00eda Wiesse, Luis Alberto S\u00e1nchez, Horacio H. Urteaga, Abraham Valdelomar, Luis Valle Goicochea y Cesar Vallejo. Por otro lado, se hizo un lugar importante para la difusi\u00f3n de obras literarias extranjeras. Autores como Gaston Leroux, Artur Conan Doyle y H. G. Wells contribuyeron a <em>Variedades<\/em>.<\/p>\n<p>Juan Manuel Cardenas-Castro fue el dibujante oficial de la revista durante el per\u00edodo comprendido entre el a\u00f1o 1915 y el a\u00f1o 1920. Enumer\u00e9 los dibujos y pinturas que hizo durante los a\u00f1os 1917 a 1920.<\/p>\n<div id=\"attachment_1692\" style=\"width: 309px\" class=\"wp-caption alignleft\"><a href=\"https:\/\/i0.wp.com\/alaincardenas.com\/blog\/wp-content\/uploads\/2018\/04\/DSC_5566-copie.jpg?ssl=1\"><img aria-describedby=\"caption-attachment-1692\" data-attachment-id=\"1692\" data-permalink=\"https:\/\/alaincardenas.com\/blog\/juan-manuel-cardenas-castro-et-la-revue-variedades-1917-1920-4\/dsc_5566-copie\/\" data-orig-file=\"https:\/\/i0.wp.com\/alaincardenas.com\/blog\/wp-content\/uploads\/2018\/04\/DSC_5566-copie.jpg?fit=299%2C478&amp;ssl=1\" data-orig-size=\"299,478\" data-comments-opened=\"0\" data-image-meta=\"{&quot;aperture&quot;:&quot;2&quot;,&quot;credit&quot;:&quot;&quot;,&quot;camera&quot;:&quot;F3311&quot;,&quot;caption&quot;:&quot;&quot;,&quot;created_timestamp&quot;:&quot;1521721825&quot;,&quot;copyright&quot;:&quot;&quot;,&quot;focal_length&quot;:&quot;3.5&quot;,&quot;iso&quot;:&quot;173&quot;,&quot;shutter_speed&quot;:&quot;0.0083309997199664&quot;,&quot;title&quot;:&quot;&quot;,&quot;orientation&quot;:&quot;1&quot;}\" data-image-title=\"DSC_5566 &#8211; copie\" data-image-description=\"\" data-image-caption=\"\" data-medium-file=\"https:\/\/i0.wp.com\/alaincardenas.com\/blog\/wp-content\/uploads\/2018\/04\/DSC_5566-copie.jpg?fit=188%2C300&amp;ssl=1\" data-large-file=\"https:\/\/i0.wp.com\/alaincardenas.com\/blog\/wp-content\/uploads\/2018\/04\/DSC_5566-copie.jpg?fit=299%2C478&amp;ssl=1\" decoding=\"async\" loading=\"lazy\" class=\"wp-image-1692 size-full\" src=\"https:\/\/i0.wp.com\/alaincardenas.com\/blog\/wp-content\/uploads\/2018\/04\/DSC_5566-copie.jpg?resize=299%2C478&#038;ssl=1\" alt=\"\" width=\"299\" height=\"478\" srcset=\"https:\/\/i0.wp.com\/alaincardenas.com\/blog\/wp-content\/uploads\/2018\/04\/DSC_5566-copie.jpg?w=299&amp;ssl=1 299w, https:\/\/i0.wp.com\/alaincardenas.com\/blog\/wp-content\/uploads\/2018\/04\/DSC_5566-copie.jpg?resize=188%2C300&amp;ssl=1 188w\" sizes=\"(max-width: 299px) 100vw, 299px\" data-recalc-dims=\"1\" \/><\/a><p id=\"caption-attachment-1692\" class=\"wp-caption-text\">(Fig. 15) Una caricatura de la columna \u00ab\u00a0Chirigota\u00a0\u00bb (broma) de Juan Manuel Cardenas Castro, Variedades No. 487, 30 de junio de 1917.<\/p><\/div>\n<p>Incluso si\u00a0 una publicaci\u00f3n exhaustiva de estas im\u00e1genes esta planificada, en principio prefer\u00ed seleccionarlas por cada t\u00edtulo de la revista, es decir, de acuerdo con los medios de clasificaci\u00f3n en cuanto al campo cultural \u00ab\u00a0Teatro y espect\u00e1culo\u00a0\u00bb las grandes piezas presentadas o de\u00a0 personalidades del mundo cultural nacional o internacional. Cabe se\u00f1alar que la importancia y el impacto de la caricatura es una de las principales caracter\u00edsticas de la revista (Figura 15). Dependiendo de las dimensiones de los trabajos, estos se enumeran y se especifican en un registro de cat\u00e1logo.<\/p>\n<p>Esta antolog\u00eda de 20 series de ilustraciones es solo una peque\u00f1a parte del trabajo realizado por Juan Manuel Cardenas-Castro en Lima para la redacci\u00f3n de la revista de 1915 a 1920.<\/p>\n<p>Estas obras, reproducidas durante los seis a\u00f1os de la colaboraci\u00f3n de Juan Manuel Cardenas Castro con la Revista\u00a0 <em>Variedades<\/em>, corresponden a tantas obras originales. Quiz\u00e1s a\u00fan pueden ser conservadas en colecciones peruanas. Mi pr\u00f3xima estar\u00e1 consagrada a buscar originales que permitan nuevas fuentes, particularmente en color, t\u00e9cnicas y formatos que no son visibles mediante la reproducci\u00f3n ilustrada en blanco y negro (Figura 15). Esta parte desconocida de la creaci\u00f3n de Juan Manuel Cardenas Castro como dibujante de Prensa es una parte importante de su trabajo, augura su actividad art\u00edstica y viene a confirmar la fuerza y la expresi\u00f3n que su dibujo\u00a0 encontrar\u00e1\u00a0 en sus siguientes pinturas.<\/p>\n<p><a href=\"#_ftnref1\" name=\"_ftn1\">[1]<\/a>\u00a0V\u00e9ase el articulo: CARDENAS-CASTRO Alain (2018), <em>De Juan Manuel y Jos\u00e9 F\u00e9lix Cardenas-Castro: dos artistas peruanos en medio de la dispersion latinoamericana a Par\u00eds. (3)<\/em> in blog: Sciences &amp; art contemporain IN &#8211; MH &#8211; OUT &#8211; OFF febrero de 2018<\/p>\n<p><a href=\"#_ftnref2\" name=\"_ftn2\">[2]\u00a0<\/a>El n \u00b0 27: Mateo Ochoa y el n \u00b0 24: Jos\u00e9 mart\u00edn Ochoa pudieron ser identificados por Guido Ochoan Alvarez.\u00a0Ver el diagrama (Figura 8) del art\u00edculo: CARDENAS-CASTRO Alain (2018),<em>\u00a0De Juan Manuel y Jos\u00e9 F\u00e9lix Cardenas-Castro: dos artistas peruanos en medio de la dispersidad latinoamericana en Par\u00eds. (3)<\/em>\u00a0in blog: Science &amp; Contemporary Art IN &#8211; MH &#8211; OUT &#8211; OFF Febrero de 2018.<\/p>\n<hr \/>\n<p><strong>Elementos de la bibliograf\u00eda<\/strong><\/p>\n<p>Bibliograf\u00eda<\/p>\n<ul>\n<li><em>Arte<\/em>, organo de la sociedad Daniel Hernandez, Escuela nacional de bellas artes de Lima (Per\u00fa), Enero de 1946<\/li>\n<li><em>Variedades<\/em>, revista semanal illustrada, casa editoral M. Moral, Lima, ediciones de los a\u00f1os 1917 a 1920<\/li>\n<li><em>Stylo<\/em>, lustracion mensual ano I \u2013 num. 4, International publicity c. Lima Per\u00fa, septiembre 1920<\/li>\n<li><em>Contrastes, arte y cultura<\/em>, Revista de la Universidad nacional Diego Quispe Tito \u2013 Cusco, agosto 2017<\/li>\n<li>Renonciat Annie, \u00ab\u00a0Les couleurs de l&rsquo;\u00e9dition au XIXe si\u00e8cle\u00a0: <em>\u00ab\u00a0Spectaculum horribile visu\u00a0\u00bb<\/em>?\u00a0\u00bb [\u00ab\u00a0Los colores de la publicaci\u00f3n en el siglo XIX:\u00a0\u00bb Spectaculum horribile visu \u00ab\u00a0? \u00ab\u00a0], <em>Romantisme<\/em>, 2012\/3 (n\u00b0157), p. 33-52. DOI : 10.3917\/rom.157.0033. URL : https:\/\/www.cairn.info\/revue-romantisme-2012-3-page-33.htm<\/li>\n<li>Lauer Mirko.<em> Introduccion a la pintura peruana del siglo XX<\/em>, Universidad Ricardo Palma editorial universitaria Lima\/ Per\u00fa 2007<\/li>\n<\/ul>\n<p>Sites<\/p>\n<ul>\n<li>Carlos Raygada (entrevista de 1951), Semanario Peruano\u2028Lima, a\u00f1o V, N\u00b0 9, 26 feb. 1951, pp. 29-31 in blog Cantera de sonidos, URL\u00a0: http:\/\/canteradesonidos.blogspot.fr\/2017\/06\/carlos-raygada-entrevista-de-1951.html<\/li>\n<li>http:\/\/www.arkivperu.com\/lulu-revista-femenina-peru-1915\/<\/li>\n<li>Garay Alb\u00fajar, Andr\u00e9s, &amp; Villacorta Ch\u00e1vez, Jorge. (2016). <em>El origen y desarrollo de la noci\u00f3n del \u00ab\u00a0reportero gr\u00e1fico\u00a0\u00bb en el per\u00fa y la visualidad del territorio a inicios del siglo xx<\/em>. Di\u00e1logo andino, (50), 99-113.\u00a0https:\/\/dx.doi.org\/10.4067\/S071926812016000200008<\/li>\n<li><em>Revista Variedades que entrega El Peruano cumple hoy cien a\u00f1os. Publicado <\/em>par DOP, Andina, Agencia peruana de noticias, Lima, 08:30 mar, 10\/03\/2008. URL\u00a0: http:\/\/andina.pe\/agencia\/noticia.aspx?id=164834<\/li>\n<li>Cardenas-Castro Alain (2017),\u00a0<em>En el espacio de un Estudio\u00a0 y m\u00e1s all\u00e1: sobre un boceto que representa a Juan Manuel Cardenas-Castro (1),\u00a0<\/em>in blog: Sciences &amp; art contemporain IN \u2013 MH \u2013 OUT \u2013 OFF noviembre 2017. URL:\u00a0https:\/\/alaincardenas.com\/blog\/oeuvre\/lespace-de-latelier-et-au-dela\/<\/li>\n<li>Cardenas-Castro Alain (2018),\u00a0<em>De Juan Manuel et Jos\u00e9 F\u00e9lix Cardenas-Castro: dos artistas en medio de la dispersion latinoamericana a Par\u00eds. (3)<\/em> in blog\u00a0: Sciences &amp; art contemporain, febrero 2018. URL\u00a0: https:\/\/alaincardenas.com\/blog\/oeuvre\/de-juan-manuel-et-jose-felix-cardenas-castro-deux-artistes-peruviens-au-sein-de-la-diaspora-latino-americaine-a-paris-3\/<\/li>\n<\/ul>\n<hr \/>\n<p><strong>Ap\u00e9ndice iconogr\u00e1fico: ilustraciones de Juan Manuel C\u00e1rdenas Castro para el semanario Variedades<\/strong><strong>.<\/strong><\/p>\n<p>Estas diferentes obras de arte ilustrativas,\u00a0 lo remarco, todas debido a Juan Manuel Cardenas-Castro.<\/p>\n<p>Por razones de facilidad de lectura, he unificado los datos de la siguiente manera:<\/p>\n<p>Juan Manuel Cardenas-Castro, t\u00edtulo de la obra, (a\u00f1o o sin fecha), t\u00e9cnica (si se comunica), dimensiones (si se comunica), firma completa o abreviada y posiciones en las obras: abajo, derecha, alto, a la izquierda, t\u00edtulo del Ilustraci\u00f3n, texto ilustrado y autor (si corresponde).\u00a0En el estado actual de las investigaci\u00f3nes realizadas, tendr\u00e9 cuidado en todos los documentos de trabajo cuya calidad se mejorar\u00e1 en publicaciones posteriores.<\/p>\n<p><strong>Revista Variedades: recordatorio hist\u00f3rico<\/strong><\/p>\n<p>La revista <em>Variedades<\/em> apareci\u00f3 entre 1908 y 1931. Juan Manuel Cardenas-Castro colabor\u00f3 desde 1915 hasta 1920. Produjo para cada entrega de edici\u00f3n un n\u00famero muy variable de piezas: y al menos un dibujo,\u00a0 cuatro a cinco o mas son publicados. Es razonable pensar en un corpus de unas tres mil unidades de piezas\u00a0 debido a la variedad de eventos que se tienen en cuenta en estas ediciones.<\/p>\n<p>Comenc\u00e9 a analizar estas im\u00e1genes como parte de herramientas relacionadas con la preparaci\u00f3n de una parte por mi doctorado y la otra, exposiciones para diseminar conocimiento sobre este artista. Este trabajo se centra en los recursos encontrados recientemente para el per\u00edodo de 1917 a 1920.<\/p>\n<p><a href=\"https:\/\/i0.wp.com\/alaincardenas.com\/blog\/wp-content\/uploads\/2018\/04\/variedades-p.-1-3.jpg?ssl=1\"><img data-attachment-id=\"1995\" data-permalink=\"https:\/\/alaincardenas.com\/blog\/juan-manuel-cardenas-castro-et-la-revue-variedades-1917-1920-4\/variedades-p-1-4\/\" data-orig-file=\"https:\/\/i0.wp.com\/alaincardenas.com\/blog\/wp-content\/uploads\/2018\/04\/variedades-p.-1-3.jpg?fit=1240%2C1753&amp;ssl=1\" data-orig-size=\"1240,1753\" data-comments-opened=\"0\" data-image-meta=\"{&quot;aperture&quot;:&quot;0&quot;,&quot;credit&quot;:&quot;&quot;,&quot;camera&quot;:&quot;&quot;,&quot;caption&quot;:&quot;&quot;,&quot;created_timestamp&quot;:&quot;0&quot;,&quot;copyright&quot;:&quot;&quot;,&quot;focal_length&quot;:&quot;0&quot;,&quot;iso&quot;:&quot;0&quot;,&quot;shutter_speed&quot;:&quot;0&quot;,&quot;title&quot;:&quot;&quot;,&quot;orientation&quot;:&quot;0&quot;}\" data-image-title=\"variedades p. 1\" data-image-description=\"\" data-image-caption=\"\" data-medium-file=\"https:\/\/i0.wp.com\/alaincardenas.com\/blog\/wp-content\/uploads\/2018\/04\/variedades-p.-1-3.jpg?fit=212%2C300&amp;ssl=1\" data-large-file=\"https:\/\/i0.wp.com\/alaincardenas.com\/blog\/wp-content\/uploads\/2018\/04\/variedades-p.-1-3.jpg?fit=584%2C826&amp;ssl=1\" decoding=\"async\" loading=\"lazy\" class=\"alignnone size-large wp-image-1995\" src=\"https:\/\/i0.wp.com\/alaincardenas.com\/blog\/wp-content\/uploads\/2018\/04\/variedades-p.-1-3.jpg?resize=584%2C826&#038;ssl=1\" alt=\"\" width=\"584\" height=\"826\" srcset=\"https:\/\/i0.wp.com\/alaincardenas.com\/blog\/wp-content\/uploads\/2018\/04\/variedades-p.-1-3.jpg?resize=724%2C1024&amp;ssl=1 724w, https:\/\/i0.wp.com\/alaincardenas.com\/blog\/wp-content\/uploads\/2018\/04\/variedades-p.-1-3.jpg?resize=212%2C300&amp;ssl=1 212w, https:\/\/i0.wp.com\/alaincardenas.com\/blog\/wp-content\/uploads\/2018\/04\/variedades-p.-1-3.jpg?resize=768%2C1086&amp;ssl=1 768w, https:\/\/i0.wp.com\/alaincardenas.com\/blog\/wp-content\/uploads\/2018\/04\/variedades-p.-1-3.jpg?w=1240&amp;ssl=1 1240w, https:\/\/i0.wp.com\/alaincardenas.com\/blog\/wp-content\/uploads\/2018\/04\/variedades-p.-1-3.jpg?w=1168&amp;ssl=1 1168w\" sizes=\"(max-width: 584px) 100vw, 584px\" data-recalc-dims=\"1\" \/><\/a> <a href=\"https:\/\/i0.wp.com\/alaincardenas.com\/blog\/wp-content\/uploads\/2018\/04\/variedades-p.-2-2.jpg?ssl=1\"><img data-attachment-id=\"1996\" data-permalink=\"https:\/\/alaincardenas.com\/blog\/juan-manuel-cardenas-castro-et-la-revue-variedades-1917-1920-4\/variedades-p-2-3\/\" data-orig-file=\"https:\/\/i0.wp.com\/alaincardenas.com\/blog\/wp-content\/uploads\/2018\/04\/variedades-p.-2-2.jpg?fit=1240%2C1753&amp;ssl=1\" data-orig-size=\"1240,1753\" data-comments-opened=\"0\" data-image-meta=\"{&quot;aperture&quot;:&quot;0&quot;,&quot;credit&quot;:&quot;&quot;,&quot;camera&quot;:&quot;&quot;,&quot;caption&quot;:&quot;&quot;,&quot;created_timestamp&quot;:&quot;0&quot;,&quot;copyright&quot;:&quot;&quot;,&quot;focal_length&quot;:&quot;0&quot;,&quot;iso&quot;:&quot;0&quot;,&quot;shutter_speed&quot;:&quot;0&quot;,&quot;title&quot;:&quot;&quot;,&quot;orientation&quot;:&quot;0&quot;}\" data-image-title=\"variedades p. 2\" data-image-description=\"\" data-image-caption=\"\" data-medium-file=\"https:\/\/i0.wp.com\/alaincardenas.com\/blog\/wp-content\/uploads\/2018\/04\/variedades-p.-2-2.jpg?fit=212%2C300&amp;ssl=1\" data-large-file=\"https:\/\/i0.wp.com\/alaincardenas.com\/blog\/wp-content\/uploads\/2018\/04\/variedades-p.-2-2.jpg?fit=584%2C826&amp;ssl=1\" decoding=\"async\" loading=\"lazy\" class=\"alignnone size-large wp-image-1996\" src=\"https:\/\/i0.wp.com\/alaincardenas.com\/blog\/wp-content\/uploads\/2018\/04\/variedades-p.-2-2.jpg?resize=584%2C826&#038;ssl=1\" alt=\"\" width=\"584\" height=\"826\" srcset=\"https:\/\/i0.wp.com\/alaincardenas.com\/blog\/wp-content\/uploads\/2018\/04\/variedades-p.-2-2.jpg?resize=724%2C1024&amp;ssl=1 724w, https:\/\/i0.wp.com\/alaincardenas.com\/blog\/wp-content\/uploads\/2018\/04\/variedades-p.-2-2.jpg?resize=212%2C300&amp;ssl=1 212w, https:\/\/i0.wp.com\/alaincardenas.com\/blog\/wp-content\/uploads\/2018\/04\/variedades-p.-2-2.jpg?resize=768%2C1086&amp;ssl=1 768w, https:\/\/i0.wp.com\/alaincardenas.com\/blog\/wp-content\/uploads\/2018\/04\/variedades-p.-2-2.jpg?w=1240&amp;ssl=1 1240w, https:\/\/i0.wp.com\/alaincardenas.com\/blog\/wp-content\/uploads\/2018\/04\/variedades-p.-2-2.jpg?w=1168&amp;ssl=1 1168w\" sizes=\"(max-width: 584px) 100vw, 584px\" data-recalc-dims=\"1\" \/><\/a> <a href=\"https:\/\/i0.wp.com\/alaincardenas.com\/blog\/wp-content\/uploads\/2018\/04\/variedades-p.-3-2.jpg?ssl=1\"><img data-attachment-id=\"1997\" data-permalink=\"https:\/\/alaincardenas.com\/blog\/juan-manuel-cardenas-castro-et-la-revue-variedades-1917-1920-4\/variedades-p-3-3\/\" data-orig-file=\"https:\/\/i0.wp.com\/alaincardenas.com\/blog\/wp-content\/uploads\/2018\/04\/variedades-p.-3-2.jpg?fit=1240%2C1753&amp;ssl=1\" data-orig-size=\"1240,1753\" data-comments-opened=\"0\" data-image-meta=\"{&quot;aperture&quot;:&quot;0&quot;,&quot;credit&quot;:&quot;&quot;,&quot;camera&quot;:&quot;&quot;,&quot;caption&quot;:&quot;&quot;,&quot;created_timestamp&quot;:&quot;0&quot;,&quot;copyright&quot;:&quot;&quot;,&quot;focal_length&quot;:&quot;0&quot;,&quot;iso&quot;:&quot;0&quot;,&quot;shutter_speed&quot;:&quot;0&quot;,&quot;title&quot;:&quot;&quot;,&quot;orientation&quot;:&quot;0&quot;}\" data-image-title=\"variedades p. 3\" data-image-description=\"\" data-image-caption=\"\" data-medium-file=\"https:\/\/i0.wp.com\/alaincardenas.com\/blog\/wp-content\/uploads\/2018\/04\/variedades-p.-3-2.jpg?fit=212%2C300&amp;ssl=1\" data-large-file=\"https:\/\/i0.wp.com\/alaincardenas.com\/blog\/wp-content\/uploads\/2018\/04\/variedades-p.-3-2.jpg?fit=584%2C826&amp;ssl=1\" decoding=\"async\" loading=\"lazy\" class=\"alignnone size-large wp-image-1997\" src=\"https:\/\/i0.wp.com\/alaincardenas.com\/blog\/wp-content\/uploads\/2018\/04\/variedades-p.-3-2.jpg?resize=584%2C826&#038;ssl=1\" alt=\"\" width=\"584\" height=\"826\" srcset=\"https:\/\/i0.wp.com\/alaincardenas.com\/blog\/wp-content\/uploads\/2018\/04\/variedades-p.-3-2.jpg?resize=724%2C1024&amp;ssl=1 724w, https:\/\/i0.wp.com\/alaincardenas.com\/blog\/wp-content\/uploads\/2018\/04\/variedades-p.-3-2.jpg?resize=212%2C300&amp;ssl=1 212w, https:\/\/i0.wp.com\/alaincardenas.com\/blog\/wp-content\/uploads\/2018\/04\/variedades-p.-3-2.jpg?resize=768%2C1086&amp;ssl=1 768w, https:\/\/i0.wp.com\/alaincardenas.com\/blog\/wp-content\/uploads\/2018\/04\/variedades-p.-3-2.jpg?w=1240&amp;ssl=1 1240w, https:\/\/i0.wp.com\/alaincardenas.com\/blog\/wp-content\/uploads\/2018\/04\/variedades-p.-3-2.jpg?w=1168&amp;ssl=1 1168w\" sizes=\"(max-width: 584px) 100vw, 584px\" data-recalc-dims=\"1\" \/><\/a> <a href=\"https:\/\/i0.wp.com\/alaincardenas.com\/blog\/wp-content\/uploads\/2018\/04\/variedades-p.-4-2.jpg?ssl=1\"><img data-attachment-id=\"1998\" data-permalink=\"https:\/\/alaincardenas.com\/blog\/juan-manuel-cardenas-castro-et-la-revue-variedades-1917-1920-4\/variedades-p-4-3\/\" data-orig-file=\"https:\/\/i0.wp.com\/alaincardenas.com\/blog\/wp-content\/uploads\/2018\/04\/variedades-p.-4-2.jpg?fit=1240%2C1753&amp;ssl=1\" data-orig-size=\"1240,1753\" data-comments-opened=\"0\" data-image-meta=\"{&quot;aperture&quot;:&quot;0&quot;,&quot;credit&quot;:&quot;&quot;,&quot;camera&quot;:&quot;&quot;,&quot;caption&quot;:&quot;&quot;,&quot;created_timestamp&quot;:&quot;0&quot;,&quot;copyright&quot;:&quot;&quot;,&quot;focal_length&quot;:&quot;0&quot;,&quot;iso&quot;:&quot;0&quot;,&quot;shutter_speed&quot;:&quot;0&quot;,&quot;title&quot;:&quot;&quot;,&quot;orientation&quot;:&quot;0&quot;}\" data-image-title=\"variedades p. 4\" data-image-description=\"\" data-image-caption=\"\" data-medium-file=\"https:\/\/i0.wp.com\/alaincardenas.com\/blog\/wp-content\/uploads\/2018\/04\/variedades-p.-4-2.jpg?fit=212%2C300&amp;ssl=1\" data-large-file=\"https:\/\/i0.wp.com\/alaincardenas.com\/blog\/wp-content\/uploads\/2018\/04\/variedades-p.-4-2.jpg?fit=584%2C826&amp;ssl=1\" decoding=\"async\" loading=\"lazy\" class=\"alignnone size-large wp-image-1998\" src=\"https:\/\/i0.wp.com\/alaincardenas.com\/blog\/wp-content\/uploads\/2018\/04\/variedades-p.-4-2.jpg?resize=584%2C826&#038;ssl=1\" alt=\"\" width=\"584\" height=\"826\" srcset=\"https:\/\/i0.wp.com\/alaincardenas.com\/blog\/wp-content\/uploads\/2018\/04\/variedades-p.-4-2.jpg?resize=724%2C1024&amp;ssl=1 724w, https:\/\/i0.wp.com\/alaincardenas.com\/blog\/wp-content\/uploads\/2018\/04\/variedades-p.-4-2.jpg?resize=212%2C300&amp;ssl=1 212w, https:\/\/i0.wp.com\/alaincardenas.com\/blog\/wp-content\/uploads\/2018\/04\/variedades-p.-4-2.jpg?resize=768%2C1086&amp;ssl=1 768w, https:\/\/i0.wp.com\/alaincardenas.com\/blog\/wp-content\/uploads\/2018\/04\/variedades-p.-4-2.jpg?w=1240&amp;ssl=1 1240w, https:\/\/i0.wp.com\/alaincardenas.com\/blog\/wp-content\/uploads\/2018\/04\/variedades-p.-4-2.jpg?w=1168&amp;ssl=1 1168w\" sizes=\"(max-width: 584px) 100vw, 584px\" data-recalc-dims=\"1\" \/><\/a> <a href=\"https:\/\/i0.wp.com\/alaincardenas.com\/blog\/wp-content\/uploads\/2018\/04\/variedades-p.-5-2.jpg?ssl=1\"><img data-attachment-id=\"1999\" data-permalink=\"https:\/\/alaincardenas.com\/blog\/juan-manuel-cardenas-castro-et-la-revue-variedades-1917-1920-4\/variedades-p-5-3\/\" data-orig-file=\"https:\/\/i0.wp.com\/alaincardenas.com\/blog\/wp-content\/uploads\/2018\/04\/variedades-p.-5-2.jpg?fit=1240%2C1753&amp;ssl=1\" data-orig-size=\"1240,1753\" data-comments-opened=\"0\" data-image-meta=\"{&quot;aperture&quot;:&quot;0&quot;,&quot;credit&quot;:&quot;&quot;,&quot;camera&quot;:&quot;&quot;,&quot;caption&quot;:&quot;&quot;,&quot;created_timestamp&quot;:&quot;0&quot;,&quot;copyright&quot;:&quot;&quot;,&quot;focal_length&quot;:&quot;0&quot;,&quot;iso&quot;:&quot;0&quot;,&quot;shutter_speed&quot;:&quot;0&quot;,&quot;title&quot;:&quot;&quot;,&quot;orientation&quot;:&quot;0&quot;}\" data-image-title=\"variedades p. 5\" data-image-description=\"\" data-image-caption=\"\" data-medium-file=\"https:\/\/i0.wp.com\/alaincardenas.com\/blog\/wp-content\/uploads\/2018\/04\/variedades-p.-5-2.jpg?fit=212%2C300&amp;ssl=1\" data-large-file=\"https:\/\/i0.wp.com\/alaincardenas.com\/blog\/wp-content\/uploads\/2018\/04\/variedades-p.-5-2.jpg?fit=584%2C826&amp;ssl=1\" decoding=\"async\" loading=\"lazy\" class=\"alignnone size-large wp-image-1999\" src=\"https:\/\/i0.wp.com\/alaincardenas.com\/blog\/wp-content\/uploads\/2018\/04\/variedades-p.-5-2.jpg?resize=584%2C826&#038;ssl=1\" alt=\"\" width=\"584\" height=\"826\" srcset=\"https:\/\/i0.wp.com\/alaincardenas.com\/blog\/wp-content\/uploads\/2018\/04\/variedades-p.-5-2.jpg?resize=724%2C1024&amp;ssl=1 724w, https:\/\/i0.wp.com\/alaincardenas.com\/blog\/wp-content\/uploads\/2018\/04\/variedades-p.-5-2.jpg?resize=212%2C300&amp;ssl=1 212w, https:\/\/i0.wp.com\/alaincardenas.com\/blog\/wp-content\/uploads\/2018\/04\/variedades-p.-5-2.jpg?resize=768%2C1086&amp;ssl=1 768w, https:\/\/i0.wp.com\/alaincardenas.com\/blog\/wp-content\/uploads\/2018\/04\/variedades-p.-5-2.jpg?w=1240&amp;ssl=1 1240w, https:\/\/i0.wp.com\/alaincardenas.com\/blog\/wp-content\/uploads\/2018\/04\/variedades-p.-5-2.jpg?w=1168&amp;ssl=1 1168w\" sizes=\"(max-width: 584px) 100vw, 584px\" data-recalc-dims=\"1\" \/><\/a> <a href=\"https:\/\/i0.wp.com\/alaincardenas.com\/blog\/wp-content\/uploads\/2018\/04\/variedades-p.-6-2.jpg?ssl=1\"><img data-attachment-id=\"2000\" data-permalink=\"https:\/\/alaincardenas.com\/blog\/juan-manuel-cardenas-castro-et-la-revue-variedades-1917-1920-4\/variedades-p-6-3\/\" data-orig-file=\"https:\/\/i0.wp.com\/alaincardenas.com\/blog\/wp-content\/uploads\/2018\/04\/variedades-p.-6-2.jpg?fit=1240%2C1753&amp;ssl=1\" data-orig-size=\"1240,1753\" data-comments-opened=\"0\" data-image-meta=\"{&quot;aperture&quot;:&quot;0&quot;,&quot;credit&quot;:&quot;&quot;,&quot;camera&quot;:&quot;&quot;,&quot;caption&quot;:&quot;&quot;,&quot;created_timestamp&quot;:&quot;0&quot;,&quot;copyright&quot;:&quot;&quot;,&quot;focal_length&quot;:&quot;0&quot;,&quot;iso&quot;:&quot;0&quot;,&quot;shutter_speed&quot;:&quot;0&quot;,&quot;title&quot;:&quot;&quot;,&quot;orientation&quot;:&quot;0&quot;}\" data-image-title=\"variedades p. 6\" data-image-description=\"\" data-image-caption=\"\" data-medium-file=\"https:\/\/i0.wp.com\/alaincardenas.com\/blog\/wp-content\/uploads\/2018\/04\/variedades-p.-6-2.jpg?fit=212%2C300&amp;ssl=1\" data-large-file=\"https:\/\/i0.wp.com\/alaincardenas.com\/blog\/wp-content\/uploads\/2018\/04\/variedades-p.-6-2.jpg?fit=584%2C826&amp;ssl=1\" decoding=\"async\" loading=\"lazy\" class=\"alignnone size-large wp-image-2000\" src=\"https:\/\/i0.wp.com\/alaincardenas.com\/blog\/wp-content\/uploads\/2018\/04\/variedades-p.-6-2.jpg?resize=584%2C826&#038;ssl=1\" alt=\"\" width=\"584\" height=\"826\" srcset=\"https:\/\/i0.wp.com\/alaincardenas.com\/blog\/wp-content\/uploads\/2018\/04\/variedades-p.-6-2.jpg?resize=724%2C1024&amp;ssl=1 724w, https:\/\/i0.wp.com\/alaincardenas.com\/blog\/wp-content\/uploads\/2018\/04\/variedades-p.-6-2.jpg?resize=212%2C300&amp;ssl=1 212w, https:\/\/i0.wp.com\/alaincardenas.com\/blog\/wp-content\/uploads\/2018\/04\/variedades-p.-6-2.jpg?resize=768%2C1086&amp;ssl=1 768w, https:\/\/i0.wp.com\/alaincardenas.com\/blog\/wp-content\/uploads\/2018\/04\/variedades-p.-6-2.jpg?w=1240&amp;ssl=1 1240w, https:\/\/i0.wp.com\/alaincardenas.com\/blog\/wp-content\/uploads\/2018\/04\/variedades-p.-6-2.jpg?w=1168&amp;ssl=1 1168w\" sizes=\"(max-width: 584px) 100vw, 584px\" data-recalc-dims=\"1\" \/><\/a> <a href=\"https:\/\/i0.wp.com\/alaincardenas.com\/blog\/wp-content\/uploads\/2018\/04\/variedades-p.-7-2.jpg?ssl=1\"><img data-attachment-id=\"2001\" data-permalink=\"https:\/\/alaincardenas.com\/blog\/juan-manuel-cardenas-castro-et-la-revue-variedades-1917-1920-4\/variedades-p-7-3\/\" data-orig-file=\"https:\/\/i0.wp.com\/alaincardenas.com\/blog\/wp-content\/uploads\/2018\/04\/variedades-p.-7-2.jpg?fit=1240%2C1753&amp;ssl=1\" data-orig-size=\"1240,1753\" data-comments-opened=\"0\" data-image-meta=\"{&quot;aperture&quot;:&quot;0&quot;,&quot;credit&quot;:&quot;&quot;,&quot;camera&quot;:&quot;&quot;,&quot;caption&quot;:&quot;&quot;,&quot;created_timestamp&quot;:&quot;0&quot;,&quot;copyright&quot;:&quot;&quot;,&quot;focal_length&quot;:&quot;0&quot;,&quot;iso&quot;:&quot;0&quot;,&quot;shutter_speed&quot;:&quot;0&quot;,&quot;title&quot;:&quot;&quot;,&quot;orientation&quot;:&quot;0&quot;}\" data-image-title=\"variedades p. 7\" data-image-description=\"\" data-image-caption=\"\" data-medium-file=\"https:\/\/i0.wp.com\/alaincardenas.com\/blog\/wp-content\/uploads\/2018\/04\/variedades-p.-7-2.jpg?fit=212%2C300&amp;ssl=1\" data-large-file=\"https:\/\/i0.wp.com\/alaincardenas.com\/blog\/wp-content\/uploads\/2018\/04\/variedades-p.-7-2.jpg?fit=584%2C826&amp;ssl=1\" decoding=\"async\" loading=\"lazy\" class=\"alignnone size-large wp-image-2001\" src=\"https:\/\/i0.wp.com\/alaincardenas.com\/blog\/wp-content\/uploads\/2018\/04\/variedades-p.-7-2.jpg?resize=584%2C826&#038;ssl=1\" alt=\"\" width=\"584\" height=\"826\" srcset=\"https:\/\/i0.wp.com\/alaincardenas.com\/blog\/wp-content\/uploads\/2018\/04\/variedades-p.-7-2.jpg?resize=724%2C1024&amp;ssl=1 724w, https:\/\/i0.wp.com\/alaincardenas.com\/blog\/wp-content\/uploads\/2018\/04\/variedades-p.-7-2.jpg?resize=212%2C300&amp;ssl=1 212w, https:\/\/i0.wp.com\/alaincardenas.com\/blog\/wp-content\/uploads\/2018\/04\/variedades-p.-7-2.jpg?resize=768%2C1086&amp;ssl=1 768w, https:\/\/i0.wp.com\/alaincardenas.com\/blog\/wp-content\/uploads\/2018\/04\/variedades-p.-7-2.jpg?w=1240&amp;ssl=1 1240w, https:\/\/i0.wp.com\/alaincardenas.com\/blog\/wp-content\/uploads\/2018\/04\/variedades-p.-7-2.jpg?w=1168&amp;ssl=1 1168w\" sizes=\"(max-width: 584px) 100vw, 584px\" data-recalc-dims=\"1\" \/><\/a> <a href=\"https:\/\/i0.wp.com\/alaincardenas.com\/blog\/wp-content\/uploads\/2018\/04\/variedades-p.-8-2.jpg?ssl=1\"><img data-attachment-id=\"2002\" data-permalink=\"https:\/\/alaincardenas.com\/blog\/juan-manuel-cardenas-castro-et-la-revue-variedades-1917-1920-4\/variedades-p-8-3\/\" data-orig-file=\"https:\/\/i0.wp.com\/alaincardenas.com\/blog\/wp-content\/uploads\/2018\/04\/variedades-p.-8-2.jpg?fit=1240%2C1753&amp;ssl=1\" data-orig-size=\"1240,1753\" data-comments-opened=\"0\" data-image-meta=\"{&quot;aperture&quot;:&quot;0&quot;,&quot;credit&quot;:&quot;&quot;,&quot;camera&quot;:&quot;&quot;,&quot;caption&quot;:&quot;&quot;,&quot;created_timestamp&quot;:&quot;0&quot;,&quot;copyright&quot;:&quot;&quot;,&quot;focal_length&quot;:&quot;0&quot;,&quot;iso&quot;:&quot;0&quot;,&quot;shutter_speed&quot;:&quot;0&quot;,&quot;title&quot;:&quot;&quot;,&quot;orientation&quot;:&quot;0&quot;}\" data-image-title=\"variedades p. 8\" data-image-description=\"\" data-image-caption=\"\" data-medium-file=\"https:\/\/i0.wp.com\/alaincardenas.com\/blog\/wp-content\/uploads\/2018\/04\/variedades-p.-8-2.jpg?fit=212%2C300&amp;ssl=1\" data-large-file=\"https:\/\/i0.wp.com\/alaincardenas.com\/blog\/wp-content\/uploads\/2018\/04\/variedades-p.-8-2.jpg?fit=584%2C826&amp;ssl=1\" decoding=\"async\" loading=\"lazy\" class=\"alignnone size-large wp-image-2002\" src=\"https:\/\/i0.wp.com\/alaincardenas.com\/blog\/wp-content\/uploads\/2018\/04\/variedades-p.-8-2.jpg?resize=584%2C826&#038;ssl=1\" alt=\"\" width=\"584\" height=\"826\" srcset=\"https:\/\/i0.wp.com\/alaincardenas.com\/blog\/wp-content\/uploads\/2018\/04\/variedades-p.-8-2.jpg?resize=724%2C1024&amp;ssl=1 724w, https:\/\/i0.wp.com\/alaincardenas.com\/blog\/wp-content\/uploads\/2018\/04\/variedades-p.-8-2.jpg?resize=212%2C300&amp;ssl=1 212w, https:\/\/i0.wp.com\/alaincardenas.com\/blog\/wp-content\/uploads\/2018\/04\/variedades-p.-8-2.jpg?resize=768%2C1086&amp;ssl=1 768w, https:\/\/i0.wp.com\/alaincardenas.com\/blog\/wp-content\/uploads\/2018\/04\/variedades-p.-8-2.jpg?w=1240&amp;ssl=1 1240w, https:\/\/i0.wp.com\/alaincardenas.com\/blog\/wp-content\/uploads\/2018\/04\/variedades-p.-8-2.jpg?w=1168&amp;ssl=1 1168w\" sizes=\"(max-width: 584px) 100vw, 584px\" data-recalc-dims=\"1\" \/><\/a> <a href=\"https:\/\/i0.wp.com\/alaincardenas.com\/blog\/wp-content\/uploads\/2018\/04\/variedades-p.-9-2.jpg?ssl=1\"><img data-attachment-id=\"2003\" data-permalink=\"https:\/\/alaincardenas.com\/blog\/juan-manuel-cardenas-castro-et-la-revue-variedades-1917-1920-4\/variedades-p-9-3\/\" data-orig-file=\"https:\/\/i0.wp.com\/alaincardenas.com\/blog\/wp-content\/uploads\/2018\/04\/variedades-p.-9-2.jpg?fit=1240%2C1753&amp;ssl=1\" data-orig-size=\"1240,1753\" data-comments-opened=\"0\" data-image-meta=\"{&quot;aperture&quot;:&quot;0&quot;,&quot;credit&quot;:&quot;&quot;,&quot;camera&quot;:&quot;&quot;,&quot;caption&quot;:&quot;&quot;,&quot;created_timestamp&quot;:&quot;0&quot;,&quot;copyright&quot;:&quot;&quot;,&quot;focal_length&quot;:&quot;0&quot;,&quot;iso&quot;:&quot;0&quot;,&quot;shutter_speed&quot;:&quot;0&quot;,&quot;title&quot;:&quot;&quot;,&quot;orientation&quot;:&quot;0&quot;}\" data-image-title=\"variedades p. 9\" data-image-description=\"\" data-image-caption=\"\" data-medium-file=\"https:\/\/i0.wp.com\/alaincardenas.com\/blog\/wp-content\/uploads\/2018\/04\/variedades-p.-9-2.jpg?fit=212%2C300&amp;ssl=1\" data-large-file=\"https:\/\/i0.wp.com\/alaincardenas.com\/blog\/wp-content\/uploads\/2018\/04\/variedades-p.-9-2.jpg?fit=584%2C826&amp;ssl=1\" decoding=\"async\" loading=\"lazy\" class=\"alignnone size-large wp-image-2003\" src=\"https:\/\/i0.wp.com\/alaincardenas.com\/blog\/wp-content\/uploads\/2018\/04\/variedades-p.-9-2.jpg?resize=584%2C826&#038;ssl=1\" alt=\"\" width=\"584\" height=\"826\" srcset=\"https:\/\/i0.wp.com\/alaincardenas.com\/blog\/wp-content\/uploads\/2018\/04\/variedades-p.-9-2.jpg?resize=724%2C1024&amp;ssl=1 724w, https:\/\/i0.wp.com\/alaincardenas.com\/blog\/wp-content\/uploads\/2018\/04\/variedades-p.-9-2.jpg?resize=212%2C300&amp;ssl=1 212w, https:\/\/i0.wp.com\/alaincardenas.com\/blog\/wp-content\/uploads\/2018\/04\/variedades-p.-9-2.jpg?resize=768%2C1086&amp;ssl=1 768w, https:\/\/i0.wp.com\/alaincardenas.com\/blog\/wp-content\/uploads\/2018\/04\/variedades-p.-9-2.jpg?w=1240&amp;ssl=1 1240w, https:\/\/i0.wp.com\/alaincardenas.com\/blog\/wp-content\/uploads\/2018\/04\/variedades-p.-9-2.jpg?w=1168&amp;ssl=1 1168w\" sizes=\"(max-width: 584px) 100vw, 584px\" data-recalc-dims=\"1\" \/><\/a> <a href=\"https:\/\/i0.wp.com\/alaincardenas.com\/blog\/wp-content\/uploads\/2018\/04\/variedades-p.-10-2.jpg?ssl=1\"><img data-attachment-id=\"2004\" data-permalink=\"https:\/\/alaincardenas.com\/blog\/juan-manuel-cardenas-castro-et-la-revue-variedades-1917-1920-4\/variedades-p-10-3\/\" data-orig-file=\"https:\/\/i0.wp.com\/alaincardenas.com\/blog\/wp-content\/uploads\/2018\/04\/variedades-p.-10-2.jpg?fit=1240%2C1753&amp;ssl=1\" data-orig-size=\"1240,1753\" data-comments-opened=\"0\" data-image-meta=\"{&quot;aperture&quot;:&quot;0&quot;,&quot;credit&quot;:&quot;&quot;,&quot;camera&quot;:&quot;&quot;,&quot;caption&quot;:&quot;&quot;,&quot;created_timestamp&quot;:&quot;0&quot;,&quot;copyright&quot;:&quot;&quot;,&quot;focal_length&quot;:&quot;0&quot;,&quot;iso&quot;:&quot;0&quot;,&quot;shutter_speed&quot;:&quot;0&quot;,&quot;title&quot;:&quot;&quot;,&quot;orientation&quot;:&quot;0&quot;}\" data-image-title=\"variedades p. 10\" data-image-description=\"\" data-image-caption=\"\" data-medium-file=\"https:\/\/i0.wp.com\/alaincardenas.com\/blog\/wp-content\/uploads\/2018\/04\/variedades-p.-10-2.jpg?fit=212%2C300&amp;ssl=1\" data-large-file=\"https:\/\/i0.wp.com\/alaincardenas.com\/blog\/wp-content\/uploads\/2018\/04\/variedades-p.-10-2.jpg?fit=584%2C826&amp;ssl=1\" decoding=\"async\" loading=\"lazy\" class=\"alignnone size-large wp-image-2004\" src=\"https:\/\/i0.wp.com\/alaincardenas.com\/blog\/wp-content\/uploads\/2018\/04\/variedades-p.-10-2.jpg?resize=584%2C826&#038;ssl=1\" alt=\"\" width=\"584\" height=\"826\" srcset=\"https:\/\/i0.wp.com\/alaincardenas.com\/blog\/wp-content\/uploads\/2018\/04\/variedades-p.-10-2.jpg?resize=724%2C1024&amp;ssl=1 724w, https:\/\/i0.wp.com\/alaincardenas.com\/blog\/wp-content\/uploads\/2018\/04\/variedades-p.-10-2.jpg?resize=212%2C300&amp;ssl=1 212w, https:\/\/i0.wp.com\/alaincardenas.com\/blog\/wp-content\/uploads\/2018\/04\/variedades-p.-10-2.jpg?resize=768%2C1086&amp;ssl=1 768w, https:\/\/i0.wp.com\/alaincardenas.com\/blog\/wp-content\/uploads\/2018\/04\/variedades-p.-10-2.jpg?w=1240&amp;ssl=1 1240w, https:\/\/i0.wp.com\/alaincardenas.com\/blog\/wp-content\/uploads\/2018\/04\/variedades-p.-10-2.jpg?w=1168&amp;ssl=1 1168w\" sizes=\"(max-width: 584px) 100vw, 584px\" data-recalc-dims=\"1\" \/><\/a> <a href=\"https:\/\/i0.wp.com\/alaincardenas.com\/blog\/wp-content\/uploads\/2018\/04\/variedades-p.-11-2.jpg?ssl=1\"><img data-attachment-id=\"2005\" data-permalink=\"https:\/\/alaincardenas.com\/blog\/juan-manuel-cardenas-castro-et-la-revue-variedades-1917-1920-4\/variedades-p-11-3\/\" data-orig-file=\"https:\/\/i0.wp.com\/alaincardenas.com\/blog\/wp-content\/uploads\/2018\/04\/variedades-p.-11-2.jpg?fit=1240%2C1753&amp;ssl=1\" data-orig-size=\"1240,1753\" data-comments-opened=\"0\" data-image-meta=\"{&quot;aperture&quot;:&quot;0&quot;,&quot;credit&quot;:&quot;&quot;,&quot;camera&quot;:&quot;&quot;,&quot;caption&quot;:&quot;&quot;,&quot;created_timestamp&quot;:&quot;0&quot;,&quot;copyright&quot;:&quot;&quot;,&quot;focal_length&quot;:&quot;0&quot;,&quot;iso&quot;:&quot;0&quot;,&quot;shutter_speed&quot;:&quot;0&quot;,&quot;title&quot;:&quot;&quot;,&quot;orientation&quot;:&quot;0&quot;}\" data-image-title=\"variedades p. 11\" data-image-description=\"\" data-image-caption=\"\" data-medium-file=\"https:\/\/i0.wp.com\/alaincardenas.com\/blog\/wp-content\/uploads\/2018\/04\/variedades-p.-11-2.jpg?fit=212%2C300&amp;ssl=1\" data-large-file=\"https:\/\/i0.wp.com\/alaincardenas.com\/blog\/wp-content\/uploads\/2018\/04\/variedades-p.-11-2.jpg?fit=584%2C826&amp;ssl=1\" decoding=\"async\" loading=\"lazy\" class=\"alignnone size-large wp-image-2005\" src=\"https:\/\/i0.wp.com\/alaincardenas.com\/blog\/wp-content\/uploads\/2018\/04\/variedades-p.-11-2.jpg?resize=584%2C826&#038;ssl=1\" alt=\"\" width=\"584\" height=\"826\" srcset=\"https:\/\/i0.wp.com\/alaincardenas.com\/blog\/wp-content\/uploads\/2018\/04\/variedades-p.-11-2.jpg?resize=724%2C1024&amp;ssl=1 724w, https:\/\/i0.wp.com\/alaincardenas.com\/blog\/wp-content\/uploads\/2018\/04\/variedades-p.-11-2.jpg?resize=212%2C300&amp;ssl=1 212w, https:\/\/i0.wp.com\/alaincardenas.com\/blog\/wp-content\/uploads\/2018\/04\/variedades-p.-11-2.jpg?resize=768%2C1086&amp;ssl=1 768w, https:\/\/i0.wp.com\/alaincardenas.com\/blog\/wp-content\/uploads\/2018\/04\/variedades-p.-11-2.jpg?w=1240&amp;ssl=1 1240w, https:\/\/i0.wp.com\/alaincardenas.com\/blog\/wp-content\/uploads\/2018\/04\/variedades-p.-11-2.jpg?w=1168&amp;ssl=1 1168w\" sizes=\"(max-width: 584px) 100vw, 584px\" data-recalc-dims=\"1\" \/><\/a> <a href=\"https:\/\/i0.wp.com\/alaincardenas.com\/blog\/wp-content\/uploads\/2018\/04\/variedades-p.-12-2.jpg?ssl=1\"><img data-attachment-id=\"2006\" data-permalink=\"https:\/\/alaincardenas.com\/blog\/juan-manuel-cardenas-castro-et-la-revue-variedades-1917-1920-4\/variedades-p-12-3\/\" data-orig-file=\"https:\/\/i0.wp.com\/alaincardenas.com\/blog\/wp-content\/uploads\/2018\/04\/variedades-p.-12-2.jpg?fit=1240%2C1753&amp;ssl=1\" data-orig-size=\"1240,1753\" data-comments-opened=\"0\" data-image-meta=\"{&quot;aperture&quot;:&quot;0&quot;,&quot;credit&quot;:&quot;&quot;,&quot;camera&quot;:&quot;&quot;,&quot;caption&quot;:&quot;&quot;,&quot;created_timestamp&quot;:&quot;0&quot;,&quot;copyright&quot;:&quot;&quot;,&quot;focal_length&quot;:&quot;0&quot;,&quot;iso&quot;:&quot;0&quot;,&quot;shutter_speed&quot;:&quot;0&quot;,&quot;title&quot;:&quot;&quot;,&quot;orientation&quot;:&quot;0&quot;}\" data-image-title=\"variedades p. 12\" data-image-description=\"\" data-image-caption=\"\" data-medium-file=\"https:\/\/i0.wp.com\/alaincardenas.com\/blog\/wp-content\/uploads\/2018\/04\/variedades-p.-12-2.jpg?fit=212%2C300&amp;ssl=1\" data-large-file=\"https:\/\/i0.wp.com\/alaincardenas.com\/blog\/wp-content\/uploads\/2018\/04\/variedades-p.-12-2.jpg?fit=584%2C826&amp;ssl=1\" decoding=\"async\" loading=\"lazy\" class=\"alignnone size-large wp-image-2006\" src=\"https:\/\/i0.wp.com\/alaincardenas.com\/blog\/wp-content\/uploads\/2018\/04\/variedades-p.-12-2.jpg?resize=584%2C826&#038;ssl=1\" alt=\"\" width=\"584\" height=\"826\" srcset=\"https:\/\/i0.wp.com\/alaincardenas.com\/blog\/wp-content\/uploads\/2018\/04\/variedades-p.-12-2.jpg?resize=724%2C1024&amp;ssl=1 724w, https:\/\/i0.wp.com\/alaincardenas.com\/blog\/wp-content\/uploads\/2018\/04\/variedades-p.-12-2.jpg?resize=212%2C300&amp;ssl=1 212w, https:\/\/i0.wp.com\/alaincardenas.com\/blog\/wp-content\/uploads\/2018\/04\/variedades-p.-12-2.jpg?resize=768%2C1086&amp;ssl=1 768w, https:\/\/i0.wp.com\/alaincardenas.com\/blog\/wp-content\/uploads\/2018\/04\/variedades-p.-12-2.jpg?w=1240&amp;ssl=1 1240w, https:\/\/i0.wp.com\/alaincardenas.com\/blog\/wp-content\/uploads\/2018\/04\/variedades-p.-12-2.jpg?w=1168&amp;ssl=1 1168w\" sizes=\"(max-width: 584px) 100vw, 584px\" data-recalc-dims=\"1\" \/><\/a> <a href=\"https:\/\/i0.wp.com\/alaincardenas.com\/blog\/wp-content\/uploads\/2018\/04\/variedades-p.-13-2.jpg?ssl=1\"><img data-attachment-id=\"2007\" data-permalink=\"https:\/\/alaincardenas.com\/blog\/juan-manuel-cardenas-castro-et-la-revue-variedades-1917-1920-4\/variedades-p-13-3\/\" data-orig-file=\"https:\/\/i0.wp.com\/alaincardenas.com\/blog\/wp-content\/uploads\/2018\/04\/variedades-p.-13-2.jpg?fit=1240%2C1753&amp;ssl=1\" data-orig-size=\"1240,1753\" data-comments-opened=\"0\" data-image-meta=\"{&quot;aperture&quot;:&quot;0&quot;,&quot;credit&quot;:&quot;&quot;,&quot;camera&quot;:&quot;&quot;,&quot;caption&quot;:&quot;&quot;,&quot;created_timestamp&quot;:&quot;0&quot;,&quot;copyright&quot;:&quot;&quot;,&quot;focal_length&quot;:&quot;0&quot;,&quot;iso&quot;:&quot;0&quot;,&quot;shutter_speed&quot;:&quot;0&quot;,&quot;title&quot;:&quot;&quot;,&quot;orientation&quot;:&quot;0&quot;}\" data-image-title=\"variedades p. 13\" data-image-description=\"\" data-image-caption=\"\" data-medium-file=\"https:\/\/i0.wp.com\/alaincardenas.com\/blog\/wp-content\/uploads\/2018\/04\/variedades-p.-13-2.jpg?fit=212%2C300&amp;ssl=1\" data-large-file=\"https:\/\/i0.wp.com\/alaincardenas.com\/blog\/wp-content\/uploads\/2018\/04\/variedades-p.-13-2.jpg?fit=584%2C826&amp;ssl=1\" decoding=\"async\" loading=\"lazy\" class=\"alignnone size-large wp-image-2007\" src=\"https:\/\/i0.wp.com\/alaincardenas.com\/blog\/wp-content\/uploads\/2018\/04\/variedades-p.-13-2.jpg?resize=584%2C826&#038;ssl=1\" alt=\"\" width=\"584\" height=\"826\" srcset=\"https:\/\/i0.wp.com\/alaincardenas.com\/blog\/wp-content\/uploads\/2018\/04\/variedades-p.-13-2.jpg?resize=724%2C1024&amp;ssl=1 724w, https:\/\/i0.wp.com\/alaincardenas.com\/blog\/wp-content\/uploads\/2018\/04\/variedades-p.-13-2.jpg?resize=212%2C300&amp;ssl=1 212w, https:\/\/i0.wp.com\/alaincardenas.com\/blog\/wp-content\/uploads\/2018\/04\/variedades-p.-13-2.jpg?resize=768%2C1086&amp;ssl=1 768w, https:\/\/i0.wp.com\/alaincardenas.com\/blog\/wp-content\/uploads\/2018\/04\/variedades-p.-13-2.jpg?w=1240&amp;ssl=1 1240w, https:\/\/i0.wp.com\/alaincardenas.com\/blog\/wp-content\/uploads\/2018\/04\/variedades-p.-13-2.jpg?w=1168&amp;ssl=1 1168w\" sizes=\"(max-width: 584px) 100vw, 584px\" data-recalc-dims=\"1\" \/><\/a> <a href=\"https:\/\/i0.wp.com\/alaincardenas.com\/blog\/wp-content\/uploads\/2018\/04\/variedades-p.-14-2.jpg?ssl=1\"><img data-attachment-id=\"2008\" data-permalink=\"https:\/\/alaincardenas.com\/blog\/juan-manuel-cardenas-castro-et-la-revue-variedades-1917-1920-4\/variedades-p-14-3\/\" data-orig-file=\"https:\/\/i0.wp.com\/alaincardenas.com\/blog\/wp-content\/uploads\/2018\/04\/variedades-p.-14-2.jpg?fit=1240%2C1753&amp;ssl=1\" data-orig-size=\"1240,1753\" data-comments-opened=\"0\" data-image-meta=\"{&quot;aperture&quot;:&quot;0&quot;,&quot;credit&quot;:&quot;&quot;,&quot;camera&quot;:&quot;&quot;,&quot;caption&quot;:&quot;&quot;,&quot;created_timestamp&quot;:&quot;0&quot;,&quot;copyright&quot;:&quot;&quot;,&quot;focal_length&quot;:&quot;0&quot;,&quot;iso&quot;:&quot;0&quot;,&quot;shutter_speed&quot;:&quot;0&quot;,&quot;title&quot;:&quot;&quot;,&quot;orientation&quot;:&quot;0&quot;}\" data-image-title=\"variedades p. 14\" data-image-description=\"\" data-image-caption=\"\" data-medium-file=\"https:\/\/i0.wp.com\/alaincardenas.com\/blog\/wp-content\/uploads\/2018\/04\/variedades-p.-14-2.jpg?fit=212%2C300&amp;ssl=1\" data-large-file=\"https:\/\/i0.wp.com\/alaincardenas.com\/blog\/wp-content\/uploads\/2018\/04\/variedades-p.-14-2.jpg?fit=584%2C826&amp;ssl=1\" decoding=\"async\" loading=\"lazy\" class=\"alignnone size-large wp-image-2008\" src=\"https:\/\/i0.wp.com\/alaincardenas.com\/blog\/wp-content\/uploads\/2018\/04\/variedades-p.-14-2.jpg?resize=584%2C826&#038;ssl=1\" alt=\"\" width=\"584\" height=\"826\" srcset=\"https:\/\/i0.wp.com\/alaincardenas.com\/blog\/wp-content\/uploads\/2018\/04\/variedades-p.-14-2.jpg?resize=724%2C1024&amp;ssl=1 724w, https:\/\/i0.wp.com\/alaincardenas.com\/blog\/wp-content\/uploads\/2018\/04\/variedades-p.-14-2.jpg?resize=212%2C300&amp;ssl=1 212w, https:\/\/i0.wp.com\/alaincardenas.com\/blog\/wp-content\/uploads\/2018\/04\/variedades-p.-14-2.jpg?resize=768%2C1086&amp;ssl=1 768w, https:\/\/i0.wp.com\/alaincardenas.com\/blog\/wp-content\/uploads\/2018\/04\/variedades-p.-14-2.jpg?w=1240&amp;ssl=1 1240w, https:\/\/i0.wp.com\/alaincardenas.com\/blog\/wp-content\/uploads\/2018\/04\/variedades-p.-14-2.jpg?w=1168&amp;ssl=1 1168w\" sizes=\"(max-width: 584px) 100vw, 584px\" data-recalc-dims=\"1\" \/><\/a> <a href=\"https:\/\/i0.wp.com\/alaincardenas.com\/blog\/wp-content\/uploads\/2018\/04\/variedades-p.-15-2.jpg?ssl=1\"><img data-attachment-id=\"2009\" data-permalink=\"https:\/\/alaincardenas.com\/blog\/juan-manuel-cardenas-castro-et-la-revue-variedades-1917-1920-4\/variedades-p-15-3\/\" data-orig-file=\"https:\/\/i0.wp.com\/alaincardenas.com\/blog\/wp-content\/uploads\/2018\/04\/variedades-p.-15-2.jpg?fit=1240%2C1753&amp;ssl=1\" data-orig-size=\"1240,1753\" data-comments-opened=\"0\" data-image-meta=\"{&quot;aperture&quot;:&quot;0&quot;,&quot;credit&quot;:&quot;&quot;,&quot;camera&quot;:&quot;&quot;,&quot;caption&quot;:&quot;&quot;,&quot;created_timestamp&quot;:&quot;0&quot;,&quot;copyright&quot;:&quot;&quot;,&quot;focal_length&quot;:&quot;0&quot;,&quot;iso&quot;:&quot;0&quot;,&quot;shutter_speed&quot;:&quot;0&quot;,&quot;title&quot;:&quot;&quot;,&quot;orientation&quot;:&quot;0&quot;}\" data-image-title=\"variedades p. 15\" data-image-description=\"\" data-image-caption=\"\" data-medium-file=\"https:\/\/i0.wp.com\/alaincardenas.com\/blog\/wp-content\/uploads\/2018\/04\/variedades-p.-15-2.jpg?fit=212%2C300&amp;ssl=1\" data-large-file=\"https:\/\/i0.wp.com\/alaincardenas.com\/blog\/wp-content\/uploads\/2018\/04\/variedades-p.-15-2.jpg?fit=584%2C826&amp;ssl=1\" decoding=\"async\" loading=\"lazy\" class=\"alignnone size-large wp-image-2009\" src=\"https:\/\/i0.wp.com\/alaincardenas.com\/blog\/wp-content\/uploads\/2018\/04\/variedades-p.-15-2.jpg?resize=584%2C826&#038;ssl=1\" alt=\"\" width=\"584\" height=\"826\" srcset=\"https:\/\/i0.wp.com\/alaincardenas.com\/blog\/wp-content\/uploads\/2018\/04\/variedades-p.-15-2.jpg?resize=724%2C1024&amp;ssl=1 724w, https:\/\/i0.wp.com\/alaincardenas.com\/blog\/wp-content\/uploads\/2018\/04\/variedades-p.-15-2.jpg?resize=212%2C300&amp;ssl=1 212w, https:\/\/i0.wp.com\/alaincardenas.com\/blog\/wp-content\/uploads\/2018\/04\/variedades-p.-15-2.jpg?resize=768%2C1086&amp;ssl=1 768w, https:\/\/i0.wp.com\/alaincardenas.com\/blog\/wp-content\/uploads\/2018\/04\/variedades-p.-15-2.jpg?w=1240&amp;ssl=1 1240w, https:\/\/i0.wp.com\/alaincardenas.com\/blog\/wp-content\/uploads\/2018\/04\/variedades-p.-15-2.jpg?w=1168&amp;ssl=1 1168w\" sizes=\"(max-width: 584px) 100vw, 584px\" data-recalc-dims=\"1\" \/><\/a><\/p>\n<p><strong>Agradesimientos<\/strong><\/p>\n<p>A las Se\u00f1oras:\u00a0Genara Benavente Guti\u00e9rrez, Meliza Aroni Cardenas, Maria Elena Ramos Cardenas, Luiza Cardenas de Ochoa, Maria Cardenas-B\u00e4nninger, Angela Yannis Castro, Mar\u00eda Antonieta Castro Guti\u00e9rrez, Mar\u00eda del Carmen Castro Guti\u00e9rrez, Teshy Castro Guti\u00e9rrez, Margot Delgado de la Flor Castro, Lizet Diaz Machuca, Carmen Luz Diaz Vera, T\u00e9r\u00e9sa de Jesus Diaz Vera, Margot Guti\u00e9rrez de Castro, Sharon Lerner, Maria Paola Matos Angulo, Gioconda Mercado Guerra, Anita Moreau, C\u00e9cilia Pardo.<\/p>\n<p>Se\u00f1ores:\u00a0Carlos Hugo Aguilar Carrasco, Wilfredo Ccala Bustamente, Alvaro Castro Guti\u00e9rrez, Willi C\u00e1rdenas Linares, Jorge Luis Chirinos Vasquez, Pablo Cruz, Julio Duran, Carlos Fuentes Guill\u00e9n, Edwin Victor Huamani Fern\u00e1ndez, Ricardo Kusunoki, Enrique Le\u00f3n Maristany, Jorge Molina, Guido Ochoa Alvarez, Jes\u00fas Varillas, Illich Venero Aucca,\u00a0Wellington Villavicencia Zans.<\/p>\n","protected":false},"excerpt":{"rendered":"<p>par Alain Cardenas-Castro Au cours d\u2019une mission d\u2019\u00e9tude effectu\u00e9e au P\u00e9rou en mars 2018 j\u2019ai pu, d\u2019une part, tenter de d\u00e9terminer pr\u00e9cis\u00e9ment la date de naissance de Juan manuel Cardenas-Castro mais sans localiser la maison familiale des C\u00e1rdenas \u00e0 Urubamba. &hellip; <a href=\"https:\/\/alaincardenas.com\/blog\/juan-manuel-cardenas-castro-et-la-revue-variedades-1917-1920-4\/\">Continuer la lecture <span class=\"meta-nav\">&rarr;<\/span><\/a><\/p>\n","protected":false},"author":1,"featured_media":0,"comment_status":"closed","ping_status":"closed","sticky":false,"template":"","format":"standard","meta":{"sfsi_plus_gutenberg_text_before_share":"","sfsi_plus_gutenberg_show_text_before_share":"","sfsi_plus_gutenberg_icon_type":"","sfsi_plus_gutenberg_icon_alignemt":"","sfsi_plus_gutenburg_max_per_row":"","jetpack_post_was_ever_published":false,"_jetpack_newsletter_access":"","_jetpack_newsletter_tier_id":0,"jetpack_publicize_message":"","jetpack_is_tweetstorm":false,"jetpack_publicize_feature_enabled":true,"jetpack_social_post_already_shared":true,"jetpack_social_options":{"image_generator_settings":{"template":"highway","enabled":false}}},"categories":[43,42,1,22],"tags":[9,35],"jetpack_publicize_connections":[],"jetpack_featured_media_url":"","jetpack_sharing_enabled":true,"jetpack_shortlink":"https:\/\/wp.me\/p8Mijt-r5","jetpack_likes_enabled":true,"jetpack-related-posts":[{"id":3979,"url":"https:\/\/alaincardenas.com\/blog\/juan-manuel-cardenas-castro\/","url_meta":{"origin":1679,"position":0},"title":"Juan Manuel C\u00e1rdenas Castro, peintre indig\u00e9niste","author":"admin","date":"2019-09-19","format":false,"excerpt":"Museo Hist\u00f3rico r\u00e9gional - Casa del Inka Garcilaso de la Vega, Cusco, P\u00e9rou, exposition d'\u0153uvres in\u00e9dites, du 1er au 15 octobre 2019. Annonce d'exposition De temps \u00e0 autre il est opportun de devancer un \u00e9v\u00e9nement. Nous entendons par l\u00e0 d'annoncer ce qui va advenir : nous avons souhait\u00e9 faire part\u2026","rel":"","context":"Dans &quot;Am\u00e9rique latine&quot;","block_context":{"text":"Am\u00e9rique latine","link":"https:\/\/alaincardenas.com\/blog\/category\/amerique-latine\/"},"img":{"alt_text":"","src":"https:\/\/i0.wp.com\/alaincardenas.com\/blog\/wp-content\/uploads\/2019\/08\/4-BD.jpg?resize=350%2C200&ssl=1","width":350,"height":200,"srcset":"https:\/\/i0.wp.com\/alaincardenas.com\/blog\/wp-content\/uploads\/2019\/08\/4-BD.jpg?resize=350%2C200&ssl=1 1x, https:\/\/i0.wp.com\/alaincardenas.com\/blog\/wp-content\/uploads\/2019\/08\/4-BD.jpg?resize=525%2C300&ssl=1 1.5x, https:\/\/i0.wp.com\/alaincardenas.com\/blog\/wp-content\/uploads\/2019\/08\/4-BD.jpg?resize=700%2C400&ssl=1 2x, https:\/\/i0.wp.com\/alaincardenas.com\/blog\/wp-content\/uploads\/2019\/08\/4-BD.jpg?resize=1050%2C600&ssl=1 3x"},"classes":[]},{"id":2795,"url":"https:\/\/alaincardenas.com\/blog\/de-la-suite-dune-mission-de-recherche-au-perou-autour-de-loeuvre-de-juan-manuel-cardenas-castro-6\/","url_meta":{"origin":1679,"position":1},"title":"De la suite d\u2019une mission de recherche au P\u00e9rou autour de l\u2019\u0153uvre de Juan Manuel Cardenas-Castro (6)","author":"admin","date":"2018-11-30","format":false,"excerpt":"par Alain Cardenas-Castro Une des rares repr\u00e9sentations photographiques de Juan Manuel Cardenas-Castro parue dans le n\u00b0 436 de la revue p\u00e9ruvienne Variedades, le 8 juillet 1916. Afin de poursuivre le travail de recherche sur Juan Manuel Cardenas-Castro, lors de mon dernier voyage au P\u00e9rou en mars dernier[1], je me suis\u2026","rel":"","context":"Dans &quot;Am\u00e9rique latine&quot;","block_context":{"text":"Am\u00e9rique latine","link":"https:\/\/alaincardenas.com\/blog\/category\/amerique-latine\/"},"img":{"alt_text":"","src":"https:\/\/i0.wp.com\/alaincardenas.com\/blog\/wp-content\/uploads\/2018\/11\/DSC_1421.jpg?resize=350%2C200","width":350,"height":200},"classes":[]},{"id":3948,"url":"https:\/\/alaincardenas.com\/blog\/a-propos-dune-photographie-de-max-t-vargas-et-dune-chronique-de-manuel-beltroy-recherches-croisees-pour-preciser-lage-de-juan-manuel-cardenas-castro-8\/","url_meta":{"origin":1679,"position":2},"title":"A propos d\u2019une photographie de Max T. Vargas et d\u2019une chronique de Manuel Beltroy\u00a0: recherches crois\u00e9es pour pr\u00e9ciser l\u2019\u00e2ge de Juan Manuel Cardenas-Castro (8)","author":"admin","date":"2019-08-25","format":false,"excerpt":"par Alain Cardenas-Castro Afin de lever l\u2019ambigu\u00eft\u00e9 quant \u00e0 la date de naissance de Juan Manuel Cardenas-Castro pour laquelle il y a un doute concernant l\u2018ann\u00e9e[1], j\u2019ai entrepris d\u2019analyser en d\u00e9tail la photographie la plus ancienne connue \u00e0 ce jour dans le corpus des documents iconographiques de la famille C\u00e1rdenas\u2026","rel":"","context":"Dans &quot;Am\u00e9rique latine&quot;","block_context":{"text":"Am\u00e9rique latine","link":"https:\/\/alaincardenas.com\/blog\/category\/amerique-latine\/"},"img":{"alt_text":"","src":"https:\/\/i0.wp.com\/alaincardenas.com\/blog\/wp-content\/uploads\/2019\/08\/manuel-Cardenas.jpg?resize=350%2C200","width":350,"height":200},"classes":[]},{"id":2619,"url":"https:\/\/alaincardenas.com\/blog\/de-la-diffusion-des-connaissances-sur-la-mise-en-place-dun-projet-bilateral-france-perou-relatif-aux-oeuvres-de-juan-manuel-cardenas-castro-5\/","url_meta":{"origin":1679,"position":3},"title":"De la diffusion des connaissances\u00a0: sur la mise en place d\u2019un projet bilat\u00e9ral France P\u00e9rou relatif aux \u0153uvres de Juan Manuel Cardenas-Castro (5)","author":"admin","date":"2018-10-22","format":false,"excerpt":"par Alain Cardenas-Castro R\u00e9cemment, au fil de mes investigations dans l\u2019important corpus documentaire relatif au peintre et mus\u00e9ographe Juan Manuel Cardenas-Castro, j\u2019ai pu rep\u00e9rer un exemple exceptionnel parmi les \u00e9l\u00e9ments de cet ensemble d\u2019\u0153uvres peintes ou dessin\u00e9es, conserv\u00e9es dans des collections priv\u00e9es en Europe et au P\u00e9rou. Il s\u2019agit d\u2019une\u2026","rel":"","context":"Dans &quot;Am\u00e9rique latine&quot;","block_context":{"text":"Am\u00e9rique latine","link":"https:\/\/alaincardenas.com\/blog\/category\/amerique-latine\/"},"img":{"alt_text":"","src":"https:\/\/i0.wp.com\/alaincardenas.com\/blog\/wp-content\/uploads\/2018\/10\/annexe-icono-JMCC-maquette-francais-791x1024.jpg?resize=350%2C200&ssl=1","width":350,"height":200,"srcset":"https:\/\/i0.wp.com\/alaincardenas.com\/blog\/wp-content\/uploads\/2018\/10\/annexe-icono-JMCC-maquette-francais-791x1024.jpg?resize=350%2C200&ssl=1 1x, https:\/\/i0.wp.com\/alaincardenas.com\/blog\/wp-content\/uploads\/2018\/10\/annexe-icono-JMCC-maquette-francais-791x1024.jpg?resize=525%2C300&ssl=1 1.5x"},"classes":[]},{"id":4783,"url":"https:\/\/alaincardenas.com\/blog\/a-propos-de-quatre-dessins-inedits-juan-manuel-cardenas-castro-illustrateur-10\/","url_meta":{"origin":1679,"position":4},"title":"\u00c0 propos de quatre dessins in\u00e9dits\u00a0: Juan Manuel Cardenas-Castro, illustrateur (10)","author":"admin","date":"2020-03-07","format":false,"excerpt":"par Alain Cardenas-Castro En parall\u00e8le \u00e0 l\u2019\u00e9tablissement d\u2019un catalogue raisonn\u00e9 qui approchera si possible de l\u2019exhaustivit\u00e9, je pr\u00e9sente ci-apr\u00e8s le r\u00e9sultat de recherches relatives \u00e0 diff\u00e9rents dessins, des pi\u00e8ces mineures, ex\u00e9cut\u00e9es par Juan Manuel Cardenas-Castro durant la fin des ann\u00e9es 1960. Cet aspect de l\u2019\u0153uvre de Juan Manuel Cardenas-Castro n\u00e9cessite\u2026","rel":"","context":"Dans &quot;Am\u00e9rique latine&quot;","block_context":{"text":"Am\u00e9rique latine","link":"https:\/\/alaincardenas.com\/blog\/category\/amerique-latine\/"},"img":{"alt_text":"","src":"https:\/\/i0.wp.com\/alaincardenas.com\/blog\/wp-content\/uploads\/2020\/03\/DOC301219-h.jpg?resize=350%2C200","width":350,"height":200},"classes":[]},{"id":4179,"url":"https:\/\/alaincardenas.com\/blog\/juan-manuel-cardenas-castro-exposition-monographique-au-museo-historico-regional-casa-del-inka-garcilaso-de-la-vega-cusco-perou-9\/","url_meta":{"origin":1679,"position":5},"title":"JUAN MANUEL C\u00c1RDENAS CASTRO. Exposition monographique au Museo Hist\u00f3rico regional \u2013 Casa del Inka Garcilaso de la Vega, Cusco, P\u00e9rou (9)","author":"admin","date":"2019-11-02","format":false,"excerpt":"Cette livraison constitue le neuvi\u00e8me article relatif \u00e0 l\u2019\u0153uvre de Juan Manuel Cardenas-Castro. Je rappelle que les pr\u00e9c\u00e9dents contenus sont consultables sur le blog. par Alain Cardenas-Castro Ma derni\u00e8re mission au P\u00e9rou s\u2019est d\u00e9roul\u00e9e du 25 septembre au 18 octobre 2019. Elle a eu pour objectif de suivre et coordonner\u2026","rel":"","context":"Dans &quot;Am\u00e9rique latine&quot;","block_context":{"text":"Am\u00e9rique latine","link":"https:\/\/alaincardenas.com\/blog\/category\/amerique-latine\/"},"img":{"alt_text":"","src":"https:\/\/i0.wp.com\/alaincardenas.com\/blog\/wp-content\/uploads\/2019\/11\/DSC_4021.jpg?resize=350%2C200&ssl=1","width":350,"height":200,"srcset":"https:\/\/i0.wp.com\/alaincardenas.com\/blog\/wp-content\/uploads\/2019\/11\/DSC_4021.jpg?resize=350%2C200&ssl=1 1x, https:\/\/i0.wp.com\/alaincardenas.com\/blog\/wp-content\/uploads\/2019\/11\/DSC_4021.jpg?resize=525%2C300&ssl=1 1.5x"},"classes":[]}],"_links":{"self":[{"href":"https:\/\/alaincardenas.com\/blog\/wp-json\/wp\/v2\/posts\/1679"}],"collection":[{"href":"https:\/\/alaincardenas.com\/blog\/wp-json\/wp\/v2\/posts"}],"about":[{"href":"https:\/\/alaincardenas.com\/blog\/wp-json\/wp\/v2\/types\/post"}],"author":[{"embeddable":true,"href":"https:\/\/alaincardenas.com\/blog\/wp-json\/wp\/v2\/users\/1"}],"replies":[{"embeddable":true,"href":"https:\/\/alaincardenas.com\/blog\/wp-json\/wp\/v2\/comments?post=1679"}],"version-history":[{"count":52,"href":"https:\/\/alaincardenas.com\/blog\/wp-json\/wp\/v2\/posts\/1679\/revisions"}],"predecessor-version":[{"id":4661,"href":"https:\/\/alaincardenas.com\/blog\/wp-json\/wp\/v2\/posts\/1679\/revisions\/4661"}],"wp:attachment":[{"href":"https:\/\/alaincardenas.com\/blog\/wp-json\/wp\/v2\/media?parent=1679"}],"wp:term":[{"taxonomy":"category","embeddable":true,"href":"https:\/\/alaincardenas.com\/blog\/wp-json\/wp\/v2\/categories?post=1679"},{"taxonomy":"post_tag","embeddable":true,"href":"https:\/\/alaincardenas.com\/blog\/wp-json\/wp\/v2\/tags?post=1679"}],"curies":[{"name":"wp","href":"https:\/\/api.w.org\/{rel}","templated":true}]}}